	{"id":55733,"date":"2016-02-18T10:50:09","date_gmt":"2016-02-18T09:50:09","guid":{"rendered":"http:\/\/pre.italcamara-es.com\/senza-categoria\/bando-2016-del-programma-di-investimento-di-imprese-straniere-in-attivita-rs\/"},"modified":"2016-02-18T10:50:09","modified_gmt":"2016-02-18T09:50:09","slug":"bando-2016-del-programma-di-investimento-di-imprese-straniere-in-attivita-rs","status":"publish","type":"post","link":"https:\/\/italcamara-es.com\/it\/notizie\/bando-2016-del-programma-di-investimento-di-imprese-straniere-in-attivita-rs\/","title":{"rendered":"Bando 2016 del \u201cProgramma di investimento di imprese straniere in attivit\u00e0 R+S\u201d"},"content":{"rendered":"<p style=\"text-align: justify;\"><em>ICEX e Invest in Spain promuovono questa linea di aiuti cofinanziata dal Programma Operativo Europeo per la Crescita Intelligente<\/em><\/p>\n<p style=\"text-align: justify;\">\n<p style=\"text-align: justify;\">Lo scorso 12 febbraio \u00e8 stato pubblicato nel BOE (<em>Bolet\u00edn Oficial del Estado<\/em>) il bando 2016 del \u201cProgramma di investimenti di imprese straniere in attivit\u00e1 R+S\u201d dotata di 2 milioni di euro e di cui il termine di partecipazione \u00e8 stato fissato per il prossimo 12 aprile. Questa linea di finanziamenti sar\u00e0 confinanziata dal Programma Operativo Europeo per la Crescita Intelligente fino all\u2019anno 2020.<\/p>\n<p style=\"text-align: justify;\">\n<p style=\"text-align: justify;\">L\u2019obiettivo di questi contributi \u00e8 quello di favorire lo sviluppo di nuove attivit\u00e1 di R+S da parte di imprese a capitale straniero che si trovino gi\u00e1 in Spagna o che comunque prevedano di installarsi nel paese iberico. Con questi contributi si promuover\u00e1 l\u2019attrazione di progetti \u201cgreenfield\u201d di elevato contenuto teconologico, oltre al consolidamento dei centri di eccellenza di grandi imprese straniere gi\u00e1 presenti in Spagna.<\/p>\n<p style=\"text-align: justify;\">\n<p style=\"text-align: justify;\">Come gi\u00e1 stabilito negli anni passati, le principali caratteristiche del programma sono:<\/p>\n<p style=\"text-align: justify;\">\n<ul style=\"text-align: justify;\">\n<li><em>Cosa offre?<\/em>: Contributi a fondo perso.<\/li>\n<li><em>Per cosa?<\/em>: Nuovi progetti I+D.<\/li>\n<li><em>Quanto?<\/em>: Contributi per un massimo di 200.000\u20ac a impresa (Normativa \u201cde Minimis\u201d) in cui la somma dei contributi rappresenta una % degli investimenti totali.<\/li>\n<li><em>Per chi?<\/em> Imprese di capitale straniero, siano esse gi\u00e0 stabilite in Spagna oppure \u201cgreenfield\u201d che prevedono di stabilirsi nel paese.<\/li>\n<li><em>Come?:\u00a0<\/em>In base ad un bando di gara nel quale le richieste si valutano secondo dei criteri di valutazione sanciti nella Convocatoria.<\/li>\n<li><em>Dove?:<\/em> Essendo cofinanziati da fondi FEDER, i progetti devono essere eseguiti in Extremadura, Andalusia, Castilla la Mancha, Isole Canarie, Murcia, Galicia o Comunit\u00e1 Valenciana.<\/li>\n<li><em>Quando?:<\/em> Il termine ultimo per la presentazione della domanda di partecipazione \u00e8 stato fissato al 12 aprile e gli investimenti si potranno realizzarsi entro il 31 dicembre 2016.<\/li>\n<\/ul>\n<p style=\"text-align: justify;\">\n<p style=\"text-align: justify;\">Per maggiori informazioni si rimanda alle pagine dedicate all\u2019nterno dei portali dell\u2019\u201cICEX\u201d e \u201cInvest in Spain\u201d:<\/p>\n<ul style=\"text-align: justify;\">\n<li>Spagnolo: <span style=\"color: #333333;\"><strong><span style=\"text-decoration: underline;\"><a href=\"http:\/\/www.investinspain.org\/invest\/es\/canal-de-informacion\/servicios-de-acceso-a-informacion\/fondos-feder-para-i-d\/convocatorias\/LIC2016612731.html?orderBy=xfwm_cnt_Fecha3&amp;orderType=desc\" target=\"_blank\" rel=\"noopener\"><span style=\"color: #333399;\">Convocatoria 2016<\/span><\/a><\/span><\/strong><\/span><\/li>\n<li>Inglese: <strong><span style=\"text-decoration: underline;\"><a href=\"http:\/\/www.investinspain.org\/invest\/en\/resources\/information-services\/erdf-funds-for-r-d\/calls-for-proposal\/LIC2016612737.html?orderBy=xfwm_cnt_Fecha3&amp;orderType=desc\" target=\"_blank\" rel=\"noopener\"><span style=\"color: #333399;\">Call 2016<\/span><\/a><\/span><\/strong><\/li>\n<\/ul>\n<p style=\"text-align: justify;\">\n","protected":false},"excerpt":{"rendered":"<p>ICEX e Invest in Spain promuovono questa linea di aiuti cofinanziata dal Programma Operativo Europeo per la Crescita Intelligente Lo scorso 12 febbraio \u00e8 stato pubblicato nel BOE (Bolet\u00edn Oficial del Estado) il bando 2016 del \u201cProgramma di investimenti di imprese straniere in attivit\u00e1 R+S\u201d dotata di 2 milioni di euro e di cui il [&hellip;]<\/p>\n","protected":false},"author":1,"featured_media":55308,"comment_status":"open","ping_status":"open","sticky":false,"template":"","format":"standard","meta":{"inline_featured_image":false,"ocean_post_layout":"","ocean_both_sidebars_style":"","ocean_both_sidebars_content_width":0,"ocean_both_sidebars_sidebars_width":0,"ocean_sidebar":"","ocean_second_sidebar":"","ocean_disable_margins":"enable","ocean_add_body_class":"","ocean_shortcode_before_top_bar":"","ocean_shortcode_after_top_bar":"","ocean_shortcode_before_header":"","ocean_shortcode_after_header":"","ocean_has_shortcode":"","ocean_shortcode_after_title":"","ocean_shortcode_before_footer_widgets":"","ocean_shortcode_after_footer_widgets":"","ocean_shortcode_before_footer_bottom":"","ocean_shortcode_after_footer_bottom":"","ocean_display_top_bar":"default","ocean_display_header":"default","ocean_header_style":"","ocean_center_header_left_menu":"","ocean_custom_header_template":"","ocean_custom_logo":0,"ocean_custom_retina_logo":0,"ocean_custom_logo_max_width":0,"ocean_custom_logo_tablet_max_width":0,"ocean_custom_logo_mobile_max_width":0,"ocean_custom_logo_max_height":0,"ocean_custom_logo_tablet_max_height":0,"ocean_custom_logo_mobile_max_height":0,"ocean_header_custom_menu":"","ocean_menu_typo_font_family":"","ocean_menu_typo_font_subset":"","ocean_menu_typo_font_size":0,"ocean_menu_typo_font_size_tablet":0,"ocean_menu_typo_font_size_mobile":0,"ocean_menu_typo_font_size_unit":"px","ocean_menu_typo_font_weight":"","ocean_menu_typo_font_weight_tablet":"","ocean_menu_typo_font_weight_mobile":"","ocean_menu_typo_transform":"","ocean_menu_typo_transform_tablet":"","ocean_menu_typo_transform_mobile":"","ocean_menu_typo_line_height":0,"ocean_menu_typo_line_height_tablet":0,"ocean_menu_typo_line_height_mobile":0,"ocean_menu_typo_line_height_unit":"","ocean_menu_typo_spacing":0,"ocean_menu_typo_spacing_tablet":0,"ocean_menu_typo_spacing_mobile":0,"ocean_menu_typo_spacing_unit":"","ocean_menu_link_color":"","ocean_menu_link_color_hover":"","ocean_menu_link_color_active":"","ocean_menu_link_background":"","ocean_menu_link_hover_background":"","ocean_menu_link_active_background":"","ocean_menu_social_links_bg":"","ocean_menu_social_hover_links_bg":"","ocean_menu_social_links_color":"","ocean_menu_social_hover_links_color":"","ocean_disable_title":"default","ocean_disable_heading":"default","ocean_post_title":"","ocean_post_subheading":"","ocean_post_title_style":"","ocean_post_title_background_color":"","ocean_post_title_background":0,"ocean_post_title_bg_image_position":"","ocean_post_title_bg_image_attachment":"","ocean_post_title_bg_image_repeat":"","ocean_post_title_bg_image_size":"","ocean_post_title_height":0,"ocean_post_title_bg_overlay":0.5,"ocean_post_title_bg_overlay_color":"","ocean_disable_breadcrumbs":"default","ocean_breadcrumbs_color":"","ocean_breadcrumbs_separator_color":"","ocean_breadcrumbs_links_color":"","ocean_breadcrumbs_links_hover_color":"","ocean_display_footer_widgets":"default","ocean_display_footer_bottom":"default","ocean_custom_footer_template":"","ocean_post_oembed":"","ocean_post_self_hosted_media":"","ocean_post_video_embed":"","ocean_link_format":"","ocean_link_format_target":"self","ocean_quote_format":"","ocean_quote_format_link":"post","ocean_gallery_link_images":"on","ocean_gallery_id":[],"footnotes":""},"categories":[133],"tags":[141],"class_list":["post-55733","post","type-post","status-publish","format-standard","has-post-thumbnail","hentry","category-notizie","tag-opportunita","entry","has-media"],"yoast_head":"<!-- This site is optimized with the Yoast SEO plugin v27.5 - https:\/\/yoast.com\/product\/yoast-seo-wordpress\/ -->\n<title>Bando 2016 del \u201cProgramma di investimento di imprese straniere in attivit\u00e0 R+S\u201d - Italcamara<\/title>\n<meta name=\"robots\" content=\"index, follow, max-snippet:-1, max-image-preview:large, max-video-preview:-1\" \/>\n<link rel=\"canonical\" href=\"https:\/\/italcamara-es.com\/it\/notizie\/bando-2016-del-programma-di-investimento-di-imprese-straniere-in-attivita-rs\/\" \/>\n<meta property=\"og:locale\" content=\"it_IT\" \/>\n<meta property=\"og:type\" content=\"article\" \/>\n<meta property=\"og:title\" content=\"Bando 2016 del \u201cProgramma di investimento di imprese straniere in attivit\u00e0 R+S\u201d - Italcamara\" \/>\n<meta property=\"og:description\" content=\"ICEX e Invest in Spain promuovono questa linea di aiuti cofinanziata dal Programma Operativo Europeo per la Crescita Intelligente Lo scorso 12 febbraio \u00e8 stato pubblicato nel BOE (Bolet\u00edn Oficial del Estado) il bando 2016 del \u201cProgramma di investimenti di imprese straniere in attivit\u00e1 R+S\u201d dotata di 2 milioni di euro e di cui il [&hellip;]\" \/>\n<meta property=\"og:url\" content=\"https:\/\/italcamara-es.com\/it\/notizie\/bando-2016-del-programma-di-investimento-di-imprese-straniere-in-attivita-rs\/\" \/>\n<meta property=\"og:site_name\" content=\"Italcamara\" \/>\n<meta property=\"article:published_time\" content=\"2016-02-18T09:50:09+00:00\" \/>\n<meta property=\"og:image\" content=\"https:\/\/italcamara-es.com\/wp-content\/uploads\/2025\/03\/ricerca_e_sviluppo2501.jpg\" \/>\n\t<meta property=\"og:image:width\" content=\"250\" \/>\n\t<meta property=\"og:image:height\" content=\"150\" \/>\n\t<meta property=\"og:image:type\" content=\"image\/jpeg\" \/>\n<meta name=\"author\" content=\"administrador\" \/>\n<meta name=\"twitter:card\" content=\"summary_large_image\" \/>\n<meta name=\"twitter:label1\" content=\"Scritto da\" \/>\n\t<meta name=\"twitter:data1\" content=\"administrador\" \/>\n\t<meta name=\"twitter:label2\" content=\"Tempo di lettura stimato\" \/>\n\t<meta name=\"twitter:data2\" content=\"2 minuti\" \/>\n<script type=\"application\/ld+json\" class=\"yoast-schema-graph\">{\"@context\":\"https:\\\/\\\/schema.org\",\"@graph\":[{\"@type\":\"Article\",\"@id\":\"https:\\\/\\\/italcamara-es.com\\\/it\\\/notizie\\\/bando-2016-del-programma-di-investimento-di-imprese-straniere-in-attivita-rs\\\/#article\",\"isPartOf\":{\"@id\":\"https:\\\/\\\/italcamara-es.com\\\/it\\\/notizie\\\/bando-2016-del-programma-di-investimento-di-imprese-straniere-in-attivita-rs\\\/\"},\"author\":{\"name\":\"administrador\",\"@id\":\"https:\\\/\\\/italcamara-es.com\\\/#\\\/schema\\\/person\\\/bb3c56263e405bbd9a15171dcfee93bb\"},\"headline\":\"Bando 2016 del \u201cProgramma di investimento di imprese straniere in attivit\u00e0 R+S\u201d\",\"datePublished\":\"2016-02-18T09:50:09+00:00\",\"mainEntityOfPage\":{\"@id\":\"https:\\\/\\\/italcamara-es.com\\\/it\\\/notizie\\\/bando-2016-del-programma-di-investimento-di-imprese-straniere-in-attivita-rs\\\/\"},\"wordCount\":316,\"commentCount\":0,\"image\":{\"@id\":\"https:\\\/\\\/italcamara-es.com\\\/it\\\/notizie\\\/bando-2016-del-programma-di-investimento-di-imprese-straniere-in-attivita-rs\\\/#primaryimage\"},\"thumbnailUrl\":\"https:\\\/\\\/italcamara-es.com\\\/wp-content\\\/uploads\\\/2025\\\/03\\\/ricerca_e_sviluppo2501.jpg\",\"keywords\":[\"Opportunit\u00e0\"],\"articleSection\":[\"Notizie\"],\"inLanguage\":\"it-IT\",\"potentialAction\":[{\"@type\":\"CommentAction\",\"name\":\"Comment\",\"target\":[\"https:\\\/\\\/italcamara-es.com\\\/it\\\/notizie\\\/bando-2016-del-programma-di-investimento-di-imprese-straniere-in-attivita-rs\\\/#respond\"]}]},{\"@type\":\"WebPage\",\"@id\":\"https:\\\/\\\/italcamara-es.com\\\/it\\\/notizie\\\/bando-2016-del-programma-di-investimento-di-imprese-straniere-in-attivita-rs\\\/\",\"url\":\"https:\\\/\\\/italcamara-es.com\\\/it\\\/notizie\\\/bando-2016-del-programma-di-investimento-di-imprese-straniere-in-attivita-rs\\\/\",\"name\":\"Bando 2016 del \u201cProgramma di investimento di imprese straniere in attivit\u00e0 R+S\u201d - Italcamara\",\"isPartOf\":{\"@id\":\"https:\\\/\\\/italcamara-es.com\\\/#website\"},\"primaryImageOfPage\":{\"@id\":\"https:\\\/\\\/italcamara-es.com\\\/it\\\/notizie\\\/bando-2016-del-programma-di-investimento-di-imprese-straniere-in-attivita-rs\\\/#primaryimage\"},\"image\":{\"@id\":\"https:\\\/\\\/italcamara-es.com\\\/it\\\/notizie\\\/bando-2016-del-programma-di-investimento-di-imprese-straniere-in-attivita-rs\\\/#primaryimage\"},\"thumbnailUrl\":\"https:\\\/\\\/italcamara-es.com\\\/wp-content\\\/uploads\\\/2025\\\/03\\\/ricerca_e_sviluppo2501.jpg\",\"datePublished\":\"2016-02-18T09:50:09+00:00\",\"author\":{\"@id\":\"https:\\\/\\\/italcamara-es.com\\\/#\\\/schema\\\/person\\\/bb3c56263e405bbd9a15171dcfee93bb\"},\"breadcrumb\":{\"@id\":\"https:\\\/\\\/italcamara-es.com\\\/it\\\/notizie\\\/bando-2016-del-programma-di-investimento-di-imprese-straniere-in-attivita-rs\\\/#breadcrumb\"},\"inLanguage\":\"it-IT\",\"potentialAction\":[{\"@type\":\"ReadAction\",\"target\":[\"https:\\\/\\\/italcamara-es.com\\\/it\\\/notizie\\\/bando-2016-del-programma-di-investimento-di-imprese-straniere-in-attivita-rs\\\/\"]}]},{\"@type\":\"ImageObject\",\"inLanguage\":\"it-IT\",\"@id\":\"https:\\\/\\\/italcamara-es.com\\\/it\\\/notizie\\\/bando-2016-del-programma-di-investimento-di-imprese-straniere-in-attivita-rs\\\/#primaryimage\",\"url\":\"https:\\\/\\\/italcamara-es.com\\\/wp-content\\\/uploads\\\/2025\\\/03\\\/ricerca_e_sviluppo2501.jpg\",\"contentUrl\":\"https:\\\/\\\/italcamara-es.com\\\/wp-content\\\/uploads\\\/2025\\\/03\\\/ricerca_e_sviluppo2501.jpg\",\"width\":250,\"height\":150},{\"@type\":\"BreadcrumbList\",\"@id\":\"https:\\\/\\\/italcamara-es.com\\\/it\\\/notizie\\\/bando-2016-del-programma-di-investimento-di-imprese-straniere-in-attivita-rs\\\/#breadcrumb\",\"itemListElement\":[{\"@type\":\"ListItem\",\"position\":1,\"name\":\"Inicio\",\"item\":\"https:\\\/\\\/italcamara-es.com\\\/it\\\/homepage-ita\\\/\"},{\"@type\":\"ListItem\",\"position\":2,\"name\":\"Bando 2016 del \u201cProgramma di investimento di imprese straniere in attivit\u00e0 R+S\u201d\"}]},{\"@type\":\"WebSite\",\"@id\":\"https:\\\/\\\/italcamara-es.com\\\/#website\",\"url\":\"https:\\\/\\\/italcamara-es.com\\\/\",\"name\":\"Italcamara\",\"description\":\"\",\"potentialAction\":[{\"@type\":\"SearchAction\",\"target\":{\"@type\":\"EntryPoint\",\"urlTemplate\":\"https:\\\/\\\/italcamara-es.com\\\/?s={search_term_string}\"},\"query-input\":{\"@type\":\"PropertyValueSpecification\",\"valueRequired\":true,\"valueName\":\"search_term_string\"}}],\"inLanguage\":\"it-IT\"},{\"@type\":\"Person\",\"@id\":\"https:\\\/\\\/italcamara-es.com\\\/#\\\/schema\\\/person\\\/bb3c56263e405bbd9a15171dcfee93bb\",\"name\":\"administrador\",\"image\":{\"@type\":\"ImageObject\",\"inLanguage\":\"it-IT\",\"@id\":\"https:\\\/\\\/secure.gravatar.com\\\/avatar\\\/14b5e63db38320b12031bb28cf9f77e210aa71fb3a8a3602a3c9a05134fa75eb?s=96&d=mm&r=g\",\"url\":\"https:\\\/\\\/secure.gravatar.com\\\/avatar\\\/14b5e63db38320b12031bb28cf9f77e210aa71fb3a8a3602a3c9a05134fa75eb?s=96&d=mm&r=g\",\"contentUrl\":\"https:\\\/\\\/secure.gravatar.com\\\/avatar\\\/14b5e63db38320b12031bb28cf9f77e210aa71fb3a8a3602a3c9a05134fa75eb?s=96&d=mm&r=g\",\"caption\":\"administrador\"},\"sameAs\":[\"http:\\\/\\\/pre.italcamara-es.com\"],\"url\":\"https:\\\/\\\/italcamara-es.com\\\/it\\\/author\\\/administrador\\\/\"}]}<\/script>\n<!-- \/ Yoast SEO plugin. -->","yoast_head_json":{"title":"Bando 2016 del \u201cProgramma di investimento di imprese straniere in attivit\u00e0 R+S\u201d - Italcamara","robots":{"index":"index","follow":"follow","max-snippet":"max-snippet:-1","max-image-preview":"max-image-preview:large","max-video-preview":"max-video-preview:-1"},"canonical":"https:\/\/italcamara-es.com\/it\/notizie\/bando-2016-del-programma-di-investimento-di-imprese-straniere-in-attivita-rs\/","og_locale":"it_IT","og_type":"article","og_title":"Bando 2016 del \u201cProgramma di investimento di imprese straniere in attivit\u00e0 R+S\u201d - Italcamara","og_description":"ICEX e Invest in Spain promuovono questa linea di aiuti cofinanziata dal Programma Operativo Europeo per la Crescita Intelligente Lo scorso 12 febbraio \u00e8 stato pubblicato nel BOE (Bolet\u00edn Oficial del Estado) il bando 2016 del \u201cProgramma di investimenti di imprese straniere in attivit\u00e1 R+S\u201d dotata di 2 milioni di euro e di cui il [&hellip;]","og_url":"https:\/\/italcamara-es.com\/it\/notizie\/bando-2016-del-programma-di-investimento-di-imprese-straniere-in-attivita-rs\/","og_site_name":"Italcamara","article_published_time":"2016-02-18T09:50:09+00:00","og_image":[{"width":250,"height":150,"url":"https:\/\/italcamara-es.com\/wp-content\/uploads\/2025\/03\/ricerca_e_sviluppo2501.jpg","type":"image\/jpeg"}],"author":"administrador","twitter_card":"summary_large_image","twitter_misc":{"Scritto da":"administrador","Tempo di lettura stimato":"2 minuti"},"schema":{"@context":"https:\/\/schema.org","@graph":[{"@type":"Article","@id":"https:\/\/italcamara-es.com\/it\/notizie\/bando-2016-del-programma-di-investimento-di-imprese-straniere-in-attivita-rs\/#article","isPartOf":{"@id":"https:\/\/italcamara-es.com\/it\/notizie\/bando-2016-del-programma-di-investimento-di-imprese-straniere-in-attivita-rs\/"},"author":{"name":"administrador","@id":"https:\/\/italcamara-es.com\/#\/schema\/person\/bb3c56263e405bbd9a15171dcfee93bb"},"headline":"Bando 2016 del \u201cProgramma di investimento di imprese straniere in attivit\u00e0 R+S\u201d","datePublished":"2016-02-18T09:50:09+00:00","mainEntityOfPage":{"@id":"https:\/\/italcamara-es.com\/it\/notizie\/bando-2016-del-programma-di-investimento-di-imprese-straniere-in-attivita-rs\/"},"wordCount":316,"commentCount":0,"image":{"@id":"https:\/\/italcamara-es.com\/it\/notizie\/bando-2016-del-programma-di-investimento-di-imprese-straniere-in-attivita-rs\/#primaryimage"},"thumbnailUrl":"https:\/\/italcamara-es.com\/wp-content\/uploads\/2025\/03\/ricerca_e_sviluppo2501.jpg","keywords":["Opportunit\u00e0"],"articleSection":["Notizie"],"inLanguage":"it-IT","potentialAction":[{"@type":"CommentAction","name":"Comment","target":["https:\/\/italcamara-es.com\/it\/notizie\/bando-2016-del-programma-di-investimento-di-imprese-straniere-in-attivita-rs\/#respond"]}]},{"@type":"WebPage","@id":"https:\/\/italcamara-es.com\/it\/notizie\/bando-2016-del-programma-di-investimento-di-imprese-straniere-in-attivita-rs\/","url":"https:\/\/italcamara-es.com\/it\/notizie\/bando-2016-del-programma-di-investimento-di-imprese-straniere-in-attivita-rs\/","name":"Bando 2016 del \u201cProgramma di investimento di imprese straniere in attivit\u00e0 R+S\u201d - Italcamara","isPartOf":{"@id":"https:\/\/italcamara-es.com\/#website"},"primaryImageOfPage":{"@id":"https:\/\/italcamara-es.com\/it\/notizie\/bando-2016-del-programma-di-investimento-di-imprese-straniere-in-attivita-rs\/#primaryimage"},"image":{"@id":"https:\/\/italcamara-es.com\/it\/notizie\/bando-2016-del-programma-di-investimento-di-imprese-straniere-in-attivita-rs\/#primaryimage"},"thumbnailUrl":"https:\/\/italcamara-es.com\/wp-content\/uploads\/2025\/03\/ricerca_e_sviluppo2501.jpg","datePublished":"2016-02-18T09:50:09+00:00","author":{"@id":"https:\/\/italcamara-es.com\/#\/schema\/person\/bb3c56263e405bbd9a15171dcfee93bb"},"breadcrumb":{"@id":"https:\/\/italcamara-es.com\/it\/notizie\/bando-2016-del-programma-di-investimento-di-imprese-straniere-in-attivita-rs\/#breadcrumb"},"inLanguage":"it-IT","potentialAction":[{"@type":"ReadAction","target":["https:\/\/italcamara-es.com\/it\/notizie\/bando-2016-del-programma-di-investimento-di-imprese-straniere-in-attivita-rs\/"]}]},{"@type":"ImageObject","inLanguage":"it-IT","@id":"https:\/\/italcamara-es.com\/it\/notizie\/bando-2016-del-programma-di-investimento-di-imprese-straniere-in-attivita-rs\/#primaryimage","url":"https:\/\/italcamara-es.com\/wp-content\/uploads\/2025\/03\/ricerca_e_sviluppo2501.jpg","contentUrl":"https:\/\/italcamara-es.com\/wp-content\/uploads\/2025\/03\/ricerca_e_sviluppo2501.jpg","width":250,"height":150},{"@type":"BreadcrumbList","@id":"https:\/\/italcamara-es.com\/it\/notizie\/bando-2016-del-programma-di-investimento-di-imprese-straniere-in-attivita-rs\/#breadcrumb","itemListElement":[{"@type":"ListItem","position":1,"name":"Inicio","item":"https:\/\/italcamara-es.com\/it\/homepage-ita\/"},{"@type":"ListItem","position":2,"name":"Bando 2016 del \u201cProgramma di investimento di imprese straniere in attivit\u00e0 R+S\u201d"}]},{"@type":"WebSite","@id":"https:\/\/italcamara-es.com\/#website","url":"https:\/\/italcamara-es.com\/","name":"Italcamara","description":"","potentialAction":[{"@type":"SearchAction","target":{"@type":"EntryPoint","urlTemplate":"https:\/\/italcamara-es.com\/?s={search_term_string}"},"query-input":{"@type":"PropertyValueSpecification","valueRequired":true,"valueName":"search_term_string"}}],"inLanguage":"it-IT"},{"@type":"Person","@id":"https:\/\/italcamara-es.com\/#\/schema\/person\/bb3c56263e405bbd9a15171dcfee93bb","name":"administrador","image":{"@type":"ImageObject","inLanguage":"it-IT","@id":"https:\/\/secure.gravatar.com\/avatar\/14b5e63db38320b12031bb28cf9f77e210aa71fb3a8a3602a3c9a05134fa75eb?s=96&d=mm&r=g","url":"https:\/\/secure.gravatar.com\/avatar\/14b5e63db38320b12031bb28cf9f77e210aa71fb3a8a3602a3c9a05134fa75eb?s=96&d=mm&r=g","contentUrl":"https:\/\/secure.gravatar.com\/avatar\/14b5e63db38320b12031bb28cf9f77e210aa71fb3a8a3602a3c9a05134fa75eb?s=96&d=mm&r=g","caption":"administrador"},"sameAs":["http:\/\/pre.italcamara-es.com"],"url":"https:\/\/italcamara-es.com\/it\/author\/administrador\/"}]}},"rttpg_featured_image_url":{"full":["https:\/\/italcamara-es.com\/wp-content\/uploads\/2025\/03\/ricerca_e_sviluppo2501.jpg",250,150,false],"landscape":["https:\/\/italcamara-es.com\/wp-content\/uploads\/2025\/03\/ricerca_e_sviluppo2501.jpg",250,150,false],"portraits":["https:\/\/italcamara-es.com\/wp-content\/uploads\/2025\/03\/ricerca_e_sviluppo2501.jpg",250,150,false],"thumbnail":["https:\/\/italcamara-es.com\/wp-content\/uploads\/2025\/03\/ricerca_e_sviluppo2501-150x150.jpg",150,150,true],"medium":["https:\/\/italcamara-es.com\/wp-content\/uploads\/2025\/03\/ricerca_e_sviluppo2501.jpg",250,150,false],"large":["https:\/\/italcamara-es.com\/wp-content\/uploads\/2025\/03\/ricerca_e_sviluppo2501.jpg",250,150,false],"1536x1536":["https:\/\/italcamara-es.com\/wp-content\/uploads\/2025\/03\/ricerca_e_sviluppo2501.jpg",250,150,false],"2048x2048":["https:\/\/italcamara-es.com\/wp-content\/uploads\/2025\/03\/ricerca_e_sviluppo2501.jpg",250,150,false],"ocean-thumb-m":["https:\/\/italcamara-es.com\/wp-content\/uploads\/2025\/03\/ricerca_e_sviluppo2501.jpg",250,150,false],"ocean-thumb-ml":["https:\/\/italcamara-es.com\/wp-content\/uploads\/2025\/03\/ricerca_e_sviluppo2501.jpg",250,150,false],"ocean-thumb-l":["https:\/\/italcamara-es.com\/wp-content\/uploads\/2025\/03\/ricerca_e_sviluppo2501.jpg",250,150,false],"directorist_preview":["https:\/\/italcamara-es.com\/wp-content\/uploads\/2025\/03\/ricerca_e_sviluppo2501.jpg",250,150,false]},"rttpg_author":{"display_name":"administrador","author_link":"https:\/\/italcamara-es.com\/it\/author\/administrador\/"},"rttpg_comment":0,"rttpg_category":"<a href=\"https:\/\/italcamara-es.com\/it\/category\/notizie\/\" rel=\"category tag\">Notizie<\/a>","rttpg_excerpt":"ICEX e Invest in Spain promuovono questa linea di aiuti cofinanziata dal Programma Operativo Europeo per la Crescita Intelligente Lo scorso 12 febbraio \u00e8 stato pubblicato nel BOE (Bolet\u00edn Oficial del Estado) il bando 2016 del \u201cProgramma di investimenti di imprese straniere in attivit\u00e1 R+S\u201d dotata di 2 milioni di euro e di cui il&hellip;","_links":{"self":[{"href":"https:\/\/italcamara-es.com\/it\/wp-json\/wp\/v2\/posts\/55733","targetHints":{"allow":["GET"]}}],"collection":[{"href":"https:\/\/italcamara-es.com\/it\/wp-json\/wp\/v2\/posts"}],"about":[{"href":"https:\/\/italcamara-es.com\/it\/wp-json\/wp\/v2\/types\/post"}],"author":[{"embeddable":true,"href":"https:\/\/italcamara-es.com\/it\/wp-json\/wp\/v2\/users\/1"}],"replies":[{"embeddable":true,"href":"https:\/\/italcamara-es.com\/it\/wp-json\/wp\/v2\/comments?post=55733"}],"version-history":[{"count":0,"href":"https:\/\/italcamara-es.com\/it\/wp-json\/wp\/v2\/posts\/55733\/revisions"}],"wp:featuredmedia":[{"embeddable":true,"href":"https:\/\/italcamara-es.com\/it\/wp-json\/wp\/v2\/media\/55308"}],"wp:attachment":[{"href":"https:\/\/italcamara-es.com\/it\/wp-json\/wp\/v2\/media?parent=55733"}],"wp:term":[{"taxonomy":"category","embeddable":true,"href":"https:\/\/italcamara-es.com\/it\/wp-json\/wp\/v2\/categories?post=55733"},{"taxonomy":"post_tag","embeddable":true,"href":"https:\/\/italcamara-es.com\/it\/wp-json\/wp\/v2\/tags?post=55733"}],"curies":[{"name":"wp","href":"https:\/\/api.w.org\/{rel}","templated":true}]}}