	{"id":55735,"date":"2016-01-14T10:28:42","date_gmt":"2016-01-14T09:28:42","guid":{"rendered":"http:\/\/pre.italcamara-es.com\/senza-categoria\/licex-stanzia-45-milioni-di-euro-per-linternazionalizzazione-delle-pmi-spagnole\/"},"modified":"2016-01-14T10:28:42","modified_gmt":"2016-01-14T09:28:42","slug":"licex-stanzia-45-milioni-di-euro-per-linternazionalizzazione-delle-pmi-spagnole","status":"publish","type":"post","link":"https:\/\/italcamara-es.com\/it\/notizie\/licex-stanzia-45-milioni-di-euro-per-linternazionalizzazione-delle-pmi-spagnole\/","title":{"rendered":"L\u2019ICEX stanzia 4,5 milioni di euro per l\u2019internazionalizzazione delle PMI spagnole"},"content":{"rendered":"<p style=\"text-align: justify;\"><em>L\u2019importo totale degli aiuti sar\u00e0 pari a 1.800.000 di euro. Le richieste potranno essere presentante fino al 1\u00ba diciembre 2016.<\/em><\/p>\n<p style=\"text-align: justify;\">\n<p style=\"text-align: justify;\">L\u2019<em>Instituto Espa\u00f1ol de Comercio Exterior <\/em>(ICEX) ha stanziato 4,5 milioni di euro a favore dell&#8217;internazinalizzazione delle PMI spagnole non esposrtatrici o con esportazioni non consolidate, attraverso il programma ICEX Next. Tale programma offre consulenza personalizzata da parte di esperti con l&#8217;obiettivo di disegnare un piano di ingresso nel mercato estero e migliorare la competitivit\u00e0 internazionale, aiutando le imprese in tutte le fasi del progetto.<\/p>\n<p style=\"text-align: justify;\">\n<p style=\"text-align: justify;\">L&#8217;obiettivo del programma \u00e8 triplo: aiutare le imprese a internazionalizzare la loro attivit\u00e0, aumentare il fatturato estero diversificando il rischio d&#8217;impresa e migliorare la competitivit\u00e0 globale. attraverso Icex next, le imprese potranno richiedere fino a un massimo di 13.000 euro di aiuti durante 18 mesi per spese relative all&#8217;internazionalizzazione.<\/p>\n<p style=\"text-align: justify;\">\n<p style=\"text-align: justify;\">Le imprese che possono optare agli aiuti sono quelle con prodotti o servizi o marchi propri, imprese con capacit\u00e0 per espertare e quelle compagnie che abbiano al suo interno personale competente e qualificato per il progetto di internazionalizzazione dell&#8217;impresa.<\/p>\n<p style=\"text-align: justify;\">\n<p style=\"text-align: justify;\">Da quando \u00e8 stato attivato il programma ICEX Next nel 2012, hanno preso parte allo stesso un totale di 1.449 imprese, soprattutto del settore industriale e dei servizi. Le prime imprese che hanno beneficiato degli aiuti hanno dimostrato un aumento significativo della regolarit\u00e0 dell&#8217;export.<\/p>\n<p style=\"text-align: justify;\">\n<p style=\"text-align: justify;\">Gli aiuti vengono concessi per \u00a0favorire le azioni di promozione dell\u2019internazionalizzazioen delle imprese spagnole attraverso la difesa degli interessi commerciali del settore, l\u2019organizzazione di attivit\u00e0 internazionali, la canalizzazione delle informazioni commerciali e le azioni volte a favorire l\u2019accesso delle imprese spagnole ai mercati esteri.<\/p>\n<p style=\"text-align: justify;\">\n<p style=\"text-align: justify;\">Gli aiuti concessi dall\u2019ICEX nel \u00a02016 avranno un importo massimo complessivo di <strong>1.800.000 euro<\/strong> e saranno ammissibili azioni di tipo promozionale, allestimenti di stands informativi, organizzazione di giornate tecniche e informative e altre attivit\u00e0 di internazionalizzazione.<\/p>\n<p style=\"text-align: justify;\">\n<p style=\"text-align: justify;\">Le entit\u00e0 colaboratrici dell\u2019ICEX possono presentare le loro richieste <strong>entro il 1\u00ba diciembre 2016<\/strong>, anche se,una volta raggiunto l\u2019importo massimo di 1.800.000 euro, saranno negate sistematicamente le eventuali richieste restanti.<\/p>\n","protected":false},"excerpt":{"rendered":"<p>L\u2019importo totale degli aiuti sar\u00e0 pari a 1.800.000 di euro. Le richieste potranno essere presentante fino al 1\u00ba diciembre 2016. L\u2019Instituto Espa\u00f1ol de Comercio Exterior (ICEX) ha stanziato 4,5 milioni di euro a favore dell&#8217;internazinalizzazione delle PMI spagnole non esposrtatrici o con esportazioni non consolidate, attraverso il programma ICEX Next. Tale programma offre consulenza personalizzata [&hellip;]<\/p>\n","protected":false},"author":1,"featured_media":55312,"comment_status":"open","ping_status":"open","sticky":false,"template":"","format":"standard","meta":{"inline_featured_image":false,"ocean_post_layout":"","ocean_both_sidebars_style":"","ocean_both_sidebars_content_width":0,"ocean_both_sidebars_sidebars_width":0,"ocean_sidebar":"","ocean_second_sidebar":"","ocean_disable_margins":"enable","ocean_add_body_class":"","ocean_shortcode_before_top_bar":"","ocean_shortcode_after_top_bar":"","ocean_shortcode_before_header":"","ocean_shortcode_after_header":"","ocean_has_shortcode":"","ocean_shortcode_after_title":"","ocean_shortcode_before_footer_widgets":"","ocean_shortcode_after_footer_widgets":"","ocean_shortcode_before_footer_bottom":"","ocean_shortcode_after_footer_bottom":"","ocean_display_top_bar":"default","ocean_display_header":"default","ocean_header_style":"","ocean_center_header_left_menu":"","ocean_custom_header_template":"","ocean_custom_logo":0,"ocean_custom_retina_logo":0,"ocean_custom_logo_max_width":0,"ocean_custom_logo_tablet_max_width":0,"ocean_custom_logo_mobile_max_width":0,"ocean_custom_logo_max_height":0,"ocean_custom_logo_tablet_max_height":0,"ocean_custom_logo_mobile_max_height":0,"ocean_header_custom_menu":"","ocean_menu_typo_font_family":"","ocean_menu_typo_font_subset":"","ocean_menu_typo_font_size":0,"ocean_menu_typo_font_size_tablet":0,"ocean_menu_typo_font_size_mobile":0,"ocean_menu_typo_font_size_unit":"px","ocean_menu_typo_font_weight":"","ocean_menu_typo_font_weight_tablet":"","ocean_menu_typo_font_weight_mobile":"","ocean_menu_typo_transform":"","ocean_menu_typo_transform_tablet":"","ocean_menu_typo_transform_mobile":"","ocean_menu_typo_line_height":0,"ocean_menu_typo_line_height_tablet":0,"ocean_menu_typo_line_height_mobile":0,"ocean_menu_typo_line_height_unit":"","ocean_menu_typo_spacing":0,"ocean_menu_typo_spacing_tablet":0,"ocean_menu_typo_spacing_mobile":0,"ocean_menu_typo_spacing_unit":"","ocean_menu_link_color":"","ocean_menu_link_color_hover":"","ocean_menu_link_color_active":"","ocean_menu_link_background":"","ocean_menu_link_hover_background":"","ocean_menu_link_active_background":"","ocean_menu_social_links_bg":"","ocean_menu_social_hover_links_bg":"","ocean_menu_social_links_color":"","ocean_menu_social_hover_links_color":"","ocean_disable_title":"default","ocean_disable_heading":"default","ocean_post_title":"","ocean_post_subheading":"","ocean_post_title_style":"","ocean_post_title_background_color":"","ocean_post_title_background":0,"ocean_post_title_bg_image_position":"","ocean_post_title_bg_image_attachment":"","ocean_post_title_bg_image_repeat":"","ocean_post_title_bg_image_size":"","ocean_post_title_height":0,"ocean_post_title_bg_overlay":0.5,"ocean_post_title_bg_overlay_color":"","ocean_disable_breadcrumbs":"default","ocean_breadcrumbs_color":"","ocean_breadcrumbs_separator_color":"","ocean_breadcrumbs_links_color":"","ocean_breadcrumbs_links_hover_color":"","ocean_display_footer_widgets":"default","ocean_display_footer_bottom":"default","ocean_custom_footer_template":"","ocean_post_oembed":"","ocean_post_self_hosted_media":"","ocean_post_video_embed":"","ocean_link_format":"","ocean_link_format_target":"self","ocean_quote_format":"","ocean_quote_format_link":"post","ocean_gallery_link_images":"on","ocean_gallery_id":[],"footnotes":""},"categories":[133],"tags":[141],"class_list":["post-55735","post","type-post","status-publish","format-standard","has-post-thumbnail","hentry","category-notizie","tag-opportunita","entry","has-media"],"yoast_head":"<!-- This site is optimized with the Yoast SEO plugin v27.4 - https:\/\/yoast.com\/product\/yoast-seo-wordpress\/ -->\n<title>L\u2019ICEX stanzia 4,5 milioni di euro per l\u2019internazionalizzazione delle PMI spagnole - Italcamara<\/title>\n<meta name=\"robots\" content=\"index, follow, max-snippet:-1, max-image-preview:large, max-video-preview:-1\" \/>\n<link rel=\"canonical\" href=\"https:\/\/italcamara-es.com\/it\/notizie\/licex-stanzia-45-milioni-di-euro-per-linternazionalizzazione-delle-pmi-spagnole\/\" \/>\n<meta property=\"og:locale\" content=\"it_IT\" \/>\n<meta property=\"og:type\" content=\"article\" \/>\n<meta property=\"og:title\" content=\"L\u2019ICEX stanzia 4,5 milioni di euro per l\u2019internazionalizzazione delle PMI spagnole - Italcamara\" \/>\n<meta property=\"og:description\" content=\"L\u2019importo totale degli aiuti sar\u00e0 pari a 1.800.000 di euro. Le richieste potranno essere presentante fino al 1\u00ba diciembre 2016. L\u2019Instituto Espa\u00f1ol de Comercio Exterior (ICEX) ha stanziato 4,5 milioni di euro a favore dell&#8217;internazinalizzazione delle PMI spagnole non esposrtatrici o con esportazioni non consolidate, attraverso il programma ICEX Next. Tale programma offre consulenza personalizzata [&hellip;]\" \/>\n<meta property=\"og:url\" content=\"https:\/\/italcamara-es.com\/it\/notizie\/licex-stanzia-45-milioni-di-euro-per-linternazionalizzazione-delle-pmi-spagnole\/\" \/>\n<meta property=\"og:site_name\" content=\"Italcamara\" \/>\n<meta property=\"article:published_time\" content=\"2016-01-14T09:28:42+00:00\" \/>\n<meta property=\"og:image\" content=\"https:\/\/italcamara-es.com\/wp-content\/uploads\/2025\/03\/icex250.jpg\" \/>\n\t<meta property=\"og:image:width\" content=\"250\" \/>\n\t<meta property=\"og:image:height\" content=\"141\" \/>\n\t<meta property=\"og:image:type\" content=\"image\/jpeg\" \/>\n<meta name=\"author\" content=\"administrador\" \/>\n<meta name=\"twitter:card\" content=\"summary_large_image\" \/>\n<meta name=\"twitter:label1\" content=\"Scritto da\" \/>\n\t<meta name=\"twitter:data1\" content=\"administrador\" \/>\n\t<meta name=\"twitter:label2\" content=\"Tempo di lettura stimato\" \/>\n\t<meta name=\"twitter:data2\" content=\"2 minuti\" \/>\n<script type=\"application\/ld+json\" class=\"yoast-schema-graph\">{\"@context\":\"https:\\\/\\\/schema.org\",\"@graph\":[{\"@type\":\"Article\",\"@id\":\"https:\\\/\\\/italcamara-es.com\\\/it\\\/notizie\\\/licex-stanzia-45-milioni-di-euro-per-linternazionalizzazione-delle-pmi-spagnole\\\/#article\",\"isPartOf\":{\"@id\":\"https:\\\/\\\/italcamara-es.com\\\/it\\\/notizie\\\/licex-stanzia-45-milioni-di-euro-per-linternazionalizzazione-delle-pmi-spagnole\\\/\"},\"author\":{\"name\":\"administrador\",\"@id\":\"https:\\\/\\\/italcamara-es.com\\\/#\\\/schema\\\/person\\\/bb3c56263e405bbd9a15171dcfee93bb\"},\"headline\":\"L\u2019ICEX stanzia 4,5 milioni di euro per l\u2019internazionalizzazione delle PMI spagnole\",\"datePublished\":\"2016-01-14T09:28:42+00:00\",\"mainEntityOfPage\":{\"@id\":\"https:\\\/\\\/italcamara-es.com\\\/it\\\/notizie\\\/licex-stanzia-45-milioni-di-euro-per-linternazionalizzazione-delle-pmi-spagnole\\\/\"},\"wordCount\":340,\"commentCount\":0,\"image\":{\"@id\":\"https:\\\/\\\/italcamara-es.com\\\/it\\\/notizie\\\/licex-stanzia-45-milioni-di-euro-per-linternazionalizzazione-delle-pmi-spagnole\\\/#primaryimage\"},\"thumbnailUrl\":\"https:\\\/\\\/italcamara-es.com\\\/wp-content\\\/uploads\\\/2025\\\/03\\\/icex250.jpg\",\"keywords\":[\"Opportunit\u00e0\"],\"articleSection\":[\"Notizie\"],\"inLanguage\":\"it-IT\",\"potentialAction\":[{\"@type\":\"CommentAction\",\"name\":\"Comment\",\"target\":[\"https:\\\/\\\/italcamara-es.com\\\/it\\\/notizie\\\/licex-stanzia-45-milioni-di-euro-per-linternazionalizzazione-delle-pmi-spagnole\\\/#respond\"]}]},{\"@type\":\"WebPage\",\"@id\":\"https:\\\/\\\/italcamara-es.com\\\/it\\\/notizie\\\/licex-stanzia-45-milioni-di-euro-per-linternazionalizzazione-delle-pmi-spagnole\\\/\",\"url\":\"https:\\\/\\\/italcamara-es.com\\\/it\\\/notizie\\\/licex-stanzia-45-milioni-di-euro-per-linternazionalizzazione-delle-pmi-spagnole\\\/\",\"name\":\"L\u2019ICEX stanzia 4,5 milioni di euro per l\u2019internazionalizzazione delle PMI spagnole - Italcamara\",\"isPartOf\":{\"@id\":\"https:\\\/\\\/italcamara-es.com\\\/#website\"},\"primaryImageOfPage\":{\"@id\":\"https:\\\/\\\/italcamara-es.com\\\/it\\\/notizie\\\/licex-stanzia-45-milioni-di-euro-per-linternazionalizzazione-delle-pmi-spagnole\\\/#primaryimage\"},\"image\":{\"@id\":\"https:\\\/\\\/italcamara-es.com\\\/it\\\/notizie\\\/licex-stanzia-45-milioni-di-euro-per-linternazionalizzazione-delle-pmi-spagnole\\\/#primaryimage\"},\"thumbnailUrl\":\"https:\\\/\\\/italcamara-es.com\\\/wp-content\\\/uploads\\\/2025\\\/03\\\/icex250.jpg\",\"datePublished\":\"2016-01-14T09:28:42+00:00\",\"author\":{\"@id\":\"https:\\\/\\\/italcamara-es.com\\\/#\\\/schema\\\/person\\\/bb3c56263e405bbd9a15171dcfee93bb\"},\"breadcrumb\":{\"@id\":\"https:\\\/\\\/italcamara-es.com\\\/it\\\/notizie\\\/licex-stanzia-45-milioni-di-euro-per-linternazionalizzazione-delle-pmi-spagnole\\\/#breadcrumb\"},\"inLanguage\":\"it-IT\",\"potentialAction\":[{\"@type\":\"ReadAction\",\"target\":[\"https:\\\/\\\/italcamara-es.com\\\/it\\\/notizie\\\/licex-stanzia-45-milioni-di-euro-per-linternazionalizzazione-delle-pmi-spagnole\\\/\"]}]},{\"@type\":\"ImageObject\",\"inLanguage\":\"it-IT\",\"@id\":\"https:\\\/\\\/italcamara-es.com\\\/it\\\/notizie\\\/licex-stanzia-45-milioni-di-euro-per-linternazionalizzazione-delle-pmi-spagnole\\\/#primaryimage\",\"url\":\"https:\\\/\\\/italcamara-es.com\\\/wp-content\\\/uploads\\\/2025\\\/03\\\/icex250.jpg\",\"contentUrl\":\"https:\\\/\\\/italcamara-es.com\\\/wp-content\\\/uploads\\\/2025\\\/03\\\/icex250.jpg\",\"width\":250,\"height\":141},{\"@type\":\"BreadcrumbList\",\"@id\":\"https:\\\/\\\/italcamara-es.com\\\/it\\\/notizie\\\/licex-stanzia-45-milioni-di-euro-per-linternazionalizzazione-delle-pmi-spagnole\\\/#breadcrumb\",\"itemListElement\":[{\"@type\":\"ListItem\",\"position\":1,\"name\":\"Inicio\",\"item\":\"https:\\\/\\\/italcamara-es.com\\\/it\\\/homepage-ita\\\/\"},{\"@type\":\"ListItem\",\"position\":2,\"name\":\"L\u2019ICEX stanzia 4,5 milioni di euro per l\u2019internazionalizzazione delle PMI spagnole\"}]},{\"@type\":\"WebSite\",\"@id\":\"https:\\\/\\\/italcamara-es.com\\\/#website\",\"url\":\"https:\\\/\\\/italcamara-es.com\\\/\",\"name\":\"Italcamara\",\"description\":\"\",\"potentialAction\":[{\"@type\":\"SearchAction\",\"target\":{\"@type\":\"EntryPoint\",\"urlTemplate\":\"https:\\\/\\\/italcamara-es.com\\\/?s={search_term_string}\"},\"query-input\":{\"@type\":\"PropertyValueSpecification\",\"valueRequired\":true,\"valueName\":\"search_term_string\"}}],\"inLanguage\":\"it-IT\"},{\"@type\":\"Person\",\"@id\":\"https:\\\/\\\/italcamara-es.com\\\/#\\\/schema\\\/person\\\/bb3c56263e405bbd9a15171dcfee93bb\",\"name\":\"administrador\",\"image\":{\"@type\":\"ImageObject\",\"inLanguage\":\"it-IT\",\"@id\":\"https:\\\/\\\/secure.gravatar.com\\\/avatar\\\/14b5e63db38320b12031bb28cf9f77e210aa71fb3a8a3602a3c9a05134fa75eb?s=96&d=mm&r=g\",\"url\":\"https:\\\/\\\/secure.gravatar.com\\\/avatar\\\/14b5e63db38320b12031bb28cf9f77e210aa71fb3a8a3602a3c9a05134fa75eb?s=96&d=mm&r=g\",\"contentUrl\":\"https:\\\/\\\/secure.gravatar.com\\\/avatar\\\/14b5e63db38320b12031bb28cf9f77e210aa71fb3a8a3602a3c9a05134fa75eb?s=96&d=mm&r=g\",\"caption\":\"administrador\"},\"sameAs\":[\"http:\\\/\\\/pre.italcamara-es.com\"],\"url\":\"https:\\\/\\\/italcamara-es.com\\\/it\\\/author\\\/administrador\\\/\"}]}<\/script>\n<!-- \/ Yoast SEO plugin. -->","yoast_head_json":{"title":"L\u2019ICEX stanzia 4,5 milioni di euro per l\u2019internazionalizzazione delle PMI spagnole - Italcamara","robots":{"index":"index","follow":"follow","max-snippet":"max-snippet:-1","max-image-preview":"max-image-preview:large","max-video-preview":"max-video-preview:-1"},"canonical":"https:\/\/italcamara-es.com\/it\/notizie\/licex-stanzia-45-milioni-di-euro-per-linternazionalizzazione-delle-pmi-spagnole\/","og_locale":"it_IT","og_type":"article","og_title":"L\u2019ICEX stanzia 4,5 milioni di euro per l\u2019internazionalizzazione delle PMI spagnole - Italcamara","og_description":"L\u2019importo totale degli aiuti sar\u00e0 pari a 1.800.000 di euro. Le richieste potranno essere presentante fino al 1\u00ba diciembre 2016. L\u2019Instituto Espa\u00f1ol de Comercio Exterior (ICEX) ha stanziato 4,5 milioni di euro a favore dell&#8217;internazinalizzazione delle PMI spagnole non esposrtatrici o con esportazioni non consolidate, attraverso il programma ICEX Next. Tale programma offre consulenza personalizzata [&hellip;]","og_url":"https:\/\/italcamara-es.com\/it\/notizie\/licex-stanzia-45-milioni-di-euro-per-linternazionalizzazione-delle-pmi-spagnole\/","og_site_name":"Italcamara","article_published_time":"2016-01-14T09:28:42+00:00","og_image":[{"width":250,"height":141,"url":"https:\/\/italcamara-es.com\/wp-content\/uploads\/2025\/03\/icex250.jpg","type":"image\/jpeg"}],"author":"administrador","twitter_card":"summary_large_image","twitter_misc":{"Scritto da":"administrador","Tempo di lettura stimato":"2 minuti"},"schema":{"@context":"https:\/\/schema.org","@graph":[{"@type":"Article","@id":"https:\/\/italcamara-es.com\/it\/notizie\/licex-stanzia-45-milioni-di-euro-per-linternazionalizzazione-delle-pmi-spagnole\/#article","isPartOf":{"@id":"https:\/\/italcamara-es.com\/it\/notizie\/licex-stanzia-45-milioni-di-euro-per-linternazionalizzazione-delle-pmi-spagnole\/"},"author":{"name":"administrador","@id":"https:\/\/italcamara-es.com\/#\/schema\/person\/bb3c56263e405bbd9a15171dcfee93bb"},"headline":"L\u2019ICEX stanzia 4,5 milioni di euro per l\u2019internazionalizzazione delle PMI spagnole","datePublished":"2016-01-14T09:28:42+00:00","mainEntityOfPage":{"@id":"https:\/\/italcamara-es.com\/it\/notizie\/licex-stanzia-45-milioni-di-euro-per-linternazionalizzazione-delle-pmi-spagnole\/"},"wordCount":340,"commentCount":0,"image":{"@id":"https:\/\/italcamara-es.com\/it\/notizie\/licex-stanzia-45-milioni-di-euro-per-linternazionalizzazione-delle-pmi-spagnole\/#primaryimage"},"thumbnailUrl":"https:\/\/italcamara-es.com\/wp-content\/uploads\/2025\/03\/icex250.jpg","keywords":["Opportunit\u00e0"],"articleSection":["Notizie"],"inLanguage":"it-IT","potentialAction":[{"@type":"CommentAction","name":"Comment","target":["https:\/\/italcamara-es.com\/it\/notizie\/licex-stanzia-45-milioni-di-euro-per-linternazionalizzazione-delle-pmi-spagnole\/#respond"]}]},{"@type":"WebPage","@id":"https:\/\/italcamara-es.com\/it\/notizie\/licex-stanzia-45-milioni-di-euro-per-linternazionalizzazione-delle-pmi-spagnole\/","url":"https:\/\/italcamara-es.com\/it\/notizie\/licex-stanzia-45-milioni-di-euro-per-linternazionalizzazione-delle-pmi-spagnole\/","name":"L\u2019ICEX stanzia 4,5 milioni di euro per l\u2019internazionalizzazione delle PMI spagnole - Italcamara","isPartOf":{"@id":"https:\/\/italcamara-es.com\/#website"},"primaryImageOfPage":{"@id":"https:\/\/italcamara-es.com\/it\/notizie\/licex-stanzia-45-milioni-di-euro-per-linternazionalizzazione-delle-pmi-spagnole\/#primaryimage"},"image":{"@id":"https:\/\/italcamara-es.com\/it\/notizie\/licex-stanzia-45-milioni-di-euro-per-linternazionalizzazione-delle-pmi-spagnole\/#primaryimage"},"thumbnailUrl":"https:\/\/italcamara-es.com\/wp-content\/uploads\/2025\/03\/icex250.jpg","datePublished":"2016-01-14T09:28:42+00:00","author":{"@id":"https:\/\/italcamara-es.com\/#\/schema\/person\/bb3c56263e405bbd9a15171dcfee93bb"},"breadcrumb":{"@id":"https:\/\/italcamara-es.com\/it\/notizie\/licex-stanzia-45-milioni-di-euro-per-linternazionalizzazione-delle-pmi-spagnole\/#breadcrumb"},"inLanguage":"it-IT","potentialAction":[{"@type":"ReadAction","target":["https:\/\/italcamara-es.com\/it\/notizie\/licex-stanzia-45-milioni-di-euro-per-linternazionalizzazione-delle-pmi-spagnole\/"]}]},{"@type":"ImageObject","inLanguage":"it-IT","@id":"https:\/\/italcamara-es.com\/it\/notizie\/licex-stanzia-45-milioni-di-euro-per-linternazionalizzazione-delle-pmi-spagnole\/#primaryimage","url":"https:\/\/italcamara-es.com\/wp-content\/uploads\/2025\/03\/icex250.jpg","contentUrl":"https:\/\/italcamara-es.com\/wp-content\/uploads\/2025\/03\/icex250.jpg","width":250,"height":141},{"@type":"BreadcrumbList","@id":"https:\/\/italcamara-es.com\/it\/notizie\/licex-stanzia-45-milioni-di-euro-per-linternazionalizzazione-delle-pmi-spagnole\/#breadcrumb","itemListElement":[{"@type":"ListItem","position":1,"name":"Inicio","item":"https:\/\/italcamara-es.com\/it\/homepage-ita\/"},{"@type":"ListItem","position":2,"name":"L\u2019ICEX stanzia 4,5 milioni di euro per l\u2019internazionalizzazione delle PMI spagnole"}]},{"@type":"WebSite","@id":"https:\/\/italcamara-es.com\/#website","url":"https:\/\/italcamara-es.com\/","name":"Italcamara","description":"","potentialAction":[{"@type":"SearchAction","target":{"@type":"EntryPoint","urlTemplate":"https:\/\/italcamara-es.com\/?s={search_term_string}"},"query-input":{"@type":"PropertyValueSpecification","valueRequired":true,"valueName":"search_term_string"}}],"inLanguage":"it-IT"},{"@type":"Person","@id":"https:\/\/italcamara-es.com\/#\/schema\/person\/bb3c56263e405bbd9a15171dcfee93bb","name":"administrador","image":{"@type":"ImageObject","inLanguage":"it-IT","@id":"https:\/\/secure.gravatar.com\/avatar\/14b5e63db38320b12031bb28cf9f77e210aa71fb3a8a3602a3c9a05134fa75eb?s=96&d=mm&r=g","url":"https:\/\/secure.gravatar.com\/avatar\/14b5e63db38320b12031bb28cf9f77e210aa71fb3a8a3602a3c9a05134fa75eb?s=96&d=mm&r=g","contentUrl":"https:\/\/secure.gravatar.com\/avatar\/14b5e63db38320b12031bb28cf9f77e210aa71fb3a8a3602a3c9a05134fa75eb?s=96&d=mm&r=g","caption":"administrador"},"sameAs":["http:\/\/pre.italcamara-es.com"],"url":"https:\/\/italcamara-es.com\/it\/author\/administrador\/"}]}},"rttpg_featured_image_url":{"full":["https:\/\/italcamara-es.com\/wp-content\/uploads\/2025\/03\/icex250.jpg",250,141,false],"landscape":["https:\/\/italcamara-es.com\/wp-content\/uploads\/2025\/03\/icex250.jpg",250,141,false],"portraits":["https:\/\/italcamara-es.com\/wp-content\/uploads\/2025\/03\/icex250.jpg",250,141,false],"thumbnail":["https:\/\/italcamara-es.com\/wp-content\/uploads\/2025\/03\/icex250-150x141.jpg",150,141,true],"medium":["https:\/\/italcamara-es.com\/wp-content\/uploads\/2025\/03\/icex250.jpg",250,141,false],"large":["https:\/\/italcamara-es.com\/wp-content\/uploads\/2025\/03\/icex250.jpg",250,141,false],"1536x1536":["https:\/\/italcamara-es.com\/wp-content\/uploads\/2025\/03\/icex250.jpg",250,141,false],"2048x2048":["https:\/\/italcamara-es.com\/wp-content\/uploads\/2025\/03\/icex250.jpg",250,141,false],"ocean-thumb-m":["https:\/\/italcamara-es.com\/wp-content\/uploads\/2025\/03\/icex250.jpg",250,141,false],"ocean-thumb-ml":["https:\/\/italcamara-es.com\/wp-content\/uploads\/2025\/03\/icex250.jpg",250,141,false],"ocean-thumb-l":["https:\/\/italcamara-es.com\/wp-content\/uploads\/2025\/03\/icex250.jpg",250,141,false],"directorist_preview":["https:\/\/italcamara-es.com\/wp-content\/uploads\/2025\/03\/icex250.jpg",250,141,false]},"rttpg_author":{"display_name":"administrador","author_link":"https:\/\/italcamara-es.com\/it\/author\/administrador\/"},"rttpg_comment":0,"rttpg_category":"<a href=\"https:\/\/italcamara-es.com\/it\/category\/notizie\/\" rel=\"category tag\">Notizie<\/a>","rttpg_excerpt":"L\u2019importo totale degli aiuti sar\u00e0 pari a 1.800.000 di euro. Le richieste potranno essere presentante fino al 1\u00ba diciembre 2016. L\u2019Instituto Espa\u00f1ol de Comercio Exterior (ICEX) ha stanziato 4,5 milioni di euro a favore dell&#8217;internazinalizzazione delle PMI spagnole non esposrtatrici o con esportazioni non consolidate, attraverso il programma ICEX Next. Tale programma offre consulenza personalizzata&hellip;","_links":{"self":[{"href":"https:\/\/italcamara-es.com\/it\/wp-json\/wp\/v2\/posts\/55735","targetHints":{"allow":["GET"]}}],"collection":[{"href":"https:\/\/italcamara-es.com\/it\/wp-json\/wp\/v2\/posts"}],"about":[{"href":"https:\/\/italcamara-es.com\/it\/wp-json\/wp\/v2\/types\/post"}],"author":[{"embeddable":true,"href":"https:\/\/italcamara-es.com\/it\/wp-json\/wp\/v2\/users\/1"}],"replies":[{"embeddable":true,"href":"https:\/\/italcamara-es.com\/it\/wp-json\/wp\/v2\/comments?post=55735"}],"version-history":[{"count":0,"href":"https:\/\/italcamara-es.com\/it\/wp-json\/wp\/v2\/posts\/55735\/revisions"}],"wp:featuredmedia":[{"embeddable":true,"href":"https:\/\/italcamara-es.com\/it\/wp-json\/wp\/v2\/media\/55312"}],"wp:attachment":[{"href":"https:\/\/italcamara-es.com\/it\/wp-json\/wp\/v2\/media?parent=55735"}],"wp:term":[{"taxonomy":"category","embeddable":true,"href":"https:\/\/italcamara-es.com\/it\/wp-json\/wp\/v2\/categories?post=55735"},{"taxonomy":"post_tag","embeddable":true,"href":"https:\/\/italcamara-es.com\/it\/wp-json\/wp\/v2\/tags?post=55735"}],"curies":[{"name":"wp","href":"https:\/\/api.w.org\/{rel}","templated":true}]}}