	{"id":55740,"date":"2015-09-02T09:20:45","date_gmt":"2015-09-02T07:20:45","guid":{"rendered":"http:\/\/pre.italcamara-es.com\/senza-categoria\/bando-per-lattrazione-e-lo-sviluppo-di-nuove-attivita-produttive-nella-provincia-di-reggio-emilia\/"},"modified":"2015-09-02T09:20:45","modified_gmt":"2015-09-02T07:20:45","slug":"bando-per-lattrazione-e-lo-sviluppo-di-nuove-attivita-produttive-nella-provincia-di-reggio-emilia","status":"publish","type":"post","link":"https:\/\/italcamara-es.com\/it\/notizie\/bando-per-lattrazione-e-lo-sviluppo-di-nuove-attivita-produttive-nella-provincia-di-reggio-emilia\/","title":{"rendered":"Bando per l&#8217;attrazione e lo sviluppo di nuove attivit\u00e0 produttive nella provincia di Reggio Emilia"},"content":{"rendered":"<p style=\"text-align: justify;\"><em>Con uno stanziamento di 200.000 euro, la Camera di Commercio locale intende favorire l&#8217;attrazione di investimenti nazionali ed esteri sul territorio<\/em><\/p>\n<p style=\"text-align: justify;\">\n<p style=\"text-align: justify;\">La Camera di Commercio di Reggio Emilia ha pubblicato un bando per l&#8217;attrazione e lo sviluppo di nuove attivit\u00e0 produttive rivolto a imprese manifatturiere interessate a investire nella provincia italiana.<\/p>\n<p style=\"text-align: justify;\">\n<p style=\"text-align: justify;\">Con uno stanziamento di 200.000,00 euro, la Camera di Commercio intende:<\/p>\n<p style=\"text-align: justify;\">\n<ul style=\"text-align: justify;\">\n<li>favorire l&#8217;attrazione e lo sviluppo di attivit\u00e0 e investimenti nazionali ed esteri sul territorio;<\/li>\n<li>aumentare la competitivit\u00e0 e la diversificazione del tessuto imprenditoriale e produttivo;<\/li>\n<li>creare nuovi posti di lavoro.<\/li>\n<\/ul>\n<p style=\"text-align: justify;\">\n<p style=\"text-align: justify;\">Possono candidarsi le piccole, medie e grandi imprese manifatturiere costituite sotto forma di societ\u00e0 di capitale o di persone che al momento della presentazione della domanda:<\/p>\n<p style=\"text-align: justify;\">\n<ul style=\"text-align: justify;\">\n<li>non abbiano sede legale, sedi secondarie e\/o unit\u00e0 locali proprie o di societ\u00e0 controllate nella provincia di Reggio Emilia; salvo in caso di rilocalizzazione di unit\u00e0 locali;<\/li>\n<li>siano in attivit\u00e0, comprovata dalla iscrizione nel Registro imprese\/REA territorialmente competente;<\/li>\n<li>abbiano chiuso un bilancio almeno in pareggio per almeno 2 esercizi consecutivi (anni 2013-2014).<\/li>\n<\/ul>\n<p style=\"text-align: justify;\">\n<p style=\"text-align: justify;\">\n<p style=\"text-align: justify;\">Le domande potranno essere presentate \u00a0in modalit\u00e0 telematica, con firma digitale, oppure a mezzo PEC o Raccomandata AR <strong>entro il prossimo 30 ottobre 2015<\/strong>.<\/p>\n<p style=\"text-align: justify;\">\n<p style=\"text-align: justify;\">La CCIAA di reggio Emilia elargir\u00e1 un contributo a fondo perduto fino ad un massimo del 50% della spesa ammissibile ed effettivamente sostenuta, fino ad un valore massimo di <strong>100.000,00 euro<\/strong>. L\u2019investimento minimo \u00e8 pari a 60.000,00 euro.<\/p>\n<p style=\"text-align: justify;\">\n<p style=\"text-align: justify;\">Gli interventi ammessi a contributo dovranno rispettare tutte le seguenti condizioni:<\/p>\n<p style=\"text-align: justify;\">\n<ul style=\"text-align: justify;\">\n<li>l\u2019apertura di una nuova unit\u00e0 locale o l&#8217;insediamento (per trasferimento sede legale) sul territorio della provincia di Reggio Emilia, ovvero la rilocalizzazione dall\u2019estero o dal territorio nazionale (esclusa la provincia di Reggio Emilia) di una unit\u00e0 locale nella provincia di Reggio Emilia;<\/li>\n<li>la realizzazione di un investimento produttivo di beni o servizi;<\/li>\n<li>un incremento occupazionale non inferiore a 5 addetti. L\u2019occupazione minima richiesta deve essere mantenuta per almeno 3 anni dalla conclusione dell\u2019investimento.<\/li>\n<\/ul>\n<p style=\"text-align: justify;\">\n<p style=\"text-align: justify;\">\n<p style=\"text-align: justify;\"><em>Per maggiori informazioni: <a href=\"http:\/\/www.re.camcom.gov.it\/Sezione.jsp?titolo=Bando+per+l%27attrazione+e+lo+sviluppo+di+nuove+attivit%C3%A0+produttive+per+l%27anno+2015&amp;idSezione=6172\" target=\"_blank\" rel=\"noopener\"><span style=\"color: #0000ff;\">pagina informativa della CCIAA di Reggio Emilia<\/span><\/a><\/em><\/p>\n<p style=\"text-align: justify;\">\n","protected":false},"excerpt":{"rendered":"<p>Con uno stanziamento di 200.000 euro, la Camera di Commercio locale intende favorire l&#8217;attrazione di investimenti nazionali ed esteri sul territorio La Camera di Commercio di Reggio Emilia ha pubblicato un bando per l&#8217;attrazione e lo sviluppo di nuove attivit\u00e0 produttive rivolto a imprese manifatturiere interessate a investire nella provincia italiana. Con uno stanziamento di [&hellip;]<\/p>\n","protected":false},"author":1,"featured_media":55322,"comment_status":"open","ping_status":"open","sticky":false,"template":"","format":"standard","meta":{"inline_featured_image":false,"ocean_post_layout":"","ocean_both_sidebars_style":"","ocean_both_sidebars_content_width":0,"ocean_both_sidebars_sidebars_width":0,"ocean_sidebar":"","ocean_second_sidebar":"","ocean_disable_margins":"enable","ocean_add_body_class":"","ocean_shortcode_before_top_bar":"","ocean_shortcode_after_top_bar":"","ocean_shortcode_before_header":"","ocean_shortcode_after_header":"","ocean_has_shortcode":"","ocean_shortcode_after_title":"","ocean_shortcode_before_footer_widgets":"","ocean_shortcode_after_footer_widgets":"","ocean_shortcode_before_footer_bottom":"","ocean_shortcode_after_footer_bottom":"","ocean_display_top_bar":"default","ocean_display_header":"default","ocean_header_style":"","ocean_center_header_left_menu":"","ocean_custom_header_template":"","ocean_custom_logo":0,"ocean_custom_retina_logo":0,"ocean_custom_logo_max_width":0,"ocean_custom_logo_tablet_max_width":0,"ocean_custom_logo_mobile_max_width":0,"ocean_custom_logo_max_height":0,"ocean_custom_logo_tablet_max_height":0,"ocean_custom_logo_mobile_max_height":0,"ocean_header_custom_menu":"","ocean_menu_typo_font_family":"","ocean_menu_typo_font_subset":"","ocean_menu_typo_font_size":0,"ocean_menu_typo_font_size_tablet":0,"ocean_menu_typo_font_size_mobile":0,"ocean_menu_typo_font_size_unit":"px","ocean_menu_typo_font_weight":"","ocean_menu_typo_font_weight_tablet":"","ocean_menu_typo_font_weight_mobile":"","ocean_menu_typo_transform":"","ocean_menu_typo_transform_tablet":"","ocean_menu_typo_transform_mobile":"","ocean_menu_typo_line_height":0,"ocean_menu_typo_line_height_tablet":0,"ocean_menu_typo_line_height_mobile":0,"ocean_menu_typo_line_height_unit":"","ocean_menu_typo_spacing":0,"ocean_menu_typo_spacing_tablet":0,"ocean_menu_typo_spacing_mobile":0,"ocean_menu_typo_spacing_unit":"","ocean_menu_link_color":"","ocean_menu_link_color_hover":"","ocean_menu_link_color_active":"","ocean_menu_link_background":"","ocean_menu_link_hover_background":"","ocean_menu_link_active_background":"","ocean_menu_social_links_bg":"","ocean_menu_social_hover_links_bg":"","ocean_menu_social_links_color":"","ocean_menu_social_hover_links_color":"","ocean_disable_title":"default","ocean_disable_heading":"default","ocean_post_title":"","ocean_post_subheading":"","ocean_post_title_style":"","ocean_post_title_background_color":"","ocean_post_title_background":0,"ocean_post_title_bg_image_position":"","ocean_post_title_bg_image_attachment":"","ocean_post_title_bg_image_repeat":"","ocean_post_title_bg_image_size":"","ocean_post_title_height":0,"ocean_post_title_bg_overlay":0.5,"ocean_post_title_bg_overlay_color":"","ocean_disable_breadcrumbs":"default","ocean_breadcrumbs_color":"","ocean_breadcrumbs_separator_color":"","ocean_breadcrumbs_links_color":"","ocean_breadcrumbs_links_hover_color":"","ocean_display_footer_widgets":"default","ocean_display_footer_bottom":"default","ocean_custom_footer_template":"","ocean_post_oembed":"","ocean_post_self_hosted_media":"","ocean_post_video_embed":"","ocean_link_format":"","ocean_link_format_target":"self","ocean_quote_format":"","ocean_quote_format_link":"post","ocean_gallery_link_images":"on","ocean_gallery_id":[],"footnotes":""},"categories":[133],"tags":[141],"class_list":["post-55740","post","type-post","status-publish","format-standard","has-post-thumbnail","hentry","category-notizie","tag-opportunita","entry","has-media"],"yoast_head":"<!-- This site is optimized with the Yoast SEO plugin v27.4 - https:\/\/yoast.com\/product\/yoast-seo-wordpress\/ -->\n<title>Bando per l&#039;attrazione e lo sviluppo di nuove attivit\u00e0 produttive nella provincia di Reggio Emilia - Italcamara<\/title>\n<meta name=\"robots\" content=\"index, follow, max-snippet:-1, max-image-preview:large, max-video-preview:-1\" \/>\n<link rel=\"canonical\" href=\"https:\/\/italcamara-es.com\/it\/notizie\/bando-per-lattrazione-e-lo-sviluppo-di-nuove-attivita-produttive-nella-provincia-di-reggio-emilia\/\" \/>\n<meta property=\"og:locale\" content=\"it_IT\" \/>\n<meta property=\"og:type\" content=\"article\" \/>\n<meta property=\"og:title\" content=\"Bando per l&#039;attrazione e lo sviluppo di nuove attivit\u00e0 produttive nella provincia di Reggio Emilia - Italcamara\" \/>\n<meta property=\"og:description\" content=\"Con uno stanziamento di 200.000 euro, la Camera di Commercio locale intende favorire l&#8217;attrazione di investimenti nazionali ed esteri sul territorio La Camera di Commercio di Reggio Emilia ha pubblicato un bando per l&#8217;attrazione e lo sviluppo di nuove attivit\u00e0 produttive rivolto a imprese manifatturiere interessate a investire nella provincia italiana. Con uno stanziamento di [&hellip;]\" \/>\n<meta property=\"og:url\" content=\"https:\/\/italcamara-es.com\/it\/notizie\/bando-per-lattrazione-e-lo-sviluppo-di-nuove-attivita-produttive-nella-provincia-di-reggio-emilia\/\" \/>\n<meta property=\"og:site_name\" content=\"Italcamara\" \/>\n<meta property=\"article:published_time\" content=\"2015-09-02T07:20:45+00:00\" \/>\n<meta property=\"og:image\" content=\"https:\/\/italcamara-es.com\/wp-content\/uploads\/2025\/03\/reggio-emilia230.jpg\" \/>\n\t<meta property=\"og:image:width\" content=\"230\" \/>\n\t<meta property=\"og:image:height\" content=\"152\" \/>\n\t<meta property=\"og:image:type\" content=\"image\/jpeg\" \/>\n<meta name=\"author\" content=\"administrador\" \/>\n<meta name=\"twitter:card\" content=\"summary_large_image\" \/>\n<meta name=\"twitter:label1\" content=\"Scritto da\" \/>\n\t<meta name=\"twitter:data1\" content=\"administrador\" \/>\n\t<meta name=\"twitter:label2\" content=\"Tempo di lettura stimato\" \/>\n\t<meta name=\"twitter:data2\" content=\"2 minuti\" \/>\n<script type=\"application\/ld+json\" class=\"yoast-schema-graph\">{\"@context\":\"https:\\\/\\\/schema.org\",\"@graph\":[{\"@type\":\"Article\",\"@id\":\"https:\\\/\\\/italcamara-es.com\\\/it\\\/notizie\\\/bando-per-lattrazione-e-lo-sviluppo-di-nuove-attivita-produttive-nella-provincia-di-reggio-emilia\\\/#article\",\"isPartOf\":{\"@id\":\"https:\\\/\\\/italcamara-es.com\\\/it\\\/notizie\\\/bando-per-lattrazione-e-lo-sviluppo-di-nuove-attivita-produttive-nella-provincia-di-reggio-emilia\\\/\"},\"author\":{\"name\":\"administrador\",\"@id\":\"https:\\\/\\\/italcamara-es.com\\\/#\\\/schema\\\/person\\\/bb3c56263e405bbd9a15171dcfee93bb\"},\"headline\":\"Bando per l&#8217;attrazione e lo sviluppo di nuove attivit\u00e0 produttive nella provincia di Reggio Emilia\",\"datePublished\":\"2015-09-02T07:20:45+00:00\",\"mainEntityOfPage\":{\"@id\":\"https:\\\/\\\/italcamara-es.com\\\/it\\\/notizie\\\/bando-per-lattrazione-e-lo-sviluppo-di-nuove-attivita-produttive-nella-provincia-di-reggio-emilia\\\/\"},\"wordCount\":342,\"commentCount\":0,\"image\":{\"@id\":\"https:\\\/\\\/italcamara-es.com\\\/it\\\/notizie\\\/bando-per-lattrazione-e-lo-sviluppo-di-nuove-attivita-produttive-nella-provincia-di-reggio-emilia\\\/#primaryimage\"},\"thumbnailUrl\":\"https:\\\/\\\/italcamara-es.com\\\/wp-content\\\/uploads\\\/2025\\\/03\\\/reggio-emilia230.jpg\",\"keywords\":[\"Opportunit\u00e0\"],\"articleSection\":[\"Notizie\"],\"inLanguage\":\"it-IT\",\"potentialAction\":[{\"@type\":\"CommentAction\",\"name\":\"Comment\",\"target\":[\"https:\\\/\\\/italcamara-es.com\\\/it\\\/notizie\\\/bando-per-lattrazione-e-lo-sviluppo-di-nuove-attivita-produttive-nella-provincia-di-reggio-emilia\\\/#respond\"]}]},{\"@type\":\"WebPage\",\"@id\":\"https:\\\/\\\/italcamara-es.com\\\/it\\\/notizie\\\/bando-per-lattrazione-e-lo-sviluppo-di-nuove-attivita-produttive-nella-provincia-di-reggio-emilia\\\/\",\"url\":\"https:\\\/\\\/italcamara-es.com\\\/it\\\/notizie\\\/bando-per-lattrazione-e-lo-sviluppo-di-nuove-attivita-produttive-nella-provincia-di-reggio-emilia\\\/\",\"name\":\"Bando per l'attrazione e lo sviluppo di nuove attivit\u00e0 produttive nella provincia di Reggio Emilia - Italcamara\",\"isPartOf\":{\"@id\":\"https:\\\/\\\/italcamara-es.com\\\/#website\"},\"primaryImageOfPage\":{\"@id\":\"https:\\\/\\\/italcamara-es.com\\\/it\\\/notizie\\\/bando-per-lattrazione-e-lo-sviluppo-di-nuove-attivita-produttive-nella-provincia-di-reggio-emilia\\\/#primaryimage\"},\"image\":{\"@id\":\"https:\\\/\\\/italcamara-es.com\\\/it\\\/notizie\\\/bando-per-lattrazione-e-lo-sviluppo-di-nuove-attivita-produttive-nella-provincia-di-reggio-emilia\\\/#primaryimage\"},\"thumbnailUrl\":\"https:\\\/\\\/italcamara-es.com\\\/wp-content\\\/uploads\\\/2025\\\/03\\\/reggio-emilia230.jpg\",\"datePublished\":\"2015-09-02T07:20:45+00:00\",\"author\":{\"@id\":\"https:\\\/\\\/italcamara-es.com\\\/#\\\/schema\\\/person\\\/bb3c56263e405bbd9a15171dcfee93bb\"},\"breadcrumb\":{\"@id\":\"https:\\\/\\\/italcamara-es.com\\\/it\\\/notizie\\\/bando-per-lattrazione-e-lo-sviluppo-di-nuove-attivita-produttive-nella-provincia-di-reggio-emilia\\\/#breadcrumb\"},\"inLanguage\":\"it-IT\",\"potentialAction\":[{\"@type\":\"ReadAction\",\"target\":[\"https:\\\/\\\/italcamara-es.com\\\/it\\\/notizie\\\/bando-per-lattrazione-e-lo-sviluppo-di-nuove-attivita-produttive-nella-provincia-di-reggio-emilia\\\/\"]}]},{\"@type\":\"ImageObject\",\"inLanguage\":\"it-IT\",\"@id\":\"https:\\\/\\\/italcamara-es.com\\\/it\\\/notizie\\\/bando-per-lattrazione-e-lo-sviluppo-di-nuove-attivita-produttive-nella-provincia-di-reggio-emilia\\\/#primaryimage\",\"url\":\"https:\\\/\\\/italcamara-es.com\\\/wp-content\\\/uploads\\\/2025\\\/03\\\/reggio-emilia230.jpg\",\"contentUrl\":\"https:\\\/\\\/italcamara-es.com\\\/wp-content\\\/uploads\\\/2025\\\/03\\\/reggio-emilia230.jpg\",\"width\":230,\"height\":152},{\"@type\":\"BreadcrumbList\",\"@id\":\"https:\\\/\\\/italcamara-es.com\\\/it\\\/notizie\\\/bando-per-lattrazione-e-lo-sviluppo-di-nuove-attivita-produttive-nella-provincia-di-reggio-emilia\\\/#breadcrumb\",\"itemListElement\":[{\"@type\":\"ListItem\",\"position\":1,\"name\":\"Inicio\",\"item\":\"https:\\\/\\\/italcamara-es.com\\\/it\\\/homepage-ita\\\/\"},{\"@type\":\"ListItem\",\"position\":2,\"name\":\"Bando per l&#8217;attrazione e lo sviluppo di nuove attivit\u00e0 produttive nella provincia di Reggio Emilia\"}]},{\"@type\":\"WebSite\",\"@id\":\"https:\\\/\\\/italcamara-es.com\\\/#website\",\"url\":\"https:\\\/\\\/italcamara-es.com\\\/\",\"name\":\"Italcamara\",\"description\":\"\",\"potentialAction\":[{\"@type\":\"SearchAction\",\"target\":{\"@type\":\"EntryPoint\",\"urlTemplate\":\"https:\\\/\\\/italcamara-es.com\\\/?s={search_term_string}\"},\"query-input\":{\"@type\":\"PropertyValueSpecification\",\"valueRequired\":true,\"valueName\":\"search_term_string\"}}],\"inLanguage\":\"it-IT\"},{\"@type\":\"Person\",\"@id\":\"https:\\\/\\\/italcamara-es.com\\\/#\\\/schema\\\/person\\\/bb3c56263e405bbd9a15171dcfee93bb\",\"name\":\"administrador\",\"image\":{\"@type\":\"ImageObject\",\"inLanguage\":\"it-IT\",\"@id\":\"https:\\\/\\\/secure.gravatar.com\\\/avatar\\\/14b5e63db38320b12031bb28cf9f77e210aa71fb3a8a3602a3c9a05134fa75eb?s=96&d=mm&r=g\",\"url\":\"https:\\\/\\\/secure.gravatar.com\\\/avatar\\\/14b5e63db38320b12031bb28cf9f77e210aa71fb3a8a3602a3c9a05134fa75eb?s=96&d=mm&r=g\",\"contentUrl\":\"https:\\\/\\\/secure.gravatar.com\\\/avatar\\\/14b5e63db38320b12031bb28cf9f77e210aa71fb3a8a3602a3c9a05134fa75eb?s=96&d=mm&r=g\",\"caption\":\"administrador\"},\"sameAs\":[\"http:\\\/\\\/pre.italcamara-es.com\"],\"url\":\"https:\\\/\\\/italcamara-es.com\\\/it\\\/author\\\/administrador\\\/\"}]}<\/script>\n<!-- \/ Yoast SEO plugin. -->","yoast_head_json":{"title":"Bando per l'attrazione e lo sviluppo di nuove attivit\u00e0 produttive nella provincia di Reggio Emilia - Italcamara","robots":{"index":"index","follow":"follow","max-snippet":"max-snippet:-1","max-image-preview":"max-image-preview:large","max-video-preview":"max-video-preview:-1"},"canonical":"https:\/\/italcamara-es.com\/it\/notizie\/bando-per-lattrazione-e-lo-sviluppo-di-nuove-attivita-produttive-nella-provincia-di-reggio-emilia\/","og_locale":"it_IT","og_type":"article","og_title":"Bando per l'attrazione e lo sviluppo di nuove attivit\u00e0 produttive nella provincia di Reggio Emilia - Italcamara","og_description":"Con uno stanziamento di 200.000 euro, la Camera di Commercio locale intende favorire l&#8217;attrazione di investimenti nazionali ed esteri sul territorio La Camera di Commercio di Reggio Emilia ha pubblicato un bando per l&#8217;attrazione e lo sviluppo di nuove attivit\u00e0 produttive rivolto a imprese manifatturiere interessate a investire nella provincia italiana. Con uno stanziamento di [&hellip;]","og_url":"https:\/\/italcamara-es.com\/it\/notizie\/bando-per-lattrazione-e-lo-sviluppo-di-nuove-attivita-produttive-nella-provincia-di-reggio-emilia\/","og_site_name":"Italcamara","article_published_time":"2015-09-02T07:20:45+00:00","og_image":[{"width":230,"height":152,"url":"https:\/\/italcamara-es.com\/wp-content\/uploads\/2025\/03\/reggio-emilia230.jpg","type":"image\/jpeg"}],"author":"administrador","twitter_card":"summary_large_image","twitter_misc":{"Scritto da":"administrador","Tempo di lettura stimato":"2 minuti"},"schema":{"@context":"https:\/\/schema.org","@graph":[{"@type":"Article","@id":"https:\/\/italcamara-es.com\/it\/notizie\/bando-per-lattrazione-e-lo-sviluppo-di-nuove-attivita-produttive-nella-provincia-di-reggio-emilia\/#article","isPartOf":{"@id":"https:\/\/italcamara-es.com\/it\/notizie\/bando-per-lattrazione-e-lo-sviluppo-di-nuove-attivita-produttive-nella-provincia-di-reggio-emilia\/"},"author":{"name":"administrador","@id":"https:\/\/italcamara-es.com\/#\/schema\/person\/bb3c56263e405bbd9a15171dcfee93bb"},"headline":"Bando per l&#8217;attrazione e lo sviluppo di nuove attivit\u00e0 produttive nella provincia di Reggio Emilia","datePublished":"2015-09-02T07:20:45+00:00","mainEntityOfPage":{"@id":"https:\/\/italcamara-es.com\/it\/notizie\/bando-per-lattrazione-e-lo-sviluppo-di-nuove-attivita-produttive-nella-provincia-di-reggio-emilia\/"},"wordCount":342,"commentCount":0,"image":{"@id":"https:\/\/italcamara-es.com\/it\/notizie\/bando-per-lattrazione-e-lo-sviluppo-di-nuove-attivita-produttive-nella-provincia-di-reggio-emilia\/#primaryimage"},"thumbnailUrl":"https:\/\/italcamara-es.com\/wp-content\/uploads\/2025\/03\/reggio-emilia230.jpg","keywords":["Opportunit\u00e0"],"articleSection":["Notizie"],"inLanguage":"it-IT","potentialAction":[{"@type":"CommentAction","name":"Comment","target":["https:\/\/italcamara-es.com\/it\/notizie\/bando-per-lattrazione-e-lo-sviluppo-di-nuove-attivita-produttive-nella-provincia-di-reggio-emilia\/#respond"]}]},{"@type":"WebPage","@id":"https:\/\/italcamara-es.com\/it\/notizie\/bando-per-lattrazione-e-lo-sviluppo-di-nuove-attivita-produttive-nella-provincia-di-reggio-emilia\/","url":"https:\/\/italcamara-es.com\/it\/notizie\/bando-per-lattrazione-e-lo-sviluppo-di-nuove-attivita-produttive-nella-provincia-di-reggio-emilia\/","name":"Bando per l'attrazione e lo sviluppo di nuove attivit\u00e0 produttive nella provincia di Reggio Emilia - Italcamara","isPartOf":{"@id":"https:\/\/italcamara-es.com\/#website"},"primaryImageOfPage":{"@id":"https:\/\/italcamara-es.com\/it\/notizie\/bando-per-lattrazione-e-lo-sviluppo-di-nuove-attivita-produttive-nella-provincia-di-reggio-emilia\/#primaryimage"},"image":{"@id":"https:\/\/italcamara-es.com\/it\/notizie\/bando-per-lattrazione-e-lo-sviluppo-di-nuove-attivita-produttive-nella-provincia-di-reggio-emilia\/#primaryimage"},"thumbnailUrl":"https:\/\/italcamara-es.com\/wp-content\/uploads\/2025\/03\/reggio-emilia230.jpg","datePublished":"2015-09-02T07:20:45+00:00","author":{"@id":"https:\/\/italcamara-es.com\/#\/schema\/person\/bb3c56263e405bbd9a15171dcfee93bb"},"breadcrumb":{"@id":"https:\/\/italcamara-es.com\/it\/notizie\/bando-per-lattrazione-e-lo-sviluppo-di-nuove-attivita-produttive-nella-provincia-di-reggio-emilia\/#breadcrumb"},"inLanguage":"it-IT","potentialAction":[{"@type":"ReadAction","target":["https:\/\/italcamara-es.com\/it\/notizie\/bando-per-lattrazione-e-lo-sviluppo-di-nuove-attivita-produttive-nella-provincia-di-reggio-emilia\/"]}]},{"@type":"ImageObject","inLanguage":"it-IT","@id":"https:\/\/italcamara-es.com\/it\/notizie\/bando-per-lattrazione-e-lo-sviluppo-di-nuove-attivita-produttive-nella-provincia-di-reggio-emilia\/#primaryimage","url":"https:\/\/italcamara-es.com\/wp-content\/uploads\/2025\/03\/reggio-emilia230.jpg","contentUrl":"https:\/\/italcamara-es.com\/wp-content\/uploads\/2025\/03\/reggio-emilia230.jpg","width":230,"height":152},{"@type":"BreadcrumbList","@id":"https:\/\/italcamara-es.com\/it\/notizie\/bando-per-lattrazione-e-lo-sviluppo-di-nuove-attivita-produttive-nella-provincia-di-reggio-emilia\/#breadcrumb","itemListElement":[{"@type":"ListItem","position":1,"name":"Inicio","item":"https:\/\/italcamara-es.com\/it\/homepage-ita\/"},{"@type":"ListItem","position":2,"name":"Bando per l&#8217;attrazione e lo sviluppo di nuove attivit\u00e0 produttive nella provincia di Reggio Emilia"}]},{"@type":"WebSite","@id":"https:\/\/italcamara-es.com\/#website","url":"https:\/\/italcamara-es.com\/","name":"Italcamara","description":"","potentialAction":[{"@type":"SearchAction","target":{"@type":"EntryPoint","urlTemplate":"https:\/\/italcamara-es.com\/?s={search_term_string}"},"query-input":{"@type":"PropertyValueSpecification","valueRequired":true,"valueName":"search_term_string"}}],"inLanguage":"it-IT"},{"@type":"Person","@id":"https:\/\/italcamara-es.com\/#\/schema\/person\/bb3c56263e405bbd9a15171dcfee93bb","name":"administrador","image":{"@type":"ImageObject","inLanguage":"it-IT","@id":"https:\/\/secure.gravatar.com\/avatar\/14b5e63db38320b12031bb28cf9f77e210aa71fb3a8a3602a3c9a05134fa75eb?s=96&d=mm&r=g","url":"https:\/\/secure.gravatar.com\/avatar\/14b5e63db38320b12031bb28cf9f77e210aa71fb3a8a3602a3c9a05134fa75eb?s=96&d=mm&r=g","contentUrl":"https:\/\/secure.gravatar.com\/avatar\/14b5e63db38320b12031bb28cf9f77e210aa71fb3a8a3602a3c9a05134fa75eb?s=96&d=mm&r=g","caption":"administrador"},"sameAs":["http:\/\/pre.italcamara-es.com"],"url":"https:\/\/italcamara-es.com\/it\/author\/administrador\/"}]}},"rttpg_featured_image_url":{"full":["https:\/\/italcamara-es.com\/wp-content\/uploads\/2025\/03\/reggio-emilia230.jpg",230,152,false],"landscape":["https:\/\/italcamara-es.com\/wp-content\/uploads\/2025\/03\/reggio-emilia230.jpg",230,152,false],"portraits":["https:\/\/italcamara-es.com\/wp-content\/uploads\/2025\/03\/reggio-emilia230.jpg",230,152,false],"thumbnail":["https:\/\/italcamara-es.com\/wp-content\/uploads\/2025\/03\/reggio-emilia230-150x150.jpg",150,150,true],"medium":["https:\/\/italcamara-es.com\/wp-content\/uploads\/2025\/03\/reggio-emilia230.jpg",230,152,false],"large":["https:\/\/italcamara-es.com\/wp-content\/uploads\/2025\/03\/reggio-emilia230.jpg",230,152,false],"1536x1536":["https:\/\/italcamara-es.com\/wp-content\/uploads\/2025\/03\/reggio-emilia230.jpg",230,152,false],"2048x2048":["https:\/\/italcamara-es.com\/wp-content\/uploads\/2025\/03\/reggio-emilia230.jpg",230,152,false],"ocean-thumb-m":["https:\/\/italcamara-es.com\/wp-content\/uploads\/2025\/03\/reggio-emilia230.jpg",230,152,false],"ocean-thumb-ml":["https:\/\/italcamara-es.com\/wp-content\/uploads\/2025\/03\/reggio-emilia230.jpg",230,152,false],"ocean-thumb-l":["https:\/\/italcamara-es.com\/wp-content\/uploads\/2025\/03\/reggio-emilia230.jpg",230,152,false],"directorist_preview":["https:\/\/italcamara-es.com\/wp-content\/uploads\/2025\/03\/reggio-emilia230.jpg",230,152,false]},"rttpg_author":{"display_name":"administrador","author_link":"https:\/\/italcamara-es.com\/it\/author\/administrador\/"},"rttpg_comment":0,"rttpg_category":"<a href=\"https:\/\/italcamara-es.com\/it\/category\/notizie\/\" rel=\"category tag\">Notizie<\/a>","rttpg_excerpt":"Con uno stanziamento di 200.000 euro, la Camera di Commercio locale intende favorire l&#8217;attrazione di investimenti nazionali ed esteri sul territorio La Camera di Commercio di Reggio Emilia ha pubblicato un bando per l&#8217;attrazione e lo sviluppo di nuove attivit\u00e0 produttive rivolto a imprese manifatturiere interessate a investire nella provincia italiana. Con uno stanziamento di&hellip;","_links":{"self":[{"href":"https:\/\/italcamara-es.com\/it\/wp-json\/wp\/v2\/posts\/55740","targetHints":{"allow":["GET"]}}],"collection":[{"href":"https:\/\/italcamara-es.com\/it\/wp-json\/wp\/v2\/posts"}],"about":[{"href":"https:\/\/italcamara-es.com\/it\/wp-json\/wp\/v2\/types\/post"}],"author":[{"embeddable":true,"href":"https:\/\/italcamara-es.com\/it\/wp-json\/wp\/v2\/users\/1"}],"replies":[{"embeddable":true,"href":"https:\/\/italcamara-es.com\/it\/wp-json\/wp\/v2\/comments?post=55740"}],"version-history":[{"count":0,"href":"https:\/\/italcamara-es.com\/it\/wp-json\/wp\/v2\/posts\/55740\/revisions"}],"wp:featuredmedia":[{"embeddable":true,"href":"https:\/\/italcamara-es.com\/it\/wp-json\/wp\/v2\/media\/55322"}],"wp:attachment":[{"href":"https:\/\/italcamara-es.com\/it\/wp-json\/wp\/v2\/media?parent=55740"}],"wp:term":[{"taxonomy":"category","embeddable":true,"href":"https:\/\/italcamara-es.com\/it\/wp-json\/wp\/v2\/categories?post=55740"},{"taxonomy":"post_tag","embeddable":true,"href":"https:\/\/italcamara-es.com\/it\/wp-json\/wp\/v2\/tags?post=55740"}],"curies":[{"name":"wp","href":"https:\/\/api.w.org\/{rel}","templated":true}]}}