	{"id":55750,"date":"2018-05-14T16:01:09","date_gmt":"2018-05-14T14:01:09","guid":{"rendered":"http:\/\/pre.italcamara-es.com\/senza-categoria\/il-condhotel-arriva-in-italia\/"},"modified":"2025-03-30T14:09:16","modified_gmt":"2025-03-30T12:09:16","slug":"il-condhotel-arriva-in-italia","status":"publish","type":"post","link":"https:\/\/italcamara-es.com\/it\/notizie\/il-condhotel-arriva-in-italia\/","title":{"rendered":"Il \u201cCondhotel\u201d arriva in Italia"},"content":{"rendered":"<p>Grazie alla pubblicazione del D.L. 133\/2014 (c.d. decreto Sblocca Italia) e del recente decreto Presidente del Consiglio dei Ministri del 22 gennaio 2018, il <strong>Condhotel<\/strong> approda in Italia.<\/p>\n<p>&nbsp;<\/p>\n<p>Si tratta di un fenomeno immobiliare consolidatosi negli Stati Uniti e, in generale, nei paesi di matrice anglosassone. Il suo\u00a0<em>concept <\/em>consiste nell\u2019attribuzione della propriet\u00e0 piena di una o pi\u00f9 unit\u00e0 immobiliari ubicate all\u2019interno di una struttura alberghiera (per lo pi\u00f9 di lusso), adibite ad uso personale\/residenziale dell\u2019acquirente, ma che al contempo possono produrre un profitto quando non utilizzate dal proprietario e offerte alla clientela dell\u2019albergo.<\/p>\n<p>&nbsp;<\/p>\n<p>Il Condhotel pu\u00f2 nascere sia dalla trasformazione in appartamenti di un albergo esistente, sia dall\u2019aggregazione ad un hotel di un certo numero di appartamenti ubicati nelle vicinanze.<\/p>\n<p>&nbsp;<\/p>\n<p><em><strong>L\u2019obiettivo<\/strong>:<\/em><\/p>\n<p>Frazionare un unico immobile adibito ad albergo (con vincolo di destinazione turistico-alberghiera) in singole unit\u00e0 (le stanze) dello stesso, alla condizione per l\u2019acquirente di conferire mandato al venditore ovvero al gestore della struttura alberghiera di locarle a terzi come camere d\u2019albergo per brevi periodi, dietro un corrispettivo in favore dell\u2019acquirente-proprietario pari ad una percentuale su base periodica del prezzo d\u2019acquisto.<\/p>\n<p>&nbsp;<\/p>\n<p><em><strong>I vantaggi<\/strong>: <\/em><\/p>\n<p>Per la <strong>propriet\u00e0 dell\u2019albergo<\/strong>: ottenere un ricavo immediato, derivante dal prezzo di vendita dell\u2019unit\u00e0 immobiliare venduta, destinata ad esempio a ripagare l\u2019investimento ovvero a ristrutturare l\u2019albergo; per l\u2019<strong>acquirente<\/strong>: diventare proprietario di uno o pi\u00f9 piccoli immobili, di poterne usufruire in alcuni periodi dell\u2019anno e di percepire un profitto prestabilito quando non lo utilizzasse; per <strong>gli utenti<\/strong>: usufruire di strutture ricettive ristrutturate e moderne: pi\u00f9 alto \u00e8 il comfort dell\u2019albergo e i turisti, maggiori saranno i profitti per tutti gli attori.<\/p>\n<p>&nbsp;<\/p>\n<p>&nbsp;<\/p>\n<p>Con la pubblicazione del <strong><u>DPCM del 22 gennaio 2018<\/u><\/strong>, viene finalmente stabilita in maniera organica l\u2019intera materia dei Condhotel, che indica i criteri e le modalit\u00e0 per la rimozione del vincolo di destinazione alberghiera limitatamente alle unit\u00e0 compravendute che vengono adibite a destinazione residenziale, tra cui:<\/p>\n<p>&nbsp;<\/p>\n<p><em><strong>Condizioni di esercizio<\/strong>:<\/em><\/p>\n<p>(a) la presenza di almeno 7 camere, al netto delle unit\u00e0 abitative ad uso residenziale, anche se ubicati in pi\u00f9 edifici, se inseriti in un unico contesto ed aventi una distanza non superiore a 200 metri lineari dall\u2019edificio alberghiero sede del ricevimento;<\/p>\n<p>(b) la percentuale massima delle unit\u00e0 abitative non pu\u00f2 superare il 40% della superficie totale netta destinata alle camere;<\/p>\n<p>(c) unica portineria per gli ospiti della struttura alberghiera e per i proprietari delle unit\u00e0 abitative;<\/p>\n<p>(d) gestione unitaria dei servizi del Condhotel offerti agli ospiti della struttura alberghiera e ai proprietari delle unit\u00e0 abitative per la durata stabilita nel contratto di compravendita delle unit\u00e0 abitative e comunque non inferiore a 10 anni dall\u2019avvio del Condhotel;<\/p>\n<p>(e) eventuale esecuzione di interventi di riqualificazione per ottenere per la struttura alberghiera una classificazione minima di 3 stelle.<\/p>\n<p>&nbsp;<\/p>\n<p><em><strong>Obblighi del gestore unico<\/strong>:<\/em><\/p>\n<p>Dovr\u00e0 impegnarsi ad offrire ai proprietari delle unit\u00e0 abitative tutti i servizi previsti dalla normativa vigente, quelli pattuiti in via convenzionale e quelli concernenti l\u2019uso delle strutture comuni.<\/p>\n<p>&nbsp;<\/p>\n<p><em><strong>Obblighi del proprietario dell\u2019unit\u00e0 abitativa ad uso residenziale<\/strong>:<\/em><\/p>\n<p>Dovr\u00e0 rispettare le modalit\u00e0 di conduzione del Condhotel e garantire l\u2019omogeneit\u00e0 estetica dell\u2019immobile in caso di interventi edilizi sull\u2019unit\u00e0 acquisita.<\/p>\n<p>&nbsp;<\/p>\n<p><em><strong>Rimozione del vincolo di destinazione alberghiera<\/strong>:<\/em><\/p>\n<p>Ai fini della rimozione del vincolo di destinazione alberghiera in caso di interventi edilizi sugli esercizi alberghieri esistenti e limitatamente alla quota delle unit\u00e0 abitative ad uso residenziale, il DPCM prevede due soluzioni:<\/p>\n<p>&#8211; ove sia necessaria la variante urbanistica, le Regioni possano prevedere modalit\u00e0 semplificate per l\u2019approvazione di varianti agli strumenti urbanistici da parte dei Comuni;<\/p>\n<p>&#8211; ove la variante urbanistica non sia necessaria, i Comuni possono concedere lo svincolo parziale degli edifici destinati ad esercizio alberghiero con il cambio di destinazione d\u2019uso a civile abitazione, previo pagamento dei relativi oneri di urbanizzazione, e la possibilit\u00e0 di frazionamento e alienazione anche per singola unit\u00e0 abitativa, purch\u00e8 venga mantenuta la gestione unitaria e le atre disposizioni del DPCM.<\/p>\n<p>&nbsp;<\/p>\n<p><em>Fonte:<\/em>\u00a0Matteo Molesti, avvocato di Lawyalty\u00a0&#8211; <a href=\"http:\/\/www.lawyalty.it\" target=\"_blank\" rel=\"noopener\">www.lawyalty.it<\/a><\/p>\n","protected":false},"excerpt":{"rendered":"<p>Grazie alla pubblicazione del D.L. 133\/2014 (c.d. decreto Sblocca Italia) e del recente decreto Presidente del Consiglio dei Ministri del 22 gennaio 2018, il Condhotel approda in Italia. &nbsp; Si tratta di un fenomeno immobiliare consolidatosi negli Stati Uniti e, in generale, nei paesi di matrice anglosassone. Il suo\u00a0concept consiste nell\u2019attribuzione della propriet\u00e0 piena di [&hellip;]<\/p>\n","protected":false},"author":1,"featured_media":52575,"comment_status":"open","ping_status":"open","sticky":false,"template":"","format":"standard","meta":{"inline_featured_image":false,"ocean_post_layout":"","ocean_both_sidebars_style":"","ocean_both_sidebars_content_width":0,"ocean_both_sidebars_sidebars_width":0,"ocean_sidebar":"","ocean_second_sidebar":"","ocean_disable_margins":"enable","ocean_add_body_class":"","ocean_shortcode_before_top_bar":"","ocean_shortcode_after_top_bar":"","ocean_shortcode_before_header":"","ocean_shortcode_after_header":"","ocean_has_shortcode":"","ocean_shortcode_after_title":"","ocean_shortcode_before_footer_widgets":"","ocean_shortcode_after_footer_widgets":"","ocean_shortcode_before_footer_bottom":"","ocean_shortcode_after_footer_bottom":"","ocean_display_top_bar":"default","ocean_display_header":"default","ocean_header_style":"","ocean_center_header_left_menu":"","ocean_custom_header_template":"","ocean_custom_logo":0,"ocean_custom_retina_logo":0,"ocean_custom_logo_max_width":0,"ocean_custom_logo_tablet_max_width":0,"ocean_custom_logo_mobile_max_width":0,"ocean_custom_logo_max_height":0,"ocean_custom_logo_tablet_max_height":0,"ocean_custom_logo_mobile_max_height":0,"ocean_header_custom_menu":"","ocean_menu_typo_font_family":"","ocean_menu_typo_font_subset":"","ocean_menu_typo_font_size":0,"ocean_menu_typo_font_size_tablet":0,"ocean_menu_typo_font_size_mobile":0,"ocean_menu_typo_font_size_unit":"px","ocean_menu_typo_font_weight":"","ocean_menu_typo_font_weight_tablet":"","ocean_menu_typo_font_weight_mobile":"","ocean_menu_typo_transform":"","ocean_menu_typo_transform_tablet":"","ocean_menu_typo_transform_mobile":"","ocean_menu_typo_line_height":0,"ocean_menu_typo_line_height_tablet":0,"ocean_menu_typo_line_height_mobile":0,"ocean_menu_typo_line_height_unit":"","ocean_menu_typo_spacing":0,"ocean_menu_typo_spacing_tablet":0,"ocean_menu_typo_spacing_mobile":0,"ocean_menu_typo_spacing_unit":"","ocean_menu_link_color":"","ocean_menu_link_color_hover":"","ocean_menu_link_color_active":"","ocean_menu_link_background":"","ocean_menu_link_hover_background":"","ocean_menu_link_active_background":"","ocean_menu_social_links_bg":"","ocean_menu_social_hover_links_bg":"","ocean_menu_social_links_color":"","ocean_menu_social_hover_links_color":"","ocean_disable_title":"default","ocean_disable_heading":"default","ocean_post_title":"","ocean_post_subheading":"","ocean_post_title_style":"","ocean_post_title_background_color":"","ocean_post_title_background":0,"ocean_post_title_bg_image_position":"","ocean_post_title_bg_image_attachment":"","ocean_post_title_bg_image_repeat":"","ocean_post_title_bg_image_size":"","ocean_post_title_height":0,"ocean_post_title_bg_overlay":0.5,"ocean_post_title_bg_overlay_color":"","ocean_disable_breadcrumbs":"default","ocean_breadcrumbs_color":"","ocean_breadcrumbs_separator_color":"","ocean_breadcrumbs_links_color":"","ocean_breadcrumbs_links_hover_color":"","ocean_display_footer_widgets":"default","ocean_display_footer_bottom":"default","ocean_custom_footer_template":"","ocean_post_oembed":"","ocean_post_self_hosted_media":"","ocean_post_video_embed":"","ocean_link_format":"","ocean_link_format_target":"self","ocean_quote_format":"","ocean_quote_format_link":"post","ocean_gallery_link_images":"on","ocean_gallery_id":[],"footnotes":""},"categories":[133],"tags":[138,141],"class_list":["post-55750","post","type-post","status-publish","format-standard","has-post-thumbnail","hentry","category-notizie","tag-notizie-di-mercato","tag-opportunita","entry","has-media"],"yoast_head":"<!-- This site is optimized with the Yoast SEO plugin v27.4 - https:\/\/yoast.com\/product\/yoast-seo-wordpress\/ -->\n<title>Il \u201cCondhotel\u201d arriva in Italia - Italcamara<\/title>\n<meta name=\"robots\" content=\"index, follow, max-snippet:-1, max-image-preview:large, max-video-preview:-1\" \/>\n<link rel=\"canonical\" href=\"https:\/\/italcamara-es.com\/it\/notizie\/il-condhotel-arriva-in-italia\/\" \/>\n<meta property=\"og:locale\" content=\"it_IT\" \/>\n<meta property=\"og:type\" content=\"article\" \/>\n<meta property=\"og:title\" content=\"Il \u201cCondhotel\u201d arriva in Italia - Italcamara\" \/>\n<meta property=\"og:description\" content=\"Grazie alla pubblicazione del D.L. 133\/2014 (c.d. decreto Sblocca Italia) e del recente decreto Presidente del Consiglio dei Ministri del 22 gennaio 2018, il Condhotel approda in Italia. &nbsp; Si tratta di un fenomeno immobiliare consolidatosi negli Stati Uniti e, in generale, nei paesi di matrice anglosassone. Il suo\u00a0concept consiste nell\u2019attribuzione della propriet\u00e0 piena di [&hellip;]\" \/>\n<meta property=\"og:url\" content=\"https:\/\/italcamara-es.com\/it\/notizie\/il-condhotel-arriva-in-italia\/\" \/>\n<meta property=\"og:site_name\" content=\"Italcamara\" \/>\n<meta property=\"article:published_time\" content=\"2018-05-14T14:01:09+00:00\" \/>\n<meta property=\"article:modified_time\" content=\"2025-03-30T12:09:16+00:00\" \/>\n<meta property=\"og:image\" content=\"https:\/\/italcamara-es.com\/wp-content\/uploads\/2025\/03\/condhotel250.jpg\" \/>\n\t<meta property=\"og:image:width\" content=\"250\" \/>\n\t<meta property=\"og:image:height\" content=\"140\" \/>\n\t<meta property=\"og:image:type\" content=\"image\/jpeg\" \/>\n<meta name=\"author\" content=\"administrador\" \/>\n<meta name=\"twitter:card\" content=\"summary_large_image\" \/>\n<meta name=\"twitter:label1\" content=\"Scritto da\" \/>\n\t<meta name=\"twitter:data1\" content=\"administrador\" \/>\n\t<meta name=\"twitter:label2\" content=\"Tempo di lettura stimato\" \/>\n\t<meta name=\"twitter:data2\" content=\"3 minuti\" \/>\n<script type=\"application\/ld+json\" class=\"yoast-schema-graph\">{\"@context\":\"https:\\\/\\\/schema.org\",\"@graph\":[{\"@type\":\"Article\",\"@id\":\"https:\\\/\\\/italcamara-es.com\\\/it\\\/notizie\\\/il-condhotel-arriva-in-italia\\\/#article\",\"isPartOf\":{\"@id\":\"https:\\\/\\\/italcamara-es.com\\\/it\\\/notizie\\\/il-condhotel-arriva-in-italia\\\/\"},\"author\":{\"name\":\"administrador\",\"@id\":\"https:\\\/\\\/italcamara-es.com\\\/#\\\/schema\\\/person\\\/bb3c56263e405bbd9a15171dcfee93bb\"},\"headline\":\"Il \u201cCondhotel\u201d arriva in Italia\",\"datePublished\":\"2018-05-14T14:01:09+00:00\",\"dateModified\":\"2025-03-30T12:09:16+00:00\",\"mainEntityOfPage\":{\"@id\":\"https:\\\/\\\/italcamara-es.com\\\/it\\\/notizie\\\/il-condhotel-arriva-in-italia\\\/\"},\"wordCount\":678,\"commentCount\":0,\"image\":{\"@id\":\"https:\\\/\\\/italcamara-es.com\\\/it\\\/notizie\\\/il-condhotel-arriva-in-italia\\\/#primaryimage\"},\"thumbnailUrl\":\"https:\\\/\\\/italcamara-es.com\\\/wp-content\\\/uploads\\\/2025\\\/03\\\/condhotel250.jpg\",\"keywords\":[\"Notizie di Mercato\",\"Opportunit\u00e0\"],\"articleSection\":[\"Notizie\"],\"inLanguage\":\"it-IT\",\"potentialAction\":[{\"@type\":\"CommentAction\",\"name\":\"Comment\",\"target\":[\"https:\\\/\\\/italcamara-es.com\\\/it\\\/notizie\\\/il-condhotel-arriva-in-italia\\\/#respond\"]}]},{\"@type\":\"WebPage\",\"@id\":\"https:\\\/\\\/italcamara-es.com\\\/it\\\/notizie\\\/il-condhotel-arriva-in-italia\\\/\",\"url\":\"https:\\\/\\\/italcamara-es.com\\\/it\\\/notizie\\\/il-condhotel-arriva-in-italia\\\/\",\"name\":\"Il \u201cCondhotel\u201d arriva in Italia - Italcamara\",\"isPartOf\":{\"@id\":\"https:\\\/\\\/italcamara-es.com\\\/#website\"},\"primaryImageOfPage\":{\"@id\":\"https:\\\/\\\/italcamara-es.com\\\/it\\\/notizie\\\/il-condhotel-arriva-in-italia\\\/#primaryimage\"},\"image\":{\"@id\":\"https:\\\/\\\/italcamara-es.com\\\/it\\\/notizie\\\/il-condhotel-arriva-in-italia\\\/#primaryimage\"},\"thumbnailUrl\":\"https:\\\/\\\/italcamara-es.com\\\/wp-content\\\/uploads\\\/2025\\\/03\\\/condhotel250.jpg\",\"datePublished\":\"2018-05-14T14:01:09+00:00\",\"dateModified\":\"2025-03-30T12:09:16+00:00\",\"author\":{\"@id\":\"https:\\\/\\\/italcamara-es.com\\\/#\\\/schema\\\/person\\\/bb3c56263e405bbd9a15171dcfee93bb\"},\"breadcrumb\":{\"@id\":\"https:\\\/\\\/italcamara-es.com\\\/it\\\/notizie\\\/il-condhotel-arriva-in-italia\\\/#breadcrumb\"},\"inLanguage\":\"it-IT\",\"potentialAction\":[{\"@type\":\"ReadAction\",\"target\":[\"https:\\\/\\\/italcamara-es.com\\\/it\\\/notizie\\\/il-condhotel-arriva-in-italia\\\/\"]}]},{\"@type\":\"ImageObject\",\"inLanguage\":\"it-IT\",\"@id\":\"https:\\\/\\\/italcamara-es.com\\\/it\\\/notizie\\\/il-condhotel-arriva-in-italia\\\/#primaryimage\",\"url\":\"https:\\\/\\\/italcamara-es.com\\\/wp-content\\\/uploads\\\/2025\\\/03\\\/condhotel250.jpg\",\"contentUrl\":\"https:\\\/\\\/italcamara-es.com\\\/wp-content\\\/uploads\\\/2025\\\/03\\\/condhotel250.jpg\",\"width\":250,\"height\":140},{\"@type\":\"BreadcrumbList\",\"@id\":\"https:\\\/\\\/italcamara-es.com\\\/it\\\/notizie\\\/il-condhotel-arriva-in-italia\\\/#breadcrumb\",\"itemListElement\":[{\"@type\":\"ListItem\",\"position\":1,\"name\":\"Inicio\",\"item\":\"https:\\\/\\\/italcamara-es.com\\\/\"},{\"@type\":\"ListItem\",\"position\":2,\"name\":\"Il \u201cCondhotel\u201d arriva in Italia\"}]},{\"@type\":\"WebSite\",\"@id\":\"https:\\\/\\\/italcamara-es.com\\\/#website\",\"url\":\"https:\\\/\\\/italcamara-es.com\\\/\",\"name\":\"Italcamara\",\"description\":\"\",\"potentialAction\":[{\"@type\":\"SearchAction\",\"target\":{\"@type\":\"EntryPoint\",\"urlTemplate\":\"https:\\\/\\\/italcamara-es.com\\\/?s={search_term_string}\"},\"query-input\":{\"@type\":\"PropertyValueSpecification\",\"valueRequired\":true,\"valueName\":\"search_term_string\"}}],\"inLanguage\":\"it-IT\"},{\"@type\":\"Person\",\"@id\":\"https:\\\/\\\/italcamara-es.com\\\/#\\\/schema\\\/person\\\/bb3c56263e405bbd9a15171dcfee93bb\",\"name\":\"administrador\",\"image\":{\"@type\":\"ImageObject\",\"inLanguage\":\"it-IT\",\"@id\":\"https:\\\/\\\/secure.gravatar.com\\\/avatar\\\/14b5e63db38320b12031bb28cf9f77e210aa71fb3a8a3602a3c9a05134fa75eb?s=96&d=mm&r=g\",\"url\":\"https:\\\/\\\/secure.gravatar.com\\\/avatar\\\/14b5e63db38320b12031bb28cf9f77e210aa71fb3a8a3602a3c9a05134fa75eb?s=96&d=mm&r=g\",\"contentUrl\":\"https:\\\/\\\/secure.gravatar.com\\\/avatar\\\/14b5e63db38320b12031bb28cf9f77e210aa71fb3a8a3602a3c9a05134fa75eb?s=96&d=mm&r=g\",\"caption\":\"administrador\"},\"sameAs\":[\"http:\\\/\\\/pre.italcamara-es.com\"],\"url\":\"https:\\\/\\\/italcamara-es.com\\\/it\\\/author\\\/administrador\\\/\"}]}<\/script>\n<!-- \/ Yoast SEO plugin. -->","yoast_head_json":{"title":"Il \u201cCondhotel\u201d arriva in Italia - Italcamara","robots":{"index":"index","follow":"follow","max-snippet":"max-snippet:-1","max-image-preview":"max-image-preview:large","max-video-preview":"max-video-preview:-1"},"canonical":"https:\/\/italcamara-es.com\/it\/notizie\/il-condhotel-arriva-in-italia\/","og_locale":"it_IT","og_type":"article","og_title":"Il \u201cCondhotel\u201d arriva in Italia - Italcamara","og_description":"Grazie alla pubblicazione del D.L. 133\/2014 (c.d. decreto Sblocca Italia) e del recente decreto Presidente del Consiglio dei Ministri del 22 gennaio 2018, il Condhotel approda in Italia. &nbsp; Si tratta di un fenomeno immobiliare consolidatosi negli Stati Uniti e, in generale, nei paesi di matrice anglosassone. Il suo\u00a0concept consiste nell\u2019attribuzione della propriet\u00e0 piena di [&hellip;]","og_url":"https:\/\/italcamara-es.com\/it\/notizie\/il-condhotel-arriva-in-italia\/","og_site_name":"Italcamara","article_published_time":"2018-05-14T14:01:09+00:00","article_modified_time":"2025-03-30T12:09:16+00:00","og_image":[{"width":250,"height":140,"url":"https:\/\/italcamara-es.com\/wp-content\/uploads\/2025\/03\/condhotel250.jpg","type":"image\/jpeg"}],"author":"administrador","twitter_card":"summary_large_image","twitter_misc":{"Scritto da":"administrador","Tempo di lettura stimato":"3 minuti"},"schema":{"@context":"https:\/\/schema.org","@graph":[{"@type":"Article","@id":"https:\/\/italcamara-es.com\/it\/notizie\/il-condhotel-arriva-in-italia\/#article","isPartOf":{"@id":"https:\/\/italcamara-es.com\/it\/notizie\/il-condhotel-arriva-in-italia\/"},"author":{"name":"administrador","@id":"https:\/\/italcamara-es.com\/#\/schema\/person\/bb3c56263e405bbd9a15171dcfee93bb"},"headline":"Il \u201cCondhotel\u201d arriva in Italia","datePublished":"2018-05-14T14:01:09+00:00","dateModified":"2025-03-30T12:09:16+00:00","mainEntityOfPage":{"@id":"https:\/\/italcamara-es.com\/it\/notizie\/il-condhotel-arriva-in-italia\/"},"wordCount":678,"commentCount":0,"image":{"@id":"https:\/\/italcamara-es.com\/it\/notizie\/il-condhotel-arriva-in-italia\/#primaryimage"},"thumbnailUrl":"https:\/\/italcamara-es.com\/wp-content\/uploads\/2025\/03\/condhotel250.jpg","keywords":["Notizie di Mercato","Opportunit\u00e0"],"articleSection":["Notizie"],"inLanguage":"it-IT","potentialAction":[{"@type":"CommentAction","name":"Comment","target":["https:\/\/italcamara-es.com\/it\/notizie\/il-condhotel-arriva-in-italia\/#respond"]}]},{"@type":"WebPage","@id":"https:\/\/italcamara-es.com\/it\/notizie\/il-condhotel-arriva-in-italia\/","url":"https:\/\/italcamara-es.com\/it\/notizie\/il-condhotel-arriva-in-italia\/","name":"Il \u201cCondhotel\u201d arriva in Italia - Italcamara","isPartOf":{"@id":"https:\/\/italcamara-es.com\/#website"},"primaryImageOfPage":{"@id":"https:\/\/italcamara-es.com\/it\/notizie\/il-condhotel-arriva-in-italia\/#primaryimage"},"image":{"@id":"https:\/\/italcamara-es.com\/it\/notizie\/il-condhotel-arriva-in-italia\/#primaryimage"},"thumbnailUrl":"https:\/\/italcamara-es.com\/wp-content\/uploads\/2025\/03\/condhotel250.jpg","datePublished":"2018-05-14T14:01:09+00:00","dateModified":"2025-03-30T12:09:16+00:00","author":{"@id":"https:\/\/italcamara-es.com\/#\/schema\/person\/bb3c56263e405bbd9a15171dcfee93bb"},"breadcrumb":{"@id":"https:\/\/italcamara-es.com\/it\/notizie\/il-condhotel-arriva-in-italia\/#breadcrumb"},"inLanguage":"it-IT","potentialAction":[{"@type":"ReadAction","target":["https:\/\/italcamara-es.com\/it\/notizie\/il-condhotel-arriva-in-italia\/"]}]},{"@type":"ImageObject","inLanguage":"it-IT","@id":"https:\/\/italcamara-es.com\/it\/notizie\/il-condhotel-arriva-in-italia\/#primaryimage","url":"https:\/\/italcamara-es.com\/wp-content\/uploads\/2025\/03\/condhotel250.jpg","contentUrl":"https:\/\/italcamara-es.com\/wp-content\/uploads\/2025\/03\/condhotel250.jpg","width":250,"height":140},{"@type":"BreadcrumbList","@id":"https:\/\/italcamara-es.com\/it\/notizie\/il-condhotel-arriva-in-italia\/#breadcrumb","itemListElement":[{"@type":"ListItem","position":1,"name":"Inicio","item":"https:\/\/italcamara-es.com\/"},{"@type":"ListItem","position":2,"name":"Il \u201cCondhotel\u201d arriva in Italia"}]},{"@type":"WebSite","@id":"https:\/\/italcamara-es.com\/#website","url":"https:\/\/italcamara-es.com\/","name":"Italcamara","description":"","potentialAction":[{"@type":"SearchAction","target":{"@type":"EntryPoint","urlTemplate":"https:\/\/italcamara-es.com\/?s={search_term_string}"},"query-input":{"@type":"PropertyValueSpecification","valueRequired":true,"valueName":"search_term_string"}}],"inLanguage":"it-IT"},{"@type":"Person","@id":"https:\/\/italcamara-es.com\/#\/schema\/person\/bb3c56263e405bbd9a15171dcfee93bb","name":"administrador","image":{"@type":"ImageObject","inLanguage":"it-IT","@id":"https:\/\/secure.gravatar.com\/avatar\/14b5e63db38320b12031bb28cf9f77e210aa71fb3a8a3602a3c9a05134fa75eb?s=96&d=mm&r=g","url":"https:\/\/secure.gravatar.com\/avatar\/14b5e63db38320b12031bb28cf9f77e210aa71fb3a8a3602a3c9a05134fa75eb?s=96&d=mm&r=g","contentUrl":"https:\/\/secure.gravatar.com\/avatar\/14b5e63db38320b12031bb28cf9f77e210aa71fb3a8a3602a3c9a05134fa75eb?s=96&d=mm&r=g","caption":"administrador"},"sameAs":["http:\/\/pre.italcamara-es.com"],"url":"https:\/\/italcamara-es.com\/it\/author\/administrador\/"}]}},"rttpg_featured_image_url":{"full":["https:\/\/italcamara-es.com\/wp-content\/uploads\/2025\/03\/condhotel250.jpg",250,140,false],"landscape":["https:\/\/italcamara-es.com\/wp-content\/uploads\/2025\/03\/condhotel250.jpg",250,140,false],"portraits":["https:\/\/italcamara-es.com\/wp-content\/uploads\/2025\/03\/condhotel250.jpg",250,140,false],"thumbnail":["https:\/\/italcamara-es.com\/wp-content\/uploads\/2025\/03\/condhotel250-150x140.jpg",150,140,true],"medium":["https:\/\/italcamara-es.com\/wp-content\/uploads\/2025\/03\/condhotel250.jpg",250,140,false],"large":["https:\/\/italcamara-es.com\/wp-content\/uploads\/2025\/03\/condhotel250.jpg",250,140,false],"1536x1536":["https:\/\/italcamara-es.com\/wp-content\/uploads\/2025\/03\/condhotel250.jpg",250,140,false],"2048x2048":["https:\/\/italcamara-es.com\/wp-content\/uploads\/2025\/03\/condhotel250.jpg",250,140,false],"ocean-thumb-m":["https:\/\/italcamara-es.com\/wp-content\/uploads\/2025\/03\/condhotel250.jpg",250,140,false],"ocean-thumb-ml":["https:\/\/italcamara-es.com\/wp-content\/uploads\/2025\/03\/condhotel250.jpg",250,140,false],"ocean-thumb-l":["https:\/\/italcamara-es.com\/wp-content\/uploads\/2025\/03\/condhotel250.jpg",250,140,false],"directorist_preview":["https:\/\/italcamara-es.com\/wp-content\/uploads\/2025\/03\/condhotel250.jpg",250,140,false]},"rttpg_author":{"display_name":"administrador","author_link":"https:\/\/italcamara-es.com\/it\/author\/administrador\/"},"rttpg_comment":0,"rttpg_category":"<a href=\"https:\/\/italcamara-es.com\/it\/category\/notizie\/\" rel=\"category tag\">Notizie<\/a>","rttpg_excerpt":"Grazie alla pubblicazione del D.L. 133\/2014 (c.d. decreto Sblocca Italia) e del recente decreto Presidente del Consiglio dei Ministri del 22 gennaio 2018, il Condhotel approda in Italia. &nbsp; Si tratta di un fenomeno immobiliare consolidatosi negli Stati Uniti e, in generale, nei paesi di matrice anglosassone. Il suo\u00a0concept consiste nell\u2019attribuzione della propriet\u00e0 piena di&hellip;","_links":{"self":[{"href":"https:\/\/italcamara-es.com\/it\/wp-json\/wp\/v2\/posts\/55750","targetHints":{"allow":["GET"]}}],"collection":[{"href":"https:\/\/italcamara-es.com\/it\/wp-json\/wp\/v2\/posts"}],"about":[{"href":"https:\/\/italcamara-es.com\/it\/wp-json\/wp\/v2\/types\/post"}],"author":[{"embeddable":true,"href":"https:\/\/italcamara-es.com\/it\/wp-json\/wp\/v2\/users\/1"}],"replies":[{"embeddable":true,"href":"https:\/\/italcamara-es.com\/it\/wp-json\/wp\/v2\/comments?post=55750"}],"version-history":[{"count":1,"href":"https:\/\/italcamara-es.com\/it\/wp-json\/wp\/v2\/posts\/55750\/revisions"}],"predecessor-version":[{"id":57156,"href":"https:\/\/italcamara-es.com\/it\/wp-json\/wp\/v2\/posts\/55750\/revisions\/57156"}],"wp:featuredmedia":[{"embeddable":true,"href":"https:\/\/italcamara-es.com\/it\/wp-json\/wp\/v2\/media\/52575"}],"wp:attachment":[{"href":"https:\/\/italcamara-es.com\/it\/wp-json\/wp\/v2\/media?parent=55750"}],"wp:term":[{"taxonomy":"category","embeddable":true,"href":"https:\/\/italcamara-es.com\/it\/wp-json\/wp\/v2\/categories?post=55750"},{"taxonomy":"post_tag","embeddable":true,"href":"https:\/\/italcamara-es.com\/it\/wp-json\/wp\/v2\/tags?post=55750"}],"curies":[{"name":"wp","href":"https:\/\/api.w.org\/{rel}","templated":true}]}}