	{"id":55762,"date":"2016-05-04T13:09:57","date_gmt":"2016-05-04T11:09:57","guid":{"rendered":"http:\/\/pre.italcamara-es.com\/senza-categoria\/presentato-a-madrid-il-sesto-rapporto-di-responsabilita-sociale-dimpresa-del-gruppo-ferrero\/"},"modified":"2016-05-04T13:09:57","modified_gmt":"2016-05-04T11:09:57","slug":"presentato-a-madrid-il-sesto-rapporto-di-responsabilita-sociale-dimpresa-del-gruppo-ferrero","status":"publish","type":"post","link":"https:\/\/italcamara-es.com\/it\/notizie\/presentato-a-madrid-il-sesto-rapporto-di-responsabilita-sociale-dimpresa-del-gruppo-ferrero\/","title":{"rendered":"Presentato a Madrid il sesto Rapporto di Responsabilit\u00e0 Sociale d\u2019Impresa del Gruppo Ferrero"},"content":{"rendered":"<p style=\"text-align: justify;\"><em>L\u2019evento organizzato dalla CCIS si \u00e8 svolto nella sede dell\u2019Ambasciata d\u2019Italia il 28 aprile scorso<\/em><\/p>\n<p style=\"text-align: justify;\">\n<p style=\"text-align: justify;\">Il <strong>Gruppo Ferrero<\/strong> ha presentato a Madrid il suo quinto Rapporto di Responsabilit\u00e0 Sociale d\u2019Impresa, in un evento organizzato dalla CCIS nella prestigiosa sede dell\u2019Ambasciata d\u2019Italia.<\/p>\n<p style=\"text-align: justify;\">\n<p style=\"text-align: justify;\">Il Rapporto CSR 2014, disponibile in inglese e in italiano all&#8217;interno di un nuovo sito dedicato agli impegni di responsabilit\u00e0 sociale del Gruppo (<strong><span style=\"text-decoration: underline;\"><span style=\"color: #333399;\"><a href=\"http:\/\/www.ferrerocsr.com\" target=\"_blank\" rel=\"noopener\">www.ferrerocsr.com<\/a><\/span><\/span><\/strong>), riflette le attivit\u00e0 concrete svolte dal gruppo italiano in tutto il mondo dal 1 settembre 2012 al 31 agosto 2013, nonch\u00e9 la strategia di lungo periodo dallo slogan \u201ccondividere valori per creare valore\u201d, con i 10 obiettivi da raggiungere entro il 2020.<\/p>\n<p style=\"text-align: justify;\">\n<p style=\"text-align: justify;\">Il documento \u00e8 stato presentato a circa cento persone tra rappresentanti delle istituzioni locali e italiane in Spagna e operatori del settore agroalimentare.In particolare, hannon presenziato all\u2019evento l\u2019ambasciatore d\u2019Italia in Spagna,<strong> Stefano Sannino<\/strong>, ed il direttore generale dell\u2019Industria Alimentare del <em>Ministerio de Agricultura, Alimentaci\u00f3n y Medio Ambiente<\/em>, <strong>Fernando Burgaz<\/strong>. Da parte della compagnia, hanno preso parte all\u2019evento <strong>Claudia Millo<\/strong>, responsabile di Relazioni Istituzionali e Comunicazione Corporativa del Gruppo, <strong>\u00a0Aldo Cristiano<\/strong>, direttore Acquisti e <strong>Roberto Torri<\/strong>, direttore di Relazioni Istitutuzionali di <em>Ferrero Ib\u00e9rica<\/em>.<\/p>\n<p style=\"text-align: justify;\"><a href=\"https:\/\/www.italcamara-es.com\/wp-content\/uploads\/2016\/07\/ferrer6401.jpg\"><img fetchpriority=\"high\" decoding=\"async\" class=\" size-full wp-image-2283 aligncenter\" src=\"https:\/\/www.italcamara-es.com\/wp-content\/uploads\/2016\/07\/ferrer6401.jpg\" alt=\"ferrer640\" width=\"640\" height=\"480\" \/><br \/>\n<\/a><\/p>\n<p style=\"text-align: justify;\">Aldo Cristiano, \u00a0durante il suo intervento ha voluto sottolineare il compromesso del Gruppo Ferrero per l\u2019uso di materie prime 100% sostenibili entro il 2020. Tale obiettivo viene illustrato nel programma \u00a0<strong>F-ACTS<\/strong>. Durante l\u2019ultimo anno, \u00a0Ferrero ha utilizzato pi\u00f9 di 1,6 milioni di tonnellate di materie prime per l\u2019elaborazione dei propri prodotti. Di fato, Ferrero \u00e8 il maggior consumatore di nocciole al mondo, uno degli elementi basici per buona parte dei suoi prodotti. In questo senso,oltre alla sostenibilit\u00e0, Ferrero raggiunger\u00e0 il 100% di tracciabilit\u00e0 delle nocciole pe la catena di approvvigionamento entro il 2020. Gli obiettivi fissati per i settori della lecitina di soia e il caff\u00e9 sono gi\u00e0 stati raggiunti in modo che la lecitina di soia utilizzata non \u00e8 modificata geneticamente ed il 100% del caff\u00e9 possiede un certificato di sostenibilit\u00e0. \u00a0Inoltre il programma F-ACTS \u00a0mira a migliorare le condizioni delle zone rurali e delle comunit\u00e0 locali con le quali Ferrero stabilisce relazioni commerciali dirette e di lunga durata.<\/p>\n<p style=\"text-align: justify;\">\n<p style=\"text-align: justify;\">Un altro importante progetto della compagnia \u00e8 il programma <strong>Kinder+Sport<\/strong>, un\u2019iniziativa che \u00a0mira a promuovere lo sport e la diffusione di stili di vita attivi e salutabili tra i giovani. Kinder+Sport mobilit\u00e0 <strong>3,8 milioni di bambini<\/strong> in 21 paesi e conta su un investimento annuo di 9,5 milionidi euro. Kinder+Sport ha realizzato pi\u00f9 di 1.500 eventi durante l\u2019ultimo anno, in collaborazione con tre comitati olimpici e pi\u00f9 di 90 federazioni e associazioni. L\u2019obiettivo della compagnia per arrivare a 30 entro il 2018 e mobilizzare ogni anno oltre 5 milioni di bambini.<\/p>\n","protected":false},"excerpt":{"rendered":"<p>L\u2019evento organizzato dalla CCIS si \u00e8 svolto nella sede dell\u2019Ambasciata d\u2019Italia il 28 aprile scorso Il Gruppo Ferrero ha presentato a Madrid il suo quinto Rapporto di Responsabilit\u00e0 Sociale d\u2019Impresa, in un evento organizzato dalla CCIS nella prestigiosa sede dell\u2019Ambasciata d\u2019Italia. Il Rapporto CSR 2014, disponibile in inglese e in italiano all&#8217;interno di un nuovo [&hellip;]<\/p>\n","protected":false},"author":1,"featured_media":54125,"comment_status":"open","ping_status":"open","sticky":false,"template":"","format":"standard","meta":{"inline_featured_image":false,"ocean_post_layout":"","ocean_both_sidebars_style":"","ocean_both_sidebars_content_width":0,"ocean_both_sidebars_sidebars_width":0,"ocean_sidebar":"","ocean_second_sidebar":"","ocean_disable_margins":"enable","ocean_add_body_class":"","ocean_shortcode_before_top_bar":"","ocean_shortcode_after_top_bar":"","ocean_shortcode_before_header":"","ocean_shortcode_after_header":"","ocean_has_shortcode":"","ocean_shortcode_after_title":"","ocean_shortcode_before_footer_widgets":"","ocean_shortcode_after_footer_widgets":"","ocean_shortcode_before_footer_bottom":"","ocean_shortcode_after_footer_bottom":"","ocean_display_top_bar":"default","ocean_display_header":"default","ocean_header_style":"","ocean_center_header_left_menu":"","ocean_custom_header_template":"","ocean_custom_logo":0,"ocean_custom_retina_logo":0,"ocean_custom_logo_max_width":0,"ocean_custom_logo_tablet_max_width":0,"ocean_custom_logo_mobile_max_width":0,"ocean_custom_logo_max_height":0,"ocean_custom_logo_tablet_max_height":0,"ocean_custom_logo_mobile_max_height":0,"ocean_header_custom_menu":"","ocean_menu_typo_font_family":"","ocean_menu_typo_font_subset":"","ocean_menu_typo_font_size":0,"ocean_menu_typo_font_size_tablet":0,"ocean_menu_typo_font_size_mobile":0,"ocean_menu_typo_font_size_unit":"px","ocean_menu_typo_font_weight":"","ocean_menu_typo_font_weight_tablet":"","ocean_menu_typo_font_weight_mobile":"","ocean_menu_typo_transform":"","ocean_menu_typo_transform_tablet":"","ocean_menu_typo_transform_mobile":"","ocean_menu_typo_line_height":0,"ocean_menu_typo_line_height_tablet":0,"ocean_menu_typo_line_height_mobile":0,"ocean_menu_typo_line_height_unit":"","ocean_menu_typo_spacing":0,"ocean_menu_typo_spacing_tablet":0,"ocean_menu_typo_spacing_mobile":0,"ocean_menu_typo_spacing_unit":"","ocean_menu_link_color":"","ocean_menu_link_color_hover":"","ocean_menu_link_color_active":"","ocean_menu_link_background":"","ocean_menu_link_hover_background":"","ocean_menu_link_active_background":"","ocean_menu_social_links_bg":"","ocean_menu_social_hover_links_bg":"","ocean_menu_social_links_color":"","ocean_menu_social_hover_links_color":"","ocean_disable_title":"default","ocean_disable_heading":"default","ocean_post_title":"","ocean_post_subheading":"","ocean_post_title_style":"","ocean_post_title_background_color":"","ocean_post_title_background":0,"ocean_post_title_bg_image_position":"","ocean_post_title_bg_image_attachment":"","ocean_post_title_bg_image_repeat":"","ocean_post_title_bg_image_size":"","ocean_post_title_height":0,"ocean_post_title_bg_overlay":0.5,"ocean_post_title_bg_overlay_color":"","ocean_disable_breadcrumbs":"default","ocean_breadcrumbs_color":"","ocean_breadcrumbs_separator_color":"","ocean_breadcrumbs_links_color":"","ocean_breadcrumbs_links_hover_color":"","ocean_display_footer_widgets":"default","ocean_display_footer_bottom":"default","ocean_custom_footer_template":"","ocean_post_oembed":"","ocean_post_self_hosted_media":"","ocean_post_video_embed":"","ocean_link_format":"","ocean_link_format_target":"self","ocean_quote_format":"","ocean_quote_format_link":"post","ocean_gallery_link_images":"on","ocean_gallery_id":[],"footnotes":""},"categories":[133],"tags":[139],"class_list":["post-55762","post","type-post","status-publish","format-standard","has-post-thumbnail","hentry","category-notizie","tag-notizie-di-la-ccis","entry","has-media"],"yoast_head":"<!-- This site is optimized with the Yoast SEO plugin v27.4 - https:\/\/yoast.com\/product\/yoast-seo-wordpress\/ -->\n<title>Presentato a Madrid il sesto Rapporto di Responsabilit\u00e0 Sociale d\u2019Impresa del Gruppo Ferrero - Italcamara<\/title>\n<meta name=\"robots\" content=\"index, follow, max-snippet:-1, max-image-preview:large, max-video-preview:-1\" \/>\n<link rel=\"canonical\" href=\"https:\/\/italcamara-es.com\/it\/notizie\/presentato-a-madrid-il-sesto-rapporto-di-responsabilita-sociale-dimpresa-del-gruppo-ferrero\/\" \/>\n<meta property=\"og:locale\" content=\"it_IT\" \/>\n<meta property=\"og:type\" content=\"article\" \/>\n<meta property=\"og:title\" content=\"Presentato a Madrid il sesto Rapporto di Responsabilit\u00e0 Sociale d\u2019Impresa del Gruppo Ferrero - Italcamara\" \/>\n<meta property=\"og:description\" content=\"L\u2019evento organizzato dalla CCIS si \u00e8 svolto nella sede dell\u2019Ambasciata d\u2019Italia il 28 aprile scorso Il Gruppo Ferrero ha presentato a Madrid il suo quinto Rapporto di Responsabilit\u00e0 Sociale d\u2019Impresa, in un evento organizzato dalla CCIS nella prestigiosa sede dell\u2019Ambasciata d\u2019Italia. Il Rapporto CSR 2014, disponibile in inglese e in italiano all&#8217;interno di un nuovo [&hellip;]\" \/>\n<meta property=\"og:url\" content=\"https:\/\/italcamara-es.com\/it\/notizie\/presentato-a-madrid-il-sesto-rapporto-di-responsabilita-sociale-dimpresa-del-gruppo-ferrero\/\" \/>\n<meta property=\"og:site_name\" content=\"Italcamara\" \/>\n<meta property=\"article:published_time\" content=\"2016-05-04T11:09:57+00:00\" \/>\n<meta property=\"og:image\" content=\"https:\/\/italcamara-es.com\/wp-content\/uploads\/2025\/03\/ferrero1.jpg\" \/>\n\t<meta property=\"og:image:width\" content=\"300\" \/>\n\t<meta property=\"og:image:height\" content=\"245\" \/>\n\t<meta property=\"og:image:type\" content=\"image\/jpeg\" \/>\n<meta name=\"author\" content=\"administrador\" \/>\n<meta name=\"twitter:card\" content=\"summary_large_image\" \/>\n<meta name=\"twitter:label1\" content=\"Scritto da\" \/>\n\t<meta name=\"twitter:data1\" content=\"administrador\" \/>\n\t<meta name=\"twitter:label2\" content=\"Tempo di lettura stimato\" \/>\n\t<meta name=\"twitter:data2\" content=\"2 minuti\" \/>\n<script type=\"application\/ld+json\" class=\"yoast-schema-graph\">{\"@context\":\"https:\\\/\\\/schema.org\",\"@graph\":[{\"@type\":\"Article\",\"@id\":\"https:\\\/\\\/italcamara-es.com\\\/it\\\/notizie\\\/presentato-a-madrid-il-sesto-rapporto-di-responsabilita-sociale-dimpresa-del-gruppo-ferrero\\\/#article\",\"isPartOf\":{\"@id\":\"https:\\\/\\\/italcamara-es.com\\\/it\\\/notizie\\\/presentato-a-madrid-il-sesto-rapporto-di-responsabilita-sociale-dimpresa-del-gruppo-ferrero\\\/\"},\"author\":{\"name\":\"administrador\",\"@id\":\"https:\\\/\\\/italcamara-es.com\\\/#\\\/schema\\\/person\\\/bb3c56263e405bbd9a15171dcfee93bb\"},\"headline\":\"Presentato a Madrid il sesto Rapporto di Responsabilit\u00e0 Sociale d\u2019Impresa del Gruppo Ferrero\",\"datePublished\":\"2016-05-04T11:09:57+00:00\",\"mainEntityOfPage\":{\"@id\":\"https:\\\/\\\/italcamara-es.com\\\/it\\\/notizie\\\/presentato-a-madrid-il-sesto-rapporto-di-responsabilita-sociale-dimpresa-del-gruppo-ferrero\\\/\"},\"wordCount\":454,\"commentCount\":0,\"image\":{\"@id\":\"https:\\\/\\\/italcamara-es.com\\\/it\\\/notizie\\\/presentato-a-madrid-il-sesto-rapporto-di-responsabilita-sociale-dimpresa-del-gruppo-ferrero\\\/#primaryimage\"},\"thumbnailUrl\":\"https:\\\/\\\/italcamara-es.com\\\/wp-content\\\/uploads\\\/2025\\\/03\\\/ferrero1.jpg\",\"keywords\":[\"Notizie di la CCIS\"],\"articleSection\":[\"Notizie\"],\"inLanguage\":\"it-IT\",\"potentialAction\":[{\"@type\":\"CommentAction\",\"name\":\"Comment\",\"target\":[\"https:\\\/\\\/italcamara-es.com\\\/it\\\/notizie\\\/presentato-a-madrid-il-sesto-rapporto-di-responsabilita-sociale-dimpresa-del-gruppo-ferrero\\\/#respond\"]}]},{\"@type\":\"WebPage\",\"@id\":\"https:\\\/\\\/italcamara-es.com\\\/it\\\/notizie\\\/presentato-a-madrid-il-sesto-rapporto-di-responsabilita-sociale-dimpresa-del-gruppo-ferrero\\\/\",\"url\":\"https:\\\/\\\/italcamara-es.com\\\/it\\\/notizie\\\/presentato-a-madrid-il-sesto-rapporto-di-responsabilita-sociale-dimpresa-del-gruppo-ferrero\\\/\",\"name\":\"Presentato a Madrid il sesto Rapporto di Responsabilit\u00e0 Sociale d\u2019Impresa del Gruppo Ferrero - Italcamara\",\"isPartOf\":{\"@id\":\"https:\\\/\\\/italcamara-es.com\\\/#website\"},\"primaryImageOfPage\":{\"@id\":\"https:\\\/\\\/italcamara-es.com\\\/it\\\/notizie\\\/presentato-a-madrid-il-sesto-rapporto-di-responsabilita-sociale-dimpresa-del-gruppo-ferrero\\\/#primaryimage\"},\"image\":{\"@id\":\"https:\\\/\\\/italcamara-es.com\\\/it\\\/notizie\\\/presentato-a-madrid-il-sesto-rapporto-di-responsabilita-sociale-dimpresa-del-gruppo-ferrero\\\/#primaryimage\"},\"thumbnailUrl\":\"https:\\\/\\\/italcamara-es.com\\\/wp-content\\\/uploads\\\/2025\\\/03\\\/ferrero1.jpg\",\"datePublished\":\"2016-05-04T11:09:57+00:00\",\"author\":{\"@id\":\"https:\\\/\\\/italcamara-es.com\\\/#\\\/schema\\\/person\\\/bb3c56263e405bbd9a15171dcfee93bb\"},\"breadcrumb\":{\"@id\":\"https:\\\/\\\/italcamara-es.com\\\/it\\\/notizie\\\/presentato-a-madrid-il-sesto-rapporto-di-responsabilita-sociale-dimpresa-del-gruppo-ferrero\\\/#breadcrumb\"},\"inLanguage\":\"it-IT\",\"potentialAction\":[{\"@type\":\"ReadAction\",\"target\":[\"https:\\\/\\\/italcamara-es.com\\\/it\\\/notizie\\\/presentato-a-madrid-il-sesto-rapporto-di-responsabilita-sociale-dimpresa-del-gruppo-ferrero\\\/\"]}]},{\"@type\":\"ImageObject\",\"inLanguage\":\"it-IT\",\"@id\":\"https:\\\/\\\/italcamara-es.com\\\/it\\\/notizie\\\/presentato-a-madrid-il-sesto-rapporto-di-responsabilita-sociale-dimpresa-del-gruppo-ferrero\\\/#primaryimage\",\"url\":\"https:\\\/\\\/italcamara-es.com\\\/wp-content\\\/uploads\\\/2025\\\/03\\\/ferrero1.jpg\",\"contentUrl\":\"https:\\\/\\\/italcamara-es.com\\\/wp-content\\\/uploads\\\/2025\\\/03\\\/ferrero1.jpg\",\"width\":300,\"height\":245},{\"@type\":\"BreadcrumbList\",\"@id\":\"https:\\\/\\\/italcamara-es.com\\\/it\\\/notizie\\\/presentato-a-madrid-il-sesto-rapporto-di-responsabilita-sociale-dimpresa-del-gruppo-ferrero\\\/#breadcrumb\",\"itemListElement\":[{\"@type\":\"ListItem\",\"position\":1,\"name\":\"Inicio\",\"item\":\"https:\\\/\\\/italcamara-es.com\\\/it\\\/homepage-ita\\\/\"},{\"@type\":\"ListItem\",\"position\":2,\"name\":\"Presentato a Madrid il sesto Rapporto di Responsabilit\u00e0 Sociale d\u2019Impresa del Gruppo Ferrero\"}]},{\"@type\":\"WebSite\",\"@id\":\"https:\\\/\\\/italcamara-es.com\\\/#website\",\"url\":\"https:\\\/\\\/italcamara-es.com\\\/\",\"name\":\"Italcamara\",\"description\":\"\",\"potentialAction\":[{\"@type\":\"SearchAction\",\"target\":{\"@type\":\"EntryPoint\",\"urlTemplate\":\"https:\\\/\\\/italcamara-es.com\\\/?s={search_term_string}\"},\"query-input\":{\"@type\":\"PropertyValueSpecification\",\"valueRequired\":true,\"valueName\":\"search_term_string\"}}],\"inLanguage\":\"it-IT\"},{\"@type\":\"Person\",\"@id\":\"https:\\\/\\\/italcamara-es.com\\\/#\\\/schema\\\/person\\\/bb3c56263e405bbd9a15171dcfee93bb\",\"name\":\"administrador\",\"image\":{\"@type\":\"ImageObject\",\"inLanguage\":\"it-IT\",\"@id\":\"https:\\\/\\\/secure.gravatar.com\\\/avatar\\\/14b5e63db38320b12031bb28cf9f77e210aa71fb3a8a3602a3c9a05134fa75eb?s=96&d=mm&r=g\",\"url\":\"https:\\\/\\\/secure.gravatar.com\\\/avatar\\\/14b5e63db38320b12031bb28cf9f77e210aa71fb3a8a3602a3c9a05134fa75eb?s=96&d=mm&r=g\",\"contentUrl\":\"https:\\\/\\\/secure.gravatar.com\\\/avatar\\\/14b5e63db38320b12031bb28cf9f77e210aa71fb3a8a3602a3c9a05134fa75eb?s=96&d=mm&r=g\",\"caption\":\"administrador\"},\"sameAs\":[\"http:\\\/\\\/pre.italcamara-es.com\"],\"url\":\"https:\\\/\\\/italcamara-es.com\\\/it\\\/author\\\/administrador\\\/\"}]}<\/script>\n<!-- \/ Yoast SEO plugin. -->","yoast_head_json":{"title":"Presentato a Madrid il sesto Rapporto di Responsabilit\u00e0 Sociale d\u2019Impresa del Gruppo Ferrero - Italcamara","robots":{"index":"index","follow":"follow","max-snippet":"max-snippet:-1","max-image-preview":"max-image-preview:large","max-video-preview":"max-video-preview:-1"},"canonical":"https:\/\/italcamara-es.com\/it\/notizie\/presentato-a-madrid-il-sesto-rapporto-di-responsabilita-sociale-dimpresa-del-gruppo-ferrero\/","og_locale":"it_IT","og_type":"article","og_title":"Presentato a Madrid il sesto Rapporto di Responsabilit\u00e0 Sociale d\u2019Impresa del Gruppo Ferrero - Italcamara","og_description":"L\u2019evento organizzato dalla CCIS si \u00e8 svolto nella sede dell\u2019Ambasciata d\u2019Italia il 28 aprile scorso Il Gruppo Ferrero ha presentato a Madrid il suo quinto Rapporto di Responsabilit\u00e0 Sociale d\u2019Impresa, in un evento organizzato dalla CCIS nella prestigiosa sede dell\u2019Ambasciata d\u2019Italia. Il Rapporto CSR 2014, disponibile in inglese e in italiano all&#8217;interno di un nuovo [&hellip;]","og_url":"https:\/\/italcamara-es.com\/it\/notizie\/presentato-a-madrid-il-sesto-rapporto-di-responsabilita-sociale-dimpresa-del-gruppo-ferrero\/","og_site_name":"Italcamara","article_published_time":"2016-05-04T11:09:57+00:00","og_image":[{"width":300,"height":245,"url":"https:\/\/italcamara-es.com\/wp-content\/uploads\/2025\/03\/ferrero1.jpg","type":"image\/jpeg"}],"author":"administrador","twitter_card":"summary_large_image","twitter_misc":{"Scritto da":"administrador","Tempo di lettura stimato":"2 minuti"},"schema":{"@context":"https:\/\/schema.org","@graph":[{"@type":"Article","@id":"https:\/\/italcamara-es.com\/it\/notizie\/presentato-a-madrid-il-sesto-rapporto-di-responsabilita-sociale-dimpresa-del-gruppo-ferrero\/#article","isPartOf":{"@id":"https:\/\/italcamara-es.com\/it\/notizie\/presentato-a-madrid-il-sesto-rapporto-di-responsabilita-sociale-dimpresa-del-gruppo-ferrero\/"},"author":{"name":"administrador","@id":"https:\/\/italcamara-es.com\/#\/schema\/person\/bb3c56263e405bbd9a15171dcfee93bb"},"headline":"Presentato a Madrid il sesto Rapporto di Responsabilit\u00e0 Sociale d\u2019Impresa del Gruppo Ferrero","datePublished":"2016-05-04T11:09:57+00:00","mainEntityOfPage":{"@id":"https:\/\/italcamara-es.com\/it\/notizie\/presentato-a-madrid-il-sesto-rapporto-di-responsabilita-sociale-dimpresa-del-gruppo-ferrero\/"},"wordCount":454,"commentCount":0,"image":{"@id":"https:\/\/italcamara-es.com\/it\/notizie\/presentato-a-madrid-il-sesto-rapporto-di-responsabilita-sociale-dimpresa-del-gruppo-ferrero\/#primaryimage"},"thumbnailUrl":"https:\/\/italcamara-es.com\/wp-content\/uploads\/2025\/03\/ferrero1.jpg","keywords":["Notizie di la CCIS"],"articleSection":["Notizie"],"inLanguage":"it-IT","potentialAction":[{"@type":"CommentAction","name":"Comment","target":["https:\/\/italcamara-es.com\/it\/notizie\/presentato-a-madrid-il-sesto-rapporto-di-responsabilita-sociale-dimpresa-del-gruppo-ferrero\/#respond"]}]},{"@type":"WebPage","@id":"https:\/\/italcamara-es.com\/it\/notizie\/presentato-a-madrid-il-sesto-rapporto-di-responsabilita-sociale-dimpresa-del-gruppo-ferrero\/","url":"https:\/\/italcamara-es.com\/it\/notizie\/presentato-a-madrid-il-sesto-rapporto-di-responsabilita-sociale-dimpresa-del-gruppo-ferrero\/","name":"Presentato a Madrid il sesto Rapporto di Responsabilit\u00e0 Sociale d\u2019Impresa del Gruppo Ferrero - Italcamara","isPartOf":{"@id":"https:\/\/italcamara-es.com\/#website"},"primaryImageOfPage":{"@id":"https:\/\/italcamara-es.com\/it\/notizie\/presentato-a-madrid-il-sesto-rapporto-di-responsabilita-sociale-dimpresa-del-gruppo-ferrero\/#primaryimage"},"image":{"@id":"https:\/\/italcamara-es.com\/it\/notizie\/presentato-a-madrid-il-sesto-rapporto-di-responsabilita-sociale-dimpresa-del-gruppo-ferrero\/#primaryimage"},"thumbnailUrl":"https:\/\/italcamara-es.com\/wp-content\/uploads\/2025\/03\/ferrero1.jpg","datePublished":"2016-05-04T11:09:57+00:00","author":{"@id":"https:\/\/italcamara-es.com\/#\/schema\/person\/bb3c56263e405bbd9a15171dcfee93bb"},"breadcrumb":{"@id":"https:\/\/italcamara-es.com\/it\/notizie\/presentato-a-madrid-il-sesto-rapporto-di-responsabilita-sociale-dimpresa-del-gruppo-ferrero\/#breadcrumb"},"inLanguage":"it-IT","potentialAction":[{"@type":"ReadAction","target":["https:\/\/italcamara-es.com\/it\/notizie\/presentato-a-madrid-il-sesto-rapporto-di-responsabilita-sociale-dimpresa-del-gruppo-ferrero\/"]}]},{"@type":"ImageObject","inLanguage":"it-IT","@id":"https:\/\/italcamara-es.com\/it\/notizie\/presentato-a-madrid-il-sesto-rapporto-di-responsabilita-sociale-dimpresa-del-gruppo-ferrero\/#primaryimage","url":"https:\/\/italcamara-es.com\/wp-content\/uploads\/2025\/03\/ferrero1.jpg","contentUrl":"https:\/\/italcamara-es.com\/wp-content\/uploads\/2025\/03\/ferrero1.jpg","width":300,"height":245},{"@type":"BreadcrumbList","@id":"https:\/\/italcamara-es.com\/it\/notizie\/presentato-a-madrid-il-sesto-rapporto-di-responsabilita-sociale-dimpresa-del-gruppo-ferrero\/#breadcrumb","itemListElement":[{"@type":"ListItem","position":1,"name":"Inicio","item":"https:\/\/italcamara-es.com\/it\/homepage-ita\/"},{"@type":"ListItem","position":2,"name":"Presentato a Madrid il sesto Rapporto di Responsabilit\u00e0 Sociale d\u2019Impresa del Gruppo Ferrero"}]},{"@type":"WebSite","@id":"https:\/\/italcamara-es.com\/#website","url":"https:\/\/italcamara-es.com\/","name":"Italcamara","description":"","potentialAction":[{"@type":"SearchAction","target":{"@type":"EntryPoint","urlTemplate":"https:\/\/italcamara-es.com\/?s={search_term_string}"},"query-input":{"@type":"PropertyValueSpecification","valueRequired":true,"valueName":"search_term_string"}}],"inLanguage":"it-IT"},{"@type":"Person","@id":"https:\/\/italcamara-es.com\/#\/schema\/person\/bb3c56263e405bbd9a15171dcfee93bb","name":"administrador","image":{"@type":"ImageObject","inLanguage":"it-IT","@id":"https:\/\/secure.gravatar.com\/avatar\/14b5e63db38320b12031bb28cf9f77e210aa71fb3a8a3602a3c9a05134fa75eb?s=96&d=mm&r=g","url":"https:\/\/secure.gravatar.com\/avatar\/14b5e63db38320b12031bb28cf9f77e210aa71fb3a8a3602a3c9a05134fa75eb?s=96&d=mm&r=g","contentUrl":"https:\/\/secure.gravatar.com\/avatar\/14b5e63db38320b12031bb28cf9f77e210aa71fb3a8a3602a3c9a05134fa75eb?s=96&d=mm&r=g","caption":"administrador"},"sameAs":["http:\/\/pre.italcamara-es.com"],"url":"https:\/\/italcamara-es.com\/it\/author\/administrador\/"}]}},"rttpg_featured_image_url":{"full":["https:\/\/italcamara-es.com\/wp-content\/uploads\/2025\/03\/ferrero1.jpg",300,245,false],"landscape":["https:\/\/italcamara-es.com\/wp-content\/uploads\/2025\/03\/ferrero1.jpg",300,245,false],"portraits":["https:\/\/italcamara-es.com\/wp-content\/uploads\/2025\/03\/ferrero1.jpg",300,245,false],"thumbnail":["https:\/\/italcamara-es.com\/wp-content\/uploads\/2025\/03\/ferrero1-150x150.jpg",150,150,true],"medium":["https:\/\/italcamara-es.com\/wp-content\/uploads\/2025\/03\/ferrero1.jpg",300,245,false],"large":["https:\/\/italcamara-es.com\/wp-content\/uploads\/2025\/03\/ferrero1.jpg",300,245,false],"1536x1536":["https:\/\/italcamara-es.com\/wp-content\/uploads\/2025\/03\/ferrero1.jpg",300,245,false],"2048x2048":["https:\/\/italcamara-es.com\/wp-content\/uploads\/2025\/03\/ferrero1.jpg",300,245,false],"ocean-thumb-m":["https:\/\/italcamara-es.com\/wp-content\/uploads\/2025\/03\/ferrero1.jpg",300,245,false],"ocean-thumb-ml":["https:\/\/italcamara-es.com\/wp-content\/uploads\/2025\/03\/ferrero1.jpg",300,245,false],"ocean-thumb-l":["https:\/\/italcamara-es.com\/wp-content\/uploads\/2025\/03\/ferrero1.jpg",300,245,false],"directorist_preview":["https:\/\/italcamara-es.com\/wp-content\/uploads\/2025\/03\/ferrero1.jpg",300,245,false]},"rttpg_author":{"display_name":"administrador","author_link":"https:\/\/italcamara-es.com\/it\/author\/administrador\/"},"rttpg_comment":0,"rttpg_category":"<a href=\"https:\/\/italcamara-es.com\/it\/category\/notizie\/\" rel=\"category tag\">Notizie<\/a>","rttpg_excerpt":"L\u2019evento organizzato dalla CCIS si \u00e8 svolto nella sede dell\u2019Ambasciata d\u2019Italia il 28 aprile scorso Il Gruppo Ferrero ha presentato a Madrid il suo quinto Rapporto di Responsabilit\u00e0 Sociale d\u2019Impresa, in un evento organizzato dalla CCIS nella prestigiosa sede dell\u2019Ambasciata d\u2019Italia. Il Rapporto CSR 2014, disponibile in inglese e in italiano all&#8217;interno di un nuovo&hellip;","_links":{"self":[{"href":"https:\/\/italcamara-es.com\/it\/wp-json\/wp\/v2\/posts\/55762","targetHints":{"allow":["GET"]}}],"collection":[{"href":"https:\/\/italcamara-es.com\/it\/wp-json\/wp\/v2\/posts"}],"about":[{"href":"https:\/\/italcamara-es.com\/it\/wp-json\/wp\/v2\/types\/post"}],"author":[{"embeddable":true,"href":"https:\/\/italcamara-es.com\/it\/wp-json\/wp\/v2\/users\/1"}],"replies":[{"embeddable":true,"href":"https:\/\/italcamara-es.com\/it\/wp-json\/wp\/v2\/comments?post=55762"}],"version-history":[{"count":0,"href":"https:\/\/italcamara-es.com\/it\/wp-json\/wp\/v2\/posts\/55762\/revisions"}],"wp:featuredmedia":[{"embeddable":true,"href":"https:\/\/italcamara-es.com\/it\/wp-json\/wp\/v2\/media\/54125"}],"wp:attachment":[{"href":"https:\/\/italcamara-es.com\/it\/wp-json\/wp\/v2\/media?parent=55762"}],"wp:term":[{"taxonomy":"category","embeddable":true,"href":"https:\/\/italcamara-es.com\/it\/wp-json\/wp\/v2\/categories?post=55762"},{"taxonomy":"post_tag","embeddable":true,"href":"https:\/\/italcamara-es.com\/it\/wp-json\/wp\/v2\/tags?post=55762"}],"curies":[{"name":"wp","href":"https:\/\/api.w.org\/{rel}","templated":true}]}}