	{"id":55764,"date":"2016-04-25T13:32:26","date_gmt":"2016-04-25T11:32:26","guid":{"rendered":"http:\/\/pre.italcamara-es.com\/senza-categoria\/inaugurata-larea-italia-alla-fiera-alimentaria-2016\/"},"modified":"2016-04-25T13:32:26","modified_gmt":"2016-04-25T11:32:26","slug":"inaugurata-larea-italia-alla-fiera-alimentaria-2016","status":"publish","type":"post","link":"https:\/\/italcamara-es.com\/it\/notizie\/inaugurata-larea-italia-alla-fiera-alimentaria-2016\/","title":{"rendered":"Inaugurata l\u2019Area Italia alla fiera Alimentaria 2016"},"content":{"rendered":"<p style=\"text-align: justify;\"><em>Il presidente della Generalitat de Catalunya, Carles Puigdemont, accompagnato dal Ministro spagnolo di Agricultura, Alimentazione e Turismo, Isabel Garc\u00eda Tejerina, e da numerose autorit\u00e0 locali \u00e8 stato ricevuto nello spazio espositivo dedicato alle eccellenze enogastronomiche del Belpaese dalla delegazione italiana guidata dall\u2019Ambasciatore d\u2019Italia in Spagna, Stefano Sannino.<\/em><\/p>\n<p style=\"text-align: justify;\">\n<p style=\"text-align: justify;\">Alimentaria 2016 ha aperto stamattina i battenti in un\u2019edizione che, da oggi fino al 28 aprile, accoglier\u00e0 pi\u00f9 140.000 visitatori profesionisti dalla Spagna e dal resto del mondo, secondo le stime degli organizzatori.<\/p>\n<p style=\"text-align: justify;\">L\u2019Italia \u00e8 uno dei grandi protagonisti di questa nuova edizione dell\u2019importante fiera internazionale del settore agroalimentario. Sono infatti 36 le imprese e consorzi che espongono all\u2019interno dello spazio espositivo di oltre 400 m2 dedicato alle eccellenze enogastronomiche italiane, ubicato nel padiglione 1.<\/p>\n<p style=\"text-align: justify;\">L\u2019\u201c<strong>Area Italia<\/strong>\u201d \u00e8 il risultato della gestione congiunta dei principali attori preposti all\u2019internazionalizzazione delle imprese italiane in Spagna. Il progetto, infatti, \u00e8 frutto della collaborazione tra la <strong>Camera di Commercio e Industria italiana per la Spagna (CCIS)<\/strong>, l\u2019<strong>ufficio ICE di Madrid<\/strong> e la <strong>Camera di Commercio Italiana di Barcellona (CCIB)<\/strong> e conta sull\u2019appoggio istituzionale dell\u2019<strong>Ambasciata d\u2019Italia in Spagna<\/strong> e del <strong>Consolato Generale d\u2019Italia a Barcellona<\/strong>.<\/p>\n<p style=\"text-align: justify;\">L\u2019Area Italia \u00e8 stata inaugurata ufficialmente questa mattina alla presenza del presidente della Generalitat de Catalunya, <strong>Carles Puigdemont<\/strong>, del Ministro spagnolo di Agricultura, Alimentazione e Turismo, <strong>Isabel Garc\u00eda Tejerina<\/strong>, e di numerose autorit\u00e0 locali, che sono stati ricevuti dalla delegazione italiana guidata dall\u2019Ambasciatore d\u2019Italia in Spagna, <strong>Stefano Sannino<\/strong> e composta dal Console Generale d\u2019Italia a Barcellona, <strong>Stefano Nicoletti<\/strong>, dai presidenti della CCIS e della CCIB, <strong>Marco Pizzi<\/strong> e <strong>Emanuela Carmenati<\/strong>, dai rispettivi segretari generali, <strong>Giovanni Aric\u00f2<\/strong> e <strong>Federica Falzetta<\/strong> e dal direttore dell\u2019Ufficio ICE di Madrid, <strong>Marco Verna<\/strong>.<\/p>\n<p style=\"text-align: justify;\"><a href=\"https:\/\/www.italcamara-es.com\/wp-content\/uploads\/2016\/07\/Inaugurazione-Area-Italia1.gif\"><img fetchpriority=\"high\" decoding=\"async\" class=\" size-full wp-image-2295 aligncenter\" src=\"https:\/\/www.italcamara-es.com\/wp-content\/uploads\/2016\/07\/Inaugurazione-Area-Italia1.gif\" alt=\"Inaugurazione-Area-Italia\" width=\"700\" height=\"525\" \/><\/a><\/p>\n<p style=\"text-align: justify;\">L\u2019Area Italia costituisce una vera e propria vetrina delle eccellenze enogastronomiche nazionali, con una ricca variet\u00e0 di prodotti quali pasta fresca e secca, insaccati, formaggi e latticini, conserve, prodotti da forno, liquori e vini, caff\u00e8 e dolci. In particolare, i visitatori hanno la posibilit\u00e0 di conoscere direttamente alcune specialit\u00e0 regionali, come la toma piemontese DOP, l\u2019aceto balsamico di Modena, il salame piacentino DOP e \u00a0la mozzarella di bufala campana, per citarne alcuni.<\/p>\n<p style=\"text-align: justify;\">Un ricco programma di showcooking e degustazioni, organizzati nella stessa \u201cArea italia\u201d, far\u00e0 da contorno alla presenza italiana ad Alimentaria 2016 e permetter\u00e0 di conoscere alcuni dei prodotti pi\u00f9 emblematici della cucina italiana e degustare ricette tipiche regionali. In particolare, saranno presenti gli chef <strong>Raffaello Cordioli<\/strong>, che accompagna la \u00a0delegazione della <strong>Camera di Commercio di Verona<\/strong>, <strong>Augusta Lissoni<\/strong> e <strong>Umberto Passeri<\/strong>.<\/p>\n<p style=\"text-align: justify;\">L\u2019impegno comune messo in campo dagli enti e istituzioni coinvolti nel progetto \u201cArea Italia\u201d ad Alimentaria 2016 conferma l\u2019importanza che il mercato spagnolo riveste per le imprese italiane del settore. La Spagna rappresenta infatti il sesto mercato d\u2019approdo dell\u2019export italiano di prodotti agroalimentari e bevande, con un trend di crescita medio annuale del 4,5% negli ultimi 4 anni, secondo le statistiche messe a disposizione da Eurostat.<\/p>\n<p style=\"text-align: justify;\">\n<div><em>Attraverso i seguenti link \u00e9 possibile consultare:<br \/>\n<\/em><\/div>\n<div>\n<ul>\n<li><span style=\"text-decoration: underline;\"><span style=\"color: #0000ff;\"><a href=\"http:\/\/italcamara-es.com\/files\/pdf\/2016\/Attivita_Area_Italia_ALIMENTARIA.pdf\" target=\"_blank\" rel=\"noopener\">Il programma delle attivit\u00e0 all\u2019interno dell\u2019Area Italia<\/a><\/span><\/span><br \/>\n<a href=\"http:\/\/italcamara-es.com\/files\/pdf\/2016\/AlimentFolleto_INT_BOC8.pdf\" target=\"_blank\" rel=\"noopener\"><br \/>\n<\/a><\/li>\n<li><span style=\"text-decoration: underline;\"><span style=\"color: #0000ff;\"><a href=\"http:\/\/italcamara-es.com\/files\/pdf\/2016\/AlimentFolleto_INT_BOC8.pdf\" target=\"_blank\" rel=\"noopener\">Il Catalogo degli espositori dell\u2019Area Italia<\/a><\/span><\/span><\/li>\n<\/ul>\n<\/div>\n","protected":false},"excerpt":{"rendered":"<p>Il presidente della Generalitat de Catalunya, Carles Puigdemont, accompagnato dal Ministro spagnolo di Agricultura, Alimentazione e Turismo, Isabel Garc\u00eda Tejerina, e da numerose autorit\u00e0 locali \u00e8 stato ricevuto nello spazio espositivo dedicato alle eccellenze enogastronomiche del Belpaese dalla delegazione italiana guidata dall\u2019Ambasciatore d\u2019Italia in Spagna, Stefano Sannino. Alimentaria 2016 ha aperto stamattina i battenti in [&hellip;]<\/p>\n","protected":false},"author":1,"featured_media":54129,"comment_status":"open","ping_status":"open","sticky":false,"template":"","format":"standard","meta":{"inline_featured_image":false,"ocean_post_layout":"","ocean_both_sidebars_style":"","ocean_both_sidebars_content_width":0,"ocean_both_sidebars_sidebars_width":0,"ocean_sidebar":"","ocean_second_sidebar":"","ocean_disable_margins":"enable","ocean_add_body_class":"","ocean_shortcode_before_top_bar":"","ocean_shortcode_after_top_bar":"","ocean_shortcode_before_header":"","ocean_shortcode_after_header":"","ocean_has_shortcode":"","ocean_shortcode_after_title":"","ocean_shortcode_before_footer_widgets":"","ocean_shortcode_after_footer_widgets":"","ocean_shortcode_before_footer_bottom":"","ocean_shortcode_after_footer_bottom":"","ocean_display_top_bar":"default","ocean_display_header":"default","ocean_header_style":"","ocean_center_header_left_menu":"","ocean_custom_header_template":"","ocean_custom_logo":0,"ocean_custom_retina_logo":0,"ocean_custom_logo_max_width":0,"ocean_custom_logo_tablet_max_width":0,"ocean_custom_logo_mobile_max_width":0,"ocean_custom_logo_max_height":0,"ocean_custom_logo_tablet_max_height":0,"ocean_custom_logo_mobile_max_height":0,"ocean_header_custom_menu":"","ocean_menu_typo_font_family":"","ocean_menu_typo_font_subset":"","ocean_menu_typo_font_size":0,"ocean_menu_typo_font_size_tablet":0,"ocean_menu_typo_font_size_mobile":0,"ocean_menu_typo_font_size_unit":"px","ocean_menu_typo_font_weight":"","ocean_menu_typo_font_weight_tablet":"","ocean_menu_typo_font_weight_mobile":"","ocean_menu_typo_transform":"","ocean_menu_typo_transform_tablet":"","ocean_menu_typo_transform_mobile":"","ocean_menu_typo_line_height":0,"ocean_menu_typo_line_height_tablet":0,"ocean_menu_typo_line_height_mobile":0,"ocean_menu_typo_line_height_unit":"","ocean_menu_typo_spacing":0,"ocean_menu_typo_spacing_tablet":0,"ocean_menu_typo_spacing_mobile":0,"ocean_menu_typo_spacing_unit":"","ocean_menu_link_color":"","ocean_menu_link_color_hover":"","ocean_menu_link_color_active":"","ocean_menu_link_background":"","ocean_menu_link_hover_background":"","ocean_menu_link_active_background":"","ocean_menu_social_links_bg":"","ocean_menu_social_hover_links_bg":"","ocean_menu_social_links_color":"","ocean_menu_social_hover_links_color":"","ocean_disable_title":"default","ocean_disable_heading":"default","ocean_post_title":"","ocean_post_subheading":"","ocean_post_title_style":"","ocean_post_title_background_color":"","ocean_post_title_background":0,"ocean_post_title_bg_image_position":"","ocean_post_title_bg_image_attachment":"","ocean_post_title_bg_image_repeat":"","ocean_post_title_bg_image_size":"","ocean_post_title_height":0,"ocean_post_title_bg_overlay":0.5,"ocean_post_title_bg_overlay_color":"","ocean_disable_breadcrumbs":"default","ocean_breadcrumbs_color":"","ocean_breadcrumbs_separator_color":"","ocean_breadcrumbs_links_color":"","ocean_breadcrumbs_links_hover_color":"","ocean_display_footer_widgets":"default","ocean_display_footer_bottom":"default","ocean_custom_footer_template":"","ocean_post_oembed":"","ocean_post_self_hosted_media":"","ocean_post_video_embed":"","ocean_link_format":"","ocean_link_format_target":"self","ocean_quote_format":"","ocean_quote_format_link":"post","ocean_gallery_link_images":"on","ocean_gallery_id":[],"footnotes":""},"categories":[133],"tags":[139],"class_list":["post-55764","post","type-post","status-publish","format-standard","has-post-thumbnail","hentry","category-notizie","tag-notizie-di-la-ccis","entry","has-media"],"yoast_head":"<!-- This site is optimized with the Yoast SEO plugin v27.5 - https:\/\/yoast.com\/product\/yoast-seo-wordpress\/ -->\n<title>Inaugurata l\u2019Area Italia alla fiera Alimentaria 2016 - Italcamara<\/title>\n<meta name=\"robots\" content=\"index, follow, max-snippet:-1, max-image-preview:large, max-video-preview:-1\" \/>\n<link rel=\"canonical\" href=\"https:\/\/italcamara-es.com\/it\/notizie\/inaugurata-larea-italia-alla-fiera-alimentaria-2016\/\" \/>\n<meta property=\"og:locale\" content=\"it_IT\" \/>\n<meta property=\"og:type\" content=\"article\" \/>\n<meta property=\"og:title\" content=\"Inaugurata l\u2019Area Italia alla fiera Alimentaria 2016 - Italcamara\" \/>\n<meta property=\"og:description\" content=\"Il presidente della Generalitat de Catalunya, Carles Puigdemont, accompagnato dal Ministro spagnolo di Agricultura, Alimentazione e Turismo, Isabel Garc\u00eda Tejerina, e da numerose autorit\u00e0 locali \u00e8 stato ricevuto nello spazio espositivo dedicato alle eccellenze enogastronomiche del Belpaese dalla delegazione italiana guidata dall\u2019Ambasciatore d\u2019Italia in Spagna, Stefano Sannino. Alimentaria 2016 ha aperto stamattina i battenti in [&hellip;]\" \/>\n<meta property=\"og:url\" content=\"https:\/\/italcamara-es.com\/it\/notizie\/inaugurata-larea-italia-alla-fiera-alimentaria-2016\/\" \/>\n<meta property=\"og:site_name\" content=\"Italcamara\" \/>\n<meta property=\"article:published_time\" content=\"2016-04-25T11:32:26+00:00\" \/>\n<meta property=\"og:image\" content=\"https:\/\/italcamara-es.com\/wp-content\/uploads\/2025\/03\/alimentaria-barcelona.png\" \/>\n\t<meta property=\"og:image:width\" content=\"349\" \/>\n\t<meta property=\"og:image:height\" content=\"350\" \/>\n\t<meta property=\"og:image:type\" content=\"image\/png\" \/>\n<meta name=\"author\" content=\"administrador\" \/>\n<meta name=\"twitter:card\" content=\"summary_large_image\" \/>\n<meta name=\"twitter:label1\" content=\"Scritto da\" \/>\n\t<meta name=\"twitter:data1\" content=\"administrador\" \/>\n\t<meta name=\"twitter:label2\" content=\"Tempo di lettura stimato\" \/>\n\t<meta name=\"twitter:data2\" content=\"3 minuti\" \/>\n<script type=\"application\/ld+json\" class=\"yoast-schema-graph\">{\"@context\":\"https:\\\/\\\/schema.org\",\"@graph\":[{\"@type\":\"Article\",\"@id\":\"https:\\\/\\\/italcamara-es.com\\\/it\\\/notizie\\\/inaugurata-larea-italia-alla-fiera-alimentaria-2016\\\/#article\",\"isPartOf\":{\"@id\":\"https:\\\/\\\/italcamara-es.com\\\/it\\\/notizie\\\/inaugurata-larea-italia-alla-fiera-alimentaria-2016\\\/\"},\"author\":{\"name\":\"administrador\",\"@id\":\"https:\\\/\\\/italcamara-es.com\\\/#\\\/schema\\\/person\\\/bb3c56263e405bbd9a15171dcfee93bb\"},\"headline\":\"Inaugurata l\u2019Area Italia alla fiera Alimentaria 2016\",\"datePublished\":\"2016-04-25T11:32:26+00:00\",\"mainEntityOfPage\":{\"@id\":\"https:\\\/\\\/italcamara-es.com\\\/it\\\/notizie\\\/inaugurata-larea-italia-alla-fiera-alimentaria-2016\\\/\"},\"wordCount\":514,\"commentCount\":0,\"image\":{\"@id\":\"https:\\\/\\\/italcamara-es.com\\\/it\\\/notizie\\\/inaugurata-larea-italia-alla-fiera-alimentaria-2016\\\/#primaryimage\"},\"thumbnailUrl\":\"https:\\\/\\\/italcamara-es.com\\\/wp-content\\\/uploads\\\/2025\\\/03\\\/alimentaria-barcelona.png\",\"keywords\":[\"Notizie di la CCIS\"],\"articleSection\":[\"Notizie\"],\"inLanguage\":\"it-IT\",\"potentialAction\":[{\"@type\":\"CommentAction\",\"name\":\"Comment\",\"target\":[\"https:\\\/\\\/italcamara-es.com\\\/it\\\/notizie\\\/inaugurata-larea-italia-alla-fiera-alimentaria-2016\\\/#respond\"]}]},{\"@type\":\"WebPage\",\"@id\":\"https:\\\/\\\/italcamara-es.com\\\/it\\\/notizie\\\/inaugurata-larea-italia-alla-fiera-alimentaria-2016\\\/\",\"url\":\"https:\\\/\\\/italcamara-es.com\\\/it\\\/notizie\\\/inaugurata-larea-italia-alla-fiera-alimentaria-2016\\\/\",\"name\":\"Inaugurata l\u2019Area Italia alla fiera Alimentaria 2016 - Italcamara\",\"isPartOf\":{\"@id\":\"https:\\\/\\\/italcamara-es.com\\\/#website\"},\"primaryImageOfPage\":{\"@id\":\"https:\\\/\\\/italcamara-es.com\\\/it\\\/notizie\\\/inaugurata-larea-italia-alla-fiera-alimentaria-2016\\\/#primaryimage\"},\"image\":{\"@id\":\"https:\\\/\\\/italcamara-es.com\\\/it\\\/notizie\\\/inaugurata-larea-italia-alla-fiera-alimentaria-2016\\\/#primaryimage\"},\"thumbnailUrl\":\"https:\\\/\\\/italcamara-es.com\\\/wp-content\\\/uploads\\\/2025\\\/03\\\/alimentaria-barcelona.png\",\"datePublished\":\"2016-04-25T11:32:26+00:00\",\"author\":{\"@id\":\"https:\\\/\\\/italcamara-es.com\\\/#\\\/schema\\\/person\\\/bb3c56263e405bbd9a15171dcfee93bb\"},\"breadcrumb\":{\"@id\":\"https:\\\/\\\/italcamara-es.com\\\/it\\\/notizie\\\/inaugurata-larea-italia-alla-fiera-alimentaria-2016\\\/#breadcrumb\"},\"inLanguage\":\"it-IT\",\"potentialAction\":[{\"@type\":\"ReadAction\",\"target\":[\"https:\\\/\\\/italcamara-es.com\\\/it\\\/notizie\\\/inaugurata-larea-italia-alla-fiera-alimentaria-2016\\\/\"]}]},{\"@type\":\"ImageObject\",\"inLanguage\":\"it-IT\",\"@id\":\"https:\\\/\\\/italcamara-es.com\\\/it\\\/notizie\\\/inaugurata-larea-italia-alla-fiera-alimentaria-2016\\\/#primaryimage\",\"url\":\"https:\\\/\\\/italcamara-es.com\\\/wp-content\\\/uploads\\\/2025\\\/03\\\/alimentaria-barcelona.png\",\"contentUrl\":\"https:\\\/\\\/italcamara-es.com\\\/wp-content\\\/uploads\\\/2025\\\/03\\\/alimentaria-barcelona.png\",\"width\":349,\"height\":350},{\"@type\":\"BreadcrumbList\",\"@id\":\"https:\\\/\\\/italcamara-es.com\\\/it\\\/notizie\\\/inaugurata-larea-italia-alla-fiera-alimentaria-2016\\\/#breadcrumb\",\"itemListElement\":[{\"@type\":\"ListItem\",\"position\":1,\"name\":\"Inicio\",\"item\":\"https:\\\/\\\/italcamara-es.com\\\/it\\\/homepage-ita\\\/\"},{\"@type\":\"ListItem\",\"position\":2,\"name\":\"Inaugurata l\u2019Area Italia alla fiera Alimentaria 2016\"}]},{\"@type\":\"WebSite\",\"@id\":\"https:\\\/\\\/italcamara-es.com\\\/#website\",\"url\":\"https:\\\/\\\/italcamara-es.com\\\/\",\"name\":\"Italcamara\",\"description\":\"\",\"potentialAction\":[{\"@type\":\"SearchAction\",\"target\":{\"@type\":\"EntryPoint\",\"urlTemplate\":\"https:\\\/\\\/italcamara-es.com\\\/?s={search_term_string}\"},\"query-input\":{\"@type\":\"PropertyValueSpecification\",\"valueRequired\":true,\"valueName\":\"search_term_string\"}}],\"inLanguage\":\"it-IT\"},{\"@type\":\"Person\",\"@id\":\"https:\\\/\\\/italcamara-es.com\\\/#\\\/schema\\\/person\\\/bb3c56263e405bbd9a15171dcfee93bb\",\"name\":\"administrador\",\"image\":{\"@type\":\"ImageObject\",\"inLanguage\":\"it-IT\",\"@id\":\"https:\\\/\\\/secure.gravatar.com\\\/avatar\\\/14b5e63db38320b12031bb28cf9f77e210aa71fb3a8a3602a3c9a05134fa75eb?s=96&d=mm&r=g\",\"url\":\"https:\\\/\\\/secure.gravatar.com\\\/avatar\\\/14b5e63db38320b12031bb28cf9f77e210aa71fb3a8a3602a3c9a05134fa75eb?s=96&d=mm&r=g\",\"contentUrl\":\"https:\\\/\\\/secure.gravatar.com\\\/avatar\\\/14b5e63db38320b12031bb28cf9f77e210aa71fb3a8a3602a3c9a05134fa75eb?s=96&d=mm&r=g\",\"caption\":\"administrador\"},\"sameAs\":[\"http:\\\/\\\/pre.italcamara-es.com\"],\"url\":\"https:\\\/\\\/italcamara-es.com\\\/it\\\/author\\\/administrador\\\/\"}]}<\/script>\n<!-- \/ Yoast SEO plugin. -->","yoast_head_json":{"title":"Inaugurata l\u2019Area Italia alla fiera Alimentaria 2016 - Italcamara","robots":{"index":"index","follow":"follow","max-snippet":"max-snippet:-1","max-image-preview":"max-image-preview:large","max-video-preview":"max-video-preview:-1"},"canonical":"https:\/\/italcamara-es.com\/it\/notizie\/inaugurata-larea-italia-alla-fiera-alimentaria-2016\/","og_locale":"it_IT","og_type":"article","og_title":"Inaugurata l\u2019Area Italia alla fiera Alimentaria 2016 - Italcamara","og_description":"Il presidente della Generalitat de Catalunya, Carles Puigdemont, accompagnato dal Ministro spagnolo di Agricultura, Alimentazione e Turismo, Isabel Garc\u00eda Tejerina, e da numerose autorit\u00e0 locali \u00e8 stato ricevuto nello spazio espositivo dedicato alle eccellenze enogastronomiche del Belpaese dalla delegazione italiana guidata dall\u2019Ambasciatore d\u2019Italia in Spagna, Stefano Sannino. Alimentaria 2016 ha aperto stamattina i battenti in [&hellip;]","og_url":"https:\/\/italcamara-es.com\/it\/notizie\/inaugurata-larea-italia-alla-fiera-alimentaria-2016\/","og_site_name":"Italcamara","article_published_time":"2016-04-25T11:32:26+00:00","og_image":[{"width":349,"height":350,"url":"https:\/\/italcamara-es.com\/wp-content\/uploads\/2025\/03\/alimentaria-barcelona.png","type":"image\/png"}],"author":"administrador","twitter_card":"summary_large_image","twitter_misc":{"Scritto da":"administrador","Tempo di lettura stimato":"3 minuti"},"schema":{"@context":"https:\/\/schema.org","@graph":[{"@type":"Article","@id":"https:\/\/italcamara-es.com\/it\/notizie\/inaugurata-larea-italia-alla-fiera-alimentaria-2016\/#article","isPartOf":{"@id":"https:\/\/italcamara-es.com\/it\/notizie\/inaugurata-larea-italia-alla-fiera-alimentaria-2016\/"},"author":{"name":"administrador","@id":"https:\/\/italcamara-es.com\/#\/schema\/person\/bb3c56263e405bbd9a15171dcfee93bb"},"headline":"Inaugurata l\u2019Area Italia alla fiera Alimentaria 2016","datePublished":"2016-04-25T11:32:26+00:00","mainEntityOfPage":{"@id":"https:\/\/italcamara-es.com\/it\/notizie\/inaugurata-larea-italia-alla-fiera-alimentaria-2016\/"},"wordCount":514,"commentCount":0,"image":{"@id":"https:\/\/italcamara-es.com\/it\/notizie\/inaugurata-larea-italia-alla-fiera-alimentaria-2016\/#primaryimage"},"thumbnailUrl":"https:\/\/italcamara-es.com\/wp-content\/uploads\/2025\/03\/alimentaria-barcelona.png","keywords":["Notizie di la CCIS"],"articleSection":["Notizie"],"inLanguage":"it-IT","potentialAction":[{"@type":"CommentAction","name":"Comment","target":["https:\/\/italcamara-es.com\/it\/notizie\/inaugurata-larea-italia-alla-fiera-alimentaria-2016\/#respond"]}]},{"@type":"WebPage","@id":"https:\/\/italcamara-es.com\/it\/notizie\/inaugurata-larea-italia-alla-fiera-alimentaria-2016\/","url":"https:\/\/italcamara-es.com\/it\/notizie\/inaugurata-larea-italia-alla-fiera-alimentaria-2016\/","name":"Inaugurata l\u2019Area Italia alla fiera Alimentaria 2016 - Italcamara","isPartOf":{"@id":"https:\/\/italcamara-es.com\/#website"},"primaryImageOfPage":{"@id":"https:\/\/italcamara-es.com\/it\/notizie\/inaugurata-larea-italia-alla-fiera-alimentaria-2016\/#primaryimage"},"image":{"@id":"https:\/\/italcamara-es.com\/it\/notizie\/inaugurata-larea-italia-alla-fiera-alimentaria-2016\/#primaryimage"},"thumbnailUrl":"https:\/\/italcamara-es.com\/wp-content\/uploads\/2025\/03\/alimentaria-barcelona.png","datePublished":"2016-04-25T11:32:26+00:00","author":{"@id":"https:\/\/italcamara-es.com\/#\/schema\/person\/bb3c56263e405bbd9a15171dcfee93bb"},"breadcrumb":{"@id":"https:\/\/italcamara-es.com\/it\/notizie\/inaugurata-larea-italia-alla-fiera-alimentaria-2016\/#breadcrumb"},"inLanguage":"it-IT","potentialAction":[{"@type":"ReadAction","target":["https:\/\/italcamara-es.com\/it\/notizie\/inaugurata-larea-italia-alla-fiera-alimentaria-2016\/"]}]},{"@type":"ImageObject","inLanguage":"it-IT","@id":"https:\/\/italcamara-es.com\/it\/notizie\/inaugurata-larea-italia-alla-fiera-alimentaria-2016\/#primaryimage","url":"https:\/\/italcamara-es.com\/wp-content\/uploads\/2025\/03\/alimentaria-barcelona.png","contentUrl":"https:\/\/italcamara-es.com\/wp-content\/uploads\/2025\/03\/alimentaria-barcelona.png","width":349,"height":350},{"@type":"BreadcrumbList","@id":"https:\/\/italcamara-es.com\/it\/notizie\/inaugurata-larea-italia-alla-fiera-alimentaria-2016\/#breadcrumb","itemListElement":[{"@type":"ListItem","position":1,"name":"Inicio","item":"https:\/\/italcamara-es.com\/it\/homepage-ita\/"},{"@type":"ListItem","position":2,"name":"Inaugurata l\u2019Area Italia alla fiera Alimentaria 2016"}]},{"@type":"WebSite","@id":"https:\/\/italcamara-es.com\/#website","url":"https:\/\/italcamara-es.com\/","name":"Italcamara","description":"","potentialAction":[{"@type":"SearchAction","target":{"@type":"EntryPoint","urlTemplate":"https:\/\/italcamara-es.com\/?s={search_term_string}"},"query-input":{"@type":"PropertyValueSpecification","valueRequired":true,"valueName":"search_term_string"}}],"inLanguage":"it-IT"},{"@type":"Person","@id":"https:\/\/italcamara-es.com\/#\/schema\/person\/bb3c56263e405bbd9a15171dcfee93bb","name":"administrador","image":{"@type":"ImageObject","inLanguage":"it-IT","@id":"https:\/\/secure.gravatar.com\/avatar\/14b5e63db38320b12031bb28cf9f77e210aa71fb3a8a3602a3c9a05134fa75eb?s=96&d=mm&r=g","url":"https:\/\/secure.gravatar.com\/avatar\/14b5e63db38320b12031bb28cf9f77e210aa71fb3a8a3602a3c9a05134fa75eb?s=96&d=mm&r=g","contentUrl":"https:\/\/secure.gravatar.com\/avatar\/14b5e63db38320b12031bb28cf9f77e210aa71fb3a8a3602a3c9a05134fa75eb?s=96&d=mm&r=g","caption":"administrador"},"sameAs":["http:\/\/pre.italcamara-es.com"],"url":"https:\/\/italcamara-es.com\/it\/author\/administrador\/"}]}},"rttpg_featured_image_url":{"full":["https:\/\/italcamara-es.com\/wp-content\/uploads\/2025\/03\/alimentaria-barcelona.png",349,350,false],"landscape":["https:\/\/italcamara-es.com\/wp-content\/uploads\/2025\/03\/alimentaria-barcelona.png",349,350,false],"portraits":["https:\/\/italcamara-es.com\/wp-content\/uploads\/2025\/03\/alimentaria-barcelona.png",349,350,false],"thumbnail":["https:\/\/italcamara-es.com\/wp-content\/uploads\/2025\/03\/alimentaria-barcelona-150x150.png",150,150,true],"medium":["https:\/\/italcamara-es.com\/wp-content\/uploads\/2025\/03\/alimentaria-barcelona-300x300.png",300,300,true],"large":["https:\/\/italcamara-es.com\/wp-content\/uploads\/2025\/03\/alimentaria-barcelona.png",349,350,false],"1536x1536":["https:\/\/italcamara-es.com\/wp-content\/uploads\/2025\/03\/alimentaria-barcelona.png",349,350,false],"2048x2048":["https:\/\/italcamara-es.com\/wp-content\/uploads\/2025\/03\/alimentaria-barcelona.png",349,350,false],"ocean-thumb-m":["https:\/\/italcamara-es.com\/wp-content\/uploads\/2025\/03\/alimentaria-barcelona.png",349,350,false],"ocean-thumb-ml":["https:\/\/italcamara-es.com\/wp-content\/uploads\/2025\/03\/alimentaria-barcelona.png",349,350,false],"ocean-thumb-l":["https:\/\/italcamara-es.com\/wp-content\/uploads\/2025\/03\/alimentaria-barcelona.png",349,350,false],"directorist_preview":["https:\/\/italcamara-es.com\/wp-content\/uploads\/2025\/03\/alimentaria-barcelona.png",349,350,false]},"rttpg_author":{"display_name":"administrador","author_link":"https:\/\/italcamara-es.com\/it\/author\/administrador\/"},"rttpg_comment":0,"rttpg_category":"<a href=\"https:\/\/italcamara-es.com\/it\/category\/notizie\/\" rel=\"category tag\">Notizie<\/a>","rttpg_excerpt":"Il presidente della Generalitat de Catalunya, Carles Puigdemont, accompagnato dal Ministro spagnolo di Agricultura, Alimentazione e Turismo, Isabel Garc\u00eda Tejerina, e da numerose autorit\u00e0 locali \u00e8 stato ricevuto nello spazio espositivo dedicato alle eccellenze enogastronomiche del Belpaese dalla delegazione italiana guidata dall\u2019Ambasciatore d\u2019Italia in Spagna, Stefano Sannino. Alimentaria 2016 ha aperto stamattina i battenti in&hellip;","_links":{"self":[{"href":"https:\/\/italcamara-es.com\/it\/wp-json\/wp\/v2\/posts\/55764","targetHints":{"allow":["GET"]}}],"collection":[{"href":"https:\/\/italcamara-es.com\/it\/wp-json\/wp\/v2\/posts"}],"about":[{"href":"https:\/\/italcamara-es.com\/it\/wp-json\/wp\/v2\/types\/post"}],"author":[{"embeddable":true,"href":"https:\/\/italcamara-es.com\/it\/wp-json\/wp\/v2\/users\/1"}],"replies":[{"embeddable":true,"href":"https:\/\/italcamara-es.com\/it\/wp-json\/wp\/v2\/comments?post=55764"}],"version-history":[{"count":0,"href":"https:\/\/italcamara-es.com\/it\/wp-json\/wp\/v2\/posts\/55764\/revisions"}],"wp:featuredmedia":[{"embeddable":true,"href":"https:\/\/italcamara-es.com\/it\/wp-json\/wp\/v2\/media\/54129"}],"wp:attachment":[{"href":"https:\/\/italcamara-es.com\/it\/wp-json\/wp\/v2\/media?parent=55764"}],"wp:term":[{"taxonomy":"category","embeddable":true,"href":"https:\/\/italcamara-es.com\/it\/wp-json\/wp\/v2\/categories?post=55764"},{"taxonomy":"post_tag","embeddable":true,"href":"https:\/\/italcamara-es.com\/it\/wp-json\/wp\/v2\/tags?post=55764"}],"curies":[{"name":"wp","href":"https:\/\/api.w.org\/{rel}","templated":true}]}}