	{"id":55767,"date":"2016-04-13T09:19:33","date_gmt":"2016-04-13T07:19:33","guid":{"rendered":"http:\/\/pre.italcamara-es.com\/senza-categoria\/torna-a-madrid-passione-italia\/"},"modified":"2016-04-13T09:19:33","modified_gmt":"2016-04-13T07:19:33","slug":"torna-a-madrid-passione-italia","status":"publish","type":"post","link":"https:\/\/italcamara-es.com\/it\/notizie\/torna-a-madrid-passione-italia\/","title":{"rendered":"Torna a Madrid \u201cPassione Italia\u201d"},"content":{"rendered":"<p><em>L\u2019VIII edizione del grande evento di promozione del \u201cMade in Italy\u201d in \u00a0Spagna si svolger\u00e0 come di consueto nel patio della Scuola Italiana di Madrid dal 2 al 5 giugno<\/em><\/p>\n<p>&nbsp;<\/p>\n<p>Anche quest\u2019anno torna puntuale l\u2019appuntamento con le eccellenze del \u201cMade in Italy\u201d in Spagna. L\u2019VIII edizione di <strong>Passione Italia<\/strong>, organizzata dalla Camera di Commercio e Industria Italiana per la Spagna \u2013 CCIS &#8211; in collaborazione con le principali istituzioni italiane nel Paese, si terr\u00e0 infatti dal<strong> 2 al 5 giugno 2016<\/strong> nel patio della Scuola Italiana di Madrid (calle Agust\u00edn de Betancourt,1).<\/p>\n<p>&nbsp;<\/p>\n<p>Sar\u00e0 un\u2019edizione all\u2019insegna della gastronomia, il turismo, la musica e tantissime attivit\u00e0 per grandi e piccoli.<\/p>\n<p>4 giornate a cui sono invitati tutti gli amanti del Belpaese!<\/p>\n<p>&nbsp;<\/p>\n<p>Tra le novit\u00e0 di quest\u2019anno, vanno menzionati il <strong><a href=\"http:\/\/italcamara-es.com\/progetti.php?id=71\" target=\"_blank\" rel=\"noopener\">Campionato di Pizza d\u2019Autore<\/a><\/strong> (gioved\u00ec 2 giugno), in collaborazione con<em> Pizzamore<\/em> e l\u2019<em>Universit\u00e0 della Pizza Italiana nel Mondo<\/em>, e le fasi eliminatorie del <strong><a href=\"http:\/\/italcamara-es.com\/progetti.php?id=73\" target=\"_blank\" rel=\"noopener\">Campionato Mondiale di Pesto Genovese al Mortaio<\/a><\/strong> (sabato 4 giugno), gestito in collaborazione con l\u2019associazione <em>Palatifini<\/em>. Entrambe le iniziative sono aperte a chef e amanti della gastronomia italiana che vogliono dimostrare la propia abilit\u00e0 nell\u2019elaborazione di alcune delle ricette pi\u00f9 rappresentative della tradizione culinaria del Belpaese.<\/p>\n<p>&nbsp;<\/p>\n<p>Rimanendo nell\u2019ambito gastronomico, anche quest\u2019anno tornano i food truck di degustazione e vendita di prodotti italiani di qualit\u00e0: pasta fresca, piadine, tigelle, panini gourmet, risotti, pizze&#8230;.Il meglio della gastronomia italiana a Madrid, per soddisfare i palati pi\u00f9 esigenti!<\/p>\n<p>&nbsp;<\/p>\n<p>Non mancheranno ovviamente gli appuntamenti musicali tra concerti e sessioni di karaoke. Oltre alle sonorit\u00e0 tropicali dei <em>Cuba Son<\/em>, gruppo internazionale composto da tre italiani e due cubani, gi\u00e0 presente nella scorsa edizione di \u201cPassione Italia\u201d, quest\u2019anno saranno protagonisti i <em>Baciamolemani<\/em>, gruppo siciliano che mescola diversi stili musicali, dallo ska al reggae, dalla canzone melodica italiana al pop, che vanta gi\u00e0 due album da studio e pi\u00f9 di 300 concerti in diversi paesi d\u2019Europa.<\/p>\n<p>Non mancher\u00e0 inoltre <em>Raffaello<\/em>, con le sue cover dei grandi successi della musica leggera italiana. La sua presenza a \u201cPassione Italia\u201d si \u00e8 convertita in un appuntamento imprescindibile, con le sue performance che sanno coinvolgere magistralmente i presenti, grandi e piccoli, italiani e non.<\/p>\n<p>Un\u2019altra novit\u00e0 di quest\u2019anno sar\u00e0 la serata dedicata a <strong>Pino Daniele<\/strong>, uno dei pi\u00f9 grandi cantuatori italiani, scomparso poco pi\u00f9 di un anno fa, durante la quale verranno riproposti alcuni dei suoi brani pi\u00f9 conosciuti.<\/p>\n<p>&nbsp;<\/p>\n<p>Il programma prevede inoltre alcuni appuntamenti culturali di rilievo, come l\u2019omaggio al regista italiano <strong>Ettore Scola<\/strong>, scomparso lo scorso gennaio, con la proiezione di uno dei suoi film durante la giornata di apertura dell\u2019evento (2 giugno).<\/p>\n<p>&nbsp;<\/p>\n<p>Ogni giorno saranno organizzati showcooking, degustazioni e presentazioni di prodotti, Spritz time, spettacoli, estrazioni di premi, laboratori e attivit\u00e0 per bimbi (laboratorio di pizza, cantastorie, animazione, attivit\u00e0 sportive e giochi), e molto altro ancora!<\/p>\n<p><a href=\"https:\/\/www.italcamara-es.com\/wp-content\/uploads\/2016\/07\/open-day-panoramica7001.jpg\"><img fetchpriority=\"high\" decoding=\"async\" class=\" size-full wp-image-2444 aligncenter\" src=\"https:\/\/www.italcamara-es.com\/wp-content\/uploads\/2016\/07\/open-day-panoramica7001.jpg\" alt=\"open-day-panoramica700\" width=\"700\" height=\"306\" \/><\/a><\/p>\n<p>Saranno inoltre allestite aree di ristorazione attive durante tutto il periodo dell\u2019evento,dove si potranno degustare piatti e ricette tipiche della gastronomia italiana.<\/p>\n<p>&nbsp;<\/p>\n<p>Il 3 giugno sar\u00e0 la giornata dedicata agli operatori dei settori enogastronomico e turistico. Verranno infatti organizzati <strong>incontri B2B <\/strong>presso la sede della Cancelleria Consolare dell\u2019Ambasciata d\u2019Italia ai quali prenderanno parte le imprese e consorzi partecipanti a Passione Italia e distributori, importantori e tour operator locali convocati dalla CCIS.<\/p>\n<p>&nbsp;<\/p>\n<p>Il giorno successivo, sono previsti anche i saluti istituzionali da parte dell\u2019Ambasciatore d\u2019Italia, <strong>Stefano Sannino<\/strong>, alla presenza del presidente della CCIS, <strong>Marco Pizzi<\/strong>, ed i rappresentanti delle istituzioni italiane in Spagna.<\/p>\n<p>Per qualsiasi informazioni su \u201cPassione Italia 2016\u201d \u00e8 possibile contattare la segreteria della CCIS: <a href=\"mailto:info@italcamara-es.com\" target=\"_blank\" rel=\"noopener\"><span style=\"color: #333399;\"><strong>info@italcamara-es.com<\/strong><\/span><\/a>.<\/p>\n<p>&nbsp;<\/p>\n<p>Il programma aggiornato dell\u2019evento \u00e8 disponibile nella pagina dedicata: <span style=\"color: #333399;\"><strong><a href=\"http:\/\/www.italiaonlive.com\" target=\"_blank\" rel=\"noopener\">www.italiaonlive.com<\/a><\/strong><\/span><\/p>\n<p>&nbsp;<\/p>\n<p>&nbsp;<\/p>\n<hr \/>\n<p>&nbsp;<\/p>\n<p>La CCIS ringrazia gli sponsor <strong>Ubibanca<\/strong>,<strong> Endesa<\/strong>, <strong>Generali<\/strong>,<strong> Negrini<\/strong> e <strong>Brembo<\/strong> per il loro supporto a questa importante iniziativa, cos\u00ec come gli enti e le imprese che collaborano e partecipano alla stessa.<\/p>\n<p>&nbsp;<\/p>\n<hr \/>\n<p>&nbsp;<\/p>\n<p>&nbsp;<\/p>\n<p style=\"text-align: center;\"><a href=\"https:\/\/www.italcamara-es.com\/wp-content\/uploads\/2016\/07\/logo-passione-italia4001.jpg\"><img decoding=\"async\" class=\"alignnone size-full wp-image-2250\" src=\"https:\/\/www.italcamara-es.com\/wp-content\/uploads\/2016\/07\/logo-passione-italia4001.jpg\" alt=\"logo-passione-italia400\" width=\"579\" height=\"700\" \/><\/a><\/p>\n","protected":false},"excerpt":{"rendered":"<p>L\u2019VIII edizione del grande evento di promozione del \u201cMade in Italy\u201d in \u00a0Spagna si svolger\u00e0 come di consueto nel patio della Scuola Italiana di Madrid dal 2 al 5 giugno &nbsp; Anche quest\u2019anno torna puntuale l\u2019appuntamento con le eccellenze del \u201cMade in Italy\u201d in Spagna. L\u2019VIII edizione di Passione Italia, organizzata dalla Camera di Commercio [&hellip;]<\/p>\n","protected":false},"author":1,"featured_media":54135,"comment_status":"open","ping_status":"open","sticky":false,"template":"","format":"standard","meta":{"inline_featured_image":false,"ocean_post_layout":"","ocean_both_sidebars_style":"","ocean_both_sidebars_content_width":0,"ocean_both_sidebars_sidebars_width":0,"ocean_sidebar":"","ocean_second_sidebar":"","ocean_disable_margins":"enable","ocean_add_body_class":"","ocean_shortcode_before_top_bar":"","ocean_shortcode_after_top_bar":"","ocean_shortcode_before_header":"","ocean_shortcode_after_header":"","ocean_has_shortcode":"","ocean_shortcode_after_title":"","ocean_shortcode_before_footer_widgets":"","ocean_shortcode_after_footer_widgets":"","ocean_shortcode_before_footer_bottom":"","ocean_shortcode_after_footer_bottom":"","ocean_display_top_bar":"default","ocean_display_header":"default","ocean_header_style":"","ocean_center_header_left_menu":"","ocean_custom_header_template":"","ocean_custom_logo":0,"ocean_custom_retina_logo":0,"ocean_custom_logo_max_width":0,"ocean_custom_logo_tablet_max_width":0,"ocean_custom_logo_mobile_max_width":0,"ocean_custom_logo_max_height":0,"ocean_custom_logo_tablet_max_height":0,"ocean_custom_logo_mobile_max_height":0,"ocean_header_custom_menu":"","ocean_menu_typo_font_family":"","ocean_menu_typo_font_subset":"","ocean_menu_typo_font_size":0,"ocean_menu_typo_font_size_tablet":0,"ocean_menu_typo_font_size_mobile":0,"ocean_menu_typo_font_size_unit":"px","ocean_menu_typo_font_weight":"","ocean_menu_typo_font_weight_tablet":"","ocean_menu_typo_font_weight_mobile":"","ocean_menu_typo_transform":"","ocean_menu_typo_transform_tablet":"","ocean_menu_typo_transform_mobile":"","ocean_menu_typo_line_height":0,"ocean_menu_typo_line_height_tablet":0,"ocean_menu_typo_line_height_mobile":0,"ocean_menu_typo_line_height_unit":"","ocean_menu_typo_spacing":0,"ocean_menu_typo_spacing_tablet":0,"ocean_menu_typo_spacing_mobile":0,"ocean_menu_typo_spacing_unit":"","ocean_menu_link_color":"","ocean_menu_link_color_hover":"","ocean_menu_link_color_active":"","ocean_menu_link_background":"","ocean_menu_link_hover_background":"","ocean_menu_link_active_background":"","ocean_menu_social_links_bg":"","ocean_menu_social_hover_links_bg":"","ocean_menu_social_links_color":"","ocean_menu_social_hover_links_color":"","ocean_disable_title":"default","ocean_disable_heading":"default","ocean_post_title":"","ocean_post_subheading":"","ocean_post_title_style":"","ocean_post_title_background_color":"","ocean_post_title_background":0,"ocean_post_title_bg_image_position":"","ocean_post_title_bg_image_attachment":"","ocean_post_title_bg_image_repeat":"","ocean_post_title_bg_image_size":"","ocean_post_title_height":0,"ocean_post_title_bg_overlay":0.5,"ocean_post_title_bg_overlay_color":"","ocean_disable_breadcrumbs":"default","ocean_breadcrumbs_color":"","ocean_breadcrumbs_separator_color":"","ocean_breadcrumbs_links_color":"","ocean_breadcrumbs_links_hover_color":"","ocean_display_footer_widgets":"default","ocean_display_footer_bottom":"default","ocean_custom_footer_template":"","ocean_post_oembed":"","ocean_post_self_hosted_media":"","ocean_post_video_embed":"","ocean_link_format":"","ocean_link_format_target":"self","ocean_quote_format":"","ocean_quote_format_link":"post","ocean_gallery_link_images":"on","ocean_gallery_id":[],"footnotes":""},"categories":[133],"tags":[139],"class_list":["post-55767","post","type-post","status-publish","format-standard","has-post-thumbnail","hentry","category-notizie","tag-notizie-di-la-ccis","entry","has-media"],"yoast_head":"<!-- This site is optimized with the Yoast SEO plugin v27.4 - https:\/\/yoast.com\/product\/yoast-seo-wordpress\/ -->\n<title>Torna a Madrid \u201cPassione Italia\u201d - Italcamara<\/title>\n<meta name=\"robots\" content=\"index, follow, max-snippet:-1, max-image-preview:large, max-video-preview:-1\" \/>\n<link rel=\"canonical\" href=\"https:\/\/italcamara-es.com\/it\/notizie\/torna-a-madrid-passione-italia\/\" \/>\n<meta property=\"og:locale\" content=\"it_IT\" \/>\n<meta property=\"og:type\" content=\"article\" \/>\n<meta property=\"og:title\" content=\"Torna a Madrid \u201cPassione Italia\u201d - Italcamara\" \/>\n<meta property=\"og:description\" content=\"L\u2019VIII edizione del grande evento di promozione del \u201cMade in Italy\u201d in \u00a0Spagna si svolger\u00e0 come di consueto nel patio della Scuola Italiana di Madrid dal 2 al 5 giugno &nbsp; Anche quest\u2019anno torna puntuale l\u2019appuntamento con le eccellenze del \u201cMade in Italy\u201d in Spagna. L\u2019VIII edizione di Passione Italia, organizzata dalla Camera di Commercio [&hellip;]\" \/>\n<meta property=\"og:url\" content=\"https:\/\/italcamara-es.com\/it\/notizie\/torna-a-madrid-passione-italia\/\" \/>\n<meta property=\"og:site_name\" content=\"Italcamara\" \/>\n<meta property=\"article:published_time\" content=\"2016-04-13T07:19:33+00:00\" \/>\n<meta property=\"og:image\" content=\"https:\/\/italcamara-es.com\/wp-content\/uploads\/2025\/03\/Passione-Italia-2016progetti.jpg\" \/>\n\t<meta property=\"og:image:width\" content=\"145\" \/>\n\t<meta property=\"og:image:height\" content=\"110\" \/>\n\t<meta property=\"og:image:type\" content=\"image\/jpeg\" \/>\n<meta name=\"author\" content=\"administrador\" \/>\n<meta name=\"twitter:card\" content=\"summary_large_image\" \/>\n<meta name=\"twitter:label1\" content=\"Scritto da\" \/>\n\t<meta name=\"twitter:data1\" content=\"administrador\" \/>\n\t<meta name=\"twitter:label2\" content=\"Tempo di lettura stimato\" \/>\n\t<meta name=\"twitter:data2\" content=\"3 minuti\" \/>\n<script type=\"application\/ld+json\" class=\"yoast-schema-graph\">{\"@context\":\"https:\\\/\\\/schema.org\",\"@graph\":[{\"@type\":\"Article\",\"@id\":\"https:\\\/\\\/italcamara-es.com\\\/it\\\/notizie\\\/torna-a-madrid-passione-italia\\\/#article\",\"isPartOf\":{\"@id\":\"https:\\\/\\\/italcamara-es.com\\\/it\\\/notizie\\\/torna-a-madrid-passione-italia\\\/\"},\"author\":{\"name\":\"administrador\",\"@id\":\"https:\\\/\\\/italcamara-es.com\\\/#\\\/schema\\\/person\\\/bb3c56263e405bbd9a15171dcfee93bb\"},\"headline\":\"Torna a Madrid \u201cPassione Italia\u201d\",\"datePublished\":\"2016-04-13T07:19:33+00:00\",\"mainEntityOfPage\":{\"@id\":\"https:\\\/\\\/italcamara-es.com\\\/it\\\/notizie\\\/torna-a-madrid-passione-italia\\\/\"},\"wordCount\":654,\"commentCount\":0,\"image\":{\"@id\":\"https:\\\/\\\/italcamara-es.com\\\/it\\\/notizie\\\/torna-a-madrid-passione-italia\\\/#primaryimage\"},\"thumbnailUrl\":\"https:\\\/\\\/italcamara-es.com\\\/wp-content\\\/uploads\\\/2025\\\/03\\\/Passione-Italia-2016progetti.jpg\",\"keywords\":[\"Notizie di la CCIS\"],\"articleSection\":[\"Notizie\"],\"inLanguage\":\"it-IT\",\"potentialAction\":[{\"@type\":\"CommentAction\",\"name\":\"Comment\",\"target\":[\"https:\\\/\\\/italcamara-es.com\\\/it\\\/notizie\\\/torna-a-madrid-passione-italia\\\/#respond\"]}]},{\"@type\":\"WebPage\",\"@id\":\"https:\\\/\\\/italcamara-es.com\\\/it\\\/notizie\\\/torna-a-madrid-passione-italia\\\/\",\"url\":\"https:\\\/\\\/italcamara-es.com\\\/it\\\/notizie\\\/torna-a-madrid-passione-italia\\\/\",\"name\":\"Torna a Madrid \u201cPassione Italia\u201d - Italcamara\",\"isPartOf\":{\"@id\":\"https:\\\/\\\/italcamara-es.com\\\/#website\"},\"primaryImageOfPage\":{\"@id\":\"https:\\\/\\\/italcamara-es.com\\\/it\\\/notizie\\\/torna-a-madrid-passione-italia\\\/#primaryimage\"},\"image\":{\"@id\":\"https:\\\/\\\/italcamara-es.com\\\/it\\\/notizie\\\/torna-a-madrid-passione-italia\\\/#primaryimage\"},\"thumbnailUrl\":\"https:\\\/\\\/italcamara-es.com\\\/wp-content\\\/uploads\\\/2025\\\/03\\\/Passione-Italia-2016progetti.jpg\",\"datePublished\":\"2016-04-13T07:19:33+00:00\",\"author\":{\"@id\":\"https:\\\/\\\/italcamara-es.com\\\/#\\\/schema\\\/person\\\/bb3c56263e405bbd9a15171dcfee93bb\"},\"breadcrumb\":{\"@id\":\"https:\\\/\\\/italcamara-es.com\\\/it\\\/notizie\\\/torna-a-madrid-passione-italia\\\/#breadcrumb\"},\"inLanguage\":\"it-IT\",\"potentialAction\":[{\"@type\":\"ReadAction\",\"target\":[\"https:\\\/\\\/italcamara-es.com\\\/it\\\/notizie\\\/torna-a-madrid-passione-italia\\\/\"]}]},{\"@type\":\"ImageObject\",\"inLanguage\":\"it-IT\",\"@id\":\"https:\\\/\\\/italcamara-es.com\\\/it\\\/notizie\\\/torna-a-madrid-passione-italia\\\/#primaryimage\",\"url\":\"https:\\\/\\\/italcamara-es.com\\\/wp-content\\\/uploads\\\/2025\\\/03\\\/Passione-Italia-2016progetti.jpg\",\"contentUrl\":\"https:\\\/\\\/italcamara-es.com\\\/wp-content\\\/uploads\\\/2025\\\/03\\\/Passione-Italia-2016progetti.jpg\",\"width\":145,\"height\":110},{\"@type\":\"BreadcrumbList\",\"@id\":\"https:\\\/\\\/italcamara-es.com\\\/it\\\/notizie\\\/torna-a-madrid-passione-italia\\\/#breadcrumb\",\"itemListElement\":[{\"@type\":\"ListItem\",\"position\":1,\"name\":\"Inicio\",\"item\":\"https:\\\/\\\/italcamara-es.com\\\/it\\\/homepage-ita\\\/\"},{\"@type\":\"ListItem\",\"position\":2,\"name\":\"Torna a Madrid \u201cPassione Italia\u201d\"}]},{\"@type\":\"WebSite\",\"@id\":\"https:\\\/\\\/italcamara-es.com\\\/#website\",\"url\":\"https:\\\/\\\/italcamara-es.com\\\/\",\"name\":\"Italcamara\",\"description\":\"\",\"potentialAction\":[{\"@type\":\"SearchAction\",\"target\":{\"@type\":\"EntryPoint\",\"urlTemplate\":\"https:\\\/\\\/italcamara-es.com\\\/?s={search_term_string}\"},\"query-input\":{\"@type\":\"PropertyValueSpecification\",\"valueRequired\":true,\"valueName\":\"search_term_string\"}}],\"inLanguage\":\"it-IT\"},{\"@type\":\"Person\",\"@id\":\"https:\\\/\\\/italcamara-es.com\\\/#\\\/schema\\\/person\\\/bb3c56263e405bbd9a15171dcfee93bb\",\"name\":\"administrador\",\"image\":{\"@type\":\"ImageObject\",\"inLanguage\":\"it-IT\",\"@id\":\"https:\\\/\\\/secure.gravatar.com\\\/avatar\\\/14b5e63db38320b12031bb28cf9f77e210aa71fb3a8a3602a3c9a05134fa75eb?s=96&d=mm&r=g\",\"url\":\"https:\\\/\\\/secure.gravatar.com\\\/avatar\\\/14b5e63db38320b12031bb28cf9f77e210aa71fb3a8a3602a3c9a05134fa75eb?s=96&d=mm&r=g\",\"contentUrl\":\"https:\\\/\\\/secure.gravatar.com\\\/avatar\\\/14b5e63db38320b12031bb28cf9f77e210aa71fb3a8a3602a3c9a05134fa75eb?s=96&d=mm&r=g\",\"caption\":\"administrador\"},\"sameAs\":[\"http:\\\/\\\/pre.italcamara-es.com\"],\"url\":\"https:\\\/\\\/italcamara-es.com\\\/it\\\/author\\\/administrador\\\/\"}]}<\/script>\n<!-- \/ Yoast SEO plugin. -->","yoast_head_json":{"title":"Torna a Madrid \u201cPassione Italia\u201d - Italcamara","robots":{"index":"index","follow":"follow","max-snippet":"max-snippet:-1","max-image-preview":"max-image-preview:large","max-video-preview":"max-video-preview:-1"},"canonical":"https:\/\/italcamara-es.com\/it\/notizie\/torna-a-madrid-passione-italia\/","og_locale":"it_IT","og_type":"article","og_title":"Torna a Madrid \u201cPassione Italia\u201d - Italcamara","og_description":"L\u2019VIII edizione del grande evento di promozione del \u201cMade in Italy\u201d in \u00a0Spagna si svolger\u00e0 come di consueto nel patio della Scuola Italiana di Madrid dal 2 al 5 giugno &nbsp; Anche quest\u2019anno torna puntuale l\u2019appuntamento con le eccellenze del \u201cMade in Italy\u201d in Spagna. L\u2019VIII edizione di Passione Italia, organizzata dalla Camera di Commercio [&hellip;]","og_url":"https:\/\/italcamara-es.com\/it\/notizie\/torna-a-madrid-passione-italia\/","og_site_name":"Italcamara","article_published_time":"2016-04-13T07:19:33+00:00","og_image":[{"width":145,"height":110,"url":"https:\/\/italcamara-es.com\/wp-content\/uploads\/2025\/03\/Passione-Italia-2016progetti.jpg","type":"image\/jpeg"}],"author":"administrador","twitter_card":"summary_large_image","twitter_misc":{"Scritto da":"administrador","Tempo di lettura stimato":"3 minuti"},"schema":{"@context":"https:\/\/schema.org","@graph":[{"@type":"Article","@id":"https:\/\/italcamara-es.com\/it\/notizie\/torna-a-madrid-passione-italia\/#article","isPartOf":{"@id":"https:\/\/italcamara-es.com\/it\/notizie\/torna-a-madrid-passione-italia\/"},"author":{"name":"administrador","@id":"https:\/\/italcamara-es.com\/#\/schema\/person\/bb3c56263e405bbd9a15171dcfee93bb"},"headline":"Torna a Madrid \u201cPassione Italia\u201d","datePublished":"2016-04-13T07:19:33+00:00","mainEntityOfPage":{"@id":"https:\/\/italcamara-es.com\/it\/notizie\/torna-a-madrid-passione-italia\/"},"wordCount":654,"commentCount":0,"image":{"@id":"https:\/\/italcamara-es.com\/it\/notizie\/torna-a-madrid-passione-italia\/#primaryimage"},"thumbnailUrl":"https:\/\/italcamara-es.com\/wp-content\/uploads\/2025\/03\/Passione-Italia-2016progetti.jpg","keywords":["Notizie di la CCIS"],"articleSection":["Notizie"],"inLanguage":"it-IT","potentialAction":[{"@type":"CommentAction","name":"Comment","target":["https:\/\/italcamara-es.com\/it\/notizie\/torna-a-madrid-passione-italia\/#respond"]}]},{"@type":"WebPage","@id":"https:\/\/italcamara-es.com\/it\/notizie\/torna-a-madrid-passione-italia\/","url":"https:\/\/italcamara-es.com\/it\/notizie\/torna-a-madrid-passione-italia\/","name":"Torna a Madrid \u201cPassione Italia\u201d - Italcamara","isPartOf":{"@id":"https:\/\/italcamara-es.com\/#website"},"primaryImageOfPage":{"@id":"https:\/\/italcamara-es.com\/it\/notizie\/torna-a-madrid-passione-italia\/#primaryimage"},"image":{"@id":"https:\/\/italcamara-es.com\/it\/notizie\/torna-a-madrid-passione-italia\/#primaryimage"},"thumbnailUrl":"https:\/\/italcamara-es.com\/wp-content\/uploads\/2025\/03\/Passione-Italia-2016progetti.jpg","datePublished":"2016-04-13T07:19:33+00:00","author":{"@id":"https:\/\/italcamara-es.com\/#\/schema\/person\/bb3c56263e405bbd9a15171dcfee93bb"},"breadcrumb":{"@id":"https:\/\/italcamara-es.com\/it\/notizie\/torna-a-madrid-passione-italia\/#breadcrumb"},"inLanguage":"it-IT","potentialAction":[{"@type":"ReadAction","target":["https:\/\/italcamara-es.com\/it\/notizie\/torna-a-madrid-passione-italia\/"]}]},{"@type":"ImageObject","inLanguage":"it-IT","@id":"https:\/\/italcamara-es.com\/it\/notizie\/torna-a-madrid-passione-italia\/#primaryimage","url":"https:\/\/italcamara-es.com\/wp-content\/uploads\/2025\/03\/Passione-Italia-2016progetti.jpg","contentUrl":"https:\/\/italcamara-es.com\/wp-content\/uploads\/2025\/03\/Passione-Italia-2016progetti.jpg","width":145,"height":110},{"@type":"BreadcrumbList","@id":"https:\/\/italcamara-es.com\/it\/notizie\/torna-a-madrid-passione-italia\/#breadcrumb","itemListElement":[{"@type":"ListItem","position":1,"name":"Inicio","item":"https:\/\/italcamara-es.com\/it\/homepage-ita\/"},{"@type":"ListItem","position":2,"name":"Torna a Madrid \u201cPassione Italia\u201d"}]},{"@type":"WebSite","@id":"https:\/\/italcamara-es.com\/#website","url":"https:\/\/italcamara-es.com\/","name":"Italcamara","description":"","potentialAction":[{"@type":"SearchAction","target":{"@type":"EntryPoint","urlTemplate":"https:\/\/italcamara-es.com\/?s={search_term_string}"},"query-input":{"@type":"PropertyValueSpecification","valueRequired":true,"valueName":"search_term_string"}}],"inLanguage":"it-IT"},{"@type":"Person","@id":"https:\/\/italcamara-es.com\/#\/schema\/person\/bb3c56263e405bbd9a15171dcfee93bb","name":"administrador","image":{"@type":"ImageObject","inLanguage":"it-IT","@id":"https:\/\/secure.gravatar.com\/avatar\/14b5e63db38320b12031bb28cf9f77e210aa71fb3a8a3602a3c9a05134fa75eb?s=96&d=mm&r=g","url":"https:\/\/secure.gravatar.com\/avatar\/14b5e63db38320b12031bb28cf9f77e210aa71fb3a8a3602a3c9a05134fa75eb?s=96&d=mm&r=g","contentUrl":"https:\/\/secure.gravatar.com\/avatar\/14b5e63db38320b12031bb28cf9f77e210aa71fb3a8a3602a3c9a05134fa75eb?s=96&d=mm&r=g","caption":"administrador"},"sameAs":["http:\/\/pre.italcamara-es.com"],"url":"https:\/\/italcamara-es.com\/it\/author\/administrador\/"}]}},"rttpg_featured_image_url":{"full":["https:\/\/italcamara-es.com\/wp-content\/uploads\/2025\/03\/Passione-Italia-2016progetti.jpg",145,110,false],"landscape":["https:\/\/italcamara-es.com\/wp-content\/uploads\/2025\/03\/Passione-Italia-2016progetti.jpg",145,110,false],"portraits":["https:\/\/italcamara-es.com\/wp-content\/uploads\/2025\/03\/Passione-Italia-2016progetti.jpg",145,110,false],"thumbnail":["https:\/\/italcamara-es.com\/wp-content\/uploads\/2025\/03\/Passione-Italia-2016progetti.jpg",145,110,false],"medium":["https:\/\/italcamara-es.com\/wp-content\/uploads\/2025\/03\/Passione-Italia-2016progetti.jpg",145,110,false],"large":["https:\/\/italcamara-es.com\/wp-content\/uploads\/2025\/03\/Passione-Italia-2016progetti.jpg",145,110,false],"1536x1536":["https:\/\/italcamara-es.com\/wp-content\/uploads\/2025\/03\/Passione-Italia-2016progetti.jpg",145,110,false],"2048x2048":["https:\/\/italcamara-es.com\/wp-content\/uploads\/2025\/03\/Passione-Italia-2016progetti.jpg",145,110,false],"ocean-thumb-m":["https:\/\/italcamara-es.com\/wp-content\/uploads\/2025\/03\/Passione-Italia-2016progetti.jpg",145,110,false],"ocean-thumb-ml":["https:\/\/italcamara-es.com\/wp-content\/uploads\/2025\/03\/Passione-Italia-2016progetti.jpg",145,110,false],"ocean-thumb-l":["https:\/\/italcamara-es.com\/wp-content\/uploads\/2025\/03\/Passione-Italia-2016progetti.jpg",145,110,false],"directorist_preview":["https:\/\/italcamara-es.com\/wp-content\/uploads\/2025\/03\/Passione-Italia-2016progetti.jpg",145,110,false]},"rttpg_author":{"display_name":"administrador","author_link":"https:\/\/italcamara-es.com\/it\/author\/administrador\/"},"rttpg_comment":0,"rttpg_category":"<a href=\"https:\/\/italcamara-es.com\/it\/category\/notizie\/\" rel=\"category tag\">Notizie<\/a>","rttpg_excerpt":"L\u2019VIII edizione del grande evento di promozione del \u201cMade in Italy\u201d in \u00a0Spagna si svolger\u00e0 come di consueto nel patio della Scuola Italiana di Madrid dal 2 al 5 giugno &nbsp; Anche quest\u2019anno torna puntuale l\u2019appuntamento con le eccellenze del \u201cMade in Italy\u201d in Spagna. L\u2019VIII edizione di Passione Italia, organizzata dalla Camera di Commercio&hellip;","_links":{"self":[{"href":"https:\/\/italcamara-es.com\/it\/wp-json\/wp\/v2\/posts\/55767","targetHints":{"allow":["GET"]}}],"collection":[{"href":"https:\/\/italcamara-es.com\/it\/wp-json\/wp\/v2\/posts"}],"about":[{"href":"https:\/\/italcamara-es.com\/it\/wp-json\/wp\/v2\/types\/post"}],"author":[{"embeddable":true,"href":"https:\/\/italcamara-es.com\/it\/wp-json\/wp\/v2\/users\/1"}],"replies":[{"embeddable":true,"href":"https:\/\/italcamara-es.com\/it\/wp-json\/wp\/v2\/comments?post=55767"}],"version-history":[{"count":0,"href":"https:\/\/italcamara-es.com\/it\/wp-json\/wp\/v2\/posts\/55767\/revisions"}],"wp:featuredmedia":[{"embeddable":true,"href":"https:\/\/italcamara-es.com\/it\/wp-json\/wp\/v2\/media\/54135"}],"wp:attachment":[{"href":"https:\/\/italcamara-es.com\/it\/wp-json\/wp\/v2\/media?parent=55767"}],"wp:term":[{"taxonomy":"category","embeddable":true,"href":"https:\/\/italcamara-es.com\/it\/wp-json\/wp\/v2\/categories?post=55767"},{"taxonomy":"post_tag","embeddable":true,"href":"https:\/\/italcamara-es.com\/it\/wp-json\/wp\/v2\/tags?post=55767"}],"curies":[{"name":"wp","href":"https:\/\/api.w.org\/{rel}","templated":true}]}}