	{"id":55777,"date":"2015-10-28T07:48:08","date_gmt":"2015-10-28T06:48:08","guid":{"rendered":"http:\/\/pre.italcamara-es.com\/senza-categoria\/11-espositori-nello-spazio-dedicato-alle-eccelenze-italiane-alla-fiera-gastronoma-di-valencia\/"},"modified":"2015-10-28T07:48:08","modified_gmt":"2015-10-28T06:48:08","slug":"11-espositori-nello-spazio-dedicato-alle-eccelenze-italiane-alla-fiera-gastronoma-di-valencia","status":"publish","type":"post","link":"https:\/\/italcamara-es.com\/it\/notizie\/11-espositori-nello-spazio-dedicato-alle-eccelenze-italiane-alla-fiera-gastronoma-di-valencia\/","title":{"rendered":"11 espositori nello spazio dedicato alle eccelenze italiane alla fiera Gastr\u00f3noma di Valencia"},"content":{"rendered":"<p style=\"text-align: justify;\"><em>L&#8217;Italia sar\u00e0 il Paese Invitato nell&#8217;edizione 2015 dell&#8217;importante manifestazione del settore agroalimentare che si terr\u00e0 dal 14 al 16 novembre<\/em><\/p>\n<p style=\"text-align: justify;\">\n<p style=\"text-align: justify;\">La F<strong>iera Gastr\u00f3noma<\/strong> (Valencia, 14-16 novembre 2015) potr\u00e0 vantare quest\u2019anno un\u2019importante presenza di aziende provenienti dall&#8217;Italia e di distributori di prodotti tipici italiani.<\/p>\n<p style=\"text-align: justify;\">Saranno 11 infatti gli espositori presenti nell&#8217;Area Italia gestita dalla Camera di Commercio e Industria Italiana per la Spagna (CCIS). Uno spazio in cui verranno esposti prodotti tipici e specialit\u00e0 italiane, tra cui l\u2019aceto balsamico di Modena, il tartufo e altri prodotti derivati, pasta fresca e secca, insaccati, formaggi, conserve e vino.<\/p>\n<p style=\"text-align: justify;\">Attraverso il seguente link \u00e8 possibile visualizzare il catalogo degli espositori presenti nello spazio espositivo gestito dalla CCIS:\u00a0<a href=\"http:\/\/italcamara-es.com\/files\/pdf\/Catalogo_Area_Italia_Gastronoma.pdf\"><span style=\"color: #0000ff;\">Catalogo espostitori Area Italia<\/span><\/a><\/p>\n<p style=\"text-align: justify;\">\n<p style=\"text-align: justify;\">L&#8217;Area Italia sar\u00e0 inaugurata il 14 novembre dalle autorit\u00e0 locali, del Segretario Generale della CCIS, <strong>Giovanni Aric\u00f2<\/strong>, del delegato della CCIS a Valencia, <strong>Adriano Carbone<\/strong> e dei rappresentanti della business community italo spagnola presenti nella regione.<\/p>\n<p style=\"text-align: justify;\">\n<p style=\"text-align: justify;\"><a href=\"https:\/\/www.italcamara-es.com\/wp-content\/uploads\/2016\/08\/700GASTRNOMA1.jpg\"><img fetchpriority=\"high\" decoding=\"async\" class=\"  wp-image-3463 aligncenter\" src=\"https:\/\/www.italcamara-es.com\/wp-content\/uploads\/2016\/08\/700GASTRNOMA1.jpg\" alt=\"700GASTR\u00d3NOMA\" width=\"756\" height=\"378\" \/><\/a><\/p>\n<p style=\"text-align: justify;\">\n<p style=\"text-align: justify;\"><em><strong>Chefs italiani a Valencia<\/strong><\/em><\/p>\n<p style=\"text-align: justify;\">Un ricco programma di eventi e attivit\u00e0 collaterali organizzati nella stessa \u201c\u00c1rea Italia\u201d permetter\u00e0 di far conoscere agli operatori e consumatori locali alcune delle ricette tipiche regionali. In particolare, verranno organizzati showcooking e degustazioni di piatti e prodotti tipici del Belpaese, grazie alla presenza di 4 chef italiani presenti per l\u2019occasione. Si tratta di Enrico Croatti, Executive Chef del rinomato Ristorante Dolomieu del DV Chalet Boutique Hotel &amp; Spa di Madonna di Campiglio (una stella Michelin) e, in Spagna, del Ristorante Orobianco a Calpe (Alicante); Enrica Barni, chef dell\u2019Accademia del Gusto di Madrid, incaricata del programma formativo e di consulenza di questa entit\u00e0; Alessandro Castro, responsabile per la Spagna dell\u2019Accademia Italiana della Gastronomia Storica e dell\u2019Associazione Ristoworld, nonch\u00e9 membro dell\u2019Accademia Italiana della Cucina; Manfredi Bosco, esperto in cucina italiana\/mediterranea e internazionale, che vanta collaborazioni con rinomati chef come Carlo Cracco e Rocco Iannone.<\/p>\n<p style=\"text-align: justify;\">\n<p style=\"text-align: justify;\"><a href=\"https:\/\/www.italcamara-es.com\/wp-content\/uploads\/2016\/08\/2otragastronoma.jpg\"><img decoding=\"async\" class=\"  wp-image-3464 aligncenter\" src=\"https:\/\/www.italcamara-es.com\/wp-content\/uploads\/2016\/08\/2otragastronoma.jpg\" alt=\"2otragastronoma\" width=\"754\" height=\"503\" \/><\/a><\/p>\n<p style=\"text-align: justify;\">\n<p style=\"text-align: justify;\"><strong><em>Altre iniziative in programma<\/em><\/strong><\/p>\n<p style=\"text-align: justify;\">Sempre all\u2019interno della fiera la CCIS organizzer\u00e0 una giornata di incontri tra gli espositori e operatori del settore convocati per l\u2019occasione al fine di favorire possibili partnership commerciali in un area strategica come la Comunit\u00e0 Valenciana.<\/p>\n<p style=\"text-align: justify;\">La presenza italiana a Gastronoma 2015 sar\u00e0 anche l\u2019occasione per presentare agli operatori locali la piattaforma \u201cItalian Quality Experience\u201d, per la promozione delle eccellenze agroalimentari italiane nel mondo e che \u00e8 possibile visualizzare all\u2019indirizzo: http:\/\/www.italianqualityexperience.it\/<\/p>\n<p style=\"text-align: justify;\">Nell\u2019Area Italia verr\u00e0 infatti allestito un info point per la promozione di questo importante progetto coordinato da Unioncamere, con il patrocinio del Ministero delle Politiche Agricole Alimentari e Forestali, del Ministero dei Beni e delle Attivit\u00e0 Culturali e del Turismo e del Ministero dell&#8217;Ambiente e della Tutela del Territorio e del Mare.<\/p>\n<p style=\"text-align: justify;\">Il protagonismo italiano durante la Fiera Gastr\u00f3noma sar\u00e0 inoltre confermato dall\u2019iniziativa che coinvolger\u00e0 alcuni ristoranti italiani della provincia spagnola. Le persone che visiteranno l\u2019Area Italia durante la fiera potranno richiedere buoni sconto per poter approfittare cos\u00ec della possibilit\u00e0 di degustare piatti e ricette tipiche dela tradizione enogastronomica italiana nei ristoranti aderenti, durante la settimana successiva all\u2019evento.<\/p>\n<p style=\"text-align: justify;\">Mentre si celebrer\u00e1 Gastr\u00f3noma, a Valencia si terr\u00e0 anche la 35\u00aa Maratona Trinidad Alfonso. Sono pi\u00f9 di 1.500 gli italiani che prenderanno parte alla competizione sportiva il 15 novembre e per questo motivo la CCIS, attraverso la propria delegazione di Valencia, collaborer\u00e1 nella realizzazione di una Fan zone tutta italiana per la promozione delle imprese del settore enogastronomico partecipanti alla fiera.<\/p>\n<p style=\"text-align: justify;\">\n<p style=\"text-align: justify;\"><em><strong>Visitare la fiera<\/strong><\/em><\/p>\n<p style=\"text-align: justify;\">I professionisti del settore agroalimentare interessati a vistare la fiera e, in particulare, conoscere i prodotti e gli espositori presenti nell&#8217;Area Italia, possono richiedere un ingresso gratuito inviando una mail a:\u00a0<a href=\"mailto:donatella.monteverde@italcvamara-es.com\" target=\"_blank\" rel=\"noopener\"><span style=\"color: #000080;\">donatella.monteverde@italcvamara-es.com<\/span><\/a><\/p>\n","protected":false},"excerpt":{"rendered":"<p>L&#8217;Italia sar\u00e0 il Paese Invitato nell&#8217;edizione 2015 dell&#8217;importante manifestazione del settore agroalimentare che si terr\u00e0 dal 14 al 16 novembre La Fiera Gastr\u00f3noma (Valencia, 14-16 novembre 2015) potr\u00e0 vantare quest\u2019anno un\u2019importante presenza di aziende provenienti dall&#8217;Italia e di distributori di prodotti tipici italiani. Saranno 11 infatti gli espositori presenti nell&#8217;Area Italia gestita dalla Camera di [&hellip;]<\/p>\n","protected":false},"author":1,"featured_media":54154,"comment_status":"open","ping_status":"open","sticky":false,"template":"","format":"standard","meta":{"inline_featured_image":false,"ocean_post_layout":"","ocean_both_sidebars_style":"","ocean_both_sidebars_content_width":0,"ocean_both_sidebars_sidebars_width":0,"ocean_sidebar":"","ocean_second_sidebar":"","ocean_disable_margins":"enable","ocean_add_body_class":"","ocean_shortcode_before_top_bar":"","ocean_shortcode_after_top_bar":"","ocean_shortcode_before_header":"","ocean_shortcode_after_header":"","ocean_has_shortcode":"","ocean_shortcode_after_title":"","ocean_shortcode_before_footer_widgets":"","ocean_shortcode_after_footer_widgets":"","ocean_shortcode_before_footer_bottom":"","ocean_shortcode_after_footer_bottom":"","ocean_display_top_bar":"default","ocean_display_header":"default","ocean_header_style":"","ocean_center_header_left_menu":"","ocean_custom_header_template":"","ocean_custom_logo":0,"ocean_custom_retina_logo":0,"ocean_custom_logo_max_width":0,"ocean_custom_logo_tablet_max_width":0,"ocean_custom_logo_mobile_max_width":0,"ocean_custom_logo_max_height":0,"ocean_custom_logo_tablet_max_height":0,"ocean_custom_logo_mobile_max_height":0,"ocean_header_custom_menu":"","ocean_menu_typo_font_family":"","ocean_menu_typo_font_subset":"","ocean_menu_typo_font_size":0,"ocean_menu_typo_font_size_tablet":0,"ocean_menu_typo_font_size_mobile":0,"ocean_menu_typo_font_size_unit":"px","ocean_menu_typo_font_weight":"","ocean_menu_typo_font_weight_tablet":"","ocean_menu_typo_font_weight_mobile":"","ocean_menu_typo_transform":"","ocean_menu_typo_transform_tablet":"","ocean_menu_typo_transform_mobile":"","ocean_menu_typo_line_height":0,"ocean_menu_typo_line_height_tablet":0,"ocean_menu_typo_line_height_mobile":0,"ocean_menu_typo_line_height_unit":"","ocean_menu_typo_spacing":0,"ocean_menu_typo_spacing_tablet":0,"ocean_menu_typo_spacing_mobile":0,"ocean_menu_typo_spacing_unit":"","ocean_menu_link_color":"","ocean_menu_link_color_hover":"","ocean_menu_link_color_active":"","ocean_menu_link_background":"","ocean_menu_link_hover_background":"","ocean_menu_link_active_background":"","ocean_menu_social_links_bg":"","ocean_menu_social_hover_links_bg":"","ocean_menu_social_links_color":"","ocean_menu_social_hover_links_color":"","ocean_disable_title":"default","ocean_disable_heading":"default","ocean_post_title":"","ocean_post_subheading":"","ocean_post_title_style":"","ocean_post_title_background_color":"","ocean_post_title_background":0,"ocean_post_title_bg_image_position":"","ocean_post_title_bg_image_attachment":"","ocean_post_title_bg_image_repeat":"","ocean_post_title_bg_image_size":"","ocean_post_title_height":0,"ocean_post_title_bg_overlay":0.5,"ocean_post_title_bg_overlay_color":"","ocean_disable_breadcrumbs":"default","ocean_breadcrumbs_color":"","ocean_breadcrumbs_separator_color":"","ocean_breadcrumbs_links_color":"","ocean_breadcrumbs_links_hover_color":"","ocean_display_footer_widgets":"default","ocean_display_footer_bottom":"default","ocean_custom_footer_template":"","ocean_post_oembed":"","ocean_post_self_hosted_media":"","ocean_post_video_embed":"","ocean_link_format":"","ocean_link_format_target":"self","ocean_quote_format":"","ocean_quote_format_link":"post","ocean_gallery_link_images":"on","ocean_gallery_id":[],"footnotes":""},"categories":[133],"tags":[139],"class_list":["post-55777","post","type-post","status-publish","format-standard","has-post-thumbnail","hentry","category-notizie","tag-notizie-di-la-ccis","entry","has-media"],"yoast_head":"<!-- This site is optimized with the Yoast SEO plugin v27.4 - https:\/\/yoast.com\/product\/yoast-seo-wordpress\/ -->\n<title>11 espositori nello spazio dedicato alle eccelenze italiane alla fiera Gastr\u00f3noma di Valencia - Italcamara<\/title>\n<meta name=\"robots\" content=\"index, follow, max-snippet:-1, max-image-preview:large, max-video-preview:-1\" \/>\n<link rel=\"canonical\" href=\"https:\/\/italcamara-es.com\/it\/notizie\/11-espositori-nello-spazio-dedicato-alle-eccelenze-italiane-alla-fiera-gastronoma-di-valencia\/\" \/>\n<meta property=\"og:locale\" content=\"it_IT\" \/>\n<meta property=\"og:type\" content=\"article\" \/>\n<meta property=\"og:title\" content=\"11 espositori nello spazio dedicato alle eccelenze italiane alla fiera Gastr\u00f3noma di Valencia - Italcamara\" \/>\n<meta property=\"og:description\" content=\"L&#8217;Italia sar\u00e0 il Paese Invitato nell&#8217;edizione 2015 dell&#8217;importante manifestazione del settore agroalimentare che si terr\u00e0 dal 14 al 16 novembre La Fiera Gastr\u00f3noma (Valencia, 14-16 novembre 2015) potr\u00e0 vantare quest\u2019anno un\u2019importante presenza di aziende provenienti dall&#8217;Italia e di distributori di prodotti tipici italiani. Saranno 11 infatti gli espositori presenti nell&#8217;Area Italia gestita dalla Camera di [&hellip;]\" \/>\n<meta property=\"og:url\" content=\"https:\/\/italcamara-es.com\/it\/notizie\/11-espositori-nello-spazio-dedicato-alle-eccelenze-italiane-alla-fiera-gastronoma-di-valencia\/\" \/>\n<meta property=\"og:site_name\" content=\"Italcamara\" \/>\n<meta property=\"article:published_time\" content=\"2015-10-28T06:48:08+00:00\" \/>\n<meta property=\"og:image\" content=\"https:\/\/italcamara-es.com\/wp-content\/uploads\/2025\/03\/gastronoma-250.jpg\" \/>\n\t<meta property=\"og:image:width\" content=\"250\" \/>\n\t<meta property=\"og:image:height\" content=\"140\" \/>\n\t<meta property=\"og:image:type\" content=\"image\/jpeg\" \/>\n<meta name=\"author\" content=\"administrador\" \/>\n<meta name=\"twitter:card\" content=\"summary_large_image\" \/>\n<meta name=\"twitter:label1\" content=\"Scritto da\" \/>\n\t<meta name=\"twitter:data1\" content=\"administrador\" \/>\n\t<meta name=\"twitter:label2\" content=\"Tempo di lettura stimato\" \/>\n\t<meta name=\"twitter:data2\" content=\"3 minuti\" \/>\n<script type=\"application\/ld+json\" class=\"yoast-schema-graph\">{\"@context\":\"https:\\\/\\\/schema.org\",\"@graph\":[{\"@type\":\"Article\",\"@id\":\"https:\\\/\\\/italcamara-es.com\\\/it\\\/notizie\\\/11-espositori-nello-spazio-dedicato-alle-eccelenze-italiane-alla-fiera-gastronoma-di-valencia\\\/#article\",\"isPartOf\":{\"@id\":\"https:\\\/\\\/italcamara-es.com\\\/it\\\/notizie\\\/11-espositori-nello-spazio-dedicato-alle-eccelenze-italiane-alla-fiera-gastronoma-di-valencia\\\/\"},\"author\":{\"name\":\"administrador\",\"@id\":\"https:\\\/\\\/italcamara-es.com\\\/#\\\/schema\\\/person\\\/bb3c56263e405bbd9a15171dcfee93bb\"},\"headline\":\"11 espositori nello spazio dedicato alle eccelenze italiane alla fiera Gastr\u00f3noma di Valencia\",\"datePublished\":\"2015-10-28T06:48:08+00:00\",\"mainEntityOfPage\":{\"@id\":\"https:\\\/\\\/italcamara-es.com\\\/it\\\/notizie\\\/11-espositori-nello-spazio-dedicato-alle-eccelenze-italiane-alla-fiera-gastronoma-di-valencia\\\/\"},\"wordCount\":613,\"commentCount\":0,\"image\":{\"@id\":\"https:\\\/\\\/italcamara-es.com\\\/it\\\/notizie\\\/11-espositori-nello-spazio-dedicato-alle-eccelenze-italiane-alla-fiera-gastronoma-di-valencia\\\/#primaryimage\"},\"thumbnailUrl\":\"https:\\\/\\\/italcamara-es.com\\\/wp-content\\\/uploads\\\/2025\\\/03\\\/gastronoma-250.jpg\",\"keywords\":[\"Notizie di la CCIS\"],\"articleSection\":[\"Notizie\"],\"inLanguage\":\"it-IT\",\"potentialAction\":[{\"@type\":\"CommentAction\",\"name\":\"Comment\",\"target\":[\"https:\\\/\\\/italcamara-es.com\\\/it\\\/notizie\\\/11-espositori-nello-spazio-dedicato-alle-eccelenze-italiane-alla-fiera-gastronoma-di-valencia\\\/#respond\"]}]},{\"@type\":\"WebPage\",\"@id\":\"https:\\\/\\\/italcamara-es.com\\\/it\\\/notizie\\\/11-espositori-nello-spazio-dedicato-alle-eccelenze-italiane-alla-fiera-gastronoma-di-valencia\\\/\",\"url\":\"https:\\\/\\\/italcamara-es.com\\\/it\\\/notizie\\\/11-espositori-nello-spazio-dedicato-alle-eccelenze-italiane-alla-fiera-gastronoma-di-valencia\\\/\",\"name\":\"11 espositori nello spazio dedicato alle eccelenze italiane alla fiera Gastr\u00f3noma di Valencia - Italcamara\",\"isPartOf\":{\"@id\":\"https:\\\/\\\/italcamara-es.com\\\/#website\"},\"primaryImageOfPage\":{\"@id\":\"https:\\\/\\\/italcamara-es.com\\\/it\\\/notizie\\\/11-espositori-nello-spazio-dedicato-alle-eccelenze-italiane-alla-fiera-gastronoma-di-valencia\\\/#primaryimage\"},\"image\":{\"@id\":\"https:\\\/\\\/italcamara-es.com\\\/it\\\/notizie\\\/11-espositori-nello-spazio-dedicato-alle-eccelenze-italiane-alla-fiera-gastronoma-di-valencia\\\/#primaryimage\"},\"thumbnailUrl\":\"https:\\\/\\\/italcamara-es.com\\\/wp-content\\\/uploads\\\/2025\\\/03\\\/gastronoma-250.jpg\",\"datePublished\":\"2015-10-28T06:48:08+00:00\",\"author\":{\"@id\":\"https:\\\/\\\/italcamara-es.com\\\/#\\\/schema\\\/person\\\/bb3c56263e405bbd9a15171dcfee93bb\"},\"breadcrumb\":{\"@id\":\"https:\\\/\\\/italcamara-es.com\\\/it\\\/notizie\\\/11-espositori-nello-spazio-dedicato-alle-eccelenze-italiane-alla-fiera-gastronoma-di-valencia\\\/#breadcrumb\"},\"inLanguage\":\"it-IT\",\"potentialAction\":[{\"@type\":\"ReadAction\",\"target\":[\"https:\\\/\\\/italcamara-es.com\\\/it\\\/notizie\\\/11-espositori-nello-spazio-dedicato-alle-eccelenze-italiane-alla-fiera-gastronoma-di-valencia\\\/\"]}]},{\"@type\":\"ImageObject\",\"inLanguage\":\"it-IT\",\"@id\":\"https:\\\/\\\/italcamara-es.com\\\/it\\\/notizie\\\/11-espositori-nello-spazio-dedicato-alle-eccelenze-italiane-alla-fiera-gastronoma-di-valencia\\\/#primaryimage\",\"url\":\"https:\\\/\\\/italcamara-es.com\\\/wp-content\\\/uploads\\\/2025\\\/03\\\/gastronoma-250.jpg\",\"contentUrl\":\"https:\\\/\\\/italcamara-es.com\\\/wp-content\\\/uploads\\\/2025\\\/03\\\/gastronoma-250.jpg\",\"width\":250,\"height\":140},{\"@type\":\"BreadcrumbList\",\"@id\":\"https:\\\/\\\/italcamara-es.com\\\/it\\\/notizie\\\/11-espositori-nello-spazio-dedicato-alle-eccelenze-italiane-alla-fiera-gastronoma-di-valencia\\\/#breadcrumb\",\"itemListElement\":[{\"@type\":\"ListItem\",\"position\":1,\"name\":\"Inicio\",\"item\":\"https:\\\/\\\/italcamara-es.com\\\/it\\\/homepage-ita\\\/\"},{\"@type\":\"ListItem\",\"position\":2,\"name\":\"11 espositori nello spazio dedicato alle eccelenze italiane alla fiera Gastr\u00f3noma di Valencia\"}]},{\"@type\":\"WebSite\",\"@id\":\"https:\\\/\\\/italcamara-es.com\\\/#website\",\"url\":\"https:\\\/\\\/italcamara-es.com\\\/\",\"name\":\"Italcamara\",\"description\":\"\",\"potentialAction\":[{\"@type\":\"SearchAction\",\"target\":{\"@type\":\"EntryPoint\",\"urlTemplate\":\"https:\\\/\\\/italcamara-es.com\\\/?s={search_term_string}\"},\"query-input\":{\"@type\":\"PropertyValueSpecification\",\"valueRequired\":true,\"valueName\":\"search_term_string\"}}],\"inLanguage\":\"it-IT\"},{\"@type\":\"Person\",\"@id\":\"https:\\\/\\\/italcamara-es.com\\\/#\\\/schema\\\/person\\\/bb3c56263e405bbd9a15171dcfee93bb\",\"name\":\"administrador\",\"image\":{\"@type\":\"ImageObject\",\"inLanguage\":\"it-IT\",\"@id\":\"https:\\\/\\\/secure.gravatar.com\\\/avatar\\\/14b5e63db38320b12031bb28cf9f77e210aa71fb3a8a3602a3c9a05134fa75eb?s=96&d=mm&r=g\",\"url\":\"https:\\\/\\\/secure.gravatar.com\\\/avatar\\\/14b5e63db38320b12031bb28cf9f77e210aa71fb3a8a3602a3c9a05134fa75eb?s=96&d=mm&r=g\",\"contentUrl\":\"https:\\\/\\\/secure.gravatar.com\\\/avatar\\\/14b5e63db38320b12031bb28cf9f77e210aa71fb3a8a3602a3c9a05134fa75eb?s=96&d=mm&r=g\",\"caption\":\"administrador\"},\"sameAs\":[\"http:\\\/\\\/pre.italcamara-es.com\"],\"url\":\"https:\\\/\\\/italcamara-es.com\\\/it\\\/author\\\/administrador\\\/\"}]}<\/script>\n<!-- \/ Yoast SEO plugin. -->","yoast_head_json":{"title":"11 espositori nello spazio dedicato alle eccelenze italiane alla fiera Gastr\u00f3noma di Valencia - Italcamara","robots":{"index":"index","follow":"follow","max-snippet":"max-snippet:-1","max-image-preview":"max-image-preview:large","max-video-preview":"max-video-preview:-1"},"canonical":"https:\/\/italcamara-es.com\/it\/notizie\/11-espositori-nello-spazio-dedicato-alle-eccelenze-italiane-alla-fiera-gastronoma-di-valencia\/","og_locale":"it_IT","og_type":"article","og_title":"11 espositori nello spazio dedicato alle eccelenze italiane alla fiera Gastr\u00f3noma di Valencia - Italcamara","og_description":"L&#8217;Italia sar\u00e0 il Paese Invitato nell&#8217;edizione 2015 dell&#8217;importante manifestazione del settore agroalimentare che si terr\u00e0 dal 14 al 16 novembre La Fiera Gastr\u00f3noma (Valencia, 14-16 novembre 2015) potr\u00e0 vantare quest\u2019anno un\u2019importante presenza di aziende provenienti dall&#8217;Italia e di distributori di prodotti tipici italiani. Saranno 11 infatti gli espositori presenti nell&#8217;Area Italia gestita dalla Camera di [&hellip;]","og_url":"https:\/\/italcamara-es.com\/it\/notizie\/11-espositori-nello-spazio-dedicato-alle-eccelenze-italiane-alla-fiera-gastronoma-di-valencia\/","og_site_name":"Italcamara","article_published_time":"2015-10-28T06:48:08+00:00","og_image":[{"width":250,"height":140,"url":"https:\/\/italcamara-es.com\/wp-content\/uploads\/2025\/03\/gastronoma-250.jpg","type":"image\/jpeg"}],"author":"administrador","twitter_card":"summary_large_image","twitter_misc":{"Scritto da":"administrador","Tempo di lettura stimato":"3 minuti"},"schema":{"@context":"https:\/\/schema.org","@graph":[{"@type":"Article","@id":"https:\/\/italcamara-es.com\/it\/notizie\/11-espositori-nello-spazio-dedicato-alle-eccelenze-italiane-alla-fiera-gastronoma-di-valencia\/#article","isPartOf":{"@id":"https:\/\/italcamara-es.com\/it\/notizie\/11-espositori-nello-spazio-dedicato-alle-eccelenze-italiane-alla-fiera-gastronoma-di-valencia\/"},"author":{"name":"administrador","@id":"https:\/\/italcamara-es.com\/#\/schema\/person\/bb3c56263e405bbd9a15171dcfee93bb"},"headline":"11 espositori nello spazio dedicato alle eccelenze italiane alla fiera Gastr\u00f3noma di Valencia","datePublished":"2015-10-28T06:48:08+00:00","mainEntityOfPage":{"@id":"https:\/\/italcamara-es.com\/it\/notizie\/11-espositori-nello-spazio-dedicato-alle-eccelenze-italiane-alla-fiera-gastronoma-di-valencia\/"},"wordCount":613,"commentCount":0,"image":{"@id":"https:\/\/italcamara-es.com\/it\/notizie\/11-espositori-nello-spazio-dedicato-alle-eccelenze-italiane-alla-fiera-gastronoma-di-valencia\/#primaryimage"},"thumbnailUrl":"https:\/\/italcamara-es.com\/wp-content\/uploads\/2025\/03\/gastronoma-250.jpg","keywords":["Notizie di la CCIS"],"articleSection":["Notizie"],"inLanguage":"it-IT","potentialAction":[{"@type":"CommentAction","name":"Comment","target":["https:\/\/italcamara-es.com\/it\/notizie\/11-espositori-nello-spazio-dedicato-alle-eccelenze-italiane-alla-fiera-gastronoma-di-valencia\/#respond"]}]},{"@type":"WebPage","@id":"https:\/\/italcamara-es.com\/it\/notizie\/11-espositori-nello-spazio-dedicato-alle-eccelenze-italiane-alla-fiera-gastronoma-di-valencia\/","url":"https:\/\/italcamara-es.com\/it\/notizie\/11-espositori-nello-spazio-dedicato-alle-eccelenze-italiane-alla-fiera-gastronoma-di-valencia\/","name":"11 espositori nello spazio dedicato alle eccelenze italiane alla fiera Gastr\u00f3noma di Valencia - Italcamara","isPartOf":{"@id":"https:\/\/italcamara-es.com\/#website"},"primaryImageOfPage":{"@id":"https:\/\/italcamara-es.com\/it\/notizie\/11-espositori-nello-spazio-dedicato-alle-eccelenze-italiane-alla-fiera-gastronoma-di-valencia\/#primaryimage"},"image":{"@id":"https:\/\/italcamara-es.com\/it\/notizie\/11-espositori-nello-spazio-dedicato-alle-eccelenze-italiane-alla-fiera-gastronoma-di-valencia\/#primaryimage"},"thumbnailUrl":"https:\/\/italcamara-es.com\/wp-content\/uploads\/2025\/03\/gastronoma-250.jpg","datePublished":"2015-10-28T06:48:08+00:00","author":{"@id":"https:\/\/italcamara-es.com\/#\/schema\/person\/bb3c56263e405bbd9a15171dcfee93bb"},"breadcrumb":{"@id":"https:\/\/italcamara-es.com\/it\/notizie\/11-espositori-nello-spazio-dedicato-alle-eccelenze-italiane-alla-fiera-gastronoma-di-valencia\/#breadcrumb"},"inLanguage":"it-IT","potentialAction":[{"@type":"ReadAction","target":["https:\/\/italcamara-es.com\/it\/notizie\/11-espositori-nello-spazio-dedicato-alle-eccelenze-italiane-alla-fiera-gastronoma-di-valencia\/"]}]},{"@type":"ImageObject","inLanguage":"it-IT","@id":"https:\/\/italcamara-es.com\/it\/notizie\/11-espositori-nello-spazio-dedicato-alle-eccelenze-italiane-alla-fiera-gastronoma-di-valencia\/#primaryimage","url":"https:\/\/italcamara-es.com\/wp-content\/uploads\/2025\/03\/gastronoma-250.jpg","contentUrl":"https:\/\/italcamara-es.com\/wp-content\/uploads\/2025\/03\/gastronoma-250.jpg","width":250,"height":140},{"@type":"BreadcrumbList","@id":"https:\/\/italcamara-es.com\/it\/notizie\/11-espositori-nello-spazio-dedicato-alle-eccelenze-italiane-alla-fiera-gastronoma-di-valencia\/#breadcrumb","itemListElement":[{"@type":"ListItem","position":1,"name":"Inicio","item":"https:\/\/italcamara-es.com\/it\/homepage-ita\/"},{"@type":"ListItem","position":2,"name":"11 espositori nello spazio dedicato alle eccelenze italiane alla fiera Gastr\u00f3noma di Valencia"}]},{"@type":"WebSite","@id":"https:\/\/italcamara-es.com\/#website","url":"https:\/\/italcamara-es.com\/","name":"Italcamara","description":"","potentialAction":[{"@type":"SearchAction","target":{"@type":"EntryPoint","urlTemplate":"https:\/\/italcamara-es.com\/?s={search_term_string}"},"query-input":{"@type":"PropertyValueSpecification","valueRequired":true,"valueName":"search_term_string"}}],"inLanguage":"it-IT"},{"@type":"Person","@id":"https:\/\/italcamara-es.com\/#\/schema\/person\/bb3c56263e405bbd9a15171dcfee93bb","name":"administrador","image":{"@type":"ImageObject","inLanguage":"it-IT","@id":"https:\/\/secure.gravatar.com\/avatar\/14b5e63db38320b12031bb28cf9f77e210aa71fb3a8a3602a3c9a05134fa75eb?s=96&d=mm&r=g","url":"https:\/\/secure.gravatar.com\/avatar\/14b5e63db38320b12031bb28cf9f77e210aa71fb3a8a3602a3c9a05134fa75eb?s=96&d=mm&r=g","contentUrl":"https:\/\/secure.gravatar.com\/avatar\/14b5e63db38320b12031bb28cf9f77e210aa71fb3a8a3602a3c9a05134fa75eb?s=96&d=mm&r=g","caption":"administrador"},"sameAs":["http:\/\/pre.italcamara-es.com"],"url":"https:\/\/italcamara-es.com\/it\/author\/administrador\/"}]}},"rttpg_featured_image_url":{"full":["https:\/\/italcamara-es.com\/wp-content\/uploads\/2025\/03\/gastronoma-250.jpg",250,140,false],"landscape":["https:\/\/italcamara-es.com\/wp-content\/uploads\/2025\/03\/gastronoma-250.jpg",250,140,false],"portraits":["https:\/\/italcamara-es.com\/wp-content\/uploads\/2025\/03\/gastronoma-250.jpg",250,140,false],"thumbnail":["https:\/\/italcamara-es.com\/wp-content\/uploads\/2025\/03\/gastronoma-250-150x140.jpg",150,140,true],"medium":["https:\/\/italcamara-es.com\/wp-content\/uploads\/2025\/03\/gastronoma-250.jpg",250,140,false],"large":["https:\/\/italcamara-es.com\/wp-content\/uploads\/2025\/03\/gastronoma-250.jpg",250,140,false],"1536x1536":["https:\/\/italcamara-es.com\/wp-content\/uploads\/2025\/03\/gastronoma-250.jpg",250,140,false],"2048x2048":["https:\/\/italcamara-es.com\/wp-content\/uploads\/2025\/03\/gastronoma-250.jpg",250,140,false],"ocean-thumb-m":["https:\/\/italcamara-es.com\/wp-content\/uploads\/2025\/03\/gastronoma-250.jpg",250,140,false],"ocean-thumb-ml":["https:\/\/italcamara-es.com\/wp-content\/uploads\/2025\/03\/gastronoma-250.jpg",250,140,false],"ocean-thumb-l":["https:\/\/italcamara-es.com\/wp-content\/uploads\/2025\/03\/gastronoma-250.jpg",250,140,false],"directorist_preview":["https:\/\/italcamara-es.com\/wp-content\/uploads\/2025\/03\/gastronoma-250.jpg",250,140,false]},"rttpg_author":{"display_name":"administrador","author_link":"https:\/\/italcamara-es.com\/it\/author\/administrador\/"},"rttpg_comment":0,"rttpg_category":"<a href=\"https:\/\/italcamara-es.com\/it\/category\/notizie\/\" rel=\"category tag\">Notizie<\/a>","rttpg_excerpt":"L&#8217;Italia sar\u00e0 il Paese Invitato nell&#8217;edizione 2015 dell&#8217;importante manifestazione del settore agroalimentare che si terr\u00e0 dal 14 al 16 novembre La Fiera Gastr\u00f3noma (Valencia, 14-16 novembre 2015) potr\u00e0 vantare quest\u2019anno un\u2019importante presenza di aziende provenienti dall&#8217;Italia e di distributori di prodotti tipici italiani. Saranno 11 infatti gli espositori presenti nell&#8217;Area Italia gestita dalla Camera di&hellip;","_links":{"self":[{"href":"https:\/\/italcamara-es.com\/it\/wp-json\/wp\/v2\/posts\/55777","targetHints":{"allow":["GET"]}}],"collection":[{"href":"https:\/\/italcamara-es.com\/it\/wp-json\/wp\/v2\/posts"}],"about":[{"href":"https:\/\/italcamara-es.com\/it\/wp-json\/wp\/v2\/types\/post"}],"author":[{"embeddable":true,"href":"https:\/\/italcamara-es.com\/it\/wp-json\/wp\/v2\/users\/1"}],"replies":[{"embeddable":true,"href":"https:\/\/italcamara-es.com\/it\/wp-json\/wp\/v2\/comments?post=55777"}],"version-history":[{"count":0,"href":"https:\/\/italcamara-es.com\/it\/wp-json\/wp\/v2\/posts\/55777\/revisions"}],"wp:featuredmedia":[{"embeddable":true,"href":"https:\/\/italcamara-es.com\/it\/wp-json\/wp\/v2\/media\/54154"}],"wp:attachment":[{"href":"https:\/\/italcamara-es.com\/it\/wp-json\/wp\/v2\/media?parent=55777"}],"wp:term":[{"taxonomy":"category","embeddable":true,"href":"https:\/\/italcamara-es.com\/it\/wp-json\/wp\/v2\/categories?post=55777"},{"taxonomy":"post_tag","embeddable":true,"href":"https:\/\/italcamara-es.com\/it\/wp-json\/wp\/v2\/tags?post=55777"}],"curies":[{"name":"wp","href":"https:\/\/api.w.org\/{rel}","templated":true}]}}