	{"id":55795,"date":"2015-04-17T13:58:06","date_gmt":"2015-04-17T11:58:06","guid":{"rendered":"http:\/\/pre.italcamara-es.com\/senza-categoria\/successo-della-xxix-edizione-del-salon-de-gourmets-di-madrid\/"},"modified":"2015-04-17T13:58:06","modified_gmt":"2015-04-17T11:58:06","slug":"successo-della-xxix-edizione-del-salon-de-gourmets-di-madrid","status":"publish","type":"post","link":"https:\/\/italcamara-es.com\/it\/notizie\/successo-della-xxix-edizione-del-salon-de-gourmets-di-madrid\/","title":{"rendered":"Successo della XXIX edizione del Sal\u00f3n de Gourmets di Madrid"},"content":{"rendered":"<p style=\"text-align: justify;\"><em>Pi\u00f9 di 84.000 operatori del settore agroalimentare hanno visitato la maggiore fiera in Spagna dedicata alle eccellenze enogastronomiche, che anche quest&#8217;anno ha visto la partecipazione di numerose imprese italiane all&#8217;inerno dell&#8217;area espositiva gestita dalla CCIS<\/em><\/p>\n<p style=\"text-align: justify;\">\n<p style=\"text-align: justify;\">Si \u00e8 conclusa ieri a Madrid la XXIX edizione del <strong>Sal\u00f3n de Gourmets<\/strong>, la maggiore fiera dedicata alle eccellenze enogastronomiche, che quest&#8217;anno ha visto la partecipazione di <strong>1.422<\/strong> espositori (22,1% in pi\u00f9 rispetto al 2014), 35.000 prodotti esposti e pi\u00f9 di <strong>1.100 novit\u00e0<\/strong> in <strong>22.000 m2 <\/strong>di superficie espositiva. Inoltre, <strong>84.111<\/strong> profesionali (5,2% in pi\u00f9 rispetto al 2014) hanno percorso i lunghi corridoi gastronomici per scoprire tutte le nuove tendenze del settore, ma anche i prodotti pi\u00f9 classici che da sempre trovano posto in questa importante manifestazione fieristica.<\/p>\n<p style=\"text-align: justify;\">\n<p style=\"text-align: justify;\">Anche quest\u2019anno la CCIS ha partecipato con uno spazio espositivo di 160 m2, al\u2019interno del quale 10 imprese, tra produttori e distribuitori di prodotti italiani, hanno presentato la propria offerta agli operatori locali ed internazionali presenti.<\/p>\n<p style=\"text-align: justify;\">\n<p style=\"text-align: justify;\"><a href=\"https:\/\/www.italcamara-es.com\/wp-content\/uploads\/2016\/09\/IMG_17911.jpg\"><img fetchpriority=\"high\" decoding=\"async\" class=\" size-full wp-image-4447 aligncenter\" src=\"https:\/\/www.italcamara-es.com\/wp-content\/uploads\/2016\/09\/IMG_17911.jpg\" alt=\"IMG_1791\" width=\"700\" height=\"525\" \/><\/a><\/p>\n<p style=\"text-align: justify;\">\n<p style=\"text-align: justify;\">In particolare, nell\u2019Area Italia sono stati esposti alcuni dei prodotti pi\u00f9 emblematici della gastronomia italiana. Tra questi, meritano una menzione speciale i <strong>cannoli<\/strong> e altri dolci tipici della Sicilia, l\u2019<strong>aceto balsamico<\/strong> di Modena, il <strong>tartufo<\/strong> e derivati, farine di alta qualit\u00e0, formaggi, e altri prodotti pi\u00f9 conosciuti delle diverse regioni italiane, come la pasta fresca e secca, affettati, prodotti da forno, conserve, vino ecc.<\/p>\n<p style=\"text-align: justify;\">\n<p style=\"text-align: justify;\"><a href=\"https:\/\/www.italcamara-es.com\/wp-content\/uploads\/2016\/09\/20150415_1213411.jpg\"><img decoding=\"async\" class=\" size-full wp-image-4448 aligncenter\" src=\"https:\/\/www.italcamara-es.com\/wp-content\/uploads\/2016\/09\/20150415_1213411.jpg\" alt=\"20150415_121341\" width=\"700\" height=\"394\" \/><br \/>\n<\/a><\/p>\n<p style=\"text-align: justify;\">Inoltre, la partecipazione italiana \u00e8 stata caratterizzata da un ampio programma di eventi e attivit\u00e0 collaterali, organizzati all\u2019interno della stessa Area Italia. In questo modo, i professionisti del settore presenti hanno avuto modo di conoscere direttamente la preparazione di alcune ricette regionali tipiche elaborate da chef italiani. Tra questi \u00a0<strong>Alessandro Castro<\/strong>, responsabile in Spagna dell\u2019Accademia Italiana della Gastronomia Storica e dell\u2019Associazione Ristoworld, nonch\u00e9 \u00a0Membro dell\u2019Accademia Italiana dellaCucina;<strong> Alfredo Gelso<\/strong>, del Ristorante \u201cLa Norma\u201d di Madrid; <strong>Alessio de Bona<\/strong>\u00a0del restaurante \u201cGravin\u201d di Barcelona; <strong>Enrica Barni<\/strong>, dell\u2019 Accademia del Gusto de Madrid.<\/p>\n<p style=\"text-align: justify;\"><a href=\"https:\/\/www.italcamara-es.com\/wp-content\/uploads\/2016\/09\/20150416_1420001.jpg\"><img decoding=\"async\" class=\" size-full wp-image-4449 aligncenter\" src=\"https:\/\/www.italcamara-es.com\/wp-content\/uploads\/2016\/09\/20150416_1420001.jpg\" alt=\"20150416_142000\" width=\"394\" height=\"700\" \/><\/a><\/p>\n<p style=\"text-align: justify;\">\n","protected":false},"excerpt":{"rendered":"<p>Pi\u00f9 di 84.000 operatori del settore agroalimentare hanno visitato la maggiore fiera in Spagna dedicata alle eccellenze enogastronomiche, che anche quest&#8217;anno ha visto la partecipazione di numerose imprese italiane all&#8217;inerno dell&#8217;area espositiva gestita dalla CCIS Si \u00e8 conclusa ieri a Madrid la XXIX edizione del Sal\u00f3n de Gourmets, la maggiore fiera dedicata alle eccellenze enogastronomiche, [&hellip;]<\/p>\n","protected":false},"author":1,"featured_media":54196,"comment_status":"open","ping_status":"open","sticky":false,"template":"","format":"standard","meta":{"inline_featured_image":false,"ocean_post_layout":"","ocean_both_sidebars_style":"","ocean_both_sidebars_content_width":0,"ocean_both_sidebars_sidebars_width":0,"ocean_sidebar":"","ocean_second_sidebar":"","ocean_disable_margins":"enable","ocean_add_body_class":"","ocean_shortcode_before_top_bar":"","ocean_shortcode_after_top_bar":"","ocean_shortcode_before_header":"","ocean_shortcode_after_header":"","ocean_has_shortcode":"","ocean_shortcode_after_title":"","ocean_shortcode_before_footer_widgets":"","ocean_shortcode_after_footer_widgets":"","ocean_shortcode_before_footer_bottom":"","ocean_shortcode_after_footer_bottom":"","ocean_display_top_bar":"default","ocean_display_header":"default","ocean_header_style":"","ocean_center_header_left_menu":"","ocean_custom_header_template":"","ocean_custom_logo":0,"ocean_custom_retina_logo":0,"ocean_custom_logo_max_width":0,"ocean_custom_logo_tablet_max_width":0,"ocean_custom_logo_mobile_max_width":0,"ocean_custom_logo_max_height":0,"ocean_custom_logo_tablet_max_height":0,"ocean_custom_logo_mobile_max_height":0,"ocean_header_custom_menu":"","ocean_menu_typo_font_family":"","ocean_menu_typo_font_subset":"","ocean_menu_typo_font_size":0,"ocean_menu_typo_font_size_tablet":0,"ocean_menu_typo_font_size_mobile":0,"ocean_menu_typo_font_size_unit":"px","ocean_menu_typo_font_weight":"","ocean_menu_typo_font_weight_tablet":"","ocean_menu_typo_font_weight_mobile":"","ocean_menu_typo_transform":"","ocean_menu_typo_transform_tablet":"","ocean_menu_typo_transform_mobile":"","ocean_menu_typo_line_height":0,"ocean_menu_typo_line_height_tablet":0,"ocean_menu_typo_line_height_mobile":0,"ocean_menu_typo_line_height_unit":"","ocean_menu_typo_spacing":0,"ocean_menu_typo_spacing_tablet":0,"ocean_menu_typo_spacing_mobile":0,"ocean_menu_typo_spacing_unit":"","ocean_menu_link_color":"","ocean_menu_link_color_hover":"","ocean_menu_link_color_active":"","ocean_menu_link_background":"","ocean_menu_link_hover_background":"","ocean_menu_link_active_background":"","ocean_menu_social_links_bg":"","ocean_menu_social_hover_links_bg":"","ocean_menu_social_links_color":"","ocean_menu_social_hover_links_color":"","ocean_disable_title":"default","ocean_disable_heading":"default","ocean_post_title":"","ocean_post_subheading":"","ocean_post_title_style":"","ocean_post_title_background_color":"","ocean_post_title_background":0,"ocean_post_title_bg_image_position":"","ocean_post_title_bg_image_attachment":"","ocean_post_title_bg_image_repeat":"","ocean_post_title_bg_image_size":"","ocean_post_title_height":0,"ocean_post_title_bg_overlay":0.5,"ocean_post_title_bg_overlay_color":"","ocean_disable_breadcrumbs":"default","ocean_breadcrumbs_color":"","ocean_breadcrumbs_separator_color":"","ocean_breadcrumbs_links_color":"","ocean_breadcrumbs_links_hover_color":"","ocean_display_footer_widgets":"default","ocean_display_footer_bottom":"default","ocean_custom_footer_template":"","ocean_post_oembed":"","ocean_post_self_hosted_media":"","ocean_post_video_embed":"","ocean_link_format":"","ocean_link_format_target":"self","ocean_quote_format":"","ocean_quote_format_link":"post","ocean_gallery_link_images":"on","ocean_gallery_id":[],"footnotes":""},"categories":[133],"tags":[139],"class_list":["post-55795","post","type-post","status-publish","format-standard","has-post-thumbnail","hentry","category-notizie","tag-notizie-di-la-ccis","entry","has-media"],"yoast_head":"<!-- This site is optimized with the Yoast SEO plugin v27.4 - https:\/\/yoast.com\/product\/yoast-seo-wordpress\/ -->\n<title>Successo della XXIX edizione del Sal\u00f3n de Gourmets di Madrid - Italcamara<\/title>\n<meta name=\"robots\" content=\"index, follow, max-snippet:-1, max-image-preview:large, max-video-preview:-1\" \/>\n<link rel=\"canonical\" href=\"https:\/\/italcamara-es.com\/it\/notizie\/successo-della-xxix-edizione-del-salon-de-gourmets-di-madrid\/\" \/>\n<meta property=\"og:locale\" content=\"it_IT\" \/>\n<meta property=\"og:type\" content=\"article\" \/>\n<meta property=\"og:title\" content=\"Successo della XXIX edizione del Sal\u00f3n de Gourmets di Madrid - Italcamara\" \/>\n<meta property=\"og:description\" content=\"Pi\u00f9 di 84.000 operatori del settore agroalimentare hanno visitato la maggiore fiera in Spagna dedicata alle eccellenze enogastronomiche, che anche quest&#8217;anno ha visto la partecipazione di numerose imprese italiane all&#8217;inerno dell&#8217;area espositiva gestita dalla CCIS Si \u00e8 conclusa ieri a Madrid la XXIX edizione del Sal\u00f3n de Gourmets, la maggiore fiera dedicata alle eccellenze enogastronomiche, [&hellip;]\" \/>\n<meta property=\"og:url\" content=\"https:\/\/italcamara-es.com\/it\/notizie\/successo-della-xxix-edizione-del-salon-de-gourmets-di-madrid\/\" \/>\n<meta property=\"og:site_name\" content=\"Italcamara\" \/>\n<meta property=\"article:published_time\" content=\"2015-04-17T11:58:06+00:00\" \/>\n<meta property=\"og:image\" content=\"https:\/\/italcamara-es.com\/wp-content\/uploads\/2025\/03\/altra-e1472738207357.jpg\" \/>\n\t<meta property=\"og:image:width\" content=\"250\" \/>\n\t<meta property=\"og:image:height\" content=\"160\" \/>\n\t<meta property=\"og:image:type\" content=\"image\/jpeg\" \/>\n<meta name=\"author\" content=\"administrador\" \/>\n<meta name=\"twitter:card\" content=\"summary_large_image\" \/>\n<meta name=\"twitter:label1\" content=\"Scritto da\" \/>\n\t<meta name=\"twitter:data1\" content=\"administrador\" \/>\n\t<meta name=\"twitter:label2\" content=\"Tempo di lettura stimato\" \/>\n\t<meta name=\"twitter:data2\" content=\"2 minuti\" \/>\n<script type=\"application\/ld+json\" class=\"yoast-schema-graph\">{\"@context\":\"https:\\\/\\\/schema.org\",\"@graph\":[{\"@type\":\"Article\",\"@id\":\"https:\\\/\\\/italcamara-es.com\\\/it\\\/notizie\\\/successo-della-xxix-edizione-del-salon-de-gourmets-di-madrid\\\/#article\",\"isPartOf\":{\"@id\":\"https:\\\/\\\/italcamara-es.com\\\/it\\\/notizie\\\/successo-della-xxix-edizione-del-salon-de-gourmets-di-madrid\\\/\"},\"author\":{\"name\":\"administrador\",\"@id\":\"https:\\\/\\\/italcamara-es.com\\\/#\\\/schema\\\/person\\\/bb3c56263e405bbd9a15171dcfee93bb\"},\"headline\":\"Successo della XXIX edizione del Sal\u00f3n de Gourmets di Madrid\",\"datePublished\":\"2015-04-17T11:58:06+00:00\",\"mainEntityOfPage\":{\"@id\":\"https:\\\/\\\/italcamara-es.com\\\/it\\\/notizie\\\/successo-della-xxix-edizione-del-salon-de-gourmets-di-madrid\\\/\"},\"wordCount\":324,\"commentCount\":0,\"image\":{\"@id\":\"https:\\\/\\\/italcamara-es.com\\\/it\\\/notizie\\\/successo-della-xxix-edizione-del-salon-de-gourmets-di-madrid\\\/#primaryimage\"},\"thumbnailUrl\":\"https:\\\/\\\/italcamara-es.com\\\/wp-content\\\/uploads\\\/2025\\\/03\\\/altra-e1472738207357.jpg\",\"keywords\":[\"Notizie di la CCIS\"],\"articleSection\":[\"Notizie\"],\"inLanguage\":\"it-IT\",\"potentialAction\":[{\"@type\":\"CommentAction\",\"name\":\"Comment\",\"target\":[\"https:\\\/\\\/italcamara-es.com\\\/it\\\/notizie\\\/successo-della-xxix-edizione-del-salon-de-gourmets-di-madrid\\\/#respond\"]}]},{\"@type\":\"WebPage\",\"@id\":\"https:\\\/\\\/italcamara-es.com\\\/it\\\/notizie\\\/successo-della-xxix-edizione-del-salon-de-gourmets-di-madrid\\\/\",\"url\":\"https:\\\/\\\/italcamara-es.com\\\/it\\\/notizie\\\/successo-della-xxix-edizione-del-salon-de-gourmets-di-madrid\\\/\",\"name\":\"Successo della XXIX edizione del Sal\u00f3n de Gourmets di Madrid - Italcamara\",\"isPartOf\":{\"@id\":\"https:\\\/\\\/italcamara-es.com\\\/#website\"},\"primaryImageOfPage\":{\"@id\":\"https:\\\/\\\/italcamara-es.com\\\/it\\\/notizie\\\/successo-della-xxix-edizione-del-salon-de-gourmets-di-madrid\\\/#primaryimage\"},\"image\":{\"@id\":\"https:\\\/\\\/italcamara-es.com\\\/it\\\/notizie\\\/successo-della-xxix-edizione-del-salon-de-gourmets-di-madrid\\\/#primaryimage\"},\"thumbnailUrl\":\"https:\\\/\\\/italcamara-es.com\\\/wp-content\\\/uploads\\\/2025\\\/03\\\/altra-e1472738207357.jpg\",\"datePublished\":\"2015-04-17T11:58:06+00:00\",\"author\":{\"@id\":\"https:\\\/\\\/italcamara-es.com\\\/#\\\/schema\\\/person\\\/bb3c56263e405bbd9a15171dcfee93bb\"},\"breadcrumb\":{\"@id\":\"https:\\\/\\\/italcamara-es.com\\\/it\\\/notizie\\\/successo-della-xxix-edizione-del-salon-de-gourmets-di-madrid\\\/#breadcrumb\"},\"inLanguage\":\"it-IT\",\"potentialAction\":[{\"@type\":\"ReadAction\",\"target\":[\"https:\\\/\\\/italcamara-es.com\\\/it\\\/notizie\\\/successo-della-xxix-edizione-del-salon-de-gourmets-di-madrid\\\/\"]}]},{\"@type\":\"ImageObject\",\"inLanguage\":\"it-IT\",\"@id\":\"https:\\\/\\\/italcamara-es.com\\\/it\\\/notizie\\\/successo-della-xxix-edizione-del-salon-de-gourmets-di-madrid\\\/#primaryimage\",\"url\":\"https:\\\/\\\/italcamara-es.com\\\/wp-content\\\/uploads\\\/2025\\\/03\\\/altra-e1472738207357.jpg\",\"contentUrl\":\"https:\\\/\\\/italcamara-es.com\\\/wp-content\\\/uploads\\\/2025\\\/03\\\/altra-e1472738207357.jpg\",\"width\":250,\"height\":160},{\"@type\":\"BreadcrumbList\",\"@id\":\"https:\\\/\\\/italcamara-es.com\\\/it\\\/notizie\\\/successo-della-xxix-edizione-del-salon-de-gourmets-di-madrid\\\/#breadcrumb\",\"itemListElement\":[{\"@type\":\"ListItem\",\"position\":1,\"name\":\"Inicio\",\"item\":\"https:\\\/\\\/italcamara-es.com\\\/it\\\/homepage-ita\\\/\"},{\"@type\":\"ListItem\",\"position\":2,\"name\":\"Successo della XXIX edizione del Sal\u00f3n de Gourmets di Madrid\"}]},{\"@type\":\"WebSite\",\"@id\":\"https:\\\/\\\/italcamara-es.com\\\/#website\",\"url\":\"https:\\\/\\\/italcamara-es.com\\\/\",\"name\":\"Italcamara\",\"description\":\"\",\"potentialAction\":[{\"@type\":\"SearchAction\",\"target\":{\"@type\":\"EntryPoint\",\"urlTemplate\":\"https:\\\/\\\/italcamara-es.com\\\/?s={search_term_string}\"},\"query-input\":{\"@type\":\"PropertyValueSpecification\",\"valueRequired\":true,\"valueName\":\"search_term_string\"}}],\"inLanguage\":\"it-IT\"},{\"@type\":\"Person\",\"@id\":\"https:\\\/\\\/italcamara-es.com\\\/#\\\/schema\\\/person\\\/bb3c56263e405bbd9a15171dcfee93bb\",\"name\":\"administrador\",\"image\":{\"@type\":\"ImageObject\",\"inLanguage\":\"it-IT\",\"@id\":\"https:\\\/\\\/secure.gravatar.com\\\/avatar\\\/14b5e63db38320b12031bb28cf9f77e210aa71fb3a8a3602a3c9a05134fa75eb?s=96&d=mm&r=g\",\"url\":\"https:\\\/\\\/secure.gravatar.com\\\/avatar\\\/14b5e63db38320b12031bb28cf9f77e210aa71fb3a8a3602a3c9a05134fa75eb?s=96&d=mm&r=g\",\"contentUrl\":\"https:\\\/\\\/secure.gravatar.com\\\/avatar\\\/14b5e63db38320b12031bb28cf9f77e210aa71fb3a8a3602a3c9a05134fa75eb?s=96&d=mm&r=g\",\"caption\":\"administrador\"},\"sameAs\":[\"http:\\\/\\\/pre.italcamara-es.com\"],\"url\":\"https:\\\/\\\/italcamara-es.com\\\/it\\\/author\\\/administrador\\\/\"}]}<\/script>\n<!-- \/ Yoast SEO plugin. -->","yoast_head_json":{"title":"Successo della XXIX edizione del Sal\u00f3n de Gourmets di Madrid - Italcamara","robots":{"index":"index","follow":"follow","max-snippet":"max-snippet:-1","max-image-preview":"max-image-preview:large","max-video-preview":"max-video-preview:-1"},"canonical":"https:\/\/italcamara-es.com\/it\/notizie\/successo-della-xxix-edizione-del-salon-de-gourmets-di-madrid\/","og_locale":"it_IT","og_type":"article","og_title":"Successo della XXIX edizione del Sal\u00f3n de Gourmets di Madrid - Italcamara","og_description":"Pi\u00f9 di 84.000 operatori del settore agroalimentare hanno visitato la maggiore fiera in Spagna dedicata alle eccellenze enogastronomiche, che anche quest&#8217;anno ha visto la partecipazione di numerose imprese italiane all&#8217;inerno dell&#8217;area espositiva gestita dalla CCIS Si \u00e8 conclusa ieri a Madrid la XXIX edizione del Sal\u00f3n de Gourmets, la maggiore fiera dedicata alle eccellenze enogastronomiche, [&hellip;]","og_url":"https:\/\/italcamara-es.com\/it\/notizie\/successo-della-xxix-edizione-del-salon-de-gourmets-di-madrid\/","og_site_name":"Italcamara","article_published_time":"2015-04-17T11:58:06+00:00","og_image":[{"width":250,"height":160,"url":"https:\/\/italcamara-es.com\/wp-content\/uploads\/2025\/03\/altra-e1472738207357.jpg","type":"image\/jpeg"}],"author":"administrador","twitter_card":"summary_large_image","twitter_misc":{"Scritto da":"administrador","Tempo di lettura stimato":"2 minuti"},"schema":{"@context":"https:\/\/schema.org","@graph":[{"@type":"Article","@id":"https:\/\/italcamara-es.com\/it\/notizie\/successo-della-xxix-edizione-del-salon-de-gourmets-di-madrid\/#article","isPartOf":{"@id":"https:\/\/italcamara-es.com\/it\/notizie\/successo-della-xxix-edizione-del-salon-de-gourmets-di-madrid\/"},"author":{"name":"administrador","@id":"https:\/\/italcamara-es.com\/#\/schema\/person\/bb3c56263e405bbd9a15171dcfee93bb"},"headline":"Successo della XXIX edizione del Sal\u00f3n de Gourmets di Madrid","datePublished":"2015-04-17T11:58:06+00:00","mainEntityOfPage":{"@id":"https:\/\/italcamara-es.com\/it\/notizie\/successo-della-xxix-edizione-del-salon-de-gourmets-di-madrid\/"},"wordCount":324,"commentCount":0,"image":{"@id":"https:\/\/italcamara-es.com\/it\/notizie\/successo-della-xxix-edizione-del-salon-de-gourmets-di-madrid\/#primaryimage"},"thumbnailUrl":"https:\/\/italcamara-es.com\/wp-content\/uploads\/2025\/03\/altra-e1472738207357.jpg","keywords":["Notizie di la CCIS"],"articleSection":["Notizie"],"inLanguage":"it-IT","potentialAction":[{"@type":"CommentAction","name":"Comment","target":["https:\/\/italcamara-es.com\/it\/notizie\/successo-della-xxix-edizione-del-salon-de-gourmets-di-madrid\/#respond"]}]},{"@type":"WebPage","@id":"https:\/\/italcamara-es.com\/it\/notizie\/successo-della-xxix-edizione-del-salon-de-gourmets-di-madrid\/","url":"https:\/\/italcamara-es.com\/it\/notizie\/successo-della-xxix-edizione-del-salon-de-gourmets-di-madrid\/","name":"Successo della XXIX edizione del Sal\u00f3n de Gourmets di Madrid - Italcamara","isPartOf":{"@id":"https:\/\/italcamara-es.com\/#website"},"primaryImageOfPage":{"@id":"https:\/\/italcamara-es.com\/it\/notizie\/successo-della-xxix-edizione-del-salon-de-gourmets-di-madrid\/#primaryimage"},"image":{"@id":"https:\/\/italcamara-es.com\/it\/notizie\/successo-della-xxix-edizione-del-salon-de-gourmets-di-madrid\/#primaryimage"},"thumbnailUrl":"https:\/\/italcamara-es.com\/wp-content\/uploads\/2025\/03\/altra-e1472738207357.jpg","datePublished":"2015-04-17T11:58:06+00:00","author":{"@id":"https:\/\/italcamara-es.com\/#\/schema\/person\/bb3c56263e405bbd9a15171dcfee93bb"},"breadcrumb":{"@id":"https:\/\/italcamara-es.com\/it\/notizie\/successo-della-xxix-edizione-del-salon-de-gourmets-di-madrid\/#breadcrumb"},"inLanguage":"it-IT","potentialAction":[{"@type":"ReadAction","target":["https:\/\/italcamara-es.com\/it\/notizie\/successo-della-xxix-edizione-del-salon-de-gourmets-di-madrid\/"]}]},{"@type":"ImageObject","inLanguage":"it-IT","@id":"https:\/\/italcamara-es.com\/it\/notizie\/successo-della-xxix-edizione-del-salon-de-gourmets-di-madrid\/#primaryimage","url":"https:\/\/italcamara-es.com\/wp-content\/uploads\/2025\/03\/altra-e1472738207357.jpg","contentUrl":"https:\/\/italcamara-es.com\/wp-content\/uploads\/2025\/03\/altra-e1472738207357.jpg","width":250,"height":160},{"@type":"BreadcrumbList","@id":"https:\/\/italcamara-es.com\/it\/notizie\/successo-della-xxix-edizione-del-salon-de-gourmets-di-madrid\/#breadcrumb","itemListElement":[{"@type":"ListItem","position":1,"name":"Inicio","item":"https:\/\/italcamara-es.com\/it\/homepage-ita\/"},{"@type":"ListItem","position":2,"name":"Successo della XXIX edizione del Sal\u00f3n de Gourmets di Madrid"}]},{"@type":"WebSite","@id":"https:\/\/italcamara-es.com\/#website","url":"https:\/\/italcamara-es.com\/","name":"Italcamara","description":"","potentialAction":[{"@type":"SearchAction","target":{"@type":"EntryPoint","urlTemplate":"https:\/\/italcamara-es.com\/?s={search_term_string}"},"query-input":{"@type":"PropertyValueSpecification","valueRequired":true,"valueName":"search_term_string"}}],"inLanguage":"it-IT"},{"@type":"Person","@id":"https:\/\/italcamara-es.com\/#\/schema\/person\/bb3c56263e405bbd9a15171dcfee93bb","name":"administrador","image":{"@type":"ImageObject","inLanguage":"it-IT","@id":"https:\/\/secure.gravatar.com\/avatar\/14b5e63db38320b12031bb28cf9f77e210aa71fb3a8a3602a3c9a05134fa75eb?s=96&d=mm&r=g","url":"https:\/\/secure.gravatar.com\/avatar\/14b5e63db38320b12031bb28cf9f77e210aa71fb3a8a3602a3c9a05134fa75eb?s=96&d=mm&r=g","contentUrl":"https:\/\/secure.gravatar.com\/avatar\/14b5e63db38320b12031bb28cf9f77e210aa71fb3a8a3602a3c9a05134fa75eb?s=96&d=mm&r=g","caption":"administrador"},"sameAs":["http:\/\/pre.italcamara-es.com"],"url":"https:\/\/italcamara-es.com\/it\/author\/administrador\/"}]}},"rttpg_featured_image_url":{"full":["https:\/\/italcamara-es.com\/wp-content\/uploads\/2025\/03\/altra-e1472738207357.jpg",250,160,false],"landscape":["https:\/\/italcamara-es.com\/wp-content\/uploads\/2025\/03\/altra-e1472738207357.jpg",250,160,false],"portraits":["https:\/\/italcamara-es.com\/wp-content\/uploads\/2025\/03\/altra-e1472738207357.jpg",250,160,false],"thumbnail":["https:\/\/italcamara-es.com\/wp-content\/uploads\/2025\/03\/altra-e1472738207357-150x150.jpg",150,150,true],"medium":["https:\/\/italcamara-es.com\/wp-content\/uploads\/2025\/03\/altra-e1472738207357.jpg",250,160,false],"large":["https:\/\/italcamara-es.com\/wp-content\/uploads\/2025\/03\/altra-e1472738207357.jpg",250,160,false],"1536x1536":["https:\/\/italcamara-es.com\/wp-content\/uploads\/2025\/03\/altra-e1472738207357.jpg",250,160,false],"2048x2048":["https:\/\/italcamara-es.com\/wp-content\/uploads\/2025\/03\/altra-e1472738207357.jpg",250,160,false],"ocean-thumb-m":["https:\/\/italcamara-es.com\/wp-content\/uploads\/2025\/03\/altra-e1472738207357.jpg",250,160,false],"ocean-thumb-ml":["https:\/\/italcamara-es.com\/wp-content\/uploads\/2025\/03\/altra-e1472738207357.jpg",250,160,false],"ocean-thumb-l":["https:\/\/italcamara-es.com\/wp-content\/uploads\/2025\/03\/altra-e1472738207357.jpg",250,160,false],"directorist_preview":["https:\/\/italcamara-es.com\/wp-content\/uploads\/2025\/03\/altra-e1472738207357.jpg",250,160,false]},"rttpg_author":{"display_name":"administrador","author_link":"https:\/\/italcamara-es.com\/it\/author\/administrador\/"},"rttpg_comment":0,"rttpg_category":"<a href=\"https:\/\/italcamara-es.com\/it\/category\/notizie\/\" rel=\"category tag\">Notizie<\/a>","rttpg_excerpt":"Pi\u00f9 di 84.000 operatori del settore agroalimentare hanno visitato la maggiore fiera in Spagna dedicata alle eccellenze enogastronomiche, che anche quest&#8217;anno ha visto la partecipazione di numerose imprese italiane all&#8217;inerno dell&#8217;area espositiva gestita dalla CCIS Si \u00e8 conclusa ieri a Madrid la XXIX edizione del Sal\u00f3n de Gourmets, la maggiore fiera dedicata alle eccellenze enogastronomiche,&hellip;","_links":{"self":[{"href":"https:\/\/italcamara-es.com\/it\/wp-json\/wp\/v2\/posts\/55795","targetHints":{"allow":["GET"]}}],"collection":[{"href":"https:\/\/italcamara-es.com\/it\/wp-json\/wp\/v2\/posts"}],"about":[{"href":"https:\/\/italcamara-es.com\/it\/wp-json\/wp\/v2\/types\/post"}],"author":[{"embeddable":true,"href":"https:\/\/italcamara-es.com\/it\/wp-json\/wp\/v2\/users\/1"}],"replies":[{"embeddable":true,"href":"https:\/\/italcamara-es.com\/it\/wp-json\/wp\/v2\/comments?post=55795"}],"version-history":[{"count":0,"href":"https:\/\/italcamara-es.com\/it\/wp-json\/wp\/v2\/posts\/55795\/revisions"}],"wp:featuredmedia":[{"embeddable":true,"href":"https:\/\/italcamara-es.com\/it\/wp-json\/wp\/v2\/media\/54196"}],"wp:attachment":[{"href":"https:\/\/italcamara-es.com\/it\/wp-json\/wp\/v2\/media?parent=55795"}],"wp:term":[{"taxonomy":"category","embeddable":true,"href":"https:\/\/italcamara-es.com\/it\/wp-json\/wp\/v2\/categories?post=55795"},{"taxonomy":"post_tag","embeddable":true,"href":"https:\/\/italcamara-es.com\/it\/wp-json\/wp\/v2\/tags?post=55795"}],"curies":[{"name":"wp","href":"https:\/\/api.w.org\/{rel}","templated":true}]}}