	{"id":55802,"date":"2016-06-06T07:32:04","date_gmt":"2016-06-06T05:32:04","guid":{"rendered":"http:\/\/pre.italcamara-es.com\/senza-categoria\/si-chiude-unedizione-storica-di-passione-italia-2\/"},"modified":"2016-06-06T07:32:04","modified_gmt":"2016-06-06T05:32:04","slug":"si-chiude-unedizione-storica-di-passione-italia-2","status":"publish","type":"post","link":"https:\/\/italcamara-es.com\/it\/notizie\/si-chiude-unedizione-storica-di-passione-italia-2\/","title":{"rendered":"Si chiude un&#8217;edizione storica di Passione Italia"},"content":{"rendered":"<p style=\"text-align: justify;\"><em>La grande risposta di pubblico, la qualit\u00e0 e variet\u00e0 dei prodotti esposti e le numerose iniziative organizzate hanno contribuito al successo di questa VIII edizione del grande evento di promozione del \u201cMade in Italy\u201d in \u00a0Spagna, che si \u00e8 svolto dal 2 al 5 giugno nel patio della Scuola Italiana di Madrid<\/em><\/p>\n<p style=\"text-align: justify;\"><strong>Passione Italia<\/strong>, organizzata dalla <strong>Camera di Commercio e Industria Italiana per la Spagna \u2013 CCIS &#8211; <\/strong>ha chiuso ieri la sua VIII edizione. l&#8217;Italia e le sue eccellenze gastronomiche e turistcihe sono state protagoniste duirante i 4 giorni (dal 2 al 5 giugno) in cui si \u00e8 celebrato il grande evento di promozione del &#8220;Made in Italy&#8221; in Spagna, nel cortile della Scuola Italiana di Madrid.<\/p>\n<p style=\"text-align: justify;\">Eccellente la risposta del publlico a questa iniziativa della CIS, attratto dalla variet\u00e0 e qualit\u00e0 dei prodotti italiani da degustare ed acquistare presso i food trucks e gli stand delle 12 imprese presenti: pasta fresca, piadine, tigelle, panini gourmet, dolci tipici regionali, caff\u00e9, conserve, prodotti da forno, formaggi, vini e liquori.<\/p>\n<p>&nbsp;<\/p>\n<p style=\"text-align: center;\"><img fetchpriority=\"high\" decoding=\"async\" class=\" size-full wp-image-4836 aligncenter\" src=\"https:\/\/www.italcamara-es.com\/wp-content\/uploads\/2016\/09\/stand-7001.jpg\" alt=\"stand-700\" width=\"700\" height=\"467\" \/><\/p>\n<p>&nbsp;<\/p>\n<p style=\"text-align: justify;\">Tra le novit\u00e0 di quest\u2019anno, va menzionato il<strong> Campionato di Pizza d\u2019Autor<\/strong>e, organizzato in collaborazione con <em>Pizzamore<\/em> e l\u2019<em>Universit\u00e0 della Pizza Italiana nel Mondo<\/em>, che ha visto la partecipazione di 30 pizzaioli sia professionisti che amatori. Il primo premio \u00e8 andato a Marcello Raucci della Pizzeria Piscina de Orba (Alicante), ma la qualit\u00e0 e la creativit\u00e0 di tutti i concorrenti ha fatto s\u00ed che la decisione della giuria fosse particolarmente difficile.<\/p>\n<p style=\"text-align: justify;\">Inoltre, per la prima vlta a Madrid, si \u00e8 svolta la fase eliminatoria del <strong>Campionato Mondiale di Pesto Genovese al Mortaio<\/strong>, organizzata in collaborazione con l\u2019<em>Associazione Culturale Palatifini di Genova<\/em>. Il numeroso pubblico presente ha avuto la possibilit\u00e0 di avvicinarsi ai segreti di una delle ricette pi\u00f9 apprezzate della tradizione culinaria italiana. Il vincitore del concorso, Emilio Caprile Trucchi, parteciper\u00e0 alla fase finale della competizione, che si terr\u00e0 a Genova tra due anni.<\/p>\n<p style=\"text-align: center;\"><a href=\"https:\/\/www.italcamara-es.com\/wp-content\/uploads\/2016\/09\/Campeonato-de-Pesto-genovese-6001.jpg\"><img decoding=\"async\" class=\" size-full wp-image-4837 aligncenter\" src=\"https:\/\/www.italcamara-es.com\/wp-content\/uploads\/2016\/09\/Campeonato-de-Pesto-genovese-6001.jpg\" alt=\"campeonato-de-pesto-genovese-600\" width=\"400\" height=\"600\" \/><\/a><\/p>\n<p>&nbsp;<\/p>\n<p>Passione Italia \u00e8 stato inoltre lo scenario della consegna del <strong>Marchio Ospitalit\u00e0 Italiana <\/strong>ai 23 ristoranti certificati dalla CCIS per quest&#8217;anno (<strong><span style=\"color: #333399;\"><a href=\"http:\/\/italcamara-es.com\/files\/pdf\/2016\/Listado_restaurantes_italianos_certificados_2016.pdf\" target=\"_blank\" rel=\"noopener\">lista<\/a><\/span><\/strong>), ognuno di loro ambasciatore dell&#8217;autentica cucina italiana nel paese iberico.<\/p>\n<p>&nbsp;<\/p>\n<p style=\"text-align: center;\"><a href=\"https:\/\/www.italcamara-es.com\/wp-content\/uploads\/2016\/09\/marchio-7001.jpg\"><img decoding=\"async\" class=\" size-full wp-image-4833 aligncenter\" src=\"https:\/\/www.italcamara-es.com\/wp-content\/uploads\/2016\/09\/marchio-7001.jpg\" alt=\"marchio-700\" width=\"700\" height=\"467\" \/><\/a><\/p>\n<p style=\"text-align: justify;\">Non sono mancati neanche quest&#8217;anno gli appuntamenti musicali, con i concerti dei <strong>Cuba Son<\/strong>, gruppo internazionale composto da tre italiani e due cubani, <strong>Raffaello Di Pietro<\/strong>, con le sue versioni dei maggiori successi della musica leggera italiana, ed il gruppo siciliano <strong>Baciamolemani<\/strong>, per la prima volta a Passione Italia.<\/p>\n<p style=\"text-align: justify;\"><a href=\"https:\/\/www.italcamara-es.com\/wp-content\/uploads\/2016\/09\/Concierto-Baciamolemani7001.jpg\"><img loading=\"lazy\" decoding=\"async\" class=\" size-full wp-image-4834 aligncenter\" src=\"https:\/\/www.italcamara-es.com\/wp-content\/uploads\/2016\/09\/Concierto-Baciamolemani7001.jpg\" alt=\"concierto-baciamolemani700\" width=\"700\" height=\"467\" \/><\/a><\/p>\n<p style=\"text-align: justify;\">Un altro importante momento \u00e8 stato il saluto alla comunit\u00e0 italiana da parte dell&#8217;Ambasciatore d&#8217;Italia, <strong>Stefano Sannino<\/strong>, che, dopo aver ringraziato gli organizzatori dell&#8217;evento, ha voluto sottolineare il ruolo fondamentale delle imprese, dei professionisti e dei cittadini italiani residenti in Spagna nello sviluppo delle relazioni tra i due paesi. l&#8217;Ambasciatore Sannino \u00e8 stato accompagnato dal presidente della CCIS, <strong>Marco Pizzi<\/strong>, dal preside della Scuola Italiana, <strong>Cosimo Guarino<\/strong>, e dai rappresentanti delle altre istituzioni italiane a Madrid.<\/p>\n<p style=\"text-align: justify;\"><a href=\"https:\/\/www.italcamara-es.com\/wp-content\/uploads\/2016\/09\/embajador7001.jpg\"><img loading=\"lazy\" decoding=\"async\" class=\" size-full wp-image-4835 aligncenter\" src=\"https:\/\/www.italcamara-es.com\/wp-content\/uploads\/2016\/09\/embajador7001.jpg\" alt=\"embajador700\" width=\"700\" height=\"467\" \/><\/a><\/p>\n<p style=\"text-align: justify;\">La CCIS ringrazia gli sponsor <strong>Ubibanca, Endesa, Generali, Negrini e Brembo<\/strong> per il loro supporto a questa importante iniziativa, cos\u00ec come gli enti e le imprese che hanno collaborato e partecipato alla stessa.<\/p>\n","protected":false},"excerpt":{"rendered":"<p>La grande risposta di pubblico, la qualit\u00e0 e variet\u00e0 dei prodotti esposti e le numerose iniziative organizzate hanno contribuito al successo di questa VIII edizione del grande evento di promozione del \u201cMade in Italy\u201d in \u00a0Spagna, che si \u00e8 svolto dal 2 al 5 giugno nel patio della Scuola Italiana di Madrid Passione Italia, organizzata [&hellip;]<\/p>\n","protected":false},"author":1,"featured_media":54208,"comment_status":"open","ping_status":"open","sticky":false,"template":"","format":"standard","meta":{"inline_featured_image":false,"ocean_post_layout":"","ocean_both_sidebars_style":"","ocean_both_sidebars_content_width":0,"ocean_both_sidebars_sidebars_width":0,"ocean_sidebar":"","ocean_second_sidebar":"","ocean_disable_margins":"enable","ocean_add_body_class":"","ocean_shortcode_before_top_bar":"","ocean_shortcode_after_top_bar":"","ocean_shortcode_before_header":"","ocean_shortcode_after_header":"","ocean_has_shortcode":"","ocean_shortcode_after_title":"","ocean_shortcode_before_footer_widgets":"","ocean_shortcode_after_footer_widgets":"","ocean_shortcode_before_footer_bottom":"","ocean_shortcode_after_footer_bottom":"","ocean_display_top_bar":"default","ocean_display_header":"default","ocean_header_style":"","ocean_center_header_left_menu":"","ocean_custom_header_template":"","ocean_custom_logo":0,"ocean_custom_retina_logo":0,"ocean_custom_logo_max_width":0,"ocean_custom_logo_tablet_max_width":0,"ocean_custom_logo_mobile_max_width":0,"ocean_custom_logo_max_height":0,"ocean_custom_logo_tablet_max_height":0,"ocean_custom_logo_mobile_max_height":0,"ocean_header_custom_menu":"","ocean_menu_typo_font_family":"","ocean_menu_typo_font_subset":"","ocean_menu_typo_font_size":0,"ocean_menu_typo_font_size_tablet":0,"ocean_menu_typo_font_size_mobile":0,"ocean_menu_typo_font_size_unit":"px","ocean_menu_typo_font_weight":"","ocean_menu_typo_font_weight_tablet":"","ocean_menu_typo_font_weight_mobile":"","ocean_menu_typo_transform":"","ocean_menu_typo_transform_tablet":"","ocean_menu_typo_transform_mobile":"","ocean_menu_typo_line_height":0,"ocean_menu_typo_line_height_tablet":0,"ocean_menu_typo_line_height_mobile":0,"ocean_menu_typo_line_height_unit":"","ocean_menu_typo_spacing":0,"ocean_menu_typo_spacing_tablet":0,"ocean_menu_typo_spacing_mobile":0,"ocean_menu_typo_spacing_unit":"","ocean_menu_link_color":"","ocean_menu_link_color_hover":"","ocean_menu_link_color_active":"","ocean_menu_link_background":"","ocean_menu_link_hover_background":"","ocean_menu_link_active_background":"","ocean_menu_social_links_bg":"","ocean_menu_social_hover_links_bg":"","ocean_menu_social_links_color":"","ocean_menu_social_hover_links_color":"","ocean_disable_title":"default","ocean_disable_heading":"default","ocean_post_title":"","ocean_post_subheading":"","ocean_post_title_style":"","ocean_post_title_background_color":"","ocean_post_title_background":0,"ocean_post_title_bg_image_position":"","ocean_post_title_bg_image_attachment":"","ocean_post_title_bg_image_repeat":"","ocean_post_title_bg_image_size":"","ocean_post_title_height":0,"ocean_post_title_bg_overlay":0.5,"ocean_post_title_bg_overlay_color":"","ocean_disable_breadcrumbs":"default","ocean_breadcrumbs_color":"","ocean_breadcrumbs_separator_color":"","ocean_breadcrumbs_links_color":"","ocean_breadcrumbs_links_hover_color":"","ocean_display_footer_widgets":"default","ocean_display_footer_bottom":"default","ocean_custom_footer_template":"","ocean_post_oembed":"","ocean_post_self_hosted_media":"","ocean_post_video_embed":"","ocean_link_format":"","ocean_link_format_target":"self","ocean_quote_format":"","ocean_quote_format_link":"post","ocean_gallery_link_images":"on","ocean_gallery_id":[],"footnotes":""},"categories":[133],"tags":[139],"class_list":["post-55802","post","type-post","status-publish","format-standard","has-post-thumbnail","hentry","category-notizie","tag-notizie-di-la-ccis","entry","has-media"],"yoast_head":"<!-- This site is optimized with the Yoast SEO plugin v27.4 - https:\/\/yoast.com\/product\/yoast-seo-wordpress\/ -->\n<title>Si chiude un&#039;edizione storica di Passione Italia - Italcamara<\/title>\n<meta name=\"robots\" content=\"index, follow, max-snippet:-1, max-image-preview:large, max-video-preview:-1\" \/>\n<link rel=\"canonical\" href=\"https:\/\/italcamara-es.com\/it\/notizie\/si-chiude-unedizione-storica-di-passione-italia-2\/\" \/>\n<meta property=\"og:locale\" content=\"it_IT\" \/>\n<meta property=\"og:type\" content=\"article\" \/>\n<meta property=\"og:title\" content=\"Si chiude un&#039;edizione storica di Passione Italia - Italcamara\" \/>\n<meta property=\"og:description\" content=\"La grande risposta di pubblico, la qualit\u00e0 e variet\u00e0 dei prodotti esposti e le numerose iniziative organizzate hanno contribuito al successo di questa VIII edizione del grande evento di promozione del \u201cMade in Italy\u201d in \u00a0Spagna, che si \u00e8 svolto dal 2 al 5 giugno nel patio della Scuola Italiana di Madrid Passione Italia, organizzata [&hellip;]\" \/>\n<meta property=\"og:url\" content=\"https:\/\/italcamara-es.com\/it\/notizie\/si-chiude-unedizione-storica-di-passione-italia-2\/\" \/>\n<meta property=\"og:site_name\" content=\"Italcamara\" \/>\n<meta property=\"article:published_time\" content=\"2016-06-06T05:32:04+00:00\" \/>\n<meta property=\"og:image\" content=\"https:\/\/italcamara-es.com\/wp-content\/uploads\/2025\/03\/marchio-250-1.jpg\" \/>\n\t<meta property=\"og:image:width\" content=\"200\" \/>\n\t<meta property=\"og:image:height\" content=\"133\" \/>\n\t<meta property=\"og:image:type\" content=\"image\/jpeg\" \/>\n<meta name=\"author\" content=\"administrador\" \/>\n<meta name=\"twitter:card\" content=\"summary_large_image\" \/>\n<meta name=\"twitter:label1\" content=\"Scritto da\" \/>\n\t<meta name=\"twitter:data1\" content=\"administrador\" \/>\n\t<meta name=\"twitter:label2\" content=\"Tempo di lettura stimato\" \/>\n\t<meta name=\"twitter:data2\" content=\"2 minuti\" \/>\n<script type=\"application\/ld+json\" class=\"yoast-schema-graph\">{\"@context\":\"https:\\\/\\\/schema.org\",\"@graph\":[{\"@type\":\"Article\",\"@id\":\"https:\\\/\\\/italcamara-es.com\\\/it\\\/notizie\\\/si-chiude-unedizione-storica-di-passione-italia-2\\\/#article\",\"isPartOf\":{\"@id\":\"https:\\\/\\\/italcamara-es.com\\\/it\\\/notizie\\\/si-chiude-unedizione-storica-di-passione-italia-2\\\/\"},\"author\":{\"name\":\"administrador\",\"@id\":\"https:\\\/\\\/italcamara-es.com\\\/#\\\/schema\\\/person\\\/bb3c56263e405bbd9a15171dcfee93bb\"},\"headline\":\"Si chiude un&#8217;edizione storica di Passione Italia\",\"datePublished\":\"2016-06-06T05:32:04+00:00\",\"mainEntityOfPage\":{\"@id\":\"https:\\\/\\\/italcamara-es.com\\\/it\\\/notizie\\\/si-chiude-unedizione-storica-di-passione-italia-2\\\/\"},\"wordCount\":511,\"commentCount\":0,\"image\":{\"@id\":\"https:\\\/\\\/italcamara-es.com\\\/it\\\/notizie\\\/si-chiude-unedizione-storica-di-passione-italia-2\\\/#primaryimage\"},\"thumbnailUrl\":\"https:\\\/\\\/italcamara-es.com\\\/wp-content\\\/uploads\\\/2025\\\/03\\\/marchio-250-1.jpg\",\"keywords\":[\"Notizie di la CCIS\"],\"articleSection\":[\"Notizie\"],\"inLanguage\":\"it-IT\",\"potentialAction\":[{\"@type\":\"CommentAction\",\"name\":\"Comment\",\"target\":[\"https:\\\/\\\/italcamara-es.com\\\/it\\\/notizie\\\/si-chiude-unedizione-storica-di-passione-italia-2\\\/#respond\"]}]},{\"@type\":\"WebPage\",\"@id\":\"https:\\\/\\\/italcamara-es.com\\\/it\\\/notizie\\\/si-chiude-unedizione-storica-di-passione-italia-2\\\/\",\"url\":\"https:\\\/\\\/italcamara-es.com\\\/it\\\/notizie\\\/si-chiude-unedizione-storica-di-passione-italia-2\\\/\",\"name\":\"Si chiude un'edizione storica di Passione Italia - Italcamara\",\"isPartOf\":{\"@id\":\"https:\\\/\\\/italcamara-es.com\\\/#website\"},\"primaryImageOfPage\":{\"@id\":\"https:\\\/\\\/italcamara-es.com\\\/it\\\/notizie\\\/si-chiude-unedizione-storica-di-passione-italia-2\\\/#primaryimage\"},\"image\":{\"@id\":\"https:\\\/\\\/italcamara-es.com\\\/it\\\/notizie\\\/si-chiude-unedizione-storica-di-passione-italia-2\\\/#primaryimage\"},\"thumbnailUrl\":\"https:\\\/\\\/italcamara-es.com\\\/wp-content\\\/uploads\\\/2025\\\/03\\\/marchio-250-1.jpg\",\"datePublished\":\"2016-06-06T05:32:04+00:00\",\"author\":{\"@id\":\"https:\\\/\\\/italcamara-es.com\\\/#\\\/schema\\\/person\\\/bb3c56263e405bbd9a15171dcfee93bb\"},\"breadcrumb\":{\"@id\":\"https:\\\/\\\/italcamara-es.com\\\/it\\\/notizie\\\/si-chiude-unedizione-storica-di-passione-italia-2\\\/#breadcrumb\"},\"inLanguage\":\"it-IT\",\"potentialAction\":[{\"@type\":\"ReadAction\",\"target\":[\"https:\\\/\\\/italcamara-es.com\\\/it\\\/notizie\\\/si-chiude-unedizione-storica-di-passione-italia-2\\\/\"]}]},{\"@type\":\"ImageObject\",\"inLanguage\":\"it-IT\",\"@id\":\"https:\\\/\\\/italcamara-es.com\\\/it\\\/notizie\\\/si-chiude-unedizione-storica-di-passione-italia-2\\\/#primaryimage\",\"url\":\"https:\\\/\\\/italcamara-es.com\\\/wp-content\\\/uploads\\\/2025\\\/03\\\/marchio-250-1.jpg\",\"contentUrl\":\"https:\\\/\\\/italcamara-es.com\\\/wp-content\\\/uploads\\\/2025\\\/03\\\/marchio-250-1.jpg\",\"width\":200,\"height\":133},{\"@type\":\"BreadcrumbList\",\"@id\":\"https:\\\/\\\/italcamara-es.com\\\/it\\\/notizie\\\/si-chiude-unedizione-storica-di-passione-italia-2\\\/#breadcrumb\",\"itemListElement\":[{\"@type\":\"ListItem\",\"position\":1,\"name\":\"Inicio\",\"item\":\"https:\\\/\\\/italcamara-es.com\\\/it\\\/homepage-ita\\\/\"},{\"@type\":\"ListItem\",\"position\":2,\"name\":\"Si chiude un&#8217;edizione storica di Passione Italia\"}]},{\"@type\":\"WebSite\",\"@id\":\"https:\\\/\\\/italcamara-es.com\\\/#website\",\"url\":\"https:\\\/\\\/italcamara-es.com\\\/\",\"name\":\"Italcamara\",\"description\":\"\",\"potentialAction\":[{\"@type\":\"SearchAction\",\"target\":{\"@type\":\"EntryPoint\",\"urlTemplate\":\"https:\\\/\\\/italcamara-es.com\\\/?s={search_term_string}\"},\"query-input\":{\"@type\":\"PropertyValueSpecification\",\"valueRequired\":true,\"valueName\":\"search_term_string\"}}],\"inLanguage\":\"it-IT\"},{\"@type\":\"Person\",\"@id\":\"https:\\\/\\\/italcamara-es.com\\\/#\\\/schema\\\/person\\\/bb3c56263e405bbd9a15171dcfee93bb\",\"name\":\"administrador\",\"image\":{\"@type\":\"ImageObject\",\"inLanguage\":\"it-IT\",\"@id\":\"https:\\\/\\\/secure.gravatar.com\\\/avatar\\\/14b5e63db38320b12031bb28cf9f77e210aa71fb3a8a3602a3c9a05134fa75eb?s=96&d=mm&r=g\",\"url\":\"https:\\\/\\\/secure.gravatar.com\\\/avatar\\\/14b5e63db38320b12031bb28cf9f77e210aa71fb3a8a3602a3c9a05134fa75eb?s=96&d=mm&r=g\",\"contentUrl\":\"https:\\\/\\\/secure.gravatar.com\\\/avatar\\\/14b5e63db38320b12031bb28cf9f77e210aa71fb3a8a3602a3c9a05134fa75eb?s=96&d=mm&r=g\",\"caption\":\"administrador\"},\"sameAs\":[\"http:\\\/\\\/pre.italcamara-es.com\"],\"url\":\"https:\\\/\\\/italcamara-es.com\\\/it\\\/author\\\/administrador\\\/\"}]}<\/script>\n<!-- \/ Yoast SEO plugin. -->","yoast_head_json":{"title":"Si chiude un'edizione storica di Passione Italia - Italcamara","robots":{"index":"index","follow":"follow","max-snippet":"max-snippet:-1","max-image-preview":"max-image-preview:large","max-video-preview":"max-video-preview:-1"},"canonical":"https:\/\/italcamara-es.com\/it\/notizie\/si-chiude-unedizione-storica-di-passione-italia-2\/","og_locale":"it_IT","og_type":"article","og_title":"Si chiude un'edizione storica di Passione Italia - Italcamara","og_description":"La grande risposta di pubblico, la qualit\u00e0 e variet\u00e0 dei prodotti esposti e le numerose iniziative organizzate hanno contribuito al successo di questa VIII edizione del grande evento di promozione del \u201cMade in Italy\u201d in \u00a0Spagna, che si \u00e8 svolto dal 2 al 5 giugno nel patio della Scuola Italiana di Madrid Passione Italia, organizzata [&hellip;]","og_url":"https:\/\/italcamara-es.com\/it\/notizie\/si-chiude-unedizione-storica-di-passione-italia-2\/","og_site_name":"Italcamara","article_published_time":"2016-06-06T05:32:04+00:00","og_image":[{"width":200,"height":133,"url":"https:\/\/italcamara-es.com\/wp-content\/uploads\/2025\/03\/marchio-250-1.jpg","type":"image\/jpeg"}],"author":"administrador","twitter_card":"summary_large_image","twitter_misc":{"Scritto da":"administrador","Tempo di lettura stimato":"2 minuti"},"schema":{"@context":"https:\/\/schema.org","@graph":[{"@type":"Article","@id":"https:\/\/italcamara-es.com\/it\/notizie\/si-chiude-unedizione-storica-di-passione-italia-2\/#article","isPartOf":{"@id":"https:\/\/italcamara-es.com\/it\/notizie\/si-chiude-unedizione-storica-di-passione-italia-2\/"},"author":{"name":"administrador","@id":"https:\/\/italcamara-es.com\/#\/schema\/person\/bb3c56263e405bbd9a15171dcfee93bb"},"headline":"Si chiude un&#8217;edizione storica di Passione Italia","datePublished":"2016-06-06T05:32:04+00:00","mainEntityOfPage":{"@id":"https:\/\/italcamara-es.com\/it\/notizie\/si-chiude-unedizione-storica-di-passione-italia-2\/"},"wordCount":511,"commentCount":0,"image":{"@id":"https:\/\/italcamara-es.com\/it\/notizie\/si-chiude-unedizione-storica-di-passione-italia-2\/#primaryimage"},"thumbnailUrl":"https:\/\/italcamara-es.com\/wp-content\/uploads\/2025\/03\/marchio-250-1.jpg","keywords":["Notizie di la CCIS"],"articleSection":["Notizie"],"inLanguage":"it-IT","potentialAction":[{"@type":"CommentAction","name":"Comment","target":["https:\/\/italcamara-es.com\/it\/notizie\/si-chiude-unedizione-storica-di-passione-italia-2\/#respond"]}]},{"@type":"WebPage","@id":"https:\/\/italcamara-es.com\/it\/notizie\/si-chiude-unedizione-storica-di-passione-italia-2\/","url":"https:\/\/italcamara-es.com\/it\/notizie\/si-chiude-unedizione-storica-di-passione-italia-2\/","name":"Si chiude un'edizione storica di Passione Italia - Italcamara","isPartOf":{"@id":"https:\/\/italcamara-es.com\/#website"},"primaryImageOfPage":{"@id":"https:\/\/italcamara-es.com\/it\/notizie\/si-chiude-unedizione-storica-di-passione-italia-2\/#primaryimage"},"image":{"@id":"https:\/\/italcamara-es.com\/it\/notizie\/si-chiude-unedizione-storica-di-passione-italia-2\/#primaryimage"},"thumbnailUrl":"https:\/\/italcamara-es.com\/wp-content\/uploads\/2025\/03\/marchio-250-1.jpg","datePublished":"2016-06-06T05:32:04+00:00","author":{"@id":"https:\/\/italcamara-es.com\/#\/schema\/person\/bb3c56263e405bbd9a15171dcfee93bb"},"breadcrumb":{"@id":"https:\/\/italcamara-es.com\/it\/notizie\/si-chiude-unedizione-storica-di-passione-italia-2\/#breadcrumb"},"inLanguage":"it-IT","potentialAction":[{"@type":"ReadAction","target":["https:\/\/italcamara-es.com\/it\/notizie\/si-chiude-unedizione-storica-di-passione-italia-2\/"]}]},{"@type":"ImageObject","inLanguage":"it-IT","@id":"https:\/\/italcamara-es.com\/it\/notizie\/si-chiude-unedizione-storica-di-passione-italia-2\/#primaryimage","url":"https:\/\/italcamara-es.com\/wp-content\/uploads\/2025\/03\/marchio-250-1.jpg","contentUrl":"https:\/\/italcamara-es.com\/wp-content\/uploads\/2025\/03\/marchio-250-1.jpg","width":200,"height":133},{"@type":"BreadcrumbList","@id":"https:\/\/italcamara-es.com\/it\/notizie\/si-chiude-unedizione-storica-di-passione-italia-2\/#breadcrumb","itemListElement":[{"@type":"ListItem","position":1,"name":"Inicio","item":"https:\/\/italcamara-es.com\/it\/homepage-ita\/"},{"@type":"ListItem","position":2,"name":"Si chiude un&#8217;edizione storica di Passione Italia"}]},{"@type":"WebSite","@id":"https:\/\/italcamara-es.com\/#website","url":"https:\/\/italcamara-es.com\/","name":"Italcamara","description":"","potentialAction":[{"@type":"SearchAction","target":{"@type":"EntryPoint","urlTemplate":"https:\/\/italcamara-es.com\/?s={search_term_string}"},"query-input":{"@type":"PropertyValueSpecification","valueRequired":true,"valueName":"search_term_string"}}],"inLanguage":"it-IT"},{"@type":"Person","@id":"https:\/\/italcamara-es.com\/#\/schema\/person\/bb3c56263e405bbd9a15171dcfee93bb","name":"administrador","image":{"@type":"ImageObject","inLanguage":"it-IT","@id":"https:\/\/secure.gravatar.com\/avatar\/14b5e63db38320b12031bb28cf9f77e210aa71fb3a8a3602a3c9a05134fa75eb?s=96&d=mm&r=g","url":"https:\/\/secure.gravatar.com\/avatar\/14b5e63db38320b12031bb28cf9f77e210aa71fb3a8a3602a3c9a05134fa75eb?s=96&d=mm&r=g","contentUrl":"https:\/\/secure.gravatar.com\/avatar\/14b5e63db38320b12031bb28cf9f77e210aa71fb3a8a3602a3c9a05134fa75eb?s=96&d=mm&r=g","caption":"administrador"},"sameAs":["http:\/\/pre.italcamara-es.com"],"url":"https:\/\/italcamara-es.com\/it\/author\/administrador\/"}]}},"rttpg_featured_image_url":{"full":["https:\/\/italcamara-es.com\/wp-content\/uploads\/2025\/03\/marchio-250-1.jpg",200,133,false],"landscape":["https:\/\/italcamara-es.com\/wp-content\/uploads\/2025\/03\/marchio-250-1.jpg",200,133,false],"portraits":["https:\/\/italcamara-es.com\/wp-content\/uploads\/2025\/03\/marchio-250-1.jpg",200,133,false],"thumbnail":["https:\/\/italcamara-es.com\/wp-content\/uploads\/2025\/03\/marchio-250-1-150x133.jpg",150,133,true],"medium":["https:\/\/italcamara-es.com\/wp-content\/uploads\/2025\/03\/marchio-250-1.jpg",200,133,false],"large":["https:\/\/italcamara-es.com\/wp-content\/uploads\/2025\/03\/marchio-250-1.jpg",200,133,false],"1536x1536":["https:\/\/italcamara-es.com\/wp-content\/uploads\/2025\/03\/marchio-250-1.jpg",200,133,false],"2048x2048":["https:\/\/italcamara-es.com\/wp-content\/uploads\/2025\/03\/marchio-250-1.jpg",200,133,false],"ocean-thumb-m":["https:\/\/italcamara-es.com\/wp-content\/uploads\/2025\/03\/marchio-250-1.jpg",200,133,false],"ocean-thumb-ml":["https:\/\/italcamara-es.com\/wp-content\/uploads\/2025\/03\/marchio-250-1.jpg",200,133,false],"ocean-thumb-l":["https:\/\/italcamara-es.com\/wp-content\/uploads\/2025\/03\/marchio-250-1.jpg",200,133,false],"directorist_preview":["https:\/\/italcamara-es.com\/wp-content\/uploads\/2025\/03\/marchio-250-1.jpg",200,133,false]},"rttpg_author":{"display_name":"administrador","author_link":"https:\/\/italcamara-es.com\/it\/author\/administrador\/"},"rttpg_comment":0,"rttpg_category":"<a href=\"https:\/\/italcamara-es.com\/it\/category\/notizie\/\" rel=\"category tag\">Notizie<\/a>","rttpg_excerpt":"La grande risposta di pubblico, la qualit\u00e0 e variet\u00e0 dei prodotti esposti e le numerose iniziative organizzate hanno contribuito al successo di questa VIII edizione del grande evento di promozione del \u201cMade in Italy\u201d in \u00a0Spagna, che si \u00e8 svolto dal 2 al 5 giugno nel patio della Scuola Italiana di Madrid Passione Italia, organizzata&hellip;","_links":{"self":[{"href":"https:\/\/italcamara-es.com\/it\/wp-json\/wp\/v2\/posts\/55802","targetHints":{"allow":["GET"]}}],"collection":[{"href":"https:\/\/italcamara-es.com\/it\/wp-json\/wp\/v2\/posts"}],"about":[{"href":"https:\/\/italcamara-es.com\/it\/wp-json\/wp\/v2\/types\/post"}],"author":[{"embeddable":true,"href":"https:\/\/italcamara-es.com\/it\/wp-json\/wp\/v2\/users\/1"}],"replies":[{"embeddable":true,"href":"https:\/\/italcamara-es.com\/it\/wp-json\/wp\/v2\/comments?post=55802"}],"version-history":[{"count":0,"href":"https:\/\/italcamara-es.com\/it\/wp-json\/wp\/v2\/posts\/55802\/revisions"}],"wp:featuredmedia":[{"embeddable":true,"href":"https:\/\/italcamara-es.com\/it\/wp-json\/wp\/v2\/media\/54208"}],"wp:attachment":[{"href":"https:\/\/italcamara-es.com\/it\/wp-json\/wp\/v2\/media?parent=55802"}],"wp:term":[{"taxonomy":"category","embeddable":true,"href":"https:\/\/italcamara-es.com\/it\/wp-json\/wp\/v2\/categories?post=55802"},{"taxonomy":"post_tag","embeddable":true,"href":"https:\/\/italcamara-es.com\/it\/wp-json\/wp\/v2\/tags?post=55802"}],"curies":[{"name":"wp","href":"https:\/\/api.w.org\/{rel}","templated":true}]}}