	{"id":55806,"date":"2016-04-14T08:06:38","date_gmt":"2016-04-14T06:06:38","guid":{"rendered":"http:\/\/pre.italcamara-es.com\/senza-categoria\/imprenditori-italiani-esplorano-opportunita-commerciali-a-tenerife\/"},"modified":"2016-04-14T08:06:38","modified_gmt":"2016-04-14T06:06:38","slug":"imprenditori-italiani-esplorano-opportunita-commerciali-a-tenerife","status":"publish","type":"post","link":"https:\/\/italcamara-es.com\/it\/notizie\/imprenditori-italiani-esplorano-opportunita-commerciali-a-tenerife\/","title":{"rendered":"Imprenditori italiani esplorano opportunit\u00e1 commerciali a Tenerife"},"content":{"rendered":"<p style=\"text-align: justify;\"><em>Si tratta della prima missione organizzata dalla Camera di Commercio e Industria Italiana per la Spagna nell\u2019ambito dell\u2019accordo di collaborazione con la Camera di Commercio di Tenerife e le principali istituzioni locali, che \u00e8 stato formalizzato lo scorso Novembre.<\/em><\/p>\n<p style=\"text-align: justify;\"><em>\u00a0<\/em><\/p>\n<p style=\"text-align: justify;\">Nei giorni 12 e 13 Aprile, i rappresentanti di 25 imprese italiane hanno partecipato alla missione commerciale a Tenerife organizzata dalla Camera di Commercio e Industria Italiana per la Spagna \u2013 CCIS \u2013 tramite la sua delegazione nelle Canarie, in collaborazione con la Camera di Commercio di Santa Cruz de Tenerife, la Camera di Commercio di Treviso e Why Tenerife.<\/p>\n<p style=\"text-align: justify;\">La missione ha fato seguito all&#8217;<span style=\"color: #333399;\"><strong><span style=\"text-decoration: underline;\"><a href=\"https:\/\/www.italcamara-es.com\/it\/presentazione-a-treviso-del-mercato-spagnolo-e-della-piattaforma-logistica-delle-canarie-2\/\" target=\"_blank\" rel=\"noopener\">incontro organizzato presso la sede della CCIAA di Treviso<\/a><\/span><\/strong><\/span>, lo scorso 2 febbraio, per la presentazione delle opportunit\u00e0 offerte dal mercato spagnolo per le imprese della provincia italiana.<\/p>\n<p style=\"text-align: justify;\">Gli imprenditori italiani hanno realizzato degli incontri di lavoro con i rappresentanti delle principali istituzioni ed associazioni imprenditoriali della citt\u00e0 canaria per conoscere le opportunit\u00e0 commerciali che offre l\u2019Isola e dalla sua ubicazione strategica che la rende un centro nevralgico di connesione tra Africa, Europa e America.<\/p>\n<p style=\"text-align: justify;\"><a href=\"https:\/\/www.italcamara-es.com\/wp-content\/uploads\/2016\/09\/foto1-gli-imprenditori-italiani-partecipanti-alla-missione1.gif\"><img fetchpriority=\"high\" decoding=\"async\" class=\" size-full wp-image-4898 aligncenter\" src=\"https:\/\/www.italcamara-es.com\/wp-content\/uploads\/2016\/09\/foto1-gli-imprenditori-italiani-partecipanti-alla-missione1.gif\" alt=\"foto1-gli-imprenditori-italiani-partecipanti-alla-missione\" width=\"700\" height=\"394\" \/><\/a><\/p>\n<p style=\"text-align: justify;\">In particolare, in data 12 Aprile, il gruppo proveniente dall\u2019Italia, accompagnato dal delegato della CCIS nelle Canarie, Silvio Pelizzolo, si \u00e8 riunito con il ministro di Acci\u00f3n Exterior del Cabildo de Tenerife (Governo regionale), Carmen Delia Herrera, il presidente della Camera di Commercio di Santa Cruz di Tenerife, Jos\u00e9 Luis Garc\u00eda, la direttrice dell\u2019Agenzia di Santa Cruz de Tenerife della Zona Especial Canaria (ZEC), Olga Mart\u00edn, la direttrice di Promozione Economica del Turismo di Tenerife, Stephanie Wear, il direttore del dipartimento commerciale dell\u2019Autorit\u00e0 Portuale, Airam D\u00edaz, la direttrice della divisione di Investimenti della Sociedad de Fomento Econ\u00f3mico (PROEXCA), Carmen Sosa e i rappresentanti della Fondaci\u00f3n Universidad Empresa dell\u2019Universit\u00e0 de La Laguna.<\/p>\n<p style=\"text-align: justify;\">Il giorno successivo, gli imprenditori italiani hanno visitato le infrastrutture portuali e tecnologiche, e le installazioni strategiche ed innovatrici dell\u2019Isola. In concreto, si sono spostati tra il Parco Scientifico e Tecnologico di Tenerife, il Poligono Industriale di G\u00fc\u00edmar y de Granadilla, le installazioni dell\u2019ITER, NAP, il Supercomputer Teide HPC e il Porto di Santa Cruz di Tenerife, dove hanno avuto la possibilit\u00e0 di entrare in contatto con le imprese locali operanti in settori come il turismo, la promozione immobiliare, le energie rinnovabili, la formazione tecnologica, i servizi di assistenza e fabbricazione di prodotti e il design, per citarne alcuni.<\/p>\n<p style=\"text-align: justify;\"><a href=\"https:\/\/www.italcamara-es.com\/wp-content\/uploads\/2016\/09\/foto2-incontro-presso-la-Camera-di-Commercio-di-Tenerife1.gif\"><img decoding=\"async\" class=\" size-full wp-image-4897 aligncenter\" src=\"https:\/\/www.italcamara-es.com\/wp-content\/uploads\/2016\/09\/foto2-incontro-presso-la-Camera-di-Commercio-di-Tenerife1.gif\" alt=\"foto2-incontro-presso-la-camera-di-commercio-di-tenerife\" width=\"700\" height=\"394\" \/><\/a><\/p>\n<p style=\"text-align: justify;\">Si tratta della prima missione organizzata dalla CCIS nell\u2019ambito dell\u2019accordo di collaborazione firmato lo scorso 9 Novembre con la Camera di Commercio di Santa Cruz de Tenerife, per la promozione di relazioni commerciali ed economiche tra imprenditori italiani e canari.<\/p>\n","protected":false},"excerpt":{"rendered":"<p>Si tratta della prima missione organizzata dalla Camera di Commercio e Industria Italiana per la Spagna nell\u2019ambito dell\u2019accordo di collaborazione con la Camera di Commercio di Tenerife e le principali istituzioni locali, che \u00e8 stato formalizzato lo scorso Novembre. \u00a0 Nei giorni 12 e 13 Aprile, i rappresentanti di 25 imprese italiane hanno partecipato alla [&hellip;]<\/p>\n","protected":false},"author":1,"featured_media":55807,"comment_status":"open","ping_status":"open","sticky":false,"template":"","format":"standard","meta":{"inline_featured_image":false,"ocean_post_layout":"","ocean_both_sidebars_style":"","ocean_both_sidebars_content_width":0,"ocean_both_sidebars_sidebars_width":0,"ocean_sidebar":"","ocean_second_sidebar":"","ocean_disable_margins":"enable","ocean_add_body_class":"","ocean_shortcode_before_top_bar":"","ocean_shortcode_after_top_bar":"","ocean_shortcode_before_header":"","ocean_shortcode_after_header":"","ocean_has_shortcode":"","ocean_shortcode_after_title":"","ocean_shortcode_before_footer_widgets":"","ocean_shortcode_after_footer_widgets":"","ocean_shortcode_before_footer_bottom":"","ocean_shortcode_after_footer_bottom":"","ocean_display_top_bar":"default","ocean_display_header":"default","ocean_header_style":"","ocean_center_header_left_menu":"","ocean_custom_header_template":"","ocean_custom_logo":0,"ocean_custom_retina_logo":0,"ocean_custom_logo_max_width":0,"ocean_custom_logo_tablet_max_width":0,"ocean_custom_logo_mobile_max_width":0,"ocean_custom_logo_max_height":0,"ocean_custom_logo_tablet_max_height":0,"ocean_custom_logo_mobile_max_height":0,"ocean_header_custom_menu":"","ocean_menu_typo_font_family":"","ocean_menu_typo_font_subset":"","ocean_menu_typo_font_size":0,"ocean_menu_typo_font_size_tablet":0,"ocean_menu_typo_font_size_mobile":0,"ocean_menu_typo_font_size_unit":"px","ocean_menu_typo_font_weight":"","ocean_menu_typo_font_weight_tablet":"","ocean_menu_typo_font_weight_mobile":"","ocean_menu_typo_transform":"","ocean_menu_typo_transform_tablet":"","ocean_menu_typo_transform_mobile":"","ocean_menu_typo_line_height":0,"ocean_menu_typo_line_height_tablet":0,"ocean_menu_typo_line_height_mobile":0,"ocean_menu_typo_line_height_unit":"","ocean_menu_typo_spacing":0,"ocean_menu_typo_spacing_tablet":0,"ocean_menu_typo_spacing_mobile":0,"ocean_menu_typo_spacing_unit":"","ocean_menu_link_color":"","ocean_menu_link_color_hover":"","ocean_menu_link_color_active":"","ocean_menu_link_background":"","ocean_menu_link_hover_background":"","ocean_menu_link_active_background":"","ocean_menu_social_links_bg":"","ocean_menu_social_hover_links_bg":"","ocean_menu_social_links_color":"","ocean_menu_social_hover_links_color":"","ocean_disable_title":"default","ocean_disable_heading":"default","ocean_post_title":"","ocean_post_subheading":"","ocean_post_title_style":"","ocean_post_title_background_color":"","ocean_post_title_background":0,"ocean_post_title_bg_image_position":"","ocean_post_title_bg_image_attachment":"","ocean_post_title_bg_image_repeat":"","ocean_post_title_bg_image_size":"","ocean_post_title_height":0,"ocean_post_title_bg_overlay":0.5,"ocean_post_title_bg_overlay_color":"","ocean_disable_breadcrumbs":"default","ocean_breadcrumbs_color":"","ocean_breadcrumbs_separator_color":"","ocean_breadcrumbs_links_color":"","ocean_breadcrumbs_links_hover_color":"","ocean_display_footer_widgets":"default","ocean_display_footer_bottom":"default","ocean_custom_footer_template":"","ocean_post_oembed":"","ocean_post_self_hosted_media":"","ocean_post_video_embed":"","ocean_link_format":"","ocean_link_format_target":"self","ocean_quote_format":"","ocean_quote_format_link":"post","ocean_gallery_link_images":"on","ocean_gallery_id":[],"footnotes":""},"categories":[133],"tags":[139],"class_list":["post-55806","post","type-post","status-publish","format-standard","has-post-thumbnail","hentry","category-notizie","tag-notizie-di-la-ccis","entry","has-media"],"yoast_head":"<!-- This site is optimized with the Yoast SEO plugin v27.4 - https:\/\/yoast.com\/product\/yoast-seo-wordpress\/ -->\n<title>Imprenditori italiani esplorano opportunit\u00e1 commerciali a Tenerife - Italcamara<\/title>\n<meta name=\"robots\" content=\"index, follow, max-snippet:-1, max-image-preview:large, max-video-preview:-1\" \/>\n<link rel=\"canonical\" href=\"https:\/\/italcamara-es.com\/it\/notizie\/imprenditori-italiani-esplorano-opportunita-commerciali-a-tenerife\/\" \/>\n<meta property=\"og:locale\" content=\"it_IT\" \/>\n<meta property=\"og:type\" content=\"article\" \/>\n<meta property=\"og:title\" content=\"Imprenditori italiani esplorano opportunit\u00e1 commerciali a Tenerife - Italcamara\" \/>\n<meta property=\"og:description\" content=\"Si tratta della prima missione organizzata dalla Camera di Commercio e Industria Italiana per la Spagna nell\u2019ambito dell\u2019accordo di collaborazione con la Camera di Commercio di Tenerife e le principali istituzioni locali, che \u00e8 stato formalizzato lo scorso Novembre. \u00a0 Nei giorni 12 e 13 Aprile, i rappresentanti di 25 imprese italiane hanno partecipato alla [&hellip;]\" \/>\n<meta property=\"og:url\" content=\"https:\/\/italcamara-es.com\/it\/notizie\/imprenditori-italiani-esplorano-opportunita-commerciali-a-tenerife\/\" \/>\n<meta property=\"og:site_name\" content=\"Italcamara\" \/>\n<meta property=\"article:published_time\" content=\"2016-04-14T06:06:38+00:00\" \/>\n<meta property=\"og:image\" content=\"https:\/\/italcamara-es.com\/wp-content\/uploads\/2025\/03\/puerto-santa-cruz-tenerife-250.jpg\" \/>\n\t<meta property=\"og:image:width\" content=\"250\" \/>\n\t<meta property=\"og:image:height\" content=\"158\" \/>\n\t<meta property=\"og:image:type\" content=\"image\/jpeg\" \/>\n<meta name=\"author\" content=\"administrador\" \/>\n<meta name=\"twitter:card\" content=\"summary_large_image\" \/>\n<meta name=\"twitter:label1\" content=\"Scritto da\" \/>\n\t<meta name=\"twitter:data1\" content=\"administrador\" \/>\n\t<meta name=\"twitter:label2\" content=\"Tempo di lettura stimato\" \/>\n\t<meta name=\"twitter:data2\" content=\"2 minuti\" \/>\n<script type=\"application\/ld+json\" class=\"yoast-schema-graph\">{\"@context\":\"https:\\\/\\\/schema.org\",\"@graph\":[{\"@type\":\"Article\",\"@id\":\"https:\\\/\\\/italcamara-es.com\\\/it\\\/notizie\\\/imprenditori-italiani-esplorano-opportunita-commerciali-a-tenerife\\\/#article\",\"isPartOf\":{\"@id\":\"https:\\\/\\\/italcamara-es.com\\\/it\\\/notizie\\\/imprenditori-italiani-esplorano-opportunita-commerciali-a-tenerife\\\/\"},\"author\":{\"name\":\"administrador\",\"@id\":\"https:\\\/\\\/italcamara-es.com\\\/#\\\/schema\\\/person\\\/bb3c56263e405bbd9a15171dcfee93bb\"},\"headline\":\"Imprenditori italiani esplorano opportunit\u00e1 commerciali a Tenerife\",\"datePublished\":\"2016-04-14T06:06:38+00:00\",\"mainEntityOfPage\":{\"@id\":\"https:\\\/\\\/italcamara-es.com\\\/it\\\/notizie\\\/imprenditori-italiani-esplorano-opportunita-commerciali-a-tenerife\\\/\"},\"wordCount\":445,\"commentCount\":0,\"image\":{\"@id\":\"https:\\\/\\\/italcamara-es.com\\\/it\\\/notizie\\\/imprenditori-italiani-esplorano-opportunita-commerciali-a-tenerife\\\/#primaryimage\"},\"thumbnailUrl\":\"https:\\\/\\\/italcamara-es.com\\\/wp-content\\\/uploads\\\/2025\\\/03\\\/puerto-santa-cruz-tenerife-250.jpg\",\"keywords\":[\"Notizie di la CCIS\"],\"articleSection\":[\"Notizie\"],\"inLanguage\":\"it-IT\",\"potentialAction\":[{\"@type\":\"CommentAction\",\"name\":\"Comment\",\"target\":[\"https:\\\/\\\/italcamara-es.com\\\/it\\\/notizie\\\/imprenditori-italiani-esplorano-opportunita-commerciali-a-tenerife\\\/#respond\"]}]},{\"@type\":\"WebPage\",\"@id\":\"https:\\\/\\\/italcamara-es.com\\\/it\\\/notizie\\\/imprenditori-italiani-esplorano-opportunita-commerciali-a-tenerife\\\/\",\"url\":\"https:\\\/\\\/italcamara-es.com\\\/it\\\/notizie\\\/imprenditori-italiani-esplorano-opportunita-commerciali-a-tenerife\\\/\",\"name\":\"Imprenditori italiani esplorano opportunit\u00e1 commerciali a Tenerife - Italcamara\",\"isPartOf\":{\"@id\":\"https:\\\/\\\/italcamara-es.com\\\/#website\"},\"primaryImageOfPage\":{\"@id\":\"https:\\\/\\\/italcamara-es.com\\\/it\\\/notizie\\\/imprenditori-italiani-esplorano-opportunita-commerciali-a-tenerife\\\/#primaryimage\"},\"image\":{\"@id\":\"https:\\\/\\\/italcamara-es.com\\\/it\\\/notizie\\\/imprenditori-italiani-esplorano-opportunita-commerciali-a-tenerife\\\/#primaryimage\"},\"thumbnailUrl\":\"https:\\\/\\\/italcamara-es.com\\\/wp-content\\\/uploads\\\/2025\\\/03\\\/puerto-santa-cruz-tenerife-250.jpg\",\"datePublished\":\"2016-04-14T06:06:38+00:00\",\"author\":{\"@id\":\"https:\\\/\\\/italcamara-es.com\\\/#\\\/schema\\\/person\\\/bb3c56263e405bbd9a15171dcfee93bb\"},\"breadcrumb\":{\"@id\":\"https:\\\/\\\/italcamara-es.com\\\/it\\\/notizie\\\/imprenditori-italiani-esplorano-opportunita-commerciali-a-tenerife\\\/#breadcrumb\"},\"inLanguage\":\"it-IT\",\"potentialAction\":[{\"@type\":\"ReadAction\",\"target\":[\"https:\\\/\\\/italcamara-es.com\\\/it\\\/notizie\\\/imprenditori-italiani-esplorano-opportunita-commerciali-a-tenerife\\\/\"]}]},{\"@type\":\"ImageObject\",\"inLanguage\":\"it-IT\",\"@id\":\"https:\\\/\\\/italcamara-es.com\\\/it\\\/notizie\\\/imprenditori-italiani-esplorano-opportunita-commerciali-a-tenerife\\\/#primaryimage\",\"url\":\"https:\\\/\\\/italcamara-es.com\\\/wp-content\\\/uploads\\\/2025\\\/03\\\/puerto-santa-cruz-tenerife-250.jpg\",\"contentUrl\":\"https:\\\/\\\/italcamara-es.com\\\/wp-content\\\/uploads\\\/2025\\\/03\\\/puerto-santa-cruz-tenerife-250.jpg\",\"width\":250,\"height\":158},{\"@type\":\"BreadcrumbList\",\"@id\":\"https:\\\/\\\/italcamara-es.com\\\/it\\\/notizie\\\/imprenditori-italiani-esplorano-opportunita-commerciali-a-tenerife\\\/#breadcrumb\",\"itemListElement\":[{\"@type\":\"ListItem\",\"position\":1,\"name\":\"Inicio\",\"item\":\"https:\\\/\\\/italcamara-es.com\\\/it\\\/homepage-ita\\\/\"},{\"@type\":\"ListItem\",\"position\":2,\"name\":\"Imprenditori italiani esplorano opportunit\u00e1 commerciali a Tenerife\"}]},{\"@type\":\"WebSite\",\"@id\":\"https:\\\/\\\/italcamara-es.com\\\/#website\",\"url\":\"https:\\\/\\\/italcamara-es.com\\\/\",\"name\":\"Italcamara\",\"description\":\"\",\"potentialAction\":[{\"@type\":\"SearchAction\",\"target\":{\"@type\":\"EntryPoint\",\"urlTemplate\":\"https:\\\/\\\/italcamara-es.com\\\/?s={search_term_string}\"},\"query-input\":{\"@type\":\"PropertyValueSpecification\",\"valueRequired\":true,\"valueName\":\"search_term_string\"}}],\"inLanguage\":\"it-IT\"},{\"@type\":\"Person\",\"@id\":\"https:\\\/\\\/italcamara-es.com\\\/#\\\/schema\\\/person\\\/bb3c56263e405bbd9a15171dcfee93bb\",\"name\":\"administrador\",\"image\":{\"@type\":\"ImageObject\",\"inLanguage\":\"it-IT\",\"@id\":\"https:\\\/\\\/secure.gravatar.com\\\/avatar\\\/14b5e63db38320b12031bb28cf9f77e210aa71fb3a8a3602a3c9a05134fa75eb?s=96&d=mm&r=g\",\"url\":\"https:\\\/\\\/secure.gravatar.com\\\/avatar\\\/14b5e63db38320b12031bb28cf9f77e210aa71fb3a8a3602a3c9a05134fa75eb?s=96&d=mm&r=g\",\"contentUrl\":\"https:\\\/\\\/secure.gravatar.com\\\/avatar\\\/14b5e63db38320b12031bb28cf9f77e210aa71fb3a8a3602a3c9a05134fa75eb?s=96&d=mm&r=g\",\"caption\":\"administrador\"},\"sameAs\":[\"http:\\\/\\\/pre.italcamara-es.com\"],\"url\":\"https:\\\/\\\/italcamara-es.com\\\/it\\\/author\\\/administrador\\\/\"}]}<\/script>\n<!-- \/ Yoast SEO plugin. -->","yoast_head_json":{"title":"Imprenditori italiani esplorano opportunit\u00e1 commerciali a Tenerife - Italcamara","robots":{"index":"index","follow":"follow","max-snippet":"max-snippet:-1","max-image-preview":"max-image-preview:large","max-video-preview":"max-video-preview:-1"},"canonical":"https:\/\/italcamara-es.com\/it\/notizie\/imprenditori-italiani-esplorano-opportunita-commerciali-a-tenerife\/","og_locale":"it_IT","og_type":"article","og_title":"Imprenditori italiani esplorano opportunit\u00e1 commerciali a Tenerife - Italcamara","og_description":"Si tratta della prima missione organizzata dalla Camera di Commercio e Industria Italiana per la Spagna nell\u2019ambito dell\u2019accordo di collaborazione con la Camera di Commercio di Tenerife e le principali istituzioni locali, che \u00e8 stato formalizzato lo scorso Novembre. \u00a0 Nei giorni 12 e 13 Aprile, i rappresentanti di 25 imprese italiane hanno partecipato alla [&hellip;]","og_url":"https:\/\/italcamara-es.com\/it\/notizie\/imprenditori-italiani-esplorano-opportunita-commerciali-a-tenerife\/","og_site_name":"Italcamara","article_published_time":"2016-04-14T06:06:38+00:00","og_image":[{"width":250,"height":158,"url":"https:\/\/italcamara-es.com\/wp-content\/uploads\/2025\/03\/puerto-santa-cruz-tenerife-250.jpg","type":"image\/jpeg"}],"author":"administrador","twitter_card":"summary_large_image","twitter_misc":{"Scritto da":"administrador","Tempo di lettura stimato":"2 minuti"},"schema":{"@context":"https:\/\/schema.org","@graph":[{"@type":"Article","@id":"https:\/\/italcamara-es.com\/it\/notizie\/imprenditori-italiani-esplorano-opportunita-commerciali-a-tenerife\/#article","isPartOf":{"@id":"https:\/\/italcamara-es.com\/it\/notizie\/imprenditori-italiani-esplorano-opportunita-commerciali-a-tenerife\/"},"author":{"name":"administrador","@id":"https:\/\/italcamara-es.com\/#\/schema\/person\/bb3c56263e405bbd9a15171dcfee93bb"},"headline":"Imprenditori italiani esplorano opportunit\u00e1 commerciali a Tenerife","datePublished":"2016-04-14T06:06:38+00:00","mainEntityOfPage":{"@id":"https:\/\/italcamara-es.com\/it\/notizie\/imprenditori-italiani-esplorano-opportunita-commerciali-a-tenerife\/"},"wordCount":445,"commentCount":0,"image":{"@id":"https:\/\/italcamara-es.com\/it\/notizie\/imprenditori-italiani-esplorano-opportunita-commerciali-a-tenerife\/#primaryimage"},"thumbnailUrl":"https:\/\/italcamara-es.com\/wp-content\/uploads\/2025\/03\/puerto-santa-cruz-tenerife-250.jpg","keywords":["Notizie di la CCIS"],"articleSection":["Notizie"],"inLanguage":"it-IT","potentialAction":[{"@type":"CommentAction","name":"Comment","target":["https:\/\/italcamara-es.com\/it\/notizie\/imprenditori-italiani-esplorano-opportunita-commerciali-a-tenerife\/#respond"]}]},{"@type":"WebPage","@id":"https:\/\/italcamara-es.com\/it\/notizie\/imprenditori-italiani-esplorano-opportunita-commerciali-a-tenerife\/","url":"https:\/\/italcamara-es.com\/it\/notizie\/imprenditori-italiani-esplorano-opportunita-commerciali-a-tenerife\/","name":"Imprenditori italiani esplorano opportunit\u00e1 commerciali a Tenerife - Italcamara","isPartOf":{"@id":"https:\/\/italcamara-es.com\/#website"},"primaryImageOfPage":{"@id":"https:\/\/italcamara-es.com\/it\/notizie\/imprenditori-italiani-esplorano-opportunita-commerciali-a-tenerife\/#primaryimage"},"image":{"@id":"https:\/\/italcamara-es.com\/it\/notizie\/imprenditori-italiani-esplorano-opportunita-commerciali-a-tenerife\/#primaryimage"},"thumbnailUrl":"https:\/\/italcamara-es.com\/wp-content\/uploads\/2025\/03\/puerto-santa-cruz-tenerife-250.jpg","datePublished":"2016-04-14T06:06:38+00:00","author":{"@id":"https:\/\/italcamara-es.com\/#\/schema\/person\/bb3c56263e405bbd9a15171dcfee93bb"},"breadcrumb":{"@id":"https:\/\/italcamara-es.com\/it\/notizie\/imprenditori-italiani-esplorano-opportunita-commerciali-a-tenerife\/#breadcrumb"},"inLanguage":"it-IT","potentialAction":[{"@type":"ReadAction","target":["https:\/\/italcamara-es.com\/it\/notizie\/imprenditori-italiani-esplorano-opportunita-commerciali-a-tenerife\/"]}]},{"@type":"ImageObject","inLanguage":"it-IT","@id":"https:\/\/italcamara-es.com\/it\/notizie\/imprenditori-italiani-esplorano-opportunita-commerciali-a-tenerife\/#primaryimage","url":"https:\/\/italcamara-es.com\/wp-content\/uploads\/2025\/03\/puerto-santa-cruz-tenerife-250.jpg","contentUrl":"https:\/\/italcamara-es.com\/wp-content\/uploads\/2025\/03\/puerto-santa-cruz-tenerife-250.jpg","width":250,"height":158},{"@type":"BreadcrumbList","@id":"https:\/\/italcamara-es.com\/it\/notizie\/imprenditori-italiani-esplorano-opportunita-commerciali-a-tenerife\/#breadcrumb","itemListElement":[{"@type":"ListItem","position":1,"name":"Inicio","item":"https:\/\/italcamara-es.com\/it\/homepage-ita\/"},{"@type":"ListItem","position":2,"name":"Imprenditori italiani esplorano opportunit\u00e1 commerciali a Tenerife"}]},{"@type":"WebSite","@id":"https:\/\/italcamara-es.com\/#website","url":"https:\/\/italcamara-es.com\/","name":"Italcamara","description":"","potentialAction":[{"@type":"SearchAction","target":{"@type":"EntryPoint","urlTemplate":"https:\/\/italcamara-es.com\/?s={search_term_string}"},"query-input":{"@type":"PropertyValueSpecification","valueRequired":true,"valueName":"search_term_string"}}],"inLanguage":"it-IT"},{"@type":"Person","@id":"https:\/\/italcamara-es.com\/#\/schema\/person\/bb3c56263e405bbd9a15171dcfee93bb","name":"administrador","image":{"@type":"ImageObject","inLanguage":"it-IT","@id":"https:\/\/secure.gravatar.com\/avatar\/14b5e63db38320b12031bb28cf9f77e210aa71fb3a8a3602a3c9a05134fa75eb?s=96&d=mm&r=g","url":"https:\/\/secure.gravatar.com\/avatar\/14b5e63db38320b12031bb28cf9f77e210aa71fb3a8a3602a3c9a05134fa75eb?s=96&d=mm&r=g","contentUrl":"https:\/\/secure.gravatar.com\/avatar\/14b5e63db38320b12031bb28cf9f77e210aa71fb3a8a3602a3c9a05134fa75eb?s=96&d=mm&r=g","caption":"administrador"},"sameAs":["http:\/\/pre.italcamara-es.com"],"url":"https:\/\/italcamara-es.com\/it\/author\/administrador\/"}]}},"rttpg_featured_image_url":{"full":["https:\/\/italcamara-es.com\/wp-content\/uploads\/2025\/03\/puerto-santa-cruz-tenerife-250.jpg",250,158,false],"landscape":["https:\/\/italcamara-es.com\/wp-content\/uploads\/2025\/03\/puerto-santa-cruz-tenerife-250.jpg",250,158,false],"portraits":["https:\/\/italcamara-es.com\/wp-content\/uploads\/2025\/03\/puerto-santa-cruz-tenerife-250.jpg",250,158,false],"thumbnail":["https:\/\/italcamara-es.com\/wp-content\/uploads\/2025\/03\/puerto-santa-cruz-tenerife-250-150x150.jpg",150,150,true],"medium":["https:\/\/italcamara-es.com\/wp-content\/uploads\/2025\/03\/puerto-santa-cruz-tenerife-250.jpg",250,158,false],"large":["https:\/\/italcamara-es.com\/wp-content\/uploads\/2025\/03\/puerto-santa-cruz-tenerife-250.jpg",250,158,false],"1536x1536":["https:\/\/italcamara-es.com\/wp-content\/uploads\/2025\/03\/puerto-santa-cruz-tenerife-250.jpg",250,158,false],"2048x2048":["https:\/\/italcamara-es.com\/wp-content\/uploads\/2025\/03\/puerto-santa-cruz-tenerife-250.jpg",250,158,false],"ocean-thumb-m":["https:\/\/italcamara-es.com\/wp-content\/uploads\/2025\/03\/puerto-santa-cruz-tenerife-250.jpg",250,158,false],"ocean-thumb-ml":["https:\/\/italcamara-es.com\/wp-content\/uploads\/2025\/03\/puerto-santa-cruz-tenerife-250.jpg",250,158,false],"ocean-thumb-l":["https:\/\/italcamara-es.com\/wp-content\/uploads\/2025\/03\/puerto-santa-cruz-tenerife-250.jpg",250,158,false],"directorist_preview":["https:\/\/italcamara-es.com\/wp-content\/uploads\/2025\/03\/puerto-santa-cruz-tenerife-250.jpg",250,158,false]},"rttpg_author":{"display_name":"administrador","author_link":"https:\/\/italcamara-es.com\/it\/author\/administrador\/"},"rttpg_comment":0,"rttpg_category":"<a href=\"https:\/\/italcamara-es.com\/it\/category\/notizie\/\" rel=\"category tag\">Notizie<\/a>","rttpg_excerpt":"Si tratta della prima missione organizzata dalla Camera di Commercio e Industria Italiana per la Spagna nell\u2019ambito dell\u2019accordo di collaborazione con la Camera di Commercio di Tenerife e le principali istituzioni locali, che \u00e8 stato formalizzato lo scorso Novembre. \u00a0 Nei giorni 12 e 13 Aprile, i rappresentanti di 25 imprese italiane hanno partecipato alla&hellip;","_links":{"self":[{"href":"https:\/\/italcamara-es.com\/it\/wp-json\/wp\/v2\/posts\/55806","targetHints":{"allow":["GET"]}}],"collection":[{"href":"https:\/\/italcamara-es.com\/it\/wp-json\/wp\/v2\/posts"}],"about":[{"href":"https:\/\/italcamara-es.com\/it\/wp-json\/wp\/v2\/types\/post"}],"author":[{"embeddable":true,"href":"https:\/\/italcamara-es.com\/it\/wp-json\/wp\/v2\/users\/1"}],"replies":[{"embeddable":true,"href":"https:\/\/italcamara-es.com\/it\/wp-json\/wp\/v2\/comments?post=55806"}],"version-history":[{"count":0,"href":"https:\/\/italcamara-es.com\/it\/wp-json\/wp\/v2\/posts\/55806\/revisions"}],"wp:featuredmedia":[{"embeddable":true,"href":"https:\/\/italcamara-es.com\/it\/wp-json\/wp\/v2\/media\/55807"}],"wp:attachment":[{"href":"https:\/\/italcamara-es.com\/it\/wp-json\/wp\/v2\/media?parent=55806"}],"wp:term":[{"taxonomy":"category","embeddable":true,"href":"https:\/\/italcamara-es.com\/it\/wp-json\/wp\/v2\/categories?post=55806"},{"taxonomy":"post_tag","embeddable":true,"href":"https:\/\/italcamara-es.com\/it\/wp-json\/wp\/v2\/tags?post=55806"}],"curies":[{"name":"wp","href":"https:\/\/api.w.org\/{rel}","templated":true}]}}