	{"id":55808,"date":"2016-04-07T08:30:59","date_gmt":"2016-04-07T06:30:59","guid":{"rendered":"http:\/\/pre.italcamara-es.com\/senza-categoria\/cena-dautore-per-promuovere-le-ricette-tipiche-della-calabria-in-spagna\/"},"modified":"2016-04-07T08:30:59","modified_gmt":"2016-04-07T06:30:59","slug":"cena-dautore-per-promuovere-le-ricette-tipiche-della-calabria-in-spagna","status":"publish","type":"post","link":"https:\/\/italcamara-es.com\/it\/notizie\/cena-dautore-per-promuovere-le-ricette-tipiche-della-calabria-in-spagna\/","title":{"rendered":"Cena d\u2019autore per promuovere le ricette tipiche della Calabria in Spagna"},"content":{"rendered":"<p style=\"text-align: justify;\"><em>Organizzata in occasione della partecipazione della Camera di Commercio di Catanzaro al Salone Internazionale dei Gourmets di Madrid, si \u00e8 svolta il 6 aprile scorso nell\u2019Accademia del Gusto della capitale spagnola<\/em><\/p>\n<p style=\"text-align: justify;\">Si \u00e8 celebrata ieri, presso l\u2019Accademia del Gusto di Madrid, la cena d\u2019autore \u201c<strong>Calabria in Tavola, la gastronomia dell\u2019ospitalit\u00e0<\/strong>\u201d offerta dalla <strong>Camera di Commercio di Catanzaro <\/strong>in occasione della propria partecipazione al Salone Internazionale dei Gourmets di Madrid, e organizzzata dalla <strong>Camera di Commercio e Industria Italiana per la Spagna -CCIS<\/strong>.<\/p>\n<p style=\"text-align: justify;\">\u00a0<a href=\"https:\/\/www.italcamara-es.com\/wp-content\/uploads\/2016\/09\/Cena-Catanzaro-WEB-31.jpg\"><img fetchpriority=\"high\" decoding=\"async\" class=\"  wp-image-4932 aligncenter\" src=\"https:\/\/www.italcamara-es.com\/wp-content\/uploads\/2016\/09\/Cena-Catanzaro-WEB-31.jpg\" alt=\"cena-catanzaro-web-3\" width=\"700\" height=\"525\" \/><\/a><\/p>\n<p style=\"text-align: justify;\">28 persone tra operatori del settore agroalimentare, giornalisti e rappresentanti delle istituzioni italiane in Spagna hanno avuto modo di degustare alcune delle ricette tipiche del territorio calabrese, preparate dagli chef <strong>Luigi Quintieri<\/strong> e <strong>Nicola Stratoti<\/strong>.<\/p>\n<p style=\"text-align: justify;\"><a href=\"https:\/\/www.italcamara-es.com\/wp-content\/uploads\/2016\/09\/Cena-Catanzaro-WEB-11.jpg\"><img decoding=\"async\" class=\"  wp-image-4933 aligncenter\" src=\"https:\/\/www.italcamara-es.com\/wp-content\/uploads\/2016\/09\/Cena-Catanzaro-WEB-11.jpg\" alt=\"cena-catanzaro-web-1\" width=\"700\" height=\"525\" \/><\/a><\/p>\n<p style=\"text-align: justify;\">La tradizione gastronomica della provincia italiana, cos\u00ec come quella di tutta la regione della Calabria, rispecchia le diversit\u00e0 ambientali e territoriali del territorio ed \u00e8 strettamente legata alle abitudini e ricorrenze che risalgono ai tempi antichi, essendo il risultato di quasi 3.000 anni di storia, dalla Magna Grecia all\u2019Unit\u00e0 d\u2019Italia.<\/p>\n<p style=\"text-align: justify;\">Tra i piatti che sono stati degustati durante la cena organizzata a Madrid, vanno ricordate le <em>fileje <\/em>con salsa ai sapori antichi, le cortecce con pancetta, fave, carciofi e pecorino picccante, la <em>peperonata jambottata<\/em> e, la <em>cuzzupa<\/em> con crema al limone e la tradizionale <em>pignolata<\/em>.<\/p>\n<p style=\"text-align: justify;\"><a href=\"https:\/\/www.italcamara-es.com\/wp-content\/uploads\/2016\/09\/Cena-Catanzaro-WEB-2.jpg\"><img decoding=\"async\" class=\"  wp-image-4934 aligncenter\" src=\"https:\/\/www.italcamara-es.com\/wp-content\/uploads\/2016\/09\/Cena-Catanzaro-WEB-2.jpg\" alt=\"cena-catanzaro-web-2\" width=\"370\" height=\"493\" \/><\/a><\/p>\n<p style=\"text-align: justify;\">Grande l\u2019entusiasmo tra gli invitati, che hanno fortemente apprezzato l\u2019opera degli chef Quintieri e Stratoti, che solo qualche ora prima avevano riscosso un altro grande successo nell\u2019area ufficiale dedicata agli showcooking all\u2019interno del Salone dei Gourmets, con la preparazione della <em>stroncatura alla calabrese<\/em>.<\/p>\n","protected":false},"excerpt":{"rendered":"<p>Organizzata in occasione della partecipazione della Camera di Commercio di Catanzaro al Salone Internazionale dei Gourmets di Madrid, si \u00e8 svolta il 6 aprile scorso nell\u2019Accademia del Gusto della capitale spagnola Si \u00e8 celebrata ieri, presso l\u2019Accademia del Gusto di Madrid, la cena d\u2019autore \u201cCalabria in Tavola, la gastronomia dell\u2019ospitalit\u00e0\u201d offerta dalla Camera di Commercio [&hellip;]<\/p>\n","protected":false},"author":1,"featured_media":54214,"comment_status":"open","ping_status":"open","sticky":false,"template":"","format":"standard","meta":{"inline_featured_image":false,"ocean_post_layout":"","ocean_both_sidebars_style":"","ocean_both_sidebars_content_width":0,"ocean_both_sidebars_sidebars_width":0,"ocean_sidebar":"","ocean_second_sidebar":"","ocean_disable_margins":"enable","ocean_add_body_class":"","ocean_shortcode_before_top_bar":"","ocean_shortcode_after_top_bar":"","ocean_shortcode_before_header":"","ocean_shortcode_after_header":"","ocean_has_shortcode":"","ocean_shortcode_after_title":"","ocean_shortcode_before_footer_widgets":"","ocean_shortcode_after_footer_widgets":"","ocean_shortcode_before_footer_bottom":"","ocean_shortcode_after_footer_bottom":"","ocean_display_top_bar":"default","ocean_display_header":"default","ocean_header_style":"","ocean_center_header_left_menu":"","ocean_custom_header_template":"","ocean_custom_logo":0,"ocean_custom_retina_logo":0,"ocean_custom_logo_max_width":0,"ocean_custom_logo_tablet_max_width":0,"ocean_custom_logo_mobile_max_width":0,"ocean_custom_logo_max_height":0,"ocean_custom_logo_tablet_max_height":0,"ocean_custom_logo_mobile_max_height":0,"ocean_header_custom_menu":"","ocean_menu_typo_font_family":"","ocean_menu_typo_font_subset":"","ocean_menu_typo_font_size":0,"ocean_menu_typo_font_size_tablet":0,"ocean_menu_typo_font_size_mobile":0,"ocean_menu_typo_font_size_unit":"px","ocean_menu_typo_font_weight":"","ocean_menu_typo_font_weight_tablet":"","ocean_menu_typo_font_weight_mobile":"","ocean_menu_typo_transform":"","ocean_menu_typo_transform_tablet":"","ocean_menu_typo_transform_mobile":"","ocean_menu_typo_line_height":0,"ocean_menu_typo_line_height_tablet":0,"ocean_menu_typo_line_height_mobile":0,"ocean_menu_typo_line_height_unit":"","ocean_menu_typo_spacing":0,"ocean_menu_typo_spacing_tablet":0,"ocean_menu_typo_spacing_mobile":0,"ocean_menu_typo_spacing_unit":"","ocean_menu_link_color":"","ocean_menu_link_color_hover":"","ocean_menu_link_color_active":"","ocean_menu_link_background":"","ocean_menu_link_hover_background":"","ocean_menu_link_active_background":"","ocean_menu_social_links_bg":"","ocean_menu_social_hover_links_bg":"","ocean_menu_social_links_color":"","ocean_menu_social_hover_links_color":"","ocean_disable_title":"default","ocean_disable_heading":"default","ocean_post_title":"","ocean_post_subheading":"","ocean_post_title_style":"","ocean_post_title_background_color":"","ocean_post_title_background":0,"ocean_post_title_bg_image_position":"","ocean_post_title_bg_image_attachment":"","ocean_post_title_bg_image_repeat":"","ocean_post_title_bg_image_size":"","ocean_post_title_height":0,"ocean_post_title_bg_overlay":0.5,"ocean_post_title_bg_overlay_color":"","ocean_disable_breadcrumbs":"default","ocean_breadcrumbs_color":"","ocean_breadcrumbs_separator_color":"","ocean_breadcrumbs_links_color":"","ocean_breadcrumbs_links_hover_color":"","ocean_display_footer_widgets":"default","ocean_display_footer_bottom":"default","ocean_custom_footer_template":"","ocean_post_oembed":"","ocean_post_self_hosted_media":"","ocean_post_video_embed":"","ocean_link_format":"","ocean_link_format_target":"self","ocean_quote_format":"","ocean_quote_format_link":"post","ocean_gallery_link_images":"on","ocean_gallery_id":[],"footnotes":""},"categories":[133],"tags":[139],"class_list":["post-55808","post","type-post","status-publish","format-standard","has-post-thumbnail","hentry","category-notizie","tag-notizie-di-la-ccis","entry","has-media"],"yoast_head":"<!-- This site is optimized with the Yoast SEO plugin v27.5 - https:\/\/yoast.com\/product\/yoast-seo-wordpress\/ -->\n<title>Cena d\u2019autore per promuovere le ricette tipiche della Calabria in Spagna - Italcamara<\/title>\n<meta name=\"robots\" content=\"index, follow, max-snippet:-1, max-image-preview:large, max-video-preview:-1\" \/>\n<link rel=\"canonical\" href=\"https:\/\/italcamara-es.com\/it\/notizie\/cena-dautore-per-promuovere-le-ricette-tipiche-della-calabria-in-spagna\/\" \/>\n<meta property=\"og:locale\" content=\"it_IT\" \/>\n<meta property=\"og:type\" content=\"article\" \/>\n<meta property=\"og:title\" content=\"Cena d\u2019autore per promuovere le ricette tipiche della Calabria in Spagna - Italcamara\" \/>\n<meta property=\"og:description\" content=\"Organizzata in occasione della partecipazione della Camera di Commercio di Catanzaro al Salone Internazionale dei Gourmets di Madrid, si \u00e8 svolta il 6 aprile scorso nell\u2019Accademia del Gusto della capitale spagnola Si \u00e8 celebrata ieri, presso l\u2019Accademia del Gusto di Madrid, la cena d\u2019autore \u201cCalabria in Tavola, la gastronomia dell\u2019ospitalit\u00e0\u201d offerta dalla Camera di Commercio [&hellip;]\" \/>\n<meta property=\"og:url\" content=\"https:\/\/italcamara-es.com\/it\/notizie\/cena-dautore-per-promuovere-le-ricette-tipiche-della-calabria-in-spagna\/\" \/>\n<meta property=\"og:site_name\" content=\"Italcamara\" \/>\n<meta property=\"article:published_time\" content=\"2016-04-07T06:30:59+00:00\" \/>\n<meta property=\"og:image\" content=\"https:\/\/italcamara-es.com\/wp-content\/uploads\/2025\/03\/Cena-Catanzaro-250.jpg\" \/>\n\t<meta property=\"og:image:width\" content=\"250\" \/>\n\t<meta property=\"og:image:height\" content=\"188\" \/>\n\t<meta property=\"og:image:type\" content=\"image\/jpeg\" \/>\n<meta name=\"author\" content=\"administrador\" \/>\n<meta name=\"twitter:card\" content=\"summary_large_image\" \/>\n<meta name=\"twitter:label1\" content=\"Scritto da\" \/>\n\t<meta name=\"twitter:data1\" content=\"administrador\" \/>\n\t<meta name=\"twitter:label2\" content=\"Tempo di lettura stimato\" \/>\n\t<meta name=\"twitter:data2\" content=\"1 minuto\" \/>\n<script type=\"application\/ld+json\" class=\"yoast-schema-graph\">{\"@context\":\"https:\\\/\\\/schema.org\",\"@graph\":[{\"@type\":\"Article\",\"@id\":\"https:\\\/\\\/italcamara-es.com\\\/it\\\/notizie\\\/cena-dautore-per-promuovere-le-ricette-tipiche-della-calabria-in-spagna\\\/#article\",\"isPartOf\":{\"@id\":\"https:\\\/\\\/italcamara-es.com\\\/it\\\/notizie\\\/cena-dautore-per-promuovere-le-ricette-tipiche-della-calabria-in-spagna\\\/\"},\"author\":{\"name\":\"administrador\",\"@id\":\"https:\\\/\\\/italcamara-es.com\\\/#\\\/schema\\\/person\\\/bb3c56263e405bbd9a15171dcfee93bb\"},\"headline\":\"Cena d\u2019autore per promuovere le ricette tipiche della Calabria in Spagna\",\"datePublished\":\"2016-04-07T06:30:59+00:00\",\"mainEntityOfPage\":{\"@id\":\"https:\\\/\\\/italcamara-es.com\\\/it\\\/notizie\\\/cena-dautore-per-promuovere-le-ricette-tipiche-della-calabria-in-spagna\\\/\"},\"wordCount\":271,\"commentCount\":0,\"image\":{\"@id\":\"https:\\\/\\\/italcamara-es.com\\\/it\\\/notizie\\\/cena-dautore-per-promuovere-le-ricette-tipiche-della-calabria-in-spagna\\\/#primaryimage\"},\"thumbnailUrl\":\"https:\\\/\\\/italcamara-es.com\\\/wp-content\\\/uploads\\\/2025\\\/03\\\/Cena-Catanzaro-250.jpg\",\"keywords\":[\"Notizie di la CCIS\"],\"articleSection\":[\"Notizie\"],\"inLanguage\":\"it-IT\",\"potentialAction\":[{\"@type\":\"CommentAction\",\"name\":\"Comment\",\"target\":[\"https:\\\/\\\/italcamara-es.com\\\/it\\\/notizie\\\/cena-dautore-per-promuovere-le-ricette-tipiche-della-calabria-in-spagna\\\/#respond\"]}]},{\"@type\":\"WebPage\",\"@id\":\"https:\\\/\\\/italcamara-es.com\\\/it\\\/notizie\\\/cena-dautore-per-promuovere-le-ricette-tipiche-della-calabria-in-spagna\\\/\",\"url\":\"https:\\\/\\\/italcamara-es.com\\\/it\\\/notizie\\\/cena-dautore-per-promuovere-le-ricette-tipiche-della-calabria-in-spagna\\\/\",\"name\":\"Cena d\u2019autore per promuovere le ricette tipiche della Calabria in Spagna - Italcamara\",\"isPartOf\":{\"@id\":\"https:\\\/\\\/italcamara-es.com\\\/#website\"},\"primaryImageOfPage\":{\"@id\":\"https:\\\/\\\/italcamara-es.com\\\/it\\\/notizie\\\/cena-dautore-per-promuovere-le-ricette-tipiche-della-calabria-in-spagna\\\/#primaryimage\"},\"image\":{\"@id\":\"https:\\\/\\\/italcamara-es.com\\\/it\\\/notizie\\\/cena-dautore-per-promuovere-le-ricette-tipiche-della-calabria-in-spagna\\\/#primaryimage\"},\"thumbnailUrl\":\"https:\\\/\\\/italcamara-es.com\\\/wp-content\\\/uploads\\\/2025\\\/03\\\/Cena-Catanzaro-250.jpg\",\"datePublished\":\"2016-04-07T06:30:59+00:00\",\"author\":{\"@id\":\"https:\\\/\\\/italcamara-es.com\\\/#\\\/schema\\\/person\\\/bb3c56263e405bbd9a15171dcfee93bb\"},\"breadcrumb\":{\"@id\":\"https:\\\/\\\/italcamara-es.com\\\/it\\\/notizie\\\/cena-dautore-per-promuovere-le-ricette-tipiche-della-calabria-in-spagna\\\/#breadcrumb\"},\"inLanguage\":\"it-IT\",\"potentialAction\":[{\"@type\":\"ReadAction\",\"target\":[\"https:\\\/\\\/italcamara-es.com\\\/it\\\/notizie\\\/cena-dautore-per-promuovere-le-ricette-tipiche-della-calabria-in-spagna\\\/\"]}]},{\"@type\":\"ImageObject\",\"inLanguage\":\"it-IT\",\"@id\":\"https:\\\/\\\/italcamara-es.com\\\/it\\\/notizie\\\/cena-dautore-per-promuovere-le-ricette-tipiche-della-calabria-in-spagna\\\/#primaryimage\",\"url\":\"https:\\\/\\\/italcamara-es.com\\\/wp-content\\\/uploads\\\/2025\\\/03\\\/Cena-Catanzaro-250.jpg\",\"contentUrl\":\"https:\\\/\\\/italcamara-es.com\\\/wp-content\\\/uploads\\\/2025\\\/03\\\/Cena-Catanzaro-250.jpg\",\"width\":250,\"height\":188},{\"@type\":\"BreadcrumbList\",\"@id\":\"https:\\\/\\\/italcamara-es.com\\\/it\\\/notizie\\\/cena-dautore-per-promuovere-le-ricette-tipiche-della-calabria-in-spagna\\\/#breadcrumb\",\"itemListElement\":[{\"@type\":\"ListItem\",\"position\":1,\"name\":\"Inicio\",\"item\":\"https:\\\/\\\/italcamara-es.com\\\/it\\\/homepage-ita\\\/\"},{\"@type\":\"ListItem\",\"position\":2,\"name\":\"Cena d\u2019autore per promuovere le ricette tipiche della Calabria in Spagna\"}]},{\"@type\":\"WebSite\",\"@id\":\"https:\\\/\\\/italcamara-es.com\\\/#website\",\"url\":\"https:\\\/\\\/italcamara-es.com\\\/\",\"name\":\"Italcamara\",\"description\":\"\",\"potentialAction\":[{\"@type\":\"SearchAction\",\"target\":{\"@type\":\"EntryPoint\",\"urlTemplate\":\"https:\\\/\\\/italcamara-es.com\\\/?s={search_term_string}\"},\"query-input\":{\"@type\":\"PropertyValueSpecification\",\"valueRequired\":true,\"valueName\":\"search_term_string\"}}],\"inLanguage\":\"it-IT\"},{\"@type\":\"Person\",\"@id\":\"https:\\\/\\\/italcamara-es.com\\\/#\\\/schema\\\/person\\\/bb3c56263e405bbd9a15171dcfee93bb\",\"name\":\"administrador\",\"image\":{\"@type\":\"ImageObject\",\"inLanguage\":\"it-IT\",\"@id\":\"https:\\\/\\\/secure.gravatar.com\\\/avatar\\\/14b5e63db38320b12031bb28cf9f77e210aa71fb3a8a3602a3c9a05134fa75eb?s=96&d=mm&r=g\",\"url\":\"https:\\\/\\\/secure.gravatar.com\\\/avatar\\\/14b5e63db38320b12031bb28cf9f77e210aa71fb3a8a3602a3c9a05134fa75eb?s=96&d=mm&r=g\",\"contentUrl\":\"https:\\\/\\\/secure.gravatar.com\\\/avatar\\\/14b5e63db38320b12031bb28cf9f77e210aa71fb3a8a3602a3c9a05134fa75eb?s=96&d=mm&r=g\",\"caption\":\"administrador\"},\"sameAs\":[\"http:\\\/\\\/pre.italcamara-es.com\"],\"url\":\"https:\\\/\\\/italcamara-es.com\\\/it\\\/author\\\/administrador\\\/\"}]}<\/script>\n<!-- \/ Yoast SEO plugin. -->","yoast_head_json":{"title":"Cena d\u2019autore per promuovere le ricette tipiche della Calabria in Spagna - Italcamara","robots":{"index":"index","follow":"follow","max-snippet":"max-snippet:-1","max-image-preview":"max-image-preview:large","max-video-preview":"max-video-preview:-1"},"canonical":"https:\/\/italcamara-es.com\/it\/notizie\/cena-dautore-per-promuovere-le-ricette-tipiche-della-calabria-in-spagna\/","og_locale":"it_IT","og_type":"article","og_title":"Cena d\u2019autore per promuovere le ricette tipiche della Calabria in Spagna - Italcamara","og_description":"Organizzata in occasione della partecipazione della Camera di Commercio di Catanzaro al Salone Internazionale dei Gourmets di Madrid, si \u00e8 svolta il 6 aprile scorso nell\u2019Accademia del Gusto della capitale spagnola Si \u00e8 celebrata ieri, presso l\u2019Accademia del Gusto di Madrid, la cena d\u2019autore \u201cCalabria in Tavola, la gastronomia dell\u2019ospitalit\u00e0\u201d offerta dalla Camera di Commercio [&hellip;]","og_url":"https:\/\/italcamara-es.com\/it\/notizie\/cena-dautore-per-promuovere-le-ricette-tipiche-della-calabria-in-spagna\/","og_site_name":"Italcamara","article_published_time":"2016-04-07T06:30:59+00:00","og_image":[{"width":250,"height":188,"url":"https:\/\/italcamara-es.com\/wp-content\/uploads\/2025\/03\/Cena-Catanzaro-250.jpg","type":"image\/jpeg"}],"author":"administrador","twitter_card":"summary_large_image","twitter_misc":{"Scritto da":"administrador","Tempo di lettura stimato":"1 minuto"},"schema":{"@context":"https:\/\/schema.org","@graph":[{"@type":"Article","@id":"https:\/\/italcamara-es.com\/it\/notizie\/cena-dautore-per-promuovere-le-ricette-tipiche-della-calabria-in-spagna\/#article","isPartOf":{"@id":"https:\/\/italcamara-es.com\/it\/notizie\/cena-dautore-per-promuovere-le-ricette-tipiche-della-calabria-in-spagna\/"},"author":{"name":"administrador","@id":"https:\/\/italcamara-es.com\/#\/schema\/person\/bb3c56263e405bbd9a15171dcfee93bb"},"headline":"Cena d\u2019autore per promuovere le ricette tipiche della Calabria in Spagna","datePublished":"2016-04-07T06:30:59+00:00","mainEntityOfPage":{"@id":"https:\/\/italcamara-es.com\/it\/notizie\/cena-dautore-per-promuovere-le-ricette-tipiche-della-calabria-in-spagna\/"},"wordCount":271,"commentCount":0,"image":{"@id":"https:\/\/italcamara-es.com\/it\/notizie\/cena-dautore-per-promuovere-le-ricette-tipiche-della-calabria-in-spagna\/#primaryimage"},"thumbnailUrl":"https:\/\/italcamara-es.com\/wp-content\/uploads\/2025\/03\/Cena-Catanzaro-250.jpg","keywords":["Notizie di la CCIS"],"articleSection":["Notizie"],"inLanguage":"it-IT","potentialAction":[{"@type":"CommentAction","name":"Comment","target":["https:\/\/italcamara-es.com\/it\/notizie\/cena-dautore-per-promuovere-le-ricette-tipiche-della-calabria-in-spagna\/#respond"]}]},{"@type":"WebPage","@id":"https:\/\/italcamara-es.com\/it\/notizie\/cena-dautore-per-promuovere-le-ricette-tipiche-della-calabria-in-spagna\/","url":"https:\/\/italcamara-es.com\/it\/notizie\/cena-dautore-per-promuovere-le-ricette-tipiche-della-calabria-in-spagna\/","name":"Cena d\u2019autore per promuovere le ricette tipiche della Calabria in Spagna - Italcamara","isPartOf":{"@id":"https:\/\/italcamara-es.com\/#website"},"primaryImageOfPage":{"@id":"https:\/\/italcamara-es.com\/it\/notizie\/cena-dautore-per-promuovere-le-ricette-tipiche-della-calabria-in-spagna\/#primaryimage"},"image":{"@id":"https:\/\/italcamara-es.com\/it\/notizie\/cena-dautore-per-promuovere-le-ricette-tipiche-della-calabria-in-spagna\/#primaryimage"},"thumbnailUrl":"https:\/\/italcamara-es.com\/wp-content\/uploads\/2025\/03\/Cena-Catanzaro-250.jpg","datePublished":"2016-04-07T06:30:59+00:00","author":{"@id":"https:\/\/italcamara-es.com\/#\/schema\/person\/bb3c56263e405bbd9a15171dcfee93bb"},"breadcrumb":{"@id":"https:\/\/italcamara-es.com\/it\/notizie\/cena-dautore-per-promuovere-le-ricette-tipiche-della-calabria-in-spagna\/#breadcrumb"},"inLanguage":"it-IT","potentialAction":[{"@type":"ReadAction","target":["https:\/\/italcamara-es.com\/it\/notizie\/cena-dautore-per-promuovere-le-ricette-tipiche-della-calabria-in-spagna\/"]}]},{"@type":"ImageObject","inLanguage":"it-IT","@id":"https:\/\/italcamara-es.com\/it\/notizie\/cena-dautore-per-promuovere-le-ricette-tipiche-della-calabria-in-spagna\/#primaryimage","url":"https:\/\/italcamara-es.com\/wp-content\/uploads\/2025\/03\/Cena-Catanzaro-250.jpg","contentUrl":"https:\/\/italcamara-es.com\/wp-content\/uploads\/2025\/03\/Cena-Catanzaro-250.jpg","width":250,"height":188},{"@type":"BreadcrumbList","@id":"https:\/\/italcamara-es.com\/it\/notizie\/cena-dautore-per-promuovere-le-ricette-tipiche-della-calabria-in-spagna\/#breadcrumb","itemListElement":[{"@type":"ListItem","position":1,"name":"Inicio","item":"https:\/\/italcamara-es.com\/it\/homepage-ita\/"},{"@type":"ListItem","position":2,"name":"Cena d\u2019autore per promuovere le ricette tipiche della Calabria in Spagna"}]},{"@type":"WebSite","@id":"https:\/\/italcamara-es.com\/#website","url":"https:\/\/italcamara-es.com\/","name":"Italcamara","description":"","potentialAction":[{"@type":"SearchAction","target":{"@type":"EntryPoint","urlTemplate":"https:\/\/italcamara-es.com\/?s={search_term_string}"},"query-input":{"@type":"PropertyValueSpecification","valueRequired":true,"valueName":"search_term_string"}}],"inLanguage":"it-IT"},{"@type":"Person","@id":"https:\/\/italcamara-es.com\/#\/schema\/person\/bb3c56263e405bbd9a15171dcfee93bb","name":"administrador","image":{"@type":"ImageObject","inLanguage":"it-IT","@id":"https:\/\/secure.gravatar.com\/avatar\/14b5e63db38320b12031bb28cf9f77e210aa71fb3a8a3602a3c9a05134fa75eb?s=96&d=mm&r=g","url":"https:\/\/secure.gravatar.com\/avatar\/14b5e63db38320b12031bb28cf9f77e210aa71fb3a8a3602a3c9a05134fa75eb?s=96&d=mm&r=g","contentUrl":"https:\/\/secure.gravatar.com\/avatar\/14b5e63db38320b12031bb28cf9f77e210aa71fb3a8a3602a3c9a05134fa75eb?s=96&d=mm&r=g","caption":"administrador"},"sameAs":["http:\/\/pre.italcamara-es.com"],"url":"https:\/\/italcamara-es.com\/it\/author\/administrador\/"}]}},"rttpg_featured_image_url":{"full":["https:\/\/italcamara-es.com\/wp-content\/uploads\/2025\/03\/Cena-Catanzaro-250.jpg",250,188,false],"landscape":["https:\/\/italcamara-es.com\/wp-content\/uploads\/2025\/03\/Cena-Catanzaro-250.jpg",250,188,false],"portraits":["https:\/\/italcamara-es.com\/wp-content\/uploads\/2025\/03\/Cena-Catanzaro-250.jpg",250,188,false],"thumbnail":["https:\/\/italcamara-es.com\/wp-content\/uploads\/2025\/03\/Cena-Catanzaro-250-150x150.jpg",150,150,true],"medium":["https:\/\/italcamara-es.com\/wp-content\/uploads\/2025\/03\/Cena-Catanzaro-250.jpg",250,188,false],"large":["https:\/\/italcamara-es.com\/wp-content\/uploads\/2025\/03\/Cena-Catanzaro-250.jpg",250,188,false],"1536x1536":["https:\/\/italcamara-es.com\/wp-content\/uploads\/2025\/03\/Cena-Catanzaro-250.jpg",250,188,false],"2048x2048":["https:\/\/italcamara-es.com\/wp-content\/uploads\/2025\/03\/Cena-Catanzaro-250.jpg",250,188,false],"ocean-thumb-m":["https:\/\/italcamara-es.com\/wp-content\/uploads\/2025\/03\/Cena-Catanzaro-250.jpg",250,188,false],"ocean-thumb-ml":["https:\/\/italcamara-es.com\/wp-content\/uploads\/2025\/03\/Cena-Catanzaro-250.jpg",250,188,false],"ocean-thumb-l":["https:\/\/italcamara-es.com\/wp-content\/uploads\/2025\/03\/Cena-Catanzaro-250.jpg",250,188,false],"directorist_preview":["https:\/\/italcamara-es.com\/wp-content\/uploads\/2025\/03\/Cena-Catanzaro-250.jpg",250,188,false]},"rttpg_author":{"display_name":"administrador","author_link":"https:\/\/italcamara-es.com\/it\/author\/administrador\/"},"rttpg_comment":0,"rttpg_category":"<a href=\"https:\/\/italcamara-es.com\/it\/category\/notizie\/\" rel=\"category tag\">Notizie<\/a>","rttpg_excerpt":"Organizzata in occasione della partecipazione della Camera di Commercio di Catanzaro al Salone Internazionale dei Gourmets di Madrid, si \u00e8 svolta il 6 aprile scorso nell\u2019Accademia del Gusto della capitale spagnola Si \u00e8 celebrata ieri, presso l\u2019Accademia del Gusto di Madrid, la cena d\u2019autore \u201cCalabria in Tavola, la gastronomia dell\u2019ospitalit\u00e0\u201d offerta dalla Camera di Commercio&hellip;","_links":{"self":[{"href":"https:\/\/italcamara-es.com\/it\/wp-json\/wp\/v2\/posts\/55808","targetHints":{"allow":["GET"]}}],"collection":[{"href":"https:\/\/italcamara-es.com\/it\/wp-json\/wp\/v2\/posts"}],"about":[{"href":"https:\/\/italcamara-es.com\/it\/wp-json\/wp\/v2\/types\/post"}],"author":[{"embeddable":true,"href":"https:\/\/italcamara-es.com\/it\/wp-json\/wp\/v2\/users\/1"}],"replies":[{"embeddable":true,"href":"https:\/\/italcamara-es.com\/it\/wp-json\/wp\/v2\/comments?post=55808"}],"version-history":[{"count":0,"href":"https:\/\/italcamara-es.com\/it\/wp-json\/wp\/v2\/posts\/55808\/revisions"}],"wp:featuredmedia":[{"embeddable":true,"href":"https:\/\/italcamara-es.com\/it\/wp-json\/wp\/v2\/media\/54214"}],"wp:attachment":[{"href":"https:\/\/italcamara-es.com\/it\/wp-json\/wp\/v2\/media?parent=55808"}],"wp:term":[{"taxonomy":"category","embeddable":true,"href":"https:\/\/italcamara-es.com\/it\/wp-json\/wp\/v2\/categories?post=55808"},{"taxonomy":"post_tag","embeddable":true,"href":"https:\/\/italcamara-es.com\/it\/wp-json\/wp\/v2\/tags?post=55808"}],"curies":[{"name":"wp","href":"https:\/\/api.w.org\/{rel}","templated":true}]}}