	{"id":55826,"date":"2016-01-19T15:29:21","date_gmt":"2016-01-19T14:29:21","guid":{"rendered":"http:\/\/pre.italcamara-es.com\/senza-categoria\/sono-gia-32-le-imprese-che-la-ccis-portera-ad-alimentaria-2016\/"},"modified":"2016-01-19T15:29:21","modified_gmt":"2016-01-19T14:29:21","slug":"sono-gia-32-le-imprese-che-la-ccis-portera-ad-alimentaria-2016","status":"publish","type":"post","link":"https:\/\/italcamara-es.com\/it\/notizie\/sono-gia-32-le-imprese-che-la-ccis-portera-ad-alimentaria-2016\/","title":{"rendered":"Sono gi\u00e0 32 le imprese che la CCIS porter\u00e0 ad Alimentaria 2016"},"content":{"rendered":"<p style=\"text-align: justify;\"><em>L\u2019enogastronomia italiana sar\u00e0 protagonista in questa nuova edizione dell\u2019importante fiera che si svolger\u00e0 a Barcellona dal 25 al 28 aprile. Uno spazio espositivo di pi\u00f9 di 400 m2 ospiter\u00e0 le eccellenze territoriali del Belpaese<\/em><\/p>\n<p style=\"text-align: justify;\">Ad oggi sono 32 le imprese che fanno parte della delegazione italiana che, sotto la guida della CCIS, \u00a0parteciper\u00e0 alla fiera Alimentaria di Barcellona, che si svolger\u00e0 dal 25 al 28 aprile 2016. Uno spazio espositivo di pi\u00f9 di 400 m2, denominato \u201cArea Italia\u201d, con un disegno personalizzato che richiama il tipico villaggio italiano, promuover\u00e0 le eccellenze dell\u2019enogastronomia del Belpaese in questo importante appuntamento per i professionisti del settore che quest\u2019anno celebra la sua XXX\u00aa edizione.<\/p>\n<p style=\"text-align: justify;\">Durante i 4 giorni di fiera, si prevede la presenza di 180.000 visitatori, tra operatori spagnoli e internazionali, quest\u2019ultimi provenienti dai principali mercati di sbocco del prodotti italiani, tra cui l\u2019Unione Europea, gli Stati Uniti, Russia, Cina , Giappone, Corea ed i paesi dell\u2019America Latina.<\/p>\n<p style=\"text-align: justify;\">La presenza italiana ad Alimentaria vede impegnata in prima fila la Camera di Commercio e Industria italiana per la Spagna che, in collaborazione con l\u2019ufficio ICE di Madrid e la Camera Italiana a Barcellona, gestisce la partecipazione delle diverse imprese nell\u2019 \u201cArea Italia\u201d, nonch\u00e9 il programma di attivit\u00e0 che verranno organizzate all\u2019interno di questo spazio: showcooking, presentazione di prodotti, degutazioni, ecc.<\/p>\n<p style=\"text-align: justify;\">\u201c<em>Il gran numero di imprese italiane che hanno gi\u00e0 confermato la propria partecipazione si deve non solo alle importanti opportunit\u00e0 per la realizzazione di contatti d\u2019affari che offre la fiera, ma anche alla grande visibilit\u00e0 in termini di promozione che la nostra proposta di spazio espositivo personalizzato e interamente dedicato alle eccellenze italiane conferisce agli espositori<\/em>\u201d ha dichiarato il Segretario Generale della CCIS, <strong>Giovanni Aric\u00f2<\/strong>.<\/p>\n<p style=\"text-align: justify;\"><em>Per maggiori informazioni:<\/em><\/p>\n<ul>\n<li style=\"text-align: justify;\"><span style=\"color: #000080;\"><a href=\"http:\/\/italcamara-es.com\/progetti.php?id=66\" target=\"_blank\" rel=\"noopener\"><span style=\"color: #0000ff;\">Partecipazione italiana ad Alimentaria 2016<\/span><\/a><\/span><\/li>\n<\/ul>\n<p style=\"text-align: center;\">\u00a0<a href=\"https:\/\/www.italcamara-es.com\/wp-content\/uploads\/2016\/09\/alimentaria-20161.jpg\"><img fetchpriority=\"high\" decoding=\"async\" class=\"alignnone size-full wp-image-5251\" src=\"https:\/\/www.italcamara-es.com\/wp-content\/uploads\/2016\/09\/alimentaria-20161.jpg\" alt=\"alimentaria-2016\" width=\"680\" height=\"358\" \/><\/a><\/p>\n","protected":false},"excerpt":{"rendered":"<p>L\u2019enogastronomia italiana sar\u00e0 protagonista in questa nuova edizione dell\u2019importante fiera che si svolger\u00e0 a Barcellona dal 25 al 28 aprile. Uno spazio espositivo di pi\u00f9 di 400 m2 ospiter\u00e0 le eccellenze territoriali del Belpaese Ad oggi sono 32 le imprese che fanno parte della delegazione italiana che, sotto la guida della CCIS, \u00a0parteciper\u00e0 alla fiera [&hellip;]<\/p>\n","protected":false},"author":1,"featured_media":54234,"comment_status":"open","ping_status":"open","sticky":false,"template":"","format":"standard","meta":{"inline_featured_image":false,"ocean_post_layout":"","ocean_both_sidebars_style":"","ocean_both_sidebars_content_width":0,"ocean_both_sidebars_sidebars_width":0,"ocean_sidebar":"","ocean_second_sidebar":"","ocean_disable_margins":"enable","ocean_add_body_class":"","ocean_shortcode_before_top_bar":"","ocean_shortcode_after_top_bar":"","ocean_shortcode_before_header":"","ocean_shortcode_after_header":"","ocean_has_shortcode":"","ocean_shortcode_after_title":"","ocean_shortcode_before_footer_widgets":"","ocean_shortcode_after_footer_widgets":"","ocean_shortcode_before_footer_bottom":"","ocean_shortcode_after_footer_bottom":"","ocean_display_top_bar":"default","ocean_display_header":"default","ocean_header_style":"","ocean_center_header_left_menu":"","ocean_custom_header_template":"","ocean_custom_logo":0,"ocean_custom_retina_logo":0,"ocean_custom_logo_max_width":0,"ocean_custom_logo_tablet_max_width":0,"ocean_custom_logo_mobile_max_width":0,"ocean_custom_logo_max_height":0,"ocean_custom_logo_tablet_max_height":0,"ocean_custom_logo_mobile_max_height":0,"ocean_header_custom_menu":"","ocean_menu_typo_font_family":"","ocean_menu_typo_font_subset":"","ocean_menu_typo_font_size":0,"ocean_menu_typo_font_size_tablet":0,"ocean_menu_typo_font_size_mobile":0,"ocean_menu_typo_font_size_unit":"px","ocean_menu_typo_font_weight":"","ocean_menu_typo_font_weight_tablet":"","ocean_menu_typo_font_weight_mobile":"","ocean_menu_typo_transform":"","ocean_menu_typo_transform_tablet":"","ocean_menu_typo_transform_mobile":"","ocean_menu_typo_line_height":0,"ocean_menu_typo_line_height_tablet":0,"ocean_menu_typo_line_height_mobile":0,"ocean_menu_typo_line_height_unit":"","ocean_menu_typo_spacing":0,"ocean_menu_typo_spacing_tablet":0,"ocean_menu_typo_spacing_mobile":0,"ocean_menu_typo_spacing_unit":"","ocean_menu_link_color":"","ocean_menu_link_color_hover":"","ocean_menu_link_color_active":"","ocean_menu_link_background":"","ocean_menu_link_hover_background":"","ocean_menu_link_active_background":"","ocean_menu_social_links_bg":"","ocean_menu_social_hover_links_bg":"","ocean_menu_social_links_color":"","ocean_menu_social_hover_links_color":"","ocean_disable_title":"default","ocean_disable_heading":"default","ocean_post_title":"","ocean_post_subheading":"","ocean_post_title_style":"","ocean_post_title_background_color":"","ocean_post_title_background":0,"ocean_post_title_bg_image_position":"","ocean_post_title_bg_image_attachment":"","ocean_post_title_bg_image_repeat":"","ocean_post_title_bg_image_size":"","ocean_post_title_height":0,"ocean_post_title_bg_overlay":0.5,"ocean_post_title_bg_overlay_color":"","ocean_disable_breadcrumbs":"default","ocean_breadcrumbs_color":"","ocean_breadcrumbs_separator_color":"","ocean_breadcrumbs_links_color":"","ocean_breadcrumbs_links_hover_color":"","ocean_display_footer_widgets":"default","ocean_display_footer_bottom":"default","ocean_custom_footer_template":"","ocean_post_oembed":"","ocean_post_self_hosted_media":"","ocean_post_video_embed":"","ocean_link_format":"","ocean_link_format_target":"self","ocean_quote_format":"","ocean_quote_format_link":"post","ocean_gallery_link_images":"on","ocean_gallery_id":[],"footnotes":""},"categories":[133],"tags":[139],"class_list":["post-55826","post","type-post","status-publish","format-standard","has-post-thumbnail","hentry","category-notizie","tag-notizie-di-la-ccis","entry","has-media"],"yoast_head":"<!-- This site is optimized with the Yoast SEO plugin v27.4 - https:\/\/yoast.com\/product\/yoast-seo-wordpress\/ -->\n<title>Sono gi\u00e0 32 le imprese che la CCIS porter\u00e0 ad Alimentaria 2016 - Italcamara<\/title>\n<meta name=\"robots\" content=\"index, follow, max-snippet:-1, max-image-preview:large, max-video-preview:-1\" \/>\n<link rel=\"canonical\" href=\"https:\/\/italcamara-es.com\/it\/notizie\/sono-gia-32-le-imprese-che-la-ccis-portera-ad-alimentaria-2016\/\" \/>\n<meta property=\"og:locale\" content=\"it_IT\" \/>\n<meta property=\"og:type\" content=\"article\" \/>\n<meta property=\"og:title\" content=\"Sono gi\u00e0 32 le imprese che la CCIS porter\u00e0 ad Alimentaria 2016 - Italcamara\" \/>\n<meta property=\"og:description\" content=\"L\u2019enogastronomia italiana sar\u00e0 protagonista in questa nuova edizione dell\u2019importante fiera che si svolger\u00e0 a Barcellona dal 25 al 28 aprile. Uno spazio espositivo di pi\u00f9 di 400 m2 ospiter\u00e0 le eccellenze territoriali del Belpaese Ad oggi sono 32 le imprese che fanno parte della delegazione italiana che, sotto la guida della CCIS, \u00a0parteciper\u00e0 alla fiera [&hellip;]\" \/>\n<meta property=\"og:url\" content=\"https:\/\/italcamara-es.com\/it\/notizie\/sono-gia-32-le-imprese-che-la-ccis-portera-ad-alimentaria-2016\/\" \/>\n<meta property=\"og:site_name\" content=\"Italcamara\" \/>\n<meta property=\"article:published_time\" content=\"2016-01-19T14:29:21+00:00\" \/>\n<meta property=\"og:image\" content=\"https:\/\/italcamara-es.com\/wp-content\/uploads\/2025\/03\/250images.jpg\" \/>\n\t<meta property=\"og:image:width\" content=\"250\" \/>\n\t<meta property=\"og:image:height\" content=\"150\" \/>\n\t<meta property=\"og:image:type\" content=\"image\/jpeg\" \/>\n<meta name=\"author\" content=\"administrador\" \/>\n<meta name=\"twitter:card\" content=\"summary_large_image\" \/>\n<meta name=\"twitter:label1\" content=\"Scritto da\" \/>\n\t<meta name=\"twitter:data1\" content=\"administrador\" \/>\n\t<meta name=\"twitter:label2\" content=\"Tempo di lettura stimato\" \/>\n\t<meta name=\"twitter:data2\" content=\"1 minuto\" \/>\n<script type=\"application\/ld+json\" class=\"yoast-schema-graph\">{\"@context\":\"https:\\\/\\\/schema.org\",\"@graph\":[{\"@type\":\"Article\",\"@id\":\"https:\\\/\\\/italcamara-es.com\\\/it\\\/notizie\\\/sono-gia-32-le-imprese-che-la-ccis-portera-ad-alimentaria-2016\\\/#article\",\"isPartOf\":{\"@id\":\"https:\\\/\\\/italcamara-es.com\\\/it\\\/notizie\\\/sono-gia-32-le-imprese-che-la-ccis-portera-ad-alimentaria-2016\\\/\"},\"author\":{\"name\":\"administrador\",\"@id\":\"https:\\\/\\\/italcamara-es.com\\\/#\\\/schema\\\/person\\\/bb3c56263e405bbd9a15171dcfee93bb\"},\"headline\":\"Sono gi\u00e0 32 le imprese che la CCIS porter\u00e0 ad Alimentaria 2016\",\"datePublished\":\"2016-01-19T14:29:21+00:00\",\"mainEntityOfPage\":{\"@id\":\"https:\\\/\\\/italcamara-es.com\\\/it\\\/notizie\\\/sono-gia-32-le-imprese-che-la-ccis-portera-ad-alimentaria-2016\\\/\"},\"wordCount\":297,\"commentCount\":0,\"image\":{\"@id\":\"https:\\\/\\\/italcamara-es.com\\\/it\\\/notizie\\\/sono-gia-32-le-imprese-che-la-ccis-portera-ad-alimentaria-2016\\\/#primaryimage\"},\"thumbnailUrl\":\"https:\\\/\\\/italcamara-es.com\\\/wp-content\\\/uploads\\\/2025\\\/03\\\/250images.jpg\",\"keywords\":[\"Notizie di la CCIS\"],\"articleSection\":[\"Notizie\"],\"inLanguage\":\"it-IT\",\"potentialAction\":[{\"@type\":\"CommentAction\",\"name\":\"Comment\",\"target\":[\"https:\\\/\\\/italcamara-es.com\\\/it\\\/notizie\\\/sono-gia-32-le-imprese-che-la-ccis-portera-ad-alimentaria-2016\\\/#respond\"]}]},{\"@type\":\"WebPage\",\"@id\":\"https:\\\/\\\/italcamara-es.com\\\/it\\\/notizie\\\/sono-gia-32-le-imprese-che-la-ccis-portera-ad-alimentaria-2016\\\/\",\"url\":\"https:\\\/\\\/italcamara-es.com\\\/it\\\/notizie\\\/sono-gia-32-le-imprese-che-la-ccis-portera-ad-alimentaria-2016\\\/\",\"name\":\"Sono gi\u00e0 32 le imprese che la CCIS porter\u00e0 ad Alimentaria 2016 - Italcamara\",\"isPartOf\":{\"@id\":\"https:\\\/\\\/italcamara-es.com\\\/#website\"},\"primaryImageOfPage\":{\"@id\":\"https:\\\/\\\/italcamara-es.com\\\/it\\\/notizie\\\/sono-gia-32-le-imprese-che-la-ccis-portera-ad-alimentaria-2016\\\/#primaryimage\"},\"image\":{\"@id\":\"https:\\\/\\\/italcamara-es.com\\\/it\\\/notizie\\\/sono-gia-32-le-imprese-che-la-ccis-portera-ad-alimentaria-2016\\\/#primaryimage\"},\"thumbnailUrl\":\"https:\\\/\\\/italcamara-es.com\\\/wp-content\\\/uploads\\\/2025\\\/03\\\/250images.jpg\",\"datePublished\":\"2016-01-19T14:29:21+00:00\",\"author\":{\"@id\":\"https:\\\/\\\/italcamara-es.com\\\/#\\\/schema\\\/person\\\/bb3c56263e405bbd9a15171dcfee93bb\"},\"breadcrumb\":{\"@id\":\"https:\\\/\\\/italcamara-es.com\\\/it\\\/notizie\\\/sono-gia-32-le-imprese-che-la-ccis-portera-ad-alimentaria-2016\\\/#breadcrumb\"},\"inLanguage\":\"it-IT\",\"potentialAction\":[{\"@type\":\"ReadAction\",\"target\":[\"https:\\\/\\\/italcamara-es.com\\\/it\\\/notizie\\\/sono-gia-32-le-imprese-che-la-ccis-portera-ad-alimentaria-2016\\\/\"]}]},{\"@type\":\"ImageObject\",\"inLanguage\":\"it-IT\",\"@id\":\"https:\\\/\\\/italcamara-es.com\\\/it\\\/notizie\\\/sono-gia-32-le-imprese-che-la-ccis-portera-ad-alimentaria-2016\\\/#primaryimage\",\"url\":\"https:\\\/\\\/italcamara-es.com\\\/wp-content\\\/uploads\\\/2025\\\/03\\\/250images.jpg\",\"contentUrl\":\"https:\\\/\\\/italcamara-es.com\\\/wp-content\\\/uploads\\\/2025\\\/03\\\/250images.jpg\",\"width\":250,\"height\":150},{\"@type\":\"BreadcrumbList\",\"@id\":\"https:\\\/\\\/italcamara-es.com\\\/it\\\/notizie\\\/sono-gia-32-le-imprese-che-la-ccis-portera-ad-alimentaria-2016\\\/#breadcrumb\",\"itemListElement\":[{\"@type\":\"ListItem\",\"position\":1,\"name\":\"Inicio\",\"item\":\"https:\\\/\\\/italcamara-es.com\\\/it\\\/homepage-ita\\\/\"},{\"@type\":\"ListItem\",\"position\":2,\"name\":\"Sono gi\u00e0 32 le imprese che la CCIS porter\u00e0 ad Alimentaria 2016\"}]},{\"@type\":\"WebSite\",\"@id\":\"https:\\\/\\\/italcamara-es.com\\\/#website\",\"url\":\"https:\\\/\\\/italcamara-es.com\\\/\",\"name\":\"Italcamara\",\"description\":\"\",\"potentialAction\":[{\"@type\":\"SearchAction\",\"target\":{\"@type\":\"EntryPoint\",\"urlTemplate\":\"https:\\\/\\\/italcamara-es.com\\\/?s={search_term_string}\"},\"query-input\":{\"@type\":\"PropertyValueSpecification\",\"valueRequired\":true,\"valueName\":\"search_term_string\"}}],\"inLanguage\":\"it-IT\"},{\"@type\":\"Person\",\"@id\":\"https:\\\/\\\/italcamara-es.com\\\/#\\\/schema\\\/person\\\/bb3c56263e405bbd9a15171dcfee93bb\",\"name\":\"administrador\",\"image\":{\"@type\":\"ImageObject\",\"inLanguage\":\"it-IT\",\"@id\":\"https:\\\/\\\/secure.gravatar.com\\\/avatar\\\/14b5e63db38320b12031bb28cf9f77e210aa71fb3a8a3602a3c9a05134fa75eb?s=96&d=mm&r=g\",\"url\":\"https:\\\/\\\/secure.gravatar.com\\\/avatar\\\/14b5e63db38320b12031bb28cf9f77e210aa71fb3a8a3602a3c9a05134fa75eb?s=96&d=mm&r=g\",\"contentUrl\":\"https:\\\/\\\/secure.gravatar.com\\\/avatar\\\/14b5e63db38320b12031bb28cf9f77e210aa71fb3a8a3602a3c9a05134fa75eb?s=96&d=mm&r=g\",\"caption\":\"administrador\"},\"sameAs\":[\"http:\\\/\\\/pre.italcamara-es.com\"],\"url\":\"https:\\\/\\\/italcamara-es.com\\\/it\\\/author\\\/administrador\\\/\"}]}<\/script>\n<!-- \/ Yoast SEO plugin. -->","yoast_head_json":{"title":"Sono gi\u00e0 32 le imprese che la CCIS porter\u00e0 ad Alimentaria 2016 - Italcamara","robots":{"index":"index","follow":"follow","max-snippet":"max-snippet:-1","max-image-preview":"max-image-preview:large","max-video-preview":"max-video-preview:-1"},"canonical":"https:\/\/italcamara-es.com\/it\/notizie\/sono-gia-32-le-imprese-che-la-ccis-portera-ad-alimentaria-2016\/","og_locale":"it_IT","og_type":"article","og_title":"Sono gi\u00e0 32 le imprese che la CCIS porter\u00e0 ad Alimentaria 2016 - Italcamara","og_description":"L\u2019enogastronomia italiana sar\u00e0 protagonista in questa nuova edizione dell\u2019importante fiera che si svolger\u00e0 a Barcellona dal 25 al 28 aprile. Uno spazio espositivo di pi\u00f9 di 400 m2 ospiter\u00e0 le eccellenze territoriali del Belpaese Ad oggi sono 32 le imprese che fanno parte della delegazione italiana che, sotto la guida della CCIS, \u00a0parteciper\u00e0 alla fiera [&hellip;]","og_url":"https:\/\/italcamara-es.com\/it\/notizie\/sono-gia-32-le-imprese-che-la-ccis-portera-ad-alimentaria-2016\/","og_site_name":"Italcamara","article_published_time":"2016-01-19T14:29:21+00:00","og_image":[{"width":250,"height":150,"url":"https:\/\/italcamara-es.com\/wp-content\/uploads\/2025\/03\/250images.jpg","type":"image\/jpeg"}],"author":"administrador","twitter_card":"summary_large_image","twitter_misc":{"Scritto da":"administrador","Tempo di lettura stimato":"1 minuto"},"schema":{"@context":"https:\/\/schema.org","@graph":[{"@type":"Article","@id":"https:\/\/italcamara-es.com\/it\/notizie\/sono-gia-32-le-imprese-che-la-ccis-portera-ad-alimentaria-2016\/#article","isPartOf":{"@id":"https:\/\/italcamara-es.com\/it\/notizie\/sono-gia-32-le-imprese-che-la-ccis-portera-ad-alimentaria-2016\/"},"author":{"name":"administrador","@id":"https:\/\/italcamara-es.com\/#\/schema\/person\/bb3c56263e405bbd9a15171dcfee93bb"},"headline":"Sono gi\u00e0 32 le imprese che la CCIS porter\u00e0 ad Alimentaria 2016","datePublished":"2016-01-19T14:29:21+00:00","mainEntityOfPage":{"@id":"https:\/\/italcamara-es.com\/it\/notizie\/sono-gia-32-le-imprese-che-la-ccis-portera-ad-alimentaria-2016\/"},"wordCount":297,"commentCount":0,"image":{"@id":"https:\/\/italcamara-es.com\/it\/notizie\/sono-gia-32-le-imprese-che-la-ccis-portera-ad-alimentaria-2016\/#primaryimage"},"thumbnailUrl":"https:\/\/italcamara-es.com\/wp-content\/uploads\/2025\/03\/250images.jpg","keywords":["Notizie di la CCIS"],"articleSection":["Notizie"],"inLanguage":"it-IT","potentialAction":[{"@type":"CommentAction","name":"Comment","target":["https:\/\/italcamara-es.com\/it\/notizie\/sono-gia-32-le-imprese-che-la-ccis-portera-ad-alimentaria-2016\/#respond"]}]},{"@type":"WebPage","@id":"https:\/\/italcamara-es.com\/it\/notizie\/sono-gia-32-le-imprese-che-la-ccis-portera-ad-alimentaria-2016\/","url":"https:\/\/italcamara-es.com\/it\/notizie\/sono-gia-32-le-imprese-che-la-ccis-portera-ad-alimentaria-2016\/","name":"Sono gi\u00e0 32 le imprese che la CCIS porter\u00e0 ad Alimentaria 2016 - Italcamara","isPartOf":{"@id":"https:\/\/italcamara-es.com\/#website"},"primaryImageOfPage":{"@id":"https:\/\/italcamara-es.com\/it\/notizie\/sono-gia-32-le-imprese-che-la-ccis-portera-ad-alimentaria-2016\/#primaryimage"},"image":{"@id":"https:\/\/italcamara-es.com\/it\/notizie\/sono-gia-32-le-imprese-che-la-ccis-portera-ad-alimentaria-2016\/#primaryimage"},"thumbnailUrl":"https:\/\/italcamara-es.com\/wp-content\/uploads\/2025\/03\/250images.jpg","datePublished":"2016-01-19T14:29:21+00:00","author":{"@id":"https:\/\/italcamara-es.com\/#\/schema\/person\/bb3c56263e405bbd9a15171dcfee93bb"},"breadcrumb":{"@id":"https:\/\/italcamara-es.com\/it\/notizie\/sono-gia-32-le-imprese-che-la-ccis-portera-ad-alimentaria-2016\/#breadcrumb"},"inLanguage":"it-IT","potentialAction":[{"@type":"ReadAction","target":["https:\/\/italcamara-es.com\/it\/notizie\/sono-gia-32-le-imprese-che-la-ccis-portera-ad-alimentaria-2016\/"]}]},{"@type":"ImageObject","inLanguage":"it-IT","@id":"https:\/\/italcamara-es.com\/it\/notizie\/sono-gia-32-le-imprese-che-la-ccis-portera-ad-alimentaria-2016\/#primaryimage","url":"https:\/\/italcamara-es.com\/wp-content\/uploads\/2025\/03\/250images.jpg","contentUrl":"https:\/\/italcamara-es.com\/wp-content\/uploads\/2025\/03\/250images.jpg","width":250,"height":150},{"@type":"BreadcrumbList","@id":"https:\/\/italcamara-es.com\/it\/notizie\/sono-gia-32-le-imprese-che-la-ccis-portera-ad-alimentaria-2016\/#breadcrumb","itemListElement":[{"@type":"ListItem","position":1,"name":"Inicio","item":"https:\/\/italcamara-es.com\/it\/homepage-ita\/"},{"@type":"ListItem","position":2,"name":"Sono gi\u00e0 32 le imprese che la CCIS porter\u00e0 ad Alimentaria 2016"}]},{"@type":"WebSite","@id":"https:\/\/italcamara-es.com\/#website","url":"https:\/\/italcamara-es.com\/","name":"Italcamara","description":"","potentialAction":[{"@type":"SearchAction","target":{"@type":"EntryPoint","urlTemplate":"https:\/\/italcamara-es.com\/?s={search_term_string}"},"query-input":{"@type":"PropertyValueSpecification","valueRequired":true,"valueName":"search_term_string"}}],"inLanguage":"it-IT"},{"@type":"Person","@id":"https:\/\/italcamara-es.com\/#\/schema\/person\/bb3c56263e405bbd9a15171dcfee93bb","name":"administrador","image":{"@type":"ImageObject","inLanguage":"it-IT","@id":"https:\/\/secure.gravatar.com\/avatar\/14b5e63db38320b12031bb28cf9f77e210aa71fb3a8a3602a3c9a05134fa75eb?s=96&d=mm&r=g","url":"https:\/\/secure.gravatar.com\/avatar\/14b5e63db38320b12031bb28cf9f77e210aa71fb3a8a3602a3c9a05134fa75eb?s=96&d=mm&r=g","contentUrl":"https:\/\/secure.gravatar.com\/avatar\/14b5e63db38320b12031bb28cf9f77e210aa71fb3a8a3602a3c9a05134fa75eb?s=96&d=mm&r=g","caption":"administrador"},"sameAs":["http:\/\/pre.italcamara-es.com"],"url":"https:\/\/italcamara-es.com\/it\/author\/administrador\/"}]}},"rttpg_featured_image_url":{"full":["https:\/\/italcamara-es.com\/wp-content\/uploads\/2025\/03\/250images.jpg",250,150,false],"landscape":["https:\/\/italcamara-es.com\/wp-content\/uploads\/2025\/03\/250images.jpg",250,150,false],"portraits":["https:\/\/italcamara-es.com\/wp-content\/uploads\/2025\/03\/250images.jpg",250,150,false],"thumbnail":["https:\/\/italcamara-es.com\/wp-content\/uploads\/2025\/03\/250images-150x150.jpg",150,150,true],"medium":["https:\/\/italcamara-es.com\/wp-content\/uploads\/2025\/03\/250images.jpg",250,150,false],"large":["https:\/\/italcamara-es.com\/wp-content\/uploads\/2025\/03\/250images.jpg",250,150,false],"1536x1536":["https:\/\/italcamara-es.com\/wp-content\/uploads\/2025\/03\/250images.jpg",250,150,false],"2048x2048":["https:\/\/italcamara-es.com\/wp-content\/uploads\/2025\/03\/250images.jpg",250,150,false],"ocean-thumb-m":["https:\/\/italcamara-es.com\/wp-content\/uploads\/2025\/03\/250images.jpg",250,150,false],"ocean-thumb-ml":["https:\/\/italcamara-es.com\/wp-content\/uploads\/2025\/03\/250images.jpg",250,150,false],"ocean-thumb-l":["https:\/\/italcamara-es.com\/wp-content\/uploads\/2025\/03\/250images.jpg",250,150,false],"directorist_preview":["https:\/\/italcamara-es.com\/wp-content\/uploads\/2025\/03\/250images.jpg",250,150,false]},"rttpg_author":{"display_name":"administrador","author_link":"https:\/\/italcamara-es.com\/it\/author\/administrador\/"},"rttpg_comment":0,"rttpg_category":"<a href=\"https:\/\/italcamara-es.com\/it\/category\/notizie\/\" rel=\"category tag\">Notizie<\/a>","rttpg_excerpt":"L\u2019enogastronomia italiana sar\u00e0 protagonista in questa nuova edizione dell\u2019importante fiera che si svolger\u00e0 a Barcellona dal 25 al 28 aprile. Uno spazio espositivo di pi\u00f9 di 400 m2 ospiter\u00e0 le eccellenze territoriali del Belpaese Ad oggi sono 32 le imprese che fanno parte della delegazione italiana che, sotto la guida della CCIS, \u00a0parteciper\u00e0 alla fiera&hellip;","_links":{"self":[{"href":"https:\/\/italcamara-es.com\/it\/wp-json\/wp\/v2\/posts\/55826","targetHints":{"allow":["GET"]}}],"collection":[{"href":"https:\/\/italcamara-es.com\/it\/wp-json\/wp\/v2\/posts"}],"about":[{"href":"https:\/\/italcamara-es.com\/it\/wp-json\/wp\/v2\/types\/post"}],"author":[{"embeddable":true,"href":"https:\/\/italcamara-es.com\/it\/wp-json\/wp\/v2\/users\/1"}],"replies":[{"embeddable":true,"href":"https:\/\/italcamara-es.com\/it\/wp-json\/wp\/v2\/comments?post=55826"}],"version-history":[{"count":0,"href":"https:\/\/italcamara-es.com\/it\/wp-json\/wp\/v2\/posts\/55826\/revisions"}],"wp:featuredmedia":[{"embeddable":true,"href":"https:\/\/italcamara-es.com\/it\/wp-json\/wp\/v2\/media\/54234"}],"wp:attachment":[{"href":"https:\/\/italcamara-es.com\/it\/wp-json\/wp\/v2\/media?parent=55826"}],"wp:term":[{"taxonomy":"category","embeddable":true,"href":"https:\/\/italcamara-es.com\/it\/wp-json\/wp\/v2\/categories?post=55826"},{"taxonomy":"post_tag","embeddable":true,"href":"https:\/\/italcamara-es.com\/it\/wp-json\/wp\/v2\/tags?post=55826"}],"curies":[{"name":"wp","href":"https:\/\/api.w.org\/{rel}","templated":true}]}}