	{"id":55829,"date":"2015-12-11T09:15:47","date_gmt":"2015-12-11T08:15:47","guid":{"rendered":"http:\/\/pre.italcamara-es.com\/senza-categoria\/celebrata-la-xix-edizione-del-premio-tiepolo\/"},"modified":"2015-12-11T09:15:47","modified_gmt":"2015-12-11T08:15:47","slug":"celebrata-la-xix-edizione-del-premio-tiepolo","status":"publish","type":"post","link":"https:\/\/italcamara-es.com\/it\/notizie\/celebrata-la-xix-edizione-del-premio-tiepolo\/","title":{"rendered":"Celebrata la XIX edizione del Premio Tiepolo"},"content":{"rendered":"<p style=\"text-align: justify;\"><em>Alfredo Altavilla, Chief Operating officer per l&#8217;Europa, Medio Oriente e Africa del gruppo Fiat Chrysler Automobiles, e Juan Rosell, presidente della CEOE, hanno ricevuto il premio dall&#8217;Ambaciatore d&#8217;Italia in Spagna, Pietro Sebastiani, e dei presidenti delle Camera di Commercio di Madrid e italiana per la Spagna, Arturo Fern\u00e1ndez e Marco Pizzi<\/em><\/p>\n<p style=\"text-align: justify;\">Il Chief Operating Officer in Europa, Africa e Medio Oriente del gruppo Fiat Chrysler Automobile (FCA),<strong> Alfredo Altavilla<\/strong>, ed il presidente della Confederaci\u00f3n Espa\u00f1ola de Organizaciones Empresariales (CEOE) e vicepresidente di Business Europe, <strong>Juan Rosell<\/strong>, sono stati insigniti del <strong>Premio Tiepolo 2015<\/strong>, durante l&#8217;evento celebratosi los scorso 10 dicembre a Madrid.<\/p>\n<p style=\"text-align: justify;\"><a href=\"https:\/\/www.italcamara-es.com\/wp-content\/uploads\/2016\/09\/Premios-Tiepolo-2015-00021.jpg\"><img fetchpriority=\"high\" decoding=\"async\" class=\" size-full wp-image-5317 aligncenter\" src=\"https:\/\/www.italcamara-es.com\/wp-content\/uploads\/2016\/09\/Premios-Tiepolo-2015-00021.jpg\" alt=\"premios-tiepolo-2015-0002\" width=\"708\" height=\"472\" \/><\/a><\/p>\n<p style=\"text-align: justify;\">La <strong>Camera di Commercio e Industria Italiana per la Spagna &#8211; CCIS-<\/strong>\u00a0e la <strong>Camera di Commercio di Madrid <\/strong>organizzano questo evento, giunto alla diciannovesima edizione, quale riconoscimento alla carriera degli imprenditori di successo italiani e spagnoli. \u00a0Come di consueto, l\u2019Ambasciata d\u2019Italia a Madrid ha accolto nella sua sede la cerimonia di consegna di questo prestigioso riconoscimento, che \u00e8 stata inaugurata dall\u2019Ambasciatore d\u2019Italia in Spagna, <strong>Pietro Sebastiani<\/strong>, e condotta dal giornalista e membro della giuria del Premio Tiepolo, <strong>Josto Maffeo<\/strong>.<\/p>\n<p style=\"text-align: justify;\"><a href=\"https:\/\/www.italcamara-es.com\/wp-content\/uploads\/2016\/09\/Premios-Tiepolo-2015-00051.jpg\"><img decoding=\"async\" class=\" size-full wp-image-5318 aligncenter\" src=\"https:\/\/www.italcamara-es.com\/wp-content\/uploads\/2016\/09\/Premios-Tiepolo-2015-00051.jpg\" alt=\"premios-tiepolo-2015-0005\" width=\"708\" height=\"472\" \/><\/a><\/p>\n<p style=\"text-align: justify;\">La giuria, composta da Jos\u00e9 Antonio Vera, Juan Jos\u00e9 Santacana, Luis Aparicio, Jos\u00e9 Alejandro Vara, Francesco Cerri, Josto Maffeo e Riccardo Ehrman, giornalisti di importanti mezzi di comunicazione spagnoli e corrispondenti italiani in Spagna, ha voluto riconoscere la traiettoria professionale di successo di queste due personalit\u00e0 che, con il loro impegno, hanno contribuito a potenziare le relazioni economiche tra Italia e Spagna e a diffondere l\u2019immagine dei due paesi nel mondo.<\/p>\n<p style=\"text-align: justify;\">\u201c<em>Juan Rosell e Alfredo Altavilla sono importanti uomini d\u2019impresa che sono riusciti con maestria a rafforzare i legami tra i due paesi<\/em>\u201d, ha affermato il Presidente della Camera di Commercio di Madrid, Arturo Fern\u00e1ndez, durante il suo intervento. Fernandez ha aggiunto che \u201c<em>il loro operato \u00e8 indiscutibile, il loro lavoro ed il loro sforzo hanno rivestito un\u2019importanza cruciale per l\u2019economia della Spagna e dell\u2019Italia<\/em>\u201d.<\/p>\n<p style=\"text-align: justify;\">\u201c<em>In questa occasione cos\u00ec speciale nella quale celebriamo i vent\u2019anni del Premio Tiepolo, la decisione della giuria di assegnare questo riconoscimento a Juan Rosell e Alfredo Altavilla \u00e8 pi\u00f9 che mai condivisibile<\/em>\u201d ha affermato, da parte sua, il Presidente della CCIS, <strong>Marco Pizzi<\/strong>. \u201c<em>La loro traiettoria di successo &#8211; ha aggiunto \u2013 riassume nel migliore dei modi i valori che sono alla base delle relazioni bilaterali tra i nostri paesi e che il Premio Tiepolo rappresenta: la fiducia reciproca, la conoscenza dei rispettivi mercati e lo spirito di collaborazione<\/em>\u201d.<\/p>\n<p style=\"text-align: justify;\"><a href=\"https:\/\/www.italcamara-es.com\/wp-content\/uploads\/2016\/09\/Premios-Tiepolo-2015-00101.jpg\"><img decoding=\"async\" class=\" size-full wp-image-5319 aligncenter\" src=\"https:\/\/www.italcamara-es.com\/wp-content\/uploads\/2016\/09\/Premios-Tiepolo-2015-00101.jpg\" alt=\"premios-tiepolo-2015-0010\" width=\"315\" height=\"472\" \/><\/a><\/p>\n<p style=\"text-align: justify;\"><strong><span style=\"text-decoration: underline;\">Altavilla, figura determinante del Piano Industriale di Iveco per la Spagna\u00a0<\/span><\/strong><\/p>\n<p style=\"text-align: justify;\">In Italia, la giuria di questa diciannovesima edizione del Tiepolo ha messo in evidenza il lavoro di <strong>Alfredo Altavilla<\/strong> (Taranto, 1963), Chief Operating officer per l\u2019Europa, Africa e Medio Oriente del gruppo Fiat Chrysler Automobile (FCA), che ha rivestito un ruolo determinante nello sviluppo del Piano Industriale di Iveco per la Spagna quando era CEO di questa filiale dell\u2019allora gruppo Fiat Industrial.<\/p>\n<p style=\"text-align: justify;\">\u201c<em>Se abbiamo appreso qualcosa dalla recente crisi \u00e8 il fatto che non si pu\u00f2 trascurare l\u2019importanza dell\u2019industria come motore economico, n\u00e9 il suo ruolo nella dinamica della creazione di posti di lavoro e di articolazione di politiche di innovazione<\/em>\u201d, ha affermato Alfredo Altavilla dopo aver ricevuto il premio. Il manager italiano ha spiegato che \u201d<em>L\u2019industria nel suo complesso, e in particolare quella legata alla produzione di veicoli, ha fatto da traino alla ripresa economica, sia in Spagna sia nel resto dei Paesi europei. Pertanto, bisogna continuare a scommettere su questo settore<\/em>\u201d. Altavilla ha voluto inoltre sottolineare come in Spagna \u201c<em>ci sono ben 17 stabilimenti produttivi, appartenenti a 9 marchi diversi. Il paese iberico \u00e8 il secondo in Europa in termini di produzione di veicoli. Il primo, per quanto riguarda la produzione di veicoli industriali. Si tratta di un settore che rappresenta il 10% del PIL spagnolo e il 17% delle esportazioni<\/em>\u201d<\/p>\n<p style=\"text-align: justify;\">Altavilla ha puntato decisamente sull\u2019industria spagnola in un periodo in cui il paese iberico stava attraversando una difficile situazione economica, decidendo di concentrare a Madrid la produzione dei veicoli pesanti di Iveco, che fino a quel momento si divideva tra Spagna e Germania.<\/p>\n<p style=\"text-align: justify;\"><a href=\"https:\/\/www.italcamara-es.com\/wp-content\/uploads\/2016\/09\/Premios-Tiepolo-2015-00141.jpg\"><img loading=\"lazy\" decoding=\"async\" class=\" size-full wp-image-5320 aligncenter\" src=\"https:\/\/www.italcamara-es.com\/wp-content\/uploads\/2016\/09\/Premios-Tiepolo-2015-00141.jpg\" alt=\"premios-tiepolo-2015-0014\" width=\"708\" height=\"472\" \/><\/a><\/p>\n<p style=\"text-align: justify;\">La decisione di Iveco \u00e8 stata alla base di un successivo ingresso di ulteriori imprese industriali nel mercato spagnolo.<\/p>\n<p style=\"text-align: justify;\">Il risultato \u00e8 stato l\u2019attivazione del Piano Industriale di Iveco per la Spagna, di cui Altavilla \u00e8 stato il principale promotore. Questo ambizioso progetto comporta una serie di investimenti per un valore complessivo di circa 500 milioni di euro tra il 2012 ed il 2016, e si concentra nelle fabbriche di Madrid e Valladolid per lo sviluppo e produzione di nuovi modelli. \u201c<em>Lo stabilimento di Iveco a Madrid produce attualmente 130 unit\u00e0 al giorno di camion pesanti Stralis e Trakker (con previsioni di ulteriore crescita) ed esporta il 90% della propria produzione. L\u2019organico attuale \u00e8 composto da oltre 2.600 persone, il 22% delle quali sono donne. Si tratta della percentuale di presenza femminile pi\u00f9 alta all\u2019interno del settore in questo Paese<\/em>\u201d ha affermato il manager italiano.<\/p>\n<p style=\"text-align: justify;\">La traiettoria professionale di Altavilla \u00e8 legata al gruppo Fiat dal 1990, quando \u00e8 entrato a far parte del gruppo per occuparsi delle operazioni internazionali nell\u2019ambito della pianificazione strategica e di sviluppo del prodotto. Da allora, ha occupato diversi posti di responsabilit\u00e0 all\u2019interno della compagnia.<\/p>\n<p style=\"text-align: justify;\">\u00c8 inoltre responabile di Business Development e membro del Group Executive Council (GEC) di FCA dal settembre 2011.<\/p>\n<p style=\"text-align: justify;\"><strong><span style=\"text-decoration: underline;\">\u00a0<\/span><\/strong><\/p>\n<p style=\"text-align: justify;\"><strong><span style=\"text-decoration: underline;\">Rosell, convinto sostenitore del potenziamento delle relazioni economiche tra Italia e Spagna<\/span><\/strong><\/p>\n<p style=\"text-align: justify;\"><strong>Juan Rosell<\/strong> (Barcellona, 1957) \u00e8 presidente della Confederaci\u00f3n Espa\u00f1ola de Organizaciones Empresariales (CEOE) dal dicembre 2010. \u00c8 anche vicepresidente di Business Europe, e presiede l\u2019Instituto de Log\u00edstica Internacional &#8211; ILI e la Fundaci\u00f3n \u00c1nima.<\/p>\n<p style=\"text-align: justify;\">\u201c<em>Nelle relazioni commerciali ed economiche tra Spagna e Italia bisogna evidenziare il crescente numero di settori coinvolti in progetti comuni. Ci sono importanti esempi di questa cooperazione imprenditoriale tra i due paesi in settori quali le infrastrutture, l\u2019energia, il medio ambiente, l\u2019automotive o la ricerca e l\u2019innovazione tecnologica, che contribuiscono a dare vitalit\u00e0 a queste relazioni<\/em>\u201d, ha affermato Juan Rosell dopo aver ricevuto il Premio Tiepolo.<\/p>\n<p style=\"text-align: justify;\"><a href=\"https:\/\/www.italcamara-es.com\/wp-content\/uploads\/2016\/09\/Premios-Tiepolo-2015-00181.jpg\"><img loading=\"lazy\" decoding=\"async\" class=\" size-full wp-image-5322 aligncenter\" src=\"https:\/\/www.italcamara-es.com\/wp-content\/uploads\/2016\/09\/Premios-Tiepolo-2015-00181.jpg\" alt=\"premios-tiepolo-2015-0018\" width=\"315\" height=\"472\" \/><\/a><\/p>\n<p style=\"text-align: justify;\">La sua traiettoria professionale \u00e8 legata a numerose imprese e settori dell\u2019economia spagnola e straniera. \u00c8 stato presidente della compagnia elettrica catalana Enher dal 1996 al 1999 e di Fecsa-Enher. Ha inoltre presieduto Corporaci\u00f3n Uniland nel biennio 2005-2006.<\/p>\n<p style=\"text-align: justify;\">Attualmente \u00e8 presidente di Congost Plastic, con filiali in numerosi paesi tra cui l\u2018Italia; e di OMB, dedicata alla gestione di rifiuti urbani. Inoltre, \u00e8 membro del CdA di Airat, Caixabank, Port Aventura e Gas Natural Fenosa.<\/p>\n<p style=\"text-align: justify;\">\u00c8 un convinto sostenitore del potenziamento delle relazioni economiche e sociali tra Spagna e Italia e, in particolare, del rafforzamento della cooperazione imprenditoriale italo-spagnola. \u00c8 infatti uno dei promotori del Foro di dialogo Italia Spagna.<\/p>\n<p style=\"text-align: justify;\">Il premio ricevuto durante l&#8217;evento del 10 dicembre scorso si aggiunge ad altri importanti riconoscimenti come risultato dei traguardi raggiunti come imprenditore. Quest\u2019anno, \u00e8 stato insignito dell\u2019onorificenza di Grande Ufficiale dell\u2019Ordine della Stella d\u2019Italia, conferita dal presidente della Repubblica Italiana. \u00c8 inoltre Commendatore al Merito della Repubblica Italiana. A livello nazionale ha ricevuto la Medalla de Oro al M\u00e9rito della Fiera Campionaria Ufficiale e Internazionale di Barcellona, la Medalla de Plata della Camera Ufficiale di Industria, Commercio e Navigazione di Barcellona o la Llave de Oro della Citt\u00e0 di Barcellona.<\/p>\n<p style=\"text-align: justify;\">Rosell ha rivestito la carica di presidente della confederazione imprenditoriale catalana Fomento del Trabajo Nacional per 15 anni.<\/p>\n<p style=\"text-align: justify;\"><a href=\"https:\/\/www.italcamara-es.com\/wp-content\/uploads\/2016\/09\/Premios-Tiepolo-2015-00161.jpg\"><img loading=\"lazy\" decoding=\"async\" class=\" size-full wp-image-5321 aligncenter\" src=\"https:\/\/www.italcamara-es.com\/wp-content\/uploads\/2016\/09\/Premios-Tiepolo-2015-00161.jpg\" alt=\"premios-tiepolo-2015-0016\" width=\"708\" height=\"472\" \/><\/a><\/p>\n<p style=\"text-align: justify;\"><span style=\"text-decoration: underline;\"><strong><span style=\"color: #3366ff;\"><a href=\"http:\/\/italcamara-es.com\/files\/pdf\/2015\/Apariciones_TIEPOLO_prensa_impresa.pdf\" target=\"_blank\" rel=\"noopener\">RASSEGNA STAMPA XIX EDIZIONE PREMIO TIEPOLO<\/a><\/span><\/strong><\/span><\/p>\n","protected":false},"excerpt":{"rendered":"<p>Alfredo Altavilla, Chief Operating officer per l&#8217;Europa, Medio Oriente e Africa del gruppo Fiat Chrysler Automobiles, e Juan Rosell, presidente della CEOE, hanno ricevuto il premio dall&#8217;Ambaciatore d&#8217;Italia in Spagna, Pietro Sebastiani, e dei presidenti delle Camera di Commercio di Madrid e italiana per la Spagna, Arturo Fern\u00e1ndez e Marco Pizzi Il Chief Operating Officer [&hellip;]<\/p>\n","protected":false},"author":1,"featured_media":54240,"comment_status":"open","ping_status":"open","sticky":false,"template":"","format":"standard","meta":{"inline_featured_image":false,"ocean_post_layout":"","ocean_both_sidebars_style":"","ocean_both_sidebars_content_width":0,"ocean_both_sidebars_sidebars_width":0,"ocean_sidebar":"","ocean_second_sidebar":"","ocean_disable_margins":"enable","ocean_add_body_class":"","ocean_shortcode_before_top_bar":"","ocean_shortcode_after_top_bar":"","ocean_shortcode_before_header":"","ocean_shortcode_after_header":"","ocean_has_shortcode":"","ocean_shortcode_after_title":"","ocean_shortcode_before_footer_widgets":"","ocean_shortcode_after_footer_widgets":"","ocean_shortcode_before_footer_bottom":"","ocean_shortcode_after_footer_bottom":"","ocean_display_top_bar":"default","ocean_display_header":"default","ocean_header_style":"","ocean_center_header_left_menu":"","ocean_custom_header_template":"","ocean_custom_logo":0,"ocean_custom_retina_logo":0,"ocean_custom_logo_max_width":0,"ocean_custom_logo_tablet_max_width":0,"ocean_custom_logo_mobile_max_width":0,"ocean_custom_logo_max_height":0,"ocean_custom_logo_tablet_max_height":0,"ocean_custom_logo_mobile_max_height":0,"ocean_header_custom_menu":"","ocean_menu_typo_font_family":"","ocean_menu_typo_font_subset":"","ocean_menu_typo_font_size":0,"ocean_menu_typo_font_size_tablet":0,"ocean_menu_typo_font_size_mobile":0,"ocean_menu_typo_font_size_unit":"px","ocean_menu_typo_font_weight":"","ocean_menu_typo_font_weight_tablet":"","ocean_menu_typo_font_weight_mobile":"","ocean_menu_typo_transform":"","ocean_menu_typo_transform_tablet":"","ocean_menu_typo_transform_mobile":"","ocean_menu_typo_line_height":0,"ocean_menu_typo_line_height_tablet":0,"ocean_menu_typo_line_height_mobile":0,"ocean_menu_typo_line_height_unit":"","ocean_menu_typo_spacing":0,"ocean_menu_typo_spacing_tablet":0,"ocean_menu_typo_spacing_mobile":0,"ocean_menu_typo_spacing_unit":"","ocean_menu_link_color":"","ocean_menu_link_color_hover":"","ocean_menu_link_color_active":"","ocean_menu_link_background":"","ocean_menu_link_hover_background":"","ocean_menu_link_active_background":"","ocean_menu_social_links_bg":"","ocean_menu_social_hover_links_bg":"","ocean_menu_social_links_color":"","ocean_menu_social_hover_links_color":"","ocean_disable_title":"default","ocean_disable_heading":"default","ocean_post_title":"","ocean_post_subheading":"","ocean_post_title_style":"","ocean_post_title_background_color":"","ocean_post_title_background":0,"ocean_post_title_bg_image_position":"","ocean_post_title_bg_image_attachment":"","ocean_post_title_bg_image_repeat":"","ocean_post_title_bg_image_size":"","ocean_post_title_height":0,"ocean_post_title_bg_overlay":0.5,"ocean_post_title_bg_overlay_color":"","ocean_disable_breadcrumbs":"default","ocean_breadcrumbs_color":"","ocean_breadcrumbs_separator_color":"","ocean_breadcrumbs_links_color":"","ocean_breadcrumbs_links_hover_color":"","ocean_display_footer_widgets":"default","ocean_display_footer_bottom":"default","ocean_custom_footer_template":"","ocean_post_oembed":"","ocean_post_self_hosted_media":"","ocean_post_video_embed":"","ocean_link_format":"","ocean_link_format_target":"self","ocean_quote_format":"","ocean_quote_format_link":"post","ocean_gallery_link_images":"on","ocean_gallery_id":[],"footnotes":""},"categories":[133],"tags":[139],"class_list":["post-55829","post","type-post","status-publish","format-standard","has-post-thumbnail","hentry","category-notizie","tag-notizie-di-la-ccis","entry","has-media"],"yoast_head":"<!-- This site is optimized with the Yoast SEO plugin v27.4 - https:\/\/yoast.com\/product\/yoast-seo-wordpress\/ -->\n<title>Celebrata la XIX edizione del Premio Tiepolo - Italcamara<\/title>\n<meta name=\"robots\" content=\"index, follow, max-snippet:-1, max-image-preview:large, max-video-preview:-1\" \/>\n<link rel=\"canonical\" href=\"https:\/\/italcamara-es.com\/it\/notizie\/celebrata-la-xix-edizione-del-premio-tiepolo\/\" \/>\n<meta property=\"og:locale\" content=\"it_IT\" \/>\n<meta property=\"og:type\" content=\"article\" \/>\n<meta property=\"og:title\" content=\"Celebrata la XIX edizione del Premio Tiepolo - Italcamara\" \/>\n<meta property=\"og:description\" content=\"Alfredo Altavilla, Chief Operating officer per l&#8217;Europa, Medio Oriente e Africa del gruppo Fiat Chrysler Automobiles, e Juan Rosell, presidente della CEOE, hanno ricevuto il premio dall&#8217;Ambaciatore d&#8217;Italia in Spagna, Pietro Sebastiani, e dei presidenti delle Camera di Commercio di Madrid e italiana per la Spagna, Arturo Fern\u00e1ndez e Marco Pizzi Il Chief Operating Officer [&hellip;]\" \/>\n<meta property=\"og:url\" content=\"https:\/\/italcamara-es.com\/it\/notizie\/celebrata-la-xix-edizione-del-premio-tiepolo\/\" \/>\n<meta property=\"og:site_name\" content=\"Italcamara\" \/>\n<meta property=\"article:published_time\" content=\"2015-12-11T08:15:47+00:00\" \/>\n<meta property=\"og:image\" content=\"https:\/\/italcamara-es.com\/wp-content\/uploads\/2025\/03\/Tiepolo250.jpg\" \/>\n\t<meta property=\"og:image:width\" content=\"250\" \/>\n\t<meta property=\"og:image:height\" content=\"155\" \/>\n\t<meta property=\"og:image:type\" content=\"image\/jpeg\" \/>\n<meta name=\"author\" content=\"administrador\" \/>\n<meta name=\"twitter:card\" content=\"summary_large_image\" \/>\n<meta name=\"twitter:label1\" content=\"Scritto da\" \/>\n\t<meta name=\"twitter:data1\" content=\"administrador\" \/>\n\t<meta name=\"twitter:label2\" content=\"Tempo di lettura stimato\" \/>\n\t<meta name=\"twitter:data2\" content=\"6 minuti\" \/>\n<script type=\"application\/ld+json\" class=\"yoast-schema-graph\">{\"@context\":\"https:\\\/\\\/schema.org\",\"@graph\":[{\"@type\":\"Article\",\"@id\":\"https:\\\/\\\/italcamara-es.com\\\/it\\\/notizie\\\/celebrata-la-xix-edizione-del-premio-tiepolo\\\/#article\",\"isPartOf\":{\"@id\":\"https:\\\/\\\/italcamara-es.com\\\/it\\\/notizie\\\/celebrata-la-xix-edizione-del-premio-tiepolo\\\/\"},\"author\":{\"name\":\"administrador\",\"@id\":\"https:\\\/\\\/italcamara-es.com\\\/#\\\/schema\\\/person\\\/bb3c56263e405bbd9a15171dcfee93bb\"},\"headline\":\"Celebrata la XIX edizione del Premio Tiepolo\",\"datePublished\":\"2015-12-11T08:15:47+00:00\",\"mainEntityOfPage\":{\"@id\":\"https:\\\/\\\/italcamara-es.com\\\/it\\\/notizie\\\/celebrata-la-xix-edizione-del-premio-tiepolo\\\/\"},\"wordCount\":1225,\"commentCount\":0,\"image\":{\"@id\":\"https:\\\/\\\/italcamara-es.com\\\/it\\\/notizie\\\/celebrata-la-xix-edizione-del-premio-tiepolo\\\/#primaryimage\"},\"thumbnailUrl\":\"https:\\\/\\\/italcamara-es.com\\\/wp-content\\\/uploads\\\/2025\\\/03\\\/Tiepolo250.jpg\",\"keywords\":[\"Notizie di la CCIS\"],\"articleSection\":[\"Notizie\"],\"inLanguage\":\"it-IT\",\"potentialAction\":[{\"@type\":\"CommentAction\",\"name\":\"Comment\",\"target\":[\"https:\\\/\\\/italcamara-es.com\\\/it\\\/notizie\\\/celebrata-la-xix-edizione-del-premio-tiepolo\\\/#respond\"]}]},{\"@type\":\"WebPage\",\"@id\":\"https:\\\/\\\/italcamara-es.com\\\/it\\\/notizie\\\/celebrata-la-xix-edizione-del-premio-tiepolo\\\/\",\"url\":\"https:\\\/\\\/italcamara-es.com\\\/it\\\/notizie\\\/celebrata-la-xix-edizione-del-premio-tiepolo\\\/\",\"name\":\"Celebrata la XIX edizione del Premio Tiepolo - Italcamara\",\"isPartOf\":{\"@id\":\"https:\\\/\\\/italcamara-es.com\\\/#website\"},\"primaryImageOfPage\":{\"@id\":\"https:\\\/\\\/italcamara-es.com\\\/it\\\/notizie\\\/celebrata-la-xix-edizione-del-premio-tiepolo\\\/#primaryimage\"},\"image\":{\"@id\":\"https:\\\/\\\/italcamara-es.com\\\/it\\\/notizie\\\/celebrata-la-xix-edizione-del-premio-tiepolo\\\/#primaryimage\"},\"thumbnailUrl\":\"https:\\\/\\\/italcamara-es.com\\\/wp-content\\\/uploads\\\/2025\\\/03\\\/Tiepolo250.jpg\",\"datePublished\":\"2015-12-11T08:15:47+00:00\",\"author\":{\"@id\":\"https:\\\/\\\/italcamara-es.com\\\/#\\\/schema\\\/person\\\/bb3c56263e405bbd9a15171dcfee93bb\"},\"breadcrumb\":{\"@id\":\"https:\\\/\\\/italcamara-es.com\\\/it\\\/notizie\\\/celebrata-la-xix-edizione-del-premio-tiepolo\\\/#breadcrumb\"},\"inLanguage\":\"it-IT\",\"potentialAction\":[{\"@type\":\"ReadAction\",\"target\":[\"https:\\\/\\\/italcamara-es.com\\\/it\\\/notizie\\\/celebrata-la-xix-edizione-del-premio-tiepolo\\\/\"]}]},{\"@type\":\"ImageObject\",\"inLanguage\":\"it-IT\",\"@id\":\"https:\\\/\\\/italcamara-es.com\\\/it\\\/notizie\\\/celebrata-la-xix-edizione-del-premio-tiepolo\\\/#primaryimage\",\"url\":\"https:\\\/\\\/italcamara-es.com\\\/wp-content\\\/uploads\\\/2025\\\/03\\\/Tiepolo250.jpg\",\"contentUrl\":\"https:\\\/\\\/italcamara-es.com\\\/wp-content\\\/uploads\\\/2025\\\/03\\\/Tiepolo250.jpg\",\"width\":250,\"height\":155},{\"@type\":\"BreadcrumbList\",\"@id\":\"https:\\\/\\\/italcamara-es.com\\\/it\\\/notizie\\\/celebrata-la-xix-edizione-del-premio-tiepolo\\\/#breadcrumb\",\"itemListElement\":[{\"@type\":\"ListItem\",\"position\":1,\"name\":\"Inicio\",\"item\":\"https:\\\/\\\/italcamara-es.com\\\/it\\\/homepage-ita\\\/\"},{\"@type\":\"ListItem\",\"position\":2,\"name\":\"Celebrata la XIX edizione del Premio Tiepolo\"}]},{\"@type\":\"WebSite\",\"@id\":\"https:\\\/\\\/italcamara-es.com\\\/#website\",\"url\":\"https:\\\/\\\/italcamara-es.com\\\/\",\"name\":\"Italcamara\",\"description\":\"\",\"potentialAction\":[{\"@type\":\"SearchAction\",\"target\":{\"@type\":\"EntryPoint\",\"urlTemplate\":\"https:\\\/\\\/italcamara-es.com\\\/?s={search_term_string}\"},\"query-input\":{\"@type\":\"PropertyValueSpecification\",\"valueRequired\":true,\"valueName\":\"search_term_string\"}}],\"inLanguage\":\"it-IT\"},{\"@type\":\"Person\",\"@id\":\"https:\\\/\\\/italcamara-es.com\\\/#\\\/schema\\\/person\\\/bb3c56263e405bbd9a15171dcfee93bb\",\"name\":\"administrador\",\"image\":{\"@type\":\"ImageObject\",\"inLanguage\":\"it-IT\",\"@id\":\"https:\\\/\\\/secure.gravatar.com\\\/avatar\\\/14b5e63db38320b12031bb28cf9f77e210aa71fb3a8a3602a3c9a05134fa75eb?s=96&d=mm&r=g\",\"url\":\"https:\\\/\\\/secure.gravatar.com\\\/avatar\\\/14b5e63db38320b12031bb28cf9f77e210aa71fb3a8a3602a3c9a05134fa75eb?s=96&d=mm&r=g\",\"contentUrl\":\"https:\\\/\\\/secure.gravatar.com\\\/avatar\\\/14b5e63db38320b12031bb28cf9f77e210aa71fb3a8a3602a3c9a05134fa75eb?s=96&d=mm&r=g\",\"caption\":\"administrador\"},\"sameAs\":[\"http:\\\/\\\/pre.italcamara-es.com\"],\"url\":\"https:\\\/\\\/italcamara-es.com\\\/it\\\/author\\\/administrador\\\/\"}]}<\/script>\n<!-- \/ Yoast SEO plugin. -->","yoast_head_json":{"title":"Celebrata la XIX edizione del Premio Tiepolo - Italcamara","robots":{"index":"index","follow":"follow","max-snippet":"max-snippet:-1","max-image-preview":"max-image-preview:large","max-video-preview":"max-video-preview:-1"},"canonical":"https:\/\/italcamara-es.com\/it\/notizie\/celebrata-la-xix-edizione-del-premio-tiepolo\/","og_locale":"it_IT","og_type":"article","og_title":"Celebrata la XIX edizione del Premio Tiepolo - Italcamara","og_description":"Alfredo Altavilla, Chief Operating officer per l&#8217;Europa, Medio Oriente e Africa del gruppo Fiat Chrysler Automobiles, e Juan Rosell, presidente della CEOE, hanno ricevuto il premio dall&#8217;Ambaciatore d&#8217;Italia in Spagna, Pietro Sebastiani, e dei presidenti delle Camera di Commercio di Madrid e italiana per la Spagna, Arturo Fern\u00e1ndez e Marco Pizzi Il Chief Operating Officer [&hellip;]","og_url":"https:\/\/italcamara-es.com\/it\/notizie\/celebrata-la-xix-edizione-del-premio-tiepolo\/","og_site_name":"Italcamara","article_published_time":"2015-12-11T08:15:47+00:00","og_image":[{"width":250,"height":155,"url":"https:\/\/italcamara-es.com\/wp-content\/uploads\/2025\/03\/Tiepolo250.jpg","type":"image\/jpeg"}],"author":"administrador","twitter_card":"summary_large_image","twitter_misc":{"Scritto da":"administrador","Tempo di lettura stimato":"6 minuti"},"schema":{"@context":"https:\/\/schema.org","@graph":[{"@type":"Article","@id":"https:\/\/italcamara-es.com\/it\/notizie\/celebrata-la-xix-edizione-del-premio-tiepolo\/#article","isPartOf":{"@id":"https:\/\/italcamara-es.com\/it\/notizie\/celebrata-la-xix-edizione-del-premio-tiepolo\/"},"author":{"name":"administrador","@id":"https:\/\/italcamara-es.com\/#\/schema\/person\/bb3c56263e405bbd9a15171dcfee93bb"},"headline":"Celebrata la XIX edizione del Premio Tiepolo","datePublished":"2015-12-11T08:15:47+00:00","mainEntityOfPage":{"@id":"https:\/\/italcamara-es.com\/it\/notizie\/celebrata-la-xix-edizione-del-premio-tiepolo\/"},"wordCount":1225,"commentCount":0,"image":{"@id":"https:\/\/italcamara-es.com\/it\/notizie\/celebrata-la-xix-edizione-del-premio-tiepolo\/#primaryimage"},"thumbnailUrl":"https:\/\/italcamara-es.com\/wp-content\/uploads\/2025\/03\/Tiepolo250.jpg","keywords":["Notizie di la CCIS"],"articleSection":["Notizie"],"inLanguage":"it-IT","potentialAction":[{"@type":"CommentAction","name":"Comment","target":["https:\/\/italcamara-es.com\/it\/notizie\/celebrata-la-xix-edizione-del-premio-tiepolo\/#respond"]}]},{"@type":"WebPage","@id":"https:\/\/italcamara-es.com\/it\/notizie\/celebrata-la-xix-edizione-del-premio-tiepolo\/","url":"https:\/\/italcamara-es.com\/it\/notizie\/celebrata-la-xix-edizione-del-premio-tiepolo\/","name":"Celebrata la XIX edizione del Premio Tiepolo - Italcamara","isPartOf":{"@id":"https:\/\/italcamara-es.com\/#website"},"primaryImageOfPage":{"@id":"https:\/\/italcamara-es.com\/it\/notizie\/celebrata-la-xix-edizione-del-premio-tiepolo\/#primaryimage"},"image":{"@id":"https:\/\/italcamara-es.com\/it\/notizie\/celebrata-la-xix-edizione-del-premio-tiepolo\/#primaryimage"},"thumbnailUrl":"https:\/\/italcamara-es.com\/wp-content\/uploads\/2025\/03\/Tiepolo250.jpg","datePublished":"2015-12-11T08:15:47+00:00","author":{"@id":"https:\/\/italcamara-es.com\/#\/schema\/person\/bb3c56263e405bbd9a15171dcfee93bb"},"breadcrumb":{"@id":"https:\/\/italcamara-es.com\/it\/notizie\/celebrata-la-xix-edizione-del-premio-tiepolo\/#breadcrumb"},"inLanguage":"it-IT","potentialAction":[{"@type":"ReadAction","target":["https:\/\/italcamara-es.com\/it\/notizie\/celebrata-la-xix-edizione-del-premio-tiepolo\/"]}]},{"@type":"ImageObject","inLanguage":"it-IT","@id":"https:\/\/italcamara-es.com\/it\/notizie\/celebrata-la-xix-edizione-del-premio-tiepolo\/#primaryimage","url":"https:\/\/italcamara-es.com\/wp-content\/uploads\/2025\/03\/Tiepolo250.jpg","contentUrl":"https:\/\/italcamara-es.com\/wp-content\/uploads\/2025\/03\/Tiepolo250.jpg","width":250,"height":155},{"@type":"BreadcrumbList","@id":"https:\/\/italcamara-es.com\/it\/notizie\/celebrata-la-xix-edizione-del-premio-tiepolo\/#breadcrumb","itemListElement":[{"@type":"ListItem","position":1,"name":"Inicio","item":"https:\/\/italcamara-es.com\/it\/homepage-ita\/"},{"@type":"ListItem","position":2,"name":"Celebrata la XIX edizione del Premio Tiepolo"}]},{"@type":"WebSite","@id":"https:\/\/italcamara-es.com\/#website","url":"https:\/\/italcamara-es.com\/","name":"Italcamara","description":"","potentialAction":[{"@type":"SearchAction","target":{"@type":"EntryPoint","urlTemplate":"https:\/\/italcamara-es.com\/?s={search_term_string}"},"query-input":{"@type":"PropertyValueSpecification","valueRequired":true,"valueName":"search_term_string"}}],"inLanguage":"it-IT"},{"@type":"Person","@id":"https:\/\/italcamara-es.com\/#\/schema\/person\/bb3c56263e405bbd9a15171dcfee93bb","name":"administrador","image":{"@type":"ImageObject","inLanguage":"it-IT","@id":"https:\/\/secure.gravatar.com\/avatar\/14b5e63db38320b12031bb28cf9f77e210aa71fb3a8a3602a3c9a05134fa75eb?s=96&d=mm&r=g","url":"https:\/\/secure.gravatar.com\/avatar\/14b5e63db38320b12031bb28cf9f77e210aa71fb3a8a3602a3c9a05134fa75eb?s=96&d=mm&r=g","contentUrl":"https:\/\/secure.gravatar.com\/avatar\/14b5e63db38320b12031bb28cf9f77e210aa71fb3a8a3602a3c9a05134fa75eb?s=96&d=mm&r=g","caption":"administrador"},"sameAs":["http:\/\/pre.italcamara-es.com"],"url":"https:\/\/italcamara-es.com\/it\/author\/administrador\/"}]}},"rttpg_featured_image_url":{"full":["https:\/\/italcamara-es.com\/wp-content\/uploads\/2025\/03\/Tiepolo250.jpg",250,155,false],"landscape":["https:\/\/italcamara-es.com\/wp-content\/uploads\/2025\/03\/Tiepolo250.jpg",250,155,false],"portraits":["https:\/\/italcamara-es.com\/wp-content\/uploads\/2025\/03\/Tiepolo250.jpg",250,155,false],"thumbnail":["https:\/\/italcamara-es.com\/wp-content\/uploads\/2025\/03\/Tiepolo250-150x150.jpg",150,150,true],"medium":["https:\/\/italcamara-es.com\/wp-content\/uploads\/2025\/03\/Tiepolo250.jpg",250,155,false],"large":["https:\/\/italcamara-es.com\/wp-content\/uploads\/2025\/03\/Tiepolo250.jpg",250,155,false],"1536x1536":["https:\/\/italcamara-es.com\/wp-content\/uploads\/2025\/03\/Tiepolo250.jpg",250,155,false],"2048x2048":["https:\/\/italcamara-es.com\/wp-content\/uploads\/2025\/03\/Tiepolo250.jpg",250,155,false],"ocean-thumb-m":["https:\/\/italcamara-es.com\/wp-content\/uploads\/2025\/03\/Tiepolo250.jpg",250,155,false],"ocean-thumb-ml":["https:\/\/italcamara-es.com\/wp-content\/uploads\/2025\/03\/Tiepolo250.jpg",250,155,false],"ocean-thumb-l":["https:\/\/italcamara-es.com\/wp-content\/uploads\/2025\/03\/Tiepolo250.jpg",250,155,false],"directorist_preview":["https:\/\/italcamara-es.com\/wp-content\/uploads\/2025\/03\/Tiepolo250.jpg",250,155,false]},"rttpg_author":{"display_name":"administrador","author_link":"https:\/\/italcamara-es.com\/it\/author\/administrador\/"},"rttpg_comment":0,"rttpg_category":"<a href=\"https:\/\/italcamara-es.com\/it\/category\/notizie\/\" rel=\"category tag\">Notizie<\/a>","rttpg_excerpt":"Alfredo Altavilla, Chief Operating officer per l&#8217;Europa, Medio Oriente e Africa del gruppo Fiat Chrysler Automobiles, e Juan Rosell, presidente della CEOE, hanno ricevuto il premio dall&#8217;Ambaciatore d&#8217;Italia in Spagna, Pietro Sebastiani, e dei presidenti delle Camera di Commercio di Madrid e italiana per la Spagna, Arturo Fern\u00e1ndez e Marco Pizzi Il Chief Operating Officer&hellip;","_links":{"self":[{"href":"https:\/\/italcamara-es.com\/it\/wp-json\/wp\/v2\/posts\/55829","targetHints":{"allow":["GET"]}}],"collection":[{"href":"https:\/\/italcamara-es.com\/it\/wp-json\/wp\/v2\/posts"}],"about":[{"href":"https:\/\/italcamara-es.com\/it\/wp-json\/wp\/v2\/types\/post"}],"author":[{"embeddable":true,"href":"https:\/\/italcamara-es.com\/it\/wp-json\/wp\/v2\/users\/1"}],"replies":[{"embeddable":true,"href":"https:\/\/italcamara-es.com\/it\/wp-json\/wp\/v2\/comments?post=55829"}],"version-history":[{"count":0,"href":"https:\/\/italcamara-es.com\/it\/wp-json\/wp\/v2\/posts\/55829\/revisions"}],"wp:featuredmedia":[{"embeddable":true,"href":"https:\/\/italcamara-es.com\/it\/wp-json\/wp\/v2\/media\/54240"}],"wp:attachment":[{"href":"https:\/\/italcamara-es.com\/it\/wp-json\/wp\/v2\/media?parent=55829"}],"wp:term":[{"taxonomy":"category","embeddable":true,"href":"https:\/\/italcamara-es.com\/it\/wp-json\/wp\/v2\/categories?post=55829"},{"taxonomy":"post_tag","embeddable":true,"href":"https:\/\/italcamara-es.com\/it\/wp-json\/wp\/v2\/tags?post=55829"}],"curies":[{"name":"wp","href":"https:\/\/api.w.org\/{rel}","templated":true}]}}