	{"id":55836,"date":"2015-04-14T08:19:02","date_gmt":"2015-04-14T06:19:02","guid":{"rendered":"http:\/\/pre.italcamara-es.com\/senza-categoria\/consegna-del-marchio-ospitalita-italiana-a-21-ristoranti-in-spagna\/"},"modified":"2015-04-14T08:19:02","modified_gmt":"2015-04-14T06:19:02","slug":"consegna-del-marchio-ospitalita-italiana-a-21-ristoranti-in-spagna","status":"publish","type":"post","link":"https:\/\/italcamara-es.com\/it\/notizie\/consegna-del-marchio-ospitalita-italiana-a-21-ristoranti-in-spagna\/","title":{"rendered":"Consegna del \u201cMarchio Ospitalit\u00e0 Italiana\u201d  a 21 ristoranti in Spagna"},"content":{"rendered":"<p style=\"text-align: justify;\"><em>Si \u00e8 celebrato il 14 aprile nell\u2019area espositiva dedicata all\u2019enogastronomia italiana all\u2019interno del Salone Internazionale dei Gourmets di Madrid, alla presenza dell\u2019Ambasciatore d\u2019Italia in Spagna, Pietro Sebastiani, il presidente della CCIS, Marco Pizzi e il segretario generale, Giovanni Aric\u00f2<\/em><\/p>\n<p style=\"text-align: justify;\">Si \u00e8 celebrato lo scorso 14 aprile, nell\u2019area espositiva dedicata all\u2019enogatsronomia italiana all\u2019interno del Salone Internazionale dei Gourmets di Madrid, l\u2019evento di consegna del \u201cMarchio Ospitalit\u00e0 Italiana\u201d a 21 ristoranti italiani in Spagna.<\/p>\n<p>&nbsp;<\/p>\n<p style=\"text-align: center;\"><a href=\"https:\/\/www.italcamara-es.com\/wp-content\/uploads\/2015\/04\/Marchio-Ospitalit-italiana1.jpg\"><img fetchpriority=\"high\" decoding=\"async\" class=\" size-full wp-image-5908 aligncenter\" src=\"https:\/\/www.italcamara-es.com\/wp-content\/uploads\/2015\/04\/Marchio-Ospitalit-italiana1.jpg\" alt=\"Consegna del \u201cMarchio Ospitalit\u00e0 Italiana\u201d  a 21 ristoranti in Spagna\" width=\"700\" height=\"525\" \/><\/a><\/p>\n<p style=\"text-align: justify;\">Hanno preso parte all\u2019atto l\u2019Ambasciatore d\u2019Italia in Spagna,<strong> Pietro Sebastiani<\/strong>, il Presidente della CCIS, <strong>Marco Pizzi<\/strong>, e il Segretario Generale, <strong>Giovanni Aric\u00f2<\/strong>, oltre ai rappresentanti dei ristoranti certificati e operatori del settore agroalimentare convocati per l\u2019occasione.<\/p>\n<p><a href=\"https:\/\/www.italcamara-es.com\/wp-content\/uploads\/2015\/04\/Marchio-Ospitalit-italiana2-7001.jpg\"><img decoding=\"async\" class=\" size-full wp-image-5909 aligncenter\" src=\"https:\/\/www.italcamara-es.com\/wp-content\/uploads\/2015\/04\/Marchio-Ospitalit-italiana2-7001.jpg\" alt=\"Consegna del \u201cMarchio Ospitalit\u00e0 Italiana\u201d  a 21 ristoranti in Spagna\" width=\"700\" height=\"525\" \/><\/a><\/p>\n<p style=\"text-align: justify;\"><em><strong>Il progetto \u201cOspitalit\u00e0 Italiana &#8211; Ristoranti Italiani nel Mondo\u201d<\/strong><\/em><\/p>\n<p style=\"text-align: justify;\">L\u2019evento fa parte del progetto \u201c<strong>Ospitalit\u00e0 Italiana &#8211; Ristoranti Italiani nel Mondo<\/strong>\u201d, promosso dall\u2019Unione delle Camere di Commercio Italiane- Unioncamere e Isnart (Istituto Nazionale per le Ricerche Turistiche) e che in Spagna \u00e8 gestito dalla Camera di Commercio e Industria Italiana per la Spagna &#8211; CCIS -. \u00a0L\u2019obiettivo del progetto, realizzato con il contributo del \u201cFondo Intercamerale di Intervento\u201d di Unioncamere, \u00e8 selezionare e promuovere i ristoranti italiani all\u2019estero che garantiscono gli standard dell\u2019ospitalit\u00e0 italiana, attraverso una certificazione che, dal 1997, \u00e8 sinonimo di qualit\u00e0 dei servizi e prodotti offerti. Inoltre, il marchio \u00e8 un importante strumento di promozione delle tradizioni agroalimentari delle diverse regioni italiane.<\/p>\n<p style=\"text-align: center;\"><a href=\"https:\/\/www.italcamara-es.com\/wp-content\/uploads\/2015\/04\/Marchio-Ospitalit-italiana3-7001.jpg\"><img decoding=\"async\" class=\" size-large wp-image-5911 aligncenter\" src=\"https:\/\/www.italcamara-es.com\/wp-content\/uploads\/2015\/04\/Marchio-Ospitalit-italiana3-7001-238x1024.jpg\" alt=\"Consegna del \u201cMarchio Ospitalit\u00e0 Italiana\u201d  a 21 ristoranti in Spagna\" width=\"238\" height=\"1024\" \/><\/a><\/p>\n<p>&nbsp;<\/p>\n<p style=\"text-align: justify;\">Per ottenere la certificazione, i 21 ristoranti italiani sono stati sottoposti ad una serie di controlli per verificare il rispetto dei requisiti stabiliti dai promotori del progetto. Tra questi, \u00e8 da sottolineare la presenza di elementi decorativi rappresentativi della cultura italiana, un 50% di piatti e ricette tradizionali delle diverse regioni italiane nel men\u00f9; almeno il 30% di vini italiani DOP a disposizione del cliente e l\u2019uso di olio extravergine di oliva DOP prodotto in Italia.<\/p>\n<p>&nbsp;<\/p>\n<p style=\"text-align: justify;\"><span style=\"color: #0000ff;\"><a style=\"color: #0000ff;\" href=\"http:\/\/italcamara-es.com\/files\/pdf\/2015\/Listado_restaurantes_italianos_certificados_2015.pdf\"><span style=\"text-decoration: underline;\"><strong>Lista dei 21 ristoranti italiani certificati in Spagna dalla CCIS nel 2015<\/strong><\/span><\/a><\/span><\/p>\n<p style=\"text-align: justify;\"><em><strong>Iniziative per la promozione di EXPO 2015<\/strong><\/em><\/p>\n<p style=\"text-align: justify;\">Quest\u2019anno il progetto &#8220;Ospitalit\u00e0 Italiana&#8221; \u00e8 associato a<strong> EXPO 2015<\/strong>, l&#8217;esposizione Universale che si celebrer\u00e0 a Milano dal 1 maggio al 31 ottobre 2015.<\/p>\n<p style=\"text-align: justify;\">La rete dei ristoranti italiani nel mondo certificati con il Marchio Ospitalit\u00e0 Italiana, cos\u00ec come le Camere e gli enti implicati nel progetto, fanno da promotore di questo grande evento il cui slogan \u00e8 &#8220;<em>Nutrire il pianeta: energia per la vita<\/em>&#8220;.<\/p>\n<p style=\"text-align: justify;\">L\u2019evento di consegna del Marchio ha fornito pertanto l\u2019occasione per presentare alcune delle iniziative per la promozione del settore agroalimentare nell\u2019ambito di Expo 2015.<\/p>\n<p style=\"text-align: justify;\">In particolare, \u00e8 stata presentata la nuova piattaforma \u201c<strong>Italian Quality Experience<\/strong>\u201d per la promozione delle eccellenze agroalimentari italiane nel mondo e che \u00e8 gi\u00e0 possibile visualizzare all\u2019indirizzo : <span style=\"text-decoration: underline; color: #0000ff;\"><a style=\"color: #0000ff; text-decoration: underline;\" href=\"http:\/\/www.italianqualityexperience.it\/\" target=\"_blank\" rel=\"noopener\">http:\/\/www.italianqualityexperience.it\/<\/a><\/span><\/p>\n<p style=\"text-align: justify;\">Si tratta di un importante progetto coordinato da Unioncamere, con il patrocinio del Ministero delle Politiche Agricole Alimentari e Forestali, del Ministero dei Beni e delle Attivit\u00e0 Culturali e del Turismo e del Ministero dell&#8217;Ambiente e della Tutela del Territorio e del Mare, che si propone di promuovere le imprese italiane del settore agroalimentare, classificate per ubicazione geografica e tipologia di prodotti.<\/p>\n<p style=\"text-align: justify;\">Ad oggi<strong> sono pi\u00f9 di 3.300 le imprese registrate nel portale <\/strong>(cifra che si incrementa di giorno in giorno). I loro dati sono disponibili per tutti gli operatori interessati a mettersi in contatto con produttori italiani che rappresentano l\u2019eccelenza del settore agroalimentare nazionale.<\/p>\n<p style=\"text-align: justify;\">La piattaforma permette inoltre di localizzare le imprese che parteciperanno a Expo Milano 2015, con la possibilit\u00e0 di contattarle per definire un\u2019agenda di incontri durante il grande evento.<\/p>\n<p style=\"text-align: justify;\">Un\u2019altra iniziativa presentata durante l\u2019evento, sempre legata a Expo \u00a02015, vede ancora protagonisti alcuni dei ristoranti italiani certificati in Spagna. \u00a0Durante la settimana <strong>dal 13 al 19 aprile<\/strong>, 16 di loro propongono a tutti gli amanti della cucina italiana un \u201c<strong>men\u00fa Expo<\/strong>\u201d speciale con piatti esclusivi che non vengono normalmente inclusi nelle loro proposte tradizionali, con l\u2019obiettivo di avvicinare il pubblico spagnolo ai diversi sapori della tradizione enogastronomica regionale italiana e ai prodotti tipici e di qualit\u00e0, protagonisti di Expo Milano 2015.<\/p>\n<p style=\"text-align: justify;\"><span style=\"text-decoration: underline;\"><span style=\"color: #0000ff;\"><strong><a style=\"color: #0000ff; text-decoration: underline;\" href=\"http:\/\/italcamara-es.com\/files\/pdf\/2015\/Listado_Menu_Expo.pdf\" target=\"_blank\" rel=\"noopener\">Lista dei ristoranti aderenti all\u2019iniziativa e descrizione dei men\u00fa proposti<\/a><\/strong><\/span><\/span><\/p>\n<p>&nbsp;<\/p>\n<p style=\"text-align: center;\"><strong><span style=\"color: #000080;\"><a href=\"https:\/\/www.italcamara-es.com\/wp-content\/uploads\/2015\/04\/Marchio-Ospitalit-italiana4-7001.jpg\"><img loading=\"lazy\" decoding=\"async\" class=\" size-large wp-image-5912 aligncenter\" src=\"https:\/\/www.italcamara-es.com\/wp-content\/uploads\/2015\/04\/Marchio-Ospitalit-italiana4-7001-568x1024.jpg\" alt=\"Consegna del \u201cMarchio Ospitalit\u00e0 Italiana\u201d  a 21 ristoranti in Spagna\" width=\"568\" height=\"1024\" \/><\/a><br \/>\n<\/span><\/strong><\/p>\n","protected":false},"excerpt":{"rendered":"<p>Si \u00e8 celebrato il 14 aprile nell\u2019area espositiva dedicata all\u2019enogastronomia italiana all\u2019interno del Salone Internazionale dei Gourmets di Madrid, alla presenza dell\u2019Ambasciatore d\u2019Italia in Spagna, Pietro Sebastiani, il presidente della CCIS, Marco Pizzi e il segretario generale, Giovanni Aric\u00f2 Si \u00e8 celebrato lo scorso 14 aprile, nell\u2019area espositiva dedicata all\u2019enogatsronomia italiana all\u2019interno del Salone Internazionale [&hellip;]<\/p>\n","protected":false},"author":1,"featured_media":55837,"comment_status":"open","ping_status":"open","sticky":false,"template":"","format":"standard","meta":{"inline_featured_image":false,"ocean_post_layout":"","ocean_both_sidebars_style":"","ocean_both_sidebars_content_width":0,"ocean_both_sidebars_sidebars_width":0,"ocean_sidebar":"","ocean_second_sidebar":"","ocean_disable_margins":"enable","ocean_add_body_class":"","ocean_shortcode_before_top_bar":"","ocean_shortcode_after_top_bar":"","ocean_shortcode_before_header":"","ocean_shortcode_after_header":"","ocean_has_shortcode":"","ocean_shortcode_after_title":"","ocean_shortcode_before_footer_widgets":"","ocean_shortcode_after_footer_widgets":"","ocean_shortcode_before_footer_bottom":"","ocean_shortcode_after_footer_bottom":"","ocean_display_top_bar":"default","ocean_display_header":"default","ocean_header_style":"","ocean_center_header_left_menu":"","ocean_custom_header_template":"","ocean_custom_logo":0,"ocean_custom_retina_logo":0,"ocean_custom_logo_max_width":0,"ocean_custom_logo_tablet_max_width":0,"ocean_custom_logo_mobile_max_width":0,"ocean_custom_logo_max_height":0,"ocean_custom_logo_tablet_max_height":0,"ocean_custom_logo_mobile_max_height":0,"ocean_header_custom_menu":"","ocean_menu_typo_font_family":"","ocean_menu_typo_font_subset":"","ocean_menu_typo_font_size":0,"ocean_menu_typo_font_size_tablet":0,"ocean_menu_typo_font_size_mobile":0,"ocean_menu_typo_font_size_unit":"px","ocean_menu_typo_font_weight":"","ocean_menu_typo_font_weight_tablet":"","ocean_menu_typo_font_weight_mobile":"","ocean_menu_typo_transform":"","ocean_menu_typo_transform_tablet":"","ocean_menu_typo_transform_mobile":"","ocean_menu_typo_line_height":0,"ocean_menu_typo_line_height_tablet":0,"ocean_menu_typo_line_height_mobile":0,"ocean_menu_typo_line_height_unit":"","ocean_menu_typo_spacing":0,"ocean_menu_typo_spacing_tablet":0,"ocean_menu_typo_spacing_mobile":0,"ocean_menu_typo_spacing_unit":"","ocean_menu_link_color":"","ocean_menu_link_color_hover":"","ocean_menu_link_color_active":"","ocean_menu_link_background":"","ocean_menu_link_hover_background":"","ocean_menu_link_active_background":"","ocean_menu_social_links_bg":"","ocean_menu_social_hover_links_bg":"","ocean_menu_social_links_color":"","ocean_menu_social_hover_links_color":"","ocean_disable_title":"default","ocean_disable_heading":"default","ocean_post_title":"","ocean_post_subheading":"","ocean_post_title_style":"","ocean_post_title_background_color":"","ocean_post_title_background":0,"ocean_post_title_bg_image_position":"","ocean_post_title_bg_image_attachment":"","ocean_post_title_bg_image_repeat":"","ocean_post_title_bg_image_size":"","ocean_post_title_height":0,"ocean_post_title_bg_overlay":0.5,"ocean_post_title_bg_overlay_color":"","ocean_disable_breadcrumbs":"default","ocean_breadcrumbs_color":"","ocean_breadcrumbs_separator_color":"","ocean_breadcrumbs_links_color":"","ocean_breadcrumbs_links_hover_color":"","ocean_display_footer_widgets":"default","ocean_display_footer_bottom":"default","ocean_custom_footer_template":"","ocean_post_oembed":"","ocean_post_self_hosted_media":"","ocean_post_video_embed":"","ocean_link_format":"","ocean_link_format_target":"self","ocean_quote_format":"","ocean_quote_format_link":"post","ocean_gallery_link_images":"on","ocean_gallery_id":[],"footnotes":""},"categories":[133],"tags":[139],"class_list":["post-55836","post","type-post","status-publish","format-standard","has-post-thumbnail","hentry","category-notizie","tag-notizie-di-la-ccis","entry","has-media"],"yoast_head":"<!-- This site is optimized with the Yoast SEO plugin v27.4 - https:\/\/yoast.com\/product\/yoast-seo-wordpress\/ -->\n<title>Consegna del \u201cMarchio Ospitalit\u00e0 Italiana\u201d a 21 ristoranti in Spagna - Italcamara<\/title>\n<meta name=\"robots\" content=\"index, follow, max-snippet:-1, max-image-preview:large, max-video-preview:-1\" \/>\n<link rel=\"canonical\" href=\"https:\/\/italcamara-es.com\/it\/notizie\/consegna-del-marchio-ospitalita-italiana-a-21-ristoranti-in-spagna\/\" \/>\n<meta property=\"og:locale\" content=\"it_IT\" \/>\n<meta property=\"og:type\" content=\"article\" \/>\n<meta property=\"og:title\" content=\"Consegna del \u201cMarchio Ospitalit\u00e0 Italiana\u201d a 21 ristoranti in Spagna - Italcamara\" \/>\n<meta property=\"og:description\" content=\"Si \u00e8 celebrato il 14 aprile nell\u2019area espositiva dedicata all\u2019enogastronomia italiana all\u2019interno del Salone Internazionale dei Gourmets di Madrid, alla presenza dell\u2019Ambasciatore d\u2019Italia in Spagna, Pietro Sebastiani, il presidente della CCIS, Marco Pizzi e il segretario generale, Giovanni Aric\u00f2 Si \u00e8 celebrato lo scorso 14 aprile, nell\u2019area espositiva dedicata all\u2019enogatsronomia italiana all\u2019interno del Salone Internazionale [&hellip;]\" \/>\n<meta property=\"og:url\" content=\"https:\/\/italcamara-es.com\/it\/notizie\/consegna-del-marchio-ospitalita-italiana-a-21-ristoranti-in-spagna\/\" \/>\n<meta property=\"og:site_name\" content=\"Italcamara\" \/>\n<meta property=\"article:published_time\" content=\"2015-04-14T06:19:02+00:00\" \/>\n<meta property=\"og:image\" content=\"https:\/\/italcamara-es.com\/wp-content\/uploads\/2025\/03\/marchio-2501.jpg\" \/>\n\t<meta property=\"og:image:width\" content=\"250\" \/>\n\t<meta property=\"og:image:height\" content=\"189\" \/>\n\t<meta property=\"og:image:type\" content=\"image\/jpeg\" \/>\n<meta name=\"author\" content=\"administrador\" \/>\n<meta name=\"twitter:card\" content=\"summary_large_image\" \/>\n<meta name=\"twitter:label1\" content=\"Scritto da\" \/>\n\t<meta name=\"twitter:data1\" content=\"administrador\" \/>\n\t<meta name=\"twitter:label2\" content=\"Tempo di lettura stimato\" \/>\n\t<meta name=\"twitter:data2\" content=\"3 minuti\" \/>\n<script type=\"application\/ld+json\" class=\"yoast-schema-graph\">{\"@context\":\"https:\\\/\\\/schema.org\",\"@graph\":[{\"@type\":\"Article\",\"@id\":\"https:\\\/\\\/italcamara-es.com\\\/it\\\/notizie\\\/consegna-del-marchio-ospitalita-italiana-a-21-ristoranti-in-spagna\\\/#article\",\"isPartOf\":{\"@id\":\"https:\\\/\\\/italcamara-es.com\\\/it\\\/notizie\\\/consegna-del-marchio-ospitalita-italiana-a-21-ristoranti-in-spagna\\\/\"},\"author\":{\"name\":\"administrador\",\"@id\":\"https:\\\/\\\/italcamara-es.com\\\/#\\\/schema\\\/person\\\/bb3c56263e405bbd9a15171dcfee93bb\"},\"headline\":\"Consegna del \u201cMarchio Ospitalit\u00e0 Italiana\u201d a 21 ristoranti in Spagna\",\"datePublished\":\"2015-04-14T06:19:02+00:00\",\"mainEntityOfPage\":{\"@id\":\"https:\\\/\\\/italcamara-es.com\\\/it\\\/notizie\\\/consegna-del-marchio-ospitalita-italiana-a-21-ristoranti-in-spagna\\\/\"},\"wordCount\":675,\"commentCount\":0,\"image\":{\"@id\":\"https:\\\/\\\/italcamara-es.com\\\/it\\\/notizie\\\/consegna-del-marchio-ospitalita-italiana-a-21-ristoranti-in-spagna\\\/#primaryimage\"},\"thumbnailUrl\":\"https:\\\/\\\/italcamara-es.com\\\/wp-content\\\/uploads\\\/2025\\\/03\\\/marchio-2501.jpg\",\"keywords\":[\"Notizie di la CCIS\"],\"articleSection\":[\"Notizie\"],\"inLanguage\":\"it-IT\",\"potentialAction\":[{\"@type\":\"CommentAction\",\"name\":\"Comment\",\"target\":[\"https:\\\/\\\/italcamara-es.com\\\/it\\\/notizie\\\/consegna-del-marchio-ospitalita-italiana-a-21-ristoranti-in-spagna\\\/#respond\"]}]},{\"@type\":\"WebPage\",\"@id\":\"https:\\\/\\\/italcamara-es.com\\\/it\\\/notizie\\\/consegna-del-marchio-ospitalita-italiana-a-21-ristoranti-in-spagna\\\/\",\"url\":\"https:\\\/\\\/italcamara-es.com\\\/it\\\/notizie\\\/consegna-del-marchio-ospitalita-italiana-a-21-ristoranti-in-spagna\\\/\",\"name\":\"Consegna del \u201cMarchio Ospitalit\u00e0 Italiana\u201d a 21 ristoranti in Spagna - Italcamara\",\"isPartOf\":{\"@id\":\"https:\\\/\\\/italcamara-es.com\\\/#website\"},\"primaryImageOfPage\":{\"@id\":\"https:\\\/\\\/italcamara-es.com\\\/it\\\/notizie\\\/consegna-del-marchio-ospitalita-italiana-a-21-ristoranti-in-spagna\\\/#primaryimage\"},\"image\":{\"@id\":\"https:\\\/\\\/italcamara-es.com\\\/it\\\/notizie\\\/consegna-del-marchio-ospitalita-italiana-a-21-ristoranti-in-spagna\\\/#primaryimage\"},\"thumbnailUrl\":\"https:\\\/\\\/italcamara-es.com\\\/wp-content\\\/uploads\\\/2025\\\/03\\\/marchio-2501.jpg\",\"datePublished\":\"2015-04-14T06:19:02+00:00\",\"author\":{\"@id\":\"https:\\\/\\\/italcamara-es.com\\\/#\\\/schema\\\/person\\\/bb3c56263e405bbd9a15171dcfee93bb\"},\"breadcrumb\":{\"@id\":\"https:\\\/\\\/italcamara-es.com\\\/it\\\/notizie\\\/consegna-del-marchio-ospitalita-italiana-a-21-ristoranti-in-spagna\\\/#breadcrumb\"},\"inLanguage\":\"it-IT\",\"potentialAction\":[{\"@type\":\"ReadAction\",\"target\":[\"https:\\\/\\\/italcamara-es.com\\\/it\\\/notizie\\\/consegna-del-marchio-ospitalita-italiana-a-21-ristoranti-in-spagna\\\/\"]}]},{\"@type\":\"ImageObject\",\"inLanguage\":\"it-IT\",\"@id\":\"https:\\\/\\\/italcamara-es.com\\\/it\\\/notizie\\\/consegna-del-marchio-ospitalita-italiana-a-21-ristoranti-in-spagna\\\/#primaryimage\",\"url\":\"https:\\\/\\\/italcamara-es.com\\\/wp-content\\\/uploads\\\/2025\\\/03\\\/marchio-2501.jpg\",\"contentUrl\":\"https:\\\/\\\/italcamara-es.com\\\/wp-content\\\/uploads\\\/2025\\\/03\\\/marchio-2501.jpg\",\"width\":250,\"height\":189},{\"@type\":\"BreadcrumbList\",\"@id\":\"https:\\\/\\\/italcamara-es.com\\\/it\\\/notizie\\\/consegna-del-marchio-ospitalita-italiana-a-21-ristoranti-in-spagna\\\/#breadcrumb\",\"itemListElement\":[{\"@type\":\"ListItem\",\"position\":1,\"name\":\"Inicio\",\"item\":\"https:\\\/\\\/italcamara-es.com\\\/it\\\/homepage-ita\\\/\"},{\"@type\":\"ListItem\",\"position\":2,\"name\":\"Consegna del \u201cMarchio Ospitalit\u00e0 Italiana\u201d a 21 ristoranti in Spagna\"}]},{\"@type\":\"WebSite\",\"@id\":\"https:\\\/\\\/italcamara-es.com\\\/#website\",\"url\":\"https:\\\/\\\/italcamara-es.com\\\/\",\"name\":\"Italcamara\",\"description\":\"\",\"potentialAction\":[{\"@type\":\"SearchAction\",\"target\":{\"@type\":\"EntryPoint\",\"urlTemplate\":\"https:\\\/\\\/italcamara-es.com\\\/?s={search_term_string}\"},\"query-input\":{\"@type\":\"PropertyValueSpecification\",\"valueRequired\":true,\"valueName\":\"search_term_string\"}}],\"inLanguage\":\"it-IT\"},{\"@type\":\"Person\",\"@id\":\"https:\\\/\\\/italcamara-es.com\\\/#\\\/schema\\\/person\\\/bb3c56263e405bbd9a15171dcfee93bb\",\"name\":\"administrador\",\"image\":{\"@type\":\"ImageObject\",\"inLanguage\":\"it-IT\",\"@id\":\"https:\\\/\\\/secure.gravatar.com\\\/avatar\\\/14b5e63db38320b12031bb28cf9f77e210aa71fb3a8a3602a3c9a05134fa75eb?s=96&d=mm&r=g\",\"url\":\"https:\\\/\\\/secure.gravatar.com\\\/avatar\\\/14b5e63db38320b12031bb28cf9f77e210aa71fb3a8a3602a3c9a05134fa75eb?s=96&d=mm&r=g\",\"contentUrl\":\"https:\\\/\\\/secure.gravatar.com\\\/avatar\\\/14b5e63db38320b12031bb28cf9f77e210aa71fb3a8a3602a3c9a05134fa75eb?s=96&d=mm&r=g\",\"caption\":\"administrador\"},\"sameAs\":[\"http:\\\/\\\/pre.italcamara-es.com\"],\"url\":\"https:\\\/\\\/italcamara-es.com\\\/it\\\/author\\\/administrador\\\/\"}]}<\/script>\n<!-- \/ Yoast SEO plugin. -->","yoast_head_json":{"title":"Consegna del \u201cMarchio Ospitalit\u00e0 Italiana\u201d a 21 ristoranti in Spagna - Italcamara","robots":{"index":"index","follow":"follow","max-snippet":"max-snippet:-1","max-image-preview":"max-image-preview:large","max-video-preview":"max-video-preview:-1"},"canonical":"https:\/\/italcamara-es.com\/it\/notizie\/consegna-del-marchio-ospitalita-italiana-a-21-ristoranti-in-spagna\/","og_locale":"it_IT","og_type":"article","og_title":"Consegna del \u201cMarchio Ospitalit\u00e0 Italiana\u201d a 21 ristoranti in Spagna - Italcamara","og_description":"Si \u00e8 celebrato il 14 aprile nell\u2019area espositiva dedicata all\u2019enogastronomia italiana all\u2019interno del Salone Internazionale dei Gourmets di Madrid, alla presenza dell\u2019Ambasciatore d\u2019Italia in Spagna, Pietro Sebastiani, il presidente della CCIS, Marco Pizzi e il segretario generale, Giovanni Aric\u00f2 Si \u00e8 celebrato lo scorso 14 aprile, nell\u2019area espositiva dedicata all\u2019enogatsronomia italiana all\u2019interno del Salone Internazionale [&hellip;]","og_url":"https:\/\/italcamara-es.com\/it\/notizie\/consegna-del-marchio-ospitalita-italiana-a-21-ristoranti-in-spagna\/","og_site_name":"Italcamara","article_published_time":"2015-04-14T06:19:02+00:00","og_image":[{"width":250,"height":189,"url":"https:\/\/italcamara-es.com\/wp-content\/uploads\/2025\/03\/marchio-2501.jpg","type":"image\/jpeg"}],"author":"administrador","twitter_card":"summary_large_image","twitter_misc":{"Scritto da":"administrador","Tempo di lettura stimato":"3 minuti"},"schema":{"@context":"https:\/\/schema.org","@graph":[{"@type":"Article","@id":"https:\/\/italcamara-es.com\/it\/notizie\/consegna-del-marchio-ospitalita-italiana-a-21-ristoranti-in-spagna\/#article","isPartOf":{"@id":"https:\/\/italcamara-es.com\/it\/notizie\/consegna-del-marchio-ospitalita-italiana-a-21-ristoranti-in-spagna\/"},"author":{"name":"administrador","@id":"https:\/\/italcamara-es.com\/#\/schema\/person\/bb3c56263e405bbd9a15171dcfee93bb"},"headline":"Consegna del \u201cMarchio Ospitalit\u00e0 Italiana\u201d a 21 ristoranti in Spagna","datePublished":"2015-04-14T06:19:02+00:00","mainEntityOfPage":{"@id":"https:\/\/italcamara-es.com\/it\/notizie\/consegna-del-marchio-ospitalita-italiana-a-21-ristoranti-in-spagna\/"},"wordCount":675,"commentCount":0,"image":{"@id":"https:\/\/italcamara-es.com\/it\/notizie\/consegna-del-marchio-ospitalita-italiana-a-21-ristoranti-in-spagna\/#primaryimage"},"thumbnailUrl":"https:\/\/italcamara-es.com\/wp-content\/uploads\/2025\/03\/marchio-2501.jpg","keywords":["Notizie di la CCIS"],"articleSection":["Notizie"],"inLanguage":"it-IT","potentialAction":[{"@type":"CommentAction","name":"Comment","target":["https:\/\/italcamara-es.com\/it\/notizie\/consegna-del-marchio-ospitalita-italiana-a-21-ristoranti-in-spagna\/#respond"]}]},{"@type":"WebPage","@id":"https:\/\/italcamara-es.com\/it\/notizie\/consegna-del-marchio-ospitalita-italiana-a-21-ristoranti-in-spagna\/","url":"https:\/\/italcamara-es.com\/it\/notizie\/consegna-del-marchio-ospitalita-italiana-a-21-ristoranti-in-spagna\/","name":"Consegna del \u201cMarchio Ospitalit\u00e0 Italiana\u201d a 21 ristoranti in Spagna - Italcamara","isPartOf":{"@id":"https:\/\/italcamara-es.com\/#website"},"primaryImageOfPage":{"@id":"https:\/\/italcamara-es.com\/it\/notizie\/consegna-del-marchio-ospitalita-italiana-a-21-ristoranti-in-spagna\/#primaryimage"},"image":{"@id":"https:\/\/italcamara-es.com\/it\/notizie\/consegna-del-marchio-ospitalita-italiana-a-21-ristoranti-in-spagna\/#primaryimage"},"thumbnailUrl":"https:\/\/italcamara-es.com\/wp-content\/uploads\/2025\/03\/marchio-2501.jpg","datePublished":"2015-04-14T06:19:02+00:00","author":{"@id":"https:\/\/italcamara-es.com\/#\/schema\/person\/bb3c56263e405bbd9a15171dcfee93bb"},"breadcrumb":{"@id":"https:\/\/italcamara-es.com\/it\/notizie\/consegna-del-marchio-ospitalita-italiana-a-21-ristoranti-in-spagna\/#breadcrumb"},"inLanguage":"it-IT","potentialAction":[{"@type":"ReadAction","target":["https:\/\/italcamara-es.com\/it\/notizie\/consegna-del-marchio-ospitalita-italiana-a-21-ristoranti-in-spagna\/"]}]},{"@type":"ImageObject","inLanguage":"it-IT","@id":"https:\/\/italcamara-es.com\/it\/notizie\/consegna-del-marchio-ospitalita-italiana-a-21-ristoranti-in-spagna\/#primaryimage","url":"https:\/\/italcamara-es.com\/wp-content\/uploads\/2025\/03\/marchio-2501.jpg","contentUrl":"https:\/\/italcamara-es.com\/wp-content\/uploads\/2025\/03\/marchio-2501.jpg","width":250,"height":189},{"@type":"BreadcrumbList","@id":"https:\/\/italcamara-es.com\/it\/notizie\/consegna-del-marchio-ospitalita-italiana-a-21-ristoranti-in-spagna\/#breadcrumb","itemListElement":[{"@type":"ListItem","position":1,"name":"Inicio","item":"https:\/\/italcamara-es.com\/it\/homepage-ita\/"},{"@type":"ListItem","position":2,"name":"Consegna del \u201cMarchio Ospitalit\u00e0 Italiana\u201d a 21 ristoranti in Spagna"}]},{"@type":"WebSite","@id":"https:\/\/italcamara-es.com\/#website","url":"https:\/\/italcamara-es.com\/","name":"Italcamara","description":"","potentialAction":[{"@type":"SearchAction","target":{"@type":"EntryPoint","urlTemplate":"https:\/\/italcamara-es.com\/?s={search_term_string}"},"query-input":{"@type":"PropertyValueSpecification","valueRequired":true,"valueName":"search_term_string"}}],"inLanguage":"it-IT"},{"@type":"Person","@id":"https:\/\/italcamara-es.com\/#\/schema\/person\/bb3c56263e405bbd9a15171dcfee93bb","name":"administrador","image":{"@type":"ImageObject","inLanguage":"it-IT","@id":"https:\/\/secure.gravatar.com\/avatar\/14b5e63db38320b12031bb28cf9f77e210aa71fb3a8a3602a3c9a05134fa75eb?s=96&d=mm&r=g","url":"https:\/\/secure.gravatar.com\/avatar\/14b5e63db38320b12031bb28cf9f77e210aa71fb3a8a3602a3c9a05134fa75eb?s=96&d=mm&r=g","contentUrl":"https:\/\/secure.gravatar.com\/avatar\/14b5e63db38320b12031bb28cf9f77e210aa71fb3a8a3602a3c9a05134fa75eb?s=96&d=mm&r=g","caption":"administrador"},"sameAs":["http:\/\/pre.italcamara-es.com"],"url":"https:\/\/italcamara-es.com\/it\/author\/administrador\/"}]}},"rttpg_featured_image_url":{"full":["https:\/\/italcamara-es.com\/wp-content\/uploads\/2025\/03\/marchio-2501.jpg",250,189,false],"landscape":["https:\/\/italcamara-es.com\/wp-content\/uploads\/2025\/03\/marchio-2501.jpg",250,189,false],"portraits":["https:\/\/italcamara-es.com\/wp-content\/uploads\/2025\/03\/marchio-2501.jpg",250,189,false],"thumbnail":["https:\/\/italcamara-es.com\/wp-content\/uploads\/2025\/03\/marchio-2501-150x150.jpg",150,150,true],"medium":["https:\/\/italcamara-es.com\/wp-content\/uploads\/2025\/03\/marchio-2501.jpg",250,189,false],"large":["https:\/\/italcamara-es.com\/wp-content\/uploads\/2025\/03\/marchio-2501.jpg",250,189,false],"1536x1536":["https:\/\/italcamara-es.com\/wp-content\/uploads\/2025\/03\/marchio-2501.jpg",250,189,false],"2048x2048":["https:\/\/italcamara-es.com\/wp-content\/uploads\/2025\/03\/marchio-2501.jpg",250,189,false],"ocean-thumb-m":["https:\/\/italcamara-es.com\/wp-content\/uploads\/2025\/03\/marchio-2501.jpg",250,189,false],"ocean-thumb-ml":["https:\/\/italcamara-es.com\/wp-content\/uploads\/2025\/03\/marchio-2501.jpg",250,189,false],"ocean-thumb-l":["https:\/\/italcamara-es.com\/wp-content\/uploads\/2025\/03\/marchio-2501.jpg",250,189,false],"directorist_preview":["https:\/\/italcamara-es.com\/wp-content\/uploads\/2025\/03\/marchio-2501.jpg",250,189,false]},"rttpg_author":{"display_name":"administrador","author_link":"https:\/\/italcamara-es.com\/it\/author\/administrador\/"},"rttpg_comment":0,"rttpg_category":"<a href=\"https:\/\/italcamara-es.com\/it\/category\/notizie\/\" rel=\"category tag\">Notizie<\/a>","rttpg_excerpt":"Si \u00e8 celebrato il 14 aprile nell\u2019area espositiva dedicata all\u2019enogastronomia italiana all\u2019interno del Salone Internazionale dei Gourmets di Madrid, alla presenza dell\u2019Ambasciatore d\u2019Italia in Spagna, Pietro Sebastiani, il presidente della CCIS, Marco Pizzi e il segretario generale, Giovanni Aric\u00f2 Si \u00e8 celebrato lo scorso 14 aprile, nell\u2019area espositiva dedicata all\u2019enogatsronomia italiana all\u2019interno del Salone Internazionale&hellip;","_links":{"self":[{"href":"https:\/\/italcamara-es.com\/it\/wp-json\/wp\/v2\/posts\/55836","targetHints":{"allow":["GET"]}}],"collection":[{"href":"https:\/\/italcamara-es.com\/it\/wp-json\/wp\/v2\/posts"}],"about":[{"href":"https:\/\/italcamara-es.com\/it\/wp-json\/wp\/v2\/types\/post"}],"author":[{"embeddable":true,"href":"https:\/\/italcamara-es.com\/it\/wp-json\/wp\/v2\/users\/1"}],"replies":[{"embeddable":true,"href":"https:\/\/italcamara-es.com\/it\/wp-json\/wp\/v2\/comments?post=55836"}],"version-history":[{"count":0,"href":"https:\/\/italcamara-es.com\/it\/wp-json\/wp\/v2\/posts\/55836\/revisions"}],"wp:featuredmedia":[{"embeddable":true,"href":"https:\/\/italcamara-es.com\/it\/wp-json\/wp\/v2\/media\/55837"}],"wp:attachment":[{"href":"https:\/\/italcamara-es.com\/it\/wp-json\/wp\/v2\/media?parent=55836"}],"wp:term":[{"taxonomy":"category","embeddable":true,"href":"https:\/\/italcamara-es.com\/it\/wp-json\/wp\/v2\/categories?post=55836"},{"taxonomy":"post_tag","embeddable":true,"href":"https:\/\/italcamara-es.com\/it\/wp-json\/wp\/v2\/tags?post=55836"}],"curies":[{"name":"wp","href":"https:\/\/api.w.org\/{rel}","templated":true}]}}