	{"id":55843,"date":"2013-12-17T08:31:24","date_gmt":"2013-12-17T07:31:24","guid":{"rendered":"http:\/\/pre.italcamara-es.com\/senza-categoria\/il-segretario-generale-della-ccis-giovanni-arico-ufficiale-dellordine-della-stella-ditalia\/"},"modified":"2013-12-17T08:31:24","modified_gmt":"2013-12-17T07:31:24","slug":"il-segretario-generale-della-ccis-giovanni-arico-ufficiale-dellordine-della-stella-ditalia","status":"publish","type":"post","link":"https:\/\/italcamara-es.com\/it\/notizie\/il-segretario-generale-della-ccis-giovanni-arico-ufficiale-dellordine-della-stella-ditalia\/","title":{"rendered":"Il Segretario Generale della CCIS, Giovanni Aric\u00f2, \u201cUfficiale dell\u2019Ordine della Stella d\u2019Italia&#8221;"},"content":{"rendered":"<p><em>Questo titolo onorifico \u00e8 il riconoscimento ad una carriera professionale che Giovanni Aric\u00f2 dedica da diversi anni alla promozione ed il sostegno del made in Italy nel mercato spagnolo<\/em><\/p>\n<p>&nbsp;<\/p>\n<p>Giovanni Aric\u00f2, Segretario Generale della Camera di Commercio e Industria Italiana per la Spagna (CCIS), \u00e8 stato insignito del titolo di Ufficiale dell\u2019Ordine della Stella d\u2019Italia, in riconoscimento ad una carriera professionale da molti anni dedicata alla promozione del <em>Made in Italy<\/em> all\u2019estero.<\/p>\n<p>&nbsp;<\/p>\n<p><a href=\"https:\/\/www.italcamara-es.com\/wp-content\/uploads\/2016\/10\/Giovanni-Aric700.jpg\"><img fetchpriority=\"high\" decoding=\"async\" class=\" size-full wp-image-6313 aligncenter\" src=\"https:\/\/www.italcamara-es.com\/wp-content\/uploads\/2016\/10\/Giovanni-Aric700.jpg\" alt=\"Il Segretario Generale della CCIS, Giovanni Aric\u00f2, \u201cUfficiale dell\u2019Ordine della Stella d\u2019Italia&quot;\" width=\"700\" height=\"663\" \/><\/a><\/p>\n<p>&nbsp;<\/p>\n<p>La cerimonia di consegna di questa prestigiosa onorificenza si \u00e8 svolta lo scorso 16 dicembre, nella sede della Cancelleria Consolare dell\u2019Ambasciata d\u2019Italia a Madrid, ed \u00e8 stata presieduta dall\u2019Ambasciatore d\u2019Italia in Spagna, Pietro Sebastiani, in rappresentanza del Presidente della Repubblica Italiana.<\/p>\n<p>&nbsp;<\/p>\n<p><a href=\"https:\/\/www.italcamara-es.com\/wp-content\/uploads\/2016\/10\/Giovanni-Arico7002.jpg\"><img decoding=\"async\" class=\" size-full wp-image-6314 aligncenter\" src=\"https:\/\/www.italcamara-es.com\/wp-content\/uploads\/2016\/10\/Giovanni-Arico7002.jpg\" alt=\"Il Segretario Generale della CCIS, Giovanni Aric\u00f2, \u201cUfficiale dell\u2019Ordine della Stella d\u2019Italia&quot;\" width=\"700\" height=\"467\" \/><\/a><\/p>\n<p>&nbsp;<\/p>\n<p>Si tratta di un ulteriore importante riconoscimento concesso ad un rappresentante della CCIS, a testimonianza del buon operato di questa istituzione, dopo la consegna al Presidente Marco Pizzi del prestigioso premio \u201cSan Giorgio d\u2019Oro\u201d (2009) e della <em>Medalla de Honor<\/em> della camera di Commercio di Madrid (2013) e la sua nomina a Cavaliere (2009) e Grande Ufficiale dell\u2019ordine della Stella della Solidariet\u00e0 Italiana (2011), e dopo la nomina a Cavaliere dell\u2019Ordine della Stella della Solidariet\u00e0 Italiana allo stesso Aric\u00f2 nel 2010.<br \/>\nQuesto titolo onorifico \u00e8 il riconoscimento ad una carriera professionale che Giovanni Aric\u00f2 dedica da diversi anni alla promozione ed il sostegno del made in Italy nel mercato spagnolo, attraverso un\u2019incessante attivit\u00e0 di appoggio all\u2019imprenditoria italiana in Spagna e lo sviluppo di nuovi progetti e iniziative per la diffusione ed il consolidamento delle eccellenze italiane nel mercato iberico.<\/p>\n<p>&nbsp;<\/p>\n<p>In particolare, come sottolineato dall\u2019Ambasciatore Sebastiani durante la cerimonia di consegna di questa importante onorificenza, Giovanni Aric\u00f2 ha portato la CCIS ad essere un referente di primo ordine per la business community italo-spagnola e per le istituzioni italiane e spagnole che appoggiano le imprese nel loro processo di internazionalizzazione, grazie ad un incessante lavoro caratterizzato da un forte dinamismo e dallo sviluppo di nuove strategie di promozione ed il costante impegno per consolidare le sinergie tra le istituzioni italiane presenti in Spagna.<\/p>\n<p>&nbsp;<\/p>\n<p><a href=\"https:\/\/www.italcamara-es.com\/wp-content\/uploads\/2016\/10\/Giovanni-Arico7003.jpg\"><img decoding=\"async\" class=\" size-full wp-image-6315 aligncenter\" src=\"https:\/\/www.italcamara-es.com\/wp-content\/uploads\/2016\/10\/Giovanni-Arico7003.jpg\" alt=\"Il Segretario Generale della CCIS, Giovanni Aric\u00f2, \u201cUfficiale dell\u2019Ordine della Stella d\u2019Italia&quot;\" width=\"700\" height=\"467\" \/><\/a><\/p>\n<p>&nbsp;<\/p>\n<p>Giovanni Aric\u00f2, nel suo intervento che ha concluso la cerimonia, ha voluto ringraziare lo staff camerale per aver contribuito in maniera determinante allo sviluppo dell\u2019attivit\u00e0 camerale durante gli ultimi anni e, rivolgendosi all\u2019Ambasciatore Sebastiani, ha elogiato il suo impegno nel favorire lo sviluppo del Sistema Italia in Spagna ed il suo appoggio alle numerose iniziative che la CCIS ha sviluppato, favorendo cos\u00ec una proficua collaborazione tra le istituzioni italiane presenti nel territorio spagnolo.<\/p>\n","protected":false},"excerpt":{"rendered":"<p>Questo titolo onorifico \u00e8 il riconoscimento ad una carriera professionale che Giovanni Aric\u00f2 dedica da diversi anni alla promozione ed il sostegno del made in Italy nel mercato spagnolo &nbsp; Giovanni Aric\u00f2, Segretario Generale della Camera di Commercio e Industria Italiana per la Spagna (CCIS), \u00e8 stato insignito del titolo di Ufficiale dell\u2019Ordine della Stella [&hellip;]<\/p>\n","protected":false},"author":1,"featured_media":54267,"comment_status":"open","ping_status":"open","sticky":false,"template":"","format":"standard","meta":{"inline_featured_image":false,"ocean_post_layout":"","ocean_both_sidebars_style":"","ocean_both_sidebars_content_width":0,"ocean_both_sidebars_sidebars_width":0,"ocean_sidebar":"","ocean_second_sidebar":"","ocean_disable_margins":"enable","ocean_add_body_class":"","ocean_shortcode_before_top_bar":"","ocean_shortcode_after_top_bar":"","ocean_shortcode_before_header":"","ocean_shortcode_after_header":"","ocean_has_shortcode":"","ocean_shortcode_after_title":"","ocean_shortcode_before_footer_widgets":"","ocean_shortcode_after_footer_widgets":"","ocean_shortcode_before_footer_bottom":"","ocean_shortcode_after_footer_bottom":"","ocean_display_top_bar":"default","ocean_display_header":"default","ocean_header_style":"","ocean_center_header_left_menu":"","ocean_custom_header_template":"","ocean_custom_logo":0,"ocean_custom_retina_logo":0,"ocean_custom_logo_max_width":0,"ocean_custom_logo_tablet_max_width":0,"ocean_custom_logo_mobile_max_width":0,"ocean_custom_logo_max_height":0,"ocean_custom_logo_tablet_max_height":0,"ocean_custom_logo_mobile_max_height":0,"ocean_header_custom_menu":"","ocean_menu_typo_font_family":"","ocean_menu_typo_font_subset":"","ocean_menu_typo_font_size":0,"ocean_menu_typo_font_size_tablet":0,"ocean_menu_typo_font_size_mobile":0,"ocean_menu_typo_font_size_unit":"px","ocean_menu_typo_font_weight":"","ocean_menu_typo_font_weight_tablet":"","ocean_menu_typo_font_weight_mobile":"","ocean_menu_typo_transform":"","ocean_menu_typo_transform_tablet":"","ocean_menu_typo_transform_mobile":"","ocean_menu_typo_line_height":0,"ocean_menu_typo_line_height_tablet":0,"ocean_menu_typo_line_height_mobile":0,"ocean_menu_typo_line_height_unit":"","ocean_menu_typo_spacing":0,"ocean_menu_typo_spacing_tablet":0,"ocean_menu_typo_spacing_mobile":0,"ocean_menu_typo_spacing_unit":"","ocean_menu_link_color":"","ocean_menu_link_color_hover":"","ocean_menu_link_color_active":"","ocean_menu_link_background":"","ocean_menu_link_hover_background":"","ocean_menu_link_active_background":"","ocean_menu_social_links_bg":"","ocean_menu_social_hover_links_bg":"","ocean_menu_social_links_color":"","ocean_menu_social_hover_links_color":"","ocean_disable_title":"default","ocean_disable_heading":"default","ocean_post_title":"","ocean_post_subheading":"","ocean_post_title_style":"","ocean_post_title_background_color":"","ocean_post_title_background":0,"ocean_post_title_bg_image_position":"","ocean_post_title_bg_image_attachment":"","ocean_post_title_bg_image_repeat":"","ocean_post_title_bg_image_size":"","ocean_post_title_height":0,"ocean_post_title_bg_overlay":0.5,"ocean_post_title_bg_overlay_color":"","ocean_disable_breadcrumbs":"default","ocean_breadcrumbs_color":"","ocean_breadcrumbs_separator_color":"","ocean_breadcrumbs_links_color":"","ocean_breadcrumbs_links_hover_color":"","ocean_display_footer_widgets":"default","ocean_display_footer_bottom":"default","ocean_custom_footer_template":"","ocean_post_oembed":"","ocean_post_self_hosted_media":"","ocean_post_video_embed":"","ocean_link_format":"","ocean_link_format_target":"self","ocean_quote_format":"","ocean_quote_format_link":"post","ocean_gallery_link_images":"on","ocean_gallery_id":[],"footnotes":""},"categories":[133],"tags":[139],"class_list":["post-55843","post","type-post","status-publish","format-standard","has-post-thumbnail","hentry","category-notizie","tag-notizie-di-la-ccis","entry","has-media"],"yoast_head":"<!-- This site is optimized with the Yoast SEO plugin v27.4 - https:\/\/yoast.com\/product\/yoast-seo-wordpress\/ -->\n<title>Il Segretario Generale della CCIS, Giovanni Aric\u00f2, \u201cUfficiale dell\u2019Ordine della Stella d\u2019Italia&quot; - Italcamara<\/title>\n<meta name=\"robots\" content=\"index, follow, max-snippet:-1, max-image-preview:large, max-video-preview:-1\" \/>\n<link rel=\"canonical\" href=\"https:\/\/italcamara-es.com\/it\/notizie\/il-segretario-generale-della-ccis-giovanni-arico-ufficiale-dellordine-della-stella-ditalia\/\" \/>\n<meta property=\"og:locale\" content=\"it_IT\" \/>\n<meta property=\"og:type\" content=\"article\" \/>\n<meta property=\"og:title\" content=\"Il Segretario Generale della CCIS, Giovanni Aric\u00f2, \u201cUfficiale dell\u2019Ordine della Stella d\u2019Italia&quot; - Italcamara\" \/>\n<meta property=\"og:description\" content=\"Questo titolo onorifico \u00e8 il riconoscimento ad una carriera professionale che Giovanni Aric\u00f2 dedica da diversi anni alla promozione ed il sostegno del made in Italy nel mercato spagnolo &nbsp; Giovanni Aric\u00f2, Segretario Generale della Camera di Commercio e Industria Italiana per la Spagna (CCIS), \u00e8 stato insignito del titolo di Ufficiale dell\u2019Ordine della Stella [&hellip;]\" \/>\n<meta property=\"og:url\" content=\"https:\/\/italcamara-es.com\/it\/notizie\/il-segretario-generale-della-ccis-giovanni-arico-ufficiale-dellordine-della-stella-ditalia\/\" \/>\n<meta property=\"og:site_name\" content=\"Italcamara\" \/>\n<meta property=\"article:published_time\" content=\"2013-12-17T07:31:24+00:00\" \/>\n<meta property=\"og:image\" content=\"https:\/\/italcamara-es.com\/wp-content\/uploads\/2025\/03\/Giovanni-Aric2501.jpg\" \/>\n\t<meta property=\"og:image:width\" content=\"250\" \/>\n\t<meta property=\"og:image:height\" content=\"192\" \/>\n\t<meta property=\"og:image:type\" content=\"image\/jpeg\" \/>\n<meta name=\"author\" content=\"administrador\" \/>\n<meta name=\"twitter:card\" content=\"summary_large_image\" \/>\n<meta name=\"twitter:label1\" content=\"Scritto da\" \/>\n\t<meta name=\"twitter:data1\" content=\"administrador\" \/>\n\t<meta name=\"twitter:label2\" content=\"Tempo di lettura stimato\" \/>\n\t<meta name=\"twitter:data2\" content=\"2 minuti\" \/>\n<script type=\"application\/ld+json\" class=\"yoast-schema-graph\">{\"@context\":\"https:\\\/\\\/schema.org\",\"@graph\":[{\"@type\":\"Article\",\"@id\":\"https:\\\/\\\/italcamara-es.com\\\/it\\\/notizie\\\/il-segretario-generale-della-ccis-giovanni-arico-ufficiale-dellordine-della-stella-ditalia\\\/#article\",\"isPartOf\":{\"@id\":\"https:\\\/\\\/italcamara-es.com\\\/it\\\/notizie\\\/il-segretario-generale-della-ccis-giovanni-arico-ufficiale-dellordine-della-stella-ditalia\\\/\"},\"author\":{\"name\":\"administrador\",\"@id\":\"https:\\\/\\\/italcamara-es.com\\\/#\\\/schema\\\/person\\\/bb3c56263e405bbd9a15171dcfee93bb\"},\"headline\":\"Il Segretario Generale della CCIS, Giovanni Aric\u00f2, \u201cUfficiale dell\u2019Ordine della Stella d\u2019Italia&#8221;\",\"datePublished\":\"2013-12-17T07:31:24+00:00\",\"mainEntityOfPage\":{\"@id\":\"https:\\\/\\\/italcamara-es.com\\\/it\\\/notizie\\\/il-segretario-generale-della-ccis-giovanni-arico-ufficiale-dellordine-della-stella-ditalia\\\/\"},\"wordCount\":433,\"commentCount\":0,\"image\":{\"@id\":\"https:\\\/\\\/italcamara-es.com\\\/it\\\/notizie\\\/il-segretario-generale-della-ccis-giovanni-arico-ufficiale-dellordine-della-stella-ditalia\\\/#primaryimage\"},\"thumbnailUrl\":\"https:\\\/\\\/italcamara-es.com\\\/wp-content\\\/uploads\\\/2025\\\/03\\\/Giovanni-Aric2501.jpg\",\"keywords\":[\"Notizie di la CCIS\"],\"articleSection\":[\"Notizie\"],\"inLanguage\":\"it-IT\",\"potentialAction\":[{\"@type\":\"CommentAction\",\"name\":\"Comment\",\"target\":[\"https:\\\/\\\/italcamara-es.com\\\/it\\\/notizie\\\/il-segretario-generale-della-ccis-giovanni-arico-ufficiale-dellordine-della-stella-ditalia\\\/#respond\"]}]},{\"@type\":\"WebPage\",\"@id\":\"https:\\\/\\\/italcamara-es.com\\\/it\\\/notizie\\\/il-segretario-generale-della-ccis-giovanni-arico-ufficiale-dellordine-della-stella-ditalia\\\/\",\"url\":\"https:\\\/\\\/italcamara-es.com\\\/it\\\/notizie\\\/il-segretario-generale-della-ccis-giovanni-arico-ufficiale-dellordine-della-stella-ditalia\\\/\",\"name\":\"Il Segretario Generale della CCIS, Giovanni Aric\u00f2, \u201cUfficiale dell\u2019Ordine della Stella d\u2019Italia\\\" - Italcamara\",\"isPartOf\":{\"@id\":\"https:\\\/\\\/italcamara-es.com\\\/#website\"},\"primaryImageOfPage\":{\"@id\":\"https:\\\/\\\/italcamara-es.com\\\/it\\\/notizie\\\/il-segretario-generale-della-ccis-giovanni-arico-ufficiale-dellordine-della-stella-ditalia\\\/#primaryimage\"},\"image\":{\"@id\":\"https:\\\/\\\/italcamara-es.com\\\/it\\\/notizie\\\/il-segretario-generale-della-ccis-giovanni-arico-ufficiale-dellordine-della-stella-ditalia\\\/#primaryimage\"},\"thumbnailUrl\":\"https:\\\/\\\/italcamara-es.com\\\/wp-content\\\/uploads\\\/2025\\\/03\\\/Giovanni-Aric2501.jpg\",\"datePublished\":\"2013-12-17T07:31:24+00:00\",\"author\":{\"@id\":\"https:\\\/\\\/italcamara-es.com\\\/#\\\/schema\\\/person\\\/bb3c56263e405bbd9a15171dcfee93bb\"},\"breadcrumb\":{\"@id\":\"https:\\\/\\\/italcamara-es.com\\\/it\\\/notizie\\\/il-segretario-generale-della-ccis-giovanni-arico-ufficiale-dellordine-della-stella-ditalia\\\/#breadcrumb\"},\"inLanguage\":\"it-IT\",\"potentialAction\":[{\"@type\":\"ReadAction\",\"target\":[\"https:\\\/\\\/italcamara-es.com\\\/it\\\/notizie\\\/il-segretario-generale-della-ccis-giovanni-arico-ufficiale-dellordine-della-stella-ditalia\\\/\"]}]},{\"@type\":\"ImageObject\",\"inLanguage\":\"it-IT\",\"@id\":\"https:\\\/\\\/italcamara-es.com\\\/it\\\/notizie\\\/il-segretario-generale-della-ccis-giovanni-arico-ufficiale-dellordine-della-stella-ditalia\\\/#primaryimage\",\"url\":\"https:\\\/\\\/italcamara-es.com\\\/wp-content\\\/uploads\\\/2025\\\/03\\\/Giovanni-Aric2501.jpg\",\"contentUrl\":\"https:\\\/\\\/italcamara-es.com\\\/wp-content\\\/uploads\\\/2025\\\/03\\\/Giovanni-Aric2501.jpg\",\"width\":250,\"height\":192},{\"@type\":\"BreadcrumbList\",\"@id\":\"https:\\\/\\\/italcamara-es.com\\\/it\\\/notizie\\\/il-segretario-generale-della-ccis-giovanni-arico-ufficiale-dellordine-della-stella-ditalia\\\/#breadcrumb\",\"itemListElement\":[{\"@type\":\"ListItem\",\"position\":1,\"name\":\"Inicio\",\"item\":\"https:\\\/\\\/italcamara-es.com\\\/it\\\/homepage-ita\\\/\"},{\"@type\":\"ListItem\",\"position\":2,\"name\":\"Il Segretario Generale della CCIS, Giovanni Aric\u00f2, \u201cUfficiale dell\u2019Ordine della Stella d\u2019Italia\u00bb\"}]},{\"@type\":\"WebSite\",\"@id\":\"https:\\\/\\\/italcamara-es.com\\\/#website\",\"url\":\"https:\\\/\\\/italcamara-es.com\\\/\",\"name\":\"Italcamara\",\"description\":\"\",\"potentialAction\":[{\"@type\":\"SearchAction\",\"target\":{\"@type\":\"EntryPoint\",\"urlTemplate\":\"https:\\\/\\\/italcamara-es.com\\\/?s={search_term_string}\"},\"query-input\":{\"@type\":\"PropertyValueSpecification\",\"valueRequired\":true,\"valueName\":\"search_term_string\"}}],\"inLanguage\":\"it-IT\"},{\"@type\":\"Person\",\"@id\":\"https:\\\/\\\/italcamara-es.com\\\/#\\\/schema\\\/person\\\/bb3c56263e405bbd9a15171dcfee93bb\",\"name\":\"administrador\",\"image\":{\"@type\":\"ImageObject\",\"inLanguage\":\"it-IT\",\"@id\":\"https:\\\/\\\/secure.gravatar.com\\\/avatar\\\/14b5e63db38320b12031bb28cf9f77e210aa71fb3a8a3602a3c9a05134fa75eb?s=96&d=mm&r=g\",\"url\":\"https:\\\/\\\/secure.gravatar.com\\\/avatar\\\/14b5e63db38320b12031bb28cf9f77e210aa71fb3a8a3602a3c9a05134fa75eb?s=96&d=mm&r=g\",\"contentUrl\":\"https:\\\/\\\/secure.gravatar.com\\\/avatar\\\/14b5e63db38320b12031bb28cf9f77e210aa71fb3a8a3602a3c9a05134fa75eb?s=96&d=mm&r=g\",\"caption\":\"administrador\"},\"sameAs\":[\"http:\\\/\\\/pre.italcamara-es.com\"],\"url\":\"https:\\\/\\\/italcamara-es.com\\\/it\\\/author\\\/administrador\\\/\"}]}<\/script>\n<!-- \/ Yoast SEO plugin. -->","yoast_head_json":{"title":"Il Segretario Generale della CCIS, Giovanni Aric\u00f2, \u201cUfficiale dell\u2019Ordine della Stella d\u2019Italia\" - Italcamara","robots":{"index":"index","follow":"follow","max-snippet":"max-snippet:-1","max-image-preview":"max-image-preview:large","max-video-preview":"max-video-preview:-1"},"canonical":"https:\/\/italcamara-es.com\/it\/notizie\/il-segretario-generale-della-ccis-giovanni-arico-ufficiale-dellordine-della-stella-ditalia\/","og_locale":"it_IT","og_type":"article","og_title":"Il Segretario Generale della CCIS, Giovanni Aric\u00f2, \u201cUfficiale dell\u2019Ordine della Stella d\u2019Italia\" - Italcamara","og_description":"Questo titolo onorifico \u00e8 il riconoscimento ad una carriera professionale che Giovanni Aric\u00f2 dedica da diversi anni alla promozione ed il sostegno del made in Italy nel mercato spagnolo &nbsp; Giovanni Aric\u00f2, Segretario Generale della Camera di Commercio e Industria Italiana per la Spagna (CCIS), \u00e8 stato insignito del titolo di Ufficiale dell\u2019Ordine della Stella [&hellip;]","og_url":"https:\/\/italcamara-es.com\/it\/notizie\/il-segretario-generale-della-ccis-giovanni-arico-ufficiale-dellordine-della-stella-ditalia\/","og_site_name":"Italcamara","article_published_time":"2013-12-17T07:31:24+00:00","og_image":[{"width":250,"height":192,"url":"https:\/\/italcamara-es.com\/wp-content\/uploads\/2025\/03\/Giovanni-Aric2501.jpg","type":"image\/jpeg"}],"author":"administrador","twitter_card":"summary_large_image","twitter_misc":{"Scritto da":"administrador","Tempo di lettura stimato":"2 minuti"},"schema":{"@context":"https:\/\/schema.org","@graph":[{"@type":"Article","@id":"https:\/\/italcamara-es.com\/it\/notizie\/il-segretario-generale-della-ccis-giovanni-arico-ufficiale-dellordine-della-stella-ditalia\/#article","isPartOf":{"@id":"https:\/\/italcamara-es.com\/it\/notizie\/il-segretario-generale-della-ccis-giovanni-arico-ufficiale-dellordine-della-stella-ditalia\/"},"author":{"name":"administrador","@id":"https:\/\/italcamara-es.com\/#\/schema\/person\/bb3c56263e405bbd9a15171dcfee93bb"},"headline":"Il Segretario Generale della CCIS, Giovanni Aric\u00f2, \u201cUfficiale dell\u2019Ordine della Stella d\u2019Italia&#8221;","datePublished":"2013-12-17T07:31:24+00:00","mainEntityOfPage":{"@id":"https:\/\/italcamara-es.com\/it\/notizie\/il-segretario-generale-della-ccis-giovanni-arico-ufficiale-dellordine-della-stella-ditalia\/"},"wordCount":433,"commentCount":0,"image":{"@id":"https:\/\/italcamara-es.com\/it\/notizie\/il-segretario-generale-della-ccis-giovanni-arico-ufficiale-dellordine-della-stella-ditalia\/#primaryimage"},"thumbnailUrl":"https:\/\/italcamara-es.com\/wp-content\/uploads\/2025\/03\/Giovanni-Aric2501.jpg","keywords":["Notizie di la CCIS"],"articleSection":["Notizie"],"inLanguage":"it-IT","potentialAction":[{"@type":"CommentAction","name":"Comment","target":["https:\/\/italcamara-es.com\/it\/notizie\/il-segretario-generale-della-ccis-giovanni-arico-ufficiale-dellordine-della-stella-ditalia\/#respond"]}]},{"@type":"WebPage","@id":"https:\/\/italcamara-es.com\/it\/notizie\/il-segretario-generale-della-ccis-giovanni-arico-ufficiale-dellordine-della-stella-ditalia\/","url":"https:\/\/italcamara-es.com\/it\/notizie\/il-segretario-generale-della-ccis-giovanni-arico-ufficiale-dellordine-della-stella-ditalia\/","name":"Il Segretario Generale della CCIS, Giovanni Aric\u00f2, \u201cUfficiale dell\u2019Ordine della Stella d\u2019Italia\" - Italcamara","isPartOf":{"@id":"https:\/\/italcamara-es.com\/#website"},"primaryImageOfPage":{"@id":"https:\/\/italcamara-es.com\/it\/notizie\/il-segretario-generale-della-ccis-giovanni-arico-ufficiale-dellordine-della-stella-ditalia\/#primaryimage"},"image":{"@id":"https:\/\/italcamara-es.com\/it\/notizie\/il-segretario-generale-della-ccis-giovanni-arico-ufficiale-dellordine-della-stella-ditalia\/#primaryimage"},"thumbnailUrl":"https:\/\/italcamara-es.com\/wp-content\/uploads\/2025\/03\/Giovanni-Aric2501.jpg","datePublished":"2013-12-17T07:31:24+00:00","author":{"@id":"https:\/\/italcamara-es.com\/#\/schema\/person\/bb3c56263e405bbd9a15171dcfee93bb"},"breadcrumb":{"@id":"https:\/\/italcamara-es.com\/it\/notizie\/il-segretario-generale-della-ccis-giovanni-arico-ufficiale-dellordine-della-stella-ditalia\/#breadcrumb"},"inLanguage":"it-IT","potentialAction":[{"@type":"ReadAction","target":["https:\/\/italcamara-es.com\/it\/notizie\/il-segretario-generale-della-ccis-giovanni-arico-ufficiale-dellordine-della-stella-ditalia\/"]}]},{"@type":"ImageObject","inLanguage":"it-IT","@id":"https:\/\/italcamara-es.com\/it\/notizie\/il-segretario-generale-della-ccis-giovanni-arico-ufficiale-dellordine-della-stella-ditalia\/#primaryimage","url":"https:\/\/italcamara-es.com\/wp-content\/uploads\/2025\/03\/Giovanni-Aric2501.jpg","contentUrl":"https:\/\/italcamara-es.com\/wp-content\/uploads\/2025\/03\/Giovanni-Aric2501.jpg","width":250,"height":192},{"@type":"BreadcrumbList","@id":"https:\/\/italcamara-es.com\/it\/notizie\/il-segretario-generale-della-ccis-giovanni-arico-ufficiale-dellordine-della-stella-ditalia\/#breadcrumb","itemListElement":[{"@type":"ListItem","position":1,"name":"Inicio","item":"https:\/\/italcamara-es.com\/it\/homepage-ita\/"},{"@type":"ListItem","position":2,"name":"Il Segretario Generale della CCIS, Giovanni Aric\u00f2, \u201cUfficiale dell\u2019Ordine della Stella d\u2019Italia\u00bb"}]},{"@type":"WebSite","@id":"https:\/\/italcamara-es.com\/#website","url":"https:\/\/italcamara-es.com\/","name":"Italcamara","description":"","potentialAction":[{"@type":"SearchAction","target":{"@type":"EntryPoint","urlTemplate":"https:\/\/italcamara-es.com\/?s={search_term_string}"},"query-input":{"@type":"PropertyValueSpecification","valueRequired":true,"valueName":"search_term_string"}}],"inLanguage":"it-IT"},{"@type":"Person","@id":"https:\/\/italcamara-es.com\/#\/schema\/person\/bb3c56263e405bbd9a15171dcfee93bb","name":"administrador","image":{"@type":"ImageObject","inLanguage":"it-IT","@id":"https:\/\/secure.gravatar.com\/avatar\/14b5e63db38320b12031bb28cf9f77e210aa71fb3a8a3602a3c9a05134fa75eb?s=96&d=mm&r=g","url":"https:\/\/secure.gravatar.com\/avatar\/14b5e63db38320b12031bb28cf9f77e210aa71fb3a8a3602a3c9a05134fa75eb?s=96&d=mm&r=g","contentUrl":"https:\/\/secure.gravatar.com\/avatar\/14b5e63db38320b12031bb28cf9f77e210aa71fb3a8a3602a3c9a05134fa75eb?s=96&d=mm&r=g","caption":"administrador"},"sameAs":["http:\/\/pre.italcamara-es.com"],"url":"https:\/\/italcamara-es.com\/it\/author\/administrador\/"}]}},"rttpg_featured_image_url":{"full":["https:\/\/italcamara-es.com\/wp-content\/uploads\/2025\/03\/Giovanni-Aric2501.jpg",250,192,false],"landscape":["https:\/\/italcamara-es.com\/wp-content\/uploads\/2025\/03\/Giovanni-Aric2501.jpg",250,192,false],"portraits":["https:\/\/italcamara-es.com\/wp-content\/uploads\/2025\/03\/Giovanni-Aric2501.jpg",250,192,false],"thumbnail":["https:\/\/italcamara-es.com\/wp-content\/uploads\/2025\/03\/Giovanni-Aric2501-150x150.jpg",150,150,true],"medium":["https:\/\/italcamara-es.com\/wp-content\/uploads\/2025\/03\/Giovanni-Aric2501.jpg",250,192,false],"large":["https:\/\/italcamara-es.com\/wp-content\/uploads\/2025\/03\/Giovanni-Aric2501.jpg",250,192,false],"1536x1536":["https:\/\/italcamara-es.com\/wp-content\/uploads\/2025\/03\/Giovanni-Aric2501.jpg",250,192,false],"2048x2048":["https:\/\/italcamara-es.com\/wp-content\/uploads\/2025\/03\/Giovanni-Aric2501.jpg",250,192,false],"ocean-thumb-m":["https:\/\/italcamara-es.com\/wp-content\/uploads\/2025\/03\/Giovanni-Aric2501.jpg",250,192,false],"ocean-thumb-ml":["https:\/\/italcamara-es.com\/wp-content\/uploads\/2025\/03\/Giovanni-Aric2501.jpg",250,192,false],"ocean-thumb-l":["https:\/\/italcamara-es.com\/wp-content\/uploads\/2025\/03\/Giovanni-Aric2501.jpg",250,192,false],"directorist_preview":["https:\/\/italcamara-es.com\/wp-content\/uploads\/2025\/03\/Giovanni-Aric2501.jpg",250,192,false]},"rttpg_author":{"display_name":"administrador","author_link":"https:\/\/italcamara-es.com\/it\/author\/administrador\/"},"rttpg_comment":0,"rttpg_category":"<a href=\"https:\/\/italcamara-es.com\/it\/category\/notizie\/\" rel=\"category tag\">Notizie<\/a>","rttpg_excerpt":"Questo titolo onorifico \u00e8 il riconoscimento ad una carriera professionale che Giovanni Aric\u00f2 dedica da diversi anni alla promozione ed il sostegno del made in Italy nel mercato spagnolo &nbsp; Giovanni Aric\u00f2, Segretario Generale della Camera di Commercio e Industria Italiana per la Spagna (CCIS), \u00e8 stato insignito del titolo di Ufficiale dell\u2019Ordine della Stella&hellip;","_links":{"self":[{"href":"https:\/\/italcamara-es.com\/it\/wp-json\/wp\/v2\/posts\/55843","targetHints":{"allow":["GET"]}}],"collection":[{"href":"https:\/\/italcamara-es.com\/it\/wp-json\/wp\/v2\/posts"}],"about":[{"href":"https:\/\/italcamara-es.com\/it\/wp-json\/wp\/v2\/types\/post"}],"author":[{"embeddable":true,"href":"https:\/\/italcamara-es.com\/it\/wp-json\/wp\/v2\/users\/1"}],"replies":[{"embeddable":true,"href":"https:\/\/italcamara-es.com\/it\/wp-json\/wp\/v2\/comments?post=55843"}],"version-history":[{"count":0,"href":"https:\/\/italcamara-es.com\/it\/wp-json\/wp\/v2\/posts\/55843\/revisions"}],"wp:featuredmedia":[{"embeddable":true,"href":"https:\/\/italcamara-es.com\/it\/wp-json\/wp\/v2\/media\/54267"}],"wp:attachment":[{"href":"https:\/\/italcamara-es.com\/it\/wp-json\/wp\/v2\/media?parent=55843"}],"wp:term":[{"taxonomy":"category","embeddable":true,"href":"https:\/\/italcamara-es.com\/it\/wp-json\/wp\/v2\/categories?post=55843"},{"taxonomy":"post_tag","embeddable":true,"href":"https:\/\/italcamara-es.com\/it\/wp-json\/wp\/v2\/tags?post=55843"}],"curies":[{"name":"wp","href":"https:\/\/api.w.org\/{rel}","templated":true}]}}