	{"id":55845,"date":"2013-12-17T11:23:05","date_gmt":"2013-12-17T10:23:05","guid":{"rendered":"http:\/\/pre.italcamara-es.com\/senza-categoria\/consegnato-il-premio-tiepolo-2013-a-pietro-salini-e-juan-miguel-villar-mir\/"},"modified":"2013-12-17T11:23:05","modified_gmt":"2013-12-17T10:23:05","slug":"consegnato-il-premio-tiepolo-2013-a-pietro-salini-e-juan-miguel-villar-mir","status":"publish","type":"post","link":"https:\/\/italcamara-es.com\/it\/notizie\/consegnato-il-premio-tiepolo-2013-a-pietro-salini-e-juan-miguel-villar-mir\/","title":{"rendered":"Consegnato il Premio Tiepolo 2013 a Pietro Salini e Juan-Miguel Villar Mir"},"content":{"rendered":"<p><em>La cerimonia\u00a0 si \u00e8 svolta lo scorso 13 dicembre nell\u2019Ambasciata d\u2019Italia a Madrid<\/em><\/p>\n<p><strong>\u00a0<\/strong><\/p>\n<p><strong>Pietro Salini<\/strong>, Amministratore Delegato del principale gruppo italiano nel settore delle costruzioni, <strong>Salini Impregilo<\/strong>, e<strong> Juan Miguel Villar Mir<\/strong>, Presidente del gruppo internazionale <strong>OHL<\/strong>, operante nello stesso settore, hanno ricevuto lo scorso 13 dicembre il <strong>Premio Tiepolo 2013<\/strong>, consegnato rispettivamente dal Presidente della Comunit\u00e0 di Madrid, <strong>Ignacio Gonz\u00e1lez<\/strong>, e\u00a0 dal Sindaco di Madrid,<strong> Ana Botella<\/strong>.<\/p>\n<p>&nbsp;<\/p>\n<p><a href=\"https:\/\/www.italcamara-es.com\/wp-content\/uploads\/2016\/10\/immagine-tiepolo-icona2700.jpg\"><img fetchpriority=\"high\" decoding=\"async\" class=\" size-full wp-image-6376 aligncenter\" src=\"https:\/\/www.italcamara-es.com\/wp-content\/uploads\/2016\/10\/immagine-tiepolo-icona2700.jpg\" alt=\"Consegnato il Premio Tiepolo 2013 a Pietro Salini e Juan-Miguel Villar Mir\" width=\"700\" height=\"467\" \/><\/a><\/p>\n<p>&nbsp;<\/p>\n<p>La <strong>Camera di Commercio e Industria Italiana per la Spagna<\/strong>\u00a0 e la<strong> Camera di Commercio di Madrid<\/strong> organizzano questo evento, giunto alla diciottesima edizione, quale riconoscimento alla carriera degli imprenditori di successo italiani e spagnoli. Come di consueto, l\u2019Ambasciata d\u2019Italia a Madrid ha accolto nella sua sede la cerimonia di consegna di questo prestigioso riconoscimento, che \u00e8 stata inaugurata dall\u2019Ambasciatore d\u2019Italia in Spagna, <strong>Pietro Sebastiani<\/strong>, e condotta dal giornalista e membro della giuria del Premio Tiepolo, <strong>Josto Maffeo<\/strong>.<\/p>\n<p>&nbsp;<\/p>\n<p><a href=\"https:\/\/www.italcamara-es.com\/wp-content\/uploads\/2016\/10\/Tiepolo700.jpg\"><img decoding=\"async\" class=\" size-full wp-image-6377 aligncenter\" src=\"https:\/\/www.italcamara-es.com\/wp-content\/uploads\/2016\/10\/Tiepolo700.jpg\" alt=\"Consegnato il Premio Tiepolo 2013 a Pietro Salini e Juan-Miguel Villar Mir\" width=\"700\" height=\"454\" \/><\/a><\/p>\n<p>&nbsp;<\/p>\n<p>La giuria, composta da giornalisti dei principali mezzi di comunicazione spagnoli ed italiani con presenza in Spagna, ha voluto riconoscere la traiettoria professionale e l\u2019impegno delle due compagnie operanti nel settore delle costruzioni, che contribuiscono in maniera determinante a diffondere l\u2019immagine dell\u2019Italia e della Spagna nel mondo e che costituiscono un esempio di dedizione e capacit\u00e0 di reazione in un periodo di difficolt\u00e0 come quello che comporta l\u2019attuale crisi economica.<\/p>\n<p>&nbsp;<\/p>\n<p>L&#8217;evento \u00e8 stato patrocinato da <strong>13 grandi imprese<\/strong>, a cui va il ringraziamento della CCIS:<\/p>\n<p>&nbsp;<\/p>\n<p><a href=\"https:\/\/www.italcamara-es.com\/wp-content\/uploads\/2016\/10\/Loghi700.jpg\"><img decoding=\"async\" class=\" size-full wp-image-6378 aligncenter\" src=\"https:\/\/www.italcamara-es.com\/wp-content\/uploads\/2016\/10\/Loghi700.jpg\" alt=\"Consegnato il Premio Tiepolo 2013 a Pietro Salini e Juan-Miguel Villar Mir\" width=\"700\" height=\"614\" \/><\/a><\/p>\n<p>&nbsp;<\/p>\n<p>Durante la cerimonia, il presidente della Camera di Commercio Italiana per la Spagna, <strong>Marco Pizzi<\/strong>, ha ricevuto la <em>Medalla de Honor<\/em> concessa dal Consiglio Direttivo e dall\u2019Assemblea della Camera di Commercio di Madrid, che ha voluto riconoscere la lunga e proficua collaborazione tra le due camere organizzatrici dell\u2019evento.<\/p>\n<p>&nbsp;<\/p>\n<p><a href=\"https:\/\/www.italcamara-es.com\/wp-content\/uploads\/2016\/10\/Tiepolo_43_of_58-700.jpg\"><img loading=\"lazy\" decoding=\"async\" class=\"aligncenter wp-image-6379\" src=\"https:\/\/www.italcamara-es.com\/wp-content\/uploads\/2016\/10\/Tiepolo_43_of_58-700.jpg\" alt=\"Consegnato il Premio Tiepolo 2013 a Pietro Salini e Juan-Miguel Villar Mir\" width=\"700\" height=\"467\" \/><\/a><\/p>\n<p>&nbsp;<\/p>\n<p>Nel suo intervento, Pizzi ha voluto sottolineare la proiezione internazionale delle imprese premiate in questa edizione: &#8220;<em>Collaborando con successo nella progettazione e costruzione di importanti opere e infrastrutture in diversi paesi, le imprese rappresentate dai due premiati lanciano un significativo messaggio sulla capacit\u00e0 degli operatori italiani e spagnoli di condividere idee, competenze e risorse per contribuire in maniera pi\u00f9 incisiva alla ripresa delle rispettive economie e ad un loro nuovo protagonismo in Europa e nei mercati terzi<\/em>&#8220;.<\/p>\n<p>&nbsp;<\/p>\n<p>Dal canto suo, il presidente della Camera di Commercio di Madrid e di CEIM Confederazione Imprenditoriale di Madrid, <strong>Arturo<\/strong> <strong>Fern\u00e1ndez<\/strong>, ha ribadito come: \u201c<em>gli imprenditori e tutti gli operatori economici in Spagna hanno buoni motivi per essere orgogliosi di quanto \u00e8 stato affrontato insieme\u201d. Aggiungendo che \u201csolo lavorando fianco a fianco, raggiungeremo l\u2019obiettivo che noi tutti desideriamo: creare ricchezza e posti di lavoro. Non dobbiamo infatti dimenticare che siamo noi imprenditori i veri responsabili della creazione di lavoro. E riducendo le tasse e favorendo l\u2019attivit\u00e0 imprenditoriale si esce sicuramente con anticipo dalla crisi<\/em>\u201d.<\/p>\n<p style=\"text-align: center;\"><span style=\"text-decoration: underline;\"><strong>\u00a0<\/strong><\/span><\/p>\n<p style=\"text-align: center;\"><span style=\"text-decoration: underline;\"><strong>\u00a0<\/strong><\/span><\/p>\n<p style=\"text-align: center;\"><span style=\"text-decoration: underline;\"><strong>Salini Impregilo, un global player con forte presenza in America Latina<\/strong><\/span><\/p>\n<p>&nbsp;<\/p>\n<p>La giuria di questa diciottesima edizione del Premio Tiepolo ha voluto riconoscere l\u2019importante lavoro svolto dal gruppo italiano <strong>Salini Impregilo<\/strong>, e da <strong>Pietro Salini<\/strong> (Roma, 1958), che lo guida in qualit\u00e0 di Amministratore Delegato.<\/p>\n<p>&nbsp;<\/p>\n<p><a href=\"https:\/\/www.italcamara-es.com\/wp-content\/uploads\/2016\/10\/TiepoloAltra700.jpg\"><img loading=\"lazy\" decoding=\"async\" class=\" size-full wp-image-6380 aligncenter\" src=\"https:\/\/www.italcamara-es.com\/wp-content\/uploads\/2016\/10\/TiepoloAltra700.jpg\" alt=\"Consegnato il Premio Tiepolo 2013 a Pietro Salini e Juan-Miguel Villar Mir\" width=\"700\" height=\"467\" \/><\/a><\/p>\n<p>&nbsp;<\/p>\n<p>Pietro Salini vanta una lunga traiettoria professionale nel gruppo italiano. Nel 1994 \u00e8 stato nominato Amministratore Delegato della societ\u00e0 Salini Costruttori e dal 2011 \u00e8 a capo della Salini S.p.A. \u00c8 anche Amministratore Delegato di Todini, societ\u00e0 che forma parte del gruppo Salini dal 2009. Nel giugno del 2012 \u00e8 stato nominato Amministratore Delegato di Impregilo, societ\u00e0 che il gruppo Salini ha acquisito quest\u2019anno e che \u00e8 quotata all\u2019indice FTSE MIB della Borsa di Milano.<\/p>\n<p>&nbsp;<\/p>\n<p>&nbsp;<\/p>\n<p>&nbsp;<\/p>\n<p>\u201c<em>Ringrazio la giuria per questo riconoscimento internazionale, alla vigilia di un appuntamento fondamentale come la fusione del gruppo, effettiva dal 1 gennaio 2014<\/em>\u201d ha affermato Pietro Salini dopo aver ricevuto il premio da parte di Ignacio Gonz\u00e1lez. Salini ha ribadito inoltre che il gruppo Salini Impregilo \u00e8 un \u201cpure construction player\u201d, presente in oltre 50 paesi con pi\u00f9 di 34.000 addetti nel mondo, \u201c<em>un global player che punta sulla competenza e sulla qualit\u00e0 del servizio che rende ai suoi clienti<\/em>\u201d.<\/p>\n<p>&nbsp;<\/p>\n<p>Questo premio si aggiunge alle altre distinzioni che ha ricevuto Pietro Salini proprio quest\u2019anno, tra cui la nomina a \u201cCavaliere del Lavoro\u201d, riconoscimento con il quale il Presidente della Repubblica Italiana, Giorgio Napolitano, ha voluto sottolineare il suo importante contributo al servizio dell\u2019industria. Salini \u00e8 anche membro del consiglio direttivo dell&#8217;AGI (Associazione Imprese Generali), rappresentante generale di giunta di UNI-Unindustria e membro della giunta di Confindustria.<\/p>\n<p>Con circa 34.000 dipendenti in pi\u00f9 di 50 paesi, Salini Impregilo \u00e8 un global player nel settore delle costruzioni e leader mondiale per le infrastrutture nel segmento acqua. \u00c8 il primo gruppo italiano del settore ed \u00e8 caratterizzato da una forte vocazione internazionale, con pi\u00f9 dell\u201980% del suo fatturato realizzato all\u2019estero. Ha una presenza consolidata in America Latina e principalmente in Cile, Argentina, Per\u00f9, Colombia, Panama, Venezuela e Brasile. Questa regione\u00a0 rappresenta quasi il 20% del suo portafoglio commesse.<\/p>\n<p>&nbsp;<\/p>\n<p>Tra i progetti pi\u00f9 importanti del gruppo, si segnalano le opere di ampliamento del canale di Panama (in collaborazione con Sacyr Vallehermoso, Jan de Nul e Constructora Urbana); la Diga Tocoma in Venezuela, per la realizzazione di un impianto idroelettrico nel fiume Caron\u00ed (in joint venture con Odebrecht e Vinccler); tre progetti ferroviari in Venezuela (in collaborazione con Ghella e Astaldi), che prevedono la costruzione di tre linee per una estensione totale di pi\u00f9 di 580 km; due progetti idroelettrici in Colombia (in collaborazione con OHL), o l\u2019ampliamento a quattro corsie dell\u2019autostrada Ruta del Sol, sempre in Colombia.<\/p>\n<p style=\"text-align: center;\">\n<p style=\"text-align: center;\"><span style=\"text-decoration: underline;\"><strong>OHL e i suoi progetti emblematici di infrastrutture<\/strong><\/span><\/p>\n<p style=\"text-align: left;\">\u00a0<a href=\"https:\/\/www.italcamara-es.com\/wp-content\/uploads\/2016\/10\/TiepoloOtra700.jpg\"><img loading=\"lazy\" decoding=\"async\" class=\" size-full wp-image-6381 aligncenter\" src=\"https:\/\/www.italcamara-es.com\/wp-content\/uploads\/2016\/10\/TiepoloOtra700.jpg\" alt=\"Consegnato il Premio Tiepolo 2013 a Pietro Salini e Juan-Miguel Villar Mir\" width=\"700\" height=\"467\" \/><\/a><\/p>\n<p>&nbsp;<\/p>\n<p><strong>Juan Miguel Villar Mir<\/strong> (Madrid, 1931) fond\u00f2<strong> OHL<\/strong> nel 1999, in seguito ad un processo di acquisizione di importanti imprese, tra cui Obrasc\u00f3n (1987), Quarte (1998) e La\u00edn (1999). Sotto la sua presidenza, il gruppo ha saputo fare di internazionalizzazione e RSI (Ricerca, Sviluppo, Innovazione) i suoi due principali pilastri di crescita e motori della propria produttivit\u00e0.<\/p>\n<p>&nbsp;<\/p>\n<p>\u201c<em>Il gruppo OHL \u00e8 orgoglioso di poter contribuire, attraverso la progettazione, il finanziamento e la costruzione di infrastrutture, allo sviluppo e alla crescita del benessere dell\u2019Italia e dei 28 paesi in cui portiamo avanti la nostra attivit\u00e0 nei cinque continenti<\/em>\u201d, ha sottolineato Juan MIguel Villar-Mir dopo aver ricevuto il premio da Ana Botella.<\/p>\n<p>&nbsp;<\/p>\n<p>Con un Ebitda di 1.053 milioni di euro su un volume d\u2019affari di 4.030 milioni di euro nel 2012, la leadership di OHL nel settore delle costruzioni di strutture ospedaliere e infrastrutture ferroviarie \u00e8 indiscutibile. Nei progetti di infrastrutture di trasporto in generale, il gruppo \u00e8 socio di riferimento di Abertis. Il gruppo si situa tra le principali compagnie operanti nel settore delle costruzioni e, secondo l\u2019ultima classifica della ENR, occupa la 10\u00aa posizione nel settore delle infrastrutture e la 23\u00aa come <em>contractor<\/em> internazionale.<\/p>\n<p>&nbsp;<\/p>\n<p>Durante la sua lunga traiettoria professionale, Villar Mir \u00e8 stato anche Ministro delle Finanze e Vicepresidente del Governo per gli Affari Economici del primo Governo di Juan Carlos I, durante la presidenza di Carlos Arias Navarro. Nel 2011, il Re gli ha concesso il titolo di marchese di Villar Mir.<\/p>\n<p>&nbsp;<\/p>\n<p>Inoltre, come imprenditore, ha creato il gruppo Villar Mir, uno dei principali gruppi industriali spagnoli, le cui vendite hanno raggiunto nel 2012 la cifra di 6.800 milioni di euro, il 61% delle quali all\u2019estero. Oltre a OHL, fanno parte del gruppo Villar Mir imprese come Fertiberia, leader nella produzione di fertilizzanti e ammoniaca nell\u2019area del mediterraneo e nell\u2019Unione Europea; Ferroatl\u00e1ntica, dedicata alla produzione del silicio metallico e di leghe ferrose, leader mondiale del settore con 15 fabbriche in 5 paesi; Villar Mir Energ\u00eda e Inmobiliaria Espacio, tra le altre.<\/p>\n<p>&nbsp;<\/p>\n<p>Tra le principali opere realizzate da OHL a Madrid si possono menzionare la propria sede sociale, Torre Espacio, l\u2019ospedale Rey Juan Carlos di M\u00f3stoles, l\u2019ospedale di Arganda e l\u2019ospedale di Collado Villalba, il terminal satellite del T4 dell\u2019aeroporto di Barajas, l\u2019anello distributore delle Quattro Torri Business Area, la ristrutturazione della M-30 (primo anello di circonvallazione della capitale spagnola), la costruzione della metro di superficie per il collegamento dei principali comuni dell\u2019area ovest di Madrid, cos\u00ec come l\u2019infrastruttura del Metronord e il prolungamento della linea 2 della Metropolitana urbana, o il progetto Canalejas, per rivitalizzare la zona pi\u00f9 emblematica del centro della citt\u00e0, ristrutturando le vecchie sedi di Banesto e del Banco Hispano.<\/p>\n<p>&nbsp;<\/p>\n<p>In Italia, il gruppo OHL, attraverso la divisione OHL Industrial, ha progettato e realizzato nel giugno del 2011 l\u2019impianto fotovoltaico di Mezzanotte, in Puglia, con una capacit\u00e0 di produzione energetica annuale di 7.287,98 MWh e un risparmio in termini di emissioni pari a 26,400 t di CO2. Il progetto \u00e8 stato realizzato utilizzando un totale di 17.640 moduli policristallini, montati su un sistema di\u00a0 inseguimento solare a un asse e con una potenza massima totale di 3.969\u00a0 kWp.<\/p>\n","protected":false},"excerpt":{"rendered":"<p>La cerimonia\u00a0 si \u00e8 svolta lo scorso 13 dicembre nell\u2019Ambasciata d\u2019Italia a Madrid \u00a0 Pietro Salini, Amministratore Delegato del principale gruppo italiano nel settore delle costruzioni, Salini Impregilo, e Juan Miguel Villar Mir, Presidente del gruppo internazionale OHL, operante nello stesso settore, hanno ricevuto lo scorso 13 dicembre il Premio Tiepolo 2013, consegnato rispettivamente dal [&hellip;]<\/p>\n","protected":false},"author":1,"featured_media":54273,"comment_status":"open","ping_status":"open","sticky":false,"template":"","format":"standard","meta":{"inline_featured_image":false,"ocean_post_layout":"","ocean_both_sidebars_style":"","ocean_both_sidebars_content_width":0,"ocean_both_sidebars_sidebars_width":0,"ocean_sidebar":"","ocean_second_sidebar":"","ocean_disable_margins":"enable","ocean_add_body_class":"","ocean_shortcode_before_top_bar":"","ocean_shortcode_after_top_bar":"","ocean_shortcode_before_header":"","ocean_shortcode_after_header":"","ocean_has_shortcode":"","ocean_shortcode_after_title":"","ocean_shortcode_before_footer_widgets":"","ocean_shortcode_after_footer_widgets":"","ocean_shortcode_before_footer_bottom":"","ocean_shortcode_after_footer_bottom":"","ocean_display_top_bar":"default","ocean_display_header":"default","ocean_header_style":"","ocean_center_header_left_menu":"","ocean_custom_header_template":"","ocean_custom_logo":0,"ocean_custom_retina_logo":0,"ocean_custom_logo_max_width":0,"ocean_custom_logo_tablet_max_width":0,"ocean_custom_logo_mobile_max_width":0,"ocean_custom_logo_max_height":0,"ocean_custom_logo_tablet_max_height":0,"ocean_custom_logo_mobile_max_height":0,"ocean_header_custom_menu":"","ocean_menu_typo_font_family":"","ocean_menu_typo_font_subset":"","ocean_menu_typo_font_size":0,"ocean_menu_typo_font_size_tablet":0,"ocean_menu_typo_font_size_mobile":0,"ocean_menu_typo_font_size_unit":"px","ocean_menu_typo_font_weight":"","ocean_menu_typo_font_weight_tablet":"","ocean_menu_typo_font_weight_mobile":"","ocean_menu_typo_transform":"","ocean_menu_typo_transform_tablet":"","ocean_menu_typo_transform_mobile":"","ocean_menu_typo_line_height":0,"ocean_menu_typo_line_height_tablet":0,"ocean_menu_typo_line_height_mobile":0,"ocean_menu_typo_line_height_unit":"","ocean_menu_typo_spacing":0,"ocean_menu_typo_spacing_tablet":0,"ocean_menu_typo_spacing_mobile":0,"ocean_menu_typo_spacing_unit":"","ocean_menu_link_color":"","ocean_menu_link_color_hover":"","ocean_menu_link_color_active":"","ocean_menu_link_background":"","ocean_menu_link_hover_background":"","ocean_menu_link_active_background":"","ocean_menu_social_links_bg":"","ocean_menu_social_hover_links_bg":"","ocean_menu_social_links_color":"","ocean_menu_social_hover_links_color":"","ocean_disable_title":"default","ocean_disable_heading":"default","ocean_post_title":"","ocean_post_subheading":"","ocean_post_title_style":"","ocean_post_title_background_color":"","ocean_post_title_background":0,"ocean_post_title_bg_image_position":"","ocean_post_title_bg_image_attachment":"","ocean_post_title_bg_image_repeat":"","ocean_post_title_bg_image_size":"","ocean_post_title_height":0,"ocean_post_title_bg_overlay":0.5,"ocean_post_title_bg_overlay_color":"","ocean_disable_breadcrumbs":"default","ocean_breadcrumbs_color":"","ocean_breadcrumbs_separator_color":"","ocean_breadcrumbs_links_color":"","ocean_breadcrumbs_links_hover_color":"","ocean_display_footer_widgets":"default","ocean_display_footer_bottom":"default","ocean_custom_footer_template":"","ocean_post_oembed":"","ocean_post_self_hosted_media":"","ocean_post_video_embed":"","ocean_link_format":"","ocean_link_format_target":"self","ocean_quote_format":"","ocean_quote_format_link":"post","ocean_gallery_link_images":"on","ocean_gallery_id":[],"footnotes":""},"categories":[133],"tags":[139],"class_list":["post-55845","post","type-post","status-publish","format-standard","has-post-thumbnail","hentry","category-notizie","tag-notizie-di-la-ccis","entry","has-media"],"yoast_head":"<!-- This site is optimized with the Yoast SEO plugin v27.4 - https:\/\/yoast.com\/product\/yoast-seo-wordpress\/ -->\n<title>Consegnato il Premio Tiepolo 2013 a Pietro Salini e Juan-Miguel Villar Mir - Italcamara<\/title>\n<meta name=\"robots\" content=\"index, follow, max-snippet:-1, max-image-preview:large, max-video-preview:-1\" \/>\n<link rel=\"canonical\" href=\"https:\/\/italcamara-es.com\/it\/notizie\/consegnato-il-premio-tiepolo-2013-a-pietro-salini-e-juan-miguel-villar-mir\/\" \/>\n<meta property=\"og:locale\" content=\"it_IT\" \/>\n<meta property=\"og:type\" content=\"article\" \/>\n<meta property=\"og:title\" content=\"Consegnato il Premio Tiepolo 2013 a Pietro Salini e Juan-Miguel Villar Mir - Italcamara\" \/>\n<meta property=\"og:description\" content=\"La cerimonia\u00a0 si \u00e8 svolta lo scorso 13 dicembre nell\u2019Ambasciata d\u2019Italia a Madrid \u00a0 Pietro Salini, Amministratore Delegato del principale gruppo italiano nel settore delle costruzioni, Salini Impregilo, e Juan Miguel Villar Mir, Presidente del gruppo internazionale OHL, operante nello stesso settore, hanno ricevuto lo scorso 13 dicembre il Premio Tiepolo 2013, consegnato rispettivamente dal [&hellip;]\" \/>\n<meta property=\"og:url\" content=\"https:\/\/italcamara-es.com\/it\/notizie\/consegnato-il-premio-tiepolo-2013-a-pietro-salini-e-juan-miguel-villar-mir\/\" \/>\n<meta property=\"og:site_name\" content=\"Italcamara\" \/>\n<meta property=\"article:published_time\" content=\"2013-12-17T10:23:05+00:00\" \/>\n<meta property=\"og:image\" content=\"https:\/\/italcamara-es.com\/wp-content\/uploads\/2025\/03\/TiepoloLogo2501.jpg\" \/>\n\t<meta property=\"og:image:width\" content=\"250\" \/>\n\t<meta property=\"og:image:height\" content=\"195\" \/>\n\t<meta property=\"og:image:type\" content=\"image\/jpeg\" \/>\n<meta name=\"author\" content=\"administrador\" \/>\n<meta name=\"twitter:card\" content=\"summary_large_image\" \/>\n<meta name=\"twitter:label1\" content=\"Scritto da\" \/>\n\t<meta name=\"twitter:data1\" content=\"administrador\" \/>\n\t<meta name=\"twitter:label2\" content=\"Tempo di lettura stimato\" \/>\n\t<meta name=\"twitter:data2\" content=\"7 minuti\" \/>\n<script type=\"application\/ld+json\" class=\"yoast-schema-graph\">{\"@context\":\"https:\\\/\\\/schema.org\",\"@graph\":[{\"@type\":\"Article\",\"@id\":\"https:\\\/\\\/italcamara-es.com\\\/it\\\/notizie\\\/consegnato-il-premio-tiepolo-2013-a-pietro-salini-e-juan-miguel-villar-mir\\\/#article\",\"isPartOf\":{\"@id\":\"https:\\\/\\\/italcamara-es.com\\\/it\\\/notizie\\\/consegnato-il-premio-tiepolo-2013-a-pietro-salini-e-juan-miguel-villar-mir\\\/\"},\"author\":{\"name\":\"administrador\",\"@id\":\"https:\\\/\\\/italcamara-es.com\\\/#\\\/schema\\\/person\\\/bb3c56263e405bbd9a15171dcfee93bb\"},\"headline\":\"Consegnato il Premio Tiepolo 2013 a Pietro Salini e Juan-Miguel Villar Mir\",\"datePublished\":\"2013-12-17T10:23:05+00:00\",\"mainEntityOfPage\":{\"@id\":\"https:\\\/\\\/italcamara-es.com\\\/it\\\/notizie\\\/consegnato-il-premio-tiepolo-2013-a-pietro-salini-e-juan-miguel-villar-mir\\\/\"},\"wordCount\":1448,\"commentCount\":0,\"image\":{\"@id\":\"https:\\\/\\\/italcamara-es.com\\\/it\\\/notizie\\\/consegnato-il-premio-tiepolo-2013-a-pietro-salini-e-juan-miguel-villar-mir\\\/#primaryimage\"},\"thumbnailUrl\":\"https:\\\/\\\/italcamara-es.com\\\/wp-content\\\/uploads\\\/2025\\\/03\\\/TiepoloLogo2501.jpg\",\"keywords\":[\"Notizie di la CCIS\"],\"articleSection\":[\"Notizie\"],\"inLanguage\":\"it-IT\",\"potentialAction\":[{\"@type\":\"CommentAction\",\"name\":\"Comment\",\"target\":[\"https:\\\/\\\/italcamara-es.com\\\/it\\\/notizie\\\/consegnato-il-premio-tiepolo-2013-a-pietro-salini-e-juan-miguel-villar-mir\\\/#respond\"]}]},{\"@type\":\"WebPage\",\"@id\":\"https:\\\/\\\/italcamara-es.com\\\/it\\\/notizie\\\/consegnato-il-premio-tiepolo-2013-a-pietro-salini-e-juan-miguel-villar-mir\\\/\",\"url\":\"https:\\\/\\\/italcamara-es.com\\\/it\\\/notizie\\\/consegnato-il-premio-tiepolo-2013-a-pietro-salini-e-juan-miguel-villar-mir\\\/\",\"name\":\"Consegnato il Premio Tiepolo 2013 a Pietro Salini e Juan-Miguel Villar Mir - Italcamara\",\"isPartOf\":{\"@id\":\"https:\\\/\\\/italcamara-es.com\\\/#website\"},\"primaryImageOfPage\":{\"@id\":\"https:\\\/\\\/italcamara-es.com\\\/it\\\/notizie\\\/consegnato-il-premio-tiepolo-2013-a-pietro-salini-e-juan-miguel-villar-mir\\\/#primaryimage\"},\"image\":{\"@id\":\"https:\\\/\\\/italcamara-es.com\\\/it\\\/notizie\\\/consegnato-il-premio-tiepolo-2013-a-pietro-salini-e-juan-miguel-villar-mir\\\/#primaryimage\"},\"thumbnailUrl\":\"https:\\\/\\\/italcamara-es.com\\\/wp-content\\\/uploads\\\/2025\\\/03\\\/TiepoloLogo2501.jpg\",\"datePublished\":\"2013-12-17T10:23:05+00:00\",\"author\":{\"@id\":\"https:\\\/\\\/italcamara-es.com\\\/#\\\/schema\\\/person\\\/bb3c56263e405bbd9a15171dcfee93bb\"},\"breadcrumb\":{\"@id\":\"https:\\\/\\\/italcamara-es.com\\\/it\\\/notizie\\\/consegnato-il-premio-tiepolo-2013-a-pietro-salini-e-juan-miguel-villar-mir\\\/#breadcrumb\"},\"inLanguage\":\"it-IT\",\"potentialAction\":[{\"@type\":\"ReadAction\",\"target\":[\"https:\\\/\\\/italcamara-es.com\\\/it\\\/notizie\\\/consegnato-il-premio-tiepolo-2013-a-pietro-salini-e-juan-miguel-villar-mir\\\/\"]}]},{\"@type\":\"ImageObject\",\"inLanguage\":\"it-IT\",\"@id\":\"https:\\\/\\\/italcamara-es.com\\\/it\\\/notizie\\\/consegnato-il-premio-tiepolo-2013-a-pietro-salini-e-juan-miguel-villar-mir\\\/#primaryimage\",\"url\":\"https:\\\/\\\/italcamara-es.com\\\/wp-content\\\/uploads\\\/2025\\\/03\\\/TiepoloLogo2501.jpg\",\"contentUrl\":\"https:\\\/\\\/italcamara-es.com\\\/wp-content\\\/uploads\\\/2025\\\/03\\\/TiepoloLogo2501.jpg\",\"width\":250,\"height\":195},{\"@type\":\"BreadcrumbList\",\"@id\":\"https:\\\/\\\/italcamara-es.com\\\/it\\\/notizie\\\/consegnato-il-premio-tiepolo-2013-a-pietro-salini-e-juan-miguel-villar-mir\\\/#breadcrumb\",\"itemListElement\":[{\"@type\":\"ListItem\",\"position\":1,\"name\":\"Inicio\",\"item\":\"https:\\\/\\\/italcamara-es.com\\\/it\\\/homepage-ita\\\/\"},{\"@type\":\"ListItem\",\"position\":2,\"name\":\"Consegnato il Premio Tiepolo 2013 a Pietro Salini e Juan-Miguel Villar Mir\"}]},{\"@type\":\"WebSite\",\"@id\":\"https:\\\/\\\/italcamara-es.com\\\/#website\",\"url\":\"https:\\\/\\\/italcamara-es.com\\\/\",\"name\":\"Italcamara\",\"description\":\"\",\"potentialAction\":[{\"@type\":\"SearchAction\",\"target\":{\"@type\":\"EntryPoint\",\"urlTemplate\":\"https:\\\/\\\/italcamara-es.com\\\/?s={search_term_string}\"},\"query-input\":{\"@type\":\"PropertyValueSpecification\",\"valueRequired\":true,\"valueName\":\"search_term_string\"}}],\"inLanguage\":\"it-IT\"},{\"@type\":\"Person\",\"@id\":\"https:\\\/\\\/italcamara-es.com\\\/#\\\/schema\\\/person\\\/bb3c56263e405bbd9a15171dcfee93bb\",\"name\":\"administrador\",\"image\":{\"@type\":\"ImageObject\",\"inLanguage\":\"it-IT\",\"@id\":\"https:\\\/\\\/secure.gravatar.com\\\/avatar\\\/14b5e63db38320b12031bb28cf9f77e210aa71fb3a8a3602a3c9a05134fa75eb?s=96&d=mm&r=g\",\"url\":\"https:\\\/\\\/secure.gravatar.com\\\/avatar\\\/14b5e63db38320b12031bb28cf9f77e210aa71fb3a8a3602a3c9a05134fa75eb?s=96&d=mm&r=g\",\"contentUrl\":\"https:\\\/\\\/secure.gravatar.com\\\/avatar\\\/14b5e63db38320b12031bb28cf9f77e210aa71fb3a8a3602a3c9a05134fa75eb?s=96&d=mm&r=g\",\"caption\":\"administrador\"},\"sameAs\":[\"http:\\\/\\\/pre.italcamara-es.com\"],\"url\":\"https:\\\/\\\/italcamara-es.com\\\/it\\\/author\\\/administrador\\\/\"}]}<\/script>\n<!-- \/ Yoast SEO plugin. -->","yoast_head_json":{"title":"Consegnato il Premio Tiepolo 2013 a Pietro Salini e Juan-Miguel Villar Mir - Italcamara","robots":{"index":"index","follow":"follow","max-snippet":"max-snippet:-1","max-image-preview":"max-image-preview:large","max-video-preview":"max-video-preview:-1"},"canonical":"https:\/\/italcamara-es.com\/it\/notizie\/consegnato-il-premio-tiepolo-2013-a-pietro-salini-e-juan-miguel-villar-mir\/","og_locale":"it_IT","og_type":"article","og_title":"Consegnato il Premio Tiepolo 2013 a Pietro Salini e Juan-Miguel Villar Mir - Italcamara","og_description":"La cerimonia\u00a0 si \u00e8 svolta lo scorso 13 dicembre nell\u2019Ambasciata d\u2019Italia a Madrid \u00a0 Pietro Salini, Amministratore Delegato del principale gruppo italiano nel settore delle costruzioni, Salini Impregilo, e Juan Miguel Villar Mir, Presidente del gruppo internazionale OHL, operante nello stesso settore, hanno ricevuto lo scorso 13 dicembre il Premio Tiepolo 2013, consegnato rispettivamente dal [&hellip;]","og_url":"https:\/\/italcamara-es.com\/it\/notizie\/consegnato-il-premio-tiepolo-2013-a-pietro-salini-e-juan-miguel-villar-mir\/","og_site_name":"Italcamara","article_published_time":"2013-12-17T10:23:05+00:00","og_image":[{"width":250,"height":195,"url":"https:\/\/italcamara-es.com\/wp-content\/uploads\/2025\/03\/TiepoloLogo2501.jpg","type":"image\/jpeg"}],"author":"administrador","twitter_card":"summary_large_image","twitter_misc":{"Scritto da":"administrador","Tempo di lettura stimato":"7 minuti"},"schema":{"@context":"https:\/\/schema.org","@graph":[{"@type":"Article","@id":"https:\/\/italcamara-es.com\/it\/notizie\/consegnato-il-premio-tiepolo-2013-a-pietro-salini-e-juan-miguel-villar-mir\/#article","isPartOf":{"@id":"https:\/\/italcamara-es.com\/it\/notizie\/consegnato-il-premio-tiepolo-2013-a-pietro-salini-e-juan-miguel-villar-mir\/"},"author":{"name":"administrador","@id":"https:\/\/italcamara-es.com\/#\/schema\/person\/bb3c56263e405bbd9a15171dcfee93bb"},"headline":"Consegnato il Premio Tiepolo 2013 a Pietro Salini e Juan-Miguel Villar Mir","datePublished":"2013-12-17T10:23:05+00:00","mainEntityOfPage":{"@id":"https:\/\/italcamara-es.com\/it\/notizie\/consegnato-il-premio-tiepolo-2013-a-pietro-salini-e-juan-miguel-villar-mir\/"},"wordCount":1448,"commentCount":0,"image":{"@id":"https:\/\/italcamara-es.com\/it\/notizie\/consegnato-il-premio-tiepolo-2013-a-pietro-salini-e-juan-miguel-villar-mir\/#primaryimage"},"thumbnailUrl":"https:\/\/italcamara-es.com\/wp-content\/uploads\/2025\/03\/TiepoloLogo2501.jpg","keywords":["Notizie di la CCIS"],"articleSection":["Notizie"],"inLanguage":"it-IT","potentialAction":[{"@type":"CommentAction","name":"Comment","target":["https:\/\/italcamara-es.com\/it\/notizie\/consegnato-il-premio-tiepolo-2013-a-pietro-salini-e-juan-miguel-villar-mir\/#respond"]}]},{"@type":"WebPage","@id":"https:\/\/italcamara-es.com\/it\/notizie\/consegnato-il-premio-tiepolo-2013-a-pietro-salini-e-juan-miguel-villar-mir\/","url":"https:\/\/italcamara-es.com\/it\/notizie\/consegnato-il-premio-tiepolo-2013-a-pietro-salini-e-juan-miguel-villar-mir\/","name":"Consegnato il Premio Tiepolo 2013 a Pietro Salini e Juan-Miguel Villar Mir - Italcamara","isPartOf":{"@id":"https:\/\/italcamara-es.com\/#website"},"primaryImageOfPage":{"@id":"https:\/\/italcamara-es.com\/it\/notizie\/consegnato-il-premio-tiepolo-2013-a-pietro-salini-e-juan-miguel-villar-mir\/#primaryimage"},"image":{"@id":"https:\/\/italcamara-es.com\/it\/notizie\/consegnato-il-premio-tiepolo-2013-a-pietro-salini-e-juan-miguel-villar-mir\/#primaryimage"},"thumbnailUrl":"https:\/\/italcamara-es.com\/wp-content\/uploads\/2025\/03\/TiepoloLogo2501.jpg","datePublished":"2013-12-17T10:23:05+00:00","author":{"@id":"https:\/\/italcamara-es.com\/#\/schema\/person\/bb3c56263e405bbd9a15171dcfee93bb"},"breadcrumb":{"@id":"https:\/\/italcamara-es.com\/it\/notizie\/consegnato-il-premio-tiepolo-2013-a-pietro-salini-e-juan-miguel-villar-mir\/#breadcrumb"},"inLanguage":"it-IT","potentialAction":[{"@type":"ReadAction","target":["https:\/\/italcamara-es.com\/it\/notizie\/consegnato-il-premio-tiepolo-2013-a-pietro-salini-e-juan-miguel-villar-mir\/"]}]},{"@type":"ImageObject","inLanguage":"it-IT","@id":"https:\/\/italcamara-es.com\/it\/notizie\/consegnato-il-premio-tiepolo-2013-a-pietro-salini-e-juan-miguel-villar-mir\/#primaryimage","url":"https:\/\/italcamara-es.com\/wp-content\/uploads\/2025\/03\/TiepoloLogo2501.jpg","contentUrl":"https:\/\/italcamara-es.com\/wp-content\/uploads\/2025\/03\/TiepoloLogo2501.jpg","width":250,"height":195},{"@type":"BreadcrumbList","@id":"https:\/\/italcamara-es.com\/it\/notizie\/consegnato-il-premio-tiepolo-2013-a-pietro-salini-e-juan-miguel-villar-mir\/#breadcrumb","itemListElement":[{"@type":"ListItem","position":1,"name":"Inicio","item":"https:\/\/italcamara-es.com\/it\/homepage-ita\/"},{"@type":"ListItem","position":2,"name":"Consegnato il Premio Tiepolo 2013 a Pietro Salini e Juan-Miguel Villar Mir"}]},{"@type":"WebSite","@id":"https:\/\/italcamara-es.com\/#website","url":"https:\/\/italcamara-es.com\/","name":"Italcamara","description":"","potentialAction":[{"@type":"SearchAction","target":{"@type":"EntryPoint","urlTemplate":"https:\/\/italcamara-es.com\/?s={search_term_string}"},"query-input":{"@type":"PropertyValueSpecification","valueRequired":true,"valueName":"search_term_string"}}],"inLanguage":"it-IT"},{"@type":"Person","@id":"https:\/\/italcamara-es.com\/#\/schema\/person\/bb3c56263e405bbd9a15171dcfee93bb","name":"administrador","image":{"@type":"ImageObject","inLanguage":"it-IT","@id":"https:\/\/secure.gravatar.com\/avatar\/14b5e63db38320b12031bb28cf9f77e210aa71fb3a8a3602a3c9a05134fa75eb?s=96&d=mm&r=g","url":"https:\/\/secure.gravatar.com\/avatar\/14b5e63db38320b12031bb28cf9f77e210aa71fb3a8a3602a3c9a05134fa75eb?s=96&d=mm&r=g","contentUrl":"https:\/\/secure.gravatar.com\/avatar\/14b5e63db38320b12031bb28cf9f77e210aa71fb3a8a3602a3c9a05134fa75eb?s=96&d=mm&r=g","caption":"administrador"},"sameAs":["http:\/\/pre.italcamara-es.com"],"url":"https:\/\/italcamara-es.com\/it\/author\/administrador\/"}]}},"rttpg_featured_image_url":{"full":["https:\/\/italcamara-es.com\/wp-content\/uploads\/2025\/03\/TiepoloLogo2501.jpg",250,195,false],"landscape":["https:\/\/italcamara-es.com\/wp-content\/uploads\/2025\/03\/TiepoloLogo2501.jpg",250,195,false],"portraits":["https:\/\/italcamara-es.com\/wp-content\/uploads\/2025\/03\/TiepoloLogo2501.jpg",250,195,false],"thumbnail":["https:\/\/italcamara-es.com\/wp-content\/uploads\/2025\/03\/TiepoloLogo2501-150x150.jpg",150,150,true],"medium":["https:\/\/italcamara-es.com\/wp-content\/uploads\/2025\/03\/TiepoloLogo2501.jpg",250,195,false],"large":["https:\/\/italcamara-es.com\/wp-content\/uploads\/2025\/03\/TiepoloLogo2501.jpg",250,195,false],"1536x1536":["https:\/\/italcamara-es.com\/wp-content\/uploads\/2025\/03\/TiepoloLogo2501.jpg",250,195,false],"2048x2048":["https:\/\/italcamara-es.com\/wp-content\/uploads\/2025\/03\/TiepoloLogo2501.jpg",250,195,false],"ocean-thumb-m":["https:\/\/italcamara-es.com\/wp-content\/uploads\/2025\/03\/TiepoloLogo2501.jpg",250,195,false],"ocean-thumb-ml":["https:\/\/italcamara-es.com\/wp-content\/uploads\/2025\/03\/TiepoloLogo2501.jpg",250,195,false],"ocean-thumb-l":["https:\/\/italcamara-es.com\/wp-content\/uploads\/2025\/03\/TiepoloLogo2501.jpg",250,195,false],"directorist_preview":["https:\/\/italcamara-es.com\/wp-content\/uploads\/2025\/03\/TiepoloLogo2501.jpg",250,195,false]},"rttpg_author":{"display_name":"administrador","author_link":"https:\/\/italcamara-es.com\/it\/author\/administrador\/"},"rttpg_comment":0,"rttpg_category":"<a href=\"https:\/\/italcamara-es.com\/it\/category\/notizie\/\" rel=\"category tag\">Notizie<\/a>","rttpg_excerpt":"La cerimonia\u00a0 si \u00e8 svolta lo scorso 13 dicembre nell\u2019Ambasciata d\u2019Italia a Madrid \u00a0 Pietro Salini, Amministratore Delegato del principale gruppo italiano nel settore delle costruzioni, Salini Impregilo, e Juan Miguel Villar Mir, Presidente del gruppo internazionale OHL, operante nello stesso settore, hanno ricevuto lo scorso 13 dicembre il Premio Tiepolo 2013, consegnato rispettivamente dal&hellip;","_links":{"self":[{"href":"https:\/\/italcamara-es.com\/it\/wp-json\/wp\/v2\/posts\/55845","targetHints":{"allow":["GET"]}}],"collection":[{"href":"https:\/\/italcamara-es.com\/it\/wp-json\/wp\/v2\/posts"}],"about":[{"href":"https:\/\/italcamara-es.com\/it\/wp-json\/wp\/v2\/types\/post"}],"author":[{"embeddable":true,"href":"https:\/\/italcamara-es.com\/it\/wp-json\/wp\/v2\/users\/1"}],"replies":[{"embeddable":true,"href":"https:\/\/italcamara-es.com\/it\/wp-json\/wp\/v2\/comments?post=55845"}],"version-history":[{"count":0,"href":"https:\/\/italcamara-es.com\/it\/wp-json\/wp\/v2\/posts\/55845\/revisions"}],"wp:featuredmedia":[{"embeddable":true,"href":"https:\/\/italcamara-es.com\/it\/wp-json\/wp\/v2\/media\/54273"}],"wp:attachment":[{"href":"https:\/\/italcamara-es.com\/it\/wp-json\/wp\/v2\/media?parent=55845"}],"wp:term":[{"taxonomy":"category","embeddable":true,"href":"https:\/\/italcamara-es.com\/it\/wp-json\/wp\/v2\/categories?post=55845"},{"taxonomy":"post_tag","embeddable":true,"href":"https:\/\/italcamara-es.com\/it\/wp-json\/wp\/v2\/tags?post=55845"}],"curies":[{"name":"wp","href":"https:\/\/api.w.org\/{rel}","templated":true}]}}