	{"id":55854,"date":"2016-10-11T16:16:14","date_gmt":"2016-10-11T14:16:14","guid":{"rendered":"http:\/\/pre.italcamara-es.com\/senza-categoria\/unopportunita-per-i-giovani-cuochi-europei\/"},"modified":"2016-10-11T16:16:14","modified_gmt":"2016-10-11T14:16:14","slug":"unopportunita-per-i-giovani-cuochi-europei","status":"publish","type":"post","link":"https:\/\/italcamara-es.com\/it\/notizie\/unopportunita-per-i-giovani-cuochi-europei\/","title":{"rendered":"Un\u2019opportunit\u00e0 per i giovani cuochi europei"},"content":{"rendered":"<p><em>CESCOT Firenze Srl, in collaborazione con la CCIS ed altre camera di Commercio Italiane all\u2019estero, promuove il progetto \u201cGREEN KITCHEN. Giovani cuochi in mobilit\u00e0\u201d, finalizzato alla mobilit\u00e0 internazionale nel settore della ristorazione sostenibile di 60 giovani cuochi provenienti da diversi Paesi europei.<\/em><\/p>\n<p>&nbsp;<\/p>\n<p>&nbsp;<\/p>\n<p>CESCOT Firenze Srl, nell\u2019ambito del programma ERASMUS PLUS KAI 1 finanziato dalla Commissione Europea, ed in collaborazione \u2013 tra gli altri \u2013 con la CCIS, organizza il progetto \u201cGREEN KITCHEN. Giovani cuochi in mobilit\u00e0\u201d, volto ad incentivare la mobilit\u00e0 internazionale di 60 giovani cuochi (10 tedeschi, 10 greci, 10 francesi, 15 spagnoli, 10 portoghesi e 5 lituani) di et\u00e0 compresa tra i 18 ed i 29 anni, affinch\u00e8 possano migliorare le proprie competenze tecnico professionali nel settore della ristorazione sostenibile ed a basso impatto ambientale.<\/p>\n<p>&nbsp;<\/p>\n<p>Oltre che alla CCIS, partecipano al progetto le Camere italiane a Salonicco, Lisbona, Berlino e Marsiglia.<\/p>\n<p>&nbsp;<\/p>\n<p>Il progetto si rivolge a:<\/p>\n<p>&#8211; Neodiplomati delle scuole superiori, che siano motivati ad intraprendere professsioni nel settore della ristorazione;<\/p>\n<p>&#8211; Neo-qualificati nelle professioni aventi a che fare con la ristorazione (triennio conseguito presso istituti alberghieri o percorsi riconosciuti che prevedono il rilascio di una qualifica);<\/p>\n<p>&#8211; Studenti maggiorenni nell\u2019ambito del progetto di Alternanza Scuola-Lavoro.<\/p>\n<p>&nbsp;<\/p>\n<p>I giovani selezionati svolgeranno uno stage di sette settimane presso ristoranti selezionati, specializzati in cucina vegetariana, vegana, sostenibile ed a km zero.<\/p>\n<p>&nbsp;<\/p>\n<p>Per maggiori informazioni, \u00e8 possibile scaricare il Bando cliccando su quanto segue: <span style=\"color: #0000ff;\"><strong><a style=\"color: #0000ff;\" href=\"https:\/\/www.italcamara-es.com\/wp-content\/uploads\/2016\/10\/BANDO-ERASMUS1.pdf\" target=\"_blank\" rel=\"noopener\">Bando Erasmus Plus \u2013 Progetto Green Kitchen<\/a><\/strong><\/span>.<\/p>\n<p>Per scaricare la domanda di iscrizione al Progetto: <span style=\"color: #0000ff;\"><strong><a style=\"color: #0000ff;\" href=\"https:\/\/www.italcamara-es.com\/wp-content\/uploads\/2016\/10\/domanda-di-iscrizione-22.pdf\" target=\"_blank\" rel=\"noopener\">Domanda di partecipazione al Progetto Green Kitchen<\/a><\/strong><\/span><\/p>\n<p>&nbsp;<\/p>\n","protected":false},"excerpt":{"rendered":"<p>CESCOT Firenze Srl, in collaborazione con la CCIS ed altre camera di Commercio Italiane all\u2019estero, promuove il progetto \u201cGREEN KITCHEN. Giovani cuochi in mobilit\u00e0\u201d, finalizzato alla mobilit\u00e0 internazionale nel settore della ristorazione sostenibile di 60 giovani cuochi provenienti da diversi Paesi europei. &nbsp; &nbsp; CESCOT Firenze Srl, nell\u2019ambito del programma ERASMUS PLUS KAI 1 finanziato [&hellip;]<\/p>\n","protected":false},"author":1,"featured_media":54288,"comment_status":"open","ping_status":"open","sticky":false,"template":"","format":"standard","meta":{"inline_featured_image":false,"ocean_post_layout":"","ocean_both_sidebars_style":"","ocean_both_sidebars_content_width":0,"ocean_both_sidebars_sidebars_width":0,"ocean_sidebar":"","ocean_second_sidebar":"","ocean_disable_margins":"enable","ocean_add_body_class":"","ocean_shortcode_before_top_bar":"","ocean_shortcode_after_top_bar":"","ocean_shortcode_before_header":"","ocean_shortcode_after_header":"","ocean_has_shortcode":"","ocean_shortcode_after_title":"","ocean_shortcode_before_footer_widgets":"","ocean_shortcode_after_footer_widgets":"","ocean_shortcode_before_footer_bottom":"","ocean_shortcode_after_footer_bottom":"","ocean_display_top_bar":"default","ocean_display_header":"default","ocean_header_style":"","ocean_center_header_left_menu":"","ocean_custom_header_template":"","ocean_custom_logo":0,"ocean_custom_retina_logo":0,"ocean_custom_logo_max_width":0,"ocean_custom_logo_tablet_max_width":0,"ocean_custom_logo_mobile_max_width":0,"ocean_custom_logo_max_height":0,"ocean_custom_logo_tablet_max_height":0,"ocean_custom_logo_mobile_max_height":0,"ocean_header_custom_menu":"","ocean_menu_typo_font_family":"","ocean_menu_typo_font_subset":"","ocean_menu_typo_font_size":0,"ocean_menu_typo_font_size_tablet":0,"ocean_menu_typo_font_size_mobile":0,"ocean_menu_typo_font_size_unit":"px","ocean_menu_typo_font_weight":"","ocean_menu_typo_font_weight_tablet":"","ocean_menu_typo_font_weight_mobile":"","ocean_menu_typo_transform":"","ocean_menu_typo_transform_tablet":"","ocean_menu_typo_transform_mobile":"","ocean_menu_typo_line_height":0,"ocean_menu_typo_line_height_tablet":0,"ocean_menu_typo_line_height_mobile":0,"ocean_menu_typo_line_height_unit":"","ocean_menu_typo_spacing":0,"ocean_menu_typo_spacing_tablet":0,"ocean_menu_typo_spacing_mobile":0,"ocean_menu_typo_spacing_unit":"","ocean_menu_link_color":"","ocean_menu_link_color_hover":"","ocean_menu_link_color_active":"","ocean_menu_link_background":"","ocean_menu_link_hover_background":"","ocean_menu_link_active_background":"","ocean_menu_social_links_bg":"","ocean_menu_social_hover_links_bg":"","ocean_menu_social_links_color":"","ocean_menu_social_hover_links_color":"","ocean_disable_title":"default","ocean_disable_heading":"default","ocean_post_title":"","ocean_post_subheading":"","ocean_post_title_style":"","ocean_post_title_background_color":"","ocean_post_title_background":0,"ocean_post_title_bg_image_position":"","ocean_post_title_bg_image_attachment":"","ocean_post_title_bg_image_repeat":"","ocean_post_title_bg_image_size":"","ocean_post_title_height":0,"ocean_post_title_bg_overlay":0.5,"ocean_post_title_bg_overlay_color":"","ocean_disable_breadcrumbs":"default","ocean_breadcrumbs_color":"","ocean_breadcrumbs_separator_color":"","ocean_breadcrumbs_links_color":"","ocean_breadcrumbs_links_hover_color":"","ocean_display_footer_widgets":"default","ocean_display_footer_bottom":"default","ocean_custom_footer_template":"","ocean_post_oembed":"","ocean_post_self_hosted_media":"","ocean_post_video_embed":"","ocean_link_format":"","ocean_link_format_target":"self","ocean_quote_format":"","ocean_quote_format_link":"post","ocean_gallery_link_images":"on","ocean_gallery_id":[],"footnotes":""},"categories":[133],"tags":[139],"class_list":["post-55854","post","type-post","status-publish","format-standard","has-post-thumbnail","hentry","category-notizie","tag-notizie-di-la-ccis","entry","has-media"],"yoast_head":"<!-- This site is optimized with the Yoast SEO plugin v27.4 - https:\/\/yoast.com\/product\/yoast-seo-wordpress\/ -->\n<title>Un\u2019opportunit\u00e0 per i giovani cuochi europei - Italcamara<\/title>\n<meta name=\"robots\" content=\"index, follow, max-snippet:-1, max-image-preview:large, max-video-preview:-1\" \/>\n<link rel=\"canonical\" href=\"https:\/\/italcamara-es.com\/it\/notizie\/unopportunita-per-i-giovani-cuochi-europei\/\" \/>\n<meta property=\"og:locale\" content=\"it_IT\" \/>\n<meta property=\"og:type\" content=\"article\" \/>\n<meta property=\"og:title\" content=\"Un\u2019opportunit\u00e0 per i giovani cuochi europei - Italcamara\" \/>\n<meta property=\"og:description\" content=\"CESCOT Firenze Srl, in collaborazione con la CCIS ed altre camera di Commercio Italiane all\u2019estero, promuove il progetto \u201cGREEN KITCHEN. Giovani cuochi in mobilit\u00e0\u201d, finalizzato alla mobilit\u00e0 internazionale nel settore della ristorazione sostenibile di 60 giovani cuochi provenienti da diversi Paesi europei. &nbsp; &nbsp; CESCOT Firenze Srl, nell\u2019ambito del programma ERASMUS PLUS KAI 1 finanziato [&hellip;]\" \/>\n<meta property=\"og:url\" content=\"https:\/\/italcamara-es.com\/it\/notizie\/unopportunita-per-i-giovani-cuochi-europei\/\" \/>\n<meta property=\"og:site_name\" content=\"Italcamara\" \/>\n<meta property=\"article:published_time\" content=\"2016-10-11T14:16:14+00:00\" \/>\n<meta property=\"og:image\" content=\"https:\/\/italcamara-es.com\/wp-content\/uploads\/2025\/03\/GreenKitchen250.jpg\" \/>\n\t<meta property=\"og:image:width\" content=\"250\" \/>\n\t<meta property=\"og:image:height\" content=\"106\" \/>\n\t<meta property=\"og:image:type\" content=\"image\/jpeg\" \/>\n<meta name=\"author\" content=\"administrador\" \/>\n<meta name=\"twitter:card\" content=\"summary_large_image\" \/>\n<meta name=\"twitter:label1\" content=\"Scritto da\" \/>\n\t<meta name=\"twitter:data1\" content=\"administrador\" \/>\n\t<meta name=\"twitter:label2\" content=\"Tempo di lettura stimato\" \/>\n\t<meta name=\"twitter:data2\" content=\"1 minuto\" \/>\n<script type=\"application\/ld+json\" class=\"yoast-schema-graph\">{\"@context\":\"https:\\\/\\\/schema.org\",\"@graph\":[{\"@type\":\"Article\",\"@id\":\"https:\\\/\\\/italcamara-es.com\\\/it\\\/notizie\\\/unopportunita-per-i-giovani-cuochi-europei\\\/#article\",\"isPartOf\":{\"@id\":\"https:\\\/\\\/italcamara-es.com\\\/it\\\/notizie\\\/unopportunita-per-i-giovani-cuochi-europei\\\/\"},\"author\":{\"name\":\"administrador\",\"@id\":\"https:\\\/\\\/italcamara-es.com\\\/#\\\/schema\\\/person\\\/bb3c56263e405bbd9a15171dcfee93bb\"},\"headline\":\"Un\u2019opportunit\u00e0 per i giovani cuochi europei\",\"datePublished\":\"2016-10-11T14:16:14+00:00\",\"mainEntityOfPage\":{\"@id\":\"https:\\\/\\\/italcamara-es.com\\\/it\\\/notizie\\\/unopportunita-per-i-giovani-cuochi-europei\\\/\"},\"wordCount\":256,\"commentCount\":0,\"image\":{\"@id\":\"https:\\\/\\\/italcamara-es.com\\\/it\\\/notizie\\\/unopportunita-per-i-giovani-cuochi-europei\\\/#primaryimage\"},\"thumbnailUrl\":\"https:\\\/\\\/italcamara-es.com\\\/wp-content\\\/uploads\\\/2025\\\/03\\\/GreenKitchen250.jpg\",\"keywords\":[\"Notizie di la CCIS\"],\"articleSection\":[\"Notizie\"],\"inLanguage\":\"it-IT\",\"potentialAction\":[{\"@type\":\"CommentAction\",\"name\":\"Comment\",\"target\":[\"https:\\\/\\\/italcamara-es.com\\\/it\\\/notizie\\\/unopportunita-per-i-giovani-cuochi-europei\\\/#respond\"]}]},{\"@type\":\"WebPage\",\"@id\":\"https:\\\/\\\/italcamara-es.com\\\/it\\\/notizie\\\/unopportunita-per-i-giovani-cuochi-europei\\\/\",\"url\":\"https:\\\/\\\/italcamara-es.com\\\/it\\\/notizie\\\/unopportunita-per-i-giovani-cuochi-europei\\\/\",\"name\":\"Un\u2019opportunit\u00e0 per i giovani cuochi europei - Italcamara\",\"isPartOf\":{\"@id\":\"https:\\\/\\\/italcamara-es.com\\\/#website\"},\"primaryImageOfPage\":{\"@id\":\"https:\\\/\\\/italcamara-es.com\\\/it\\\/notizie\\\/unopportunita-per-i-giovani-cuochi-europei\\\/#primaryimage\"},\"image\":{\"@id\":\"https:\\\/\\\/italcamara-es.com\\\/it\\\/notizie\\\/unopportunita-per-i-giovani-cuochi-europei\\\/#primaryimage\"},\"thumbnailUrl\":\"https:\\\/\\\/italcamara-es.com\\\/wp-content\\\/uploads\\\/2025\\\/03\\\/GreenKitchen250.jpg\",\"datePublished\":\"2016-10-11T14:16:14+00:00\",\"author\":{\"@id\":\"https:\\\/\\\/italcamara-es.com\\\/#\\\/schema\\\/person\\\/bb3c56263e405bbd9a15171dcfee93bb\"},\"breadcrumb\":{\"@id\":\"https:\\\/\\\/italcamara-es.com\\\/it\\\/notizie\\\/unopportunita-per-i-giovani-cuochi-europei\\\/#breadcrumb\"},\"inLanguage\":\"it-IT\",\"potentialAction\":[{\"@type\":\"ReadAction\",\"target\":[\"https:\\\/\\\/italcamara-es.com\\\/it\\\/notizie\\\/unopportunita-per-i-giovani-cuochi-europei\\\/\"]}]},{\"@type\":\"ImageObject\",\"inLanguage\":\"it-IT\",\"@id\":\"https:\\\/\\\/italcamara-es.com\\\/it\\\/notizie\\\/unopportunita-per-i-giovani-cuochi-europei\\\/#primaryimage\",\"url\":\"https:\\\/\\\/italcamara-es.com\\\/wp-content\\\/uploads\\\/2025\\\/03\\\/GreenKitchen250.jpg\",\"contentUrl\":\"https:\\\/\\\/italcamara-es.com\\\/wp-content\\\/uploads\\\/2025\\\/03\\\/GreenKitchen250.jpg\",\"width\":250,\"height\":106},{\"@type\":\"BreadcrumbList\",\"@id\":\"https:\\\/\\\/italcamara-es.com\\\/it\\\/notizie\\\/unopportunita-per-i-giovani-cuochi-europei\\\/#breadcrumb\",\"itemListElement\":[{\"@type\":\"ListItem\",\"position\":1,\"name\":\"Inicio\",\"item\":\"https:\\\/\\\/italcamara-es.com\\\/it\\\/homepage-ita\\\/\"},{\"@type\":\"ListItem\",\"position\":2,\"name\":\"Un\u2019opportunit\u00e0 per i giovani cuochi europei\"}]},{\"@type\":\"WebSite\",\"@id\":\"https:\\\/\\\/italcamara-es.com\\\/#website\",\"url\":\"https:\\\/\\\/italcamara-es.com\\\/\",\"name\":\"Italcamara\",\"description\":\"\",\"potentialAction\":[{\"@type\":\"SearchAction\",\"target\":{\"@type\":\"EntryPoint\",\"urlTemplate\":\"https:\\\/\\\/italcamara-es.com\\\/?s={search_term_string}\"},\"query-input\":{\"@type\":\"PropertyValueSpecification\",\"valueRequired\":true,\"valueName\":\"search_term_string\"}}],\"inLanguage\":\"it-IT\"},{\"@type\":\"Person\",\"@id\":\"https:\\\/\\\/italcamara-es.com\\\/#\\\/schema\\\/person\\\/bb3c56263e405bbd9a15171dcfee93bb\",\"name\":\"administrador\",\"image\":{\"@type\":\"ImageObject\",\"inLanguage\":\"it-IT\",\"@id\":\"https:\\\/\\\/secure.gravatar.com\\\/avatar\\\/14b5e63db38320b12031bb28cf9f77e210aa71fb3a8a3602a3c9a05134fa75eb?s=96&d=mm&r=g\",\"url\":\"https:\\\/\\\/secure.gravatar.com\\\/avatar\\\/14b5e63db38320b12031bb28cf9f77e210aa71fb3a8a3602a3c9a05134fa75eb?s=96&d=mm&r=g\",\"contentUrl\":\"https:\\\/\\\/secure.gravatar.com\\\/avatar\\\/14b5e63db38320b12031bb28cf9f77e210aa71fb3a8a3602a3c9a05134fa75eb?s=96&d=mm&r=g\",\"caption\":\"administrador\"},\"sameAs\":[\"http:\\\/\\\/pre.italcamara-es.com\"],\"url\":\"https:\\\/\\\/italcamara-es.com\\\/it\\\/author\\\/administrador\\\/\"}]}<\/script>\n<!-- \/ Yoast SEO plugin. -->","yoast_head_json":{"title":"Un\u2019opportunit\u00e0 per i giovani cuochi europei - Italcamara","robots":{"index":"index","follow":"follow","max-snippet":"max-snippet:-1","max-image-preview":"max-image-preview:large","max-video-preview":"max-video-preview:-1"},"canonical":"https:\/\/italcamara-es.com\/it\/notizie\/unopportunita-per-i-giovani-cuochi-europei\/","og_locale":"it_IT","og_type":"article","og_title":"Un\u2019opportunit\u00e0 per i giovani cuochi europei - Italcamara","og_description":"CESCOT Firenze Srl, in collaborazione con la CCIS ed altre camera di Commercio Italiane all\u2019estero, promuove il progetto \u201cGREEN KITCHEN. Giovani cuochi in mobilit\u00e0\u201d, finalizzato alla mobilit\u00e0 internazionale nel settore della ristorazione sostenibile di 60 giovani cuochi provenienti da diversi Paesi europei. &nbsp; &nbsp; CESCOT Firenze Srl, nell\u2019ambito del programma ERASMUS PLUS KAI 1 finanziato [&hellip;]","og_url":"https:\/\/italcamara-es.com\/it\/notizie\/unopportunita-per-i-giovani-cuochi-europei\/","og_site_name":"Italcamara","article_published_time":"2016-10-11T14:16:14+00:00","og_image":[{"width":250,"height":106,"url":"https:\/\/italcamara-es.com\/wp-content\/uploads\/2025\/03\/GreenKitchen250.jpg","type":"image\/jpeg"}],"author":"administrador","twitter_card":"summary_large_image","twitter_misc":{"Scritto da":"administrador","Tempo di lettura stimato":"1 minuto"},"schema":{"@context":"https:\/\/schema.org","@graph":[{"@type":"Article","@id":"https:\/\/italcamara-es.com\/it\/notizie\/unopportunita-per-i-giovani-cuochi-europei\/#article","isPartOf":{"@id":"https:\/\/italcamara-es.com\/it\/notizie\/unopportunita-per-i-giovani-cuochi-europei\/"},"author":{"name":"administrador","@id":"https:\/\/italcamara-es.com\/#\/schema\/person\/bb3c56263e405bbd9a15171dcfee93bb"},"headline":"Un\u2019opportunit\u00e0 per i giovani cuochi europei","datePublished":"2016-10-11T14:16:14+00:00","mainEntityOfPage":{"@id":"https:\/\/italcamara-es.com\/it\/notizie\/unopportunita-per-i-giovani-cuochi-europei\/"},"wordCount":256,"commentCount":0,"image":{"@id":"https:\/\/italcamara-es.com\/it\/notizie\/unopportunita-per-i-giovani-cuochi-europei\/#primaryimage"},"thumbnailUrl":"https:\/\/italcamara-es.com\/wp-content\/uploads\/2025\/03\/GreenKitchen250.jpg","keywords":["Notizie di la CCIS"],"articleSection":["Notizie"],"inLanguage":"it-IT","potentialAction":[{"@type":"CommentAction","name":"Comment","target":["https:\/\/italcamara-es.com\/it\/notizie\/unopportunita-per-i-giovani-cuochi-europei\/#respond"]}]},{"@type":"WebPage","@id":"https:\/\/italcamara-es.com\/it\/notizie\/unopportunita-per-i-giovani-cuochi-europei\/","url":"https:\/\/italcamara-es.com\/it\/notizie\/unopportunita-per-i-giovani-cuochi-europei\/","name":"Un\u2019opportunit\u00e0 per i giovani cuochi europei - Italcamara","isPartOf":{"@id":"https:\/\/italcamara-es.com\/#website"},"primaryImageOfPage":{"@id":"https:\/\/italcamara-es.com\/it\/notizie\/unopportunita-per-i-giovani-cuochi-europei\/#primaryimage"},"image":{"@id":"https:\/\/italcamara-es.com\/it\/notizie\/unopportunita-per-i-giovani-cuochi-europei\/#primaryimage"},"thumbnailUrl":"https:\/\/italcamara-es.com\/wp-content\/uploads\/2025\/03\/GreenKitchen250.jpg","datePublished":"2016-10-11T14:16:14+00:00","author":{"@id":"https:\/\/italcamara-es.com\/#\/schema\/person\/bb3c56263e405bbd9a15171dcfee93bb"},"breadcrumb":{"@id":"https:\/\/italcamara-es.com\/it\/notizie\/unopportunita-per-i-giovani-cuochi-europei\/#breadcrumb"},"inLanguage":"it-IT","potentialAction":[{"@type":"ReadAction","target":["https:\/\/italcamara-es.com\/it\/notizie\/unopportunita-per-i-giovani-cuochi-europei\/"]}]},{"@type":"ImageObject","inLanguage":"it-IT","@id":"https:\/\/italcamara-es.com\/it\/notizie\/unopportunita-per-i-giovani-cuochi-europei\/#primaryimage","url":"https:\/\/italcamara-es.com\/wp-content\/uploads\/2025\/03\/GreenKitchen250.jpg","contentUrl":"https:\/\/italcamara-es.com\/wp-content\/uploads\/2025\/03\/GreenKitchen250.jpg","width":250,"height":106},{"@type":"BreadcrumbList","@id":"https:\/\/italcamara-es.com\/it\/notizie\/unopportunita-per-i-giovani-cuochi-europei\/#breadcrumb","itemListElement":[{"@type":"ListItem","position":1,"name":"Inicio","item":"https:\/\/italcamara-es.com\/it\/homepage-ita\/"},{"@type":"ListItem","position":2,"name":"Un\u2019opportunit\u00e0 per i giovani cuochi europei"}]},{"@type":"WebSite","@id":"https:\/\/italcamara-es.com\/#website","url":"https:\/\/italcamara-es.com\/","name":"Italcamara","description":"","potentialAction":[{"@type":"SearchAction","target":{"@type":"EntryPoint","urlTemplate":"https:\/\/italcamara-es.com\/?s={search_term_string}"},"query-input":{"@type":"PropertyValueSpecification","valueRequired":true,"valueName":"search_term_string"}}],"inLanguage":"it-IT"},{"@type":"Person","@id":"https:\/\/italcamara-es.com\/#\/schema\/person\/bb3c56263e405bbd9a15171dcfee93bb","name":"administrador","image":{"@type":"ImageObject","inLanguage":"it-IT","@id":"https:\/\/secure.gravatar.com\/avatar\/14b5e63db38320b12031bb28cf9f77e210aa71fb3a8a3602a3c9a05134fa75eb?s=96&d=mm&r=g","url":"https:\/\/secure.gravatar.com\/avatar\/14b5e63db38320b12031bb28cf9f77e210aa71fb3a8a3602a3c9a05134fa75eb?s=96&d=mm&r=g","contentUrl":"https:\/\/secure.gravatar.com\/avatar\/14b5e63db38320b12031bb28cf9f77e210aa71fb3a8a3602a3c9a05134fa75eb?s=96&d=mm&r=g","caption":"administrador"},"sameAs":["http:\/\/pre.italcamara-es.com"],"url":"https:\/\/italcamara-es.com\/it\/author\/administrador\/"}]}},"rttpg_featured_image_url":{"full":["https:\/\/italcamara-es.com\/wp-content\/uploads\/2025\/03\/GreenKitchen250.jpg",250,106,false],"landscape":["https:\/\/italcamara-es.com\/wp-content\/uploads\/2025\/03\/GreenKitchen250.jpg",250,106,false],"portraits":["https:\/\/italcamara-es.com\/wp-content\/uploads\/2025\/03\/GreenKitchen250.jpg",250,106,false],"thumbnail":["https:\/\/italcamara-es.com\/wp-content\/uploads\/2025\/03\/GreenKitchen250-150x106.jpg",150,106,true],"medium":["https:\/\/italcamara-es.com\/wp-content\/uploads\/2025\/03\/GreenKitchen250.jpg",250,106,false],"large":["https:\/\/italcamara-es.com\/wp-content\/uploads\/2025\/03\/GreenKitchen250.jpg",250,106,false],"1536x1536":["https:\/\/italcamara-es.com\/wp-content\/uploads\/2025\/03\/GreenKitchen250.jpg",250,106,false],"2048x2048":["https:\/\/italcamara-es.com\/wp-content\/uploads\/2025\/03\/GreenKitchen250.jpg",250,106,false],"ocean-thumb-m":["https:\/\/italcamara-es.com\/wp-content\/uploads\/2025\/03\/GreenKitchen250.jpg",250,106,false],"ocean-thumb-ml":["https:\/\/italcamara-es.com\/wp-content\/uploads\/2025\/03\/GreenKitchen250.jpg",250,106,false],"ocean-thumb-l":["https:\/\/italcamara-es.com\/wp-content\/uploads\/2025\/03\/GreenKitchen250.jpg",250,106,false],"directorist_preview":["https:\/\/italcamara-es.com\/wp-content\/uploads\/2025\/03\/GreenKitchen250.jpg",250,106,false]},"rttpg_author":{"display_name":"administrador","author_link":"https:\/\/italcamara-es.com\/it\/author\/administrador\/"},"rttpg_comment":0,"rttpg_category":"<a href=\"https:\/\/italcamara-es.com\/it\/category\/notizie\/\" rel=\"category tag\">Notizie<\/a>","rttpg_excerpt":"CESCOT Firenze Srl, in collaborazione con la CCIS ed altre camera di Commercio Italiane all\u2019estero, promuove il progetto \u201cGREEN KITCHEN. Giovani cuochi in mobilit\u00e0\u201d, finalizzato alla mobilit\u00e0 internazionale nel settore della ristorazione sostenibile di 60 giovani cuochi provenienti da diversi Paesi europei. &nbsp; &nbsp; CESCOT Firenze Srl, nell\u2019ambito del programma ERASMUS PLUS KAI 1 finanziato&hellip;","_links":{"self":[{"href":"https:\/\/italcamara-es.com\/it\/wp-json\/wp\/v2\/posts\/55854","targetHints":{"allow":["GET"]}}],"collection":[{"href":"https:\/\/italcamara-es.com\/it\/wp-json\/wp\/v2\/posts"}],"about":[{"href":"https:\/\/italcamara-es.com\/it\/wp-json\/wp\/v2\/types\/post"}],"author":[{"embeddable":true,"href":"https:\/\/italcamara-es.com\/it\/wp-json\/wp\/v2\/users\/1"}],"replies":[{"embeddable":true,"href":"https:\/\/italcamara-es.com\/it\/wp-json\/wp\/v2\/comments?post=55854"}],"version-history":[{"count":0,"href":"https:\/\/italcamara-es.com\/it\/wp-json\/wp\/v2\/posts\/55854\/revisions"}],"wp:featuredmedia":[{"embeddable":true,"href":"https:\/\/italcamara-es.com\/it\/wp-json\/wp\/v2\/media\/54288"}],"wp:attachment":[{"href":"https:\/\/italcamara-es.com\/it\/wp-json\/wp\/v2\/media?parent=55854"}],"wp:term":[{"taxonomy":"category","embeddable":true,"href":"https:\/\/italcamara-es.com\/it\/wp-json\/wp\/v2\/categories?post=55854"},{"taxonomy":"post_tag","embeddable":true,"href":"https:\/\/italcamara-es.com\/it\/wp-json\/wp\/v2\/tags?post=55854"}],"curies":[{"name":"wp","href":"https:\/\/api.w.org\/{rel}","templated":true}]}}