	{"id":55856,"date":"2016-10-24T11:09:43","date_gmt":"2016-10-24T09:09:43","guid":{"rendered":"http:\/\/pre.italcamara-es.com\/senza-categoria\/grande-successo-delliniziativa-madrid-abbraccia-il-centro-italia\/"},"modified":"2016-10-24T11:09:43","modified_gmt":"2016-10-24T09:09:43","slug":"grande-successo-delliniziativa-madrid-abbraccia-il-centro-italia","status":"publish","type":"post","link":"https:\/\/italcamara-es.com\/it\/notizie\/grande-successo-delliniziativa-madrid-abbraccia-il-centro-italia\/","title":{"rendered":"Grande successo dell\u2019iniziativa \u201cMadrid abbraccia il centro Italia\u201d"},"content":{"rendered":"<p><em><strong>Pi\u00f9 di 1.500 persone hanno partecipato all\u2019evento benefico<\/strong> in favore delle popolazioni italiane colpite dal terremoto dello scorso agosto, che si \u00e8 tenuto presso la Cancelleria consulare dell\u2019Ambasciata italiana.<\/em><\/p>\n<p>&nbsp;<\/p>\n<p>&nbsp;<\/p>\n<p>L\u2019evento benefico organizzato dalla Camera di Commercio e Industria italiana per la Spagna, dalla Scuola Statale Italiana di Madrid, dal Com.It.Es di Madrid e dalla Societ\u00e0 Italiana di Beneficenza, su proposta dell\u2019Ambasciata italiana in Spagna \u00e8 stata un\u2019occasione per dimostrare ancora una volta la vicinanza di Madrid alla popolazione italiana.<\/p>\n<p>&nbsp;<\/p>\n<p>Durante tutta la giornata, hanno avuto luogo degustazioni e sono stati venduti piatti di pasta all\u2019amatriciana, ricetta conosciuta in tutto il mondo ed originaria di Amatrice \u2013 una delle localit\u00e0 pi\u00f9 colpite dal sisma \u2013, la citt\u00e0 che \u00e8 diventata il simbolo di numerose iniziative benefiche.<\/p>\n<p>&nbsp;<\/p>\n<p>Inoltre, celebri chef spagnoli ed italiani hanno partecipato all\u2019iniziativa con generosit\u00e0 e sensibilit\u00e0, contribuendo senza dubbio al suo successo. <strong>Mario Sandoval, Juan Pozuelo, Nicolas Rom\u00e1n, Rebeca Hern\u00e1ndez, Enrica Barni, Manfredi Bosco, Luca Rodi, Valerio Mauriello, Fabio Gasparini, Davide Bonato, Raniero D\u2019Onofrio, Mario Sartori ed Alberto Ricci<\/strong> sono gli chef che hanno aderito all\u2019evento, elaborando la propria versione della pasta all\u2019amatriciana.<\/p>\n<p>&nbsp;<\/p>\n<p>&nbsp;<\/p>\n<p style=\"text-align: center;\"><a href=\"https:\/\/www.italcamara-es.com\/wp-content\/uploads\/2016\/10\/Sandoval7001.jpg\"><img fetchpriority=\"high\" decoding=\"async\" class=\" size-full wp-image-7644 aligncenter\" src=\"https:\/\/www.italcamara-es.com\/wp-content\/uploads\/2016\/10\/Sandoval7001.jpg\" alt=\"El chef estrellado Mario Sandoval\" width=\"700\" height=\"860\" \/><\/a><\/p>\n<p>&nbsp;<\/p>\n<p>Si \u00e8 tenuta anche una lotteria benefica grazie alla collaborazione di imprese, istituzioni e privati.<\/p>\n<p>&nbsp;<\/p>\n<p>L\u2019incasso dell\u2019evento si destiner\u00e0 alla <strong>Croce Rossa Italiana<\/strong>, una delle principali organizzazioni di aiuti che attualmente opera nelle localit\u00e0 colpite dal terremoto.<\/p>\n<p>&nbsp;<\/p>\n<p><img decoding=\"async\" class=\" size-full wp-image-7645 aligncenter\" src=\"https:\/\/www.italcamara-es.com\/wp-content\/uploads\/2016\/10\/Evento22-107001.jpg\" alt=\"evento22-10700\" width=\"700\" height=\"525\" \/><\/p>\n<p>&nbsp;<\/p>\n<p>All\u2019iniziativa benefica ha partecipato anche l\u2019Ambasciatore italiano, <strong>Stefano Sannino<\/strong>, che, nel suo intervento, ha voluto ringraziare peronalmente tutti i presenti e la loro generosit\u00e0, ricordando inoltre le imprese e le associazioni che hanno partecipato all\u2019iniziativa con le proprie donazioni: <strong>Reale Seguros; Endesa; Cellnex; Saras Energ\u00eda; Ubibanca International; Scuola Italiana di Madrid<\/strong>; nonch\u00e9 tutti coloro che hanno collaborato alla riuscita dell\u2019evento, anche mettendo a disposzione i propri servizi e prodotti.<\/p>\n<p>&nbsp;<\/p>\n<p><a href=\"https:\/\/www.italcamara-es.com\/wp-content\/uploads\/2016\/10\/Evento22-1070021.jpg\"><img decoding=\"async\" class=\" size-full wp-image-7646 aligncenter\" src=\"https:\/\/www.italcamara-es.com\/wp-content\/uploads\/2016\/10\/Evento22-1070021.jpg\" alt=\"El embajador italiano Stefano Sannino\" width=\"700\" height=\"933\" \/><\/a><\/p>\n<p>&nbsp;<\/p>\n<p>&nbsp;<\/p>\n<p><a href=\"https:\/\/www.italcamara-es.com\/wp-content\/uploads\/2016\/10\/Agradecimientos700.jpg\"><img loading=\"lazy\" decoding=\"async\" class=\"alignnone size-full wp-image-7981\" src=\"https:\/\/www.italcamara-es.com\/wp-content\/uploads\/2016\/10\/Agradecimientos700.jpg\" alt=\"agradecimientos700\" width=\"700\" height=\"587\" \/><\/a><\/p>\n","protected":false},"excerpt":{"rendered":"<p>Pi\u00f9 di 1.500 persone hanno partecipato all\u2019evento benefico in favore delle popolazioni italiane colpite dal terremoto dello scorso agosto, che si \u00e8 tenuto presso la Cancelleria consulare dell\u2019Ambasciata italiana. &nbsp; &nbsp; L\u2019evento benefico organizzato dalla Camera di Commercio e Industria italiana per la Spagna, dalla Scuola Statale Italiana di Madrid, dal Com.It.Es di Madrid e [&hellip;]<\/p>\n","protected":false},"author":1,"featured_media":54292,"comment_status":"open","ping_status":"open","sticky":false,"template":"","format":"standard","meta":{"inline_featured_image":false,"ocean_post_layout":"","ocean_both_sidebars_style":"","ocean_both_sidebars_content_width":0,"ocean_both_sidebars_sidebars_width":0,"ocean_sidebar":"","ocean_second_sidebar":"","ocean_disable_margins":"enable","ocean_add_body_class":"","ocean_shortcode_before_top_bar":"","ocean_shortcode_after_top_bar":"","ocean_shortcode_before_header":"","ocean_shortcode_after_header":"","ocean_has_shortcode":"","ocean_shortcode_after_title":"","ocean_shortcode_before_footer_widgets":"","ocean_shortcode_after_footer_widgets":"","ocean_shortcode_before_footer_bottom":"","ocean_shortcode_after_footer_bottom":"","ocean_display_top_bar":"default","ocean_display_header":"default","ocean_header_style":"","ocean_center_header_left_menu":"","ocean_custom_header_template":"","ocean_custom_logo":0,"ocean_custom_retina_logo":0,"ocean_custom_logo_max_width":0,"ocean_custom_logo_tablet_max_width":0,"ocean_custom_logo_mobile_max_width":0,"ocean_custom_logo_max_height":0,"ocean_custom_logo_tablet_max_height":0,"ocean_custom_logo_mobile_max_height":0,"ocean_header_custom_menu":"","ocean_menu_typo_font_family":"","ocean_menu_typo_font_subset":"","ocean_menu_typo_font_size":0,"ocean_menu_typo_font_size_tablet":0,"ocean_menu_typo_font_size_mobile":0,"ocean_menu_typo_font_size_unit":"px","ocean_menu_typo_font_weight":"","ocean_menu_typo_font_weight_tablet":"","ocean_menu_typo_font_weight_mobile":"","ocean_menu_typo_transform":"","ocean_menu_typo_transform_tablet":"","ocean_menu_typo_transform_mobile":"","ocean_menu_typo_line_height":0,"ocean_menu_typo_line_height_tablet":0,"ocean_menu_typo_line_height_mobile":0,"ocean_menu_typo_line_height_unit":"","ocean_menu_typo_spacing":0,"ocean_menu_typo_spacing_tablet":0,"ocean_menu_typo_spacing_mobile":0,"ocean_menu_typo_spacing_unit":"","ocean_menu_link_color":"","ocean_menu_link_color_hover":"","ocean_menu_link_color_active":"","ocean_menu_link_background":"","ocean_menu_link_hover_background":"","ocean_menu_link_active_background":"","ocean_menu_social_links_bg":"","ocean_menu_social_hover_links_bg":"","ocean_menu_social_links_color":"","ocean_menu_social_hover_links_color":"","ocean_disable_title":"default","ocean_disable_heading":"default","ocean_post_title":"","ocean_post_subheading":"","ocean_post_title_style":"","ocean_post_title_background_color":"","ocean_post_title_background":0,"ocean_post_title_bg_image_position":"","ocean_post_title_bg_image_attachment":"","ocean_post_title_bg_image_repeat":"","ocean_post_title_bg_image_size":"","ocean_post_title_height":0,"ocean_post_title_bg_overlay":0.5,"ocean_post_title_bg_overlay_color":"","ocean_disable_breadcrumbs":"default","ocean_breadcrumbs_color":"","ocean_breadcrumbs_separator_color":"","ocean_breadcrumbs_links_color":"","ocean_breadcrumbs_links_hover_color":"","ocean_display_footer_widgets":"default","ocean_display_footer_bottom":"default","ocean_custom_footer_template":"","ocean_post_oembed":"","ocean_post_self_hosted_media":"","ocean_post_video_embed":"","ocean_link_format":"","ocean_link_format_target":"self","ocean_quote_format":"","ocean_quote_format_link":"post","ocean_gallery_link_images":"on","ocean_gallery_id":[],"footnotes":""},"categories":[133],"tags":[139],"class_list":["post-55856","post","type-post","status-publish","format-standard","has-post-thumbnail","hentry","category-notizie","tag-notizie-di-la-ccis","entry","has-media"],"yoast_head":"<!-- This site is optimized with the Yoast SEO plugin v27.4 - https:\/\/yoast.com\/product\/yoast-seo-wordpress\/ -->\n<title>Grande successo dell\u2019iniziativa \u201cMadrid abbraccia il centro Italia\u201d - Italcamara<\/title>\n<meta name=\"robots\" content=\"index, follow, max-snippet:-1, max-image-preview:large, max-video-preview:-1\" \/>\n<link rel=\"canonical\" href=\"https:\/\/italcamara-es.com\/it\/notizie\/grande-successo-delliniziativa-madrid-abbraccia-il-centro-italia\/\" \/>\n<meta property=\"og:locale\" content=\"it_IT\" \/>\n<meta property=\"og:type\" content=\"article\" \/>\n<meta property=\"og:title\" content=\"Grande successo dell\u2019iniziativa \u201cMadrid abbraccia il centro Italia\u201d - Italcamara\" \/>\n<meta property=\"og:description\" content=\"Pi\u00f9 di 1.500 persone hanno partecipato all\u2019evento benefico in favore delle popolazioni italiane colpite dal terremoto dello scorso agosto, che si \u00e8 tenuto presso la Cancelleria consulare dell\u2019Ambasciata italiana. &nbsp; &nbsp; L\u2019evento benefico organizzato dalla Camera di Commercio e Industria italiana per la Spagna, dalla Scuola Statale Italiana di Madrid, dal Com.It.Es di Madrid e [&hellip;]\" \/>\n<meta property=\"og:url\" content=\"https:\/\/italcamara-es.com\/it\/notizie\/grande-successo-delliniziativa-madrid-abbraccia-il-centro-italia\/\" \/>\n<meta property=\"og:site_name\" content=\"Italcamara\" \/>\n<meta property=\"article:published_time\" content=\"2016-10-24T09:09:43+00:00\" \/>\n<meta property=\"og:image\" content=\"https:\/\/italcamara-es.com\/wp-content\/uploads\/2025\/03\/Evento250.jpg\" \/>\n\t<meta property=\"og:image:width\" content=\"250\" \/>\n\t<meta property=\"og:image:height\" content=\"188\" \/>\n\t<meta property=\"og:image:type\" content=\"image\/jpeg\" \/>\n<meta name=\"author\" content=\"administrador\" \/>\n<meta name=\"twitter:card\" content=\"summary_large_image\" \/>\n<meta name=\"twitter:label1\" content=\"Scritto da\" \/>\n\t<meta name=\"twitter:data1\" content=\"administrador\" \/>\n\t<meta name=\"twitter:label2\" content=\"Tempo di lettura stimato\" \/>\n\t<meta name=\"twitter:data2\" content=\"2 minuti\" \/>\n<script type=\"application\/ld+json\" class=\"yoast-schema-graph\">{\"@context\":\"https:\\\/\\\/schema.org\",\"@graph\":[{\"@type\":\"Article\",\"@id\":\"https:\\\/\\\/italcamara-es.com\\\/it\\\/notizie\\\/grande-successo-delliniziativa-madrid-abbraccia-il-centro-italia\\\/#article\",\"isPartOf\":{\"@id\":\"https:\\\/\\\/italcamara-es.com\\\/it\\\/notizie\\\/grande-successo-delliniziativa-madrid-abbraccia-il-centro-italia\\\/\"},\"author\":{\"name\":\"administrador\",\"@id\":\"https:\\\/\\\/italcamara-es.com\\\/#\\\/schema\\\/person\\\/bb3c56263e405bbd9a15171dcfee93bb\"},\"headline\":\"Grande successo dell\u2019iniziativa \u201cMadrid abbraccia il centro Italia\u201d\",\"datePublished\":\"2016-10-24T09:09:43+00:00\",\"mainEntityOfPage\":{\"@id\":\"https:\\\/\\\/italcamara-es.com\\\/it\\\/notizie\\\/grande-successo-delliniziativa-madrid-abbraccia-il-centro-italia\\\/\"},\"wordCount\":327,\"commentCount\":0,\"image\":{\"@id\":\"https:\\\/\\\/italcamara-es.com\\\/it\\\/notizie\\\/grande-successo-delliniziativa-madrid-abbraccia-il-centro-italia\\\/#primaryimage\"},\"thumbnailUrl\":\"https:\\\/\\\/italcamara-es.com\\\/wp-content\\\/uploads\\\/2025\\\/03\\\/Evento250.jpg\",\"keywords\":[\"Notizie di la CCIS\"],\"articleSection\":[\"Notizie\"],\"inLanguage\":\"it-IT\",\"potentialAction\":[{\"@type\":\"CommentAction\",\"name\":\"Comment\",\"target\":[\"https:\\\/\\\/italcamara-es.com\\\/it\\\/notizie\\\/grande-successo-delliniziativa-madrid-abbraccia-il-centro-italia\\\/#respond\"]}]},{\"@type\":\"WebPage\",\"@id\":\"https:\\\/\\\/italcamara-es.com\\\/it\\\/notizie\\\/grande-successo-delliniziativa-madrid-abbraccia-il-centro-italia\\\/\",\"url\":\"https:\\\/\\\/italcamara-es.com\\\/it\\\/notizie\\\/grande-successo-delliniziativa-madrid-abbraccia-il-centro-italia\\\/\",\"name\":\"Grande successo dell\u2019iniziativa \u201cMadrid abbraccia il centro Italia\u201d - Italcamara\",\"isPartOf\":{\"@id\":\"https:\\\/\\\/italcamara-es.com\\\/#website\"},\"primaryImageOfPage\":{\"@id\":\"https:\\\/\\\/italcamara-es.com\\\/it\\\/notizie\\\/grande-successo-delliniziativa-madrid-abbraccia-il-centro-italia\\\/#primaryimage\"},\"image\":{\"@id\":\"https:\\\/\\\/italcamara-es.com\\\/it\\\/notizie\\\/grande-successo-delliniziativa-madrid-abbraccia-il-centro-italia\\\/#primaryimage\"},\"thumbnailUrl\":\"https:\\\/\\\/italcamara-es.com\\\/wp-content\\\/uploads\\\/2025\\\/03\\\/Evento250.jpg\",\"datePublished\":\"2016-10-24T09:09:43+00:00\",\"author\":{\"@id\":\"https:\\\/\\\/italcamara-es.com\\\/#\\\/schema\\\/person\\\/bb3c56263e405bbd9a15171dcfee93bb\"},\"breadcrumb\":{\"@id\":\"https:\\\/\\\/italcamara-es.com\\\/it\\\/notizie\\\/grande-successo-delliniziativa-madrid-abbraccia-il-centro-italia\\\/#breadcrumb\"},\"inLanguage\":\"it-IT\",\"potentialAction\":[{\"@type\":\"ReadAction\",\"target\":[\"https:\\\/\\\/italcamara-es.com\\\/it\\\/notizie\\\/grande-successo-delliniziativa-madrid-abbraccia-il-centro-italia\\\/\"]}]},{\"@type\":\"ImageObject\",\"inLanguage\":\"it-IT\",\"@id\":\"https:\\\/\\\/italcamara-es.com\\\/it\\\/notizie\\\/grande-successo-delliniziativa-madrid-abbraccia-il-centro-italia\\\/#primaryimage\",\"url\":\"https:\\\/\\\/italcamara-es.com\\\/wp-content\\\/uploads\\\/2025\\\/03\\\/Evento250.jpg\",\"contentUrl\":\"https:\\\/\\\/italcamara-es.com\\\/wp-content\\\/uploads\\\/2025\\\/03\\\/Evento250.jpg\",\"width\":250,\"height\":188},{\"@type\":\"BreadcrumbList\",\"@id\":\"https:\\\/\\\/italcamara-es.com\\\/it\\\/notizie\\\/grande-successo-delliniziativa-madrid-abbraccia-il-centro-italia\\\/#breadcrumb\",\"itemListElement\":[{\"@type\":\"ListItem\",\"position\":1,\"name\":\"Inicio\",\"item\":\"https:\\\/\\\/italcamara-es.com\\\/it\\\/homepage-ita\\\/\"},{\"@type\":\"ListItem\",\"position\":2,\"name\":\"Grande successo dell\u2019iniziativa \u201cMadrid abbraccia il centro Italia\u201d\"}]},{\"@type\":\"WebSite\",\"@id\":\"https:\\\/\\\/italcamara-es.com\\\/#website\",\"url\":\"https:\\\/\\\/italcamara-es.com\\\/\",\"name\":\"Italcamara\",\"description\":\"\",\"potentialAction\":[{\"@type\":\"SearchAction\",\"target\":{\"@type\":\"EntryPoint\",\"urlTemplate\":\"https:\\\/\\\/italcamara-es.com\\\/?s={search_term_string}\"},\"query-input\":{\"@type\":\"PropertyValueSpecification\",\"valueRequired\":true,\"valueName\":\"search_term_string\"}}],\"inLanguage\":\"it-IT\"},{\"@type\":\"Person\",\"@id\":\"https:\\\/\\\/italcamara-es.com\\\/#\\\/schema\\\/person\\\/bb3c56263e405bbd9a15171dcfee93bb\",\"name\":\"administrador\",\"image\":{\"@type\":\"ImageObject\",\"inLanguage\":\"it-IT\",\"@id\":\"https:\\\/\\\/secure.gravatar.com\\\/avatar\\\/14b5e63db38320b12031bb28cf9f77e210aa71fb3a8a3602a3c9a05134fa75eb?s=96&d=mm&r=g\",\"url\":\"https:\\\/\\\/secure.gravatar.com\\\/avatar\\\/14b5e63db38320b12031bb28cf9f77e210aa71fb3a8a3602a3c9a05134fa75eb?s=96&d=mm&r=g\",\"contentUrl\":\"https:\\\/\\\/secure.gravatar.com\\\/avatar\\\/14b5e63db38320b12031bb28cf9f77e210aa71fb3a8a3602a3c9a05134fa75eb?s=96&d=mm&r=g\",\"caption\":\"administrador\"},\"sameAs\":[\"http:\\\/\\\/pre.italcamara-es.com\"],\"url\":\"https:\\\/\\\/italcamara-es.com\\\/it\\\/author\\\/administrador\\\/\"}]}<\/script>\n<!-- \/ Yoast SEO plugin. -->","yoast_head_json":{"title":"Grande successo dell\u2019iniziativa \u201cMadrid abbraccia il centro Italia\u201d - Italcamara","robots":{"index":"index","follow":"follow","max-snippet":"max-snippet:-1","max-image-preview":"max-image-preview:large","max-video-preview":"max-video-preview:-1"},"canonical":"https:\/\/italcamara-es.com\/it\/notizie\/grande-successo-delliniziativa-madrid-abbraccia-il-centro-italia\/","og_locale":"it_IT","og_type":"article","og_title":"Grande successo dell\u2019iniziativa \u201cMadrid abbraccia il centro Italia\u201d - Italcamara","og_description":"Pi\u00f9 di 1.500 persone hanno partecipato all\u2019evento benefico in favore delle popolazioni italiane colpite dal terremoto dello scorso agosto, che si \u00e8 tenuto presso la Cancelleria consulare dell\u2019Ambasciata italiana. &nbsp; &nbsp; L\u2019evento benefico organizzato dalla Camera di Commercio e Industria italiana per la Spagna, dalla Scuola Statale Italiana di Madrid, dal Com.It.Es di Madrid e [&hellip;]","og_url":"https:\/\/italcamara-es.com\/it\/notizie\/grande-successo-delliniziativa-madrid-abbraccia-il-centro-italia\/","og_site_name":"Italcamara","article_published_time":"2016-10-24T09:09:43+00:00","og_image":[{"width":250,"height":188,"url":"https:\/\/italcamara-es.com\/wp-content\/uploads\/2025\/03\/Evento250.jpg","type":"image\/jpeg"}],"author":"administrador","twitter_card":"summary_large_image","twitter_misc":{"Scritto da":"administrador","Tempo di lettura stimato":"2 minuti"},"schema":{"@context":"https:\/\/schema.org","@graph":[{"@type":"Article","@id":"https:\/\/italcamara-es.com\/it\/notizie\/grande-successo-delliniziativa-madrid-abbraccia-il-centro-italia\/#article","isPartOf":{"@id":"https:\/\/italcamara-es.com\/it\/notizie\/grande-successo-delliniziativa-madrid-abbraccia-il-centro-italia\/"},"author":{"name":"administrador","@id":"https:\/\/italcamara-es.com\/#\/schema\/person\/bb3c56263e405bbd9a15171dcfee93bb"},"headline":"Grande successo dell\u2019iniziativa \u201cMadrid abbraccia il centro Italia\u201d","datePublished":"2016-10-24T09:09:43+00:00","mainEntityOfPage":{"@id":"https:\/\/italcamara-es.com\/it\/notizie\/grande-successo-delliniziativa-madrid-abbraccia-il-centro-italia\/"},"wordCount":327,"commentCount":0,"image":{"@id":"https:\/\/italcamara-es.com\/it\/notizie\/grande-successo-delliniziativa-madrid-abbraccia-il-centro-italia\/#primaryimage"},"thumbnailUrl":"https:\/\/italcamara-es.com\/wp-content\/uploads\/2025\/03\/Evento250.jpg","keywords":["Notizie di la CCIS"],"articleSection":["Notizie"],"inLanguage":"it-IT","potentialAction":[{"@type":"CommentAction","name":"Comment","target":["https:\/\/italcamara-es.com\/it\/notizie\/grande-successo-delliniziativa-madrid-abbraccia-il-centro-italia\/#respond"]}]},{"@type":"WebPage","@id":"https:\/\/italcamara-es.com\/it\/notizie\/grande-successo-delliniziativa-madrid-abbraccia-il-centro-italia\/","url":"https:\/\/italcamara-es.com\/it\/notizie\/grande-successo-delliniziativa-madrid-abbraccia-il-centro-italia\/","name":"Grande successo dell\u2019iniziativa \u201cMadrid abbraccia il centro Italia\u201d - Italcamara","isPartOf":{"@id":"https:\/\/italcamara-es.com\/#website"},"primaryImageOfPage":{"@id":"https:\/\/italcamara-es.com\/it\/notizie\/grande-successo-delliniziativa-madrid-abbraccia-il-centro-italia\/#primaryimage"},"image":{"@id":"https:\/\/italcamara-es.com\/it\/notizie\/grande-successo-delliniziativa-madrid-abbraccia-il-centro-italia\/#primaryimage"},"thumbnailUrl":"https:\/\/italcamara-es.com\/wp-content\/uploads\/2025\/03\/Evento250.jpg","datePublished":"2016-10-24T09:09:43+00:00","author":{"@id":"https:\/\/italcamara-es.com\/#\/schema\/person\/bb3c56263e405bbd9a15171dcfee93bb"},"breadcrumb":{"@id":"https:\/\/italcamara-es.com\/it\/notizie\/grande-successo-delliniziativa-madrid-abbraccia-il-centro-italia\/#breadcrumb"},"inLanguage":"it-IT","potentialAction":[{"@type":"ReadAction","target":["https:\/\/italcamara-es.com\/it\/notizie\/grande-successo-delliniziativa-madrid-abbraccia-il-centro-italia\/"]}]},{"@type":"ImageObject","inLanguage":"it-IT","@id":"https:\/\/italcamara-es.com\/it\/notizie\/grande-successo-delliniziativa-madrid-abbraccia-il-centro-italia\/#primaryimage","url":"https:\/\/italcamara-es.com\/wp-content\/uploads\/2025\/03\/Evento250.jpg","contentUrl":"https:\/\/italcamara-es.com\/wp-content\/uploads\/2025\/03\/Evento250.jpg","width":250,"height":188},{"@type":"BreadcrumbList","@id":"https:\/\/italcamara-es.com\/it\/notizie\/grande-successo-delliniziativa-madrid-abbraccia-il-centro-italia\/#breadcrumb","itemListElement":[{"@type":"ListItem","position":1,"name":"Inicio","item":"https:\/\/italcamara-es.com\/it\/homepage-ita\/"},{"@type":"ListItem","position":2,"name":"Grande successo dell\u2019iniziativa \u201cMadrid abbraccia il centro Italia\u201d"}]},{"@type":"WebSite","@id":"https:\/\/italcamara-es.com\/#website","url":"https:\/\/italcamara-es.com\/","name":"Italcamara","description":"","potentialAction":[{"@type":"SearchAction","target":{"@type":"EntryPoint","urlTemplate":"https:\/\/italcamara-es.com\/?s={search_term_string}"},"query-input":{"@type":"PropertyValueSpecification","valueRequired":true,"valueName":"search_term_string"}}],"inLanguage":"it-IT"},{"@type":"Person","@id":"https:\/\/italcamara-es.com\/#\/schema\/person\/bb3c56263e405bbd9a15171dcfee93bb","name":"administrador","image":{"@type":"ImageObject","inLanguage":"it-IT","@id":"https:\/\/secure.gravatar.com\/avatar\/14b5e63db38320b12031bb28cf9f77e210aa71fb3a8a3602a3c9a05134fa75eb?s=96&d=mm&r=g","url":"https:\/\/secure.gravatar.com\/avatar\/14b5e63db38320b12031bb28cf9f77e210aa71fb3a8a3602a3c9a05134fa75eb?s=96&d=mm&r=g","contentUrl":"https:\/\/secure.gravatar.com\/avatar\/14b5e63db38320b12031bb28cf9f77e210aa71fb3a8a3602a3c9a05134fa75eb?s=96&d=mm&r=g","caption":"administrador"},"sameAs":["http:\/\/pre.italcamara-es.com"],"url":"https:\/\/italcamara-es.com\/it\/author\/administrador\/"}]}},"rttpg_featured_image_url":{"full":["https:\/\/italcamara-es.com\/wp-content\/uploads\/2025\/03\/Evento250.jpg",250,188,false],"landscape":["https:\/\/italcamara-es.com\/wp-content\/uploads\/2025\/03\/Evento250.jpg",250,188,false],"portraits":["https:\/\/italcamara-es.com\/wp-content\/uploads\/2025\/03\/Evento250.jpg",250,188,false],"thumbnail":["https:\/\/italcamara-es.com\/wp-content\/uploads\/2025\/03\/Evento250-150x150.jpg",150,150,true],"medium":["https:\/\/italcamara-es.com\/wp-content\/uploads\/2025\/03\/Evento250.jpg",250,188,false],"large":["https:\/\/italcamara-es.com\/wp-content\/uploads\/2025\/03\/Evento250.jpg",250,188,false],"1536x1536":["https:\/\/italcamara-es.com\/wp-content\/uploads\/2025\/03\/Evento250.jpg",250,188,false],"2048x2048":["https:\/\/italcamara-es.com\/wp-content\/uploads\/2025\/03\/Evento250.jpg",250,188,false],"ocean-thumb-m":["https:\/\/italcamara-es.com\/wp-content\/uploads\/2025\/03\/Evento250.jpg",250,188,false],"ocean-thumb-ml":["https:\/\/italcamara-es.com\/wp-content\/uploads\/2025\/03\/Evento250.jpg",250,188,false],"ocean-thumb-l":["https:\/\/italcamara-es.com\/wp-content\/uploads\/2025\/03\/Evento250.jpg",250,188,false],"directorist_preview":["https:\/\/italcamara-es.com\/wp-content\/uploads\/2025\/03\/Evento250.jpg",250,188,false]},"rttpg_author":{"display_name":"administrador","author_link":"https:\/\/italcamara-es.com\/it\/author\/administrador\/"},"rttpg_comment":0,"rttpg_category":"<a href=\"https:\/\/italcamara-es.com\/it\/category\/notizie\/\" rel=\"category tag\">Notizie<\/a>","rttpg_excerpt":"Pi\u00f9 di 1.500 persone hanno partecipato all\u2019evento benefico in favore delle popolazioni italiane colpite dal terremoto dello scorso agosto, che si \u00e8 tenuto presso la Cancelleria consulare dell\u2019Ambasciata italiana. &nbsp; &nbsp; L\u2019evento benefico organizzato dalla Camera di Commercio e Industria italiana per la Spagna, dalla Scuola Statale Italiana di Madrid, dal Com.It.Es di Madrid e&hellip;","_links":{"self":[{"href":"https:\/\/italcamara-es.com\/it\/wp-json\/wp\/v2\/posts\/55856","targetHints":{"allow":["GET"]}}],"collection":[{"href":"https:\/\/italcamara-es.com\/it\/wp-json\/wp\/v2\/posts"}],"about":[{"href":"https:\/\/italcamara-es.com\/it\/wp-json\/wp\/v2\/types\/post"}],"author":[{"embeddable":true,"href":"https:\/\/italcamara-es.com\/it\/wp-json\/wp\/v2\/users\/1"}],"replies":[{"embeddable":true,"href":"https:\/\/italcamara-es.com\/it\/wp-json\/wp\/v2\/comments?post=55856"}],"version-history":[{"count":0,"href":"https:\/\/italcamara-es.com\/it\/wp-json\/wp\/v2\/posts\/55856\/revisions"}],"wp:featuredmedia":[{"embeddable":true,"href":"https:\/\/italcamara-es.com\/it\/wp-json\/wp\/v2\/media\/54292"}],"wp:attachment":[{"href":"https:\/\/italcamara-es.com\/it\/wp-json\/wp\/v2\/media?parent=55856"}],"wp:term":[{"taxonomy":"category","embeddable":true,"href":"https:\/\/italcamara-es.com\/it\/wp-json\/wp\/v2\/categories?post=55856"},{"taxonomy":"post_tag","embeddable":true,"href":"https:\/\/italcamara-es.com\/it\/wp-json\/wp\/v2\/tags?post=55856"}],"curies":[{"name":"wp","href":"https:\/\/api.w.org\/{rel}","templated":true}]}}