	{"id":55858,"date":"2015-11-20T08:39:17","date_gmt":"2015-11-20T07:39:17","guid":{"rendered":"http:\/\/pre.italcamara-es.com\/senza-categoria\/alfredo-altavilla-e-juan-rosell-premio-tiepolo-2015\/"},"modified":"2015-11-20T08:39:17","modified_gmt":"2015-11-20T07:39:17","slug":"alfredo-altavilla-e-juan-rosell-premio-tiepolo-2015","status":"publish","type":"post","link":"https:\/\/italcamara-es.com\/it\/notizie\/alfredo-altavilla-e-juan-rosell-premio-tiepolo-2015\/","title":{"rendered":"Alfredo Altavilla e Juan Rosell, Premio Tiepolo  2015"},"content":{"rendered":"<p><em>La giuria, composta da giornalisti dei principali mezzi di comunicazione spagnoli e da corrispondenti italiani in Spagna, ha voluto riconoscere la traiettoria delle due personalit\u00e0 ed il loro importante contributo nello sviluppo delle relazioni commerciali tra Italia e Spagna<\/em><\/p>\n<p>&nbsp;<\/p>\n<p>Il Chief Operating Officer in Europa, Africa e Medio Oriente del gruppo Fiat Chrysler Automobile (FCA), <strong>Alfredo Altavilla<\/strong>, ed il presidente della<em> Confederaci\u00f3n Espa\u00f1ola de Organizaciones Empresariales<\/em> (CEOE) e vicepresidente di <em>Business Europe<\/em>, Juan Rosell, sono stati insigniti del <strong>Premio Tiepolo 2015<\/strong>. Questo riconoscimento, conferito dalla <strong>Camera di Commercio e Industria Italiana per la Spagna<\/strong> e la <strong>Camera di Commercio di Madrid<\/strong>, verr\u00e0 consegnato nella sede dell\u2019Ambasciata Italiana a Madrid in una cerimonia che si terr\u00e0 il prossimo 10 dicembre.<\/p>\n<p>La giuria, composta da Jos\u00e9 Antonio Vera, Juan Jos\u00e9 Santacana, Luis Aparicio, Jos\u00e9 Alejandro Vara, Francesco Cerri, Josto Maffeo e Riccardo Ehrman, giornalisti di importanti mezzi di comunicazione spagnoli e corrispondenti italiani in Spagna, ha voluto riconoscere la traiettoria professionale di queste due personalit\u00e0 che, con il loro impegno, hanno contribuito a potenziare le relazioni economiche tra Italia e Spagna e a diffondere l\u2019immagine di entrambi i paesi nel mondo.<\/p>\n<p><strong>Altavilla, figura determinante del Piano Industriale di Iveco per la Spagna<\/strong><\/p>\n<p>&nbsp;<\/p>\n<p>Alfredo Altavilla (Taranto, 1963), Chief Operating officer per l\u2019Europa, Africa e Medio Oriente del gruppo Fiat Chrysler Automobile (FCA), ha rivestito un ruolo determinante nello sviluppo del Piano Industriale di Iveco per la Spagna quando era CEO di questa filiale dell\u2019allora gruppo Fiat Industrial.<\/p>\n<p>&nbsp;<\/p>\n<p>Altavilla ha puntato decisamente sull\u2019industria spagnola in un periodo in cui il paese iberico stava attraversando una difficile situazione economica, decidendo di concentrare a Madrid la produzione dei veicoli pesanti di Iveco, che fino a quel momento si divideva tra Spagna e Germania.<\/p>\n<p>&nbsp;<\/p>\n<p style=\"text-align: center;\"><a href=\"https:\/\/www.italcamara-es.com\/wp-content\/uploads\/2016\/10\/700-Altavilla_Alfredo_Hi-683x1024.jpg\"><img fetchpriority=\"high\" decoding=\"async\" class=\"alignnone size-large wp-image-7949\" src=\"https:\/\/www.italcamara-es.com\/wp-content\/uploads\/2016\/10\/700-Altavilla_Alfredo_Hi-683x1024-683x1024.jpg\" alt=\"Alfredo Altavilla\" width=\"683\" height=\"1024\" \/><\/a><\/p>\n<p>&nbsp;<\/p>\n<p>La decisione di Iveco \u00e8 stata alla base di un successivo ingresso di ulteriori imprese industriali nel mercato spagnolo.<\/p>\n<p>&nbsp;<\/p>\n<p>Il risultato \u00e8 stato l\u2019attivazione del Piano Industriale di Iveco per la Spagna, di cui Altavilla \u00e8 stato il principale promotore. Questo ambizioso progetto comporta una serie di investimenti per un valore complessivo di <strong>circa 500 milioni di euro tra il 2012 ed il 2016<\/strong>, e si concentra nelle fabbriche di Madrid e Valladolid per lo sviluppo e produzione di nuovi modelli. Solo nella fabbrica di Madrid la produzione \u00e8 passata da 84 unit\u00e0 giornaliere nel giugno 2012 alle 130 attuali.<\/p>\n<p>&nbsp;<\/p>\n<p>La traiettoria professionale di Altavilla \u00e8 legata al gruppo Fiat dal 1990, quando \u00e8 entrato a far parte del gruppo per occuparsi delle operazioni internazionali nell\u2019ambito della pianificazione strategica e di sviluppo del prodotto. Da allora, ha occupato diversi posti di responsabilit\u00e0 all\u2019interno della compagnia.<\/p>\n<p>&nbsp;<\/p>\n<p>\u00c8 inoltre responabile di Business Development e membro del Group Executive Council (GEC) di FCA dal settembre 2011.<\/p>\n<p>&nbsp;<\/p>\n<p><strong>Rosell, convinto sostenitore del potenziamento delle relazioni economiche tra Italia e Spagna<\/strong><\/p>\n<p>&nbsp;<\/p>\n<p>In Spagna, la giuria di questa XIX edizione del Tiepolo ha voluto riconoscere la traiettoria professionale di Juan Rosell (Barcellona, 1957) presidente della Confederaci\u00f3n Espa\u00f1ola de Organizaciones Empresariales (CEOE) dal dicembre 2010.<\/p>\n<p>&nbsp;<\/p>\n<p>Rosell \u00e8 anche vicepresidente di Business Europe, e presiede l\u2019Instituto de Log\u00edstica Internacional &#8211; ILI e la Fundaci\u00f3n \u00c1nima.<\/p>\n<p>&nbsp;<\/p>\n<p style=\"text-align: center;\"><a href=\"https:\/\/www.italcamara-es.com\/wp-content\/uploads\/2016\/10\/700Juan_Rosell_3_3-1.jpg\"><img decoding=\"async\" class=\" size-full wp-image-7950 aligncenter\" src=\"https:\/\/www.italcamara-es.com\/wp-content\/uploads\/2016\/10\/700Juan_Rosell_3_3-1.jpg\" alt=\"700juan_rosell_3_3-1\" width=\"700\" height=\"474\" \/><\/a><\/p>\n<p>&nbsp;<\/p>\n<p>La sua traiettoria professionale \u00e8 legata a numerose imprese e settori dell\u2019economia spagnola e straniera. \u00c8 stato presidente della compagnia elettrica catalana Enher dal 1996 al 1999 e di Fecsa-Enher. Ha inoltre presieduto Corporaci\u00f3n Uniland nel biennio 2005-2006.<\/p>\n<p>&nbsp;<\/p>\n<p>Attualmente \u00e8 presidente di Congost Plastic, con filiali in numerosi paesi tra cui l\u2018Italia; e di OMB, dedicata alla gestione di rifiuti urbani. Inoltre, \u00e8 membro del CdA di Airat, Caixabank, Port Aventura e Gas Natural Fenosa.<\/p>\n<p>&nbsp;<\/p>\n<p>\u00c8 un convinto sostenitore del potenziamento delle relazioni economiche e sociali tra Spagna e Italia e, in particolare, del rafforzamento della cooperazione imprenditoriale italo-spagnola. \u00c8 infatti uno dei promotori del Foro di dialogo Italia Spagna.<\/p>\n<p>&nbsp;<\/p>\n<p>Gli importanti traguardi raggiunti come imprenditore gli sono valsi numerosi \u00a0riconoscimenti. Quest\u2019anno, \u00e8 stato insignito dell\u2019onorificenza di Grande Ufficiale dell\u2019Ordine della Stella d\u2019Italia, conferita dal presidente della Repubblica Italiana. \u00c8 inoltre Commendatore al Merito della Repubblica Italiana. A livello nazionale ha ricevuto la <em>Medalla de Oro al M\u00e9rito<\/em> della Fiera Campionaria Ufficiale e Internazionale di Barcellona, la <em>Medalla de Plata<\/em> della Camera Ufficiale di Industria, Commercio e Navigazione di Barcellona o la<em> Llave de Oro<\/em> della Citt\u00e0 di Barcellona.<\/p>\n<p>&nbsp;<\/p>\n<p>Rosell \u00e8 stato anche per 15 anni presidente della confederazione imprenditoriale catalana <em>Fomento del Trabajo Nacional<\/em>.<\/p>\n<p>&nbsp;<\/p>\n<p><span style=\"text-decoration: underline;\"><strong><span style=\"color: #0000ff;\"><a href=\"http:\/\/italcamara-es.com\/page.php?id=27\" target=\"_blank\" rel=\"noopener\">Premiati nelle precedenti edizioni<\/a><\/span><\/strong><\/span><\/p>\n","protected":false},"excerpt":{"rendered":"<p>La giuria, composta da giornalisti dei principali mezzi di comunicazione spagnoli e da corrispondenti italiani in Spagna, ha voluto riconoscere la traiettoria delle due personalit\u00e0 ed il loro importante contributo nello sviluppo delle relazioni commerciali tra Italia e Spagna &nbsp; Il Chief Operating Officer in Europa, Africa e Medio Oriente del gruppo Fiat Chrysler Automobile [&hellip;]<\/p>\n","protected":false},"author":1,"featured_media":54240,"comment_status":"open","ping_status":"open","sticky":false,"template":"","format":"standard","meta":{"inline_featured_image":false,"ocean_post_layout":"","ocean_both_sidebars_style":"","ocean_both_sidebars_content_width":0,"ocean_both_sidebars_sidebars_width":0,"ocean_sidebar":"","ocean_second_sidebar":"","ocean_disable_margins":"enable","ocean_add_body_class":"","ocean_shortcode_before_top_bar":"","ocean_shortcode_after_top_bar":"","ocean_shortcode_before_header":"","ocean_shortcode_after_header":"","ocean_has_shortcode":"","ocean_shortcode_after_title":"","ocean_shortcode_before_footer_widgets":"","ocean_shortcode_after_footer_widgets":"","ocean_shortcode_before_footer_bottom":"","ocean_shortcode_after_footer_bottom":"","ocean_display_top_bar":"default","ocean_display_header":"default","ocean_header_style":"","ocean_center_header_left_menu":"","ocean_custom_header_template":"","ocean_custom_logo":0,"ocean_custom_retina_logo":0,"ocean_custom_logo_max_width":0,"ocean_custom_logo_tablet_max_width":0,"ocean_custom_logo_mobile_max_width":0,"ocean_custom_logo_max_height":0,"ocean_custom_logo_tablet_max_height":0,"ocean_custom_logo_mobile_max_height":0,"ocean_header_custom_menu":"","ocean_menu_typo_font_family":"","ocean_menu_typo_font_subset":"","ocean_menu_typo_font_size":0,"ocean_menu_typo_font_size_tablet":0,"ocean_menu_typo_font_size_mobile":0,"ocean_menu_typo_font_size_unit":"px","ocean_menu_typo_font_weight":"","ocean_menu_typo_font_weight_tablet":"","ocean_menu_typo_font_weight_mobile":"","ocean_menu_typo_transform":"","ocean_menu_typo_transform_tablet":"","ocean_menu_typo_transform_mobile":"","ocean_menu_typo_line_height":0,"ocean_menu_typo_line_height_tablet":0,"ocean_menu_typo_line_height_mobile":0,"ocean_menu_typo_line_height_unit":"","ocean_menu_typo_spacing":0,"ocean_menu_typo_spacing_tablet":0,"ocean_menu_typo_spacing_mobile":0,"ocean_menu_typo_spacing_unit":"","ocean_menu_link_color":"","ocean_menu_link_color_hover":"","ocean_menu_link_color_active":"","ocean_menu_link_background":"","ocean_menu_link_hover_background":"","ocean_menu_link_active_background":"","ocean_menu_social_links_bg":"","ocean_menu_social_hover_links_bg":"","ocean_menu_social_links_color":"","ocean_menu_social_hover_links_color":"","ocean_disable_title":"default","ocean_disable_heading":"default","ocean_post_title":"","ocean_post_subheading":"","ocean_post_title_style":"","ocean_post_title_background_color":"","ocean_post_title_background":0,"ocean_post_title_bg_image_position":"","ocean_post_title_bg_image_attachment":"","ocean_post_title_bg_image_repeat":"","ocean_post_title_bg_image_size":"","ocean_post_title_height":0,"ocean_post_title_bg_overlay":0.5,"ocean_post_title_bg_overlay_color":"","ocean_disable_breadcrumbs":"default","ocean_breadcrumbs_color":"","ocean_breadcrumbs_separator_color":"","ocean_breadcrumbs_links_color":"","ocean_breadcrumbs_links_hover_color":"","ocean_display_footer_widgets":"default","ocean_display_footer_bottom":"default","ocean_custom_footer_template":"","ocean_post_oembed":"","ocean_post_self_hosted_media":"","ocean_post_video_embed":"","ocean_link_format":"","ocean_link_format_target":"self","ocean_quote_format":"","ocean_quote_format_link":"post","ocean_gallery_link_images":"on","ocean_gallery_id":[],"footnotes":""},"categories":[133],"tags":[139],"class_list":["post-55858","post","type-post","status-publish","format-standard","has-post-thumbnail","hentry","category-notizie","tag-notizie-di-la-ccis","entry","has-media"],"yoast_head":"<!-- This site is optimized with the Yoast SEO plugin v27.4 - https:\/\/yoast.com\/product\/yoast-seo-wordpress\/ -->\n<title>Alfredo Altavilla e Juan Rosell, Premio Tiepolo 2015 - Italcamara<\/title>\n<meta name=\"robots\" content=\"index, follow, max-snippet:-1, max-image-preview:large, max-video-preview:-1\" \/>\n<link rel=\"canonical\" href=\"https:\/\/italcamara-es.com\/it\/notizie\/alfredo-altavilla-e-juan-rosell-premio-tiepolo-2015\/\" \/>\n<meta property=\"og:locale\" content=\"it_IT\" \/>\n<meta property=\"og:type\" content=\"article\" \/>\n<meta property=\"og:title\" content=\"Alfredo Altavilla e Juan Rosell, Premio Tiepolo 2015 - Italcamara\" \/>\n<meta property=\"og:description\" content=\"La giuria, composta da giornalisti dei principali mezzi di comunicazione spagnoli e da corrispondenti italiani in Spagna, ha voluto riconoscere la traiettoria delle due personalit\u00e0 ed il loro importante contributo nello sviluppo delle relazioni commerciali tra Italia e Spagna &nbsp; Il Chief Operating Officer in Europa, Africa e Medio Oriente del gruppo Fiat Chrysler Automobile [&hellip;]\" \/>\n<meta property=\"og:url\" content=\"https:\/\/italcamara-es.com\/it\/notizie\/alfredo-altavilla-e-juan-rosell-premio-tiepolo-2015\/\" \/>\n<meta property=\"og:site_name\" content=\"Italcamara\" \/>\n<meta property=\"article:published_time\" content=\"2015-11-20T07:39:17+00:00\" \/>\n<meta property=\"og:image\" content=\"https:\/\/italcamara-es.com\/wp-content\/uploads\/2025\/03\/Tiepolo250.jpg\" \/>\n\t<meta property=\"og:image:width\" content=\"250\" \/>\n\t<meta property=\"og:image:height\" content=\"155\" \/>\n\t<meta property=\"og:image:type\" content=\"image\/jpeg\" \/>\n<meta name=\"author\" content=\"administrador\" \/>\n<meta name=\"twitter:card\" content=\"summary_large_image\" \/>\n<meta name=\"twitter:label1\" content=\"Scritto da\" \/>\n\t<meta name=\"twitter:data1\" content=\"administrador\" \/>\n\t<meta name=\"twitter:label2\" content=\"Tempo di lettura stimato\" \/>\n\t<meta name=\"twitter:data2\" content=\"4 minuti\" \/>\n<script type=\"application\/ld+json\" class=\"yoast-schema-graph\">{\"@context\":\"https:\\\/\\\/schema.org\",\"@graph\":[{\"@type\":\"Article\",\"@id\":\"https:\\\/\\\/italcamara-es.com\\\/it\\\/notizie\\\/alfredo-altavilla-e-juan-rosell-premio-tiepolo-2015\\\/#article\",\"isPartOf\":{\"@id\":\"https:\\\/\\\/italcamara-es.com\\\/it\\\/notizie\\\/alfredo-altavilla-e-juan-rosell-premio-tiepolo-2015\\\/\"},\"author\":{\"name\":\"administrador\",\"@id\":\"https:\\\/\\\/italcamara-es.com\\\/#\\\/schema\\\/person\\\/bb3c56263e405bbd9a15171dcfee93bb\"},\"headline\":\"Alfredo Altavilla e Juan Rosell, Premio Tiepolo 2015\",\"datePublished\":\"2015-11-20T07:39:17+00:00\",\"mainEntityOfPage\":{\"@id\":\"https:\\\/\\\/italcamara-es.com\\\/it\\\/notizie\\\/alfredo-altavilla-e-juan-rosell-premio-tiepolo-2015\\\/\"},\"wordCount\":737,\"commentCount\":0,\"image\":{\"@id\":\"https:\\\/\\\/italcamara-es.com\\\/it\\\/notizie\\\/alfredo-altavilla-e-juan-rosell-premio-tiepolo-2015\\\/#primaryimage\"},\"thumbnailUrl\":\"https:\\\/\\\/italcamara-es.com\\\/wp-content\\\/uploads\\\/2025\\\/03\\\/Tiepolo250.jpg\",\"keywords\":[\"Notizie di la CCIS\"],\"articleSection\":[\"Notizie\"],\"inLanguage\":\"it-IT\",\"potentialAction\":[{\"@type\":\"CommentAction\",\"name\":\"Comment\",\"target\":[\"https:\\\/\\\/italcamara-es.com\\\/it\\\/notizie\\\/alfredo-altavilla-e-juan-rosell-premio-tiepolo-2015\\\/#respond\"]}]},{\"@type\":\"WebPage\",\"@id\":\"https:\\\/\\\/italcamara-es.com\\\/it\\\/notizie\\\/alfredo-altavilla-e-juan-rosell-premio-tiepolo-2015\\\/\",\"url\":\"https:\\\/\\\/italcamara-es.com\\\/it\\\/notizie\\\/alfredo-altavilla-e-juan-rosell-premio-tiepolo-2015\\\/\",\"name\":\"Alfredo Altavilla e Juan Rosell, Premio Tiepolo 2015 - Italcamara\",\"isPartOf\":{\"@id\":\"https:\\\/\\\/italcamara-es.com\\\/#website\"},\"primaryImageOfPage\":{\"@id\":\"https:\\\/\\\/italcamara-es.com\\\/it\\\/notizie\\\/alfredo-altavilla-e-juan-rosell-premio-tiepolo-2015\\\/#primaryimage\"},\"image\":{\"@id\":\"https:\\\/\\\/italcamara-es.com\\\/it\\\/notizie\\\/alfredo-altavilla-e-juan-rosell-premio-tiepolo-2015\\\/#primaryimage\"},\"thumbnailUrl\":\"https:\\\/\\\/italcamara-es.com\\\/wp-content\\\/uploads\\\/2025\\\/03\\\/Tiepolo250.jpg\",\"datePublished\":\"2015-11-20T07:39:17+00:00\",\"author\":{\"@id\":\"https:\\\/\\\/italcamara-es.com\\\/#\\\/schema\\\/person\\\/bb3c56263e405bbd9a15171dcfee93bb\"},\"breadcrumb\":{\"@id\":\"https:\\\/\\\/italcamara-es.com\\\/it\\\/notizie\\\/alfredo-altavilla-e-juan-rosell-premio-tiepolo-2015\\\/#breadcrumb\"},\"inLanguage\":\"it-IT\",\"potentialAction\":[{\"@type\":\"ReadAction\",\"target\":[\"https:\\\/\\\/italcamara-es.com\\\/it\\\/notizie\\\/alfredo-altavilla-e-juan-rosell-premio-tiepolo-2015\\\/\"]}]},{\"@type\":\"ImageObject\",\"inLanguage\":\"it-IT\",\"@id\":\"https:\\\/\\\/italcamara-es.com\\\/it\\\/notizie\\\/alfredo-altavilla-e-juan-rosell-premio-tiepolo-2015\\\/#primaryimage\",\"url\":\"https:\\\/\\\/italcamara-es.com\\\/wp-content\\\/uploads\\\/2025\\\/03\\\/Tiepolo250.jpg\",\"contentUrl\":\"https:\\\/\\\/italcamara-es.com\\\/wp-content\\\/uploads\\\/2025\\\/03\\\/Tiepolo250.jpg\",\"width\":250,\"height\":155},{\"@type\":\"BreadcrumbList\",\"@id\":\"https:\\\/\\\/italcamara-es.com\\\/it\\\/notizie\\\/alfredo-altavilla-e-juan-rosell-premio-tiepolo-2015\\\/#breadcrumb\",\"itemListElement\":[{\"@type\":\"ListItem\",\"position\":1,\"name\":\"Inicio\",\"item\":\"https:\\\/\\\/italcamara-es.com\\\/it\\\/homepage-ita\\\/\"},{\"@type\":\"ListItem\",\"position\":2,\"name\":\"Alfredo Altavilla e Juan Rosell, Premio Tiepolo 2015\"}]},{\"@type\":\"WebSite\",\"@id\":\"https:\\\/\\\/italcamara-es.com\\\/#website\",\"url\":\"https:\\\/\\\/italcamara-es.com\\\/\",\"name\":\"Italcamara\",\"description\":\"\",\"potentialAction\":[{\"@type\":\"SearchAction\",\"target\":{\"@type\":\"EntryPoint\",\"urlTemplate\":\"https:\\\/\\\/italcamara-es.com\\\/?s={search_term_string}\"},\"query-input\":{\"@type\":\"PropertyValueSpecification\",\"valueRequired\":true,\"valueName\":\"search_term_string\"}}],\"inLanguage\":\"it-IT\"},{\"@type\":\"Person\",\"@id\":\"https:\\\/\\\/italcamara-es.com\\\/#\\\/schema\\\/person\\\/bb3c56263e405bbd9a15171dcfee93bb\",\"name\":\"administrador\",\"image\":{\"@type\":\"ImageObject\",\"inLanguage\":\"it-IT\",\"@id\":\"https:\\\/\\\/secure.gravatar.com\\\/avatar\\\/14b5e63db38320b12031bb28cf9f77e210aa71fb3a8a3602a3c9a05134fa75eb?s=96&d=mm&r=g\",\"url\":\"https:\\\/\\\/secure.gravatar.com\\\/avatar\\\/14b5e63db38320b12031bb28cf9f77e210aa71fb3a8a3602a3c9a05134fa75eb?s=96&d=mm&r=g\",\"contentUrl\":\"https:\\\/\\\/secure.gravatar.com\\\/avatar\\\/14b5e63db38320b12031bb28cf9f77e210aa71fb3a8a3602a3c9a05134fa75eb?s=96&d=mm&r=g\",\"caption\":\"administrador\"},\"sameAs\":[\"http:\\\/\\\/pre.italcamara-es.com\"],\"url\":\"https:\\\/\\\/italcamara-es.com\\\/it\\\/author\\\/administrador\\\/\"}]}<\/script>\n<!-- \/ Yoast SEO plugin. -->","yoast_head_json":{"title":"Alfredo Altavilla e Juan Rosell, Premio Tiepolo 2015 - Italcamara","robots":{"index":"index","follow":"follow","max-snippet":"max-snippet:-1","max-image-preview":"max-image-preview:large","max-video-preview":"max-video-preview:-1"},"canonical":"https:\/\/italcamara-es.com\/it\/notizie\/alfredo-altavilla-e-juan-rosell-premio-tiepolo-2015\/","og_locale":"it_IT","og_type":"article","og_title":"Alfredo Altavilla e Juan Rosell, Premio Tiepolo 2015 - Italcamara","og_description":"La giuria, composta da giornalisti dei principali mezzi di comunicazione spagnoli e da corrispondenti italiani in Spagna, ha voluto riconoscere la traiettoria delle due personalit\u00e0 ed il loro importante contributo nello sviluppo delle relazioni commerciali tra Italia e Spagna &nbsp; Il Chief Operating Officer in Europa, Africa e Medio Oriente del gruppo Fiat Chrysler Automobile [&hellip;]","og_url":"https:\/\/italcamara-es.com\/it\/notizie\/alfredo-altavilla-e-juan-rosell-premio-tiepolo-2015\/","og_site_name":"Italcamara","article_published_time":"2015-11-20T07:39:17+00:00","og_image":[{"width":250,"height":155,"url":"https:\/\/italcamara-es.com\/wp-content\/uploads\/2025\/03\/Tiepolo250.jpg","type":"image\/jpeg"}],"author":"administrador","twitter_card":"summary_large_image","twitter_misc":{"Scritto da":"administrador","Tempo di lettura stimato":"4 minuti"},"schema":{"@context":"https:\/\/schema.org","@graph":[{"@type":"Article","@id":"https:\/\/italcamara-es.com\/it\/notizie\/alfredo-altavilla-e-juan-rosell-premio-tiepolo-2015\/#article","isPartOf":{"@id":"https:\/\/italcamara-es.com\/it\/notizie\/alfredo-altavilla-e-juan-rosell-premio-tiepolo-2015\/"},"author":{"name":"administrador","@id":"https:\/\/italcamara-es.com\/#\/schema\/person\/bb3c56263e405bbd9a15171dcfee93bb"},"headline":"Alfredo Altavilla e Juan Rosell, Premio Tiepolo 2015","datePublished":"2015-11-20T07:39:17+00:00","mainEntityOfPage":{"@id":"https:\/\/italcamara-es.com\/it\/notizie\/alfredo-altavilla-e-juan-rosell-premio-tiepolo-2015\/"},"wordCount":737,"commentCount":0,"image":{"@id":"https:\/\/italcamara-es.com\/it\/notizie\/alfredo-altavilla-e-juan-rosell-premio-tiepolo-2015\/#primaryimage"},"thumbnailUrl":"https:\/\/italcamara-es.com\/wp-content\/uploads\/2025\/03\/Tiepolo250.jpg","keywords":["Notizie di la CCIS"],"articleSection":["Notizie"],"inLanguage":"it-IT","potentialAction":[{"@type":"CommentAction","name":"Comment","target":["https:\/\/italcamara-es.com\/it\/notizie\/alfredo-altavilla-e-juan-rosell-premio-tiepolo-2015\/#respond"]}]},{"@type":"WebPage","@id":"https:\/\/italcamara-es.com\/it\/notizie\/alfredo-altavilla-e-juan-rosell-premio-tiepolo-2015\/","url":"https:\/\/italcamara-es.com\/it\/notizie\/alfredo-altavilla-e-juan-rosell-premio-tiepolo-2015\/","name":"Alfredo Altavilla e Juan Rosell, Premio Tiepolo 2015 - Italcamara","isPartOf":{"@id":"https:\/\/italcamara-es.com\/#website"},"primaryImageOfPage":{"@id":"https:\/\/italcamara-es.com\/it\/notizie\/alfredo-altavilla-e-juan-rosell-premio-tiepolo-2015\/#primaryimage"},"image":{"@id":"https:\/\/italcamara-es.com\/it\/notizie\/alfredo-altavilla-e-juan-rosell-premio-tiepolo-2015\/#primaryimage"},"thumbnailUrl":"https:\/\/italcamara-es.com\/wp-content\/uploads\/2025\/03\/Tiepolo250.jpg","datePublished":"2015-11-20T07:39:17+00:00","author":{"@id":"https:\/\/italcamara-es.com\/#\/schema\/person\/bb3c56263e405bbd9a15171dcfee93bb"},"breadcrumb":{"@id":"https:\/\/italcamara-es.com\/it\/notizie\/alfredo-altavilla-e-juan-rosell-premio-tiepolo-2015\/#breadcrumb"},"inLanguage":"it-IT","potentialAction":[{"@type":"ReadAction","target":["https:\/\/italcamara-es.com\/it\/notizie\/alfredo-altavilla-e-juan-rosell-premio-tiepolo-2015\/"]}]},{"@type":"ImageObject","inLanguage":"it-IT","@id":"https:\/\/italcamara-es.com\/it\/notizie\/alfredo-altavilla-e-juan-rosell-premio-tiepolo-2015\/#primaryimage","url":"https:\/\/italcamara-es.com\/wp-content\/uploads\/2025\/03\/Tiepolo250.jpg","contentUrl":"https:\/\/italcamara-es.com\/wp-content\/uploads\/2025\/03\/Tiepolo250.jpg","width":250,"height":155},{"@type":"BreadcrumbList","@id":"https:\/\/italcamara-es.com\/it\/notizie\/alfredo-altavilla-e-juan-rosell-premio-tiepolo-2015\/#breadcrumb","itemListElement":[{"@type":"ListItem","position":1,"name":"Inicio","item":"https:\/\/italcamara-es.com\/it\/homepage-ita\/"},{"@type":"ListItem","position":2,"name":"Alfredo Altavilla e Juan Rosell, Premio Tiepolo 2015"}]},{"@type":"WebSite","@id":"https:\/\/italcamara-es.com\/#website","url":"https:\/\/italcamara-es.com\/","name":"Italcamara","description":"","potentialAction":[{"@type":"SearchAction","target":{"@type":"EntryPoint","urlTemplate":"https:\/\/italcamara-es.com\/?s={search_term_string}"},"query-input":{"@type":"PropertyValueSpecification","valueRequired":true,"valueName":"search_term_string"}}],"inLanguage":"it-IT"},{"@type":"Person","@id":"https:\/\/italcamara-es.com\/#\/schema\/person\/bb3c56263e405bbd9a15171dcfee93bb","name":"administrador","image":{"@type":"ImageObject","inLanguage":"it-IT","@id":"https:\/\/secure.gravatar.com\/avatar\/14b5e63db38320b12031bb28cf9f77e210aa71fb3a8a3602a3c9a05134fa75eb?s=96&d=mm&r=g","url":"https:\/\/secure.gravatar.com\/avatar\/14b5e63db38320b12031bb28cf9f77e210aa71fb3a8a3602a3c9a05134fa75eb?s=96&d=mm&r=g","contentUrl":"https:\/\/secure.gravatar.com\/avatar\/14b5e63db38320b12031bb28cf9f77e210aa71fb3a8a3602a3c9a05134fa75eb?s=96&d=mm&r=g","caption":"administrador"},"sameAs":["http:\/\/pre.italcamara-es.com"],"url":"https:\/\/italcamara-es.com\/it\/author\/administrador\/"}]}},"rttpg_featured_image_url":{"full":["https:\/\/italcamara-es.com\/wp-content\/uploads\/2025\/03\/Tiepolo250.jpg",250,155,false],"landscape":["https:\/\/italcamara-es.com\/wp-content\/uploads\/2025\/03\/Tiepolo250.jpg",250,155,false],"portraits":["https:\/\/italcamara-es.com\/wp-content\/uploads\/2025\/03\/Tiepolo250.jpg",250,155,false],"thumbnail":["https:\/\/italcamara-es.com\/wp-content\/uploads\/2025\/03\/Tiepolo250-150x150.jpg",150,150,true],"medium":["https:\/\/italcamara-es.com\/wp-content\/uploads\/2025\/03\/Tiepolo250.jpg",250,155,false],"large":["https:\/\/italcamara-es.com\/wp-content\/uploads\/2025\/03\/Tiepolo250.jpg",250,155,false],"1536x1536":["https:\/\/italcamara-es.com\/wp-content\/uploads\/2025\/03\/Tiepolo250.jpg",250,155,false],"2048x2048":["https:\/\/italcamara-es.com\/wp-content\/uploads\/2025\/03\/Tiepolo250.jpg",250,155,false],"ocean-thumb-m":["https:\/\/italcamara-es.com\/wp-content\/uploads\/2025\/03\/Tiepolo250.jpg",250,155,false],"ocean-thumb-ml":["https:\/\/italcamara-es.com\/wp-content\/uploads\/2025\/03\/Tiepolo250.jpg",250,155,false],"ocean-thumb-l":["https:\/\/italcamara-es.com\/wp-content\/uploads\/2025\/03\/Tiepolo250.jpg",250,155,false],"directorist_preview":["https:\/\/italcamara-es.com\/wp-content\/uploads\/2025\/03\/Tiepolo250.jpg",250,155,false]},"rttpg_author":{"display_name":"administrador","author_link":"https:\/\/italcamara-es.com\/it\/author\/administrador\/"},"rttpg_comment":0,"rttpg_category":"<a href=\"https:\/\/italcamara-es.com\/it\/category\/notizie\/\" rel=\"category tag\">Notizie<\/a>","rttpg_excerpt":"La giuria, composta da giornalisti dei principali mezzi di comunicazione spagnoli e da corrispondenti italiani in Spagna, ha voluto riconoscere la traiettoria delle due personalit\u00e0 ed il loro importante contributo nello sviluppo delle relazioni commerciali tra Italia e Spagna &nbsp; Il Chief Operating Officer in Europa, Africa e Medio Oriente del gruppo Fiat Chrysler Automobile&hellip;","_links":{"self":[{"href":"https:\/\/italcamara-es.com\/it\/wp-json\/wp\/v2\/posts\/55858","targetHints":{"allow":["GET"]}}],"collection":[{"href":"https:\/\/italcamara-es.com\/it\/wp-json\/wp\/v2\/posts"}],"about":[{"href":"https:\/\/italcamara-es.com\/it\/wp-json\/wp\/v2\/types\/post"}],"author":[{"embeddable":true,"href":"https:\/\/italcamara-es.com\/it\/wp-json\/wp\/v2\/users\/1"}],"replies":[{"embeddable":true,"href":"https:\/\/italcamara-es.com\/it\/wp-json\/wp\/v2\/comments?post=55858"}],"version-history":[{"count":0,"href":"https:\/\/italcamara-es.com\/it\/wp-json\/wp\/v2\/posts\/55858\/revisions"}],"wp:featuredmedia":[{"embeddable":true,"href":"https:\/\/italcamara-es.com\/it\/wp-json\/wp\/v2\/media\/54240"}],"wp:attachment":[{"href":"https:\/\/italcamara-es.com\/it\/wp-json\/wp\/v2\/media?parent=55858"}],"wp:term":[{"taxonomy":"category","embeddable":true,"href":"https:\/\/italcamara-es.com\/it\/wp-json\/wp\/v2\/categories?post=55858"},{"taxonomy":"post_tag","embeddable":true,"href":"https:\/\/italcamara-es.com\/it\/wp-json\/wp\/v2\/tags?post=55858"}],"curies":[{"name":"wp","href":"https:\/\/api.w.org\/{rel}","templated":true}]}}