	{"id":55873,"date":"2016-11-30T20:49:50","date_gmt":"2016-11-30T19:49:50","guid":{"rendered":"http:\/\/pre.italcamara-es.com\/senza-categoria\/consegnato-il-premio-tiepolo-2016-a-francesco-monti-esprinet-e-francisco-reynes-abertis-e-cellnex-telecom\/"},"modified":"2025-03-30T14:00:18","modified_gmt":"2025-03-30T12:00:18","slug":"consegnato-il-premio-tiepolo-2016-a-francesco-monti-esprinet-e-francisco-reynes-abertis-e-cellnex-telecom","status":"publish","type":"post","link":"https:\/\/italcamara-es.com\/it\/notizie\/consegnato-il-premio-tiepolo-2016-a-francesco-monti-esprinet-e-francisco-reynes-abertis-e-cellnex-telecom\/","title":{"rendered":"Consegnato il Premio Tiepolo 2016 a  Francesco Monti (Esprinet) e Francisco Reyn\u00e9s (Abertis e Cellnex Telecom)"},"content":{"rendered":"<p>Il presidente di <strong>Esprinet<\/strong>, <strong>Francesco Monti<\/strong>, ed il vicepresidente e amministratore delegato del <strong>Grupo Abertis<\/strong> e presidente di <strong>Cellnex Telecom<\/strong>, <strong>Francisco Reyn\u00e9s<\/strong>, sono stati insigniti del <strong>Premio Tiepolo 2016.<\/strong><\/p>\n<p>La<strong> Camera di Commercio e Industria Italiana per la Spagna\u00a0 e <em>Confederaci\u00f3n Espa\u00f1ola de Organizaciones Empresariales<\/em><\/strong> (<strong>CEOE<\/strong>)<strong> hanno <\/strong>organizzato la cerimonia di consegna di questo Premio, giunto alla ventesima edizione, quale riconoscimento alla carriera degli imprenditori di successo italiani e spagnoli. Come di consueto, l\u2019Ambasciata d\u2019Italia a Madrid ha accolto nella sua sede la cerimonia di consegna di questo prestigioso riconoscimento, che \u00e8 stata inaugurata dall\u2019Ambasciatore d\u2019Italia in Spagna, <strong>Stefano Sannino<\/strong>, e condotta dal giornalista e membro della giuria del Premio Tiepolo, <strong>Josto Maffeo<\/strong>.<\/p>\n<p>&nbsp;<\/p>\n<p>La giuria, composta da giornalisti di importanti mezzi di comunicazione spagnoli e corrispondenti italiani in Spagna, ha voluto riconoscere la traiettoria professionale di successo di queste due personalit\u00e0 che, con il loro impegno, hanno contribuito a potenziare le relazioni economiche tra Italia e Spagna e a diffondere l\u2019immagine dei due paesi nel mondo.<\/p>\n<p>&nbsp;<\/p>\n<p>\u201c<em>Le relazioni e gli scambi commerciali tra imprese italiane e spagnole sono il vero motore delle nostri rapporti bilaterali. Esprinet \u00e8 una testimonianza emblematica della fiducia delle aziende italiane nella Spagna e della loro capacit\u00e0 per radicarsi nel mercato spagnolo.Il Gruppo Abertis in Italia \u00e8 un esempio di impegno e di continuit\u00e0 che ha realizzato una dei maggiori investimenti spagnoli in Italia della storia recente.<\/em><em>\u201d<\/em> ha affermato nel suo discorso Stefano Sannino. \u201c<em>Il Tiepolo si propone come strumento della \u201cbidirezionalit\u00e0: Un premio che non promuove Italia o Spagna , ma il rapporto tra i due Paesi\u201d <\/em>ha aggiunto l\u2019Ambasciatore<em>. \u201cVoglio assicurare alle imprese che questa Ambasciata \u00e8 al loro fianco per accompagnare ed appoggiare i loro investimenti e le loro attivit\u00e0\u201d<\/em><\/p>\n<p><em>\u00a0<\/em><\/p>\n<p>\u201c<em>La traiettoria dei due premiati e delle imprese che rappresentano sono la conferma che i nostri rispettivi mercati continuano a costituire un riferimento sicuro\u00a0 e una base solida per lo sviluppo economico e commerciale in settori di rilevanza strategica<\/em>\u201d ha affermato, da parte sua, il Presidente della Camera di Commercio Italiana per la Spagna, <strong>Marco Pizzi<\/strong>. \u201c<em>In un\u2019epoca in cui sembrano prevalere le incertezze<\/em> &#8211; ha aggiunto &#8211; <em>le relazioni tra le nostre due economie si mantengono forti e dinamiche, spinte da una profonda conoscenza e da uno spirito di collaborazione e di stima reciproca, che si manifesta nelle storie di successo di cui siamo testimoni oggi, cos\u00ec come lo siamo stati nelle precedenti edizioni del Premio<\/em><em>\u201d.<\/em><\/p>\n<p><img fetchpriority=\"high\" decoding=\"async\" class=\"aligncenter wp-image-9127 size-large\" src=\"https:\/\/www.italcamara-es.com\/wp-content\/uploads\/2016\/11\/Tiepolo-3-1024x683.jpg\" alt=\"tiepolo-3\" width=\"720\" height=\"480\" \/><\/p>\n<p>&nbsp;<\/p>\n<p>\u201c<em>Un evento come quello di oggi serve per mettere in evidenza le eccellenti relazioni commerciali e imprenditoriali tra Spagna e Italia. I due premiati sono un vivo esempio di questa realt\u00e0. Sia Francisco Reyn\u00e9s che Francesco Monti, sono da anni figure chiave negli investimenti realizzati in entrambi i paesi dalle imprese che dirigono in maniera esemplare<\/em>\u201d, ha affermato il Presidente della CEOE, <strong>Juan Rosell<\/strong>, durante il suo intervento. \u201c<em>Per la loro ampia traiettoria e lo sforzo profuso per potenziare le relazioni economiche tra Spagna e Italia e per diffondere l\u2019immagine dei due paesi, sono meritevoli di questo premio che \u00e8 un riferimento a livello imprenditoriale e istituzionale non solo in Spagna, ma anche in Europa e nel mondo<\/em>\u201d.<\/p>\n<p>&nbsp;<\/p>\n<figure id=\"attachment_9099\" aria-describedby=\"caption-attachment-9099\" style=\"width: 720px\" class=\"wp-caption aligncenter\"><img decoding=\"async\" class=\"wp-image-9099 size-large\" src=\"https:\/\/www.italcamara-es.com\/wp-content\/uploads\/2016\/11\/TIEPOLO-2016-21-1024x683.jpg\" alt=\"tiepolo-2016-2\" width=\"720\" height=\"480\" \/><figcaption id=\"caption-attachment-9099\" class=\"wp-caption-text\">Da sin. a des.: Juan Rosell, Francisco Reyn\u00e9s, Stefano Sannino, Francesco Monti, Marco Pizzi, Josto Maffeo<\/figcaption><\/figure>\n<p>&nbsp;<\/p>\n<p><strong><u>Francesco Monti, figura determinante degli investimenti di Esprinet nel mercato spagnolo <\/u><\/strong><\/p>\n<p>La giuria di questa edizione del Tiepolo ha voluto riconoscere la traiettoria di <strong>Francesco Monti<\/strong> (Bovisio Masciago, 1946), presidente di <strong>Esprinet S.p.A.,<\/strong> compagnia leader nella distribuzione &#8220;business-to-business&#8221; di informatica ed elettronica di consumo in Italia e Spagna, con circa 40.000 rivenditori clienti, oltre 600 brand in portafoglio e un fatturato realizzato nel 2015 pari a 2,7 miliardi di euro.<\/p>\n<p>&nbsp;<\/p>\n<p>\u201c<em>Sono orgoglioso di ricevere questo prestigioso riconoscimento internazionale, che viene assegnato ad Esprinet nell\u2019anno in cui, a seguito di importanti investimenti nel mercato spagnolo, abbiamo raggiunto la leadership anche nella Penisola Iberica, diventando il primo distributore di tecnologia nel Sud-Europa e il quarto Europeo. Il Premio Tiepolo rappresenta il riconoscimento del nostro impegno nel promuovere e consolidare relazioni economiche e commerciali tra Italia e Spagna, attraverso una costante ricerca dell\u2019eccellenza in un settore particolarmente rilevante per entrambi i paesi<\/em>\u201d, ha commentato Francesco Monti, Presidente del Gruppo Esprinet, nel ricevere il premio.<\/p>\n<p><img decoding=\"async\" class=\"aligncenter wp-image-9130 size-full\" src=\"https:\/\/www.italcamara-es.com\/wp-content\/uploads\/2016\/11\/tiepolo-monti-def.jpg\" alt=\"tiepolo-monti-def\" width=\"800\" height=\"682\" \/><\/p>\n<p>&nbsp;<\/p>\n<p>Sotto la presidenza di Monti, Esprinet si \u00e8 posizionata al primo posto nel mercato distributivo spagnolo, grazie a una serie di acquisizioni realizzate nel paese iberico negli ultimi anni: quella di Memory Set S.A (2005), per un valore di 64,5 milioni di euro; di UMD S.A (2006 &#8211; \u20ac 53,4 milioni); \u00a0e la pi\u00f9 recente, a maggio di quest\u2019anno, di Vinzeo Technology S.A.U., per un valore di 74,1 milioni di euro.<\/p>\n<p>A seguito di quest\u2019ultima acquisizione, la compagnia ha raggiunto un totale di quasi <strong>1,3 miliardi di euro<\/strong> in termini di vendite, di cui 584.4 milioni corrispondono a Vinzeo Technology e 696,07 milioni alla filiale Esprinet Ib\u00e9rica. Quest\u2019ultima opera in Spagna dal 2005 e vi lavorano 320 dipendenti, circa un terzo dei 1.000 che compongono la forza lavoro della compagnia.<\/p>\n<p>Gli investimenti realizzati da Esprinet in un settore particolarmente rilevante nel mercato spagnolo hanno contribuito in maniera significativa a consolidare le relazioni economiche e commerciali tra i Italia e Spagna.<\/p>\n<p>Monti ha iniziato la propria carriera professionale quale responsabile vendite di societ\u00e0 operanti nel settore della componentistica. \u00c8 stato uno dei soci fondatori di Comprel S.p.A., dove ha ricoperto la carica di Presidente nel 1983. Sotto la sua direzione, la compagnia ha ampliato il proprio ambito d\u2019affari al mercato della distribuzione di Pc e componenti informatici. Nel 2000 \u00e8 stato tra i protagonisti del processo di fusione tra la stessa Comprel e Celomax, da cui \u00e8 nata Esprinet, compagnia che presiede da allora.<\/p>\n<p>\u00c8 inoltre Consigliere di Immobiliare Dea \u201981 S.p.A. e presidente del Consiglio di Amministrazione di Comprel S.r.l., societ\u00e0 controllata da Esprinet. S.p.A.<\/p>\n<p><em>\u00a0<\/em><\/p>\n<p><strong><u>Francisco Reyn\u00e9s, convinto sostenitore del potenziamento delle relazioni economiche tra Italia e Spagna<\/u><\/strong><\/p>\n<p><strong>Francisco Reyn\u00e9s Massenet<\/strong> (Mallorca, 1963) \u00e8 dal 2010 amministratore delegato del <strong>Grupo Abertis<\/strong>, compagnia leader nella costruzione e gestione di autostrade, nella quale ricopre l\u2019incarico di vicepresidente dal 2015.<\/p>\n<p>\u201c<em>Siamo lieti di ricevere questo premio come riconoscimento per il nostro rinnovato impegno per il mercato italiano; un paese molto interesante per il Grupo Abertis sia per la certezza giuridica che lo caratterizza sia per aver puntato sul sistema di concessioni di autostrade. Per non parlare dello spirito d\u2019innovazione e del carattere creativo ed entusiasta dei suoi cittadini<\/em>\u201d, ha segnalato Reyn\u00e9s dopo aver ricevuto il premio.<\/p>\n<p>&nbsp;<\/p>\n<p><img loading=\"lazy\" decoding=\"async\" class=\"aligncenter wp-image-9129 size-full\" src=\"https:\/\/www.italcamara-es.com\/wp-content\/uploads\/2016\/11\/tiepoo-reynes-def.jpg\" alt=\"tiepoo-reynes-def\" width=\"773\" height=\"629\" \/><\/p>\n<p>&nbsp;<\/p>\n<p>Reyn\u00e9s \u00e8 stato uno dei promotori del piano di espansione del gruppo spagnolo nel mercato italiano, che si \u00e8 tradotto appunto nell\u2019acquisto delle due societ\u00e0 che controllano il 51,4% del gruppo industriale italiano A4 Hiolding, i cui princiapli attivi sono le autostrde A4 Brescia-Padova (la terza per traffico in Italia) e A31, entrambe nel Nordest del paese.<\/p>\n<p>L\u2019operazione, che si \u00e8 conclusa lo scorso settembre per un importo totale di 594 milioni di euro, ha comportato l\u2019ingresso del Grupo Abertis in Italia, uno dei mercati obiettivo della compagnia, rafforzando la sua leadership mondiale, con pi\u00f9 di 8.500 km di autostrade gestiti.<\/p>\n<p>Attualmente \u00e8 anche presidente di <strong>Cellnex Telecom<\/strong>, operatore indipendente leader in Europa nel settore delle infrastrutture per le telecomunicazioni wireless. Sotto la sua presidenza, negli ultimi tre anni la compagnia ha realizzato in Italia investimenti per un valore totale di 800 milioni di euro, facendo del Paese il principale mercato della compagnia, con una rete di\u00a0\u00a0 8.000 torri\u00a0 per telecomunicazioni e un nuovo \u201ccentro di Eccellenza\u201d per l\u2019innovazione e lo sviluppo di nuove tecnologie nel settore.<\/p>\n<p>Cellnex sta realizzando inoltre un profondo processo di trasformazione che si traduce, da un lato, in un\u2019importante crescita in Europa \u2013 fuori dalla Spagna -, dove si genera il 36 % del suo fatturato, dall\u2019altro, nel suo ingresso in borsa nel maggio 2015 e nel seletto gruppo dell\u2019IBEX 35 da giugno di quest\u2019anno, a testimonianza della buona risposta da parte dei mercati.<\/p>\n<p>\u201c<em>Vogliamo continuare a rafforzare questa collaborazione tra Spagna e Italia. Cellnex Telecom ha realizzato diverse acquisizioni negli ultimi mesi, convertendo l\u2019Italia nel suo secondo mercato per dimensioni dopo quello spagnolo. Per quanto riguarda Abertis, sono convinto che l\u2019acquisizione di A4 Holding non sar\u00e0 l\u2019unica nel paese e che ci saranno operazioni simili in futuro<\/em>\u201d ha dichiarato Reyn\u00e9s.<\/p>\n<p>Prima del suo approdo ad Abertis, Francisco Reyn\u00e9s \u00e8 stato Direttore Generale di Criteria CaixaCorp, holding di imprese facente capo a \u201cla Caixa\u201d. \u00c8 stato anche membro dei Consigli di Amministrazione di Ga Natural Fenosa, Aguas de Barcelona, Segur CaixaHolding, Boursorama, Adeslas e Port Aventura.<\/p>\n","protected":false},"excerpt":{"rendered":"<p>Il presidente di Esprinet, Francesco Monti, ed il vicepresidente e amministratore delegato del Grupo Abertis e presidente di Cellnex Telecom, Francisco Reyn\u00e9s, sono stati insigniti del Premio Tiepolo 2016. La Camera di Commercio e Industria Italiana per la Spagna\u00a0 e Confederaci\u00f3n Espa\u00f1ola de Organizaciones Empresariales (CEOE) hanno organizzato la cerimonia di consegna di questo Premio, [&hellip;]<\/p>\n","protected":false},"author":1,"featured_media":53570,"comment_status":"open","ping_status":"open","sticky":false,"template":"","format":"standard","meta":{"inline_featured_image":false,"ocean_post_layout":"","ocean_both_sidebars_style":"","ocean_both_sidebars_content_width":0,"ocean_both_sidebars_sidebars_width":0,"ocean_sidebar":"","ocean_second_sidebar":"","ocean_disable_margins":"enable","ocean_add_body_class":"","ocean_shortcode_before_top_bar":"","ocean_shortcode_after_top_bar":"","ocean_shortcode_before_header":"","ocean_shortcode_after_header":"","ocean_has_shortcode":"","ocean_shortcode_after_title":"","ocean_shortcode_before_footer_widgets":"","ocean_shortcode_after_footer_widgets":"","ocean_shortcode_before_footer_bottom":"","ocean_shortcode_after_footer_bottom":"","ocean_display_top_bar":"default","ocean_display_header":"default","ocean_header_style":"","ocean_center_header_left_menu":"","ocean_custom_header_template":"","ocean_custom_logo":0,"ocean_custom_retina_logo":0,"ocean_custom_logo_max_width":0,"ocean_custom_logo_tablet_max_width":0,"ocean_custom_logo_mobile_max_width":0,"ocean_custom_logo_max_height":0,"ocean_custom_logo_tablet_max_height":0,"ocean_custom_logo_mobile_max_height":0,"ocean_header_custom_menu":"","ocean_menu_typo_font_family":"","ocean_menu_typo_font_subset":"","ocean_menu_typo_font_size":0,"ocean_menu_typo_font_size_tablet":0,"ocean_menu_typo_font_size_mobile":0,"ocean_menu_typo_font_size_unit":"px","ocean_menu_typo_font_weight":"","ocean_menu_typo_font_weight_tablet":"","ocean_menu_typo_font_weight_mobile":"","ocean_menu_typo_transform":"","ocean_menu_typo_transform_tablet":"","ocean_menu_typo_transform_mobile":"","ocean_menu_typo_line_height":0,"ocean_menu_typo_line_height_tablet":0,"ocean_menu_typo_line_height_mobile":0,"ocean_menu_typo_line_height_unit":"","ocean_menu_typo_spacing":0,"ocean_menu_typo_spacing_tablet":0,"ocean_menu_typo_spacing_mobile":0,"ocean_menu_typo_spacing_unit":"","ocean_menu_link_color":"","ocean_menu_link_color_hover":"","ocean_menu_link_color_active":"","ocean_menu_link_background":"","ocean_menu_link_hover_background":"","ocean_menu_link_active_background":"","ocean_menu_social_links_bg":"","ocean_menu_social_hover_links_bg":"","ocean_menu_social_links_color":"","ocean_menu_social_hover_links_color":"","ocean_disable_title":"default","ocean_disable_heading":"default","ocean_post_title":"","ocean_post_subheading":"","ocean_post_title_style":"","ocean_post_title_background_color":"","ocean_post_title_background":0,"ocean_post_title_bg_image_position":"","ocean_post_title_bg_image_attachment":"","ocean_post_title_bg_image_repeat":"","ocean_post_title_bg_image_size":"","ocean_post_title_height":0,"ocean_post_title_bg_overlay":0.5,"ocean_post_title_bg_overlay_color":"","ocean_disable_breadcrumbs":"default","ocean_breadcrumbs_color":"","ocean_breadcrumbs_separator_color":"","ocean_breadcrumbs_links_color":"","ocean_breadcrumbs_links_hover_color":"","ocean_display_footer_widgets":"default","ocean_display_footer_bottom":"default","ocean_custom_footer_template":"","ocean_post_oembed":"","ocean_post_self_hosted_media":"","ocean_post_video_embed":"","ocean_link_format":"","ocean_link_format_target":"self","ocean_quote_format":"","ocean_quote_format_link":"post","ocean_gallery_link_images":"on","ocean_gallery_id":[],"footnotes":""},"categories":[133],"tags":[139,138],"class_list":["post-55873","post","type-post","status-publish","format-standard","has-post-thumbnail","hentry","category-notizie","tag-notizie-di-la-ccis","tag-notizie-di-mercato","entry","has-media"],"yoast_head":"<!-- This site is optimized with the Yoast SEO plugin v27.5 - https:\/\/yoast.com\/product\/yoast-seo-wordpress\/ -->\n<title>Consegnato il Premio Tiepolo 2016 a Francesco Monti (Esprinet) e Francisco Reyn\u00e9s (Abertis e Cellnex Telecom) - Italcamara<\/title>\n<meta name=\"robots\" content=\"index, follow, max-snippet:-1, max-image-preview:large, max-video-preview:-1\" \/>\n<link rel=\"canonical\" href=\"https:\/\/italcamara-es.com\/it\/notizie\/consegnato-il-premio-tiepolo-2016-a-francesco-monti-esprinet-e-francisco-reynes-abertis-e-cellnex-telecom\/\" \/>\n<meta property=\"og:locale\" content=\"it_IT\" \/>\n<meta property=\"og:type\" content=\"article\" \/>\n<meta property=\"og:title\" content=\"Consegnato il Premio Tiepolo 2016 a Francesco Monti (Esprinet) e Francisco Reyn\u00e9s (Abertis e Cellnex Telecom) - Italcamara\" \/>\n<meta property=\"og:description\" content=\"Il presidente di Esprinet, Francesco Monti, ed il vicepresidente e amministratore delegato del Grupo Abertis e presidente di Cellnex Telecom, Francisco Reyn\u00e9s, sono stati insigniti del Premio Tiepolo 2016. La Camera di Commercio e Industria Italiana per la Spagna\u00a0 e Confederaci\u00f3n Espa\u00f1ola de Organizaciones Empresariales (CEOE) hanno organizzato la cerimonia di consegna di questo Premio, [&hellip;]\" \/>\n<meta property=\"og:url\" content=\"https:\/\/italcamara-es.com\/it\/notizie\/consegnato-il-premio-tiepolo-2016-a-francesco-monti-esprinet-e-francisco-reynes-abertis-e-cellnex-telecom\/\" \/>\n<meta property=\"og:site_name\" content=\"Italcamara\" \/>\n<meta property=\"article:published_time\" content=\"2016-11-30T19:49:50+00:00\" \/>\n<meta property=\"article:modified_time\" content=\"2025-03-30T12:00:18+00:00\" \/>\n<meta property=\"og:image\" content=\"https:\/\/italcamara-es.com\/wp-content\/uploads\/2025\/03\/TIEPOLO-2016-2-scaled.jpg\" \/>\n\t<meta property=\"og:image:width\" content=\"2560\" \/>\n\t<meta property=\"og:image:height\" content=\"1707\" \/>\n\t<meta property=\"og:image:type\" content=\"image\/jpeg\" \/>\n<meta name=\"author\" content=\"administrador\" \/>\n<meta name=\"twitter:card\" content=\"summary_large_image\" \/>\n<meta name=\"twitter:label1\" content=\"Scritto da\" \/>\n\t<meta name=\"twitter:data1\" content=\"administrador\" \/>\n\t<meta name=\"twitter:label2\" content=\"Tempo di lettura stimato\" \/>\n\t<meta name=\"twitter:data2\" content=\"7 minuti\" \/>\n<script type=\"application\/ld+json\" class=\"yoast-schema-graph\">{\"@context\":\"https:\\\/\\\/schema.org\",\"@graph\":[{\"@type\":\"Article\",\"@id\":\"https:\\\/\\\/italcamara-es.com\\\/it\\\/notizie\\\/consegnato-il-premio-tiepolo-2016-a-francesco-monti-esprinet-e-francisco-reynes-abertis-e-cellnex-telecom\\\/#article\",\"isPartOf\":{\"@id\":\"https:\\\/\\\/italcamara-es.com\\\/it\\\/notizie\\\/consegnato-il-premio-tiepolo-2016-a-francesco-monti-esprinet-e-francisco-reynes-abertis-e-cellnex-telecom\\\/\"},\"author\":{\"name\":\"administrador\",\"@id\":\"https:\\\/\\\/italcamara-es.com\\\/#\\\/schema\\\/person\\\/bb3c56263e405bbd9a15171dcfee93bb\"},\"headline\":\"Consegnato il Premio Tiepolo 2016 a Francesco Monti (Esprinet) e Francisco Reyn\u00e9s (Abertis e Cellnex Telecom)\",\"datePublished\":\"2016-11-30T19:49:50+00:00\",\"dateModified\":\"2025-03-30T12:00:18+00:00\",\"mainEntityOfPage\":{\"@id\":\"https:\\\/\\\/italcamara-es.com\\\/it\\\/notizie\\\/consegnato-il-premio-tiepolo-2016-a-francesco-monti-esprinet-e-francisco-reynes-abertis-e-cellnex-telecom\\\/\"},\"wordCount\":1447,\"commentCount\":0,\"image\":{\"@id\":\"https:\\\/\\\/italcamara-es.com\\\/it\\\/notizie\\\/consegnato-il-premio-tiepolo-2016-a-francesco-monti-esprinet-e-francisco-reynes-abertis-e-cellnex-telecom\\\/#primaryimage\"},\"thumbnailUrl\":\"https:\\\/\\\/italcamara-es.com\\\/wp-content\\\/uploads\\\/2025\\\/03\\\/TIEPOLO-2016-2-scaled.jpg\",\"keywords\":[\"Notizie di la CCIS\",\"Notizie di Mercato\"],\"articleSection\":[\"Notizie\"],\"inLanguage\":\"it-IT\",\"potentialAction\":[{\"@type\":\"CommentAction\",\"name\":\"Comment\",\"target\":[\"https:\\\/\\\/italcamara-es.com\\\/it\\\/notizie\\\/consegnato-il-premio-tiepolo-2016-a-francesco-monti-esprinet-e-francisco-reynes-abertis-e-cellnex-telecom\\\/#respond\"]}]},{\"@type\":\"WebPage\",\"@id\":\"https:\\\/\\\/italcamara-es.com\\\/it\\\/notizie\\\/consegnato-il-premio-tiepolo-2016-a-francesco-monti-esprinet-e-francisco-reynes-abertis-e-cellnex-telecom\\\/\",\"url\":\"https:\\\/\\\/italcamara-es.com\\\/it\\\/notizie\\\/consegnato-il-premio-tiepolo-2016-a-francesco-monti-esprinet-e-francisco-reynes-abertis-e-cellnex-telecom\\\/\",\"name\":\"Consegnato il Premio Tiepolo 2016 a Francesco Monti (Esprinet) e Francisco Reyn\u00e9s (Abertis e Cellnex Telecom) - Italcamara\",\"isPartOf\":{\"@id\":\"https:\\\/\\\/italcamara-es.com\\\/#website\"},\"primaryImageOfPage\":{\"@id\":\"https:\\\/\\\/italcamara-es.com\\\/it\\\/notizie\\\/consegnato-il-premio-tiepolo-2016-a-francesco-monti-esprinet-e-francisco-reynes-abertis-e-cellnex-telecom\\\/#primaryimage\"},\"image\":{\"@id\":\"https:\\\/\\\/italcamara-es.com\\\/it\\\/notizie\\\/consegnato-il-premio-tiepolo-2016-a-francesco-monti-esprinet-e-francisco-reynes-abertis-e-cellnex-telecom\\\/#primaryimage\"},\"thumbnailUrl\":\"https:\\\/\\\/italcamara-es.com\\\/wp-content\\\/uploads\\\/2025\\\/03\\\/TIEPOLO-2016-2-scaled.jpg\",\"datePublished\":\"2016-11-30T19:49:50+00:00\",\"dateModified\":\"2025-03-30T12:00:18+00:00\",\"author\":{\"@id\":\"https:\\\/\\\/italcamara-es.com\\\/#\\\/schema\\\/person\\\/bb3c56263e405bbd9a15171dcfee93bb\"},\"breadcrumb\":{\"@id\":\"https:\\\/\\\/italcamara-es.com\\\/it\\\/notizie\\\/consegnato-il-premio-tiepolo-2016-a-francesco-monti-esprinet-e-francisco-reynes-abertis-e-cellnex-telecom\\\/#breadcrumb\"},\"inLanguage\":\"it-IT\",\"potentialAction\":[{\"@type\":\"ReadAction\",\"target\":[\"https:\\\/\\\/italcamara-es.com\\\/it\\\/notizie\\\/consegnato-il-premio-tiepolo-2016-a-francesco-monti-esprinet-e-francisco-reynes-abertis-e-cellnex-telecom\\\/\"]}]},{\"@type\":\"ImageObject\",\"inLanguage\":\"it-IT\",\"@id\":\"https:\\\/\\\/italcamara-es.com\\\/it\\\/notizie\\\/consegnato-il-premio-tiepolo-2016-a-francesco-monti-esprinet-e-francisco-reynes-abertis-e-cellnex-telecom\\\/#primaryimage\",\"url\":\"https:\\\/\\\/italcamara-es.com\\\/wp-content\\\/uploads\\\/2025\\\/03\\\/TIEPOLO-2016-2-scaled.jpg\",\"contentUrl\":\"https:\\\/\\\/italcamara-es.com\\\/wp-content\\\/uploads\\\/2025\\\/03\\\/TIEPOLO-2016-2-scaled.jpg\",\"width\":2560,\"height\":1707},{\"@type\":\"BreadcrumbList\",\"@id\":\"https:\\\/\\\/italcamara-es.com\\\/it\\\/notizie\\\/consegnato-il-premio-tiepolo-2016-a-francesco-monti-esprinet-e-francisco-reynes-abertis-e-cellnex-telecom\\\/#breadcrumb\",\"itemListElement\":[{\"@type\":\"ListItem\",\"position\":1,\"name\":\"Inicio\",\"item\":\"https:\\\/\\\/italcamara-es.com\\\/it\\\/homepage-ita\\\/\"},{\"@type\":\"ListItem\",\"position\":2,\"name\":\"Consegnato il Premio Tiepolo 2016 a Francesco Monti (Esprinet) e Francisco Reyn\u00e9s (Abertis e Cellnex Telecom)\"}]},{\"@type\":\"WebSite\",\"@id\":\"https:\\\/\\\/italcamara-es.com\\\/#website\",\"url\":\"https:\\\/\\\/italcamara-es.com\\\/\",\"name\":\"Italcamara\",\"description\":\"\",\"potentialAction\":[{\"@type\":\"SearchAction\",\"target\":{\"@type\":\"EntryPoint\",\"urlTemplate\":\"https:\\\/\\\/italcamara-es.com\\\/?s={search_term_string}\"},\"query-input\":{\"@type\":\"PropertyValueSpecification\",\"valueRequired\":true,\"valueName\":\"search_term_string\"}}],\"inLanguage\":\"it-IT\"},{\"@type\":\"Person\",\"@id\":\"https:\\\/\\\/italcamara-es.com\\\/#\\\/schema\\\/person\\\/bb3c56263e405bbd9a15171dcfee93bb\",\"name\":\"administrador\",\"image\":{\"@type\":\"ImageObject\",\"inLanguage\":\"it-IT\",\"@id\":\"https:\\\/\\\/secure.gravatar.com\\\/avatar\\\/14b5e63db38320b12031bb28cf9f77e210aa71fb3a8a3602a3c9a05134fa75eb?s=96&d=mm&r=g\",\"url\":\"https:\\\/\\\/secure.gravatar.com\\\/avatar\\\/14b5e63db38320b12031bb28cf9f77e210aa71fb3a8a3602a3c9a05134fa75eb?s=96&d=mm&r=g\",\"contentUrl\":\"https:\\\/\\\/secure.gravatar.com\\\/avatar\\\/14b5e63db38320b12031bb28cf9f77e210aa71fb3a8a3602a3c9a05134fa75eb?s=96&d=mm&r=g\",\"caption\":\"administrador\"},\"sameAs\":[\"http:\\\/\\\/pre.italcamara-es.com\"],\"url\":\"https:\\\/\\\/italcamara-es.com\\\/it\\\/author\\\/administrador\\\/\"}]}<\/script>\n<!-- \/ Yoast SEO plugin. -->","yoast_head_json":{"title":"Consegnato il Premio Tiepolo 2016 a Francesco Monti (Esprinet) e Francisco Reyn\u00e9s (Abertis e Cellnex Telecom) - Italcamara","robots":{"index":"index","follow":"follow","max-snippet":"max-snippet:-1","max-image-preview":"max-image-preview:large","max-video-preview":"max-video-preview:-1"},"canonical":"https:\/\/italcamara-es.com\/it\/notizie\/consegnato-il-premio-tiepolo-2016-a-francesco-monti-esprinet-e-francisco-reynes-abertis-e-cellnex-telecom\/","og_locale":"it_IT","og_type":"article","og_title":"Consegnato il Premio Tiepolo 2016 a Francesco Monti (Esprinet) e Francisco Reyn\u00e9s (Abertis e Cellnex Telecom) - Italcamara","og_description":"Il presidente di Esprinet, Francesco Monti, ed il vicepresidente e amministratore delegato del Grupo Abertis e presidente di Cellnex Telecom, Francisco Reyn\u00e9s, sono stati insigniti del Premio Tiepolo 2016. La Camera di Commercio e Industria Italiana per la Spagna\u00a0 e Confederaci\u00f3n Espa\u00f1ola de Organizaciones Empresariales (CEOE) hanno organizzato la cerimonia di consegna di questo Premio, [&hellip;]","og_url":"https:\/\/italcamara-es.com\/it\/notizie\/consegnato-il-premio-tiepolo-2016-a-francesco-monti-esprinet-e-francisco-reynes-abertis-e-cellnex-telecom\/","og_site_name":"Italcamara","article_published_time":"2016-11-30T19:49:50+00:00","article_modified_time":"2025-03-30T12:00:18+00:00","og_image":[{"width":2560,"height":1707,"url":"https:\/\/italcamara-es.com\/wp-content\/uploads\/2025\/03\/TIEPOLO-2016-2-scaled.jpg","type":"image\/jpeg"}],"author":"administrador","twitter_card":"summary_large_image","twitter_misc":{"Scritto da":"administrador","Tempo di lettura stimato":"7 minuti"},"schema":{"@context":"https:\/\/schema.org","@graph":[{"@type":"Article","@id":"https:\/\/italcamara-es.com\/it\/notizie\/consegnato-il-premio-tiepolo-2016-a-francesco-monti-esprinet-e-francisco-reynes-abertis-e-cellnex-telecom\/#article","isPartOf":{"@id":"https:\/\/italcamara-es.com\/it\/notizie\/consegnato-il-premio-tiepolo-2016-a-francesco-monti-esprinet-e-francisco-reynes-abertis-e-cellnex-telecom\/"},"author":{"name":"administrador","@id":"https:\/\/italcamara-es.com\/#\/schema\/person\/bb3c56263e405bbd9a15171dcfee93bb"},"headline":"Consegnato il Premio Tiepolo 2016 a Francesco Monti (Esprinet) e Francisco Reyn\u00e9s (Abertis e Cellnex Telecom)","datePublished":"2016-11-30T19:49:50+00:00","dateModified":"2025-03-30T12:00:18+00:00","mainEntityOfPage":{"@id":"https:\/\/italcamara-es.com\/it\/notizie\/consegnato-il-premio-tiepolo-2016-a-francesco-monti-esprinet-e-francisco-reynes-abertis-e-cellnex-telecom\/"},"wordCount":1447,"commentCount":0,"image":{"@id":"https:\/\/italcamara-es.com\/it\/notizie\/consegnato-il-premio-tiepolo-2016-a-francesco-monti-esprinet-e-francisco-reynes-abertis-e-cellnex-telecom\/#primaryimage"},"thumbnailUrl":"https:\/\/italcamara-es.com\/wp-content\/uploads\/2025\/03\/TIEPOLO-2016-2-scaled.jpg","keywords":["Notizie di la CCIS","Notizie di Mercato"],"articleSection":["Notizie"],"inLanguage":"it-IT","potentialAction":[{"@type":"CommentAction","name":"Comment","target":["https:\/\/italcamara-es.com\/it\/notizie\/consegnato-il-premio-tiepolo-2016-a-francesco-monti-esprinet-e-francisco-reynes-abertis-e-cellnex-telecom\/#respond"]}]},{"@type":"WebPage","@id":"https:\/\/italcamara-es.com\/it\/notizie\/consegnato-il-premio-tiepolo-2016-a-francesco-monti-esprinet-e-francisco-reynes-abertis-e-cellnex-telecom\/","url":"https:\/\/italcamara-es.com\/it\/notizie\/consegnato-il-premio-tiepolo-2016-a-francesco-monti-esprinet-e-francisco-reynes-abertis-e-cellnex-telecom\/","name":"Consegnato il Premio Tiepolo 2016 a Francesco Monti (Esprinet) e Francisco Reyn\u00e9s (Abertis e Cellnex Telecom) - Italcamara","isPartOf":{"@id":"https:\/\/italcamara-es.com\/#website"},"primaryImageOfPage":{"@id":"https:\/\/italcamara-es.com\/it\/notizie\/consegnato-il-premio-tiepolo-2016-a-francesco-monti-esprinet-e-francisco-reynes-abertis-e-cellnex-telecom\/#primaryimage"},"image":{"@id":"https:\/\/italcamara-es.com\/it\/notizie\/consegnato-il-premio-tiepolo-2016-a-francesco-monti-esprinet-e-francisco-reynes-abertis-e-cellnex-telecom\/#primaryimage"},"thumbnailUrl":"https:\/\/italcamara-es.com\/wp-content\/uploads\/2025\/03\/TIEPOLO-2016-2-scaled.jpg","datePublished":"2016-11-30T19:49:50+00:00","dateModified":"2025-03-30T12:00:18+00:00","author":{"@id":"https:\/\/italcamara-es.com\/#\/schema\/person\/bb3c56263e405bbd9a15171dcfee93bb"},"breadcrumb":{"@id":"https:\/\/italcamara-es.com\/it\/notizie\/consegnato-il-premio-tiepolo-2016-a-francesco-monti-esprinet-e-francisco-reynes-abertis-e-cellnex-telecom\/#breadcrumb"},"inLanguage":"it-IT","potentialAction":[{"@type":"ReadAction","target":["https:\/\/italcamara-es.com\/it\/notizie\/consegnato-il-premio-tiepolo-2016-a-francesco-monti-esprinet-e-francisco-reynes-abertis-e-cellnex-telecom\/"]}]},{"@type":"ImageObject","inLanguage":"it-IT","@id":"https:\/\/italcamara-es.com\/it\/notizie\/consegnato-il-premio-tiepolo-2016-a-francesco-monti-esprinet-e-francisco-reynes-abertis-e-cellnex-telecom\/#primaryimage","url":"https:\/\/italcamara-es.com\/wp-content\/uploads\/2025\/03\/TIEPOLO-2016-2-scaled.jpg","contentUrl":"https:\/\/italcamara-es.com\/wp-content\/uploads\/2025\/03\/TIEPOLO-2016-2-scaled.jpg","width":2560,"height":1707},{"@type":"BreadcrumbList","@id":"https:\/\/italcamara-es.com\/it\/notizie\/consegnato-il-premio-tiepolo-2016-a-francesco-monti-esprinet-e-francisco-reynes-abertis-e-cellnex-telecom\/#breadcrumb","itemListElement":[{"@type":"ListItem","position":1,"name":"Inicio","item":"https:\/\/italcamara-es.com\/it\/homepage-ita\/"},{"@type":"ListItem","position":2,"name":"Consegnato il Premio Tiepolo 2016 a Francesco Monti (Esprinet) e Francisco Reyn\u00e9s (Abertis e Cellnex Telecom)"}]},{"@type":"WebSite","@id":"https:\/\/italcamara-es.com\/#website","url":"https:\/\/italcamara-es.com\/","name":"Italcamara","description":"","potentialAction":[{"@type":"SearchAction","target":{"@type":"EntryPoint","urlTemplate":"https:\/\/italcamara-es.com\/?s={search_term_string}"},"query-input":{"@type":"PropertyValueSpecification","valueRequired":true,"valueName":"search_term_string"}}],"inLanguage":"it-IT"},{"@type":"Person","@id":"https:\/\/italcamara-es.com\/#\/schema\/person\/bb3c56263e405bbd9a15171dcfee93bb","name":"administrador","image":{"@type":"ImageObject","inLanguage":"it-IT","@id":"https:\/\/secure.gravatar.com\/avatar\/14b5e63db38320b12031bb28cf9f77e210aa71fb3a8a3602a3c9a05134fa75eb?s=96&d=mm&r=g","url":"https:\/\/secure.gravatar.com\/avatar\/14b5e63db38320b12031bb28cf9f77e210aa71fb3a8a3602a3c9a05134fa75eb?s=96&d=mm&r=g","contentUrl":"https:\/\/secure.gravatar.com\/avatar\/14b5e63db38320b12031bb28cf9f77e210aa71fb3a8a3602a3c9a05134fa75eb?s=96&d=mm&r=g","caption":"administrador"},"sameAs":["http:\/\/pre.italcamara-es.com"],"url":"https:\/\/italcamara-es.com\/it\/author\/administrador\/"}]}},"rttpg_featured_image_url":{"full":["https:\/\/italcamara-es.com\/wp-content\/uploads\/2025\/03\/TIEPOLO-2016-2-scaled.jpg",2560,1707,false],"landscape":["https:\/\/italcamara-es.com\/wp-content\/uploads\/2025\/03\/TIEPOLO-2016-2-scaled.jpg",2560,1707,false],"portraits":["https:\/\/italcamara-es.com\/wp-content\/uploads\/2025\/03\/TIEPOLO-2016-2-scaled.jpg",2560,1707,false],"thumbnail":["https:\/\/italcamara-es.com\/wp-content\/uploads\/2025\/03\/TIEPOLO-2016-2-150x150.jpg",150,150,true],"medium":["https:\/\/italcamara-es.com\/wp-content\/uploads\/2025\/03\/TIEPOLO-2016-2-300x200.jpg",300,200,true],"large":["https:\/\/italcamara-es.com\/wp-content\/uploads\/2025\/03\/TIEPOLO-2016-2-1024x683.jpg",1024,683,true],"1536x1536":["https:\/\/italcamara-es.com\/wp-content\/uploads\/2025\/03\/TIEPOLO-2016-2-1536x1024.jpg",1536,1024,true],"2048x2048":["https:\/\/italcamara-es.com\/wp-content\/uploads\/2025\/03\/TIEPOLO-2016-2-2048x1366.jpg",2048,1366,true],"ocean-thumb-m":["https:\/\/italcamara-es.com\/wp-content\/uploads\/2025\/03\/TIEPOLO-2016-2-600x600.jpg",600,600,true],"ocean-thumb-ml":["https:\/\/italcamara-es.com\/wp-content\/uploads\/2025\/03\/TIEPOLO-2016-2-800x450.jpg",800,450,true],"ocean-thumb-l":["https:\/\/italcamara-es.com\/wp-content\/uploads\/2025\/03\/TIEPOLO-2016-2-1200x700.jpg",1200,700,true],"directorist_preview":["https:\/\/italcamara-es.com\/wp-content\/uploads\/2025\/03\/TIEPOLO-2016-2-640x360.jpg",640,360,true]},"rttpg_author":{"display_name":"administrador","author_link":"https:\/\/italcamara-es.com\/it\/author\/administrador\/"},"rttpg_comment":0,"rttpg_category":"<a href=\"https:\/\/italcamara-es.com\/it\/category\/notizie\/\" rel=\"category tag\">Notizie<\/a>","rttpg_excerpt":"Il presidente di Esprinet, Francesco Monti, ed il vicepresidente e amministratore delegato del Grupo Abertis e presidente di Cellnex Telecom, Francisco Reyn\u00e9s, sono stati insigniti del Premio Tiepolo 2016. La Camera di Commercio e Industria Italiana per la Spagna\u00a0 e Confederaci\u00f3n Espa\u00f1ola de Organizaciones Empresariales (CEOE) hanno organizzato la cerimonia di consegna di questo Premio,&hellip;","_links":{"self":[{"href":"https:\/\/italcamara-es.com\/it\/wp-json\/wp\/v2\/posts\/55873","targetHints":{"allow":["GET"]}}],"collection":[{"href":"https:\/\/italcamara-es.com\/it\/wp-json\/wp\/v2\/posts"}],"about":[{"href":"https:\/\/italcamara-es.com\/it\/wp-json\/wp\/v2\/types\/post"}],"author":[{"embeddable":true,"href":"https:\/\/italcamara-es.com\/it\/wp-json\/wp\/v2\/users\/1"}],"replies":[{"embeddable":true,"href":"https:\/\/italcamara-es.com\/it\/wp-json\/wp\/v2\/comments?post=55873"}],"version-history":[{"count":1,"href":"https:\/\/italcamara-es.com\/it\/wp-json\/wp\/v2\/posts\/55873\/revisions"}],"predecessor-version":[{"id":57132,"href":"https:\/\/italcamara-es.com\/it\/wp-json\/wp\/v2\/posts\/55873\/revisions\/57132"}],"wp:featuredmedia":[{"embeddable":true,"href":"https:\/\/italcamara-es.com\/it\/wp-json\/wp\/v2\/media\/53570"}],"wp:attachment":[{"href":"https:\/\/italcamara-es.com\/it\/wp-json\/wp\/v2\/media?parent=55873"}],"wp:term":[{"taxonomy":"category","embeddable":true,"href":"https:\/\/italcamara-es.com\/it\/wp-json\/wp\/v2\/categories?post=55873"},{"taxonomy":"post_tag","embeddable":true,"href":"https:\/\/italcamara-es.com\/it\/wp-json\/wp\/v2\/tags?post=55873"}],"curies":[{"name":"wp","href":"https:\/\/api.w.org\/{rel}","templated":true}]}}