	{"id":55878,"date":"2016-12-09T14:45:32","date_gmt":"2016-12-09T13:45:32","guid":{"rendered":"http:\/\/pre.italcamara-es.com\/senza-categoria\/aperto-il-bando-di-selezione-per-la-fase-di-testing-del-progetto-m-in-d\/"},"modified":"2016-12-09T14:45:32","modified_gmt":"2016-12-09T13:45:32","slug":"aperto-il-bando-di-selezione-per-la-fase-di-testing-del-progetto-m-in-d","status":"publish","type":"post","link":"https:\/\/italcamara-es.com\/it\/notizie\/aperto-il-bando-di-selezione-per-la-fase-di-testing-del-progetto-m-in-d\/","title":{"rendered":"Aperto il bando di selezione per la fase di testing del progetto M.IN.D"},"content":{"rendered":"<p><em>I \u00a0candidati dovranno essere in possesso di un titolo universitario in economia, finanze o marketing ed essere disoccupati di lunga durata o alla ricerca del primo impiego<\/em><\/p>\n<p>&nbsp;<\/p>\n<p>Il <a href=\"http:\/\/mind.prismsrl.it\/es\/\" target=\"_blank\" rel=\"noopener\">progetto M.IN.D<\/a> \u2013 Marketing, Internazionalizzazione e Sviluppo \u2013 ha come obiettivo la creazione di una rete europea stabile che analizzi, progetti, convalidi e diffonda il profilo professionale di <strong>\u00abGestore Internazionale di Marketing\u00bb <\/strong>tra<strong>\u00a0<\/strong>PMI del settore agroalimentare. Durante le prime fasi del progetto i soci europei, tra cui la CCIS, hanno definito e sviluppato una piattaforma informatica con materiali e strumenti di formazione che ora verr\u00e0 testata dalle persone selezionate attraverso il nuovo bando..<\/p>\n<p>&nbsp;<\/p>\n<p>Dal<strong> 9 dicembre<\/strong>, infatti, si apre il bando per la selezione di 30 partecipanti in Spagna che testeranno la piattaforma MAR.CO, il corso di formazione online sviluppato nell&#8217;ambito del progetto, con l&#8217;obiettivo di svilupare le capacit\u00e0 e competenze del prrofilo professionale di International Marketing Manager. La Fase de testing comincer\u00e0 nel mese di gennaio 2017 e vedr\u00e1 il coinvolgimento di un totale di 100 persone provenienti da cinque paesi differenti. come anticipato, in Spagna verranno selezionati 10 partecipanti della provincia di Madrid, 10 della provincia di Castell\u00f3n e 10 della provincia di Siviglia.<\/p>\n<p>&nbsp;<\/p>\n<p>I candidati selezioni per la Fase di testing si riuniranno con gli esperti in internazionalizzazione di imprese che si proporranno come tutori durante l&#8217;intero periodo in cui avranno accesso ai corsi e agli ambienti di studio della piattaforma MAR.CO (Marketing Competences). Dopo aver ottenuto il certificato di realizzazioen del corso, i partecipanti saranno accompagnati dagli esperti per realizzate un analisi del potenziale di internazionalizzazione di imprese locali del settore agroalimentare. In questa seconda fase i partecipanti saranno inviatati a visitare le imprese e analizzare il loro potenziale a liovello di risorse umane, competenze in materia di marketing, risorse finanziarie e risorse tecniche.<\/p>\n<p>&nbsp;<\/p>\n<p>Invitiamo gli interessati residenti in una delle province spagnole indicate di visualizzare i termini del bando attraverso il seguente link: <strong><a href=\"https:\/\/www.italcamara-es.com\/wp-content\/uploads\/2016\/12\/MIND-public_notice_testing_ES.pdf\" target=\"_blank\" rel=\"noopener\">Convocatoria proyecto M.IN.D<\/a><\/strong><\/p>\n<p>Il formulario di iscrizione \u00e8 disponibile attraverso il seguente link:\u00a0<strong><a href=\"https:\/\/www.italcamara-es.com\/wp-content\/uploads\/2016\/12\/MIND-Solicitud-participaci\u00f3n-Fase-de-prueba.pdf\" target=\"_blank\" rel=\"noopener\">Formulario M.IN.D<\/a><\/strong><\/p>\n<p>Gli interessati dovranno inviare il formuario di richiesta con gli allegati agli indirizzi e-mail <a href=\"mailto:eudesk@italcamara-es.com\">eudesk@italcamara-es.com<\/a>\u00a0e <a href=\"mailto:marco.zonta@italcamara-es.com\" target=\"_blank\" rel=\"noopener\">marco.zonta@italcamara-es.com<\/a>, indicando nell&#8217;oggetto\u00a0\u201cCandidatura MIND\u201d, entro e non oltre il 15\/01\/2017.<\/p>\n<p>&nbsp;<\/p>\n<p><em>Segui le ultime notizie nella pagina web del progetto (<a href=\"http:\/\/mind.prismsrl.it\/\">http:\/\/mind.prismsrl.it\/<\/a>)<\/em><\/p>\n","protected":false},"excerpt":{"rendered":"<p>I \u00a0candidati dovranno essere in possesso di un titolo universitario in economia, finanze o marketing ed essere disoccupati di lunga durata o alla ricerca del primo impiego &nbsp; Il progetto M.IN.D \u2013 Marketing, Internazionalizzazione e Sviluppo \u2013 ha come obiettivo la creazione di una rete europea stabile che analizzi, progetti, convalidi e diffonda il profilo [&hellip;]<\/p>\n","protected":false},"author":1,"featured_media":54323,"comment_status":"open","ping_status":"open","sticky":false,"template":"","format":"standard","meta":{"inline_featured_image":false,"ocean_post_layout":"","ocean_both_sidebars_style":"","ocean_both_sidebars_content_width":0,"ocean_both_sidebars_sidebars_width":0,"ocean_sidebar":"","ocean_second_sidebar":"","ocean_disable_margins":"enable","ocean_add_body_class":"","ocean_shortcode_before_top_bar":"","ocean_shortcode_after_top_bar":"","ocean_shortcode_before_header":"","ocean_shortcode_after_header":"","ocean_has_shortcode":"","ocean_shortcode_after_title":"","ocean_shortcode_before_footer_widgets":"","ocean_shortcode_after_footer_widgets":"","ocean_shortcode_before_footer_bottom":"","ocean_shortcode_after_footer_bottom":"","ocean_display_top_bar":"default","ocean_display_header":"default","ocean_header_style":"","ocean_center_header_left_menu":"","ocean_custom_header_template":"","ocean_custom_logo":0,"ocean_custom_retina_logo":0,"ocean_custom_logo_max_width":0,"ocean_custom_logo_tablet_max_width":0,"ocean_custom_logo_mobile_max_width":0,"ocean_custom_logo_max_height":0,"ocean_custom_logo_tablet_max_height":0,"ocean_custom_logo_mobile_max_height":0,"ocean_header_custom_menu":"","ocean_menu_typo_font_family":"","ocean_menu_typo_font_subset":"","ocean_menu_typo_font_size":0,"ocean_menu_typo_font_size_tablet":0,"ocean_menu_typo_font_size_mobile":0,"ocean_menu_typo_font_size_unit":"px","ocean_menu_typo_font_weight":"","ocean_menu_typo_font_weight_tablet":"","ocean_menu_typo_font_weight_mobile":"","ocean_menu_typo_transform":"","ocean_menu_typo_transform_tablet":"","ocean_menu_typo_transform_mobile":"","ocean_menu_typo_line_height":0,"ocean_menu_typo_line_height_tablet":0,"ocean_menu_typo_line_height_mobile":0,"ocean_menu_typo_line_height_unit":"","ocean_menu_typo_spacing":0,"ocean_menu_typo_spacing_tablet":0,"ocean_menu_typo_spacing_mobile":0,"ocean_menu_typo_spacing_unit":"","ocean_menu_link_color":"","ocean_menu_link_color_hover":"","ocean_menu_link_color_active":"","ocean_menu_link_background":"","ocean_menu_link_hover_background":"","ocean_menu_link_active_background":"","ocean_menu_social_links_bg":"","ocean_menu_social_hover_links_bg":"","ocean_menu_social_links_color":"","ocean_menu_social_hover_links_color":"","ocean_disable_title":"default","ocean_disable_heading":"default","ocean_post_title":"","ocean_post_subheading":"","ocean_post_title_style":"","ocean_post_title_background_color":"","ocean_post_title_background":0,"ocean_post_title_bg_image_position":"","ocean_post_title_bg_image_attachment":"","ocean_post_title_bg_image_repeat":"","ocean_post_title_bg_image_size":"","ocean_post_title_height":0,"ocean_post_title_bg_overlay":0.5,"ocean_post_title_bg_overlay_color":"","ocean_disable_breadcrumbs":"default","ocean_breadcrumbs_color":"","ocean_breadcrumbs_separator_color":"","ocean_breadcrumbs_links_color":"","ocean_breadcrumbs_links_hover_color":"","ocean_display_footer_widgets":"default","ocean_display_footer_bottom":"default","ocean_custom_footer_template":"","ocean_post_oembed":"","ocean_post_self_hosted_media":"","ocean_post_video_embed":"","ocean_link_format":"","ocean_link_format_target":"self","ocean_quote_format":"","ocean_quote_format_link":"post","ocean_gallery_link_images":"on","ocean_gallery_id":[],"footnotes":""},"categories":[133],"tags":[139],"class_list":["post-55878","post","type-post","status-publish","format-standard","has-post-thumbnail","hentry","category-notizie","tag-notizie-di-la-ccis","entry","has-media"],"yoast_head":"<!-- This site is optimized with the Yoast SEO plugin v27.4 - https:\/\/yoast.com\/product\/yoast-seo-wordpress\/ -->\n<title>Aperto il bando di selezione per la fase di testing del progetto M.IN.D - Italcamara<\/title>\n<meta name=\"robots\" content=\"index, follow, max-snippet:-1, max-image-preview:large, max-video-preview:-1\" \/>\n<link rel=\"canonical\" href=\"https:\/\/italcamara-es.com\/it\/notizie\/aperto-il-bando-di-selezione-per-la-fase-di-testing-del-progetto-m-in-d\/\" \/>\n<meta property=\"og:locale\" content=\"it_IT\" \/>\n<meta property=\"og:type\" content=\"article\" \/>\n<meta property=\"og:title\" content=\"Aperto il bando di selezione per la fase di testing del progetto M.IN.D - Italcamara\" \/>\n<meta property=\"og:description\" content=\"I \u00a0candidati dovranno essere in possesso di un titolo universitario in economia, finanze o marketing ed essere disoccupati di lunga durata o alla ricerca del primo impiego &nbsp; Il progetto M.IN.D \u2013 Marketing, Internazionalizzazione e Sviluppo \u2013 ha come obiettivo la creazione di una rete europea stabile che analizzi, progetti, convalidi e diffonda il profilo [&hellip;]\" \/>\n<meta property=\"og:url\" content=\"https:\/\/italcamara-es.com\/it\/notizie\/aperto-il-bando-di-selezione-per-la-fase-di-testing-del-progetto-m-in-d\/\" \/>\n<meta property=\"og:site_name\" content=\"Italcamara\" \/>\n<meta property=\"article:published_time\" content=\"2016-12-09T13:45:32+00:00\" \/>\n<meta property=\"og:image\" content=\"https:\/\/italcamara-es.com\/wp-content\/uploads\/2025\/03\/logo-mind-250.jpg\" \/>\n\t<meta property=\"og:image:width\" content=\"250\" \/>\n\t<meta property=\"og:image:height\" content=\"133\" \/>\n\t<meta property=\"og:image:type\" content=\"image\/jpeg\" \/>\n<meta name=\"author\" content=\"administrador\" \/>\n<meta name=\"twitter:card\" content=\"summary_large_image\" \/>\n<meta name=\"twitter:label1\" content=\"Scritto da\" \/>\n\t<meta name=\"twitter:data1\" content=\"administrador\" \/>\n\t<meta name=\"twitter:label2\" content=\"Tempo di lettura stimato\" \/>\n\t<meta name=\"twitter:data2\" content=\"2 minuti\" \/>\n<script type=\"application\/ld+json\" class=\"yoast-schema-graph\">{\"@context\":\"https:\\\/\\\/schema.org\",\"@graph\":[{\"@type\":\"Article\",\"@id\":\"https:\\\/\\\/italcamara-es.com\\\/it\\\/notizie\\\/aperto-il-bando-di-selezione-per-la-fase-di-testing-del-progetto-m-in-d\\\/#article\",\"isPartOf\":{\"@id\":\"https:\\\/\\\/italcamara-es.com\\\/it\\\/notizie\\\/aperto-il-bando-di-selezione-per-la-fase-di-testing-del-progetto-m-in-d\\\/\"},\"author\":{\"name\":\"administrador\",\"@id\":\"https:\\\/\\\/italcamara-es.com\\\/#\\\/schema\\\/person\\\/bb3c56263e405bbd9a15171dcfee93bb\"},\"headline\":\"Aperto il bando di selezione per la fase di testing del progetto M.IN.D\",\"datePublished\":\"2016-12-09T13:45:32+00:00\",\"mainEntityOfPage\":{\"@id\":\"https:\\\/\\\/italcamara-es.com\\\/it\\\/notizie\\\/aperto-il-bando-di-selezione-per-la-fase-di-testing-del-progetto-m-in-d\\\/\"},\"wordCount\":399,\"commentCount\":0,\"image\":{\"@id\":\"https:\\\/\\\/italcamara-es.com\\\/it\\\/notizie\\\/aperto-il-bando-di-selezione-per-la-fase-di-testing-del-progetto-m-in-d\\\/#primaryimage\"},\"thumbnailUrl\":\"https:\\\/\\\/italcamara-es.com\\\/wp-content\\\/uploads\\\/2025\\\/03\\\/logo-mind-250.jpg\",\"keywords\":[\"Notizie di la CCIS\"],\"articleSection\":[\"Notizie\"],\"inLanguage\":\"it-IT\",\"potentialAction\":[{\"@type\":\"CommentAction\",\"name\":\"Comment\",\"target\":[\"https:\\\/\\\/italcamara-es.com\\\/it\\\/notizie\\\/aperto-il-bando-di-selezione-per-la-fase-di-testing-del-progetto-m-in-d\\\/#respond\"]}]},{\"@type\":\"WebPage\",\"@id\":\"https:\\\/\\\/italcamara-es.com\\\/it\\\/notizie\\\/aperto-il-bando-di-selezione-per-la-fase-di-testing-del-progetto-m-in-d\\\/\",\"url\":\"https:\\\/\\\/italcamara-es.com\\\/it\\\/notizie\\\/aperto-il-bando-di-selezione-per-la-fase-di-testing-del-progetto-m-in-d\\\/\",\"name\":\"Aperto il bando di selezione per la fase di testing del progetto M.IN.D - Italcamara\",\"isPartOf\":{\"@id\":\"https:\\\/\\\/italcamara-es.com\\\/#website\"},\"primaryImageOfPage\":{\"@id\":\"https:\\\/\\\/italcamara-es.com\\\/it\\\/notizie\\\/aperto-il-bando-di-selezione-per-la-fase-di-testing-del-progetto-m-in-d\\\/#primaryimage\"},\"image\":{\"@id\":\"https:\\\/\\\/italcamara-es.com\\\/it\\\/notizie\\\/aperto-il-bando-di-selezione-per-la-fase-di-testing-del-progetto-m-in-d\\\/#primaryimage\"},\"thumbnailUrl\":\"https:\\\/\\\/italcamara-es.com\\\/wp-content\\\/uploads\\\/2025\\\/03\\\/logo-mind-250.jpg\",\"datePublished\":\"2016-12-09T13:45:32+00:00\",\"author\":{\"@id\":\"https:\\\/\\\/italcamara-es.com\\\/#\\\/schema\\\/person\\\/bb3c56263e405bbd9a15171dcfee93bb\"},\"breadcrumb\":{\"@id\":\"https:\\\/\\\/italcamara-es.com\\\/it\\\/notizie\\\/aperto-il-bando-di-selezione-per-la-fase-di-testing-del-progetto-m-in-d\\\/#breadcrumb\"},\"inLanguage\":\"it-IT\",\"potentialAction\":[{\"@type\":\"ReadAction\",\"target\":[\"https:\\\/\\\/italcamara-es.com\\\/it\\\/notizie\\\/aperto-il-bando-di-selezione-per-la-fase-di-testing-del-progetto-m-in-d\\\/\"]}]},{\"@type\":\"ImageObject\",\"inLanguage\":\"it-IT\",\"@id\":\"https:\\\/\\\/italcamara-es.com\\\/it\\\/notizie\\\/aperto-il-bando-di-selezione-per-la-fase-di-testing-del-progetto-m-in-d\\\/#primaryimage\",\"url\":\"https:\\\/\\\/italcamara-es.com\\\/wp-content\\\/uploads\\\/2025\\\/03\\\/logo-mind-250.jpg\",\"contentUrl\":\"https:\\\/\\\/italcamara-es.com\\\/wp-content\\\/uploads\\\/2025\\\/03\\\/logo-mind-250.jpg\",\"width\":250,\"height\":133},{\"@type\":\"BreadcrumbList\",\"@id\":\"https:\\\/\\\/italcamara-es.com\\\/it\\\/notizie\\\/aperto-il-bando-di-selezione-per-la-fase-di-testing-del-progetto-m-in-d\\\/#breadcrumb\",\"itemListElement\":[{\"@type\":\"ListItem\",\"position\":1,\"name\":\"Inicio\",\"item\":\"https:\\\/\\\/italcamara-es.com\\\/it\\\/homepage-ita\\\/\"},{\"@type\":\"ListItem\",\"position\":2,\"name\":\"Aperto il bando di selezione per la fase di testing del progetto M.IN.D\"}]},{\"@type\":\"WebSite\",\"@id\":\"https:\\\/\\\/italcamara-es.com\\\/#website\",\"url\":\"https:\\\/\\\/italcamara-es.com\\\/\",\"name\":\"Italcamara\",\"description\":\"\",\"potentialAction\":[{\"@type\":\"SearchAction\",\"target\":{\"@type\":\"EntryPoint\",\"urlTemplate\":\"https:\\\/\\\/italcamara-es.com\\\/?s={search_term_string}\"},\"query-input\":{\"@type\":\"PropertyValueSpecification\",\"valueRequired\":true,\"valueName\":\"search_term_string\"}}],\"inLanguage\":\"it-IT\"},{\"@type\":\"Person\",\"@id\":\"https:\\\/\\\/italcamara-es.com\\\/#\\\/schema\\\/person\\\/bb3c56263e405bbd9a15171dcfee93bb\",\"name\":\"administrador\",\"image\":{\"@type\":\"ImageObject\",\"inLanguage\":\"it-IT\",\"@id\":\"https:\\\/\\\/secure.gravatar.com\\\/avatar\\\/14b5e63db38320b12031bb28cf9f77e210aa71fb3a8a3602a3c9a05134fa75eb?s=96&d=mm&r=g\",\"url\":\"https:\\\/\\\/secure.gravatar.com\\\/avatar\\\/14b5e63db38320b12031bb28cf9f77e210aa71fb3a8a3602a3c9a05134fa75eb?s=96&d=mm&r=g\",\"contentUrl\":\"https:\\\/\\\/secure.gravatar.com\\\/avatar\\\/14b5e63db38320b12031bb28cf9f77e210aa71fb3a8a3602a3c9a05134fa75eb?s=96&d=mm&r=g\",\"caption\":\"administrador\"},\"sameAs\":[\"http:\\\/\\\/pre.italcamara-es.com\"],\"url\":\"https:\\\/\\\/italcamara-es.com\\\/it\\\/author\\\/administrador\\\/\"}]}<\/script>\n<!-- \/ Yoast SEO plugin. -->","yoast_head_json":{"title":"Aperto il bando di selezione per la fase di testing del progetto M.IN.D - Italcamara","robots":{"index":"index","follow":"follow","max-snippet":"max-snippet:-1","max-image-preview":"max-image-preview:large","max-video-preview":"max-video-preview:-1"},"canonical":"https:\/\/italcamara-es.com\/it\/notizie\/aperto-il-bando-di-selezione-per-la-fase-di-testing-del-progetto-m-in-d\/","og_locale":"it_IT","og_type":"article","og_title":"Aperto il bando di selezione per la fase di testing del progetto M.IN.D - Italcamara","og_description":"I \u00a0candidati dovranno essere in possesso di un titolo universitario in economia, finanze o marketing ed essere disoccupati di lunga durata o alla ricerca del primo impiego &nbsp; Il progetto M.IN.D \u2013 Marketing, Internazionalizzazione e Sviluppo \u2013 ha come obiettivo la creazione di una rete europea stabile che analizzi, progetti, convalidi e diffonda il profilo [&hellip;]","og_url":"https:\/\/italcamara-es.com\/it\/notizie\/aperto-il-bando-di-selezione-per-la-fase-di-testing-del-progetto-m-in-d\/","og_site_name":"Italcamara","article_published_time":"2016-12-09T13:45:32+00:00","og_image":[{"width":250,"height":133,"url":"https:\/\/italcamara-es.com\/wp-content\/uploads\/2025\/03\/logo-mind-250.jpg","type":"image\/jpeg"}],"author":"administrador","twitter_card":"summary_large_image","twitter_misc":{"Scritto da":"administrador","Tempo di lettura stimato":"2 minuti"},"schema":{"@context":"https:\/\/schema.org","@graph":[{"@type":"Article","@id":"https:\/\/italcamara-es.com\/it\/notizie\/aperto-il-bando-di-selezione-per-la-fase-di-testing-del-progetto-m-in-d\/#article","isPartOf":{"@id":"https:\/\/italcamara-es.com\/it\/notizie\/aperto-il-bando-di-selezione-per-la-fase-di-testing-del-progetto-m-in-d\/"},"author":{"name":"administrador","@id":"https:\/\/italcamara-es.com\/#\/schema\/person\/bb3c56263e405bbd9a15171dcfee93bb"},"headline":"Aperto il bando di selezione per la fase di testing del progetto M.IN.D","datePublished":"2016-12-09T13:45:32+00:00","mainEntityOfPage":{"@id":"https:\/\/italcamara-es.com\/it\/notizie\/aperto-il-bando-di-selezione-per-la-fase-di-testing-del-progetto-m-in-d\/"},"wordCount":399,"commentCount":0,"image":{"@id":"https:\/\/italcamara-es.com\/it\/notizie\/aperto-il-bando-di-selezione-per-la-fase-di-testing-del-progetto-m-in-d\/#primaryimage"},"thumbnailUrl":"https:\/\/italcamara-es.com\/wp-content\/uploads\/2025\/03\/logo-mind-250.jpg","keywords":["Notizie di la CCIS"],"articleSection":["Notizie"],"inLanguage":"it-IT","potentialAction":[{"@type":"CommentAction","name":"Comment","target":["https:\/\/italcamara-es.com\/it\/notizie\/aperto-il-bando-di-selezione-per-la-fase-di-testing-del-progetto-m-in-d\/#respond"]}]},{"@type":"WebPage","@id":"https:\/\/italcamara-es.com\/it\/notizie\/aperto-il-bando-di-selezione-per-la-fase-di-testing-del-progetto-m-in-d\/","url":"https:\/\/italcamara-es.com\/it\/notizie\/aperto-il-bando-di-selezione-per-la-fase-di-testing-del-progetto-m-in-d\/","name":"Aperto il bando di selezione per la fase di testing del progetto M.IN.D - Italcamara","isPartOf":{"@id":"https:\/\/italcamara-es.com\/#website"},"primaryImageOfPage":{"@id":"https:\/\/italcamara-es.com\/it\/notizie\/aperto-il-bando-di-selezione-per-la-fase-di-testing-del-progetto-m-in-d\/#primaryimage"},"image":{"@id":"https:\/\/italcamara-es.com\/it\/notizie\/aperto-il-bando-di-selezione-per-la-fase-di-testing-del-progetto-m-in-d\/#primaryimage"},"thumbnailUrl":"https:\/\/italcamara-es.com\/wp-content\/uploads\/2025\/03\/logo-mind-250.jpg","datePublished":"2016-12-09T13:45:32+00:00","author":{"@id":"https:\/\/italcamara-es.com\/#\/schema\/person\/bb3c56263e405bbd9a15171dcfee93bb"},"breadcrumb":{"@id":"https:\/\/italcamara-es.com\/it\/notizie\/aperto-il-bando-di-selezione-per-la-fase-di-testing-del-progetto-m-in-d\/#breadcrumb"},"inLanguage":"it-IT","potentialAction":[{"@type":"ReadAction","target":["https:\/\/italcamara-es.com\/it\/notizie\/aperto-il-bando-di-selezione-per-la-fase-di-testing-del-progetto-m-in-d\/"]}]},{"@type":"ImageObject","inLanguage":"it-IT","@id":"https:\/\/italcamara-es.com\/it\/notizie\/aperto-il-bando-di-selezione-per-la-fase-di-testing-del-progetto-m-in-d\/#primaryimage","url":"https:\/\/italcamara-es.com\/wp-content\/uploads\/2025\/03\/logo-mind-250.jpg","contentUrl":"https:\/\/italcamara-es.com\/wp-content\/uploads\/2025\/03\/logo-mind-250.jpg","width":250,"height":133},{"@type":"BreadcrumbList","@id":"https:\/\/italcamara-es.com\/it\/notizie\/aperto-il-bando-di-selezione-per-la-fase-di-testing-del-progetto-m-in-d\/#breadcrumb","itemListElement":[{"@type":"ListItem","position":1,"name":"Inicio","item":"https:\/\/italcamara-es.com\/it\/homepage-ita\/"},{"@type":"ListItem","position":2,"name":"Aperto il bando di selezione per la fase di testing del progetto M.IN.D"}]},{"@type":"WebSite","@id":"https:\/\/italcamara-es.com\/#website","url":"https:\/\/italcamara-es.com\/","name":"Italcamara","description":"","potentialAction":[{"@type":"SearchAction","target":{"@type":"EntryPoint","urlTemplate":"https:\/\/italcamara-es.com\/?s={search_term_string}"},"query-input":{"@type":"PropertyValueSpecification","valueRequired":true,"valueName":"search_term_string"}}],"inLanguage":"it-IT"},{"@type":"Person","@id":"https:\/\/italcamara-es.com\/#\/schema\/person\/bb3c56263e405bbd9a15171dcfee93bb","name":"administrador","image":{"@type":"ImageObject","inLanguage":"it-IT","@id":"https:\/\/secure.gravatar.com\/avatar\/14b5e63db38320b12031bb28cf9f77e210aa71fb3a8a3602a3c9a05134fa75eb?s=96&d=mm&r=g","url":"https:\/\/secure.gravatar.com\/avatar\/14b5e63db38320b12031bb28cf9f77e210aa71fb3a8a3602a3c9a05134fa75eb?s=96&d=mm&r=g","contentUrl":"https:\/\/secure.gravatar.com\/avatar\/14b5e63db38320b12031bb28cf9f77e210aa71fb3a8a3602a3c9a05134fa75eb?s=96&d=mm&r=g","caption":"administrador"},"sameAs":["http:\/\/pre.italcamara-es.com"],"url":"https:\/\/italcamara-es.com\/it\/author\/administrador\/"}]}},"rttpg_featured_image_url":{"full":["https:\/\/italcamara-es.com\/wp-content\/uploads\/2025\/03\/logo-mind-250.jpg",250,133,false],"landscape":["https:\/\/italcamara-es.com\/wp-content\/uploads\/2025\/03\/logo-mind-250.jpg",250,133,false],"portraits":["https:\/\/italcamara-es.com\/wp-content\/uploads\/2025\/03\/logo-mind-250.jpg",250,133,false],"thumbnail":["https:\/\/italcamara-es.com\/wp-content\/uploads\/2025\/03\/logo-mind-250-150x133.jpg",150,133,true],"medium":["https:\/\/italcamara-es.com\/wp-content\/uploads\/2025\/03\/logo-mind-250.jpg",250,133,false],"large":["https:\/\/italcamara-es.com\/wp-content\/uploads\/2025\/03\/logo-mind-250.jpg",250,133,false],"1536x1536":["https:\/\/italcamara-es.com\/wp-content\/uploads\/2025\/03\/logo-mind-250.jpg",250,133,false],"2048x2048":["https:\/\/italcamara-es.com\/wp-content\/uploads\/2025\/03\/logo-mind-250.jpg",250,133,false],"ocean-thumb-m":["https:\/\/italcamara-es.com\/wp-content\/uploads\/2025\/03\/logo-mind-250.jpg",250,133,false],"ocean-thumb-ml":["https:\/\/italcamara-es.com\/wp-content\/uploads\/2025\/03\/logo-mind-250.jpg",250,133,false],"ocean-thumb-l":["https:\/\/italcamara-es.com\/wp-content\/uploads\/2025\/03\/logo-mind-250.jpg",250,133,false],"directorist_preview":["https:\/\/italcamara-es.com\/wp-content\/uploads\/2025\/03\/logo-mind-250.jpg",250,133,false]},"rttpg_author":{"display_name":"administrador","author_link":"https:\/\/italcamara-es.com\/it\/author\/administrador\/"},"rttpg_comment":0,"rttpg_category":"<a href=\"https:\/\/italcamara-es.com\/it\/category\/notizie\/\" rel=\"category tag\">Notizie<\/a>","rttpg_excerpt":"I \u00a0candidati dovranno essere in possesso di un titolo universitario in economia, finanze o marketing ed essere disoccupati di lunga durata o alla ricerca del primo impiego &nbsp; Il progetto M.IN.D \u2013 Marketing, Internazionalizzazione e Sviluppo \u2013 ha come obiettivo la creazione di una rete europea stabile che analizzi, progetti, convalidi e diffonda il profilo&hellip;","_links":{"self":[{"href":"https:\/\/italcamara-es.com\/it\/wp-json\/wp\/v2\/posts\/55878","targetHints":{"allow":["GET"]}}],"collection":[{"href":"https:\/\/italcamara-es.com\/it\/wp-json\/wp\/v2\/posts"}],"about":[{"href":"https:\/\/italcamara-es.com\/it\/wp-json\/wp\/v2\/types\/post"}],"author":[{"embeddable":true,"href":"https:\/\/italcamara-es.com\/it\/wp-json\/wp\/v2\/users\/1"}],"replies":[{"embeddable":true,"href":"https:\/\/italcamara-es.com\/it\/wp-json\/wp\/v2\/comments?post=55878"}],"version-history":[{"count":0,"href":"https:\/\/italcamara-es.com\/it\/wp-json\/wp\/v2\/posts\/55878\/revisions"}],"wp:featuredmedia":[{"embeddable":true,"href":"https:\/\/italcamara-es.com\/it\/wp-json\/wp\/v2\/media\/54323"}],"wp:attachment":[{"href":"https:\/\/italcamara-es.com\/it\/wp-json\/wp\/v2\/media?parent=55878"}],"wp:term":[{"taxonomy":"category","embeddable":true,"href":"https:\/\/italcamara-es.com\/it\/wp-json\/wp\/v2\/categories?post=55878"},{"taxonomy":"post_tag","embeddable":true,"href":"https:\/\/italcamara-es.com\/it\/wp-json\/wp\/v2\/tags?post=55878"}],"curies":[{"name":"wp","href":"https:\/\/api.w.org\/{rel}","templated":true}]}}