	{"id":55883,"date":"2014-12-19T16:14:49","date_gmt":"2014-12-19T15:14:49","guid":{"rendered":"http:\/\/pre.italcamara-es.com\/senza-categoria\/un-anno-allinsegna-del-centenario\/"},"modified":"2014-12-19T16:14:49","modified_gmt":"2014-12-19T15:14:49","slug":"un-anno-allinsegna-del-centenario","status":"publish","type":"post","link":"https:\/\/italcamara-es.com\/it\/notizie\/un-anno-allinsegna-del-centenario\/","title":{"rendered":"Un anno all&#8217;insegna del Centenario"},"content":{"rendered":"<div><em>Un riepilogo delle iniziative organizzate dalla CCIS per celebrare i 100 anni di attivit\u00e0<\/em><\/div>\n<p>&nbsp;<\/p>\n<div>La Cerimonia di Consegna del Tiepolo 2014 \u00e8 stato l\u2019evento culminante di un anno di iniziative organizzate dalla CCIS per celebrare i suoi primi 100 anni di attivit\u00e0.<\/div>\n<p>&nbsp;<\/p>\n<div>In questo spazio, vogliamo ricordare i momenti salienti di un anno storico per la nostra Camera, durante il quale, grazie all\u2019appoggio delle imprese, professionisti e istituzioni che formano parte del nostro network, abbiamo contruibuito a promuovere e consolidare la presenza italiana nel mercato spagnolo e le opportunit\u00e0 per gli operatori economici e istituzionali di entrambi i paesi<\/div>\n<p>&nbsp;<\/p>\n<div><strong><span style=\"text-decoration: underline;\">Libro &#8220;CENTO&#8221;<\/span><\/strong><\/div>\n<div>Il romanzo scritto da <strong>Giorgio Silvestri <\/strong>racconta le vicende di persone, prima ancora che imprenditori, che in qualche modo hanno contribuito al prestigio della nostra istituzione.<\/div>\n<div>Con Cento abbiamo voluto rendere omaggio a quegli uomini e quelle donne le cui vicende il tempo avrebbe forse relegato ai margini della Storia, ma che sono risultate determinanti nel consolidare negli anni le relazioni tra Spagna e Italia.<\/div>\n<p>&nbsp;<\/p>\n<div>Il libro \u00e8 stato presentato a Madrid, il 9 maggio 2014, in occasione dell\u2019evento di promozione di Expo Milano 2015 alla presenza della business community italo-spagnola.<\/div>\n<div>\u00c8 tuttora disponibile nelle principali librerie in Spagna e attraverso il portale Amazon<\/div>\n<p>&nbsp;<\/p>\n<div><strong><span style=\"text-decoration: underline;\">Riunione delle Camere di Commercio Italiane dell\u2019Area Europa<\/span><\/strong><\/div>\n<div>Proprio per la ricorrenza del nostro Centenario, la riunione annuale dei Presidenti e dei Segretari Generali delle 28 Camere di Commercio Italiane dell\u2019Area Europa \u00e8 stata organizzata in via straordinaria a Madrid, dall\u20198 al 10 maggio 2014.<\/div>\n<div>Dallo slogan \u201c<strong>Europa, un mercato con futuro<\/strong>\u201c, la riunione ha avuto come focus l\u2019importanza dell\u2019Europa come destinazione delle esportazioni italiane (i mercati del vecchio continente assorbono pi\u00f9 del 65% dell\u2019export delle imprese italiane).<\/div>\n<p>&nbsp;<\/p>\n<div><strong><span style=\"text-decoration: underline;\">Presentazione della partecipazione spagnola a Expo Milano 2015<\/span><\/strong><\/div>\n<div>Il 9 maggio, all\u2019interno del Padiglione dei Giardini di Cecilio Rodr\u00edguez, nel Parco del Buen Retiro di Madrid, abbiamo organizzato, in collaborazione con <strong><em>Acci\u00f3n Cultural Espa\u00f1ola<\/em><\/strong> (l\u2019ente pubblico che gestisce la partecipazione spagnola alla Expo 2015), l\u2019evento di presentazione della partecipazione spagnola a <strong>Expo Milano 2015<\/strong>, alla presenza di autorit\u00e0 locali e rappresentanti delle istituzioni locali e della business community italo-spagnola.<\/div>\n<p>&nbsp;<\/p>\n<div>In particolare, oltre al presidente della CCIS, <strong>Marco Pizzi<\/strong>, e il presidente di Assocamerestero, Leonardo Simonelli, hanno preso parte all\u2019evento l\u2019Ambasciatore d\u2019Italia in Spagna, Pietro Sebastiani, l\u2019Assessore al Commercio, Attivit\u00e0 Produttive, Turismo, Marketing Territoriale, Servizi Civici del Comune di Milano,<strong> Franco D\u2019Alfonso<\/strong>, la direttrice generale di Acci\u00f3n Cultural Espa\u00f1ola, <strong>Elvira Marco<\/strong>, l\u2019architetto fondatore dello studio che ha vinto il concorso per il disegno integrale del Padiglione Spagna in Expo Milano 2015, <strong>Ferm\u00edn V\u00e1zquez<\/strong>, ed il Sindaco di Madrid, <strong>Ana Botella<\/strong>.<\/div>\n<p>&nbsp;<\/p>\n<div><strong><span style=\"text-decoration: underline;\">Concerto di Raphael Gualazzi nel Cine Callao di Madrid<\/span><\/strong><\/div>\n<div>A chiusura degli eventi del 9 maggio 2014, abbiamo organizzato nell\u2019elegante \u201cCine Callao\u201d di Madrid un concerto del cantautore e pianista italiano <strong>Raphael Gualazzi<\/strong>, che ha presentato agli 800 entusiasti invitati il proprio repertorio musicale frutto della fusione della tecnica ragtime dei primi anni del Novecento con la liricit\u00e0 del blues, del soul e del jazz nella sua forma pi\u00f9 tradizionale. Il concerto ha visto anche la partecipazione delle Camere Europee in Spagna, riunite in occasione del \u201cDia de Europa\u201d.<\/div>\n<p>&nbsp;<\/p>\n<div><strong><span style=\"text-decoration: underline;\">Passione Italia \u2013 Edizione Centenario CCIS<\/span><\/strong><\/div>\n<div>Come da tradizione, la prima settimana di giugno a Madrid \u00e8 stata all\u2019insegna dell\u2019Italia e le sue eccellenze. La sesta edizione della gran kermesse \u201cPassione Italia\u201d, che si e svolta dal 31 maggio al 6 giugno 2014, si \u00e8 celebrata all\u2019insegna del nostro Centenario,<\/div>\n<p>&nbsp;<\/p>\n<div>Come di consueto durante la settimana dell\u2019evento abbiamo organizzato diverse iniziative:<\/div>\n<p>&nbsp;<\/p>\n<div><span style=\"text-decoration: underline;\"><em><strong>Open days<\/strong><\/em><\/span><\/div>\n<div>Durante i tradizionali Open days nel patio della Scuola Italiana di Madrid (31 maggio e 1\u00ba giugno), in collaborazione con l\u2019Ambasciata d\u2019Italia e la Scuola Italiana di Madrid, sono state organizzate diverse attivit\u00e0 tra degustazioni, concerti, animazione, musica, aperitivi italiani, lotterie, show cooking, in una grande festa che ha visto la presenza di pi\u00f9 di 4.000 persone.<\/div>\n<p>&nbsp;<\/p>\n<div>La presenza di Stands gastronomici ha permesso al pubblico di degustare alcuni dei prodotti pi\u00f9 emlematici della tradizione enogastronmica italiana, tra cui formaggi, pasta fresca e secca, insaccati, conserve, dolci, liquori, vini e olii. Particolarmente importante la presenza di prodotti enogastronomici delle province di Crotone e Cosenza, grazie alla partecipazione delle rispettive Camere di Commercio che hanno coinvolto alcune delle principali imprese del territorio.<\/div>\n<p>&nbsp;<\/p>\n<div>I concerti del gruppo Million Dollar Mercedes Band e dell\u2019artista italiano Raffaello, accompagnato durante la serata del 1\u00ba giugno dalla special guest<strong> Bimba Bos\u00e9<\/strong>, sono stati molto apprezzati dalle numerose persone presenti durante le due giornate.<\/div>\n<p>&nbsp;<\/p>\n<div><span style=\"text-decoration: underline;\"><strong><em>\u201cItalia in Piazza\u201d\u00a0<\/em><\/strong><\/span><\/div>\n<div>L\u2019appuntamento con le eccellenze del \u201cmade in Italy\u201d si \u00e8 in seguito trasferito nella famosa e centrica plaza de Callao, una delle zone commerciali e culturali pi\u00f9 importanti di Madrid. Con lo slogan \u201cItalia in Piazza\u201d, \u00a0dal 3 al 5 giugno sono stati allestiti stand per la promozione del turismo e della gastronom\u00eda italiana, insieme al tunnel Italian design &amp; Industry, che ha ospitato un\u2019esposizione di alcune delle marche pi\u00f9 emblematiche dell\u2019industria e del design italiani, realizzata in collaborazioen con ICE \u2013 Agenzia Italiana per il Commercio Estero.<\/div>\n<p>&nbsp;<\/p>\n<div><span style=\"text-decoration: underline;\"><strong><em>\u201cI Mercati in festa\u201d\u00a0<\/em><\/strong><\/span><\/div>\n<div>L\u2019atto conclusivo di Passione Italia osi \u00e8 svolto il giorno 6 giugno, all\u2019interno del Mercado de la Paz di Madrid, nell\u2019ambito dell\u2019evento \u201cI Mercati in festa\u201d, durante il quale la CCIS ha organizzato attivit\u00e0 di promozione delle eccellenze gatsronomiche italiane.<\/div>\n<p>&nbsp;<\/p>\n<div>Durante il concerto di musica italiana \u201cBella Italia\u201d lo chef calabrese <strong>Manfredi Bosco<\/strong> ha realizzato uno show cooking per la preparazione di piatti e ricette italiane<\/div>\n","protected":false},"excerpt":{"rendered":"<p>Un riepilogo delle iniziative organizzate dalla CCIS per celebrare i 100 anni di attivit\u00e0 &nbsp; La Cerimonia di Consegna del Tiepolo 2014 \u00e8 stato l\u2019evento culminante di un anno di iniziative organizzate dalla CCIS per celebrare i suoi primi 100 anni di attivit\u00e0. &nbsp; In questo spazio, vogliamo ricordare i momenti salienti di un anno [&hellip;]<\/p>\n","protected":false},"author":1,"featured_media":54331,"comment_status":"open","ping_status":"open","sticky":false,"template":"","format":"standard","meta":{"inline_featured_image":false,"ocean_post_layout":"","ocean_both_sidebars_style":"","ocean_both_sidebars_content_width":0,"ocean_both_sidebars_sidebars_width":0,"ocean_sidebar":"","ocean_second_sidebar":"","ocean_disable_margins":"enable","ocean_add_body_class":"","ocean_shortcode_before_top_bar":"","ocean_shortcode_after_top_bar":"","ocean_shortcode_before_header":"","ocean_shortcode_after_header":"","ocean_has_shortcode":"","ocean_shortcode_after_title":"","ocean_shortcode_before_footer_widgets":"","ocean_shortcode_after_footer_widgets":"","ocean_shortcode_before_footer_bottom":"","ocean_shortcode_after_footer_bottom":"","ocean_display_top_bar":"default","ocean_display_header":"default","ocean_header_style":"","ocean_center_header_left_menu":"","ocean_custom_header_template":"","ocean_custom_logo":0,"ocean_custom_retina_logo":0,"ocean_custom_logo_max_width":0,"ocean_custom_logo_tablet_max_width":0,"ocean_custom_logo_mobile_max_width":0,"ocean_custom_logo_max_height":0,"ocean_custom_logo_tablet_max_height":0,"ocean_custom_logo_mobile_max_height":0,"ocean_header_custom_menu":"","ocean_menu_typo_font_family":"","ocean_menu_typo_font_subset":"","ocean_menu_typo_font_size":0,"ocean_menu_typo_font_size_tablet":0,"ocean_menu_typo_font_size_mobile":0,"ocean_menu_typo_font_size_unit":"px","ocean_menu_typo_font_weight":"","ocean_menu_typo_font_weight_tablet":"","ocean_menu_typo_font_weight_mobile":"","ocean_menu_typo_transform":"","ocean_menu_typo_transform_tablet":"","ocean_menu_typo_transform_mobile":"","ocean_menu_typo_line_height":0,"ocean_menu_typo_line_height_tablet":0,"ocean_menu_typo_line_height_mobile":0,"ocean_menu_typo_line_height_unit":"","ocean_menu_typo_spacing":0,"ocean_menu_typo_spacing_tablet":0,"ocean_menu_typo_spacing_mobile":0,"ocean_menu_typo_spacing_unit":"","ocean_menu_link_color":"","ocean_menu_link_color_hover":"","ocean_menu_link_color_active":"","ocean_menu_link_background":"","ocean_menu_link_hover_background":"","ocean_menu_link_active_background":"","ocean_menu_social_links_bg":"","ocean_menu_social_hover_links_bg":"","ocean_menu_social_links_color":"","ocean_menu_social_hover_links_color":"","ocean_disable_title":"default","ocean_disable_heading":"default","ocean_post_title":"","ocean_post_subheading":"","ocean_post_title_style":"","ocean_post_title_background_color":"","ocean_post_title_background":0,"ocean_post_title_bg_image_position":"","ocean_post_title_bg_image_attachment":"","ocean_post_title_bg_image_repeat":"","ocean_post_title_bg_image_size":"","ocean_post_title_height":0,"ocean_post_title_bg_overlay":0.5,"ocean_post_title_bg_overlay_color":"","ocean_disable_breadcrumbs":"default","ocean_breadcrumbs_color":"","ocean_breadcrumbs_separator_color":"","ocean_breadcrumbs_links_color":"","ocean_breadcrumbs_links_hover_color":"","ocean_display_footer_widgets":"default","ocean_display_footer_bottom":"default","ocean_custom_footer_template":"","ocean_post_oembed":"","ocean_post_self_hosted_media":"","ocean_post_video_embed":"","ocean_link_format":"","ocean_link_format_target":"self","ocean_quote_format":"","ocean_quote_format_link":"post","ocean_gallery_link_images":"on","ocean_gallery_id":[],"footnotes":""},"categories":[133],"tags":[139],"class_list":["post-55883","post","type-post","status-publish","format-standard","has-post-thumbnail","hentry","category-notizie","tag-notizie-di-la-ccis","entry","has-media"],"yoast_head":"<!-- This site is optimized with the Yoast SEO plugin v27.4 - https:\/\/yoast.com\/product\/yoast-seo-wordpress\/ -->\n<title>Un anno all&#039;insegna del Centenario - Italcamara<\/title>\n<meta name=\"robots\" content=\"index, follow, max-snippet:-1, max-image-preview:large, max-video-preview:-1\" \/>\n<link rel=\"canonical\" href=\"https:\/\/italcamara-es.com\/it\/notizie\/un-anno-allinsegna-del-centenario\/\" \/>\n<meta property=\"og:locale\" content=\"it_IT\" \/>\n<meta property=\"og:type\" content=\"article\" \/>\n<meta property=\"og:title\" content=\"Un anno all&#039;insegna del Centenario - Italcamara\" \/>\n<meta property=\"og:description\" content=\"Un riepilogo delle iniziative organizzate dalla CCIS per celebrare i 100 anni di attivit\u00e0 &nbsp; La Cerimonia di Consegna del Tiepolo 2014 \u00e8 stato l\u2019evento culminante di un anno di iniziative organizzate dalla CCIS per celebrare i suoi primi 100 anni di attivit\u00e0. &nbsp; In questo spazio, vogliamo ricordare i momenti salienti di un anno [&hellip;]\" \/>\n<meta property=\"og:url\" content=\"https:\/\/italcamara-es.com\/it\/notizie\/un-anno-allinsegna-del-centenario\/\" \/>\n<meta property=\"og:site_name\" content=\"Italcamara\" \/>\n<meta property=\"article:published_time\" content=\"2014-12-19T15:14:49+00:00\" \/>\n<meta property=\"og:image\" content=\"https:\/\/italcamara-es.com\/wp-content\/uploads\/2025\/03\/bannercentenariodefITA250.jpg\" \/>\n\t<meta property=\"og:image:width\" content=\"250\" \/>\n\t<meta property=\"og:image:height\" content=\"140\" \/>\n\t<meta property=\"og:image:type\" content=\"image\/jpeg\" \/>\n<meta name=\"author\" content=\"administrador\" \/>\n<meta name=\"twitter:card\" content=\"summary_large_image\" \/>\n<meta name=\"twitter:label1\" content=\"Scritto da\" \/>\n\t<meta name=\"twitter:data1\" content=\"administrador\" \/>\n\t<meta name=\"twitter:label2\" content=\"Tempo di lettura stimato\" \/>\n\t<meta name=\"twitter:data2\" content=\"5 minuti\" \/>\n<script type=\"application\/ld+json\" class=\"yoast-schema-graph\">{\"@context\":\"https:\\\/\\\/schema.org\",\"@graph\":[{\"@type\":\"Article\",\"@id\":\"https:\\\/\\\/italcamara-es.com\\\/it\\\/notizie\\\/un-anno-allinsegna-del-centenario\\\/#article\",\"isPartOf\":{\"@id\":\"https:\\\/\\\/italcamara-es.com\\\/it\\\/notizie\\\/un-anno-allinsegna-del-centenario\\\/\"},\"author\":{\"name\":\"administrador\",\"@id\":\"https:\\\/\\\/italcamara-es.com\\\/#\\\/schema\\\/person\\\/bb3c56263e405bbd9a15171dcfee93bb\"},\"headline\":\"Un anno all&#8217;insegna del Centenario\",\"datePublished\":\"2014-12-19T15:14:49+00:00\",\"mainEntityOfPage\":{\"@id\":\"https:\\\/\\\/italcamara-es.com\\\/it\\\/notizie\\\/un-anno-allinsegna-del-centenario\\\/\"},\"wordCount\":926,\"commentCount\":0,\"image\":{\"@id\":\"https:\\\/\\\/italcamara-es.com\\\/it\\\/notizie\\\/un-anno-allinsegna-del-centenario\\\/#primaryimage\"},\"thumbnailUrl\":\"https:\\\/\\\/italcamara-es.com\\\/wp-content\\\/uploads\\\/2025\\\/03\\\/bannercentenariodefITA250.jpg\",\"keywords\":[\"Notizie di la CCIS\"],\"articleSection\":[\"Notizie\"],\"inLanguage\":\"it-IT\",\"potentialAction\":[{\"@type\":\"CommentAction\",\"name\":\"Comment\",\"target\":[\"https:\\\/\\\/italcamara-es.com\\\/it\\\/notizie\\\/un-anno-allinsegna-del-centenario\\\/#respond\"]}]},{\"@type\":\"WebPage\",\"@id\":\"https:\\\/\\\/italcamara-es.com\\\/it\\\/notizie\\\/un-anno-allinsegna-del-centenario\\\/\",\"url\":\"https:\\\/\\\/italcamara-es.com\\\/it\\\/notizie\\\/un-anno-allinsegna-del-centenario\\\/\",\"name\":\"Un anno all'insegna del Centenario - Italcamara\",\"isPartOf\":{\"@id\":\"https:\\\/\\\/italcamara-es.com\\\/#website\"},\"primaryImageOfPage\":{\"@id\":\"https:\\\/\\\/italcamara-es.com\\\/it\\\/notizie\\\/un-anno-allinsegna-del-centenario\\\/#primaryimage\"},\"image\":{\"@id\":\"https:\\\/\\\/italcamara-es.com\\\/it\\\/notizie\\\/un-anno-allinsegna-del-centenario\\\/#primaryimage\"},\"thumbnailUrl\":\"https:\\\/\\\/italcamara-es.com\\\/wp-content\\\/uploads\\\/2025\\\/03\\\/bannercentenariodefITA250.jpg\",\"datePublished\":\"2014-12-19T15:14:49+00:00\",\"author\":{\"@id\":\"https:\\\/\\\/italcamara-es.com\\\/#\\\/schema\\\/person\\\/bb3c56263e405bbd9a15171dcfee93bb\"},\"breadcrumb\":{\"@id\":\"https:\\\/\\\/italcamara-es.com\\\/it\\\/notizie\\\/un-anno-allinsegna-del-centenario\\\/#breadcrumb\"},\"inLanguage\":\"it-IT\",\"potentialAction\":[{\"@type\":\"ReadAction\",\"target\":[\"https:\\\/\\\/italcamara-es.com\\\/it\\\/notizie\\\/un-anno-allinsegna-del-centenario\\\/\"]}]},{\"@type\":\"ImageObject\",\"inLanguage\":\"it-IT\",\"@id\":\"https:\\\/\\\/italcamara-es.com\\\/it\\\/notizie\\\/un-anno-allinsegna-del-centenario\\\/#primaryimage\",\"url\":\"https:\\\/\\\/italcamara-es.com\\\/wp-content\\\/uploads\\\/2025\\\/03\\\/bannercentenariodefITA250.jpg\",\"contentUrl\":\"https:\\\/\\\/italcamara-es.com\\\/wp-content\\\/uploads\\\/2025\\\/03\\\/bannercentenariodefITA250.jpg\",\"width\":250,\"height\":140},{\"@type\":\"BreadcrumbList\",\"@id\":\"https:\\\/\\\/italcamara-es.com\\\/it\\\/notizie\\\/un-anno-allinsegna-del-centenario\\\/#breadcrumb\",\"itemListElement\":[{\"@type\":\"ListItem\",\"position\":1,\"name\":\"Inicio\",\"item\":\"https:\\\/\\\/italcamara-es.com\\\/it\\\/homepage-ita\\\/\"},{\"@type\":\"ListItem\",\"position\":2,\"name\":\"Un anno all&#8217;insegna del Centenario\"}]},{\"@type\":\"WebSite\",\"@id\":\"https:\\\/\\\/italcamara-es.com\\\/#website\",\"url\":\"https:\\\/\\\/italcamara-es.com\\\/\",\"name\":\"Italcamara\",\"description\":\"\",\"potentialAction\":[{\"@type\":\"SearchAction\",\"target\":{\"@type\":\"EntryPoint\",\"urlTemplate\":\"https:\\\/\\\/italcamara-es.com\\\/?s={search_term_string}\"},\"query-input\":{\"@type\":\"PropertyValueSpecification\",\"valueRequired\":true,\"valueName\":\"search_term_string\"}}],\"inLanguage\":\"it-IT\"},{\"@type\":\"Person\",\"@id\":\"https:\\\/\\\/italcamara-es.com\\\/#\\\/schema\\\/person\\\/bb3c56263e405bbd9a15171dcfee93bb\",\"name\":\"administrador\",\"image\":{\"@type\":\"ImageObject\",\"inLanguage\":\"it-IT\",\"@id\":\"https:\\\/\\\/secure.gravatar.com\\\/avatar\\\/14b5e63db38320b12031bb28cf9f77e210aa71fb3a8a3602a3c9a05134fa75eb?s=96&d=mm&r=g\",\"url\":\"https:\\\/\\\/secure.gravatar.com\\\/avatar\\\/14b5e63db38320b12031bb28cf9f77e210aa71fb3a8a3602a3c9a05134fa75eb?s=96&d=mm&r=g\",\"contentUrl\":\"https:\\\/\\\/secure.gravatar.com\\\/avatar\\\/14b5e63db38320b12031bb28cf9f77e210aa71fb3a8a3602a3c9a05134fa75eb?s=96&d=mm&r=g\",\"caption\":\"administrador\"},\"sameAs\":[\"http:\\\/\\\/pre.italcamara-es.com\"],\"url\":\"https:\\\/\\\/italcamara-es.com\\\/it\\\/author\\\/administrador\\\/\"}]}<\/script>\n<!-- \/ Yoast SEO plugin. -->","yoast_head_json":{"title":"Un anno all'insegna del Centenario - Italcamara","robots":{"index":"index","follow":"follow","max-snippet":"max-snippet:-1","max-image-preview":"max-image-preview:large","max-video-preview":"max-video-preview:-1"},"canonical":"https:\/\/italcamara-es.com\/it\/notizie\/un-anno-allinsegna-del-centenario\/","og_locale":"it_IT","og_type":"article","og_title":"Un anno all'insegna del Centenario - Italcamara","og_description":"Un riepilogo delle iniziative organizzate dalla CCIS per celebrare i 100 anni di attivit\u00e0 &nbsp; La Cerimonia di Consegna del Tiepolo 2014 \u00e8 stato l\u2019evento culminante di un anno di iniziative organizzate dalla CCIS per celebrare i suoi primi 100 anni di attivit\u00e0. &nbsp; In questo spazio, vogliamo ricordare i momenti salienti di un anno [&hellip;]","og_url":"https:\/\/italcamara-es.com\/it\/notizie\/un-anno-allinsegna-del-centenario\/","og_site_name":"Italcamara","article_published_time":"2014-12-19T15:14:49+00:00","og_image":[{"width":250,"height":140,"url":"https:\/\/italcamara-es.com\/wp-content\/uploads\/2025\/03\/bannercentenariodefITA250.jpg","type":"image\/jpeg"}],"author":"administrador","twitter_card":"summary_large_image","twitter_misc":{"Scritto da":"administrador","Tempo di lettura stimato":"5 minuti"},"schema":{"@context":"https:\/\/schema.org","@graph":[{"@type":"Article","@id":"https:\/\/italcamara-es.com\/it\/notizie\/un-anno-allinsegna-del-centenario\/#article","isPartOf":{"@id":"https:\/\/italcamara-es.com\/it\/notizie\/un-anno-allinsegna-del-centenario\/"},"author":{"name":"administrador","@id":"https:\/\/italcamara-es.com\/#\/schema\/person\/bb3c56263e405bbd9a15171dcfee93bb"},"headline":"Un anno all&#8217;insegna del Centenario","datePublished":"2014-12-19T15:14:49+00:00","mainEntityOfPage":{"@id":"https:\/\/italcamara-es.com\/it\/notizie\/un-anno-allinsegna-del-centenario\/"},"wordCount":926,"commentCount":0,"image":{"@id":"https:\/\/italcamara-es.com\/it\/notizie\/un-anno-allinsegna-del-centenario\/#primaryimage"},"thumbnailUrl":"https:\/\/italcamara-es.com\/wp-content\/uploads\/2025\/03\/bannercentenariodefITA250.jpg","keywords":["Notizie di la CCIS"],"articleSection":["Notizie"],"inLanguage":"it-IT","potentialAction":[{"@type":"CommentAction","name":"Comment","target":["https:\/\/italcamara-es.com\/it\/notizie\/un-anno-allinsegna-del-centenario\/#respond"]}]},{"@type":"WebPage","@id":"https:\/\/italcamara-es.com\/it\/notizie\/un-anno-allinsegna-del-centenario\/","url":"https:\/\/italcamara-es.com\/it\/notizie\/un-anno-allinsegna-del-centenario\/","name":"Un anno all'insegna del Centenario - Italcamara","isPartOf":{"@id":"https:\/\/italcamara-es.com\/#website"},"primaryImageOfPage":{"@id":"https:\/\/italcamara-es.com\/it\/notizie\/un-anno-allinsegna-del-centenario\/#primaryimage"},"image":{"@id":"https:\/\/italcamara-es.com\/it\/notizie\/un-anno-allinsegna-del-centenario\/#primaryimage"},"thumbnailUrl":"https:\/\/italcamara-es.com\/wp-content\/uploads\/2025\/03\/bannercentenariodefITA250.jpg","datePublished":"2014-12-19T15:14:49+00:00","author":{"@id":"https:\/\/italcamara-es.com\/#\/schema\/person\/bb3c56263e405bbd9a15171dcfee93bb"},"breadcrumb":{"@id":"https:\/\/italcamara-es.com\/it\/notizie\/un-anno-allinsegna-del-centenario\/#breadcrumb"},"inLanguage":"it-IT","potentialAction":[{"@type":"ReadAction","target":["https:\/\/italcamara-es.com\/it\/notizie\/un-anno-allinsegna-del-centenario\/"]}]},{"@type":"ImageObject","inLanguage":"it-IT","@id":"https:\/\/italcamara-es.com\/it\/notizie\/un-anno-allinsegna-del-centenario\/#primaryimage","url":"https:\/\/italcamara-es.com\/wp-content\/uploads\/2025\/03\/bannercentenariodefITA250.jpg","contentUrl":"https:\/\/italcamara-es.com\/wp-content\/uploads\/2025\/03\/bannercentenariodefITA250.jpg","width":250,"height":140},{"@type":"BreadcrumbList","@id":"https:\/\/italcamara-es.com\/it\/notizie\/un-anno-allinsegna-del-centenario\/#breadcrumb","itemListElement":[{"@type":"ListItem","position":1,"name":"Inicio","item":"https:\/\/italcamara-es.com\/it\/homepage-ita\/"},{"@type":"ListItem","position":2,"name":"Un anno all&#8217;insegna del Centenario"}]},{"@type":"WebSite","@id":"https:\/\/italcamara-es.com\/#website","url":"https:\/\/italcamara-es.com\/","name":"Italcamara","description":"","potentialAction":[{"@type":"SearchAction","target":{"@type":"EntryPoint","urlTemplate":"https:\/\/italcamara-es.com\/?s={search_term_string}"},"query-input":{"@type":"PropertyValueSpecification","valueRequired":true,"valueName":"search_term_string"}}],"inLanguage":"it-IT"},{"@type":"Person","@id":"https:\/\/italcamara-es.com\/#\/schema\/person\/bb3c56263e405bbd9a15171dcfee93bb","name":"administrador","image":{"@type":"ImageObject","inLanguage":"it-IT","@id":"https:\/\/secure.gravatar.com\/avatar\/14b5e63db38320b12031bb28cf9f77e210aa71fb3a8a3602a3c9a05134fa75eb?s=96&d=mm&r=g","url":"https:\/\/secure.gravatar.com\/avatar\/14b5e63db38320b12031bb28cf9f77e210aa71fb3a8a3602a3c9a05134fa75eb?s=96&d=mm&r=g","contentUrl":"https:\/\/secure.gravatar.com\/avatar\/14b5e63db38320b12031bb28cf9f77e210aa71fb3a8a3602a3c9a05134fa75eb?s=96&d=mm&r=g","caption":"administrador"},"sameAs":["http:\/\/pre.italcamara-es.com"],"url":"https:\/\/italcamara-es.com\/it\/author\/administrador\/"}]}},"rttpg_featured_image_url":{"full":["https:\/\/italcamara-es.com\/wp-content\/uploads\/2025\/03\/bannercentenariodefITA250.jpg",250,140,false],"landscape":["https:\/\/italcamara-es.com\/wp-content\/uploads\/2025\/03\/bannercentenariodefITA250.jpg",250,140,false],"portraits":["https:\/\/italcamara-es.com\/wp-content\/uploads\/2025\/03\/bannercentenariodefITA250.jpg",250,140,false],"thumbnail":["https:\/\/italcamara-es.com\/wp-content\/uploads\/2025\/03\/bannercentenariodefITA250-150x140.jpg",150,140,true],"medium":["https:\/\/italcamara-es.com\/wp-content\/uploads\/2025\/03\/bannercentenariodefITA250.jpg",250,140,false],"large":["https:\/\/italcamara-es.com\/wp-content\/uploads\/2025\/03\/bannercentenariodefITA250.jpg",250,140,false],"1536x1536":["https:\/\/italcamara-es.com\/wp-content\/uploads\/2025\/03\/bannercentenariodefITA250.jpg",250,140,false],"2048x2048":["https:\/\/italcamara-es.com\/wp-content\/uploads\/2025\/03\/bannercentenariodefITA250.jpg",250,140,false],"ocean-thumb-m":["https:\/\/italcamara-es.com\/wp-content\/uploads\/2025\/03\/bannercentenariodefITA250.jpg",250,140,false],"ocean-thumb-ml":["https:\/\/italcamara-es.com\/wp-content\/uploads\/2025\/03\/bannercentenariodefITA250.jpg",250,140,false],"ocean-thumb-l":["https:\/\/italcamara-es.com\/wp-content\/uploads\/2025\/03\/bannercentenariodefITA250.jpg",250,140,false],"directorist_preview":["https:\/\/italcamara-es.com\/wp-content\/uploads\/2025\/03\/bannercentenariodefITA250.jpg",250,140,false]},"rttpg_author":{"display_name":"administrador","author_link":"https:\/\/italcamara-es.com\/it\/author\/administrador\/"},"rttpg_comment":0,"rttpg_category":"<a href=\"https:\/\/italcamara-es.com\/it\/category\/notizie\/\" rel=\"category tag\">Notizie<\/a>","rttpg_excerpt":"Un riepilogo delle iniziative organizzate dalla CCIS per celebrare i 100 anni di attivit\u00e0 &nbsp; La Cerimonia di Consegna del Tiepolo 2014 \u00e8 stato l\u2019evento culminante di un anno di iniziative organizzate dalla CCIS per celebrare i suoi primi 100 anni di attivit\u00e0. &nbsp; In questo spazio, vogliamo ricordare i momenti salienti di un anno&hellip;","_links":{"self":[{"href":"https:\/\/italcamara-es.com\/it\/wp-json\/wp\/v2\/posts\/55883","targetHints":{"allow":["GET"]}}],"collection":[{"href":"https:\/\/italcamara-es.com\/it\/wp-json\/wp\/v2\/posts"}],"about":[{"href":"https:\/\/italcamara-es.com\/it\/wp-json\/wp\/v2\/types\/post"}],"author":[{"embeddable":true,"href":"https:\/\/italcamara-es.com\/it\/wp-json\/wp\/v2\/users\/1"}],"replies":[{"embeddable":true,"href":"https:\/\/italcamara-es.com\/it\/wp-json\/wp\/v2\/comments?post=55883"}],"version-history":[{"count":0,"href":"https:\/\/italcamara-es.com\/it\/wp-json\/wp\/v2\/posts\/55883\/revisions"}],"wp:featuredmedia":[{"embeddable":true,"href":"https:\/\/italcamara-es.com\/it\/wp-json\/wp\/v2\/media\/54331"}],"wp:attachment":[{"href":"https:\/\/italcamara-es.com\/it\/wp-json\/wp\/v2\/media?parent=55883"}],"wp:term":[{"taxonomy":"category","embeddable":true,"href":"https:\/\/italcamara-es.com\/it\/wp-json\/wp\/v2\/categories?post=55883"},{"taxonomy":"post_tag","embeddable":true,"href":"https:\/\/italcamara-es.com\/it\/wp-json\/wp\/v2\/tags?post=55883"}],"curies":[{"name":"wp","href":"https:\/\/api.w.org\/{rel}","templated":true}]}}