	{"id":55887,"date":"2014-11-28T08:21:13","date_gmt":"2014-11-28T07:21:13","guid":{"rendered":"http:\/\/pre.italcamara-es.com\/senza-categoria\/promuovere-la-capacita-di-creare-e-innovare-la-nuova-sfida-per-le-aziende\/"},"modified":"2025-03-30T14:32:38","modified_gmt":"2025-03-30T12:32:38","slug":"promuovere-la-capacita-di-creare-e-innovare-la-nuova-sfida-per-le-aziende","status":"publish","type":"post","link":"https:\/\/italcamara-es.com\/it\/notizie\/promuovere-la-capacita-di-creare-e-innovare-la-nuova-sfida-per-le-aziende\/","title":{"rendered":"Promuovere la  capacit\u00e1 di creare e innovare: la nuova sfida per le aziende"},"content":{"rendered":"<p><em>Focus sulla creativit\u00e0 come uno strumento chiave per la gestione aziendale nel workshop organizzato dalla CCIS lo scorso 28 novembre presso la sede della Rappresentanza della Commissione Europea a Madrid<\/em><\/p>\n<p>&nbsp;<\/p>\n<p>\u00c8 possibile allenare la creativit\u00e0? Esistono strumenti &#8220;creativi&#8221; per migliorare l&#8217;ambiente di lavoro? Come creare le condizioni idonee per lo sviluppo di idee innovative?<\/p>\n<p>&nbsp;<\/p>\n<p>Queste e altre domande hanno avuto risposta in occasione del <strong>workshop &#8220;Creativit\u00e0 e imprese: una combinazione vincente&#8221;<\/strong> che la Camera di Commercio e Industria Italiana per la Spagna ha organizzato il 28 novembre scorso presso la sede della Rappresentanza della Commissione Europea a Madrid.<\/p>\n<p style=\"text-align: center;\">\n<p>L&#8217;incontro \u00e8 stato organizzato nell\u2019ambito del <span style=\"color: #003366;\"><strong><a style=\"color: #003366;\" href=\"http:\/\/www.chimeraproject.eu\/en\/\" target=\"_blank\" rel=\"noopener\">progetto europeo CHIMERA<\/a><\/strong><\/span> (<em>Creative Holism to Improve Management and Enterprenurial Role models and Approaches<\/em>), che vede impegnata una partnership tra imprese e associazioni con sede in 5 Paesi (Spagna, Italia, Grecia, Polonia e Romania) con l&#8217;obiettivo di introdurre competenze creative nei moduli formativi aziendali, inmodo da promuovere lo sviluppo e l&#8217;innovazione.<\/p>\n<p style=\"text-align: center;\">\n<p>Il workshop \u00e8 stato intodotto dal giornalista e scrittore spagnolo <strong>Alberto Granados<\/strong>, che ha presentato i cinque relatori che hanno trattato il tema centrale dell\u2019incontro da diversi punti di vista.<\/p>\n<p>&nbsp;<\/p>\n<p>Nella prima parte dell&#8217;incontro, <strong>Alessia Correa<\/strong>, esperta di coaching e intelligenza emozionale, ha introdotto il concetto di fiducia creativa, sottolineando la necessit\u00e0 di superare i limiti che spesso inibiscono la motivazione e la capacit\u00e0 di essere creativi.<\/p>\n<p>&nbsp;<\/p>\n<p><strong>Roberto Quattraccioni<\/strong>, direttore del\u2019impresa italiana<strong> Superficie 8<\/strong>, a capo della partnership CHIMERA, ha presentato le attivit\u00e0 realizzate nell\u2019ambito del progetto, tra cui la definizione di un indice per misurare la creativit\u00e0 all\u2019interno delle imprese e la realizzazione di corsi e laboratori di creativit\u00e0 sperimentali nei 5 Paesi coinvolti nel progetto.<\/p>\n<p>&nbsp;<\/p>\n<p>La formazione, e in particolare le attivit\u00e0 fornative dirette a imprese e imprenditori in Spagna, \u00e8 stato il tema trattado da <strong>Javier Calderon<\/strong>, direttore di<strong> CEOE Formaci\u00f3n<\/strong>, che ha sottolineato l&#8217;importanza che l\u2019innovazione e la creativit\u00e0 hanno acquisito negli ultimi anni nell\u2019ambito della metodologia formativa.<\/p>\n<p>&nbsp;<\/p>\n<p>Nella seconda parte dell\u2019incontro sono stati citati alcuni esempi di successo di imprese che hanno introdotto tecniche e processi creativi nella gestione aziendale. In particolare,<strong> Maria Escat<\/strong>, professoressa associata presso Il Dipartimento di Organizzazione Aziendale dell&#8217;Universit\u00e0 Autonoma di Madrid ha presentato le diversi fasi che compongo il processo creativo e le corrispondenti best practices da parte di alcune imprese in Spagna.<\/p>\n<p>&nbsp;<\/p>\n<p>Successivamente, <strong>Marcello Smarrelli<\/strong>, direttore artistico della<em> Fondazione Ermanno Casoli<\/em>, ha presentato un interessante progetto che, attraverso la combinazione tra arte e impresa, contriobuisce al miglioramente dell\u2019ambiente di lavoro nelle imprese. Un progetto, quello del\u2019artista in azienda, che \u00e8 stato proposto con successo in alcune importanti realt\u00e0 indstriali italiane quali Elica e Chicco Artsana..<\/p>\n<p>&nbsp;<\/p>\n<p>Inoltre, i numerosi presenti hanno avuto l&#8217;opportunit\u00e0 di osservare \u201cin diretta\u201d una rappresentazione teatrale messa in atto da <strong>Jordi David<\/strong>, direttore della Scuola di Teatro ElAlmad\u00e9n di Madrid, che ha cos\u00ec illustrato le potenzialit\u00e0 del teatro di impresa (<em>business theatre<\/em>) come strumento formativo \u201ccreativo\u201d per il miglioramento dei rapporti di lavoro.<\/p>\n","protected":false},"excerpt":{"rendered":"<p>Focus sulla creativit\u00e0 come uno strumento chiave per la gestione aziendale nel workshop organizzato dalla CCIS lo scorso 28 novembre presso la sede della Rappresentanza della Commissione Europea a Madrid &nbsp; \u00c8 possibile allenare la creativit\u00e0? Esistono strumenti &#8220;creativi&#8221; per migliorare l&#8217;ambiente di lavoro? Come creare le condizioni idonee per lo sviluppo di idee innovative? [&hellip;]<\/p>\n","protected":false},"author":1,"featured_media":53580,"comment_status":"open","ping_status":"open","sticky":false,"template":"","format":"standard","meta":{"inline_featured_image":false,"ocean_post_layout":"","ocean_both_sidebars_style":"","ocean_both_sidebars_content_width":0,"ocean_both_sidebars_sidebars_width":0,"ocean_sidebar":"","ocean_second_sidebar":"","ocean_disable_margins":"enable","ocean_add_body_class":"","ocean_shortcode_before_top_bar":"","ocean_shortcode_after_top_bar":"","ocean_shortcode_before_header":"","ocean_shortcode_after_header":"","ocean_has_shortcode":"","ocean_shortcode_after_title":"","ocean_shortcode_before_footer_widgets":"","ocean_shortcode_after_footer_widgets":"","ocean_shortcode_before_footer_bottom":"","ocean_shortcode_after_footer_bottom":"","ocean_display_top_bar":"default","ocean_display_header":"default","ocean_header_style":"","ocean_center_header_left_menu":"","ocean_custom_header_template":"","ocean_custom_logo":0,"ocean_custom_retina_logo":0,"ocean_custom_logo_max_width":0,"ocean_custom_logo_tablet_max_width":0,"ocean_custom_logo_mobile_max_width":0,"ocean_custom_logo_max_height":0,"ocean_custom_logo_tablet_max_height":0,"ocean_custom_logo_mobile_max_height":0,"ocean_header_custom_menu":"","ocean_menu_typo_font_family":"","ocean_menu_typo_font_subset":"","ocean_menu_typo_font_size":0,"ocean_menu_typo_font_size_tablet":0,"ocean_menu_typo_font_size_mobile":0,"ocean_menu_typo_font_size_unit":"px","ocean_menu_typo_font_weight":"","ocean_menu_typo_font_weight_tablet":"","ocean_menu_typo_font_weight_mobile":"","ocean_menu_typo_transform":"","ocean_menu_typo_transform_tablet":"","ocean_menu_typo_transform_mobile":"","ocean_menu_typo_line_height":0,"ocean_menu_typo_line_height_tablet":0,"ocean_menu_typo_line_height_mobile":0,"ocean_menu_typo_line_height_unit":"","ocean_menu_typo_spacing":0,"ocean_menu_typo_spacing_tablet":0,"ocean_menu_typo_spacing_mobile":0,"ocean_menu_typo_spacing_unit":"","ocean_menu_link_color":"","ocean_menu_link_color_hover":"","ocean_menu_link_color_active":"","ocean_menu_link_background":"","ocean_menu_link_hover_background":"","ocean_menu_link_active_background":"","ocean_menu_social_links_bg":"","ocean_menu_social_hover_links_bg":"","ocean_menu_social_links_color":"","ocean_menu_social_hover_links_color":"","ocean_disable_title":"default","ocean_disable_heading":"default","ocean_post_title":"","ocean_post_subheading":"","ocean_post_title_style":"","ocean_post_title_background_color":"","ocean_post_title_background":0,"ocean_post_title_bg_image_position":"","ocean_post_title_bg_image_attachment":"","ocean_post_title_bg_image_repeat":"","ocean_post_title_bg_image_size":"","ocean_post_title_height":0,"ocean_post_title_bg_overlay":0.5,"ocean_post_title_bg_overlay_color":"","ocean_disable_breadcrumbs":"default","ocean_breadcrumbs_color":"","ocean_breadcrumbs_separator_color":"","ocean_breadcrumbs_links_color":"","ocean_breadcrumbs_links_hover_color":"","ocean_display_footer_widgets":"default","ocean_display_footer_bottom":"default","ocean_custom_footer_template":"","ocean_post_oembed":"","ocean_post_self_hosted_media":"","ocean_post_video_embed":"","ocean_link_format":"","ocean_link_format_target":"self","ocean_quote_format":"","ocean_quote_format_link":"post","ocean_gallery_link_images":"on","ocean_gallery_id":[],"footnotes":""},"categories":[133],"tags":[139,138],"class_list":["post-55887","post","type-post","status-publish","format-standard","has-post-thumbnail","hentry","category-notizie","tag-notizie-di-la-ccis","tag-notizie-di-mercato","entry","has-media"],"yoast_head":"<!-- This site is optimized with the Yoast SEO plugin v27.4 - https:\/\/yoast.com\/product\/yoast-seo-wordpress\/ -->\n<title>Promuovere la capacit\u00e1 di creare e innovare: la nuova sfida per le aziende - Italcamara<\/title>\n<meta name=\"robots\" content=\"index, follow, max-snippet:-1, max-image-preview:large, max-video-preview:-1\" \/>\n<link rel=\"canonical\" href=\"https:\/\/italcamara-es.com\/it\/notizie\/promuovere-la-capacita-di-creare-e-innovare-la-nuova-sfida-per-le-aziende\/\" \/>\n<meta property=\"og:locale\" content=\"it_IT\" \/>\n<meta property=\"og:type\" content=\"article\" \/>\n<meta property=\"og:title\" content=\"Promuovere la capacit\u00e1 di creare e innovare: la nuova sfida per le aziende - Italcamara\" \/>\n<meta property=\"og:description\" content=\"Focus sulla creativit\u00e0 come uno strumento chiave per la gestione aziendale nel workshop organizzato dalla CCIS lo scorso 28 novembre presso la sede della Rappresentanza della Commissione Europea a Madrid &nbsp; \u00c8 possibile allenare la creativit\u00e0? Esistono strumenti &#8220;creativi&#8221; per migliorare l&#8217;ambiente di lavoro? Come creare le condizioni idonee per lo sviluppo di idee innovative? [&hellip;]\" \/>\n<meta property=\"og:url\" content=\"https:\/\/italcamara-es.com\/it\/notizie\/promuovere-la-capacita-di-creare-e-innovare-la-nuova-sfida-per-le-aziende\/\" \/>\n<meta property=\"og:site_name\" content=\"Italcamara\" \/>\n<meta property=\"article:published_time\" content=\"2014-11-28T07:21:13+00:00\" \/>\n<meta property=\"article:modified_time\" content=\"2025-03-30T12:32:38+00:00\" \/>\n<meta property=\"og:image\" content=\"https:\/\/italcamara-es.com\/wp-content\/uploads\/2025\/03\/immagine-workshop-creativit.jpg\" \/>\n\t<meta property=\"og:image:width\" content=\"250\" \/>\n\t<meta property=\"og:image:height\" content=\"140\" \/>\n\t<meta property=\"og:image:type\" content=\"image\/jpeg\" \/>\n<meta name=\"author\" content=\"administrador\" \/>\n<meta name=\"twitter:card\" content=\"summary_large_image\" \/>\n<meta name=\"twitter:label1\" content=\"Scritto da\" \/>\n\t<meta name=\"twitter:data1\" content=\"administrador\" \/>\n\t<meta name=\"twitter:label2\" content=\"Tempo di lettura stimato\" \/>\n\t<meta name=\"twitter:data2\" content=\"2 minuti\" \/>\n<script type=\"application\/ld+json\" class=\"yoast-schema-graph\">{\"@context\":\"https:\\\/\\\/schema.org\",\"@graph\":[{\"@type\":\"Article\",\"@id\":\"https:\\\/\\\/italcamara-es.com\\\/it\\\/notizie\\\/promuovere-la-capacita-di-creare-e-innovare-la-nuova-sfida-per-le-aziende\\\/#article\",\"isPartOf\":{\"@id\":\"https:\\\/\\\/italcamara-es.com\\\/it\\\/notizie\\\/promuovere-la-capacita-di-creare-e-innovare-la-nuova-sfida-per-le-aziende\\\/\"},\"author\":{\"name\":\"administrador\",\"@id\":\"https:\\\/\\\/italcamara-es.com\\\/#\\\/schema\\\/person\\\/bb3c56263e405bbd9a15171dcfee93bb\"},\"headline\":\"Promuovere la capacit\u00e1 di creare e innovare: la nuova sfida per le aziende\",\"datePublished\":\"2014-11-28T07:21:13+00:00\",\"dateModified\":\"2025-03-30T12:32:38+00:00\",\"mainEntityOfPage\":{\"@id\":\"https:\\\/\\\/italcamara-es.com\\\/it\\\/notizie\\\/promuovere-la-capacita-di-creare-e-innovare-la-nuova-sfida-per-le-aziende\\\/\"},\"wordCount\":513,\"commentCount\":0,\"image\":{\"@id\":\"https:\\\/\\\/italcamara-es.com\\\/it\\\/notizie\\\/promuovere-la-capacita-di-creare-e-innovare-la-nuova-sfida-per-le-aziende\\\/#primaryimage\"},\"thumbnailUrl\":\"https:\\\/\\\/italcamara-es.com\\\/wp-content\\\/uploads\\\/2025\\\/03\\\/immagine-workshop-creativit.jpg\",\"keywords\":[\"Notizie di la CCIS\",\"Notizie di Mercato\"],\"articleSection\":[\"Notizie\"],\"inLanguage\":\"it-IT\",\"potentialAction\":[{\"@type\":\"CommentAction\",\"name\":\"Comment\",\"target\":[\"https:\\\/\\\/italcamara-es.com\\\/it\\\/notizie\\\/promuovere-la-capacita-di-creare-e-innovare-la-nuova-sfida-per-le-aziende\\\/#respond\"]}]},{\"@type\":\"WebPage\",\"@id\":\"https:\\\/\\\/italcamara-es.com\\\/it\\\/notizie\\\/promuovere-la-capacita-di-creare-e-innovare-la-nuova-sfida-per-le-aziende\\\/\",\"url\":\"https:\\\/\\\/italcamara-es.com\\\/it\\\/notizie\\\/promuovere-la-capacita-di-creare-e-innovare-la-nuova-sfida-per-le-aziende\\\/\",\"name\":\"Promuovere la capacit\u00e1 di creare e innovare: la nuova sfida per le aziende - Italcamara\",\"isPartOf\":{\"@id\":\"https:\\\/\\\/italcamara-es.com\\\/#website\"},\"primaryImageOfPage\":{\"@id\":\"https:\\\/\\\/italcamara-es.com\\\/it\\\/notizie\\\/promuovere-la-capacita-di-creare-e-innovare-la-nuova-sfida-per-le-aziende\\\/#primaryimage\"},\"image\":{\"@id\":\"https:\\\/\\\/italcamara-es.com\\\/it\\\/notizie\\\/promuovere-la-capacita-di-creare-e-innovare-la-nuova-sfida-per-le-aziende\\\/#primaryimage\"},\"thumbnailUrl\":\"https:\\\/\\\/italcamara-es.com\\\/wp-content\\\/uploads\\\/2025\\\/03\\\/immagine-workshop-creativit.jpg\",\"datePublished\":\"2014-11-28T07:21:13+00:00\",\"dateModified\":\"2025-03-30T12:32:38+00:00\",\"author\":{\"@id\":\"https:\\\/\\\/italcamara-es.com\\\/#\\\/schema\\\/person\\\/bb3c56263e405bbd9a15171dcfee93bb\"},\"breadcrumb\":{\"@id\":\"https:\\\/\\\/italcamara-es.com\\\/it\\\/notizie\\\/promuovere-la-capacita-di-creare-e-innovare-la-nuova-sfida-per-le-aziende\\\/#breadcrumb\"},\"inLanguage\":\"it-IT\",\"potentialAction\":[{\"@type\":\"ReadAction\",\"target\":[\"https:\\\/\\\/italcamara-es.com\\\/it\\\/notizie\\\/promuovere-la-capacita-di-creare-e-innovare-la-nuova-sfida-per-le-aziende\\\/\"]}]},{\"@type\":\"ImageObject\",\"inLanguage\":\"it-IT\",\"@id\":\"https:\\\/\\\/italcamara-es.com\\\/it\\\/notizie\\\/promuovere-la-capacita-di-creare-e-innovare-la-nuova-sfida-per-le-aziende\\\/#primaryimage\",\"url\":\"https:\\\/\\\/italcamara-es.com\\\/wp-content\\\/uploads\\\/2025\\\/03\\\/immagine-workshop-creativit.jpg\",\"contentUrl\":\"https:\\\/\\\/italcamara-es.com\\\/wp-content\\\/uploads\\\/2025\\\/03\\\/immagine-workshop-creativit.jpg\",\"width\":250,\"height\":140},{\"@type\":\"BreadcrumbList\",\"@id\":\"https:\\\/\\\/italcamara-es.com\\\/it\\\/notizie\\\/promuovere-la-capacita-di-creare-e-innovare-la-nuova-sfida-per-le-aziende\\\/#breadcrumb\",\"itemListElement\":[{\"@type\":\"ListItem\",\"position\":1,\"name\":\"Inicio\",\"item\":\"https:\\\/\\\/italcamara-es.com\\\/it\\\/homepage-ita\\\/\"},{\"@type\":\"ListItem\",\"position\":2,\"name\":\"Promuovere la capacit\u00e1 di creare e innovare: la nuova sfida per le aziende\"}]},{\"@type\":\"WebSite\",\"@id\":\"https:\\\/\\\/italcamara-es.com\\\/#website\",\"url\":\"https:\\\/\\\/italcamara-es.com\\\/\",\"name\":\"Italcamara\",\"description\":\"\",\"potentialAction\":[{\"@type\":\"SearchAction\",\"target\":{\"@type\":\"EntryPoint\",\"urlTemplate\":\"https:\\\/\\\/italcamara-es.com\\\/?s={search_term_string}\"},\"query-input\":{\"@type\":\"PropertyValueSpecification\",\"valueRequired\":true,\"valueName\":\"search_term_string\"}}],\"inLanguage\":\"it-IT\"},{\"@type\":\"Person\",\"@id\":\"https:\\\/\\\/italcamara-es.com\\\/#\\\/schema\\\/person\\\/bb3c56263e405bbd9a15171dcfee93bb\",\"name\":\"administrador\",\"image\":{\"@type\":\"ImageObject\",\"inLanguage\":\"it-IT\",\"@id\":\"https:\\\/\\\/secure.gravatar.com\\\/avatar\\\/14b5e63db38320b12031bb28cf9f77e210aa71fb3a8a3602a3c9a05134fa75eb?s=96&d=mm&r=g\",\"url\":\"https:\\\/\\\/secure.gravatar.com\\\/avatar\\\/14b5e63db38320b12031bb28cf9f77e210aa71fb3a8a3602a3c9a05134fa75eb?s=96&d=mm&r=g\",\"contentUrl\":\"https:\\\/\\\/secure.gravatar.com\\\/avatar\\\/14b5e63db38320b12031bb28cf9f77e210aa71fb3a8a3602a3c9a05134fa75eb?s=96&d=mm&r=g\",\"caption\":\"administrador\"},\"sameAs\":[\"http:\\\/\\\/pre.italcamara-es.com\"],\"url\":\"https:\\\/\\\/italcamara-es.com\\\/it\\\/author\\\/administrador\\\/\"}]}<\/script>\n<!-- \/ Yoast SEO plugin. -->","yoast_head_json":{"title":"Promuovere la capacit\u00e1 di creare e innovare: la nuova sfida per le aziende - Italcamara","robots":{"index":"index","follow":"follow","max-snippet":"max-snippet:-1","max-image-preview":"max-image-preview:large","max-video-preview":"max-video-preview:-1"},"canonical":"https:\/\/italcamara-es.com\/it\/notizie\/promuovere-la-capacita-di-creare-e-innovare-la-nuova-sfida-per-le-aziende\/","og_locale":"it_IT","og_type":"article","og_title":"Promuovere la capacit\u00e1 di creare e innovare: la nuova sfida per le aziende - Italcamara","og_description":"Focus sulla creativit\u00e0 come uno strumento chiave per la gestione aziendale nel workshop organizzato dalla CCIS lo scorso 28 novembre presso la sede della Rappresentanza della Commissione Europea a Madrid &nbsp; \u00c8 possibile allenare la creativit\u00e0? Esistono strumenti &#8220;creativi&#8221; per migliorare l&#8217;ambiente di lavoro? Come creare le condizioni idonee per lo sviluppo di idee innovative? [&hellip;]","og_url":"https:\/\/italcamara-es.com\/it\/notizie\/promuovere-la-capacita-di-creare-e-innovare-la-nuova-sfida-per-le-aziende\/","og_site_name":"Italcamara","article_published_time":"2014-11-28T07:21:13+00:00","article_modified_time":"2025-03-30T12:32:38+00:00","og_image":[{"width":250,"height":140,"url":"https:\/\/italcamara-es.com\/wp-content\/uploads\/2025\/03\/immagine-workshop-creativit.jpg","type":"image\/jpeg"}],"author":"administrador","twitter_card":"summary_large_image","twitter_misc":{"Scritto da":"administrador","Tempo di lettura stimato":"2 minuti"},"schema":{"@context":"https:\/\/schema.org","@graph":[{"@type":"Article","@id":"https:\/\/italcamara-es.com\/it\/notizie\/promuovere-la-capacita-di-creare-e-innovare-la-nuova-sfida-per-le-aziende\/#article","isPartOf":{"@id":"https:\/\/italcamara-es.com\/it\/notizie\/promuovere-la-capacita-di-creare-e-innovare-la-nuova-sfida-per-le-aziende\/"},"author":{"name":"administrador","@id":"https:\/\/italcamara-es.com\/#\/schema\/person\/bb3c56263e405bbd9a15171dcfee93bb"},"headline":"Promuovere la capacit\u00e1 di creare e innovare: la nuova sfida per le aziende","datePublished":"2014-11-28T07:21:13+00:00","dateModified":"2025-03-30T12:32:38+00:00","mainEntityOfPage":{"@id":"https:\/\/italcamara-es.com\/it\/notizie\/promuovere-la-capacita-di-creare-e-innovare-la-nuova-sfida-per-le-aziende\/"},"wordCount":513,"commentCount":0,"image":{"@id":"https:\/\/italcamara-es.com\/it\/notizie\/promuovere-la-capacita-di-creare-e-innovare-la-nuova-sfida-per-le-aziende\/#primaryimage"},"thumbnailUrl":"https:\/\/italcamara-es.com\/wp-content\/uploads\/2025\/03\/immagine-workshop-creativit.jpg","keywords":["Notizie di la CCIS","Notizie di Mercato"],"articleSection":["Notizie"],"inLanguage":"it-IT","potentialAction":[{"@type":"CommentAction","name":"Comment","target":["https:\/\/italcamara-es.com\/it\/notizie\/promuovere-la-capacita-di-creare-e-innovare-la-nuova-sfida-per-le-aziende\/#respond"]}]},{"@type":"WebPage","@id":"https:\/\/italcamara-es.com\/it\/notizie\/promuovere-la-capacita-di-creare-e-innovare-la-nuova-sfida-per-le-aziende\/","url":"https:\/\/italcamara-es.com\/it\/notizie\/promuovere-la-capacita-di-creare-e-innovare-la-nuova-sfida-per-le-aziende\/","name":"Promuovere la capacit\u00e1 di creare e innovare: la nuova sfida per le aziende - Italcamara","isPartOf":{"@id":"https:\/\/italcamara-es.com\/#website"},"primaryImageOfPage":{"@id":"https:\/\/italcamara-es.com\/it\/notizie\/promuovere-la-capacita-di-creare-e-innovare-la-nuova-sfida-per-le-aziende\/#primaryimage"},"image":{"@id":"https:\/\/italcamara-es.com\/it\/notizie\/promuovere-la-capacita-di-creare-e-innovare-la-nuova-sfida-per-le-aziende\/#primaryimage"},"thumbnailUrl":"https:\/\/italcamara-es.com\/wp-content\/uploads\/2025\/03\/immagine-workshop-creativit.jpg","datePublished":"2014-11-28T07:21:13+00:00","dateModified":"2025-03-30T12:32:38+00:00","author":{"@id":"https:\/\/italcamara-es.com\/#\/schema\/person\/bb3c56263e405bbd9a15171dcfee93bb"},"breadcrumb":{"@id":"https:\/\/italcamara-es.com\/it\/notizie\/promuovere-la-capacita-di-creare-e-innovare-la-nuova-sfida-per-le-aziende\/#breadcrumb"},"inLanguage":"it-IT","potentialAction":[{"@type":"ReadAction","target":["https:\/\/italcamara-es.com\/it\/notizie\/promuovere-la-capacita-di-creare-e-innovare-la-nuova-sfida-per-le-aziende\/"]}]},{"@type":"ImageObject","inLanguage":"it-IT","@id":"https:\/\/italcamara-es.com\/it\/notizie\/promuovere-la-capacita-di-creare-e-innovare-la-nuova-sfida-per-le-aziende\/#primaryimage","url":"https:\/\/italcamara-es.com\/wp-content\/uploads\/2025\/03\/immagine-workshop-creativit.jpg","contentUrl":"https:\/\/italcamara-es.com\/wp-content\/uploads\/2025\/03\/immagine-workshop-creativit.jpg","width":250,"height":140},{"@type":"BreadcrumbList","@id":"https:\/\/italcamara-es.com\/it\/notizie\/promuovere-la-capacita-di-creare-e-innovare-la-nuova-sfida-per-le-aziende\/#breadcrumb","itemListElement":[{"@type":"ListItem","position":1,"name":"Inicio","item":"https:\/\/italcamara-es.com\/it\/homepage-ita\/"},{"@type":"ListItem","position":2,"name":"Promuovere la capacit\u00e1 di creare e innovare: la nuova sfida per le aziende"}]},{"@type":"WebSite","@id":"https:\/\/italcamara-es.com\/#website","url":"https:\/\/italcamara-es.com\/","name":"Italcamara","description":"","potentialAction":[{"@type":"SearchAction","target":{"@type":"EntryPoint","urlTemplate":"https:\/\/italcamara-es.com\/?s={search_term_string}"},"query-input":{"@type":"PropertyValueSpecification","valueRequired":true,"valueName":"search_term_string"}}],"inLanguage":"it-IT"},{"@type":"Person","@id":"https:\/\/italcamara-es.com\/#\/schema\/person\/bb3c56263e405bbd9a15171dcfee93bb","name":"administrador","image":{"@type":"ImageObject","inLanguage":"it-IT","@id":"https:\/\/secure.gravatar.com\/avatar\/14b5e63db38320b12031bb28cf9f77e210aa71fb3a8a3602a3c9a05134fa75eb?s=96&d=mm&r=g","url":"https:\/\/secure.gravatar.com\/avatar\/14b5e63db38320b12031bb28cf9f77e210aa71fb3a8a3602a3c9a05134fa75eb?s=96&d=mm&r=g","contentUrl":"https:\/\/secure.gravatar.com\/avatar\/14b5e63db38320b12031bb28cf9f77e210aa71fb3a8a3602a3c9a05134fa75eb?s=96&d=mm&r=g","caption":"administrador"},"sameAs":["http:\/\/pre.italcamara-es.com"],"url":"https:\/\/italcamara-es.com\/it\/author\/administrador\/"}]}},"rttpg_featured_image_url":{"full":["https:\/\/italcamara-es.com\/wp-content\/uploads\/2025\/03\/immagine-workshop-creativit.jpg",250,140,false],"landscape":["https:\/\/italcamara-es.com\/wp-content\/uploads\/2025\/03\/immagine-workshop-creativit.jpg",250,140,false],"portraits":["https:\/\/italcamara-es.com\/wp-content\/uploads\/2025\/03\/immagine-workshop-creativit.jpg",250,140,false],"thumbnail":["https:\/\/italcamara-es.com\/wp-content\/uploads\/2025\/03\/immagine-workshop-creativit-150x140.jpg",150,140,true],"medium":["https:\/\/italcamara-es.com\/wp-content\/uploads\/2025\/03\/immagine-workshop-creativit.jpg",250,140,false],"large":["https:\/\/italcamara-es.com\/wp-content\/uploads\/2025\/03\/immagine-workshop-creativit.jpg",250,140,false],"1536x1536":["https:\/\/italcamara-es.com\/wp-content\/uploads\/2025\/03\/immagine-workshop-creativit.jpg",250,140,false],"2048x2048":["https:\/\/italcamara-es.com\/wp-content\/uploads\/2025\/03\/immagine-workshop-creativit.jpg",250,140,false],"ocean-thumb-m":["https:\/\/italcamara-es.com\/wp-content\/uploads\/2025\/03\/immagine-workshop-creativit.jpg",250,140,false],"ocean-thumb-ml":["https:\/\/italcamara-es.com\/wp-content\/uploads\/2025\/03\/immagine-workshop-creativit.jpg",250,140,false],"ocean-thumb-l":["https:\/\/italcamara-es.com\/wp-content\/uploads\/2025\/03\/immagine-workshop-creativit.jpg",250,140,false],"directorist_preview":["https:\/\/italcamara-es.com\/wp-content\/uploads\/2025\/03\/immagine-workshop-creativit.jpg",250,140,false]},"rttpg_author":{"display_name":"administrador","author_link":"https:\/\/italcamara-es.com\/it\/author\/administrador\/"},"rttpg_comment":0,"rttpg_category":"<a href=\"https:\/\/italcamara-es.com\/it\/category\/notizie\/\" rel=\"category tag\">Notizie<\/a>","rttpg_excerpt":"Focus sulla creativit\u00e0 come uno strumento chiave per la gestione aziendale nel workshop organizzato dalla CCIS lo scorso 28 novembre presso la sede della Rappresentanza della Commissione Europea a Madrid &nbsp; \u00c8 possibile allenare la creativit\u00e0? Esistono strumenti &#8220;creativi&#8221; per migliorare l&#8217;ambiente di lavoro? Come creare le condizioni idonee per lo sviluppo di idee innovative?&hellip;","_links":{"self":[{"href":"https:\/\/italcamara-es.com\/it\/wp-json\/wp\/v2\/posts\/55887","targetHints":{"allow":["GET"]}}],"collection":[{"href":"https:\/\/italcamara-es.com\/it\/wp-json\/wp\/v2\/posts"}],"about":[{"href":"https:\/\/italcamara-es.com\/it\/wp-json\/wp\/v2\/types\/post"}],"author":[{"embeddable":true,"href":"https:\/\/italcamara-es.com\/it\/wp-json\/wp\/v2\/users\/1"}],"replies":[{"embeddable":true,"href":"https:\/\/italcamara-es.com\/it\/wp-json\/wp\/v2\/comments?post=55887"}],"version-history":[{"count":1,"href":"https:\/\/italcamara-es.com\/it\/wp-json\/wp\/v2\/posts\/55887\/revisions"}],"predecessor-version":[{"id":57220,"href":"https:\/\/italcamara-es.com\/it\/wp-json\/wp\/v2\/posts\/55887\/revisions\/57220"}],"wp:featuredmedia":[{"embeddable":true,"href":"https:\/\/italcamara-es.com\/it\/wp-json\/wp\/v2\/media\/53580"}],"wp:attachment":[{"href":"https:\/\/italcamara-es.com\/it\/wp-json\/wp\/v2\/media?parent=55887"}],"wp:term":[{"taxonomy":"category","embeddable":true,"href":"https:\/\/italcamara-es.com\/it\/wp-json\/wp\/v2\/categories?post=55887"},{"taxonomy":"post_tag","embeddable":true,"href":"https:\/\/italcamara-es.com\/it\/wp-json\/wp\/v2\/tags?post=55887"}],"curies":[{"name":"wp","href":"https:\/\/api.w.org\/{rel}","templated":true}]}}