	{"id":55899,"date":"2017-02-08T14:10:44","date_gmt":"2017-02-08T13:10:44","guid":{"rendered":"http:\/\/pre.italcamara-es.com\/senza-categoria\/itinerari-dolci-per-giovani-studenti-europei\/"},"modified":"2017-02-08T14:10:44","modified_gmt":"2017-02-08T13:10:44","slug":"itinerari-dolci-per-giovani-studenti-europei","status":"publish","type":"post","link":"https:\/\/italcamara-es.com\/it\/notizie\/itinerari-dolci-per-giovani-studenti-europei\/","title":{"rendered":"&#8220;Itinerari dolci&#8221; per giovani studenti europei"},"content":{"rendered":"<p><em>Presentati a Madrid i risultati del progetto ESI \u2013 European Sweet Itineraries, nel quale si sono definiti tre itinerari educativi nel settore della pasticceria in Spagna, Portogallo ed Italia.<\/em><\/p>\n<p>&nbsp;<\/p>\n<p>L\u20198 febbraio, nella sede della rappresentanza della Commissione Europea a Madrid, si \u00e8 tenuto l\u2019evento finale di presentazione dei risultati del progetto \u201c<strong>ESI \u2013 European Sweet Itineraries<\/strong>\u201d, finanziato con il programma europeo <strong>COSME<\/strong> e coordinato dalla Camera di Commercio Italiana per il Portogallo.<\/p>\n<p><img fetchpriority=\"high\" decoding=\"async\" class=\"aligncenter wp-image-10909\" title=\"Alan Vella del EASME - Executive Agency for Small and Medium-sized Enterprises\" src=\"https:\/\/www.italcamara-es.com\/wp-content\/uploads\/2017\/02\/2017_febbraio_eventESI-192.jpg\" alt=\"\" width=\"700\" height=\"467\" \/><\/p>\n<p>ESI \u00e8 un progetto centrato sullo sviluppo di tre itinerari educativi nel settore della pasticceria in Spagna, Portogallo ed Italia, diretta ai giovani tra i 17 ed i 19 anni che studiano in scuole di formazione professionale, nel settore del turismo e della ristorazione.<\/p>\n<p>&nbsp;<\/p>\n<p>Negli scorsi mesi, un totale di 36 giovani lettoni, che studiano in scuole albeghiere del Paese baltico, hanno esaminato gli itinerari selezionati con l\u2019obiettivo di verificarne l\u2019idoneit\u00e0 ai fini della loro scelta come destinazioni turistiche-formative per gruppi di studenti provenienti da tutta europa, in particolare per quelli che appartengono ai nuovi potenziali mercati (come quello lettone).<\/p>\n<p><img decoding=\"async\" class=\"aligncenter wp-image-10905\" title=\"fadia Khraisat, responsabile del Desk Europa CCIS\" src=\"https:\/\/www.italcamara-es.com\/wp-content\/uploads\/2017\/02\/2017_febbraio_eventESI-451.jpg\" alt=\"\" width=\"700\" height=\"467\" \/><\/p>\n<p>Nel corso dell\u2019evento finale, il direttore della Camera di Commercio Italiana di Lisbona (coordinatore del progetto), <strong>Marcello Menichetti<\/strong>, ha presentato i tre itinerari sviluppati nell\u2019ambito del progetto. Ciascuno di questi include attivit\u00e0 relazionate con la tradizione gastronomica locale e, in particolare, con la pasticceria storica e con i laboratori artigianiali di dolci tipici, intrecciati a percorsi che riguardano i centri storici. Come ha sottolineato il responsabile del Desk Europa della Camera di Commercio e Industria Italiana per la Spagna (partner del progetto), <strong>Fadia Khraisat<\/strong>, ESI, oltre a promuovere l\u2019offerta turistica nelle localit\u00e0 selezionate, vuole favorire lo sviluppo delle PMI locali del settore. Infatti, anche se il progetto sia finito, i pacchetti turistici che si sono creati si manteranno almeno per i prossimi due anni e potranno essere prenotati dai giovani che lo desiderano. Cos\u00ec, le imprese e gli operatori turistici coinvolti nella fase sperimentale del progetto continueranno a beneficiare dei frutti dello stesso anche dopo la sua fine.<\/p>\n<p><strong>I tre itinerari proposti<\/strong><\/p>\n<p><img decoding=\"async\" class=\"aligncenter wp-image-10910\" src=\"https:\/\/www.italcamara-es.com\/wp-content\/uploads\/2017\/02\/itinerarios-1024x502.jpg\" alt=\"\" width=\"700\" height=\"343\" \/><\/p>\n<p><em>Spagna<\/em><\/p>\n<p>In collaborazione con l\u2019assessorato di Eduzione, Giovent\u00f9 e Sport della Comunit\u00e0 di Madrid e l\u2019International Institute of Gastronomy, Culture, Arts and Tourism, \u00e8 stato disegnato un itinerario che include varie tappe: Barcellona, San Pol de Mar, Tossa de Mar, Alcal\u00e1 de Henares, Toledo e Madrid. Tra i luoghi di interesse culturale e gastronomico che si sono inclusi nel percorso rivestono grande importanza il Museo della Cioccolata di Barcellona, l\u2019Obrador Santo Tom\u00e9 di Toledo e la prestigiosa pasticceria Mam\u00e1 Framboise di Madrid.<\/p>\n<p><em>Italia<\/em><\/p>\n<p>L&#8217;itinerario si sviluppa attraverso le regioni dell&#8217;Abruzzo e dell&#8217;Umbria, passando per le seguenti localit\u00e0: Scanno, Sulmona, L\u2019Aquila, Peugia, Assisi e Silvi. Tra i luoghi di interesse culturale e gastronomico vale la pena menzionare il Museo Confetti Pelino (Sulmona), con l&#8217;esposizione dei macchinari antichi per la produzione dei famosi \u00a0confetti e la sede delle aziende Cioccolato Glober Dolciaria (L\u2019Aquila) e Perugina (Perugia), imprese storiche di produzione di cioccolato. Gli itinerari sono stati disegnati in collaborazione con l&#8217;Agenzia per lo sviluppo L\u2019Aquila, l&#8217;Agenzia Turistica di Accoglienza Abruzzo Aquilano, la Citt\u00e0 di Silvi, il Centro Studi Citt\u00e0 di Foligno, Smart Travel Viaggi e Turismo e l&#8217;Associazione \u201cStrade del Cioccolato\u201d.<\/p>\n<p><em>Portogallo<\/em><\/p>\n<p>Disegnato in collaborazione con il Clube Volei de \u00c9vora, \u00d3bidos ciudade da literatura e Pinto Lopes Tour operador, l&#8217;itinerario si estende tra le citt\u00e0 di Lisboa, Estoril, Sintra, \u00d3bidos, \u00c9vora, Caldas de Rainha e altre localit\u00e0 del centro-nord del paese. Ovviamente non potevano mancare la visita alla Fabbrica dei famosi past\u00e9is de <em>Bel\u00e9m<\/em>\u00a0a Lisboa e una tappa per degustare le deliziose\u00a0<em>queijadas<\/em> di Sintra.<\/p>\n<p>&nbsp;<\/p>\n<p>La presentazione dettagliata dei tre itinerari Esi \u00e8 disponibile alla pagina web del progetto <span style=\"color: #003366;\"><strong><a style=\"color: #003366;\" href=\"http:\/\/www.sweetsitineraries.eu\" target=\"_blank\" rel=\"noopener\">www.sweetsitineraries.eu<\/a><\/strong><\/span>.<\/p>\n","protected":false},"excerpt":{"rendered":"<p>Presentati a Madrid i risultati del progetto ESI \u2013 European Sweet Itineraries, nel quale si sono definiti tre itinerari educativi nel settore della pasticceria in Spagna, Portogallo ed Italia. &nbsp; L\u20198 febbraio, nella sede della rappresentanza della Commissione Europea a Madrid, si \u00e8 tenuto l\u2019evento finale di presentazione dei risultati del progetto \u201cESI \u2013 European [&hellip;]<\/p>\n","protected":false},"author":1,"featured_media":55900,"comment_status":"open","ping_status":"open","sticky":false,"template":"","format":"standard","meta":{"inline_featured_image":false,"ocean_post_layout":"","ocean_both_sidebars_style":"","ocean_both_sidebars_content_width":0,"ocean_both_sidebars_sidebars_width":0,"ocean_sidebar":"","ocean_second_sidebar":"","ocean_disable_margins":"enable","ocean_add_body_class":"","ocean_shortcode_before_top_bar":"","ocean_shortcode_after_top_bar":"","ocean_shortcode_before_header":"","ocean_shortcode_after_header":"","ocean_has_shortcode":"","ocean_shortcode_after_title":"","ocean_shortcode_before_footer_widgets":"","ocean_shortcode_after_footer_widgets":"","ocean_shortcode_before_footer_bottom":"","ocean_shortcode_after_footer_bottom":"","ocean_display_top_bar":"default","ocean_display_header":"default","ocean_header_style":"","ocean_center_header_left_menu":"","ocean_custom_header_template":"","ocean_custom_logo":0,"ocean_custom_retina_logo":0,"ocean_custom_logo_max_width":0,"ocean_custom_logo_tablet_max_width":0,"ocean_custom_logo_mobile_max_width":0,"ocean_custom_logo_max_height":0,"ocean_custom_logo_tablet_max_height":0,"ocean_custom_logo_mobile_max_height":0,"ocean_header_custom_menu":"","ocean_menu_typo_font_family":"","ocean_menu_typo_font_subset":"","ocean_menu_typo_font_size":0,"ocean_menu_typo_font_size_tablet":0,"ocean_menu_typo_font_size_mobile":0,"ocean_menu_typo_font_size_unit":"px","ocean_menu_typo_font_weight":"","ocean_menu_typo_font_weight_tablet":"","ocean_menu_typo_font_weight_mobile":"","ocean_menu_typo_transform":"","ocean_menu_typo_transform_tablet":"","ocean_menu_typo_transform_mobile":"","ocean_menu_typo_line_height":0,"ocean_menu_typo_line_height_tablet":0,"ocean_menu_typo_line_height_mobile":0,"ocean_menu_typo_line_height_unit":"","ocean_menu_typo_spacing":0,"ocean_menu_typo_spacing_tablet":0,"ocean_menu_typo_spacing_mobile":0,"ocean_menu_typo_spacing_unit":"","ocean_menu_link_color":"","ocean_menu_link_color_hover":"","ocean_menu_link_color_active":"","ocean_menu_link_background":"","ocean_menu_link_hover_background":"","ocean_menu_link_active_background":"","ocean_menu_social_links_bg":"","ocean_menu_social_hover_links_bg":"","ocean_menu_social_links_color":"","ocean_menu_social_hover_links_color":"","ocean_disable_title":"default","ocean_disable_heading":"default","ocean_post_title":"","ocean_post_subheading":"","ocean_post_title_style":"","ocean_post_title_background_color":"","ocean_post_title_background":0,"ocean_post_title_bg_image_position":"","ocean_post_title_bg_image_attachment":"","ocean_post_title_bg_image_repeat":"","ocean_post_title_bg_image_size":"","ocean_post_title_height":0,"ocean_post_title_bg_overlay":0.5,"ocean_post_title_bg_overlay_color":"","ocean_disable_breadcrumbs":"default","ocean_breadcrumbs_color":"","ocean_breadcrumbs_separator_color":"","ocean_breadcrumbs_links_color":"","ocean_breadcrumbs_links_hover_color":"","ocean_display_footer_widgets":"default","ocean_display_footer_bottom":"default","ocean_custom_footer_template":"","ocean_post_oembed":"","ocean_post_self_hosted_media":"","ocean_post_video_embed":"","ocean_link_format":"","ocean_link_format_target":"self","ocean_quote_format":"","ocean_quote_format_link":"post","ocean_gallery_link_images":"on","ocean_gallery_id":[],"footnotes":""},"categories":[133],"tags":[139],"class_list":["post-55899","post","type-post","status-publish","format-standard","has-post-thumbnail","hentry","category-notizie","tag-notizie-di-la-ccis","entry","has-media"],"yoast_head":"<!-- This site is optimized with the Yoast SEO plugin v27.4 - https:\/\/yoast.com\/product\/yoast-seo-wordpress\/ -->\n<title>&quot;Itinerari dolci&quot; per giovani studenti europei - Italcamara<\/title>\n<meta name=\"robots\" content=\"index, follow, max-snippet:-1, max-image-preview:large, max-video-preview:-1\" \/>\n<link rel=\"canonical\" href=\"https:\/\/italcamara-es.com\/it\/notizie\/itinerari-dolci-per-giovani-studenti-europei\/\" \/>\n<meta property=\"og:locale\" content=\"it_IT\" \/>\n<meta property=\"og:type\" content=\"article\" \/>\n<meta property=\"og:title\" content=\"&quot;Itinerari dolci&quot; per giovani studenti europei - Italcamara\" \/>\n<meta property=\"og:description\" content=\"Presentati a Madrid i risultati del progetto ESI \u2013 European Sweet Itineraries, nel quale si sono definiti tre itinerari educativi nel settore della pasticceria in Spagna, Portogallo ed Italia. &nbsp; L\u20198 febbraio, nella sede della rappresentanza della Commissione Europea a Madrid, si \u00e8 tenuto l\u2019evento finale di presentazione dei risultati del progetto \u201cESI \u2013 European [&hellip;]\" \/>\n<meta property=\"og:url\" content=\"https:\/\/italcamara-es.com\/it\/notizie\/itinerari-dolci-per-giovani-studenti-europei\/\" \/>\n<meta property=\"og:site_name\" content=\"Italcamara\" \/>\n<meta property=\"article:published_time\" content=\"2017-02-08T13:10:44+00:00\" \/>\n<meta property=\"og:image\" content=\"https:\/\/italcamara-es.com\/wp-content\/uploads\/2025\/03\/2017_febbraio_eventESI-192.jpg\" \/>\n\t<meta property=\"og:image:width\" content=\"1000\" \/>\n\t<meta property=\"og:image:height\" content=\"667\" \/>\n\t<meta property=\"og:image:type\" content=\"image\/jpeg\" \/>\n<meta name=\"author\" content=\"administrador\" \/>\n<meta name=\"twitter:card\" content=\"summary_large_image\" \/>\n<meta name=\"twitter:label1\" content=\"Scritto da\" \/>\n\t<meta name=\"twitter:data1\" content=\"administrador\" \/>\n\t<meta name=\"twitter:label2\" content=\"Tempo di lettura stimato\" \/>\n\t<meta name=\"twitter:data2\" content=\"3 minuti\" \/>\n<script type=\"application\/ld+json\" class=\"yoast-schema-graph\">{\"@context\":\"https:\\\/\\\/schema.org\",\"@graph\":[{\"@type\":\"Article\",\"@id\":\"https:\\\/\\\/italcamara-es.com\\\/it\\\/notizie\\\/itinerari-dolci-per-giovani-studenti-europei\\\/#article\",\"isPartOf\":{\"@id\":\"https:\\\/\\\/italcamara-es.com\\\/it\\\/notizie\\\/itinerari-dolci-per-giovani-studenti-europei\\\/\"},\"author\":{\"name\":\"administrador\",\"@id\":\"https:\\\/\\\/italcamara-es.com\\\/#\\\/schema\\\/person\\\/bb3c56263e405bbd9a15171dcfee93bb\"},\"headline\":\"&#8220;Itinerari dolci&#8221; per giovani studenti europei\",\"datePublished\":\"2017-02-08T13:10:44+00:00\",\"mainEntityOfPage\":{\"@id\":\"https:\\\/\\\/italcamara-es.com\\\/it\\\/notizie\\\/itinerari-dolci-per-giovani-studenti-europei\\\/\"},\"wordCount\":628,\"commentCount\":0,\"image\":{\"@id\":\"https:\\\/\\\/italcamara-es.com\\\/it\\\/notizie\\\/itinerari-dolci-per-giovani-studenti-europei\\\/#primaryimage\"},\"thumbnailUrl\":\"https:\\\/\\\/italcamara-es.com\\\/wp-content\\\/uploads\\\/2025\\\/03\\\/2017_febbraio_eventESI-192.jpg\",\"keywords\":[\"Notizie di la CCIS\"],\"articleSection\":[\"Notizie\"],\"inLanguage\":\"it-IT\",\"potentialAction\":[{\"@type\":\"CommentAction\",\"name\":\"Comment\",\"target\":[\"https:\\\/\\\/italcamara-es.com\\\/it\\\/notizie\\\/itinerari-dolci-per-giovani-studenti-europei\\\/#respond\"]}]},{\"@type\":\"WebPage\",\"@id\":\"https:\\\/\\\/italcamara-es.com\\\/it\\\/notizie\\\/itinerari-dolci-per-giovani-studenti-europei\\\/\",\"url\":\"https:\\\/\\\/italcamara-es.com\\\/it\\\/notizie\\\/itinerari-dolci-per-giovani-studenti-europei\\\/\",\"name\":\"\\\"Itinerari dolci\\\" per giovani studenti europei - Italcamara\",\"isPartOf\":{\"@id\":\"https:\\\/\\\/italcamara-es.com\\\/#website\"},\"primaryImageOfPage\":{\"@id\":\"https:\\\/\\\/italcamara-es.com\\\/it\\\/notizie\\\/itinerari-dolci-per-giovani-studenti-europei\\\/#primaryimage\"},\"image\":{\"@id\":\"https:\\\/\\\/italcamara-es.com\\\/it\\\/notizie\\\/itinerari-dolci-per-giovani-studenti-europei\\\/#primaryimage\"},\"thumbnailUrl\":\"https:\\\/\\\/italcamara-es.com\\\/wp-content\\\/uploads\\\/2025\\\/03\\\/2017_febbraio_eventESI-192.jpg\",\"datePublished\":\"2017-02-08T13:10:44+00:00\",\"author\":{\"@id\":\"https:\\\/\\\/italcamara-es.com\\\/#\\\/schema\\\/person\\\/bb3c56263e405bbd9a15171dcfee93bb\"},\"breadcrumb\":{\"@id\":\"https:\\\/\\\/italcamara-es.com\\\/it\\\/notizie\\\/itinerari-dolci-per-giovani-studenti-europei\\\/#breadcrumb\"},\"inLanguage\":\"it-IT\",\"potentialAction\":[{\"@type\":\"ReadAction\",\"target\":[\"https:\\\/\\\/italcamara-es.com\\\/it\\\/notizie\\\/itinerari-dolci-per-giovani-studenti-europei\\\/\"]}]},{\"@type\":\"ImageObject\",\"inLanguage\":\"it-IT\",\"@id\":\"https:\\\/\\\/italcamara-es.com\\\/it\\\/notizie\\\/itinerari-dolci-per-giovani-studenti-europei\\\/#primaryimage\",\"url\":\"https:\\\/\\\/italcamara-es.com\\\/wp-content\\\/uploads\\\/2025\\\/03\\\/2017_febbraio_eventESI-192.jpg\",\"contentUrl\":\"https:\\\/\\\/italcamara-es.com\\\/wp-content\\\/uploads\\\/2025\\\/03\\\/2017_febbraio_eventESI-192.jpg\",\"width\":1000,\"height\":667},{\"@type\":\"BreadcrumbList\",\"@id\":\"https:\\\/\\\/italcamara-es.com\\\/it\\\/notizie\\\/itinerari-dolci-per-giovani-studenti-europei\\\/#breadcrumb\",\"itemListElement\":[{\"@type\":\"ListItem\",\"position\":1,\"name\":\"Inicio\",\"item\":\"https:\\\/\\\/italcamara-es.com\\\/it\\\/homepage-ita\\\/\"},{\"@type\":\"ListItem\",\"position\":2,\"name\":\"\u00abItinerari dolci\u00bb per giovani studenti europei\"}]},{\"@type\":\"WebSite\",\"@id\":\"https:\\\/\\\/italcamara-es.com\\\/#website\",\"url\":\"https:\\\/\\\/italcamara-es.com\\\/\",\"name\":\"Italcamara\",\"description\":\"\",\"potentialAction\":[{\"@type\":\"SearchAction\",\"target\":{\"@type\":\"EntryPoint\",\"urlTemplate\":\"https:\\\/\\\/italcamara-es.com\\\/?s={search_term_string}\"},\"query-input\":{\"@type\":\"PropertyValueSpecification\",\"valueRequired\":true,\"valueName\":\"search_term_string\"}}],\"inLanguage\":\"it-IT\"},{\"@type\":\"Person\",\"@id\":\"https:\\\/\\\/italcamara-es.com\\\/#\\\/schema\\\/person\\\/bb3c56263e405bbd9a15171dcfee93bb\",\"name\":\"administrador\",\"image\":{\"@type\":\"ImageObject\",\"inLanguage\":\"it-IT\",\"@id\":\"https:\\\/\\\/secure.gravatar.com\\\/avatar\\\/14b5e63db38320b12031bb28cf9f77e210aa71fb3a8a3602a3c9a05134fa75eb?s=96&d=mm&r=g\",\"url\":\"https:\\\/\\\/secure.gravatar.com\\\/avatar\\\/14b5e63db38320b12031bb28cf9f77e210aa71fb3a8a3602a3c9a05134fa75eb?s=96&d=mm&r=g\",\"contentUrl\":\"https:\\\/\\\/secure.gravatar.com\\\/avatar\\\/14b5e63db38320b12031bb28cf9f77e210aa71fb3a8a3602a3c9a05134fa75eb?s=96&d=mm&r=g\",\"caption\":\"administrador\"},\"sameAs\":[\"http:\\\/\\\/pre.italcamara-es.com\"],\"url\":\"https:\\\/\\\/italcamara-es.com\\\/it\\\/author\\\/administrador\\\/\"}]}<\/script>\n<!-- \/ Yoast SEO plugin. -->","yoast_head_json":{"title":"\"Itinerari dolci\" per giovani studenti europei - Italcamara","robots":{"index":"index","follow":"follow","max-snippet":"max-snippet:-1","max-image-preview":"max-image-preview:large","max-video-preview":"max-video-preview:-1"},"canonical":"https:\/\/italcamara-es.com\/it\/notizie\/itinerari-dolci-per-giovani-studenti-europei\/","og_locale":"it_IT","og_type":"article","og_title":"\"Itinerari dolci\" per giovani studenti europei - Italcamara","og_description":"Presentati a Madrid i risultati del progetto ESI \u2013 European Sweet Itineraries, nel quale si sono definiti tre itinerari educativi nel settore della pasticceria in Spagna, Portogallo ed Italia. &nbsp; L\u20198 febbraio, nella sede della rappresentanza della Commissione Europea a Madrid, si \u00e8 tenuto l\u2019evento finale di presentazione dei risultati del progetto \u201cESI \u2013 European [&hellip;]","og_url":"https:\/\/italcamara-es.com\/it\/notizie\/itinerari-dolci-per-giovani-studenti-europei\/","og_site_name":"Italcamara","article_published_time":"2017-02-08T13:10:44+00:00","og_image":[{"width":1000,"height":667,"url":"https:\/\/italcamara-es.com\/wp-content\/uploads\/2025\/03\/2017_febbraio_eventESI-192.jpg","type":"image\/jpeg"}],"author":"administrador","twitter_card":"summary_large_image","twitter_misc":{"Scritto da":"administrador","Tempo di lettura stimato":"3 minuti"},"schema":{"@context":"https:\/\/schema.org","@graph":[{"@type":"Article","@id":"https:\/\/italcamara-es.com\/it\/notizie\/itinerari-dolci-per-giovani-studenti-europei\/#article","isPartOf":{"@id":"https:\/\/italcamara-es.com\/it\/notizie\/itinerari-dolci-per-giovani-studenti-europei\/"},"author":{"name":"administrador","@id":"https:\/\/italcamara-es.com\/#\/schema\/person\/bb3c56263e405bbd9a15171dcfee93bb"},"headline":"&#8220;Itinerari dolci&#8221; per giovani studenti europei","datePublished":"2017-02-08T13:10:44+00:00","mainEntityOfPage":{"@id":"https:\/\/italcamara-es.com\/it\/notizie\/itinerari-dolci-per-giovani-studenti-europei\/"},"wordCount":628,"commentCount":0,"image":{"@id":"https:\/\/italcamara-es.com\/it\/notizie\/itinerari-dolci-per-giovani-studenti-europei\/#primaryimage"},"thumbnailUrl":"https:\/\/italcamara-es.com\/wp-content\/uploads\/2025\/03\/2017_febbraio_eventESI-192.jpg","keywords":["Notizie di la CCIS"],"articleSection":["Notizie"],"inLanguage":"it-IT","potentialAction":[{"@type":"CommentAction","name":"Comment","target":["https:\/\/italcamara-es.com\/it\/notizie\/itinerari-dolci-per-giovani-studenti-europei\/#respond"]}]},{"@type":"WebPage","@id":"https:\/\/italcamara-es.com\/it\/notizie\/itinerari-dolci-per-giovani-studenti-europei\/","url":"https:\/\/italcamara-es.com\/it\/notizie\/itinerari-dolci-per-giovani-studenti-europei\/","name":"\"Itinerari dolci\" per giovani studenti europei - Italcamara","isPartOf":{"@id":"https:\/\/italcamara-es.com\/#website"},"primaryImageOfPage":{"@id":"https:\/\/italcamara-es.com\/it\/notizie\/itinerari-dolci-per-giovani-studenti-europei\/#primaryimage"},"image":{"@id":"https:\/\/italcamara-es.com\/it\/notizie\/itinerari-dolci-per-giovani-studenti-europei\/#primaryimage"},"thumbnailUrl":"https:\/\/italcamara-es.com\/wp-content\/uploads\/2025\/03\/2017_febbraio_eventESI-192.jpg","datePublished":"2017-02-08T13:10:44+00:00","author":{"@id":"https:\/\/italcamara-es.com\/#\/schema\/person\/bb3c56263e405bbd9a15171dcfee93bb"},"breadcrumb":{"@id":"https:\/\/italcamara-es.com\/it\/notizie\/itinerari-dolci-per-giovani-studenti-europei\/#breadcrumb"},"inLanguage":"it-IT","potentialAction":[{"@type":"ReadAction","target":["https:\/\/italcamara-es.com\/it\/notizie\/itinerari-dolci-per-giovani-studenti-europei\/"]}]},{"@type":"ImageObject","inLanguage":"it-IT","@id":"https:\/\/italcamara-es.com\/it\/notizie\/itinerari-dolci-per-giovani-studenti-europei\/#primaryimage","url":"https:\/\/italcamara-es.com\/wp-content\/uploads\/2025\/03\/2017_febbraio_eventESI-192.jpg","contentUrl":"https:\/\/italcamara-es.com\/wp-content\/uploads\/2025\/03\/2017_febbraio_eventESI-192.jpg","width":1000,"height":667},{"@type":"BreadcrumbList","@id":"https:\/\/italcamara-es.com\/it\/notizie\/itinerari-dolci-per-giovani-studenti-europei\/#breadcrumb","itemListElement":[{"@type":"ListItem","position":1,"name":"Inicio","item":"https:\/\/italcamara-es.com\/it\/homepage-ita\/"},{"@type":"ListItem","position":2,"name":"\u00abItinerari dolci\u00bb per giovani studenti europei"}]},{"@type":"WebSite","@id":"https:\/\/italcamara-es.com\/#website","url":"https:\/\/italcamara-es.com\/","name":"Italcamara","description":"","potentialAction":[{"@type":"SearchAction","target":{"@type":"EntryPoint","urlTemplate":"https:\/\/italcamara-es.com\/?s={search_term_string}"},"query-input":{"@type":"PropertyValueSpecification","valueRequired":true,"valueName":"search_term_string"}}],"inLanguage":"it-IT"},{"@type":"Person","@id":"https:\/\/italcamara-es.com\/#\/schema\/person\/bb3c56263e405bbd9a15171dcfee93bb","name":"administrador","image":{"@type":"ImageObject","inLanguage":"it-IT","@id":"https:\/\/secure.gravatar.com\/avatar\/14b5e63db38320b12031bb28cf9f77e210aa71fb3a8a3602a3c9a05134fa75eb?s=96&d=mm&r=g","url":"https:\/\/secure.gravatar.com\/avatar\/14b5e63db38320b12031bb28cf9f77e210aa71fb3a8a3602a3c9a05134fa75eb?s=96&d=mm&r=g","contentUrl":"https:\/\/secure.gravatar.com\/avatar\/14b5e63db38320b12031bb28cf9f77e210aa71fb3a8a3602a3c9a05134fa75eb?s=96&d=mm&r=g","caption":"administrador"},"sameAs":["http:\/\/pre.italcamara-es.com"],"url":"https:\/\/italcamara-es.com\/it\/author\/administrador\/"}]}},"rttpg_featured_image_url":{"full":["https:\/\/italcamara-es.com\/wp-content\/uploads\/2025\/03\/2017_febbraio_eventESI-192.jpg",1000,667,false],"landscape":["https:\/\/italcamara-es.com\/wp-content\/uploads\/2025\/03\/2017_febbraio_eventESI-192.jpg",1000,667,false],"portraits":["https:\/\/italcamara-es.com\/wp-content\/uploads\/2025\/03\/2017_febbraio_eventESI-192.jpg",1000,667,false],"thumbnail":["https:\/\/italcamara-es.com\/wp-content\/uploads\/2025\/03\/2017_febbraio_eventESI-192-150x150.jpg",150,150,true],"medium":["https:\/\/italcamara-es.com\/wp-content\/uploads\/2025\/03\/2017_febbraio_eventESI-192-300x200.jpg",300,200,true],"large":["https:\/\/italcamara-es.com\/wp-content\/uploads\/2025\/03\/2017_febbraio_eventESI-192.jpg",1000,667,false],"1536x1536":["https:\/\/italcamara-es.com\/wp-content\/uploads\/2025\/03\/2017_febbraio_eventESI-192.jpg",1000,667,false],"2048x2048":["https:\/\/italcamara-es.com\/wp-content\/uploads\/2025\/03\/2017_febbraio_eventESI-192.jpg",1000,667,false],"ocean-thumb-m":["https:\/\/italcamara-es.com\/wp-content\/uploads\/2025\/03\/2017_febbraio_eventESI-192-600x600.jpg",600,600,true],"ocean-thumb-ml":["https:\/\/italcamara-es.com\/wp-content\/uploads\/2025\/03\/2017_febbraio_eventESI-192-800x450.jpg",800,450,true],"ocean-thumb-l":["https:\/\/italcamara-es.com\/wp-content\/uploads\/2025\/03\/2017_febbraio_eventESI-192.jpg",1000,667,false],"directorist_preview":["https:\/\/italcamara-es.com\/wp-content\/uploads\/2025\/03\/2017_febbraio_eventESI-192-640x360.jpg",640,360,true]},"rttpg_author":{"display_name":"administrador","author_link":"https:\/\/italcamara-es.com\/it\/author\/administrador\/"},"rttpg_comment":0,"rttpg_category":"<a href=\"https:\/\/italcamara-es.com\/it\/category\/notizie\/\" rel=\"category tag\">Notizie<\/a>","rttpg_excerpt":"Presentati a Madrid i risultati del progetto ESI \u2013 European Sweet Itineraries, nel quale si sono definiti tre itinerari educativi nel settore della pasticceria in Spagna, Portogallo ed Italia. &nbsp; L\u20198 febbraio, nella sede della rappresentanza della Commissione Europea a Madrid, si \u00e8 tenuto l\u2019evento finale di presentazione dei risultati del progetto \u201cESI \u2013 European&hellip;","_links":{"self":[{"href":"https:\/\/italcamara-es.com\/it\/wp-json\/wp\/v2\/posts\/55899","targetHints":{"allow":["GET"]}}],"collection":[{"href":"https:\/\/italcamara-es.com\/it\/wp-json\/wp\/v2\/posts"}],"about":[{"href":"https:\/\/italcamara-es.com\/it\/wp-json\/wp\/v2\/types\/post"}],"author":[{"embeddable":true,"href":"https:\/\/italcamara-es.com\/it\/wp-json\/wp\/v2\/users\/1"}],"replies":[{"embeddable":true,"href":"https:\/\/italcamara-es.com\/it\/wp-json\/wp\/v2\/comments?post=55899"}],"version-history":[{"count":0,"href":"https:\/\/italcamara-es.com\/it\/wp-json\/wp\/v2\/posts\/55899\/revisions"}],"wp:featuredmedia":[{"embeddable":true,"href":"https:\/\/italcamara-es.com\/it\/wp-json\/wp\/v2\/media\/55900"}],"wp:attachment":[{"href":"https:\/\/italcamara-es.com\/it\/wp-json\/wp\/v2\/media?parent=55899"}],"wp:term":[{"taxonomy":"category","embeddable":true,"href":"https:\/\/italcamara-es.com\/it\/wp-json\/wp\/v2\/categories?post=55899"},{"taxonomy":"post_tag","embeddable":true,"href":"https:\/\/italcamara-es.com\/it\/wp-json\/wp\/v2\/tags?post=55899"}],"curies":[{"name":"wp","href":"https:\/\/api.w.org\/{rel}","templated":true}]}}