	{"id":55908,"date":"2017-03-02T15:13:12","date_gmt":"2017-03-02T14:13:12","guid":{"rendered":"http:\/\/pre.italcamara-es.com\/senza-categoria\/ignacio-mariscal-e-marco-pizzi-primi-brand-ambassador-giuliaonmind\/"},"modified":"2017-03-02T15:13:12","modified_gmt":"2017-03-02T14:13:12","slug":"ignacio-mariscal-e-marco-pizzi-primi-brand-ambassador-giuliaonmind","status":"publish","type":"post","link":"https:\/\/italcamara-es.com\/it\/notizie\/ignacio-mariscal-e-marco-pizzi-primi-brand-ambassador-giuliaonmind\/","title":{"rendered":"Ignacio Mariscal e Marco Pizzi primi Brand Ambassador #GiuliaOnMind"},"content":{"rendered":"<p>Nell\u2019ambito del<strong> progetto #GiuliaOnMind<\/strong>, si sono consegnate due Alfa Giulia ad <strong>Ignacio Mariscal<\/strong>, Consigliere Delegato di Reale Seguros e Reale Vida, societ\u00e0 assicuratrici di Reale Group in Spagna, e\u00a0<strong>Marco Pizzi<\/strong>, General Manager di Intesa Sanpaolo in Spagna e Presidente della Camera di Commercio e Industria Italiana per la Spagna (CCIS). Entrambi sono stati selezionati come primi Brand Ambassador (BA) Alfa, carica che occuperanno per tutto il mese di Marzo.<\/p>\n<p>&nbsp;<\/p>\n<p>#GiuliaOnMind \u00e8 un progetto sviluppato dalla <strong>CCIS e FCA Spain<\/strong> per lo studio del posizionamento della marchio Alfa tra le grandi compagnie con sede in Spagna.<\/p>\n<p>&nbsp;<\/p>\n<p>I due Ambasciatori Alfisti avranno la possibilit\u00e0 di <strong>condurre un\u2019Alfa Giulia<\/strong> full optional per tutto il mese e provare cos\u00ec tutte le prestazioni offerte da questa magnifica vettura, che unisce il meglio della tradizione automobilistica e dell\u2019innovazione tecnologica italiane. Sempre nell\u2019ambito del progetto, verranno realizzate delle interviste ai BA per conoscere la loro storia, la loro relazione con le auto e con le marche distintive del Made in Italy.<\/p>\n<p>&nbsp;<\/p>\n<p>I BA Alfa rappresentano le <strong>eccellenze<\/strong> della comunit\u00e0 di affari italo-spagnola.<\/p>\n<p>&nbsp;<\/p>\n<p><strong>Ignacio Mariscal<\/strong>, laureato in Diritto ed Amministrazione e Direzione di imprese all\u2019Universit\u00e0 di Deusto e MBA all\u2019Universit\u00e0 di Navarra, nel 2008 \u00e8 entrato a far parte di Reale Seguros \u2013 appartenente a Reale Group, la cui societ\u00e0 madre \u00e8 la compagnia italiana Reale Mutua Assicurazioni. Dal 2014 \u00e8 Consigliere Delegato delle compagnie assicuratrici del Gruppo in Spagna. Precedentemente ha lavorato nell\u2019ambito della consulenza strategica in diverse imprese multinazionali, specializzandosi nel settore assicurativo e finanziario.<\/p>\n<p>&nbsp;<\/p>\n<p><img fetchpriority=\"high\" decoding=\"async\" class=\" size-full wp-image-11256 aligncenter\" src=\"https:\/\/www.italcamara-es.com\/wp-content\/uploads\/2017\/03\/Mariscal7001.jpg\" alt=\"Mariscal700\" width=\"700\" height=\"394\" \/><\/p>\n<p>&nbsp;<\/p>\n<p><strong>Marco Pizzi<\/strong>, nato a Bergamo, durante la sua carriera professionale ha lavorato in 5 Paesi stranieri differenti (USA, Argentina, Messico, Cile e Spagna) come uomo di punta di San Paolo prima ed Intesa Sanpaolo in seguito alla fusione delle due banche. Nonostante la lontananza dal suo Paese natale, Pizzi ha sempre rappresentato con orgoglio\u00a0l\u2019italianit\u00e0 nel mondo. Dal dicembre 2006 riveste anche la carica di presidente della CCIS, contribuendo alla promozione delle relazioni economiche e commerciali tra Spagna ed Italia.<\/p>\n<p>&nbsp;<\/p>\n<p><img decoding=\"async\" class=\"aligncenter wp-image-11257 size-full\" src=\"https:\/\/www.italcamara-es.com\/wp-content\/uploads\/2017\/03\/Pizzi7001.jpg\" alt=\"Pizzi700\" width=\"700\" height=\"394\" \/><\/p>\n<p>&nbsp;<\/p>\n<p>Clicca sul seguente link per maggiori informazioni sul progetto <span style=\"color: #003366;\"><strong><a style=\"color: #003366;\" href=\"https:\/\/www.italcamara-es.com\/it\/2017\/02\/28\/giuliaonmind-progetto-per-lo-studio-dellaccettazione-dellalfa-giulia-nel-mercato-spagnolo\/\" target=\"_blank\" rel=\"noopener\">#GiuliaOnMind<\/a><\/strong><\/span>.<\/p>\n","protected":false},"excerpt":{"rendered":"<p>Nell\u2019ambito del progetto #GiuliaOnMind, si sono consegnate due Alfa Giulia ad Ignacio Mariscal, Consigliere Delegato di Reale Seguros e Reale Vida, societ\u00e0 assicuratrici di Reale Group in Spagna, e\u00a0Marco Pizzi, General Manager di Intesa Sanpaolo in Spagna e Presidente della Camera di Commercio e Industria Italiana per la Spagna (CCIS). Entrambi sono stati selezionati come [&hellip;]<\/p>\n","protected":false},"author":1,"featured_media":55909,"comment_status":"open","ping_status":"open","sticky":false,"template":"","format":"standard","meta":{"inline_featured_image":false,"ocean_post_layout":"","ocean_both_sidebars_style":"","ocean_both_sidebars_content_width":0,"ocean_both_sidebars_sidebars_width":0,"ocean_sidebar":"","ocean_second_sidebar":"","ocean_disable_margins":"enable","ocean_add_body_class":"","ocean_shortcode_before_top_bar":"","ocean_shortcode_after_top_bar":"","ocean_shortcode_before_header":"","ocean_shortcode_after_header":"","ocean_has_shortcode":"","ocean_shortcode_after_title":"","ocean_shortcode_before_footer_widgets":"","ocean_shortcode_after_footer_widgets":"","ocean_shortcode_before_footer_bottom":"","ocean_shortcode_after_footer_bottom":"","ocean_display_top_bar":"default","ocean_display_header":"default","ocean_header_style":"","ocean_center_header_left_menu":"","ocean_custom_header_template":"","ocean_custom_logo":0,"ocean_custom_retina_logo":0,"ocean_custom_logo_max_width":0,"ocean_custom_logo_tablet_max_width":0,"ocean_custom_logo_mobile_max_width":0,"ocean_custom_logo_max_height":0,"ocean_custom_logo_tablet_max_height":0,"ocean_custom_logo_mobile_max_height":0,"ocean_header_custom_menu":"","ocean_menu_typo_font_family":"","ocean_menu_typo_font_subset":"","ocean_menu_typo_font_size":0,"ocean_menu_typo_font_size_tablet":0,"ocean_menu_typo_font_size_mobile":0,"ocean_menu_typo_font_size_unit":"px","ocean_menu_typo_font_weight":"","ocean_menu_typo_font_weight_tablet":"","ocean_menu_typo_font_weight_mobile":"","ocean_menu_typo_transform":"","ocean_menu_typo_transform_tablet":"","ocean_menu_typo_transform_mobile":"","ocean_menu_typo_line_height":0,"ocean_menu_typo_line_height_tablet":0,"ocean_menu_typo_line_height_mobile":0,"ocean_menu_typo_line_height_unit":"","ocean_menu_typo_spacing":0,"ocean_menu_typo_spacing_tablet":0,"ocean_menu_typo_spacing_mobile":0,"ocean_menu_typo_spacing_unit":"","ocean_menu_link_color":"","ocean_menu_link_color_hover":"","ocean_menu_link_color_active":"","ocean_menu_link_background":"","ocean_menu_link_hover_background":"","ocean_menu_link_active_background":"","ocean_menu_social_links_bg":"","ocean_menu_social_hover_links_bg":"","ocean_menu_social_links_color":"","ocean_menu_social_hover_links_color":"","ocean_disable_title":"default","ocean_disable_heading":"default","ocean_post_title":"","ocean_post_subheading":"","ocean_post_title_style":"","ocean_post_title_background_color":"","ocean_post_title_background":0,"ocean_post_title_bg_image_position":"","ocean_post_title_bg_image_attachment":"","ocean_post_title_bg_image_repeat":"","ocean_post_title_bg_image_size":"","ocean_post_title_height":0,"ocean_post_title_bg_overlay":0.5,"ocean_post_title_bg_overlay_color":"","ocean_disable_breadcrumbs":"default","ocean_breadcrumbs_color":"","ocean_breadcrumbs_separator_color":"","ocean_breadcrumbs_links_color":"","ocean_breadcrumbs_links_hover_color":"","ocean_display_footer_widgets":"default","ocean_display_footer_bottom":"default","ocean_custom_footer_template":"","ocean_post_oembed":"","ocean_post_self_hosted_media":"","ocean_post_video_embed":"","ocean_link_format":"","ocean_link_format_target":"self","ocean_quote_format":"","ocean_quote_format_link":"post","ocean_gallery_link_images":"on","ocean_gallery_id":[],"footnotes":""},"categories":[133],"tags":[139],"class_list":["post-55908","post","type-post","status-publish","format-standard","has-post-thumbnail","hentry","category-notizie","tag-notizie-di-la-ccis","entry","has-media"],"yoast_head":"<!-- This site is optimized with the Yoast SEO plugin v27.5 - https:\/\/yoast.com\/product\/yoast-seo-wordpress\/ -->\n<title>Ignacio Mariscal e Marco Pizzi primi Brand Ambassador #GiuliaOnMind - Italcamara<\/title>\n<meta name=\"robots\" content=\"index, follow, max-snippet:-1, max-image-preview:large, max-video-preview:-1\" \/>\n<link rel=\"canonical\" href=\"https:\/\/italcamara-es.com\/it\/notizie\/ignacio-mariscal-e-marco-pizzi-primi-brand-ambassador-giuliaonmind\/\" \/>\n<meta property=\"og:locale\" content=\"it_IT\" \/>\n<meta property=\"og:type\" content=\"article\" \/>\n<meta property=\"og:title\" content=\"Ignacio Mariscal e Marco Pizzi primi Brand Ambassador #GiuliaOnMind - Italcamara\" \/>\n<meta property=\"og:description\" content=\"Nell\u2019ambito del progetto #GiuliaOnMind, si sono consegnate due Alfa Giulia ad Ignacio Mariscal, Consigliere Delegato di Reale Seguros e Reale Vida, societ\u00e0 assicuratrici di Reale Group in Spagna, e\u00a0Marco Pizzi, General Manager di Intesa Sanpaolo in Spagna e Presidente della Camera di Commercio e Industria Italiana per la Spagna (CCIS). Entrambi sono stati selezionati come [&hellip;]\" \/>\n<meta property=\"og:url\" content=\"https:\/\/italcamara-es.com\/it\/notizie\/ignacio-mariscal-e-marco-pizzi-primi-brand-ambassador-giuliaonmind\/\" \/>\n<meta property=\"og:site_name\" content=\"Italcamara\" \/>\n<meta property=\"article:published_time\" content=\"2017-03-02T14:13:12+00:00\" \/>\n<meta property=\"og:image\" content=\"https:\/\/italcamara-es.com\/wp-content\/uploads\/2025\/03\/Pizzi-Mariscal-2505.jpg\" \/>\n\t<meta property=\"og:image:width\" content=\"250\" \/>\n\t<meta property=\"og:image:height\" content=\"140\" \/>\n\t<meta property=\"og:image:type\" content=\"image\/jpeg\" \/>\n<meta name=\"author\" content=\"administrador\" \/>\n<meta name=\"twitter:card\" content=\"summary_large_image\" \/>\n<meta name=\"twitter:label1\" content=\"Scritto da\" \/>\n\t<meta name=\"twitter:data1\" content=\"administrador\" \/>\n\t<meta name=\"twitter:label2\" content=\"Tempo di lettura stimato\" \/>\n\t<meta name=\"twitter:data2\" content=\"2 minuti\" \/>\n<script type=\"application\/ld+json\" class=\"yoast-schema-graph\">{\"@context\":\"https:\\\/\\\/schema.org\",\"@graph\":[{\"@type\":\"Article\",\"@id\":\"https:\\\/\\\/italcamara-es.com\\\/it\\\/notizie\\\/ignacio-mariscal-e-marco-pizzi-primi-brand-ambassador-giuliaonmind\\\/#article\",\"isPartOf\":{\"@id\":\"https:\\\/\\\/italcamara-es.com\\\/it\\\/notizie\\\/ignacio-mariscal-e-marco-pizzi-primi-brand-ambassador-giuliaonmind\\\/\"},\"author\":{\"name\":\"administrador\",\"@id\":\"https:\\\/\\\/italcamara-es.com\\\/#\\\/schema\\\/person\\\/bb3c56263e405bbd9a15171dcfee93bb\"},\"headline\":\"Ignacio Mariscal e Marco Pizzi primi Brand Ambassador #GiuliaOnMind\",\"datePublished\":\"2017-03-02T14:13:12+00:00\",\"mainEntityOfPage\":{\"@id\":\"https:\\\/\\\/italcamara-es.com\\\/it\\\/notizie\\\/ignacio-mariscal-e-marco-pizzi-primi-brand-ambassador-giuliaonmind\\\/\"},\"wordCount\":356,\"commentCount\":0,\"image\":{\"@id\":\"https:\\\/\\\/italcamara-es.com\\\/it\\\/notizie\\\/ignacio-mariscal-e-marco-pizzi-primi-brand-ambassador-giuliaonmind\\\/#primaryimage\"},\"thumbnailUrl\":\"https:\\\/\\\/italcamara-es.com\\\/wp-content\\\/uploads\\\/2025\\\/03\\\/Pizzi-Mariscal-2505.jpg\",\"keywords\":[\"Notizie di la CCIS\"],\"articleSection\":[\"Notizie\"],\"inLanguage\":\"it-IT\",\"potentialAction\":[{\"@type\":\"CommentAction\",\"name\":\"Comment\",\"target\":[\"https:\\\/\\\/italcamara-es.com\\\/it\\\/notizie\\\/ignacio-mariscal-e-marco-pizzi-primi-brand-ambassador-giuliaonmind\\\/#respond\"]}]},{\"@type\":\"WebPage\",\"@id\":\"https:\\\/\\\/italcamara-es.com\\\/it\\\/notizie\\\/ignacio-mariscal-e-marco-pizzi-primi-brand-ambassador-giuliaonmind\\\/\",\"url\":\"https:\\\/\\\/italcamara-es.com\\\/it\\\/notizie\\\/ignacio-mariscal-e-marco-pizzi-primi-brand-ambassador-giuliaonmind\\\/\",\"name\":\"Ignacio Mariscal e Marco Pizzi primi Brand Ambassador #GiuliaOnMind - Italcamara\",\"isPartOf\":{\"@id\":\"https:\\\/\\\/italcamara-es.com\\\/#website\"},\"primaryImageOfPage\":{\"@id\":\"https:\\\/\\\/italcamara-es.com\\\/it\\\/notizie\\\/ignacio-mariscal-e-marco-pizzi-primi-brand-ambassador-giuliaonmind\\\/#primaryimage\"},\"image\":{\"@id\":\"https:\\\/\\\/italcamara-es.com\\\/it\\\/notizie\\\/ignacio-mariscal-e-marco-pizzi-primi-brand-ambassador-giuliaonmind\\\/#primaryimage\"},\"thumbnailUrl\":\"https:\\\/\\\/italcamara-es.com\\\/wp-content\\\/uploads\\\/2025\\\/03\\\/Pizzi-Mariscal-2505.jpg\",\"datePublished\":\"2017-03-02T14:13:12+00:00\",\"author\":{\"@id\":\"https:\\\/\\\/italcamara-es.com\\\/#\\\/schema\\\/person\\\/bb3c56263e405bbd9a15171dcfee93bb\"},\"breadcrumb\":{\"@id\":\"https:\\\/\\\/italcamara-es.com\\\/it\\\/notizie\\\/ignacio-mariscal-e-marco-pizzi-primi-brand-ambassador-giuliaonmind\\\/#breadcrumb\"},\"inLanguage\":\"it-IT\",\"potentialAction\":[{\"@type\":\"ReadAction\",\"target\":[\"https:\\\/\\\/italcamara-es.com\\\/it\\\/notizie\\\/ignacio-mariscal-e-marco-pizzi-primi-brand-ambassador-giuliaonmind\\\/\"]}]},{\"@type\":\"ImageObject\",\"inLanguage\":\"it-IT\",\"@id\":\"https:\\\/\\\/italcamara-es.com\\\/it\\\/notizie\\\/ignacio-mariscal-e-marco-pizzi-primi-brand-ambassador-giuliaonmind\\\/#primaryimage\",\"url\":\"https:\\\/\\\/italcamara-es.com\\\/wp-content\\\/uploads\\\/2025\\\/03\\\/Pizzi-Mariscal-2505.jpg\",\"contentUrl\":\"https:\\\/\\\/italcamara-es.com\\\/wp-content\\\/uploads\\\/2025\\\/03\\\/Pizzi-Mariscal-2505.jpg\",\"width\":250,\"height\":140},{\"@type\":\"BreadcrumbList\",\"@id\":\"https:\\\/\\\/italcamara-es.com\\\/it\\\/notizie\\\/ignacio-mariscal-e-marco-pizzi-primi-brand-ambassador-giuliaonmind\\\/#breadcrumb\",\"itemListElement\":[{\"@type\":\"ListItem\",\"position\":1,\"name\":\"Inicio\",\"item\":\"https:\\\/\\\/italcamara-es.com\\\/it\\\/homepage-ita\\\/\"},{\"@type\":\"ListItem\",\"position\":2,\"name\":\"Ignacio Mariscal e Marco Pizzi primi Brand Ambassador #GiuliaOnMind\"}]},{\"@type\":\"WebSite\",\"@id\":\"https:\\\/\\\/italcamara-es.com\\\/#website\",\"url\":\"https:\\\/\\\/italcamara-es.com\\\/\",\"name\":\"Italcamara\",\"description\":\"\",\"potentialAction\":[{\"@type\":\"SearchAction\",\"target\":{\"@type\":\"EntryPoint\",\"urlTemplate\":\"https:\\\/\\\/italcamara-es.com\\\/?s={search_term_string}\"},\"query-input\":{\"@type\":\"PropertyValueSpecification\",\"valueRequired\":true,\"valueName\":\"search_term_string\"}}],\"inLanguage\":\"it-IT\"},{\"@type\":\"Person\",\"@id\":\"https:\\\/\\\/italcamara-es.com\\\/#\\\/schema\\\/person\\\/bb3c56263e405bbd9a15171dcfee93bb\",\"name\":\"administrador\",\"image\":{\"@type\":\"ImageObject\",\"inLanguage\":\"it-IT\",\"@id\":\"https:\\\/\\\/secure.gravatar.com\\\/avatar\\\/14b5e63db38320b12031bb28cf9f77e210aa71fb3a8a3602a3c9a05134fa75eb?s=96&d=mm&r=g\",\"url\":\"https:\\\/\\\/secure.gravatar.com\\\/avatar\\\/14b5e63db38320b12031bb28cf9f77e210aa71fb3a8a3602a3c9a05134fa75eb?s=96&d=mm&r=g\",\"contentUrl\":\"https:\\\/\\\/secure.gravatar.com\\\/avatar\\\/14b5e63db38320b12031bb28cf9f77e210aa71fb3a8a3602a3c9a05134fa75eb?s=96&d=mm&r=g\",\"caption\":\"administrador\"},\"sameAs\":[\"http:\\\/\\\/pre.italcamara-es.com\"],\"url\":\"https:\\\/\\\/italcamara-es.com\\\/it\\\/author\\\/administrador\\\/\"}]}<\/script>\n<!-- \/ Yoast SEO plugin. -->","yoast_head_json":{"title":"Ignacio Mariscal e Marco Pizzi primi Brand Ambassador #GiuliaOnMind - Italcamara","robots":{"index":"index","follow":"follow","max-snippet":"max-snippet:-1","max-image-preview":"max-image-preview:large","max-video-preview":"max-video-preview:-1"},"canonical":"https:\/\/italcamara-es.com\/it\/notizie\/ignacio-mariscal-e-marco-pizzi-primi-brand-ambassador-giuliaonmind\/","og_locale":"it_IT","og_type":"article","og_title":"Ignacio Mariscal e Marco Pizzi primi Brand Ambassador #GiuliaOnMind - Italcamara","og_description":"Nell\u2019ambito del progetto #GiuliaOnMind, si sono consegnate due Alfa Giulia ad Ignacio Mariscal, Consigliere Delegato di Reale Seguros e Reale Vida, societ\u00e0 assicuratrici di Reale Group in Spagna, e\u00a0Marco Pizzi, General Manager di Intesa Sanpaolo in Spagna e Presidente della Camera di Commercio e Industria Italiana per la Spagna (CCIS). Entrambi sono stati selezionati come [&hellip;]","og_url":"https:\/\/italcamara-es.com\/it\/notizie\/ignacio-mariscal-e-marco-pizzi-primi-brand-ambassador-giuliaonmind\/","og_site_name":"Italcamara","article_published_time":"2017-03-02T14:13:12+00:00","og_image":[{"width":250,"height":140,"url":"https:\/\/italcamara-es.com\/wp-content\/uploads\/2025\/03\/Pizzi-Mariscal-2505.jpg","type":"image\/jpeg"}],"author":"administrador","twitter_card":"summary_large_image","twitter_misc":{"Scritto da":"administrador","Tempo di lettura stimato":"2 minuti"},"schema":{"@context":"https:\/\/schema.org","@graph":[{"@type":"Article","@id":"https:\/\/italcamara-es.com\/it\/notizie\/ignacio-mariscal-e-marco-pizzi-primi-brand-ambassador-giuliaonmind\/#article","isPartOf":{"@id":"https:\/\/italcamara-es.com\/it\/notizie\/ignacio-mariscal-e-marco-pizzi-primi-brand-ambassador-giuliaonmind\/"},"author":{"name":"administrador","@id":"https:\/\/italcamara-es.com\/#\/schema\/person\/bb3c56263e405bbd9a15171dcfee93bb"},"headline":"Ignacio Mariscal e Marco Pizzi primi Brand Ambassador #GiuliaOnMind","datePublished":"2017-03-02T14:13:12+00:00","mainEntityOfPage":{"@id":"https:\/\/italcamara-es.com\/it\/notizie\/ignacio-mariscal-e-marco-pizzi-primi-brand-ambassador-giuliaonmind\/"},"wordCount":356,"commentCount":0,"image":{"@id":"https:\/\/italcamara-es.com\/it\/notizie\/ignacio-mariscal-e-marco-pizzi-primi-brand-ambassador-giuliaonmind\/#primaryimage"},"thumbnailUrl":"https:\/\/italcamara-es.com\/wp-content\/uploads\/2025\/03\/Pizzi-Mariscal-2505.jpg","keywords":["Notizie di la CCIS"],"articleSection":["Notizie"],"inLanguage":"it-IT","potentialAction":[{"@type":"CommentAction","name":"Comment","target":["https:\/\/italcamara-es.com\/it\/notizie\/ignacio-mariscal-e-marco-pizzi-primi-brand-ambassador-giuliaonmind\/#respond"]}]},{"@type":"WebPage","@id":"https:\/\/italcamara-es.com\/it\/notizie\/ignacio-mariscal-e-marco-pizzi-primi-brand-ambassador-giuliaonmind\/","url":"https:\/\/italcamara-es.com\/it\/notizie\/ignacio-mariscal-e-marco-pizzi-primi-brand-ambassador-giuliaonmind\/","name":"Ignacio Mariscal e Marco Pizzi primi Brand Ambassador #GiuliaOnMind - Italcamara","isPartOf":{"@id":"https:\/\/italcamara-es.com\/#website"},"primaryImageOfPage":{"@id":"https:\/\/italcamara-es.com\/it\/notizie\/ignacio-mariscal-e-marco-pizzi-primi-brand-ambassador-giuliaonmind\/#primaryimage"},"image":{"@id":"https:\/\/italcamara-es.com\/it\/notizie\/ignacio-mariscal-e-marco-pizzi-primi-brand-ambassador-giuliaonmind\/#primaryimage"},"thumbnailUrl":"https:\/\/italcamara-es.com\/wp-content\/uploads\/2025\/03\/Pizzi-Mariscal-2505.jpg","datePublished":"2017-03-02T14:13:12+00:00","author":{"@id":"https:\/\/italcamara-es.com\/#\/schema\/person\/bb3c56263e405bbd9a15171dcfee93bb"},"breadcrumb":{"@id":"https:\/\/italcamara-es.com\/it\/notizie\/ignacio-mariscal-e-marco-pizzi-primi-brand-ambassador-giuliaonmind\/#breadcrumb"},"inLanguage":"it-IT","potentialAction":[{"@type":"ReadAction","target":["https:\/\/italcamara-es.com\/it\/notizie\/ignacio-mariscal-e-marco-pizzi-primi-brand-ambassador-giuliaonmind\/"]}]},{"@type":"ImageObject","inLanguage":"it-IT","@id":"https:\/\/italcamara-es.com\/it\/notizie\/ignacio-mariscal-e-marco-pizzi-primi-brand-ambassador-giuliaonmind\/#primaryimage","url":"https:\/\/italcamara-es.com\/wp-content\/uploads\/2025\/03\/Pizzi-Mariscal-2505.jpg","contentUrl":"https:\/\/italcamara-es.com\/wp-content\/uploads\/2025\/03\/Pizzi-Mariscal-2505.jpg","width":250,"height":140},{"@type":"BreadcrumbList","@id":"https:\/\/italcamara-es.com\/it\/notizie\/ignacio-mariscal-e-marco-pizzi-primi-brand-ambassador-giuliaonmind\/#breadcrumb","itemListElement":[{"@type":"ListItem","position":1,"name":"Inicio","item":"https:\/\/italcamara-es.com\/it\/homepage-ita\/"},{"@type":"ListItem","position":2,"name":"Ignacio Mariscal e Marco Pizzi primi Brand Ambassador #GiuliaOnMind"}]},{"@type":"WebSite","@id":"https:\/\/italcamara-es.com\/#website","url":"https:\/\/italcamara-es.com\/","name":"Italcamara","description":"","potentialAction":[{"@type":"SearchAction","target":{"@type":"EntryPoint","urlTemplate":"https:\/\/italcamara-es.com\/?s={search_term_string}"},"query-input":{"@type":"PropertyValueSpecification","valueRequired":true,"valueName":"search_term_string"}}],"inLanguage":"it-IT"},{"@type":"Person","@id":"https:\/\/italcamara-es.com\/#\/schema\/person\/bb3c56263e405bbd9a15171dcfee93bb","name":"administrador","image":{"@type":"ImageObject","inLanguage":"it-IT","@id":"https:\/\/secure.gravatar.com\/avatar\/14b5e63db38320b12031bb28cf9f77e210aa71fb3a8a3602a3c9a05134fa75eb?s=96&d=mm&r=g","url":"https:\/\/secure.gravatar.com\/avatar\/14b5e63db38320b12031bb28cf9f77e210aa71fb3a8a3602a3c9a05134fa75eb?s=96&d=mm&r=g","contentUrl":"https:\/\/secure.gravatar.com\/avatar\/14b5e63db38320b12031bb28cf9f77e210aa71fb3a8a3602a3c9a05134fa75eb?s=96&d=mm&r=g","caption":"administrador"},"sameAs":["http:\/\/pre.italcamara-es.com"],"url":"https:\/\/italcamara-es.com\/it\/author\/administrador\/"}]}},"rttpg_featured_image_url":{"full":["https:\/\/italcamara-es.com\/wp-content\/uploads\/2025\/03\/Pizzi-Mariscal-2505.jpg",250,140,false],"landscape":["https:\/\/italcamara-es.com\/wp-content\/uploads\/2025\/03\/Pizzi-Mariscal-2505.jpg",250,140,false],"portraits":["https:\/\/italcamara-es.com\/wp-content\/uploads\/2025\/03\/Pizzi-Mariscal-2505.jpg",250,140,false],"thumbnail":["https:\/\/italcamara-es.com\/wp-content\/uploads\/2025\/03\/Pizzi-Mariscal-2505-150x140.jpg",150,140,true],"medium":["https:\/\/italcamara-es.com\/wp-content\/uploads\/2025\/03\/Pizzi-Mariscal-2505.jpg",250,140,false],"large":["https:\/\/italcamara-es.com\/wp-content\/uploads\/2025\/03\/Pizzi-Mariscal-2505.jpg",250,140,false],"1536x1536":["https:\/\/italcamara-es.com\/wp-content\/uploads\/2025\/03\/Pizzi-Mariscal-2505.jpg",250,140,false],"2048x2048":["https:\/\/italcamara-es.com\/wp-content\/uploads\/2025\/03\/Pizzi-Mariscal-2505.jpg",250,140,false],"ocean-thumb-m":["https:\/\/italcamara-es.com\/wp-content\/uploads\/2025\/03\/Pizzi-Mariscal-2505.jpg",250,140,false],"ocean-thumb-ml":["https:\/\/italcamara-es.com\/wp-content\/uploads\/2025\/03\/Pizzi-Mariscal-2505.jpg",250,140,false],"ocean-thumb-l":["https:\/\/italcamara-es.com\/wp-content\/uploads\/2025\/03\/Pizzi-Mariscal-2505.jpg",250,140,false],"directorist_preview":["https:\/\/italcamara-es.com\/wp-content\/uploads\/2025\/03\/Pizzi-Mariscal-2505.jpg",250,140,false]},"rttpg_author":{"display_name":"administrador","author_link":"https:\/\/italcamara-es.com\/it\/author\/administrador\/"},"rttpg_comment":0,"rttpg_category":"<a href=\"https:\/\/italcamara-es.com\/it\/category\/notizie\/\" rel=\"category tag\">Notizie<\/a>","rttpg_excerpt":"Nell\u2019ambito del progetto #GiuliaOnMind, si sono consegnate due Alfa Giulia ad Ignacio Mariscal, Consigliere Delegato di Reale Seguros e Reale Vida, societ\u00e0 assicuratrici di Reale Group in Spagna, e\u00a0Marco Pizzi, General Manager di Intesa Sanpaolo in Spagna e Presidente della Camera di Commercio e Industria Italiana per la Spagna (CCIS). Entrambi sono stati selezionati come&hellip;","_links":{"self":[{"href":"https:\/\/italcamara-es.com\/it\/wp-json\/wp\/v2\/posts\/55908","targetHints":{"allow":["GET"]}}],"collection":[{"href":"https:\/\/italcamara-es.com\/it\/wp-json\/wp\/v2\/posts"}],"about":[{"href":"https:\/\/italcamara-es.com\/it\/wp-json\/wp\/v2\/types\/post"}],"author":[{"embeddable":true,"href":"https:\/\/italcamara-es.com\/it\/wp-json\/wp\/v2\/users\/1"}],"replies":[{"embeddable":true,"href":"https:\/\/italcamara-es.com\/it\/wp-json\/wp\/v2\/comments?post=55908"}],"version-history":[{"count":0,"href":"https:\/\/italcamara-es.com\/it\/wp-json\/wp\/v2\/posts\/55908\/revisions"}],"wp:featuredmedia":[{"embeddable":true,"href":"https:\/\/italcamara-es.com\/it\/wp-json\/wp\/v2\/media\/55909"}],"wp:attachment":[{"href":"https:\/\/italcamara-es.com\/it\/wp-json\/wp\/v2\/media?parent=55908"}],"wp:term":[{"taxonomy":"category","embeddable":true,"href":"https:\/\/italcamara-es.com\/it\/wp-json\/wp\/v2\/categories?post=55908"},{"taxonomy":"post_tag","embeddable":true,"href":"https:\/\/italcamara-es.com\/it\/wp-json\/wp\/v2\/tags?post=55908"}],"curies":[{"name":"wp","href":"https:\/\/api.w.org\/{rel}","templated":true}]}}