	{"id":55913,"date":"2017-03-16T09:10:44","date_gmt":"2017-03-16T08:10:44","guid":{"rendered":"http:\/\/pre.italcamara-es.com\/senza-categoria\/la-fiera-di-affari-internazionali-imex-madrid-chiude-la-sua-15a-edizione-accogliendo-quasi-3000-professionisti\/"},"modified":"2025-03-30T14:19:59","modified_gmt":"2025-03-30T12:19:59","slug":"la-fiera-di-affari-internazionali-imex-madrid-chiude-la-sua-15a-edizione-accogliendo-quasi-3000-professionisti","status":"publish","type":"post","link":"https:\/\/italcamara-es.com\/it\/notizie\/la-fiera-di-affari-internazionali-imex-madrid-chiude-la-sua-15a-edizione-accogliendo-quasi-3000-professionisti\/","title":{"rendered":"La fiera di affari internazionali IMEX-Madrid chiude la sua 15\u00aa edizione accogliendo quasi 3000 professionisti"},"content":{"rendered":"<p><em>2.822 professionisti dell\u2019impresa e del comercio estero hanno visitato IMEX Madrid tra il 9 ed il 10 marzo, superando le cifre della precedente edizione.<\/em><\/p>\n<p>&nbsp;<\/p>\n<p>La fiera IMEX Madrid 2017 ha chiuso le sue porte dopo aver accolto quasi 3.000 professionisti, consacrandosi come la fiera di riferimentoin Spagna per quanto riguarda il commercio estero ed internazionale.<\/p>\n<p>&nbsp;<\/p>\n<p>Come nell\u2019edizione anteriore, la maggioranza dei visitanti della fiera sono stati imprenditori spagnoli interessati alla tematica dell\u2019internazionalizzazione, che hanno voluto approfittare dell\u2019opportunit\u00e0 che offre IMEX Madrid per riunirsi con consulenti commerciali, giuridici e finanziari di 66 Paesi. Durante la fiera sono stati realizzati 3.840 colloqui B2B.<\/p>\n<p>&nbsp;<\/p>\n<p>La CCIS \u00e8 stata presente nell\u2019area dedicata ai mercati esteri, rappresentando l\u2019Italia ed assistendo oltre quaranta professionisti interessati alle opportunit\u00e0 del mercato italiano.<\/p>\n<p>&nbsp;<\/p>\n<p>La C\u00e1mara italiana sar\u00e0 presente anche alla prossima edizione della fiera IMEX, che si terr\u00e0 a Valencia (21-22 giugno 2017) e nelle Asturie (Gijon, 19-20 aprile 2017), attraverso la sua rete di delegati nel territorio.<\/p>\n","protected":false},"excerpt":{"rendered":"<p>2.822 professionisti dell\u2019impresa e del comercio estero hanno visitato IMEX Madrid tra il 9 ed il 10 marzo, superando le cifre della precedente edizione. &nbsp; La fiera IMEX Madrid 2017 ha chiuso le sue porte dopo aver accolto quasi 3.000 professionisti, consacrandosi come la fiera di riferimentoin Spagna per quanto riguarda il commercio estero ed [&hellip;]<\/p>\n","protected":false},"author":1,"featured_media":53621,"comment_status":"open","ping_status":"open","sticky":false,"template":"","format":"standard","meta":{"inline_featured_image":false,"ocean_post_layout":"","ocean_both_sidebars_style":"","ocean_both_sidebars_content_width":0,"ocean_both_sidebars_sidebars_width":0,"ocean_sidebar":"","ocean_second_sidebar":"","ocean_disable_margins":"enable","ocean_add_body_class":"","ocean_shortcode_before_top_bar":"","ocean_shortcode_after_top_bar":"","ocean_shortcode_before_header":"","ocean_shortcode_after_header":"","ocean_has_shortcode":"","ocean_shortcode_after_title":"","ocean_shortcode_before_footer_widgets":"","ocean_shortcode_after_footer_widgets":"","ocean_shortcode_before_footer_bottom":"","ocean_shortcode_after_footer_bottom":"","ocean_display_top_bar":"default","ocean_display_header":"default","ocean_header_style":"","ocean_center_header_left_menu":"","ocean_custom_header_template":"","ocean_custom_logo":0,"ocean_custom_retina_logo":0,"ocean_custom_logo_max_width":0,"ocean_custom_logo_tablet_max_width":0,"ocean_custom_logo_mobile_max_width":0,"ocean_custom_logo_max_height":0,"ocean_custom_logo_tablet_max_height":0,"ocean_custom_logo_mobile_max_height":0,"ocean_header_custom_menu":"","ocean_menu_typo_font_family":"","ocean_menu_typo_font_subset":"","ocean_menu_typo_font_size":0,"ocean_menu_typo_font_size_tablet":0,"ocean_menu_typo_font_size_mobile":0,"ocean_menu_typo_font_size_unit":"px","ocean_menu_typo_font_weight":"","ocean_menu_typo_font_weight_tablet":"","ocean_menu_typo_font_weight_mobile":"","ocean_menu_typo_transform":"","ocean_menu_typo_transform_tablet":"","ocean_menu_typo_transform_mobile":"","ocean_menu_typo_line_height":0,"ocean_menu_typo_line_height_tablet":0,"ocean_menu_typo_line_height_mobile":0,"ocean_menu_typo_line_height_unit":"","ocean_menu_typo_spacing":0,"ocean_menu_typo_spacing_tablet":0,"ocean_menu_typo_spacing_mobile":0,"ocean_menu_typo_spacing_unit":"","ocean_menu_link_color":"","ocean_menu_link_color_hover":"","ocean_menu_link_color_active":"","ocean_menu_link_background":"","ocean_menu_link_hover_background":"","ocean_menu_link_active_background":"","ocean_menu_social_links_bg":"","ocean_menu_social_hover_links_bg":"","ocean_menu_social_links_color":"","ocean_menu_social_hover_links_color":"","ocean_disable_title":"default","ocean_disable_heading":"default","ocean_post_title":"","ocean_post_subheading":"","ocean_post_title_style":"","ocean_post_title_background_color":"","ocean_post_title_background":0,"ocean_post_title_bg_image_position":"","ocean_post_title_bg_image_attachment":"","ocean_post_title_bg_image_repeat":"","ocean_post_title_bg_image_size":"","ocean_post_title_height":0,"ocean_post_title_bg_overlay":0.5,"ocean_post_title_bg_overlay_color":"","ocean_disable_breadcrumbs":"default","ocean_breadcrumbs_color":"","ocean_breadcrumbs_separator_color":"","ocean_breadcrumbs_links_color":"","ocean_breadcrumbs_links_hover_color":"","ocean_display_footer_widgets":"default","ocean_display_footer_bottom":"default","ocean_custom_footer_template":"","ocean_post_oembed":"","ocean_post_self_hosted_media":"","ocean_post_video_embed":"","ocean_link_format":"","ocean_link_format_target":"self","ocean_quote_format":"","ocean_quote_format_link":"post","ocean_gallery_link_images":"on","ocean_gallery_id":[],"footnotes":""},"categories":[133],"tags":[139,138],"class_list":["post-55913","post","type-post","status-publish","format-standard","has-post-thumbnail","hentry","category-notizie","tag-notizie-di-la-ccis","tag-notizie-di-mercato","entry","has-media"],"yoast_head":"<!-- This site is optimized with the Yoast SEO plugin v27.4 - https:\/\/yoast.com\/product\/yoast-seo-wordpress\/ -->\n<title>La fiera di affari internazionali IMEX-Madrid chiude la sua 15\u00aa edizione accogliendo quasi 3000 professionisti - Italcamara<\/title>\n<meta name=\"robots\" content=\"index, follow, max-snippet:-1, max-image-preview:large, max-video-preview:-1\" \/>\n<link rel=\"canonical\" href=\"https:\/\/italcamara-es.com\/it\/notizie\/la-fiera-di-affari-internazionali-imex-madrid-chiude-la-sua-15a-edizione-accogliendo-quasi-3000-professionisti\/\" \/>\n<meta property=\"og:locale\" content=\"it_IT\" \/>\n<meta property=\"og:type\" content=\"article\" \/>\n<meta property=\"og:title\" content=\"La fiera di affari internazionali IMEX-Madrid chiude la sua 15\u00aa edizione accogliendo quasi 3000 professionisti - Italcamara\" \/>\n<meta property=\"og:description\" content=\"2.822 professionisti dell\u2019impresa e del comercio estero hanno visitato IMEX Madrid tra il 9 ed il 10 marzo, superando le cifre della precedente edizione. &nbsp; La fiera IMEX Madrid 2017 ha chiuso le sue porte dopo aver accolto quasi 3.000 professionisti, consacrandosi come la fiera di riferimentoin Spagna per quanto riguarda il commercio estero ed [&hellip;]\" \/>\n<meta property=\"og:url\" content=\"https:\/\/italcamara-es.com\/it\/notizie\/la-fiera-di-affari-internazionali-imex-madrid-chiude-la-sua-15a-edizione-accogliendo-quasi-3000-professionisti\/\" \/>\n<meta property=\"og:site_name\" content=\"Italcamara\" \/>\n<meta property=\"article:published_time\" content=\"2017-03-16T08:10:44+00:00\" \/>\n<meta property=\"article:modified_time\" content=\"2025-03-30T12:19:59+00:00\" \/>\n<meta property=\"og:image\" content=\"https:\/\/italcamara-es.com\/wp-content\/uploads\/2025\/03\/Imex-post250.jpg\" \/>\n\t<meta property=\"og:image:width\" content=\"250\" \/>\n\t<meta property=\"og:image:height\" content=\"139\" \/>\n\t<meta property=\"og:image:type\" content=\"image\/jpeg\" \/>\n<meta name=\"author\" content=\"administrador\" \/>\n<meta name=\"twitter:card\" content=\"summary_large_image\" \/>\n<meta name=\"twitter:label1\" content=\"Scritto da\" \/>\n\t<meta name=\"twitter:data1\" content=\"administrador\" \/>\n\t<meta name=\"twitter:label2\" content=\"Tempo di lettura stimato\" \/>\n\t<meta name=\"twitter:data2\" content=\"1 minuto\" \/>\n<script type=\"application\/ld+json\" class=\"yoast-schema-graph\">{\"@context\":\"https:\\\/\\\/schema.org\",\"@graph\":[{\"@type\":\"Article\",\"@id\":\"https:\\\/\\\/italcamara-es.com\\\/it\\\/notizie\\\/la-fiera-di-affari-internazionali-imex-madrid-chiude-la-sua-15a-edizione-accogliendo-quasi-3000-professionisti\\\/#article\",\"isPartOf\":{\"@id\":\"https:\\\/\\\/italcamara-es.com\\\/it\\\/notizie\\\/la-fiera-di-affari-internazionali-imex-madrid-chiude-la-sua-15a-edizione-accogliendo-quasi-3000-professionisti\\\/\"},\"author\":{\"name\":\"administrador\",\"@id\":\"https:\\\/\\\/italcamara-es.com\\\/#\\\/schema\\\/person\\\/bb3c56263e405bbd9a15171dcfee93bb\"},\"headline\":\"La fiera di affari internazionali IMEX-Madrid chiude la sua 15\u00aa edizione accogliendo quasi 3000 professionisti\",\"datePublished\":\"2017-03-16T08:10:44+00:00\",\"dateModified\":\"2025-03-30T12:19:59+00:00\",\"mainEntityOfPage\":{\"@id\":\"https:\\\/\\\/italcamara-es.com\\\/it\\\/notizie\\\/la-fiera-di-affari-internazionali-imex-madrid-chiude-la-sua-15a-edizione-accogliendo-quasi-3000-professionisti\\\/\"},\"wordCount\":174,\"commentCount\":0,\"image\":{\"@id\":\"https:\\\/\\\/italcamara-es.com\\\/it\\\/notizie\\\/la-fiera-di-affari-internazionali-imex-madrid-chiude-la-sua-15a-edizione-accogliendo-quasi-3000-professionisti\\\/#primaryimage\"},\"thumbnailUrl\":\"https:\\\/\\\/italcamara-es.com\\\/wp-content\\\/uploads\\\/2025\\\/03\\\/Imex-post250.jpg\",\"keywords\":[\"Notizie di la CCIS\",\"Notizie di Mercato\"],\"articleSection\":[\"Notizie\"],\"inLanguage\":\"it-IT\",\"potentialAction\":[{\"@type\":\"CommentAction\",\"name\":\"Comment\",\"target\":[\"https:\\\/\\\/italcamara-es.com\\\/it\\\/notizie\\\/la-fiera-di-affari-internazionali-imex-madrid-chiude-la-sua-15a-edizione-accogliendo-quasi-3000-professionisti\\\/#respond\"]}]},{\"@type\":\"WebPage\",\"@id\":\"https:\\\/\\\/italcamara-es.com\\\/it\\\/notizie\\\/la-fiera-di-affari-internazionali-imex-madrid-chiude-la-sua-15a-edizione-accogliendo-quasi-3000-professionisti\\\/\",\"url\":\"https:\\\/\\\/italcamara-es.com\\\/it\\\/notizie\\\/la-fiera-di-affari-internazionali-imex-madrid-chiude-la-sua-15a-edizione-accogliendo-quasi-3000-professionisti\\\/\",\"name\":\"La fiera di affari internazionali IMEX-Madrid chiude la sua 15\u00aa edizione accogliendo quasi 3000 professionisti - Italcamara\",\"isPartOf\":{\"@id\":\"https:\\\/\\\/italcamara-es.com\\\/#website\"},\"primaryImageOfPage\":{\"@id\":\"https:\\\/\\\/italcamara-es.com\\\/it\\\/notizie\\\/la-fiera-di-affari-internazionali-imex-madrid-chiude-la-sua-15a-edizione-accogliendo-quasi-3000-professionisti\\\/#primaryimage\"},\"image\":{\"@id\":\"https:\\\/\\\/italcamara-es.com\\\/it\\\/notizie\\\/la-fiera-di-affari-internazionali-imex-madrid-chiude-la-sua-15a-edizione-accogliendo-quasi-3000-professionisti\\\/#primaryimage\"},\"thumbnailUrl\":\"https:\\\/\\\/italcamara-es.com\\\/wp-content\\\/uploads\\\/2025\\\/03\\\/Imex-post250.jpg\",\"datePublished\":\"2017-03-16T08:10:44+00:00\",\"dateModified\":\"2025-03-30T12:19:59+00:00\",\"author\":{\"@id\":\"https:\\\/\\\/italcamara-es.com\\\/#\\\/schema\\\/person\\\/bb3c56263e405bbd9a15171dcfee93bb\"},\"breadcrumb\":{\"@id\":\"https:\\\/\\\/italcamara-es.com\\\/it\\\/notizie\\\/la-fiera-di-affari-internazionali-imex-madrid-chiude-la-sua-15a-edizione-accogliendo-quasi-3000-professionisti\\\/#breadcrumb\"},\"inLanguage\":\"it-IT\",\"potentialAction\":[{\"@type\":\"ReadAction\",\"target\":[\"https:\\\/\\\/italcamara-es.com\\\/it\\\/notizie\\\/la-fiera-di-affari-internazionali-imex-madrid-chiude-la-sua-15a-edizione-accogliendo-quasi-3000-professionisti\\\/\"]}]},{\"@type\":\"ImageObject\",\"inLanguage\":\"it-IT\",\"@id\":\"https:\\\/\\\/italcamara-es.com\\\/it\\\/notizie\\\/la-fiera-di-affari-internazionali-imex-madrid-chiude-la-sua-15a-edizione-accogliendo-quasi-3000-professionisti\\\/#primaryimage\",\"url\":\"https:\\\/\\\/italcamara-es.com\\\/wp-content\\\/uploads\\\/2025\\\/03\\\/Imex-post250.jpg\",\"contentUrl\":\"https:\\\/\\\/italcamara-es.com\\\/wp-content\\\/uploads\\\/2025\\\/03\\\/Imex-post250.jpg\",\"width\":250,\"height\":139},{\"@type\":\"BreadcrumbList\",\"@id\":\"https:\\\/\\\/italcamara-es.com\\\/it\\\/notizie\\\/la-fiera-di-affari-internazionali-imex-madrid-chiude-la-sua-15a-edizione-accogliendo-quasi-3000-professionisti\\\/#breadcrumb\",\"itemListElement\":[{\"@type\":\"ListItem\",\"position\":1,\"name\":\"Inicio\",\"item\":\"https:\\\/\\\/italcamara-es.com\\\/it\\\/homepage-ita\\\/\"},{\"@type\":\"ListItem\",\"position\":2,\"name\":\"La fiera di affari internazionali IMEX-Madrid chiude la sua 15\u00aa edizione accogliendo quasi 3000 professionisti\"}]},{\"@type\":\"WebSite\",\"@id\":\"https:\\\/\\\/italcamara-es.com\\\/#website\",\"url\":\"https:\\\/\\\/italcamara-es.com\\\/\",\"name\":\"Italcamara\",\"description\":\"\",\"potentialAction\":[{\"@type\":\"SearchAction\",\"target\":{\"@type\":\"EntryPoint\",\"urlTemplate\":\"https:\\\/\\\/italcamara-es.com\\\/?s={search_term_string}\"},\"query-input\":{\"@type\":\"PropertyValueSpecification\",\"valueRequired\":true,\"valueName\":\"search_term_string\"}}],\"inLanguage\":\"it-IT\"},{\"@type\":\"Person\",\"@id\":\"https:\\\/\\\/italcamara-es.com\\\/#\\\/schema\\\/person\\\/bb3c56263e405bbd9a15171dcfee93bb\",\"name\":\"administrador\",\"image\":{\"@type\":\"ImageObject\",\"inLanguage\":\"it-IT\",\"@id\":\"https:\\\/\\\/secure.gravatar.com\\\/avatar\\\/14b5e63db38320b12031bb28cf9f77e210aa71fb3a8a3602a3c9a05134fa75eb?s=96&d=mm&r=g\",\"url\":\"https:\\\/\\\/secure.gravatar.com\\\/avatar\\\/14b5e63db38320b12031bb28cf9f77e210aa71fb3a8a3602a3c9a05134fa75eb?s=96&d=mm&r=g\",\"contentUrl\":\"https:\\\/\\\/secure.gravatar.com\\\/avatar\\\/14b5e63db38320b12031bb28cf9f77e210aa71fb3a8a3602a3c9a05134fa75eb?s=96&d=mm&r=g\",\"caption\":\"administrador\"},\"sameAs\":[\"http:\\\/\\\/pre.italcamara-es.com\"],\"url\":\"https:\\\/\\\/italcamara-es.com\\\/it\\\/author\\\/administrador\\\/\"}]}<\/script>\n<!-- \/ Yoast SEO plugin. -->","yoast_head_json":{"title":"La fiera di affari internazionali IMEX-Madrid chiude la sua 15\u00aa edizione accogliendo quasi 3000 professionisti - Italcamara","robots":{"index":"index","follow":"follow","max-snippet":"max-snippet:-1","max-image-preview":"max-image-preview:large","max-video-preview":"max-video-preview:-1"},"canonical":"https:\/\/italcamara-es.com\/it\/notizie\/la-fiera-di-affari-internazionali-imex-madrid-chiude-la-sua-15a-edizione-accogliendo-quasi-3000-professionisti\/","og_locale":"it_IT","og_type":"article","og_title":"La fiera di affari internazionali IMEX-Madrid chiude la sua 15\u00aa edizione accogliendo quasi 3000 professionisti - Italcamara","og_description":"2.822 professionisti dell\u2019impresa e del comercio estero hanno visitato IMEX Madrid tra il 9 ed il 10 marzo, superando le cifre della precedente edizione. &nbsp; La fiera IMEX Madrid 2017 ha chiuso le sue porte dopo aver accolto quasi 3.000 professionisti, consacrandosi come la fiera di riferimentoin Spagna per quanto riguarda il commercio estero ed [&hellip;]","og_url":"https:\/\/italcamara-es.com\/it\/notizie\/la-fiera-di-affari-internazionali-imex-madrid-chiude-la-sua-15a-edizione-accogliendo-quasi-3000-professionisti\/","og_site_name":"Italcamara","article_published_time":"2017-03-16T08:10:44+00:00","article_modified_time":"2025-03-30T12:19:59+00:00","og_image":[{"width":250,"height":139,"url":"https:\/\/italcamara-es.com\/wp-content\/uploads\/2025\/03\/Imex-post250.jpg","type":"image\/jpeg"}],"author":"administrador","twitter_card":"summary_large_image","twitter_misc":{"Scritto da":"administrador","Tempo di lettura stimato":"1 minuto"},"schema":{"@context":"https:\/\/schema.org","@graph":[{"@type":"Article","@id":"https:\/\/italcamara-es.com\/it\/notizie\/la-fiera-di-affari-internazionali-imex-madrid-chiude-la-sua-15a-edizione-accogliendo-quasi-3000-professionisti\/#article","isPartOf":{"@id":"https:\/\/italcamara-es.com\/it\/notizie\/la-fiera-di-affari-internazionali-imex-madrid-chiude-la-sua-15a-edizione-accogliendo-quasi-3000-professionisti\/"},"author":{"name":"administrador","@id":"https:\/\/italcamara-es.com\/#\/schema\/person\/bb3c56263e405bbd9a15171dcfee93bb"},"headline":"La fiera di affari internazionali IMEX-Madrid chiude la sua 15\u00aa edizione accogliendo quasi 3000 professionisti","datePublished":"2017-03-16T08:10:44+00:00","dateModified":"2025-03-30T12:19:59+00:00","mainEntityOfPage":{"@id":"https:\/\/italcamara-es.com\/it\/notizie\/la-fiera-di-affari-internazionali-imex-madrid-chiude-la-sua-15a-edizione-accogliendo-quasi-3000-professionisti\/"},"wordCount":174,"commentCount":0,"image":{"@id":"https:\/\/italcamara-es.com\/it\/notizie\/la-fiera-di-affari-internazionali-imex-madrid-chiude-la-sua-15a-edizione-accogliendo-quasi-3000-professionisti\/#primaryimage"},"thumbnailUrl":"https:\/\/italcamara-es.com\/wp-content\/uploads\/2025\/03\/Imex-post250.jpg","keywords":["Notizie di la CCIS","Notizie di Mercato"],"articleSection":["Notizie"],"inLanguage":"it-IT","potentialAction":[{"@type":"CommentAction","name":"Comment","target":["https:\/\/italcamara-es.com\/it\/notizie\/la-fiera-di-affari-internazionali-imex-madrid-chiude-la-sua-15a-edizione-accogliendo-quasi-3000-professionisti\/#respond"]}]},{"@type":"WebPage","@id":"https:\/\/italcamara-es.com\/it\/notizie\/la-fiera-di-affari-internazionali-imex-madrid-chiude-la-sua-15a-edizione-accogliendo-quasi-3000-professionisti\/","url":"https:\/\/italcamara-es.com\/it\/notizie\/la-fiera-di-affari-internazionali-imex-madrid-chiude-la-sua-15a-edizione-accogliendo-quasi-3000-professionisti\/","name":"La fiera di affari internazionali IMEX-Madrid chiude la sua 15\u00aa edizione accogliendo quasi 3000 professionisti - Italcamara","isPartOf":{"@id":"https:\/\/italcamara-es.com\/#website"},"primaryImageOfPage":{"@id":"https:\/\/italcamara-es.com\/it\/notizie\/la-fiera-di-affari-internazionali-imex-madrid-chiude-la-sua-15a-edizione-accogliendo-quasi-3000-professionisti\/#primaryimage"},"image":{"@id":"https:\/\/italcamara-es.com\/it\/notizie\/la-fiera-di-affari-internazionali-imex-madrid-chiude-la-sua-15a-edizione-accogliendo-quasi-3000-professionisti\/#primaryimage"},"thumbnailUrl":"https:\/\/italcamara-es.com\/wp-content\/uploads\/2025\/03\/Imex-post250.jpg","datePublished":"2017-03-16T08:10:44+00:00","dateModified":"2025-03-30T12:19:59+00:00","author":{"@id":"https:\/\/italcamara-es.com\/#\/schema\/person\/bb3c56263e405bbd9a15171dcfee93bb"},"breadcrumb":{"@id":"https:\/\/italcamara-es.com\/it\/notizie\/la-fiera-di-affari-internazionali-imex-madrid-chiude-la-sua-15a-edizione-accogliendo-quasi-3000-professionisti\/#breadcrumb"},"inLanguage":"it-IT","potentialAction":[{"@type":"ReadAction","target":["https:\/\/italcamara-es.com\/it\/notizie\/la-fiera-di-affari-internazionali-imex-madrid-chiude-la-sua-15a-edizione-accogliendo-quasi-3000-professionisti\/"]}]},{"@type":"ImageObject","inLanguage":"it-IT","@id":"https:\/\/italcamara-es.com\/it\/notizie\/la-fiera-di-affari-internazionali-imex-madrid-chiude-la-sua-15a-edizione-accogliendo-quasi-3000-professionisti\/#primaryimage","url":"https:\/\/italcamara-es.com\/wp-content\/uploads\/2025\/03\/Imex-post250.jpg","contentUrl":"https:\/\/italcamara-es.com\/wp-content\/uploads\/2025\/03\/Imex-post250.jpg","width":250,"height":139},{"@type":"BreadcrumbList","@id":"https:\/\/italcamara-es.com\/it\/notizie\/la-fiera-di-affari-internazionali-imex-madrid-chiude-la-sua-15a-edizione-accogliendo-quasi-3000-professionisti\/#breadcrumb","itemListElement":[{"@type":"ListItem","position":1,"name":"Inicio","item":"https:\/\/italcamara-es.com\/it\/homepage-ita\/"},{"@type":"ListItem","position":2,"name":"La fiera di affari internazionali IMEX-Madrid chiude la sua 15\u00aa edizione accogliendo quasi 3000 professionisti"}]},{"@type":"WebSite","@id":"https:\/\/italcamara-es.com\/#website","url":"https:\/\/italcamara-es.com\/","name":"Italcamara","description":"","potentialAction":[{"@type":"SearchAction","target":{"@type":"EntryPoint","urlTemplate":"https:\/\/italcamara-es.com\/?s={search_term_string}"},"query-input":{"@type":"PropertyValueSpecification","valueRequired":true,"valueName":"search_term_string"}}],"inLanguage":"it-IT"},{"@type":"Person","@id":"https:\/\/italcamara-es.com\/#\/schema\/person\/bb3c56263e405bbd9a15171dcfee93bb","name":"administrador","image":{"@type":"ImageObject","inLanguage":"it-IT","@id":"https:\/\/secure.gravatar.com\/avatar\/14b5e63db38320b12031bb28cf9f77e210aa71fb3a8a3602a3c9a05134fa75eb?s=96&d=mm&r=g","url":"https:\/\/secure.gravatar.com\/avatar\/14b5e63db38320b12031bb28cf9f77e210aa71fb3a8a3602a3c9a05134fa75eb?s=96&d=mm&r=g","contentUrl":"https:\/\/secure.gravatar.com\/avatar\/14b5e63db38320b12031bb28cf9f77e210aa71fb3a8a3602a3c9a05134fa75eb?s=96&d=mm&r=g","caption":"administrador"},"sameAs":["http:\/\/pre.italcamara-es.com"],"url":"https:\/\/italcamara-es.com\/it\/author\/administrador\/"}]}},"rttpg_featured_image_url":{"full":["https:\/\/italcamara-es.com\/wp-content\/uploads\/2025\/03\/Imex-post250.jpg",250,139,false],"landscape":["https:\/\/italcamara-es.com\/wp-content\/uploads\/2025\/03\/Imex-post250.jpg",250,139,false],"portraits":["https:\/\/italcamara-es.com\/wp-content\/uploads\/2025\/03\/Imex-post250.jpg",250,139,false],"thumbnail":["https:\/\/italcamara-es.com\/wp-content\/uploads\/2025\/03\/Imex-post250-150x139.jpg",150,139,true],"medium":["https:\/\/italcamara-es.com\/wp-content\/uploads\/2025\/03\/Imex-post250.jpg",250,139,false],"large":["https:\/\/italcamara-es.com\/wp-content\/uploads\/2025\/03\/Imex-post250.jpg",250,139,false],"1536x1536":["https:\/\/italcamara-es.com\/wp-content\/uploads\/2025\/03\/Imex-post250.jpg",250,139,false],"2048x2048":["https:\/\/italcamara-es.com\/wp-content\/uploads\/2025\/03\/Imex-post250.jpg",250,139,false],"ocean-thumb-m":["https:\/\/italcamara-es.com\/wp-content\/uploads\/2025\/03\/Imex-post250.jpg",250,139,false],"ocean-thumb-ml":["https:\/\/italcamara-es.com\/wp-content\/uploads\/2025\/03\/Imex-post250.jpg",250,139,false],"ocean-thumb-l":["https:\/\/italcamara-es.com\/wp-content\/uploads\/2025\/03\/Imex-post250.jpg",250,139,false],"directorist_preview":["https:\/\/italcamara-es.com\/wp-content\/uploads\/2025\/03\/Imex-post250.jpg",250,139,false]},"rttpg_author":{"display_name":"administrador","author_link":"https:\/\/italcamara-es.com\/it\/author\/administrador\/"},"rttpg_comment":0,"rttpg_category":"<a href=\"https:\/\/italcamara-es.com\/it\/category\/notizie\/\" rel=\"category tag\">Notizie<\/a>","rttpg_excerpt":"2.822 professionisti dell\u2019impresa e del comercio estero hanno visitato IMEX Madrid tra il 9 ed il 10 marzo, superando le cifre della precedente edizione. &nbsp; La fiera IMEX Madrid 2017 ha chiuso le sue porte dopo aver accolto quasi 3.000 professionisti, consacrandosi come la fiera di riferimentoin Spagna per quanto riguarda il commercio estero ed&hellip;","_links":{"self":[{"href":"https:\/\/italcamara-es.com\/it\/wp-json\/wp\/v2\/posts\/55913","targetHints":{"allow":["GET"]}}],"collection":[{"href":"https:\/\/italcamara-es.com\/it\/wp-json\/wp\/v2\/posts"}],"about":[{"href":"https:\/\/italcamara-es.com\/it\/wp-json\/wp\/v2\/types\/post"}],"author":[{"embeddable":true,"href":"https:\/\/italcamara-es.com\/it\/wp-json\/wp\/v2\/users\/1"}],"replies":[{"embeddable":true,"href":"https:\/\/italcamara-es.com\/it\/wp-json\/wp\/v2\/comments?post=55913"}],"version-history":[{"count":1,"href":"https:\/\/italcamara-es.com\/it\/wp-json\/wp\/v2\/posts\/55913\/revisions"}],"predecessor-version":[{"id":57189,"href":"https:\/\/italcamara-es.com\/it\/wp-json\/wp\/v2\/posts\/55913\/revisions\/57189"}],"wp:featuredmedia":[{"embeddable":true,"href":"https:\/\/italcamara-es.com\/it\/wp-json\/wp\/v2\/media\/53621"}],"wp:attachment":[{"href":"https:\/\/italcamara-es.com\/it\/wp-json\/wp\/v2\/media?parent=55913"}],"wp:term":[{"taxonomy":"category","embeddable":true,"href":"https:\/\/italcamara-es.com\/it\/wp-json\/wp\/v2\/categories?post=55913"},{"taxonomy":"post_tag","embeddable":true,"href":"https:\/\/italcamara-es.com\/it\/wp-json\/wp\/v2\/tags?post=55913"}],"curies":[{"name":"wp","href":"https:\/\/api.w.org\/{rel}","templated":true}]}}