	{"id":55944,"date":"2017-06-05T14:12:28","date_gmt":"2017-06-05T12:12:28","guid":{"rendered":"http:\/\/pre.italcamara-es.com\/senza-categoria\/si-conclude-la-nona-edizione-di-passione-italia\/"},"modified":"2017-06-05T14:12:28","modified_gmt":"2017-06-05T12:12:28","slug":"si-conclude-la-nona-edizione-di-passione-italia","status":"publish","type":"post","link":"https:\/\/italcamara-es.com\/it\/notizie\/si-conclude-la-nona-edizione-di-passione-italia\/","title":{"rendered":"Si conclude la nona edizione di \u201cPassione Italia\u201d"},"content":{"rendered":"<p><em>Il Centro Culturale Conde Duque di Madrid \u00e8 stato durante tre giorni (2-4 giugno) il centro di gravit\u00e0 delle eccellenze italiane in Spagna<\/em>.<\/p>\n<p>&nbsp;<\/p>\n<p>Si \u00e8 conclusa la nona edizione di <strong>Passione Italia<\/strong> a Madrid. Organizzata dalla Camera di Commercio e Industria Italiana per la Spagna (CCIS), in collaborazione con l\u2019Ambasciata d\u2019Italia, la grande kermesse per la promozione in Spagna delle eccellenze del <em>made in Italy<\/em> nell\u2019ambito dei settori enogastronomico, artigianale e turistico quest\u2019anno ha fatto da contorno alle celebrazioni della <strong>Festa della Repubblica Italiana<\/strong>.<\/p>\n<p>&nbsp;<\/p>\n<p>Dal 2 al 4 giugno, il prestigioso <em>Centro Culturale Conde Duque<\/em> di Madrid si \u00e8 convertito nel centro di gravit\u00e0 delle eccellenze del Belpaese, con un ampio programma di attivit\u00e0 culturali, commerciali e promozionali. L&#8217;evento \u00a0ha visto la presenza di un numeroso pubblico durante le tre giornate. Italiani e madrileni non hanno voluto perdere l&#8217;occasione di partecipare a questo appuntamento che \u00e8 diventato ormai imprescindibile per tutti gli amianti della gastronomia, la cultura ed il design italiani.<\/p>\n<p>&nbsp;<\/p>\n<p>Sono stati allestiti diversi stand per la promozione e degustazione dei prodotti enogastronomici italiani, <em>info point<\/em> per la diffusione di materiale promozionale relativo alle principali mete turistiche della penisola, aree di ristorazione e laboratori dedicati al design italiano. Questa edizione di Passione Italia, infatti, \u00e8 stata affiancata dall\u2019iniziativa #ITmakES, sul saper fare e il nuovo made in Italy, promossa dall\u2019Ambasciata d\u2019Italia in Spagna.<\/p>\n<p>&nbsp;<\/p>\n<p><img fetchpriority=\"high\" decoding=\"async\" class=\" size-full wp-image-12663 aligncenter\" src=\"https:\/\/www.italcamara-es.com\/wp-content\/uploads\/2017\/06\/2DEJUNIO_PASSIONE-ITALIA-1172-e1497002648787.jpg\" alt=\"2DEJUNIO_PASSIONE ITALIA-117\" width=\"700\" height=\"467\" \/><\/p>\n<p>&nbsp;<\/p>\n<p>Grande protagonista dell\u2019evento \u00e8 stata la <strong>citt\u00e0 di Catania<\/strong>, presente a Madrid per promuovere la propia offerta turistica, enogastronomica e culturale. Il sindaco del comune siciliano, <strong>Enzo Bianco<\/strong>, ha preso parte ai festeggiamenti Istituzionali del 2 giugno, insieme alla sindaca di Madrid, <strong>Manuela Carmena<\/strong>, all\u2019Ambasciatore d\u2019Italia in Spagna, <strong>Stefano Sannino<\/strong> e al presidente della CCIS, <strong>Marco Pizzi<\/strong>. Madrina della serata, la popolare cantante e conduttrice televisiva<strong> Raffaella Carr\u00e0<\/strong>, molto conosciuta e amata anche in Spagna.<\/p>\n<p>&nbsp;<\/p>\n<p><img decoding=\"async\" class=\" size-large wp-image-12585 aligncenter\" src=\"https:\/\/www.italcamara-es.com\/wp-content\/uploads\/2017\/06\/selezione2giugno_ridimens-61-1024x688.jpg\" alt=\"selezione2giugno_ridimens-6\" width=\"720\" height=\"484\" \/><\/p>\n<p>&nbsp;<\/p>\n<p>Come nelle precedenti edizioni, la musica ha fatto da filo conduttore durante i tre giorni dell\u2019evento, con l\u2019alternarsi di gruppi e artisti emergenti: i siciliani <strong>Camurria<\/strong> con i loro ritmi vivaci ed incalzanti; <strong>Francesca Incudine<\/strong>, con la sua voce raffinata e cristallina; i <strong>Khaossia<\/strong>, che hanno presentato la pizzica, tradizionale danza del Salento, al pubblico di Madrid; e i <strong>Cuba Son<\/strong>, ormai ospiti tradizionali di Passione Italia, con le loro caratteristiche sonorit\u00e0 caraibiche, che, in questa edizione, sono stati accompagnati dal grande artista<strong> Benito Urgu<\/strong>.<\/p>\n<p>&nbsp;<\/p>\n<p>Anche quest\u2019anno si \u00e8 svolta, in collaborazione con l\u2019<em>Associazione Culturale Palatifini<\/em> di Genova, la fase eliminatoria del Campionato di Pesto Genovese al Mortaio, con l\u2019obiettivo di promuovere una delle ricette pi\u00f9 apprezzate della tradizione culinaria italiana.<\/p>\n<p>&nbsp;<\/p>\n<p><img decoding=\"async\" class=\" size-full wp-image-12664 aligncenter\" src=\"https:\/\/www.italcamara-es.com\/wp-content\/uploads\/2017\/06\/PESTO_SELEZIONE-PASSIONE-ITALIA_-1172-e1497002693796.jpg\" alt=\"PESTO_SELEZIONE PASSIONE ITALIA_-117\" width=\"700\" height=\"467\" \/><\/p>\n<p>&nbsp;<\/p>\n<p><span style=\"color: #003366;\"><a style=\"color: #003366;\" href=\"https:\/\/www.italcamara-es.com\/it\/2017\/06\/09\/passione-italia-2017-2\/\" target=\"_blank\" rel=\"noopener\"><strong>Clicca qui<\/strong><\/a><\/span> per vedere la galleria fotografica completa<\/p>\n<p>&nbsp;<\/p>\n<p>La CCIS ringrazia gli sponsor per il loro supporto a questa importante iniziativa, cos\u00ec come gli enti e le imprese che hanno collaborato e partecipato alla stessa.<\/p>\n<p style=\"text-align: center;\"><span style=\"color: #ff0000;\"><strong>ORGANIZZATORI<\/strong><\/span><\/p>\n<p><img loading=\"lazy\" decoding=\"async\" class=\" size-large wp-image-12576 aligncenter\" src=\"https:\/\/www.italcamara-es.com\/wp-content\/uploads\/2017\/06\/organizadores-1024x280.jpg\" alt=\"organizadores\" width=\"720\" height=\"197\" \/><\/p>\n<p style=\"text-align: center;\"><span style=\"color: #ff0000;\"><strong>MAIN SPONSOR<\/strong><\/span><\/p>\n<p style=\"text-align: center;\"><img loading=\"lazy\" decoding=\"async\" class=\"aligncenter wp-image-12577 size-large\" src=\"https:\/\/www.italcamara-es.com\/wp-content\/uploads\/2017\/06\/main-sponsors-1024x479.jpg\" alt=\"main-sponsors\" width=\"720\" height=\"337\" \/><\/p>\n<p style=\"text-align: center;\"><span style=\"color: #ff0000;\"><strong>PATROCINATORI TECNICI<\/strong><\/span><\/p>\n<p style=\"text-align: center;\"><img loading=\"lazy\" decoding=\"async\" class=\"alignnone wp-image-12579\" src=\"https:\/\/www.italcamara-es.com\/wp-content\/uploads\/2017\/06\/sposor-tecnici-insiemedef2-1024x328.jpg\" alt=\"sposor-tecnici-insiemedef2\" width=\"870\" height=\"278\" \/><\/p>\n<p style=\"text-align: center;\"><span style=\"color: #ff0000;\"><strong>COLLABORATORI<\/strong><\/span><\/p>\n<p style=\"text-align: center;\"><img loading=\"lazy\" decoding=\"async\" class=\" size-large wp-image-12580 aligncenter\" src=\"https:\/\/www.italcamara-es.com\/wp-content\/uploads\/2017\/06\/colaboradores-1024x482.jpg\" alt=\"colaboradores\" width=\"720\" height=\"339\" \/><\/p>\n<p style=\"text-align: center;\"><span style=\"color: #ff0000;\"><strong>PARTECIPANTI<\/strong><\/span><\/p>\n<p style=\"text-align: center;\"><img loading=\"lazy\" decoding=\"async\" class=\" size-large wp-image-12581 aligncenter\" src=\"https:\/\/www.italcamara-es.com\/wp-content\/uploads\/2017\/06\/cartel-participandef-1024x894.jpg\" alt=\"cartel-participandef\" width=\"720\" height=\"629\" \/><\/p>\n","protected":false},"excerpt":{"rendered":"<p>Il Centro Culturale Conde Duque di Madrid \u00e8 stato durante tre giorni (2-4 giugno) il centro di gravit\u00e0 delle eccellenze italiane in Spagna. &nbsp; Si \u00e8 conclusa la nona edizione di Passione Italia a Madrid. Organizzata dalla Camera di Commercio e Industria Italiana per la Spagna (CCIS), in collaborazione con l\u2019Ambasciata d\u2019Italia, la grande kermesse [&hellip;]<\/p>\n","protected":false},"author":1,"featured_media":54426,"comment_status":"open","ping_status":"open","sticky":false,"template":"","format":"standard","meta":{"inline_featured_image":false,"ocean_post_layout":"","ocean_both_sidebars_style":"","ocean_both_sidebars_content_width":0,"ocean_both_sidebars_sidebars_width":0,"ocean_sidebar":"","ocean_second_sidebar":"","ocean_disable_margins":"enable","ocean_add_body_class":"","ocean_shortcode_before_top_bar":"","ocean_shortcode_after_top_bar":"","ocean_shortcode_before_header":"","ocean_shortcode_after_header":"","ocean_has_shortcode":"","ocean_shortcode_after_title":"","ocean_shortcode_before_footer_widgets":"","ocean_shortcode_after_footer_widgets":"","ocean_shortcode_before_footer_bottom":"","ocean_shortcode_after_footer_bottom":"","ocean_display_top_bar":"default","ocean_display_header":"default","ocean_header_style":"","ocean_center_header_left_menu":"","ocean_custom_header_template":"","ocean_custom_logo":0,"ocean_custom_retina_logo":0,"ocean_custom_logo_max_width":0,"ocean_custom_logo_tablet_max_width":0,"ocean_custom_logo_mobile_max_width":0,"ocean_custom_logo_max_height":0,"ocean_custom_logo_tablet_max_height":0,"ocean_custom_logo_mobile_max_height":0,"ocean_header_custom_menu":"","ocean_menu_typo_font_family":"","ocean_menu_typo_font_subset":"","ocean_menu_typo_font_size":0,"ocean_menu_typo_font_size_tablet":0,"ocean_menu_typo_font_size_mobile":0,"ocean_menu_typo_font_size_unit":"px","ocean_menu_typo_font_weight":"","ocean_menu_typo_font_weight_tablet":"","ocean_menu_typo_font_weight_mobile":"","ocean_menu_typo_transform":"","ocean_menu_typo_transform_tablet":"","ocean_menu_typo_transform_mobile":"","ocean_menu_typo_line_height":0,"ocean_menu_typo_line_height_tablet":0,"ocean_menu_typo_line_height_mobile":0,"ocean_menu_typo_line_height_unit":"","ocean_menu_typo_spacing":0,"ocean_menu_typo_spacing_tablet":0,"ocean_menu_typo_spacing_mobile":0,"ocean_menu_typo_spacing_unit":"","ocean_menu_link_color":"","ocean_menu_link_color_hover":"","ocean_menu_link_color_active":"","ocean_menu_link_background":"","ocean_menu_link_hover_background":"","ocean_menu_link_active_background":"","ocean_menu_social_links_bg":"","ocean_menu_social_hover_links_bg":"","ocean_menu_social_links_color":"","ocean_menu_social_hover_links_color":"","ocean_disable_title":"default","ocean_disable_heading":"default","ocean_post_title":"","ocean_post_subheading":"","ocean_post_title_style":"","ocean_post_title_background_color":"","ocean_post_title_background":0,"ocean_post_title_bg_image_position":"","ocean_post_title_bg_image_attachment":"","ocean_post_title_bg_image_repeat":"","ocean_post_title_bg_image_size":"","ocean_post_title_height":0,"ocean_post_title_bg_overlay":0.5,"ocean_post_title_bg_overlay_color":"","ocean_disable_breadcrumbs":"default","ocean_breadcrumbs_color":"","ocean_breadcrumbs_separator_color":"","ocean_breadcrumbs_links_color":"","ocean_breadcrumbs_links_hover_color":"","ocean_display_footer_widgets":"default","ocean_display_footer_bottom":"default","ocean_custom_footer_template":"","ocean_post_oembed":"","ocean_post_self_hosted_media":"","ocean_post_video_embed":"","ocean_link_format":"","ocean_link_format_target":"self","ocean_quote_format":"","ocean_quote_format_link":"post","ocean_gallery_link_images":"on","ocean_gallery_id":[],"footnotes":""},"categories":[133],"tags":[139],"class_list":["post-55944","post","type-post","status-publish","format-standard","has-post-thumbnail","hentry","category-notizie","tag-notizie-di-la-ccis","entry","has-media"],"yoast_head":"<!-- This site is optimized with the Yoast SEO plugin v27.5 - https:\/\/yoast.com\/product\/yoast-seo-wordpress\/ -->\n<title>Si conclude la nona edizione di \u201cPassione Italia\u201d - Italcamara<\/title>\n<meta name=\"robots\" content=\"index, follow, max-snippet:-1, max-image-preview:large, max-video-preview:-1\" \/>\n<link rel=\"canonical\" href=\"https:\/\/italcamara-es.com\/it\/notizie\/si-conclude-la-nona-edizione-di-passione-italia\/\" \/>\n<meta property=\"og:locale\" content=\"it_IT\" \/>\n<meta property=\"og:type\" content=\"article\" \/>\n<meta property=\"og:title\" content=\"Si conclude la nona edizione di \u201cPassione Italia\u201d - Italcamara\" \/>\n<meta property=\"og:description\" content=\"Il Centro Culturale Conde Duque di Madrid \u00e8 stato durante tre giorni (2-4 giugno) il centro di gravit\u00e0 delle eccellenze italiane in Spagna. &nbsp; Si \u00e8 conclusa la nona edizione di Passione Italia a Madrid. Organizzata dalla Camera di Commercio e Industria Italiana per la Spagna (CCIS), in collaborazione con l\u2019Ambasciata d\u2019Italia, la grande kermesse [&hellip;]\" \/>\n<meta property=\"og:url\" content=\"https:\/\/italcamara-es.com\/it\/notizie\/si-conclude-la-nona-edizione-di-passione-italia\/\" \/>\n<meta property=\"og:site_name\" content=\"Italcamara\" \/>\n<meta property=\"article:published_time\" content=\"2017-06-05T12:12:28+00:00\" \/>\n<meta property=\"og:image\" content=\"https:\/\/italcamara-es.com\/wp-content\/uploads\/2025\/03\/selezione2giugno_ridimens-6250.jpg\" \/>\n\t<meta property=\"og:image:width\" content=\"250\" \/>\n\t<meta property=\"og:image:height\" content=\"140\" \/>\n\t<meta property=\"og:image:type\" content=\"image\/jpeg\" \/>\n<meta name=\"author\" content=\"administrador\" \/>\n<meta name=\"twitter:card\" content=\"summary_large_image\" \/>\n<meta name=\"twitter:label1\" content=\"Scritto da\" \/>\n\t<meta name=\"twitter:data1\" content=\"administrador\" \/>\n\t<meta name=\"twitter:label2\" content=\"Tempo di lettura stimato\" \/>\n\t<meta name=\"twitter:data2\" content=\"2 minuti\" \/>\n<script type=\"application\/ld+json\" class=\"yoast-schema-graph\">{\"@context\":\"https:\\\/\\\/schema.org\",\"@graph\":[{\"@type\":\"Article\",\"@id\":\"https:\\\/\\\/italcamara-es.com\\\/it\\\/notizie\\\/si-conclude-la-nona-edizione-di-passione-italia\\\/#article\",\"isPartOf\":{\"@id\":\"https:\\\/\\\/italcamara-es.com\\\/it\\\/notizie\\\/si-conclude-la-nona-edizione-di-passione-italia\\\/\"},\"author\":{\"name\":\"administrador\",\"@id\":\"https:\\\/\\\/italcamara-es.com\\\/#\\\/schema\\\/person\\\/bb3c56263e405bbd9a15171dcfee93bb\"},\"headline\":\"Si conclude la nona edizione di \u201cPassione Italia\u201d\",\"datePublished\":\"2017-06-05T12:12:28+00:00\",\"mainEntityOfPage\":{\"@id\":\"https:\\\/\\\/italcamara-es.com\\\/it\\\/notizie\\\/si-conclude-la-nona-edizione-di-passione-italia\\\/\"},\"wordCount\":488,\"commentCount\":0,\"image\":{\"@id\":\"https:\\\/\\\/italcamara-es.com\\\/it\\\/notizie\\\/si-conclude-la-nona-edizione-di-passione-italia\\\/#primaryimage\"},\"thumbnailUrl\":\"https:\\\/\\\/italcamara-es.com\\\/wp-content\\\/uploads\\\/2025\\\/03\\\/selezione2giugno_ridimens-6250.jpg\",\"keywords\":[\"Notizie di la CCIS\"],\"articleSection\":[\"Notizie\"],\"inLanguage\":\"it-IT\",\"potentialAction\":[{\"@type\":\"CommentAction\",\"name\":\"Comment\",\"target\":[\"https:\\\/\\\/italcamara-es.com\\\/it\\\/notizie\\\/si-conclude-la-nona-edizione-di-passione-italia\\\/#respond\"]}]},{\"@type\":\"WebPage\",\"@id\":\"https:\\\/\\\/italcamara-es.com\\\/it\\\/notizie\\\/si-conclude-la-nona-edizione-di-passione-italia\\\/\",\"url\":\"https:\\\/\\\/italcamara-es.com\\\/it\\\/notizie\\\/si-conclude-la-nona-edizione-di-passione-italia\\\/\",\"name\":\"Si conclude la nona edizione di \u201cPassione Italia\u201d - Italcamara\",\"isPartOf\":{\"@id\":\"https:\\\/\\\/italcamara-es.com\\\/#website\"},\"primaryImageOfPage\":{\"@id\":\"https:\\\/\\\/italcamara-es.com\\\/it\\\/notizie\\\/si-conclude-la-nona-edizione-di-passione-italia\\\/#primaryimage\"},\"image\":{\"@id\":\"https:\\\/\\\/italcamara-es.com\\\/it\\\/notizie\\\/si-conclude-la-nona-edizione-di-passione-italia\\\/#primaryimage\"},\"thumbnailUrl\":\"https:\\\/\\\/italcamara-es.com\\\/wp-content\\\/uploads\\\/2025\\\/03\\\/selezione2giugno_ridimens-6250.jpg\",\"datePublished\":\"2017-06-05T12:12:28+00:00\",\"author\":{\"@id\":\"https:\\\/\\\/italcamara-es.com\\\/#\\\/schema\\\/person\\\/bb3c56263e405bbd9a15171dcfee93bb\"},\"breadcrumb\":{\"@id\":\"https:\\\/\\\/italcamara-es.com\\\/it\\\/notizie\\\/si-conclude-la-nona-edizione-di-passione-italia\\\/#breadcrumb\"},\"inLanguage\":\"it-IT\",\"potentialAction\":[{\"@type\":\"ReadAction\",\"target\":[\"https:\\\/\\\/italcamara-es.com\\\/it\\\/notizie\\\/si-conclude-la-nona-edizione-di-passione-italia\\\/\"]}]},{\"@type\":\"ImageObject\",\"inLanguage\":\"it-IT\",\"@id\":\"https:\\\/\\\/italcamara-es.com\\\/it\\\/notizie\\\/si-conclude-la-nona-edizione-di-passione-italia\\\/#primaryimage\",\"url\":\"https:\\\/\\\/italcamara-es.com\\\/wp-content\\\/uploads\\\/2025\\\/03\\\/selezione2giugno_ridimens-6250.jpg\",\"contentUrl\":\"https:\\\/\\\/italcamara-es.com\\\/wp-content\\\/uploads\\\/2025\\\/03\\\/selezione2giugno_ridimens-6250.jpg\",\"width\":250,\"height\":140},{\"@type\":\"BreadcrumbList\",\"@id\":\"https:\\\/\\\/italcamara-es.com\\\/it\\\/notizie\\\/si-conclude-la-nona-edizione-di-passione-italia\\\/#breadcrumb\",\"itemListElement\":[{\"@type\":\"ListItem\",\"position\":1,\"name\":\"Inicio\",\"item\":\"https:\\\/\\\/italcamara-es.com\\\/\"},{\"@type\":\"ListItem\",\"position\":2,\"name\":\"Si conclude la nona edizione di \u201cPassione Italia\u201d\"}]},{\"@type\":\"WebSite\",\"@id\":\"https:\\\/\\\/italcamara-es.com\\\/#website\",\"url\":\"https:\\\/\\\/italcamara-es.com\\\/\",\"name\":\"Italcamara\",\"description\":\"\",\"potentialAction\":[{\"@type\":\"SearchAction\",\"target\":{\"@type\":\"EntryPoint\",\"urlTemplate\":\"https:\\\/\\\/italcamara-es.com\\\/?s={search_term_string}\"},\"query-input\":{\"@type\":\"PropertyValueSpecification\",\"valueRequired\":true,\"valueName\":\"search_term_string\"}}],\"inLanguage\":\"it-IT\"},{\"@type\":\"Person\",\"@id\":\"https:\\\/\\\/italcamara-es.com\\\/#\\\/schema\\\/person\\\/bb3c56263e405bbd9a15171dcfee93bb\",\"name\":\"administrador\",\"image\":{\"@type\":\"ImageObject\",\"inLanguage\":\"it-IT\",\"@id\":\"https:\\\/\\\/secure.gravatar.com\\\/avatar\\\/14b5e63db38320b12031bb28cf9f77e210aa71fb3a8a3602a3c9a05134fa75eb?s=96&d=mm&r=g\",\"url\":\"https:\\\/\\\/secure.gravatar.com\\\/avatar\\\/14b5e63db38320b12031bb28cf9f77e210aa71fb3a8a3602a3c9a05134fa75eb?s=96&d=mm&r=g\",\"contentUrl\":\"https:\\\/\\\/secure.gravatar.com\\\/avatar\\\/14b5e63db38320b12031bb28cf9f77e210aa71fb3a8a3602a3c9a05134fa75eb?s=96&d=mm&r=g\",\"caption\":\"administrador\"},\"sameAs\":[\"http:\\\/\\\/pre.italcamara-es.com\"],\"url\":\"https:\\\/\\\/italcamara-es.com\\\/it\\\/author\\\/administrador\\\/\"}]}<\/script>\n<!-- \/ Yoast SEO plugin. -->","yoast_head_json":{"title":"Si conclude la nona edizione di \u201cPassione Italia\u201d - Italcamara","robots":{"index":"index","follow":"follow","max-snippet":"max-snippet:-1","max-image-preview":"max-image-preview:large","max-video-preview":"max-video-preview:-1"},"canonical":"https:\/\/italcamara-es.com\/it\/notizie\/si-conclude-la-nona-edizione-di-passione-italia\/","og_locale":"it_IT","og_type":"article","og_title":"Si conclude la nona edizione di \u201cPassione Italia\u201d - Italcamara","og_description":"Il Centro Culturale Conde Duque di Madrid \u00e8 stato durante tre giorni (2-4 giugno) il centro di gravit\u00e0 delle eccellenze italiane in Spagna. &nbsp; Si \u00e8 conclusa la nona edizione di Passione Italia a Madrid. Organizzata dalla Camera di Commercio e Industria Italiana per la Spagna (CCIS), in collaborazione con l\u2019Ambasciata d\u2019Italia, la grande kermesse [&hellip;]","og_url":"https:\/\/italcamara-es.com\/it\/notizie\/si-conclude-la-nona-edizione-di-passione-italia\/","og_site_name":"Italcamara","article_published_time":"2017-06-05T12:12:28+00:00","og_image":[{"width":250,"height":140,"url":"https:\/\/italcamara-es.com\/wp-content\/uploads\/2025\/03\/selezione2giugno_ridimens-6250.jpg","type":"image\/jpeg"}],"author":"administrador","twitter_card":"summary_large_image","twitter_misc":{"Scritto da":"administrador","Tempo di lettura stimato":"2 minuti"},"schema":{"@context":"https:\/\/schema.org","@graph":[{"@type":"Article","@id":"https:\/\/italcamara-es.com\/it\/notizie\/si-conclude-la-nona-edizione-di-passione-italia\/#article","isPartOf":{"@id":"https:\/\/italcamara-es.com\/it\/notizie\/si-conclude-la-nona-edizione-di-passione-italia\/"},"author":{"name":"administrador","@id":"https:\/\/italcamara-es.com\/#\/schema\/person\/bb3c56263e405bbd9a15171dcfee93bb"},"headline":"Si conclude la nona edizione di \u201cPassione Italia\u201d","datePublished":"2017-06-05T12:12:28+00:00","mainEntityOfPage":{"@id":"https:\/\/italcamara-es.com\/it\/notizie\/si-conclude-la-nona-edizione-di-passione-italia\/"},"wordCount":488,"commentCount":0,"image":{"@id":"https:\/\/italcamara-es.com\/it\/notizie\/si-conclude-la-nona-edizione-di-passione-italia\/#primaryimage"},"thumbnailUrl":"https:\/\/italcamara-es.com\/wp-content\/uploads\/2025\/03\/selezione2giugno_ridimens-6250.jpg","keywords":["Notizie di la CCIS"],"articleSection":["Notizie"],"inLanguage":"it-IT","potentialAction":[{"@type":"CommentAction","name":"Comment","target":["https:\/\/italcamara-es.com\/it\/notizie\/si-conclude-la-nona-edizione-di-passione-italia\/#respond"]}]},{"@type":"WebPage","@id":"https:\/\/italcamara-es.com\/it\/notizie\/si-conclude-la-nona-edizione-di-passione-italia\/","url":"https:\/\/italcamara-es.com\/it\/notizie\/si-conclude-la-nona-edizione-di-passione-italia\/","name":"Si conclude la nona edizione di \u201cPassione Italia\u201d - Italcamara","isPartOf":{"@id":"https:\/\/italcamara-es.com\/#website"},"primaryImageOfPage":{"@id":"https:\/\/italcamara-es.com\/it\/notizie\/si-conclude-la-nona-edizione-di-passione-italia\/#primaryimage"},"image":{"@id":"https:\/\/italcamara-es.com\/it\/notizie\/si-conclude-la-nona-edizione-di-passione-italia\/#primaryimage"},"thumbnailUrl":"https:\/\/italcamara-es.com\/wp-content\/uploads\/2025\/03\/selezione2giugno_ridimens-6250.jpg","datePublished":"2017-06-05T12:12:28+00:00","author":{"@id":"https:\/\/italcamara-es.com\/#\/schema\/person\/bb3c56263e405bbd9a15171dcfee93bb"},"breadcrumb":{"@id":"https:\/\/italcamara-es.com\/it\/notizie\/si-conclude-la-nona-edizione-di-passione-italia\/#breadcrumb"},"inLanguage":"it-IT","potentialAction":[{"@type":"ReadAction","target":["https:\/\/italcamara-es.com\/it\/notizie\/si-conclude-la-nona-edizione-di-passione-italia\/"]}]},{"@type":"ImageObject","inLanguage":"it-IT","@id":"https:\/\/italcamara-es.com\/it\/notizie\/si-conclude-la-nona-edizione-di-passione-italia\/#primaryimage","url":"https:\/\/italcamara-es.com\/wp-content\/uploads\/2025\/03\/selezione2giugno_ridimens-6250.jpg","contentUrl":"https:\/\/italcamara-es.com\/wp-content\/uploads\/2025\/03\/selezione2giugno_ridimens-6250.jpg","width":250,"height":140},{"@type":"BreadcrumbList","@id":"https:\/\/italcamara-es.com\/it\/notizie\/si-conclude-la-nona-edizione-di-passione-italia\/#breadcrumb","itemListElement":[{"@type":"ListItem","position":1,"name":"Inicio","item":"https:\/\/italcamara-es.com\/"},{"@type":"ListItem","position":2,"name":"Si conclude la nona edizione di \u201cPassione Italia\u201d"}]},{"@type":"WebSite","@id":"https:\/\/italcamara-es.com\/#website","url":"https:\/\/italcamara-es.com\/","name":"Italcamara","description":"","potentialAction":[{"@type":"SearchAction","target":{"@type":"EntryPoint","urlTemplate":"https:\/\/italcamara-es.com\/?s={search_term_string}"},"query-input":{"@type":"PropertyValueSpecification","valueRequired":true,"valueName":"search_term_string"}}],"inLanguage":"it-IT"},{"@type":"Person","@id":"https:\/\/italcamara-es.com\/#\/schema\/person\/bb3c56263e405bbd9a15171dcfee93bb","name":"administrador","image":{"@type":"ImageObject","inLanguage":"it-IT","@id":"https:\/\/secure.gravatar.com\/avatar\/14b5e63db38320b12031bb28cf9f77e210aa71fb3a8a3602a3c9a05134fa75eb?s=96&d=mm&r=g","url":"https:\/\/secure.gravatar.com\/avatar\/14b5e63db38320b12031bb28cf9f77e210aa71fb3a8a3602a3c9a05134fa75eb?s=96&d=mm&r=g","contentUrl":"https:\/\/secure.gravatar.com\/avatar\/14b5e63db38320b12031bb28cf9f77e210aa71fb3a8a3602a3c9a05134fa75eb?s=96&d=mm&r=g","caption":"administrador"},"sameAs":["http:\/\/pre.italcamara-es.com"],"url":"https:\/\/italcamara-es.com\/it\/author\/administrador\/"}]}},"rttpg_featured_image_url":{"full":["https:\/\/italcamara-es.com\/wp-content\/uploads\/2025\/03\/selezione2giugno_ridimens-6250.jpg",250,140,false],"landscape":["https:\/\/italcamara-es.com\/wp-content\/uploads\/2025\/03\/selezione2giugno_ridimens-6250.jpg",250,140,false],"portraits":["https:\/\/italcamara-es.com\/wp-content\/uploads\/2025\/03\/selezione2giugno_ridimens-6250.jpg",250,140,false],"thumbnail":["https:\/\/italcamara-es.com\/wp-content\/uploads\/2025\/03\/selezione2giugno_ridimens-6250-150x140.jpg",150,140,true],"medium":["https:\/\/italcamara-es.com\/wp-content\/uploads\/2025\/03\/selezione2giugno_ridimens-6250.jpg",250,140,false],"large":["https:\/\/italcamara-es.com\/wp-content\/uploads\/2025\/03\/selezione2giugno_ridimens-6250.jpg",250,140,false],"1536x1536":["https:\/\/italcamara-es.com\/wp-content\/uploads\/2025\/03\/selezione2giugno_ridimens-6250.jpg",250,140,false],"2048x2048":["https:\/\/italcamara-es.com\/wp-content\/uploads\/2025\/03\/selezione2giugno_ridimens-6250.jpg",250,140,false],"ocean-thumb-m":["https:\/\/italcamara-es.com\/wp-content\/uploads\/2025\/03\/selezione2giugno_ridimens-6250.jpg",250,140,false],"ocean-thumb-ml":["https:\/\/italcamara-es.com\/wp-content\/uploads\/2025\/03\/selezione2giugno_ridimens-6250.jpg",250,140,false],"ocean-thumb-l":["https:\/\/italcamara-es.com\/wp-content\/uploads\/2025\/03\/selezione2giugno_ridimens-6250.jpg",250,140,false],"directorist_preview":["https:\/\/italcamara-es.com\/wp-content\/uploads\/2025\/03\/selezione2giugno_ridimens-6250.jpg",250,140,false]},"rttpg_author":{"display_name":"administrador","author_link":"https:\/\/italcamara-es.com\/it\/author\/administrador\/"},"rttpg_comment":0,"rttpg_category":"<a href=\"https:\/\/italcamara-es.com\/it\/category\/notizie\/\" rel=\"category tag\">Notizie<\/a>","rttpg_excerpt":"Il Centro Culturale Conde Duque di Madrid \u00e8 stato durante tre giorni (2-4 giugno) il centro di gravit\u00e0 delle eccellenze italiane in Spagna. &nbsp; Si \u00e8 conclusa la nona edizione di Passione Italia a Madrid. Organizzata dalla Camera di Commercio e Industria Italiana per la Spagna (CCIS), in collaborazione con l\u2019Ambasciata d\u2019Italia, la grande kermesse&hellip;","_links":{"self":[{"href":"https:\/\/italcamara-es.com\/it\/wp-json\/wp\/v2\/posts\/55944","targetHints":{"allow":["GET"]}}],"collection":[{"href":"https:\/\/italcamara-es.com\/it\/wp-json\/wp\/v2\/posts"}],"about":[{"href":"https:\/\/italcamara-es.com\/it\/wp-json\/wp\/v2\/types\/post"}],"author":[{"embeddable":true,"href":"https:\/\/italcamara-es.com\/it\/wp-json\/wp\/v2\/users\/1"}],"replies":[{"embeddable":true,"href":"https:\/\/italcamara-es.com\/it\/wp-json\/wp\/v2\/comments?post=55944"}],"version-history":[{"count":0,"href":"https:\/\/italcamara-es.com\/it\/wp-json\/wp\/v2\/posts\/55944\/revisions"}],"wp:featuredmedia":[{"embeddable":true,"href":"https:\/\/italcamara-es.com\/it\/wp-json\/wp\/v2\/media\/54426"}],"wp:attachment":[{"href":"https:\/\/italcamara-es.com\/it\/wp-json\/wp\/v2\/media?parent=55944"}],"wp:term":[{"taxonomy":"category","embeddable":true,"href":"https:\/\/italcamara-es.com\/it\/wp-json\/wp\/v2\/categories?post=55944"},{"taxonomy":"post_tag","embeddable":true,"href":"https:\/\/italcamara-es.com\/it\/wp-json\/wp\/v2\/tags?post=55944"}],"curies":[{"name":"wp","href":"https:\/\/api.w.org\/{rel}","templated":true}]}}