	{"id":55950,"date":"2017-06-14T16:38:08","date_gmt":"2017-06-14T14:38:08","guid":{"rendered":"http:\/\/pre.italcamara-es.com\/senza-categoria\/si-conclude-la-quarta-fase-del-progetto-tourism-for-vet\/"},"modified":"2017-06-14T16:38:08","modified_gmt":"2017-06-14T14:38:08","slug":"si-conclude-la-quarta-fase-del-progetto-tourism-for-vet","status":"publish","type":"post","link":"https:\/\/italcamara-es.com\/it\/notizie\/si-conclude-la-quarta-fase-del-progetto-tourism-for-vet\/","title":{"rendered":"Si conclude la quarta fase del progetto TOURISM FOR VET"},"content":{"rendered":"<p><em>I 29 studenti spagnoli, partiti nel quarto flusso del progetto, hanno terminato i loro stage all\u2019estero nel settore turistico.<\/em><\/p>\n<p>&nbsp;<\/p>\n<p>Si \u00e8 conclusa negli scorsi giorni la quarta fase di <span style=\"color: #003366;\"><a style=\"color: #003366;\" href=\"https:\/\/www.italcamara-es.com\/es\/2016\/05\/25\/tfv\/\" target=\"_blank\" rel=\"noopener\"><strong>Tourism for VET<\/strong><\/a><\/span>, il progetto cofinanziato dalla Commissione Europea nell\u2019ambito del programma Erasmus+ di cui la Camera di Commercio e Industria Italiana per la Spagna (CCIS) \u00e8 capofila e che ha coinvolto in totale 81 partecipanti.<\/p>\n<p>&nbsp;<\/p>\n<p>Il progetto \u00e8 finalizzato a fornire a studenti e diplomati che abbiano gi\u00e0 superato i moduli teorici del loro ciclo di studi la possibilit\u00e0 di effettuare un\u2019esperienza di lavoro all\u2019estero in modo da acquisire le competenze professionali necessarie per favorire il loro inserimento nel mondo del lavoro.<\/p>\n<p>&nbsp;<\/p>\n<p>Come i ragazzi che sono partiti nei precedenti tre flussi, gli studenti e neodiplomati provengono da istituti per la formazione in turismo e gestione alberghiera di diverse parti della Spagna. Per questo flusso sono sette le scuole di provenienza dei 29 studenti: Fuenllana Centro Cultural Pedralta (Madrid), IES Mar\u00eda de Zayas y Sotomayor (Majadahonda, Madrid), IES Almeraya (Almer\u00eda), Fundaci\u00f3n Cruzcampo Heinekein (Sevilla), IES Diego de Praves (Valladolid), CIFP Hosteler\u00eda y Turismo Principado de Asturias (Gij\u00f3n).<\/p>\n<p>&nbsp;<\/p>\n<p>I ragazzi hanno svolto un tirocinio di circa tre mesi presso strutture ricettive e della ristorazione situate in diverse localit\u00e0 di tre paesi coinvolti nel progetto e in particolare Lisbona in Portogallo, Pistoia e Perugia in Italia e Salonicco in Grecia. Oltre alle imprese di questi paesi, anche alcune aziende della Bulgaria avevano partecipato al progetto nei precedenti flussi accogliendo studenti.<\/p>\n<p>&nbsp;<\/p>\n<p>Il periodo di formazione professionale all\u2019estero ha offerto ai ragazzi la possibilit\u00e0 non solo di perseguire il miglioramento delle loro conoscenze e competenze professionali, ma anche di confrontarsi con un contesto differente a livello culturale e linguistico. Un percorso di questo tipo si pone, infatti, nella prospettiva di fornire gli strumenti necessari al loro inserimento nel mondo del lavoro, anche in un paese diverso da quello di provenienza, e in particolare in un settore come quello turistico che \u00e8 di importanza cruciale per l\u2019economia spagnola, come anche degli altri paesi coinvolti, e allo stesso tempo di favorire la crescita personale degli studenti.<\/p>\n","protected":false},"excerpt":{"rendered":"<p>I 29 studenti spagnoli, partiti nel quarto flusso del progetto, hanno terminato i loro stage all\u2019estero nel settore turistico. &nbsp; Si \u00e8 conclusa negli scorsi giorni la quarta fase di Tourism for VET, il progetto cofinanziato dalla Commissione Europea nell\u2019ambito del programma Erasmus+ di cui la Camera di Commercio e Industria Italiana per la Spagna [&hellip;]<\/p>\n","protected":false},"author":1,"featured_media":54436,"comment_status":"open","ping_status":"open","sticky":false,"template":"","format":"standard","meta":{"inline_featured_image":false,"ocean_post_layout":"","ocean_both_sidebars_style":"","ocean_both_sidebars_content_width":0,"ocean_both_sidebars_sidebars_width":0,"ocean_sidebar":"","ocean_second_sidebar":"","ocean_disable_margins":"enable","ocean_add_body_class":"","ocean_shortcode_before_top_bar":"","ocean_shortcode_after_top_bar":"","ocean_shortcode_before_header":"","ocean_shortcode_after_header":"","ocean_has_shortcode":"","ocean_shortcode_after_title":"","ocean_shortcode_before_footer_widgets":"","ocean_shortcode_after_footer_widgets":"","ocean_shortcode_before_footer_bottom":"","ocean_shortcode_after_footer_bottom":"","ocean_display_top_bar":"default","ocean_display_header":"default","ocean_header_style":"","ocean_center_header_left_menu":"","ocean_custom_header_template":"","ocean_custom_logo":0,"ocean_custom_retina_logo":0,"ocean_custom_logo_max_width":0,"ocean_custom_logo_tablet_max_width":0,"ocean_custom_logo_mobile_max_width":0,"ocean_custom_logo_max_height":0,"ocean_custom_logo_tablet_max_height":0,"ocean_custom_logo_mobile_max_height":0,"ocean_header_custom_menu":"","ocean_menu_typo_font_family":"","ocean_menu_typo_font_subset":"","ocean_menu_typo_font_size":0,"ocean_menu_typo_font_size_tablet":0,"ocean_menu_typo_font_size_mobile":0,"ocean_menu_typo_font_size_unit":"px","ocean_menu_typo_font_weight":"","ocean_menu_typo_font_weight_tablet":"","ocean_menu_typo_font_weight_mobile":"","ocean_menu_typo_transform":"","ocean_menu_typo_transform_tablet":"","ocean_menu_typo_transform_mobile":"","ocean_menu_typo_line_height":0,"ocean_menu_typo_line_height_tablet":0,"ocean_menu_typo_line_height_mobile":0,"ocean_menu_typo_line_height_unit":"","ocean_menu_typo_spacing":0,"ocean_menu_typo_spacing_tablet":0,"ocean_menu_typo_spacing_mobile":0,"ocean_menu_typo_spacing_unit":"","ocean_menu_link_color":"","ocean_menu_link_color_hover":"","ocean_menu_link_color_active":"","ocean_menu_link_background":"","ocean_menu_link_hover_background":"","ocean_menu_link_active_background":"","ocean_menu_social_links_bg":"","ocean_menu_social_hover_links_bg":"","ocean_menu_social_links_color":"","ocean_menu_social_hover_links_color":"","ocean_disable_title":"default","ocean_disable_heading":"default","ocean_post_title":"","ocean_post_subheading":"","ocean_post_title_style":"","ocean_post_title_background_color":"","ocean_post_title_background":0,"ocean_post_title_bg_image_position":"","ocean_post_title_bg_image_attachment":"","ocean_post_title_bg_image_repeat":"","ocean_post_title_bg_image_size":"","ocean_post_title_height":0,"ocean_post_title_bg_overlay":0.5,"ocean_post_title_bg_overlay_color":"","ocean_disable_breadcrumbs":"default","ocean_breadcrumbs_color":"","ocean_breadcrumbs_separator_color":"","ocean_breadcrumbs_links_color":"","ocean_breadcrumbs_links_hover_color":"","ocean_display_footer_widgets":"default","ocean_display_footer_bottom":"default","ocean_custom_footer_template":"","ocean_post_oembed":"","ocean_post_self_hosted_media":"","ocean_post_video_embed":"","ocean_link_format":"","ocean_link_format_target":"self","ocean_quote_format":"","ocean_quote_format_link":"post","ocean_gallery_link_images":"on","ocean_gallery_id":[],"footnotes":""},"categories":[133],"tags":[139],"class_list":["post-55950","post","type-post","status-publish","format-standard","has-post-thumbnail","hentry","category-notizie","tag-notizie-di-la-ccis","entry","has-media"],"yoast_head":"<!-- This site is optimized with the Yoast SEO plugin v27.5 - https:\/\/yoast.com\/product\/yoast-seo-wordpress\/ -->\n<title>Si conclude la quarta fase del progetto TOURISM FOR VET - Italcamara<\/title>\n<meta name=\"robots\" content=\"index, follow, max-snippet:-1, max-image-preview:large, max-video-preview:-1\" \/>\n<link rel=\"canonical\" href=\"https:\/\/italcamara-es.com\/it\/notizie\/si-conclude-la-quarta-fase-del-progetto-tourism-for-vet\/\" \/>\n<meta property=\"og:locale\" content=\"it_IT\" \/>\n<meta property=\"og:type\" content=\"article\" \/>\n<meta property=\"og:title\" content=\"Si conclude la quarta fase del progetto TOURISM FOR VET - Italcamara\" \/>\n<meta property=\"og:description\" content=\"I 29 studenti spagnoli, partiti nel quarto flusso del progetto, hanno terminato i loro stage all\u2019estero nel settore turistico. &nbsp; Si \u00e8 conclusa negli scorsi giorni la quarta fase di Tourism for VET, il progetto cofinanziato dalla Commissione Europea nell\u2019ambito del programma Erasmus+ di cui la Camera di Commercio e Industria Italiana per la Spagna [&hellip;]\" \/>\n<meta property=\"og:url\" content=\"https:\/\/italcamara-es.com\/it\/notizie\/si-conclude-la-quarta-fase-del-progetto-tourism-for-vet\/\" \/>\n<meta property=\"og:site_name\" content=\"Italcamara\" \/>\n<meta property=\"article:published_time\" content=\"2017-06-14T14:38:08+00:00\" \/>\n<meta property=\"og:image\" content=\"https:\/\/italcamara-es.com\/wp-content\/uploads\/2025\/03\/TFV250-1.jpg\" \/>\n\t<meta property=\"og:image:width\" content=\"250\" \/>\n\t<meta property=\"og:image:height\" content=\"145\" \/>\n\t<meta property=\"og:image:type\" content=\"image\/jpeg\" \/>\n<meta name=\"author\" content=\"administrador\" \/>\n<meta name=\"twitter:card\" content=\"summary_large_image\" \/>\n<meta name=\"twitter:label1\" content=\"Scritto da\" \/>\n\t<meta name=\"twitter:data1\" content=\"administrador\" \/>\n\t<meta name=\"twitter:label2\" content=\"Tempo di lettura stimato\" \/>\n\t<meta name=\"twitter:data2\" content=\"2 minuti\" \/>\n<script type=\"application\/ld+json\" class=\"yoast-schema-graph\">{\"@context\":\"https:\\\/\\\/schema.org\",\"@graph\":[{\"@type\":\"Article\",\"@id\":\"https:\\\/\\\/italcamara-es.com\\\/it\\\/notizie\\\/si-conclude-la-quarta-fase-del-progetto-tourism-for-vet\\\/#article\",\"isPartOf\":{\"@id\":\"https:\\\/\\\/italcamara-es.com\\\/it\\\/notizie\\\/si-conclude-la-quarta-fase-del-progetto-tourism-for-vet\\\/\"},\"author\":{\"name\":\"administrador\",\"@id\":\"https:\\\/\\\/italcamara-es.com\\\/#\\\/schema\\\/person\\\/bb3c56263e405bbd9a15171dcfee93bb\"},\"headline\":\"Si conclude la quarta fase del progetto TOURISM FOR VET\",\"datePublished\":\"2017-06-14T14:38:08+00:00\",\"mainEntityOfPage\":{\"@id\":\"https:\\\/\\\/italcamara-es.com\\\/it\\\/notizie\\\/si-conclude-la-quarta-fase-del-progetto-tourism-for-vet\\\/\"},\"wordCount\":369,\"commentCount\":0,\"image\":{\"@id\":\"https:\\\/\\\/italcamara-es.com\\\/it\\\/notizie\\\/si-conclude-la-quarta-fase-del-progetto-tourism-for-vet\\\/#primaryimage\"},\"thumbnailUrl\":\"https:\\\/\\\/italcamara-es.com\\\/wp-content\\\/uploads\\\/2025\\\/03\\\/TFV250-1.jpg\",\"keywords\":[\"Notizie di la CCIS\"],\"articleSection\":[\"Notizie\"],\"inLanguage\":\"it-IT\",\"potentialAction\":[{\"@type\":\"CommentAction\",\"name\":\"Comment\",\"target\":[\"https:\\\/\\\/italcamara-es.com\\\/it\\\/notizie\\\/si-conclude-la-quarta-fase-del-progetto-tourism-for-vet\\\/#respond\"]}]},{\"@type\":\"WebPage\",\"@id\":\"https:\\\/\\\/italcamara-es.com\\\/it\\\/notizie\\\/si-conclude-la-quarta-fase-del-progetto-tourism-for-vet\\\/\",\"url\":\"https:\\\/\\\/italcamara-es.com\\\/it\\\/notizie\\\/si-conclude-la-quarta-fase-del-progetto-tourism-for-vet\\\/\",\"name\":\"Si conclude la quarta fase del progetto TOURISM FOR VET - Italcamara\",\"isPartOf\":{\"@id\":\"https:\\\/\\\/italcamara-es.com\\\/#website\"},\"primaryImageOfPage\":{\"@id\":\"https:\\\/\\\/italcamara-es.com\\\/it\\\/notizie\\\/si-conclude-la-quarta-fase-del-progetto-tourism-for-vet\\\/#primaryimage\"},\"image\":{\"@id\":\"https:\\\/\\\/italcamara-es.com\\\/it\\\/notizie\\\/si-conclude-la-quarta-fase-del-progetto-tourism-for-vet\\\/#primaryimage\"},\"thumbnailUrl\":\"https:\\\/\\\/italcamara-es.com\\\/wp-content\\\/uploads\\\/2025\\\/03\\\/TFV250-1.jpg\",\"datePublished\":\"2017-06-14T14:38:08+00:00\",\"author\":{\"@id\":\"https:\\\/\\\/italcamara-es.com\\\/#\\\/schema\\\/person\\\/bb3c56263e405bbd9a15171dcfee93bb\"},\"breadcrumb\":{\"@id\":\"https:\\\/\\\/italcamara-es.com\\\/it\\\/notizie\\\/si-conclude-la-quarta-fase-del-progetto-tourism-for-vet\\\/#breadcrumb\"},\"inLanguage\":\"it-IT\",\"potentialAction\":[{\"@type\":\"ReadAction\",\"target\":[\"https:\\\/\\\/italcamara-es.com\\\/it\\\/notizie\\\/si-conclude-la-quarta-fase-del-progetto-tourism-for-vet\\\/\"]}]},{\"@type\":\"ImageObject\",\"inLanguage\":\"it-IT\",\"@id\":\"https:\\\/\\\/italcamara-es.com\\\/it\\\/notizie\\\/si-conclude-la-quarta-fase-del-progetto-tourism-for-vet\\\/#primaryimage\",\"url\":\"https:\\\/\\\/italcamara-es.com\\\/wp-content\\\/uploads\\\/2025\\\/03\\\/TFV250-1.jpg\",\"contentUrl\":\"https:\\\/\\\/italcamara-es.com\\\/wp-content\\\/uploads\\\/2025\\\/03\\\/TFV250-1.jpg\",\"width\":250,\"height\":145},{\"@type\":\"BreadcrumbList\",\"@id\":\"https:\\\/\\\/italcamara-es.com\\\/it\\\/notizie\\\/si-conclude-la-quarta-fase-del-progetto-tourism-for-vet\\\/#breadcrumb\",\"itemListElement\":[{\"@type\":\"ListItem\",\"position\":1,\"name\":\"Inicio\",\"item\":\"https:\\\/\\\/italcamara-es.com\\\/it\\\/homepage-ita\\\/\"},{\"@type\":\"ListItem\",\"position\":2,\"name\":\"Si conclude la quarta fase del progetto TOURISM FOR VET\"}]},{\"@type\":\"WebSite\",\"@id\":\"https:\\\/\\\/italcamara-es.com\\\/#website\",\"url\":\"https:\\\/\\\/italcamara-es.com\\\/\",\"name\":\"Italcamara\",\"description\":\"\",\"potentialAction\":[{\"@type\":\"SearchAction\",\"target\":{\"@type\":\"EntryPoint\",\"urlTemplate\":\"https:\\\/\\\/italcamara-es.com\\\/?s={search_term_string}\"},\"query-input\":{\"@type\":\"PropertyValueSpecification\",\"valueRequired\":true,\"valueName\":\"search_term_string\"}}],\"inLanguage\":\"it-IT\"},{\"@type\":\"Person\",\"@id\":\"https:\\\/\\\/italcamara-es.com\\\/#\\\/schema\\\/person\\\/bb3c56263e405bbd9a15171dcfee93bb\",\"name\":\"administrador\",\"image\":{\"@type\":\"ImageObject\",\"inLanguage\":\"it-IT\",\"@id\":\"https:\\\/\\\/secure.gravatar.com\\\/avatar\\\/14b5e63db38320b12031bb28cf9f77e210aa71fb3a8a3602a3c9a05134fa75eb?s=96&d=mm&r=g\",\"url\":\"https:\\\/\\\/secure.gravatar.com\\\/avatar\\\/14b5e63db38320b12031bb28cf9f77e210aa71fb3a8a3602a3c9a05134fa75eb?s=96&d=mm&r=g\",\"contentUrl\":\"https:\\\/\\\/secure.gravatar.com\\\/avatar\\\/14b5e63db38320b12031bb28cf9f77e210aa71fb3a8a3602a3c9a05134fa75eb?s=96&d=mm&r=g\",\"caption\":\"administrador\"},\"sameAs\":[\"http:\\\/\\\/pre.italcamara-es.com\"],\"url\":\"https:\\\/\\\/italcamara-es.com\\\/it\\\/author\\\/administrador\\\/\"}]}<\/script>\n<!-- \/ Yoast SEO plugin. -->","yoast_head_json":{"title":"Si conclude la quarta fase del progetto TOURISM FOR VET - Italcamara","robots":{"index":"index","follow":"follow","max-snippet":"max-snippet:-1","max-image-preview":"max-image-preview:large","max-video-preview":"max-video-preview:-1"},"canonical":"https:\/\/italcamara-es.com\/it\/notizie\/si-conclude-la-quarta-fase-del-progetto-tourism-for-vet\/","og_locale":"it_IT","og_type":"article","og_title":"Si conclude la quarta fase del progetto TOURISM FOR VET - Italcamara","og_description":"I 29 studenti spagnoli, partiti nel quarto flusso del progetto, hanno terminato i loro stage all\u2019estero nel settore turistico. &nbsp; Si \u00e8 conclusa negli scorsi giorni la quarta fase di Tourism for VET, il progetto cofinanziato dalla Commissione Europea nell\u2019ambito del programma Erasmus+ di cui la Camera di Commercio e Industria Italiana per la Spagna [&hellip;]","og_url":"https:\/\/italcamara-es.com\/it\/notizie\/si-conclude-la-quarta-fase-del-progetto-tourism-for-vet\/","og_site_name":"Italcamara","article_published_time":"2017-06-14T14:38:08+00:00","og_image":[{"width":250,"height":145,"url":"https:\/\/italcamara-es.com\/wp-content\/uploads\/2025\/03\/TFV250-1.jpg","type":"image\/jpeg"}],"author":"administrador","twitter_card":"summary_large_image","twitter_misc":{"Scritto da":"administrador","Tempo di lettura stimato":"2 minuti"},"schema":{"@context":"https:\/\/schema.org","@graph":[{"@type":"Article","@id":"https:\/\/italcamara-es.com\/it\/notizie\/si-conclude-la-quarta-fase-del-progetto-tourism-for-vet\/#article","isPartOf":{"@id":"https:\/\/italcamara-es.com\/it\/notizie\/si-conclude-la-quarta-fase-del-progetto-tourism-for-vet\/"},"author":{"name":"administrador","@id":"https:\/\/italcamara-es.com\/#\/schema\/person\/bb3c56263e405bbd9a15171dcfee93bb"},"headline":"Si conclude la quarta fase del progetto TOURISM FOR VET","datePublished":"2017-06-14T14:38:08+00:00","mainEntityOfPage":{"@id":"https:\/\/italcamara-es.com\/it\/notizie\/si-conclude-la-quarta-fase-del-progetto-tourism-for-vet\/"},"wordCount":369,"commentCount":0,"image":{"@id":"https:\/\/italcamara-es.com\/it\/notizie\/si-conclude-la-quarta-fase-del-progetto-tourism-for-vet\/#primaryimage"},"thumbnailUrl":"https:\/\/italcamara-es.com\/wp-content\/uploads\/2025\/03\/TFV250-1.jpg","keywords":["Notizie di la CCIS"],"articleSection":["Notizie"],"inLanguage":"it-IT","potentialAction":[{"@type":"CommentAction","name":"Comment","target":["https:\/\/italcamara-es.com\/it\/notizie\/si-conclude-la-quarta-fase-del-progetto-tourism-for-vet\/#respond"]}]},{"@type":"WebPage","@id":"https:\/\/italcamara-es.com\/it\/notizie\/si-conclude-la-quarta-fase-del-progetto-tourism-for-vet\/","url":"https:\/\/italcamara-es.com\/it\/notizie\/si-conclude-la-quarta-fase-del-progetto-tourism-for-vet\/","name":"Si conclude la quarta fase del progetto TOURISM FOR VET - Italcamara","isPartOf":{"@id":"https:\/\/italcamara-es.com\/#website"},"primaryImageOfPage":{"@id":"https:\/\/italcamara-es.com\/it\/notizie\/si-conclude-la-quarta-fase-del-progetto-tourism-for-vet\/#primaryimage"},"image":{"@id":"https:\/\/italcamara-es.com\/it\/notizie\/si-conclude-la-quarta-fase-del-progetto-tourism-for-vet\/#primaryimage"},"thumbnailUrl":"https:\/\/italcamara-es.com\/wp-content\/uploads\/2025\/03\/TFV250-1.jpg","datePublished":"2017-06-14T14:38:08+00:00","author":{"@id":"https:\/\/italcamara-es.com\/#\/schema\/person\/bb3c56263e405bbd9a15171dcfee93bb"},"breadcrumb":{"@id":"https:\/\/italcamara-es.com\/it\/notizie\/si-conclude-la-quarta-fase-del-progetto-tourism-for-vet\/#breadcrumb"},"inLanguage":"it-IT","potentialAction":[{"@type":"ReadAction","target":["https:\/\/italcamara-es.com\/it\/notizie\/si-conclude-la-quarta-fase-del-progetto-tourism-for-vet\/"]}]},{"@type":"ImageObject","inLanguage":"it-IT","@id":"https:\/\/italcamara-es.com\/it\/notizie\/si-conclude-la-quarta-fase-del-progetto-tourism-for-vet\/#primaryimage","url":"https:\/\/italcamara-es.com\/wp-content\/uploads\/2025\/03\/TFV250-1.jpg","contentUrl":"https:\/\/italcamara-es.com\/wp-content\/uploads\/2025\/03\/TFV250-1.jpg","width":250,"height":145},{"@type":"BreadcrumbList","@id":"https:\/\/italcamara-es.com\/it\/notizie\/si-conclude-la-quarta-fase-del-progetto-tourism-for-vet\/#breadcrumb","itemListElement":[{"@type":"ListItem","position":1,"name":"Inicio","item":"https:\/\/italcamara-es.com\/it\/homepage-ita\/"},{"@type":"ListItem","position":2,"name":"Si conclude la quarta fase del progetto TOURISM FOR VET"}]},{"@type":"WebSite","@id":"https:\/\/italcamara-es.com\/#website","url":"https:\/\/italcamara-es.com\/","name":"Italcamara","description":"","potentialAction":[{"@type":"SearchAction","target":{"@type":"EntryPoint","urlTemplate":"https:\/\/italcamara-es.com\/?s={search_term_string}"},"query-input":{"@type":"PropertyValueSpecification","valueRequired":true,"valueName":"search_term_string"}}],"inLanguage":"it-IT"},{"@type":"Person","@id":"https:\/\/italcamara-es.com\/#\/schema\/person\/bb3c56263e405bbd9a15171dcfee93bb","name":"administrador","image":{"@type":"ImageObject","inLanguage":"it-IT","@id":"https:\/\/secure.gravatar.com\/avatar\/14b5e63db38320b12031bb28cf9f77e210aa71fb3a8a3602a3c9a05134fa75eb?s=96&d=mm&r=g","url":"https:\/\/secure.gravatar.com\/avatar\/14b5e63db38320b12031bb28cf9f77e210aa71fb3a8a3602a3c9a05134fa75eb?s=96&d=mm&r=g","contentUrl":"https:\/\/secure.gravatar.com\/avatar\/14b5e63db38320b12031bb28cf9f77e210aa71fb3a8a3602a3c9a05134fa75eb?s=96&d=mm&r=g","caption":"administrador"},"sameAs":["http:\/\/pre.italcamara-es.com"],"url":"https:\/\/italcamara-es.com\/it\/author\/administrador\/"}]}},"rttpg_featured_image_url":{"full":["https:\/\/italcamara-es.com\/wp-content\/uploads\/2025\/03\/TFV250-1.jpg",250,145,false],"landscape":["https:\/\/italcamara-es.com\/wp-content\/uploads\/2025\/03\/TFV250-1.jpg",250,145,false],"portraits":["https:\/\/italcamara-es.com\/wp-content\/uploads\/2025\/03\/TFV250-1.jpg",250,145,false],"thumbnail":["https:\/\/italcamara-es.com\/wp-content\/uploads\/2025\/03\/TFV250-1-150x145.jpg",150,145,true],"medium":["https:\/\/italcamara-es.com\/wp-content\/uploads\/2025\/03\/TFV250-1.jpg",250,145,false],"large":["https:\/\/italcamara-es.com\/wp-content\/uploads\/2025\/03\/TFV250-1.jpg",250,145,false],"1536x1536":["https:\/\/italcamara-es.com\/wp-content\/uploads\/2025\/03\/TFV250-1.jpg",250,145,false],"2048x2048":["https:\/\/italcamara-es.com\/wp-content\/uploads\/2025\/03\/TFV250-1.jpg",250,145,false],"ocean-thumb-m":["https:\/\/italcamara-es.com\/wp-content\/uploads\/2025\/03\/TFV250-1.jpg",250,145,false],"ocean-thumb-ml":["https:\/\/italcamara-es.com\/wp-content\/uploads\/2025\/03\/TFV250-1.jpg",250,145,false],"ocean-thumb-l":["https:\/\/italcamara-es.com\/wp-content\/uploads\/2025\/03\/TFV250-1.jpg",250,145,false],"directorist_preview":["https:\/\/italcamara-es.com\/wp-content\/uploads\/2025\/03\/TFV250-1.jpg",250,145,false]},"rttpg_author":{"display_name":"administrador","author_link":"https:\/\/italcamara-es.com\/it\/author\/administrador\/"},"rttpg_comment":0,"rttpg_category":"<a href=\"https:\/\/italcamara-es.com\/it\/category\/notizie\/\" rel=\"category tag\">Notizie<\/a>","rttpg_excerpt":"I 29 studenti spagnoli, partiti nel quarto flusso del progetto, hanno terminato i loro stage all\u2019estero nel settore turistico. &nbsp; Si \u00e8 conclusa negli scorsi giorni la quarta fase di Tourism for VET, il progetto cofinanziato dalla Commissione Europea nell\u2019ambito del programma Erasmus+ di cui la Camera di Commercio e Industria Italiana per la Spagna&hellip;","_links":{"self":[{"href":"https:\/\/italcamara-es.com\/it\/wp-json\/wp\/v2\/posts\/55950","targetHints":{"allow":["GET"]}}],"collection":[{"href":"https:\/\/italcamara-es.com\/it\/wp-json\/wp\/v2\/posts"}],"about":[{"href":"https:\/\/italcamara-es.com\/it\/wp-json\/wp\/v2\/types\/post"}],"author":[{"embeddable":true,"href":"https:\/\/italcamara-es.com\/it\/wp-json\/wp\/v2\/users\/1"}],"replies":[{"embeddable":true,"href":"https:\/\/italcamara-es.com\/it\/wp-json\/wp\/v2\/comments?post=55950"}],"version-history":[{"count":0,"href":"https:\/\/italcamara-es.com\/it\/wp-json\/wp\/v2\/posts\/55950\/revisions"}],"wp:featuredmedia":[{"embeddable":true,"href":"https:\/\/italcamara-es.com\/it\/wp-json\/wp\/v2\/media\/54436"}],"wp:attachment":[{"href":"https:\/\/italcamara-es.com\/it\/wp-json\/wp\/v2\/media?parent=55950"}],"wp:term":[{"taxonomy":"category","embeddable":true,"href":"https:\/\/italcamara-es.com\/it\/wp-json\/wp\/v2\/categories?post=55950"},{"taxonomy":"post_tag","embeddable":true,"href":"https:\/\/italcamara-es.com\/it\/wp-json\/wp\/v2\/tags?post=55950"}],"curies":[{"name":"wp","href":"https:\/\/api.w.org\/{rel}","templated":true}]}}