	{"id":55951,"date":"2017-06-15T10:21:30","date_gmt":"2017-06-15T08:21:30","guid":{"rendered":"http:\/\/pre.italcamara-es.com\/senza-categoria\/la-ccis-a-imex-comunitat-valenciana-2017\/"},"modified":"2017-06-15T10:21:30","modified_gmt":"2017-06-15T08:21:30","slug":"la-ccis-a-imex-comunitat-valenciana-2017","status":"publish","type":"post","link":"https:\/\/italcamara-es.com\/it\/notizie\/la-ccis-a-imex-comunitat-valenciana-2017\/","title":{"rendered":"La CCIS a Imex Comunitat Valenciana 2017"},"content":{"rendered":"<p><em>Il delegato a Valencia, Adriano Carbone, parteciper\u00e0 alla fiera d\u2019affari internazionali e commercio estero che si terr\u00e0 nella <\/em><em>Ciudad de las Artes y las Ciencias di Valencia dal 29 al 30 giugno<\/em><\/p>\n<p>&nbsp;<\/p>\n<p>Dal 29 al 30 giugno si terr\u00e0 la quarta edizione della fiera Imex \u2013 Comunitat Valenciana. Si tratta del principale evento fieristico dedicato al commercio estero che si svolge in Spagna. A cadenza annuale sono state organizzate gi\u00e0 15 edizioni a Madrid, cinque a Barcellona, quattro in Andalusia, tre nella Comunit\u00e0 Valenciana, una in Castila \u2013 La Mancia e una nelle Asturie.<\/p>\n<p>Pi\u00f9 di 1.500 visitatori, tutti operatori e rappresentanti di imprese locali interessate nei mercati esteri, si riuniranno nel museo Pr\u00edncipe Felipe presso la famosa <em>Ciudad de las Artes y las Ciencias<\/em> di Valencia, dove si potranno riunire con esperti in commercio estero e rappresentanti di imprese ed entit\u00e0 di appoggio all\u2019internazionalizzazione.<\/p>\n<p>Grazie al suo amplio programma di conferenze e tavole rotonde, i visitatori potranno ricevere informazioni sulle chiavi per il successo nell\u2019internazionalizzazione e sui mercati p\u00f9 rilevanti per gli operatori local, quali la Germania, la Francia, l\u2019Italia, Il Regno Unito e gli Stati Uniti.<\/p>\n<p>In particolare, il delegato della CCIS nella Comunit\u00e0 Valenciana, <strong>Adriano Carbone<\/strong>, presentar\u00e0 le principali opportunit\u00e0 di business per i settori pi\u00f9 rilevanti dell\u2019economia locale. Il suo intervento \u00e8 programmato per il giorno <strong>29 giugno alle ore 12:25<\/strong><\/p>\n<p>Carbone sar\u00e0 presente anche nell\u2019aera dedicata agli incontri con gli operatori, in rappresentanza dell\u2019Italia, offrendo pertanto una prima consulenza a tutti gli operatori interessati alle oportunit\u00e0 offerte dal mercato (\u00e8 imprescindibile fissare previamente l\u2019incontro attraverso il seguente link: <a href=\"http:\/\/imex.impulsoexterior.net\/imex-valencia-2017-sesion.html\">http:\/\/imex.impulsoexterior.net\/imex-valencia-2017-sesion.html<\/a>)<\/p>\n<p>&nbsp;<\/p>\n<p><img fetchpriority=\"high\" decoding=\"async\" class=\" size-full wp-image-12789 aligncenter\" src=\"https:\/\/www.italcamara-es.com\/wp-content\/uploads\/2017\/06\/imex-valencia8001.jpg\" alt=\"imex-valencia800\" width=\"800\" height=\"533\" \/><\/p>\n","protected":false},"excerpt":{"rendered":"<p>Il delegato a Valencia, Adriano Carbone, parteciper\u00e0 alla fiera d\u2019affari internazionali e commercio estero che si terr\u00e0 nella Ciudad de las Artes y las Ciencias di Valencia dal 29 al 30 giugno &nbsp; Dal 29 al 30 giugno si terr\u00e0 la quarta edizione della fiera Imex \u2013 Comunitat Valenciana. Si tratta del principale evento fieristico [&hellip;]<\/p>\n","protected":false},"author":1,"featured_media":54438,"comment_status":"open","ping_status":"open","sticky":false,"template":"","format":"standard","meta":{"inline_featured_image":false,"ocean_post_layout":"","ocean_both_sidebars_style":"","ocean_both_sidebars_content_width":0,"ocean_both_sidebars_sidebars_width":0,"ocean_sidebar":"","ocean_second_sidebar":"","ocean_disable_margins":"enable","ocean_add_body_class":"","ocean_shortcode_before_top_bar":"","ocean_shortcode_after_top_bar":"","ocean_shortcode_before_header":"","ocean_shortcode_after_header":"","ocean_has_shortcode":"","ocean_shortcode_after_title":"","ocean_shortcode_before_footer_widgets":"","ocean_shortcode_after_footer_widgets":"","ocean_shortcode_before_footer_bottom":"","ocean_shortcode_after_footer_bottom":"","ocean_display_top_bar":"default","ocean_display_header":"default","ocean_header_style":"","ocean_center_header_left_menu":"","ocean_custom_header_template":"","ocean_custom_logo":0,"ocean_custom_retina_logo":0,"ocean_custom_logo_max_width":0,"ocean_custom_logo_tablet_max_width":0,"ocean_custom_logo_mobile_max_width":0,"ocean_custom_logo_max_height":0,"ocean_custom_logo_tablet_max_height":0,"ocean_custom_logo_mobile_max_height":0,"ocean_header_custom_menu":"","ocean_menu_typo_font_family":"","ocean_menu_typo_font_subset":"","ocean_menu_typo_font_size":0,"ocean_menu_typo_font_size_tablet":0,"ocean_menu_typo_font_size_mobile":0,"ocean_menu_typo_font_size_unit":"px","ocean_menu_typo_font_weight":"","ocean_menu_typo_font_weight_tablet":"","ocean_menu_typo_font_weight_mobile":"","ocean_menu_typo_transform":"","ocean_menu_typo_transform_tablet":"","ocean_menu_typo_transform_mobile":"","ocean_menu_typo_line_height":0,"ocean_menu_typo_line_height_tablet":0,"ocean_menu_typo_line_height_mobile":0,"ocean_menu_typo_line_height_unit":"","ocean_menu_typo_spacing":0,"ocean_menu_typo_spacing_tablet":0,"ocean_menu_typo_spacing_mobile":0,"ocean_menu_typo_spacing_unit":"","ocean_menu_link_color":"","ocean_menu_link_color_hover":"","ocean_menu_link_color_active":"","ocean_menu_link_background":"","ocean_menu_link_hover_background":"","ocean_menu_link_active_background":"","ocean_menu_social_links_bg":"","ocean_menu_social_hover_links_bg":"","ocean_menu_social_links_color":"","ocean_menu_social_hover_links_color":"","ocean_disable_title":"default","ocean_disable_heading":"default","ocean_post_title":"","ocean_post_subheading":"","ocean_post_title_style":"","ocean_post_title_background_color":"","ocean_post_title_background":0,"ocean_post_title_bg_image_position":"","ocean_post_title_bg_image_attachment":"","ocean_post_title_bg_image_repeat":"","ocean_post_title_bg_image_size":"","ocean_post_title_height":0,"ocean_post_title_bg_overlay":0.5,"ocean_post_title_bg_overlay_color":"","ocean_disable_breadcrumbs":"default","ocean_breadcrumbs_color":"","ocean_breadcrumbs_separator_color":"","ocean_breadcrumbs_links_color":"","ocean_breadcrumbs_links_hover_color":"","ocean_display_footer_widgets":"default","ocean_display_footer_bottom":"default","ocean_custom_footer_template":"","ocean_post_oembed":"","ocean_post_self_hosted_media":"","ocean_post_video_embed":"","ocean_link_format":"","ocean_link_format_target":"self","ocean_quote_format":"","ocean_quote_format_link":"post","ocean_gallery_link_images":"on","ocean_gallery_id":[],"footnotes":""},"categories":[133],"tags":[139],"class_list":["post-55951","post","type-post","status-publish","format-standard","has-post-thumbnail","hentry","category-notizie","tag-notizie-di-la-ccis","entry","has-media"],"yoast_head":"<!-- This site is optimized with the Yoast SEO plugin v27.5 - https:\/\/yoast.com\/product\/yoast-seo-wordpress\/ -->\n<title>La CCIS a Imex Comunitat Valenciana 2017 - Italcamara<\/title>\n<meta name=\"robots\" content=\"index, follow, max-snippet:-1, max-image-preview:large, max-video-preview:-1\" \/>\n<link rel=\"canonical\" href=\"https:\/\/italcamara-es.com\/it\/notizie\/la-ccis-a-imex-comunitat-valenciana-2017\/\" \/>\n<meta property=\"og:locale\" content=\"it_IT\" \/>\n<meta property=\"og:type\" content=\"article\" \/>\n<meta property=\"og:title\" content=\"La CCIS a Imex Comunitat Valenciana 2017 - Italcamara\" \/>\n<meta property=\"og:description\" content=\"Il delegato a Valencia, Adriano Carbone, parteciper\u00e0 alla fiera d\u2019affari internazionali e commercio estero che si terr\u00e0 nella Ciudad de las Artes y las Ciencias di Valencia dal 29 al 30 giugno &nbsp; Dal 29 al 30 giugno si terr\u00e0 la quarta edizione della fiera Imex \u2013 Comunitat Valenciana. Si tratta del principale evento fieristico [&hellip;]\" \/>\n<meta property=\"og:url\" content=\"https:\/\/italcamara-es.com\/it\/notizie\/la-ccis-a-imex-comunitat-valenciana-2017\/\" \/>\n<meta property=\"og:site_name\" content=\"Italcamara\" \/>\n<meta property=\"article:published_time\" content=\"2017-06-15T08:21:30+00:00\" \/>\n<meta property=\"og:image\" content=\"https:\/\/italcamara-es.com\/wp-content\/uploads\/2025\/03\/imex-valencia250.jpg\" \/>\n\t<meta property=\"og:image:width\" content=\"250\" \/>\n\t<meta property=\"og:image:height\" content=\"159\" \/>\n\t<meta property=\"og:image:type\" content=\"image\/jpeg\" \/>\n<meta name=\"author\" content=\"administrador\" \/>\n<meta name=\"twitter:card\" content=\"summary_large_image\" \/>\n<meta name=\"twitter:label1\" content=\"Scritto da\" \/>\n\t<meta name=\"twitter:data1\" content=\"administrador\" \/>\n\t<meta name=\"twitter:label2\" content=\"Tempo di lettura stimato\" \/>\n\t<meta name=\"twitter:data2\" content=\"1 minuto\" \/>\n<script type=\"application\/ld+json\" class=\"yoast-schema-graph\">{\"@context\":\"https:\\\/\\\/schema.org\",\"@graph\":[{\"@type\":\"Article\",\"@id\":\"https:\\\/\\\/italcamara-es.com\\\/it\\\/notizie\\\/la-ccis-a-imex-comunitat-valenciana-2017\\\/#article\",\"isPartOf\":{\"@id\":\"https:\\\/\\\/italcamara-es.com\\\/it\\\/notizie\\\/la-ccis-a-imex-comunitat-valenciana-2017\\\/\"},\"author\":{\"name\":\"administrador\",\"@id\":\"https:\\\/\\\/italcamara-es.com\\\/#\\\/schema\\\/person\\\/bb3c56263e405bbd9a15171dcfee93bb\"},\"headline\":\"La CCIS a Imex Comunitat Valenciana 2017\",\"datePublished\":\"2017-06-15T08:21:30+00:00\",\"mainEntityOfPage\":{\"@id\":\"https:\\\/\\\/italcamara-es.com\\\/it\\\/notizie\\\/la-ccis-a-imex-comunitat-valenciana-2017\\\/\"},\"wordCount\":275,\"commentCount\":0,\"image\":{\"@id\":\"https:\\\/\\\/italcamara-es.com\\\/it\\\/notizie\\\/la-ccis-a-imex-comunitat-valenciana-2017\\\/#primaryimage\"},\"thumbnailUrl\":\"https:\\\/\\\/italcamara-es.com\\\/wp-content\\\/uploads\\\/2025\\\/03\\\/imex-valencia250.jpg\",\"keywords\":[\"Notizie di la CCIS\"],\"articleSection\":[\"Notizie\"],\"inLanguage\":\"it-IT\",\"potentialAction\":[{\"@type\":\"CommentAction\",\"name\":\"Comment\",\"target\":[\"https:\\\/\\\/italcamara-es.com\\\/it\\\/notizie\\\/la-ccis-a-imex-comunitat-valenciana-2017\\\/#respond\"]}]},{\"@type\":\"WebPage\",\"@id\":\"https:\\\/\\\/italcamara-es.com\\\/it\\\/notizie\\\/la-ccis-a-imex-comunitat-valenciana-2017\\\/\",\"url\":\"https:\\\/\\\/italcamara-es.com\\\/it\\\/notizie\\\/la-ccis-a-imex-comunitat-valenciana-2017\\\/\",\"name\":\"La CCIS a Imex Comunitat Valenciana 2017 - Italcamara\",\"isPartOf\":{\"@id\":\"https:\\\/\\\/italcamara-es.com\\\/#website\"},\"primaryImageOfPage\":{\"@id\":\"https:\\\/\\\/italcamara-es.com\\\/it\\\/notizie\\\/la-ccis-a-imex-comunitat-valenciana-2017\\\/#primaryimage\"},\"image\":{\"@id\":\"https:\\\/\\\/italcamara-es.com\\\/it\\\/notizie\\\/la-ccis-a-imex-comunitat-valenciana-2017\\\/#primaryimage\"},\"thumbnailUrl\":\"https:\\\/\\\/italcamara-es.com\\\/wp-content\\\/uploads\\\/2025\\\/03\\\/imex-valencia250.jpg\",\"datePublished\":\"2017-06-15T08:21:30+00:00\",\"author\":{\"@id\":\"https:\\\/\\\/italcamara-es.com\\\/#\\\/schema\\\/person\\\/bb3c56263e405bbd9a15171dcfee93bb\"},\"breadcrumb\":{\"@id\":\"https:\\\/\\\/italcamara-es.com\\\/it\\\/notizie\\\/la-ccis-a-imex-comunitat-valenciana-2017\\\/#breadcrumb\"},\"inLanguage\":\"it-IT\",\"potentialAction\":[{\"@type\":\"ReadAction\",\"target\":[\"https:\\\/\\\/italcamara-es.com\\\/it\\\/notizie\\\/la-ccis-a-imex-comunitat-valenciana-2017\\\/\"]}]},{\"@type\":\"ImageObject\",\"inLanguage\":\"it-IT\",\"@id\":\"https:\\\/\\\/italcamara-es.com\\\/it\\\/notizie\\\/la-ccis-a-imex-comunitat-valenciana-2017\\\/#primaryimage\",\"url\":\"https:\\\/\\\/italcamara-es.com\\\/wp-content\\\/uploads\\\/2025\\\/03\\\/imex-valencia250.jpg\",\"contentUrl\":\"https:\\\/\\\/italcamara-es.com\\\/wp-content\\\/uploads\\\/2025\\\/03\\\/imex-valencia250.jpg\",\"width\":250,\"height\":159},{\"@type\":\"BreadcrumbList\",\"@id\":\"https:\\\/\\\/italcamara-es.com\\\/it\\\/notizie\\\/la-ccis-a-imex-comunitat-valenciana-2017\\\/#breadcrumb\",\"itemListElement\":[{\"@type\":\"ListItem\",\"position\":1,\"name\":\"Inicio\",\"item\":\"https:\\\/\\\/italcamara-es.com\\\/it\\\/homepage-ita\\\/\"},{\"@type\":\"ListItem\",\"position\":2,\"name\":\"La CCIS a Imex Comunitat Valenciana 2017\"}]},{\"@type\":\"WebSite\",\"@id\":\"https:\\\/\\\/italcamara-es.com\\\/#website\",\"url\":\"https:\\\/\\\/italcamara-es.com\\\/\",\"name\":\"Italcamara\",\"description\":\"\",\"potentialAction\":[{\"@type\":\"SearchAction\",\"target\":{\"@type\":\"EntryPoint\",\"urlTemplate\":\"https:\\\/\\\/italcamara-es.com\\\/?s={search_term_string}\"},\"query-input\":{\"@type\":\"PropertyValueSpecification\",\"valueRequired\":true,\"valueName\":\"search_term_string\"}}],\"inLanguage\":\"it-IT\"},{\"@type\":\"Person\",\"@id\":\"https:\\\/\\\/italcamara-es.com\\\/#\\\/schema\\\/person\\\/bb3c56263e405bbd9a15171dcfee93bb\",\"name\":\"administrador\",\"image\":{\"@type\":\"ImageObject\",\"inLanguage\":\"it-IT\",\"@id\":\"https:\\\/\\\/secure.gravatar.com\\\/avatar\\\/14b5e63db38320b12031bb28cf9f77e210aa71fb3a8a3602a3c9a05134fa75eb?s=96&d=mm&r=g\",\"url\":\"https:\\\/\\\/secure.gravatar.com\\\/avatar\\\/14b5e63db38320b12031bb28cf9f77e210aa71fb3a8a3602a3c9a05134fa75eb?s=96&d=mm&r=g\",\"contentUrl\":\"https:\\\/\\\/secure.gravatar.com\\\/avatar\\\/14b5e63db38320b12031bb28cf9f77e210aa71fb3a8a3602a3c9a05134fa75eb?s=96&d=mm&r=g\",\"caption\":\"administrador\"},\"sameAs\":[\"http:\\\/\\\/pre.italcamara-es.com\"],\"url\":\"https:\\\/\\\/italcamara-es.com\\\/it\\\/author\\\/administrador\\\/\"}]}<\/script>\n<!-- \/ Yoast SEO plugin. -->","yoast_head_json":{"title":"La CCIS a Imex Comunitat Valenciana 2017 - Italcamara","robots":{"index":"index","follow":"follow","max-snippet":"max-snippet:-1","max-image-preview":"max-image-preview:large","max-video-preview":"max-video-preview:-1"},"canonical":"https:\/\/italcamara-es.com\/it\/notizie\/la-ccis-a-imex-comunitat-valenciana-2017\/","og_locale":"it_IT","og_type":"article","og_title":"La CCIS a Imex Comunitat Valenciana 2017 - Italcamara","og_description":"Il delegato a Valencia, Adriano Carbone, parteciper\u00e0 alla fiera d\u2019affari internazionali e commercio estero che si terr\u00e0 nella Ciudad de las Artes y las Ciencias di Valencia dal 29 al 30 giugno &nbsp; Dal 29 al 30 giugno si terr\u00e0 la quarta edizione della fiera Imex \u2013 Comunitat Valenciana. Si tratta del principale evento fieristico [&hellip;]","og_url":"https:\/\/italcamara-es.com\/it\/notizie\/la-ccis-a-imex-comunitat-valenciana-2017\/","og_site_name":"Italcamara","article_published_time":"2017-06-15T08:21:30+00:00","og_image":[{"width":250,"height":159,"url":"https:\/\/italcamara-es.com\/wp-content\/uploads\/2025\/03\/imex-valencia250.jpg","type":"image\/jpeg"}],"author":"administrador","twitter_card":"summary_large_image","twitter_misc":{"Scritto da":"administrador","Tempo di lettura stimato":"1 minuto"},"schema":{"@context":"https:\/\/schema.org","@graph":[{"@type":"Article","@id":"https:\/\/italcamara-es.com\/it\/notizie\/la-ccis-a-imex-comunitat-valenciana-2017\/#article","isPartOf":{"@id":"https:\/\/italcamara-es.com\/it\/notizie\/la-ccis-a-imex-comunitat-valenciana-2017\/"},"author":{"name":"administrador","@id":"https:\/\/italcamara-es.com\/#\/schema\/person\/bb3c56263e405bbd9a15171dcfee93bb"},"headline":"La CCIS a Imex Comunitat Valenciana 2017","datePublished":"2017-06-15T08:21:30+00:00","mainEntityOfPage":{"@id":"https:\/\/italcamara-es.com\/it\/notizie\/la-ccis-a-imex-comunitat-valenciana-2017\/"},"wordCount":275,"commentCount":0,"image":{"@id":"https:\/\/italcamara-es.com\/it\/notizie\/la-ccis-a-imex-comunitat-valenciana-2017\/#primaryimage"},"thumbnailUrl":"https:\/\/italcamara-es.com\/wp-content\/uploads\/2025\/03\/imex-valencia250.jpg","keywords":["Notizie di la CCIS"],"articleSection":["Notizie"],"inLanguage":"it-IT","potentialAction":[{"@type":"CommentAction","name":"Comment","target":["https:\/\/italcamara-es.com\/it\/notizie\/la-ccis-a-imex-comunitat-valenciana-2017\/#respond"]}]},{"@type":"WebPage","@id":"https:\/\/italcamara-es.com\/it\/notizie\/la-ccis-a-imex-comunitat-valenciana-2017\/","url":"https:\/\/italcamara-es.com\/it\/notizie\/la-ccis-a-imex-comunitat-valenciana-2017\/","name":"La CCIS a Imex Comunitat Valenciana 2017 - Italcamara","isPartOf":{"@id":"https:\/\/italcamara-es.com\/#website"},"primaryImageOfPage":{"@id":"https:\/\/italcamara-es.com\/it\/notizie\/la-ccis-a-imex-comunitat-valenciana-2017\/#primaryimage"},"image":{"@id":"https:\/\/italcamara-es.com\/it\/notizie\/la-ccis-a-imex-comunitat-valenciana-2017\/#primaryimage"},"thumbnailUrl":"https:\/\/italcamara-es.com\/wp-content\/uploads\/2025\/03\/imex-valencia250.jpg","datePublished":"2017-06-15T08:21:30+00:00","author":{"@id":"https:\/\/italcamara-es.com\/#\/schema\/person\/bb3c56263e405bbd9a15171dcfee93bb"},"breadcrumb":{"@id":"https:\/\/italcamara-es.com\/it\/notizie\/la-ccis-a-imex-comunitat-valenciana-2017\/#breadcrumb"},"inLanguage":"it-IT","potentialAction":[{"@type":"ReadAction","target":["https:\/\/italcamara-es.com\/it\/notizie\/la-ccis-a-imex-comunitat-valenciana-2017\/"]}]},{"@type":"ImageObject","inLanguage":"it-IT","@id":"https:\/\/italcamara-es.com\/it\/notizie\/la-ccis-a-imex-comunitat-valenciana-2017\/#primaryimage","url":"https:\/\/italcamara-es.com\/wp-content\/uploads\/2025\/03\/imex-valencia250.jpg","contentUrl":"https:\/\/italcamara-es.com\/wp-content\/uploads\/2025\/03\/imex-valencia250.jpg","width":250,"height":159},{"@type":"BreadcrumbList","@id":"https:\/\/italcamara-es.com\/it\/notizie\/la-ccis-a-imex-comunitat-valenciana-2017\/#breadcrumb","itemListElement":[{"@type":"ListItem","position":1,"name":"Inicio","item":"https:\/\/italcamara-es.com\/it\/homepage-ita\/"},{"@type":"ListItem","position":2,"name":"La CCIS a Imex Comunitat Valenciana 2017"}]},{"@type":"WebSite","@id":"https:\/\/italcamara-es.com\/#website","url":"https:\/\/italcamara-es.com\/","name":"Italcamara","description":"","potentialAction":[{"@type":"SearchAction","target":{"@type":"EntryPoint","urlTemplate":"https:\/\/italcamara-es.com\/?s={search_term_string}"},"query-input":{"@type":"PropertyValueSpecification","valueRequired":true,"valueName":"search_term_string"}}],"inLanguage":"it-IT"},{"@type":"Person","@id":"https:\/\/italcamara-es.com\/#\/schema\/person\/bb3c56263e405bbd9a15171dcfee93bb","name":"administrador","image":{"@type":"ImageObject","inLanguage":"it-IT","@id":"https:\/\/secure.gravatar.com\/avatar\/14b5e63db38320b12031bb28cf9f77e210aa71fb3a8a3602a3c9a05134fa75eb?s=96&d=mm&r=g","url":"https:\/\/secure.gravatar.com\/avatar\/14b5e63db38320b12031bb28cf9f77e210aa71fb3a8a3602a3c9a05134fa75eb?s=96&d=mm&r=g","contentUrl":"https:\/\/secure.gravatar.com\/avatar\/14b5e63db38320b12031bb28cf9f77e210aa71fb3a8a3602a3c9a05134fa75eb?s=96&d=mm&r=g","caption":"administrador"},"sameAs":["http:\/\/pre.italcamara-es.com"],"url":"https:\/\/italcamara-es.com\/it\/author\/administrador\/"}]}},"rttpg_featured_image_url":{"full":["https:\/\/italcamara-es.com\/wp-content\/uploads\/2025\/03\/imex-valencia250.jpg",250,159,false],"landscape":["https:\/\/italcamara-es.com\/wp-content\/uploads\/2025\/03\/imex-valencia250.jpg",250,159,false],"portraits":["https:\/\/italcamara-es.com\/wp-content\/uploads\/2025\/03\/imex-valencia250.jpg",250,159,false],"thumbnail":["https:\/\/italcamara-es.com\/wp-content\/uploads\/2025\/03\/imex-valencia250-150x150.jpg",150,150,true],"medium":["https:\/\/italcamara-es.com\/wp-content\/uploads\/2025\/03\/imex-valencia250.jpg",250,159,false],"large":["https:\/\/italcamara-es.com\/wp-content\/uploads\/2025\/03\/imex-valencia250.jpg",250,159,false],"1536x1536":["https:\/\/italcamara-es.com\/wp-content\/uploads\/2025\/03\/imex-valencia250.jpg",250,159,false],"2048x2048":["https:\/\/italcamara-es.com\/wp-content\/uploads\/2025\/03\/imex-valencia250.jpg",250,159,false],"ocean-thumb-m":["https:\/\/italcamara-es.com\/wp-content\/uploads\/2025\/03\/imex-valencia250.jpg",250,159,false],"ocean-thumb-ml":["https:\/\/italcamara-es.com\/wp-content\/uploads\/2025\/03\/imex-valencia250.jpg",250,159,false],"ocean-thumb-l":["https:\/\/italcamara-es.com\/wp-content\/uploads\/2025\/03\/imex-valencia250.jpg",250,159,false],"directorist_preview":["https:\/\/italcamara-es.com\/wp-content\/uploads\/2025\/03\/imex-valencia250.jpg",250,159,false]},"rttpg_author":{"display_name":"administrador","author_link":"https:\/\/italcamara-es.com\/it\/author\/administrador\/"},"rttpg_comment":0,"rttpg_category":"<a href=\"https:\/\/italcamara-es.com\/it\/category\/notizie\/\" rel=\"category tag\">Notizie<\/a>","rttpg_excerpt":"Il delegato a Valencia, Adriano Carbone, parteciper\u00e0 alla fiera d\u2019affari internazionali e commercio estero che si terr\u00e0 nella Ciudad de las Artes y las Ciencias di Valencia dal 29 al 30 giugno &nbsp; Dal 29 al 30 giugno si terr\u00e0 la quarta edizione della fiera Imex \u2013 Comunitat Valenciana. Si tratta del principale evento fieristico&hellip;","_links":{"self":[{"href":"https:\/\/italcamara-es.com\/it\/wp-json\/wp\/v2\/posts\/55951","targetHints":{"allow":["GET"]}}],"collection":[{"href":"https:\/\/italcamara-es.com\/it\/wp-json\/wp\/v2\/posts"}],"about":[{"href":"https:\/\/italcamara-es.com\/it\/wp-json\/wp\/v2\/types\/post"}],"author":[{"embeddable":true,"href":"https:\/\/italcamara-es.com\/it\/wp-json\/wp\/v2\/users\/1"}],"replies":[{"embeddable":true,"href":"https:\/\/italcamara-es.com\/it\/wp-json\/wp\/v2\/comments?post=55951"}],"version-history":[{"count":0,"href":"https:\/\/italcamara-es.com\/it\/wp-json\/wp\/v2\/posts\/55951\/revisions"}],"wp:featuredmedia":[{"embeddable":true,"href":"https:\/\/italcamara-es.com\/it\/wp-json\/wp\/v2\/media\/54438"}],"wp:attachment":[{"href":"https:\/\/italcamara-es.com\/it\/wp-json\/wp\/v2\/media?parent=55951"}],"wp:term":[{"taxonomy":"category","embeddable":true,"href":"https:\/\/italcamara-es.com\/it\/wp-json\/wp\/v2\/categories?post=55951"},{"taxonomy":"post_tag","embeddable":true,"href":"https:\/\/italcamara-es.com\/it\/wp-json\/wp\/v2\/tags?post=55951"}],"curies":[{"name":"wp","href":"https:\/\/api.w.org\/{rel}","templated":true}]}}