	{"id":55955,"date":"2017-06-23T11:20:48","date_gmt":"2017-06-23T09:20:48","guid":{"rendered":"http:\/\/pre.italcamara-es.com\/senza-categoria\/fiesta-il-festival-del-cinema-italo-spagnolo-a-palma-de-mallorca\/"},"modified":"2017-06-23T11:20:48","modified_gmt":"2017-06-23T09:20:48","slug":"fiesta-il-festival-del-cinema-italo-spagnolo-a-palma-de-mallorca","status":"publish","type":"post","link":"https:\/\/italcamara-es.com\/it\/notizie\/fiesta-il-festival-del-cinema-italo-spagnolo-a-palma-de-mallorca\/","title":{"rendered":"Fiesta! Il festival del cinema italo-spagnolo a Palma de Mallorca"},"content":{"rendered":"<p><em>Dal 25 al 27 giugno 2017 si terr\u00e0 Fiesta!, il festival del cinema italo-spagnolo a Palma di Maiorca. Un evento professionale per facilitare l\u2019internazionalizzazione di due cinematografie sorelle.<\/em><\/p>\n<p>&nbsp;<\/p>\n<p>Organizzato dall\u2019Associazione Abilis, in collaborazione con la Fondazione Miff di Palma di Maiorca e con il patrocinio del Ministero della Cultura italiano, Ars Foundation, Ice, Luce Cinecitt\u00e0 ed Anica, presentano la seconda edizione di Fiesta! (Festa!), il festival del cinema italo-spagnolo di Palma di Maiorca, focalizzato sulla promozione dei nuovi registi italiani e spagnoli.<\/p>\n<p>&nbsp;<\/p>\n<p>Il principale obiettivo di Fiesta! \u00e8 quello di diventare il punto di incontro delle nuove tendenze, l\u2019innovazione, l\u2019originalit\u00e0 e la ricerca di nuove forme di espressione dei pi\u00f9 importanti giovani talenti del cinema di entrambi i Paesi. Un luogo di incontro per autori, produttori, distributori, stampa specializzata per lo scambio di idee e la pianificazione di nuove proposte per il futuro. Uno spazio di interscambio culturale dove si proietteranno fino ad un totale di quattro film di entrambe le cinematografie. Uno spazio dove distributori, produttori e professionisti dell\u2019industria cinematografica e culturale di entrambi i Paesi scambieranno impressioni con lo scopo di stringere relazioni e, soprattutto, facilitare la distribuzione dei film in entrambi i sensi.<\/p>\n<p>&nbsp;<\/p>\n<p>I film italiani selezionati sono: Il piu grande sogno di Michele Vannucci; Ho amici in paradiso di Fabrizio Maria Cortese; Piuma di Roan Johnson; The habit of beauty di Mirko Pincelli. Le produzioni spagnole: Demonios tus ojos di Pedro Aguilera; Bittersweet days di Marga Meli\u00e1; Selfie di Victor Garc\u00eda Le\u00f3n e No se decir adi\u00f3s di Lino Escalera.<\/p>\n<p>&nbsp;<\/p>\n<p>Per maggiori informazioni: <span style=\"color: #003366;\"><strong><a style=\"color: #003366;\" href=\"http:\/\/www.miff-filmfestival.com\" target=\"_blank\" rel=\"noopener\">www.miff-filmfestival.com<\/a><\/strong><\/span><\/p>\n","protected":false},"excerpt":{"rendered":"<p>Dal 25 al 27 giugno 2017 si terr\u00e0 Fiesta!, il festival del cinema italo-spagnolo a Palma di Maiorca. Un evento professionale per facilitare l\u2019internazionalizzazione di due cinematografie sorelle. &nbsp; Organizzato dall\u2019Associazione Abilis, in collaborazione con la Fondazione Miff di Palma di Maiorca e con il patrocinio del Ministero della Cultura italiano, Ars Foundation, Ice, Luce [&hellip;]<\/p>\n","protected":false},"author":1,"featured_media":54444,"comment_status":"open","ping_status":"open","sticky":false,"template":"","format":"standard","meta":{"inline_featured_image":false,"ocean_post_layout":"","ocean_both_sidebars_style":"","ocean_both_sidebars_content_width":0,"ocean_both_sidebars_sidebars_width":0,"ocean_sidebar":"","ocean_second_sidebar":"","ocean_disable_margins":"enable","ocean_add_body_class":"","ocean_shortcode_before_top_bar":"","ocean_shortcode_after_top_bar":"","ocean_shortcode_before_header":"","ocean_shortcode_after_header":"","ocean_has_shortcode":"","ocean_shortcode_after_title":"","ocean_shortcode_before_footer_widgets":"","ocean_shortcode_after_footer_widgets":"","ocean_shortcode_before_footer_bottom":"","ocean_shortcode_after_footer_bottom":"","ocean_display_top_bar":"default","ocean_display_header":"default","ocean_header_style":"","ocean_center_header_left_menu":"","ocean_custom_header_template":"","ocean_custom_logo":0,"ocean_custom_retina_logo":0,"ocean_custom_logo_max_width":0,"ocean_custom_logo_tablet_max_width":0,"ocean_custom_logo_mobile_max_width":0,"ocean_custom_logo_max_height":0,"ocean_custom_logo_tablet_max_height":0,"ocean_custom_logo_mobile_max_height":0,"ocean_header_custom_menu":"","ocean_menu_typo_font_family":"","ocean_menu_typo_font_subset":"","ocean_menu_typo_font_size":0,"ocean_menu_typo_font_size_tablet":0,"ocean_menu_typo_font_size_mobile":0,"ocean_menu_typo_font_size_unit":"px","ocean_menu_typo_font_weight":"","ocean_menu_typo_font_weight_tablet":"","ocean_menu_typo_font_weight_mobile":"","ocean_menu_typo_transform":"","ocean_menu_typo_transform_tablet":"","ocean_menu_typo_transform_mobile":"","ocean_menu_typo_line_height":0,"ocean_menu_typo_line_height_tablet":0,"ocean_menu_typo_line_height_mobile":0,"ocean_menu_typo_line_height_unit":"","ocean_menu_typo_spacing":0,"ocean_menu_typo_spacing_tablet":0,"ocean_menu_typo_spacing_mobile":0,"ocean_menu_typo_spacing_unit":"","ocean_menu_link_color":"","ocean_menu_link_color_hover":"","ocean_menu_link_color_active":"","ocean_menu_link_background":"","ocean_menu_link_hover_background":"","ocean_menu_link_active_background":"","ocean_menu_social_links_bg":"","ocean_menu_social_hover_links_bg":"","ocean_menu_social_links_color":"","ocean_menu_social_hover_links_color":"","ocean_disable_title":"default","ocean_disable_heading":"default","ocean_post_title":"","ocean_post_subheading":"","ocean_post_title_style":"","ocean_post_title_background_color":"","ocean_post_title_background":0,"ocean_post_title_bg_image_position":"","ocean_post_title_bg_image_attachment":"","ocean_post_title_bg_image_repeat":"","ocean_post_title_bg_image_size":"","ocean_post_title_height":0,"ocean_post_title_bg_overlay":0.5,"ocean_post_title_bg_overlay_color":"","ocean_disable_breadcrumbs":"default","ocean_breadcrumbs_color":"","ocean_breadcrumbs_separator_color":"","ocean_breadcrumbs_links_color":"","ocean_breadcrumbs_links_hover_color":"","ocean_display_footer_widgets":"default","ocean_display_footer_bottom":"default","ocean_custom_footer_template":"","ocean_post_oembed":"","ocean_post_self_hosted_media":"","ocean_post_video_embed":"","ocean_link_format":"","ocean_link_format_target":"self","ocean_quote_format":"","ocean_quote_format_link":"post","ocean_gallery_link_images":"on","ocean_gallery_id":[],"footnotes":""},"categories":[133],"tags":[139],"class_list":["post-55955","post","type-post","status-publish","format-standard","has-post-thumbnail","hentry","category-notizie","tag-notizie-di-la-ccis","entry","has-media"],"yoast_head":"<!-- This site is optimized with the Yoast SEO plugin v27.4 - https:\/\/yoast.com\/product\/yoast-seo-wordpress\/ -->\n<title>Fiesta! Il festival del cinema italo-spagnolo a Palma de Mallorca - Italcamara<\/title>\n<meta name=\"robots\" content=\"index, follow, max-snippet:-1, max-image-preview:large, max-video-preview:-1\" \/>\n<link rel=\"canonical\" href=\"https:\/\/italcamara-es.com\/it\/notizie\/fiesta-il-festival-del-cinema-italo-spagnolo-a-palma-de-mallorca\/\" \/>\n<meta property=\"og:locale\" content=\"it_IT\" \/>\n<meta property=\"og:type\" content=\"article\" \/>\n<meta property=\"og:title\" content=\"Fiesta! Il festival del cinema italo-spagnolo a Palma de Mallorca - Italcamara\" \/>\n<meta property=\"og:description\" content=\"Dal 25 al 27 giugno 2017 si terr\u00e0 Fiesta!, il festival del cinema italo-spagnolo a Palma di Maiorca. Un evento professionale per facilitare l\u2019internazionalizzazione di due cinematografie sorelle. &nbsp; Organizzato dall\u2019Associazione Abilis, in collaborazione con la Fondazione Miff di Palma di Maiorca e con il patrocinio del Ministero della Cultura italiano, Ars Foundation, Ice, Luce [&hellip;]\" \/>\n<meta property=\"og:url\" content=\"https:\/\/italcamara-es.com\/it\/notizie\/fiesta-il-festival-del-cinema-italo-spagnolo-a-palma-de-mallorca\/\" \/>\n<meta property=\"og:site_name\" content=\"Italcamara\" \/>\n<meta property=\"article:published_time\" content=\"2017-06-23T09:20:48+00:00\" \/>\n<meta property=\"og:image\" content=\"https:\/\/italcamara-es.com\/wp-content\/uploads\/2025\/03\/fiesta250.jpg\" \/>\n\t<meta property=\"og:image:width\" content=\"250\" \/>\n\t<meta property=\"og:image:height\" content=\"145\" \/>\n\t<meta property=\"og:image:type\" content=\"image\/jpeg\" \/>\n<meta name=\"author\" content=\"administrador\" \/>\n<meta name=\"twitter:card\" content=\"summary_large_image\" \/>\n<meta name=\"twitter:label1\" content=\"Scritto da\" \/>\n\t<meta name=\"twitter:data1\" content=\"administrador\" \/>\n\t<meta name=\"twitter:label2\" content=\"Tempo di lettura stimato\" \/>\n\t<meta name=\"twitter:data2\" content=\"1 minuto\" \/>\n<script type=\"application\/ld+json\" class=\"yoast-schema-graph\">{\"@context\":\"https:\\\/\\\/schema.org\",\"@graph\":[{\"@type\":\"Article\",\"@id\":\"https:\\\/\\\/italcamara-es.com\\\/it\\\/notizie\\\/fiesta-il-festival-del-cinema-italo-spagnolo-a-palma-de-mallorca\\\/#article\",\"isPartOf\":{\"@id\":\"https:\\\/\\\/italcamara-es.com\\\/it\\\/notizie\\\/fiesta-il-festival-del-cinema-italo-spagnolo-a-palma-de-mallorca\\\/\"},\"author\":{\"name\":\"administrador\",\"@id\":\"https:\\\/\\\/italcamara-es.com\\\/#\\\/schema\\\/person\\\/bb3c56263e405bbd9a15171dcfee93bb\"},\"headline\":\"Fiesta! Il festival del cinema italo-spagnolo a Palma de Mallorca\",\"datePublished\":\"2017-06-23T09:20:48+00:00\",\"mainEntityOfPage\":{\"@id\":\"https:\\\/\\\/italcamara-es.com\\\/it\\\/notizie\\\/fiesta-il-festival-del-cinema-italo-spagnolo-a-palma-de-mallorca\\\/\"},\"wordCount\":278,\"commentCount\":0,\"image\":{\"@id\":\"https:\\\/\\\/italcamara-es.com\\\/it\\\/notizie\\\/fiesta-il-festival-del-cinema-italo-spagnolo-a-palma-de-mallorca\\\/#primaryimage\"},\"thumbnailUrl\":\"https:\\\/\\\/italcamara-es.com\\\/wp-content\\\/uploads\\\/2025\\\/03\\\/fiesta250.jpg\",\"keywords\":[\"Notizie di la CCIS\"],\"articleSection\":[\"Notizie\"],\"inLanguage\":\"it-IT\",\"potentialAction\":[{\"@type\":\"CommentAction\",\"name\":\"Comment\",\"target\":[\"https:\\\/\\\/italcamara-es.com\\\/it\\\/notizie\\\/fiesta-il-festival-del-cinema-italo-spagnolo-a-palma-de-mallorca\\\/#respond\"]}]},{\"@type\":\"WebPage\",\"@id\":\"https:\\\/\\\/italcamara-es.com\\\/it\\\/notizie\\\/fiesta-il-festival-del-cinema-italo-spagnolo-a-palma-de-mallorca\\\/\",\"url\":\"https:\\\/\\\/italcamara-es.com\\\/it\\\/notizie\\\/fiesta-il-festival-del-cinema-italo-spagnolo-a-palma-de-mallorca\\\/\",\"name\":\"Fiesta! Il festival del cinema italo-spagnolo a Palma de Mallorca - Italcamara\",\"isPartOf\":{\"@id\":\"https:\\\/\\\/italcamara-es.com\\\/#website\"},\"primaryImageOfPage\":{\"@id\":\"https:\\\/\\\/italcamara-es.com\\\/it\\\/notizie\\\/fiesta-il-festival-del-cinema-italo-spagnolo-a-palma-de-mallorca\\\/#primaryimage\"},\"image\":{\"@id\":\"https:\\\/\\\/italcamara-es.com\\\/it\\\/notizie\\\/fiesta-il-festival-del-cinema-italo-spagnolo-a-palma-de-mallorca\\\/#primaryimage\"},\"thumbnailUrl\":\"https:\\\/\\\/italcamara-es.com\\\/wp-content\\\/uploads\\\/2025\\\/03\\\/fiesta250.jpg\",\"datePublished\":\"2017-06-23T09:20:48+00:00\",\"author\":{\"@id\":\"https:\\\/\\\/italcamara-es.com\\\/#\\\/schema\\\/person\\\/bb3c56263e405bbd9a15171dcfee93bb\"},\"breadcrumb\":{\"@id\":\"https:\\\/\\\/italcamara-es.com\\\/it\\\/notizie\\\/fiesta-il-festival-del-cinema-italo-spagnolo-a-palma-de-mallorca\\\/#breadcrumb\"},\"inLanguage\":\"it-IT\",\"potentialAction\":[{\"@type\":\"ReadAction\",\"target\":[\"https:\\\/\\\/italcamara-es.com\\\/it\\\/notizie\\\/fiesta-il-festival-del-cinema-italo-spagnolo-a-palma-de-mallorca\\\/\"]}]},{\"@type\":\"ImageObject\",\"inLanguage\":\"it-IT\",\"@id\":\"https:\\\/\\\/italcamara-es.com\\\/it\\\/notizie\\\/fiesta-il-festival-del-cinema-italo-spagnolo-a-palma-de-mallorca\\\/#primaryimage\",\"url\":\"https:\\\/\\\/italcamara-es.com\\\/wp-content\\\/uploads\\\/2025\\\/03\\\/fiesta250.jpg\",\"contentUrl\":\"https:\\\/\\\/italcamara-es.com\\\/wp-content\\\/uploads\\\/2025\\\/03\\\/fiesta250.jpg\",\"width\":250,\"height\":145},{\"@type\":\"BreadcrumbList\",\"@id\":\"https:\\\/\\\/italcamara-es.com\\\/it\\\/notizie\\\/fiesta-il-festival-del-cinema-italo-spagnolo-a-palma-de-mallorca\\\/#breadcrumb\",\"itemListElement\":[{\"@type\":\"ListItem\",\"position\":1,\"name\":\"Inicio\",\"item\":\"https:\\\/\\\/italcamara-es.com\\\/it\\\/homepage-ita\\\/\"},{\"@type\":\"ListItem\",\"position\":2,\"name\":\"Fiesta! Il festival del cinema italo-spagnolo a Palma de Mallorca\"}]},{\"@type\":\"WebSite\",\"@id\":\"https:\\\/\\\/italcamara-es.com\\\/#website\",\"url\":\"https:\\\/\\\/italcamara-es.com\\\/\",\"name\":\"Italcamara\",\"description\":\"\",\"potentialAction\":[{\"@type\":\"SearchAction\",\"target\":{\"@type\":\"EntryPoint\",\"urlTemplate\":\"https:\\\/\\\/italcamara-es.com\\\/?s={search_term_string}\"},\"query-input\":{\"@type\":\"PropertyValueSpecification\",\"valueRequired\":true,\"valueName\":\"search_term_string\"}}],\"inLanguage\":\"it-IT\"},{\"@type\":\"Person\",\"@id\":\"https:\\\/\\\/italcamara-es.com\\\/#\\\/schema\\\/person\\\/bb3c56263e405bbd9a15171dcfee93bb\",\"name\":\"administrador\",\"image\":{\"@type\":\"ImageObject\",\"inLanguage\":\"it-IT\",\"@id\":\"https:\\\/\\\/secure.gravatar.com\\\/avatar\\\/14b5e63db38320b12031bb28cf9f77e210aa71fb3a8a3602a3c9a05134fa75eb?s=96&d=mm&r=g\",\"url\":\"https:\\\/\\\/secure.gravatar.com\\\/avatar\\\/14b5e63db38320b12031bb28cf9f77e210aa71fb3a8a3602a3c9a05134fa75eb?s=96&d=mm&r=g\",\"contentUrl\":\"https:\\\/\\\/secure.gravatar.com\\\/avatar\\\/14b5e63db38320b12031bb28cf9f77e210aa71fb3a8a3602a3c9a05134fa75eb?s=96&d=mm&r=g\",\"caption\":\"administrador\"},\"sameAs\":[\"http:\\\/\\\/pre.italcamara-es.com\"],\"url\":\"https:\\\/\\\/italcamara-es.com\\\/it\\\/author\\\/administrador\\\/\"}]}<\/script>\n<!-- \/ Yoast SEO plugin. -->","yoast_head_json":{"title":"Fiesta! Il festival del cinema italo-spagnolo a Palma de Mallorca - Italcamara","robots":{"index":"index","follow":"follow","max-snippet":"max-snippet:-1","max-image-preview":"max-image-preview:large","max-video-preview":"max-video-preview:-1"},"canonical":"https:\/\/italcamara-es.com\/it\/notizie\/fiesta-il-festival-del-cinema-italo-spagnolo-a-palma-de-mallorca\/","og_locale":"it_IT","og_type":"article","og_title":"Fiesta! Il festival del cinema italo-spagnolo a Palma de Mallorca - Italcamara","og_description":"Dal 25 al 27 giugno 2017 si terr\u00e0 Fiesta!, il festival del cinema italo-spagnolo a Palma di Maiorca. Un evento professionale per facilitare l\u2019internazionalizzazione di due cinematografie sorelle. &nbsp; Organizzato dall\u2019Associazione Abilis, in collaborazione con la Fondazione Miff di Palma di Maiorca e con il patrocinio del Ministero della Cultura italiano, Ars Foundation, Ice, Luce [&hellip;]","og_url":"https:\/\/italcamara-es.com\/it\/notizie\/fiesta-il-festival-del-cinema-italo-spagnolo-a-palma-de-mallorca\/","og_site_name":"Italcamara","article_published_time":"2017-06-23T09:20:48+00:00","og_image":[{"width":250,"height":145,"url":"https:\/\/italcamara-es.com\/wp-content\/uploads\/2025\/03\/fiesta250.jpg","type":"image\/jpeg"}],"author":"administrador","twitter_card":"summary_large_image","twitter_misc":{"Scritto da":"administrador","Tempo di lettura stimato":"1 minuto"},"schema":{"@context":"https:\/\/schema.org","@graph":[{"@type":"Article","@id":"https:\/\/italcamara-es.com\/it\/notizie\/fiesta-il-festival-del-cinema-italo-spagnolo-a-palma-de-mallorca\/#article","isPartOf":{"@id":"https:\/\/italcamara-es.com\/it\/notizie\/fiesta-il-festival-del-cinema-italo-spagnolo-a-palma-de-mallorca\/"},"author":{"name":"administrador","@id":"https:\/\/italcamara-es.com\/#\/schema\/person\/bb3c56263e405bbd9a15171dcfee93bb"},"headline":"Fiesta! Il festival del cinema italo-spagnolo a Palma de Mallorca","datePublished":"2017-06-23T09:20:48+00:00","mainEntityOfPage":{"@id":"https:\/\/italcamara-es.com\/it\/notizie\/fiesta-il-festival-del-cinema-italo-spagnolo-a-palma-de-mallorca\/"},"wordCount":278,"commentCount":0,"image":{"@id":"https:\/\/italcamara-es.com\/it\/notizie\/fiesta-il-festival-del-cinema-italo-spagnolo-a-palma-de-mallorca\/#primaryimage"},"thumbnailUrl":"https:\/\/italcamara-es.com\/wp-content\/uploads\/2025\/03\/fiesta250.jpg","keywords":["Notizie di la CCIS"],"articleSection":["Notizie"],"inLanguage":"it-IT","potentialAction":[{"@type":"CommentAction","name":"Comment","target":["https:\/\/italcamara-es.com\/it\/notizie\/fiesta-il-festival-del-cinema-italo-spagnolo-a-palma-de-mallorca\/#respond"]}]},{"@type":"WebPage","@id":"https:\/\/italcamara-es.com\/it\/notizie\/fiesta-il-festival-del-cinema-italo-spagnolo-a-palma-de-mallorca\/","url":"https:\/\/italcamara-es.com\/it\/notizie\/fiesta-il-festival-del-cinema-italo-spagnolo-a-palma-de-mallorca\/","name":"Fiesta! Il festival del cinema italo-spagnolo a Palma de Mallorca - Italcamara","isPartOf":{"@id":"https:\/\/italcamara-es.com\/#website"},"primaryImageOfPage":{"@id":"https:\/\/italcamara-es.com\/it\/notizie\/fiesta-il-festival-del-cinema-italo-spagnolo-a-palma-de-mallorca\/#primaryimage"},"image":{"@id":"https:\/\/italcamara-es.com\/it\/notizie\/fiesta-il-festival-del-cinema-italo-spagnolo-a-palma-de-mallorca\/#primaryimage"},"thumbnailUrl":"https:\/\/italcamara-es.com\/wp-content\/uploads\/2025\/03\/fiesta250.jpg","datePublished":"2017-06-23T09:20:48+00:00","author":{"@id":"https:\/\/italcamara-es.com\/#\/schema\/person\/bb3c56263e405bbd9a15171dcfee93bb"},"breadcrumb":{"@id":"https:\/\/italcamara-es.com\/it\/notizie\/fiesta-il-festival-del-cinema-italo-spagnolo-a-palma-de-mallorca\/#breadcrumb"},"inLanguage":"it-IT","potentialAction":[{"@type":"ReadAction","target":["https:\/\/italcamara-es.com\/it\/notizie\/fiesta-il-festival-del-cinema-italo-spagnolo-a-palma-de-mallorca\/"]}]},{"@type":"ImageObject","inLanguage":"it-IT","@id":"https:\/\/italcamara-es.com\/it\/notizie\/fiesta-il-festival-del-cinema-italo-spagnolo-a-palma-de-mallorca\/#primaryimage","url":"https:\/\/italcamara-es.com\/wp-content\/uploads\/2025\/03\/fiesta250.jpg","contentUrl":"https:\/\/italcamara-es.com\/wp-content\/uploads\/2025\/03\/fiesta250.jpg","width":250,"height":145},{"@type":"BreadcrumbList","@id":"https:\/\/italcamara-es.com\/it\/notizie\/fiesta-il-festival-del-cinema-italo-spagnolo-a-palma-de-mallorca\/#breadcrumb","itemListElement":[{"@type":"ListItem","position":1,"name":"Inicio","item":"https:\/\/italcamara-es.com\/it\/homepage-ita\/"},{"@type":"ListItem","position":2,"name":"Fiesta! Il festival del cinema italo-spagnolo a Palma de Mallorca"}]},{"@type":"WebSite","@id":"https:\/\/italcamara-es.com\/#website","url":"https:\/\/italcamara-es.com\/","name":"Italcamara","description":"","potentialAction":[{"@type":"SearchAction","target":{"@type":"EntryPoint","urlTemplate":"https:\/\/italcamara-es.com\/?s={search_term_string}"},"query-input":{"@type":"PropertyValueSpecification","valueRequired":true,"valueName":"search_term_string"}}],"inLanguage":"it-IT"},{"@type":"Person","@id":"https:\/\/italcamara-es.com\/#\/schema\/person\/bb3c56263e405bbd9a15171dcfee93bb","name":"administrador","image":{"@type":"ImageObject","inLanguage":"it-IT","@id":"https:\/\/secure.gravatar.com\/avatar\/14b5e63db38320b12031bb28cf9f77e210aa71fb3a8a3602a3c9a05134fa75eb?s=96&d=mm&r=g","url":"https:\/\/secure.gravatar.com\/avatar\/14b5e63db38320b12031bb28cf9f77e210aa71fb3a8a3602a3c9a05134fa75eb?s=96&d=mm&r=g","contentUrl":"https:\/\/secure.gravatar.com\/avatar\/14b5e63db38320b12031bb28cf9f77e210aa71fb3a8a3602a3c9a05134fa75eb?s=96&d=mm&r=g","caption":"administrador"},"sameAs":["http:\/\/pre.italcamara-es.com"],"url":"https:\/\/italcamara-es.com\/it\/author\/administrador\/"}]}},"rttpg_featured_image_url":{"full":["https:\/\/italcamara-es.com\/wp-content\/uploads\/2025\/03\/fiesta250.jpg",250,145,false],"landscape":["https:\/\/italcamara-es.com\/wp-content\/uploads\/2025\/03\/fiesta250.jpg",250,145,false],"portraits":["https:\/\/italcamara-es.com\/wp-content\/uploads\/2025\/03\/fiesta250.jpg",250,145,false],"thumbnail":["https:\/\/italcamara-es.com\/wp-content\/uploads\/2025\/03\/fiesta250-150x145.jpg",150,145,true],"medium":["https:\/\/italcamara-es.com\/wp-content\/uploads\/2025\/03\/fiesta250.jpg",250,145,false],"large":["https:\/\/italcamara-es.com\/wp-content\/uploads\/2025\/03\/fiesta250.jpg",250,145,false],"1536x1536":["https:\/\/italcamara-es.com\/wp-content\/uploads\/2025\/03\/fiesta250.jpg",250,145,false],"2048x2048":["https:\/\/italcamara-es.com\/wp-content\/uploads\/2025\/03\/fiesta250.jpg",250,145,false],"ocean-thumb-m":["https:\/\/italcamara-es.com\/wp-content\/uploads\/2025\/03\/fiesta250.jpg",250,145,false],"ocean-thumb-ml":["https:\/\/italcamara-es.com\/wp-content\/uploads\/2025\/03\/fiesta250.jpg",250,145,false],"ocean-thumb-l":["https:\/\/italcamara-es.com\/wp-content\/uploads\/2025\/03\/fiesta250.jpg",250,145,false],"directorist_preview":["https:\/\/italcamara-es.com\/wp-content\/uploads\/2025\/03\/fiesta250.jpg",250,145,false]},"rttpg_author":{"display_name":"administrador","author_link":"https:\/\/italcamara-es.com\/it\/author\/administrador\/"},"rttpg_comment":0,"rttpg_category":"<a href=\"https:\/\/italcamara-es.com\/it\/category\/notizie\/\" rel=\"category tag\">Notizie<\/a>","rttpg_excerpt":"Dal 25 al 27 giugno 2017 si terr\u00e0 Fiesta!, il festival del cinema italo-spagnolo a Palma di Maiorca. Un evento professionale per facilitare l\u2019internazionalizzazione di due cinematografie sorelle. &nbsp; Organizzato dall\u2019Associazione Abilis, in collaborazione con la Fondazione Miff di Palma di Maiorca e con il patrocinio del Ministero della Cultura italiano, Ars Foundation, Ice, Luce&hellip;","_links":{"self":[{"href":"https:\/\/italcamara-es.com\/it\/wp-json\/wp\/v2\/posts\/55955","targetHints":{"allow":["GET"]}}],"collection":[{"href":"https:\/\/italcamara-es.com\/it\/wp-json\/wp\/v2\/posts"}],"about":[{"href":"https:\/\/italcamara-es.com\/it\/wp-json\/wp\/v2\/types\/post"}],"author":[{"embeddable":true,"href":"https:\/\/italcamara-es.com\/it\/wp-json\/wp\/v2\/users\/1"}],"replies":[{"embeddable":true,"href":"https:\/\/italcamara-es.com\/it\/wp-json\/wp\/v2\/comments?post=55955"}],"version-history":[{"count":0,"href":"https:\/\/italcamara-es.com\/it\/wp-json\/wp\/v2\/posts\/55955\/revisions"}],"wp:featuredmedia":[{"embeddable":true,"href":"https:\/\/italcamara-es.com\/it\/wp-json\/wp\/v2\/media\/54444"}],"wp:attachment":[{"href":"https:\/\/italcamara-es.com\/it\/wp-json\/wp\/v2\/media?parent=55955"}],"wp:term":[{"taxonomy":"category","embeddable":true,"href":"https:\/\/italcamara-es.com\/it\/wp-json\/wp\/v2\/categories?post=55955"},{"taxonomy":"post_tag","embeddable":true,"href":"https:\/\/italcamara-es.com\/it\/wp-json\/wp\/v2\/tags?post=55955"}],"curies":[{"name":"wp","href":"https:\/\/api.w.org\/{rel}","templated":true}]}}