	{"id":55958,"date":"2017-07-11T12:25:12","date_gmt":"2017-07-11T10:25:12","guid":{"rendered":"http:\/\/pre.italcamara-es.com\/senza-categoria\/la-spagna-ha-accolto-quasi-otto-milioni-di-turisti-a-maggio\/"},"modified":"2025-03-30T14:21:37","modified_gmt":"2025-03-30T12:21:37","slug":"la-spagna-ha-accolto-quasi-otto-milioni-di-turisti-a-maggio","status":"publish","type":"post","link":"https:\/\/italcamara-es.com\/it\/notizie\/la-spagna-ha-accolto-quasi-otto-milioni-di-turisti-a-maggio\/","title":{"rendered":"La Spagna ha accolto quasi otto milioni di turisti a maggio"},"content":{"rendered":"<p>Nel mese di maggio, la Spagna ha accolto 7,9 milioni di turisti stranieri (+11,7% rispetto al 2016). In totale, nei primi cinque mesi dell\u2019anno, il numero di turisti si avvicina ai 28 milioni, con un aumento dell\u201911,6% rispetto allo stesso periodo dell\u2019anno anteriore.<\/p>\n<p>&nbsp;<\/p>\n<p>I dati, messi in luce dall\u2019Encuesta Movimientos Tur\u00edsticos en Frontera (FRONTUR) dell\u2019Instituto Nacional de Estad\u00edstica, ed analizzato dalla Federaci\u00f3n Espa\u00f1ola de Hosteler\u00eda (FEHR), indicano che il primo Paese in termini di turisti che arrivano in Spagna risulta essere il Regno Unito (25,7% del totale), con poco pi\u00f9 di 2 milioni di visitanti (+14% a livello interannuale).<\/p>\n<p>&nbsp;<\/p>\n<p>Seguono Germania e Francia, rispettivamente con 1,2 (-0,1%) ed 1,1 milioni (+0,2%) di turisti. I Paesi nordici si situano al quarto posto in termini di visite (500.000 e +38,8%) rispetto a maggio 2016). Tra i restanti Paesi si sottolinea la crescita dei turisti provenienti dagli Stati Uniti (+43,2%).<\/p>\n<p>&nbsp;<\/p>\n<p>La Catalogna \u00e8 la Comunit\u00e0 Autonoma che ha accolto il pi\u00f9 alto numero di turisti (23,8% del totale, percentuale equivalente a 1,9 milioni), vedendo crescere i visitanti del 16,2% rispetto allo stesso periodo del 2016. Le Isole Baleari si sono situate al secondo posto (1,7 milioni di turisti e +6,4%), davanti all\u2019Andalusia (quasi 1,2 milioni di visitanti e +7,1%). Il numero dei turisti \u00e8 cresciuto anche nelle Comunit\u00e0 Valenciana (+18,9%), di Madrid (+11,4%) ed in quella canara (+10,5%).<\/p>\n<p>&nbsp;<\/p>\n<p><strong>Le preferenze dei turisti<\/strong><\/p>\n<p>I turisti stranieri hanno scelto principalmente alloggi di mercato, che hanno visto una crescita del 9,3% rispetto al 2016. Il settore alberghiero \u00e8 cresciuto del 7,1% e le case in affitto del 39,9%. Gli alloggi non di mercato hanno visto una crescita del 23,4% (+19% alloggio in case di propriet\u00e0 e +24,2% in case di familiari o amici).<\/p>\n<p>&nbsp;<\/p>\n<p>Per quanto riguarda la forma di organizzazione dei viaggi, 5,5 milioni di persone hanno viaggiato senza pacchetti turistici (+15,8% rispetto al 2016, contro il +3,5% di chi ha scelto pacchetti turistici).<\/p>\n<p>&nbsp;<\/p>\n<p>Tempo libero e vacanze sono stati i principali motivi dei viaggi in Spagna (6,9 milioni di turisti e +12,7%), mentre le visite per affari e motivi professionali sono cresciute del 3,8%.<\/p>\n<p>&nbsp;<\/p>\n<p><strong>Previsioni per l\u2019estate<\/strong><\/p>\n<p>Per quanto riguarda le previsioni per i prossimi mesi, il ministro dell\u2019Energia, Turismo ed Agenda Digitale, \u00c1lvaro Nadal, ha sottolineato recentemente che \u201cin materia turistica ci aspetta un\u2019estate molto buona. Prevediamo un aumento dell\u20198,9% del numero dei visitanti stranieri nel periodo compreso tra maggio ed agosto\u201d. Questo significa che la Spagna potrebbe accogliere nel corso di questi quattro mesi 38 milioni (21,5 tra luglio ed agosto).<\/p>\n<p>&nbsp;<\/p>\n<p><em>Fonte<\/em>: Diario de Gastronom\u00eda<\/p>\n","protected":false},"excerpt":{"rendered":"<p>Nel mese di maggio, la Spagna ha accolto 7,9 milioni di turisti stranieri (+11,7% rispetto al 2016). In totale, nei primi cinque mesi dell\u2019anno, il numero di turisti si avvicina ai 28 milioni, con un aumento dell\u201911,6% rispetto allo stesso periodo dell\u2019anno anteriore. &nbsp; I dati, messi in luce dall\u2019Encuesta Movimientos Tur\u00edsticos en Frontera (FRONTUR) [&hellip;]<\/p>\n","protected":false},"author":1,"featured_media":53653,"comment_status":"open","ping_status":"open","sticky":false,"template":"","format":"standard","meta":{"inline_featured_image":false,"ocean_post_layout":"","ocean_both_sidebars_style":"","ocean_both_sidebars_content_width":0,"ocean_both_sidebars_sidebars_width":0,"ocean_sidebar":"","ocean_second_sidebar":"","ocean_disable_margins":"enable","ocean_add_body_class":"","ocean_shortcode_before_top_bar":"","ocean_shortcode_after_top_bar":"","ocean_shortcode_before_header":"","ocean_shortcode_after_header":"","ocean_has_shortcode":"","ocean_shortcode_after_title":"","ocean_shortcode_before_footer_widgets":"","ocean_shortcode_after_footer_widgets":"","ocean_shortcode_before_footer_bottom":"","ocean_shortcode_after_footer_bottom":"","ocean_display_top_bar":"default","ocean_display_header":"default","ocean_header_style":"","ocean_center_header_left_menu":"","ocean_custom_header_template":"","ocean_custom_logo":0,"ocean_custom_retina_logo":0,"ocean_custom_logo_max_width":0,"ocean_custom_logo_tablet_max_width":0,"ocean_custom_logo_mobile_max_width":0,"ocean_custom_logo_max_height":0,"ocean_custom_logo_tablet_max_height":0,"ocean_custom_logo_mobile_max_height":0,"ocean_header_custom_menu":"","ocean_menu_typo_font_family":"","ocean_menu_typo_font_subset":"","ocean_menu_typo_font_size":0,"ocean_menu_typo_font_size_tablet":0,"ocean_menu_typo_font_size_mobile":0,"ocean_menu_typo_font_size_unit":"px","ocean_menu_typo_font_weight":"","ocean_menu_typo_font_weight_tablet":"","ocean_menu_typo_font_weight_mobile":"","ocean_menu_typo_transform":"","ocean_menu_typo_transform_tablet":"","ocean_menu_typo_transform_mobile":"","ocean_menu_typo_line_height":0,"ocean_menu_typo_line_height_tablet":0,"ocean_menu_typo_line_height_mobile":0,"ocean_menu_typo_line_height_unit":"","ocean_menu_typo_spacing":0,"ocean_menu_typo_spacing_tablet":0,"ocean_menu_typo_spacing_mobile":0,"ocean_menu_typo_spacing_unit":"","ocean_menu_link_color":"","ocean_menu_link_color_hover":"","ocean_menu_link_color_active":"","ocean_menu_link_background":"","ocean_menu_link_hover_background":"","ocean_menu_link_active_background":"","ocean_menu_social_links_bg":"","ocean_menu_social_hover_links_bg":"","ocean_menu_social_links_color":"","ocean_menu_social_hover_links_color":"","ocean_disable_title":"default","ocean_disable_heading":"default","ocean_post_title":"","ocean_post_subheading":"","ocean_post_title_style":"","ocean_post_title_background_color":"","ocean_post_title_background":0,"ocean_post_title_bg_image_position":"","ocean_post_title_bg_image_attachment":"","ocean_post_title_bg_image_repeat":"","ocean_post_title_bg_image_size":"","ocean_post_title_height":0,"ocean_post_title_bg_overlay":0.5,"ocean_post_title_bg_overlay_color":"","ocean_disable_breadcrumbs":"default","ocean_breadcrumbs_color":"","ocean_breadcrumbs_separator_color":"","ocean_breadcrumbs_links_color":"","ocean_breadcrumbs_links_hover_color":"","ocean_display_footer_widgets":"default","ocean_display_footer_bottom":"default","ocean_custom_footer_template":"","ocean_post_oembed":"","ocean_post_self_hosted_media":"","ocean_post_video_embed":"","ocean_link_format":"","ocean_link_format_target":"self","ocean_quote_format":"","ocean_quote_format_link":"post","ocean_gallery_link_images":"on","ocean_gallery_id":[],"footnotes":""},"categories":[133],"tags":[139,138],"class_list":["post-55958","post","type-post","status-publish","format-standard","has-post-thumbnail","hentry","category-notizie","tag-notizie-di-la-ccis","tag-notizie-di-mercato","entry","has-media"],"yoast_head":"<!-- This site is optimized with the Yoast SEO plugin v27.5 - https:\/\/yoast.com\/product\/yoast-seo-wordpress\/ -->\n<title>La Spagna ha accolto quasi otto milioni di turisti a maggio - Italcamara<\/title>\n<meta name=\"robots\" content=\"index, follow, max-snippet:-1, max-image-preview:large, max-video-preview:-1\" \/>\n<link rel=\"canonical\" href=\"https:\/\/italcamara-es.com\/it\/notizie\/la-spagna-ha-accolto-quasi-otto-milioni-di-turisti-a-maggio\/\" \/>\n<meta property=\"og:locale\" content=\"it_IT\" \/>\n<meta property=\"og:type\" content=\"article\" \/>\n<meta property=\"og:title\" content=\"La Spagna ha accolto quasi otto milioni di turisti a maggio - Italcamara\" \/>\n<meta property=\"og:description\" content=\"Nel mese di maggio, la Spagna ha accolto 7,9 milioni di turisti stranieri (+11,7% rispetto al 2016). In totale, nei primi cinque mesi dell\u2019anno, il numero di turisti si avvicina ai 28 milioni, con un aumento dell\u201911,6% rispetto allo stesso periodo dell\u2019anno anteriore. &nbsp; I dati, messi in luce dall\u2019Encuesta Movimientos Tur\u00edsticos en Frontera (FRONTUR) [&hellip;]\" \/>\n<meta property=\"og:url\" content=\"https:\/\/italcamara-es.com\/it\/notizie\/la-spagna-ha-accolto-quasi-otto-milioni-di-turisti-a-maggio\/\" \/>\n<meta property=\"og:site_name\" content=\"Italcamara\" \/>\n<meta property=\"article:published_time\" content=\"2017-07-11T10:25:12+00:00\" \/>\n<meta property=\"article:modified_time\" content=\"2025-03-30T12:21:37+00:00\" \/>\n<meta property=\"og:image\" content=\"https:\/\/italcamara-es.com\/wp-content\/uploads\/2025\/03\/Turismo250-2.jpg\" \/>\n\t<meta property=\"og:image:width\" content=\"250\" \/>\n\t<meta property=\"og:image:height\" content=\"140\" \/>\n\t<meta property=\"og:image:type\" content=\"image\/jpeg\" \/>\n<meta name=\"author\" content=\"administrador\" \/>\n<meta name=\"twitter:card\" content=\"summary_large_image\" \/>\n<meta name=\"twitter:label1\" content=\"Scritto da\" \/>\n\t<meta name=\"twitter:data1\" content=\"administrador\" \/>\n\t<meta name=\"twitter:label2\" content=\"Tempo di lettura stimato\" \/>\n\t<meta name=\"twitter:data2\" content=\"2 minuti\" \/>\n<script type=\"application\/ld+json\" class=\"yoast-schema-graph\">{\"@context\":\"https:\\\/\\\/schema.org\",\"@graph\":[{\"@type\":\"Article\",\"@id\":\"https:\\\/\\\/italcamara-es.com\\\/it\\\/notizie\\\/la-spagna-ha-accolto-quasi-otto-milioni-di-turisti-a-maggio\\\/#article\",\"isPartOf\":{\"@id\":\"https:\\\/\\\/italcamara-es.com\\\/it\\\/notizie\\\/la-spagna-ha-accolto-quasi-otto-milioni-di-turisti-a-maggio\\\/\"},\"author\":{\"name\":\"administrador\",\"@id\":\"https:\\\/\\\/italcamara-es.com\\\/#\\\/schema\\\/person\\\/bb3c56263e405bbd9a15171dcfee93bb\"},\"headline\":\"La Spagna ha accolto quasi otto milioni di turisti a maggio\",\"datePublished\":\"2017-07-11T10:25:12+00:00\",\"dateModified\":\"2025-03-30T12:21:37+00:00\",\"mainEntityOfPage\":{\"@id\":\"https:\\\/\\\/italcamara-es.com\\\/it\\\/notizie\\\/la-spagna-ha-accolto-quasi-otto-milioni-di-turisti-a-maggio\\\/\"},\"wordCount\":411,\"commentCount\":0,\"image\":{\"@id\":\"https:\\\/\\\/italcamara-es.com\\\/it\\\/notizie\\\/la-spagna-ha-accolto-quasi-otto-milioni-di-turisti-a-maggio\\\/#primaryimage\"},\"thumbnailUrl\":\"https:\\\/\\\/italcamara-es.com\\\/wp-content\\\/uploads\\\/2025\\\/03\\\/Turismo250-2.jpg\",\"keywords\":[\"Notizie di la CCIS\",\"Notizie di Mercato\"],\"articleSection\":[\"Notizie\"],\"inLanguage\":\"it-IT\",\"potentialAction\":[{\"@type\":\"CommentAction\",\"name\":\"Comment\",\"target\":[\"https:\\\/\\\/italcamara-es.com\\\/it\\\/notizie\\\/la-spagna-ha-accolto-quasi-otto-milioni-di-turisti-a-maggio\\\/#respond\"]}]},{\"@type\":\"WebPage\",\"@id\":\"https:\\\/\\\/italcamara-es.com\\\/it\\\/notizie\\\/la-spagna-ha-accolto-quasi-otto-milioni-di-turisti-a-maggio\\\/\",\"url\":\"https:\\\/\\\/italcamara-es.com\\\/it\\\/notizie\\\/la-spagna-ha-accolto-quasi-otto-milioni-di-turisti-a-maggio\\\/\",\"name\":\"La Spagna ha accolto quasi otto milioni di turisti a maggio - Italcamara\",\"isPartOf\":{\"@id\":\"https:\\\/\\\/italcamara-es.com\\\/#website\"},\"primaryImageOfPage\":{\"@id\":\"https:\\\/\\\/italcamara-es.com\\\/it\\\/notizie\\\/la-spagna-ha-accolto-quasi-otto-milioni-di-turisti-a-maggio\\\/#primaryimage\"},\"image\":{\"@id\":\"https:\\\/\\\/italcamara-es.com\\\/it\\\/notizie\\\/la-spagna-ha-accolto-quasi-otto-milioni-di-turisti-a-maggio\\\/#primaryimage\"},\"thumbnailUrl\":\"https:\\\/\\\/italcamara-es.com\\\/wp-content\\\/uploads\\\/2025\\\/03\\\/Turismo250-2.jpg\",\"datePublished\":\"2017-07-11T10:25:12+00:00\",\"dateModified\":\"2025-03-30T12:21:37+00:00\",\"author\":{\"@id\":\"https:\\\/\\\/italcamara-es.com\\\/#\\\/schema\\\/person\\\/bb3c56263e405bbd9a15171dcfee93bb\"},\"breadcrumb\":{\"@id\":\"https:\\\/\\\/italcamara-es.com\\\/it\\\/notizie\\\/la-spagna-ha-accolto-quasi-otto-milioni-di-turisti-a-maggio\\\/#breadcrumb\"},\"inLanguage\":\"it-IT\",\"potentialAction\":[{\"@type\":\"ReadAction\",\"target\":[\"https:\\\/\\\/italcamara-es.com\\\/it\\\/notizie\\\/la-spagna-ha-accolto-quasi-otto-milioni-di-turisti-a-maggio\\\/\"]}]},{\"@type\":\"ImageObject\",\"inLanguage\":\"it-IT\",\"@id\":\"https:\\\/\\\/italcamara-es.com\\\/it\\\/notizie\\\/la-spagna-ha-accolto-quasi-otto-milioni-di-turisti-a-maggio\\\/#primaryimage\",\"url\":\"https:\\\/\\\/italcamara-es.com\\\/wp-content\\\/uploads\\\/2025\\\/03\\\/Turismo250-2.jpg\",\"contentUrl\":\"https:\\\/\\\/italcamara-es.com\\\/wp-content\\\/uploads\\\/2025\\\/03\\\/Turismo250-2.jpg\",\"width\":250,\"height\":140},{\"@type\":\"BreadcrumbList\",\"@id\":\"https:\\\/\\\/italcamara-es.com\\\/it\\\/notizie\\\/la-spagna-ha-accolto-quasi-otto-milioni-di-turisti-a-maggio\\\/#breadcrumb\",\"itemListElement\":[{\"@type\":\"ListItem\",\"position\":1,\"name\":\"Inicio\",\"item\":\"https:\\\/\\\/italcamara-es.com\\\/it\\\/homepage-ita\\\/\"},{\"@type\":\"ListItem\",\"position\":2,\"name\":\"La Spagna ha accolto quasi otto milioni di turisti a maggio\"}]},{\"@type\":\"WebSite\",\"@id\":\"https:\\\/\\\/italcamara-es.com\\\/#website\",\"url\":\"https:\\\/\\\/italcamara-es.com\\\/\",\"name\":\"Italcamara\",\"description\":\"\",\"potentialAction\":[{\"@type\":\"SearchAction\",\"target\":{\"@type\":\"EntryPoint\",\"urlTemplate\":\"https:\\\/\\\/italcamara-es.com\\\/?s={search_term_string}\"},\"query-input\":{\"@type\":\"PropertyValueSpecification\",\"valueRequired\":true,\"valueName\":\"search_term_string\"}}],\"inLanguage\":\"it-IT\"},{\"@type\":\"Person\",\"@id\":\"https:\\\/\\\/italcamara-es.com\\\/#\\\/schema\\\/person\\\/bb3c56263e405bbd9a15171dcfee93bb\",\"name\":\"administrador\",\"image\":{\"@type\":\"ImageObject\",\"inLanguage\":\"it-IT\",\"@id\":\"https:\\\/\\\/secure.gravatar.com\\\/avatar\\\/14b5e63db38320b12031bb28cf9f77e210aa71fb3a8a3602a3c9a05134fa75eb?s=96&d=mm&r=g\",\"url\":\"https:\\\/\\\/secure.gravatar.com\\\/avatar\\\/14b5e63db38320b12031bb28cf9f77e210aa71fb3a8a3602a3c9a05134fa75eb?s=96&d=mm&r=g\",\"contentUrl\":\"https:\\\/\\\/secure.gravatar.com\\\/avatar\\\/14b5e63db38320b12031bb28cf9f77e210aa71fb3a8a3602a3c9a05134fa75eb?s=96&d=mm&r=g\",\"caption\":\"administrador\"},\"sameAs\":[\"http:\\\/\\\/pre.italcamara-es.com\"],\"url\":\"https:\\\/\\\/italcamara-es.com\\\/it\\\/author\\\/administrador\\\/\"}]}<\/script>\n<!-- \/ Yoast SEO plugin. -->","yoast_head_json":{"title":"La Spagna ha accolto quasi otto milioni di turisti a maggio - Italcamara","robots":{"index":"index","follow":"follow","max-snippet":"max-snippet:-1","max-image-preview":"max-image-preview:large","max-video-preview":"max-video-preview:-1"},"canonical":"https:\/\/italcamara-es.com\/it\/notizie\/la-spagna-ha-accolto-quasi-otto-milioni-di-turisti-a-maggio\/","og_locale":"it_IT","og_type":"article","og_title":"La Spagna ha accolto quasi otto milioni di turisti a maggio - Italcamara","og_description":"Nel mese di maggio, la Spagna ha accolto 7,9 milioni di turisti stranieri (+11,7% rispetto al 2016). In totale, nei primi cinque mesi dell\u2019anno, il numero di turisti si avvicina ai 28 milioni, con un aumento dell\u201911,6% rispetto allo stesso periodo dell\u2019anno anteriore. &nbsp; I dati, messi in luce dall\u2019Encuesta Movimientos Tur\u00edsticos en Frontera (FRONTUR) [&hellip;]","og_url":"https:\/\/italcamara-es.com\/it\/notizie\/la-spagna-ha-accolto-quasi-otto-milioni-di-turisti-a-maggio\/","og_site_name":"Italcamara","article_published_time":"2017-07-11T10:25:12+00:00","article_modified_time":"2025-03-30T12:21:37+00:00","og_image":[{"width":250,"height":140,"url":"https:\/\/italcamara-es.com\/wp-content\/uploads\/2025\/03\/Turismo250-2.jpg","type":"image\/jpeg"}],"author":"administrador","twitter_card":"summary_large_image","twitter_misc":{"Scritto da":"administrador","Tempo di lettura stimato":"2 minuti"},"schema":{"@context":"https:\/\/schema.org","@graph":[{"@type":"Article","@id":"https:\/\/italcamara-es.com\/it\/notizie\/la-spagna-ha-accolto-quasi-otto-milioni-di-turisti-a-maggio\/#article","isPartOf":{"@id":"https:\/\/italcamara-es.com\/it\/notizie\/la-spagna-ha-accolto-quasi-otto-milioni-di-turisti-a-maggio\/"},"author":{"name":"administrador","@id":"https:\/\/italcamara-es.com\/#\/schema\/person\/bb3c56263e405bbd9a15171dcfee93bb"},"headline":"La Spagna ha accolto quasi otto milioni di turisti a maggio","datePublished":"2017-07-11T10:25:12+00:00","dateModified":"2025-03-30T12:21:37+00:00","mainEntityOfPage":{"@id":"https:\/\/italcamara-es.com\/it\/notizie\/la-spagna-ha-accolto-quasi-otto-milioni-di-turisti-a-maggio\/"},"wordCount":411,"commentCount":0,"image":{"@id":"https:\/\/italcamara-es.com\/it\/notizie\/la-spagna-ha-accolto-quasi-otto-milioni-di-turisti-a-maggio\/#primaryimage"},"thumbnailUrl":"https:\/\/italcamara-es.com\/wp-content\/uploads\/2025\/03\/Turismo250-2.jpg","keywords":["Notizie di la CCIS","Notizie di Mercato"],"articleSection":["Notizie"],"inLanguage":"it-IT","potentialAction":[{"@type":"CommentAction","name":"Comment","target":["https:\/\/italcamara-es.com\/it\/notizie\/la-spagna-ha-accolto-quasi-otto-milioni-di-turisti-a-maggio\/#respond"]}]},{"@type":"WebPage","@id":"https:\/\/italcamara-es.com\/it\/notizie\/la-spagna-ha-accolto-quasi-otto-milioni-di-turisti-a-maggio\/","url":"https:\/\/italcamara-es.com\/it\/notizie\/la-spagna-ha-accolto-quasi-otto-milioni-di-turisti-a-maggio\/","name":"La Spagna ha accolto quasi otto milioni di turisti a maggio - Italcamara","isPartOf":{"@id":"https:\/\/italcamara-es.com\/#website"},"primaryImageOfPage":{"@id":"https:\/\/italcamara-es.com\/it\/notizie\/la-spagna-ha-accolto-quasi-otto-milioni-di-turisti-a-maggio\/#primaryimage"},"image":{"@id":"https:\/\/italcamara-es.com\/it\/notizie\/la-spagna-ha-accolto-quasi-otto-milioni-di-turisti-a-maggio\/#primaryimage"},"thumbnailUrl":"https:\/\/italcamara-es.com\/wp-content\/uploads\/2025\/03\/Turismo250-2.jpg","datePublished":"2017-07-11T10:25:12+00:00","dateModified":"2025-03-30T12:21:37+00:00","author":{"@id":"https:\/\/italcamara-es.com\/#\/schema\/person\/bb3c56263e405bbd9a15171dcfee93bb"},"breadcrumb":{"@id":"https:\/\/italcamara-es.com\/it\/notizie\/la-spagna-ha-accolto-quasi-otto-milioni-di-turisti-a-maggio\/#breadcrumb"},"inLanguage":"it-IT","potentialAction":[{"@type":"ReadAction","target":["https:\/\/italcamara-es.com\/it\/notizie\/la-spagna-ha-accolto-quasi-otto-milioni-di-turisti-a-maggio\/"]}]},{"@type":"ImageObject","inLanguage":"it-IT","@id":"https:\/\/italcamara-es.com\/it\/notizie\/la-spagna-ha-accolto-quasi-otto-milioni-di-turisti-a-maggio\/#primaryimage","url":"https:\/\/italcamara-es.com\/wp-content\/uploads\/2025\/03\/Turismo250-2.jpg","contentUrl":"https:\/\/italcamara-es.com\/wp-content\/uploads\/2025\/03\/Turismo250-2.jpg","width":250,"height":140},{"@type":"BreadcrumbList","@id":"https:\/\/italcamara-es.com\/it\/notizie\/la-spagna-ha-accolto-quasi-otto-milioni-di-turisti-a-maggio\/#breadcrumb","itemListElement":[{"@type":"ListItem","position":1,"name":"Inicio","item":"https:\/\/italcamara-es.com\/it\/homepage-ita\/"},{"@type":"ListItem","position":2,"name":"La Spagna ha accolto quasi otto milioni di turisti a maggio"}]},{"@type":"WebSite","@id":"https:\/\/italcamara-es.com\/#website","url":"https:\/\/italcamara-es.com\/","name":"Italcamara","description":"","potentialAction":[{"@type":"SearchAction","target":{"@type":"EntryPoint","urlTemplate":"https:\/\/italcamara-es.com\/?s={search_term_string}"},"query-input":{"@type":"PropertyValueSpecification","valueRequired":true,"valueName":"search_term_string"}}],"inLanguage":"it-IT"},{"@type":"Person","@id":"https:\/\/italcamara-es.com\/#\/schema\/person\/bb3c56263e405bbd9a15171dcfee93bb","name":"administrador","image":{"@type":"ImageObject","inLanguage":"it-IT","@id":"https:\/\/secure.gravatar.com\/avatar\/14b5e63db38320b12031bb28cf9f77e210aa71fb3a8a3602a3c9a05134fa75eb?s=96&d=mm&r=g","url":"https:\/\/secure.gravatar.com\/avatar\/14b5e63db38320b12031bb28cf9f77e210aa71fb3a8a3602a3c9a05134fa75eb?s=96&d=mm&r=g","contentUrl":"https:\/\/secure.gravatar.com\/avatar\/14b5e63db38320b12031bb28cf9f77e210aa71fb3a8a3602a3c9a05134fa75eb?s=96&d=mm&r=g","caption":"administrador"},"sameAs":["http:\/\/pre.italcamara-es.com"],"url":"https:\/\/italcamara-es.com\/it\/author\/administrador\/"}]}},"rttpg_featured_image_url":{"full":["https:\/\/italcamara-es.com\/wp-content\/uploads\/2025\/03\/Turismo250-2.jpg",250,140,false],"landscape":["https:\/\/italcamara-es.com\/wp-content\/uploads\/2025\/03\/Turismo250-2.jpg",250,140,false],"portraits":["https:\/\/italcamara-es.com\/wp-content\/uploads\/2025\/03\/Turismo250-2.jpg",250,140,false],"thumbnail":["https:\/\/italcamara-es.com\/wp-content\/uploads\/2025\/03\/Turismo250-2-150x140.jpg",150,140,true],"medium":["https:\/\/italcamara-es.com\/wp-content\/uploads\/2025\/03\/Turismo250-2.jpg",250,140,false],"large":["https:\/\/italcamara-es.com\/wp-content\/uploads\/2025\/03\/Turismo250-2.jpg",250,140,false],"1536x1536":["https:\/\/italcamara-es.com\/wp-content\/uploads\/2025\/03\/Turismo250-2.jpg",250,140,false],"2048x2048":["https:\/\/italcamara-es.com\/wp-content\/uploads\/2025\/03\/Turismo250-2.jpg",250,140,false],"ocean-thumb-m":["https:\/\/italcamara-es.com\/wp-content\/uploads\/2025\/03\/Turismo250-2.jpg",250,140,false],"ocean-thumb-ml":["https:\/\/italcamara-es.com\/wp-content\/uploads\/2025\/03\/Turismo250-2.jpg",250,140,false],"ocean-thumb-l":["https:\/\/italcamara-es.com\/wp-content\/uploads\/2025\/03\/Turismo250-2.jpg",250,140,false],"directorist_preview":["https:\/\/italcamara-es.com\/wp-content\/uploads\/2025\/03\/Turismo250-2.jpg",250,140,false]},"rttpg_author":{"display_name":"administrador","author_link":"https:\/\/italcamara-es.com\/it\/author\/administrador\/"},"rttpg_comment":0,"rttpg_category":"<a href=\"https:\/\/italcamara-es.com\/it\/category\/notizie\/\" rel=\"category tag\">Notizie<\/a>","rttpg_excerpt":"Nel mese di maggio, la Spagna ha accolto 7,9 milioni di turisti stranieri (+11,7% rispetto al 2016). In totale, nei primi cinque mesi dell\u2019anno, il numero di turisti si avvicina ai 28 milioni, con un aumento dell\u201911,6% rispetto allo stesso periodo dell\u2019anno anteriore. &nbsp; I dati, messi in luce dall\u2019Encuesta Movimientos Tur\u00edsticos en Frontera (FRONTUR)&hellip;","_links":{"self":[{"href":"https:\/\/italcamara-es.com\/it\/wp-json\/wp\/v2\/posts\/55958","targetHints":{"allow":["GET"]}}],"collection":[{"href":"https:\/\/italcamara-es.com\/it\/wp-json\/wp\/v2\/posts"}],"about":[{"href":"https:\/\/italcamara-es.com\/it\/wp-json\/wp\/v2\/types\/post"}],"author":[{"embeddable":true,"href":"https:\/\/italcamara-es.com\/it\/wp-json\/wp\/v2\/users\/1"}],"replies":[{"embeddable":true,"href":"https:\/\/italcamara-es.com\/it\/wp-json\/wp\/v2\/comments?post=55958"}],"version-history":[{"count":1,"href":"https:\/\/italcamara-es.com\/it\/wp-json\/wp\/v2\/posts\/55958\/revisions"}],"predecessor-version":[{"id":57195,"href":"https:\/\/italcamara-es.com\/it\/wp-json\/wp\/v2\/posts\/55958\/revisions\/57195"}],"wp:featuredmedia":[{"embeddable":true,"href":"https:\/\/italcamara-es.com\/it\/wp-json\/wp\/v2\/media\/53653"}],"wp:attachment":[{"href":"https:\/\/italcamara-es.com\/it\/wp-json\/wp\/v2\/media?parent=55958"}],"wp:term":[{"taxonomy":"category","embeddable":true,"href":"https:\/\/italcamara-es.com\/it\/wp-json\/wp\/v2\/categories?post=55958"},{"taxonomy":"post_tag","embeddable":true,"href":"https:\/\/italcamara-es.com\/it\/wp-json\/wp\/v2\/tags?post=55958"}],"curies":[{"name":"wp","href":"https:\/\/api.w.org\/{rel}","templated":true}]}}