	{"id":55978,"date":"2017-10-03T07:59:56","date_gmt":"2017-10-03T05:59:56","guid":{"rendered":"http:\/\/pre.italcamara-es.com\/senza-categoria\/consegnato-il-premio-tiepolo-2017-a-urbano-cairo-rcs-mediagroup-e-antonio-huertas-mapfre\/"},"modified":"2017-10-03T07:59:56","modified_gmt":"2017-10-03T05:59:56","slug":"consegnato-il-premio-tiepolo-2017-a-urbano-cairo-rcs-mediagroup-e-antonio-huertas-mapfre","status":"publish","type":"post","link":"https:\/\/italcamara-es.com\/it\/notizie\/consegnato-il-premio-tiepolo-2017-a-urbano-cairo-rcs-mediagroup-e-antonio-huertas-mapfre\/","title":{"rendered":"Consegnato il Premio Tiepolo 2017 a  Urbano Cairo (RCS MediaGroup) e Antonio Huertas (Mapfre)"},"content":{"rendered":"<p>Il <strong>Premio Tiepolo 2017<\/strong> \u00e8 stato consegnato lo sorso 2 ottobre al presidente di Cairo Communication e presidente e amministratore delegato di RCS MediaGroup, <strong>Urbano Cairo<\/strong>, ed al presidente di Mapfre, <strong>Antonio Huertas<\/strong>. Giunto alla XXI edizione, il Premio riconosce la traiettoria professionale degli imprenditori di successo italiani e spagnoli e al loro contributo all\u2019integrazione e allo sviluppo delle relazioni economico-commerciali tra i due paesi.<\/p>\n<p>&nbsp;<\/p>\n<p>Per la prima volta nella storia di questo prestigioso riconoscimento, la cerimonia di consegna, organizzata dalla Camera di Commercio e Industria Italiana per la Spagna (<strong>CCIS<\/strong>) e la Confederaci\u00f3n Espa\u00f1ola de Organizaciones Empresariales (CEOE), ha travalicato i confini iberici per celebrarsi a Roma, nella splendida cornice di Villa Madama, sede di rappresentanza del Ministero degli Affari Esteri della Repubblica Italiana, alla presenza di alte cariche istituzionali dei due paesi. In particolare, l\u2019atto si \u00e8 svolto nell\u2019ambito del<strong> XV Foro di Dialogo Italia-Spagna<\/strong> e ha visto la presenza del Ministro degli Affari Esteri e della Cooperazione Internazionale, <strong>Angelino Alfano<\/strong>.<\/p>\n<p>&nbsp;<\/p>\n<p>Sin dal 1999 il Foro di Dialogo Italia-Spagna riunisce, con cadenza pressoch\u00e9 annuale, esponenti di spicco della politica, dell\u2019imprenditoria e della societ\u00e0 civile dei due Paesi, con l\u2019obiettivo di accompagnare e rafforzare il dialogo tra i due Governi. La consegna, per la prima volta, del Premio Tiepolo nella cornice del Foro, ha rappresentato il riconoscimento del ruolo promotore delle due comunit\u00e0 imprenditoriali a sostegno di relazioni bilaterali sempre pi\u00f9 profonde.<\/p>\n<p>&nbsp;<\/p>\n<p>Il giornalista e membro della giuria del Premio Tiepolo,<strong> Josto Maffeo<\/strong>, ha dato inizio alla XXI edizione, ricordando la traiettoria professionale di successo di queste due personalit\u00e0 che, con il loro impegno, hanno contribuito a potenziare le relazioni economiche tra Italia e Spagna e a diffondere l\u2019immagine dei due paesi nel mondo.<\/p>\n<p>&nbsp;<\/p>\n<p>Successivamente, <strong>Marco Pizzi<\/strong>, presidente della Camera di Commercio Italiana per la Spagna, ha voluto sottolineare l\u2019importanza del contesto in cui si \u00e8 svolto l\u2019evento: \u201c<em>Celebrare a Roma la XXI edizione del Premio Tiepolo, nell\u2019ambito di un prestigioso e tradizionale momento di incontro politico-istituzionale tra i nostri due paesi, qual \u00e8 il Foro di Dialogo Italia-Spagna, rappresenta senza dubbio una tappa fondamentale nel percorso di crescita internazionale di questo riconoscimento<\/em>\u201d. Pizzi si \u00e8 inoltre soffermato sulla traiettoria professionale dei protagonisti della cerimonia: \u201c<em>I due premiati e le imprese che rappresentano sono accomunati da una forte vocazione all\u2019internazionalizzazione. La loro consolidata presenza in Spagna e in Italia \u00e8 la migliore testimonianza della solidit\u00e0, della dinamicit\u00e0 e della fiducia reciproca che caratterizzano le relazioni economico-commerciali tra i nostri due paesi<\/em>\u201d.<\/p>\n<p>&nbsp;<\/p>\n<p><strong>Urbano Cairo, figura determinante nel mondo dell\u2019editoria multimediale in Italia e in Spagna<\/strong><\/p>\n<p><strong>Urbano Cairo<\/strong> (Milano, 1957) \u00e8 presidente e fondatore di Cairo Communication, gruppo che opera nel settore della comunicazione in qualit\u00e0 di editore televisivo, di periodici e di libri, e come concessionaria per la vendita di spazi pubblicitari su diversi mezzi.<\/p>\n<p>&nbsp;<\/p>\n<p>Dall\u2019agosto 2016, \u00e8 presidente e amministratore delegato di RCS MediaGroup, uno dei principali gruppi editoriali multimediali a livello internazionale, dopo averne acquisito il controllo (59,7%) per mezzo di un\u2019offerta pubblica di acquisto e scambio volontaria totalitaria, che valuta complessivamente il gruppo oltre 500 milioni di euro.<\/p>\n<p>&nbsp;<\/p>\n<p>\u201c<em>Il gruppo RCS \u00e8 leader nel mercato dei quotidiani sia italiano che spagnolo ed \u00e8 diventato uno dei protagonisti pi\u00fa importanti sul web<\/em>\u201d, ha dichiarato Urbano Cairo dopo aver ricevuto il Premio Tiepolo. \u201c<em>Aspiriamo a contribuire allo sviluppo dei nostri due paesi e a continuare ad essere un referente serio e stabile per i suoi cittadini in questo periodo storico particolarmente delicato<\/em>\u201d.<\/p>\n<p>&nbsp;<\/p>\n<p>Con un fatturato generato per oltre il 30% dalle attivit\u00e0 estere, il Gruppo &#8211; quotato alla Borsa Italiana &#8211; \u00e8 significativamente presente in Spagna, essendo proprietario di <strong>Unidad Editorial<\/strong>, gruppo di comunicazione multimediale leader nell\u2019editoria quotidiana e periodica.<\/p>\n<p>&nbsp;<\/p>\n<p>Il Gruppo RCS pubblica i quotidiani Corriere della Sera, La Gazzetta dello Sport, El Mundo, Marca e Expansion, e i periodici Oggi, Amica, Io Donna, Living, Style Magazine, Dove, Abitare, Sette, Sport Week, Telva, Yo Dona, Papel, Marca Motor, Fuera de Serie, Metropoli e Actualidad Economica.<br \/>\n\u201c<em>La Spagna \u00e8 un paese in crescita che ha saputo trasformarsi e generare opportunit\u00e0<\/em>\u201d, ha sottolineato Cairo. \u201c<em>Per RCS, presente nel paese da pi\u00f9 di 25 anni, \u00e8 sempre stato un mercato di grande interesse. Con l\u2019acquisizione da parte di RCS le nostre testate spagnole principali El Mundo, Marca, Expansi\u00f3n, Telva&#8230;e molte altre, hanno avuto un ruolo importante nella Storia recente del paese<\/em>\u201d. Il presidente e amministratore delegato di RCS ha inoltre voluto esprimere la propria gratitudine \u201c<em>per questo premio che rappresenta il miglior riconoscimento alla qualit\u00e0 dei progetti aziendali che con tanto entusiasmo stiamo sviluppando in Italia e in Spagna<\/em>\u201d.<\/p>\n<p>&nbsp;<\/p>\n<p>Laureato in Economia e Commercio all\u2019Universit\u00e0 Bocconi di Milano, Cairo ha iniziato la sua carriera nel 1981 nel Gruppo Fininvest e a seguire in Publitalia \u201980, di cui \u00e8 diventato vicedirettore generale. Dopo aver fondato, nel 1995, Cairo Pubblicit\u00e0 S.p.A., concessionaria di pubblicit\u00e0 che ha iniziato la sua attivit\u00e0 con la concessione di alcuni periodici RCS, negli anni successivi \u00e8 stato artefice di una serie di acquisizioni che hanno portato il gruppo ad espandere e diversificare la propria attivit\u00e0, operando con successo nell\u2019ambito della Pay TV, l\u2019edizione di periodici e libri e il web.<\/p>\n<p>&nbsp;<\/p>\n<p>Nel luglio 2000 \u00e8 entrato in Borsa con la quotazione di <strong>Cairo Communication<\/strong>, raccogliendo le risorse che gli hanno consentito di cogliere ulteriori opportunit\u00e0 di sviluppo, sia nel settore dell\u2019editoria che in quello del mercato pubblicitario italiano. Nel 2003 ha fondato Cairo Editore, che nel giro di pochi anni \u00e8 diventato il primo editore di settimanali in Italia per copie vendute con il 30% di quota di mercato. Negli stessi anni ha gestito in esclusiva la raccolta pubblicitaria su una delle principali emittenti televisive commerciali italiane, <strong>La7<\/strong>, che successivamente ha acquisito nel 2013 entrando in questo modo nell\u2019editoria televisiva e ampliando notevolmente la sua offerta integrata.<\/p>\n<p>&nbsp;<\/p>\n<p>Urbano Cairo \u00e8 membro del Comitato di Presidenza FIEG e del Consiglio Generale di Confindustria Radio Televisioni; \u00e8 Consigliere in Lega Nazionale Professionisti Serie A. Dal 2005 \u00e8 presidente della societ\u00e0 calcistica di Serie A Torino FC S.p.A.<br \/>\n<strong>Antonio Huertas, uno dei principali promotori del consolidamento internazionale di Mapfre e della sua espansione nel mercato italiano<\/strong><\/p>\n<p><strong>Antonio Huertas<\/strong> (Villanueva de la Serena, Badajoz, 1964), \u00e8 presidente di <strong>MAPFRE S.A.<\/strong>, compagnia di riferimento nel mercato assicurativo spagnolo, con presenza in oltre 100 paesi, 37.000 dipendenti in tutto il mondo, pi\u00f9 di 4.500 uffici e quasi 80.000 intermediari.<\/p>\n<p>&nbsp;<\/p>\n<p>Pi\u00f9 di due terzi del fatturato del gruppo \u00e8 generato all\u2019estero, a conferma della decisa scommessa sull\u2019internazionalizzazione. Oltre ad essere il primo gruppo di assicurazioni multinazionale in America Latina, con pi\u00f9 di 18.000 dipendenti e un fatturato che corrisponde ad un terzo del volume d\u2019affari globale, MAPFRE \u00e8 presente anche in Europa e negli Stati Uniti e da alcuni anni ha intrapreso un processo di crescita in Asia.<\/p>\n<p>&nbsp;<\/p>\n<p><strong>L\u2019Italia<\/strong> rappresenta un mercato di importanza strategica per la compagnia. Da quando, nel 1988, MAPFRE RE ha aperto un ufficio di rappresentanza a Milano, la sua presenza nel paese non ha fatto che crescere. Nel 2002 \u00e8 approdata MAPFRE ASISTENCIA e nel 2011 ha cominciato a gestire grandi clienti corporativi attraverso GLOBAL RISK. Huertas \u00e8 stato l\u2019artefice del grande processo di espansione della compagnia nel mercato italiano, con l\u2019acquisto, nel 2015, di Direct Line, cghe ha permesso alla compagnia di raggiungere una posizione particolarmente rilevante nel segmento dell\u2019assicurazione diretta. Con questa operazione MAPFRE ha registrato una crescita importante non solo in Italia, ma anche in Europa, rafforzando anche il suo compromesso con la trasformazione digitale, una sfida di primaria importanza per la compagnia.<\/p>\n<p>&nbsp;<\/p>\n<p>\u201c<em>Questo premio contribuisce a valorizzare le relazioni tra la societ\u00e0 spagnola e quella italiana e deve continuare a costituire una fonte di ispirazione nella ricerca dell\u2019eccellenza<\/em>\u201d, ha dichiarato il presidente di MAPFRE durante il suo intervento.<\/p>\n<p>&nbsp;<\/p>\n<p>Laureato in Giurisprudenza all\u2019Universit\u00e0 di Salamanca, Antonio Huertas \u00e8 entrato a far parte di MAPFRE nel 1988. Dopo aver occupato differenti incarichi, nel 1998 Antonio Huertas ha iniziato il suo cammino internazionale all\u2019interno del gruppo, che \u00e8 culminato nel 2000 con la Presidenza e massima responsabilit\u00e0 esecutiva di MAPFRE PUERTO RICO. Dopo il suo rientro alla sede centrale del Gruppo a Madrid nel 2004, Huertas ha ricoperto diversi incarichi dirigenziali fino alla sua elezione, nel 2011, a Terzo Vicepresidente del Consiglio di Amministrazione e, nel marzo dell\u2019anno successivo, a Presidente di MAPFRE S.A.. Inoltre, a partire da aprile 2012 fino a gennaio 2014, \u00e8 stato massimo responsabile delle Divisioni Internazionali di MAPFRE. Da febbraio 2014, \u00e8 anche Presidente della FUNDACI\u00d3N MAPFRE.<\/p>\n<p>&nbsp;<\/p>\n<p>Durante la sua carriera professionale, Antonio Huertas ha partecipato allo sviluppo di progetti tecnologici di alto livello e ci\u00f2 gli ha permesso di conoscere a fondo il mondo della tecnologia applicata all\u2019impresa. Inoltre, ha guidato la trasformazione di una delle reti commerciali pi\u00f9 importanti al mondo nel settore finanziario, come quella di MAPFRE. Questo elemento, unito alle sue molteplici esperienze in posti dirigenziali di massima responsabilit\u00e0, ha contribuito a fornirgli una visione privilegiata di tutti i diversi ambiti che compongono la gestione imprenditoriale.<\/p>\n<p>&nbsp;<\/p>\n<p>Huertas \u00e8 anche Membro del <strong>Consejo Empresarial de la Competitividad<\/strong>, dal fabbrario 2012, della Fundaci\u00f3n Carolina e della Fundaci\u00f3n Pro CNIC.<\/p>\n<p>&nbsp;<\/p>\n<figure id=\"attachment_14043\" aria-describedby=\"caption-attachment-14043\" style=\"width: 700px\" class=\"wp-caption aligncenter\"><img fetchpriority=\"high\" decoding=\"async\" class=\"wp-image-14043 size-full\" src=\"https:\/\/www.italcamara-es.com\/wp-content\/uploads\/2017\/10\/Tiepolo-20171.jpg\" alt=\"Tiepolo-2017\" width=\"700\" height=\"467\" \/><figcaption id=\"caption-attachment-14043\" class=\"wp-caption-text\">De sx. a dx. Josto Maffeo, giornalista e membro della giuria del Premio Tiepolo; Juan Rosell, presidente della CEOE; Angelino Alfano, ministro degli Affari Esteri e della Cooperazione Internazionale d&#8217;Italia; Urbano Cairo, presidente e consigliere delegato di RCS MediaGRoup; Antonio Huertas, presidente di Mapfree; Jes\u00fas Manuel Gracia, ambasciatore di Spagna in Italia; Marco Pizzi, Presidente della Camera di Commercio e Industria Italiana per la Spagna<\/figcaption><\/figure>\n","protected":false},"excerpt":{"rendered":"<p>Il Premio Tiepolo 2017 \u00e8 stato consegnato lo sorso 2 ottobre al presidente di Cairo Communication e presidente e amministratore delegato di RCS MediaGroup, Urbano Cairo, ed al presidente di Mapfre, Antonio Huertas. Giunto alla XXI edizione, il Premio riconosce la traiettoria professionale degli imprenditori di successo italiani e spagnoli e al loro contributo all\u2019integrazione [&hellip;]<\/p>\n","protected":false},"author":1,"featured_media":54479,"comment_status":"open","ping_status":"open","sticky":false,"template":"","format":"standard","meta":{"inline_featured_image":false,"ocean_post_layout":"","ocean_both_sidebars_style":"","ocean_both_sidebars_content_width":0,"ocean_both_sidebars_sidebars_width":0,"ocean_sidebar":"","ocean_second_sidebar":"","ocean_disable_margins":"enable","ocean_add_body_class":"","ocean_shortcode_before_top_bar":"","ocean_shortcode_after_top_bar":"","ocean_shortcode_before_header":"","ocean_shortcode_after_header":"","ocean_has_shortcode":"","ocean_shortcode_after_title":"","ocean_shortcode_before_footer_widgets":"","ocean_shortcode_after_footer_widgets":"","ocean_shortcode_before_footer_bottom":"","ocean_shortcode_after_footer_bottom":"","ocean_display_top_bar":"default","ocean_display_header":"default","ocean_header_style":"","ocean_center_header_left_menu":"","ocean_custom_header_template":"","ocean_custom_logo":0,"ocean_custom_retina_logo":0,"ocean_custom_logo_max_width":0,"ocean_custom_logo_tablet_max_width":0,"ocean_custom_logo_mobile_max_width":0,"ocean_custom_logo_max_height":0,"ocean_custom_logo_tablet_max_height":0,"ocean_custom_logo_mobile_max_height":0,"ocean_header_custom_menu":"","ocean_menu_typo_font_family":"","ocean_menu_typo_font_subset":"","ocean_menu_typo_font_size":0,"ocean_menu_typo_font_size_tablet":0,"ocean_menu_typo_font_size_mobile":0,"ocean_menu_typo_font_size_unit":"px","ocean_menu_typo_font_weight":"","ocean_menu_typo_font_weight_tablet":"","ocean_menu_typo_font_weight_mobile":"","ocean_menu_typo_transform":"","ocean_menu_typo_transform_tablet":"","ocean_menu_typo_transform_mobile":"","ocean_menu_typo_line_height":0,"ocean_menu_typo_line_height_tablet":0,"ocean_menu_typo_line_height_mobile":0,"ocean_menu_typo_line_height_unit":"","ocean_menu_typo_spacing":0,"ocean_menu_typo_spacing_tablet":0,"ocean_menu_typo_spacing_mobile":0,"ocean_menu_typo_spacing_unit":"","ocean_menu_link_color":"","ocean_menu_link_color_hover":"","ocean_menu_link_color_active":"","ocean_menu_link_background":"","ocean_menu_link_hover_background":"","ocean_menu_link_active_background":"","ocean_menu_social_links_bg":"","ocean_menu_social_hover_links_bg":"","ocean_menu_social_links_color":"","ocean_menu_social_hover_links_color":"","ocean_disable_title":"default","ocean_disable_heading":"default","ocean_post_title":"","ocean_post_subheading":"","ocean_post_title_style":"","ocean_post_title_background_color":"","ocean_post_title_background":0,"ocean_post_title_bg_image_position":"","ocean_post_title_bg_image_attachment":"","ocean_post_title_bg_image_repeat":"","ocean_post_title_bg_image_size":"","ocean_post_title_height":0,"ocean_post_title_bg_overlay":0.5,"ocean_post_title_bg_overlay_color":"","ocean_disable_breadcrumbs":"default","ocean_breadcrumbs_color":"","ocean_breadcrumbs_separator_color":"","ocean_breadcrumbs_links_color":"","ocean_breadcrumbs_links_hover_color":"","ocean_display_footer_widgets":"default","ocean_display_footer_bottom":"default","ocean_custom_footer_template":"","ocean_post_oembed":"","ocean_post_self_hosted_media":"","ocean_post_video_embed":"","ocean_link_format":"","ocean_link_format_target":"self","ocean_quote_format":"","ocean_quote_format_link":"post","ocean_gallery_link_images":"on","ocean_gallery_id":[],"footnotes":""},"categories":[133],"tags":[139],"class_list":["post-55978","post","type-post","status-publish","format-standard","has-post-thumbnail","hentry","category-notizie","tag-notizie-di-la-ccis","entry","has-media"],"yoast_head":"<!-- This site is optimized with the Yoast SEO plugin v27.5 - https:\/\/yoast.com\/product\/yoast-seo-wordpress\/ -->\n<title>Consegnato il Premio Tiepolo 2017 a Urbano Cairo (RCS MediaGroup) e Antonio Huertas (Mapfre) - Italcamara<\/title>\n<meta name=\"robots\" content=\"index, follow, max-snippet:-1, max-image-preview:large, max-video-preview:-1\" \/>\n<link rel=\"canonical\" href=\"https:\/\/italcamara-es.com\/it\/notizie\/consegnato-il-premio-tiepolo-2017-a-urbano-cairo-rcs-mediagroup-e-antonio-huertas-mapfre\/\" \/>\n<meta property=\"og:locale\" content=\"it_IT\" \/>\n<meta property=\"og:type\" content=\"article\" \/>\n<meta property=\"og:title\" content=\"Consegnato il Premio Tiepolo 2017 a Urbano Cairo (RCS MediaGroup) e Antonio Huertas (Mapfre) - Italcamara\" \/>\n<meta property=\"og:description\" content=\"Il Premio Tiepolo 2017 \u00e8 stato consegnato lo sorso 2 ottobre al presidente di Cairo Communication e presidente e amministratore delegato di RCS MediaGroup, Urbano Cairo, ed al presidente di Mapfre, Antonio Huertas. Giunto alla XXI edizione, il Premio riconosce la traiettoria professionale degli imprenditori di successo italiani e spagnoli e al loro contributo all\u2019integrazione [&hellip;]\" \/>\n<meta property=\"og:url\" content=\"https:\/\/italcamara-es.com\/it\/notizie\/consegnato-il-premio-tiepolo-2017-a-urbano-cairo-rcs-mediagroup-e-antonio-huertas-mapfre\/\" \/>\n<meta property=\"og:site_name\" content=\"Italcamara\" \/>\n<meta property=\"article:published_time\" content=\"2017-10-03T05:59:56+00:00\" \/>\n<meta property=\"og:image\" content=\"https:\/\/italcamara-es.com\/wp-content\/uploads\/2025\/03\/Tiepolo-2017250.jpg\" \/>\n\t<meta property=\"og:image:width\" content=\"250\" \/>\n\t<meta property=\"og:image:height\" content=\"140\" \/>\n\t<meta property=\"og:image:type\" content=\"image\/jpeg\" \/>\n<meta name=\"author\" content=\"administrador\" \/>\n<meta name=\"twitter:card\" content=\"summary_large_image\" \/>\n<meta name=\"twitter:label1\" content=\"Scritto da\" \/>\n\t<meta name=\"twitter:data1\" content=\"administrador\" \/>\n\t<meta name=\"twitter:label2\" content=\"Tempo di lettura stimato\" \/>\n\t<meta name=\"twitter:data2\" content=\"8 minuti\" \/>\n<script type=\"application\/ld+json\" class=\"yoast-schema-graph\">{\"@context\":\"https:\\\/\\\/schema.org\",\"@graph\":[{\"@type\":\"Article\",\"@id\":\"https:\\\/\\\/italcamara-es.com\\\/it\\\/notizie\\\/consegnato-il-premio-tiepolo-2017-a-urbano-cairo-rcs-mediagroup-e-antonio-huertas-mapfre\\\/#article\",\"isPartOf\":{\"@id\":\"https:\\\/\\\/italcamara-es.com\\\/it\\\/notizie\\\/consegnato-il-premio-tiepolo-2017-a-urbano-cairo-rcs-mediagroup-e-antonio-huertas-mapfre\\\/\"},\"author\":{\"name\":\"administrador\",\"@id\":\"https:\\\/\\\/italcamara-es.com\\\/#\\\/schema\\\/person\\\/bb3c56263e405bbd9a15171dcfee93bb\"},\"headline\":\"Consegnato il Premio Tiepolo 2017 a Urbano Cairo (RCS MediaGroup) e Antonio Huertas (Mapfre)\",\"datePublished\":\"2017-10-03T05:59:56+00:00\",\"mainEntityOfPage\":{\"@id\":\"https:\\\/\\\/italcamara-es.com\\\/it\\\/notizie\\\/consegnato-il-premio-tiepolo-2017-a-urbano-cairo-rcs-mediagroup-e-antonio-huertas-mapfre\\\/\"},\"wordCount\":1591,\"commentCount\":0,\"image\":{\"@id\":\"https:\\\/\\\/italcamara-es.com\\\/it\\\/notizie\\\/consegnato-il-premio-tiepolo-2017-a-urbano-cairo-rcs-mediagroup-e-antonio-huertas-mapfre\\\/#primaryimage\"},\"thumbnailUrl\":\"https:\\\/\\\/italcamara-es.com\\\/wp-content\\\/uploads\\\/2025\\\/03\\\/Tiepolo-2017250.jpg\",\"keywords\":[\"Notizie di la CCIS\"],\"articleSection\":[\"Notizie\"],\"inLanguage\":\"it-IT\",\"potentialAction\":[{\"@type\":\"CommentAction\",\"name\":\"Comment\",\"target\":[\"https:\\\/\\\/italcamara-es.com\\\/it\\\/notizie\\\/consegnato-il-premio-tiepolo-2017-a-urbano-cairo-rcs-mediagroup-e-antonio-huertas-mapfre\\\/#respond\"]}]},{\"@type\":\"WebPage\",\"@id\":\"https:\\\/\\\/italcamara-es.com\\\/it\\\/notizie\\\/consegnato-il-premio-tiepolo-2017-a-urbano-cairo-rcs-mediagroup-e-antonio-huertas-mapfre\\\/\",\"url\":\"https:\\\/\\\/italcamara-es.com\\\/it\\\/notizie\\\/consegnato-il-premio-tiepolo-2017-a-urbano-cairo-rcs-mediagroup-e-antonio-huertas-mapfre\\\/\",\"name\":\"Consegnato il Premio Tiepolo 2017 a Urbano Cairo (RCS MediaGroup) e Antonio Huertas (Mapfre) - Italcamara\",\"isPartOf\":{\"@id\":\"https:\\\/\\\/italcamara-es.com\\\/#website\"},\"primaryImageOfPage\":{\"@id\":\"https:\\\/\\\/italcamara-es.com\\\/it\\\/notizie\\\/consegnato-il-premio-tiepolo-2017-a-urbano-cairo-rcs-mediagroup-e-antonio-huertas-mapfre\\\/#primaryimage\"},\"image\":{\"@id\":\"https:\\\/\\\/italcamara-es.com\\\/it\\\/notizie\\\/consegnato-il-premio-tiepolo-2017-a-urbano-cairo-rcs-mediagroup-e-antonio-huertas-mapfre\\\/#primaryimage\"},\"thumbnailUrl\":\"https:\\\/\\\/italcamara-es.com\\\/wp-content\\\/uploads\\\/2025\\\/03\\\/Tiepolo-2017250.jpg\",\"datePublished\":\"2017-10-03T05:59:56+00:00\",\"author\":{\"@id\":\"https:\\\/\\\/italcamara-es.com\\\/#\\\/schema\\\/person\\\/bb3c56263e405bbd9a15171dcfee93bb\"},\"breadcrumb\":{\"@id\":\"https:\\\/\\\/italcamara-es.com\\\/it\\\/notizie\\\/consegnato-il-premio-tiepolo-2017-a-urbano-cairo-rcs-mediagroup-e-antonio-huertas-mapfre\\\/#breadcrumb\"},\"inLanguage\":\"it-IT\",\"potentialAction\":[{\"@type\":\"ReadAction\",\"target\":[\"https:\\\/\\\/italcamara-es.com\\\/it\\\/notizie\\\/consegnato-il-premio-tiepolo-2017-a-urbano-cairo-rcs-mediagroup-e-antonio-huertas-mapfre\\\/\"]}]},{\"@type\":\"ImageObject\",\"inLanguage\":\"it-IT\",\"@id\":\"https:\\\/\\\/italcamara-es.com\\\/it\\\/notizie\\\/consegnato-il-premio-tiepolo-2017-a-urbano-cairo-rcs-mediagroup-e-antonio-huertas-mapfre\\\/#primaryimage\",\"url\":\"https:\\\/\\\/italcamara-es.com\\\/wp-content\\\/uploads\\\/2025\\\/03\\\/Tiepolo-2017250.jpg\",\"contentUrl\":\"https:\\\/\\\/italcamara-es.com\\\/wp-content\\\/uploads\\\/2025\\\/03\\\/Tiepolo-2017250.jpg\",\"width\":250,\"height\":140},{\"@type\":\"BreadcrumbList\",\"@id\":\"https:\\\/\\\/italcamara-es.com\\\/it\\\/notizie\\\/consegnato-il-premio-tiepolo-2017-a-urbano-cairo-rcs-mediagroup-e-antonio-huertas-mapfre\\\/#breadcrumb\",\"itemListElement\":[{\"@type\":\"ListItem\",\"position\":1,\"name\":\"Inicio\",\"item\":\"https:\\\/\\\/italcamara-es.com\\\/it\\\/homepage-ita\\\/\"},{\"@type\":\"ListItem\",\"position\":2,\"name\":\"Consegnato il Premio Tiepolo 2017 a Urbano Cairo (RCS MediaGroup) e Antonio Huertas (Mapfre)\"}]},{\"@type\":\"WebSite\",\"@id\":\"https:\\\/\\\/italcamara-es.com\\\/#website\",\"url\":\"https:\\\/\\\/italcamara-es.com\\\/\",\"name\":\"Italcamara\",\"description\":\"\",\"potentialAction\":[{\"@type\":\"SearchAction\",\"target\":{\"@type\":\"EntryPoint\",\"urlTemplate\":\"https:\\\/\\\/italcamara-es.com\\\/?s={search_term_string}\"},\"query-input\":{\"@type\":\"PropertyValueSpecification\",\"valueRequired\":true,\"valueName\":\"search_term_string\"}}],\"inLanguage\":\"it-IT\"},{\"@type\":\"Person\",\"@id\":\"https:\\\/\\\/italcamara-es.com\\\/#\\\/schema\\\/person\\\/bb3c56263e405bbd9a15171dcfee93bb\",\"name\":\"administrador\",\"image\":{\"@type\":\"ImageObject\",\"inLanguage\":\"it-IT\",\"@id\":\"https:\\\/\\\/secure.gravatar.com\\\/avatar\\\/14b5e63db38320b12031bb28cf9f77e210aa71fb3a8a3602a3c9a05134fa75eb?s=96&d=mm&r=g\",\"url\":\"https:\\\/\\\/secure.gravatar.com\\\/avatar\\\/14b5e63db38320b12031bb28cf9f77e210aa71fb3a8a3602a3c9a05134fa75eb?s=96&d=mm&r=g\",\"contentUrl\":\"https:\\\/\\\/secure.gravatar.com\\\/avatar\\\/14b5e63db38320b12031bb28cf9f77e210aa71fb3a8a3602a3c9a05134fa75eb?s=96&d=mm&r=g\",\"caption\":\"administrador\"},\"sameAs\":[\"http:\\\/\\\/pre.italcamara-es.com\"],\"url\":\"https:\\\/\\\/italcamara-es.com\\\/it\\\/author\\\/administrador\\\/\"}]}<\/script>\n<!-- \/ Yoast SEO plugin. -->","yoast_head_json":{"title":"Consegnato il Premio Tiepolo 2017 a Urbano Cairo (RCS MediaGroup) e Antonio Huertas (Mapfre) - Italcamara","robots":{"index":"index","follow":"follow","max-snippet":"max-snippet:-1","max-image-preview":"max-image-preview:large","max-video-preview":"max-video-preview:-1"},"canonical":"https:\/\/italcamara-es.com\/it\/notizie\/consegnato-il-premio-tiepolo-2017-a-urbano-cairo-rcs-mediagroup-e-antonio-huertas-mapfre\/","og_locale":"it_IT","og_type":"article","og_title":"Consegnato il Premio Tiepolo 2017 a Urbano Cairo (RCS MediaGroup) e Antonio Huertas (Mapfre) - Italcamara","og_description":"Il Premio Tiepolo 2017 \u00e8 stato consegnato lo sorso 2 ottobre al presidente di Cairo Communication e presidente e amministratore delegato di RCS MediaGroup, Urbano Cairo, ed al presidente di Mapfre, Antonio Huertas. Giunto alla XXI edizione, il Premio riconosce la traiettoria professionale degli imprenditori di successo italiani e spagnoli e al loro contributo all\u2019integrazione [&hellip;]","og_url":"https:\/\/italcamara-es.com\/it\/notizie\/consegnato-il-premio-tiepolo-2017-a-urbano-cairo-rcs-mediagroup-e-antonio-huertas-mapfre\/","og_site_name":"Italcamara","article_published_time":"2017-10-03T05:59:56+00:00","og_image":[{"width":250,"height":140,"url":"https:\/\/italcamara-es.com\/wp-content\/uploads\/2025\/03\/Tiepolo-2017250.jpg","type":"image\/jpeg"}],"author":"administrador","twitter_card":"summary_large_image","twitter_misc":{"Scritto da":"administrador","Tempo di lettura stimato":"8 minuti"},"schema":{"@context":"https:\/\/schema.org","@graph":[{"@type":"Article","@id":"https:\/\/italcamara-es.com\/it\/notizie\/consegnato-il-premio-tiepolo-2017-a-urbano-cairo-rcs-mediagroup-e-antonio-huertas-mapfre\/#article","isPartOf":{"@id":"https:\/\/italcamara-es.com\/it\/notizie\/consegnato-il-premio-tiepolo-2017-a-urbano-cairo-rcs-mediagroup-e-antonio-huertas-mapfre\/"},"author":{"name":"administrador","@id":"https:\/\/italcamara-es.com\/#\/schema\/person\/bb3c56263e405bbd9a15171dcfee93bb"},"headline":"Consegnato il Premio Tiepolo 2017 a Urbano Cairo (RCS MediaGroup) e Antonio Huertas (Mapfre)","datePublished":"2017-10-03T05:59:56+00:00","mainEntityOfPage":{"@id":"https:\/\/italcamara-es.com\/it\/notizie\/consegnato-il-premio-tiepolo-2017-a-urbano-cairo-rcs-mediagroup-e-antonio-huertas-mapfre\/"},"wordCount":1591,"commentCount":0,"image":{"@id":"https:\/\/italcamara-es.com\/it\/notizie\/consegnato-il-premio-tiepolo-2017-a-urbano-cairo-rcs-mediagroup-e-antonio-huertas-mapfre\/#primaryimage"},"thumbnailUrl":"https:\/\/italcamara-es.com\/wp-content\/uploads\/2025\/03\/Tiepolo-2017250.jpg","keywords":["Notizie di la CCIS"],"articleSection":["Notizie"],"inLanguage":"it-IT","potentialAction":[{"@type":"CommentAction","name":"Comment","target":["https:\/\/italcamara-es.com\/it\/notizie\/consegnato-il-premio-tiepolo-2017-a-urbano-cairo-rcs-mediagroup-e-antonio-huertas-mapfre\/#respond"]}]},{"@type":"WebPage","@id":"https:\/\/italcamara-es.com\/it\/notizie\/consegnato-il-premio-tiepolo-2017-a-urbano-cairo-rcs-mediagroup-e-antonio-huertas-mapfre\/","url":"https:\/\/italcamara-es.com\/it\/notizie\/consegnato-il-premio-tiepolo-2017-a-urbano-cairo-rcs-mediagroup-e-antonio-huertas-mapfre\/","name":"Consegnato il Premio Tiepolo 2017 a Urbano Cairo (RCS MediaGroup) e Antonio Huertas (Mapfre) - Italcamara","isPartOf":{"@id":"https:\/\/italcamara-es.com\/#website"},"primaryImageOfPage":{"@id":"https:\/\/italcamara-es.com\/it\/notizie\/consegnato-il-premio-tiepolo-2017-a-urbano-cairo-rcs-mediagroup-e-antonio-huertas-mapfre\/#primaryimage"},"image":{"@id":"https:\/\/italcamara-es.com\/it\/notizie\/consegnato-il-premio-tiepolo-2017-a-urbano-cairo-rcs-mediagroup-e-antonio-huertas-mapfre\/#primaryimage"},"thumbnailUrl":"https:\/\/italcamara-es.com\/wp-content\/uploads\/2025\/03\/Tiepolo-2017250.jpg","datePublished":"2017-10-03T05:59:56+00:00","author":{"@id":"https:\/\/italcamara-es.com\/#\/schema\/person\/bb3c56263e405bbd9a15171dcfee93bb"},"breadcrumb":{"@id":"https:\/\/italcamara-es.com\/it\/notizie\/consegnato-il-premio-tiepolo-2017-a-urbano-cairo-rcs-mediagroup-e-antonio-huertas-mapfre\/#breadcrumb"},"inLanguage":"it-IT","potentialAction":[{"@type":"ReadAction","target":["https:\/\/italcamara-es.com\/it\/notizie\/consegnato-il-premio-tiepolo-2017-a-urbano-cairo-rcs-mediagroup-e-antonio-huertas-mapfre\/"]}]},{"@type":"ImageObject","inLanguage":"it-IT","@id":"https:\/\/italcamara-es.com\/it\/notizie\/consegnato-il-premio-tiepolo-2017-a-urbano-cairo-rcs-mediagroup-e-antonio-huertas-mapfre\/#primaryimage","url":"https:\/\/italcamara-es.com\/wp-content\/uploads\/2025\/03\/Tiepolo-2017250.jpg","contentUrl":"https:\/\/italcamara-es.com\/wp-content\/uploads\/2025\/03\/Tiepolo-2017250.jpg","width":250,"height":140},{"@type":"BreadcrumbList","@id":"https:\/\/italcamara-es.com\/it\/notizie\/consegnato-il-premio-tiepolo-2017-a-urbano-cairo-rcs-mediagroup-e-antonio-huertas-mapfre\/#breadcrumb","itemListElement":[{"@type":"ListItem","position":1,"name":"Inicio","item":"https:\/\/italcamara-es.com\/it\/homepage-ita\/"},{"@type":"ListItem","position":2,"name":"Consegnato il Premio Tiepolo 2017 a Urbano Cairo (RCS MediaGroup) e Antonio Huertas (Mapfre)"}]},{"@type":"WebSite","@id":"https:\/\/italcamara-es.com\/#website","url":"https:\/\/italcamara-es.com\/","name":"Italcamara","description":"","potentialAction":[{"@type":"SearchAction","target":{"@type":"EntryPoint","urlTemplate":"https:\/\/italcamara-es.com\/?s={search_term_string}"},"query-input":{"@type":"PropertyValueSpecification","valueRequired":true,"valueName":"search_term_string"}}],"inLanguage":"it-IT"},{"@type":"Person","@id":"https:\/\/italcamara-es.com\/#\/schema\/person\/bb3c56263e405bbd9a15171dcfee93bb","name":"administrador","image":{"@type":"ImageObject","inLanguage":"it-IT","@id":"https:\/\/secure.gravatar.com\/avatar\/14b5e63db38320b12031bb28cf9f77e210aa71fb3a8a3602a3c9a05134fa75eb?s=96&d=mm&r=g","url":"https:\/\/secure.gravatar.com\/avatar\/14b5e63db38320b12031bb28cf9f77e210aa71fb3a8a3602a3c9a05134fa75eb?s=96&d=mm&r=g","contentUrl":"https:\/\/secure.gravatar.com\/avatar\/14b5e63db38320b12031bb28cf9f77e210aa71fb3a8a3602a3c9a05134fa75eb?s=96&d=mm&r=g","caption":"administrador"},"sameAs":["http:\/\/pre.italcamara-es.com"],"url":"https:\/\/italcamara-es.com\/it\/author\/administrador\/"}]}},"rttpg_featured_image_url":{"full":["https:\/\/italcamara-es.com\/wp-content\/uploads\/2025\/03\/Tiepolo-2017250.jpg",250,140,false],"landscape":["https:\/\/italcamara-es.com\/wp-content\/uploads\/2025\/03\/Tiepolo-2017250.jpg",250,140,false],"portraits":["https:\/\/italcamara-es.com\/wp-content\/uploads\/2025\/03\/Tiepolo-2017250.jpg",250,140,false],"thumbnail":["https:\/\/italcamara-es.com\/wp-content\/uploads\/2025\/03\/Tiepolo-2017250-150x140.jpg",150,140,true],"medium":["https:\/\/italcamara-es.com\/wp-content\/uploads\/2025\/03\/Tiepolo-2017250.jpg",250,140,false],"large":["https:\/\/italcamara-es.com\/wp-content\/uploads\/2025\/03\/Tiepolo-2017250.jpg",250,140,false],"1536x1536":["https:\/\/italcamara-es.com\/wp-content\/uploads\/2025\/03\/Tiepolo-2017250.jpg",250,140,false],"2048x2048":["https:\/\/italcamara-es.com\/wp-content\/uploads\/2025\/03\/Tiepolo-2017250.jpg",250,140,false],"ocean-thumb-m":["https:\/\/italcamara-es.com\/wp-content\/uploads\/2025\/03\/Tiepolo-2017250.jpg",250,140,false],"ocean-thumb-ml":["https:\/\/italcamara-es.com\/wp-content\/uploads\/2025\/03\/Tiepolo-2017250.jpg",250,140,false],"ocean-thumb-l":["https:\/\/italcamara-es.com\/wp-content\/uploads\/2025\/03\/Tiepolo-2017250.jpg",250,140,false],"directorist_preview":["https:\/\/italcamara-es.com\/wp-content\/uploads\/2025\/03\/Tiepolo-2017250.jpg",250,140,false]},"rttpg_author":{"display_name":"administrador","author_link":"https:\/\/italcamara-es.com\/it\/author\/administrador\/"},"rttpg_comment":0,"rttpg_category":"<a href=\"https:\/\/italcamara-es.com\/it\/category\/notizie\/\" rel=\"category tag\">Notizie<\/a>","rttpg_excerpt":"Il Premio Tiepolo 2017 \u00e8 stato consegnato lo sorso 2 ottobre al presidente di Cairo Communication e presidente e amministratore delegato di RCS MediaGroup, Urbano Cairo, ed al presidente di Mapfre, Antonio Huertas. Giunto alla XXI edizione, il Premio riconosce la traiettoria professionale degli imprenditori di successo italiani e spagnoli e al loro contributo all\u2019integrazione&hellip;","_links":{"self":[{"href":"https:\/\/italcamara-es.com\/it\/wp-json\/wp\/v2\/posts\/55978","targetHints":{"allow":["GET"]}}],"collection":[{"href":"https:\/\/italcamara-es.com\/it\/wp-json\/wp\/v2\/posts"}],"about":[{"href":"https:\/\/italcamara-es.com\/it\/wp-json\/wp\/v2\/types\/post"}],"author":[{"embeddable":true,"href":"https:\/\/italcamara-es.com\/it\/wp-json\/wp\/v2\/users\/1"}],"replies":[{"embeddable":true,"href":"https:\/\/italcamara-es.com\/it\/wp-json\/wp\/v2\/comments?post=55978"}],"version-history":[{"count":0,"href":"https:\/\/italcamara-es.com\/it\/wp-json\/wp\/v2\/posts\/55978\/revisions"}],"wp:featuredmedia":[{"embeddable":true,"href":"https:\/\/italcamara-es.com\/it\/wp-json\/wp\/v2\/media\/54479"}],"wp:attachment":[{"href":"https:\/\/italcamara-es.com\/it\/wp-json\/wp\/v2\/media?parent=55978"}],"wp:term":[{"taxonomy":"category","embeddable":true,"href":"https:\/\/italcamara-es.com\/it\/wp-json\/wp\/v2\/categories?post=55978"},{"taxonomy":"post_tag","embeddable":true,"href":"https:\/\/italcamara-es.com\/it\/wp-json\/wp\/v2\/tags?post=55978"}],"curies":[{"name":"wp","href":"https:\/\/api.w.org\/{rel}","templated":true}]}}