	{"id":55990,"date":"2017-10-27T13:20:21","date_gmt":"2017-10-27T11:20:21","guid":{"rendered":"http:\/\/pre.italcamara-es.com\/senza-categoria\/arriva-a-madrid-italia-eat\/"},"modified":"2017-10-27T13:20:21","modified_gmt":"2017-10-27T11:20:21","slug":"arriva-a-madrid-italia-eat","status":"publish","type":"post","link":"https:\/\/italcamara-es.com\/it\/notizie\/arriva-a-madrid-italia-eat\/","title":{"rendered":"Arriva a Madrid \u201cITALIA.eat\u201d"},"content":{"rendered":"<p><em>L\u2019iniziativa, che si terr\u00e0 presso \u201cEl paracaidista\u201d dal 21 al 26 novembre, fa parte di un programma pi\u00f9 ampio di attivit\u00e0 di promozione e revalorizzazione della tradizione culinaria italiana, che si svilupper\u00e0 in occasione della II Settimana della Cucina Italiana nel Mondo.<\/em><\/p>\n<p>&nbsp;<\/p>\n<p><img fetchpriority=\"high\" decoding=\"async\" class=\" size-large wp-image-14477 aligncenter\" src=\"https:\/\/www.italcamara-es.com\/wp-content\/uploads\/2017\/10\/italiaeat-1200px-1024x366.jpg\" alt=\"italiaeat-1200px\" width=\"720\" height=\"257\" \/><\/p>\n<p>&nbsp;<\/p>\n<p>La Camera di Commercio e Industria Italiana per la Spagna (CCIS) ed ENIT \u2013 Agenzia Nazionale del Turismo, in collaborazione con l\u2019Ambasciata d\u2019Italia in Spagna ed \u201cEl Paracaidista\u201d, organizzano l\u2019iniziativa \u201c<strong>ITALIA.<em>eat<\/em><\/strong>\u201d.<\/p>\n<p>&nbsp;<\/p>\n<p>Si tratta di una proposta che include numerose attivit\u00e0 che si terranno presso i locali de \u201c<strong>El Paracaidista<\/strong>\u201d a Madrid (Calle De la Palma, 10), dal 21 al 26 novembre 2017. Il denominatore comune di queste attivit\u00e0 \u00e8 la miglriore tradizione gastronomica italiana.<\/p>\n<p>&nbsp;<\/p>\n<p>Tra le iniziative proposte si sottolineano lo showcooking con musica dello chef <strong>Alessandro Cresta<\/strong> di M\u00f3 Better Food e la sua degustazione alla cieca volta alla scoperta degli autentici sapori italiani. M\u00f3 Better Food permetter\u00e0 anche di degsutare un aperitivo con tapas italiane durante <strong>Spritz&amp;Music<\/strong>, oltre che provare piatti e ricette tipici nei men\u00f9 proposti durante l\u2019iniziativa <strong>Okupa by ITALIA.<em>eat<\/em><\/strong>.<\/p>\n<p>&nbsp;<\/p>\n<p>Anche la pizza sar\u00e0 uno dei protagonisti dell\u2019evento: Fabio Cristiano, esperto pizzaiolo che arriver\u00e0 direttamente da Napoli, e Jes\u00fas Maquina, conosciuto anche come Marquinetti, uno dei principali referenti in Spagna ed Italia per quanto riguarda la pizza, saranno presenti nell\u2019atto <strong>La pizza napoletana, un\u2019arte<\/strong>, per la candidatura a Patrimonio Unesco dell\u2019arte dei pizzaioli napoletani. Inoltre, Fabio Cristiano sveler\u00e0 tutti i segreti dell\u2019elaborazione della pizza ai pi\u00f9 giovani, nell\u2019ambito della masterclass <strong>Descubriendo los secretos de la \u201credonda\u201d<\/strong>. Un\u2019altra masterclass sar\u00e0 impartita per lo chef <strong>Marcello Leoni<\/strong>, che preparer\u00e0 due ricette tipiche italiane a base di pesce.<\/p>\n<p>&nbsp;<\/p>\n<p>Avr\u00e0 spazio anche un\u2019iniziativa di carattere pi\u00f9 culturale: nell\u2019ambito della breve rassegna <strong>Saboreando el s\u00e9ptimo arte<\/strong>, durante la quale si proietteranno due classici del cinema italiano in cui la gastronomia gioca il ruolo di protagonista.<\/p>\n<p>&nbsp;<\/p>\n<p>Infine, durante tutta la durata dell\u2019iniziativa, tutto il pubblico avr\u00e0 accesso allo spazio <strong>Pop up ITALIA.eat<\/strong> per l\u2019esposizione e vendita a prezzi esclusivi di alcuni dei prodotti pi\u00f9 emblematici della gastronomia italiana, grazie alla collaborazione di importanti firme del settore come <strong>Negrini, Ferrero, Aperol e Villa Massa<\/strong>.<\/p>\n<p>&nbsp;<\/p>\n<p><strong>ITALIA.<em>eat<\/em> <\/strong>fa parte di un ampio programma di attivit\u00e0 previsto nell\u2019ambito della <strong>II Settimana della Cucina Italiana nel Mondo<\/strong> (20-26 novembre), un\u2019iniziativa dedicata integralmente alla promozione e revalorizzazione della tradizione culinaria italiana ed alle sue molteplici diversit\u00e0 regionali e culturali, in pi\u00f9 di cento Paesi del mondo.<\/p>\n<p>&nbsp;<\/p>\n<p>Il progetto \u00e8 supportato dalle principali istituzioni ed associazioni italiane in Spagna, che coordinate dall\u2019Ambasciata d\u2019Italia a Madrid, contribuiscono alla realizzazione degli eventi e delle attivit\u00e0 programmate a Madrid, Barcellona ed altre citt\u00e0.<\/p>\n<p>&nbsp;<\/p>\n<p>Per maggiori informazioni: <span style=\"color: #003366;\"><a style=\"color: #003366;\" href=\"http:\/\/www.semanacocinaitaliana.es\/italia-eat\" target=\"_blank\" rel=\"noopener\">www.semanacocinaitaliana.es\/italia-eat<\/a><\/span><\/p>\n","protected":false},"excerpt":{"rendered":"<p>L\u2019iniziativa, che si terr\u00e0 presso \u201cEl paracaidista\u201d dal 21 al 26 novembre, fa parte di un programma pi\u00f9 ampio di attivit\u00e0 di promozione e revalorizzazione della tradizione culinaria italiana, che si svilupper\u00e0 in occasione della II Settimana della Cucina Italiana nel Mondo. &nbsp; &nbsp; La Camera di Commercio e Industria Italiana per la Spagna (CCIS) [&hellip;]<\/p>\n","protected":false},"author":1,"featured_media":54497,"comment_status":"open","ping_status":"open","sticky":false,"template":"","format":"standard","meta":{"inline_featured_image":false,"ocean_post_layout":"","ocean_both_sidebars_style":"","ocean_both_sidebars_content_width":0,"ocean_both_sidebars_sidebars_width":0,"ocean_sidebar":"","ocean_second_sidebar":"","ocean_disable_margins":"enable","ocean_add_body_class":"","ocean_shortcode_before_top_bar":"","ocean_shortcode_after_top_bar":"","ocean_shortcode_before_header":"","ocean_shortcode_after_header":"","ocean_has_shortcode":"","ocean_shortcode_after_title":"","ocean_shortcode_before_footer_widgets":"","ocean_shortcode_after_footer_widgets":"","ocean_shortcode_before_footer_bottom":"","ocean_shortcode_after_footer_bottom":"","ocean_display_top_bar":"default","ocean_display_header":"default","ocean_header_style":"","ocean_center_header_left_menu":"","ocean_custom_header_template":"","ocean_custom_logo":0,"ocean_custom_retina_logo":0,"ocean_custom_logo_max_width":0,"ocean_custom_logo_tablet_max_width":0,"ocean_custom_logo_mobile_max_width":0,"ocean_custom_logo_max_height":0,"ocean_custom_logo_tablet_max_height":0,"ocean_custom_logo_mobile_max_height":0,"ocean_header_custom_menu":"","ocean_menu_typo_font_family":"","ocean_menu_typo_font_subset":"","ocean_menu_typo_font_size":0,"ocean_menu_typo_font_size_tablet":0,"ocean_menu_typo_font_size_mobile":0,"ocean_menu_typo_font_size_unit":"px","ocean_menu_typo_font_weight":"","ocean_menu_typo_font_weight_tablet":"","ocean_menu_typo_font_weight_mobile":"","ocean_menu_typo_transform":"","ocean_menu_typo_transform_tablet":"","ocean_menu_typo_transform_mobile":"","ocean_menu_typo_line_height":0,"ocean_menu_typo_line_height_tablet":0,"ocean_menu_typo_line_height_mobile":0,"ocean_menu_typo_line_height_unit":"","ocean_menu_typo_spacing":0,"ocean_menu_typo_spacing_tablet":0,"ocean_menu_typo_spacing_mobile":0,"ocean_menu_typo_spacing_unit":"","ocean_menu_link_color":"","ocean_menu_link_color_hover":"","ocean_menu_link_color_active":"","ocean_menu_link_background":"","ocean_menu_link_hover_background":"","ocean_menu_link_active_background":"","ocean_menu_social_links_bg":"","ocean_menu_social_hover_links_bg":"","ocean_menu_social_links_color":"","ocean_menu_social_hover_links_color":"","ocean_disable_title":"default","ocean_disable_heading":"default","ocean_post_title":"","ocean_post_subheading":"","ocean_post_title_style":"","ocean_post_title_background_color":"","ocean_post_title_background":0,"ocean_post_title_bg_image_position":"","ocean_post_title_bg_image_attachment":"","ocean_post_title_bg_image_repeat":"","ocean_post_title_bg_image_size":"","ocean_post_title_height":0,"ocean_post_title_bg_overlay":0.5,"ocean_post_title_bg_overlay_color":"","ocean_disable_breadcrumbs":"default","ocean_breadcrumbs_color":"","ocean_breadcrumbs_separator_color":"","ocean_breadcrumbs_links_color":"","ocean_breadcrumbs_links_hover_color":"","ocean_display_footer_widgets":"default","ocean_display_footer_bottom":"default","ocean_custom_footer_template":"","ocean_post_oembed":"","ocean_post_self_hosted_media":"","ocean_post_video_embed":"","ocean_link_format":"","ocean_link_format_target":"self","ocean_quote_format":"","ocean_quote_format_link":"post","ocean_gallery_link_images":"on","ocean_gallery_id":[],"footnotes":""},"categories":[133],"tags":[139],"class_list":["post-55990","post","type-post","status-publish","format-standard","has-post-thumbnail","hentry","category-notizie","tag-notizie-di-la-ccis","entry","has-media"],"yoast_head":"<!-- This site is optimized with the Yoast SEO plugin v27.4 - https:\/\/yoast.com\/product\/yoast-seo-wordpress\/ -->\n<title>Arriva a Madrid \u201cITALIA.eat\u201d - Italcamara<\/title>\n<meta name=\"robots\" content=\"index, follow, max-snippet:-1, max-image-preview:large, max-video-preview:-1\" \/>\n<link rel=\"canonical\" href=\"https:\/\/italcamara-es.com\/it\/notizie\/arriva-a-madrid-italia-eat\/\" \/>\n<meta property=\"og:locale\" content=\"it_IT\" \/>\n<meta property=\"og:type\" content=\"article\" \/>\n<meta property=\"og:title\" content=\"Arriva a Madrid \u201cITALIA.eat\u201d - Italcamara\" \/>\n<meta property=\"og:description\" content=\"L\u2019iniziativa, che si terr\u00e0 presso \u201cEl paracaidista\u201d dal 21 al 26 novembre, fa parte di un programma pi\u00f9 ampio di attivit\u00e0 di promozione e revalorizzazione della tradizione culinaria italiana, che si svilupper\u00e0 in occasione della II Settimana della Cucina Italiana nel Mondo. &nbsp; &nbsp; La Camera di Commercio e Industria Italiana per la Spagna (CCIS) [&hellip;]\" \/>\n<meta property=\"og:url\" content=\"https:\/\/italcamara-es.com\/it\/notizie\/arriva-a-madrid-italia-eat\/\" \/>\n<meta property=\"og:site_name\" content=\"Italcamara\" \/>\n<meta property=\"article:published_time\" content=\"2017-10-27T11:20:21+00:00\" \/>\n<meta property=\"og:image\" content=\"https:\/\/italcamara-es.com\/wp-content\/uploads\/2025\/03\/Banner250.jpg\" \/>\n\t<meta property=\"og:image:width\" content=\"250\" \/>\n\t<meta property=\"og:image:height\" content=\"141\" \/>\n\t<meta property=\"og:image:type\" content=\"image\/jpeg\" \/>\n<meta name=\"author\" content=\"administrador\" \/>\n<meta name=\"twitter:card\" content=\"summary_large_image\" \/>\n<meta name=\"twitter:label1\" content=\"Scritto da\" \/>\n\t<meta name=\"twitter:data1\" content=\"administrador\" \/>\n\t<meta name=\"twitter:label2\" content=\"Tempo di lettura stimato\" \/>\n\t<meta name=\"twitter:data2\" content=\"2 minuti\" \/>\n<script type=\"application\/ld+json\" class=\"yoast-schema-graph\">{\"@context\":\"https:\\\/\\\/schema.org\",\"@graph\":[{\"@type\":\"Article\",\"@id\":\"https:\\\/\\\/italcamara-es.com\\\/it\\\/notizie\\\/arriva-a-madrid-italia-eat\\\/#article\",\"isPartOf\":{\"@id\":\"https:\\\/\\\/italcamara-es.com\\\/it\\\/notizie\\\/arriva-a-madrid-italia-eat\\\/\"},\"author\":{\"name\":\"administrador\",\"@id\":\"https:\\\/\\\/italcamara-es.com\\\/#\\\/schema\\\/person\\\/bb3c56263e405bbd9a15171dcfee93bb\"},\"headline\":\"Arriva a Madrid \u201cITALIA.eat\u201d\",\"datePublished\":\"2017-10-27T11:20:21+00:00\",\"mainEntityOfPage\":{\"@id\":\"https:\\\/\\\/italcamara-es.com\\\/it\\\/notizie\\\/arriva-a-madrid-italia-eat\\\/\"},\"wordCount\":474,\"commentCount\":0,\"image\":{\"@id\":\"https:\\\/\\\/italcamara-es.com\\\/it\\\/notizie\\\/arriva-a-madrid-italia-eat\\\/#primaryimage\"},\"thumbnailUrl\":\"https:\\\/\\\/italcamara-es.com\\\/wp-content\\\/uploads\\\/2025\\\/03\\\/Banner250.jpg\",\"keywords\":[\"Notizie di la CCIS\"],\"articleSection\":[\"Notizie\"],\"inLanguage\":\"it-IT\",\"potentialAction\":[{\"@type\":\"CommentAction\",\"name\":\"Comment\",\"target\":[\"https:\\\/\\\/italcamara-es.com\\\/it\\\/notizie\\\/arriva-a-madrid-italia-eat\\\/#respond\"]}]},{\"@type\":\"WebPage\",\"@id\":\"https:\\\/\\\/italcamara-es.com\\\/it\\\/notizie\\\/arriva-a-madrid-italia-eat\\\/\",\"url\":\"https:\\\/\\\/italcamara-es.com\\\/it\\\/notizie\\\/arriva-a-madrid-italia-eat\\\/\",\"name\":\"Arriva a Madrid \u201cITALIA.eat\u201d - Italcamara\",\"isPartOf\":{\"@id\":\"https:\\\/\\\/italcamara-es.com\\\/#website\"},\"primaryImageOfPage\":{\"@id\":\"https:\\\/\\\/italcamara-es.com\\\/it\\\/notizie\\\/arriva-a-madrid-italia-eat\\\/#primaryimage\"},\"image\":{\"@id\":\"https:\\\/\\\/italcamara-es.com\\\/it\\\/notizie\\\/arriva-a-madrid-italia-eat\\\/#primaryimage\"},\"thumbnailUrl\":\"https:\\\/\\\/italcamara-es.com\\\/wp-content\\\/uploads\\\/2025\\\/03\\\/Banner250.jpg\",\"datePublished\":\"2017-10-27T11:20:21+00:00\",\"author\":{\"@id\":\"https:\\\/\\\/italcamara-es.com\\\/#\\\/schema\\\/person\\\/bb3c56263e405bbd9a15171dcfee93bb\"},\"breadcrumb\":{\"@id\":\"https:\\\/\\\/italcamara-es.com\\\/it\\\/notizie\\\/arriva-a-madrid-italia-eat\\\/#breadcrumb\"},\"inLanguage\":\"it-IT\",\"potentialAction\":[{\"@type\":\"ReadAction\",\"target\":[\"https:\\\/\\\/italcamara-es.com\\\/it\\\/notizie\\\/arriva-a-madrid-italia-eat\\\/\"]}]},{\"@type\":\"ImageObject\",\"inLanguage\":\"it-IT\",\"@id\":\"https:\\\/\\\/italcamara-es.com\\\/it\\\/notizie\\\/arriva-a-madrid-italia-eat\\\/#primaryimage\",\"url\":\"https:\\\/\\\/italcamara-es.com\\\/wp-content\\\/uploads\\\/2025\\\/03\\\/Banner250.jpg\",\"contentUrl\":\"https:\\\/\\\/italcamara-es.com\\\/wp-content\\\/uploads\\\/2025\\\/03\\\/Banner250.jpg\",\"width\":250,\"height\":141},{\"@type\":\"BreadcrumbList\",\"@id\":\"https:\\\/\\\/italcamara-es.com\\\/it\\\/notizie\\\/arriva-a-madrid-italia-eat\\\/#breadcrumb\",\"itemListElement\":[{\"@type\":\"ListItem\",\"position\":1,\"name\":\"Inicio\",\"item\":\"https:\\\/\\\/italcamara-es.com\\\/it\\\/homepage-ita\\\/\"},{\"@type\":\"ListItem\",\"position\":2,\"name\":\"Arriva a Madrid \u201cITALIA.eat\u201d\"}]},{\"@type\":\"WebSite\",\"@id\":\"https:\\\/\\\/italcamara-es.com\\\/#website\",\"url\":\"https:\\\/\\\/italcamara-es.com\\\/\",\"name\":\"Italcamara\",\"description\":\"\",\"potentialAction\":[{\"@type\":\"SearchAction\",\"target\":{\"@type\":\"EntryPoint\",\"urlTemplate\":\"https:\\\/\\\/italcamara-es.com\\\/?s={search_term_string}\"},\"query-input\":{\"@type\":\"PropertyValueSpecification\",\"valueRequired\":true,\"valueName\":\"search_term_string\"}}],\"inLanguage\":\"it-IT\"},{\"@type\":\"Person\",\"@id\":\"https:\\\/\\\/italcamara-es.com\\\/#\\\/schema\\\/person\\\/bb3c56263e405bbd9a15171dcfee93bb\",\"name\":\"administrador\",\"image\":{\"@type\":\"ImageObject\",\"inLanguage\":\"it-IT\",\"@id\":\"https:\\\/\\\/secure.gravatar.com\\\/avatar\\\/14b5e63db38320b12031bb28cf9f77e210aa71fb3a8a3602a3c9a05134fa75eb?s=96&d=mm&r=g\",\"url\":\"https:\\\/\\\/secure.gravatar.com\\\/avatar\\\/14b5e63db38320b12031bb28cf9f77e210aa71fb3a8a3602a3c9a05134fa75eb?s=96&d=mm&r=g\",\"contentUrl\":\"https:\\\/\\\/secure.gravatar.com\\\/avatar\\\/14b5e63db38320b12031bb28cf9f77e210aa71fb3a8a3602a3c9a05134fa75eb?s=96&d=mm&r=g\",\"caption\":\"administrador\"},\"sameAs\":[\"http:\\\/\\\/pre.italcamara-es.com\"],\"url\":\"https:\\\/\\\/italcamara-es.com\\\/it\\\/author\\\/administrador\\\/\"}]}<\/script>\n<!-- \/ Yoast SEO plugin. -->","yoast_head_json":{"title":"Arriva a Madrid \u201cITALIA.eat\u201d - Italcamara","robots":{"index":"index","follow":"follow","max-snippet":"max-snippet:-1","max-image-preview":"max-image-preview:large","max-video-preview":"max-video-preview:-1"},"canonical":"https:\/\/italcamara-es.com\/it\/notizie\/arriva-a-madrid-italia-eat\/","og_locale":"it_IT","og_type":"article","og_title":"Arriva a Madrid \u201cITALIA.eat\u201d - Italcamara","og_description":"L\u2019iniziativa, che si terr\u00e0 presso \u201cEl paracaidista\u201d dal 21 al 26 novembre, fa parte di un programma pi\u00f9 ampio di attivit\u00e0 di promozione e revalorizzazione della tradizione culinaria italiana, che si svilupper\u00e0 in occasione della II Settimana della Cucina Italiana nel Mondo. &nbsp; &nbsp; La Camera di Commercio e Industria Italiana per la Spagna (CCIS) [&hellip;]","og_url":"https:\/\/italcamara-es.com\/it\/notizie\/arriva-a-madrid-italia-eat\/","og_site_name":"Italcamara","article_published_time":"2017-10-27T11:20:21+00:00","og_image":[{"width":250,"height":141,"url":"https:\/\/italcamara-es.com\/wp-content\/uploads\/2025\/03\/Banner250.jpg","type":"image\/jpeg"}],"author":"administrador","twitter_card":"summary_large_image","twitter_misc":{"Scritto da":"administrador","Tempo di lettura stimato":"2 minuti"},"schema":{"@context":"https:\/\/schema.org","@graph":[{"@type":"Article","@id":"https:\/\/italcamara-es.com\/it\/notizie\/arriva-a-madrid-italia-eat\/#article","isPartOf":{"@id":"https:\/\/italcamara-es.com\/it\/notizie\/arriva-a-madrid-italia-eat\/"},"author":{"name":"administrador","@id":"https:\/\/italcamara-es.com\/#\/schema\/person\/bb3c56263e405bbd9a15171dcfee93bb"},"headline":"Arriva a Madrid \u201cITALIA.eat\u201d","datePublished":"2017-10-27T11:20:21+00:00","mainEntityOfPage":{"@id":"https:\/\/italcamara-es.com\/it\/notizie\/arriva-a-madrid-italia-eat\/"},"wordCount":474,"commentCount":0,"image":{"@id":"https:\/\/italcamara-es.com\/it\/notizie\/arriva-a-madrid-italia-eat\/#primaryimage"},"thumbnailUrl":"https:\/\/italcamara-es.com\/wp-content\/uploads\/2025\/03\/Banner250.jpg","keywords":["Notizie di la CCIS"],"articleSection":["Notizie"],"inLanguage":"it-IT","potentialAction":[{"@type":"CommentAction","name":"Comment","target":["https:\/\/italcamara-es.com\/it\/notizie\/arriva-a-madrid-italia-eat\/#respond"]}]},{"@type":"WebPage","@id":"https:\/\/italcamara-es.com\/it\/notizie\/arriva-a-madrid-italia-eat\/","url":"https:\/\/italcamara-es.com\/it\/notizie\/arriva-a-madrid-italia-eat\/","name":"Arriva a Madrid \u201cITALIA.eat\u201d - Italcamara","isPartOf":{"@id":"https:\/\/italcamara-es.com\/#website"},"primaryImageOfPage":{"@id":"https:\/\/italcamara-es.com\/it\/notizie\/arriva-a-madrid-italia-eat\/#primaryimage"},"image":{"@id":"https:\/\/italcamara-es.com\/it\/notizie\/arriva-a-madrid-italia-eat\/#primaryimage"},"thumbnailUrl":"https:\/\/italcamara-es.com\/wp-content\/uploads\/2025\/03\/Banner250.jpg","datePublished":"2017-10-27T11:20:21+00:00","author":{"@id":"https:\/\/italcamara-es.com\/#\/schema\/person\/bb3c56263e405bbd9a15171dcfee93bb"},"breadcrumb":{"@id":"https:\/\/italcamara-es.com\/it\/notizie\/arriva-a-madrid-italia-eat\/#breadcrumb"},"inLanguage":"it-IT","potentialAction":[{"@type":"ReadAction","target":["https:\/\/italcamara-es.com\/it\/notizie\/arriva-a-madrid-italia-eat\/"]}]},{"@type":"ImageObject","inLanguage":"it-IT","@id":"https:\/\/italcamara-es.com\/it\/notizie\/arriva-a-madrid-italia-eat\/#primaryimage","url":"https:\/\/italcamara-es.com\/wp-content\/uploads\/2025\/03\/Banner250.jpg","contentUrl":"https:\/\/italcamara-es.com\/wp-content\/uploads\/2025\/03\/Banner250.jpg","width":250,"height":141},{"@type":"BreadcrumbList","@id":"https:\/\/italcamara-es.com\/it\/notizie\/arriva-a-madrid-italia-eat\/#breadcrumb","itemListElement":[{"@type":"ListItem","position":1,"name":"Inicio","item":"https:\/\/italcamara-es.com\/it\/homepage-ita\/"},{"@type":"ListItem","position":2,"name":"Arriva a Madrid \u201cITALIA.eat\u201d"}]},{"@type":"WebSite","@id":"https:\/\/italcamara-es.com\/#website","url":"https:\/\/italcamara-es.com\/","name":"Italcamara","description":"","potentialAction":[{"@type":"SearchAction","target":{"@type":"EntryPoint","urlTemplate":"https:\/\/italcamara-es.com\/?s={search_term_string}"},"query-input":{"@type":"PropertyValueSpecification","valueRequired":true,"valueName":"search_term_string"}}],"inLanguage":"it-IT"},{"@type":"Person","@id":"https:\/\/italcamara-es.com\/#\/schema\/person\/bb3c56263e405bbd9a15171dcfee93bb","name":"administrador","image":{"@type":"ImageObject","inLanguage":"it-IT","@id":"https:\/\/secure.gravatar.com\/avatar\/14b5e63db38320b12031bb28cf9f77e210aa71fb3a8a3602a3c9a05134fa75eb?s=96&d=mm&r=g","url":"https:\/\/secure.gravatar.com\/avatar\/14b5e63db38320b12031bb28cf9f77e210aa71fb3a8a3602a3c9a05134fa75eb?s=96&d=mm&r=g","contentUrl":"https:\/\/secure.gravatar.com\/avatar\/14b5e63db38320b12031bb28cf9f77e210aa71fb3a8a3602a3c9a05134fa75eb?s=96&d=mm&r=g","caption":"administrador"},"sameAs":["http:\/\/pre.italcamara-es.com"],"url":"https:\/\/italcamara-es.com\/it\/author\/administrador\/"}]}},"rttpg_featured_image_url":{"full":["https:\/\/italcamara-es.com\/wp-content\/uploads\/2025\/03\/Banner250.jpg",250,141,false],"landscape":["https:\/\/italcamara-es.com\/wp-content\/uploads\/2025\/03\/Banner250.jpg",250,141,false],"portraits":["https:\/\/italcamara-es.com\/wp-content\/uploads\/2025\/03\/Banner250.jpg",250,141,false],"thumbnail":["https:\/\/italcamara-es.com\/wp-content\/uploads\/2025\/03\/Banner250-150x141.jpg",150,141,true],"medium":["https:\/\/italcamara-es.com\/wp-content\/uploads\/2025\/03\/Banner250.jpg",250,141,false],"large":["https:\/\/italcamara-es.com\/wp-content\/uploads\/2025\/03\/Banner250.jpg",250,141,false],"1536x1536":["https:\/\/italcamara-es.com\/wp-content\/uploads\/2025\/03\/Banner250.jpg",250,141,false],"2048x2048":["https:\/\/italcamara-es.com\/wp-content\/uploads\/2025\/03\/Banner250.jpg",250,141,false],"ocean-thumb-m":["https:\/\/italcamara-es.com\/wp-content\/uploads\/2025\/03\/Banner250.jpg",250,141,false],"ocean-thumb-ml":["https:\/\/italcamara-es.com\/wp-content\/uploads\/2025\/03\/Banner250.jpg",250,141,false],"ocean-thumb-l":["https:\/\/italcamara-es.com\/wp-content\/uploads\/2025\/03\/Banner250.jpg",250,141,false],"directorist_preview":["https:\/\/italcamara-es.com\/wp-content\/uploads\/2025\/03\/Banner250.jpg",250,141,false]},"rttpg_author":{"display_name":"administrador","author_link":"https:\/\/italcamara-es.com\/it\/author\/administrador\/"},"rttpg_comment":0,"rttpg_category":"<a href=\"https:\/\/italcamara-es.com\/it\/category\/notizie\/\" rel=\"category tag\">Notizie<\/a>","rttpg_excerpt":"L\u2019iniziativa, che si terr\u00e0 presso \u201cEl paracaidista\u201d dal 21 al 26 novembre, fa parte di un programma pi\u00f9 ampio di attivit\u00e0 di promozione e revalorizzazione della tradizione culinaria italiana, che si svilupper\u00e0 in occasione della II Settimana della Cucina Italiana nel Mondo. &nbsp; &nbsp; La Camera di Commercio e Industria Italiana per la Spagna (CCIS)&hellip;","_links":{"self":[{"href":"https:\/\/italcamara-es.com\/it\/wp-json\/wp\/v2\/posts\/55990","targetHints":{"allow":["GET"]}}],"collection":[{"href":"https:\/\/italcamara-es.com\/it\/wp-json\/wp\/v2\/posts"}],"about":[{"href":"https:\/\/italcamara-es.com\/it\/wp-json\/wp\/v2\/types\/post"}],"author":[{"embeddable":true,"href":"https:\/\/italcamara-es.com\/it\/wp-json\/wp\/v2\/users\/1"}],"replies":[{"embeddable":true,"href":"https:\/\/italcamara-es.com\/it\/wp-json\/wp\/v2\/comments?post=55990"}],"version-history":[{"count":0,"href":"https:\/\/italcamara-es.com\/it\/wp-json\/wp\/v2\/posts\/55990\/revisions"}],"wp:featuredmedia":[{"embeddable":true,"href":"https:\/\/italcamara-es.com\/it\/wp-json\/wp\/v2\/media\/54497"}],"wp:attachment":[{"href":"https:\/\/italcamara-es.com\/it\/wp-json\/wp\/v2\/media?parent=55990"}],"wp:term":[{"taxonomy":"category","embeddable":true,"href":"https:\/\/italcamara-es.com\/it\/wp-json\/wp\/v2\/categories?post=55990"},{"taxonomy":"post_tag","embeddable":true,"href":"https:\/\/italcamara-es.com\/it\/wp-json\/wp\/v2\/tags?post=55990"}],"curies":[{"name":"wp","href":"https:\/\/api.w.org\/{rel}","templated":true}]}}