	{"id":55993,"date":"2017-11-17T10:37:56","date_gmt":"2017-11-17T09:37:56","guid":{"rendered":"http:\/\/pre.italcamara-es.com\/senza-categoria\/presentate-a-madrid-le-iniziative-organizzate-nellambito-della-ii-settimana-della-cucina-italiana-en-mondo\/"},"modified":"2017-11-17T10:37:56","modified_gmt":"2017-11-17T09:37:56","slug":"presentate-a-madrid-le-iniziative-organizzate-nellambito-della-ii-settimana-della-cucina-italiana-en-mondo","status":"publish","type":"post","link":"https:\/\/italcamara-es.com\/it\/notizie\/presentate-a-madrid-le-iniziative-organizzate-nellambito-della-ii-settimana-della-cucina-italiana-en-mondo\/","title":{"rendered":"Presentate a Madrid le iniziative organizzate nell&#8217;ambito della II Settimana della Cucina Italiana en Mondo"},"content":{"rendered":"<p>Il giorno 15 novembre 2017, presso l\u2019Ambasciata d\u2019Italia a Madrid, sono state presentate le iniziative previste in occasione della\u00a0<strong>II Settimana della Cucina Italiana nel mondo. <\/strong>Si tratta di una serie di eventi dedicati alla tradizione culinaria italiana, che si terranno <strong>dal 20 al 26 novembre<\/strong> a Madrid, Barcellona e Sevilla\u00a0L\u2019evento di lancio, che ha visto la presenza di giornalisti, professionisti del settore gastronomico, rappresentanti delle istituzioni italiane in Spagna e della comunit\u00e0 di affari italo-spagnola, \u00e8 stato presentato dall\u2019attrice <strong>Patricia Conde<\/strong>, che ha accompagnato l\u2019Ambasciatore d\u2019Italia <strong>Stefano Sannino<\/strong>.<\/p>\n<p><img fetchpriority=\"high\" decoding=\"async\" class=\"aligncenter wp-image-14618\" src=\"https:\/\/www.italcamara-es.com\/wp-content\/uploads\/2017\/11\/rueda-de-prensa1.jpg\" alt=\"rueda-de-prensa1\" width=\"900\" height=\"600\" \/><\/p>\n<p>Le iniziative programmate saranno avviate grazie alla collaborazione tra le istituzioni, associazioni ed enti che fanno parte del Sistema Italia in Spagna, sotto la coordinazione dell&#8217;Ambasciata d&#8217;Italia. in questa occasione le attivit\u00e0 saranno associate ai principi etici e sociali che ispirano le culture gastronomiche italiana e spagnola &#8211; salute, sostenibilit\u00e0, coesione sociale, territori, innovazione, autenticit\u00e0 qualit\u00e0 e futuro. Si tratta dei valori che vuole trasmettere il progetto\u00a0<a href=\"https:\/\/itmakes.net\/especiales\/food-wine\/\" target=\"_blank\" rel=\"noopener\"><strong>ITmakES Food&amp;Wine<\/strong><\/a>, lanciato dall&#8217;Ambasciata d&#8217;Italia e che avr\u00e0 inizio proprio in coincidenza della Settimana della Cucina Italiana, essendo previste diverse iniziative durante tutto il 2018.<\/p>\n<p>Il programma delle attivit\u00e0 legate alla II Settimana della Cucina Italiana avr\u00e0 inizio il 20 novembre presso la sede della Fundaci\u00f3n Cruzcampo di Siviglia, con la cena benefica &#8220;Encuentro de sabores mediterr\u00e1neos&#8221; che vedr\u00e1 protagonisti chef del calibro di <strong>Pino Cuttaia<\/strong>\u00a0e\u00a0<strong>Julio Fern\u00e1ndez Quintero<\/strong>, che offriranno un maridage tra le tradizioni culinarie della Sicilia e dell&#8217;Amdalusia. Di grande rilievo anche le iniziative <em>Buen@provecho<\/em>\u00a0e S<em>pecial Cook \u2013 Tu salud en tu plato<\/em>, que si terranno il 22 ed il 24 novembre. La prima prevede la preparazione, da parte dello chef\u00a0<strong>Alfonso Caputo<\/strong>, di una cena speciale a base di eccedenti alimentari nel refettorio sociale della \u201cHermandad del Refugio\u201d di Madrid, con l&#8217;obiettivo di sostenere la lotta\u00a0 contro lo spreco alimentare e dare valore alla dimensione sociale del cibo. nella seconda, due giovani chef italiani si sfideranno nella preparazione di piatti di alta cucina per pazienti e famigliari nell&#8217;hospedale universitario del Tajo di Aranjuez, seguendo le prescrizioni mediche della struttura. In questo modo si vuole informare e sensibilizzare sull&#8217;importanza di un&#8217;alimentazione sana in una forma innovativa.<\/p>\n<p>Da parte sua, la Camera di Commercio e Industria Italiana per la Spagna (<strong>CCIS<\/strong>) e l\u2019Agenzia Nazionale del Turismo (<strong>ENIT<\/strong>), in collaborazione con l\u2019Ambasciata d\u2019Italia di Madrid, organizzano\u00a0<strong>ITALIA.<em>eat. <\/em><\/strong>Si tratta di un ciclo di attivit\u00e0 che si terranno presso <strong><em>El Paracaidista<\/em><\/strong> (Calle La Palma, 10, 28004 Madrid), <strong>dal 21 al 26 novembre<\/strong>, per far conoscere alcuni prodotti della gastronomia italiana.<\/p>\n<p>Tutte le attivit\u00e0 di <strong>ITALIA.<em>eat<\/em><\/strong> hanno in comune la migliore tradizione gastronomica italiana. Tra queste, si segnalano:<br \/>\n\u2022 <strong><em>Recetas desde el Adri\u00e1tico<\/em><\/strong>: lo chef Marcello Leoni realizzer\u00e0 una Masterclass e preparer\u00e0 due ricette tipiche a base di pesce;<br \/>\n\u2022 <em><strong>Degusta ITALIA.eat a ciegas<\/strong><\/em>: showcooking dello chef Alessandro Cresta dell\u2019impresa Mo\u2019 Better Food e degustazione alla cieca di ricette regionali tradizionali;<br \/>\n\u2022 <em><strong>Okupa by ITALIA.eat<\/strong><\/em>: a pranzo ed a cena, presso la terrazza de El Paracaidista, lo chef Alessandro Cresta preparer\u00e0 e servir\u00e0 dei men\u00f9 speciali a base di ricette tradizionali italiane;<br \/>\n\u2022 <em><strong>Aperol Spritz &amp; Music by ITALIA.eat<\/strong><\/em>: dalle 18:30 alle 20:30, si potr\u00e0 prendere un aperitivo speciale caratterizzato dal conubio Aperol Spritz+ tapa italiana e preparato dall\u2019impresa M\u00f3 Better Food;<br \/>\n\u2022 <em><strong>Pop up ITALIA.eat<\/strong><\/em>: una parte de El Paracaidista sar\u00e0 dedicata all\u2019esposizione e vendita di prodotti gastronomici italiani. Si potranno acquistare prodotti di Accademia del Gusto, Aperol Spritz, Negrini, Nutella y Villa Massa.<\/p>\n<p>Per conoscere tutte le iniziative di ITALIA.eat, visita la pagina: <span style=\"color: #003366;\"><a style=\"color: #003366;\" href=\"http:\/\/www.semanacocinaitaliana.es\/italia-eat\" target=\"_blank\" rel=\"noopener\">www.semanacocinaitaliana.es\/italia-eat<\/a><\/span><\/p>\n<figure id=\"attachment_14620\" aria-describedby=\"caption-attachment-14620\" style=\"width: 350px\" class=\"wp-caption aligncenter\"><a href=\"https:\/\/www.italcamara-es.com\/wp-content\/uploads\/2017\/11\/diptico-Italia.eat-opt.pdf\" target=\"_blank\" rel=\"noopener\"><img decoding=\"async\" class=\"wp-image-14620\" src=\"https:\/\/www.italcamara-es.com\/wp-content\/uploads\/2017\/11\/AF-Diptico-Programa-Italia.jpg\" alt=\"AF-Diptico-Programa-Italia\" width=\"350\" height=\"500\" \/><\/a><figcaption id=\"caption-attachment-14620\" class=\"wp-caption-text\">Clicca sull&#8217;immagine per scaricare il depliant informativo di ITALIA.eat<\/figcaption><\/figure>\n<p>Diverse tra queste\u00a0iniziative saranno l\u2019occasione per presentare il <strong>\u00a1100% Aut\u00e9ntico!<\/strong>, progetto per la valorizzazione del prodotto agroalimentare italiano autentico. Per maggiori informazioni sul progetto: <span style=\"color: #003366;\"><a style=\"color: #003366;\" href=\"http:\/\/www.100autentico.es\" target=\"_blank\" rel=\"noopener\">www.100autentico.es<\/a><\/span>.<\/p>\n<p>&nbsp;<\/p>\n<p>Le iniziative della Semana sono disponibili sulla pagina web: <strong><a href=\"http:\/\/www.semanacocinaitaliana.es\" target=\"_blank\" rel=\"noopener\">www.semanacocinaitaliana.es<\/a><\/strong>.<\/p>\n","protected":false},"excerpt":{"rendered":"<p>Il giorno 15 novembre 2017, presso l\u2019Ambasciata d\u2019Italia a Madrid, sono state presentate le iniziative previste in occasione della\u00a0II Settimana della Cucina Italiana nel mondo. Si tratta di una serie di eventi dedicati alla tradizione culinaria italiana, che si terranno dal 20 al 26 novembre a Madrid, Barcellona e Sevilla\u00a0L\u2019evento di lancio, che ha visto [&hellip;]<\/p>\n","protected":false},"author":1,"featured_media":55994,"comment_status":"open","ping_status":"open","sticky":false,"template":"","format":"standard","meta":{"inline_featured_image":false,"ocean_post_layout":"","ocean_both_sidebars_style":"","ocean_both_sidebars_content_width":0,"ocean_both_sidebars_sidebars_width":0,"ocean_sidebar":"","ocean_second_sidebar":"","ocean_disable_margins":"enable","ocean_add_body_class":"","ocean_shortcode_before_top_bar":"","ocean_shortcode_after_top_bar":"","ocean_shortcode_before_header":"","ocean_shortcode_after_header":"","ocean_has_shortcode":"","ocean_shortcode_after_title":"","ocean_shortcode_before_footer_widgets":"","ocean_shortcode_after_footer_widgets":"","ocean_shortcode_before_footer_bottom":"","ocean_shortcode_after_footer_bottom":"","ocean_display_top_bar":"default","ocean_display_header":"default","ocean_header_style":"","ocean_center_header_left_menu":"","ocean_custom_header_template":"","ocean_custom_logo":0,"ocean_custom_retina_logo":0,"ocean_custom_logo_max_width":0,"ocean_custom_logo_tablet_max_width":0,"ocean_custom_logo_mobile_max_width":0,"ocean_custom_logo_max_height":0,"ocean_custom_logo_tablet_max_height":0,"ocean_custom_logo_mobile_max_height":0,"ocean_header_custom_menu":"","ocean_menu_typo_font_family":"","ocean_menu_typo_font_subset":"","ocean_menu_typo_font_size":0,"ocean_menu_typo_font_size_tablet":0,"ocean_menu_typo_font_size_mobile":0,"ocean_menu_typo_font_size_unit":"px","ocean_menu_typo_font_weight":"","ocean_menu_typo_font_weight_tablet":"","ocean_menu_typo_font_weight_mobile":"","ocean_menu_typo_transform":"","ocean_menu_typo_transform_tablet":"","ocean_menu_typo_transform_mobile":"","ocean_menu_typo_line_height":0,"ocean_menu_typo_line_height_tablet":0,"ocean_menu_typo_line_height_mobile":0,"ocean_menu_typo_line_height_unit":"","ocean_menu_typo_spacing":0,"ocean_menu_typo_spacing_tablet":0,"ocean_menu_typo_spacing_mobile":0,"ocean_menu_typo_spacing_unit":"","ocean_menu_link_color":"","ocean_menu_link_color_hover":"","ocean_menu_link_color_active":"","ocean_menu_link_background":"","ocean_menu_link_hover_background":"","ocean_menu_link_active_background":"","ocean_menu_social_links_bg":"","ocean_menu_social_hover_links_bg":"","ocean_menu_social_links_color":"","ocean_menu_social_hover_links_color":"","ocean_disable_title":"default","ocean_disable_heading":"default","ocean_post_title":"","ocean_post_subheading":"","ocean_post_title_style":"","ocean_post_title_background_color":"","ocean_post_title_background":0,"ocean_post_title_bg_image_position":"","ocean_post_title_bg_image_attachment":"","ocean_post_title_bg_image_repeat":"","ocean_post_title_bg_image_size":"","ocean_post_title_height":0,"ocean_post_title_bg_overlay":0.5,"ocean_post_title_bg_overlay_color":"","ocean_disable_breadcrumbs":"default","ocean_breadcrumbs_color":"","ocean_breadcrumbs_separator_color":"","ocean_breadcrumbs_links_color":"","ocean_breadcrumbs_links_hover_color":"","ocean_display_footer_widgets":"default","ocean_display_footer_bottom":"default","ocean_custom_footer_template":"","ocean_post_oembed":"","ocean_post_self_hosted_media":"","ocean_post_video_embed":"","ocean_link_format":"","ocean_link_format_target":"self","ocean_quote_format":"","ocean_quote_format_link":"post","ocean_gallery_link_images":"on","ocean_gallery_id":[],"footnotes":""},"categories":[133],"tags":[139],"class_list":["post-55993","post","type-post","status-publish","format-standard","has-post-thumbnail","hentry","category-notizie","tag-notizie-di-la-ccis","entry","has-media"],"yoast_head":"<!-- This site is optimized with the Yoast SEO plugin v27.5 - https:\/\/yoast.com\/product\/yoast-seo-wordpress\/ -->\n<title>Presentate a Madrid le iniziative organizzate nell&#039;ambito della II Settimana della Cucina Italiana en Mondo - Italcamara<\/title>\n<meta name=\"robots\" content=\"index, follow, max-snippet:-1, max-image-preview:large, max-video-preview:-1\" \/>\n<link rel=\"canonical\" href=\"https:\/\/italcamara-es.com\/it\/notizie\/presentate-a-madrid-le-iniziative-organizzate-nellambito-della-ii-settimana-della-cucina-italiana-en-mondo\/\" \/>\n<meta property=\"og:locale\" content=\"it_IT\" \/>\n<meta property=\"og:type\" content=\"article\" \/>\n<meta property=\"og:title\" content=\"Presentate a Madrid le iniziative organizzate nell&#039;ambito della II Settimana della Cucina Italiana en Mondo - Italcamara\" \/>\n<meta property=\"og:description\" content=\"Il giorno 15 novembre 2017, presso l\u2019Ambasciata d\u2019Italia a Madrid, sono state presentate le iniziative previste in occasione della\u00a0II Settimana della Cucina Italiana nel mondo. Si tratta di una serie di eventi dedicati alla tradizione culinaria italiana, che si terranno dal 20 al 26 novembre a Madrid, Barcellona e Sevilla\u00a0L\u2019evento di lancio, che ha visto [&hellip;]\" \/>\n<meta property=\"og:url\" content=\"https:\/\/italcamara-es.com\/it\/notizie\/presentate-a-madrid-le-iniziative-organizzate-nellambito-della-ii-settimana-della-cucina-italiana-en-mondo\/\" \/>\n<meta property=\"og:site_name\" content=\"Italcamara\" \/>\n<meta property=\"article:published_time\" content=\"2017-11-17T09:37:56+00:00\" \/>\n<meta property=\"og:image\" content=\"https:\/\/italcamara-es.com\/wp-content\/uploads\/2025\/03\/Rueda-de-Prensa1.jpg\" \/>\n\t<meta property=\"og:image:width\" content=\"1000\" \/>\n\t<meta property=\"og:image:height\" content=\"667\" \/>\n\t<meta property=\"og:image:type\" content=\"image\/jpeg\" \/>\n<meta name=\"author\" content=\"administrador\" \/>\n<meta name=\"twitter:card\" content=\"summary_large_image\" \/>\n<meta name=\"twitter:label1\" content=\"Scritto da\" \/>\n\t<meta name=\"twitter:data1\" content=\"administrador\" \/>\n\t<meta name=\"twitter:label2\" content=\"Tempo di lettura stimato\" \/>\n\t<meta name=\"twitter:data2\" content=\"3 minuti\" \/>\n<script type=\"application\/ld+json\" class=\"yoast-schema-graph\">{\"@context\":\"https:\\\/\\\/schema.org\",\"@graph\":[{\"@type\":\"Article\",\"@id\":\"https:\\\/\\\/italcamara-es.com\\\/it\\\/notizie\\\/presentate-a-madrid-le-iniziative-organizzate-nellambito-della-ii-settimana-della-cucina-italiana-en-mondo\\\/#article\",\"isPartOf\":{\"@id\":\"https:\\\/\\\/italcamara-es.com\\\/it\\\/notizie\\\/presentate-a-madrid-le-iniziative-organizzate-nellambito-della-ii-settimana-della-cucina-italiana-en-mondo\\\/\"},\"author\":{\"name\":\"administrador\",\"@id\":\"https:\\\/\\\/italcamara-es.com\\\/#\\\/schema\\\/person\\\/bb3c56263e405bbd9a15171dcfee93bb\"},\"headline\":\"Presentate a Madrid le iniziative organizzate nell&#8217;ambito della II Settimana della Cucina Italiana en Mondo\",\"datePublished\":\"2017-11-17T09:37:56+00:00\",\"mainEntityOfPage\":{\"@id\":\"https:\\\/\\\/italcamara-es.com\\\/it\\\/notizie\\\/presentate-a-madrid-le-iniziative-organizzate-nellambito-della-ii-settimana-della-cucina-italiana-en-mondo\\\/\"},\"wordCount\":677,\"commentCount\":0,\"image\":{\"@id\":\"https:\\\/\\\/italcamara-es.com\\\/it\\\/notizie\\\/presentate-a-madrid-le-iniziative-organizzate-nellambito-della-ii-settimana-della-cucina-italiana-en-mondo\\\/#primaryimage\"},\"thumbnailUrl\":\"https:\\\/\\\/italcamara-es.com\\\/wp-content\\\/uploads\\\/2025\\\/03\\\/Rueda-de-Prensa1.jpg\",\"keywords\":[\"Notizie di la CCIS\"],\"articleSection\":[\"Notizie\"],\"inLanguage\":\"it-IT\",\"potentialAction\":[{\"@type\":\"CommentAction\",\"name\":\"Comment\",\"target\":[\"https:\\\/\\\/italcamara-es.com\\\/it\\\/notizie\\\/presentate-a-madrid-le-iniziative-organizzate-nellambito-della-ii-settimana-della-cucina-italiana-en-mondo\\\/#respond\"]}]},{\"@type\":\"WebPage\",\"@id\":\"https:\\\/\\\/italcamara-es.com\\\/it\\\/notizie\\\/presentate-a-madrid-le-iniziative-organizzate-nellambito-della-ii-settimana-della-cucina-italiana-en-mondo\\\/\",\"url\":\"https:\\\/\\\/italcamara-es.com\\\/it\\\/notizie\\\/presentate-a-madrid-le-iniziative-organizzate-nellambito-della-ii-settimana-della-cucina-italiana-en-mondo\\\/\",\"name\":\"Presentate a Madrid le iniziative organizzate nell'ambito della II Settimana della Cucina Italiana en Mondo - Italcamara\",\"isPartOf\":{\"@id\":\"https:\\\/\\\/italcamara-es.com\\\/#website\"},\"primaryImageOfPage\":{\"@id\":\"https:\\\/\\\/italcamara-es.com\\\/it\\\/notizie\\\/presentate-a-madrid-le-iniziative-organizzate-nellambito-della-ii-settimana-della-cucina-italiana-en-mondo\\\/#primaryimage\"},\"image\":{\"@id\":\"https:\\\/\\\/italcamara-es.com\\\/it\\\/notizie\\\/presentate-a-madrid-le-iniziative-organizzate-nellambito-della-ii-settimana-della-cucina-italiana-en-mondo\\\/#primaryimage\"},\"thumbnailUrl\":\"https:\\\/\\\/italcamara-es.com\\\/wp-content\\\/uploads\\\/2025\\\/03\\\/Rueda-de-Prensa1.jpg\",\"datePublished\":\"2017-11-17T09:37:56+00:00\",\"author\":{\"@id\":\"https:\\\/\\\/italcamara-es.com\\\/#\\\/schema\\\/person\\\/bb3c56263e405bbd9a15171dcfee93bb\"},\"breadcrumb\":{\"@id\":\"https:\\\/\\\/italcamara-es.com\\\/it\\\/notizie\\\/presentate-a-madrid-le-iniziative-organizzate-nellambito-della-ii-settimana-della-cucina-italiana-en-mondo\\\/#breadcrumb\"},\"inLanguage\":\"it-IT\",\"potentialAction\":[{\"@type\":\"ReadAction\",\"target\":[\"https:\\\/\\\/italcamara-es.com\\\/it\\\/notizie\\\/presentate-a-madrid-le-iniziative-organizzate-nellambito-della-ii-settimana-della-cucina-italiana-en-mondo\\\/\"]}]},{\"@type\":\"ImageObject\",\"inLanguage\":\"it-IT\",\"@id\":\"https:\\\/\\\/italcamara-es.com\\\/it\\\/notizie\\\/presentate-a-madrid-le-iniziative-organizzate-nellambito-della-ii-settimana-della-cucina-italiana-en-mondo\\\/#primaryimage\",\"url\":\"https:\\\/\\\/italcamara-es.com\\\/wp-content\\\/uploads\\\/2025\\\/03\\\/Rueda-de-Prensa1.jpg\",\"contentUrl\":\"https:\\\/\\\/italcamara-es.com\\\/wp-content\\\/uploads\\\/2025\\\/03\\\/Rueda-de-Prensa1.jpg\",\"width\":1000,\"height\":667},{\"@type\":\"BreadcrumbList\",\"@id\":\"https:\\\/\\\/italcamara-es.com\\\/it\\\/notizie\\\/presentate-a-madrid-le-iniziative-organizzate-nellambito-della-ii-settimana-della-cucina-italiana-en-mondo\\\/#breadcrumb\",\"itemListElement\":[{\"@type\":\"ListItem\",\"position\":1,\"name\":\"Inicio\",\"item\":\"https:\\\/\\\/italcamara-es.com\\\/it\\\/homepage-ita\\\/\"},{\"@type\":\"ListItem\",\"position\":2,\"name\":\"Presentate a Madrid le iniziative organizzate nell&#8217;ambito della II Settimana della Cucina Italiana en Mondo\"}]},{\"@type\":\"WebSite\",\"@id\":\"https:\\\/\\\/italcamara-es.com\\\/#website\",\"url\":\"https:\\\/\\\/italcamara-es.com\\\/\",\"name\":\"Italcamara\",\"description\":\"\",\"potentialAction\":[{\"@type\":\"SearchAction\",\"target\":{\"@type\":\"EntryPoint\",\"urlTemplate\":\"https:\\\/\\\/italcamara-es.com\\\/?s={search_term_string}\"},\"query-input\":{\"@type\":\"PropertyValueSpecification\",\"valueRequired\":true,\"valueName\":\"search_term_string\"}}],\"inLanguage\":\"it-IT\"},{\"@type\":\"Person\",\"@id\":\"https:\\\/\\\/italcamara-es.com\\\/#\\\/schema\\\/person\\\/bb3c56263e405bbd9a15171dcfee93bb\",\"name\":\"administrador\",\"image\":{\"@type\":\"ImageObject\",\"inLanguage\":\"it-IT\",\"@id\":\"https:\\\/\\\/secure.gravatar.com\\\/avatar\\\/14b5e63db38320b12031bb28cf9f77e210aa71fb3a8a3602a3c9a05134fa75eb?s=96&d=mm&r=g\",\"url\":\"https:\\\/\\\/secure.gravatar.com\\\/avatar\\\/14b5e63db38320b12031bb28cf9f77e210aa71fb3a8a3602a3c9a05134fa75eb?s=96&d=mm&r=g\",\"contentUrl\":\"https:\\\/\\\/secure.gravatar.com\\\/avatar\\\/14b5e63db38320b12031bb28cf9f77e210aa71fb3a8a3602a3c9a05134fa75eb?s=96&d=mm&r=g\",\"caption\":\"administrador\"},\"sameAs\":[\"http:\\\/\\\/pre.italcamara-es.com\"],\"url\":\"https:\\\/\\\/italcamara-es.com\\\/it\\\/author\\\/administrador\\\/\"}]}<\/script>\n<!-- \/ Yoast SEO plugin. -->","yoast_head_json":{"title":"Presentate a Madrid le iniziative organizzate nell'ambito della II Settimana della Cucina Italiana en Mondo - Italcamara","robots":{"index":"index","follow":"follow","max-snippet":"max-snippet:-1","max-image-preview":"max-image-preview:large","max-video-preview":"max-video-preview:-1"},"canonical":"https:\/\/italcamara-es.com\/it\/notizie\/presentate-a-madrid-le-iniziative-organizzate-nellambito-della-ii-settimana-della-cucina-italiana-en-mondo\/","og_locale":"it_IT","og_type":"article","og_title":"Presentate a Madrid le iniziative organizzate nell'ambito della II Settimana della Cucina Italiana en Mondo - Italcamara","og_description":"Il giorno 15 novembre 2017, presso l\u2019Ambasciata d\u2019Italia a Madrid, sono state presentate le iniziative previste in occasione della\u00a0II Settimana della Cucina Italiana nel mondo. Si tratta di una serie di eventi dedicati alla tradizione culinaria italiana, che si terranno dal 20 al 26 novembre a Madrid, Barcellona e Sevilla\u00a0L\u2019evento di lancio, che ha visto [&hellip;]","og_url":"https:\/\/italcamara-es.com\/it\/notizie\/presentate-a-madrid-le-iniziative-organizzate-nellambito-della-ii-settimana-della-cucina-italiana-en-mondo\/","og_site_name":"Italcamara","article_published_time":"2017-11-17T09:37:56+00:00","og_image":[{"width":1000,"height":667,"url":"https:\/\/italcamara-es.com\/wp-content\/uploads\/2025\/03\/Rueda-de-Prensa1.jpg","type":"image\/jpeg"}],"author":"administrador","twitter_card":"summary_large_image","twitter_misc":{"Scritto da":"administrador","Tempo di lettura stimato":"3 minuti"},"schema":{"@context":"https:\/\/schema.org","@graph":[{"@type":"Article","@id":"https:\/\/italcamara-es.com\/it\/notizie\/presentate-a-madrid-le-iniziative-organizzate-nellambito-della-ii-settimana-della-cucina-italiana-en-mondo\/#article","isPartOf":{"@id":"https:\/\/italcamara-es.com\/it\/notizie\/presentate-a-madrid-le-iniziative-organizzate-nellambito-della-ii-settimana-della-cucina-italiana-en-mondo\/"},"author":{"name":"administrador","@id":"https:\/\/italcamara-es.com\/#\/schema\/person\/bb3c56263e405bbd9a15171dcfee93bb"},"headline":"Presentate a Madrid le iniziative organizzate nell&#8217;ambito della II Settimana della Cucina Italiana en Mondo","datePublished":"2017-11-17T09:37:56+00:00","mainEntityOfPage":{"@id":"https:\/\/italcamara-es.com\/it\/notizie\/presentate-a-madrid-le-iniziative-organizzate-nellambito-della-ii-settimana-della-cucina-italiana-en-mondo\/"},"wordCount":677,"commentCount":0,"image":{"@id":"https:\/\/italcamara-es.com\/it\/notizie\/presentate-a-madrid-le-iniziative-organizzate-nellambito-della-ii-settimana-della-cucina-italiana-en-mondo\/#primaryimage"},"thumbnailUrl":"https:\/\/italcamara-es.com\/wp-content\/uploads\/2025\/03\/Rueda-de-Prensa1.jpg","keywords":["Notizie di la CCIS"],"articleSection":["Notizie"],"inLanguage":"it-IT","potentialAction":[{"@type":"CommentAction","name":"Comment","target":["https:\/\/italcamara-es.com\/it\/notizie\/presentate-a-madrid-le-iniziative-organizzate-nellambito-della-ii-settimana-della-cucina-italiana-en-mondo\/#respond"]}]},{"@type":"WebPage","@id":"https:\/\/italcamara-es.com\/it\/notizie\/presentate-a-madrid-le-iniziative-organizzate-nellambito-della-ii-settimana-della-cucina-italiana-en-mondo\/","url":"https:\/\/italcamara-es.com\/it\/notizie\/presentate-a-madrid-le-iniziative-organizzate-nellambito-della-ii-settimana-della-cucina-italiana-en-mondo\/","name":"Presentate a Madrid le iniziative organizzate nell'ambito della II Settimana della Cucina Italiana en Mondo - Italcamara","isPartOf":{"@id":"https:\/\/italcamara-es.com\/#website"},"primaryImageOfPage":{"@id":"https:\/\/italcamara-es.com\/it\/notizie\/presentate-a-madrid-le-iniziative-organizzate-nellambito-della-ii-settimana-della-cucina-italiana-en-mondo\/#primaryimage"},"image":{"@id":"https:\/\/italcamara-es.com\/it\/notizie\/presentate-a-madrid-le-iniziative-organizzate-nellambito-della-ii-settimana-della-cucina-italiana-en-mondo\/#primaryimage"},"thumbnailUrl":"https:\/\/italcamara-es.com\/wp-content\/uploads\/2025\/03\/Rueda-de-Prensa1.jpg","datePublished":"2017-11-17T09:37:56+00:00","author":{"@id":"https:\/\/italcamara-es.com\/#\/schema\/person\/bb3c56263e405bbd9a15171dcfee93bb"},"breadcrumb":{"@id":"https:\/\/italcamara-es.com\/it\/notizie\/presentate-a-madrid-le-iniziative-organizzate-nellambito-della-ii-settimana-della-cucina-italiana-en-mondo\/#breadcrumb"},"inLanguage":"it-IT","potentialAction":[{"@type":"ReadAction","target":["https:\/\/italcamara-es.com\/it\/notizie\/presentate-a-madrid-le-iniziative-organizzate-nellambito-della-ii-settimana-della-cucina-italiana-en-mondo\/"]}]},{"@type":"ImageObject","inLanguage":"it-IT","@id":"https:\/\/italcamara-es.com\/it\/notizie\/presentate-a-madrid-le-iniziative-organizzate-nellambito-della-ii-settimana-della-cucina-italiana-en-mondo\/#primaryimage","url":"https:\/\/italcamara-es.com\/wp-content\/uploads\/2025\/03\/Rueda-de-Prensa1.jpg","contentUrl":"https:\/\/italcamara-es.com\/wp-content\/uploads\/2025\/03\/Rueda-de-Prensa1.jpg","width":1000,"height":667},{"@type":"BreadcrumbList","@id":"https:\/\/italcamara-es.com\/it\/notizie\/presentate-a-madrid-le-iniziative-organizzate-nellambito-della-ii-settimana-della-cucina-italiana-en-mondo\/#breadcrumb","itemListElement":[{"@type":"ListItem","position":1,"name":"Inicio","item":"https:\/\/italcamara-es.com\/it\/homepage-ita\/"},{"@type":"ListItem","position":2,"name":"Presentate a Madrid le iniziative organizzate nell&#8217;ambito della II Settimana della Cucina Italiana en Mondo"}]},{"@type":"WebSite","@id":"https:\/\/italcamara-es.com\/#website","url":"https:\/\/italcamara-es.com\/","name":"Italcamara","description":"","potentialAction":[{"@type":"SearchAction","target":{"@type":"EntryPoint","urlTemplate":"https:\/\/italcamara-es.com\/?s={search_term_string}"},"query-input":{"@type":"PropertyValueSpecification","valueRequired":true,"valueName":"search_term_string"}}],"inLanguage":"it-IT"},{"@type":"Person","@id":"https:\/\/italcamara-es.com\/#\/schema\/person\/bb3c56263e405bbd9a15171dcfee93bb","name":"administrador","image":{"@type":"ImageObject","inLanguage":"it-IT","@id":"https:\/\/secure.gravatar.com\/avatar\/14b5e63db38320b12031bb28cf9f77e210aa71fb3a8a3602a3c9a05134fa75eb?s=96&d=mm&r=g","url":"https:\/\/secure.gravatar.com\/avatar\/14b5e63db38320b12031bb28cf9f77e210aa71fb3a8a3602a3c9a05134fa75eb?s=96&d=mm&r=g","contentUrl":"https:\/\/secure.gravatar.com\/avatar\/14b5e63db38320b12031bb28cf9f77e210aa71fb3a8a3602a3c9a05134fa75eb?s=96&d=mm&r=g","caption":"administrador"},"sameAs":["http:\/\/pre.italcamara-es.com"],"url":"https:\/\/italcamara-es.com\/it\/author\/administrador\/"}]}},"rttpg_featured_image_url":{"full":["https:\/\/italcamara-es.com\/wp-content\/uploads\/2025\/03\/Rueda-de-Prensa1.jpg",1000,667,false],"landscape":["https:\/\/italcamara-es.com\/wp-content\/uploads\/2025\/03\/Rueda-de-Prensa1.jpg",1000,667,false],"portraits":["https:\/\/italcamara-es.com\/wp-content\/uploads\/2025\/03\/Rueda-de-Prensa1.jpg",1000,667,false],"thumbnail":["https:\/\/italcamara-es.com\/wp-content\/uploads\/2025\/03\/Rueda-de-Prensa1-150x150.jpg",150,150,true],"medium":["https:\/\/italcamara-es.com\/wp-content\/uploads\/2025\/03\/Rueda-de-Prensa1-300x200.jpg",300,200,true],"large":["https:\/\/italcamara-es.com\/wp-content\/uploads\/2025\/03\/Rueda-de-Prensa1.jpg",1000,667,false],"1536x1536":["https:\/\/italcamara-es.com\/wp-content\/uploads\/2025\/03\/Rueda-de-Prensa1.jpg",1000,667,false],"2048x2048":["https:\/\/italcamara-es.com\/wp-content\/uploads\/2025\/03\/Rueda-de-Prensa1.jpg",1000,667,false],"ocean-thumb-m":["https:\/\/italcamara-es.com\/wp-content\/uploads\/2025\/03\/Rueda-de-Prensa1-600x600.jpg",600,600,true],"ocean-thumb-ml":["https:\/\/italcamara-es.com\/wp-content\/uploads\/2025\/03\/Rueda-de-Prensa1-800x450.jpg",800,450,true],"ocean-thumb-l":["https:\/\/italcamara-es.com\/wp-content\/uploads\/2025\/03\/Rueda-de-Prensa1.jpg",1000,667,false],"directorist_preview":["https:\/\/italcamara-es.com\/wp-content\/uploads\/2025\/03\/Rueda-de-Prensa1-640x360.jpg",640,360,true]},"rttpg_author":{"display_name":"administrador","author_link":"https:\/\/italcamara-es.com\/it\/author\/administrador\/"},"rttpg_comment":0,"rttpg_category":"<a href=\"https:\/\/italcamara-es.com\/it\/category\/notizie\/\" rel=\"category tag\">Notizie<\/a>","rttpg_excerpt":"Il giorno 15 novembre 2017, presso l\u2019Ambasciata d\u2019Italia a Madrid, sono state presentate le iniziative previste in occasione della\u00a0II Settimana della Cucina Italiana nel mondo. Si tratta di una serie di eventi dedicati alla tradizione culinaria italiana, che si terranno dal 20 al 26 novembre a Madrid, Barcellona e Sevilla\u00a0L\u2019evento di lancio, che ha visto&hellip;","_links":{"self":[{"href":"https:\/\/italcamara-es.com\/it\/wp-json\/wp\/v2\/posts\/55993","targetHints":{"allow":["GET"]}}],"collection":[{"href":"https:\/\/italcamara-es.com\/it\/wp-json\/wp\/v2\/posts"}],"about":[{"href":"https:\/\/italcamara-es.com\/it\/wp-json\/wp\/v2\/types\/post"}],"author":[{"embeddable":true,"href":"https:\/\/italcamara-es.com\/it\/wp-json\/wp\/v2\/users\/1"}],"replies":[{"embeddable":true,"href":"https:\/\/italcamara-es.com\/it\/wp-json\/wp\/v2\/comments?post=55993"}],"version-history":[{"count":0,"href":"https:\/\/italcamara-es.com\/it\/wp-json\/wp\/v2\/posts\/55993\/revisions"}],"wp:featuredmedia":[{"embeddable":true,"href":"https:\/\/italcamara-es.com\/it\/wp-json\/wp\/v2\/media\/55994"}],"wp:attachment":[{"href":"https:\/\/italcamara-es.com\/it\/wp-json\/wp\/v2\/media?parent=55993"}],"wp:term":[{"taxonomy":"category","embeddable":true,"href":"https:\/\/italcamara-es.com\/it\/wp-json\/wp\/v2\/categories?post=55993"},{"taxonomy":"post_tag","embeddable":true,"href":"https:\/\/italcamara-es.com\/it\/wp-json\/wp\/v2\/tags?post=55993"}],"curies":[{"name":"wp","href":"https:\/\/api.w.org\/{rel}","templated":true}]}}