	{"id":55996,"date":"2017-11-21T21:21:14","date_gmt":"2017-11-21T20:21:14","guid":{"rendered":"http:\/\/pre.italcamara-es.com\/senza-categoria\/100-autentico-si-presenta-a-madrid-con-due-prestigiosi-testimonial\/"},"modified":"2017-11-21T21:21:14","modified_gmt":"2017-11-21T20:21:14","slug":"100-autentico-si-presenta-a-madrid-con-due-prestigiosi-testimonial","status":"publish","type":"post","link":"https:\/\/italcamara-es.com\/it\/notizie\/100-autentico-si-presenta-a-madrid-con-due-prestigiosi-testimonial\/","title":{"rendered":"&#8220;100% Aut\u00e9ntico&#8221; si presenta a Madrid con due prestigiosi testimonial"},"content":{"rendered":"<p><em>El pentacampione mondiale di pizza, Jes\u00fas Marquina, ed il maestro pizzaiolo napoletano, Fabio Cristiano, sono stati i protagonisti dell&#8217;evento di presentrazione del progetto per la valorizzazione del prodotto italiano auentico, dove si \u00e8 anche presentata la candidatura dell&#8217;arte dei pizzaiuoli napoletani a patrimonio Unesco.<\/em><\/p>\n<figure id=\"attachment_14651\" aria-describedby=\"caption-attachment-14651\" style=\"width: 720px\" class=\"wp-caption aligncenter\"><img fetchpriority=\"high\" decoding=\"async\" class=\"wp-image-14651 size-large\" src=\"https:\/\/www.italcamara-es.com\/wp-content\/uploads\/2017\/11\/IMG_20171121_151329-1024x768.jpg\" alt=\"IMG_20171121_151329\" width=\"720\" height=\"540\" \/><figcaption id=\"caption-attachment-14651\" class=\"wp-caption-text\">Fabio Cristiano e Jes\u00fas Marquina<\/figcaption><\/figure>\n<p id=\"wnd_TextBlock_90328_inner_0\" data-wnd_is_separable=\"1\" data-wnd_separable_index=\"0\" data-wnd_separable_id=\"wnd_TextBlock_90328\"><b>Fabio Cristiano<\/b>, prestigioso maestro pizzaiolo di Napoli, e\u00a0<b>Jes\u00fas Marquina<\/b>, conosciuto anche come &#8220;Marquinetti&#8221;, cinque volte camopione del mondo di pizza, sono stati i protagonisti dell&#8217;evento di presentazione del progetto &#8220;1<b><a href=\"http:\/\/cms.100autentico2.webnode.es\/proyecto\/\" target=\"_blank\" rel=\"noopener\">00% Aut\u00e9ntico<\/a><\/b>&#8220;, che si \u00e8 tenuto nel ristorante\u00a0<i>kil\u00f3metros de pizza<\/i>\u00a0di Madrid (calle Zurbano,26)<\/p>\n<p id=\"wnd_TextBlock_90328_inner_1\" data-wnd_is_separable=\"1\" data-wnd_separable_index=\"1\" data-wnd_separable_id=\"wnd_TextBlock_90328\">Pi\u00f9 di quaranta invitati tra giornalisti e operatori del settore agroalimentare hanno preso parte all&#8217;evento organizzato dalla\u00a0\u00a0<a href=\"https:\/\/www.italcamara-es.com\/\" target=\"_blank\" rel=\"noopener\">Camera di Commercio e Industria Italiana per la Spagna<\/a>\u00a0(CCIS) e l&#8217;Agenzia Italiana per il Turismo (ENIT).<\/p>\n<p data-wnd_is_separable=\"1\" data-wnd_separable_index=\"1\" data-wnd_separable_id=\"wnd_TextBlock_90328\">Il Segretario Generale della CCIS,\u00a0<b>Giovanni Aric\u00f2<\/b>, ha presentato il progetto per la valorizzazione del prodotto italiano autentico, promosso dal Ministero dello Sviluppo Economico e dall&#8217;Agenzia Italiana per il Commecio Estero\u00a0 (ICE)<\/p>\n<figure id=\"attachment_14675\" aria-describedby=\"caption-attachment-14675\" style=\"width: 720px\" class=\"wp-caption aligncenter\"><img decoding=\"async\" class=\"wp-image-14675\" src=\"https:\/\/www.italcamara-es.com\/wp-content\/uploads\/2017\/11\/Evento-100autentico1.jpg\" alt=\"\" width=\"720\" height=\"516\" \/><figcaption id=\"caption-attachment-14675\" class=\"wp-caption-text\">Giovanni Aric\u00f2 presenta il progetto &#8220;100% autentico&#8221; insieme all&#8217;Ambasciatore Stefano Sannino e al maestro pizzaiolo Fabio Cristiano (foto: Pedro Grifol)<\/figcaption><\/figure>\n<p data-wnd_is_separable=\"1\" data-wnd_separable_index=\"1\" data-wnd_separable_id=\"wnd_TextBlock_90328\">Da parte sua, l&#8217;Ambasciatore d&#8217;Italia in Spagna,\u00a0<b>Stefano Sannino<\/b>, ha parlato dell&#8217;autentica pizza napoletana come uno degli esempi pi\u00f9 chiari della necessit\u00e0 di valorizzare e difendere concetti come la cultura, la qualit\u00e0 ed il territorio, che definiscono le tradizioni culinarie sia italiana che spagnola. In questo contesto, ha presentato la candidatura dell&#8217;arte dei pizzaiuoli napoletani a patrimonio dell&#8217;Unesco.<\/p>\n<p data-wnd_is_separable=\"1\" data-wnd_separable_index=\"1\" data-wnd_separable_id=\"wnd_TextBlock_90328\"><img decoding=\"async\" class=\"alignnone size-large wp-image-14653 aligncenter\" src=\"https:\/\/www.italcamara-es.com\/wp-content\/uploads\/2017\/11\/IMG_20171121_144007-768x1024.jpg\" alt=\"IMG_20171121_144007\" width=\"720\" height=\"960\" \/><\/p>\n<p data-wnd_is_separable=\"1\" data-wnd_separable_index=\"1\" data-wnd_separable_id=\"wnd_TextBlock_90328\">L&#8217;atto \u00e8 proseguito con una degustazione dell&#8217;autentica pizza napoletana preparata appositamente dai due maestri pizzaioli per la soddisfazione di tutti i presenti.<\/p>\n","protected":false},"excerpt":{"rendered":"<p>El pentacampione mondiale di pizza, Jes\u00fas Marquina, ed il maestro pizzaiolo napoletano, Fabio Cristiano, sono stati i protagonisti dell&#8217;evento di presentrazione del progetto per la valorizzazione del prodotto italiano auentico, dove si \u00e8 anche presentata la candidatura dell&#8217;arte dei pizzaiuoli napoletani a patrimonio Unesco. Fabio Cristiano, prestigioso maestro pizzaiolo di Napoli, e\u00a0Jes\u00fas Marquina, conosciuto anche [&hellip;]<\/p>\n","protected":false},"author":1,"featured_media":55997,"comment_status":"open","ping_status":"open","sticky":false,"template":"","format":"standard","meta":{"inline_featured_image":false,"ocean_post_layout":"","ocean_both_sidebars_style":"","ocean_both_sidebars_content_width":0,"ocean_both_sidebars_sidebars_width":0,"ocean_sidebar":"","ocean_second_sidebar":"","ocean_disable_margins":"enable","ocean_add_body_class":"","ocean_shortcode_before_top_bar":"","ocean_shortcode_after_top_bar":"","ocean_shortcode_before_header":"","ocean_shortcode_after_header":"","ocean_has_shortcode":"","ocean_shortcode_after_title":"","ocean_shortcode_before_footer_widgets":"","ocean_shortcode_after_footer_widgets":"","ocean_shortcode_before_footer_bottom":"","ocean_shortcode_after_footer_bottom":"","ocean_display_top_bar":"default","ocean_display_header":"default","ocean_header_style":"","ocean_center_header_left_menu":"","ocean_custom_header_template":"","ocean_custom_logo":0,"ocean_custom_retina_logo":0,"ocean_custom_logo_max_width":0,"ocean_custom_logo_tablet_max_width":0,"ocean_custom_logo_mobile_max_width":0,"ocean_custom_logo_max_height":0,"ocean_custom_logo_tablet_max_height":0,"ocean_custom_logo_mobile_max_height":0,"ocean_header_custom_menu":"","ocean_menu_typo_font_family":"","ocean_menu_typo_font_subset":"","ocean_menu_typo_font_size":0,"ocean_menu_typo_font_size_tablet":0,"ocean_menu_typo_font_size_mobile":0,"ocean_menu_typo_font_size_unit":"px","ocean_menu_typo_font_weight":"","ocean_menu_typo_font_weight_tablet":"","ocean_menu_typo_font_weight_mobile":"","ocean_menu_typo_transform":"","ocean_menu_typo_transform_tablet":"","ocean_menu_typo_transform_mobile":"","ocean_menu_typo_line_height":0,"ocean_menu_typo_line_height_tablet":0,"ocean_menu_typo_line_height_mobile":0,"ocean_menu_typo_line_height_unit":"","ocean_menu_typo_spacing":0,"ocean_menu_typo_spacing_tablet":0,"ocean_menu_typo_spacing_mobile":0,"ocean_menu_typo_spacing_unit":"","ocean_menu_link_color":"","ocean_menu_link_color_hover":"","ocean_menu_link_color_active":"","ocean_menu_link_background":"","ocean_menu_link_hover_background":"","ocean_menu_link_active_background":"","ocean_menu_social_links_bg":"","ocean_menu_social_hover_links_bg":"","ocean_menu_social_links_color":"","ocean_menu_social_hover_links_color":"","ocean_disable_title":"default","ocean_disable_heading":"default","ocean_post_title":"","ocean_post_subheading":"","ocean_post_title_style":"","ocean_post_title_background_color":"","ocean_post_title_background":0,"ocean_post_title_bg_image_position":"","ocean_post_title_bg_image_attachment":"","ocean_post_title_bg_image_repeat":"","ocean_post_title_bg_image_size":"","ocean_post_title_height":0,"ocean_post_title_bg_overlay":0.5,"ocean_post_title_bg_overlay_color":"","ocean_disable_breadcrumbs":"default","ocean_breadcrumbs_color":"","ocean_breadcrumbs_separator_color":"","ocean_breadcrumbs_links_color":"","ocean_breadcrumbs_links_hover_color":"","ocean_display_footer_widgets":"default","ocean_display_footer_bottom":"default","ocean_custom_footer_template":"","ocean_post_oembed":"","ocean_post_self_hosted_media":"","ocean_post_video_embed":"","ocean_link_format":"","ocean_link_format_target":"self","ocean_quote_format":"","ocean_quote_format_link":"post","ocean_gallery_link_images":"on","ocean_gallery_id":[],"footnotes":""},"categories":[133],"tags":[139],"class_list":["post-55996","post","type-post","status-publish","format-standard","has-post-thumbnail","hentry","category-notizie","tag-notizie-di-la-ccis","entry","has-media"],"yoast_head":"<!-- This site is optimized with the Yoast SEO plugin v27.5 - https:\/\/yoast.com\/product\/yoast-seo-wordpress\/ -->\n<title>&quot;100% Aut\u00e9ntico&quot; si presenta a Madrid con due prestigiosi testimonial - Italcamara<\/title>\n<meta name=\"robots\" content=\"index, follow, max-snippet:-1, max-image-preview:large, max-video-preview:-1\" \/>\n<link rel=\"canonical\" href=\"https:\/\/italcamara-es.com\/it\/notizie\/100-autentico-si-presenta-a-madrid-con-due-prestigiosi-testimonial\/\" \/>\n<meta property=\"og:locale\" content=\"it_IT\" \/>\n<meta property=\"og:type\" content=\"article\" \/>\n<meta property=\"og:title\" content=\"&quot;100% Aut\u00e9ntico&quot; si presenta a Madrid con due prestigiosi testimonial - Italcamara\" \/>\n<meta property=\"og:description\" content=\"El pentacampione mondiale di pizza, Jes\u00fas Marquina, ed il maestro pizzaiolo napoletano, Fabio Cristiano, sono stati i protagonisti dell&#8217;evento di presentrazione del progetto per la valorizzazione del prodotto italiano auentico, dove si \u00e8 anche presentata la candidatura dell&#8217;arte dei pizzaiuoli napoletani a patrimonio Unesco. Fabio Cristiano, prestigioso maestro pizzaiolo di Napoli, e\u00a0Jes\u00fas Marquina, conosciuto anche [&hellip;]\" \/>\n<meta property=\"og:url\" content=\"https:\/\/italcamara-es.com\/it\/notizie\/100-autentico-si-presenta-a-madrid-con-due-prestigiosi-testimonial\/\" \/>\n<meta property=\"og:site_name\" content=\"Italcamara\" \/>\n<meta property=\"article:published_time\" content=\"2017-11-21T20:21:14+00:00\" \/>\n<meta property=\"og:image\" content=\"https:\/\/italcamara-es.com\/wp-content\/uploads\/2025\/03\/kilometro.jpg\" \/>\n\t<meta property=\"og:image:width\" content=\"250\" \/>\n\t<meta property=\"og:image:height\" content=\"140\" \/>\n\t<meta property=\"og:image:type\" content=\"image\/jpeg\" \/>\n<meta name=\"author\" content=\"administrador\" \/>\n<meta name=\"twitter:card\" content=\"summary_large_image\" \/>\n<meta name=\"twitter:label1\" content=\"Scritto da\" \/>\n\t<meta name=\"twitter:data1\" content=\"administrador\" \/>\n\t<meta name=\"twitter:label2\" content=\"Tempo di lettura stimato\" \/>\n\t<meta name=\"twitter:data2\" content=\"1 minuto\" \/>\n<script type=\"application\/ld+json\" class=\"yoast-schema-graph\">{\"@context\":\"https:\\\/\\\/schema.org\",\"@graph\":[{\"@type\":\"Article\",\"@id\":\"https:\\\/\\\/italcamara-es.com\\\/it\\\/notizie\\\/100-autentico-si-presenta-a-madrid-con-due-prestigiosi-testimonial\\\/#article\",\"isPartOf\":{\"@id\":\"https:\\\/\\\/italcamara-es.com\\\/it\\\/notizie\\\/100-autentico-si-presenta-a-madrid-con-due-prestigiosi-testimonial\\\/\"},\"author\":{\"name\":\"administrador\",\"@id\":\"https:\\\/\\\/italcamara-es.com\\\/#\\\/schema\\\/person\\\/bb3c56263e405bbd9a15171dcfee93bb\"},\"headline\":\"&#8220;100% Aut\u00e9ntico&#8221; si presenta a Madrid con due prestigiosi testimonial\",\"datePublished\":\"2017-11-21T20:21:14+00:00\",\"mainEntityOfPage\":{\"@id\":\"https:\\\/\\\/italcamara-es.com\\\/it\\\/notizie\\\/100-autentico-si-presenta-a-madrid-con-due-prestigiosi-testimonial\\\/\"},\"wordCount\":298,\"commentCount\":0,\"image\":{\"@id\":\"https:\\\/\\\/italcamara-es.com\\\/it\\\/notizie\\\/100-autentico-si-presenta-a-madrid-con-due-prestigiosi-testimonial\\\/#primaryimage\"},\"thumbnailUrl\":\"https:\\\/\\\/italcamara-es.com\\\/wp-content\\\/uploads\\\/2025\\\/03\\\/kilometro.jpg\",\"keywords\":[\"Notizie di la CCIS\"],\"articleSection\":[\"Notizie\"],\"inLanguage\":\"it-IT\",\"potentialAction\":[{\"@type\":\"CommentAction\",\"name\":\"Comment\",\"target\":[\"https:\\\/\\\/italcamara-es.com\\\/it\\\/notizie\\\/100-autentico-si-presenta-a-madrid-con-due-prestigiosi-testimonial\\\/#respond\"]}]},{\"@type\":\"WebPage\",\"@id\":\"https:\\\/\\\/italcamara-es.com\\\/it\\\/notizie\\\/100-autentico-si-presenta-a-madrid-con-due-prestigiosi-testimonial\\\/\",\"url\":\"https:\\\/\\\/italcamara-es.com\\\/it\\\/notizie\\\/100-autentico-si-presenta-a-madrid-con-due-prestigiosi-testimonial\\\/\",\"name\":\"\\\"100% Aut\u00e9ntico\\\" si presenta a Madrid con due prestigiosi testimonial - Italcamara\",\"isPartOf\":{\"@id\":\"https:\\\/\\\/italcamara-es.com\\\/#website\"},\"primaryImageOfPage\":{\"@id\":\"https:\\\/\\\/italcamara-es.com\\\/it\\\/notizie\\\/100-autentico-si-presenta-a-madrid-con-due-prestigiosi-testimonial\\\/#primaryimage\"},\"image\":{\"@id\":\"https:\\\/\\\/italcamara-es.com\\\/it\\\/notizie\\\/100-autentico-si-presenta-a-madrid-con-due-prestigiosi-testimonial\\\/#primaryimage\"},\"thumbnailUrl\":\"https:\\\/\\\/italcamara-es.com\\\/wp-content\\\/uploads\\\/2025\\\/03\\\/kilometro.jpg\",\"datePublished\":\"2017-11-21T20:21:14+00:00\",\"author\":{\"@id\":\"https:\\\/\\\/italcamara-es.com\\\/#\\\/schema\\\/person\\\/bb3c56263e405bbd9a15171dcfee93bb\"},\"breadcrumb\":{\"@id\":\"https:\\\/\\\/italcamara-es.com\\\/it\\\/notizie\\\/100-autentico-si-presenta-a-madrid-con-due-prestigiosi-testimonial\\\/#breadcrumb\"},\"inLanguage\":\"it-IT\",\"potentialAction\":[{\"@type\":\"ReadAction\",\"target\":[\"https:\\\/\\\/italcamara-es.com\\\/it\\\/notizie\\\/100-autentico-si-presenta-a-madrid-con-due-prestigiosi-testimonial\\\/\"]}]},{\"@type\":\"ImageObject\",\"inLanguage\":\"it-IT\",\"@id\":\"https:\\\/\\\/italcamara-es.com\\\/it\\\/notizie\\\/100-autentico-si-presenta-a-madrid-con-due-prestigiosi-testimonial\\\/#primaryimage\",\"url\":\"https:\\\/\\\/italcamara-es.com\\\/wp-content\\\/uploads\\\/2025\\\/03\\\/kilometro.jpg\",\"contentUrl\":\"https:\\\/\\\/italcamara-es.com\\\/wp-content\\\/uploads\\\/2025\\\/03\\\/kilometro.jpg\",\"width\":250,\"height\":140},{\"@type\":\"BreadcrumbList\",\"@id\":\"https:\\\/\\\/italcamara-es.com\\\/it\\\/notizie\\\/100-autentico-si-presenta-a-madrid-con-due-prestigiosi-testimonial\\\/#breadcrumb\",\"itemListElement\":[{\"@type\":\"ListItem\",\"position\":1,\"name\":\"Inicio\",\"item\":\"https:\\\/\\\/italcamara-es.com\\\/it\\\/homepage-ita\\\/\"},{\"@type\":\"ListItem\",\"position\":2,\"name\":\"\u00ab100% Aut\u00e9ntico\u00bb si presenta a Madrid con due prestigiosi testimonial\"}]},{\"@type\":\"WebSite\",\"@id\":\"https:\\\/\\\/italcamara-es.com\\\/#website\",\"url\":\"https:\\\/\\\/italcamara-es.com\\\/\",\"name\":\"Italcamara\",\"description\":\"\",\"potentialAction\":[{\"@type\":\"SearchAction\",\"target\":{\"@type\":\"EntryPoint\",\"urlTemplate\":\"https:\\\/\\\/italcamara-es.com\\\/?s={search_term_string}\"},\"query-input\":{\"@type\":\"PropertyValueSpecification\",\"valueRequired\":true,\"valueName\":\"search_term_string\"}}],\"inLanguage\":\"it-IT\"},{\"@type\":\"Person\",\"@id\":\"https:\\\/\\\/italcamara-es.com\\\/#\\\/schema\\\/person\\\/bb3c56263e405bbd9a15171dcfee93bb\",\"name\":\"administrador\",\"image\":{\"@type\":\"ImageObject\",\"inLanguage\":\"it-IT\",\"@id\":\"https:\\\/\\\/secure.gravatar.com\\\/avatar\\\/14b5e63db38320b12031bb28cf9f77e210aa71fb3a8a3602a3c9a05134fa75eb?s=96&d=mm&r=g\",\"url\":\"https:\\\/\\\/secure.gravatar.com\\\/avatar\\\/14b5e63db38320b12031bb28cf9f77e210aa71fb3a8a3602a3c9a05134fa75eb?s=96&d=mm&r=g\",\"contentUrl\":\"https:\\\/\\\/secure.gravatar.com\\\/avatar\\\/14b5e63db38320b12031bb28cf9f77e210aa71fb3a8a3602a3c9a05134fa75eb?s=96&d=mm&r=g\",\"caption\":\"administrador\"},\"sameAs\":[\"http:\\\/\\\/pre.italcamara-es.com\"],\"url\":\"https:\\\/\\\/italcamara-es.com\\\/it\\\/author\\\/administrador\\\/\"}]}<\/script>\n<!-- \/ Yoast SEO plugin. -->","yoast_head_json":{"title":"\"100% Aut\u00e9ntico\" si presenta a Madrid con due prestigiosi testimonial - Italcamara","robots":{"index":"index","follow":"follow","max-snippet":"max-snippet:-1","max-image-preview":"max-image-preview:large","max-video-preview":"max-video-preview:-1"},"canonical":"https:\/\/italcamara-es.com\/it\/notizie\/100-autentico-si-presenta-a-madrid-con-due-prestigiosi-testimonial\/","og_locale":"it_IT","og_type":"article","og_title":"\"100% Aut\u00e9ntico\" si presenta a Madrid con due prestigiosi testimonial - Italcamara","og_description":"El pentacampione mondiale di pizza, Jes\u00fas Marquina, ed il maestro pizzaiolo napoletano, Fabio Cristiano, sono stati i protagonisti dell&#8217;evento di presentrazione del progetto per la valorizzazione del prodotto italiano auentico, dove si \u00e8 anche presentata la candidatura dell&#8217;arte dei pizzaiuoli napoletani a patrimonio Unesco. Fabio Cristiano, prestigioso maestro pizzaiolo di Napoli, e\u00a0Jes\u00fas Marquina, conosciuto anche [&hellip;]","og_url":"https:\/\/italcamara-es.com\/it\/notizie\/100-autentico-si-presenta-a-madrid-con-due-prestigiosi-testimonial\/","og_site_name":"Italcamara","article_published_time":"2017-11-21T20:21:14+00:00","og_image":[{"width":250,"height":140,"url":"https:\/\/italcamara-es.com\/wp-content\/uploads\/2025\/03\/kilometro.jpg","type":"image\/jpeg"}],"author":"administrador","twitter_card":"summary_large_image","twitter_misc":{"Scritto da":"administrador","Tempo di lettura stimato":"1 minuto"},"schema":{"@context":"https:\/\/schema.org","@graph":[{"@type":"Article","@id":"https:\/\/italcamara-es.com\/it\/notizie\/100-autentico-si-presenta-a-madrid-con-due-prestigiosi-testimonial\/#article","isPartOf":{"@id":"https:\/\/italcamara-es.com\/it\/notizie\/100-autentico-si-presenta-a-madrid-con-due-prestigiosi-testimonial\/"},"author":{"name":"administrador","@id":"https:\/\/italcamara-es.com\/#\/schema\/person\/bb3c56263e405bbd9a15171dcfee93bb"},"headline":"&#8220;100% Aut\u00e9ntico&#8221; si presenta a Madrid con due prestigiosi testimonial","datePublished":"2017-11-21T20:21:14+00:00","mainEntityOfPage":{"@id":"https:\/\/italcamara-es.com\/it\/notizie\/100-autentico-si-presenta-a-madrid-con-due-prestigiosi-testimonial\/"},"wordCount":298,"commentCount":0,"image":{"@id":"https:\/\/italcamara-es.com\/it\/notizie\/100-autentico-si-presenta-a-madrid-con-due-prestigiosi-testimonial\/#primaryimage"},"thumbnailUrl":"https:\/\/italcamara-es.com\/wp-content\/uploads\/2025\/03\/kilometro.jpg","keywords":["Notizie di la CCIS"],"articleSection":["Notizie"],"inLanguage":"it-IT","potentialAction":[{"@type":"CommentAction","name":"Comment","target":["https:\/\/italcamara-es.com\/it\/notizie\/100-autentico-si-presenta-a-madrid-con-due-prestigiosi-testimonial\/#respond"]}]},{"@type":"WebPage","@id":"https:\/\/italcamara-es.com\/it\/notizie\/100-autentico-si-presenta-a-madrid-con-due-prestigiosi-testimonial\/","url":"https:\/\/italcamara-es.com\/it\/notizie\/100-autentico-si-presenta-a-madrid-con-due-prestigiosi-testimonial\/","name":"\"100% Aut\u00e9ntico\" si presenta a Madrid con due prestigiosi testimonial - Italcamara","isPartOf":{"@id":"https:\/\/italcamara-es.com\/#website"},"primaryImageOfPage":{"@id":"https:\/\/italcamara-es.com\/it\/notizie\/100-autentico-si-presenta-a-madrid-con-due-prestigiosi-testimonial\/#primaryimage"},"image":{"@id":"https:\/\/italcamara-es.com\/it\/notizie\/100-autentico-si-presenta-a-madrid-con-due-prestigiosi-testimonial\/#primaryimage"},"thumbnailUrl":"https:\/\/italcamara-es.com\/wp-content\/uploads\/2025\/03\/kilometro.jpg","datePublished":"2017-11-21T20:21:14+00:00","author":{"@id":"https:\/\/italcamara-es.com\/#\/schema\/person\/bb3c56263e405bbd9a15171dcfee93bb"},"breadcrumb":{"@id":"https:\/\/italcamara-es.com\/it\/notizie\/100-autentico-si-presenta-a-madrid-con-due-prestigiosi-testimonial\/#breadcrumb"},"inLanguage":"it-IT","potentialAction":[{"@type":"ReadAction","target":["https:\/\/italcamara-es.com\/it\/notizie\/100-autentico-si-presenta-a-madrid-con-due-prestigiosi-testimonial\/"]}]},{"@type":"ImageObject","inLanguage":"it-IT","@id":"https:\/\/italcamara-es.com\/it\/notizie\/100-autentico-si-presenta-a-madrid-con-due-prestigiosi-testimonial\/#primaryimage","url":"https:\/\/italcamara-es.com\/wp-content\/uploads\/2025\/03\/kilometro.jpg","contentUrl":"https:\/\/italcamara-es.com\/wp-content\/uploads\/2025\/03\/kilometro.jpg","width":250,"height":140},{"@type":"BreadcrumbList","@id":"https:\/\/italcamara-es.com\/it\/notizie\/100-autentico-si-presenta-a-madrid-con-due-prestigiosi-testimonial\/#breadcrumb","itemListElement":[{"@type":"ListItem","position":1,"name":"Inicio","item":"https:\/\/italcamara-es.com\/it\/homepage-ita\/"},{"@type":"ListItem","position":2,"name":"\u00ab100% Aut\u00e9ntico\u00bb si presenta a Madrid con due prestigiosi testimonial"}]},{"@type":"WebSite","@id":"https:\/\/italcamara-es.com\/#website","url":"https:\/\/italcamara-es.com\/","name":"Italcamara","description":"","potentialAction":[{"@type":"SearchAction","target":{"@type":"EntryPoint","urlTemplate":"https:\/\/italcamara-es.com\/?s={search_term_string}"},"query-input":{"@type":"PropertyValueSpecification","valueRequired":true,"valueName":"search_term_string"}}],"inLanguage":"it-IT"},{"@type":"Person","@id":"https:\/\/italcamara-es.com\/#\/schema\/person\/bb3c56263e405bbd9a15171dcfee93bb","name":"administrador","image":{"@type":"ImageObject","inLanguage":"it-IT","@id":"https:\/\/secure.gravatar.com\/avatar\/14b5e63db38320b12031bb28cf9f77e210aa71fb3a8a3602a3c9a05134fa75eb?s=96&d=mm&r=g","url":"https:\/\/secure.gravatar.com\/avatar\/14b5e63db38320b12031bb28cf9f77e210aa71fb3a8a3602a3c9a05134fa75eb?s=96&d=mm&r=g","contentUrl":"https:\/\/secure.gravatar.com\/avatar\/14b5e63db38320b12031bb28cf9f77e210aa71fb3a8a3602a3c9a05134fa75eb?s=96&d=mm&r=g","caption":"administrador"},"sameAs":["http:\/\/pre.italcamara-es.com"],"url":"https:\/\/italcamara-es.com\/it\/author\/administrador\/"}]}},"rttpg_featured_image_url":{"full":["https:\/\/italcamara-es.com\/wp-content\/uploads\/2025\/03\/kilometro.jpg",250,140,false],"landscape":["https:\/\/italcamara-es.com\/wp-content\/uploads\/2025\/03\/kilometro.jpg",250,140,false],"portraits":["https:\/\/italcamara-es.com\/wp-content\/uploads\/2025\/03\/kilometro.jpg",250,140,false],"thumbnail":["https:\/\/italcamara-es.com\/wp-content\/uploads\/2025\/03\/kilometro-150x140.jpg",150,140,true],"medium":["https:\/\/italcamara-es.com\/wp-content\/uploads\/2025\/03\/kilometro.jpg",250,140,false],"large":["https:\/\/italcamara-es.com\/wp-content\/uploads\/2025\/03\/kilometro.jpg",250,140,false],"1536x1536":["https:\/\/italcamara-es.com\/wp-content\/uploads\/2025\/03\/kilometro.jpg",250,140,false],"2048x2048":["https:\/\/italcamara-es.com\/wp-content\/uploads\/2025\/03\/kilometro.jpg",250,140,false],"ocean-thumb-m":["https:\/\/italcamara-es.com\/wp-content\/uploads\/2025\/03\/kilometro.jpg",250,140,false],"ocean-thumb-ml":["https:\/\/italcamara-es.com\/wp-content\/uploads\/2025\/03\/kilometro.jpg",250,140,false],"ocean-thumb-l":["https:\/\/italcamara-es.com\/wp-content\/uploads\/2025\/03\/kilometro.jpg",250,140,false],"directorist_preview":["https:\/\/italcamara-es.com\/wp-content\/uploads\/2025\/03\/kilometro.jpg",250,140,false]},"rttpg_author":{"display_name":"administrador","author_link":"https:\/\/italcamara-es.com\/it\/author\/administrador\/"},"rttpg_comment":0,"rttpg_category":"<a href=\"https:\/\/italcamara-es.com\/it\/category\/notizie\/\" rel=\"category tag\">Notizie<\/a>","rttpg_excerpt":"El pentacampione mondiale di pizza, Jes\u00fas Marquina, ed il maestro pizzaiolo napoletano, Fabio Cristiano, sono stati i protagonisti dell&#8217;evento di presentrazione del progetto per la valorizzazione del prodotto italiano auentico, dove si \u00e8 anche presentata la candidatura dell&#8217;arte dei pizzaiuoli napoletani a patrimonio Unesco. Fabio Cristiano, prestigioso maestro pizzaiolo di Napoli, e\u00a0Jes\u00fas Marquina, conosciuto anche&hellip;","_links":{"self":[{"href":"https:\/\/italcamara-es.com\/it\/wp-json\/wp\/v2\/posts\/55996","targetHints":{"allow":["GET"]}}],"collection":[{"href":"https:\/\/italcamara-es.com\/it\/wp-json\/wp\/v2\/posts"}],"about":[{"href":"https:\/\/italcamara-es.com\/it\/wp-json\/wp\/v2\/types\/post"}],"author":[{"embeddable":true,"href":"https:\/\/italcamara-es.com\/it\/wp-json\/wp\/v2\/users\/1"}],"replies":[{"embeddable":true,"href":"https:\/\/italcamara-es.com\/it\/wp-json\/wp\/v2\/comments?post=55996"}],"version-history":[{"count":0,"href":"https:\/\/italcamara-es.com\/it\/wp-json\/wp\/v2\/posts\/55996\/revisions"}],"wp:featuredmedia":[{"embeddable":true,"href":"https:\/\/italcamara-es.com\/it\/wp-json\/wp\/v2\/media\/55997"}],"wp:attachment":[{"href":"https:\/\/italcamara-es.com\/it\/wp-json\/wp\/v2\/media?parent=55996"}],"wp:term":[{"taxonomy":"category","embeddable":true,"href":"https:\/\/italcamara-es.com\/it\/wp-json\/wp\/v2\/categories?post=55996"},{"taxonomy":"post_tag","embeddable":true,"href":"https:\/\/italcamara-es.com\/it\/wp-json\/wp\/v2\/tags?post=55996"}],"curies":[{"name":"wp","href":"https:\/\/api.w.org\/{rel}","templated":true}]}}