	{"id":55998,"date":"2017-11-22T12:56:50","date_gmt":"2017-11-22T11:56:50","guid":{"rendered":"http:\/\/pre.italcamara-es.com\/senza-categoria\/seminario-la-mujer-y-su-camino-de-exito\/"},"modified":"2025-03-30T14:35:34","modified_gmt":"2025-03-30T12:35:34","slug":"seminario-la-mujer-y-su-camino-de-exito","status":"publish","type":"post","link":"https:\/\/italcamara-es.com\/it\/notizie\/seminario-la-mujer-y-su-camino-de-exito\/","title":{"rendered":"Seminario: &#8220;La mujer y su camino de \u00e9xito&#8221;"},"content":{"rendered":"<p>la <strong>Camera di Commercio e Industria Italiana per la Spagna<\/strong>\u00a0(CCIS) organizza, in collaborazione con <strong>Di Ubaldo Abogados<\/strong>\u00a0e la <strong>Fundaci\u00f3n Mabea Sello de Mujer, <\/strong>\u00a0il seminario &#8220;La mujer y su camino de \u00e9xito&#8221; (&#8220;La donna ed il suo cammino verso il successo&#8221;), con l&#8217;obiettivo di orientare i presenti su come raggiungere il successo sia nell&#8217;ambito professionale che personale, imparando a gestire le proprie emozioni\u00a0 e cercando di evitare il peso del fallimento..<\/p>\n<p>L&#8217;evento si svolger\u00e0 il giorno<strong>\u00a029 novembre<\/strong> alle ore\u00a0<strong>9:00<\/strong>\u00a0 nella sede della CCIS (calle Crist\u00f3bal Bordi\u00fa, 54) e vedr\u00e1 la preenza di\u00a0<strong>Beatriz Cach\u00f3n Mar\u00edn<\/strong>, imprenditrice e presidente della <em>Fundaci\u00f3n Mabea Sello de Mujer <\/em>e di<em>\u00a0<\/em><strong>Adriana Bonezzi<\/strong>, dello studio legale <em>Di Ubaldo Abogados<\/em> e responsabile del dipartimento legale e istituzionale della <em>Fundaci\u00f3n Mabea<\/em>.<\/p>\n<p>La partecipazione \u00e8 gratuita, ma essendo i posti limitati \u00e8 necessario confermare la propria presenza compilando il<strong> <a href=\"https:\/\/www.italcamara-es.com\/wp-content\/uploads\/2017\/11\/Solicitud-de-inscripci\u00f3n-mujer-y-su-camino-de-\u00e9xito.pdf\" target=\"_blank\" rel=\"noopener\">formulario d&#8217;iscrizione<\/a><\/strong> e inviandolo a:<a href=\"mailto:begona.pardo@italcamara-es.com\" target=\"_blank\" rel=\"noopener\"> begona.pardo@italcamara-es.com<\/a><\/p>\n<p><img fetchpriority=\"high\" decoding=\"async\" class=\" size-large wp-image-14661 aligncenter\" src=\"https:\/\/www.italcamara-es.com\/wp-content\/uploads\/2017\/11\/mujer-\u00e9xito-1024x665.jpg\" alt=\"mujer-\u00e9xito\" width=\"720\" height=\"468\" \/><\/p>\n<p>&nbsp;<\/p>\n<p>&nbsp;<\/p>\n","protected":false},"excerpt":{"rendered":"<p>la Camera di Commercio e Industria Italiana per la Spagna\u00a0(CCIS) organizza, in collaborazione con Di Ubaldo Abogados\u00a0e la Fundaci\u00f3n Mabea Sello de Mujer, \u00a0il seminario &#8220;La mujer y su camino de \u00e9xito&#8221; (&#8220;La donna ed il suo cammino verso il successo&#8221;), con l&#8217;obiettivo di orientare i presenti su come raggiungere il successo sia nell&#8217;ambito professionale [&hellip;]<\/p>\n","protected":false},"author":1,"featured_media":52545,"comment_status":"open","ping_status":"open","sticky":false,"template":"","format":"standard","meta":{"inline_featured_image":false,"ocean_post_layout":"","ocean_both_sidebars_style":"","ocean_both_sidebars_content_width":0,"ocean_both_sidebars_sidebars_width":0,"ocean_sidebar":"","ocean_second_sidebar":"","ocean_disable_margins":"enable","ocean_add_body_class":"","ocean_shortcode_before_top_bar":"","ocean_shortcode_after_top_bar":"","ocean_shortcode_before_header":"","ocean_shortcode_after_header":"","ocean_has_shortcode":"","ocean_shortcode_after_title":"","ocean_shortcode_before_footer_widgets":"","ocean_shortcode_after_footer_widgets":"","ocean_shortcode_before_footer_bottom":"","ocean_shortcode_after_footer_bottom":"","ocean_display_top_bar":"default","ocean_display_header":"default","ocean_header_style":"","ocean_center_header_left_menu":"","ocean_custom_header_template":"","ocean_custom_logo":0,"ocean_custom_retina_logo":0,"ocean_custom_logo_max_width":0,"ocean_custom_logo_tablet_max_width":0,"ocean_custom_logo_mobile_max_width":0,"ocean_custom_logo_max_height":0,"ocean_custom_logo_tablet_max_height":0,"ocean_custom_logo_mobile_max_height":0,"ocean_header_custom_menu":"","ocean_menu_typo_font_family":"","ocean_menu_typo_font_subset":"","ocean_menu_typo_font_size":0,"ocean_menu_typo_font_size_tablet":0,"ocean_menu_typo_font_size_mobile":0,"ocean_menu_typo_font_size_unit":"px","ocean_menu_typo_font_weight":"","ocean_menu_typo_font_weight_tablet":"","ocean_menu_typo_font_weight_mobile":"","ocean_menu_typo_transform":"","ocean_menu_typo_transform_tablet":"","ocean_menu_typo_transform_mobile":"","ocean_menu_typo_line_height":0,"ocean_menu_typo_line_height_tablet":0,"ocean_menu_typo_line_height_mobile":0,"ocean_menu_typo_line_height_unit":"","ocean_menu_typo_spacing":0,"ocean_menu_typo_spacing_tablet":0,"ocean_menu_typo_spacing_mobile":0,"ocean_menu_typo_spacing_unit":"","ocean_menu_link_color":"","ocean_menu_link_color_hover":"","ocean_menu_link_color_active":"","ocean_menu_link_background":"","ocean_menu_link_hover_background":"","ocean_menu_link_active_background":"","ocean_menu_social_links_bg":"","ocean_menu_social_hover_links_bg":"","ocean_menu_social_links_color":"","ocean_menu_social_hover_links_color":"","ocean_disable_title":"default","ocean_disable_heading":"default","ocean_post_title":"","ocean_post_subheading":"","ocean_post_title_style":"","ocean_post_title_background_color":"","ocean_post_title_background":0,"ocean_post_title_bg_image_position":"","ocean_post_title_bg_image_attachment":"","ocean_post_title_bg_image_repeat":"","ocean_post_title_bg_image_size":"","ocean_post_title_height":0,"ocean_post_title_bg_overlay":0.5,"ocean_post_title_bg_overlay_color":"","ocean_disable_breadcrumbs":"default","ocean_breadcrumbs_color":"","ocean_breadcrumbs_separator_color":"","ocean_breadcrumbs_links_color":"","ocean_breadcrumbs_links_hover_color":"","ocean_display_footer_widgets":"default","ocean_display_footer_bottom":"default","ocean_custom_footer_template":"","ocean_post_oembed":"","ocean_post_self_hosted_media":"","ocean_post_video_embed":"","ocean_link_format":"","ocean_link_format_target":"self","ocean_quote_format":"","ocean_quote_format_link":"post","ocean_gallery_link_images":"on","ocean_gallery_id":[],"footnotes":""},"categories":[133],"tags":[139],"class_list":["post-55998","post","type-post","status-publish","format-standard","has-post-thumbnail","hentry","category-notizie","tag-notizie-di-la-ccis","entry","has-media"],"yoast_head":"<!-- This site is optimized with the Yoast SEO plugin v27.5 - https:\/\/yoast.com\/product\/yoast-seo-wordpress\/ -->\n<title>Seminario: &quot;La mujer y su camino de \u00e9xito&quot; - Italcamara<\/title>\n<meta name=\"robots\" content=\"index, follow, max-snippet:-1, max-image-preview:large, max-video-preview:-1\" \/>\n<link rel=\"canonical\" href=\"https:\/\/italcamara-es.com\/it\/notizie\/seminario-la-mujer-y-su-camino-de-exito\/\" \/>\n<meta property=\"og:locale\" content=\"it_IT\" \/>\n<meta property=\"og:type\" content=\"article\" \/>\n<meta property=\"og:title\" content=\"Seminario: &quot;La mujer y su camino de \u00e9xito&quot; - Italcamara\" \/>\n<meta property=\"og:description\" content=\"la Camera di Commercio e Industria Italiana per la Spagna\u00a0(CCIS) organizza, in collaborazione con Di Ubaldo Abogados\u00a0e la Fundaci\u00f3n Mabea Sello de Mujer, \u00a0il seminario &#8220;La mujer y su camino de \u00e9xito&#8221; (&#8220;La donna ed il suo cammino verso il successo&#8221;), con l&#8217;obiettivo di orientare i presenti su come raggiungere il successo sia nell&#8217;ambito professionale [&hellip;]\" \/>\n<meta property=\"og:url\" content=\"https:\/\/italcamara-es.com\/it\/notizie\/seminario-la-mujer-y-su-camino-de-exito\/\" \/>\n<meta property=\"og:site_name\" content=\"Italcamara\" \/>\n<meta property=\"article:published_time\" content=\"2017-11-22T11:56:50+00:00\" \/>\n<meta property=\"article:modified_time\" content=\"2025-03-30T12:35:34+00:00\" \/>\n<meta property=\"og:image\" content=\"https:\/\/italcamara-es.com\/wp-content\/uploads\/2025\/03\/mujer-exito.jpg\" \/>\n\t<meta property=\"og:image:width\" content=\"1280\" \/>\n\t<meta property=\"og:image:height\" content=\"831\" \/>\n\t<meta property=\"og:image:type\" content=\"image\/jpeg\" \/>\n<meta name=\"author\" content=\"administrador\" \/>\n<meta name=\"twitter:card\" content=\"summary_large_image\" \/>\n<meta name=\"twitter:label1\" content=\"Scritto da\" \/>\n\t<meta name=\"twitter:data1\" content=\"administrador\" \/>\n\t<meta name=\"twitter:label2\" content=\"Tempo di lettura stimato\" \/>\n\t<meta name=\"twitter:data2\" content=\"1 minuto\" \/>\n<script type=\"application\/ld+json\" class=\"yoast-schema-graph\">{\"@context\":\"https:\\\/\\\/schema.org\",\"@graph\":[{\"@type\":\"Article\",\"@id\":\"https:\\\/\\\/italcamara-es.com\\\/it\\\/notizie\\\/seminario-la-mujer-y-su-camino-de-exito\\\/#article\",\"isPartOf\":{\"@id\":\"https:\\\/\\\/italcamara-es.com\\\/it\\\/notizie\\\/seminario-la-mujer-y-su-camino-de-exito\\\/\"},\"author\":{\"name\":\"administrador\",\"@id\":\"https:\\\/\\\/italcamara-es.com\\\/#\\\/schema\\\/person\\\/bb3c56263e405bbd9a15171dcfee93bb\"},\"headline\":\"Seminario: &#8220;La mujer y su camino de \u00e9xito&#8221;\",\"datePublished\":\"2017-11-22T11:56:50+00:00\",\"dateModified\":\"2025-03-30T12:35:34+00:00\",\"mainEntityOfPage\":{\"@id\":\"https:\\\/\\\/italcamara-es.com\\\/it\\\/notizie\\\/seminario-la-mujer-y-su-camino-de-exito\\\/\"},\"wordCount\":169,\"commentCount\":0,\"image\":{\"@id\":\"https:\\\/\\\/italcamara-es.com\\\/it\\\/notizie\\\/seminario-la-mujer-y-su-camino-de-exito\\\/#primaryimage\"},\"thumbnailUrl\":\"https:\\\/\\\/italcamara-es.com\\\/wp-content\\\/uploads\\\/2025\\\/03\\\/mujer-exito.jpg\",\"keywords\":[\"Notizie di la CCIS\"],\"articleSection\":[\"Notizie\"],\"inLanguage\":\"it-IT\",\"potentialAction\":[{\"@type\":\"CommentAction\",\"name\":\"Comment\",\"target\":[\"https:\\\/\\\/italcamara-es.com\\\/it\\\/notizie\\\/seminario-la-mujer-y-su-camino-de-exito\\\/#respond\"]}]},{\"@type\":\"WebPage\",\"@id\":\"https:\\\/\\\/italcamara-es.com\\\/it\\\/notizie\\\/seminario-la-mujer-y-su-camino-de-exito\\\/\",\"url\":\"https:\\\/\\\/italcamara-es.com\\\/it\\\/notizie\\\/seminario-la-mujer-y-su-camino-de-exito\\\/\",\"name\":\"Seminario: \\\"La mujer y su camino de \u00e9xito\\\" - Italcamara\",\"isPartOf\":{\"@id\":\"https:\\\/\\\/italcamara-es.com\\\/#website\"},\"primaryImageOfPage\":{\"@id\":\"https:\\\/\\\/italcamara-es.com\\\/it\\\/notizie\\\/seminario-la-mujer-y-su-camino-de-exito\\\/#primaryimage\"},\"image\":{\"@id\":\"https:\\\/\\\/italcamara-es.com\\\/it\\\/notizie\\\/seminario-la-mujer-y-su-camino-de-exito\\\/#primaryimage\"},\"thumbnailUrl\":\"https:\\\/\\\/italcamara-es.com\\\/wp-content\\\/uploads\\\/2025\\\/03\\\/mujer-exito.jpg\",\"datePublished\":\"2017-11-22T11:56:50+00:00\",\"dateModified\":\"2025-03-30T12:35:34+00:00\",\"author\":{\"@id\":\"https:\\\/\\\/italcamara-es.com\\\/#\\\/schema\\\/person\\\/bb3c56263e405bbd9a15171dcfee93bb\"},\"breadcrumb\":{\"@id\":\"https:\\\/\\\/italcamara-es.com\\\/it\\\/notizie\\\/seminario-la-mujer-y-su-camino-de-exito\\\/#breadcrumb\"},\"inLanguage\":\"it-IT\",\"potentialAction\":[{\"@type\":\"ReadAction\",\"target\":[\"https:\\\/\\\/italcamara-es.com\\\/it\\\/notizie\\\/seminario-la-mujer-y-su-camino-de-exito\\\/\"]}]},{\"@type\":\"ImageObject\",\"inLanguage\":\"it-IT\",\"@id\":\"https:\\\/\\\/italcamara-es.com\\\/it\\\/notizie\\\/seminario-la-mujer-y-su-camino-de-exito\\\/#primaryimage\",\"url\":\"https:\\\/\\\/italcamara-es.com\\\/wp-content\\\/uploads\\\/2025\\\/03\\\/mujer-exito.jpg\",\"contentUrl\":\"https:\\\/\\\/italcamara-es.com\\\/wp-content\\\/uploads\\\/2025\\\/03\\\/mujer-exito.jpg\",\"width\":1280,\"height\":831},{\"@type\":\"BreadcrumbList\",\"@id\":\"https:\\\/\\\/italcamara-es.com\\\/it\\\/notizie\\\/seminario-la-mujer-y-su-camino-de-exito\\\/#breadcrumb\",\"itemListElement\":[{\"@type\":\"ListItem\",\"position\":1,\"name\":\"Inicio\",\"item\":\"https:\\\/\\\/italcamara-es.com\\\/\"},{\"@type\":\"ListItem\",\"position\":2,\"name\":\"Seminario: \u00abLa mujer y su camino de \u00e9xito\u00bb\"}]},{\"@type\":\"WebSite\",\"@id\":\"https:\\\/\\\/italcamara-es.com\\\/#website\",\"url\":\"https:\\\/\\\/italcamara-es.com\\\/\",\"name\":\"Italcamara\",\"description\":\"\",\"potentialAction\":[{\"@type\":\"SearchAction\",\"target\":{\"@type\":\"EntryPoint\",\"urlTemplate\":\"https:\\\/\\\/italcamara-es.com\\\/?s={search_term_string}\"},\"query-input\":{\"@type\":\"PropertyValueSpecification\",\"valueRequired\":true,\"valueName\":\"search_term_string\"}}],\"inLanguage\":\"it-IT\"},{\"@type\":\"Person\",\"@id\":\"https:\\\/\\\/italcamara-es.com\\\/#\\\/schema\\\/person\\\/bb3c56263e405bbd9a15171dcfee93bb\",\"name\":\"administrador\",\"image\":{\"@type\":\"ImageObject\",\"inLanguage\":\"it-IT\",\"@id\":\"https:\\\/\\\/secure.gravatar.com\\\/avatar\\\/14b5e63db38320b12031bb28cf9f77e210aa71fb3a8a3602a3c9a05134fa75eb?s=96&d=mm&r=g\",\"url\":\"https:\\\/\\\/secure.gravatar.com\\\/avatar\\\/14b5e63db38320b12031bb28cf9f77e210aa71fb3a8a3602a3c9a05134fa75eb?s=96&d=mm&r=g\",\"contentUrl\":\"https:\\\/\\\/secure.gravatar.com\\\/avatar\\\/14b5e63db38320b12031bb28cf9f77e210aa71fb3a8a3602a3c9a05134fa75eb?s=96&d=mm&r=g\",\"caption\":\"administrador\"},\"sameAs\":[\"http:\\\/\\\/pre.italcamara-es.com\"],\"url\":\"https:\\\/\\\/italcamara-es.com\\\/it\\\/author\\\/administrador\\\/\"}]}<\/script>\n<!-- \/ Yoast SEO plugin. -->","yoast_head_json":{"title":"Seminario: \"La mujer y su camino de \u00e9xito\" - Italcamara","robots":{"index":"index","follow":"follow","max-snippet":"max-snippet:-1","max-image-preview":"max-image-preview:large","max-video-preview":"max-video-preview:-1"},"canonical":"https:\/\/italcamara-es.com\/it\/notizie\/seminario-la-mujer-y-su-camino-de-exito\/","og_locale":"it_IT","og_type":"article","og_title":"Seminario: \"La mujer y su camino de \u00e9xito\" - Italcamara","og_description":"la Camera di Commercio e Industria Italiana per la Spagna\u00a0(CCIS) organizza, in collaborazione con Di Ubaldo Abogados\u00a0e la Fundaci\u00f3n Mabea Sello de Mujer, \u00a0il seminario &#8220;La mujer y su camino de \u00e9xito&#8221; (&#8220;La donna ed il suo cammino verso il successo&#8221;), con l&#8217;obiettivo di orientare i presenti su come raggiungere il successo sia nell&#8217;ambito professionale [&hellip;]","og_url":"https:\/\/italcamara-es.com\/it\/notizie\/seminario-la-mujer-y-su-camino-de-exito\/","og_site_name":"Italcamara","article_published_time":"2017-11-22T11:56:50+00:00","article_modified_time":"2025-03-30T12:35:34+00:00","og_image":[{"width":1280,"height":831,"url":"https:\/\/italcamara-es.com\/wp-content\/uploads\/2025\/03\/mujer-exito.jpg","type":"image\/jpeg"}],"author":"administrador","twitter_card":"summary_large_image","twitter_misc":{"Scritto da":"administrador","Tempo di lettura stimato":"1 minuto"},"schema":{"@context":"https:\/\/schema.org","@graph":[{"@type":"Article","@id":"https:\/\/italcamara-es.com\/it\/notizie\/seminario-la-mujer-y-su-camino-de-exito\/#article","isPartOf":{"@id":"https:\/\/italcamara-es.com\/it\/notizie\/seminario-la-mujer-y-su-camino-de-exito\/"},"author":{"name":"administrador","@id":"https:\/\/italcamara-es.com\/#\/schema\/person\/bb3c56263e405bbd9a15171dcfee93bb"},"headline":"Seminario: &#8220;La mujer y su camino de \u00e9xito&#8221;","datePublished":"2017-11-22T11:56:50+00:00","dateModified":"2025-03-30T12:35:34+00:00","mainEntityOfPage":{"@id":"https:\/\/italcamara-es.com\/it\/notizie\/seminario-la-mujer-y-su-camino-de-exito\/"},"wordCount":169,"commentCount":0,"image":{"@id":"https:\/\/italcamara-es.com\/it\/notizie\/seminario-la-mujer-y-su-camino-de-exito\/#primaryimage"},"thumbnailUrl":"https:\/\/italcamara-es.com\/wp-content\/uploads\/2025\/03\/mujer-exito.jpg","keywords":["Notizie di la CCIS"],"articleSection":["Notizie"],"inLanguage":"it-IT","potentialAction":[{"@type":"CommentAction","name":"Comment","target":["https:\/\/italcamara-es.com\/it\/notizie\/seminario-la-mujer-y-su-camino-de-exito\/#respond"]}]},{"@type":"WebPage","@id":"https:\/\/italcamara-es.com\/it\/notizie\/seminario-la-mujer-y-su-camino-de-exito\/","url":"https:\/\/italcamara-es.com\/it\/notizie\/seminario-la-mujer-y-su-camino-de-exito\/","name":"Seminario: \"La mujer y su camino de \u00e9xito\" - Italcamara","isPartOf":{"@id":"https:\/\/italcamara-es.com\/#website"},"primaryImageOfPage":{"@id":"https:\/\/italcamara-es.com\/it\/notizie\/seminario-la-mujer-y-su-camino-de-exito\/#primaryimage"},"image":{"@id":"https:\/\/italcamara-es.com\/it\/notizie\/seminario-la-mujer-y-su-camino-de-exito\/#primaryimage"},"thumbnailUrl":"https:\/\/italcamara-es.com\/wp-content\/uploads\/2025\/03\/mujer-exito.jpg","datePublished":"2017-11-22T11:56:50+00:00","dateModified":"2025-03-30T12:35:34+00:00","author":{"@id":"https:\/\/italcamara-es.com\/#\/schema\/person\/bb3c56263e405bbd9a15171dcfee93bb"},"breadcrumb":{"@id":"https:\/\/italcamara-es.com\/it\/notizie\/seminario-la-mujer-y-su-camino-de-exito\/#breadcrumb"},"inLanguage":"it-IT","potentialAction":[{"@type":"ReadAction","target":["https:\/\/italcamara-es.com\/it\/notizie\/seminario-la-mujer-y-su-camino-de-exito\/"]}]},{"@type":"ImageObject","inLanguage":"it-IT","@id":"https:\/\/italcamara-es.com\/it\/notizie\/seminario-la-mujer-y-su-camino-de-exito\/#primaryimage","url":"https:\/\/italcamara-es.com\/wp-content\/uploads\/2025\/03\/mujer-exito.jpg","contentUrl":"https:\/\/italcamara-es.com\/wp-content\/uploads\/2025\/03\/mujer-exito.jpg","width":1280,"height":831},{"@type":"BreadcrumbList","@id":"https:\/\/italcamara-es.com\/it\/notizie\/seminario-la-mujer-y-su-camino-de-exito\/#breadcrumb","itemListElement":[{"@type":"ListItem","position":1,"name":"Inicio","item":"https:\/\/italcamara-es.com\/"},{"@type":"ListItem","position":2,"name":"Seminario: \u00abLa mujer y su camino de \u00e9xito\u00bb"}]},{"@type":"WebSite","@id":"https:\/\/italcamara-es.com\/#website","url":"https:\/\/italcamara-es.com\/","name":"Italcamara","description":"","potentialAction":[{"@type":"SearchAction","target":{"@type":"EntryPoint","urlTemplate":"https:\/\/italcamara-es.com\/?s={search_term_string}"},"query-input":{"@type":"PropertyValueSpecification","valueRequired":true,"valueName":"search_term_string"}}],"inLanguage":"it-IT"},{"@type":"Person","@id":"https:\/\/italcamara-es.com\/#\/schema\/person\/bb3c56263e405bbd9a15171dcfee93bb","name":"administrador","image":{"@type":"ImageObject","inLanguage":"it-IT","@id":"https:\/\/secure.gravatar.com\/avatar\/14b5e63db38320b12031bb28cf9f77e210aa71fb3a8a3602a3c9a05134fa75eb?s=96&d=mm&r=g","url":"https:\/\/secure.gravatar.com\/avatar\/14b5e63db38320b12031bb28cf9f77e210aa71fb3a8a3602a3c9a05134fa75eb?s=96&d=mm&r=g","contentUrl":"https:\/\/secure.gravatar.com\/avatar\/14b5e63db38320b12031bb28cf9f77e210aa71fb3a8a3602a3c9a05134fa75eb?s=96&d=mm&r=g","caption":"administrador"},"sameAs":["http:\/\/pre.italcamara-es.com"],"url":"https:\/\/italcamara-es.com\/it\/author\/administrador\/"}]}},"rttpg_featured_image_url":{"full":["https:\/\/italcamara-es.com\/wp-content\/uploads\/2025\/03\/mujer-exito.jpg",1280,831,false],"landscape":["https:\/\/italcamara-es.com\/wp-content\/uploads\/2025\/03\/mujer-exito.jpg",1280,831,false],"portraits":["https:\/\/italcamara-es.com\/wp-content\/uploads\/2025\/03\/mujer-exito.jpg",1280,831,false],"thumbnail":["https:\/\/italcamara-es.com\/wp-content\/uploads\/2025\/03\/mujer-exito-150x150.jpg",150,150,true],"medium":["https:\/\/italcamara-es.com\/wp-content\/uploads\/2025\/03\/mujer-exito-300x195.jpg",300,195,true],"large":["https:\/\/italcamara-es.com\/wp-content\/uploads\/2025\/03\/mujer-exito-1024x665.jpg",1024,665,true],"1536x1536":["https:\/\/italcamara-es.com\/wp-content\/uploads\/2025\/03\/mujer-exito.jpg",1280,831,false],"2048x2048":["https:\/\/italcamara-es.com\/wp-content\/uploads\/2025\/03\/mujer-exito.jpg",1280,831,false],"ocean-thumb-m":["https:\/\/italcamara-es.com\/wp-content\/uploads\/2025\/03\/mujer-exito-600x600.jpg",600,600,true],"ocean-thumb-ml":["https:\/\/italcamara-es.com\/wp-content\/uploads\/2025\/03\/mujer-exito-800x450.jpg",800,450,true],"ocean-thumb-l":["https:\/\/italcamara-es.com\/wp-content\/uploads\/2025\/03\/mujer-exito-1200x700.jpg",1200,700,true],"directorist_preview":["https:\/\/italcamara-es.com\/wp-content\/uploads\/2025\/03\/mujer-exito-640x360.jpg",640,360,true]},"rttpg_author":{"display_name":"administrador","author_link":"https:\/\/italcamara-es.com\/it\/author\/administrador\/"},"rttpg_comment":0,"rttpg_category":"<a href=\"https:\/\/italcamara-es.com\/it\/category\/notizie\/\" rel=\"category tag\">Notizie<\/a>","rttpg_excerpt":"la Camera di Commercio e Industria Italiana per la Spagna\u00a0(CCIS) organizza, in collaborazione con Di Ubaldo Abogados\u00a0e la Fundaci\u00f3n Mabea Sello de Mujer, \u00a0il seminario &#8220;La mujer y su camino de \u00e9xito&#8221; (&#8220;La donna ed il suo cammino verso il successo&#8221;), con l&#8217;obiettivo di orientare i presenti su come raggiungere il successo sia nell&#8217;ambito professionale&hellip;","_links":{"self":[{"href":"https:\/\/italcamara-es.com\/it\/wp-json\/wp\/v2\/posts\/55998","targetHints":{"allow":["GET"]}}],"collection":[{"href":"https:\/\/italcamara-es.com\/it\/wp-json\/wp\/v2\/posts"}],"about":[{"href":"https:\/\/italcamara-es.com\/it\/wp-json\/wp\/v2\/types\/post"}],"author":[{"embeddable":true,"href":"https:\/\/italcamara-es.com\/it\/wp-json\/wp\/v2\/users\/1"}],"replies":[{"embeddable":true,"href":"https:\/\/italcamara-es.com\/it\/wp-json\/wp\/v2\/comments?post=55998"}],"version-history":[{"count":1,"href":"https:\/\/italcamara-es.com\/it\/wp-json\/wp\/v2\/posts\/55998\/revisions"}],"predecessor-version":[{"id":57230,"href":"https:\/\/italcamara-es.com\/it\/wp-json\/wp\/v2\/posts\/55998\/revisions\/57230"}],"wp:featuredmedia":[{"embeddable":true,"href":"https:\/\/italcamara-es.com\/it\/wp-json\/wp\/v2\/media\/52545"}],"wp:attachment":[{"href":"https:\/\/italcamara-es.com\/it\/wp-json\/wp\/v2\/media?parent=55998"}],"wp:term":[{"taxonomy":"category","embeddable":true,"href":"https:\/\/italcamara-es.com\/it\/wp-json\/wp\/v2\/categories?post=55998"},{"taxonomy":"post_tag","embeddable":true,"href":"https:\/\/italcamara-es.com\/it\/wp-json\/wp\/v2\/tags?post=55998"}],"curies":[{"name":"wp","href":"https:\/\/api.w.org\/{rel}","templated":true}]}}