	{"id":55999,"date":"2017-11-23T09:31:57","date_gmt":"2017-11-23T08:31:57","guid":{"rendered":"http:\/\/pre.italcamara-es.com\/senza-categoria\/claudio-ferretti-engineering-la-soddisfazione-piu-grande-della-mia-carriera-professionale-e-quella-che-deve-ancora-venire\/"},"modified":"2025-03-30T13:59:12","modified_gmt":"2025-03-30T11:59:12","slug":"claudio-ferretti-engineering-la-soddisfazione-piu-grande-della-mia-carriera-professionale-e-quella-che-deve-ancora-venire","status":"publish","type":"post","link":"https:\/\/italcamara-es.com\/it\/notizie\/claudio-ferretti-engineering-la-soddisfazione-piu-grande-della-mia-carriera-professionale-e-quella-che-deve-ancora-venire\/","title":{"rendered":"Claudio Ferretti (Engineering): &#8220;La soddisfazione pi\u00f9 grande della mia carriera professionale \u00e8 quella che deve ancora venire!&#8221;"},"content":{"rendered":"<p><em>Selezionato per far parte del gruppo di mentor in Spagna nell&#8217;ambito del programma &#8220;Chamber Mentoring for internation Growth&#8221;, il direttore della Divisione Estero E&amp;U e Country Manager Spagna per &#8220;Engineering Ingenier\u00eda inform\u00e1tica&#8221; ci presenta la sua esperienza professionale e personale nei due paesi a cui \u00e8 profondamente legato.<\/em><\/p>\n<p>Nell\u2019ambito del progetto \u201c<a href=\"https:\/\/www.italcamara-es.com\/it\/2017\/07\/19\/mentoring-spagna-italia\/\">Mentoring Spagna \u2013 Italia<\/a>\u201d , gestito dalla Camera di Commercio e Industria Italiana per la Spagna nell&#8217;ambito del programma &#8220;<a href=\"https:\/\/www.chambermentoring.it\/\" target=\"_blank\" rel=\"noopener\">Chamber Mentoring for internation Growth<\/a>&#8220;, promosso da<a href=\"http:\/\/www.assocamerestero.it\" target=\"_blank\" rel=\"noopener\"> Assocamerestero<\/a> e <a href=\"http:\/\/www.unioncamere.gov.it\/\" target=\"_blank\" rel=\"noopener\">Unioncamere<\/a>,\u00a0 prenderanno il via le relazioni <em>mentor \u2013 mentee<\/em> durante il mese di dicembre.<\/p>\n<p>Abbiamo fatto qualche domanda a Claudio Ferretti, Direttore Divisione Estero E&amp;U e County Manager Spagna per Engineering Ingegneria Informatica, per conoscere meglio la sua esperienza professionale e personale.<\/p>\n<figure id=\"attachment_14693\" aria-describedby=\"caption-attachment-14693\" style=\"width: 202px\" class=\"wp-caption alignright\"><img fetchpriority=\"high\" decoding=\"async\" class=\"wp-image-14693 size-medium\" src=\"https:\/\/www.italcamara-es.com\/wp-content\/uploads\/2017\/11\/Claudio-Ferretti-202x269.jpg\" alt=\"Claudio-Ferretti\" width=\"202\" height=\"269\" \/><figcaption id=\"caption-attachment-14693\" class=\"wp-caption-text\">Claudio Ferretti<\/figcaption><\/figure>\n<p><strong>Vivi tra Italia e Spagna, a quale delle due ti senti pi\u00fa legato?<\/strong><br \/>\nSono Italiano e quindi il legame con il mio paese, la mia regione e la mia citt\u00e0 di nascita \u00e8 molto forte, ma mi piace anche considerarmi un cittadino Europeo, quindi anche Spagnolo, Tedesco, Sloveno\u2026. Per mia fortuna viaggio molto e mi rendo conto di quanto siamo simili e di quanto sono pericolosi i nazionalismi.<\/p>\n<p><strong>Secondo te quali sono i punti forti dei due paesi?<\/strong><br \/>\nI punti forti di Italia e Spagna: \u00a0l\u2019Italia ha una capacit\u00e0 industriale,\u00a0 un tessuto di piccole e medie imprese molto innovative e la capacit\u00e0 trovare soluzioni a problemi complessi che ci invidiano anche i tedeschi. La Spagna ha infrastrutture, aziende che realizzano e gestiscono infrastrutture\u00a0 e una dimensione e vocazione internazionale di queste aziende che sono impressionanti.<\/p>\n<p><strong>Quale \u00e9 stata la maggiore soddisfazione che ti ha dato la tua carriera professionale?<br \/>\n<\/strong> La soddisfazione pi\u00f9 grande della mia carriera professionale \u00e8 quella che deve ancora venire, sempre!<\/p>\n<p><strong>E la decisione pi\u00fa difficile che hai intrapreso?<br \/>\n<\/strong> Mi piace quello che faccio \u00a0e cerco di lavorare con metodo, quindi non credo di aver mai preso decisioni difficili nel vero senso della parola perch\u00e9 ogni decisione \u00e8 frutto di una strategia e di un percorso per raggiungere gli obiettivi. Lavoro per un\u2019azienda che favorisce l\u2019imprenditorialit\u00e0 e che cresce da sempre. Le decisioni da prendere riguardano sempre come crescere e sono decisioni importanti ma mai \u201cdifficili\u201d come potrebbero essere quelle di lasciare a casa qualcuno.<\/p>\n<p><strong>Se dovessi descrivere la tua carriera professionale in una frase, quale sarebbe?<\/strong><br \/>\nQuella di Isaak Newton \u201cSe ho visto pi\u00f9 lontano \u00e8 perch\u00e9 stavo sulle spalle di giganti.\u201d \u00a0L\u2019aspetto pi\u00f9 importante della mia carriera \u00e8 quello che ho potuto, e per fortuna posso ancora, confrontarmi con persone straordinarie.<\/p>\n<p><strong>Cosa ti aspetti dal programma Mentoring?<br \/>\n<\/strong>Ho accettato di partecipare al programma per spirito di servizio alla comunit\u00e0. Sar\u00f2 contento se riuscir\u00f2 a dare una mano al sistema Italia a crescere. Non ho ancora conosciuto il mio mentee.<\/p>\n","protected":false},"excerpt":{"rendered":"<p>Selezionato per far parte del gruppo di mentor in Spagna nell&#8217;ambito del programma &#8220;Chamber Mentoring for internation Growth&#8221;, il direttore della Divisione Estero E&amp;U e Country Manager Spagna per &#8220;Engineering Ingenier\u00eda inform\u00e1tica&#8221; ci presenta la sua esperienza professionale e personale nei due paesi a cui \u00e8 profondamente legato. Nell\u2019ambito del progetto \u201cMentoring Spagna \u2013 Italia\u201d [&hellip;]<\/p>\n","protected":false},"author":1,"featured_media":52547,"comment_status":"open","ping_status":"open","sticky":false,"template":"","format":"standard","meta":{"inline_featured_image":false,"ocean_post_layout":"","ocean_both_sidebars_style":"","ocean_both_sidebars_content_width":0,"ocean_both_sidebars_sidebars_width":0,"ocean_sidebar":"","ocean_second_sidebar":"","ocean_disable_margins":"enable","ocean_add_body_class":"","ocean_shortcode_before_top_bar":"","ocean_shortcode_after_top_bar":"","ocean_shortcode_before_header":"","ocean_shortcode_after_header":"","ocean_has_shortcode":"","ocean_shortcode_after_title":"","ocean_shortcode_before_footer_widgets":"","ocean_shortcode_after_footer_widgets":"","ocean_shortcode_before_footer_bottom":"","ocean_shortcode_after_footer_bottom":"","ocean_display_top_bar":"default","ocean_display_header":"default","ocean_header_style":"","ocean_center_header_left_menu":"","ocean_custom_header_template":"","ocean_custom_logo":0,"ocean_custom_retina_logo":0,"ocean_custom_logo_max_width":0,"ocean_custom_logo_tablet_max_width":0,"ocean_custom_logo_mobile_max_width":0,"ocean_custom_logo_max_height":0,"ocean_custom_logo_tablet_max_height":0,"ocean_custom_logo_mobile_max_height":0,"ocean_header_custom_menu":"","ocean_menu_typo_font_family":"","ocean_menu_typo_font_subset":"","ocean_menu_typo_font_size":0,"ocean_menu_typo_font_size_tablet":0,"ocean_menu_typo_font_size_mobile":0,"ocean_menu_typo_font_size_unit":"px","ocean_menu_typo_font_weight":"","ocean_menu_typo_font_weight_tablet":"","ocean_menu_typo_font_weight_mobile":"","ocean_menu_typo_transform":"","ocean_menu_typo_transform_tablet":"","ocean_menu_typo_transform_mobile":"","ocean_menu_typo_line_height":0,"ocean_menu_typo_line_height_tablet":0,"ocean_menu_typo_line_height_mobile":0,"ocean_menu_typo_line_height_unit":"","ocean_menu_typo_spacing":0,"ocean_menu_typo_spacing_tablet":0,"ocean_menu_typo_spacing_mobile":0,"ocean_menu_typo_spacing_unit":"","ocean_menu_link_color":"","ocean_menu_link_color_hover":"","ocean_menu_link_color_active":"","ocean_menu_link_background":"","ocean_menu_link_hover_background":"","ocean_menu_link_active_background":"","ocean_menu_social_links_bg":"","ocean_menu_social_hover_links_bg":"","ocean_menu_social_links_color":"","ocean_menu_social_hover_links_color":"","ocean_disable_title":"default","ocean_disable_heading":"default","ocean_post_title":"","ocean_post_subheading":"","ocean_post_title_style":"","ocean_post_title_background_color":"","ocean_post_title_background":0,"ocean_post_title_bg_image_position":"","ocean_post_title_bg_image_attachment":"","ocean_post_title_bg_image_repeat":"","ocean_post_title_bg_image_size":"","ocean_post_title_height":0,"ocean_post_title_bg_overlay":0.5,"ocean_post_title_bg_overlay_color":"","ocean_disable_breadcrumbs":"default","ocean_breadcrumbs_color":"","ocean_breadcrumbs_separator_color":"","ocean_breadcrumbs_links_color":"","ocean_breadcrumbs_links_hover_color":"","ocean_display_footer_widgets":"default","ocean_display_footer_bottom":"default","ocean_custom_footer_template":"","ocean_post_oembed":"","ocean_post_self_hosted_media":"","ocean_post_video_embed":"","ocean_link_format":"","ocean_link_format_target":"self","ocean_quote_format":"","ocean_quote_format_link":"post","ocean_gallery_link_images":"on","ocean_gallery_id":[],"footnotes":""},"categories":[133],"tags":[139],"class_list":["post-55999","post","type-post","status-publish","format-standard","has-post-thumbnail","hentry","category-notizie","tag-notizie-di-la-ccis","entry","has-media"],"yoast_head":"<!-- This site is optimized with the Yoast SEO plugin v27.5 - https:\/\/yoast.com\/product\/yoast-seo-wordpress\/ -->\n<title>Claudio Ferretti (Engineering): &quot;La soddisfazione pi\u00f9 grande della mia carriera professionale \u00e8 quella che deve ancora venire!&quot; - Italcamara<\/title>\n<meta name=\"robots\" content=\"index, follow, max-snippet:-1, max-image-preview:large, max-video-preview:-1\" \/>\n<link rel=\"canonical\" href=\"https:\/\/italcamara-es.com\/it\/notizie\/claudio-ferretti-engineering-la-soddisfazione-piu-grande-della-mia-carriera-professionale-e-quella-che-deve-ancora-venire\/\" \/>\n<meta property=\"og:locale\" content=\"it_IT\" \/>\n<meta property=\"og:type\" content=\"article\" \/>\n<meta property=\"og:title\" content=\"Claudio Ferretti (Engineering): &quot;La soddisfazione pi\u00f9 grande della mia carriera professionale \u00e8 quella che deve ancora venire!&quot; - Italcamara\" \/>\n<meta property=\"og:description\" content=\"Selezionato per far parte del gruppo di mentor in Spagna nell&#8217;ambito del programma &#8220;Chamber Mentoring for internation Growth&#8221;, il direttore della Divisione Estero E&amp;U e Country Manager Spagna per &#8220;Engineering Ingenier\u00eda inform\u00e1tica&#8221; ci presenta la sua esperienza professionale e personale nei due paesi a cui \u00e8 profondamente legato. Nell\u2019ambito del progetto \u201cMentoring Spagna \u2013 Italia\u201d [&hellip;]\" \/>\n<meta property=\"og:url\" content=\"https:\/\/italcamara-es.com\/it\/notizie\/claudio-ferretti-engineering-la-soddisfazione-piu-grande-della-mia-carriera-professionale-e-quella-che-deve-ancora-venire\/\" \/>\n<meta property=\"og:site_name\" content=\"Italcamara\" \/>\n<meta property=\"article:published_time\" content=\"2017-11-23T08:31:57+00:00\" \/>\n<meta property=\"article:modified_time\" content=\"2025-03-30T11:59:12+00:00\" \/>\n<meta property=\"og:image\" content=\"https:\/\/italcamara-es.com\/wp-content\/uploads\/2025\/03\/mentoringdef.jpg\" \/>\n\t<meta property=\"og:image:width\" content=\"250\" \/>\n\t<meta property=\"og:image:height\" content=\"144\" \/>\n\t<meta property=\"og:image:type\" content=\"image\/jpeg\" \/>\n<meta name=\"author\" content=\"administrador\" \/>\n<meta name=\"twitter:card\" content=\"summary_large_image\" \/>\n<meta name=\"twitter:label1\" content=\"Scritto da\" \/>\n\t<meta name=\"twitter:data1\" content=\"administrador\" \/>\n\t<meta name=\"twitter:label2\" content=\"Tempo di lettura stimato\" \/>\n\t<meta name=\"twitter:data2\" content=\"2 minuti\" \/>\n<script type=\"application\/ld+json\" class=\"yoast-schema-graph\">{\"@context\":\"https:\\\/\\\/schema.org\",\"@graph\":[{\"@type\":\"Article\",\"@id\":\"https:\\\/\\\/italcamara-es.com\\\/it\\\/notizie\\\/claudio-ferretti-engineering-la-soddisfazione-piu-grande-della-mia-carriera-professionale-e-quella-che-deve-ancora-venire\\\/#article\",\"isPartOf\":{\"@id\":\"https:\\\/\\\/italcamara-es.com\\\/it\\\/notizie\\\/claudio-ferretti-engineering-la-soddisfazione-piu-grande-della-mia-carriera-professionale-e-quella-che-deve-ancora-venire\\\/\"},\"author\":{\"name\":\"administrador\",\"@id\":\"https:\\\/\\\/italcamara-es.com\\\/#\\\/schema\\\/person\\\/bb3c56263e405bbd9a15171dcfee93bb\"},\"headline\":\"Claudio Ferretti (Engineering): &#8220;La soddisfazione pi\u00f9 grande della mia carriera professionale \u00e8 quella che deve ancora venire!&#8221;\",\"datePublished\":\"2017-11-23T08:31:57+00:00\",\"dateModified\":\"2025-03-30T11:59:12+00:00\",\"mainEntityOfPage\":{\"@id\":\"https:\\\/\\\/italcamara-es.com\\\/it\\\/notizie\\\/claudio-ferretti-engineering-la-soddisfazione-piu-grande-della-mia-carriera-professionale-e-quella-che-deve-ancora-venire\\\/\"},\"wordCount\":483,\"commentCount\":0,\"image\":{\"@id\":\"https:\\\/\\\/italcamara-es.com\\\/it\\\/notizie\\\/claudio-ferretti-engineering-la-soddisfazione-piu-grande-della-mia-carriera-professionale-e-quella-che-deve-ancora-venire\\\/#primaryimage\"},\"thumbnailUrl\":\"https:\\\/\\\/italcamara-es.com\\\/wp-content\\\/uploads\\\/2025\\\/03\\\/mentoringdef.jpg\",\"keywords\":[\"Notizie di la CCIS\"],\"articleSection\":[\"Notizie\"],\"inLanguage\":\"it-IT\",\"potentialAction\":[{\"@type\":\"CommentAction\",\"name\":\"Comment\",\"target\":[\"https:\\\/\\\/italcamara-es.com\\\/it\\\/notizie\\\/claudio-ferretti-engineering-la-soddisfazione-piu-grande-della-mia-carriera-professionale-e-quella-che-deve-ancora-venire\\\/#respond\"]}]},{\"@type\":\"WebPage\",\"@id\":\"https:\\\/\\\/italcamara-es.com\\\/it\\\/notizie\\\/claudio-ferretti-engineering-la-soddisfazione-piu-grande-della-mia-carriera-professionale-e-quella-che-deve-ancora-venire\\\/\",\"url\":\"https:\\\/\\\/italcamara-es.com\\\/it\\\/notizie\\\/claudio-ferretti-engineering-la-soddisfazione-piu-grande-della-mia-carriera-professionale-e-quella-che-deve-ancora-venire\\\/\",\"name\":\"Claudio Ferretti (Engineering): \\\"La soddisfazione pi\u00f9 grande della mia carriera professionale \u00e8 quella che deve ancora venire!\\\" - Italcamara\",\"isPartOf\":{\"@id\":\"https:\\\/\\\/italcamara-es.com\\\/#website\"},\"primaryImageOfPage\":{\"@id\":\"https:\\\/\\\/italcamara-es.com\\\/it\\\/notizie\\\/claudio-ferretti-engineering-la-soddisfazione-piu-grande-della-mia-carriera-professionale-e-quella-che-deve-ancora-venire\\\/#primaryimage\"},\"image\":{\"@id\":\"https:\\\/\\\/italcamara-es.com\\\/it\\\/notizie\\\/claudio-ferretti-engineering-la-soddisfazione-piu-grande-della-mia-carriera-professionale-e-quella-che-deve-ancora-venire\\\/#primaryimage\"},\"thumbnailUrl\":\"https:\\\/\\\/italcamara-es.com\\\/wp-content\\\/uploads\\\/2025\\\/03\\\/mentoringdef.jpg\",\"datePublished\":\"2017-11-23T08:31:57+00:00\",\"dateModified\":\"2025-03-30T11:59:12+00:00\",\"author\":{\"@id\":\"https:\\\/\\\/italcamara-es.com\\\/#\\\/schema\\\/person\\\/bb3c56263e405bbd9a15171dcfee93bb\"},\"breadcrumb\":{\"@id\":\"https:\\\/\\\/italcamara-es.com\\\/it\\\/notizie\\\/claudio-ferretti-engineering-la-soddisfazione-piu-grande-della-mia-carriera-professionale-e-quella-che-deve-ancora-venire\\\/#breadcrumb\"},\"inLanguage\":\"it-IT\",\"potentialAction\":[{\"@type\":\"ReadAction\",\"target\":[\"https:\\\/\\\/italcamara-es.com\\\/it\\\/notizie\\\/claudio-ferretti-engineering-la-soddisfazione-piu-grande-della-mia-carriera-professionale-e-quella-che-deve-ancora-venire\\\/\"]}]},{\"@type\":\"ImageObject\",\"inLanguage\":\"it-IT\",\"@id\":\"https:\\\/\\\/italcamara-es.com\\\/it\\\/notizie\\\/claudio-ferretti-engineering-la-soddisfazione-piu-grande-della-mia-carriera-professionale-e-quella-che-deve-ancora-venire\\\/#primaryimage\",\"url\":\"https:\\\/\\\/italcamara-es.com\\\/wp-content\\\/uploads\\\/2025\\\/03\\\/mentoringdef.jpg\",\"contentUrl\":\"https:\\\/\\\/italcamara-es.com\\\/wp-content\\\/uploads\\\/2025\\\/03\\\/mentoringdef.jpg\",\"width\":250,\"height\":144},{\"@type\":\"BreadcrumbList\",\"@id\":\"https:\\\/\\\/italcamara-es.com\\\/it\\\/notizie\\\/claudio-ferretti-engineering-la-soddisfazione-piu-grande-della-mia-carriera-professionale-e-quella-che-deve-ancora-venire\\\/#breadcrumb\",\"itemListElement\":[{\"@type\":\"ListItem\",\"position\":1,\"name\":\"Inicio\",\"item\":\"https:\\\/\\\/italcamara-es.com\\\/it\\\/homepage-ita\\\/\"},{\"@type\":\"ListItem\",\"position\":2,\"name\":\"Claudio Ferretti (Engineering): &#8220;La soddisfazione pi\u00f9 grande della mia carriera professionale \u00e8 quella che deve ancora venire!&#8221;\"}]},{\"@type\":\"WebSite\",\"@id\":\"https:\\\/\\\/italcamara-es.com\\\/#website\",\"url\":\"https:\\\/\\\/italcamara-es.com\\\/\",\"name\":\"Italcamara\",\"description\":\"\",\"potentialAction\":[{\"@type\":\"SearchAction\",\"target\":{\"@type\":\"EntryPoint\",\"urlTemplate\":\"https:\\\/\\\/italcamara-es.com\\\/?s={search_term_string}\"},\"query-input\":{\"@type\":\"PropertyValueSpecification\",\"valueRequired\":true,\"valueName\":\"search_term_string\"}}],\"inLanguage\":\"it-IT\"},{\"@type\":\"Person\",\"@id\":\"https:\\\/\\\/italcamara-es.com\\\/#\\\/schema\\\/person\\\/bb3c56263e405bbd9a15171dcfee93bb\",\"name\":\"administrador\",\"image\":{\"@type\":\"ImageObject\",\"inLanguage\":\"it-IT\",\"@id\":\"https:\\\/\\\/secure.gravatar.com\\\/avatar\\\/14b5e63db38320b12031bb28cf9f77e210aa71fb3a8a3602a3c9a05134fa75eb?s=96&d=mm&r=g\",\"url\":\"https:\\\/\\\/secure.gravatar.com\\\/avatar\\\/14b5e63db38320b12031bb28cf9f77e210aa71fb3a8a3602a3c9a05134fa75eb?s=96&d=mm&r=g\",\"contentUrl\":\"https:\\\/\\\/secure.gravatar.com\\\/avatar\\\/14b5e63db38320b12031bb28cf9f77e210aa71fb3a8a3602a3c9a05134fa75eb?s=96&d=mm&r=g\",\"caption\":\"administrador\"},\"sameAs\":[\"http:\\\/\\\/pre.italcamara-es.com\"],\"url\":\"https:\\\/\\\/italcamara-es.com\\\/it\\\/author\\\/administrador\\\/\"}]}<\/script>\n<!-- \/ Yoast SEO plugin. -->","yoast_head_json":{"title":"Claudio Ferretti (Engineering): \"La soddisfazione pi\u00f9 grande della mia carriera professionale \u00e8 quella che deve ancora venire!\" - Italcamara","robots":{"index":"index","follow":"follow","max-snippet":"max-snippet:-1","max-image-preview":"max-image-preview:large","max-video-preview":"max-video-preview:-1"},"canonical":"https:\/\/italcamara-es.com\/it\/notizie\/claudio-ferretti-engineering-la-soddisfazione-piu-grande-della-mia-carriera-professionale-e-quella-che-deve-ancora-venire\/","og_locale":"it_IT","og_type":"article","og_title":"Claudio Ferretti (Engineering): \"La soddisfazione pi\u00f9 grande della mia carriera professionale \u00e8 quella che deve ancora venire!\" - Italcamara","og_description":"Selezionato per far parte del gruppo di mentor in Spagna nell&#8217;ambito del programma &#8220;Chamber Mentoring for internation Growth&#8221;, il direttore della Divisione Estero E&amp;U e Country Manager Spagna per &#8220;Engineering Ingenier\u00eda inform\u00e1tica&#8221; ci presenta la sua esperienza professionale e personale nei due paesi a cui \u00e8 profondamente legato. Nell\u2019ambito del progetto \u201cMentoring Spagna \u2013 Italia\u201d [&hellip;]","og_url":"https:\/\/italcamara-es.com\/it\/notizie\/claudio-ferretti-engineering-la-soddisfazione-piu-grande-della-mia-carriera-professionale-e-quella-che-deve-ancora-venire\/","og_site_name":"Italcamara","article_published_time":"2017-11-23T08:31:57+00:00","article_modified_time":"2025-03-30T11:59:12+00:00","og_image":[{"width":250,"height":144,"url":"https:\/\/italcamara-es.com\/wp-content\/uploads\/2025\/03\/mentoringdef.jpg","type":"image\/jpeg"}],"author":"administrador","twitter_card":"summary_large_image","twitter_misc":{"Scritto da":"administrador","Tempo di lettura stimato":"2 minuti"},"schema":{"@context":"https:\/\/schema.org","@graph":[{"@type":"Article","@id":"https:\/\/italcamara-es.com\/it\/notizie\/claudio-ferretti-engineering-la-soddisfazione-piu-grande-della-mia-carriera-professionale-e-quella-che-deve-ancora-venire\/#article","isPartOf":{"@id":"https:\/\/italcamara-es.com\/it\/notizie\/claudio-ferretti-engineering-la-soddisfazione-piu-grande-della-mia-carriera-professionale-e-quella-che-deve-ancora-venire\/"},"author":{"name":"administrador","@id":"https:\/\/italcamara-es.com\/#\/schema\/person\/bb3c56263e405bbd9a15171dcfee93bb"},"headline":"Claudio Ferretti (Engineering): &#8220;La soddisfazione pi\u00f9 grande della mia carriera professionale \u00e8 quella che deve ancora venire!&#8221;","datePublished":"2017-11-23T08:31:57+00:00","dateModified":"2025-03-30T11:59:12+00:00","mainEntityOfPage":{"@id":"https:\/\/italcamara-es.com\/it\/notizie\/claudio-ferretti-engineering-la-soddisfazione-piu-grande-della-mia-carriera-professionale-e-quella-che-deve-ancora-venire\/"},"wordCount":483,"commentCount":0,"image":{"@id":"https:\/\/italcamara-es.com\/it\/notizie\/claudio-ferretti-engineering-la-soddisfazione-piu-grande-della-mia-carriera-professionale-e-quella-che-deve-ancora-venire\/#primaryimage"},"thumbnailUrl":"https:\/\/italcamara-es.com\/wp-content\/uploads\/2025\/03\/mentoringdef.jpg","keywords":["Notizie di la CCIS"],"articleSection":["Notizie"],"inLanguage":"it-IT","potentialAction":[{"@type":"CommentAction","name":"Comment","target":["https:\/\/italcamara-es.com\/it\/notizie\/claudio-ferretti-engineering-la-soddisfazione-piu-grande-della-mia-carriera-professionale-e-quella-che-deve-ancora-venire\/#respond"]}]},{"@type":"WebPage","@id":"https:\/\/italcamara-es.com\/it\/notizie\/claudio-ferretti-engineering-la-soddisfazione-piu-grande-della-mia-carriera-professionale-e-quella-che-deve-ancora-venire\/","url":"https:\/\/italcamara-es.com\/it\/notizie\/claudio-ferretti-engineering-la-soddisfazione-piu-grande-della-mia-carriera-professionale-e-quella-che-deve-ancora-venire\/","name":"Claudio Ferretti (Engineering): \"La soddisfazione pi\u00f9 grande della mia carriera professionale \u00e8 quella che deve ancora venire!\" - Italcamara","isPartOf":{"@id":"https:\/\/italcamara-es.com\/#website"},"primaryImageOfPage":{"@id":"https:\/\/italcamara-es.com\/it\/notizie\/claudio-ferretti-engineering-la-soddisfazione-piu-grande-della-mia-carriera-professionale-e-quella-che-deve-ancora-venire\/#primaryimage"},"image":{"@id":"https:\/\/italcamara-es.com\/it\/notizie\/claudio-ferretti-engineering-la-soddisfazione-piu-grande-della-mia-carriera-professionale-e-quella-che-deve-ancora-venire\/#primaryimage"},"thumbnailUrl":"https:\/\/italcamara-es.com\/wp-content\/uploads\/2025\/03\/mentoringdef.jpg","datePublished":"2017-11-23T08:31:57+00:00","dateModified":"2025-03-30T11:59:12+00:00","author":{"@id":"https:\/\/italcamara-es.com\/#\/schema\/person\/bb3c56263e405bbd9a15171dcfee93bb"},"breadcrumb":{"@id":"https:\/\/italcamara-es.com\/it\/notizie\/claudio-ferretti-engineering-la-soddisfazione-piu-grande-della-mia-carriera-professionale-e-quella-che-deve-ancora-venire\/#breadcrumb"},"inLanguage":"it-IT","potentialAction":[{"@type":"ReadAction","target":["https:\/\/italcamara-es.com\/it\/notizie\/claudio-ferretti-engineering-la-soddisfazione-piu-grande-della-mia-carriera-professionale-e-quella-che-deve-ancora-venire\/"]}]},{"@type":"ImageObject","inLanguage":"it-IT","@id":"https:\/\/italcamara-es.com\/it\/notizie\/claudio-ferretti-engineering-la-soddisfazione-piu-grande-della-mia-carriera-professionale-e-quella-che-deve-ancora-venire\/#primaryimage","url":"https:\/\/italcamara-es.com\/wp-content\/uploads\/2025\/03\/mentoringdef.jpg","contentUrl":"https:\/\/italcamara-es.com\/wp-content\/uploads\/2025\/03\/mentoringdef.jpg","width":250,"height":144},{"@type":"BreadcrumbList","@id":"https:\/\/italcamara-es.com\/it\/notizie\/claudio-ferretti-engineering-la-soddisfazione-piu-grande-della-mia-carriera-professionale-e-quella-che-deve-ancora-venire\/#breadcrumb","itemListElement":[{"@type":"ListItem","position":1,"name":"Inicio","item":"https:\/\/italcamara-es.com\/it\/homepage-ita\/"},{"@type":"ListItem","position":2,"name":"Claudio Ferretti (Engineering): &#8220;La soddisfazione pi\u00f9 grande della mia carriera professionale \u00e8 quella che deve ancora venire!&#8221;"}]},{"@type":"WebSite","@id":"https:\/\/italcamara-es.com\/#website","url":"https:\/\/italcamara-es.com\/","name":"Italcamara","description":"","potentialAction":[{"@type":"SearchAction","target":{"@type":"EntryPoint","urlTemplate":"https:\/\/italcamara-es.com\/?s={search_term_string}"},"query-input":{"@type":"PropertyValueSpecification","valueRequired":true,"valueName":"search_term_string"}}],"inLanguage":"it-IT"},{"@type":"Person","@id":"https:\/\/italcamara-es.com\/#\/schema\/person\/bb3c56263e405bbd9a15171dcfee93bb","name":"administrador","image":{"@type":"ImageObject","inLanguage":"it-IT","@id":"https:\/\/secure.gravatar.com\/avatar\/14b5e63db38320b12031bb28cf9f77e210aa71fb3a8a3602a3c9a05134fa75eb?s=96&d=mm&r=g","url":"https:\/\/secure.gravatar.com\/avatar\/14b5e63db38320b12031bb28cf9f77e210aa71fb3a8a3602a3c9a05134fa75eb?s=96&d=mm&r=g","contentUrl":"https:\/\/secure.gravatar.com\/avatar\/14b5e63db38320b12031bb28cf9f77e210aa71fb3a8a3602a3c9a05134fa75eb?s=96&d=mm&r=g","caption":"administrador"},"sameAs":["http:\/\/pre.italcamara-es.com"],"url":"https:\/\/italcamara-es.com\/it\/author\/administrador\/"}]}},"rttpg_featured_image_url":{"full":["https:\/\/italcamara-es.com\/wp-content\/uploads\/2025\/03\/mentoringdef.jpg",250,144,false],"landscape":["https:\/\/italcamara-es.com\/wp-content\/uploads\/2025\/03\/mentoringdef.jpg",250,144,false],"portraits":["https:\/\/italcamara-es.com\/wp-content\/uploads\/2025\/03\/mentoringdef.jpg",250,144,false],"thumbnail":["https:\/\/italcamara-es.com\/wp-content\/uploads\/2025\/03\/mentoringdef-150x144.jpg",150,144,true],"medium":["https:\/\/italcamara-es.com\/wp-content\/uploads\/2025\/03\/mentoringdef.jpg",250,144,false],"large":["https:\/\/italcamara-es.com\/wp-content\/uploads\/2025\/03\/mentoringdef.jpg",250,144,false],"1536x1536":["https:\/\/italcamara-es.com\/wp-content\/uploads\/2025\/03\/mentoringdef.jpg",250,144,false],"2048x2048":["https:\/\/italcamara-es.com\/wp-content\/uploads\/2025\/03\/mentoringdef.jpg",250,144,false],"ocean-thumb-m":["https:\/\/italcamara-es.com\/wp-content\/uploads\/2025\/03\/mentoringdef.jpg",250,144,false],"ocean-thumb-ml":["https:\/\/italcamara-es.com\/wp-content\/uploads\/2025\/03\/mentoringdef.jpg",250,144,false],"ocean-thumb-l":["https:\/\/italcamara-es.com\/wp-content\/uploads\/2025\/03\/mentoringdef.jpg",250,144,false],"directorist_preview":["https:\/\/italcamara-es.com\/wp-content\/uploads\/2025\/03\/mentoringdef.jpg",250,144,false]},"rttpg_author":{"display_name":"administrador","author_link":"https:\/\/italcamara-es.com\/it\/author\/administrador\/"},"rttpg_comment":0,"rttpg_category":"<a href=\"https:\/\/italcamara-es.com\/it\/category\/notizie\/\" rel=\"category tag\">Notizie<\/a>","rttpg_excerpt":"Selezionato per far parte del gruppo di mentor in Spagna nell&#8217;ambito del programma &#8220;Chamber Mentoring for internation Growth&#8221;, il direttore della Divisione Estero E&amp;U e Country Manager Spagna per &#8220;Engineering Ingenier\u00eda inform\u00e1tica&#8221; ci presenta la sua esperienza professionale e personale nei due paesi a cui \u00e8 profondamente legato. Nell\u2019ambito del progetto \u201cMentoring Spagna \u2013 Italia\u201d&hellip;","_links":{"self":[{"href":"https:\/\/italcamara-es.com\/it\/wp-json\/wp\/v2\/posts\/55999","targetHints":{"allow":["GET"]}}],"collection":[{"href":"https:\/\/italcamara-es.com\/it\/wp-json\/wp\/v2\/posts"}],"about":[{"href":"https:\/\/italcamara-es.com\/it\/wp-json\/wp\/v2\/types\/post"}],"author":[{"embeddable":true,"href":"https:\/\/italcamara-es.com\/it\/wp-json\/wp\/v2\/users\/1"}],"replies":[{"embeddable":true,"href":"https:\/\/italcamara-es.com\/it\/wp-json\/wp\/v2\/comments?post=55999"}],"version-history":[{"count":1,"href":"https:\/\/italcamara-es.com\/it\/wp-json\/wp\/v2\/posts\/55999\/revisions"}],"predecessor-version":[{"id":57128,"href":"https:\/\/italcamara-es.com\/it\/wp-json\/wp\/v2\/posts\/55999\/revisions\/57128"}],"wp:featuredmedia":[{"embeddable":true,"href":"https:\/\/italcamara-es.com\/it\/wp-json\/wp\/v2\/media\/52547"}],"wp:attachment":[{"href":"https:\/\/italcamara-es.com\/it\/wp-json\/wp\/v2\/media?parent=55999"}],"wp:term":[{"taxonomy":"category","embeddable":true,"href":"https:\/\/italcamara-es.com\/it\/wp-json\/wp\/v2\/categories?post=55999"},{"taxonomy":"post_tag","embeddable":true,"href":"https:\/\/italcamara-es.com\/it\/wp-json\/wp\/v2\/tags?post=55999"}],"curies":[{"name":"wp","href":"https:\/\/api.w.org\/{rel}","templated":true}]}}