	{"id":56006,"date":"2017-11-30T08:53:23","date_gmt":"2017-11-30T07:53:23","guid":{"rendered":"http:\/\/pre.italcamara-es.com\/senza-categoria\/just-italia-alla-navidena-feria-internacional-de-las-culturas-2017\/"},"modified":"2025-03-30T14:15:12","modified_gmt":"2025-03-30T12:15:12","slug":"just-italia-alla-navidena-feria-internacional-de-las-culturas-2017","status":"publish","type":"post","link":"https:\/\/italcamara-es.com\/it\/notizie\/just-italia-alla-navidena-feria-internacional-de-las-culturas-2017\/","title":{"rendered":"Just Italia alla Navide\u00f1a Feria Internacional de las culturas 2017"},"content":{"rendered":"<p>L\u2019Ambasciata d\u2019Italia in Spagna, in collaborazione con la Camera di Commercio e Industria Italiana per la Spagna (<strong>CCIS<\/strong>), gestisce uno stand alla Navide\u00f1a Feria Madrile\u00f1a Internacional de las culturas, che si terr\u00e0 presso il Matadero (Paseo de la Chopera, 14, 28045 Madrid), dal 15 al 22 dicembre 2017. Il Comune di Madrid promuove questa fiera, che compie il suo terzo anno di vita e si pone l\u2019obiettivo di festeggiare il Natale, celebrando tutte le culture del mondo.<\/p>\n<p>&nbsp;<\/p>\n<p>Lo stand dedicato all\u2019Italia vedr\u00e0 la presenza dell\u2019impresa <em><strong>Just Italia<\/strong><\/em>, socia della CCIS, che esporr\u00e0 e vender\u00e0 prodotti gastronomici italiani ai visitatori della fiera. Inoltre, il Belpaese sar\u00e0 protagonista in due showcooking:<\/p>\n<p>\u2022 Venerd\u00ec 15 alle 16:30, lo chef <strong>Alessandro Cresta<\/strong> preparer\u00e0 \u201c<em>Bu\u00f1uelos de casta\u00f1as<\/em>\u201d con mousse di ricotta di pecora italiana e guanciale croccante. Si tratta di uno showcooking con musica, nel quale il gruppo <strong>Mundo Chill\u00f3n<\/strong> accompagner\u00e0 lo chef con le proprie sinfonie;<br \/>\n\u2022 Luned\u00ec 18 alle 15:15, lo chef <strong>Manfredi Bosco<\/strong> elaborer\u00e0 una ricetta speciale: \u201c<em>Spaghetti con alici e mollica<\/em>\u201d. Al termine dello showcooking \u00e8 prevista una degustazione.<\/p>\n<p>&nbsp;<\/p>\n<p>Per maggiori informazioni sulla fiera: <span style=\"color: #003366;\"><strong><a style=\"color: #003366;\" href=\"http:\/\/www.esmadrid.com\/agenda\/navidena-feria-internacional-culturas-matadero-madrid?utm_referrer=https%3A%2F%2Fwww.google.es%2F\" target=\"_blank\" rel=\"noopener\">Navide\u00f1a Feria Madrile\u00f1a Internacional de las culturas 2017<\/a><\/strong>\u00a0<\/span><\/p>\n","protected":false},"excerpt":{"rendered":"<p>L\u2019Ambasciata d\u2019Italia in Spagna, in collaborazione con la Camera di Commercio e Industria Italiana per la Spagna (CCIS), gestisce uno stand alla Navide\u00f1a Feria Madrile\u00f1a Internacional de las culturas, che si terr\u00e0 presso il Matadero (Paseo de la Chopera, 14, 28045 Madrid), dal 15 al 22 dicembre 2017. Il Comune di Madrid promuove questa fiera, [&hellip;]<\/p>\n","protected":false},"author":1,"featured_media":52549,"comment_status":"open","ping_status":"open","sticky":false,"template":"","format":"standard","meta":{"inline_featured_image":false,"ocean_post_layout":"","ocean_both_sidebars_style":"","ocean_both_sidebars_content_width":0,"ocean_both_sidebars_sidebars_width":0,"ocean_sidebar":"","ocean_second_sidebar":"","ocean_disable_margins":"enable","ocean_add_body_class":"","ocean_shortcode_before_top_bar":"","ocean_shortcode_after_top_bar":"","ocean_shortcode_before_header":"","ocean_shortcode_after_header":"","ocean_has_shortcode":"","ocean_shortcode_after_title":"","ocean_shortcode_before_footer_widgets":"","ocean_shortcode_after_footer_widgets":"","ocean_shortcode_before_footer_bottom":"","ocean_shortcode_after_footer_bottom":"","ocean_display_top_bar":"default","ocean_display_header":"default","ocean_header_style":"","ocean_center_header_left_menu":"","ocean_custom_header_template":"","ocean_custom_logo":0,"ocean_custom_retina_logo":0,"ocean_custom_logo_max_width":0,"ocean_custom_logo_tablet_max_width":0,"ocean_custom_logo_mobile_max_width":0,"ocean_custom_logo_max_height":0,"ocean_custom_logo_tablet_max_height":0,"ocean_custom_logo_mobile_max_height":0,"ocean_header_custom_menu":"","ocean_menu_typo_font_family":"","ocean_menu_typo_font_subset":"","ocean_menu_typo_font_size":0,"ocean_menu_typo_font_size_tablet":0,"ocean_menu_typo_font_size_mobile":0,"ocean_menu_typo_font_size_unit":"px","ocean_menu_typo_font_weight":"","ocean_menu_typo_font_weight_tablet":"","ocean_menu_typo_font_weight_mobile":"","ocean_menu_typo_transform":"","ocean_menu_typo_transform_tablet":"","ocean_menu_typo_transform_mobile":"","ocean_menu_typo_line_height":0,"ocean_menu_typo_line_height_tablet":0,"ocean_menu_typo_line_height_mobile":0,"ocean_menu_typo_line_height_unit":"","ocean_menu_typo_spacing":0,"ocean_menu_typo_spacing_tablet":0,"ocean_menu_typo_spacing_mobile":0,"ocean_menu_typo_spacing_unit":"","ocean_menu_link_color":"","ocean_menu_link_color_hover":"","ocean_menu_link_color_active":"","ocean_menu_link_background":"","ocean_menu_link_hover_background":"","ocean_menu_link_active_background":"","ocean_menu_social_links_bg":"","ocean_menu_social_hover_links_bg":"","ocean_menu_social_links_color":"","ocean_menu_social_hover_links_color":"","ocean_disable_title":"default","ocean_disable_heading":"default","ocean_post_title":"","ocean_post_subheading":"","ocean_post_title_style":"","ocean_post_title_background_color":"","ocean_post_title_background":0,"ocean_post_title_bg_image_position":"","ocean_post_title_bg_image_attachment":"","ocean_post_title_bg_image_repeat":"","ocean_post_title_bg_image_size":"","ocean_post_title_height":0,"ocean_post_title_bg_overlay":0.5,"ocean_post_title_bg_overlay_color":"","ocean_disable_breadcrumbs":"default","ocean_breadcrumbs_color":"","ocean_breadcrumbs_separator_color":"","ocean_breadcrumbs_links_color":"","ocean_breadcrumbs_links_hover_color":"","ocean_display_footer_widgets":"default","ocean_display_footer_bottom":"default","ocean_custom_footer_template":"","ocean_post_oembed":"","ocean_post_self_hosted_media":"","ocean_post_video_embed":"","ocean_link_format":"","ocean_link_format_target":"self","ocean_quote_format":"","ocean_quote_format_link":"post","ocean_gallery_link_images":"on","ocean_gallery_id":[],"footnotes":""},"categories":[133],"tags":[139],"class_list":["post-56006","post","type-post","status-publish","format-standard","has-post-thumbnail","hentry","category-notizie","tag-notizie-di-la-ccis","entry","has-media"],"yoast_head":"<!-- This site is optimized with the Yoast SEO plugin v27.5 - https:\/\/yoast.com\/product\/yoast-seo-wordpress\/ -->\n<title>Just Italia alla Navide\u00f1a Feria Internacional de las culturas 2017 - Italcamara<\/title>\n<meta name=\"robots\" content=\"index, follow, max-snippet:-1, max-image-preview:large, max-video-preview:-1\" \/>\n<link rel=\"canonical\" href=\"https:\/\/italcamara-es.com\/it\/notizie\/just-italia-alla-navidena-feria-internacional-de-las-culturas-2017\/\" \/>\n<meta property=\"og:locale\" content=\"it_IT\" \/>\n<meta property=\"og:type\" content=\"article\" \/>\n<meta property=\"og:title\" content=\"Just Italia alla Navide\u00f1a Feria Internacional de las culturas 2017 - Italcamara\" \/>\n<meta property=\"og:description\" content=\"L\u2019Ambasciata d\u2019Italia in Spagna, in collaborazione con la Camera di Commercio e Industria Italiana per la Spagna (CCIS), gestisce uno stand alla Navide\u00f1a Feria Madrile\u00f1a Internacional de las culturas, che si terr\u00e0 presso il Matadero (Paseo de la Chopera, 14, 28045 Madrid), dal 15 al 22 dicembre 2017. Il Comune di Madrid promuove questa fiera, [&hellip;]\" \/>\n<meta property=\"og:url\" content=\"https:\/\/italcamara-es.com\/it\/notizie\/just-italia-alla-navidena-feria-internacional-de-las-culturas-2017\/\" \/>\n<meta property=\"og:site_name\" content=\"Italcamara\" \/>\n<meta property=\"article:published_time\" content=\"2017-11-30T07:53:23+00:00\" \/>\n<meta property=\"article:modified_time\" content=\"2025-03-30T12:15:12+00:00\" \/>\n<meta property=\"og:image\" content=\"https:\/\/italcamara-es.com\/wp-content\/uploads\/2025\/03\/naidena1250.jpg\" \/>\n\t<meta property=\"og:image:width\" content=\"250\" \/>\n\t<meta property=\"og:image:height\" content=\"140\" \/>\n\t<meta property=\"og:image:type\" content=\"image\/jpeg\" \/>\n<meta name=\"author\" content=\"administrador\" \/>\n<meta name=\"twitter:card\" content=\"summary_large_image\" \/>\n<meta name=\"twitter:label1\" content=\"Scritto da\" \/>\n\t<meta name=\"twitter:data1\" content=\"administrador\" \/>\n\t<meta name=\"twitter:label2\" content=\"Tempo di lettura stimato\" \/>\n\t<meta name=\"twitter:data2\" content=\"1 minuto\" \/>\n<script type=\"application\/ld+json\" class=\"yoast-schema-graph\">{\"@context\":\"https:\\\/\\\/schema.org\",\"@graph\":[{\"@type\":\"Article\",\"@id\":\"https:\\\/\\\/italcamara-es.com\\\/it\\\/notizie\\\/just-italia-alla-navidena-feria-internacional-de-las-culturas-2017\\\/#article\",\"isPartOf\":{\"@id\":\"https:\\\/\\\/italcamara-es.com\\\/it\\\/notizie\\\/just-italia-alla-navidena-feria-internacional-de-las-culturas-2017\\\/\"},\"author\":{\"name\":\"administrador\",\"@id\":\"https:\\\/\\\/italcamara-es.com\\\/#\\\/schema\\\/person\\\/bb3c56263e405bbd9a15171dcfee93bb\"},\"headline\":\"Just Italia alla Navide\u00f1a Feria Internacional de las culturas 2017\",\"datePublished\":\"2017-11-30T07:53:23+00:00\",\"dateModified\":\"2025-03-30T12:15:12+00:00\",\"mainEntityOfPage\":{\"@id\":\"https:\\\/\\\/italcamara-es.com\\\/it\\\/notizie\\\/just-italia-alla-navidena-feria-internacional-de-las-culturas-2017\\\/\"},\"wordCount\":202,\"commentCount\":0,\"image\":{\"@id\":\"https:\\\/\\\/italcamara-es.com\\\/it\\\/notizie\\\/just-italia-alla-navidena-feria-internacional-de-las-culturas-2017\\\/#primaryimage\"},\"thumbnailUrl\":\"https:\\\/\\\/italcamara-es.com\\\/wp-content\\\/uploads\\\/2025\\\/03\\\/naidena1250.jpg\",\"keywords\":[\"Notizie di la CCIS\"],\"articleSection\":[\"Notizie\"],\"inLanguage\":\"it-IT\",\"potentialAction\":[{\"@type\":\"CommentAction\",\"name\":\"Comment\",\"target\":[\"https:\\\/\\\/italcamara-es.com\\\/it\\\/notizie\\\/just-italia-alla-navidena-feria-internacional-de-las-culturas-2017\\\/#respond\"]}]},{\"@type\":\"WebPage\",\"@id\":\"https:\\\/\\\/italcamara-es.com\\\/it\\\/notizie\\\/just-italia-alla-navidena-feria-internacional-de-las-culturas-2017\\\/\",\"url\":\"https:\\\/\\\/italcamara-es.com\\\/it\\\/notizie\\\/just-italia-alla-navidena-feria-internacional-de-las-culturas-2017\\\/\",\"name\":\"Just Italia alla Navide\u00f1a Feria Internacional de las culturas 2017 - Italcamara\",\"isPartOf\":{\"@id\":\"https:\\\/\\\/italcamara-es.com\\\/#website\"},\"primaryImageOfPage\":{\"@id\":\"https:\\\/\\\/italcamara-es.com\\\/it\\\/notizie\\\/just-italia-alla-navidena-feria-internacional-de-las-culturas-2017\\\/#primaryimage\"},\"image\":{\"@id\":\"https:\\\/\\\/italcamara-es.com\\\/it\\\/notizie\\\/just-italia-alla-navidena-feria-internacional-de-las-culturas-2017\\\/#primaryimage\"},\"thumbnailUrl\":\"https:\\\/\\\/italcamara-es.com\\\/wp-content\\\/uploads\\\/2025\\\/03\\\/naidena1250.jpg\",\"datePublished\":\"2017-11-30T07:53:23+00:00\",\"dateModified\":\"2025-03-30T12:15:12+00:00\",\"author\":{\"@id\":\"https:\\\/\\\/italcamara-es.com\\\/#\\\/schema\\\/person\\\/bb3c56263e405bbd9a15171dcfee93bb\"},\"breadcrumb\":{\"@id\":\"https:\\\/\\\/italcamara-es.com\\\/it\\\/notizie\\\/just-italia-alla-navidena-feria-internacional-de-las-culturas-2017\\\/#breadcrumb\"},\"inLanguage\":\"it-IT\",\"potentialAction\":[{\"@type\":\"ReadAction\",\"target\":[\"https:\\\/\\\/italcamara-es.com\\\/it\\\/notizie\\\/just-italia-alla-navidena-feria-internacional-de-las-culturas-2017\\\/\"]}]},{\"@type\":\"ImageObject\",\"inLanguage\":\"it-IT\",\"@id\":\"https:\\\/\\\/italcamara-es.com\\\/it\\\/notizie\\\/just-italia-alla-navidena-feria-internacional-de-las-culturas-2017\\\/#primaryimage\",\"url\":\"https:\\\/\\\/italcamara-es.com\\\/wp-content\\\/uploads\\\/2025\\\/03\\\/naidena1250.jpg\",\"contentUrl\":\"https:\\\/\\\/italcamara-es.com\\\/wp-content\\\/uploads\\\/2025\\\/03\\\/naidena1250.jpg\",\"width\":250,\"height\":140},{\"@type\":\"BreadcrumbList\",\"@id\":\"https:\\\/\\\/italcamara-es.com\\\/it\\\/notizie\\\/just-italia-alla-navidena-feria-internacional-de-las-culturas-2017\\\/#breadcrumb\",\"itemListElement\":[{\"@type\":\"ListItem\",\"position\":1,\"name\":\"Inicio\",\"item\":\"https:\\\/\\\/italcamara-es.com\\\/it\\\/homepage-ita\\\/\"},{\"@type\":\"ListItem\",\"position\":2,\"name\":\"Just Italia alla Navide\u00f1a Feria Internacional de las culturas 2017\"}]},{\"@type\":\"WebSite\",\"@id\":\"https:\\\/\\\/italcamara-es.com\\\/#website\",\"url\":\"https:\\\/\\\/italcamara-es.com\\\/\",\"name\":\"Italcamara\",\"description\":\"\",\"potentialAction\":[{\"@type\":\"SearchAction\",\"target\":{\"@type\":\"EntryPoint\",\"urlTemplate\":\"https:\\\/\\\/italcamara-es.com\\\/?s={search_term_string}\"},\"query-input\":{\"@type\":\"PropertyValueSpecification\",\"valueRequired\":true,\"valueName\":\"search_term_string\"}}],\"inLanguage\":\"it-IT\"},{\"@type\":\"Person\",\"@id\":\"https:\\\/\\\/italcamara-es.com\\\/#\\\/schema\\\/person\\\/bb3c56263e405bbd9a15171dcfee93bb\",\"name\":\"administrador\",\"image\":{\"@type\":\"ImageObject\",\"inLanguage\":\"it-IT\",\"@id\":\"https:\\\/\\\/secure.gravatar.com\\\/avatar\\\/14b5e63db38320b12031bb28cf9f77e210aa71fb3a8a3602a3c9a05134fa75eb?s=96&d=mm&r=g\",\"url\":\"https:\\\/\\\/secure.gravatar.com\\\/avatar\\\/14b5e63db38320b12031bb28cf9f77e210aa71fb3a8a3602a3c9a05134fa75eb?s=96&d=mm&r=g\",\"contentUrl\":\"https:\\\/\\\/secure.gravatar.com\\\/avatar\\\/14b5e63db38320b12031bb28cf9f77e210aa71fb3a8a3602a3c9a05134fa75eb?s=96&d=mm&r=g\",\"caption\":\"administrador\"},\"sameAs\":[\"http:\\\/\\\/pre.italcamara-es.com\"],\"url\":\"https:\\\/\\\/italcamara-es.com\\\/it\\\/author\\\/administrador\\\/\"}]}<\/script>\n<!-- \/ Yoast SEO plugin. -->","yoast_head_json":{"title":"Just Italia alla Navide\u00f1a Feria Internacional de las culturas 2017 - Italcamara","robots":{"index":"index","follow":"follow","max-snippet":"max-snippet:-1","max-image-preview":"max-image-preview:large","max-video-preview":"max-video-preview:-1"},"canonical":"https:\/\/italcamara-es.com\/it\/notizie\/just-italia-alla-navidena-feria-internacional-de-las-culturas-2017\/","og_locale":"it_IT","og_type":"article","og_title":"Just Italia alla Navide\u00f1a Feria Internacional de las culturas 2017 - Italcamara","og_description":"L\u2019Ambasciata d\u2019Italia in Spagna, in collaborazione con la Camera di Commercio e Industria Italiana per la Spagna (CCIS), gestisce uno stand alla Navide\u00f1a Feria Madrile\u00f1a Internacional de las culturas, che si terr\u00e0 presso il Matadero (Paseo de la Chopera, 14, 28045 Madrid), dal 15 al 22 dicembre 2017. Il Comune di Madrid promuove questa fiera, [&hellip;]","og_url":"https:\/\/italcamara-es.com\/it\/notizie\/just-italia-alla-navidena-feria-internacional-de-las-culturas-2017\/","og_site_name":"Italcamara","article_published_time":"2017-11-30T07:53:23+00:00","article_modified_time":"2025-03-30T12:15:12+00:00","og_image":[{"width":250,"height":140,"url":"https:\/\/italcamara-es.com\/wp-content\/uploads\/2025\/03\/naidena1250.jpg","type":"image\/jpeg"}],"author":"administrador","twitter_card":"summary_large_image","twitter_misc":{"Scritto da":"administrador","Tempo di lettura stimato":"1 minuto"},"schema":{"@context":"https:\/\/schema.org","@graph":[{"@type":"Article","@id":"https:\/\/italcamara-es.com\/it\/notizie\/just-italia-alla-navidena-feria-internacional-de-las-culturas-2017\/#article","isPartOf":{"@id":"https:\/\/italcamara-es.com\/it\/notizie\/just-italia-alla-navidena-feria-internacional-de-las-culturas-2017\/"},"author":{"name":"administrador","@id":"https:\/\/italcamara-es.com\/#\/schema\/person\/bb3c56263e405bbd9a15171dcfee93bb"},"headline":"Just Italia alla Navide\u00f1a Feria Internacional de las culturas 2017","datePublished":"2017-11-30T07:53:23+00:00","dateModified":"2025-03-30T12:15:12+00:00","mainEntityOfPage":{"@id":"https:\/\/italcamara-es.com\/it\/notizie\/just-italia-alla-navidena-feria-internacional-de-las-culturas-2017\/"},"wordCount":202,"commentCount":0,"image":{"@id":"https:\/\/italcamara-es.com\/it\/notizie\/just-italia-alla-navidena-feria-internacional-de-las-culturas-2017\/#primaryimage"},"thumbnailUrl":"https:\/\/italcamara-es.com\/wp-content\/uploads\/2025\/03\/naidena1250.jpg","keywords":["Notizie di la CCIS"],"articleSection":["Notizie"],"inLanguage":"it-IT","potentialAction":[{"@type":"CommentAction","name":"Comment","target":["https:\/\/italcamara-es.com\/it\/notizie\/just-italia-alla-navidena-feria-internacional-de-las-culturas-2017\/#respond"]}]},{"@type":"WebPage","@id":"https:\/\/italcamara-es.com\/it\/notizie\/just-italia-alla-navidena-feria-internacional-de-las-culturas-2017\/","url":"https:\/\/italcamara-es.com\/it\/notizie\/just-italia-alla-navidena-feria-internacional-de-las-culturas-2017\/","name":"Just Italia alla Navide\u00f1a Feria Internacional de las culturas 2017 - Italcamara","isPartOf":{"@id":"https:\/\/italcamara-es.com\/#website"},"primaryImageOfPage":{"@id":"https:\/\/italcamara-es.com\/it\/notizie\/just-italia-alla-navidena-feria-internacional-de-las-culturas-2017\/#primaryimage"},"image":{"@id":"https:\/\/italcamara-es.com\/it\/notizie\/just-italia-alla-navidena-feria-internacional-de-las-culturas-2017\/#primaryimage"},"thumbnailUrl":"https:\/\/italcamara-es.com\/wp-content\/uploads\/2025\/03\/naidena1250.jpg","datePublished":"2017-11-30T07:53:23+00:00","dateModified":"2025-03-30T12:15:12+00:00","author":{"@id":"https:\/\/italcamara-es.com\/#\/schema\/person\/bb3c56263e405bbd9a15171dcfee93bb"},"breadcrumb":{"@id":"https:\/\/italcamara-es.com\/it\/notizie\/just-italia-alla-navidena-feria-internacional-de-las-culturas-2017\/#breadcrumb"},"inLanguage":"it-IT","potentialAction":[{"@type":"ReadAction","target":["https:\/\/italcamara-es.com\/it\/notizie\/just-italia-alla-navidena-feria-internacional-de-las-culturas-2017\/"]}]},{"@type":"ImageObject","inLanguage":"it-IT","@id":"https:\/\/italcamara-es.com\/it\/notizie\/just-italia-alla-navidena-feria-internacional-de-las-culturas-2017\/#primaryimage","url":"https:\/\/italcamara-es.com\/wp-content\/uploads\/2025\/03\/naidena1250.jpg","contentUrl":"https:\/\/italcamara-es.com\/wp-content\/uploads\/2025\/03\/naidena1250.jpg","width":250,"height":140},{"@type":"BreadcrumbList","@id":"https:\/\/italcamara-es.com\/it\/notizie\/just-italia-alla-navidena-feria-internacional-de-las-culturas-2017\/#breadcrumb","itemListElement":[{"@type":"ListItem","position":1,"name":"Inicio","item":"https:\/\/italcamara-es.com\/it\/homepage-ita\/"},{"@type":"ListItem","position":2,"name":"Just Italia alla Navide\u00f1a Feria Internacional de las culturas 2017"}]},{"@type":"WebSite","@id":"https:\/\/italcamara-es.com\/#website","url":"https:\/\/italcamara-es.com\/","name":"Italcamara","description":"","potentialAction":[{"@type":"SearchAction","target":{"@type":"EntryPoint","urlTemplate":"https:\/\/italcamara-es.com\/?s={search_term_string}"},"query-input":{"@type":"PropertyValueSpecification","valueRequired":true,"valueName":"search_term_string"}}],"inLanguage":"it-IT"},{"@type":"Person","@id":"https:\/\/italcamara-es.com\/#\/schema\/person\/bb3c56263e405bbd9a15171dcfee93bb","name":"administrador","image":{"@type":"ImageObject","inLanguage":"it-IT","@id":"https:\/\/secure.gravatar.com\/avatar\/14b5e63db38320b12031bb28cf9f77e210aa71fb3a8a3602a3c9a05134fa75eb?s=96&d=mm&r=g","url":"https:\/\/secure.gravatar.com\/avatar\/14b5e63db38320b12031bb28cf9f77e210aa71fb3a8a3602a3c9a05134fa75eb?s=96&d=mm&r=g","contentUrl":"https:\/\/secure.gravatar.com\/avatar\/14b5e63db38320b12031bb28cf9f77e210aa71fb3a8a3602a3c9a05134fa75eb?s=96&d=mm&r=g","caption":"administrador"},"sameAs":["http:\/\/pre.italcamara-es.com"],"url":"https:\/\/italcamara-es.com\/it\/author\/administrador\/"}]}},"rttpg_featured_image_url":{"full":["https:\/\/italcamara-es.com\/wp-content\/uploads\/2025\/03\/naidena1250.jpg",250,140,false],"landscape":["https:\/\/italcamara-es.com\/wp-content\/uploads\/2025\/03\/naidena1250.jpg",250,140,false],"portraits":["https:\/\/italcamara-es.com\/wp-content\/uploads\/2025\/03\/naidena1250.jpg",250,140,false],"thumbnail":["https:\/\/italcamara-es.com\/wp-content\/uploads\/2025\/03\/naidena1250-150x140.jpg",150,140,true],"medium":["https:\/\/italcamara-es.com\/wp-content\/uploads\/2025\/03\/naidena1250.jpg",250,140,false],"large":["https:\/\/italcamara-es.com\/wp-content\/uploads\/2025\/03\/naidena1250.jpg",250,140,false],"1536x1536":["https:\/\/italcamara-es.com\/wp-content\/uploads\/2025\/03\/naidena1250.jpg",250,140,false],"2048x2048":["https:\/\/italcamara-es.com\/wp-content\/uploads\/2025\/03\/naidena1250.jpg",250,140,false],"ocean-thumb-m":["https:\/\/italcamara-es.com\/wp-content\/uploads\/2025\/03\/naidena1250.jpg",250,140,false],"ocean-thumb-ml":["https:\/\/italcamara-es.com\/wp-content\/uploads\/2025\/03\/naidena1250.jpg",250,140,false],"ocean-thumb-l":["https:\/\/italcamara-es.com\/wp-content\/uploads\/2025\/03\/naidena1250.jpg",250,140,false],"directorist_preview":["https:\/\/italcamara-es.com\/wp-content\/uploads\/2025\/03\/naidena1250.jpg",250,140,false]},"rttpg_author":{"display_name":"administrador","author_link":"https:\/\/italcamara-es.com\/it\/author\/administrador\/"},"rttpg_comment":0,"rttpg_category":"<a href=\"https:\/\/italcamara-es.com\/it\/category\/notizie\/\" rel=\"category tag\">Notizie<\/a>","rttpg_excerpt":"L\u2019Ambasciata d\u2019Italia in Spagna, in collaborazione con la Camera di Commercio e Industria Italiana per la Spagna (CCIS), gestisce uno stand alla Navide\u00f1a Feria Madrile\u00f1a Internacional de las culturas, che si terr\u00e0 presso il Matadero (Paseo de la Chopera, 14, 28045 Madrid), dal 15 al 22 dicembre 2017. Il Comune di Madrid promuove questa fiera,&hellip;","_links":{"self":[{"href":"https:\/\/italcamara-es.com\/it\/wp-json\/wp\/v2\/posts\/56006","targetHints":{"allow":["GET"]}}],"collection":[{"href":"https:\/\/italcamara-es.com\/it\/wp-json\/wp\/v2\/posts"}],"about":[{"href":"https:\/\/italcamara-es.com\/it\/wp-json\/wp\/v2\/types\/post"}],"author":[{"embeddable":true,"href":"https:\/\/italcamara-es.com\/it\/wp-json\/wp\/v2\/users\/1"}],"replies":[{"embeddable":true,"href":"https:\/\/italcamara-es.com\/it\/wp-json\/wp\/v2\/comments?post=56006"}],"version-history":[{"count":1,"href":"https:\/\/italcamara-es.com\/it\/wp-json\/wp\/v2\/posts\/56006\/revisions"}],"predecessor-version":[{"id":57177,"href":"https:\/\/italcamara-es.com\/it\/wp-json\/wp\/v2\/posts\/56006\/revisions\/57177"}],"wp:featuredmedia":[{"embeddable":true,"href":"https:\/\/italcamara-es.com\/it\/wp-json\/wp\/v2\/media\/52549"}],"wp:attachment":[{"href":"https:\/\/italcamara-es.com\/it\/wp-json\/wp\/v2\/media?parent=56006"}],"wp:term":[{"taxonomy":"category","embeddable":true,"href":"https:\/\/italcamara-es.com\/it\/wp-json\/wp\/v2\/categories?post=56006"},{"taxonomy":"post_tag","embeddable":true,"href":"https:\/\/italcamara-es.com\/it\/wp-json\/wp\/v2\/tags?post=56006"}],"curies":[{"name":"wp","href":"https:\/\/api.w.org\/{rel}","templated":true}]}}