	{"id":56015,"date":"2018-01-10T16:28:39","date_gmt":"2018-01-10T15:28:39","guid":{"rendered":"http:\/\/pre.italcamara-es.com\/senza-categoria\/corso-di-rianimazione-cardiopolmonare-nella-sede-della-ccis\/"},"modified":"2018-01-10T16:28:39","modified_gmt":"2018-01-10T15:28:39","slug":"corso-di-rianimazione-cardiopolmonare-nella-sede-della-ccis","status":"publish","type":"post","link":"https:\/\/italcamara-es.com\/it\/notizie\/corso-di-rianimazione-cardiopolmonare-nella-sede-della-ccis\/","title":{"rendered":"Corso di Rianimazione cardiopolmonare nella sede della CCIS"},"content":{"rendered":"<p>Il giorno 10 gennaio 2018, nella sede della CCIS \u00e8 stato impartito un corso di <strong>Rianimazione CardioPolmonare<\/strong> (RCP) grazie alla collaborazione del dott. Alfonso Mor\u00e1n Mart\u00ednez e di Guillermo Mor\u00e1n, di Medical Service e del giornalista <strong>Josto Maffeo<\/strong>, promotore dell\u2019iniziativa, che da anni collabora attivamente con i principali servizi sanitari di urgenza ed emergenza medica di Madrid per diffondere e promuovere ai cittadini le tecniche di primo soccorso in caso di arresto cardiorespiratorio.<\/p>\n<p>L\u2019arresto cardiaco \u00e8 la causa del 20% delle morti extraospedaliere in tutta l\u2019Unione Europea, dove si registrano <strong>400.000 morti l\u2019anno<\/strong>. In particolare in Spagna e Italia sono rispettivamente 30.000 e 60.000 i decessi imputabili a questa causa.<\/p>\n<p>La conoscenza delle techiche di prima assistenza e RCP potrebbe salvare pi\u00f9 di 100.000 persone ogni anno in Europa.<\/p>\n<p>Durante il corso, a cui hanno preso parte membri dello staff camerale e di alcune istituzioni italiane a Madrid, sono stati illustrati i passi a seguire in caso di situazioni di emergenza, attuando il protocollo PAS (Proteggere \u2013 Avvertire \u2013 Soccorrere) ed le tecniche di rianimazione da attivare in attesa dell\u2019arrivo del personale di soccorso, tra queste le compressioni toraciche e l\u2019uso del defribillatore esterno.<\/p>\n<p><img fetchpriority=\"high\" decoding=\"async\" class=\"aligncenter wp-image-15417\" src=\"https:\/\/www.italcamara-es.com\/wp-content\/uploads\/2018\/01\/Samur-Corso.jpg\" alt=\"\" width=\"700\" height=\"394\" \/><\/p>\n<p>Tutto lo staff della CCIS ringrazia Josto Maffeo ed i rappresentanti di Medical Service per la realizzazione di questo corso, con la speranza che siano sempre di pi\u00f9 le persone a cui vengano trasmesse queste nozioni di vitale importanza.<\/p>\n<p><img decoding=\"async\" class=\"aligncenter wp-image-15408\" src=\"https:\/\/www.italcamara-es.com\/wp-content\/uploads\/2018\/01\/corso-RCP-900-2.jpg\" alt=\"corso-RCP-900-2\" width=\"700\" height=\"520\" \/><\/p>\n","protected":false},"excerpt":{"rendered":"<p>Il giorno 10 gennaio 2018, nella sede della CCIS \u00e8 stato impartito un corso di Rianimazione CardioPolmonare (RCP) grazie alla collaborazione del dott. Alfonso Mor\u00e1n Mart\u00ednez e di Guillermo Mor\u00e1n, di Medical Service e del giornalista Josto Maffeo, promotore dell\u2019iniziativa, che da anni collabora attivamente con i principali servizi sanitari di urgenza ed emergenza medica [&hellip;]<\/p>\n","protected":false},"author":1,"featured_media":56016,"comment_status":"open","ping_status":"open","sticky":false,"template":"","format":"standard","meta":{"inline_featured_image":false,"ocean_post_layout":"","ocean_both_sidebars_style":"","ocean_both_sidebars_content_width":0,"ocean_both_sidebars_sidebars_width":0,"ocean_sidebar":"","ocean_second_sidebar":"","ocean_disable_margins":"enable","ocean_add_body_class":"","ocean_shortcode_before_top_bar":"","ocean_shortcode_after_top_bar":"","ocean_shortcode_before_header":"","ocean_shortcode_after_header":"","ocean_has_shortcode":"","ocean_shortcode_after_title":"","ocean_shortcode_before_footer_widgets":"","ocean_shortcode_after_footer_widgets":"","ocean_shortcode_before_footer_bottom":"","ocean_shortcode_after_footer_bottom":"","ocean_display_top_bar":"default","ocean_display_header":"default","ocean_header_style":"","ocean_center_header_left_menu":"","ocean_custom_header_template":"","ocean_custom_logo":0,"ocean_custom_retina_logo":0,"ocean_custom_logo_max_width":0,"ocean_custom_logo_tablet_max_width":0,"ocean_custom_logo_mobile_max_width":0,"ocean_custom_logo_max_height":0,"ocean_custom_logo_tablet_max_height":0,"ocean_custom_logo_mobile_max_height":0,"ocean_header_custom_menu":"","ocean_menu_typo_font_family":"","ocean_menu_typo_font_subset":"","ocean_menu_typo_font_size":0,"ocean_menu_typo_font_size_tablet":0,"ocean_menu_typo_font_size_mobile":0,"ocean_menu_typo_font_size_unit":"px","ocean_menu_typo_font_weight":"","ocean_menu_typo_font_weight_tablet":"","ocean_menu_typo_font_weight_mobile":"","ocean_menu_typo_transform":"","ocean_menu_typo_transform_tablet":"","ocean_menu_typo_transform_mobile":"","ocean_menu_typo_line_height":0,"ocean_menu_typo_line_height_tablet":0,"ocean_menu_typo_line_height_mobile":0,"ocean_menu_typo_line_height_unit":"","ocean_menu_typo_spacing":0,"ocean_menu_typo_spacing_tablet":0,"ocean_menu_typo_spacing_mobile":0,"ocean_menu_typo_spacing_unit":"","ocean_menu_link_color":"","ocean_menu_link_color_hover":"","ocean_menu_link_color_active":"","ocean_menu_link_background":"","ocean_menu_link_hover_background":"","ocean_menu_link_active_background":"","ocean_menu_social_links_bg":"","ocean_menu_social_hover_links_bg":"","ocean_menu_social_links_color":"","ocean_menu_social_hover_links_color":"","ocean_disable_title":"default","ocean_disable_heading":"default","ocean_post_title":"","ocean_post_subheading":"","ocean_post_title_style":"","ocean_post_title_background_color":"","ocean_post_title_background":0,"ocean_post_title_bg_image_position":"","ocean_post_title_bg_image_attachment":"","ocean_post_title_bg_image_repeat":"","ocean_post_title_bg_image_size":"","ocean_post_title_height":0,"ocean_post_title_bg_overlay":0.5,"ocean_post_title_bg_overlay_color":"","ocean_disable_breadcrumbs":"default","ocean_breadcrumbs_color":"","ocean_breadcrumbs_separator_color":"","ocean_breadcrumbs_links_color":"","ocean_breadcrumbs_links_hover_color":"","ocean_display_footer_widgets":"default","ocean_display_footer_bottom":"default","ocean_custom_footer_template":"","ocean_post_oembed":"","ocean_post_self_hosted_media":"","ocean_post_video_embed":"","ocean_link_format":"","ocean_link_format_target":"self","ocean_quote_format":"","ocean_quote_format_link":"post","ocean_gallery_link_images":"on","ocean_gallery_id":[],"footnotes":""},"categories":[133],"tags":[139],"class_list":["post-56015","post","type-post","status-publish","format-standard","has-post-thumbnail","hentry","category-notizie","tag-notizie-di-la-ccis","entry","has-media"],"yoast_head":"<!-- This site is optimized with the Yoast SEO plugin v27.5 - https:\/\/yoast.com\/product\/yoast-seo-wordpress\/ -->\n<title>Corso di Rianimazione cardiopolmonare nella sede della CCIS - Italcamara<\/title>\n<meta name=\"robots\" content=\"index, follow, max-snippet:-1, max-image-preview:large, max-video-preview:-1\" \/>\n<link rel=\"canonical\" href=\"https:\/\/italcamara-es.com\/it\/notizie\/corso-di-rianimazione-cardiopolmonare-nella-sede-della-ccis\/\" \/>\n<meta property=\"og:locale\" content=\"it_IT\" \/>\n<meta property=\"og:type\" content=\"article\" \/>\n<meta property=\"og:title\" content=\"Corso di Rianimazione cardiopolmonare nella sede della CCIS - Italcamara\" \/>\n<meta property=\"og:description\" content=\"Il giorno 10 gennaio 2018, nella sede della CCIS \u00e8 stato impartito un corso di Rianimazione CardioPolmonare (RCP) grazie alla collaborazione del dott. Alfonso Mor\u00e1n Mart\u00ednez e di Guillermo Mor\u00e1n, di Medical Service e del giornalista Josto Maffeo, promotore dell\u2019iniziativa, che da anni collabora attivamente con i principali servizi sanitari di urgenza ed emergenza medica [&hellip;]\" \/>\n<meta property=\"og:url\" content=\"https:\/\/italcamara-es.com\/it\/notizie\/corso-di-rianimazione-cardiopolmonare-nella-sede-della-ccis\/\" \/>\n<meta property=\"og:site_name\" content=\"Italcamara\" \/>\n<meta property=\"article:published_time\" content=\"2018-01-10T15:28:39+00:00\" \/>\n<meta property=\"og:image\" content=\"https:\/\/italcamara-es.com\/wp-content\/uploads\/2025\/03\/Samur2501.jpg\" \/>\n\t<meta property=\"og:image:width\" content=\"250\" \/>\n\t<meta property=\"og:image:height\" content=\"141\" \/>\n\t<meta property=\"og:image:type\" content=\"image\/jpeg\" \/>\n<meta name=\"author\" content=\"administrador\" \/>\n<meta name=\"twitter:card\" content=\"summary_large_image\" \/>\n<meta name=\"twitter:label1\" content=\"Scritto da\" \/>\n\t<meta name=\"twitter:data1\" content=\"administrador\" \/>\n\t<meta name=\"twitter:label2\" content=\"Tempo di lettura stimato\" \/>\n\t<meta name=\"twitter:data2\" content=\"1 minuto\" \/>\n<script type=\"application\/ld+json\" class=\"yoast-schema-graph\">{\"@context\":\"https:\\\/\\\/schema.org\",\"@graph\":[{\"@type\":\"Article\",\"@id\":\"https:\\\/\\\/italcamara-es.com\\\/it\\\/notizie\\\/corso-di-rianimazione-cardiopolmonare-nella-sede-della-ccis\\\/#article\",\"isPartOf\":{\"@id\":\"https:\\\/\\\/italcamara-es.com\\\/it\\\/notizie\\\/corso-di-rianimazione-cardiopolmonare-nella-sede-della-ccis\\\/\"},\"author\":{\"name\":\"administrador\",\"@id\":\"https:\\\/\\\/italcamara-es.com\\\/#\\\/schema\\\/person\\\/bb3c56263e405bbd9a15171dcfee93bb\"},\"headline\":\"Corso di Rianimazione cardiopolmonare nella sede della CCIS\",\"datePublished\":\"2018-01-10T15:28:39+00:00\",\"mainEntityOfPage\":{\"@id\":\"https:\\\/\\\/italcamara-es.com\\\/it\\\/notizie\\\/corso-di-rianimazione-cardiopolmonare-nella-sede-della-ccis\\\/\"},\"wordCount\":239,\"commentCount\":0,\"image\":{\"@id\":\"https:\\\/\\\/italcamara-es.com\\\/it\\\/notizie\\\/corso-di-rianimazione-cardiopolmonare-nella-sede-della-ccis\\\/#primaryimage\"},\"thumbnailUrl\":\"https:\\\/\\\/italcamara-es.com\\\/wp-content\\\/uploads\\\/2025\\\/03\\\/Samur2501.jpg\",\"keywords\":[\"Notizie di la CCIS\"],\"articleSection\":[\"Notizie\"],\"inLanguage\":\"it-IT\",\"potentialAction\":[{\"@type\":\"CommentAction\",\"name\":\"Comment\",\"target\":[\"https:\\\/\\\/italcamara-es.com\\\/it\\\/notizie\\\/corso-di-rianimazione-cardiopolmonare-nella-sede-della-ccis\\\/#respond\"]}]},{\"@type\":\"WebPage\",\"@id\":\"https:\\\/\\\/italcamara-es.com\\\/it\\\/notizie\\\/corso-di-rianimazione-cardiopolmonare-nella-sede-della-ccis\\\/\",\"url\":\"https:\\\/\\\/italcamara-es.com\\\/it\\\/notizie\\\/corso-di-rianimazione-cardiopolmonare-nella-sede-della-ccis\\\/\",\"name\":\"Corso di Rianimazione cardiopolmonare nella sede della CCIS - Italcamara\",\"isPartOf\":{\"@id\":\"https:\\\/\\\/italcamara-es.com\\\/#website\"},\"primaryImageOfPage\":{\"@id\":\"https:\\\/\\\/italcamara-es.com\\\/it\\\/notizie\\\/corso-di-rianimazione-cardiopolmonare-nella-sede-della-ccis\\\/#primaryimage\"},\"image\":{\"@id\":\"https:\\\/\\\/italcamara-es.com\\\/it\\\/notizie\\\/corso-di-rianimazione-cardiopolmonare-nella-sede-della-ccis\\\/#primaryimage\"},\"thumbnailUrl\":\"https:\\\/\\\/italcamara-es.com\\\/wp-content\\\/uploads\\\/2025\\\/03\\\/Samur2501.jpg\",\"datePublished\":\"2018-01-10T15:28:39+00:00\",\"author\":{\"@id\":\"https:\\\/\\\/italcamara-es.com\\\/#\\\/schema\\\/person\\\/bb3c56263e405bbd9a15171dcfee93bb\"},\"breadcrumb\":{\"@id\":\"https:\\\/\\\/italcamara-es.com\\\/it\\\/notizie\\\/corso-di-rianimazione-cardiopolmonare-nella-sede-della-ccis\\\/#breadcrumb\"},\"inLanguage\":\"it-IT\",\"potentialAction\":[{\"@type\":\"ReadAction\",\"target\":[\"https:\\\/\\\/italcamara-es.com\\\/it\\\/notizie\\\/corso-di-rianimazione-cardiopolmonare-nella-sede-della-ccis\\\/\"]}]},{\"@type\":\"ImageObject\",\"inLanguage\":\"it-IT\",\"@id\":\"https:\\\/\\\/italcamara-es.com\\\/it\\\/notizie\\\/corso-di-rianimazione-cardiopolmonare-nella-sede-della-ccis\\\/#primaryimage\",\"url\":\"https:\\\/\\\/italcamara-es.com\\\/wp-content\\\/uploads\\\/2025\\\/03\\\/Samur2501.jpg\",\"contentUrl\":\"https:\\\/\\\/italcamara-es.com\\\/wp-content\\\/uploads\\\/2025\\\/03\\\/Samur2501.jpg\",\"width\":250,\"height\":141},{\"@type\":\"BreadcrumbList\",\"@id\":\"https:\\\/\\\/italcamara-es.com\\\/it\\\/notizie\\\/corso-di-rianimazione-cardiopolmonare-nella-sede-della-ccis\\\/#breadcrumb\",\"itemListElement\":[{\"@type\":\"ListItem\",\"position\":1,\"name\":\"Inicio\",\"item\":\"https:\\\/\\\/italcamara-es.com\\\/\"},{\"@type\":\"ListItem\",\"position\":2,\"name\":\"Corso di Rianimazione cardiopolmonare nella sede della CCIS\"}]},{\"@type\":\"WebSite\",\"@id\":\"https:\\\/\\\/italcamara-es.com\\\/#website\",\"url\":\"https:\\\/\\\/italcamara-es.com\\\/\",\"name\":\"Italcamara\",\"description\":\"\",\"potentialAction\":[{\"@type\":\"SearchAction\",\"target\":{\"@type\":\"EntryPoint\",\"urlTemplate\":\"https:\\\/\\\/italcamara-es.com\\\/?s={search_term_string}\"},\"query-input\":{\"@type\":\"PropertyValueSpecification\",\"valueRequired\":true,\"valueName\":\"search_term_string\"}}],\"inLanguage\":\"it-IT\"},{\"@type\":\"Person\",\"@id\":\"https:\\\/\\\/italcamara-es.com\\\/#\\\/schema\\\/person\\\/bb3c56263e405bbd9a15171dcfee93bb\",\"name\":\"administrador\",\"image\":{\"@type\":\"ImageObject\",\"inLanguage\":\"it-IT\",\"@id\":\"https:\\\/\\\/secure.gravatar.com\\\/avatar\\\/14b5e63db38320b12031bb28cf9f77e210aa71fb3a8a3602a3c9a05134fa75eb?s=96&d=mm&r=g\",\"url\":\"https:\\\/\\\/secure.gravatar.com\\\/avatar\\\/14b5e63db38320b12031bb28cf9f77e210aa71fb3a8a3602a3c9a05134fa75eb?s=96&d=mm&r=g\",\"contentUrl\":\"https:\\\/\\\/secure.gravatar.com\\\/avatar\\\/14b5e63db38320b12031bb28cf9f77e210aa71fb3a8a3602a3c9a05134fa75eb?s=96&d=mm&r=g\",\"caption\":\"administrador\"},\"sameAs\":[\"http:\\\/\\\/pre.italcamara-es.com\"],\"url\":\"https:\\\/\\\/italcamara-es.com\\\/it\\\/author\\\/administrador\\\/\"}]}<\/script>\n<!-- \/ Yoast SEO plugin. -->","yoast_head_json":{"title":"Corso di Rianimazione cardiopolmonare nella sede della CCIS - Italcamara","robots":{"index":"index","follow":"follow","max-snippet":"max-snippet:-1","max-image-preview":"max-image-preview:large","max-video-preview":"max-video-preview:-1"},"canonical":"https:\/\/italcamara-es.com\/it\/notizie\/corso-di-rianimazione-cardiopolmonare-nella-sede-della-ccis\/","og_locale":"it_IT","og_type":"article","og_title":"Corso di Rianimazione cardiopolmonare nella sede della CCIS - Italcamara","og_description":"Il giorno 10 gennaio 2018, nella sede della CCIS \u00e8 stato impartito un corso di Rianimazione CardioPolmonare (RCP) grazie alla collaborazione del dott. Alfonso Mor\u00e1n Mart\u00ednez e di Guillermo Mor\u00e1n, di Medical Service e del giornalista Josto Maffeo, promotore dell\u2019iniziativa, che da anni collabora attivamente con i principali servizi sanitari di urgenza ed emergenza medica [&hellip;]","og_url":"https:\/\/italcamara-es.com\/it\/notizie\/corso-di-rianimazione-cardiopolmonare-nella-sede-della-ccis\/","og_site_name":"Italcamara","article_published_time":"2018-01-10T15:28:39+00:00","og_image":[{"width":250,"height":141,"url":"https:\/\/italcamara-es.com\/wp-content\/uploads\/2025\/03\/Samur2501.jpg","type":"image\/jpeg"}],"author":"administrador","twitter_card":"summary_large_image","twitter_misc":{"Scritto da":"administrador","Tempo di lettura stimato":"1 minuto"},"schema":{"@context":"https:\/\/schema.org","@graph":[{"@type":"Article","@id":"https:\/\/italcamara-es.com\/it\/notizie\/corso-di-rianimazione-cardiopolmonare-nella-sede-della-ccis\/#article","isPartOf":{"@id":"https:\/\/italcamara-es.com\/it\/notizie\/corso-di-rianimazione-cardiopolmonare-nella-sede-della-ccis\/"},"author":{"name":"administrador","@id":"https:\/\/italcamara-es.com\/#\/schema\/person\/bb3c56263e405bbd9a15171dcfee93bb"},"headline":"Corso di Rianimazione cardiopolmonare nella sede della CCIS","datePublished":"2018-01-10T15:28:39+00:00","mainEntityOfPage":{"@id":"https:\/\/italcamara-es.com\/it\/notizie\/corso-di-rianimazione-cardiopolmonare-nella-sede-della-ccis\/"},"wordCount":239,"commentCount":0,"image":{"@id":"https:\/\/italcamara-es.com\/it\/notizie\/corso-di-rianimazione-cardiopolmonare-nella-sede-della-ccis\/#primaryimage"},"thumbnailUrl":"https:\/\/italcamara-es.com\/wp-content\/uploads\/2025\/03\/Samur2501.jpg","keywords":["Notizie di la CCIS"],"articleSection":["Notizie"],"inLanguage":"it-IT","potentialAction":[{"@type":"CommentAction","name":"Comment","target":["https:\/\/italcamara-es.com\/it\/notizie\/corso-di-rianimazione-cardiopolmonare-nella-sede-della-ccis\/#respond"]}]},{"@type":"WebPage","@id":"https:\/\/italcamara-es.com\/it\/notizie\/corso-di-rianimazione-cardiopolmonare-nella-sede-della-ccis\/","url":"https:\/\/italcamara-es.com\/it\/notizie\/corso-di-rianimazione-cardiopolmonare-nella-sede-della-ccis\/","name":"Corso di Rianimazione cardiopolmonare nella sede della CCIS - Italcamara","isPartOf":{"@id":"https:\/\/italcamara-es.com\/#website"},"primaryImageOfPage":{"@id":"https:\/\/italcamara-es.com\/it\/notizie\/corso-di-rianimazione-cardiopolmonare-nella-sede-della-ccis\/#primaryimage"},"image":{"@id":"https:\/\/italcamara-es.com\/it\/notizie\/corso-di-rianimazione-cardiopolmonare-nella-sede-della-ccis\/#primaryimage"},"thumbnailUrl":"https:\/\/italcamara-es.com\/wp-content\/uploads\/2025\/03\/Samur2501.jpg","datePublished":"2018-01-10T15:28:39+00:00","author":{"@id":"https:\/\/italcamara-es.com\/#\/schema\/person\/bb3c56263e405bbd9a15171dcfee93bb"},"breadcrumb":{"@id":"https:\/\/italcamara-es.com\/it\/notizie\/corso-di-rianimazione-cardiopolmonare-nella-sede-della-ccis\/#breadcrumb"},"inLanguage":"it-IT","potentialAction":[{"@type":"ReadAction","target":["https:\/\/italcamara-es.com\/it\/notizie\/corso-di-rianimazione-cardiopolmonare-nella-sede-della-ccis\/"]}]},{"@type":"ImageObject","inLanguage":"it-IT","@id":"https:\/\/italcamara-es.com\/it\/notizie\/corso-di-rianimazione-cardiopolmonare-nella-sede-della-ccis\/#primaryimage","url":"https:\/\/italcamara-es.com\/wp-content\/uploads\/2025\/03\/Samur2501.jpg","contentUrl":"https:\/\/italcamara-es.com\/wp-content\/uploads\/2025\/03\/Samur2501.jpg","width":250,"height":141},{"@type":"BreadcrumbList","@id":"https:\/\/italcamara-es.com\/it\/notizie\/corso-di-rianimazione-cardiopolmonare-nella-sede-della-ccis\/#breadcrumb","itemListElement":[{"@type":"ListItem","position":1,"name":"Inicio","item":"https:\/\/italcamara-es.com\/"},{"@type":"ListItem","position":2,"name":"Corso di Rianimazione cardiopolmonare nella sede della CCIS"}]},{"@type":"WebSite","@id":"https:\/\/italcamara-es.com\/#website","url":"https:\/\/italcamara-es.com\/","name":"Italcamara","description":"","potentialAction":[{"@type":"SearchAction","target":{"@type":"EntryPoint","urlTemplate":"https:\/\/italcamara-es.com\/?s={search_term_string}"},"query-input":{"@type":"PropertyValueSpecification","valueRequired":true,"valueName":"search_term_string"}}],"inLanguage":"it-IT"},{"@type":"Person","@id":"https:\/\/italcamara-es.com\/#\/schema\/person\/bb3c56263e405bbd9a15171dcfee93bb","name":"administrador","image":{"@type":"ImageObject","inLanguage":"it-IT","@id":"https:\/\/secure.gravatar.com\/avatar\/14b5e63db38320b12031bb28cf9f77e210aa71fb3a8a3602a3c9a05134fa75eb?s=96&d=mm&r=g","url":"https:\/\/secure.gravatar.com\/avatar\/14b5e63db38320b12031bb28cf9f77e210aa71fb3a8a3602a3c9a05134fa75eb?s=96&d=mm&r=g","contentUrl":"https:\/\/secure.gravatar.com\/avatar\/14b5e63db38320b12031bb28cf9f77e210aa71fb3a8a3602a3c9a05134fa75eb?s=96&d=mm&r=g","caption":"administrador"},"sameAs":["http:\/\/pre.italcamara-es.com"],"url":"https:\/\/italcamara-es.com\/it\/author\/administrador\/"}]}},"rttpg_featured_image_url":{"full":["https:\/\/italcamara-es.com\/wp-content\/uploads\/2025\/03\/Samur2501.jpg",250,141,false],"landscape":["https:\/\/italcamara-es.com\/wp-content\/uploads\/2025\/03\/Samur2501.jpg",250,141,false],"portraits":["https:\/\/italcamara-es.com\/wp-content\/uploads\/2025\/03\/Samur2501.jpg",250,141,false],"thumbnail":["https:\/\/italcamara-es.com\/wp-content\/uploads\/2025\/03\/Samur2501-150x141.jpg",150,141,true],"medium":["https:\/\/italcamara-es.com\/wp-content\/uploads\/2025\/03\/Samur2501.jpg",250,141,false],"large":["https:\/\/italcamara-es.com\/wp-content\/uploads\/2025\/03\/Samur2501.jpg",250,141,false],"1536x1536":["https:\/\/italcamara-es.com\/wp-content\/uploads\/2025\/03\/Samur2501.jpg",250,141,false],"2048x2048":["https:\/\/italcamara-es.com\/wp-content\/uploads\/2025\/03\/Samur2501.jpg",250,141,false],"ocean-thumb-m":["https:\/\/italcamara-es.com\/wp-content\/uploads\/2025\/03\/Samur2501.jpg",250,141,false],"ocean-thumb-ml":["https:\/\/italcamara-es.com\/wp-content\/uploads\/2025\/03\/Samur2501.jpg",250,141,false],"ocean-thumb-l":["https:\/\/italcamara-es.com\/wp-content\/uploads\/2025\/03\/Samur2501.jpg",250,141,false],"directorist_preview":["https:\/\/italcamara-es.com\/wp-content\/uploads\/2025\/03\/Samur2501.jpg",250,141,false]},"rttpg_author":{"display_name":"administrador","author_link":"https:\/\/italcamara-es.com\/it\/author\/administrador\/"},"rttpg_comment":0,"rttpg_category":"<a href=\"https:\/\/italcamara-es.com\/it\/category\/notizie\/\" rel=\"category tag\">Notizie<\/a>","rttpg_excerpt":"Il giorno 10 gennaio 2018, nella sede della CCIS \u00e8 stato impartito un corso di Rianimazione CardioPolmonare (RCP) grazie alla collaborazione del dott. Alfonso Mor\u00e1n Mart\u00ednez e di Guillermo Mor\u00e1n, di Medical Service e del giornalista Josto Maffeo, promotore dell\u2019iniziativa, che da anni collabora attivamente con i principali servizi sanitari di urgenza ed emergenza medica&hellip;","_links":{"self":[{"href":"https:\/\/italcamara-es.com\/it\/wp-json\/wp\/v2\/posts\/56015","targetHints":{"allow":["GET"]}}],"collection":[{"href":"https:\/\/italcamara-es.com\/it\/wp-json\/wp\/v2\/posts"}],"about":[{"href":"https:\/\/italcamara-es.com\/it\/wp-json\/wp\/v2\/types\/post"}],"author":[{"embeddable":true,"href":"https:\/\/italcamara-es.com\/it\/wp-json\/wp\/v2\/users\/1"}],"replies":[{"embeddable":true,"href":"https:\/\/italcamara-es.com\/it\/wp-json\/wp\/v2\/comments?post=56015"}],"version-history":[{"count":0,"href":"https:\/\/italcamara-es.com\/it\/wp-json\/wp\/v2\/posts\/56015\/revisions"}],"wp:featuredmedia":[{"embeddable":true,"href":"https:\/\/italcamara-es.com\/it\/wp-json\/wp\/v2\/media\/56016"}],"wp:attachment":[{"href":"https:\/\/italcamara-es.com\/it\/wp-json\/wp\/v2\/media?parent=56015"}],"wp:term":[{"taxonomy":"category","embeddable":true,"href":"https:\/\/italcamara-es.com\/it\/wp-json\/wp\/v2\/categories?post=56015"},{"taxonomy":"post_tag","embeddable":true,"href":"https:\/\/italcamara-es.com\/it\/wp-json\/wp\/v2\/tags?post=56015"}],"curies":[{"name":"wp","href":"https:\/\/api.w.org\/{rel}","templated":true}]}}