	{"id":56017,"date":"2018-03-08T16:49:22","date_gmt":"2018-03-08T15:49:22","guid":{"rendered":"http:\/\/pre.italcamara-es.com\/senza-categoria\/litalia-protagonista-al-salon-de-gourmets-de-madrid-2018\/"},"modified":"2018-03-08T16:49:22","modified_gmt":"2018-03-08T15:49:22","slug":"litalia-protagonista-al-salon-de-gourmets-de-madrid-2018","status":"publish","type":"post","link":"https:\/\/italcamara-es.com\/it\/notizie\/litalia-protagonista-al-salon-de-gourmets-de-madrid-2018\/","title":{"rendered":"L&#8217;Italia protagonista al Sal\u00f3n de Gourmets de Madrid 2018"},"content":{"rendered":"<p>Anche quest\u2019anno, l\u2019Italia sar\u00e0 protagonista nel <strong>Sal\u00f3n Internacional del Club de Gourmets<\/strong>. La XXXII edizione della principale fiera professionale in Spagna dedicata alla gastronom\u00eda tipica e di qualit\u00e0, si terr\u00e0 dal 7 al 10 maggio 2018 presso il complesso fieristico di Ifema \u2013 Madrid.<\/p>\n<p>&nbsp;<\/p>\n<p>Ci si aspetta la presenza di pi\u00f9 di 95.000 professionisti, oltre che 100 compratori invitati dall\u2019organizzazione e proveniente dai principali mercati internazionali. La CCIS, che collabora gi\u00e0 da 10 anni con gli organizzatori e gestisce la partecipazione delle imprese italiane alla fiera, anche questa volta gestir\u00e0 uno s<strong>pazio espositivo dedicato alle eccellenze della gastronomia italiana<\/strong>. per l&#8217;edizione di quest&#8217;anno, sono infatti 12 le imprese espositrici tra produttori e distributori di prodotti italiani gourmet.<\/p>\n<p>&nbsp;<\/p>\n<p>Quest&#8217;anno, la manifestazione accoglier\u00e0 il 6\u00ba concorso\u00a0<strong>GourmeTapa 1906, Campeonato de Espa\u00f1a de Tapas para Gourmets<\/strong>. I cuochi si sfideranno elaborando una tapa che possa accompagnare una delle birre Estrella Galicia de Hijos de Rivera, appartenente alla gamma 1906. Gli interessati ad ottenere maggiori informazioni ed iscriversi al concorso possono consultare la scheda del concorso al seguente link:\u00a0<span style=\"color: #003366;\"><a style=\"color: #003366;\" href=\"http:\/\/www.salondegourmets.com\/salondeGourmets2018\/es\/Activities\/Details\/6729\" target=\"_blank\" rel=\"noopener\">www.salondegourmets.com\/salondeGourmets2018\/es\/Activities\/Details\/6729<\/a><\/span><\/p>\n<p>&nbsp;<\/p>\n<ul>\n<li><strong><span style=\"color: #003366;\"><a style=\"color: #003366;\" href=\"https:\/\/www.italcamara-es.com\/wp-content\/uploads\/2018\/01\/Scheda-Informativa-GOURMETS-Madrid-2018.pdf\" target=\"_blank\" rel=\"noopener\">Scheda tecnica Sal\u00f3n de Gourmets<\/a><\/span><\/strong><\/li>\n<li><strong><span style=\"color: #003366;\"><a style=\"color: #003366;\" href=\"https:\/\/www.italcamara-es.com\/wp-content\/uploads\/2018\/01\/Modulo-di-preadesione-Sal\u00f3n-de-Gourmets-2018.pdf\" target=\"_blank\" rel=\"noopener\">Modulo di adesione<\/a><\/span><\/strong><\/li>\n<\/ul>\n<p>&nbsp;<\/p>\n<p><img fetchpriority=\"high\" decoding=\"async\" class=\" size-large wp-image-15630 aligncenter\" src=\"https:\/\/www.italcamara-es.com\/wp-content\/uploads\/2018\/01\/gopurmets1-1024x683.jpg\" alt=\"gopurmets\" width=\"720\" height=\"480\" \/><\/p>\n<p>&nbsp;<\/p>\n<p>Per maggiori informazioni sul Sal\u00f3n de Gourmets, si prega di contattare il nostro Dipartimento Fiere, inviando un\u2019email a<strong> <span style=\"color: #003366;\"><a style=\"color: #003366;\" href=\"mailto:ferias@italcamara-es.com\" target=\"_blank\" rel=\"noopener\">ferias@italcamara-es.com<\/a><\/span><\/strong>.<\/p>\n","protected":false},"excerpt":{"rendered":"<p>Anche quest\u2019anno, l\u2019Italia sar\u00e0 protagonista nel Sal\u00f3n Internacional del Club de Gourmets. La XXXII edizione della principale fiera professionale in Spagna dedicata alla gastronom\u00eda tipica e di qualit\u00e0, si terr\u00e0 dal 7 al 10 maggio 2018 presso il complesso fieristico di Ifema \u2013 Madrid. &nbsp; Ci si aspetta la presenza di pi\u00f9 di 95.000 professionisti, [&hellip;]<\/p>\n","protected":false},"author":1,"featured_media":54534,"comment_status":"open","ping_status":"open","sticky":false,"template":"","format":"standard","meta":{"inline_featured_image":false,"ocean_post_layout":"","ocean_both_sidebars_style":"","ocean_both_sidebars_content_width":0,"ocean_both_sidebars_sidebars_width":0,"ocean_sidebar":"","ocean_second_sidebar":"","ocean_disable_margins":"enable","ocean_add_body_class":"","ocean_shortcode_before_top_bar":"","ocean_shortcode_after_top_bar":"","ocean_shortcode_before_header":"","ocean_shortcode_after_header":"","ocean_has_shortcode":"","ocean_shortcode_after_title":"","ocean_shortcode_before_footer_widgets":"","ocean_shortcode_after_footer_widgets":"","ocean_shortcode_before_footer_bottom":"","ocean_shortcode_after_footer_bottom":"","ocean_display_top_bar":"default","ocean_display_header":"default","ocean_header_style":"","ocean_center_header_left_menu":"","ocean_custom_header_template":"","ocean_custom_logo":0,"ocean_custom_retina_logo":0,"ocean_custom_logo_max_width":0,"ocean_custom_logo_tablet_max_width":0,"ocean_custom_logo_mobile_max_width":0,"ocean_custom_logo_max_height":0,"ocean_custom_logo_tablet_max_height":0,"ocean_custom_logo_mobile_max_height":0,"ocean_header_custom_menu":"","ocean_menu_typo_font_family":"","ocean_menu_typo_font_subset":"","ocean_menu_typo_font_size":0,"ocean_menu_typo_font_size_tablet":0,"ocean_menu_typo_font_size_mobile":0,"ocean_menu_typo_font_size_unit":"px","ocean_menu_typo_font_weight":"","ocean_menu_typo_font_weight_tablet":"","ocean_menu_typo_font_weight_mobile":"","ocean_menu_typo_transform":"","ocean_menu_typo_transform_tablet":"","ocean_menu_typo_transform_mobile":"","ocean_menu_typo_line_height":0,"ocean_menu_typo_line_height_tablet":0,"ocean_menu_typo_line_height_mobile":0,"ocean_menu_typo_line_height_unit":"","ocean_menu_typo_spacing":0,"ocean_menu_typo_spacing_tablet":0,"ocean_menu_typo_spacing_mobile":0,"ocean_menu_typo_spacing_unit":"","ocean_menu_link_color":"","ocean_menu_link_color_hover":"","ocean_menu_link_color_active":"","ocean_menu_link_background":"","ocean_menu_link_hover_background":"","ocean_menu_link_active_background":"","ocean_menu_social_links_bg":"","ocean_menu_social_hover_links_bg":"","ocean_menu_social_links_color":"","ocean_menu_social_hover_links_color":"","ocean_disable_title":"default","ocean_disable_heading":"default","ocean_post_title":"","ocean_post_subheading":"","ocean_post_title_style":"","ocean_post_title_background_color":"","ocean_post_title_background":0,"ocean_post_title_bg_image_position":"","ocean_post_title_bg_image_attachment":"","ocean_post_title_bg_image_repeat":"","ocean_post_title_bg_image_size":"","ocean_post_title_height":0,"ocean_post_title_bg_overlay":0.5,"ocean_post_title_bg_overlay_color":"","ocean_disable_breadcrumbs":"default","ocean_breadcrumbs_color":"","ocean_breadcrumbs_separator_color":"","ocean_breadcrumbs_links_color":"","ocean_breadcrumbs_links_hover_color":"","ocean_display_footer_widgets":"default","ocean_display_footer_bottom":"default","ocean_custom_footer_template":"","ocean_post_oembed":"","ocean_post_self_hosted_media":"","ocean_post_video_embed":"","ocean_link_format":"","ocean_link_format_target":"self","ocean_quote_format":"","ocean_quote_format_link":"post","ocean_gallery_link_images":"on","ocean_gallery_id":[],"footnotes":""},"categories":[133],"tags":[139],"class_list":["post-56017","post","type-post","status-publish","format-standard","has-post-thumbnail","hentry","category-notizie","tag-notizie-di-la-ccis","entry","has-media"],"yoast_head":"<!-- This site is optimized with the Yoast SEO plugin v27.5 - https:\/\/yoast.com\/product\/yoast-seo-wordpress\/ -->\n<title>L&#039;Italia protagonista al Sal\u00f3n de Gourmets de Madrid 2018 - Italcamara<\/title>\n<meta name=\"robots\" content=\"index, follow, max-snippet:-1, max-image-preview:large, max-video-preview:-1\" \/>\n<link rel=\"canonical\" href=\"https:\/\/italcamara-es.com\/it\/notizie\/litalia-protagonista-al-salon-de-gourmets-de-madrid-2018\/\" \/>\n<meta property=\"og:locale\" content=\"it_IT\" \/>\n<meta property=\"og:type\" content=\"article\" \/>\n<meta property=\"og:title\" content=\"L&#039;Italia protagonista al Sal\u00f3n de Gourmets de Madrid 2018 - Italcamara\" \/>\n<meta property=\"og:description\" content=\"Anche quest\u2019anno, l\u2019Italia sar\u00e0 protagonista nel Sal\u00f3n Internacional del Club de Gourmets. La XXXII edizione della principale fiera professionale in Spagna dedicata alla gastronom\u00eda tipica e di qualit\u00e0, si terr\u00e0 dal 7 al 10 maggio 2018 presso il complesso fieristico di Ifema \u2013 Madrid. &nbsp; Ci si aspetta la presenza di pi\u00f9 di 95.000 professionisti, [&hellip;]\" \/>\n<meta property=\"og:url\" content=\"https:\/\/italcamara-es.com\/it\/notizie\/litalia-protagonista-al-salon-de-gourmets-de-madrid-2018\/\" \/>\n<meta property=\"og:site_name\" content=\"Italcamara\" \/>\n<meta property=\"article:published_time\" content=\"2018-03-08T15:49:22+00:00\" \/>\n<meta property=\"og:image\" content=\"https:\/\/italcamara-es.com\/wp-content\/uploads\/2025\/03\/gourmets-final-250.jpg\" \/>\n\t<meta property=\"og:image:width\" content=\"250\" \/>\n\t<meta property=\"og:image:height\" content=\"141\" \/>\n\t<meta property=\"og:image:type\" content=\"image\/jpeg\" \/>\n<meta name=\"author\" content=\"administrador\" \/>\n<meta name=\"twitter:card\" content=\"summary_large_image\" \/>\n<meta name=\"twitter:label1\" content=\"Scritto da\" \/>\n\t<meta name=\"twitter:data1\" content=\"administrador\" \/>\n\t<meta name=\"twitter:label2\" content=\"Tempo di lettura stimato\" \/>\n\t<meta name=\"twitter:data2\" content=\"1 minuto\" \/>\n<script type=\"application\/ld+json\" class=\"yoast-schema-graph\">{\"@context\":\"https:\\\/\\\/schema.org\",\"@graph\":[{\"@type\":\"Article\",\"@id\":\"https:\\\/\\\/italcamara-es.com\\\/it\\\/notizie\\\/litalia-protagonista-al-salon-de-gourmets-de-madrid-2018\\\/#article\",\"isPartOf\":{\"@id\":\"https:\\\/\\\/italcamara-es.com\\\/it\\\/notizie\\\/litalia-protagonista-al-salon-de-gourmets-de-madrid-2018\\\/\"},\"author\":{\"name\":\"administrador\",\"@id\":\"https:\\\/\\\/italcamara-es.com\\\/#\\\/schema\\\/person\\\/bb3c56263e405bbd9a15171dcfee93bb\"},\"headline\":\"L&#8217;Italia protagonista al Sal\u00f3n de Gourmets de Madrid 2018\",\"datePublished\":\"2018-03-08T15:49:22+00:00\",\"mainEntityOfPage\":{\"@id\":\"https:\\\/\\\/italcamara-es.com\\\/it\\\/notizie\\\/litalia-protagonista-al-salon-de-gourmets-de-madrid-2018\\\/\"},\"wordCount\":227,\"commentCount\":0,\"image\":{\"@id\":\"https:\\\/\\\/italcamara-es.com\\\/it\\\/notizie\\\/litalia-protagonista-al-salon-de-gourmets-de-madrid-2018\\\/#primaryimage\"},\"thumbnailUrl\":\"https:\\\/\\\/italcamara-es.com\\\/wp-content\\\/uploads\\\/2025\\\/03\\\/gourmets-final-250.jpg\",\"keywords\":[\"Notizie di la CCIS\"],\"articleSection\":[\"Notizie\"],\"inLanguage\":\"it-IT\",\"potentialAction\":[{\"@type\":\"CommentAction\",\"name\":\"Comment\",\"target\":[\"https:\\\/\\\/italcamara-es.com\\\/it\\\/notizie\\\/litalia-protagonista-al-salon-de-gourmets-de-madrid-2018\\\/#respond\"]}]},{\"@type\":\"WebPage\",\"@id\":\"https:\\\/\\\/italcamara-es.com\\\/it\\\/notizie\\\/litalia-protagonista-al-salon-de-gourmets-de-madrid-2018\\\/\",\"url\":\"https:\\\/\\\/italcamara-es.com\\\/it\\\/notizie\\\/litalia-protagonista-al-salon-de-gourmets-de-madrid-2018\\\/\",\"name\":\"L'Italia protagonista al Sal\u00f3n de Gourmets de Madrid 2018 - Italcamara\",\"isPartOf\":{\"@id\":\"https:\\\/\\\/italcamara-es.com\\\/#website\"},\"primaryImageOfPage\":{\"@id\":\"https:\\\/\\\/italcamara-es.com\\\/it\\\/notizie\\\/litalia-protagonista-al-salon-de-gourmets-de-madrid-2018\\\/#primaryimage\"},\"image\":{\"@id\":\"https:\\\/\\\/italcamara-es.com\\\/it\\\/notizie\\\/litalia-protagonista-al-salon-de-gourmets-de-madrid-2018\\\/#primaryimage\"},\"thumbnailUrl\":\"https:\\\/\\\/italcamara-es.com\\\/wp-content\\\/uploads\\\/2025\\\/03\\\/gourmets-final-250.jpg\",\"datePublished\":\"2018-03-08T15:49:22+00:00\",\"author\":{\"@id\":\"https:\\\/\\\/italcamara-es.com\\\/#\\\/schema\\\/person\\\/bb3c56263e405bbd9a15171dcfee93bb\"},\"breadcrumb\":{\"@id\":\"https:\\\/\\\/italcamara-es.com\\\/it\\\/notizie\\\/litalia-protagonista-al-salon-de-gourmets-de-madrid-2018\\\/#breadcrumb\"},\"inLanguage\":\"it-IT\",\"potentialAction\":[{\"@type\":\"ReadAction\",\"target\":[\"https:\\\/\\\/italcamara-es.com\\\/it\\\/notizie\\\/litalia-protagonista-al-salon-de-gourmets-de-madrid-2018\\\/\"]}]},{\"@type\":\"ImageObject\",\"inLanguage\":\"it-IT\",\"@id\":\"https:\\\/\\\/italcamara-es.com\\\/it\\\/notizie\\\/litalia-protagonista-al-salon-de-gourmets-de-madrid-2018\\\/#primaryimage\",\"url\":\"https:\\\/\\\/italcamara-es.com\\\/wp-content\\\/uploads\\\/2025\\\/03\\\/gourmets-final-250.jpg\",\"contentUrl\":\"https:\\\/\\\/italcamara-es.com\\\/wp-content\\\/uploads\\\/2025\\\/03\\\/gourmets-final-250.jpg\",\"width\":250,\"height\":141},{\"@type\":\"BreadcrumbList\",\"@id\":\"https:\\\/\\\/italcamara-es.com\\\/it\\\/notizie\\\/litalia-protagonista-al-salon-de-gourmets-de-madrid-2018\\\/#breadcrumb\",\"itemListElement\":[{\"@type\":\"ListItem\",\"position\":1,\"name\":\"Inicio\",\"item\":\"https:\\\/\\\/italcamara-es.com\\\/\"},{\"@type\":\"ListItem\",\"position\":2,\"name\":\"L&#8217;Italia protagonista al Sal\u00f3n de Gourmets de Madrid 2018\"}]},{\"@type\":\"WebSite\",\"@id\":\"https:\\\/\\\/italcamara-es.com\\\/#website\",\"url\":\"https:\\\/\\\/italcamara-es.com\\\/\",\"name\":\"Italcamara\",\"description\":\"\",\"potentialAction\":[{\"@type\":\"SearchAction\",\"target\":{\"@type\":\"EntryPoint\",\"urlTemplate\":\"https:\\\/\\\/italcamara-es.com\\\/?s={search_term_string}\"},\"query-input\":{\"@type\":\"PropertyValueSpecification\",\"valueRequired\":true,\"valueName\":\"search_term_string\"}}],\"inLanguage\":\"it-IT\"},{\"@type\":\"Person\",\"@id\":\"https:\\\/\\\/italcamara-es.com\\\/#\\\/schema\\\/person\\\/bb3c56263e405bbd9a15171dcfee93bb\",\"name\":\"administrador\",\"image\":{\"@type\":\"ImageObject\",\"inLanguage\":\"it-IT\",\"@id\":\"https:\\\/\\\/secure.gravatar.com\\\/avatar\\\/14b5e63db38320b12031bb28cf9f77e210aa71fb3a8a3602a3c9a05134fa75eb?s=96&d=mm&r=g\",\"url\":\"https:\\\/\\\/secure.gravatar.com\\\/avatar\\\/14b5e63db38320b12031bb28cf9f77e210aa71fb3a8a3602a3c9a05134fa75eb?s=96&d=mm&r=g\",\"contentUrl\":\"https:\\\/\\\/secure.gravatar.com\\\/avatar\\\/14b5e63db38320b12031bb28cf9f77e210aa71fb3a8a3602a3c9a05134fa75eb?s=96&d=mm&r=g\",\"caption\":\"administrador\"},\"sameAs\":[\"http:\\\/\\\/pre.italcamara-es.com\"],\"url\":\"https:\\\/\\\/italcamara-es.com\\\/it\\\/author\\\/administrador\\\/\"}]}<\/script>\n<!-- \/ Yoast SEO plugin. -->","yoast_head_json":{"title":"L'Italia protagonista al Sal\u00f3n de Gourmets de Madrid 2018 - Italcamara","robots":{"index":"index","follow":"follow","max-snippet":"max-snippet:-1","max-image-preview":"max-image-preview:large","max-video-preview":"max-video-preview:-1"},"canonical":"https:\/\/italcamara-es.com\/it\/notizie\/litalia-protagonista-al-salon-de-gourmets-de-madrid-2018\/","og_locale":"it_IT","og_type":"article","og_title":"L'Italia protagonista al Sal\u00f3n de Gourmets de Madrid 2018 - Italcamara","og_description":"Anche quest\u2019anno, l\u2019Italia sar\u00e0 protagonista nel Sal\u00f3n Internacional del Club de Gourmets. La XXXII edizione della principale fiera professionale in Spagna dedicata alla gastronom\u00eda tipica e di qualit\u00e0, si terr\u00e0 dal 7 al 10 maggio 2018 presso il complesso fieristico di Ifema \u2013 Madrid. &nbsp; Ci si aspetta la presenza di pi\u00f9 di 95.000 professionisti, [&hellip;]","og_url":"https:\/\/italcamara-es.com\/it\/notizie\/litalia-protagonista-al-salon-de-gourmets-de-madrid-2018\/","og_site_name":"Italcamara","article_published_time":"2018-03-08T15:49:22+00:00","og_image":[{"width":250,"height":141,"url":"https:\/\/italcamara-es.com\/wp-content\/uploads\/2025\/03\/gourmets-final-250.jpg","type":"image\/jpeg"}],"author":"administrador","twitter_card":"summary_large_image","twitter_misc":{"Scritto da":"administrador","Tempo di lettura stimato":"1 minuto"},"schema":{"@context":"https:\/\/schema.org","@graph":[{"@type":"Article","@id":"https:\/\/italcamara-es.com\/it\/notizie\/litalia-protagonista-al-salon-de-gourmets-de-madrid-2018\/#article","isPartOf":{"@id":"https:\/\/italcamara-es.com\/it\/notizie\/litalia-protagonista-al-salon-de-gourmets-de-madrid-2018\/"},"author":{"name":"administrador","@id":"https:\/\/italcamara-es.com\/#\/schema\/person\/bb3c56263e405bbd9a15171dcfee93bb"},"headline":"L&#8217;Italia protagonista al Sal\u00f3n de Gourmets de Madrid 2018","datePublished":"2018-03-08T15:49:22+00:00","mainEntityOfPage":{"@id":"https:\/\/italcamara-es.com\/it\/notizie\/litalia-protagonista-al-salon-de-gourmets-de-madrid-2018\/"},"wordCount":227,"commentCount":0,"image":{"@id":"https:\/\/italcamara-es.com\/it\/notizie\/litalia-protagonista-al-salon-de-gourmets-de-madrid-2018\/#primaryimage"},"thumbnailUrl":"https:\/\/italcamara-es.com\/wp-content\/uploads\/2025\/03\/gourmets-final-250.jpg","keywords":["Notizie di la CCIS"],"articleSection":["Notizie"],"inLanguage":"it-IT","potentialAction":[{"@type":"CommentAction","name":"Comment","target":["https:\/\/italcamara-es.com\/it\/notizie\/litalia-protagonista-al-salon-de-gourmets-de-madrid-2018\/#respond"]}]},{"@type":"WebPage","@id":"https:\/\/italcamara-es.com\/it\/notizie\/litalia-protagonista-al-salon-de-gourmets-de-madrid-2018\/","url":"https:\/\/italcamara-es.com\/it\/notizie\/litalia-protagonista-al-salon-de-gourmets-de-madrid-2018\/","name":"L'Italia protagonista al Sal\u00f3n de Gourmets de Madrid 2018 - Italcamara","isPartOf":{"@id":"https:\/\/italcamara-es.com\/#website"},"primaryImageOfPage":{"@id":"https:\/\/italcamara-es.com\/it\/notizie\/litalia-protagonista-al-salon-de-gourmets-de-madrid-2018\/#primaryimage"},"image":{"@id":"https:\/\/italcamara-es.com\/it\/notizie\/litalia-protagonista-al-salon-de-gourmets-de-madrid-2018\/#primaryimage"},"thumbnailUrl":"https:\/\/italcamara-es.com\/wp-content\/uploads\/2025\/03\/gourmets-final-250.jpg","datePublished":"2018-03-08T15:49:22+00:00","author":{"@id":"https:\/\/italcamara-es.com\/#\/schema\/person\/bb3c56263e405bbd9a15171dcfee93bb"},"breadcrumb":{"@id":"https:\/\/italcamara-es.com\/it\/notizie\/litalia-protagonista-al-salon-de-gourmets-de-madrid-2018\/#breadcrumb"},"inLanguage":"it-IT","potentialAction":[{"@type":"ReadAction","target":["https:\/\/italcamara-es.com\/it\/notizie\/litalia-protagonista-al-salon-de-gourmets-de-madrid-2018\/"]}]},{"@type":"ImageObject","inLanguage":"it-IT","@id":"https:\/\/italcamara-es.com\/it\/notizie\/litalia-protagonista-al-salon-de-gourmets-de-madrid-2018\/#primaryimage","url":"https:\/\/italcamara-es.com\/wp-content\/uploads\/2025\/03\/gourmets-final-250.jpg","contentUrl":"https:\/\/italcamara-es.com\/wp-content\/uploads\/2025\/03\/gourmets-final-250.jpg","width":250,"height":141},{"@type":"BreadcrumbList","@id":"https:\/\/italcamara-es.com\/it\/notizie\/litalia-protagonista-al-salon-de-gourmets-de-madrid-2018\/#breadcrumb","itemListElement":[{"@type":"ListItem","position":1,"name":"Inicio","item":"https:\/\/italcamara-es.com\/"},{"@type":"ListItem","position":2,"name":"L&#8217;Italia protagonista al Sal\u00f3n de Gourmets de Madrid 2018"}]},{"@type":"WebSite","@id":"https:\/\/italcamara-es.com\/#website","url":"https:\/\/italcamara-es.com\/","name":"Italcamara","description":"","potentialAction":[{"@type":"SearchAction","target":{"@type":"EntryPoint","urlTemplate":"https:\/\/italcamara-es.com\/?s={search_term_string}"},"query-input":{"@type":"PropertyValueSpecification","valueRequired":true,"valueName":"search_term_string"}}],"inLanguage":"it-IT"},{"@type":"Person","@id":"https:\/\/italcamara-es.com\/#\/schema\/person\/bb3c56263e405bbd9a15171dcfee93bb","name":"administrador","image":{"@type":"ImageObject","inLanguage":"it-IT","@id":"https:\/\/secure.gravatar.com\/avatar\/14b5e63db38320b12031bb28cf9f77e210aa71fb3a8a3602a3c9a05134fa75eb?s=96&d=mm&r=g","url":"https:\/\/secure.gravatar.com\/avatar\/14b5e63db38320b12031bb28cf9f77e210aa71fb3a8a3602a3c9a05134fa75eb?s=96&d=mm&r=g","contentUrl":"https:\/\/secure.gravatar.com\/avatar\/14b5e63db38320b12031bb28cf9f77e210aa71fb3a8a3602a3c9a05134fa75eb?s=96&d=mm&r=g","caption":"administrador"},"sameAs":["http:\/\/pre.italcamara-es.com"],"url":"https:\/\/italcamara-es.com\/it\/author\/administrador\/"}]}},"rttpg_featured_image_url":{"full":["https:\/\/italcamara-es.com\/wp-content\/uploads\/2025\/03\/gourmets-final-250.jpg",250,141,false],"landscape":["https:\/\/italcamara-es.com\/wp-content\/uploads\/2025\/03\/gourmets-final-250.jpg",250,141,false],"portraits":["https:\/\/italcamara-es.com\/wp-content\/uploads\/2025\/03\/gourmets-final-250.jpg",250,141,false],"thumbnail":["https:\/\/italcamara-es.com\/wp-content\/uploads\/2025\/03\/gourmets-final-250-150x141.jpg",150,141,true],"medium":["https:\/\/italcamara-es.com\/wp-content\/uploads\/2025\/03\/gourmets-final-250.jpg",250,141,false],"large":["https:\/\/italcamara-es.com\/wp-content\/uploads\/2025\/03\/gourmets-final-250.jpg",250,141,false],"1536x1536":["https:\/\/italcamara-es.com\/wp-content\/uploads\/2025\/03\/gourmets-final-250.jpg",250,141,false],"2048x2048":["https:\/\/italcamara-es.com\/wp-content\/uploads\/2025\/03\/gourmets-final-250.jpg",250,141,false],"ocean-thumb-m":["https:\/\/italcamara-es.com\/wp-content\/uploads\/2025\/03\/gourmets-final-250.jpg",250,141,false],"ocean-thumb-ml":["https:\/\/italcamara-es.com\/wp-content\/uploads\/2025\/03\/gourmets-final-250.jpg",250,141,false],"ocean-thumb-l":["https:\/\/italcamara-es.com\/wp-content\/uploads\/2025\/03\/gourmets-final-250.jpg",250,141,false],"directorist_preview":["https:\/\/italcamara-es.com\/wp-content\/uploads\/2025\/03\/gourmets-final-250.jpg",250,141,false]},"rttpg_author":{"display_name":"administrador","author_link":"https:\/\/italcamara-es.com\/it\/author\/administrador\/"},"rttpg_comment":0,"rttpg_category":"<a href=\"https:\/\/italcamara-es.com\/it\/category\/notizie\/\" rel=\"category tag\">Notizie<\/a>","rttpg_excerpt":"Anche quest\u2019anno, l\u2019Italia sar\u00e0 protagonista nel Sal\u00f3n Internacional del Club de Gourmets. La XXXII edizione della principale fiera professionale in Spagna dedicata alla gastronom\u00eda tipica e di qualit\u00e0, si terr\u00e0 dal 7 al 10 maggio 2018 presso il complesso fieristico di Ifema \u2013 Madrid. &nbsp; Ci si aspetta la presenza di pi\u00f9 di 95.000 professionisti,&hellip;","_links":{"self":[{"href":"https:\/\/italcamara-es.com\/it\/wp-json\/wp\/v2\/posts\/56017","targetHints":{"allow":["GET"]}}],"collection":[{"href":"https:\/\/italcamara-es.com\/it\/wp-json\/wp\/v2\/posts"}],"about":[{"href":"https:\/\/italcamara-es.com\/it\/wp-json\/wp\/v2\/types\/post"}],"author":[{"embeddable":true,"href":"https:\/\/italcamara-es.com\/it\/wp-json\/wp\/v2\/users\/1"}],"replies":[{"embeddable":true,"href":"https:\/\/italcamara-es.com\/it\/wp-json\/wp\/v2\/comments?post=56017"}],"version-history":[{"count":0,"href":"https:\/\/italcamara-es.com\/it\/wp-json\/wp\/v2\/posts\/56017\/revisions"}],"wp:featuredmedia":[{"embeddable":true,"href":"https:\/\/italcamara-es.com\/it\/wp-json\/wp\/v2\/media\/54534"}],"wp:attachment":[{"href":"https:\/\/italcamara-es.com\/it\/wp-json\/wp\/v2\/media?parent=56017"}],"wp:term":[{"taxonomy":"category","embeddable":true,"href":"https:\/\/italcamara-es.com\/it\/wp-json\/wp\/v2\/categories?post=56017"},{"taxonomy":"post_tag","embeddable":true,"href":"https:\/\/italcamara-es.com\/it\/wp-json\/wp\/v2\/tags?post=56017"}],"curies":[{"name":"wp","href":"https:\/\/api.w.org\/{rel}","templated":true}]}}