	{"id":56024,"date":"2018-02-05T12:30:38","date_gmt":"2018-02-05T11:30:38","guid":{"rendered":"http:\/\/pre.italcamara-es.com\/senza-categoria\/firma-dellaccordo-di-collaborazione-tra-la-ccis-e-la-fcda-alcobendas-hub\/"},"modified":"2018-02-05T12:30:38","modified_gmt":"2018-02-05T11:30:38","slug":"firma-dellaccordo-di-collaborazione-tra-la-ccis-e-la-fcda-alcobendas-hub","status":"publish","type":"post","link":"https:\/\/italcamara-es.com\/it\/notizie\/firma-dellaccordo-di-collaborazione-tra-la-ccis-e-la-fcda-alcobendas-hub\/","title":{"rendered":"Firma dell&#8217;accordo di collaborazione tra la CCIS e la FCDA &#8211; Alcobendas HUB"},"content":{"rendered":"<p>La <strong>Camera di Commercio e Industria italiana per la Spagna (CCIS)<\/strong> ha firmato il 5 febbraio scorso un protocollo d\u2019intesa con la <strong>Fondazione Citt\u00e0 di Alcobendas (FCDA) \u2013 Alcobendas HUB<\/strong>. L\u2019accordo prevede la collaborazione tra le due parti per lo sviluppo di iniziative imprenditoriali, di innovazione e internazionalizzazione di imprese nel territorio di Alcobendas, municipio a 15 chilometri al nord di Madrid con circa 115.000 abitanti e sede di importante aree commerciali, losgistiche e industriali.<\/p>\n<p>&nbsp;<\/p>\n<p>In concreto, l\u2019accordo mette in evidenza la volont\u00e0 da parte della CCIS e FCDA di collaborare per promuovere il trasferimento di best practices nell\u2019ambito delle politiche pubbliche a favore dell\u2019innovazione e dell\u2019imprenditoria e favorire il soft landing delle imprese italiane in Spagna attraverso i servizi che mette a disposizione la FCDA tramite Alcobendas HUB.<\/p>\n<p>&nbsp;<\/p>\n<p><img fetchpriority=\"high\" decoding=\"async\" class=\"aligncenter wp-image-15720\" src=\"https:\/\/www.italcamara-es.com\/wp-content\/uploads\/2018\/02\/CONVENIOCAMARACOMERCIOITALIANA3-1024x678.jpg\" alt=\"CONVENIOCAMARACOMERCIOITALIANA3\" width=\"900\" height=\"596\" \/><\/p>\n<p>&nbsp;<\/p>\n<p>La ceremonia della firma si \u00e8 svolta nella sede del Comune di Alcobendas alla presenza del sindaco della citt\u00e0, nonch\u00e9 presidente di FCDA,\u00a0<strong>Ignacio Garc\u00eda de Vinuesa<\/strong>, la direttrice di Alcobendas HUB, <strong>Elisabetta Bracco<\/strong>, il presidente della CCIS, <strong>Marco Pizzi<\/strong>, il Segretario Generale, <strong>Giovanni Aric\u00f2<\/strong>, ed il consigliere Economico e Commerciale dell\u2019Ambasciata d\u2019Italia in Spagna,<strong> Simone Turchetta<\/strong>.<\/p>\n<p>&nbsp;<\/p>\n<figure id=\"attachment_15721\" aria-describedby=\"caption-attachment-15721\" style=\"width: 640px\" class=\"wp-caption aligncenter\"><img decoding=\"async\" class=\"wp-image-15721 size-full\" src=\"https:\/\/www.italcamara-es.com\/wp-content\/uploads\/2018\/02\/CONVENIOCAMARACOMERCIOITALIANA1.jpg\" alt=\"CONVENIOCAMARACOMERCIOITALIANA1\" width=\"640\" height=\"428\" \/><figcaption id=\"caption-attachment-15721\" class=\"wp-caption-text\">Ignacio Garc\u00eda de Vinuesa e Marco Pizzi firmano il protocollo d&#8217;intesa<\/figcaption><\/figure>\n<p>&nbsp;<\/p>\n<p>Per la CCIS, l\u2019accordo con FCDA \u2013 Alcobendas HUB rappresenta un\u2019ulteriore tappa nel processo di consolidamento della relazioni con le istituzioni e gli enti locali che operano nel territorio di propria competenza. Un processo che permette di ampiare le opportunit\u00e0 per le imprese di entrambi i paesi, favorendo, in ultima analisi, lo sviluppo delle relazioni economiche e commerciali tra l\u2019Italia e la Spagna.<\/p>\n<p>.<\/p>\n","protected":false},"excerpt":{"rendered":"<p>La Camera di Commercio e Industria italiana per la Spagna (CCIS) ha firmato il 5 febbraio scorso un protocollo d\u2019intesa con la Fondazione Citt\u00e0 di Alcobendas (FCDA) \u2013 Alcobendas HUB. L\u2019accordo prevede la collaborazione tra le due parti per lo sviluppo di iniziative imprenditoriali, di innovazione e internazionalizzazione di imprese nel territorio di Alcobendas, municipio [&hellip;]<\/p>\n","protected":false},"author":1,"featured_media":54547,"comment_status":"open","ping_status":"open","sticky":false,"template":"","format":"standard","meta":{"inline_featured_image":false,"ocean_post_layout":"","ocean_both_sidebars_style":"","ocean_both_sidebars_content_width":0,"ocean_both_sidebars_sidebars_width":0,"ocean_sidebar":"","ocean_second_sidebar":"","ocean_disable_margins":"enable","ocean_add_body_class":"","ocean_shortcode_before_top_bar":"","ocean_shortcode_after_top_bar":"","ocean_shortcode_before_header":"","ocean_shortcode_after_header":"","ocean_has_shortcode":"","ocean_shortcode_after_title":"","ocean_shortcode_before_footer_widgets":"","ocean_shortcode_after_footer_widgets":"","ocean_shortcode_before_footer_bottom":"","ocean_shortcode_after_footer_bottom":"","ocean_display_top_bar":"default","ocean_display_header":"default","ocean_header_style":"","ocean_center_header_left_menu":"","ocean_custom_header_template":"","ocean_custom_logo":0,"ocean_custom_retina_logo":0,"ocean_custom_logo_max_width":0,"ocean_custom_logo_tablet_max_width":0,"ocean_custom_logo_mobile_max_width":0,"ocean_custom_logo_max_height":0,"ocean_custom_logo_tablet_max_height":0,"ocean_custom_logo_mobile_max_height":0,"ocean_header_custom_menu":"","ocean_menu_typo_font_family":"","ocean_menu_typo_font_subset":"","ocean_menu_typo_font_size":0,"ocean_menu_typo_font_size_tablet":0,"ocean_menu_typo_font_size_mobile":0,"ocean_menu_typo_font_size_unit":"px","ocean_menu_typo_font_weight":"","ocean_menu_typo_font_weight_tablet":"","ocean_menu_typo_font_weight_mobile":"","ocean_menu_typo_transform":"","ocean_menu_typo_transform_tablet":"","ocean_menu_typo_transform_mobile":"","ocean_menu_typo_line_height":0,"ocean_menu_typo_line_height_tablet":0,"ocean_menu_typo_line_height_mobile":0,"ocean_menu_typo_line_height_unit":"","ocean_menu_typo_spacing":0,"ocean_menu_typo_spacing_tablet":0,"ocean_menu_typo_spacing_mobile":0,"ocean_menu_typo_spacing_unit":"","ocean_menu_link_color":"","ocean_menu_link_color_hover":"","ocean_menu_link_color_active":"","ocean_menu_link_background":"","ocean_menu_link_hover_background":"","ocean_menu_link_active_background":"","ocean_menu_social_links_bg":"","ocean_menu_social_hover_links_bg":"","ocean_menu_social_links_color":"","ocean_menu_social_hover_links_color":"","ocean_disable_title":"default","ocean_disable_heading":"default","ocean_post_title":"","ocean_post_subheading":"","ocean_post_title_style":"","ocean_post_title_background_color":"","ocean_post_title_background":0,"ocean_post_title_bg_image_position":"","ocean_post_title_bg_image_attachment":"","ocean_post_title_bg_image_repeat":"","ocean_post_title_bg_image_size":"","ocean_post_title_height":0,"ocean_post_title_bg_overlay":0.5,"ocean_post_title_bg_overlay_color":"","ocean_disable_breadcrumbs":"default","ocean_breadcrumbs_color":"","ocean_breadcrumbs_separator_color":"","ocean_breadcrumbs_links_color":"","ocean_breadcrumbs_links_hover_color":"","ocean_display_footer_widgets":"default","ocean_display_footer_bottom":"default","ocean_custom_footer_template":"","ocean_post_oembed":"","ocean_post_self_hosted_media":"","ocean_post_video_embed":"","ocean_link_format":"","ocean_link_format_target":"self","ocean_quote_format":"","ocean_quote_format_link":"post","ocean_gallery_link_images":"on","ocean_gallery_id":[],"footnotes":""},"categories":[133],"tags":[139],"class_list":["post-56024","post","type-post","status-publish","format-standard","has-post-thumbnail","hentry","category-notizie","tag-notizie-di-la-ccis","entry","has-media"],"yoast_head":"<!-- This site is optimized with the Yoast SEO plugin v27.5 - https:\/\/yoast.com\/product\/yoast-seo-wordpress\/ -->\n<title>Firma dell&#039;accordo di collaborazione tra la CCIS e la FCDA - Alcobendas HUB - Italcamara<\/title>\n<meta name=\"robots\" content=\"index, follow, max-snippet:-1, max-image-preview:large, max-video-preview:-1\" \/>\n<link rel=\"canonical\" href=\"https:\/\/italcamara-es.com\/it\/notizie\/firma-dellaccordo-di-collaborazione-tra-la-ccis-e-la-fcda-alcobendas-hub\/\" \/>\n<meta property=\"og:locale\" content=\"it_IT\" \/>\n<meta property=\"og:type\" content=\"article\" \/>\n<meta property=\"og:title\" content=\"Firma dell&#039;accordo di collaborazione tra la CCIS e la FCDA - Alcobendas HUB - Italcamara\" \/>\n<meta property=\"og:description\" content=\"La Camera di Commercio e Industria italiana per la Spagna (CCIS) ha firmato il 5 febbraio scorso un protocollo d\u2019intesa con la Fondazione Citt\u00e0 di Alcobendas (FCDA) \u2013 Alcobendas HUB. L\u2019accordo prevede la collaborazione tra le due parti per lo sviluppo di iniziative imprenditoriali, di innovazione e internazionalizzazione di imprese nel territorio di Alcobendas, municipio [&hellip;]\" \/>\n<meta property=\"og:url\" content=\"https:\/\/italcamara-es.com\/it\/notizie\/firma-dellaccordo-di-collaborazione-tra-la-ccis-e-la-fcda-alcobendas-hub\/\" \/>\n<meta property=\"og:site_name\" content=\"Italcamara\" \/>\n<meta property=\"article:published_time\" content=\"2018-02-05T11:30:38+00:00\" \/>\n<meta property=\"og:image\" content=\"https:\/\/italcamara-es.com\/wp-content\/uploads\/2025\/03\/frima-conveni250.jpg\" \/>\n\t<meta property=\"og:image:width\" content=\"250\" \/>\n\t<meta property=\"og:image:height\" content=\"140\" \/>\n\t<meta property=\"og:image:type\" content=\"image\/jpeg\" \/>\n<meta name=\"author\" content=\"administrador\" \/>\n<meta name=\"twitter:card\" content=\"summary_large_image\" \/>\n<meta name=\"twitter:label1\" content=\"Scritto da\" \/>\n\t<meta name=\"twitter:data1\" content=\"administrador\" \/>\n\t<meta name=\"twitter:label2\" content=\"Tempo di lettura stimato\" \/>\n\t<meta name=\"twitter:data2\" content=\"1 minuto\" \/>\n<script type=\"application\/ld+json\" class=\"yoast-schema-graph\">{\"@context\":\"https:\\\/\\\/schema.org\",\"@graph\":[{\"@type\":\"Article\",\"@id\":\"https:\\\/\\\/italcamara-es.com\\\/it\\\/notizie\\\/firma-dellaccordo-di-collaborazione-tra-la-ccis-e-la-fcda-alcobendas-hub\\\/#article\",\"isPartOf\":{\"@id\":\"https:\\\/\\\/italcamara-es.com\\\/it\\\/notizie\\\/firma-dellaccordo-di-collaborazione-tra-la-ccis-e-la-fcda-alcobendas-hub\\\/\"},\"author\":{\"name\":\"administrador\",\"@id\":\"https:\\\/\\\/italcamara-es.com\\\/#\\\/schema\\\/person\\\/bb3c56263e405bbd9a15171dcfee93bb\"},\"headline\":\"Firma dell&#8217;accordo di collaborazione tra la CCIS e la FCDA &#8211; Alcobendas HUB\",\"datePublished\":\"2018-02-05T11:30:38+00:00\",\"mainEntityOfPage\":{\"@id\":\"https:\\\/\\\/italcamara-es.com\\\/it\\\/notizie\\\/firma-dellaccordo-di-collaborazione-tra-la-ccis-e-la-fcda-alcobendas-hub\\\/\"},\"wordCount\":294,\"commentCount\":0,\"image\":{\"@id\":\"https:\\\/\\\/italcamara-es.com\\\/it\\\/notizie\\\/firma-dellaccordo-di-collaborazione-tra-la-ccis-e-la-fcda-alcobendas-hub\\\/#primaryimage\"},\"thumbnailUrl\":\"https:\\\/\\\/italcamara-es.com\\\/wp-content\\\/uploads\\\/2025\\\/03\\\/frima-conveni250.jpg\",\"keywords\":[\"Notizie di la CCIS\"],\"articleSection\":[\"Notizie\"],\"inLanguage\":\"it-IT\",\"potentialAction\":[{\"@type\":\"CommentAction\",\"name\":\"Comment\",\"target\":[\"https:\\\/\\\/italcamara-es.com\\\/it\\\/notizie\\\/firma-dellaccordo-di-collaborazione-tra-la-ccis-e-la-fcda-alcobendas-hub\\\/#respond\"]}]},{\"@type\":\"WebPage\",\"@id\":\"https:\\\/\\\/italcamara-es.com\\\/it\\\/notizie\\\/firma-dellaccordo-di-collaborazione-tra-la-ccis-e-la-fcda-alcobendas-hub\\\/\",\"url\":\"https:\\\/\\\/italcamara-es.com\\\/it\\\/notizie\\\/firma-dellaccordo-di-collaborazione-tra-la-ccis-e-la-fcda-alcobendas-hub\\\/\",\"name\":\"Firma dell'accordo di collaborazione tra la CCIS e la FCDA - Alcobendas HUB - Italcamara\",\"isPartOf\":{\"@id\":\"https:\\\/\\\/italcamara-es.com\\\/#website\"},\"primaryImageOfPage\":{\"@id\":\"https:\\\/\\\/italcamara-es.com\\\/it\\\/notizie\\\/firma-dellaccordo-di-collaborazione-tra-la-ccis-e-la-fcda-alcobendas-hub\\\/#primaryimage\"},\"image\":{\"@id\":\"https:\\\/\\\/italcamara-es.com\\\/it\\\/notizie\\\/firma-dellaccordo-di-collaborazione-tra-la-ccis-e-la-fcda-alcobendas-hub\\\/#primaryimage\"},\"thumbnailUrl\":\"https:\\\/\\\/italcamara-es.com\\\/wp-content\\\/uploads\\\/2025\\\/03\\\/frima-conveni250.jpg\",\"datePublished\":\"2018-02-05T11:30:38+00:00\",\"author\":{\"@id\":\"https:\\\/\\\/italcamara-es.com\\\/#\\\/schema\\\/person\\\/bb3c56263e405bbd9a15171dcfee93bb\"},\"breadcrumb\":{\"@id\":\"https:\\\/\\\/italcamara-es.com\\\/it\\\/notizie\\\/firma-dellaccordo-di-collaborazione-tra-la-ccis-e-la-fcda-alcobendas-hub\\\/#breadcrumb\"},\"inLanguage\":\"it-IT\",\"potentialAction\":[{\"@type\":\"ReadAction\",\"target\":[\"https:\\\/\\\/italcamara-es.com\\\/it\\\/notizie\\\/firma-dellaccordo-di-collaborazione-tra-la-ccis-e-la-fcda-alcobendas-hub\\\/\"]}]},{\"@type\":\"ImageObject\",\"inLanguage\":\"it-IT\",\"@id\":\"https:\\\/\\\/italcamara-es.com\\\/it\\\/notizie\\\/firma-dellaccordo-di-collaborazione-tra-la-ccis-e-la-fcda-alcobendas-hub\\\/#primaryimage\",\"url\":\"https:\\\/\\\/italcamara-es.com\\\/wp-content\\\/uploads\\\/2025\\\/03\\\/frima-conveni250.jpg\",\"contentUrl\":\"https:\\\/\\\/italcamara-es.com\\\/wp-content\\\/uploads\\\/2025\\\/03\\\/frima-conveni250.jpg\",\"width\":250,\"height\":140},{\"@type\":\"BreadcrumbList\",\"@id\":\"https:\\\/\\\/italcamara-es.com\\\/it\\\/notizie\\\/firma-dellaccordo-di-collaborazione-tra-la-ccis-e-la-fcda-alcobendas-hub\\\/#breadcrumb\",\"itemListElement\":[{\"@type\":\"ListItem\",\"position\":1,\"name\":\"Inicio\",\"item\":\"https:\\\/\\\/italcamara-es.com\\\/it\\\/homepage-ita\\\/\"},{\"@type\":\"ListItem\",\"position\":2,\"name\":\"Firma dell&#8217;accordo di collaborazione tra la CCIS e la FCDA &#8211; Alcobendas HUB\"}]},{\"@type\":\"WebSite\",\"@id\":\"https:\\\/\\\/italcamara-es.com\\\/#website\",\"url\":\"https:\\\/\\\/italcamara-es.com\\\/\",\"name\":\"Italcamara\",\"description\":\"\",\"potentialAction\":[{\"@type\":\"SearchAction\",\"target\":{\"@type\":\"EntryPoint\",\"urlTemplate\":\"https:\\\/\\\/italcamara-es.com\\\/?s={search_term_string}\"},\"query-input\":{\"@type\":\"PropertyValueSpecification\",\"valueRequired\":true,\"valueName\":\"search_term_string\"}}],\"inLanguage\":\"it-IT\"},{\"@type\":\"Person\",\"@id\":\"https:\\\/\\\/italcamara-es.com\\\/#\\\/schema\\\/person\\\/bb3c56263e405bbd9a15171dcfee93bb\",\"name\":\"administrador\",\"image\":{\"@type\":\"ImageObject\",\"inLanguage\":\"it-IT\",\"@id\":\"https:\\\/\\\/secure.gravatar.com\\\/avatar\\\/14b5e63db38320b12031bb28cf9f77e210aa71fb3a8a3602a3c9a05134fa75eb?s=96&d=mm&r=g\",\"url\":\"https:\\\/\\\/secure.gravatar.com\\\/avatar\\\/14b5e63db38320b12031bb28cf9f77e210aa71fb3a8a3602a3c9a05134fa75eb?s=96&d=mm&r=g\",\"contentUrl\":\"https:\\\/\\\/secure.gravatar.com\\\/avatar\\\/14b5e63db38320b12031bb28cf9f77e210aa71fb3a8a3602a3c9a05134fa75eb?s=96&d=mm&r=g\",\"caption\":\"administrador\"},\"sameAs\":[\"http:\\\/\\\/pre.italcamara-es.com\"],\"url\":\"https:\\\/\\\/italcamara-es.com\\\/it\\\/author\\\/administrador\\\/\"}]}<\/script>\n<!-- \/ Yoast SEO plugin. -->","yoast_head_json":{"title":"Firma dell'accordo di collaborazione tra la CCIS e la FCDA - Alcobendas HUB - Italcamara","robots":{"index":"index","follow":"follow","max-snippet":"max-snippet:-1","max-image-preview":"max-image-preview:large","max-video-preview":"max-video-preview:-1"},"canonical":"https:\/\/italcamara-es.com\/it\/notizie\/firma-dellaccordo-di-collaborazione-tra-la-ccis-e-la-fcda-alcobendas-hub\/","og_locale":"it_IT","og_type":"article","og_title":"Firma dell'accordo di collaborazione tra la CCIS e la FCDA - Alcobendas HUB - Italcamara","og_description":"La Camera di Commercio e Industria italiana per la Spagna (CCIS) ha firmato il 5 febbraio scorso un protocollo d\u2019intesa con la Fondazione Citt\u00e0 di Alcobendas (FCDA) \u2013 Alcobendas HUB. L\u2019accordo prevede la collaborazione tra le due parti per lo sviluppo di iniziative imprenditoriali, di innovazione e internazionalizzazione di imprese nel territorio di Alcobendas, municipio [&hellip;]","og_url":"https:\/\/italcamara-es.com\/it\/notizie\/firma-dellaccordo-di-collaborazione-tra-la-ccis-e-la-fcda-alcobendas-hub\/","og_site_name":"Italcamara","article_published_time":"2018-02-05T11:30:38+00:00","og_image":[{"width":250,"height":140,"url":"https:\/\/italcamara-es.com\/wp-content\/uploads\/2025\/03\/frima-conveni250.jpg","type":"image\/jpeg"}],"author":"administrador","twitter_card":"summary_large_image","twitter_misc":{"Scritto da":"administrador","Tempo di lettura stimato":"1 minuto"},"schema":{"@context":"https:\/\/schema.org","@graph":[{"@type":"Article","@id":"https:\/\/italcamara-es.com\/it\/notizie\/firma-dellaccordo-di-collaborazione-tra-la-ccis-e-la-fcda-alcobendas-hub\/#article","isPartOf":{"@id":"https:\/\/italcamara-es.com\/it\/notizie\/firma-dellaccordo-di-collaborazione-tra-la-ccis-e-la-fcda-alcobendas-hub\/"},"author":{"name":"administrador","@id":"https:\/\/italcamara-es.com\/#\/schema\/person\/bb3c56263e405bbd9a15171dcfee93bb"},"headline":"Firma dell&#8217;accordo di collaborazione tra la CCIS e la FCDA &#8211; Alcobendas HUB","datePublished":"2018-02-05T11:30:38+00:00","mainEntityOfPage":{"@id":"https:\/\/italcamara-es.com\/it\/notizie\/firma-dellaccordo-di-collaborazione-tra-la-ccis-e-la-fcda-alcobendas-hub\/"},"wordCount":294,"commentCount":0,"image":{"@id":"https:\/\/italcamara-es.com\/it\/notizie\/firma-dellaccordo-di-collaborazione-tra-la-ccis-e-la-fcda-alcobendas-hub\/#primaryimage"},"thumbnailUrl":"https:\/\/italcamara-es.com\/wp-content\/uploads\/2025\/03\/frima-conveni250.jpg","keywords":["Notizie di la CCIS"],"articleSection":["Notizie"],"inLanguage":"it-IT","potentialAction":[{"@type":"CommentAction","name":"Comment","target":["https:\/\/italcamara-es.com\/it\/notizie\/firma-dellaccordo-di-collaborazione-tra-la-ccis-e-la-fcda-alcobendas-hub\/#respond"]}]},{"@type":"WebPage","@id":"https:\/\/italcamara-es.com\/it\/notizie\/firma-dellaccordo-di-collaborazione-tra-la-ccis-e-la-fcda-alcobendas-hub\/","url":"https:\/\/italcamara-es.com\/it\/notizie\/firma-dellaccordo-di-collaborazione-tra-la-ccis-e-la-fcda-alcobendas-hub\/","name":"Firma dell'accordo di collaborazione tra la CCIS e la FCDA - Alcobendas HUB - Italcamara","isPartOf":{"@id":"https:\/\/italcamara-es.com\/#website"},"primaryImageOfPage":{"@id":"https:\/\/italcamara-es.com\/it\/notizie\/firma-dellaccordo-di-collaborazione-tra-la-ccis-e-la-fcda-alcobendas-hub\/#primaryimage"},"image":{"@id":"https:\/\/italcamara-es.com\/it\/notizie\/firma-dellaccordo-di-collaborazione-tra-la-ccis-e-la-fcda-alcobendas-hub\/#primaryimage"},"thumbnailUrl":"https:\/\/italcamara-es.com\/wp-content\/uploads\/2025\/03\/frima-conveni250.jpg","datePublished":"2018-02-05T11:30:38+00:00","author":{"@id":"https:\/\/italcamara-es.com\/#\/schema\/person\/bb3c56263e405bbd9a15171dcfee93bb"},"breadcrumb":{"@id":"https:\/\/italcamara-es.com\/it\/notizie\/firma-dellaccordo-di-collaborazione-tra-la-ccis-e-la-fcda-alcobendas-hub\/#breadcrumb"},"inLanguage":"it-IT","potentialAction":[{"@type":"ReadAction","target":["https:\/\/italcamara-es.com\/it\/notizie\/firma-dellaccordo-di-collaborazione-tra-la-ccis-e-la-fcda-alcobendas-hub\/"]}]},{"@type":"ImageObject","inLanguage":"it-IT","@id":"https:\/\/italcamara-es.com\/it\/notizie\/firma-dellaccordo-di-collaborazione-tra-la-ccis-e-la-fcda-alcobendas-hub\/#primaryimage","url":"https:\/\/italcamara-es.com\/wp-content\/uploads\/2025\/03\/frima-conveni250.jpg","contentUrl":"https:\/\/italcamara-es.com\/wp-content\/uploads\/2025\/03\/frima-conveni250.jpg","width":250,"height":140},{"@type":"BreadcrumbList","@id":"https:\/\/italcamara-es.com\/it\/notizie\/firma-dellaccordo-di-collaborazione-tra-la-ccis-e-la-fcda-alcobendas-hub\/#breadcrumb","itemListElement":[{"@type":"ListItem","position":1,"name":"Inicio","item":"https:\/\/italcamara-es.com\/it\/homepage-ita\/"},{"@type":"ListItem","position":2,"name":"Firma dell&#8217;accordo di collaborazione tra la CCIS e la FCDA &#8211; Alcobendas HUB"}]},{"@type":"WebSite","@id":"https:\/\/italcamara-es.com\/#website","url":"https:\/\/italcamara-es.com\/","name":"Italcamara","description":"","potentialAction":[{"@type":"SearchAction","target":{"@type":"EntryPoint","urlTemplate":"https:\/\/italcamara-es.com\/?s={search_term_string}"},"query-input":{"@type":"PropertyValueSpecification","valueRequired":true,"valueName":"search_term_string"}}],"inLanguage":"it-IT"},{"@type":"Person","@id":"https:\/\/italcamara-es.com\/#\/schema\/person\/bb3c56263e405bbd9a15171dcfee93bb","name":"administrador","image":{"@type":"ImageObject","inLanguage":"it-IT","@id":"https:\/\/secure.gravatar.com\/avatar\/14b5e63db38320b12031bb28cf9f77e210aa71fb3a8a3602a3c9a05134fa75eb?s=96&d=mm&r=g","url":"https:\/\/secure.gravatar.com\/avatar\/14b5e63db38320b12031bb28cf9f77e210aa71fb3a8a3602a3c9a05134fa75eb?s=96&d=mm&r=g","contentUrl":"https:\/\/secure.gravatar.com\/avatar\/14b5e63db38320b12031bb28cf9f77e210aa71fb3a8a3602a3c9a05134fa75eb?s=96&d=mm&r=g","caption":"administrador"},"sameAs":["http:\/\/pre.italcamara-es.com"],"url":"https:\/\/italcamara-es.com\/it\/author\/administrador\/"}]}},"rttpg_featured_image_url":{"full":["https:\/\/italcamara-es.com\/wp-content\/uploads\/2025\/03\/frima-conveni250.jpg",250,140,false],"landscape":["https:\/\/italcamara-es.com\/wp-content\/uploads\/2025\/03\/frima-conveni250.jpg",250,140,false],"portraits":["https:\/\/italcamara-es.com\/wp-content\/uploads\/2025\/03\/frima-conveni250.jpg",250,140,false],"thumbnail":["https:\/\/italcamara-es.com\/wp-content\/uploads\/2025\/03\/frima-conveni250-150x140.jpg",150,140,true],"medium":["https:\/\/italcamara-es.com\/wp-content\/uploads\/2025\/03\/frima-conveni250.jpg",250,140,false],"large":["https:\/\/italcamara-es.com\/wp-content\/uploads\/2025\/03\/frima-conveni250.jpg",250,140,false],"1536x1536":["https:\/\/italcamara-es.com\/wp-content\/uploads\/2025\/03\/frima-conveni250.jpg",250,140,false],"2048x2048":["https:\/\/italcamara-es.com\/wp-content\/uploads\/2025\/03\/frima-conveni250.jpg",250,140,false],"ocean-thumb-m":["https:\/\/italcamara-es.com\/wp-content\/uploads\/2025\/03\/frima-conveni250.jpg",250,140,false],"ocean-thumb-ml":["https:\/\/italcamara-es.com\/wp-content\/uploads\/2025\/03\/frima-conveni250.jpg",250,140,false],"ocean-thumb-l":["https:\/\/italcamara-es.com\/wp-content\/uploads\/2025\/03\/frima-conveni250.jpg",250,140,false],"directorist_preview":["https:\/\/italcamara-es.com\/wp-content\/uploads\/2025\/03\/frima-conveni250.jpg",250,140,false]},"rttpg_author":{"display_name":"administrador","author_link":"https:\/\/italcamara-es.com\/it\/author\/administrador\/"},"rttpg_comment":0,"rttpg_category":"<a href=\"https:\/\/italcamara-es.com\/it\/category\/notizie\/\" rel=\"category tag\">Notizie<\/a>","rttpg_excerpt":"La Camera di Commercio e Industria italiana per la Spagna (CCIS) ha firmato il 5 febbraio scorso un protocollo d\u2019intesa con la Fondazione Citt\u00e0 di Alcobendas (FCDA) \u2013 Alcobendas HUB. L\u2019accordo prevede la collaborazione tra le due parti per lo sviluppo di iniziative imprenditoriali, di innovazione e internazionalizzazione di imprese nel territorio di Alcobendas, municipio&hellip;","_links":{"self":[{"href":"https:\/\/italcamara-es.com\/it\/wp-json\/wp\/v2\/posts\/56024","targetHints":{"allow":["GET"]}}],"collection":[{"href":"https:\/\/italcamara-es.com\/it\/wp-json\/wp\/v2\/posts"}],"about":[{"href":"https:\/\/italcamara-es.com\/it\/wp-json\/wp\/v2\/types\/post"}],"author":[{"embeddable":true,"href":"https:\/\/italcamara-es.com\/it\/wp-json\/wp\/v2\/users\/1"}],"replies":[{"embeddable":true,"href":"https:\/\/italcamara-es.com\/it\/wp-json\/wp\/v2\/comments?post=56024"}],"version-history":[{"count":0,"href":"https:\/\/italcamara-es.com\/it\/wp-json\/wp\/v2\/posts\/56024\/revisions"}],"wp:featuredmedia":[{"embeddable":true,"href":"https:\/\/italcamara-es.com\/it\/wp-json\/wp\/v2\/media\/54547"}],"wp:attachment":[{"href":"https:\/\/italcamara-es.com\/it\/wp-json\/wp\/v2\/media?parent=56024"}],"wp:term":[{"taxonomy":"category","embeddable":true,"href":"https:\/\/italcamara-es.com\/it\/wp-json\/wp\/v2\/categories?post=56024"},{"taxonomy":"post_tag","embeddable":true,"href":"https:\/\/italcamara-es.com\/it\/wp-json\/wp\/v2\/tags?post=56024"}],"curies":[{"name":"wp","href":"https:\/\/api.w.org\/{rel}","templated":true}]}}