	{"id":56031,"date":"2018-02-28T15:09:23","date_gmt":"2018-02-28T14:09:23","guid":{"rendered":"http:\/\/pre.italcamara-es.com\/senza-categoria\/tepresento1socio-intervista-ad-alfio-sensi\/"},"modified":"2025-03-30T13:52:24","modified_gmt":"2025-03-30T11:52:24","slug":"tepresento1socio-intervista-ad-alfio-sensi","status":"publish","type":"post","link":"https:\/\/italcamara-es.com\/it\/notizie\/tepresento1socio-intervista-ad-alfio-sensi\/","title":{"rendered":"#TePresento1Socio: intervista ad Alfio Sensi"},"content":{"rendered":"<p>A partire da oggi, periodicamente, presenteremo uno dei nostri soci nella rubrica #TePresento1Socio. Il primo che ci ha raccontato la propria storia \u00e8 un socio storico della CCIS, Alfio Sensi, Presidente di Polvani Tours Espa\u00f1a, che lo scorso maggio \u00e8 stato insignito dell&#8217;onorificenza \u201cCaballero de la Orden de la Stella d&#8217;Italia\u201d.<\/p>\n<p>&nbsp;<\/p>\n<p><strong>D: Ci racconta chi \u00e8 Alfio Sensi, come \u00e8 arrivato a Madrid e la sua carriera all\u2019interno di Polvani Tours?<\/strong><br \/>\n<strong>R:<\/strong> Sono arrivato a Madrid per lavoro. Precedentemente, sempre attraverso la mia ditta \u201cOrganizaci\u00f3n Polvani de Viajes y Turismo Internacional\u201d, da Genova mi spostai in Argentina, presso la sua agenzia di Buenos Aires, poi in Brasile, prima a San Paolo, poi a Rio de Janeiro e dopo una lunga permanenza in sud America, mi affidarono la Polvani in Spagna. Spostai quindi la residenza a Madrid nel lontano 1975, mantenendo ciomunque i contatti con le agenzie del Sud America.<\/p>\n<p>&nbsp;<\/p>\n<p><strong>D:\u00a0Quando e come \u00e8 entrato in contatto con la Camera di Commercio Italiana per la Spagna?<br \/>\nR:<\/strong> Arrivando a madrid presi subito contatto con la nostra Camera di Commercio, che a quei tempi aveva gli uffici in Calle Mayor. Il Segretario Generale era Tonino Quadrelli, e con lui incominciai un percorso di collaborazione, gestendo i viaggi di gruppi di operatori nell\u2019ambito di missioni commerciali in italia, per la visita a caseifici , oleifici e a importante fiere a Milano e Firenze.<br \/>\nUn ricordo simpatico \u00e8 legato ad una missione commerciale in Cina con un gruppo di circa 40 operatori, organizzata dall\u2019allora Segretario generale Mario Mazzali. Durante il volo, col permesso del comandante, per rendere pi\u00f9 allegro e meno mon\u00f3tono il viaggio per il nostro gruppo (che era separato dal resto dei passeggeri), venne distribuito un ottimo prosciutto \u201cbellota\u201d, vino de la Rioja, ed al suono di una chitarra si cre\u00f2 un\u2019atmosfera davvero allegra\u2026a 10\/12 mila metri di altezza!!!<\/p>\n<p>&nbsp;<\/p>\n<p><img fetchpriority=\"high\" decoding=\"async\" class=\" size-full wp-image-16124 aligncenter\" src=\"https:\/\/www.italcamara-es.com\/wp-content\/uploads\/2018\/02\/Sensi-9001.jpg\" alt=\"Sensi-900\" width=\"900\" height=\"600\" \/><\/p>\n<p>&nbsp;<\/p>\n<p><strong>D: Qual \u00e8 stato il suo impegno per gli italiani che vivono in Spagna?<\/strong><br \/>\n<strong>R:<\/strong> Il rapporto con gli italiani in Spagna \u00e8 sempre stato all\u2019insegna dell\u2019amicizia, della volont\u00e0 di creare amicizie e di servirli da amici quando sono venuti ad acquistare viaggi.<br \/>\nAbbbiamo sempre servito al meglio le imprese italiane, ed il fatto che godiamo tuttora della fiducia di imprese importanti, che sono nostri clienti gi\u00e0 da 35\/40 anni, credo sia una testimonianza del lavoro svolto in tutto questo tempo<\/p>\n<p><strong>\u00a0<\/strong><\/p>\n<p><strong>D: Cosa rappresenta per lei essere stato condecorato \u201cCavaliere dell\u2019Ordine della Stella d\u2019Italia\u201d dall\u2019Ambasciatore d\u2019Italia, Stefano Sannino, nel maggio dello scorso anno?<\/strong><br \/>\n<strong>R:<\/strong>\u00a0Davvero mi \u00e8 ddifficile trovare il termine giusto per descrivere cosa significa per un lavoratore ricevere questa onorificenza, sia a livello personale che, soprattutto per la mia famiglia ed anche per la Polvani. \u00c8 una grande soddisfazione sentirsi onorato per aver fatto qualcosa per l\u2019italia, anche stando all\u2019estero.<br \/>\nViva l\u2019italia e Viva la Spagna!<\/p>\n","protected":false},"excerpt":{"rendered":"<p>A partire da oggi, periodicamente, presenteremo uno dei nostri soci nella rubrica #TePresento1Socio. Il primo che ci ha raccontato la propria storia \u00e8 un socio storico della CCIS, Alfio Sensi, Presidente di Polvani Tours Espa\u00f1a, che lo scorso maggio \u00e8 stato insignito dell&#8217;onorificenza \u201cCaballero de la Orden de la Stella d&#8217;Italia\u201d. &nbsp; D: Ci racconta [&hellip;]<\/p>\n","protected":false},"author":1,"featured_media":52563,"comment_status":"open","ping_status":"open","sticky":false,"template":"","format":"standard","meta":{"inline_featured_image":false,"ocean_post_layout":"","ocean_both_sidebars_style":"","ocean_both_sidebars_content_width":0,"ocean_both_sidebars_sidebars_width":0,"ocean_sidebar":"","ocean_second_sidebar":"","ocean_disable_margins":"enable","ocean_add_body_class":"","ocean_shortcode_before_top_bar":"","ocean_shortcode_after_top_bar":"","ocean_shortcode_before_header":"","ocean_shortcode_after_header":"","ocean_has_shortcode":"","ocean_shortcode_after_title":"","ocean_shortcode_before_footer_widgets":"","ocean_shortcode_after_footer_widgets":"","ocean_shortcode_before_footer_bottom":"","ocean_shortcode_after_footer_bottom":"","ocean_display_top_bar":"default","ocean_display_header":"default","ocean_header_style":"","ocean_center_header_left_menu":"","ocean_custom_header_template":"","ocean_custom_logo":0,"ocean_custom_retina_logo":0,"ocean_custom_logo_max_width":0,"ocean_custom_logo_tablet_max_width":0,"ocean_custom_logo_mobile_max_width":0,"ocean_custom_logo_max_height":0,"ocean_custom_logo_tablet_max_height":0,"ocean_custom_logo_mobile_max_height":0,"ocean_header_custom_menu":"","ocean_menu_typo_font_family":"","ocean_menu_typo_font_subset":"","ocean_menu_typo_font_size":0,"ocean_menu_typo_font_size_tablet":0,"ocean_menu_typo_font_size_mobile":0,"ocean_menu_typo_font_size_unit":"px","ocean_menu_typo_font_weight":"","ocean_menu_typo_font_weight_tablet":"","ocean_menu_typo_font_weight_mobile":"","ocean_menu_typo_transform":"","ocean_menu_typo_transform_tablet":"","ocean_menu_typo_transform_mobile":"","ocean_menu_typo_line_height":0,"ocean_menu_typo_line_height_tablet":0,"ocean_menu_typo_line_height_mobile":0,"ocean_menu_typo_line_height_unit":"","ocean_menu_typo_spacing":0,"ocean_menu_typo_spacing_tablet":0,"ocean_menu_typo_spacing_mobile":0,"ocean_menu_typo_spacing_unit":"","ocean_menu_link_color":"","ocean_menu_link_color_hover":"","ocean_menu_link_color_active":"","ocean_menu_link_background":"","ocean_menu_link_hover_background":"","ocean_menu_link_active_background":"","ocean_menu_social_links_bg":"","ocean_menu_social_hover_links_bg":"","ocean_menu_social_links_color":"","ocean_menu_social_hover_links_color":"","ocean_disable_title":"default","ocean_disable_heading":"default","ocean_post_title":"","ocean_post_subheading":"","ocean_post_title_style":"","ocean_post_title_background_color":"","ocean_post_title_background":0,"ocean_post_title_bg_image_position":"","ocean_post_title_bg_image_attachment":"","ocean_post_title_bg_image_repeat":"","ocean_post_title_bg_image_size":"","ocean_post_title_height":0,"ocean_post_title_bg_overlay":0.5,"ocean_post_title_bg_overlay_color":"","ocean_disable_breadcrumbs":"default","ocean_breadcrumbs_color":"","ocean_breadcrumbs_separator_color":"","ocean_breadcrumbs_links_color":"","ocean_breadcrumbs_links_hover_color":"","ocean_display_footer_widgets":"default","ocean_display_footer_bottom":"default","ocean_custom_footer_template":"","ocean_post_oembed":"","ocean_post_self_hosted_media":"","ocean_post_video_embed":"","ocean_link_format":"","ocean_link_format_target":"self","ocean_quote_format":"","ocean_quote_format_link":"post","ocean_gallery_link_images":"on","ocean_gallery_id":[],"footnotes":""},"categories":[133],"tags":[139],"class_list":["post-56031","post","type-post","status-publish","format-standard","has-post-thumbnail","hentry","category-notizie","tag-notizie-di-la-ccis","entry","has-media"],"yoast_head":"<!-- This site is optimized with the Yoast SEO plugin v27.5 - https:\/\/yoast.com\/product\/yoast-seo-wordpress\/ -->\n<title>#TePresento1Socio: intervista ad Alfio Sensi - Italcamara<\/title>\n<meta name=\"robots\" content=\"index, follow, max-snippet:-1, max-image-preview:large, max-video-preview:-1\" \/>\n<link rel=\"canonical\" href=\"https:\/\/italcamara-es.com\/it\/notizie\/tepresento1socio-intervista-ad-alfio-sensi\/\" \/>\n<meta property=\"og:locale\" content=\"it_IT\" \/>\n<meta property=\"og:type\" content=\"article\" \/>\n<meta property=\"og:title\" content=\"#TePresento1Socio: intervista ad Alfio Sensi - Italcamara\" \/>\n<meta property=\"og:description\" content=\"A partire da oggi, periodicamente, presenteremo uno dei nostri soci nella rubrica #TePresento1Socio. Il primo che ci ha raccontato la propria storia \u00e8 un socio storico della CCIS, Alfio Sensi, Presidente di Polvani Tours Espa\u00f1a, che lo scorso maggio \u00e8 stato insignito dell&#8217;onorificenza \u201cCaballero de la Orden de la Stella d&#8217;Italia\u201d. &nbsp; D: Ci racconta [&hellip;]\" \/>\n<meta property=\"og:url\" content=\"https:\/\/italcamara-es.com\/it\/notizie\/tepresento1socio-intervista-ad-alfio-sensi\/\" \/>\n<meta property=\"og:site_name\" content=\"Italcamara\" \/>\n<meta property=\"article:published_time\" content=\"2018-02-28T14:09:23+00:00\" \/>\n<meta property=\"article:modified_time\" content=\"2025-03-30T11:52:24+00:00\" \/>\n<meta property=\"og:image\" content=\"https:\/\/italcamara-es.com\/wp-content\/uploads\/2025\/03\/Sensi-250.jpg\" \/>\n\t<meta property=\"og:image:width\" content=\"250\" \/>\n\t<meta property=\"og:image:height\" content=\"140\" \/>\n\t<meta property=\"og:image:type\" content=\"image\/jpeg\" \/>\n<meta name=\"author\" content=\"administrador\" \/>\n<meta name=\"twitter:card\" content=\"summary_large_image\" \/>\n<meta name=\"twitter:label1\" content=\"Scritto da\" \/>\n\t<meta name=\"twitter:data1\" content=\"administrador\" \/>\n\t<meta name=\"twitter:label2\" content=\"Tempo di lettura stimato\" \/>\n\t<meta name=\"twitter:data2\" content=\"2 minuti\" \/>\n<script type=\"application\/ld+json\" class=\"yoast-schema-graph\">{\"@context\":\"https:\\\/\\\/schema.org\",\"@graph\":[{\"@type\":\"Article\",\"@id\":\"https:\\\/\\\/italcamara-es.com\\\/it\\\/notizie\\\/tepresento1socio-intervista-ad-alfio-sensi\\\/#article\",\"isPartOf\":{\"@id\":\"https:\\\/\\\/italcamara-es.com\\\/it\\\/notizie\\\/tepresento1socio-intervista-ad-alfio-sensi\\\/\"},\"author\":{\"name\":\"administrador\",\"@id\":\"https:\\\/\\\/italcamara-es.com\\\/#\\\/schema\\\/person\\\/bb3c56263e405bbd9a15171dcfee93bb\"},\"headline\":\"#TePresento1Socio: intervista ad Alfio Sensi\",\"datePublished\":\"2018-02-28T14:09:23+00:00\",\"dateModified\":\"2025-03-30T11:52:24+00:00\",\"mainEntityOfPage\":{\"@id\":\"https:\\\/\\\/italcamara-es.com\\\/it\\\/notizie\\\/tepresento1socio-intervista-ad-alfio-sensi\\\/\"},\"wordCount\":481,\"commentCount\":0,\"image\":{\"@id\":\"https:\\\/\\\/italcamara-es.com\\\/it\\\/notizie\\\/tepresento1socio-intervista-ad-alfio-sensi\\\/#primaryimage\"},\"thumbnailUrl\":\"https:\\\/\\\/italcamara-es.com\\\/wp-content\\\/uploads\\\/2025\\\/03\\\/Sensi-250.jpg\",\"keywords\":[\"Notizie di la CCIS\"],\"articleSection\":[\"Notizie\"],\"inLanguage\":\"it-IT\",\"potentialAction\":[{\"@type\":\"CommentAction\",\"name\":\"Comment\",\"target\":[\"https:\\\/\\\/italcamara-es.com\\\/it\\\/notizie\\\/tepresento1socio-intervista-ad-alfio-sensi\\\/#respond\"]}]},{\"@type\":\"WebPage\",\"@id\":\"https:\\\/\\\/italcamara-es.com\\\/it\\\/notizie\\\/tepresento1socio-intervista-ad-alfio-sensi\\\/\",\"url\":\"https:\\\/\\\/italcamara-es.com\\\/it\\\/notizie\\\/tepresento1socio-intervista-ad-alfio-sensi\\\/\",\"name\":\"#TePresento1Socio: intervista ad Alfio Sensi - Italcamara\",\"isPartOf\":{\"@id\":\"https:\\\/\\\/italcamara-es.com\\\/#website\"},\"primaryImageOfPage\":{\"@id\":\"https:\\\/\\\/italcamara-es.com\\\/it\\\/notizie\\\/tepresento1socio-intervista-ad-alfio-sensi\\\/#primaryimage\"},\"image\":{\"@id\":\"https:\\\/\\\/italcamara-es.com\\\/it\\\/notizie\\\/tepresento1socio-intervista-ad-alfio-sensi\\\/#primaryimage\"},\"thumbnailUrl\":\"https:\\\/\\\/italcamara-es.com\\\/wp-content\\\/uploads\\\/2025\\\/03\\\/Sensi-250.jpg\",\"datePublished\":\"2018-02-28T14:09:23+00:00\",\"dateModified\":\"2025-03-30T11:52:24+00:00\",\"author\":{\"@id\":\"https:\\\/\\\/italcamara-es.com\\\/#\\\/schema\\\/person\\\/bb3c56263e405bbd9a15171dcfee93bb\"},\"breadcrumb\":{\"@id\":\"https:\\\/\\\/italcamara-es.com\\\/it\\\/notizie\\\/tepresento1socio-intervista-ad-alfio-sensi\\\/#breadcrumb\"},\"inLanguage\":\"it-IT\",\"potentialAction\":[{\"@type\":\"ReadAction\",\"target\":[\"https:\\\/\\\/italcamara-es.com\\\/it\\\/notizie\\\/tepresento1socio-intervista-ad-alfio-sensi\\\/\"]}]},{\"@type\":\"ImageObject\",\"inLanguage\":\"it-IT\",\"@id\":\"https:\\\/\\\/italcamara-es.com\\\/it\\\/notizie\\\/tepresento1socio-intervista-ad-alfio-sensi\\\/#primaryimage\",\"url\":\"https:\\\/\\\/italcamara-es.com\\\/wp-content\\\/uploads\\\/2025\\\/03\\\/Sensi-250.jpg\",\"contentUrl\":\"https:\\\/\\\/italcamara-es.com\\\/wp-content\\\/uploads\\\/2025\\\/03\\\/Sensi-250.jpg\",\"width\":250,\"height\":140},{\"@type\":\"BreadcrumbList\",\"@id\":\"https:\\\/\\\/italcamara-es.com\\\/it\\\/notizie\\\/tepresento1socio-intervista-ad-alfio-sensi\\\/#breadcrumb\",\"itemListElement\":[{\"@type\":\"ListItem\",\"position\":1,\"name\":\"Inicio\",\"item\":\"https:\\\/\\\/italcamara-es.com\\\/it\\\/homepage-ita\\\/\"},{\"@type\":\"ListItem\",\"position\":2,\"name\":\"#TePresento1Socio: intervista ad Alfio Sensi\"}]},{\"@type\":\"WebSite\",\"@id\":\"https:\\\/\\\/italcamara-es.com\\\/#website\",\"url\":\"https:\\\/\\\/italcamara-es.com\\\/\",\"name\":\"Italcamara\",\"description\":\"\",\"potentialAction\":[{\"@type\":\"SearchAction\",\"target\":{\"@type\":\"EntryPoint\",\"urlTemplate\":\"https:\\\/\\\/italcamara-es.com\\\/?s={search_term_string}\"},\"query-input\":{\"@type\":\"PropertyValueSpecification\",\"valueRequired\":true,\"valueName\":\"search_term_string\"}}],\"inLanguage\":\"it-IT\"},{\"@type\":\"Person\",\"@id\":\"https:\\\/\\\/italcamara-es.com\\\/#\\\/schema\\\/person\\\/bb3c56263e405bbd9a15171dcfee93bb\",\"name\":\"administrador\",\"image\":{\"@type\":\"ImageObject\",\"inLanguage\":\"it-IT\",\"@id\":\"https:\\\/\\\/secure.gravatar.com\\\/avatar\\\/14b5e63db38320b12031bb28cf9f77e210aa71fb3a8a3602a3c9a05134fa75eb?s=96&d=mm&r=g\",\"url\":\"https:\\\/\\\/secure.gravatar.com\\\/avatar\\\/14b5e63db38320b12031bb28cf9f77e210aa71fb3a8a3602a3c9a05134fa75eb?s=96&d=mm&r=g\",\"contentUrl\":\"https:\\\/\\\/secure.gravatar.com\\\/avatar\\\/14b5e63db38320b12031bb28cf9f77e210aa71fb3a8a3602a3c9a05134fa75eb?s=96&d=mm&r=g\",\"caption\":\"administrador\"},\"sameAs\":[\"http:\\\/\\\/pre.italcamara-es.com\"],\"url\":\"https:\\\/\\\/italcamara-es.com\\\/it\\\/author\\\/administrador\\\/\"}]}<\/script>\n<!-- \/ Yoast SEO plugin. -->","yoast_head_json":{"title":"#TePresento1Socio: intervista ad Alfio Sensi - Italcamara","robots":{"index":"index","follow":"follow","max-snippet":"max-snippet:-1","max-image-preview":"max-image-preview:large","max-video-preview":"max-video-preview:-1"},"canonical":"https:\/\/italcamara-es.com\/it\/notizie\/tepresento1socio-intervista-ad-alfio-sensi\/","og_locale":"it_IT","og_type":"article","og_title":"#TePresento1Socio: intervista ad Alfio Sensi - Italcamara","og_description":"A partire da oggi, periodicamente, presenteremo uno dei nostri soci nella rubrica #TePresento1Socio. Il primo che ci ha raccontato la propria storia \u00e8 un socio storico della CCIS, Alfio Sensi, Presidente di Polvani Tours Espa\u00f1a, che lo scorso maggio \u00e8 stato insignito dell&#8217;onorificenza \u201cCaballero de la Orden de la Stella d&#8217;Italia\u201d. &nbsp; D: Ci racconta [&hellip;]","og_url":"https:\/\/italcamara-es.com\/it\/notizie\/tepresento1socio-intervista-ad-alfio-sensi\/","og_site_name":"Italcamara","article_published_time":"2018-02-28T14:09:23+00:00","article_modified_time":"2025-03-30T11:52:24+00:00","og_image":[{"width":250,"height":140,"url":"https:\/\/italcamara-es.com\/wp-content\/uploads\/2025\/03\/Sensi-250.jpg","type":"image\/jpeg"}],"author":"administrador","twitter_card":"summary_large_image","twitter_misc":{"Scritto da":"administrador","Tempo di lettura stimato":"2 minuti"},"schema":{"@context":"https:\/\/schema.org","@graph":[{"@type":"Article","@id":"https:\/\/italcamara-es.com\/it\/notizie\/tepresento1socio-intervista-ad-alfio-sensi\/#article","isPartOf":{"@id":"https:\/\/italcamara-es.com\/it\/notizie\/tepresento1socio-intervista-ad-alfio-sensi\/"},"author":{"name":"administrador","@id":"https:\/\/italcamara-es.com\/#\/schema\/person\/bb3c56263e405bbd9a15171dcfee93bb"},"headline":"#TePresento1Socio: intervista ad Alfio Sensi","datePublished":"2018-02-28T14:09:23+00:00","dateModified":"2025-03-30T11:52:24+00:00","mainEntityOfPage":{"@id":"https:\/\/italcamara-es.com\/it\/notizie\/tepresento1socio-intervista-ad-alfio-sensi\/"},"wordCount":481,"commentCount":0,"image":{"@id":"https:\/\/italcamara-es.com\/it\/notizie\/tepresento1socio-intervista-ad-alfio-sensi\/#primaryimage"},"thumbnailUrl":"https:\/\/italcamara-es.com\/wp-content\/uploads\/2025\/03\/Sensi-250.jpg","keywords":["Notizie di la CCIS"],"articleSection":["Notizie"],"inLanguage":"it-IT","potentialAction":[{"@type":"CommentAction","name":"Comment","target":["https:\/\/italcamara-es.com\/it\/notizie\/tepresento1socio-intervista-ad-alfio-sensi\/#respond"]}]},{"@type":"WebPage","@id":"https:\/\/italcamara-es.com\/it\/notizie\/tepresento1socio-intervista-ad-alfio-sensi\/","url":"https:\/\/italcamara-es.com\/it\/notizie\/tepresento1socio-intervista-ad-alfio-sensi\/","name":"#TePresento1Socio: intervista ad Alfio Sensi - Italcamara","isPartOf":{"@id":"https:\/\/italcamara-es.com\/#website"},"primaryImageOfPage":{"@id":"https:\/\/italcamara-es.com\/it\/notizie\/tepresento1socio-intervista-ad-alfio-sensi\/#primaryimage"},"image":{"@id":"https:\/\/italcamara-es.com\/it\/notizie\/tepresento1socio-intervista-ad-alfio-sensi\/#primaryimage"},"thumbnailUrl":"https:\/\/italcamara-es.com\/wp-content\/uploads\/2025\/03\/Sensi-250.jpg","datePublished":"2018-02-28T14:09:23+00:00","dateModified":"2025-03-30T11:52:24+00:00","author":{"@id":"https:\/\/italcamara-es.com\/#\/schema\/person\/bb3c56263e405bbd9a15171dcfee93bb"},"breadcrumb":{"@id":"https:\/\/italcamara-es.com\/it\/notizie\/tepresento1socio-intervista-ad-alfio-sensi\/#breadcrumb"},"inLanguage":"it-IT","potentialAction":[{"@type":"ReadAction","target":["https:\/\/italcamara-es.com\/it\/notizie\/tepresento1socio-intervista-ad-alfio-sensi\/"]}]},{"@type":"ImageObject","inLanguage":"it-IT","@id":"https:\/\/italcamara-es.com\/it\/notizie\/tepresento1socio-intervista-ad-alfio-sensi\/#primaryimage","url":"https:\/\/italcamara-es.com\/wp-content\/uploads\/2025\/03\/Sensi-250.jpg","contentUrl":"https:\/\/italcamara-es.com\/wp-content\/uploads\/2025\/03\/Sensi-250.jpg","width":250,"height":140},{"@type":"BreadcrumbList","@id":"https:\/\/italcamara-es.com\/it\/notizie\/tepresento1socio-intervista-ad-alfio-sensi\/#breadcrumb","itemListElement":[{"@type":"ListItem","position":1,"name":"Inicio","item":"https:\/\/italcamara-es.com\/it\/homepage-ita\/"},{"@type":"ListItem","position":2,"name":"#TePresento1Socio: intervista ad Alfio Sensi"}]},{"@type":"WebSite","@id":"https:\/\/italcamara-es.com\/#website","url":"https:\/\/italcamara-es.com\/","name":"Italcamara","description":"","potentialAction":[{"@type":"SearchAction","target":{"@type":"EntryPoint","urlTemplate":"https:\/\/italcamara-es.com\/?s={search_term_string}"},"query-input":{"@type":"PropertyValueSpecification","valueRequired":true,"valueName":"search_term_string"}}],"inLanguage":"it-IT"},{"@type":"Person","@id":"https:\/\/italcamara-es.com\/#\/schema\/person\/bb3c56263e405bbd9a15171dcfee93bb","name":"administrador","image":{"@type":"ImageObject","inLanguage":"it-IT","@id":"https:\/\/secure.gravatar.com\/avatar\/14b5e63db38320b12031bb28cf9f77e210aa71fb3a8a3602a3c9a05134fa75eb?s=96&d=mm&r=g","url":"https:\/\/secure.gravatar.com\/avatar\/14b5e63db38320b12031bb28cf9f77e210aa71fb3a8a3602a3c9a05134fa75eb?s=96&d=mm&r=g","contentUrl":"https:\/\/secure.gravatar.com\/avatar\/14b5e63db38320b12031bb28cf9f77e210aa71fb3a8a3602a3c9a05134fa75eb?s=96&d=mm&r=g","caption":"administrador"},"sameAs":["http:\/\/pre.italcamara-es.com"],"url":"https:\/\/italcamara-es.com\/it\/author\/administrador\/"}]}},"rttpg_featured_image_url":{"full":["https:\/\/italcamara-es.com\/wp-content\/uploads\/2025\/03\/Sensi-250.jpg",250,140,false],"landscape":["https:\/\/italcamara-es.com\/wp-content\/uploads\/2025\/03\/Sensi-250.jpg",250,140,false],"portraits":["https:\/\/italcamara-es.com\/wp-content\/uploads\/2025\/03\/Sensi-250.jpg",250,140,false],"thumbnail":["https:\/\/italcamara-es.com\/wp-content\/uploads\/2025\/03\/Sensi-250-150x140.jpg",150,140,true],"medium":["https:\/\/italcamara-es.com\/wp-content\/uploads\/2025\/03\/Sensi-250.jpg",250,140,false],"large":["https:\/\/italcamara-es.com\/wp-content\/uploads\/2025\/03\/Sensi-250.jpg",250,140,false],"1536x1536":["https:\/\/italcamara-es.com\/wp-content\/uploads\/2025\/03\/Sensi-250.jpg",250,140,false],"2048x2048":["https:\/\/italcamara-es.com\/wp-content\/uploads\/2025\/03\/Sensi-250.jpg",250,140,false],"ocean-thumb-m":["https:\/\/italcamara-es.com\/wp-content\/uploads\/2025\/03\/Sensi-250.jpg",250,140,false],"ocean-thumb-ml":["https:\/\/italcamara-es.com\/wp-content\/uploads\/2025\/03\/Sensi-250.jpg",250,140,false],"ocean-thumb-l":["https:\/\/italcamara-es.com\/wp-content\/uploads\/2025\/03\/Sensi-250.jpg",250,140,false],"directorist_preview":["https:\/\/italcamara-es.com\/wp-content\/uploads\/2025\/03\/Sensi-250.jpg",250,140,false]},"rttpg_author":{"display_name":"administrador","author_link":"https:\/\/italcamara-es.com\/it\/author\/administrador\/"},"rttpg_comment":0,"rttpg_category":"<a href=\"https:\/\/italcamara-es.com\/it\/category\/notizie\/\" rel=\"category tag\">Notizie<\/a>","rttpg_excerpt":"A partire da oggi, periodicamente, presenteremo uno dei nostri soci nella rubrica #TePresento1Socio. Il primo che ci ha raccontato la propria storia \u00e8 un socio storico della CCIS, Alfio Sensi, Presidente di Polvani Tours Espa\u00f1a, che lo scorso maggio \u00e8 stato insignito dell&#8217;onorificenza \u201cCaballero de la Orden de la Stella d&#8217;Italia\u201d. &nbsp; D: Ci racconta&hellip;","_links":{"self":[{"href":"https:\/\/italcamara-es.com\/it\/wp-json\/wp\/v2\/posts\/56031","targetHints":{"allow":["GET"]}}],"collection":[{"href":"https:\/\/italcamara-es.com\/it\/wp-json\/wp\/v2\/posts"}],"about":[{"href":"https:\/\/italcamara-es.com\/it\/wp-json\/wp\/v2\/types\/post"}],"author":[{"embeddable":true,"href":"https:\/\/italcamara-es.com\/it\/wp-json\/wp\/v2\/users\/1"}],"replies":[{"embeddable":true,"href":"https:\/\/italcamara-es.com\/it\/wp-json\/wp\/v2\/comments?post=56031"}],"version-history":[{"count":1,"href":"https:\/\/italcamara-es.com\/it\/wp-json\/wp\/v2\/posts\/56031\/revisions"}],"predecessor-version":[{"id":57114,"href":"https:\/\/italcamara-es.com\/it\/wp-json\/wp\/v2\/posts\/56031\/revisions\/57114"}],"wp:featuredmedia":[{"embeddable":true,"href":"https:\/\/italcamara-es.com\/it\/wp-json\/wp\/v2\/media\/52563"}],"wp:attachment":[{"href":"https:\/\/italcamara-es.com\/it\/wp-json\/wp\/v2\/media?parent=56031"}],"wp:term":[{"taxonomy":"category","embeddable":true,"href":"https:\/\/italcamara-es.com\/it\/wp-json\/wp\/v2\/categories?post=56031"},{"taxonomy":"post_tag","embeddable":true,"href":"https:\/\/italcamara-es.com\/it\/wp-json\/wp\/v2\/tags?post=56031"}],"curies":[{"name":"wp","href":"https:\/\/api.w.org\/{rel}","templated":true}]}}