	{"id":56032,"date":"2018-03-09T13:23:46","date_gmt":"2018-03-09T12:23:46","guid":{"rendered":"http:\/\/pre.italcamara-es.com\/senza-categoria\/italian-design-day-a-madrid-un-viaggio-tra-italia-e-spagna\/"},"modified":"2018-03-09T13:23:46","modified_gmt":"2018-03-09T12:23:46","slug":"italian-design-day-a-madrid-un-viaggio-tra-italia-e-spagna","status":"publish","type":"post","link":"https:\/\/italcamara-es.com\/it\/notizie\/italian-design-day-a-madrid-un-viaggio-tra-italia-e-spagna\/","title":{"rendered":"Italian Design Day a Madrid. Un viaggio tra Italia e Spagna"},"content":{"rendered":"<p>In occasione della seconda edizione dell\u2019Italian Design Day nel mondo l\u2019Ambasciata d\u2019Italia a Madrid ha ospitato gioved\u00ec 1 marzo l\u2019evento\u00a0<strong>\u201cIl Design. Un viaggio tra Italia e Spagna\u201d<\/strong>, evento organizzato dall\u2019Ambasciata d\u2019Italia e dalla Camera di Commercio e Industria Italiana per la Spagna (CCIS), in collaborazione con l\u2019Istituto di Cultura Italiano di Madrid.<\/p>\n<p>&nbsp;<\/p>\n<p><strong>Gilda Bojardi<\/strong>, Direttrice della rivista italiana\u00a0<em>Interni<\/em>\u00a0e Ambasciatrice dell\u2019Italian Design Day, inviata come ospite d\u2019onore dal Ministero degli Affari Esteri,\u00a0<strong>Jorge Pensi<\/strong>, designer argentino attivo tra Italia e Spagna e\u00a0<strong>Teresa Sapey<\/strong>, importante architetto italiano residente a Madrid, hanno accompagnato il vasto pubblico di professionisti del settore, esponenti della stampa specializzata, studenti, formatori ed amanti del design in un viaggio ideale dedicato alla profonda relazione che unisce il design italiano e spagnolo.<\/p>\n<p>&nbsp;<\/p>\n<p><img fetchpriority=\"high\" decoding=\"async\" class=\" size-full wp-image-16191 aligncenter\" src=\"https:\/\/www.italcamara-es.com\/wp-content\/uploads\/2018\/03\/1-ITALIAN-DESIGN-DAY-387001.jpg\" alt=\"1-ITALIAN-DESIGN-DAY-38700\" width=\"700\" height=\"467\" \/><\/p>\n<p>Al termine dell\u2019incontro l\u2019Ambasciatore d\u2019Italia Stefano Sannino ha inaugurato la mostra di\u00a0<em><strong>art design<\/strong><\/em><strong>\u00a0\u201cLos Caprichos\u201d<\/strong>, curata da Patrizia Catalano. Una collezione di opere di rinomati autori quali Andrea Salvetti, Ettore Sottsass, Gianni Osgnach, Andrea Branzi, Riccardo Dalisi, i Fratelli Campana, Ugo La Pietra, Emmanuel Babled e Maurizio Barberis, provenienti da importanti gallerie italiane.<\/p>\n<p>&nbsp;<\/p>\n<p><img decoding=\"async\" class=\" size-full wp-image-16192 aligncenter\" src=\"https:\/\/www.italcamara-es.com\/wp-content\/uploads\/2018\/03\/2-ITALIAN-DESIGN-DAY-517001.jpg\" alt=\"2-ITALIAN-DESIGN-DAY-51700\" width=\"700\" height=\"467\" \/><br \/>\nNel corso della giornata, in vista del prossimo Salone del Mobile di Milano, la Design Ambassador\u00a0<strong>Gilda Bojardi<\/strong>\u00a0ha ripercorso i vent&#8217;anni di eventi organizzati dalla rivista\u00a0<em>Interni<\/em>\u00a0per il FuoriSalone, appuntamento chiave che ha offerto un contributo decisivo al lancio e all\u2019affermazione della nota rassegna milanese dedicata al design.\u00a0<em>\u201cDa molti anni\u00a0<\/em>&#8211; sottolinea Gilda Bojardi &#8211;<em>\u00a0il rapporto tra il design italiano e spagnolo viaggia in perfetta sintonia e Interni \u00e8 stato sempre un attento portavoce di tutti gli eventi e progetti di sinergia tra i due Paesi\u201d<\/em>.<\/p>\n<p>&nbsp;<\/p>\n<p>L\u2019<strong>Ambasciatore Stefano Sannino<\/strong>\u00a0ha evidenziato come il design rappresenti oggi uno degli ambiti di collaborazione pi\u00f9 intensi tra Italia e Spagna.\u00a0<em>\u201cProprio il design\u00a0<\/em>\u2013 ha spiegato Sannino \u2013<em>\u00a0\u00e8 stato il settore che ha dato avvio, lo scorso anno, ad un ambizioso progetto di promozione integrata per la Spagna che abbiamo chiamato\u00a0<\/em><strong><em>ITmakES<\/em><\/strong><em>. Con ITmakES, che si inserisce nella strategia \u201cVivere all\u2019Italiana\u201d promossa dalla Farnesina, intendiamo valorizzare tutte le opportunit\u00e0 di sinergia tra Italia e Spagna nei settori in cui il nostro rapporto \u00e8 pi\u00f9 vivo. L\u2019obiettivo \u00e8 promuovere una collaborazione sempre pi\u00f9 intensa tra i due Paesi e dare spazio ai giovani, che con il loro talento confermano e rinnovano lo straordinario patrimonio di relazioni tra le nostre societ\u00e0 civili.\u201d<\/em><\/p>\n<p>&nbsp;<\/p>\n<p><img decoding=\"async\" class=\" size-full wp-image-16193 aligncenter\" src=\"https:\/\/www.italcamara-es.com\/wp-content\/uploads\/2018\/03\/3-ITALIAN-DESIGN-DAY-707001.jpg\" alt=\"3-ITALIAN-DESIGN-DAY-70700\" width=\"700\" height=\"467\" \/><br \/>\nProprio ai giovani si rivolge del resto la nuova iniziativa lanciata dall\u2019Ambasciata d\u2019Italia nell\u2019ambito di ITmakES, che selezioner\u00e0 il progetto un giovane designer in Spagna per portarlo al FuoriSalone milanese del 2019, grazie alla collaborazione con la rivista\u00a0<em>Interni<\/em>. La partecipazione sar\u00e0 aperta alle principali scuole di design e facolt\u00e0 di architettura in Spagna.<br \/>\nL\u2019Italian Design Day \u00e8 un\u2019iniziativa promossa dal Ministero degli Affari Esteri e della Cooperazione internazionale in collaborazione con il Ministero dei Beni e delle Attivit\u00e0 Culturali e del Turismo, la Triennale di Milano, Ice Agenzia, il Salone del Mobile di Milano, l&#8217;Associazione per il Disegno Industriale, la Fondazione Compasso d&#8217;oro e la Fondazione Altagamma.<\/p>\n<p>&nbsp;<\/p>\n<p><img loading=\"lazy\" decoding=\"async\" class=\" size-full wp-image-16194 aligncenter\" src=\"https:\/\/www.italcamara-es.com\/wp-content\/uploads\/2018\/03\/3-ITALIAN-DESIGN-DAY-957001.jpg\" alt=\"3-ITALIAN-DESIGN-DAY-95700\" width=\"700\" height=\"467\" \/><\/p>\n","protected":false},"excerpt":{"rendered":"<p>In occasione della seconda edizione dell\u2019Italian Design Day nel mondo l\u2019Ambasciata d\u2019Italia a Madrid ha ospitato gioved\u00ec 1 marzo l\u2019evento\u00a0\u201cIl Design. Un viaggio tra Italia e Spagna\u201d, evento organizzato dall\u2019Ambasciata d\u2019Italia e dalla Camera di Commercio e Industria Italiana per la Spagna (CCIS), in collaborazione con l\u2019Istituto di Cultura Italiano di Madrid. &nbsp; Gilda Bojardi, [&hellip;]<\/p>\n","protected":false},"author":1,"featured_media":54560,"comment_status":"open","ping_status":"open","sticky":false,"template":"","format":"standard","meta":{"inline_featured_image":false,"ocean_post_layout":"","ocean_both_sidebars_style":"","ocean_both_sidebars_content_width":0,"ocean_both_sidebars_sidebars_width":0,"ocean_sidebar":"","ocean_second_sidebar":"","ocean_disable_margins":"enable","ocean_add_body_class":"","ocean_shortcode_before_top_bar":"","ocean_shortcode_after_top_bar":"","ocean_shortcode_before_header":"","ocean_shortcode_after_header":"","ocean_has_shortcode":"","ocean_shortcode_after_title":"","ocean_shortcode_before_footer_widgets":"","ocean_shortcode_after_footer_widgets":"","ocean_shortcode_before_footer_bottom":"","ocean_shortcode_after_footer_bottom":"","ocean_display_top_bar":"default","ocean_display_header":"default","ocean_header_style":"","ocean_center_header_left_menu":"","ocean_custom_header_template":"","ocean_custom_logo":0,"ocean_custom_retina_logo":0,"ocean_custom_logo_max_width":0,"ocean_custom_logo_tablet_max_width":0,"ocean_custom_logo_mobile_max_width":0,"ocean_custom_logo_max_height":0,"ocean_custom_logo_tablet_max_height":0,"ocean_custom_logo_mobile_max_height":0,"ocean_header_custom_menu":"","ocean_menu_typo_font_family":"","ocean_menu_typo_font_subset":"","ocean_menu_typo_font_size":0,"ocean_menu_typo_font_size_tablet":0,"ocean_menu_typo_font_size_mobile":0,"ocean_menu_typo_font_size_unit":"px","ocean_menu_typo_font_weight":"","ocean_menu_typo_font_weight_tablet":"","ocean_menu_typo_font_weight_mobile":"","ocean_menu_typo_transform":"","ocean_menu_typo_transform_tablet":"","ocean_menu_typo_transform_mobile":"","ocean_menu_typo_line_height":0,"ocean_menu_typo_line_height_tablet":0,"ocean_menu_typo_line_height_mobile":0,"ocean_menu_typo_line_height_unit":"","ocean_menu_typo_spacing":0,"ocean_menu_typo_spacing_tablet":0,"ocean_menu_typo_spacing_mobile":0,"ocean_menu_typo_spacing_unit":"","ocean_menu_link_color":"","ocean_menu_link_color_hover":"","ocean_menu_link_color_active":"","ocean_menu_link_background":"","ocean_menu_link_hover_background":"","ocean_menu_link_active_background":"","ocean_menu_social_links_bg":"","ocean_menu_social_hover_links_bg":"","ocean_menu_social_links_color":"","ocean_menu_social_hover_links_color":"","ocean_disable_title":"default","ocean_disable_heading":"default","ocean_post_title":"","ocean_post_subheading":"","ocean_post_title_style":"","ocean_post_title_background_color":"","ocean_post_title_background":0,"ocean_post_title_bg_image_position":"","ocean_post_title_bg_image_attachment":"","ocean_post_title_bg_image_repeat":"","ocean_post_title_bg_image_size":"","ocean_post_title_height":0,"ocean_post_title_bg_overlay":0.5,"ocean_post_title_bg_overlay_color":"","ocean_disable_breadcrumbs":"default","ocean_breadcrumbs_color":"","ocean_breadcrumbs_separator_color":"","ocean_breadcrumbs_links_color":"","ocean_breadcrumbs_links_hover_color":"","ocean_display_footer_widgets":"default","ocean_display_footer_bottom":"default","ocean_custom_footer_template":"","ocean_post_oembed":"","ocean_post_self_hosted_media":"","ocean_post_video_embed":"","ocean_link_format":"","ocean_link_format_target":"self","ocean_quote_format":"","ocean_quote_format_link":"post","ocean_gallery_link_images":"on","ocean_gallery_id":[],"footnotes":""},"categories":[133],"tags":[139],"class_list":["post-56032","post","type-post","status-publish","format-standard","has-post-thumbnail","hentry","category-notizie","tag-notizie-di-la-ccis","entry","has-media"],"yoast_head":"<!-- This site is optimized with the Yoast SEO plugin v27.5 - https:\/\/yoast.com\/product\/yoast-seo-wordpress\/ -->\n<title>Italian Design Day a Madrid. Un viaggio tra Italia e Spagna - Italcamara<\/title>\n<meta name=\"robots\" content=\"index, follow, max-snippet:-1, max-image-preview:large, max-video-preview:-1\" \/>\n<link rel=\"canonical\" href=\"https:\/\/italcamara-es.com\/it\/notizie\/italian-design-day-a-madrid-un-viaggio-tra-italia-e-spagna\/\" \/>\n<meta property=\"og:locale\" content=\"it_IT\" \/>\n<meta property=\"og:type\" content=\"article\" \/>\n<meta property=\"og:title\" content=\"Italian Design Day a Madrid. Un viaggio tra Italia e Spagna - Italcamara\" \/>\n<meta property=\"og:description\" content=\"In occasione della seconda edizione dell\u2019Italian Design Day nel mondo l\u2019Ambasciata d\u2019Italia a Madrid ha ospitato gioved\u00ec 1 marzo l\u2019evento\u00a0\u201cIl Design. Un viaggio tra Italia e Spagna\u201d, evento organizzato dall\u2019Ambasciata d\u2019Italia e dalla Camera di Commercio e Industria Italiana per la Spagna (CCIS), in collaborazione con l\u2019Istituto di Cultura Italiano di Madrid. &nbsp; Gilda Bojardi, [&hellip;]\" \/>\n<meta property=\"og:url\" content=\"https:\/\/italcamara-es.com\/it\/notizie\/italian-design-day-a-madrid-un-viaggio-tra-italia-e-spagna\/\" \/>\n<meta property=\"og:site_name\" content=\"Italcamara\" \/>\n<meta property=\"article:published_time\" content=\"2018-03-09T12:23:46+00:00\" \/>\n<meta property=\"og:image\" content=\"https:\/\/italcamara-es.com\/wp-content\/uploads\/2025\/03\/3-ITALIAN-DESIGN-DAY-70250.jpg\" \/>\n\t<meta property=\"og:image:width\" content=\"250\" \/>\n\t<meta property=\"og:image:height\" content=\"142\" \/>\n\t<meta property=\"og:image:type\" content=\"image\/jpeg\" \/>\n<meta name=\"author\" content=\"administrador\" \/>\n<meta name=\"twitter:card\" content=\"summary_large_image\" \/>\n<meta name=\"twitter:label1\" content=\"Scritto da\" \/>\n\t<meta name=\"twitter:data1\" content=\"administrador\" \/>\n\t<meta name=\"twitter:label2\" content=\"Tempo di lettura stimato\" \/>\n\t<meta name=\"twitter:data2\" content=\"3 minuti\" \/>\n<script type=\"application\/ld+json\" class=\"yoast-schema-graph\">{\"@context\":\"https:\\\/\\\/schema.org\",\"@graph\":[{\"@type\":\"Article\",\"@id\":\"https:\\\/\\\/italcamara-es.com\\\/it\\\/notizie\\\/italian-design-day-a-madrid-un-viaggio-tra-italia-e-spagna\\\/#article\",\"isPartOf\":{\"@id\":\"https:\\\/\\\/italcamara-es.com\\\/it\\\/notizie\\\/italian-design-day-a-madrid-un-viaggio-tra-italia-e-spagna\\\/\"},\"author\":{\"name\":\"administrador\",\"@id\":\"https:\\\/\\\/italcamara-es.com\\\/#\\\/schema\\\/person\\\/bb3c56263e405bbd9a15171dcfee93bb\"},\"headline\":\"Italian Design Day a Madrid. Un viaggio tra Italia e Spagna\",\"datePublished\":\"2018-03-09T12:23:46+00:00\",\"mainEntityOfPage\":{\"@id\":\"https:\\\/\\\/italcamara-es.com\\\/it\\\/notizie\\\/italian-design-day-a-madrid-un-viaggio-tra-italia-e-spagna\\\/\"},\"wordCount\":532,\"commentCount\":0,\"image\":{\"@id\":\"https:\\\/\\\/italcamara-es.com\\\/it\\\/notizie\\\/italian-design-day-a-madrid-un-viaggio-tra-italia-e-spagna\\\/#primaryimage\"},\"thumbnailUrl\":\"https:\\\/\\\/italcamara-es.com\\\/wp-content\\\/uploads\\\/2025\\\/03\\\/3-ITALIAN-DESIGN-DAY-70250.jpg\",\"keywords\":[\"Notizie di la CCIS\"],\"articleSection\":[\"Notizie\"],\"inLanguage\":\"it-IT\",\"potentialAction\":[{\"@type\":\"CommentAction\",\"name\":\"Comment\",\"target\":[\"https:\\\/\\\/italcamara-es.com\\\/it\\\/notizie\\\/italian-design-day-a-madrid-un-viaggio-tra-italia-e-spagna\\\/#respond\"]}]},{\"@type\":\"WebPage\",\"@id\":\"https:\\\/\\\/italcamara-es.com\\\/it\\\/notizie\\\/italian-design-day-a-madrid-un-viaggio-tra-italia-e-spagna\\\/\",\"url\":\"https:\\\/\\\/italcamara-es.com\\\/it\\\/notizie\\\/italian-design-day-a-madrid-un-viaggio-tra-italia-e-spagna\\\/\",\"name\":\"Italian Design Day a Madrid. Un viaggio tra Italia e Spagna - Italcamara\",\"isPartOf\":{\"@id\":\"https:\\\/\\\/italcamara-es.com\\\/#website\"},\"primaryImageOfPage\":{\"@id\":\"https:\\\/\\\/italcamara-es.com\\\/it\\\/notizie\\\/italian-design-day-a-madrid-un-viaggio-tra-italia-e-spagna\\\/#primaryimage\"},\"image\":{\"@id\":\"https:\\\/\\\/italcamara-es.com\\\/it\\\/notizie\\\/italian-design-day-a-madrid-un-viaggio-tra-italia-e-spagna\\\/#primaryimage\"},\"thumbnailUrl\":\"https:\\\/\\\/italcamara-es.com\\\/wp-content\\\/uploads\\\/2025\\\/03\\\/3-ITALIAN-DESIGN-DAY-70250.jpg\",\"datePublished\":\"2018-03-09T12:23:46+00:00\",\"author\":{\"@id\":\"https:\\\/\\\/italcamara-es.com\\\/#\\\/schema\\\/person\\\/bb3c56263e405bbd9a15171dcfee93bb\"},\"breadcrumb\":{\"@id\":\"https:\\\/\\\/italcamara-es.com\\\/it\\\/notizie\\\/italian-design-day-a-madrid-un-viaggio-tra-italia-e-spagna\\\/#breadcrumb\"},\"inLanguage\":\"it-IT\",\"potentialAction\":[{\"@type\":\"ReadAction\",\"target\":[\"https:\\\/\\\/italcamara-es.com\\\/it\\\/notizie\\\/italian-design-day-a-madrid-un-viaggio-tra-italia-e-spagna\\\/\"]}]},{\"@type\":\"ImageObject\",\"inLanguage\":\"it-IT\",\"@id\":\"https:\\\/\\\/italcamara-es.com\\\/it\\\/notizie\\\/italian-design-day-a-madrid-un-viaggio-tra-italia-e-spagna\\\/#primaryimage\",\"url\":\"https:\\\/\\\/italcamara-es.com\\\/wp-content\\\/uploads\\\/2025\\\/03\\\/3-ITALIAN-DESIGN-DAY-70250.jpg\",\"contentUrl\":\"https:\\\/\\\/italcamara-es.com\\\/wp-content\\\/uploads\\\/2025\\\/03\\\/3-ITALIAN-DESIGN-DAY-70250.jpg\",\"width\":250,\"height\":142},{\"@type\":\"BreadcrumbList\",\"@id\":\"https:\\\/\\\/italcamara-es.com\\\/it\\\/notizie\\\/italian-design-day-a-madrid-un-viaggio-tra-italia-e-spagna\\\/#breadcrumb\",\"itemListElement\":[{\"@type\":\"ListItem\",\"position\":1,\"name\":\"Inicio\",\"item\":\"https:\\\/\\\/italcamara-es.com\\\/\"},{\"@type\":\"ListItem\",\"position\":2,\"name\":\"Italian Design Day a Madrid. Un viaggio tra Italia e Spagna\"}]},{\"@type\":\"WebSite\",\"@id\":\"https:\\\/\\\/italcamara-es.com\\\/#website\",\"url\":\"https:\\\/\\\/italcamara-es.com\\\/\",\"name\":\"Italcamara\",\"description\":\"\",\"potentialAction\":[{\"@type\":\"SearchAction\",\"target\":{\"@type\":\"EntryPoint\",\"urlTemplate\":\"https:\\\/\\\/italcamara-es.com\\\/?s={search_term_string}\"},\"query-input\":{\"@type\":\"PropertyValueSpecification\",\"valueRequired\":true,\"valueName\":\"search_term_string\"}}],\"inLanguage\":\"it-IT\"},{\"@type\":\"Person\",\"@id\":\"https:\\\/\\\/italcamara-es.com\\\/#\\\/schema\\\/person\\\/bb3c56263e405bbd9a15171dcfee93bb\",\"name\":\"administrador\",\"image\":{\"@type\":\"ImageObject\",\"inLanguage\":\"it-IT\",\"@id\":\"https:\\\/\\\/secure.gravatar.com\\\/avatar\\\/14b5e63db38320b12031bb28cf9f77e210aa71fb3a8a3602a3c9a05134fa75eb?s=96&d=mm&r=g\",\"url\":\"https:\\\/\\\/secure.gravatar.com\\\/avatar\\\/14b5e63db38320b12031bb28cf9f77e210aa71fb3a8a3602a3c9a05134fa75eb?s=96&d=mm&r=g\",\"contentUrl\":\"https:\\\/\\\/secure.gravatar.com\\\/avatar\\\/14b5e63db38320b12031bb28cf9f77e210aa71fb3a8a3602a3c9a05134fa75eb?s=96&d=mm&r=g\",\"caption\":\"administrador\"},\"sameAs\":[\"http:\\\/\\\/pre.italcamara-es.com\"],\"url\":\"https:\\\/\\\/italcamara-es.com\\\/it\\\/author\\\/administrador\\\/\"}]}<\/script>\n<!-- \/ Yoast SEO plugin. -->","yoast_head_json":{"title":"Italian Design Day a Madrid. Un viaggio tra Italia e Spagna - Italcamara","robots":{"index":"index","follow":"follow","max-snippet":"max-snippet:-1","max-image-preview":"max-image-preview:large","max-video-preview":"max-video-preview:-1"},"canonical":"https:\/\/italcamara-es.com\/it\/notizie\/italian-design-day-a-madrid-un-viaggio-tra-italia-e-spagna\/","og_locale":"it_IT","og_type":"article","og_title":"Italian Design Day a Madrid. Un viaggio tra Italia e Spagna - Italcamara","og_description":"In occasione della seconda edizione dell\u2019Italian Design Day nel mondo l\u2019Ambasciata d\u2019Italia a Madrid ha ospitato gioved\u00ec 1 marzo l\u2019evento\u00a0\u201cIl Design. Un viaggio tra Italia e Spagna\u201d, evento organizzato dall\u2019Ambasciata d\u2019Italia e dalla Camera di Commercio e Industria Italiana per la Spagna (CCIS), in collaborazione con l\u2019Istituto di Cultura Italiano di Madrid. &nbsp; Gilda Bojardi, [&hellip;]","og_url":"https:\/\/italcamara-es.com\/it\/notizie\/italian-design-day-a-madrid-un-viaggio-tra-italia-e-spagna\/","og_site_name":"Italcamara","article_published_time":"2018-03-09T12:23:46+00:00","og_image":[{"width":250,"height":142,"url":"https:\/\/italcamara-es.com\/wp-content\/uploads\/2025\/03\/3-ITALIAN-DESIGN-DAY-70250.jpg","type":"image\/jpeg"}],"author":"administrador","twitter_card":"summary_large_image","twitter_misc":{"Scritto da":"administrador","Tempo di lettura stimato":"3 minuti"},"schema":{"@context":"https:\/\/schema.org","@graph":[{"@type":"Article","@id":"https:\/\/italcamara-es.com\/it\/notizie\/italian-design-day-a-madrid-un-viaggio-tra-italia-e-spagna\/#article","isPartOf":{"@id":"https:\/\/italcamara-es.com\/it\/notizie\/italian-design-day-a-madrid-un-viaggio-tra-italia-e-spagna\/"},"author":{"name":"administrador","@id":"https:\/\/italcamara-es.com\/#\/schema\/person\/bb3c56263e405bbd9a15171dcfee93bb"},"headline":"Italian Design Day a Madrid. Un viaggio tra Italia e Spagna","datePublished":"2018-03-09T12:23:46+00:00","mainEntityOfPage":{"@id":"https:\/\/italcamara-es.com\/it\/notizie\/italian-design-day-a-madrid-un-viaggio-tra-italia-e-spagna\/"},"wordCount":532,"commentCount":0,"image":{"@id":"https:\/\/italcamara-es.com\/it\/notizie\/italian-design-day-a-madrid-un-viaggio-tra-italia-e-spagna\/#primaryimage"},"thumbnailUrl":"https:\/\/italcamara-es.com\/wp-content\/uploads\/2025\/03\/3-ITALIAN-DESIGN-DAY-70250.jpg","keywords":["Notizie di la CCIS"],"articleSection":["Notizie"],"inLanguage":"it-IT","potentialAction":[{"@type":"CommentAction","name":"Comment","target":["https:\/\/italcamara-es.com\/it\/notizie\/italian-design-day-a-madrid-un-viaggio-tra-italia-e-spagna\/#respond"]}]},{"@type":"WebPage","@id":"https:\/\/italcamara-es.com\/it\/notizie\/italian-design-day-a-madrid-un-viaggio-tra-italia-e-spagna\/","url":"https:\/\/italcamara-es.com\/it\/notizie\/italian-design-day-a-madrid-un-viaggio-tra-italia-e-spagna\/","name":"Italian Design Day a Madrid. Un viaggio tra Italia e Spagna - Italcamara","isPartOf":{"@id":"https:\/\/italcamara-es.com\/#website"},"primaryImageOfPage":{"@id":"https:\/\/italcamara-es.com\/it\/notizie\/italian-design-day-a-madrid-un-viaggio-tra-italia-e-spagna\/#primaryimage"},"image":{"@id":"https:\/\/italcamara-es.com\/it\/notizie\/italian-design-day-a-madrid-un-viaggio-tra-italia-e-spagna\/#primaryimage"},"thumbnailUrl":"https:\/\/italcamara-es.com\/wp-content\/uploads\/2025\/03\/3-ITALIAN-DESIGN-DAY-70250.jpg","datePublished":"2018-03-09T12:23:46+00:00","author":{"@id":"https:\/\/italcamara-es.com\/#\/schema\/person\/bb3c56263e405bbd9a15171dcfee93bb"},"breadcrumb":{"@id":"https:\/\/italcamara-es.com\/it\/notizie\/italian-design-day-a-madrid-un-viaggio-tra-italia-e-spagna\/#breadcrumb"},"inLanguage":"it-IT","potentialAction":[{"@type":"ReadAction","target":["https:\/\/italcamara-es.com\/it\/notizie\/italian-design-day-a-madrid-un-viaggio-tra-italia-e-spagna\/"]}]},{"@type":"ImageObject","inLanguage":"it-IT","@id":"https:\/\/italcamara-es.com\/it\/notizie\/italian-design-day-a-madrid-un-viaggio-tra-italia-e-spagna\/#primaryimage","url":"https:\/\/italcamara-es.com\/wp-content\/uploads\/2025\/03\/3-ITALIAN-DESIGN-DAY-70250.jpg","contentUrl":"https:\/\/italcamara-es.com\/wp-content\/uploads\/2025\/03\/3-ITALIAN-DESIGN-DAY-70250.jpg","width":250,"height":142},{"@type":"BreadcrumbList","@id":"https:\/\/italcamara-es.com\/it\/notizie\/italian-design-day-a-madrid-un-viaggio-tra-italia-e-spagna\/#breadcrumb","itemListElement":[{"@type":"ListItem","position":1,"name":"Inicio","item":"https:\/\/italcamara-es.com\/"},{"@type":"ListItem","position":2,"name":"Italian Design Day a Madrid. Un viaggio tra Italia e Spagna"}]},{"@type":"WebSite","@id":"https:\/\/italcamara-es.com\/#website","url":"https:\/\/italcamara-es.com\/","name":"Italcamara","description":"","potentialAction":[{"@type":"SearchAction","target":{"@type":"EntryPoint","urlTemplate":"https:\/\/italcamara-es.com\/?s={search_term_string}"},"query-input":{"@type":"PropertyValueSpecification","valueRequired":true,"valueName":"search_term_string"}}],"inLanguage":"it-IT"},{"@type":"Person","@id":"https:\/\/italcamara-es.com\/#\/schema\/person\/bb3c56263e405bbd9a15171dcfee93bb","name":"administrador","image":{"@type":"ImageObject","inLanguage":"it-IT","@id":"https:\/\/secure.gravatar.com\/avatar\/14b5e63db38320b12031bb28cf9f77e210aa71fb3a8a3602a3c9a05134fa75eb?s=96&d=mm&r=g","url":"https:\/\/secure.gravatar.com\/avatar\/14b5e63db38320b12031bb28cf9f77e210aa71fb3a8a3602a3c9a05134fa75eb?s=96&d=mm&r=g","contentUrl":"https:\/\/secure.gravatar.com\/avatar\/14b5e63db38320b12031bb28cf9f77e210aa71fb3a8a3602a3c9a05134fa75eb?s=96&d=mm&r=g","caption":"administrador"},"sameAs":["http:\/\/pre.italcamara-es.com"],"url":"https:\/\/italcamara-es.com\/it\/author\/administrador\/"}]}},"rttpg_featured_image_url":{"full":["https:\/\/italcamara-es.com\/wp-content\/uploads\/2025\/03\/3-ITALIAN-DESIGN-DAY-70250.jpg",250,142,false],"landscape":["https:\/\/italcamara-es.com\/wp-content\/uploads\/2025\/03\/3-ITALIAN-DESIGN-DAY-70250.jpg",250,142,false],"portraits":["https:\/\/italcamara-es.com\/wp-content\/uploads\/2025\/03\/3-ITALIAN-DESIGN-DAY-70250.jpg",250,142,false],"thumbnail":["https:\/\/italcamara-es.com\/wp-content\/uploads\/2025\/03\/3-ITALIAN-DESIGN-DAY-70250-150x142.jpg",150,142,true],"medium":["https:\/\/italcamara-es.com\/wp-content\/uploads\/2025\/03\/3-ITALIAN-DESIGN-DAY-70250.jpg",250,142,false],"large":["https:\/\/italcamara-es.com\/wp-content\/uploads\/2025\/03\/3-ITALIAN-DESIGN-DAY-70250.jpg",250,142,false],"1536x1536":["https:\/\/italcamara-es.com\/wp-content\/uploads\/2025\/03\/3-ITALIAN-DESIGN-DAY-70250.jpg",250,142,false],"2048x2048":["https:\/\/italcamara-es.com\/wp-content\/uploads\/2025\/03\/3-ITALIAN-DESIGN-DAY-70250.jpg",250,142,false],"ocean-thumb-m":["https:\/\/italcamara-es.com\/wp-content\/uploads\/2025\/03\/3-ITALIAN-DESIGN-DAY-70250.jpg",250,142,false],"ocean-thumb-ml":["https:\/\/italcamara-es.com\/wp-content\/uploads\/2025\/03\/3-ITALIAN-DESIGN-DAY-70250.jpg",250,142,false],"ocean-thumb-l":["https:\/\/italcamara-es.com\/wp-content\/uploads\/2025\/03\/3-ITALIAN-DESIGN-DAY-70250.jpg",250,142,false],"directorist_preview":["https:\/\/italcamara-es.com\/wp-content\/uploads\/2025\/03\/3-ITALIAN-DESIGN-DAY-70250.jpg",250,142,false]},"rttpg_author":{"display_name":"administrador","author_link":"https:\/\/italcamara-es.com\/it\/author\/administrador\/"},"rttpg_comment":0,"rttpg_category":"<a href=\"https:\/\/italcamara-es.com\/it\/category\/notizie\/\" rel=\"category tag\">Notizie<\/a>","rttpg_excerpt":"In occasione della seconda edizione dell\u2019Italian Design Day nel mondo l\u2019Ambasciata d\u2019Italia a Madrid ha ospitato gioved\u00ec 1 marzo l\u2019evento\u00a0\u201cIl Design. Un viaggio tra Italia e Spagna\u201d, evento organizzato dall\u2019Ambasciata d\u2019Italia e dalla Camera di Commercio e Industria Italiana per la Spagna (CCIS), in collaborazione con l\u2019Istituto di Cultura Italiano di Madrid. &nbsp; Gilda Bojardi,&hellip;","_links":{"self":[{"href":"https:\/\/italcamara-es.com\/it\/wp-json\/wp\/v2\/posts\/56032","targetHints":{"allow":["GET"]}}],"collection":[{"href":"https:\/\/italcamara-es.com\/it\/wp-json\/wp\/v2\/posts"}],"about":[{"href":"https:\/\/italcamara-es.com\/it\/wp-json\/wp\/v2\/types\/post"}],"author":[{"embeddable":true,"href":"https:\/\/italcamara-es.com\/it\/wp-json\/wp\/v2\/users\/1"}],"replies":[{"embeddable":true,"href":"https:\/\/italcamara-es.com\/it\/wp-json\/wp\/v2\/comments?post=56032"}],"version-history":[{"count":0,"href":"https:\/\/italcamara-es.com\/it\/wp-json\/wp\/v2\/posts\/56032\/revisions"}],"wp:featuredmedia":[{"embeddable":true,"href":"https:\/\/italcamara-es.com\/it\/wp-json\/wp\/v2\/media\/54560"}],"wp:attachment":[{"href":"https:\/\/italcamara-es.com\/it\/wp-json\/wp\/v2\/media?parent=56032"}],"wp:term":[{"taxonomy":"category","embeddable":true,"href":"https:\/\/italcamara-es.com\/it\/wp-json\/wp\/v2\/categories?post=56032"},{"taxonomy":"post_tag","embeddable":true,"href":"https:\/\/italcamara-es.com\/it\/wp-json\/wp\/v2\/tags?post=56032"}],"curies":[{"name":"wp","href":"https:\/\/api.w.org\/{rel}","templated":true}]}}