	{"id":56033,"date":"2018-03-23T09:22:14","date_gmt":"2018-03-23T08:22:14","guid":{"rendered":"http:\/\/pre.italcamara-es.com\/senza-categoria\/alimentaria-2018-una-vetrina-importante-per-lenogastronomia-italiana\/"},"modified":"2018-03-23T09:22:14","modified_gmt":"2018-03-23T08:22:14","slug":"alimentaria-2018-una-vetrina-importante-per-lenogastronomia-italiana","status":"publish","type":"post","link":"https:\/\/italcamara-es.com\/it\/notizie\/alimentaria-2018-una-vetrina-importante-per-lenogastronomia-italiana\/","title":{"rendered":"Alimentaria 2018: una vetrina importante per l\u2019enogastronomia italiana"},"content":{"rendered":"<p><em>Il settore agroalimentare italiano torna ad essere protagonista in uno dei principali eventi dedicati agli operatori internazionali.<\/em><\/p>\n<p>&nbsp;<\/p>\n<p>Dal 16 al 19 aprile, infatti, si celebrer\u00e0 a Barcellona la nuova edizione della fiera <strong>Alimentaria<\/strong> e anche quest\u2019anno, dopo la positiva esperienza del 2016, i riflettori saranno puntati sull\u2019enogastronomia italiana, grazie alla presenza di 17 imprese e consorzi che esporranno in una superficie di 270 m2, ubicata nel padiglione internazionale.<\/p>\n<p>&nbsp;<\/p>\n<p>Durante i 4 giorni di fiera, si prevede la presenza di oltre 180.000 visitatori, tra operatori spagnoli e internazionali, quest\u2019ultimi provenienti dai principali mercati di sbocco del prodotti italiani, tra cui l\u2019Unione Europea, gli Stati Uniti, Russia, Cina, Giappone, Corea ed i paesi dell\u2019America Latina.<\/p>\n<p>&nbsp;<\/p>\n<p>L\u2019<strong>Area Italia<\/strong> costituir\u00e0 una vera e propria vetrina delle eccellenze enogastronomiche nazionali, con una ricca variet\u00e0 di prodotti quali pasta fresca e secca, farine, cereali, insaccati, formaggi e latticini, tartufi e creme di tartufo, conserve, oli e aceti, liquori e vini, caff\u00e8 e dolci. In particolare, i visitatori avranno la posibilit\u00e0 di conoscere direttamente alcune specialit\u00e0 regionali, come il prosciutto di Modena DOP, la mortadella di Bologna IGP ed il fomaggio Gran Moravia, per citarne alcuni.<\/p>\n<hr \/>\n<p style=\"text-align: center;\"><a href=\"https:\/\/www.italcamara-es.com\/wp-content\/uploads\/2018\/04\/Catalogo-Alimentaria-2018-Area-Italia.pdf\" target=\"_blank\" rel=\"noopener\">SCARICA IL CATALOGO DIGITALE DELL&#8217;AREA ITALIA<\/a><\/p>\n<hr \/>\n<p>Come nella precedente edizione, un ampio programma di attivit\u00e0 collaterali all\u2019interno dell\u2019Area Italia far\u00e0 da contorno alla partecipazione delle imprese. Tra le attivit\u00e0 in programma vanno citati gli showcooking, le degustazioni di prodotti, masterclass e presentazioni.<\/p>\n<p>&nbsp;<\/p>\n<p>Questa importante presenza italiana ad Alimentaria 2018 \u00e8 possibile grazie all\u2019impegno congiunto della <strong>Camera di Commercio e Industria Italiana per la Spagna (CCIS)<\/strong> e la <strong>Camera di Commercio Italiana di Barcellona (CCIB)<\/strong>.<\/p>\n<p>&nbsp;<\/p>\n<p>L\u2019obiettivo \u00e8 duplice. Da un alto si mira a consolidare la presenza dell\u2019enogastronomia italiana nel mercato spagnolo; dall\u2019altro si vuole favorire l\u2019introduzione di nuovi prodotti nel mercato.<\/p>\n<p>&nbsp;<\/p>\n<p>L\u2019impegno comune messo in campo dalle due Camere conferma l\u2019importanza che il mercato spagnolo riveste per le imprese italiane del settore. La Spagna rappresenta infatti il quinto mercato d\u2019approdo dell\u2019export italiano di prodotti agroalimentari e bevande, con un volume superiore a 1,3 miliardi di \u20ac ed un incremento di oltre il 37% negli ultimi cinque anni, secondo le statistiche messe a disposizione da Eurostat.<\/p>\n<p>&nbsp;<\/p>\n<p>&nbsp;<\/p>\n<p>&nbsp;<\/p>\n<p><em>Per maggiori informazioni:<\/em><br \/>\n<strong>Camera di Commercio e Industria Italiana per la Spagna<\/strong><br \/>\nTel. +34 915 900 900<br \/>\nE- mail: <span style=\"color: #003366;\"><a style=\"color: #003366;\" href=\"mailto:ferias@italcamara-es.com\" target=\"_blank\" rel=\"noopener\">ferias@italcamara-es.com<\/a><\/span><\/p>\n","protected":false},"excerpt":{"rendered":"<p>Il settore agroalimentare italiano torna ad essere protagonista in uno dei principali eventi dedicati agli operatori internazionali. &nbsp; Dal 16 al 19 aprile, infatti, si celebrer\u00e0 a Barcellona la nuova edizione della fiera Alimentaria e anche quest\u2019anno, dopo la positiva esperienza del 2016, i riflettori saranno puntati sull\u2019enogastronomia italiana, grazie alla presenza di 17 imprese [&hellip;]<\/p>\n","protected":false},"author":1,"featured_media":54562,"comment_status":"open","ping_status":"open","sticky":false,"template":"","format":"standard","meta":{"inline_featured_image":false,"ocean_post_layout":"","ocean_both_sidebars_style":"","ocean_both_sidebars_content_width":0,"ocean_both_sidebars_sidebars_width":0,"ocean_sidebar":"","ocean_second_sidebar":"","ocean_disable_margins":"enable","ocean_add_body_class":"","ocean_shortcode_before_top_bar":"","ocean_shortcode_after_top_bar":"","ocean_shortcode_before_header":"","ocean_shortcode_after_header":"","ocean_has_shortcode":"","ocean_shortcode_after_title":"","ocean_shortcode_before_footer_widgets":"","ocean_shortcode_after_footer_widgets":"","ocean_shortcode_before_footer_bottom":"","ocean_shortcode_after_footer_bottom":"","ocean_display_top_bar":"default","ocean_display_header":"default","ocean_header_style":"","ocean_center_header_left_menu":"","ocean_custom_header_template":"","ocean_custom_logo":0,"ocean_custom_retina_logo":0,"ocean_custom_logo_max_width":0,"ocean_custom_logo_tablet_max_width":0,"ocean_custom_logo_mobile_max_width":0,"ocean_custom_logo_max_height":0,"ocean_custom_logo_tablet_max_height":0,"ocean_custom_logo_mobile_max_height":0,"ocean_header_custom_menu":"","ocean_menu_typo_font_family":"","ocean_menu_typo_font_subset":"","ocean_menu_typo_font_size":0,"ocean_menu_typo_font_size_tablet":0,"ocean_menu_typo_font_size_mobile":0,"ocean_menu_typo_font_size_unit":"px","ocean_menu_typo_font_weight":"","ocean_menu_typo_font_weight_tablet":"","ocean_menu_typo_font_weight_mobile":"","ocean_menu_typo_transform":"","ocean_menu_typo_transform_tablet":"","ocean_menu_typo_transform_mobile":"","ocean_menu_typo_line_height":0,"ocean_menu_typo_line_height_tablet":0,"ocean_menu_typo_line_height_mobile":0,"ocean_menu_typo_line_height_unit":"","ocean_menu_typo_spacing":0,"ocean_menu_typo_spacing_tablet":0,"ocean_menu_typo_spacing_mobile":0,"ocean_menu_typo_spacing_unit":"","ocean_menu_link_color":"","ocean_menu_link_color_hover":"","ocean_menu_link_color_active":"","ocean_menu_link_background":"","ocean_menu_link_hover_background":"","ocean_menu_link_active_background":"","ocean_menu_social_links_bg":"","ocean_menu_social_hover_links_bg":"","ocean_menu_social_links_color":"","ocean_menu_social_hover_links_color":"","ocean_disable_title":"default","ocean_disable_heading":"default","ocean_post_title":"","ocean_post_subheading":"","ocean_post_title_style":"","ocean_post_title_background_color":"","ocean_post_title_background":0,"ocean_post_title_bg_image_position":"","ocean_post_title_bg_image_attachment":"","ocean_post_title_bg_image_repeat":"","ocean_post_title_bg_image_size":"","ocean_post_title_height":0,"ocean_post_title_bg_overlay":0.5,"ocean_post_title_bg_overlay_color":"","ocean_disable_breadcrumbs":"default","ocean_breadcrumbs_color":"","ocean_breadcrumbs_separator_color":"","ocean_breadcrumbs_links_color":"","ocean_breadcrumbs_links_hover_color":"","ocean_display_footer_widgets":"default","ocean_display_footer_bottom":"default","ocean_custom_footer_template":"","ocean_post_oembed":"","ocean_post_self_hosted_media":"","ocean_post_video_embed":"","ocean_link_format":"","ocean_link_format_target":"self","ocean_quote_format":"","ocean_quote_format_link":"post","ocean_gallery_link_images":"on","ocean_gallery_id":[],"footnotes":""},"categories":[133],"tags":[139],"class_list":["post-56033","post","type-post","status-publish","format-standard","has-post-thumbnail","hentry","category-notizie","tag-notizie-di-la-ccis","entry","has-media"],"yoast_head":"<!-- This site is optimized with the Yoast SEO plugin v27.5 - https:\/\/yoast.com\/product\/yoast-seo-wordpress\/ -->\n<title>Alimentaria 2018: una vetrina importante per l\u2019enogastronomia italiana - Italcamara<\/title>\n<meta name=\"robots\" content=\"index, follow, max-snippet:-1, max-image-preview:large, max-video-preview:-1\" \/>\n<link rel=\"canonical\" href=\"https:\/\/italcamara-es.com\/it\/notizie\/alimentaria-2018-una-vetrina-importante-per-lenogastronomia-italiana\/\" \/>\n<meta property=\"og:locale\" content=\"it_IT\" \/>\n<meta property=\"og:type\" content=\"article\" \/>\n<meta property=\"og:title\" content=\"Alimentaria 2018: una vetrina importante per l\u2019enogastronomia italiana - Italcamara\" \/>\n<meta property=\"og:description\" content=\"Il settore agroalimentare italiano torna ad essere protagonista in uno dei principali eventi dedicati agli operatori internazionali. &nbsp; Dal 16 al 19 aprile, infatti, si celebrer\u00e0 a Barcellona la nuova edizione della fiera Alimentaria e anche quest\u2019anno, dopo la positiva esperienza del 2016, i riflettori saranno puntati sull\u2019enogastronomia italiana, grazie alla presenza di 17 imprese [&hellip;]\" \/>\n<meta property=\"og:url\" content=\"https:\/\/italcamara-es.com\/it\/notizie\/alimentaria-2018-una-vetrina-importante-per-lenogastronomia-italiana\/\" \/>\n<meta property=\"og:site_name\" content=\"Italcamara\" \/>\n<meta property=\"article:published_time\" content=\"2018-03-23T08:22:14+00:00\" \/>\n<meta property=\"og:image\" content=\"https:\/\/italcamara-es.com\/wp-content\/uploads\/2025\/03\/Alimentaria250.jpg\" \/>\n\t<meta property=\"og:image:width\" content=\"250\" \/>\n\t<meta property=\"og:image:height\" content=\"141\" \/>\n\t<meta property=\"og:image:type\" content=\"image\/jpeg\" \/>\n<meta name=\"author\" content=\"administrador\" \/>\n<meta name=\"twitter:card\" content=\"summary_large_image\" \/>\n<meta name=\"twitter:label1\" content=\"Scritto da\" \/>\n\t<meta name=\"twitter:data1\" content=\"administrador\" \/>\n\t<meta name=\"twitter:label2\" content=\"Tempo di lettura stimato\" \/>\n\t<meta name=\"twitter:data2\" content=\"2 minuti\" \/>\n<script type=\"application\/ld+json\" class=\"yoast-schema-graph\">{\"@context\":\"https:\\\/\\\/schema.org\",\"@graph\":[{\"@type\":\"Article\",\"@id\":\"https:\\\/\\\/italcamara-es.com\\\/it\\\/notizie\\\/alimentaria-2018-una-vetrina-importante-per-lenogastronomia-italiana\\\/#article\",\"isPartOf\":{\"@id\":\"https:\\\/\\\/italcamara-es.com\\\/it\\\/notizie\\\/alimentaria-2018-una-vetrina-importante-per-lenogastronomia-italiana\\\/\"},\"author\":{\"name\":\"administrador\",\"@id\":\"https:\\\/\\\/italcamara-es.com\\\/#\\\/schema\\\/person\\\/bb3c56263e405bbd9a15171dcfee93bb\"},\"headline\":\"Alimentaria 2018: una vetrina importante per l\u2019enogastronomia italiana\",\"datePublished\":\"2018-03-23T08:22:14+00:00\",\"mainEntityOfPage\":{\"@id\":\"https:\\\/\\\/italcamara-es.com\\\/it\\\/notizie\\\/alimentaria-2018-una-vetrina-importante-per-lenogastronomia-italiana\\\/\"},\"wordCount\":394,\"commentCount\":0,\"image\":{\"@id\":\"https:\\\/\\\/italcamara-es.com\\\/it\\\/notizie\\\/alimentaria-2018-una-vetrina-importante-per-lenogastronomia-italiana\\\/#primaryimage\"},\"thumbnailUrl\":\"https:\\\/\\\/italcamara-es.com\\\/wp-content\\\/uploads\\\/2025\\\/03\\\/Alimentaria250.jpg\",\"keywords\":[\"Notizie di la CCIS\"],\"articleSection\":[\"Notizie\"],\"inLanguage\":\"it-IT\",\"potentialAction\":[{\"@type\":\"CommentAction\",\"name\":\"Comment\",\"target\":[\"https:\\\/\\\/italcamara-es.com\\\/it\\\/notizie\\\/alimentaria-2018-una-vetrina-importante-per-lenogastronomia-italiana\\\/#respond\"]}]},{\"@type\":\"WebPage\",\"@id\":\"https:\\\/\\\/italcamara-es.com\\\/it\\\/notizie\\\/alimentaria-2018-una-vetrina-importante-per-lenogastronomia-italiana\\\/\",\"url\":\"https:\\\/\\\/italcamara-es.com\\\/it\\\/notizie\\\/alimentaria-2018-una-vetrina-importante-per-lenogastronomia-italiana\\\/\",\"name\":\"Alimentaria 2018: una vetrina importante per l\u2019enogastronomia italiana - Italcamara\",\"isPartOf\":{\"@id\":\"https:\\\/\\\/italcamara-es.com\\\/#website\"},\"primaryImageOfPage\":{\"@id\":\"https:\\\/\\\/italcamara-es.com\\\/it\\\/notizie\\\/alimentaria-2018-una-vetrina-importante-per-lenogastronomia-italiana\\\/#primaryimage\"},\"image\":{\"@id\":\"https:\\\/\\\/italcamara-es.com\\\/it\\\/notizie\\\/alimentaria-2018-una-vetrina-importante-per-lenogastronomia-italiana\\\/#primaryimage\"},\"thumbnailUrl\":\"https:\\\/\\\/italcamara-es.com\\\/wp-content\\\/uploads\\\/2025\\\/03\\\/Alimentaria250.jpg\",\"datePublished\":\"2018-03-23T08:22:14+00:00\",\"author\":{\"@id\":\"https:\\\/\\\/italcamara-es.com\\\/#\\\/schema\\\/person\\\/bb3c56263e405bbd9a15171dcfee93bb\"},\"breadcrumb\":{\"@id\":\"https:\\\/\\\/italcamara-es.com\\\/it\\\/notizie\\\/alimentaria-2018-una-vetrina-importante-per-lenogastronomia-italiana\\\/#breadcrumb\"},\"inLanguage\":\"it-IT\",\"potentialAction\":[{\"@type\":\"ReadAction\",\"target\":[\"https:\\\/\\\/italcamara-es.com\\\/it\\\/notizie\\\/alimentaria-2018-una-vetrina-importante-per-lenogastronomia-italiana\\\/\"]}]},{\"@type\":\"ImageObject\",\"inLanguage\":\"it-IT\",\"@id\":\"https:\\\/\\\/italcamara-es.com\\\/it\\\/notizie\\\/alimentaria-2018-una-vetrina-importante-per-lenogastronomia-italiana\\\/#primaryimage\",\"url\":\"https:\\\/\\\/italcamara-es.com\\\/wp-content\\\/uploads\\\/2025\\\/03\\\/Alimentaria250.jpg\",\"contentUrl\":\"https:\\\/\\\/italcamara-es.com\\\/wp-content\\\/uploads\\\/2025\\\/03\\\/Alimentaria250.jpg\",\"width\":250,\"height\":141},{\"@type\":\"BreadcrumbList\",\"@id\":\"https:\\\/\\\/italcamara-es.com\\\/it\\\/notizie\\\/alimentaria-2018-una-vetrina-importante-per-lenogastronomia-italiana\\\/#breadcrumb\",\"itemListElement\":[{\"@type\":\"ListItem\",\"position\":1,\"name\":\"Inicio\",\"item\":\"https:\\\/\\\/italcamara-es.com\\\/\"},{\"@type\":\"ListItem\",\"position\":2,\"name\":\"Alimentaria 2018: una vetrina importante per l\u2019enogastronomia italiana\"}]},{\"@type\":\"WebSite\",\"@id\":\"https:\\\/\\\/italcamara-es.com\\\/#website\",\"url\":\"https:\\\/\\\/italcamara-es.com\\\/\",\"name\":\"Italcamara\",\"description\":\"\",\"potentialAction\":[{\"@type\":\"SearchAction\",\"target\":{\"@type\":\"EntryPoint\",\"urlTemplate\":\"https:\\\/\\\/italcamara-es.com\\\/?s={search_term_string}\"},\"query-input\":{\"@type\":\"PropertyValueSpecification\",\"valueRequired\":true,\"valueName\":\"search_term_string\"}}],\"inLanguage\":\"it-IT\"},{\"@type\":\"Person\",\"@id\":\"https:\\\/\\\/italcamara-es.com\\\/#\\\/schema\\\/person\\\/bb3c56263e405bbd9a15171dcfee93bb\",\"name\":\"administrador\",\"image\":{\"@type\":\"ImageObject\",\"inLanguage\":\"it-IT\",\"@id\":\"https:\\\/\\\/secure.gravatar.com\\\/avatar\\\/14b5e63db38320b12031bb28cf9f77e210aa71fb3a8a3602a3c9a05134fa75eb?s=96&d=mm&r=g\",\"url\":\"https:\\\/\\\/secure.gravatar.com\\\/avatar\\\/14b5e63db38320b12031bb28cf9f77e210aa71fb3a8a3602a3c9a05134fa75eb?s=96&d=mm&r=g\",\"contentUrl\":\"https:\\\/\\\/secure.gravatar.com\\\/avatar\\\/14b5e63db38320b12031bb28cf9f77e210aa71fb3a8a3602a3c9a05134fa75eb?s=96&d=mm&r=g\",\"caption\":\"administrador\"},\"sameAs\":[\"http:\\\/\\\/pre.italcamara-es.com\"],\"url\":\"https:\\\/\\\/italcamara-es.com\\\/it\\\/author\\\/administrador\\\/\"}]}<\/script>\n<!-- \/ Yoast SEO plugin. -->","yoast_head_json":{"title":"Alimentaria 2018: una vetrina importante per l\u2019enogastronomia italiana - Italcamara","robots":{"index":"index","follow":"follow","max-snippet":"max-snippet:-1","max-image-preview":"max-image-preview:large","max-video-preview":"max-video-preview:-1"},"canonical":"https:\/\/italcamara-es.com\/it\/notizie\/alimentaria-2018-una-vetrina-importante-per-lenogastronomia-italiana\/","og_locale":"it_IT","og_type":"article","og_title":"Alimentaria 2018: una vetrina importante per l\u2019enogastronomia italiana - Italcamara","og_description":"Il settore agroalimentare italiano torna ad essere protagonista in uno dei principali eventi dedicati agli operatori internazionali. &nbsp; Dal 16 al 19 aprile, infatti, si celebrer\u00e0 a Barcellona la nuova edizione della fiera Alimentaria e anche quest\u2019anno, dopo la positiva esperienza del 2016, i riflettori saranno puntati sull\u2019enogastronomia italiana, grazie alla presenza di 17 imprese [&hellip;]","og_url":"https:\/\/italcamara-es.com\/it\/notizie\/alimentaria-2018-una-vetrina-importante-per-lenogastronomia-italiana\/","og_site_name":"Italcamara","article_published_time":"2018-03-23T08:22:14+00:00","og_image":[{"width":250,"height":141,"url":"https:\/\/italcamara-es.com\/wp-content\/uploads\/2025\/03\/Alimentaria250.jpg","type":"image\/jpeg"}],"author":"administrador","twitter_card":"summary_large_image","twitter_misc":{"Scritto da":"administrador","Tempo di lettura stimato":"2 minuti"},"schema":{"@context":"https:\/\/schema.org","@graph":[{"@type":"Article","@id":"https:\/\/italcamara-es.com\/it\/notizie\/alimentaria-2018-una-vetrina-importante-per-lenogastronomia-italiana\/#article","isPartOf":{"@id":"https:\/\/italcamara-es.com\/it\/notizie\/alimentaria-2018-una-vetrina-importante-per-lenogastronomia-italiana\/"},"author":{"name":"administrador","@id":"https:\/\/italcamara-es.com\/#\/schema\/person\/bb3c56263e405bbd9a15171dcfee93bb"},"headline":"Alimentaria 2018: una vetrina importante per l\u2019enogastronomia italiana","datePublished":"2018-03-23T08:22:14+00:00","mainEntityOfPage":{"@id":"https:\/\/italcamara-es.com\/it\/notizie\/alimentaria-2018-una-vetrina-importante-per-lenogastronomia-italiana\/"},"wordCount":394,"commentCount":0,"image":{"@id":"https:\/\/italcamara-es.com\/it\/notizie\/alimentaria-2018-una-vetrina-importante-per-lenogastronomia-italiana\/#primaryimage"},"thumbnailUrl":"https:\/\/italcamara-es.com\/wp-content\/uploads\/2025\/03\/Alimentaria250.jpg","keywords":["Notizie di la CCIS"],"articleSection":["Notizie"],"inLanguage":"it-IT","potentialAction":[{"@type":"CommentAction","name":"Comment","target":["https:\/\/italcamara-es.com\/it\/notizie\/alimentaria-2018-una-vetrina-importante-per-lenogastronomia-italiana\/#respond"]}]},{"@type":"WebPage","@id":"https:\/\/italcamara-es.com\/it\/notizie\/alimentaria-2018-una-vetrina-importante-per-lenogastronomia-italiana\/","url":"https:\/\/italcamara-es.com\/it\/notizie\/alimentaria-2018-una-vetrina-importante-per-lenogastronomia-italiana\/","name":"Alimentaria 2018: una vetrina importante per l\u2019enogastronomia italiana - Italcamara","isPartOf":{"@id":"https:\/\/italcamara-es.com\/#website"},"primaryImageOfPage":{"@id":"https:\/\/italcamara-es.com\/it\/notizie\/alimentaria-2018-una-vetrina-importante-per-lenogastronomia-italiana\/#primaryimage"},"image":{"@id":"https:\/\/italcamara-es.com\/it\/notizie\/alimentaria-2018-una-vetrina-importante-per-lenogastronomia-italiana\/#primaryimage"},"thumbnailUrl":"https:\/\/italcamara-es.com\/wp-content\/uploads\/2025\/03\/Alimentaria250.jpg","datePublished":"2018-03-23T08:22:14+00:00","author":{"@id":"https:\/\/italcamara-es.com\/#\/schema\/person\/bb3c56263e405bbd9a15171dcfee93bb"},"breadcrumb":{"@id":"https:\/\/italcamara-es.com\/it\/notizie\/alimentaria-2018-una-vetrina-importante-per-lenogastronomia-italiana\/#breadcrumb"},"inLanguage":"it-IT","potentialAction":[{"@type":"ReadAction","target":["https:\/\/italcamara-es.com\/it\/notizie\/alimentaria-2018-una-vetrina-importante-per-lenogastronomia-italiana\/"]}]},{"@type":"ImageObject","inLanguage":"it-IT","@id":"https:\/\/italcamara-es.com\/it\/notizie\/alimentaria-2018-una-vetrina-importante-per-lenogastronomia-italiana\/#primaryimage","url":"https:\/\/italcamara-es.com\/wp-content\/uploads\/2025\/03\/Alimentaria250.jpg","contentUrl":"https:\/\/italcamara-es.com\/wp-content\/uploads\/2025\/03\/Alimentaria250.jpg","width":250,"height":141},{"@type":"BreadcrumbList","@id":"https:\/\/italcamara-es.com\/it\/notizie\/alimentaria-2018-una-vetrina-importante-per-lenogastronomia-italiana\/#breadcrumb","itemListElement":[{"@type":"ListItem","position":1,"name":"Inicio","item":"https:\/\/italcamara-es.com\/"},{"@type":"ListItem","position":2,"name":"Alimentaria 2018: una vetrina importante per l\u2019enogastronomia italiana"}]},{"@type":"WebSite","@id":"https:\/\/italcamara-es.com\/#website","url":"https:\/\/italcamara-es.com\/","name":"Italcamara","description":"","potentialAction":[{"@type":"SearchAction","target":{"@type":"EntryPoint","urlTemplate":"https:\/\/italcamara-es.com\/?s={search_term_string}"},"query-input":{"@type":"PropertyValueSpecification","valueRequired":true,"valueName":"search_term_string"}}],"inLanguage":"it-IT"},{"@type":"Person","@id":"https:\/\/italcamara-es.com\/#\/schema\/person\/bb3c56263e405bbd9a15171dcfee93bb","name":"administrador","image":{"@type":"ImageObject","inLanguage":"it-IT","@id":"https:\/\/secure.gravatar.com\/avatar\/14b5e63db38320b12031bb28cf9f77e210aa71fb3a8a3602a3c9a05134fa75eb?s=96&d=mm&r=g","url":"https:\/\/secure.gravatar.com\/avatar\/14b5e63db38320b12031bb28cf9f77e210aa71fb3a8a3602a3c9a05134fa75eb?s=96&d=mm&r=g","contentUrl":"https:\/\/secure.gravatar.com\/avatar\/14b5e63db38320b12031bb28cf9f77e210aa71fb3a8a3602a3c9a05134fa75eb?s=96&d=mm&r=g","caption":"administrador"},"sameAs":["http:\/\/pre.italcamara-es.com"],"url":"https:\/\/italcamara-es.com\/it\/author\/administrador\/"}]}},"rttpg_featured_image_url":{"full":["https:\/\/italcamara-es.com\/wp-content\/uploads\/2025\/03\/Alimentaria250.jpg",250,141,false],"landscape":["https:\/\/italcamara-es.com\/wp-content\/uploads\/2025\/03\/Alimentaria250.jpg",250,141,false],"portraits":["https:\/\/italcamara-es.com\/wp-content\/uploads\/2025\/03\/Alimentaria250.jpg",250,141,false],"thumbnail":["https:\/\/italcamara-es.com\/wp-content\/uploads\/2025\/03\/Alimentaria250-150x141.jpg",150,141,true],"medium":["https:\/\/italcamara-es.com\/wp-content\/uploads\/2025\/03\/Alimentaria250.jpg",250,141,false],"large":["https:\/\/italcamara-es.com\/wp-content\/uploads\/2025\/03\/Alimentaria250.jpg",250,141,false],"1536x1536":["https:\/\/italcamara-es.com\/wp-content\/uploads\/2025\/03\/Alimentaria250.jpg",250,141,false],"2048x2048":["https:\/\/italcamara-es.com\/wp-content\/uploads\/2025\/03\/Alimentaria250.jpg",250,141,false],"ocean-thumb-m":["https:\/\/italcamara-es.com\/wp-content\/uploads\/2025\/03\/Alimentaria250.jpg",250,141,false],"ocean-thumb-ml":["https:\/\/italcamara-es.com\/wp-content\/uploads\/2025\/03\/Alimentaria250.jpg",250,141,false],"ocean-thumb-l":["https:\/\/italcamara-es.com\/wp-content\/uploads\/2025\/03\/Alimentaria250.jpg",250,141,false],"directorist_preview":["https:\/\/italcamara-es.com\/wp-content\/uploads\/2025\/03\/Alimentaria250.jpg",250,141,false]},"rttpg_author":{"display_name":"administrador","author_link":"https:\/\/italcamara-es.com\/it\/author\/administrador\/"},"rttpg_comment":0,"rttpg_category":"<a href=\"https:\/\/italcamara-es.com\/it\/category\/notizie\/\" rel=\"category tag\">Notizie<\/a>","rttpg_excerpt":"Il settore agroalimentare italiano torna ad essere protagonista in uno dei principali eventi dedicati agli operatori internazionali. &nbsp; Dal 16 al 19 aprile, infatti, si celebrer\u00e0 a Barcellona la nuova edizione della fiera Alimentaria e anche quest\u2019anno, dopo la positiva esperienza del 2016, i riflettori saranno puntati sull\u2019enogastronomia italiana, grazie alla presenza di 17 imprese&hellip;","_links":{"self":[{"href":"https:\/\/italcamara-es.com\/it\/wp-json\/wp\/v2\/posts\/56033","targetHints":{"allow":["GET"]}}],"collection":[{"href":"https:\/\/italcamara-es.com\/it\/wp-json\/wp\/v2\/posts"}],"about":[{"href":"https:\/\/italcamara-es.com\/it\/wp-json\/wp\/v2\/types\/post"}],"author":[{"embeddable":true,"href":"https:\/\/italcamara-es.com\/it\/wp-json\/wp\/v2\/users\/1"}],"replies":[{"embeddable":true,"href":"https:\/\/italcamara-es.com\/it\/wp-json\/wp\/v2\/comments?post=56033"}],"version-history":[{"count":0,"href":"https:\/\/italcamara-es.com\/it\/wp-json\/wp\/v2\/posts\/56033\/revisions"}],"wp:featuredmedia":[{"embeddable":true,"href":"https:\/\/italcamara-es.com\/it\/wp-json\/wp\/v2\/media\/54562"}],"wp:attachment":[{"href":"https:\/\/italcamara-es.com\/it\/wp-json\/wp\/v2\/media?parent=56033"}],"wp:term":[{"taxonomy":"category","embeddable":true,"href":"https:\/\/italcamara-es.com\/it\/wp-json\/wp\/v2\/categories?post=56033"},{"taxonomy":"post_tag","embeddable":true,"href":"https:\/\/italcamara-es.com\/it\/wp-json\/wp\/v2\/tags?post=56033"}],"curies":[{"name":"wp","href":"https:\/\/api.w.org\/{rel}","templated":true}]}}