	{"id":56046,"date":"2018-05-08T09:33:55","date_gmt":"2018-05-08T07:33:55","guid":{"rendered":"http:\/\/pre.italcamara-es.com\/senza-categoria\/seminario-novita-in-materia-di-controllo-da-parte-dellimprenditore-alla-luce-delle-sentenze-della-cedu\/"},"modified":"2018-05-08T09:33:55","modified_gmt":"2018-05-08T07:33:55","slug":"seminario-novita-in-materia-di-controllo-da-parte-dellimprenditore-alla-luce-delle-sentenze-della-cedu","status":"publish","type":"post","link":"https:\/\/italcamara-es.com\/it\/notizie\/seminario-novita-in-materia-di-controllo-da-parte-dellimprenditore-alla-luce-delle-sentenze-della-cedu\/","title":{"rendered":"Seminario: \u201cNovit\u00e0 in materia di controllo da parte dell\u2019imprenditore alla luce delle sentenze della CEDU\u201d"},"content":{"rendered":"<p>La\u00a0<strong>CCIS<\/strong>, in collaborazione con lo studio legale associato\u00a0<strong><em>Cuatrecasas<\/em><\/strong>, organiza il giorno\u00a0<strong>18 maggio<\/strong>, alle\u00a0<strong>ore 9:30<\/strong>, presso la propria sede di Madrid (calle Crist\u00f3bal Bordi\u00fa, 54), il seminario sulle novit\u00e0 in materia di controllo da parte dell\u2019imprenditore.<\/p>\n<p>Le recenti sentenze dei Tribunali Europei stanno generando una grande ripercussione nell\u2019ambito dei rapporti di lavoro. In particolare, sono particolarmente rilevanti quelle della Corte Europea dei Diritti dell\u2019Uomo (CEDU), che risalgono al 5 settembre 2017 (caso Barbulescu &#8211; riguardante il procedimento di controllo sui mezzi informatici a disposizione dei\u00a0 dipendenti e al 9 gennaio 2018 (caso L\u00f3pez Ribalda \u2013 in materia di video \u2013vigilanza).<\/p>\n<p>In questa giornata,\u00a0<strong>Almudena Jim\u00e9nez<\/strong>, senior partner dell\u2019Area Lavoro di\u00a0<em>Cuatrecasas<\/em>, tratter\u00e0 della problematica analizzata in ciascuna delle sentenze menzionate e le loro ripercussioni nell\u2019ambito del controllo da parte dell\u2019imprenditore in materia di: video-vigilanza e controllo della posta elettronica.<\/p>\n<p><strong><em>Programma<\/em><\/strong><\/p>\n<p>9:30h: La vigilanza da parte dell\u2019imprenditore con videocamere<\/p>\n<p>10:30h: Pausa caff\u00e8<\/p>\n<p>11:00h: il controllo dell\u2019e-mail da parte dell\u2019imprenditore<\/p>\n<p><em>Per iscriversi<\/em>:\u00a0<a href=\"https:\/\/www.italcamara-es.com\/wp-content\/uploads\/2018\/05\/Solicitud-de-inscripci\u00f3n-Cuatrecasas.pdf\" target=\"_blank\" rel=\"noopener\">Formulario d&#8217;iscrizione<\/a><\/p>\n","protected":false},"excerpt":{"rendered":"<p>La\u00a0CCIS, in collaborazione con lo studio legale associato\u00a0Cuatrecasas, organiza il giorno\u00a018 maggio, alle\u00a0ore 9:30, presso la propria sede di Madrid (calle Crist\u00f3bal Bordi\u00fa, 54), il seminario sulle novit\u00e0 in materia di controllo da parte dell\u2019imprenditore. Le recenti sentenze dei Tribunali Europei stanno generando una grande ripercussione nell\u2019ambito dei rapporti di lavoro. In particolare, sono particolarmente [&hellip;]<\/p>\n","protected":false},"author":1,"featured_media":54584,"comment_status":"open","ping_status":"open","sticky":false,"template":"","format":"standard","meta":{"inline_featured_image":false,"ocean_post_layout":"","ocean_both_sidebars_style":"","ocean_both_sidebars_content_width":0,"ocean_both_sidebars_sidebars_width":0,"ocean_sidebar":"","ocean_second_sidebar":"","ocean_disable_margins":"enable","ocean_add_body_class":"","ocean_shortcode_before_top_bar":"","ocean_shortcode_after_top_bar":"","ocean_shortcode_before_header":"","ocean_shortcode_after_header":"","ocean_has_shortcode":"","ocean_shortcode_after_title":"","ocean_shortcode_before_footer_widgets":"","ocean_shortcode_after_footer_widgets":"","ocean_shortcode_before_footer_bottom":"","ocean_shortcode_after_footer_bottom":"","ocean_display_top_bar":"default","ocean_display_header":"default","ocean_header_style":"","ocean_center_header_left_menu":"","ocean_custom_header_template":"","ocean_custom_logo":0,"ocean_custom_retina_logo":0,"ocean_custom_logo_max_width":0,"ocean_custom_logo_tablet_max_width":0,"ocean_custom_logo_mobile_max_width":0,"ocean_custom_logo_max_height":0,"ocean_custom_logo_tablet_max_height":0,"ocean_custom_logo_mobile_max_height":0,"ocean_header_custom_menu":"","ocean_menu_typo_font_family":"","ocean_menu_typo_font_subset":"","ocean_menu_typo_font_size":0,"ocean_menu_typo_font_size_tablet":0,"ocean_menu_typo_font_size_mobile":0,"ocean_menu_typo_font_size_unit":"px","ocean_menu_typo_font_weight":"","ocean_menu_typo_font_weight_tablet":"","ocean_menu_typo_font_weight_mobile":"","ocean_menu_typo_transform":"","ocean_menu_typo_transform_tablet":"","ocean_menu_typo_transform_mobile":"","ocean_menu_typo_line_height":0,"ocean_menu_typo_line_height_tablet":0,"ocean_menu_typo_line_height_mobile":0,"ocean_menu_typo_line_height_unit":"","ocean_menu_typo_spacing":0,"ocean_menu_typo_spacing_tablet":0,"ocean_menu_typo_spacing_mobile":0,"ocean_menu_typo_spacing_unit":"","ocean_menu_link_color":"","ocean_menu_link_color_hover":"","ocean_menu_link_color_active":"","ocean_menu_link_background":"","ocean_menu_link_hover_background":"","ocean_menu_link_active_background":"","ocean_menu_social_links_bg":"","ocean_menu_social_hover_links_bg":"","ocean_menu_social_links_color":"","ocean_menu_social_hover_links_color":"","ocean_disable_title":"default","ocean_disable_heading":"default","ocean_post_title":"","ocean_post_subheading":"","ocean_post_title_style":"","ocean_post_title_background_color":"","ocean_post_title_background":0,"ocean_post_title_bg_image_position":"","ocean_post_title_bg_image_attachment":"","ocean_post_title_bg_image_repeat":"","ocean_post_title_bg_image_size":"","ocean_post_title_height":0,"ocean_post_title_bg_overlay":0.5,"ocean_post_title_bg_overlay_color":"","ocean_disable_breadcrumbs":"default","ocean_breadcrumbs_color":"","ocean_breadcrumbs_separator_color":"","ocean_breadcrumbs_links_color":"","ocean_breadcrumbs_links_hover_color":"","ocean_display_footer_widgets":"default","ocean_display_footer_bottom":"default","ocean_custom_footer_template":"","ocean_post_oembed":"","ocean_post_self_hosted_media":"","ocean_post_video_embed":"","ocean_link_format":"","ocean_link_format_target":"self","ocean_quote_format":"","ocean_quote_format_link":"post","ocean_gallery_link_images":"on","ocean_gallery_id":[],"footnotes":""},"categories":[133],"tags":[139],"class_list":["post-56046","post","type-post","status-publish","format-standard","has-post-thumbnail","hentry","category-notizie","tag-notizie-di-la-ccis","entry","has-media"],"yoast_head":"<!-- This site is optimized with the Yoast SEO plugin v27.4 - https:\/\/yoast.com\/product\/yoast-seo-wordpress\/ -->\n<title>Seminario: \u201cNovit\u00e0 in materia di controllo da parte dell\u2019imprenditore alla luce delle sentenze della CEDU\u201d - Italcamara<\/title>\n<meta name=\"robots\" content=\"index, follow, max-snippet:-1, max-image-preview:large, max-video-preview:-1\" \/>\n<link rel=\"canonical\" href=\"https:\/\/italcamara-es.com\/it\/notizie\/seminario-novita-in-materia-di-controllo-da-parte-dellimprenditore-alla-luce-delle-sentenze-della-cedu\/\" \/>\n<meta property=\"og:locale\" content=\"it_IT\" \/>\n<meta property=\"og:type\" content=\"article\" \/>\n<meta property=\"og:title\" content=\"Seminario: \u201cNovit\u00e0 in materia di controllo da parte dell\u2019imprenditore alla luce delle sentenze della CEDU\u201d - Italcamara\" \/>\n<meta property=\"og:description\" content=\"La\u00a0CCIS, in collaborazione con lo studio legale associato\u00a0Cuatrecasas, organiza il giorno\u00a018 maggio, alle\u00a0ore 9:30, presso la propria sede di Madrid (calle Crist\u00f3bal Bordi\u00fa, 54), il seminario sulle novit\u00e0 in materia di controllo da parte dell\u2019imprenditore. Le recenti sentenze dei Tribunali Europei stanno generando una grande ripercussione nell\u2019ambito dei rapporti di lavoro. In particolare, sono particolarmente [&hellip;]\" \/>\n<meta property=\"og:url\" content=\"https:\/\/italcamara-es.com\/it\/notizie\/seminario-novita-in-materia-di-controllo-da-parte-dellimprenditore-alla-luce-delle-sentenze-della-cedu\/\" \/>\n<meta property=\"og:site_name\" content=\"Italcamara\" \/>\n<meta property=\"article:published_time\" content=\"2018-05-08T07:33:55+00:00\" \/>\n<meta property=\"og:image\" content=\"https:\/\/italcamara-es.com\/wp-content\/uploads\/2025\/03\/video-vigilancia1.jpg\" \/>\n\t<meta property=\"og:image:width\" content=\"250\" \/>\n\t<meta property=\"og:image:height\" content=\"140\" \/>\n\t<meta property=\"og:image:type\" content=\"image\/jpeg\" \/>\n<meta name=\"author\" content=\"administrador\" \/>\n<meta name=\"twitter:card\" content=\"summary_large_image\" \/>\n<meta name=\"twitter:label1\" content=\"Scritto da\" \/>\n\t<meta name=\"twitter:data1\" content=\"administrador\" \/>\n\t<meta name=\"twitter:label2\" content=\"Tempo di lettura stimato\" \/>\n\t<meta name=\"twitter:data2\" content=\"1 minuto\" \/>\n<script type=\"application\/ld+json\" class=\"yoast-schema-graph\">{\"@context\":\"https:\\\/\\\/schema.org\",\"@graph\":[{\"@type\":\"Article\",\"@id\":\"https:\\\/\\\/italcamara-es.com\\\/it\\\/notizie\\\/seminario-novita-in-materia-di-controllo-da-parte-dellimprenditore-alla-luce-delle-sentenze-della-cedu\\\/#article\",\"isPartOf\":{\"@id\":\"https:\\\/\\\/italcamara-es.com\\\/it\\\/notizie\\\/seminario-novita-in-materia-di-controllo-da-parte-dellimprenditore-alla-luce-delle-sentenze-della-cedu\\\/\"},\"author\":{\"name\":\"administrador\",\"@id\":\"https:\\\/\\\/italcamara-es.com\\\/#\\\/schema\\\/person\\\/bb3c56263e405bbd9a15171dcfee93bb\"},\"headline\":\"Seminario: \u201cNovit\u00e0 in materia di controllo da parte dell\u2019imprenditore alla luce delle sentenze della CEDU\u201d\",\"datePublished\":\"2018-05-08T07:33:55+00:00\",\"mainEntityOfPage\":{\"@id\":\"https:\\\/\\\/italcamara-es.com\\\/it\\\/notizie\\\/seminario-novita-in-materia-di-controllo-da-parte-dellimprenditore-alla-luce-delle-sentenze-della-cedu\\\/\"},\"wordCount\":186,\"commentCount\":0,\"image\":{\"@id\":\"https:\\\/\\\/italcamara-es.com\\\/it\\\/notizie\\\/seminario-novita-in-materia-di-controllo-da-parte-dellimprenditore-alla-luce-delle-sentenze-della-cedu\\\/#primaryimage\"},\"thumbnailUrl\":\"https:\\\/\\\/italcamara-es.com\\\/wp-content\\\/uploads\\\/2025\\\/03\\\/video-vigilancia1.jpg\",\"keywords\":[\"Notizie di la CCIS\"],\"articleSection\":[\"Notizie\"],\"inLanguage\":\"it-IT\",\"potentialAction\":[{\"@type\":\"CommentAction\",\"name\":\"Comment\",\"target\":[\"https:\\\/\\\/italcamara-es.com\\\/it\\\/notizie\\\/seminario-novita-in-materia-di-controllo-da-parte-dellimprenditore-alla-luce-delle-sentenze-della-cedu\\\/#respond\"]}]},{\"@type\":\"WebPage\",\"@id\":\"https:\\\/\\\/italcamara-es.com\\\/it\\\/notizie\\\/seminario-novita-in-materia-di-controllo-da-parte-dellimprenditore-alla-luce-delle-sentenze-della-cedu\\\/\",\"url\":\"https:\\\/\\\/italcamara-es.com\\\/it\\\/notizie\\\/seminario-novita-in-materia-di-controllo-da-parte-dellimprenditore-alla-luce-delle-sentenze-della-cedu\\\/\",\"name\":\"Seminario: \u201cNovit\u00e0 in materia di controllo da parte dell\u2019imprenditore alla luce delle sentenze della CEDU\u201d - Italcamara\",\"isPartOf\":{\"@id\":\"https:\\\/\\\/italcamara-es.com\\\/#website\"},\"primaryImageOfPage\":{\"@id\":\"https:\\\/\\\/italcamara-es.com\\\/it\\\/notizie\\\/seminario-novita-in-materia-di-controllo-da-parte-dellimprenditore-alla-luce-delle-sentenze-della-cedu\\\/#primaryimage\"},\"image\":{\"@id\":\"https:\\\/\\\/italcamara-es.com\\\/it\\\/notizie\\\/seminario-novita-in-materia-di-controllo-da-parte-dellimprenditore-alla-luce-delle-sentenze-della-cedu\\\/#primaryimage\"},\"thumbnailUrl\":\"https:\\\/\\\/italcamara-es.com\\\/wp-content\\\/uploads\\\/2025\\\/03\\\/video-vigilancia1.jpg\",\"datePublished\":\"2018-05-08T07:33:55+00:00\",\"author\":{\"@id\":\"https:\\\/\\\/italcamara-es.com\\\/#\\\/schema\\\/person\\\/bb3c56263e405bbd9a15171dcfee93bb\"},\"breadcrumb\":{\"@id\":\"https:\\\/\\\/italcamara-es.com\\\/it\\\/notizie\\\/seminario-novita-in-materia-di-controllo-da-parte-dellimprenditore-alla-luce-delle-sentenze-della-cedu\\\/#breadcrumb\"},\"inLanguage\":\"it-IT\",\"potentialAction\":[{\"@type\":\"ReadAction\",\"target\":[\"https:\\\/\\\/italcamara-es.com\\\/it\\\/notizie\\\/seminario-novita-in-materia-di-controllo-da-parte-dellimprenditore-alla-luce-delle-sentenze-della-cedu\\\/\"]}]},{\"@type\":\"ImageObject\",\"inLanguage\":\"it-IT\",\"@id\":\"https:\\\/\\\/italcamara-es.com\\\/it\\\/notizie\\\/seminario-novita-in-materia-di-controllo-da-parte-dellimprenditore-alla-luce-delle-sentenze-della-cedu\\\/#primaryimage\",\"url\":\"https:\\\/\\\/italcamara-es.com\\\/wp-content\\\/uploads\\\/2025\\\/03\\\/video-vigilancia1.jpg\",\"contentUrl\":\"https:\\\/\\\/italcamara-es.com\\\/wp-content\\\/uploads\\\/2025\\\/03\\\/video-vigilancia1.jpg\",\"width\":250,\"height\":140},{\"@type\":\"BreadcrumbList\",\"@id\":\"https:\\\/\\\/italcamara-es.com\\\/it\\\/notizie\\\/seminario-novita-in-materia-di-controllo-da-parte-dellimprenditore-alla-luce-delle-sentenze-della-cedu\\\/#breadcrumb\",\"itemListElement\":[{\"@type\":\"ListItem\",\"position\":1,\"name\":\"Inicio\",\"item\":\"https:\\\/\\\/italcamara-es.com\\\/\"},{\"@type\":\"ListItem\",\"position\":2,\"name\":\"Seminario: \u201cNovit\u00e0 in materia di controllo da parte dell\u2019imprenditore alla luce delle sentenze della CEDU\u201d\"}]},{\"@type\":\"WebSite\",\"@id\":\"https:\\\/\\\/italcamara-es.com\\\/#website\",\"url\":\"https:\\\/\\\/italcamara-es.com\\\/\",\"name\":\"Italcamara\",\"description\":\"\",\"potentialAction\":[{\"@type\":\"SearchAction\",\"target\":{\"@type\":\"EntryPoint\",\"urlTemplate\":\"https:\\\/\\\/italcamara-es.com\\\/?s={search_term_string}\"},\"query-input\":{\"@type\":\"PropertyValueSpecification\",\"valueRequired\":true,\"valueName\":\"search_term_string\"}}],\"inLanguage\":\"it-IT\"},{\"@type\":\"Person\",\"@id\":\"https:\\\/\\\/italcamara-es.com\\\/#\\\/schema\\\/person\\\/bb3c56263e405bbd9a15171dcfee93bb\",\"name\":\"administrador\",\"image\":{\"@type\":\"ImageObject\",\"inLanguage\":\"it-IT\",\"@id\":\"https:\\\/\\\/secure.gravatar.com\\\/avatar\\\/14b5e63db38320b12031bb28cf9f77e210aa71fb3a8a3602a3c9a05134fa75eb?s=96&d=mm&r=g\",\"url\":\"https:\\\/\\\/secure.gravatar.com\\\/avatar\\\/14b5e63db38320b12031bb28cf9f77e210aa71fb3a8a3602a3c9a05134fa75eb?s=96&d=mm&r=g\",\"contentUrl\":\"https:\\\/\\\/secure.gravatar.com\\\/avatar\\\/14b5e63db38320b12031bb28cf9f77e210aa71fb3a8a3602a3c9a05134fa75eb?s=96&d=mm&r=g\",\"caption\":\"administrador\"},\"sameAs\":[\"http:\\\/\\\/pre.italcamara-es.com\"],\"url\":\"https:\\\/\\\/italcamara-es.com\\\/it\\\/author\\\/administrador\\\/\"}]}<\/script>\n<!-- \/ Yoast SEO plugin. -->","yoast_head_json":{"title":"Seminario: \u201cNovit\u00e0 in materia di controllo da parte dell\u2019imprenditore alla luce delle sentenze della CEDU\u201d - Italcamara","robots":{"index":"index","follow":"follow","max-snippet":"max-snippet:-1","max-image-preview":"max-image-preview:large","max-video-preview":"max-video-preview:-1"},"canonical":"https:\/\/italcamara-es.com\/it\/notizie\/seminario-novita-in-materia-di-controllo-da-parte-dellimprenditore-alla-luce-delle-sentenze-della-cedu\/","og_locale":"it_IT","og_type":"article","og_title":"Seminario: \u201cNovit\u00e0 in materia di controllo da parte dell\u2019imprenditore alla luce delle sentenze della CEDU\u201d - Italcamara","og_description":"La\u00a0CCIS, in collaborazione con lo studio legale associato\u00a0Cuatrecasas, organiza il giorno\u00a018 maggio, alle\u00a0ore 9:30, presso la propria sede di Madrid (calle Crist\u00f3bal Bordi\u00fa, 54), il seminario sulle novit\u00e0 in materia di controllo da parte dell\u2019imprenditore. Le recenti sentenze dei Tribunali Europei stanno generando una grande ripercussione nell\u2019ambito dei rapporti di lavoro. In particolare, sono particolarmente [&hellip;]","og_url":"https:\/\/italcamara-es.com\/it\/notizie\/seminario-novita-in-materia-di-controllo-da-parte-dellimprenditore-alla-luce-delle-sentenze-della-cedu\/","og_site_name":"Italcamara","article_published_time":"2018-05-08T07:33:55+00:00","og_image":[{"width":250,"height":140,"url":"https:\/\/italcamara-es.com\/wp-content\/uploads\/2025\/03\/video-vigilancia1.jpg","type":"image\/jpeg"}],"author":"administrador","twitter_card":"summary_large_image","twitter_misc":{"Scritto da":"administrador","Tempo di lettura stimato":"1 minuto"},"schema":{"@context":"https:\/\/schema.org","@graph":[{"@type":"Article","@id":"https:\/\/italcamara-es.com\/it\/notizie\/seminario-novita-in-materia-di-controllo-da-parte-dellimprenditore-alla-luce-delle-sentenze-della-cedu\/#article","isPartOf":{"@id":"https:\/\/italcamara-es.com\/it\/notizie\/seminario-novita-in-materia-di-controllo-da-parte-dellimprenditore-alla-luce-delle-sentenze-della-cedu\/"},"author":{"name":"administrador","@id":"https:\/\/italcamara-es.com\/#\/schema\/person\/bb3c56263e405bbd9a15171dcfee93bb"},"headline":"Seminario: \u201cNovit\u00e0 in materia di controllo da parte dell\u2019imprenditore alla luce delle sentenze della CEDU\u201d","datePublished":"2018-05-08T07:33:55+00:00","mainEntityOfPage":{"@id":"https:\/\/italcamara-es.com\/it\/notizie\/seminario-novita-in-materia-di-controllo-da-parte-dellimprenditore-alla-luce-delle-sentenze-della-cedu\/"},"wordCount":186,"commentCount":0,"image":{"@id":"https:\/\/italcamara-es.com\/it\/notizie\/seminario-novita-in-materia-di-controllo-da-parte-dellimprenditore-alla-luce-delle-sentenze-della-cedu\/#primaryimage"},"thumbnailUrl":"https:\/\/italcamara-es.com\/wp-content\/uploads\/2025\/03\/video-vigilancia1.jpg","keywords":["Notizie di la CCIS"],"articleSection":["Notizie"],"inLanguage":"it-IT","potentialAction":[{"@type":"CommentAction","name":"Comment","target":["https:\/\/italcamara-es.com\/it\/notizie\/seminario-novita-in-materia-di-controllo-da-parte-dellimprenditore-alla-luce-delle-sentenze-della-cedu\/#respond"]}]},{"@type":"WebPage","@id":"https:\/\/italcamara-es.com\/it\/notizie\/seminario-novita-in-materia-di-controllo-da-parte-dellimprenditore-alla-luce-delle-sentenze-della-cedu\/","url":"https:\/\/italcamara-es.com\/it\/notizie\/seminario-novita-in-materia-di-controllo-da-parte-dellimprenditore-alla-luce-delle-sentenze-della-cedu\/","name":"Seminario: \u201cNovit\u00e0 in materia di controllo da parte dell\u2019imprenditore alla luce delle sentenze della CEDU\u201d - Italcamara","isPartOf":{"@id":"https:\/\/italcamara-es.com\/#website"},"primaryImageOfPage":{"@id":"https:\/\/italcamara-es.com\/it\/notizie\/seminario-novita-in-materia-di-controllo-da-parte-dellimprenditore-alla-luce-delle-sentenze-della-cedu\/#primaryimage"},"image":{"@id":"https:\/\/italcamara-es.com\/it\/notizie\/seminario-novita-in-materia-di-controllo-da-parte-dellimprenditore-alla-luce-delle-sentenze-della-cedu\/#primaryimage"},"thumbnailUrl":"https:\/\/italcamara-es.com\/wp-content\/uploads\/2025\/03\/video-vigilancia1.jpg","datePublished":"2018-05-08T07:33:55+00:00","author":{"@id":"https:\/\/italcamara-es.com\/#\/schema\/person\/bb3c56263e405bbd9a15171dcfee93bb"},"breadcrumb":{"@id":"https:\/\/italcamara-es.com\/it\/notizie\/seminario-novita-in-materia-di-controllo-da-parte-dellimprenditore-alla-luce-delle-sentenze-della-cedu\/#breadcrumb"},"inLanguage":"it-IT","potentialAction":[{"@type":"ReadAction","target":["https:\/\/italcamara-es.com\/it\/notizie\/seminario-novita-in-materia-di-controllo-da-parte-dellimprenditore-alla-luce-delle-sentenze-della-cedu\/"]}]},{"@type":"ImageObject","inLanguage":"it-IT","@id":"https:\/\/italcamara-es.com\/it\/notizie\/seminario-novita-in-materia-di-controllo-da-parte-dellimprenditore-alla-luce-delle-sentenze-della-cedu\/#primaryimage","url":"https:\/\/italcamara-es.com\/wp-content\/uploads\/2025\/03\/video-vigilancia1.jpg","contentUrl":"https:\/\/italcamara-es.com\/wp-content\/uploads\/2025\/03\/video-vigilancia1.jpg","width":250,"height":140},{"@type":"BreadcrumbList","@id":"https:\/\/italcamara-es.com\/it\/notizie\/seminario-novita-in-materia-di-controllo-da-parte-dellimprenditore-alla-luce-delle-sentenze-della-cedu\/#breadcrumb","itemListElement":[{"@type":"ListItem","position":1,"name":"Inicio","item":"https:\/\/italcamara-es.com\/"},{"@type":"ListItem","position":2,"name":"Seminario: \u201cNovit\u00e0 in materia di controllo da parte dell\u2019imprenditore alla luce delle sentenze della CEDU\u201d"}]},{"@type":"WebSite","@id":"https:\/\/italcamara-es.com\/#website","url":"https:\/\/italcamara-es.com\/","name":"Italcamara","description":"","potentialAction":[{"@type":"SearchAction","target":{"@type":"EntryPoint","urlTemplate":"https:\/\/italcamara-es.com\/?s={search_term_string}"},"query-input":{"@type":"PropertyValueSpecification","valueRequired":true,"valueName":"search_term_string"}}],"inLanguage":"it-IT"},{"@type":"Person","@id":"https:\/\/italcamara-es.com\/#\/schema\/person\/bb3c56263e405bbd9a15171dcfee93bb","name":"administrador","image":{"@type":"ImageObject","inLanguage":"it-IT","@id":"https:\/\/secure.gravatar.com\/avatar\/14b5e63db38320b12031bb28cf9f77e210aa71fb3a8a3602a3c9a05134fa75eb?s=96&d=mm&r=g","url":"https:\/\/secure.gravatar.com\/avatar\/14b5e63db38320b12031bb28cf9f77e210aa71fb3a8a3602a3c9a05134fa75eb?s=96&d=mm&r=g","contentUrl":"https:\/\/secure.gravatar.com\/avatar\/14b5e63db38320b12031bb28cf9f77e210aa71fb3a8a3602a3c9a05134fa75eb?s=96&d=mm&r=g","caption":"administrador"},"sameAs":["http:\/\/pre.italcamara-es.com"],"url":"https:\/\/italcamara-es.com\/it\/author\/administrador\/"}]}},"rttpg_featured_image_url":{"full":["https:\/\/italcamara-es.com\/wp-content\/uploads\/2025\/03\/video-vigilancia1.jpg",250,140,false],"landscape":["https:\/\/italcamara-es.com\/wp-content\/uploads\/2025\/03\/video-vigilancia1.jpg",250,140,false],"portraits":["https:\/\/italcamara-es.com\/wp-content\/uploads\/2025\/03\/video-vigilancia1.jpg",250,140,false],"thumbnail":["https:\/\/italcamara-es.com\/wp-content\/uploads\/2025\/03\/video-vigilancia1-150x140.jpg",150,140,true],"medium":["https:\/\/italcamara-es.com\/wp-content\/uploads\/2025\/03\/video-vigilancia1.jpg",250,140,false],"large":["https:\/\/italcamara-es.com\/wp-content\/uploads\/2025\/03\/video-vigilancia1.jpg",250,140,false],"1536x1536":["https:\/\/italcamara-es.com\/wp-content\/uploads\/2025\/03\/video-vigilancia1.jpg",250,140,false],"2048x2048":["https:\/\/italcamara-es.com\/wp-content\/uploads\/2025\/03\/video-vigilancia1.jpg",250,140,false],"ocean-thumb-m":["https:\/\/italcamara-es.com\/wp-content\/uploads\/2025\/03\/video-vigilancia1.jpg",250,140,false],"ocean-thumb-ml":["https:\/\/italcamara-es.com\/wp-content\/uploads\/2025\/03\/video-vigilancia1.jpg",250,140,false],"ocean-thumb-l":["https:\/\/italcamara-es.com\/wp-content\/uploads\/2025\/03\/video-vigilancia1.jpg",250,140,false],"directorist_preview":["https:\/\/italcamara-es.com\/wp-content\/uploads\/2025\/03\/video-vigilancia1.jpg",250,140,false]},"rttpg_author":{"display_name":"administrador","author_link":"https:\/\/italcamara-es.com\/it\/author\/administrador\/"},"rttpg_comment":0,"rttpg_category":"<a href=\"https:\/\/italcamara-es.com\/it\/category\/notizie\/\" rel=\"category tag\">Notizie<\/a>","rttpg_excerpt":"La\u00a0CCIS, in collaborazione con lo studio legale associato\u00a0Cuatrecasas, organiza il giorno\u00a018 maggio, alle\u00a0ore 9:30, presso la propria sede di Madrid (calle Crist\u00f3bal Bordi\u00fa, 54), il seminario sulle novit\u00e0 in materia di controllo da parte dell\u2019imprenditore. Le recenti sentenze dei Tribunali Europei stanno generando una grande ripercussione nell\u2019ambito dei rapporti di lavoro. In particolare, sono particolarmente&hellip;","_links":{"self":[{"href":"https:\/\/italcamara-es.com\/it\/wp-json\/wp\/v2\/posts\/56046","targetHints":{"allow":["GET"]}}],"collection":[{"href":"https:\/\/italcamara-es.com\/it\/wp-json\/wp\/v2\/posts"}],"about":[{"href":"https:\/\/italcamara-es.com\/it\/wp-json\/wp\/v2\/types\/post"}],"author":[{"embeddable":true,"href":"https:\/\/italcamara-es.com\/it\/wp-json\/wp\/v2\/users\/1"}],"replies":[{"embeddable":true,"href":"https:\/\/italcamara-es.com\/it\/wp-json\/wp\/v2\/comments?post=56046"}],"version-history":[{"count":0,"href":"https:\/\/italcamara-es.com\/it\/wp-json\/wp\/v2\/posts\/56046\/revisions"}],"wp:featuredmedia":[{"embeddable":true,"href":"https:\/\/italcamara-es.com\/it\/wp-json\/wp\/v2\/media\/54584"}],"wp:attachment":[{"href":"https:\/\/italcamara-es.com\/it\/wp-json\/wp\/v2\/media?parent=56046"}],"wp:term":[{"taxonomy":"category","embeddable":true,"href":"https:\/\/italcamara-es.com\/it\/wp-json\/wp\/v2\/categories?post=56046"},{"taxonomy":"post_tag","embeddable":true,"href":"https:\/\/italcamara-es.com\/it\/wp-json\/wp\/v2\/tags?post=56046"}],"curies":[{"name":"wp","href":"https:\/\/api.w.org\/{rel}","templated":true}]}}