	{"id":56052,"date":"2018-06-05T15:09:59","date_gmt":"2018-06-05T13:09:59","guid":{"rendered":"http:\/\/pre.italcamara-es.com\/senza-categoria\/passioneitalia-2018-si-chiude-con-record-di-pubblico-e-imprese-partecipanti\/"},"modified":"2018-06-05T15:09:59","modified_gmt":"2018-06-05T13:09:59","slug":"passioneitalia-2018-si-chiude-con-record-di-pubblico-e-imprese-partecipanti","status":"publish","type":"post","link":"https:\/\/italcamara-es.com\/it\/notizie\/passioneitalia-2018-si-chiude-con-record-di-pubblico-e-imprese-partecipanti\/","title":{"rendered":"#PassioneItalia 2018 si chiude con record di pubblico e imprese partecipanti"},"content":{"rendered":"<p>Oltre <strong>55.000 persone<\/strong> si sono date appuntamento al Matadero di Madrid, dall&#8217;1 al 3 giugno, per non perdersi il grande evento di promozione dell\u2019Italia in Spagna. La decima edizione di #PassioneItalia, organizzata dalla Camera di Commercio e Industria italiana per la Spagna &#8211; CCIS &#8211; e l&#8217;Ambasciata d&#8217;Italia a Madrid, ha colto un successo senza precedenti segnando non solo il record di pubblico, ma anche di aziende partecipanti. Sono state infatti <strong>39 le imprese<\/strong> che hanno preso parte al grande evento dedicato al \u201cmade in Italy\u201d esponendo i propri prodotti negli stand allestiti o preparando piatti e ricette regionali nei diversi food truck dell\u2019Area GustItalia predisposta per l\u2019occasione.<\/p>\n<p><strong>\u00a0<img fetchpriority=\"high\" decoding=\"async\" class=\" wp-image-17061 aligncenter\" src=\"https:\/\/www.italcamara-es.com\/wp-content\/uploads\/2016\/11\/escenario-def1-1024x611.jpg\" alt=\"\" width=\"900\" height=\"537\" \/><\/strong><\/p>\n<p>&nbsp;<\/p>\n<p><strong>Umbria, protagonista di questa edizione<\/strong><\/p>\n<p>Come nelle precedenti edizioni, #PassioneItalia \u00e8 stata l\u2019occasione per promuovere il territorio e le eccellenze di una specifica regione d\u2019Italia e l\u2019Umbria \u00e8 stata quest\u2019anno la protagonista, con uno stand di promozione turistica e 7 imprese agroalimentari che hanno preso parte all\u2019evento per promuovere nel mercato spagnolo la ricca gastronomia del territorio.<\/p>\n<p>Questa importante presenza \u00e8 stata sostenuta dalla Regione Umbria, l\u2019ente regionale Sviluppumbria &#8211; Agenzia Multifunzione per la competitivit\u00e0 e la crescita economica regionale &#8211; e Assogal. La Presidente della Regione Umbria, <strong>Catiuscia Marini<\/strong>, si \u00e8 data appuntamento con l\u2019Ambasciatore d\u2019Italia in Spagna, <strong>Stefano Sannino<\/strong>, il Presidente della CCIS, <strong>Marco Pizzi<\/strong> ed il Coordinatore Generale dell\u2019Ufficio del Sindaco di Madrid, <strong>Luis Cueto<\/strong>, per la celebrazione della \u201cFesta della Repubblica Italiana\u201d il 2 giugno scorso nell\u2019ambito di #PassioneItalia. Gli interventi dei rappresentanti istituzionali presenti sono stati preceduti dall\u2019esecuzione degli inni nazionali italiano e spagnolo.<\/p>\n<figure id=\"attachment_17040\" aria-describedby=\"caption-attachment-17040\" style=\"width: 720px\" class=\"wp-caption aligncenter\"><img decoding=\"async\" class=\"wp-image-17040 size-large\" src=\"https:\/\/www.italcamara-es.com\/wp-content\/uploads\/2018\/06\/istituzionale1-1024x683.jpg\" alt=\"istituzionale\" width=\"720\" height=\"480\" \/><figcaption id=\"caption-attachment-17040\" class=\"wp-caption-text\">Da sin. a des.: Giovanni Aric\u00f2, Segretario Generale della CCIS, Stefano Sannino, Ambasciatore d&#8217;Italia in Spagna, Catiuscia Marini, Presidenta della Regione Umbria, Marco Pizzi, Presidente della CCIS, Luis Cueto, Coordinatore generale dell&#8217;Ufficio del Sindaco di Madrid<\/figcaption><\/figure>\n<p><strong>\u00a0<\/strong><\/p>\n<p>&nbsp;<\/p>\n<p><strong>Una vetrina per la gastronomia italiana di qualit\u00e0<\/strong><\/p>\n<p>Anche in questa edizione #PassioneItalia si \u00e8 convertita nella vetrina ideale per promuovere le eccellenze dell\u2019agroalimentare italiano in Spagna. L\u2019ampia offerta di prodotti e ricette regionali ha permesso a tutti i presenti di conoscere da vicino la ricchezza e la qualit\u00e0 che contraddistinguono la gastronomia del Belpaese: dalle <em>tigelle<\/em> alla <em>torta al testo<\/em>, dalla pasta di Gragnano al riso Arborio, senza dimenticare i vini e insaccati calabresi, i formaggi della Sardegna e una vasta gamma di prodotti biologici e di alta qualit\u00e0 esposti nei numerosi stand allestiti per l\u2019evento.<\/p>\n<p>Quest\u2019anno, inoltre, \u00e8 stata introdotta con successo una grande novit\u00e0: il <strong>Food Lab<\/strong>, uno spazio nel quale, grazie al grande lavoro della <em>Federazione Italiana Cuochi<\/em>, sono stati organizzati pi\u00f9 di 15 attivit\u00e0 tra seminari, showcooking e masterclass per promuovere la conoscenza degli autentici prodotti italiani ed il loro corretto uso nella cucina.\u00a0In particolare, il 1\u00ba giugno \u00e8 stata presentata la candidatura del Pesto Genovese a patrimonio dell\u2019Unesco oltre agli obiettivi e le azioni realizzate nell\u2019ambito del progetto \u201c<a href=\"https:\/\/www.italcamara-es.com\/it\/2017\/10\/16\/100-autentico-2\/\">100% Aut\u00e9ntico<\/a>\u201d, per la valorizzazione dei prodotti italiani a denominazione di origine e identificazione geografica.<\/p>\n<p>La gastronomia \u00e8 stata anche il filo conduttore di numerose <strong>attivit\u00e0 dedicate ai pi\u00f9 piccoli<\/strong>, come i laboratori per la preparazione della pizza e della pasta, che hanno visto la partecipazione di pi\u00f9 di 500 bambini durante le tre giornate dell\u2019evento, e che si sono alternati con altre iniziative di tipo culturale e ludico come le sessioni di teatro, le narrazioni di testi, la caccia al tesoro in latino ed i laboratori di musica e difesa personale.<\/p>\n<p><img decoding=\"async\" class=\" size-large wp-image-17041 aligncenter\" src=\"https:\/\/www.italcamara-es.com\/wp-content\/uploads\/2018\/06\/food-lab1-1024x683.jpg\" alt=\"food-lab\" width=\"720\" height=\"480\" \/><\/p>\n<p>&nbsp;<\/p>\n<p><strong>Aperitivo e&#8230;design \u201cmade in Italy\u201d<\/strong><\/p>\n<p>Un\u2019altra novit\u00e0 di questa decima edizione \u00e8 stato lo spazio \u201cGrande Estate Italiana\u201d. Il numeroso pubblico presente ha avuto l\u2019opportunit\u00e0, durante le tre giornate dell\u2019evento, di rilassarsi in una spiaggia artificiale appositamente creata per l\u2019occasione e prendere in compagnia un autentico apertitivo italiano circondato da alcune tra le marche pi\u00f9 emblematihe dell\u2019industria e del design \u201cmade in Italy.<\/p>\n<p>&nbsp;<\/p>\n<p><strong>Dj set e musica dal vivo <\/strong><\/p>\n<p>Come da tradizione, un ampio programma di concerti dal vivo e momenti musicali ha fatto da contorno all\u2019evento. La musica tradizionale sarda dei <em>Su Cuntzertu Antigu<\/em> e quella napoletana degli <em>Oin\u00e9<\/em>, l\u2019omaggio al grande Lucio Battisti da parte del gruppo <em>Mina&amp;Lucio<\/em>, le performance dei ragazzi della Scuola Italiana di Madrid e della<em> Perugia Funking Band<\/em> ed i Dj set serali hanno acceso l\u2019entusiasmo del pubblico presente durante i tre giorni del\u2019evento, culminato con gli attesi concerti di <strong>Irene Grandi<\/strong> e <strong>Bugo<\/strong>, che si sono esibiti domenica 3 giugno per un indimenticabile pomeriggio di festa all\u2019insegna della buona musica.<\/p>\n<figure id=\"attachment_17042\" aria-describedby=\"caption-attachment-17042\" style=\"width: 720px\" class=\"wp-caption aligncenter\"><img loading=\"lazy\" decoding=\"async\" class=\"wp-image-17042 size-large\" src=\"https:\/\/www.italcamara-es.com\/wp-content\/uploads\/2018\/06\/Irene-Grandi1-1024x647.jpg\" alt=\"Irene Grandi\" width=\"720\" height=\"455\" \/><figcaption id=\"caption-attachment-17042\" class=\"wp-caption-text\">Irene Grandi a #PassioneItalia 2018<\/figcaption><\/figure>\n<p><strong>\u00a0<\/strong><\/p>\n<p>Un ringraziamento speciale agli sponsor di #PassioneItalia 2018:<\/p>\n<p><img loading=\"lazy\" decoding=\"async\" class=\" size-large wp-image-17029 aligncenter\" src=\"https:\/\/www.italcamara-es.com\/wp-content\/uploads\/2018\/06\/logos-sponsors1-820x1024.jpg\" alt=\"logos-sponsors\" width=\"720\" height=\"899\" \/><\/p>\n<p><em>Un ringraziamento anche agli artisti che hanno preso parte a questa<\/em> <em>edizione<\/em>: Irene Grandi, Bugo, Su Cuntzertu Antigu, Mina&amp;Lucio, Oin\u00e9, Perugia Funking Band e la band della Scuola Italiana di Madrid.<\/p>\n<p><em>Partecipanti a #PassioneItalia 2018:<\/em>\u00a0Autogrill, Caf\u00e9 Kimbo, Grazie Mille Italian Bar, Universit\u00e0 della Pizza Italiana nel Mondo, Adamo Import Export, Apoza,\u00a0 Lasag\u00f1eria, Biol\u00e9e Gelati Artigianali, Mo\u2019 Better Food, Graciana\u00a0 Cocina con tradici\u00f3n argentina, Risotteria Riso Scotti, Pasta Garofalo, Eatalian, Salumificio S. Barbara, Cerveza la Virgen, Negrini, Tigelleria Bresca , Il Pastaio, Pasta Garofalo, ENIT &#8211; Agenzia Nazionale del Turismo; Accademia del Gusto by Negrini, Antonio Ciardo Osteopat\u00eda Fisioterapia, Consorzio Gelatieri Artigiani di Pizzo, Com.It.Es Madrid, Evergreen Life, Gustosi Italian Food, Il Divin Pensatore, La Valletta, Paolo Tartufi, BMS Legumi, Profidia, Maximilianas, Pasta Astorino, Camera di Commercio di Crotone \u2013 Regione Calabria, Onlygood Italy, La Rana Encantada, Gelateria di Angelo, Umbria Turismo (Regione Umbria \u2013 Sviluppumbria \u2013 Assogal), Grazie Mille by Aperol, Agua Mineral San Benedetto, Piaggio, Fiat.<\/p>\n<p><em>Collaboratori:<\/em> Piccola Italia, AulaItalia, Fundaci\u00f3n Mabea, Dropscom, Federazione Italiana Cuochi, Isaac Marian, Luca Gatti Ekochef, Atera Studio, Scuola Italiana Madrid, Scuola Materna Italiana Madrid, Pedicone Frantoio, Manfredi Bosco, After Brunch, Fini, Asociaci\u00f3n Circolo Sardo Ichnusa Madrid, Palazzo d&#8217;Inverno, Istituto Autonomo Sardo Fernando Santi, Zorzi, Kokoro Teatro.<\/p>\n<p>&nbsp;<\/p>\n<p>&nbsp;<\/p>\n","protected":false},"excerpt":{"rendered":"<p>Oltre 55.000 persone si sono date appuntamento al Matadero di Madrid, dall&#8217;1 al 3 giugno, per non perdersi il grande evento di promozione dell\u2019Italia in Spagna. La decima edizione di #PassioneItalia, organizzata dalla Camera di Commercio e Industria italiana per la Spagna &#8211; CCIS &#8211; e l&#8217;Ambasciata d&#8217;Italia a Madrid, ha colto un successo senza [&hellip;]<\/p>\n","protected":false},"author":1,"featured_media":56053,"comment_status":"open","ping_status":"open","sticky":false,"template":"","format":"standard","meta":{"inline_featured_image":false,"ocean_post_layout":"","ocean_both_sidebars_style":"","ocean_both_sidebars_content_width":0,"ocean_both_sidebars_sidebars_width":0,"ocean_sidebar":"","ocean_second_sidebar":"","ocean_disable_margins":"enable","ocean_add_body_class":"","ocean_shortcode_before_top_bar":"","ocean_shortcode_after_top_bar":"","ocean_shortcode_before_header":"","ocean_shortcode_after_header":"","ocean_has_shortcode":"","ocean_shortcode_after_title":"","ocean_shortcode_before_footer_widgets":"","ocean_shortcode_after_footer_widgets":"","ocean_shortcode_before_footer_bottom":"","ocean_shortcode_after_footer_bottom":"","ocean_display_top_bar":"default","ocean_display_header":"default","ocean_header_style":"","ocean_center_header_left_menu":"","ocean_custom_header_template":"","ocean_custom_logo":0,"ocean_custom_retina_logo":0,"ocean_custom_logo_max_width":0,"ocean_custom_logo_tablet_max_width":0,"ocean_custom_logo_mobile_max_width":0,"ocean_custom_logo_max_height":0,"ocean_custom_logo_tablet_max_height":0,"ocean_custom_logo_mobile_max_height":0,"ocean_header_custom_menu":"","ocean_menu_typo_font_family":"","ocean_menu_typo_font_subset":"","ocean_menu_typo_font_size":0,"ocean_menu_typo_font_size_tablet":0,"ocean_menu_typo_font_size_mobile":0,"ocean_menu_typo_font_size_unit":"px","ocean_menu_typo_font_weight":"","ocean_menu_typo_font_weight_tablet":"","ocean_menu_typo_font_weight_mobile":"","ocean_menu_typo_transform":"","ocean_menu_typo_transform_tablet":"","ocean_menu_typo_transform_mobile":"","ocean_menu_typo_line_height":0,"ocean_menu_typo_line_height_tablet":0,"ocean_menu_typo_line_height_mobile":0,"ocean_menu_typo_line_height_unit":"","ocean_menu_typo_spacing":0,"ocean_menu_typo_spacing_tablet":0,"ocean_menu_typo_spacing_mobile":0,"ocean_menu_typo_spacing_unit":"","ocean_menu_link_color":"","ocean_menu_link_color_hover":"","ocean_menu_link_color_active":"","ocean_menu_link_background":"","ocean_menu_link_hover_background":"","ocean_menu_link_active_background":"","ocean_menu_social_links_bg":"","ocean_menu_social_hover_links_bg":"","ocean_menu_social_links_color":"","ocean_menu_social_hover_links_color":"","ocean_disable_title":"default","ocean_disable_heading":"default","ocean_post_title":"","ocean_post_subheading":"","ocean_post_title_style":"","ocean_post_title_background_color":"","ocean_post_title_background":0,"ocean_post_title_bg_image_position":"","ocean_post_title_bg_image_attachment":"","ocean_post_title_bg_image_repeat":"","ocean_post_title_bg_image_size":"","ocean_post_title_height":0,"ocean_post_title_bg_overlay":0.5,"ocean_post_title_bg_overlay_color":"","ocean_disable_breadcrumbs":"default","ocean_breadcrumbs_color":"","ocean_breadcrumbs_separator_color":"","ocean_breadcrumbs_links_color":"","ocean_breadcrumbs_links_hover_color":"","ocean_display_footer_widgets":"default","ocean_display_footer_bottom":"default","ocean_custom_footer_template":"","ocean_post_oembed":"","ocean_post_self_hosted_media":"","ocean_post_video_embed":"","ocean_link_format":"","ocean_link_format_target":"self","ocean_quote_format":"","ocean_quote_format_link":"post","ocean_gallery_link_images":"on","ocean_gallery_id":[],"footnotes":""},"categories":[133],"tags":[139],"class_list":["post-56052","post","type-post","status-publish","format-standard","has-post-thumbnail","hentry","category-notizie","tag-notizie-di-la-ccis","entry","has-media"],"yoast_head":"<!-- This site is optimized with the Yoast SEO plugin v27.4 - https:\/\/yoast.com\/product\/yoast-seo-wordpress\/ -->\n<title>#PassioneItalia 2018 si chiude con record di pubblico e imprese partecipanti - Italcamara<\/title>\n<meta name=\"robots\" content=\"index, follow, max-snippet:-1, max-image-preview:large, max-video-preview:-1\" \/>\n<link rel=\"canonical\" href=\"https:\/\/italcamara-es.com\/it\/notizie\/passioneitalia-2018-si-chiude-con-record-di-pubblico-e-imprese-partecipanti\/\" \/>\n<meta property=\"og:locale\" content=\"it_IT\" \/>\n<meta property=\"og:type\" content=\"article\" \/>\n<meta property=\"og:title\" content=\"#PassioneItalia 2018 si chiude con record di pubblico e imprese partecipanti - Italcamara\" \/>\n<meta property=\"og:description\" content=\"Oltre 55.000 persone si sono date appuntamento al Matadero di Madrid, dall&#8217;1 al 3 giugno, per non perdersi il grande evento di promozione dell\u2019Italia in Spagna. La decima edizione di #PassioneItalia, organizzata dalla Camera di Commercio e Industria italiana per la Spagna &#8211; CCIS &#8211; e l&#8217;Ambasciata d&#8217;Italia a Madrid, ha colto un successo senza [&hellip;]\" \/>\n<meta property=\"og:url\" content=\"https:\/\/italcamara-es.com\/it\/notizie\/passioneitalia-2018-si-chiude-con-record-di-pubblico-e-imprese-partecipanti\/\" \/>\n<meta property=\"og:site_name\" content=\"Italcamara\" \/>\n<meta property=\"article:published_time\" content=\"2018-06-05T13:09:59+00:00\" \/>\n<meta property=\"og:image\" content=\"https:\/\/italcamara-es.com\/wp-content\/uploads\/2025\/03\/Passione-Italia-2501-1.jpg\" \/>\n\t<meta property=\"og:image:width\" content=\"250\" \/>\n\t<meta property=\"og:image:height\" content=\"140\" \/>\n\t<meta property=\"og:image:type\" content=\"image\/jpeg\" \/>\n<meta name=\"author\" content=\"administrador\" \/>\n<meta name=\"twitter:card\" content=\"summary_large_image\" \/>\n<meta name=\"twitter:label1\" content=\"Scritto da\" \/>\n\t<meta name=\"twitter:data1\" content=\"administrador\" \/>\n\t<meta name=\"twitter:label2\" content=\"Tempo di lettura stimato\" \/>\n\t<meta name=\"twitter:data2\" content=\"5 minuti\" \/>\n<script type=\"application\/ld+json\" class=\"yoast-schema-graph\">{\"@context\":\"https:\\\/\\\/schema.org\",\"@graph\":[{\"@type\":\"Article\",\"@id\":\"https:\\\/\\\/italcamara-es.com\\\/it\\\/notizie\\\/passioneitalia-2018-si-chiude-con-record-di-pubblico-e-imprese-partecipanti\\\/#article\",\"isPartOf\":{\"@id\":\"https:\\\/\\\/italcamara-es.com\\\/it\\\/notizie\\\/passioneitalia-2018-si-chiude-con-record-di-pubblico-e-imprese-partecipanti\\\/\"},\"author\":{\"name\":\"administrador\",\"@id\":\"https:\\\/\\\/italcamara-es.com\\\/#\\\/schema\\\/person\\\/bb3c56263e405bbd9a15171dcfee93bb\"},\"headline\":\"#PassioneItalia 2018 si chiude con record di pubblico e imprese partecipanti\",\"datePublished\":\"2018-06-05T13:09:59+00:00\",\"mainEntityOfPage\":{\"@id\":\"https:\\\/\\\/italcamara-es.com\\\/it\\\/notizie\\\/passioneitalia-2018-si-chiude-con-record-di-pubblico-e-imprese-partecipanti\\\/\"},\"wordCount\":998,\"commentCount\":0,\"image\":{\"@id\":\"https:\\\/\\\/italcamara-es.com\\\/it\\\/notizie\\\/passioneitalia-2018-si-chiude-con-record-di-pubblico-e-imprese-partecipanti\\\/#primaryimage\"},\"thumbnailUrl\":\"https:\\\/\\\/italcamara-es.com\\\/wp-content\\\/uploads\\\/2025\\\/03\\\/Passione-Italia-2501-1.jpg\",\"keywords\":[\"Notizie di la CCIS\"],\"articleSection\":[\"Notizie\"],\"inLanguage\":\"it-IT\",\"potentialAction\":[{\"@type\":\"CommentAction\",\"name\":\"Comment\",\"target\":[\"https:\\\/\\\/italcamara-es.com\\\/it\\\/notizie\\\/passioneitalia-2018-si-chiude-con-record-di-pubblico-e-imprese-partecipanti\\\/#respond\"]}]},{\"@type\":\"WebPage\",\"@id\":\"https:\\\/\\\/italcamara-es.com\\\/it\\\/notizie\\\/passioneitalia-2018-si-chiude-con-record-di-pubblico-e-imprese-partecipanti\\\/\",\"url\":\"https:\\\/\\\/italcamara-es.com\\\/it\\\/notizie\\\/passioneitalia-2018-si-chiude-con-record-di-pubblico-e-imprese-partecipanti\\\/\",\"name\":\"#PassioneItalia 2018 si chiude con record di pubblico e imprese partecipanti - Italcamara\",\"isPartOf\":{\"@id\":\"https:\\\/\\\/italcamara-es.com\\\/#website\"},\"primaryImageOfPage\":{\"@id\":\"https:\\\/\\\/italcamara-es.com\\\/it\\\/notizie\\\/passioneitalia-2018-si-chiude-con-record-di-pubblico-e-imprese-partecipanti\\\/#primaryimage\"},\"image\":{\"@id\":\"https:\\\/\\\/italcamara-es.com\\\/it\\\/notizie\\\/passioneitalia-2018-si-chiude-con-record-di-pubblico-e-imprese-partecipanti\\\/#primaryimage\"},\"thumbnailUrl\":\"https:\\\/\\\/italcamara-es.com\\\/wp-content\\\/uploads\\\/2025\\\/03\\\/Passione-Italia-2501-1.jpg\",\"datePublished\":\"2018-06-05T13:09:59+00:00\",\"author\":{\"@id\":\"https:\\\/\\\/italcamara-es.com\\\/#\\\/schema\\\/person\\\/bb3c56263e405bbd9a15171dcfee93bb\"},\"breadcrumb\":{\"@id\":\"https:\\\/\\\/italcamara-es.com\\\/it\\\/notizie\\\/passioneitalia-2018-si-chiude-con-record-di-pubblico-e-imprese-partecipanti\\\/#breadcrumb\"},\"inLanguage\":\"it-IT\",\"potentialAction\":[{\"@type\":\"ReadAction\",\"target\":[\"https:\\\/\\\/italcamara-es.com\\\/it\\\/notizie\\\/passioneitalia-2018-si-chiude-con-record-di-pubblico-e-imprese-partecipanti\\\/\"]}]},{\"@type\":\"ImageObject\",\"inLanguage\":\"it-IT\",\"@id\":\"https:\\\/\\\/italcamara-es.com\\\/it\\\/notizie\\\/passioneitalia-2018-si-chiude-con-record-di-pubblico-e-imprese-partecipanti\\\/#primaryimage\",\"url\":\"https:\\\/\\\/italcamara-es.com\\\/wp-content\\\/uploads\\\/2025\\\/03\\\/Passione-Italia-2501-1.jpg\",\"contentUrl\":\"https:\\\/\\\/italcamara-es.com\\\/wp-content\\\/uploads\\\/2025\\\/03\\\/Passione-Italia-2501-1.jpg\",\"width\":250,\"height\":140},{\"@type\":\"BreadcrumbList\",\"@id\":\"https:\\\/\\\/italcamara-es.com\\\/it\\\/notizie\\\/passioneitalia-2018-si-chiude-con-record-di-pubblico-e-imprese-partecipanti\\\/#breadcrumb\",\"itemListElement\":[{\"@type\":\"ListItem\",\"position\":1,\"name\":\"Inicio\",\"item\":\"https:\\\/\\\/italcamara-es.com\\\/it\\\/homepage-ita\\\/\"},{\"@type\":\"ListItem\",\"position\":2,\"name\":\"#PassioneItalia 2018 si chiude con record di pubblico e imprese partecipanti\"}]},{\"@type\":\"WebSite\",\"@id\":\"https:\\\/\\\/italcamara-es.com\\\/#website\",\"url\":\"https:\\\/\\\/italcamara-es.com\\\/\",\"name\":\"Italcamara\",\"description\":\"\",\"potentialAction\":[{\"@type\":\"SearchAction\",\"target\":{\"@type\":\"EntryPoint\",\"urlTemplate\":\"https:\\\/\\\/italcamara-es.com\\\/?s={search_term_string}\"},\"query-input\":{\"@type\":\"PropertyValueSpecification\",\"valueRequired\":true,\"valueName\":\"search_term_string\"}}],\"inLanguage\":\"it-IT\"},{\"@type\":\"Person\",\"@id\":\"https:\\\/\\\/italcamara-es.com\\\/#\\\/schema\\\/person\\\/bb3c56263e405bbd9a15171dcfee93bb\",\"name\":\"administrador\",\"image\":{\"@type\":\"ImageObject\",\"inLanguage\":\"it-IT\",\"@id\":\"https:\\\/\\\/secure.gravatar.com\\\/avatar\\\/14b5e63db38320b12031bb28cf9f77e210aa71fb3a8a3602a3c9a05134fa75eb?s=96&d=mm&r=g\",\"url\":\"https:\\\/\\\/secure.gravatar.com\\\/avatar\\\/14b5e63db38320b12031bb28cf9f77e210aa71fb3a8a3602a3c9a05134fa75eb?s=96&d=mm&r=g\",\"contentUrl\":\"https:\\\/\\\/secure.gravatar.com\\\/avatar\\\/14b5e63db38320b12031bb28cf9f77e210aa71fb3a8a3602a3c9a05134fa75eb?s=96&d=mm&r=g\",\"caption\":\"administrador\"},\"sameAs\":[\"http:\\\/\\\/pre.italcamara-es.com\"],\"url\":\"https:\\\/\\\/italcamara-es.com\\\/it\\\/author\\\/administrador\\\/\"}]}<\/script>\n<!-- \/ Yoast SEO plugin. -->","yoast_head_json":{"title":"#PassioneItalia 2018 si chiude con record di pubblico e imprese partecipanti - Italcamara","robots":{"index":"index","follow":"follow","max-snippet":"max-snippet:-1","max-image-preview":"max-image-preview:large","max-video-preview":"max-video-preview:-1"},"canonical":"https:\/\/italcamara-es.com\/it\/notizie\/passioneitalia-2018-si-chiude-con-record-di-pubblico-e-imprese-partecipanti\/","og_locale":"it_IT","og_type":"article","og_title":"#PassioneItalia 2018 si chiude con record di pubblico e imprese partecipanti - Italcamara","og_description":"Oltre 55.000 persone si sono date appuntamento al Matadero di Madrid, dall&#8217;1 al 3 giugno, per non perdersi il grande evento di promozione dell\u2019Italia in Spagna. La decima edizione di #PassioneItalia, organizzata dalla Camera di Commercio e Industria italiana per la Spagna &#8211; CCIS &#8211; e l&#8217;Ambasciata d&#8217;Italia a Madrid, ha colto un successo senza [&hellip;]","og_url":"https:\/\/italcamara-es.com\/it\/notizie\/passioneitalia-2018-si-chiude-con-record-di-pubblico-e-imprese-partecipanti\/","og_site_name":"Italcamara","article_published_time":"2018-06-05T13:09:59+00:00","og_image":[{"width":250,"height":140,"url":"https:\/\/italcamara-es.com\/wp-content\/uploads\/2025\/03\/Passione-Italia-2501-1.jpg","type":"image\/jpeg"}],"author":"administrador","twitter_card":"summary_large_image","twitter_misc":{"Scritto da":"administrador","Tempo di lettura stimato":"5 minuti"},"schema":{"@context":"https:\/\/schema.org","@graph":[{"@type":"Article","@id":"https:\/\/italcamara-es.com\/it\/notizie\/passioneitalia-2018-si-chiude-con-record-di-pubblico-e-imprese-partecipanti\/#article","isPartOf":{"@id":"https:\/\/italcamara-es.com\/it\/notizie\/passioneitalia-2018-si-chiude-con-record-di-pubblico-e-imprese-partecipanti\/"},"author":{"name":"administrador","@id":"https:\/\/italcamara-es.com\/#\/schema\/person\/bb3c56263e405bbd9a15171dcfee93bb"},"headline":"#PassioneItalia 2018 si chiude con record di pubblico e imprese partecipanti","datePublished":"2018-06-05T13:09:59+00:00","mainEntityOfPage":{"@id":"https:\/\/italcamara-es.com\/it\/notizie\/passioneitalia-2018-si-chiude-con-record-di-pubblico-e-imprese-partecipanti\/"},"wordCount":998,"commentCount":0,"image":{"@id":"https:\/\/italcamara-es.com\/it\/notizie\/passioneitalia-2018-si-chiude-con-record-di-pubblico-e-imprese-partecipanti\/#primaryimage"},"thumbnailUrl":"https:\/\/italcamara-es.com\/wp-content\/uploads\/2025\/03\/Passione-Italia-2501-1.jpg","keywords":["Notizie di la CCIS"],"articleSection":["Notizie"],"inLanguage":"it-IT","potentialAction":[{"@type":"CommentAction","name":"Comment","target":["https:\/\/italcamara-es.com\/it\/notizie\/passioneitalia-2018-si-chiude-con-record-di-pubblico-e-imprese-partecipanti\/#respond"]}]},{"@type":"WebPage","@id":"https:\/\/italcamara-es.com\/it\/notizie\/passioneitalia-2018-si-chiude-con-record-di-pubblico-e-imprese-partecipanti\/","url":"https:\/\/italcamara-es.com\/it\/notizie\/passioneitalia-2018-si-chiude-con-record-di-pubblico-e-imprese-partecipanti\/","name":"#PassioneItalia 2018 si chiude con record di pubblico e imprese partecipanti - Italcamara","isPartOf":{"@id":"https:\/\/italcamara-es.com\/#website"},"primaryImageOfPage":{"@id":"https:\/\/italcamara-es.com\/it\/notizie\/passioneitalia-2018-si-chiude-con-record-di-pubblico-e-imprese-partecipanti\/#primaryimage"},"image":{"@id":"https:\/\/italcamara-es.com\/it\/notizie\/passioneitalia-2018-si-chiude-con-record-di-pubblico-e-imprese-partecipanti\/#primaryimage"},"thumbnailUrl":"https:\/\/italcamara-es.com\/wp-content\/uploads\/2025\/03\/Passione-Italia-2501-1.jpg","datePublished":"2018-06-05T13:09:59+00:00","author":{"@id":"https:\/\/italcamara-es.com\/#\/schema\/person\/bb3c56263e405bbd9a15171dcfee93bb"},"breadcrumb":{"@id":"https:\/\/italcamara-es.com\/it\/notizie\/passioneitalia-2018-si-chiude-con-record-di-pubblico-e-imprese-partecipanti\/#breadcrumb"},"inLanguage":"it-IT","potentialAction":[{"@type":"ReadAction","target":["https:\/\/italcamara-es.com\/it\/notizie\/passioneitalia-2018-si-chiude-con-record-di-pubblico-e-imprese-partecipanti\/"]}]},{"@type":"ImageObject","inLanguage":"it-IT","@id":"https:\/\/italcamara-es.com\/it\/notizie\/passioneitalia-2018-si-chiude-con-record-di-pubblico-e-imprese-partecipanti\/#primaryimage","url":"https:\/\/italcamara-es.com\/wp-content\/uploads\/2025\/03\/Passione-Italia-2501-1.jpg","contentUrl":"https:\/\/italcamara-es.com\/wp-content\/uploads\/2025\/03\/Passione-Italia-2501-1.jpg","width":250,"height":140},{"@type":"BreadcrumbList","@id":"https:\/\/italcamara-es.com\/it\/notizie\/passioneitalia-2018-si-chiude-con-record-di-pubblico-e-imprese-partecipanti\/#breadcrumb","itemListElement":[{"@type":"ListItem","position":1,"name":"Inicio","item":"https:\/\/italcamara-es.com\/it\/homepage-ita\/"},{"@type":"ListItem","position":2,"name":"#PassioneItalia 2018 si chiude con record di pubblico e imprese partecipanti"}]},{"@type":"WebSite","@id":"https:\/\/italcamara-es.com\/#website","url":"https:\/\/italcamara-es.com\/","name":"Italcamara","description":"","potentialAction":[{"@type":"SearchAction","target":{"@type":"EntryPoint","urlTemplate":"https:\/\/italcamara-es.com\/?s={search_term_string}"},"query-input":{"@type":"PropertyValueSpecification","valueRequired":true,"valueName":"search_term_string"}}],"inLanguage":"it-IT"},{"@type":"Person","@id":"https:\/\/italcamara-es.com\/#\/schema\/person\/bb3c56263e405bbd9a15171dcfee93bb","name":"administrador","image":{"@type":"ImageObject","inLanguage":"it-IT","@id":"https:\/\/secure.gravatar.com\/avatar\/14b5e63db38320b12031bb28cf9f77e210aa71fb3a8a3602a3c9a05134fa75eb?s=96&d=mm&r=g","url":"https:\/\/secure.gravatar.com\/avatar\/14b5e63db38320b12031bb28cf9f77e210aa71fb3a8a3602a3c9a05134fa75eb?s=96&d=mm&r=g","contentUrl":"https:\/\/secure.gravatar.com\/avatar\/14b5e63db38320b12031bb28cf9f77e210aa71fb3a8a3602a3c9a05134fa75eb?s=96&d=mm&r=g","caption":"administrador"},"sameAs":["http:\/\/pre.italcamara-es.com"],"url":"https:\/\/italcamara-es.com\/it\/author\/administrador\/"}]}},"rttpg_featured_image_url":{"full":["https:\/\/italcamara-es.com\/wp-content\/uploads\/2025\/03\/Passione-Italia-2501-1.jpg",250,140,false],"landscape":["https:\/\/italcamara-es.com\/wp-content\/uploads\/2025\/03\/Passione-Italia-2501-1.jpg",250,140,false],"portraits":["https:\/\/italcamara-es.com\/wp-content\/uploads\/2025\/03\/Passione-Italia-2501-1.jpg",250,140,false],"thumbnail":["https:\/\/italcamara-es.com\/wp-content\/uploads\/2025\/03\/Passione-Italia-2501-1-150x140.jpg",150,140,true],"medium":["https:\/\/italcamara-es.com\/wp-content\/uploads\/2025\/03\/Passione-Italia-2501-1.jpg",250,140,false],"large":["https:\/\/italcamara-es.com\/wp-content\/uploads\/2025\/03\/Passione-Italia-2501-1.jpg",250,140,false],"1536x1536":["https:\/\/italcamara-es.com\/wp-content\/uploads\/2025\/03\/Passione-Italia-2501-1.jpg",250,140,false],"2048x2048":["https:\/\/italcamara-es.com\/wp-content\/uploads\/2025\/03\/Passione-Italia-2501-1.jpg",250,140,false],"ocean-thumb-m":["https:\/\/italcamara-es.com\/wp-content\/uploads\/2025\/03\/Passione-Italia-2501-1.jpg",250,140,false],"ocean-thumb-ml":["https:\/\/italcamara-es.com\/wp-content\/uploads\/2025\/03\/Passione-Italia-2501-1.jpg",250,140,false],"ocean-thumb-l":["https:\/\/italcamara-es.com\/wp-content\/uploads\/2025\/03\/Passione-Italia-2501-1.jpg",250,140,false],"directorist_preview":["https:\/\/italcamara-es.com\/wp-content\/uploads\/2025\/03\/Passione-Italia-2501-1.jpg",250,140,false]},"rttpg_author":{"display_name":"administrador","author_link":"https:\/\/italcamara-es.com\/it\/author\/administrador\/"},"rttpg_comment":0,"rttpg_category":"<a href=\"https:\/\/italcamara-es.com\/it\/category\/notizie\/\" rel=\"category tag\">Notizie<\/a>","rttpg_excerpt":"Oltre 55.000 persone si sono date appuntamento al Matadero di Madrid, dall&#8217;1 al 3 giugno, per non perdersi il grande evento di promozione dell\u2019Italia in Spagna. La decima edizione di #PassioneItalia, organizzata dalla Camera di Commercio e Industria italiana per la Spagna &#8211; CCIS &#8211; e l&#8217;Ambasciata d&#8217;Italia a Madrid, ha colto un successo senza&hellip;","_links":{"self":[{"href":"https:\/\/italcamara-es.com\/it\/wp-json\/wp\/v2\/posts\/56052","targetHints":{"allow":["GET"]}}],"collection":[{"href":"https:\/\/italcamara-es.com\/it\/wp-json\/wp\/v2\/posts"}],"about":[{"href":"https:\/\/italcamara-es.com\/it\/wp-json\/wp\/v2\/types\/post"}],"author":[{"embeddable":true,"href":"https:\/\/italcamara-es.com\/it\/wp-json\/wp\/v2\/users\/1"}],"replies":[{"embeddable":true,"href":"https:\/\/italcamara-es.com\/it\/wp-json\/wp\/v2\/comments?post=56052"}],"version-history":[{"count":0,"href":"https:\/\/italcamara-es.com\/it\/wp-json\/wp\/v2\/posts\/56052\/revisions"}],"wp:featuredmedia":[{"embeddable":true,"href":"https:\/\/italcamara-es.com\/it\/wp-json\/wp\/v2\/media\/56053"}],"wp:attachment":[{"href":"https:\/\/italcamara-es.com\/it\/wp-json\/wp\/v2\/media?parent=56052"}],"wp:term":[{"taxonomy":"category","embeddable":true,"href":"https:\/\/italcamara-es.com\/it\/wp-json\/wp\/v2\/categories?post=56052"},{"taxonomy":"post_tag","embeddable":true,"href":"https:\/\/italcamara-es.com\/it\/wp-json\/wp\/v2\/tags?post=56052"}],"curies":[{"name":"wp","href":"https:\/\/api.w.org\/{rel}","templated":true}]}}