	{"id":56055,"date":"2018-06-07T12:32:38","date_gmt":"2018-06-07T10:32:38","guid":{"rendered":"http:\/\/pre.italcamara-es.com\/senza-categoria\/il-pesto-genovese-100-autentico-a-passioneitalia\/"},"modified":"2018-06-07T12:32:38","modified_gmt":"2018-06-07T10:32:38","slug":"il-pesto-genovese-100-autentico-a-passioneitalia","status":"publish","type":"post","link":"https:\/\/italcamara-es.com\/it\/notizie\/il-pesto-genovese-100-autentico-a-passioneitalia\/","title":{"rendered":"Il pesto genovese &#8220;100% Autentico&#8221; a #PassioneItalia"},"content":{"rendered":"<p>Lo scorso 1\u00ba giugno, nell\u2019ambito di #PassioneItalia 2018, la grande kermesse per la promozione del \u201cmade in Italy\u201d in Spagna (Matadero di Madrid, 1-3 giugno), \u00e8 stato organizzato il seminario \u201cIl pesto genovese, tradizione e territorio\u201d che ha visto la presenza di circa 30 persone tra giornalisti, blogger e operatori del settore enogastronomico.<\/p>\n<p>Organizzato dalla Camera di Commercio e Industria Italiana per la Spagna (CCIS), in collaborazione con l\u2019ufficio ENIT di Madrid e la Federazione Italiana Cuochi (delegazione in Spagna), l\u2019evento si \u00e8 svolto presso l\u2019innovativo <em>Food Lab<\/em>, lo spazio appositamente allestito per promuovere la cultura gastronomica e culinaria del Belpaese.<\/p>\n<p>Dopo i saluti di benvenuto da parte dell\u2019Ambasciatore d\u2019Italia, <strong>Stefano Sannino<\/strong> e del Segretario della CCIS, <strong>Giovanni Aric\u00f2<\/strong>, sono state presentate le principali attrazioni turistiche della \u201cpatria\u201d del pesto: la citt\u00e0 di Genova, capoluogo della regione Liguria.<\/p>\n<p><img fetchpriority=\"high\" decoding=\"async\" class=\" size-large wp-image-17191 aligncenter\" src=\"https:\/\/www.italcamara-es.com\/wp-content\/uploads\/2018\/06\/seminario-pesto-12-1024x683.jpg\" alt=\"seminario-pesto-1\" width=\"720\" height=\"480\" \/><\/p>\n<p>Successivamente il delegato in Spagna dell\u2019Accademia della Cucina Italiana, <strong>Maurizio Di Ubaldo<\/strong>, ha presentato le caratteristiche e la storia del pesto genovese, una delle ricette pi\u00f9 conosciute della traidizone culinaria italiana.<\/p>\n<p>L\u2019origine dell\u2019attuale ricetta si rimonta alla seconda met\u00e0 del XIX secolo e la sua diffusione si deve ad un famoso gastronomo dell\u2019epoca, Giovanni Battista Ratto, che la menzion\u00f3 per la prima volta nel suo libro \u201cLa Cuciniera Genovese\u201d.<\/p>\n<p>Di Ubaldo ha poi presentato gli ingredienti che compongono l\u2019autentico pesto genovese: il basilico genovese DOP, l\u2019aglio di Vessalico, l\u2019olio extravergine di oliva ligure, il Pecorino Fiore Sardo Dop, Il Parmigiano Reggiano Dop, pinoli e sale marino grosso, sottolineando l\u2019importanza dell\u2019uso del mortaio di marmo ed il pestello di legno per la corretta preparazione di questo eccellente condimento, la cui candidatura a \u201cbene culturale immateriale dell&#8217;umanit\u00e0\u201d dell\u2019Unesco \u00e8 stata presentata proprio nell\u2019ambito del seminario.<\/p>\n<p>&nbsp;<\/p>\n<p><strong><em>Lotta all\u2019Italian sounding e promozione dei prodotti 100% autentici<\/em><\/strong><\/p>\n<p>Di Ubaldo si \u00e8 poi soffermato sull\u2019importanza dell\u2019uso dei prodotti enogastronomici italiani autentici, con particolare riguardo a quelli a denominazione di origine e identificazione geografica protette. In questo senso, ha illustrato le finalit\u00e0 del progetto <strong>\u201c100% Aut\u00e9ntico\u201d<\/strong> sviluppato \u00a0dalla CCIS nell\u2019ambito della pi\u00f9 ampia campagna di \u201cValorizzazione e promozione del prodotto agroalimentare italiano autentico \u2013 Focus Europa\u201d, promossa dal Ministero dello Sviluppo Economico, finanziata da ICE Agenzia e realizzata da Assocamerestero.<\/p>\n<p>In particolare \u00e8 stata sottolineata l\u2019importanza della corretta informazione da parte dei consumatori sull\u2019origine dei prodotti, attraverso l\u2019attenta lettura dell\u2019etichettatura, per evitare di imbattersi su prodotti <em>italian sounding<\/em>, ovvero quelli non italiani che attraverso l\u2019uso di\u00a0 immagini, marche e denominazioni evocano l\u2019Italia a scopi promozionali e commerciali.<\/p>\n<p>Successivamente, il Segretario Generale della CCIS,\u00a0<strong>Giovanni Aric\u00f2<\/strong>, ha presentato l&#8217;attivit\u00e0 svolta dalla Camera nell&#8217;ambito del progetto, con particolare riguardo alla creazione di una web dedicata (<a href=\"http:\/\/www.100autentico.es\" target=\"_blank\" rel=\"noopener\">www.100autentico.es<\/a>), la mappatura dei prodotti <em>italian sounding<\/em>\u00a0presenti nei principali canali di distribuzione in Spagna ed i\u00a0<a href=\"https:\/\/100autentico.es\/_files\/200000138-ad46bae319\/risultati%20inchiesta%20Italian%20Sounding%20CCIE%20Madrid%20def.pdf\" target=\"_blank\" rel=\"noopener\">risultati dell&#8217;indagine<\/a> sulla conoscenza e l&#8217;uso dei prodotti italiani da parte degli operatori e consumatori locali, realizzata alla fine dello scorso anno.<\/p>\n<p style=\"text-align: center;\"><img decoding=\"async\" class=\"alignnone size-large wp-image-17192\" src=\"https:\/\/www.italcamara-es.com\/wp-content\/uploads\/2018\/06\/seminario-pesto-22-1024x683.jpg\" alt=\"seminario-pesto-2\" width=\"720\" height=\"480\" \/><\/p>\n<p><strong><em>Showcooking \u201cPesto 100% Aut\u00e9ntico\u201d<\/em><\/strong><\/p>\n<p>Successivamente, il presidente della Federazione Italiana Cuochi \u2013 delegazione in Spagna, <strong>Manfredi Bosco<\/strong>, dopo aver presentato le finalit\u00e0 della stessa e la attivit\u00e0 svolte per promuovere nel paese iberico la cultura gastronomica italiana, ha diretto lo showcooking \u201cPesto 100% Aut\u00e9ntico\u201d illustrando ai presenti le varie fasi per la preparazione di una pasta condita con la salsa ligure secondo la ricetta tradizionale.<\/p>\n<p>Al termine della preparazone i numerosi presenti hanno avuto l\u2019opportunit\u00e0 di degustare la ricetta elaborata dallo chef Bosco per completare cos\u00ec un autentico viaggio sensoriale tra le origini ed i segreti di una delle ricette pi\u00f9 emblematiche della gastronomia italiana.<\/p>\n","protected":false},"excerpt":{"rendered":"<p>Lo scorso 1\u00ba giugno, nell\u2019ambito di #PassioneItalia 2018, la grande kermesse per la promozione del \u201cmade in Italy\u201d in Spagna (Matadero di Madrid, 1-3 giugno), \u00e8 stato organizzato il seminario \u201cIl pesto genovese, tradizione e territorio\u201d che ha visto la presenza di circa 30 persone tra giornalisti, blogger e operatori del settore enogastronomico. Organizzato dalla [&hellip;]<\/p>\n","protected":false},"author":1,"featured_media":54594,"comment_status":"open","ping_status":"open","sticky":false,"template":"","format":"standard","meta":{"inline_featured_image":false,"ocean_post_layout":"","ocean_both_sidebars_style":"","ocean_both_sidebars_content_width":0,"ocean_both_sidebars_sidebars_width":0,"ocean_sidebar":"","ocean_second_sidebar":"","ocean_disable_margins":"enable","ocean_add_body_class":"","ocean_shortcode_before_top_bar":"","ocean_shortcode_after_top_bar":"","ocean_shortcode_before_header":"","ocean_shortcode_after_header":"","ocean_has_shortcode":"","ocean_shortcode_after_title":"","ocean_shortcode_before_footer_widgets":"","ocean_shortcode_after_footer_widgets":"","ocean_shortcode_before_footer_bottom":"","ocean_shortcode_after_footer_bottom":"","ocean_display_top_bar":"default","ocean_display_header":"default","ocean_header_style":"","ocean_center_header_left_menu":"","ocean_custom_header_template":"","ocean_custom_logo":0,"ocean_custom_retina_logo":0,"ocean_custom_logo_max_width":0,"ocean_custom_logo_tablet_max_width":0,"ocean_custom_logo_mobile_max_width":0,"ocean_custom_logo_max_height":0,"ocean_custom_logo_tablet_max_height":0,"ocean_custom_logo_mobile_max_height":0,"ocean_header_custom_menu":"","ocean_menu_typo_font_family":"","ocean_menu_typo_font_subset":"","ocean_menu_typo_font_size":0,"ocean_menu_typo_font_size_tablet":0,"ocean_menu_typo_font_size_mobile":0,"ocean_menu_typo_font_size_unit":"px","ocean_menu_typo_font_weight":"","ocean_menu_typo_font_weight_tablet":"","ocean_menu_typo_font_weight_mobile":"","ocean_menu_typo_transform":"","ocean_menu_typo_transform_tablet":"","ocean_menu_typo_transform_mobile":"","ocean_menu_typo_line_height":0,"ocean_menu_typo_line_height_tablet":0,"ocean_menu_typo_line_height_mobile":0,"ocean_menu_typo_line_height_unit":"","ocean_menu_typo_spacing":0,"ocean_menu_typo_spacing_tablet":0,"ocean_menu_typo_spacing_mobile":0,"ocean_menu_typo_spacing_unit":"","ocean_menu_link_color":"","ocean_menu_link_color_hover":"","ocean_menu_link_color_active":"","ocean_menu_link_background":"","ocean_menu_link_hover_background":"","ocean_menu_link_active_background":"","ocean_menu_social_links_bg":"","ocean_menu_social_hover_links_bg":"","ocean_menu_social_links_color":"","ocean_menu_social_hover_links_color":"","ocean_disable_title":"default","ocean_disable_heading":"default","ocean_post_title":"","ocean_post_subheading":"","ocean_post_title_style":"","ocean_post_title_background_color":"","ocean_post_title_background":0,"ocean_post_title_bg_image_position":"","ocean_post_title_bg_image_attachment":"","ocean_post_title_bg_image_repeat":"","ocean_post_title_bg_image_size":"","ocean_post_title_height":0,"ocean_post_title_bg_overlay":0.5,"ocean_post_title_bg_overlay_color":"","ocean_disable_breadcrumbs":"default","ocean_breadcrumbs_color":"","ocean_breadcrumbs_separator_color":"","ocean_breadcrumbs_links_color":"","ocean_breadcrumbs_links_hover_color":"","ocean_display_footer_widgets":"default","ocean_display_footer_bottom":"default","ocean_custom_footer_template":"","ocean_post_oembed":"","ocean_post_self_hosted_media":"","ocean_post_video_embed":"","ocean_link_format":"","ocean_link_format_target":"self","ocean_quote_format":"","ocean_quote_format_link":"post","ocean_gallery_link_images":"on","ocean_gallery_id":[],"footnotes":""},"categories":[133],"tags":[139],"class_list":["post-56055","post","type-post","status-publish","format-standard","has-post-thumbnail","hentry","category-notizie","tag-notizie-di-la-ccis","entry","has-media"],"yoast_head":"<!-- This site is optimized with the Yoast SEO plugin v27.4 - https:\/\/yoast.com\/product\/yoast-seo-wordpress\/ -->\n<title>Il pesto genovese &quot;100% Autentico&quot; a #PassioneItalia - Italcamara<\/title>\n<meta name=\"robots\" content=\"index, follow, max-snippet:-1, max-image-preview:large, max-video-preview:-1\" \/>\n<link rel=\"canonical\" href=\"https:\/\/italcamara-es.com\/it\/notizie\/il-pesto-genovese-100-autentico-a-passioneitalia\/\" \/>\n<meta property=\"og:locale\" content=\"it_IT\" \/>\n<meta property=\"og:type\" content=\"article\" \/>\n<meta property=\"og:title\" content=\"Il pesto genovese &quot;100% Autentico&quot; a #PassioneItalia - Italcamara\" \/>\n<meta property=\"og:description\" content=\"Lo scorso 1\u00ba giugno, nell\u2019ambito di #PassioneItalia 2018, la grande kermesse per la promozione del \u201cmade in Italy\u201d in Spagna (Matadero di Madrid, 1-3 giugno), \u00e8 stato organizzato il seminario \u201cIl pesto genovese, tradizione e territorio\u201d che ha visto la presenza di circa 30 persone tra giornalisti, blogger e operatori del settore enogastronomico. Organizzato dalla [&hellip;]\" \/>\n<meta property=\"og:url\" content=\"https:\/\/italcamara-es.com\/it\/notizie\/il-pesto-genovese-100-autentico-a-passioneitalia\/\" \/>\n<meta property=\"og:site_name\" content=\"Italcamara\" \/>\n<meta property=\"article:published_time\" content=\"2018-06-07T10:32:38+00:00\" \/>\n<meta property=\"og:image\" content=\"https:\/\/italcamara-es.com\/wp-content\/uploads\/2025\/03\/seminario-pesto-250.jpg\" \/>\n\t<meta property=\"og:image:width\" content=\"250\" \/>\n\t<meta property=\"og:image:height\" content=\"140\" \/>\n\t<meta property=\"og:image:type\" content=\"image\/jpeg\" \/>\n<meta name=\"author\" content=\"administrador\" \/>\n<meta name=\"twitter:card\" content=\"summary_large_image\" \/>\n<meta name=\"twitter:label1\" content=\"Scritto da\" \/>\n\t<meta name=\"twitter:data1\" content=\"administrador\" \/>\n\t<meta name=\"twitter:label2\" content=\"Tempo di lettura stimato\" \/>\n\t<meta name=\"twitter:data2\" content=\"3 minuti\" \/>\n<script type=\"application\/ld+json\" class=\"yoast-schema-graph\">{\"@context\":\"https:\\\/\\\/schema.org\",\"@graph\":[{\"@type\":\"Article\",\"@id\":\"https:\\\/\\\/italcamara-es.com\\\/it\\\/notizie\\\/il-pesto-genovese-100-autentico-a-passioneitalia\\\/#article\",\"isPartOf\":{\"@id\":\"https:\\\/\\\/italcamara-es.com\\\/it\\\/notizie\\\/il-pesto-genovese-100-autentico-a-passioneitalia\\\/\"},\"author\":{\"name\":\"administrador\",\"@id\":\"https:\\\/\\\/italcamara-es.com\\\/#\\\/schema\\\/person\\\/bb3c56263e405bbd9a15171dcfee93bb\"},\"headline\":\"Il pesto genovese &#8220;100% Autentico&#8221; a #PassioneItalia\",\"datePublished\":\"2018-06-07T10:32:38+00:00\",\"mainEntityOfPage\":{\"@id\":\"https:\\\/\\\/italcamara-es.com\\\/it\\\/notizie\\\/il-pesto-genovese-100-autentico-a-passioneitalia\\\/\"},\"wordCount\":609,\"commentCount\":0,\"image\":{\"@id\":\"https:\\\/\\\/italcamara-es.com\\\/it\\\/notizie\\\/il-pesto-genovese-100-autentico-a-passioneitalia\\\/#primaryimage\"},\"thumbnailUrl\":\"https:\\\/\\\/italcamara-es.com\\\/wp-content\\\/uploads\\\/2025\\\/03\\\/seminario-pesto-250.jpg\",\"keywords\":[\"Notizie di la CCIS\"],\"articleSection\":[\"Notizie\"],\"inLanguage\":\"it-IT\",\"potentialAction\":[{\"@type\":\"CommentAction\",\"name\":\"Comment\",\"target\":[\"https:\\\/\\\/italcamara-es.com\\\/it\\\/notizie\\\/il-pesto-genovese-100-autentico-a-passioneitalia\\\/#respond\"]}]},{\"@type\":\"WebPage\",\"@id\":\"https:\\\/\\\/italcamara-es.com\\\/it\\\/notizie\\\/il-pesto-genovese-100-autentico-a-passioneitalia\\\/\",\"url\":\"https:\\\/\\\/italcamara-es.com\\\/it\\\/notizie\\\/il-pesto-genovese-100-autentico-a-passioneitalia\\\/\",\"name\":\"Il pesto genovese \\\"100% Autentico\\\" a #PassioneItalia - Italcamara\",\"isPartOf\":{\"@id\":\"https:\\\/\\\/italcamara-es.com\\\/#website\"},\"primaryImageOfPage\":{\"@id\":\"https:\\\/\\\/italcamara-es.com\\\/it\\\/notizie\\\/il-pesto-genovese-100-autentico-a-passioneitalia\\\/#primaryimage\"},\"image\":{\"@id\":\"https:\\\/\\\/italcamara-es.com\\\/it\\\/notizie\\\/il-pesto-genovese-100-autentico-a-passioneitalia\\\/#primaryimage\"},\"thumbnailUrl\":\"https:\\\/\\\/italcamara-es.com\\\/wp-content\\\/uploads\\\/2025\\\/03\\\/seminario-pesto-250.jpg\",\"datePublished\":\"2018-06-07T10:32:38+00:00\",\"author\":{\"@id\":\"https:\\\/\\\/italcamara-es.com\\\/#\\\/schema\\\/person\\\/bb3c56263e405bbd9a15171dcfee93bb\"},\"breadcrumb\":{\"@id\":\"https:\\\/\\\/italcamara-es.com\\\/it\\\/notizie\\\/il-pesto-genovese-100-autentico-a-passioneitalia\\\/#breadcrumb\"},\"inLanguage\":\"it-IT\",\"potentialAction\":[{\"@type\":\"ReadAction\",\"target\":[\"https:\\\/\\\/italcamara-es.com\\\/it\\\/notizie\\\/il-pesto-genovese-100-autentico-a-passioneitalia\\\/\"]}]},{\"@type\":\"ImageObject\",\"inLanguage\":\"it-IT\",\"@id\":\"https:\\\/\\\/italcamara-es.com\\\/it\\\/notizie\\\/il-pesto-genovese-100-autentico-a-passioneitalia\\\/#primaryimage\",\"url\":\"https:\\\/\\\/italcamara-es.com\\\/wp-content\\\/uploads\\\/2025\\\/03\\\/seminario-pesto-250.jpg\",\"contentUrl\":\"https:\\\/\\\/italcamara-es.com\\\/wp-content\\\/uploads\\\/2025\\\/03\\\/seminario-pesto-250.jpg\",\"width\":250,\"height\":140},{\"@type\":\"BreadcrumbList\",\"@id\":\"https:\\\/\\\/italcamara-es.com\\\/it\\\/notizie\\\/il-pesto-genovese-100-autentico-a-passioneitalia\\\/#breadcrumb\",\"itemListElement\":[{\"@type\":\"ListItem\",\"position\":1,\"name\":\"Inicio\",\"item\":\"https:\\\/\\\/italcamara-es.com\\\/it\\\/homepage-ita\\\/\"},{\"@type\":\"ListItem\",\"position\":2,\"name\":\"Il pesto genovese \u00ab100% Autentico\u00bb a #PassioneItalia\"}]},{\"@type\":\"WebSite\",\"@id\":\"https:\\\/\\\/italcamara-es.com\\\/#website\",\"url\":\"https:\\\/\\\/italcamara-es.com\\\/\",\"name\":\"Italcamara\",\"description\":\"\",\"potentialAction\":[{\"@type\":\"SearchAction\",\"target\":{\"@type\":\"EntryPoint\",\"urlTemplate\":\"https:\\\/\\\/italcamara-es.com\\\/?s={search_term_string}\"},\"query-input\":{\"@type\":\"PropertyValueSpecification\",\"valueRequired\":true,\"valueName\":\"search_term_string\"}}],\"inLanguage\":\"it-IT\"},{\"@type\":\"Person\",\"@id\":\"https:\\\/\\\/italcamara-es.com\\\/#\\\/schema\\\/person\\\/bb3c56263e405bbd9a15171dcfee93bb\",\"name\":\"administrador\",\"image\":{\"@type\":\"ImageObject\",\"inLanguage\":\"it-IT\",\"@id\":\"https:\\\/\\\/secure.gravatar.com\\\/avatar\\\/14b5e63db38320b12031bb28cf9f77e210aa71fb3a8a3602a3c9a05134fa75eb?s=96&d=mm&r=g\",\"url\":\"https:\\\/\\\/secure.gravatar.com\\\/avatar\\\/14b5e63db38320b12031bb28cf9f77e210aa71fb3a8a3602a3c9a05134fa75eb?s=96&d=mm&r=g\",\"contentUrl\":\"https:\\\/\\\/secure.gravatar.com\\\/avatar\\\/14b5e63db38320b12031bb28cf9f77e210aa71fb3a8a3602a3c9a05134fa75eb?s=96&d=mm&r=g\",\"caption\":\"administrador\"},\"sameAs\":[\"http:\\\/\\\/pre.italcamara-es.com\"],\"url\":\"https:\\\/\\\/italcamara-es.com\\\/it\\\/author\\\/administrador\\\/\"}]}<\/script>\n<!-- \/ Yoast SEO plugin. -->","yoast_head_json":{"title":"Il pesto genovese \"100% Autentico\" a #PassioneItalia - Italcamara","robots":{"index":"index","follow":"follow","max-snippet":"max-snippet:-1","max-image-preview":"max-image-preview:large","max-video-preview":"max-video-preview:-1"},"canonical":"https:\/\/italcamara-es.com\/it\/notizie\/il-pesto-genovese-100-autentico-a-passioneitalia\/","og_locale":"it_IT","og_type":"article","og_title":"Il pesto genovese \"100% Autentico\" a #PassioneItalia - Italcamara","og_description":"Lo scorso 1\u00ba giugno, nell\u2019ambito di #PassioneItalia 2018, la grande kermesse per la promozione del \u201cmade in Italy\u201d in Spagna (Matadero di Madrid, 1-3 giugno), \u00e8 stato organizzato il seminario \u201cIl pesto genovese, tradizione e territorio\u201d che ha visto la presenza di circa 30 persone tra giornalisti, blogger e operatori del settore enogastronomico. Organizzato dalla [&hellip;]","og_url":"https:\/\/italcamara-es.com\/it\/notizie\/il-pesto-genovese-100-autentico-a-passioneitalia\/","og_site_name":"Italcamara","article_published_time":"2018-06-07T10:32:38+00:00","og_image":[{"width":250,"height":140,"url":"https:\/\/italcamara-es.com\/wp-content\/uploads\/2025\/03\/seminario-pesto-250.jpg","type":"image\/jpeg"}],"author":"administrador","twitter_card":"summary_large_image","twitter_misc":{"Scritto da":"administrador","Tempo di lettura stimato":"3 minuti"},"schema":{"@context":"https:\/\/schema.org","@graph":[{"@type":"Article","@id":"https:\/\/italcamara-es.com\/it\/notizie\/il-pesto-genovese-100-autentico-a-passioneitalia\/#article","isPartOf":{"@id":"https:\/\/italcamara-es.com\/it\/notizie\/il-pesto-genovese-100-autentico-a-passioneitalia\/"},"author":{"name":"administrador","@id":"https:\/\/italcamara-es.com\/#\/schema\/person\/bb3c56263e405bbd9a15171dcfee93bb"},"headline":"Il pesto genovese &#8220;100% Autentico&#8221; a #PassioneItalia","datePublished":"2018-06-07T10:32:38+00:00","mainEntityOfPage":{"@id":"https:\/\/italcamara-es.com\/it\/notizie\/il-pesto-genovese-100-autentico-a-passioneitalia\/"},"wordCount":609,"commentCount":0,"image":{"@id":"https:\/\/italcamara-es.com\/it\/notizie\/il-pesto-genovese-100-autentico-a-passioneitalia\/#primaryimage"},"thumbnailUrl":"https:\/\/italcamara-es.com\/wp-content\/uploads\/2025\/03\/seminario-pesto-250.jpg","keywords":["Notizie di la CCIS"],"articleSection":["Notizie"],"inLanguage":"it-IT","potentialAction":[{"@type":"CommentAction","name":"Comment","target":["https:\/\/italcamara-es.com\/it\/notizie\/il-pesto-genovese-100-autentico-a-passioneitalia\/#respond"]}]},{"@type":"WebPage","@id":"https:\/\/italcamara-es.com\/it\/notizie\/il-pesto-genovese-100-autentico-a-passioneitalia\/","url":"https:\/\/italcamara-es.com\/it\/notizie\/il-pesto-genovese-100-autentico-a-passioneitalia\/","name":"Il pesto genovese \"100% Autentico\" a #PassioneItalia - Italcamara","isPartOf":{"@id":"https:\/\/italcamara-es.com\/#website"},"primaryImageOfPage":{"@id":"https:\/\/italcamara-es.com\/it\/notizie\/il-pesto-genovese-100-autentico-a-passioneitalia\/#primaryimage"},"image":{"@id":"https:\/\/italcamara-es.com\/it\/notizie\/il-pesto-genovese-100-autentico-a-passioneitalia\/#primaryimage"},"thumbnailUrl":"https:\/\/italcamara-es.com\/wp-content\/uploads\/2025\/03\/seminario-pesto-250.jpg","datePublished":"2018-06-07T10:32:38+00:00","author":{"@id":"https:\/\/italcamara-es.com\/#\/schema\/person\/bb3c56263e405bbd9a15171dcfee93bb"},"breadcrumb":{"@id":"https:\/\/italcamara-es.com\/it\/notizie\/il-pesto-genovese-100-autentico-a-passioneitalia\/#breadcrumb"},"inLanguage":"it-IT","potentialAction":[{"@type":"ReadAction","target":["https:\/\/italcamara-es.com\/it\/notizie\/il-pesto-genovese-100-autentico-a-passioneitalia\/"]}]},{"@type":"ImageObject","inLanguage":"it-IT","@id":"https:\/\/italcamara-es.com\/it\/notizie\/il-pesto-genovese-100-autentico-a-passioneitalia\/#primaryimage","url":"https:\/\/italcamara-es.com\/wp-content\/uploads\/2025\/03\/seminario-pesto-250.jpg","contentUrl":"https:\/\/italcamara-es.com\/wp-content\/uploads\/2025\/03\/seminario-pesto-250.jpg","width":250,"height":140},{"@type":"BreadcrumbList","@id":"https:\/\/italcamara-es.com\/it\/notizie\/il-pesto-genovese-100-autentico-a-passioneitalia\/#breadcrumb","itemListElement":[{"@type":"ListItem","position":1,"name":"Inicio","item":"https:\/\/italcamara-es.com\/it\/homepage-ita\/"},{"@type":"ListItem","position":2,"name":"Il pesto genovese \u00ab100% Autentico\u00bb a #PassioneItalia"}]},{"@type":"WebSite","@id":"https:\/\/italcamara-es.com\/#website","url":"https:\/\/italcamara-es.com\/","name":"Italcamara","description":"","potentialAction":[{"@type":"SearchAction","target":{"@type":"EntryPoint","urlTemplate":"https:\/\/italcamara-es.com\/?s={search_term_string}"},"query-input":{"@type":"PropertyValueSpecification","valueRequired":true,"valueName":"search_term_string"}}],"inLanguage":"it-IT"},{"@type":"Person","@id":"https:\/\/italcamara-es.com\/#\/schema\/person\/bb3c56263e405bbd9a15171dcfee93bb","name":"administrador","image":{"@type":"ImageObject","inLanguage":"it-IT","@id":"https:\/\/secure.gravatar.com\/avatar\/14b5e63db38320b12031bb28cf9f77e210aa71fb3a8a3602a3c9a05134fa75eb?s=96&d=mm&r=g","url":"https:\/\/secure.gravatar.com\/avatar\/14b5e63db38320b12031bb28cf9f77e210aa71fb3a8a3602a3c9a05134fa75eb?s=96&d=mm&r=g","contentUrl":"https:\/\/secure.gravatar.com\/avatar\/14b5e63db38320b12031bb28cf9f77e210aa71fb3a8a3602a3c9a05134fa75eb?s=96&d=mm&r=g","caption":"administrador"},"sameAs":["http:\/\/pre.italcamara-es.com"],"url":"https:\/\/italcamara-es.com\/it\/author\/administrador\/"}]}},"rttpg_featured_image_url":{"full":["https:\/\/italcamara-es.com\/wp-content\/uploads\/2025\/03\/seminario-pesto-250.jpg",250,140,false],"landscape":["https:\/\/italcamara-es.com\/wp-content\/uploads\/2025\/03\/seminario-pesto-250.jpg",250,140,false],"portraits":["https:\/\/italcamara-es.com\/wp-content\/uploads\/2025\/03\/seminario-pesto-250.jpg",250,140,false],"thumbnail":["https:\/\/italcamara-es.com\/wp-content\/uploads\/2025\/03\/seminario-pesto-250-150x140.jpg",150,140,true],"medium":["https:\/\/italcamara-es.com\/wp-content\/uploads\/2025\/03\/seminario-pesto-250.jpg",250,140,false],"large":["https:\/\/italcamara-es.com\/wp-content\/uploads\/2025\/03\/seminario-pesto-250.jpg",250,140,false],"1536x1536":["https:\/\/italcamara-es.com\/wp-content\/uploads\/2025\/03\/seminario-pesto-250.jpg",250,140,false],"2048x2048":["https:\/\/italcamara-es.com\/wp-content\/uploads\/2025\/03\/seminario-pesto-250.jpg",250,140,false],"ocean-thumb-m":["https:\/\/italcamara-es.com\/wp-content\/uploads\/2025\/03\/seminario-pesto-250.jpg",250,140,false],"ocean-thumb-ml":["https:\/\/italcamara-es.com\/wp-content\/uploads\/2025\/03\/seminario-pesto-250.jpg",250,140,false],"ocean-thumb-l":["https:\/\/italcamara-es.com\/wp-content\/uploads\/2025\/03\/seminario-pesto-250.jpg",250,140,false],"directorist_preview":["https:\/\/italcamara-es.com\/wp-content\/uploads\/2025\/03\/seminario-pesto-250.jpg",250,140,false]},"rttpg_author":{"display_name":"administrador","author_link":"https:\/\/italcamara-es.com\/it\/author\/administrador\/"},"rttpg_comment":0,"rttpg_category":"<a href=\"https:\/\/italcamara-es.com\/it\/category\/notizie\/\" rel=\"category tag\">Notizie<\/a>","rttpg_excerpt":"Lo scorso 1\u00ba giugno, nell\u2019ambito di #PassioneItalia 2018, la grande kermesse per la promozione del \u201cmade in Italy\u201d in Spagna (Matadero di Madrid, 1-3 giugno), \u00e8 stato organizzato il seminario \u201cIl pesto genovese, tradizione e territorio\u201d che ha visto la presenza di circa 30 persone tra giornalisti, blogger e operatori del settore enogastronomico. Organizzato dalla&hellip;","_links":{"self":[{"href":"https:\/\/italcamara-es.com\/it\/wp-json\/wp\/v2\/posts\/56055","targetHints":{"allow":["GET"]}}],"collection":[{"href":"https:\/\/italcamara-es.com\/it\/wp-json\/wp\/v2\/posts"}],"about":[{"href":"https:\/\/italcamara-es.com\/it\/wp-json\/wp\/v2\/types\/post"}],"author":[{"embeddable":true,"href":"https:\/\/italcamara-es.com\/it\/wp-json\/wp\/v2\/users\/1"}],"replies":[{"embeddable":true,"href":"https:\/\/italcamara-es.com\/it\/wp-json\/wp\/v2\/comments?post=56055"}],"version-history":[{"count":0,"href":"https:\/\/italcamara-es.com\/it\/wp-json\/wp\/v2\/posts\/56055\/revisions"}],"wp:featuredmedia":[{"embeddable":true,"href":"https:\/\/italcamara-es.com\/it\/wp-json\/wp\/v2\/media\/54594"}],"wp:attachment":[{"href":"https:\/\/italcamara-es.com\/it\/wp-json\/wp\/v2\/media?parent=56055"}],"wp:term":[{"taxonomy":"category","embeddable":true,"href":"https:\/\/italcamara-es.com\/it\/wp-json\/wp\/v2\/categories?post=56055"},{"taxonomy":"post_tag","embeddable":true,"href":"https:\/\/italcamara-es.com\/it\/wp-json\/wp\/v2\/tags?post=56055"}],"curies":[{"name":"wp","href":"https:\/\/api.w.org\/{rel}","templated":true}]}}