	{"id":56062,"date":"2018-06-22T11:32:26","date_gmt":"2018-06-22T09:32:26","guid":{"rendered":"http:\/\/pre.italcamara-es.com\/senza-categoria\/focus-group-nellambito-del-progetto-memevet\/"},"modified":"2018-06-22T11:32:26","modified_gmt":"2018-06-22T09:32:26","slug":"focus-group-nellambito-del-progetto-memevet","status":"publish","type":"post","link":"https:\/\/italcamara-es.com\/it\/notizie\/focus-group-nellambito-del-progetto-memevet\/","title":{"rendered":"Focus group nell\u2019ambito del progetto MEMEVET"},"content":{"rendered":"<p>Gioved\u00ec 21 giugno 2018 ha avuto luogo presso la sede della Camera di Commercio Italiana per la Spagna un incontro nell\u2019ambito del progetto Erasmus + MeMeVET &#8211; Mechatronics and Metallurgical VET for the sectors\u2019 Industries, nel quale la CCIS collabora come partner (591854-EPP-1-2017-1-DE-EPPKA2-SSA).<\/p>\n<p>&nbsp;<\/p>\n<p>All\u2019incontro hanno partecipato quattro docenti appartenenti agli istituti professionali IES Luis Vives e IES Antonio Machado, un rappresentante della CCIS e, due rappresentanti del cluster AECIM (anch\u2019esso socio del progetto MeMeVET).<\/p>\n<p>&nbsp;<\/p>\n<p>L\u2019obiettivo del focus group \u00e8 stato quello di investigare sulle attuali competenze degli studenti di istituti professionali iscritti a corsi di studio inerenti il settore meccatronica\/meccanica\/metallurgica, prendendo in considerazione sia il punto di vista delle istituzioni del settore educativo, sia il settore imprenditoriale della Comunit\u00e0 di Madrid, potendo cos\u00ec delineare al meglio quali siano le competenze a soddisfare da parte delle imprese e degli studenti per favorire un efficace incontro tra domanda e offerta del mercato del lavoro all\u2019interno dei settori meccatronico\/metallurgico e meccanico a livello locale, nazionale ed europeo.<\/p>\n<p>&nbsp;<\/p>\n<p><img fetchpriority=\"high\" decoding=\"async\" class=\" size-full wp-image-17503 aligncenter\" src=\"https:\/\/www.italcamara-es.com\/wp-content\/uploads\/2018\/06\/Meme1.jpg\" alt=\"Meme\" width=\"700\" height=\"525\" \/><\/p>\n<p>&nbsp;<\/p>\n<p>Il 12 giugno la CCIS ha inoltre partecipato al focus group organizzato dal partner del progetto IES Tirant lo Blanc (Gand\u00eda, Valencia),, responsabile dell\u2019organizzazione del focus group all\u2019interno della Comunit\u00e0 Valencia. All\u2019incontro hanno partecipato un rappresentante della Generalitat Valenciana, il presidente del C\u00edrculo De Econom\u00eda De La Safor (Gand\u00eda, Valencia), due rappresentanti della CCIS, tre docenti e la direttrice dell\u2019IES Tirant o Blanc.<\/p>\n<p>&nbsp;<\/p>\n<p>Le informazioni ricavate dai focus group organizzati dai partner del progetto verranno incluse nei contenuti del Report <em>\u201cAssessment of the skills required in the mechatronic and metallurgical labour market\u201d<\/em>, uno dei risultati intellettuali tangibili previsti dal progetto, che verr\u00e0 redatto dai partner e pubblicato sul sito del progetto <span style=\"color: #003366;\"><a style=\"color: #003366;\" href=\"http:\/\/memevet.eu\/index.html\">http:\/\/memevet.eu\/index.html<\/a><\/span> nei prossimi mesi.<\/p>\n<p>&nbsp;<\/p>\n<p>Per seguire gli aggiornamenti, avere maggiori informazioni e far parte del network metti mi piace alla pagina FB MeMeVET4Industries (<span style=\"color: #003366;\"><a style=\"color: #003366;\" href=\"https:\/\/www.facebook.com\/MeMeVET4industries\/\">https:\/\/www.facebook.com\/MeMeVET4industries\/<\/a><\/span>) e seugi la pagina Web del progetto <span style=\"color: #003366;\"><a style=\"color: #003366;\" href=\"http:\/\/memevet.eu\/index.html\">http:\/\/memevet.eu\/index.html<\/a><\/span><\/p>\n","protected":false},"excerpt":{"rendered":"<p>Gioved\u00ec 21 giugno 2018 ha avuto luogo presso la sede della Camera di Commercio Italiana per la Spagna un incontro nell\u2019ambito del progetto Erasmus + MeMeVET &#8211; Mechatronics and Metallurgical VET for the sectors\u2019 Industries, nel quale la CCIS collabora come partner (591854-EPP-1-2017-1-DE-EPPKA2-SSA). &nbsp; All\u2019incontro hanno partecipato quattro docenti appartenenti agli istituti professionali IES Luis [&hellip;]<\/p>\n","protected":false},"author":1,"featured_media":54604,"comment_status":"open","ping_status":"open","sticky":false,"template":"","format":"standard","meta":{"inline_featured_image":false,"ocean_post_layout":"","ocean_both_sidebars_style":"","ocean_both_sidebars_content_width":0,"ocean_both_sidebars_sidebars_width":0,"ocean_sidebar":"","ocean_second_sidebar":"","ocean_disable_margins":"enable","ocean_add_body_class":"","ocean_shortcode_before_top_bar":"","ocean_shortcode_after_top_bar":"","ocean_shortcode_before_header":"","ocean_shortcode_after_header":"","ocean_has_shortcode":"","ocean_shortcode_after_title":"","ocean_shortcode_before_footer_widgets":"","ocean_shortcode_after_footer_widgets":"","ocean_shortcode_before_footer_bottom":"","ocean_shortcode_after_footer_bottom":"","ocean_display_top_bar":"default","ocean_display_header":"default","ocean_header_style":"","ocean_center_header_left_menu":"","ocean_custom_header_template":"","ocean_custom_logo":0,"ocean_custom_retina_logo":0,"ocean_custom_logo_max_width":0,"ocean_custom_logo_tablet_max_width":0,"ocean_custom_logo_mobile_max_width":0,"ocean_custom_logo_max_height":0,"ocean_custom_logo_tablet_max_height":0,"ocean_custom_logo_mobile_max_height":0,"ocean_header_custom_menu":"","ocean_menu_typo_font_family":"","ocean_menu_typo_font_subset":"","ocean_menu_typo_font_size":0,"ocean_menu_typo_font_size_tablet":0,"ocean_menu_typo_font_size_mobile":0,"ocean_menu_typo_font_size_unit":"px","ocean_menu_typo_font_weight":"","ocean_menu_typo_font_weight_tablet":"","ocean_menu_typo_font_weight_mobile":"","ocean_menu_typo_transform":"","ocean_menu_typo_transform_tablet":"","ocean_menu_typo_transform_mobile":"","ocean_menu_typo_line_height":0,"ocean_menu_typo_line_height_tablet":0,"ocean_menu_typo_line_height_mobile":0,"ocean_menu_typo_line_height_unit":"","ocean_menu_typo_spacing":0,"ocean_menu_typo_spacing_tablet":0,"ocean_menu_typo_spacing_mobile":0,"ocean_menu_typo_spacing_unit":"","ocean_menu_link_color":"","ocean_menu_link_color_hover":"","ocean_menu_link_color_active":"","ocean_menu_link_background":"","ocean_menu_link_hover_background":"","ocean_menu_link_active_background":"","ocean_menu_social_links_bg":"","ocean_menu_social_hover_links_bg":"","ocean_menu_social_links_color":"","ocean_menu_social_hover_links_color":"","ocean_disable_title":"default","ocean_disable_heading":"default","ocean_post_title":"","ocean_post_subheading":"","ocean_post_title_style":"","ocean_post_title_background_color":"","ocean_post_title_background":0,"ocean_post_title_bg_image_position":"","ocean_post_title_bg_image_attachment":"","ocean_post_title_bg_image_repeat":"","ocean_post_title_bg_image_size":"","ocean_post_title_height":0,"ocean_post_title_bg_overlay":0.5,"ocean_post_title_bg_overlay_color":"","ocean_disable_breadcrumbs":"default","ocean_breadcrumbs_color":"","ocean_breadcrumbs_separator_color":"","ocean_breadcrumbs_links_color":"","ocean_breadcrumbs_links_hover_color":"","ocean_display_footer_widgets":"default","ocean_display_footer_bottom":"default","ocean_custom_footer_template":"","ocean_post_oembed":"","ocean_post_self_hosted_media":"","ocean_post_video_embed":"","ocean_link_format":"","ocean_link_format_target":"self","ocean_quote_format":"","ocean_quote_format_link":"post","ocean_gallery_link_images":"on","ocean_gallery_id":[],"footnotes":""},"categories":[133],"tags":[139],"class_list":["post-56062","post","type-post","status-publish","format-standard","has-post-thumbnail","hentry","category-notizie","tag-notizie-di-la-ccis","entry","has-media"],"yoast_head":"<!-- This site is optimized with the Yoast SEO plugin v27.5 - https:\/\/yoast.com\/product\/yoast-seo-wordpress\/ -->\n<title>Focus group nell\u2019ambito del progetto MEMEVET - Italcamara<\/title>\n<meta name=\"robots\" content=\"index, follow, max-snippet:-1, max-image-preview:large, max-video-preview:-1\" \/>\n<link rel=\"canonical\" href=\"https:\/\/italcamara-es.com\/it\/notizie\/focus-group-nellambito-del-progetto-memevet\/\" \/>\n<meta property=\"og:locale\" content=\"it_IT\" \/>\n<meta property=\"og:type\" content=\"article\" \/>\n<meta property=\"og:title\" content=\"Focus group nell\u2019ambito del progetto MEMEVET - Italcamara\" \/>\n<meta property=\"og:description\" content=\"Gioved\u00ec 21 giugno 2018 ha avuto luogo presso la sede della Camera di Commercio Italiana per la Spagna un incontro nell\u2019ambito del progetto Erasmus + MeMeVET &#8211; Mechatronics and Metallurgical VET for the sectors\u2019 Industries, nel quale la CCIS collabora come partner (591854-EPP-1-2017-1-DE-EPPKA2-SSA). &nbsp; All\u2019incontro hanno partecipato quattro docenti appartenenti agli istituti professionali IES Luis [&hellip;]\" \/>\n<meta property=\"og:url\" content=\"https:\/\/italcamara-es.com\/it\/notizie\/focus-group-nellambito-del-progetto-memevet\/\" \/>\n<meta property=\"og:site_name\" content=\"Italcamara\" \/>\n<meta property=\"article:published_time\" content=\"2018-06-22T09:32:26+00:00\" \/>\n<meta property=\"og:image\" content=\"https:\/\/italcamara-es.com\/wp-content\/uploads\/2025\/03\/Meme250.jpg\" \/>\n\t<meta property=\"og:image:width\" content=\"250\" \/>\n\t<meta property=\"og:image:height\" content=\"141\" \/>\n\t<meta property=\"og:image:type\" content=\"image\/jpeg\" \/>\n<meta name=\"author\" content=\"administrador\" \/>\n<meta name=\"twitter:card\" content=\"summary_large_image\" \/>\n<meta name=\"twitter:label1\" content=\"Scritto da\" \/>\n\t<meta name=\"twitter:data1\" content=\"administrador\" \/>\n\t<meta name=\"twitter:label2\" content=\"Tempo di lettura stimato\" \/>\n\t<meta name=\"twitter:data2\" content=\"2 minuti\" \/>\n<script type=\"application\/ld+json\" class=\"yoast-schema-graph\">{\"@context\":\"https:\\\/\\\/schema.org\",\"@graph\":[{\"@type\":\"Article\",\"@id\":\"https:\\\/\\\/italcamara-es.com\\\/it\\\/notizie\\\/focus-group-nellambito-del-progetto-memevet\\\/#article\",\"isPartOf\":{\"@id\":\"https:\\\/\\\/italcamara-es.com\\\/it\\\/notizie\\\/focus-group-nellambito-del-progetto-memevet\\\/\"},\"author\":{\"name\":\"administrador\",\"@id\":\"https:\\\/\\\/italcamara-es.com\\\/#\\\/schema\\\/person\\\/bb3c56263e405bbd9a15171dcfee93bb\"},\"headline\":\"Focus group nell\u2019ambito del progetto MEMEVET\",\"datePublished\":\"2018-06-22T09:32:26+00:00\",\"mainEntityOfPage\":{\"@id\":\"https:\\\/\\\/italcamara-es.com\\\/it\\\/notizie\\\/focus-group-nellambito-del-progetto-memevet\\\/\"},\"wordCount\":349,\"commentCount\":0,\"image\":{\"@id\":\"https:\\\/\\\/italcamara-es.com\\\/it\\\/notizie\\\/focus-group-nellambito-del-progetto-memevet\\\/#primaryimage\"},\"thumbnailUrl\":\"https:\\\/\\\/italcamara-es.com\\\/wp-content\\\/uploads\\\/2025\\\/03\\\/Meme250.jpg\",\"keywords\":[\"Notizie di la CCIS\"],\"articleSection\":[\"Notizie\"],\"inLanguage\":\"it-IT\",\"potentialAction\":[{\"@type\":\"CommentAction\",\"name\":\"Comment\",\"target\":[\"https:\\\/\\\/italcamara-es.com\\\/it\\\/notizie\\\/focus-group-nellambito-del-progetto-memevet\\\/#respond\"]}]},{\"@type\":\"WebPage\",\"@id\":\"https:\\\/\\\/italcamara-es.com\\\/it\\\/notizie\\\/focus-group-nellambito-del-progetto-memevet\\\/\",\"url\":\"https:\\\/\\\/italcamara-es.com\\\/it\\\/notizie\\\/focus-group-nellambito-del-progetto-memevet\\\/\",\"name\":\"Focus group nell\u2019ambito del progetto MEMEVET - Italcamara\",\"isPartOf\":{\"@id\":\"https:\\\/\\\/italcamara-es.com\\\/#website\"},\"primaryImageOfPage\":{\"@id\":\"https:\\\/\\\/italcamara-es.com\\\/it\\\/notizie\\\/focus-group-nellambito-del-progetto-memevet\\\/#primaryimage\"},\"image\":{\"@id\":\"https:\\\/\\\/italcamara-es.com\\\/it\\\/notizie\\\/focus-group-nellambito-del-progetto-memevet\\\/#primaryimage\"},\"thumbnailUrl\":\"https:\\\/\\\/italcamara-es.com\\\/wp-content\\\/uploads\\\/2025\\\/03\\\/Meme250.jpg\",\"datePublished\":\"2018-06-22T09:32:26+00:00\",\"author\":{\"@id\":\"https:\\\/\\\/italcamara-es.com\\\/#\\\/schema\\\/person\\\/bb3c56263e405bbd9a15171dcfee93bb\"},\"breadcrumb\":{\"@id\":\"https:\\\/\\\/italcamara-es.com\\\/it\\\/notizie\\\/focus-group-nellambito-del-progetto-memevet\\\/#breadcrumb\"},\"inLanguage\":\"it-IT\",\"potentialAction\":[{\"@type\":\"ReadAction\",\"target\":[\"https:\\\/\\\/italcamara-es.com\\\/it\\\/notizie\\\/focus-group-nellambito-del-progetto-memevet\\\/\"]}]},{\"@type\":\"ImageObject\",\"inLanguage\":\"it-IT\",\"@id\":\"https:\\\/\\\/italcamara-es.com\\\/it\\\/notizie\\\/focus-group-nellambito-del-progetto-memevet\\\/#primaryimage\",\"url\":\"https:\\\/\\\/italcamara-es.com\\\/wp-content\\\/uploads\\\/2025\\\/03\\\/Meme250.jpg\",\"contentUrl\":\"https:\\\/\\\/italcamara-es.com\\\/wp-content\\\/uploads\\\/2025\\\/03\\\/Meme250.jpg\",\"width\":250,\"height\":141},{\"@type\":\"BreadcrumbList\",\"@id\":\"https:\\\/\\\/italcamara-es.com\\\/it\\\/notizie\\\/focus-group-nellambito-del-progetto-memevet\\\/#breadcrumb\",\"itemListElement\":[{\"@type\":\"ListItem\",\"position\":1,\"name\":\"Inicio\",\"item\":\"https:\\\/\\\/italcamara-es.com\\\/it\\\/homepage-ita\\\/\"},{\"@type\":\"ListItem\",\"position\":2,\"name\":\"Focus group nell\u2019ambito del progetto MEMEVET\"}]},{\"@type\":\"WebSite\",\"@id\":\"https:\\\/\\\/italcamara-es.com\\\/#website\",\"url\":\"https:\\\/\\\/italcamara-es.com\\\/\",\"name\":\"Italcamara\",\"description\":\"\",\"potentialAction\":[{\"@type\":\"SearchAction\",\"target\":{\"@type\":\"EntryPoint\",\"urlTemplate\":\"https:\\\/\\\/italcamara-es.com\\\/?s={search_term_string}\"},\"query-input\":{\"@type\":\"PropertyValueSpecification\",\"valueRequired\":true,\"valueName\":\"search_term_string\"}}],\"inLanguage\":\"it-IT\"},{\"@type\":\"Person\",\"@id\":\"https:\\\/\\\/italcamara-es.com\\\/#\\\/schema\\\/person\\\/bb3c56263e405bbd9a15171dcfee93bb\",\"name\":\"administrador\",\"image\":{\"@type\":\"ImageObject\",\"inLanguage\":\"it-IT\",\"@id\":\"https:\\\/\\\/secure.gravatar.com\\\/avatar\\\/14b5e63db38320b12031bb28cf9f77e210aa71fb3a8a3602a3c9a05134fa75eb?s=96&d=mm&r=g\",\"url\":\"https:\\\/\\\/secure.gravatar.com\\\/avatar\\\/14b5e63db38320b12031bb28cf9f77e210aa71fb3a8a3602a3c9a05134fa75eb?s=96&d=mm&r=g\",\"contentUrl\":\"https:\\\/\\\/secure.gravatar.com\\\/avatar\\\/14b5e63db38320b12031bb28cf9f77e210aa71fb3a8a3602a3c9a05134fa75eb?s=96&d=mm&r=g\",\"caption\":\"administrador\"},\"sameAs\":[\"http:\\\/\\\/pre.italcamara-es.com\"],\"url\":\"https:\\\/\\\/italcamara-es.com\\\/it\\\/author\\\/administrador\\\/\"}]}<\/script>\n<!-- \/ Yoast SEO plugin. -->","yoast_head_json":{"title":"Focus group nell\u2019ambito del progetto MEMEVET - Italcamara","robots":{"index":"index","follow":"follow","max-snippet":"max-snippet:-1","max-image-preview":"max-image-preview:large","max-video-preview":"max-video-preview:-1"},"canonical":"https:\/\/italcamara-es.com\/it\/notizie\/focus-group-nellambito-del-progetto-memevet\/","og_locale":"it_IT","og_type":"article","og_title":"Focus group nell\u2019ambito del progetto MEMEVET - Italcamara","og_description":"Gioved\u00ec 21 giugno 2018 ha avuto luogo presso la sede della Camera di Commercio Italiana per la Spagna un incontro nell\u2019ambito del progetto Erasmus + MeMeVET &#8211; Mechatronics and Metallurgical VET for the sectors\u2019 Industries, nel quale la CCIS collabora come partner (591854-EPP-1-2017-1-DE-EPPKA2-SSA). &nbsp; All\u2019incontro hanno partecipato quattro docenti appartenenti agli istituti professionali IES Luis [&hellip;]","og_url":"https:\/\/italcamara-es.com\/it\/notizie\/focus-group-nellambito-del-progetto-memevet\/","og_site_name":"Italcamara","article_published_time":"2018-06-22T09:32:26+00:00","og_image":[{"width":250,"height":141,"url":"https:\/\/italcamara-es.com\/wp-content\/uploads\/2025\/03\/Meme250.jpg","type":"image\/jpeg"}],"author":"administrador","twitter_card":"summary_large_image","twitter_misc":{"Scritto da":"administrador","Tempo di lettura stimato":"2 minuti"},"schema":{"@context":"https:\/\/schema.org","@graph":[{"@type":"Article","@id":"https:\/\/italcamara-es.com\/it\/notizie\/focus-group-nellambito-del-progetto-memevet\/#article","isPartOf":{"@id":"https:\/\/italcamara-es.com\/it\/notizie\/focus-group-nellambito-del-progetto-memevet\/"},"author":{"name":"administrador","@id":"https:\/\/italcamara-es.com\/#\/schema\/person\/bb3c56263e405bbd9a15171dcfee93bb"},"headline":"Focus group nell\u2019ambito del progetto MEMEVET","datePublished":"2018-06-22T09:32:26+00:00","mainEntityOfPage":{"@id":"https:\/\/italcamara-es.com\/it\/notizie\/focus-group-nellambito-del-progetto-memevet\/"},"wordCount":349,"commentCount":0,"image":{"@id":"https:\/\/italcamara-es.com\/it\/notizie\/focus-group-nellambito-del-progetto-memevet\/#primaryimage"},"thumbnailUrl":"https:\/\/italcamara-es.com\/wp-content\/uploads\/2025\/03\/Meme250.jpg","keywords":["Notizie di la CCIS"],"articleSection":["Notizie"],"inLanguage":"it-IT","potentialAction":[{"@type":"CommentAction","name":"Comment","target":["https:\/\/italcamara-es.com\/it\/notizie\/focus-group-nellambito-del-progetto-memevet\/#respond"]}]},{"@type":"WebPage","@id":"https:\/\/italcamara-es.com\/it\/notizie\/focus-group-nellambito-del-progetto-memevet\/","url":"https:\/\/italcamara-es.com\/it\/notizie\/focus-group-nellambito-del-progetto-memevet\/","name":"Focus group nell\u2019ambito del progetto MEMEVET - Italcamara","isPartOf":{"@id":"https:\/\/italcamara-es.com\/#website"},"primaryImageOfPage":{"@id":"https:\/\/italcamara-es.com\/it\/notizie\/focus-group-nellambito-del-progetto-memevet\/#primaryimage"},"image":{"@id":"https:\/\/italcamara-es.com\/it\/notizie\/focus-group-nellambito-del-progetto-memevet\/#primaryimage"},"thumbnailUrl":"https:\/\/italcamara-es.com\/wp-content\/uploads\/2025\/03\/Meme250.jpg","datePublished":"2018-06-22T09:32:26+00:00","author":{"@id":"https:\/\/italcamara-es.com\/#\/schema\/person\/bb3c56263e405bbd9a15171dcfee93bb"},"breadcrumb":{"@id":"https:\/\/italcamara-es.com\/it\/notizie\/focus-group-nellambito-del-progetto-memevet\/#breadcrumb"},"inLanguage":"it-IT","potentialAction":[{"@type":"ReadAction","target":["https:\/\/italcamara-es.com\/it\/notizie\/focus-group-nellambito-del-progetto-memevet\/"]}]},{"@type":"ImageObject","inLanguage":"it-IT","@id":"https:\/\/italcamara-es.com\/it\/notizie\/focus-group-nellambito-del-progetto-memevet\/#primaryimage","url":"https:\/\/italcamara-es.com\/wp-content\/uploads\/2025\/03\/Meme250.jpg","contentUrl":"https:\/\/italcamara-es.com\/wp-content\/uploads\/2025\/03\/Meme250.jpg","width":250,"height":141},{"@type":"BreadcrumbList","@id":"https:\/\/italcamara-es.com\/it\/notizie\/focus-group-nellambito-del-progetto-memevet\/#breadcrumb","itemListElement":[{"@type":"ListItem","position":1,"name":"Inicio","item":"https:\/\/italcamara-es.com\/it\/homepage-ita\/"},{"@type":"ListItem","position":2,"name":"Focus group nell\u2019ambito del progetto MEMEVET"}]},{"@type":"WebSite","@id":"https:\/\/italcamara-es.com\/#website","url":"https:\/\/italcamara-es.com\/","name":"Italcamara","description":"","potentialAction":[{"@type":"SearchAction","target":{"@type":"EntryPoint","urlTemplate":"https:\/\/italcamara-es.com\/?s={search_term_string}"},"query-input":{"@type":"PropertyValueSpecification","valueRequired":true,"valueName":"search_term_string"}}],"inLanguage":"it-IT"},{"@type":"Person","@id":"https:\/\/italcamara-es.com\/#\/schema\/person\/bb3c56263e405bbd9a15171dcfee93bb","name":"administrador","image":{"@type":"ImageObject","inLanguage":"it-IT","@id":"https:\/\/secure.gravatar.com\/avatar\/14b5e63db38320b12031bb28cf9f77e210aa71fb3a8a3602a3c9a05134fa75eb?s=96&d=mm&r=g","url":"https:\/\/secure.gravatar.com\/avatar\/14b5e63db38320b12031bb28cf9f77e210aa71fb3a8a3602a3c9a05134fa75eb?s=96&d=mm&r=g","contentUrl":"https:\/\/secure.gravatar.com\/avatar\/14b5e63db38320b12031bb28cf9f77e210aa71fb3a8a3602a3c9a05134fa75eb?s=96&d=mm&r=g","caption":"administrador"},"sameAs":["http:\/\/pre.italcamara-es.com"],"url":"https:\/\/italcamara-es.com\/it\/author\/administrador\/"}]}},"rttpg_featured_image_url":{"full":["https:\/\/italcamara-es.com\/wp-content\/uploads\/2025\/03\/Meme250.jpg",250,141,false],"landscape":["https:\/\/italcamara-es.com\/wp-content\/uploads\/2025\/03\/Meme250.jpg",250,141,false],"portraits":["https:\/\/italcamara-es.com\/wp-content\/uploads\/2025\/03\/Meme250.jpg",250,141,false],"thumbnail":["https:\/\/italcamara-es.com\/wp-content\/uploads\/2025\/03\/Meme250-150x141.jpg",150,141,true],"medium":["https:\/\/italcamara-es.com\/wp-content\/uploads\/2025\/03\/Meme250.jpg",250,141,false],"large":["https:\/\/italcamara-es.com\/wp-content\/uploads\/2025\/03\/Meme250.jpg",250,141,false],"1536x1536":["https:\/\/italcamara-es.com\/wp-content\/uploads\/2025\/03\/Meme250.jpg",250,141,false],"2048x2048":["https:\/\/italcamara-es.com\/wp-content\/uploads\/2025\/03\/Meme250.jpg",250,141,false],"ocean-thumb-m":["https:\/\/italcamara-es.com\/wp-content\/uploads\/2025\/03\/Meme250.jpg",250,141,false],"ocean-thumb-ml":["https:\/\/italcamara-es.com\/wp-content\/uploads\/2025\/03\/Meme250.jpg",250,141,false],"ocean-thumb-l":["https:\/\/italcamara-es.com\/wp-content\/uploads\/2025\/03\/Meme250.jpg",250,141,false],"directorist_preview":["https:\/\/italcamara-es.com\/wp-content\/uploads\/2025\/03\/Meme250.jpg",250,141,false]},"rttpg_author":{"display_name":"administrador","author_link":"https:\/\/italcamara-es.com\/it\/author\/administrador\/"},"rttpg_comment":0,"rttpg_category":"<a href=\"https:\/\/italcamara-es.com\/it\/category\/notizie\/\" rel=\"category tag\">Notizie<\/a>","rttpg_excerpt":"Gioved\u00ec 21 giugno 2018 ha avuto luogo presso la sede della Camera di Commercio Italiana per la Spagna un incontro nell\u2019ambito del progetto Erasmus + MeMeVET &#8211; Mechatronics and Metallurgical VET for the sectors\u2019 Industries, nel quale la CCIS collabora come partner (591854-EPP-1-2017-1-DE-EPPKA2-SSA). &nbsp; All\u2019incontro hanno partecipato quattro docenti appartenenti agli istituti professionali IES Luis&hellip;","_links":{"self":[{"href":"https:\/\/italcamara-es.com\/it\/wp-json\/wp\/v2\/posts\/56062","targetHints":{"allow":["GET"]}}],"collection":[{"href":"https:\/\/italcamara-es.com\/it\/wp-json\/wp\/v2\/posts"}],"about":[{"href":"https:\/\/italcamara-es.com\/it\/wp-json\/wp\/v2\/types\/post"}],"author":[{"embeddable":true,"href":"https:\/\/italcamara-es.com\/it\/wp-json\/wp\/v2\/users\/1"}],"replies":[{"embeddable":true,"href":"https:\/\/italcamara-es.com\/it\/wp-json\/wp\/v2\/comments?post=56062"}],"version-history":[{"count":0,"href":"https:\/\/italcamara-es.com\/it\/wp-json\/wp\/v2\/posts\/56062\/revisions"}],"wp:featuredmedia":[{"embeddable":true,"href":"https:\/\/italcamara-es.com\/it\/wp-json\/wp\/v2\/media\/54604"}],"wp:attachment":[{"href":"https:\/\/italcamara-es.com\/it\/wp-json\/wp\/v2\/media?parent=56062"}],"wp:term":[{"taxonomy":"category","embeddable":true,"href":"https:\/\/italcamara-es.com\/it\/wp-json\/wp\/v2\/categories?post=56062"},{"taxonomy":"post_tag","embeddable":true,"href":"https:\/\/italcamara-es.com\/it\/wp-json\/wp\/v2\/tags?post=56062"}],"curies":[{"name":"wp","href":"https:\/\/api.w.org\/{rel}","templated":true}]}}