	{"id":56076,"date":"2018-09-06T12:28:35","date_gmt":"2018-09-06T10:28:35","guid":{"rendered":"http:\/\/pre.italcamara-es.com\/senza-categoria\/la-ccis-gestira-larea-spagna-alla-151a-edizione-di-scandicci-fiera\/"},"modified":"2018-09-06T12:28:35","modified_gmt":"2018-09-06T10:28:35","slug":"la-ccis-gestira-larea-spagna-alla-151a-edizione-di-scandicci-fiera","status":"publish","type":"post","link":"https:\/\/italcamara-es.com\/it\/notizie\/la-ccis-gestira-larea-spagna-alla-151a-edizione-di-scandicci-fiera\/","title":{"rendered":"La CCIS gestir\u00e0 l\u2019Area Spagna alla 151\u00aa edizione di Scandicci Fiera"},"content":{"rendered":"<p>Il numero di fiere nelle quali la Camera di Commercio e Industria Italiana per la Spagna (CCIS) gestisce aree Paese non smette di crescere. Quest\u2019anno, per la prima volta, la CCIS organizzer\u00e0 la partecipazione delle imprese spagnole alla 151\u00aa edizione di<strong> Scandicci Fiera<\/strong>, manifestazione campionaria internazionale, che si terr\u00e0 <strong>dal 6 al 15 ottobre 2018<\/strong> presso la citt\u00e0 toscana. Le imprese spagnole avranno cos\u00ec la possibilit\u00e0 di esporre e vendere i propri prodotti artigianali in un\u2019area privilegiata e strategica.<\/p>\n<p>&nbsp;<\/p>\n<p>Nell\u2019ultima edizione (2017), pi\u00f9 di 400.000 persone hanno visitato i 400 stand situati all\u2019interno delle 14 aree tematiche nel complesso fieristico di Scandicci. Questi dati hanno permesso alla manifestazione di diventare la principale fiera campionaria in Toscana.<\/p>\n<p>&nbsp;<\/p>\n<p>Per maggiori informazioni su Scandicci Fiera, inviare un\u2019email a <span style=\"color: #003366;\"><a style=\"color: #003366;\" href=\"mailto:ferias@italcamara-es.com\" target=\"_blank\" rel=\"noopener\">ferias@italcamara-es.com<\/a><\/span>.<\/p>\n","protected":false},"excerpt":{"rendered":"<p>Il numero di fiere nelle quali la Camera di Commercio e Industria Italiana per la Spagna (CCIS) gestisce aree Paese non smette di crescere. Quest\u2019anno, per la prima volta, la CCIS organizzer\u00e0 la partecipazione delle imprese spagnole alla 151\u00aa edizione di Scandicci Fiera, manifestazione campionaria internazionale, che si terr\u00e0 dal 6 al 15 ottobre 2018 [&hellip;]<\/p>\n","protected":false},"author":1,"featured_media":54632,"comment_status":"open","ping_status":"open","sticky":false,"template":"","format":"standard","meta":{"inline_featured_image":false,"ocean_post_layout":"","ocean_both_sidebars_style":"","ocean_both_sidebars_content_width":0,"ocean_both_sidebars_sidebars_width":0,"ocean_sidebar":"","ocean_second_sidebar":"","ocean_disable_margins":"enable","ocean_add_body_class":"","ocean_shortcode_before_top_bar":"","ocean_shortcode_after_top_bar":"","ocean_shortcode_before_header":"","ocean_shortcode_after_header":"","ocean_has_shortcode":"","ocean_shortcode_after_title":"","ocean_shortcode_before_footer_widgets":"","ocean_shortcode_after_footer_widgets":"","ocean_shortcode_before_footer_bottom":"","ocean_shortcode_after_footer_bottom":"","ocean_display_top_bar":"default","ocean_display_header":"default","ocean_header_style":"","ocean_center_header_left_menu":"","ocean_custom_header_template":"","ocean_custom_logo":0,"ocean_custom_retina_logo":0,"ocean_custom_logo_max_width":0,"ocean_custom_logo_tablet_max_width":0,"ocean_custom_logo_mobile_max_width":0,"ocean_custom_logo_max_height":0,"ocean_custom_logo_tablet_max_height":0,"ocean_custom_logo_mobile_max_height":0,"ocean_header_custom_menu":"","ocean_menu_typo_font_family":"","ocean_menu_typo_font_subset":"","ocean_menu_typo_font_size":0,"ocean_menu_typo_font_size_tablet":0,"ocean_menu_typo_font_size_mobile":0,"ocean_menu_typo_font_size_unit":"px","ocean_menu_typo_font_weight":"","ocean_menu_typo_font_weight_tablet":"","ocean_menu_typo_font_weight_mobile":"","ocean_menu_typo_transform":"","ocean_menu_typo_transform_tablet":"","ocean_menu_typo_transform_mobile":"","ocean_menu_typo_line_height":0,"ocean_menu_typo_line_height_tablet":0,"ocean_menu_typo_line_height_mobile":0,"ocean_menu_typo_line_height_unit":"","ocean_menu_typo_spacing":0,"ocean_menu_typo_spacing_tablet":0,"ocean_menu_typo_spacing_mobile":0,"ocean_menu_typo_spacing_unit":"","ocean_menu_link_color":"","ocean_menu_link_color_hover":"","ocean_menu_link_color_active":"","ocean_menu_link_background":"","ocean_menu_link_hover_background":"","ocean_menu_link_active_background":"","ocean_menu_social_links_bg":"","ocean_menu_social_hover_links_bg":"","ocean_menu_social_links_color":"","ocean_menu_social_hover_links_color":"","ocean_disable_title":"default","ocean_disable_heading":"default","ocean_post_title":"","ocean_post_subheading":"","ocean_post_title_style":"","ocean_post_title_background_color":"","ocean_post_title_background":0,"ocean_post_title_bg_image_position":"","ocean_post_title_bg_image_attachment":"","ocean_post_title_bg_image_repeat":"","ocean_post_title_bg_image_size":"","ocean_post_title_height":0,"ocean_post_title_bg_overlay":0.5,"ocean_post_title_bg_overlay_color":"","ocean_disable_breadcrumbs":"default","ocean_breadcrumbs_color":"","ocean_breadcrumbs_separator_color":"","ocean_breadcrumbs_links_color":"","ocean_breadcrumbs_links_hover_color":"","ocean_display_footer_widgets":"default","ocean_display_footer_bottom":"default","ocean_custom_footer_template":"","ocean_post_oembed":"","ocean_post_self_hosted_media":"","ocean_post_video_embed":"","ocean_link_format":"","ocean_link_format_target":"self","ocean_quote_format":"","ocean_quote_format_link":"post","ocean_gallery_link_images":"on","ocean_gallery_id":[],"footnotes":""},"categories":[133],"tags":[139],"class_list":["post-56076","post","type-post","status-publish","format-standard","has-post-thumbnail","hentry","category-notizie","tag-notizie-di-la-ccis","entry","has-media"],"yoast_head":"<!-- This site is optimized with the Yoast SEO plugin v27.5 - https:\/\/yoast.com\/product\/yoast-seo-wordpress\/ -->\n<title>La CCIS gestir\u00e0 l\u2019Area Spagna alla 151\u00aa edizione di Scandicci Fiera - Italcamara<\/title>\n<meta name=\"robots\" content=\"index, follow, max-snippet:-1, max-image-preview:large, max-video-preview:-1\" \/>\n<link rel=\"canonical\" href=\"https:\/\/italcamara-es.com\/it\/notizie\/la-ccis-gestira-larea-spagna-alla-151a-edizione-di-scandicci-fiera\/\" \/>\n<meta property=\"og:locale\" content=\"it_IT\" \/>\n<meta property=\"og:type\" content=\"article\" \/>\n<meta property=\"og:title\" content=\"La CCIS gestir\u00e0 l\u2019Area Spagna alla 151\u00aa edizione di Scandicci Fiera - Italcamara\" \/>\n<meta property=\"og:description\" content=\"Il numero di fiere nelle quali la Camera di Commercio e Industria Italiana per la Spagna (CCIS) gestisce aree Paese non smette di crescere. Quest\u2019anno, per la prima volta, la CCIS organizzer\u00e0 la partecipazione delle imprese spagnole alla 151\u00aa edizione di Scandicci Fiera, manifestazione campionaria internazionale, che si terr\u00e0 dal 6 al 15 ottobre 2018 [&hellip;]\" \/>\n<meta property=\"og:url\" content=\"https:\/\/italcamara-es.com\/it\/notizie\/la-ccis-gestira-larea-spagna-alla-151a-edizione-di-scandicci-fiera\/\" \/>\n<meta property=\"og:site_name\" content=\"Italcamara\" \/>\n<meta property=\"article:published_time\" content=\"2018-09-06T10:28:35+00:00\" \/>\n<meta property=\"og:image\" content=\"https:\/\/italcamara-es.com\/wp-content\/uploads\/2025\/03\/Scandicci-Fiera250.jpg\" \/>\n\t<meta property=\"og:image:width\" content=\"250\" \/>\n\t<meta property=\"og:image:height\" content=\"141\" \/>\n\t<meta property=\"og:image:type\" content=\"image\/jpeg\" \/>\n<meta name=\"author\" content=\"administrador\" \/>\n<meta name=\"twitter:card\" content=\"summary_large_image\" \/>\n<meta name=\"twitter:label1\" content=\"Scritto da\" \/>\n\t<meta name=\"twitter:data1\" content=\"administrador\" \/>\n\t<meta name=\"twitter:label2\" content=\"Tempo di lettura stimato\" \/>\n\t<meta name=\"twitter:data2\" content=\"1 minuto\" \/>\n<script type=\"application\/ld+json\" class=\"yoast-schema-graph\">{\"@context\":\"https:\\\/\\\/schema.org\",\"@graph\":[{\"@type\":\"Article\",\"@id\":\"https:\\\/\\\/italcamara-es.com\\\/it\\\/notizie\\\/la-ccis-gestira-larea-spagna-alla-151a-edizione-di-scandicci-fiera\\\/#article\",\"isPartOf\":{\"@id\":\"https:\\\/\\\/italcamara-es.com\\\/it\\\/notizie\\\/la-ccis-gestira-larea-spagna-alla-151a-edizione-di-scandicci-fiera\\\/\"},\"author\":{\"name\":\"administrador\",\"@id\":\"https:\\\/\\\/italcamara-es.com\\\/#\\\/schema\\\/person\\\/bb3c56263e405bbd9a15171dcfee93bb\"},\"headline\":\"La CCIS gestir\u00e0 l\u2019Area Spagna alla 151\u00aa edizione di Scandicci Fiera\",\"datePublished\":\"2018-09-06T10:28:35+00:00\",\"mainEntityOfPage\":{\"@id\":\"https:\\\/\\\/italcamara-es.com\\\/it\\\/notizie\\\/la-ccis-gestira-larea-spagna-alla-151a-edizione-di-scandicci-fiera\\\/\"},\"wordCount\":138,\"commentCount\":0,\"image\":{\"@id\":\"https:\\\/\\\/italcamara-es.com\\\/it\\\/notizie\\\/la-ccis-gestira-larea-spagna-alla-151a-edizione-di-scandicci-fiera\\\/#primaryimage\"},\"thumbnailUrl\":\"https:\\\/\\\/italcamara-es.com\\\/wp-content\\\/uploads\\\/2025\\\/03\\\/Scandicci-Fiera250.jpg\",\"keywords\":[\"Notizie di la CCIS\"],\"articleSection\":[\"Notizie\"],\"inLanguage\":\"it-IT\",\"potentialAction\":[{\"@type\":\"CommentAction\",\"name\":\"Comment\",\"target\":[\"https:\\\/\\\/italcamara-es.com\\\/it\\\/notizie\\\/la-ccis-gestira-larea-spagna-alla-151a-edizione-di-scandicci-fiera\\\/#respond\"]}]},{\"@type\":\"WebPage\",\"@id\":\"https:\\\/\\\/italcamara-es.com\\\/it\\\/notizie\\\/la-ccis-gestira-larea-spagna-alla-151a-edizione-di-scandicci-fiera\\\/\",\"url\":\"https:\\\/\\\/italcamara-es.com\\\/it\\\/notizie\\\/la-ccis-gestira-larea-spagna-alla-151a-edizione-di-scandicci-fiera\\\/\",\"name\":\"La CCIS gestir\u00e0 l\u2019Area Spagna alla 151\u00aa edizione di Scandicci Fiera - Italcamara\",\"isPartOf\":{\"@id\":\"https:\\\/\\\/italcamara-es.com\\\/#website\"},\"primaryImageOfPage\":{\"@id\":\"https:\\\/\\\/italcamara-es.com\\\/it\\\/notizie\\\/la-ccis-gestira-larea-spagna-alla-151a-edizione-di-scandicci-fiera\\\/#primaryimage\"},\"image\":{\"@id\":\"https:\\\/\\\/italcamara-es.com\\\/it\\\/notizie\\\/la-ccis-gestira-larea-spagna-alla-151a-edizione-di-scandicci-fiera\\\/#primaryimage\"},\"thumbnailUrl\":\"https:\\\/\\\/italcamara-es.com\\\/wp-content\\\/uploads\\\/2025\\\/03\\\/Scandicci-Fiera250.jpg\",\"datePublished\":\"2018-09-06T10:28:35+00:00\",\"author\":{\"@id\":\"https:\\\/\\\/italcamara-es.com\\\/#\\\/schema\\\/person\\\/bb3c56263e405bbd9a15171dcfee93bb\"},\"breadcrumb\":{\"@id\":\"https:\\\/\\\/italcamara-es.com\\\/it\\\/notizie\\\/la-ccis-gestira-larea-spagna-alla-151a-edizione-di-scandicci-fiera\\\/#breadcrumb\"},\"inLanguage\":\"it-IT\",\"potentialAction\":[{\"@type\":\"ReadAction\",\"target\":[\"https:\\\/\\\/italcamara-es.com\\\/it\\\/notizie\\\/la-ccis-gestira-larea-spagna-alla-151a-edizione-di-scandicci-fiera\\\/\"]}]},{\"@type\":\"ImageObject\",\"inLanguage\":\"it-IT\",\"@id\":\"https:\\\/\\\/italcamara-es.com\\\/it\\\/notizie\\\/la-ccis-gestira-larea-spagna-alla-151a-edizione-di-scandicci-fiera\\\/#primaryimage\",\"url\":\"https:\\\/\\\/italcamara-es.com\\\/wp-content\\\/uploads\\\/2025\\\/03\\\/Scandicci-Fiera250.jpg\",\"contentUrl\":\"https:\\\/\\\/italcamara-es.com\\\/wp-content\\\/uploads\\\/2025\\\/03\\\/Scandicci-Fiera250.jpg\",\"width\":250,\"height\":141},{\"@type\":\"BreadcrumbList\",\"@id\":\"https:\\\/\\\/italcamara-es.com\\\/it\\\/notizie\\\/la-ccis-gestira-larea-spagna-alla-151a-edizione-di-scandicci-fiera\\\/#breadcrumb\",\"itemListElement\":[{\"@type\":\"ListItem\",\"position\":1,\"name\":\"Inicio\",\"item\":\"https:\\\/\\\/italcamara-es.com\\\/\"},{\"@type\":\"ListItem\",\"position\":2,\"name\":\"La CCIS gestir\u00e0 l\u2019Area Spagna alla 151\u00aa edizione di Scandicci Fiera\"}]},{\"@type\":\"WebSite\",\"@id\":\"https:\\\/\\\/italcamara-es.com\\\/#website\",\"url\":\"https:\\\/\\\/italcamara-es.com\\\/\",\"name\":\"Italcamara\",\"description\":\"\",\"potentialAction\":[{\"@type\":\"SearchAction\",\"target\":{\"@type\":\"EntryPoint\",\"urlTemplate\":\"https:\\\/\\\/italcamara-es.com\\\/?s={search_term_string}\"},\"query-input\":{\"@type\":\"PropertyValueSpecification\",\"valueRequired\":true,\"valueName\":\"search_term_string\"}}],\"inLanguage\":\"it-IT\"},{\"@type\":\"Person\",\"@id\":\"https:\\\/\\\/italcamara-es.com\\\/#\\\/schema\\\/person\\\/bb3c56263e405bbd9a15171dcfee93bb\",\"name\":\"administrador\",\"image\":{\"@type\":\"ImageObject\",\"inLanguage\":\"it-IT\",\"@id\":\"https:\\\/\\\/secure.gravatar.com\\\/avatar\\\/14b5e63db38320b12031bb28cf9f77e210aa71fb3a8a3602a3c9a05134fa75eb?s=96&d=mm&r=g\",\"url\":\"https:\\\/\\\/secure.gravatar.com\\\/avatar\\\/14b5e63db38320b12031bb28cf9f77e210aa71fb3a8a3602a3c9a05134fa75eb?s=96&d=mm&r=g\",\"contentUrl\":\"https:\\\/\\\/secure.gravatar.com\\\/avatar\\\/14b5e63db38320b12031bb28cf9f77e210aa71fb3a8a3602a3c9a05134fa75eb?s=96&d=mm&r=g\",\"caption\":\"administrador\"},\"sameAs\":[\"http:\\\/\\\/pre.italcamara-es.com\"],\"url\":\"https:\\\/\\\/italcamara-es.com\\\/it\\\/author\\\/administrador\\\/\"}]}<\/script>\n<!-- \/ Yoast SEO plugin. -->","yoast_head_json":{"title":"La CCIS gestir\u00e0 l\u2019Area Spagna alla 151\u00aa edizione di Scandicci Fiera - Italcamara","robots":{"index":"index","follow":"follow","max-snippet":"max-snippet:-1","max-image-preview":"max-image-preview:large","max-video-preview":"max-video-preview:-1"},"canonical":"https:\/\/italcamara-es.com\/it\/notizie\/la-ccis-gestira-larea-spagna-alla-151a-edizione-di-scandicci-fiera\/","og_locale":"it_IT","og_type":"article","og_title":"La CCIS gestir\u00e0 l\u2019Area Spagna alla 151\u00aa edizione di Scandicci Fiera - Italcamara","og_description":"Il numero di fiere nelle quali la Camera di Commercio e Industria Italiana per la Spagna (CCIS) gestisce aree Paese non smette di crescere. Quest\u2019anno, per la prima volta, la CCIS organizzer\u00e0 la partecipazione delle imprese spagnole alla 151\u00aa edizione di Scandicci Fiera, manifestazione campionaria internazionale, che si terr\u00e0 dal 6 al 15 ottobre 2018 [&hellip;]","og_url":"https:\/\/italcamara-es.com\/it\/notizie\/la-ccis-gestira-larea-spagna-alla-151a-edizione-di-scandicci-fiera\/","og_site_name":"Italcamara","article_published_time":"2018-09-06T10:28:35+00:00","og_image":[{"width":250,"height":141,"url":"https:\/\/italcamara-es.com\/wp-content\/uploads\/2025\/03\/Scandicci-Fiera250.jpg","type":"image\/jpeg"}],"author":"administrador","twitter_card":"summary_large_image","twitter_misc":{"Scritto da":"administrador","Tempo di lettura stimato":"1 minuto"},"schema":{"@context":"https:\/\/schema.org","@graph":[{"@type":"Article","@id":"https:\/\/italcamara-es.com\/it\/notizie\/la-ccis-gestira-larea-spagna-alla-151a-edizione-di-scandicci-fiera\/#article","isPartOf":{"@id":"https:\/\/italcamara-es.com\/it\/notizie\/la-ccis-gestira-larea-spagna-alla-151a-edizione-di-scandicci-fiera\/"},"author":{"name":"administrador","@id":"https:\/\/italcamara-es.com\/#\/schema\/person\/bb3c56263e405bbd9a15171dcfee93bb"},"headline":"La CCIS gestir\u00e0 l\u2019Area Spagna alla 151\u00aa edizione di Scandicci Fiera","datePublished":"2018-09-06T10:28:35+00:00","mainEntityOfPage":{"@id":"https:\/\/italcamara-es.com\/it\/notizie\/la-ccis-gestira-larea-spagna-alla-151a-edizione-di-scandicci-fiera\/"},"wordCount":138,"commentCount":0,"image":{"@id":"https:\/\/italcamara-es.com\/it\/notizie\/la-ccis-gestira-larea-spagna-alla-151a-edizione-di-scandicci-fiera\/#primaryimage"},"thumbnailUrl":"https:\/\/italcamara-es.com\/wp-content\/uploads\/2025\/03\/Scandicci-Fiera250.jpg","keywords":["Notizie di la CCIS"],"articleSection":["Notizie"],"inLanguage":"it-IT","potentialAction":[{"@type":"CommentAction","name":"Comment","target":["https:\/\/italcamara-es.com\/it\/notizie\/la-ccis-gestira-larea-spagna-alla-151a-edizione-di-scandicci-fiera\/#respond"]}]},{"@type":"WebPage","@id":"https:\/\/italcamara-es.com\/it\/notizie\/la-ccis-gestira-larea-spagna-alla-151a-edizione-di-scandicci-fiera\/","url":"https:\/\/italcamara-es.com\/it\/notizie\/la-ccis-gestira-larea-spagna-alla-151a-edizione-di-scandicci-fiera\/","name":"La CCIS gestir\u00e0 l\u2019Area Spagna alla 151\u00aa edizione di Scandicci Fiera - Italcamara","isPartOf":{"@id":"https:\/\/italcamara-es.com\/#website"},"primaryImageOfPage":{"@id":"https:\/\/italcamara-es.com\/it\/notizie\/la-ccis-gestira-larea-spagna-alla-151a-edizione-di-scandicci-fiera\/#primaryimage"},"image":{"@id":"https:\/\/italcamara-es.com\/it\/notizie\/la-ccis-gestira-larea-spagna-alla-151a-edizione-di-scandicci-fiera\/#primaryimage"},"thumbnailUrl":"https:\/\/italcamara-es.com\/wp-content\/uploads\/2025\/03\/Scandicci-Fiera250.jpg","datePublished":"2018-09-06T10:28:35+00:00","author":{"@id":"https:\/\/italcamara-es.com\/#\/schema\/person\/bb3c56263e405bbd9a15171dcfee93bb"},"breadcrumb":{"@id":"https:\/\/italcamara-es.com\/it\/notizie\/la-ccis-gestira-larea-spagna-alla-151a-edizione-di-scandicci-fiera\/#breadcrumb"},"inLanguage":"it-IT","potentialAction":[{"@type":"ReadAction","target":["https:\/\/italcamara-es.com\/it\/notizie\/la-ccis-gestira-larea-spagna-alla-151a-edizione-di-scandicci-fiera\/"]}]},{"@type":"ImageObject","inLanguage":"it-IT","@id":"https:\/\/italcamara-es.com\/it\/notizie\/la-ccis-gestira-larea-spagna-alla-151a-edizione-di-scandicci-fiera\/#primaryimage","url":"https:\/\/italcamara-es.com\/wp-content\/uploads\/2025\/03\/Scandicci-Fiera250.jpg","contentUrl":"https:\/\/italcamara-es.com\/wp-content\/uploads\/2025\/03\/Scandicci-Fiera250.jpg","width":250,"height":141},{"@type":"BreadcrumbList","@id":"https:\/\/italcamara-es.com\/it\/notizie\/la-ccis-gestira-larea-spagna-alla-151a-edizione-di-scandicci-fiera\/#breadcrumb","itemListElement":[{"@type":"ListItem","position":1,"name":"Inicio","item":"https:\/\/italcamara-es.com\/"},{"@type":"ListItem","position":2,"name":"La CCIS gestir\u00e0 l\u2019Area Spagna alla 151\u00aa edizione di Scandicci Fiera"}]},{"@type":"WebSite","@id":"https:\/\/italcamara-es.com\/#website","url":"https:\/\/italcamara-es.com\/","name":"Italcamara","description":"","potentialAction":[{"@type":"SearchAction","target":{"@type":"EntryPoint","urlTemplate":"https:\/\/italcamara-es.com\/?s={search_term_string}"},"query-input":{"@type":"PropertyValueSpecification","valueRequired":true,"valueName":"search_term_string"}}],"inLanguage":"it-IT"},{"@type":"Person","@id":"https:\/\/italcamara-es.com\/#\/schema\/person\/bb3c56263e405bbd9a15171dcfee93bb","name":"administrador","image":{"@type":"ImageObject","inLanguage":"it-IT","@id":"https:\/\/secure.gravatar.com\/avatar\/14b5e63db38320b12031bb28cf9f77e210aa71fb3a8a3602a3c9a05134fa75eb?s=96&d=mm&r=g","url":"https:\/\/secure.gravatar.com\/avatar\/14b5e63db38320b12031bb28cf9f77e210aa71fb3a8a3602a3c9a05134fa75eb?s=96&d=mm&r=g","contentUrl":"https:\/\/secure.gravatar.com\/avatar\/14b5e63db38320b12031bb28cf9f77e210aa71fb3a8a3602a3c9a05134fa75eb?s=96&d=mm&r=g","caption":"administrador"},"sameAs":["http:\/\/pre.italcamara-es.com"],"url":"https:\/\/italcamara-es.com\/it\/author\/administrador\/"}]}},"rttpg_featured_image_url":{"full":["https:\/\/italcamara-es.com\/wp-content\/uploads\/2025\/03\/Scandicci-Fiera250.jpg",250,141,false],"landscape":["https:\/\/italcamara-es.com\/wp-content\/uploads\/2025\/03\/Scandicci-Fiera250.jpg",250,141,false],"portraits":["https:\/\/italcamara-es.com\/wp-content\/uploads\/2025\/03\/Scandicci-Fiera250.jpg",250,141,false],"thumbnail":["https:\/\/italcamara-es.com\/wp-content\/uploads\/2025\/03\/Scandicci-Fiera250-150x141.jpg",150,141,true],"medium":["https:\/\/italcamara-es.com\/wp-content\/uploads\/2025\/03\/Scandicci-Fiera250.jpg",250,141,false],"large":["https:\/\/italcamara-es.com\/wp-content\/uploads\/2025\/03\/Scandicci-Fiera250.jpg",250,141,false],"1536x1536":["https:\/\/italcamara-es.com\/wp-content\/uploads\/2025\/03\/Scandicci-Fiera250.jpg",250,141,false],"2048x2048":["https:\/\/italcamara-es.com\/wp-content\/uploads\/2025\/03\/Scandicci-Fiera250.jpg",250,141,false],"ocean-thumb-m":["https:\/\/italcamara-es.com\/wp-content\/uploads\/2025\/03\/Scandicci-Fiera250.jpg",250,141,false],"ocean-thumb-ml":["https:\/\/italcamara-es.com\/wp-content\/uploads\/2025\/03\/Scandicci-Fiera250.jpg",250,141,false],"ocean-thumb-l":["https:\/\/italcamara-es.com\/wp-content\/uploads\/2025\/03\/Scandicci-Fiera250.jpg",250,141,false],"directorist_preview":["https:\/\/italcamara-es.com\/wp-content\/uploads\/2025\/03\/Scandicci-Fiera250.jpg",250,141,false]},"rttpg_author":{"display_name":"administrador","author_link":"https:\/\/italcamara-es.com\/it\/author\/administrador\/"},"rttpg_comment":0,"rttpg_category":"<a href=\"https:\/\/italcamara-es.com\/it\/category\/notizie\/\" rel=\"category tag\">Notizie<\/a>","rttpg_excerpt":"Il numero di fiere nelle quali la Camera di Commercio e Industria Italiana per la Spagna (CCIS) gestisce aree Paese non smette di crescere. Quest\u2019anno, per la prima volta, la CCIS organizzer\u00e0 la partecipazione delle imprese spagnole alla 151\u00aa edizione di Scandicci Fiera, manifestazione campionaria internazionale, che si terr\u00e0 dal 6 al 15 ottobre 2018&hellip;","_links":{"self":[{"href":"https:\/\/italcamara-es.com\/it\/wp-json\/wp\/v2\/posts\/56076","targetHints":{"allow":["GET"]}}],"collection":[{"href":"https:\/\/italcamara-es.com\/it\/wp-json\/wp\/v2\/posts"}],"about":[{"href":"https:\/\/italcamara-es.com\/it\/wp-json\/wp\/v2\/types\/post"}],"author":[{"embeddable":true,"href":"https:\/\/italcamara-es.com\/it\/wp-json\/wp\/v2\/users\/1"}],"replies":[{"embeddable":true,"href":"https:\/\/italcamara-es.com\/it\/wp-json\/wp\/v2\/comments?post=56076"}],"version-history":[{"count":0,"href":"https:\/\/italcamara-es.com\/it\/wp-json\/wp\/v2\/posts\/56076\/revisions"}],"wp:featuredmedia":[{"embeddable":true,"href":"https:\/\/italcamara-es.com\/it\/wp-json\/wp\/v2\/media\/54632"}],"wp:attachment":[{"href":"https:\/\/italcamara-es.com\/it\/wp-json\/wp\/v2\/media?parent=56076"}],"wp:term":[{"taxonomy":"category","embeddable":true,"href":"https:\/\/italcamara-es.com\/it\/wp-json\/wp\/v2\/categories?post=56076"},{"taxonomy":"post_tag","embeddable":true,"href":"https:\/\/italcamara-es.com\/it\/wp-json\/wp\/v2\/tags?post=56076"}],"curies":[{"name":"wp","href":"https:\/\/api.w.org\/{rel}","templated":true}]}}